{"id":379862,"date":"2024-03-19T07:55:46","date_gmt":"2024-03-19T06:55:46","guid":{"rendered":"https:\/\/www.radiopiu.net\/wordpress\/?p=379862"},"modified":"2024-03-19T07:59:29","modified_gmt":"2024-03-19T06:59:29","slug":"radio-piu-e-gli-ascoltatori-la-nostra-rassegna-stampa-locale-dal-1983","status":"publish","type":"post","link":"https:\/\/www.radiopiu.net\/wordpress\/radio-piu-e-gli-ascoltatori-la-nostra-rassegna-stampa-locale-dal-1983\/","title":{"rendered":"RADIO PIU&#8217; E GLI ASCOLTATORI &#8220;LA NOSTRA RASSEGNA STAMPA LOCALE&#8230; DAL 1983&#8221;"},"content":{"rendered":"<p>***<\/p>\n<blockquote><p><em>LA RASSEGNA STAMPA LOCALE, DAL 26 GIUGNO 1983, TUTTI I GIORNI ALLE OTTO DEL MATTINO&#8230; L&#8217;ORIGINALE<\/em><\/p><\/blockquote>\n<p><iframe loading=\"lazy\" title=\"DAL 1983 LA RASSEGNA STAMPA LOCALE di mirko mezzacasa. L&#039;ORIGINALE\" width=\"1200\" height=\"675\" src=\"https:\/\/www.youtube.com\/embed\/xjLaqZ9n2a0?feature=oembed\" frameborder=\"0\" allow=\"accelerometer; autoplay; clipboard-write; encrypted-media; gyroscope; picture-in-picture; web-share\" allowfullscreen><\/iframe><\/p>\n<p><a class=\"dt-pswp-item\" href=\"https:\/\/www.radiopiu.net\/wordpress\/wp-content\/uploads\/2024\/03\/COPERTINA-15.png\" data-dt-img-description=\"\" data-large_image_width=\"522\" data-large_image_height=\"366\"><img loading=\"lazy\" decoding=\"async\" class=\" wp-image-379864 alignleft\" src=\"https:\/\/www.radiopiu.net\/wordpress\/wp-content\/uploads\/2024\/03\/COPERTINA-15-300x210.png\" alt=\"\" width=\"230\" height=\"161\" srcset=\"https:\/\/www.radiopiu.net\/wordpress\/wp-content\/uploads\/2024\/03\/COPERTINA-15-300x210.png 300w, https:\/\/www.radiopiu.net\/wordpress\/wp-content\/uploads\/2024\/03\/COPERTINA-15.png 522w\" sizes=\"auto, (max-width: 230px) 100vw, 230px\" \/><\/a>SANTO STEFANO\u00a0\u00a0Un tragico incidente ha segnato la morte di Elvir Sarajcic, un sopravvissuto alla guerra in Bosnia, avvenuto mentre lavorava in un bosco in Val Visdende. La Procura di Belluno ha avviato un\u2019indagine per omicidio colposo, coinvolgendo il datore di lavoro del 40enne. Sarajcic \u00e8 stato colpito alla testa da una fune portante in acciaio mentre manovrava una teleferica, causando la sua morte immediata. Le indagini sulle circostanze dell\u2019incidente sono ancora in corso.<\/p>\n<p>DOMANI I FUNERALI DEL PRESIDENTE PROVINCIALE DELL\u2019UNIONE MUTILATI Erminio De Conz, deceduto all\u2019et\u00e0 di 96 anni, \u00e8 stato presidente provinciale dell\u2019Unione Mutilati per servizio per vent\u2019anni, insignito di diverse onorificenze per il suo impegno. Ha militato nella Resistenza con il nome di battaglia \u201cTom\u201d, operando nelle squadre di azione patriottica. Lascia la moglie, i figli e i nipoti. I funerali si terranno domani alle 11 nella chiesa parrocchiale di Santo Stefano, seguiti dalla sepoltura a Orzes.<br \/>\nCanale d&#8217;agordo ATTI DI VANDALISMO ALLA BAITA GIOVANNI PAOLO I SOTTO LE CIME D\u2019AUTA<br \/>\nFELTRE\u00a0La frazione di Foen rimane in allerta dopo una serie di raid compiuti da presunte bande di ladri. Gli episodi, culminati nel tentativo di forzare una cassaforte, hanno spinto i residenti a promuovere una petizione per chiedere al sindaco Viviana Fusaro una maggiore presenza delle forze dell\u2019ordine<\/p>\n<p>SELVA DI CADORE Nel tardo pomeriggio di Iieri , su richiesta della Sala Operativa 115 del Comando Provinciale VF di Belluno ,i Pompieri Volontari di Selva di Cadore e i colleghi Permanenti del distaccamento di Agordo sono intervenuti per incendio camino.<\/p>\n<p>LIVINALLONGO DEL COL DI LANA\u00a0Via libera al nuovo impianto di risalita \u201cMonti di Ornella-Passo Padon\u201d. Si \u00e8 conclusa venerd\u00ec l\u2019istruttoria relativa al progetto presentato dalla societ\u00e0 Antercrep srl, a valere sul bando per contributi regionali per lo sviluppo delle aree sciabili attrezzate<\/p>\n<p><a class=\"dt-pswp-item\" href=\"https:\/\/www.radiopiu.net\/wordpress\/wp-content\/uploads\/2024\/03\/COPER1.png\" data-dt-img-description=\"\" data-large_image_width=\"550\" data-large_image_height=\"268\"><img loading=\"lazy\" decoding=\"async\" class=\"size-medium wp-image-379863 alignright\" src=\"https:\/\/www.radiopiu.net\/wordpress\/wp-content\/uploads\/2024\/03\/COPER1-300x146.png\" alt=\"\" width=\"300\" height=\"146\" srcset=\"https:\/\/www.radiopiu.net\/wordpress\/wp-content\/uploads\/2024\/03\/COPER1-300x146.png 300w, https:\/\/www.radiopiu.net\/wordpress\/wp-content\/uploads\/2024\/03\/COPER1.png 550w\" sizes=\"auto, (max-width: 300px) 100vw, 300px\" \/><\/a>L\u2019AGORDINO FUORI DAL CONSIGLIO PROVINCIALE<br \/>\nSANTA GIUSTINA\u00a0Il Subcommissario Simone Maniero del SULPL Veneto ha risposto prontamente alle critiche del Sindaco di Santa Giustina riguardo alle sanzioni della Polizia Locale. Il Sindaco ha sollevato dubbi sull\u2019operato della polizia locale, sostenendo i cittadini sanzionati. Maniero ha accusato il Sindaco di delegittimare la polizia locale per fini elettorali.<\/p>\n<p>BELLUNO\u00a0L\u2019Assessore regionale alla Sanit\u00e0, Manuela Lanzarin, ha inaugurato la nuova Gamma Camera all\u2019ospedale di Belluno, finanziata con 850 mila euro, di cui 670 mila provenienti dal PNRR e 180 mila dalla Regione<br \/>\nTREVISO_BELLUNO\u00a0La Fondazione Corazzin ha avviato un questionario online anonimo rivolto alle donne di et\u00e0 compresa tra 18 e 35 anni residenti o domiciliate nella provincia di Belluno, con l\u2019obiettivo di indagare le cause che limitano la partecipazione delle donne al mercato del lavoro.<\/p>\n<p>BELLUNO\u00a0Emanuela Loi aveva 24 anni quando perse la vita nell\u2019attentato di Via d\u2019Amelio; agente della Polizia di Stato di scorta al giudice Paolo Borsellino, \u00e8 stata la prima poliziotta uccisa in servizio. Da mercoled\u00ec, alla sua memoria nel capoluogo sar\u00e0 intitolato un piazzale.<\/p>\n<p>FALCADE \u201cCerimonia di Consegna dei Diplomi all\u2019Istituto Follador \u2013 De Rossi di Falcade: Un Momento Significativo di Condivisione e Riconoscimento\u201d<br \/>\nCORTINA\u00a0Nelle pittoresche montagne di Cortina, un cuore intraprendente e un tocco di fortuna hanno portato alla salvezza di Fischio, un meticcio di tre anni. La sua avventura ha avuto inizio lungo un sentiero adiacente alle piste, dove \u00e8 rimasto ferito. Fortunatamente, i poliziotti in servizio nella zona sono intervenuti prontamente<\/p>\n<p>PREMIO GIORNALISTICO \u201cIVANO POCCHIESA\u201d IL 22 MARZO A LONGARONE<\/p>\n<p>&nbsp;<\/p>\n<p>&nbsp;<\/p>\n<hr \/>\n<p>&nbsp;<\/p>\n<p>&nbsp;<\/p>\n","protected":false},"excerpt":{"rendered":"<p>*** LA RASSEGNA STAMPA LOCALE, DAL 26 GIUGNO 1983, TUTTI I GIORNI ALLE OTTO DEL MATTINO&#8230; L&#8217;ORIGINALE SANTO STEFANO\u00a0\u00a0Un tragico incidente ha segnato la morte di Elvir Sarajcic, un sopravvissuto alla guerra in Bosnia, avvenuto mentre lavorava in un bosco in Val Visdende. La Procura di Belluno ha avviato un\u2019indagine per omicidio colposo, coinvolgendo il&hellip;<\/p>\n","protected":false},"author":4,"featured_media":379864,"comment_status":"closed","ping_status":"closed","sticky":false,"template":"","format":"standard","meta":{"_monsterinsights_skip_tracking":false,"_monsterinsights_sitenote_active":false,"_monsterinsights_sitenote_note":"","_monsterinsights_sitenote_category":0,"footnotes":""},"categories":[104,49,142],"tags":[],"class_list":["post-379862","post","type-post","status-publish","format-standard","has-post-thumbnail","hentry","category-evidenza_3","category-news-18","category-rassegna-stampa","category-104","category-49","category-142","description-off"],"img_url":"https:\/\/www.radiopiu.net\/wordpress\/wp-content\/uploads\/2024\/03\/COPERTINA-15.png","_links":{"self":[{"href":"https:\/\/www.radiopiu.net\/wordpress\/wp-json\/wp\/v2\/posts\/379862","targetHints":{"allow":["GET"]}}],"collection":[{"href":"https:\/\/www.radiopiu.net\/wordpress\/wp-json\/wp\/v2\/posts"}],"about":[{"href":"https:\/\/www.radiopiu.net\/wordpress\/wp-json\/wp\/v2\/types\/post"}],"author":[{"embeddable":true,"href":"https:\/\/www.radiopiu.net\/wordpress\/wp-json\/wp\/v2\/users\/4"}],"replies":[{"embeddable":true,"href":"https:\/\/www.radiopiu.net\/wordpress\/wp-json\/wp\/v2\/comments?post=379862"}],"version-history":[{"count":0,"href":"https:\/\/www.radiopiu.net\/wordpress\/wp-json\/wp\/v2\/posts\/379862\/revisions"}],"wp:featuredmedia":[{"embeddable":true,"href":"https:\/\/www.radiopiu.net\/wordpress\/wp-json\/wp\/v2\/media\/379864"}],"wp:attachment":[{"href":"https:\/\/www.radiopiu.net\/wordpress\/wp-json\/wp\/v2\/media?parent=379862"}],"wp:term":[{"taxonomy":"category","embeddable":true,"href":"https:\/\/www.radiopiu.net\/wordpress\/wp-json\/wp\/v2\/categories?post=379862"},{"taxonomy":"post_tag","embeddable":true,"href":"https:\/\/www.radiopiu.net\/wordpress\/wp-json\/wp\/v2\/tags?post=379862"}],"curies":[{"name":"wp","href":"https:\/\/api.w.org\/{rel}","templated":true}]}}