{"id":379893,"date":"2024-03-20T05:35:54","date_gmt":"2024-03-20T04:35:54","guid":{"rendered":"https:\/\/www.radiopiu.net\/wordpress\/?p=379893"},"modified":"2024-03-20T05:48:40","modified_gmt":"2024-03-20T04:48:40","slug":"379893-2","status":"publish","type":"post","link":"https:\/\/www.radiopiu.net\/wordpress\/379893-2\/","title":{"rendered":"Nuovi agenti della Polizia Provinciale in servizio: rinforzo per la sicurezza del territorio"},"content":{"rendered":"<p>***<\/p>\n<blockquote><p><em><span style=\"font-size: large;\">200 candidati per dodici posti nei prossimi due anni<\/span><\/em><\/p><\/blockquote>\n<p><strong>BELLUNO<\/strong><b> <\/b>Sette nuovi agenti della Polizia Provinciale sono entrati in servizio il 18 marzo, dopo aver superato brillantemente il concorso del 2023. Queste assunzioni, tra nuove e sostitutive, contribuiranno a colmare le carenze di organico riscontrate dopo la Delrio. I nuovi agenti, presentati ufficialmente a Longarone Fiere durante la manifestazione \u201cCaccia, pesca, natura\u201d, sono stati accolti dal presidente della Provincia Roberto Padrin, insieme al dirigente regionale Pietro Salvadori e alla segretaria generale dell\u2019ente Daniela De Carli. <em>\u00abCon i nuovi agenti l\u2019organico torna a buoni livelli, e arriver\u00e0 a 27 unit\u00e0 quando sar\u00e0 a regime, garantendo la permanenza sul territorio dell\u2019attivit\u00e0 della Polizia Provinciale, grazie all\u2019impegno della Regione Veneto che ha messo a disposizione le risorse necessarie e che crede fortemente nell\u2019attivit\u00e0 del nostro corpo di polizia\u00bb<\/em> commenta il presidente della Provincia Roberto Padrin.<\/p>\n<p><img loading=\"lazy\" decoding=\"async\" class=\"aligncenter\" src=\"https:\/\/www.radiopiu.net\/wordpress\/wp-content\/uploads\/2024\/03\/Polizia-provinciale-nuovi-agenti.jpg\" width=\"491\" height=\"368\" \/><\/p>\n<p style=\"text-align: center;\"><strong>Nuovi Agenti:<\/strong><\/p>\n<table class=\" aligncenter\" style=\"height: 212px;\" width=\"180\">\n<thead>\n<tr>\n<th>Nome<\/th>\n<th><\/th>\n<\/tr>\n<\/thead>\n<tbody>\n<tr>\n<td>Riccardo Bertoldin<\/td>\n<td><\/td>\n<\/tr>\n<tr>\n<td>Enrico Bonati<\/td>\n<td><\/td>\n<\/tr>\n<tr>\n<td>Davide Canzan<\/td>\n<td><\/td>\n<\/tr>\n<tr>\n<td>Debora Capraro<\/td>\n<td><\/td>\n<\/tr>\n<tr>\n<td>Francesco Dall\u2019Agnol<\/td>\n<td><\/td>\n<\/tr>\n<tr>\n<td>Chiara De Cesero<\/td>\n<td><\/td>\n<\/tr>\n<tr>\n<td>Alessandro Penazzato<\/td>\n<\/tr>\n<\/tbody>\n<\/table>\n<p>&nbsp;<\/p>\n<p>&nbsp;<\/p>\n<hr \/>\n<p>&nbsp;<\/p>\n","protected":false},"excerpt":{"rendered":"<p>*** 200 candidati per dodici posti nei prossimi due anni BELLUNO Sette nuovi agenti della Polizia Provinciale sono entrati in servizio il 18 marzo, dopo aver superato brillantemente il concorso del 2023. Queste assunzioni, tra nuove e sostitutive, contribuiranno a colmare le carenze di organico riscontrate dopo la Delrio. I nuovi agenti, presentati ufficialmente a&hellip;<\/p>\n","protected":false},"author":4,"featured_media":379894,"comment_status":"closed","ping_status":"closed","sticky":false,"template":"","format":"standard","meta":{"_monsterinsights_skip_tracking":false,"_monsterinsights_sitenote_active":false,"_monsterinsights_sitenote_note":"","_monsterinsights_sitenote_category":0,"footnotes":""},"categories":[51,49],"tags":[],"class_list":["post-379893","post","type-post","status-publish","format-standard","has-post-thumbnail","hentry","category-evidenza-top","category-news-18","category-51","category-49","description-off"],"img_url":"https:\/\/www.radiopiu.net\/wordpress\/wp-content\/uploads\/2024\/03\/Polizia-provinciale-nuovi-agenti.jpg","_links":{"self":[{"href":"https:\/\/www.radiopiu.net\/wordpress\/wp-json\/wp\/v2\/posts\/379893","targetHints":{"allow":["GET"]}}],"collection":[{"href":"https:\/\/www.radiopiu.net\/wordpress\/wp-json\/wp\/v2\/posts"}],"about":[{"href":"https:\/\/www.radiopiu.net\/wordpress\/wp-json\/wp\/v2\/types\/post"}],"author":[{"embeddable":true,"href":"https:\/\/www.radiopiu.net\/wordpress\/wp-json\/wp\/v2\/users\/4"}],"replies":[{"embeddable":true,"href":"https:\/\/www.radiopiu.net\/wordpress\/wp-json\/wp\/v2\/comments?post=379893"}],"version-history":[{"count":0,"href":"https:\/\/www.radiopiu.net\/wordpress\/wp-json\/wp\/v2\/posts\/379893\/revisions"}],"wp:featuredmedia":[{"embeddable":true,"href":"https:\/\/www.radiopiu.net\/wordpress\/wp-json\/wp\/v2\/media\/379894"}],"wp:attachment":[{"href":"https:\/\/www.radiopiu.net\/wordpress\/wp-json\/wp\/v2\/media?parent=379893"}],"wp:term":[{"taxonomy":"category","embeddable":true,"href":"https:\/\/www.radiopiu.net\/wordpress\/wp-json\/wp\/v2\/categories?post=379893"},{"taxonomy":"post_tag","embeddable":true,"href":"https:\/\/www.radiopiu.net\/wordpress\/wp-json\/wp\/v2\/tags?post=379893"}],"curies":[{"name":"wp","href":"https:\/\/api.w.org\/{rel}","templated":true}]}}