{"id":379897,"date":"2024-03-19T13:15:10","date_gmt":"2024-03-19T12:15:10","guid":{"rendered":"https:\/\/www.radiopiu.net\/wordpress\/?p=379897"},"modified":"2024-03-19T13:34:14","modified_gmt":"2024-03-19T12:34:14","slug":"sagre-di-qualita-nel-veneto-a-belluno-zero-branco-e-altivole","status":"publish","type":"post","link":"https:\/\/www.radiopiu.net\/wordpress\/sagre-di-qualita-nel-veneto-a-belluno-zero-branco-e-altivole\/","title":{"rendered":"Sagre di Qualit\u00e0 nel Veneto a Belluno, Zero Branco e Altivole"},"content":{"rendered":"<p>***<\/p>\n<blockquote><p>&nbsp;<\/p><\/blockquote>\n<div class=\"flex-1 overflow-hidden\">\n<div class=\"react-scroll-to-bottom--css-petsd-79elbk h-full\">\n<div class=\"react-scroll-to-bottom--css-petsd-1n7m0yu\">\n<div class=\"flex flex-col text-sm pb-9\">\n<div class=\"w-full text-token-text-primary\" data-testid=\"conversation-turn-38\">\n<div class=\"px-4 py-2 justify-center text-base md:gap-6 m-auto\">\n<div class=\"flex flex-1 text-base mx-auto gap-3 md:px-5 lg:px-1 xl:px-5 md:max-w-3xl lg:max-w-[40rem] xl:max-w-[48rem] group final-completion\">\n<div class=\"relative flex w-full flex-col agent-turn\">\n<div class=\"flex-col gap-1 md:gap-3\">\n<div class=\"flex flex-grow flex-col max-w-full\">\n<div class=\"min-h-[20px] text-message flex flex-col items-start gap-3 whitespace-pre-wrap break-words [.text-message+&amp;]:mt-5 overflow-x-auto\" data-message-author-role=\"assistant\" data-message-id=\"f23e0391-21e8-4c02-b66a-21ff13b8c6f6\">\n<div class=\"markdown prose w-full break-words dark:prose-invert dark\">\n<p><strong>REDAZIONE:<\/strong> Unpli ha assegnato il marchio &#8220;Sagra di Qualit\u00e0&#8221; a 45 sagre, di cui 7 nel Veneto, durante la cerimonia dell&#8217;11 marzo a Roma. La Sagra del Campanot a Castion (BL), la Sagra del Peperone a Zero Branco (TV) e la Mostra dei Funghi ad Altivole (TV) sono state premiate per aver rispettato i criteri di tipicit\u00e0, sostenibilit\u00e0 e sicurezza alimentare. Elisa De Berti, vicepresidente della Regione Veneto, ha partecipato alla premiazione.<\/p>\n<p>&nbsp;<\/p>\n\n\t\t\t<style type='text\/css'>\n\t\t\t\t#gallery-1 {\n\t\t\t\t\tmargin: auto;\n\t\t\t\t}\n\t\t\t\t#gallery-1 .gallery-item {\n\t\t\t\t\tfloat: left;\n\t\t\t\t\tmargin-top: 10px;\n\t\t\t\t\ttext-align: center;\n\t\t\t\t\twidth: 33%;\n\t\t\t\t}\n\t\t\t\t#gallery-1 img {\n\t\t\t\t\tborder: 2px solid #cfcfcf;\n\t\t\t\t}\n\t\t\t\t#gallery-1 .gallery-caption {\n\t\t\t\t\tmargin-left: 0;\n\t\t\t\t}\n\t\t\t\t\/* see gallery_shortcode() in wp-includes\/media.php *\/\n\t\t\t<\/style>\n\t\t<div id='gallery-1' class='dt-gallery-container gallery galleryid-379897 gallery-columns-3 gallery-size-thumbnail'><dl class='gallery-item'>\n\t\t\t\t<dt class='gallery-icon landscape'>\n\t\t\t\t\t<a class=\"rollover rollover-zoom dt-pswp-item\" title=\"BL_Sagra del Campanot\" data-dt-img-description=\"\" data-large_image_width=\"2560\" data-large_image_height=\"1559\"href='https:\/\/www.radiopiu.net\/wordpress\/wp-content\/uploads\/2024\/03\/BL_Sagra-del-Campanot-1-scaled.jpg'><img loading=\"lazy\" decoding=\"async\" width=\"150\" height=\"150\" src=\"https:\/\/www.radiopiu.net\/wordpress\/wp-content\/uploads\/2024\/03\/BL_Sagra-del-Campanot-1-150x150.jpg\" class=\"attachment-thumbnail size-thumbnail\" alt=\"\" aria-describedby=\"gallery-1-379898\" \/><\/a>\n\t\t\t\t<\/dt>\n\t\t\t\t\t<dd class='wp-caption-text gallery-caption' id='gallery-1-379898'>\n\t\t\t\t\tSAGRA DEL CAMPANOT\n\t\t\t\t\t<\/dd><\/dl><dl class='gallery-item'>\n\t\t\t\t<dt class='gallery-icon landscape'>\n\t\t\t\t\t<a class=\"rollover rollover-zoom dt-pswp-item\" title=\"TV_Mostra dei Funghi\" data-dt-img-description=\"\" data-large_image_width=\"2560\" data-large_image_height=\"1652\"href='https:\/\/www.radiopiu.net\/wordpress\/wp-content\/uploads\/2024\/03\/TV_Mostra-dei-Funghi-scaled.jpg'><img loading=\"lazy\" decoding=\"async\" width=\"150\" height=\"150\" src=\"https:\/\/www.radiopiu.net\/wordpress\/wp-content\/uploads\/2024\/03\/TV_Mostra-dei-Funghi-150x150.jpg\" class=\"attachment-thumbnail size-thumbnail\" alt=\"\" aria-describedby=\"gallery-1-379899\" \/><\/a>\n\t\t\t\t<\/dt>\n\t\t\t\t\t<dd class='wp-caption-text gallery-caption' id='gallery-1-379899'>\n\t\t\t\t\tMOSTRA DEI FUNGHI\n\t\t\t\t\t<\/dd><\/dl><dl class='gallery-item'>\n\t\t\t\t<dt class='gallery-icon landscape'>\n\t\t\t\t\t<a class=\"rollover rollover-zoom dt-pswp-item\" title=\"TV_Sagra del Peperone\" data-dt-img-description=\"\" data-large_image_width=\"2560\" data-large_image_height=\"1787\"href='https:\/\/www.radiopiu.net\/wordpress\/wp-content\/uploads\/2024\/03\/TV_Sagra-del-Peperone-scaled.jpg'><img loading=\"lazy\" decoding=\"async\" width=\"150\" height=\"150\" src=\"https:\/\/www.radiopiu.net\/wordpress\/wp-content\/uploads\/2024\/03\/TV_Sagra-del-Peperone-150x150.jpg\" class=\"attachment-thumbnail size-thumbnail\" alt=\"\" aria-describedby=\"gallery-1-379900\" \/><\/a>\n\t\t\t\t<\/dt>\n\t\t\t\t\t<dd class='wp-caption-text gallery-caption' id='gallery-1-379900'>\n\t\t\t\t\tSAGRA DEL PEPERONE\n\t\t\t\t\t<\/dd><\/dl><br style=\"clear: both\" \/>\n\t\t\t<\/div>\n\n<p><em>La Sagra del Campanot apre una striscia positiva: dal 2018 ad oggi, nessuna associazione bellunese era stata insignita del marchio di qualit\u00e0. Il valore bellunese \u00e8 emerso con forza, e potr\u00e0 fungere da traino per l&#8217;intera provincia. Parlando di sagre di rilievo, sarebbe opportuno candidare la Sagra de Pasca organizzata da Gruppo Sportivo, Proloco e Donatori del Sangue del paese. Ormai di successo da 22 anni (prima edizione nel 2002), la qualit\u00e0 \u00e8 indiscutibile, dalla cucina alla scelta delle grandi orchestre, dagli eventi culturali legati al territorio agli intrattenimenti per i pi\u00f9 giovani, ovvero sostenibilit\u00e0 e sicurezza alimentare.. Anche a Taibon, l&#8217;esercito di volontari mobilitato per i 4 giorni di festa \u00e8 pronto per l&#8217;ennesima sfida, tra pochi giorni. (mm)<\/em><\/p>\n<\/div>\n<\/div>\n<\/div>\n<div class=\"mt-1 flex justify-start gap-3 empty:hidden\">\n<div class=\"text-gray-400 flex self-end lg:self-center items-center justify-center lg:justify-start mt-0 -ml-1 h-7 gap-[2px] visible\">\n<div class=\"flex\" style=\"text-align: center;\"><\/div>\n<\/div>\n<\/div>\n<\/div>\n<\/div>\n<\/div>\n<\/div>\n<\/div>\n<\/div>\n<\/div>\n<\/div>\n<\/div>\n<div class=\"w-full pt-2 md:pt-0 dark:border-white\/20 md:border-transparent md:dark:border-transparent md:w-[calc(100%-.5rem)]\" style=\"text-align: center;\">\n<form class=\"stretch mx-2 flex flex-row gap-3 last:mb-2 md:mx-4 md:last:mb-6 lg:mx-auto lg:max-w-2xl xl:max-w-3xl\">\n<div class=\"relative flex h-full flex-1 flex-col\">\n<div class=\"flex w-full items-center\"><\/div>\n<\/div>\n<\/form>\n<\/div>\n<p style=\"text-align: center;\"><strong>Sagre di Qualit\u00e0 del Veneto Premiate 2023 &#8211; CERIMONIA MARZO 2024<\/strong><\/p>\n<table class=\" aligncenter\" style=\"height: 218px;\" width=\"501\">\n<thead>\n<tr>\n<th>Localit\u00e0<\/th>\n<th>Evento<\/th>\n<\/tr>\n<\/thead>\n<tbody>\n<tr>\n<td>Castion Belluno<\/td>\n<td>Sagra del Campanot<\/td>\n<\/tr>\n<tr>\n<td>Zero Branco<\/td>\n<td>Sagra del Peperone<\/td>\n<\/tr>\n<tr>\n<td>Altivole<\/td>\n<td>Mostra dei Funghi<\/td>\n<\/tr>\n<tr>\n<td>Legnaro<\/td>\n<td>Festa del Cavallo<\/td>\n<\/tr>\n<tr>\n<td>Scorz\u00e8<\/td>\n<td>Festa del Radicchio Rosso di Rio San Martino<\/td>\n<\/tr>\n<tr>\n<td>Monticello Conte Otto<\/td>\n<td>Sagra e Fiera Franca di S. Matteo<\/td>\n<\/tr>\n<tr>\n<td>Veronella<\/td>\n<td>Festa della Verza Moretta<\/td>\n<\/tr>\n<\/tbody>\n<\/table>\n<p style=\"text-align: center;\">\n<p>&nbsp;<\/p>\n<hr \/>\n<p>&nbsp;<\/p>\n","protected":false},"excerpt":{"rendered":"<p>*** &nbsp; REDAZIONE: Unpli ha assegnato il marchio &#8220;Sagra di Qualit\u00e0&#8221; a 45 sagre, di cui 7 nel Veneto, durante la cerimonia dell&#8217;11 marzo a Roma. La Sagra del Campanot a Castion (BL), la Sagra del Peperone a Zero Branco (TV) e la Mostra dei Funghi ad Altivole (TV) sono state premiate per aver rispettato&hellip;<\/p>\n","protected":false},"author":4,"featured_media":379898,"comment_status":"closed","ping_status":"closed","sticky":false,"template":"","format":"standard","meta":{"_monsterinsights_skip_tracking":false,"_monsterinsights_sitenote_active":false,"_monsterinsights_sitenote_note":"","_monsterinsights_sitenote_category":0,"footnotes":""},"categories":[49],"tags":[],"class_list":["post-379897","post","type-post","status-publish","format-standard","has-post-thumbnail","hentry","category-news-18","category-49","description-off"],"img_url":"https:\/\/www.radiopiu.net\/wordpress\/wp-content\/uploads\/2024\/03\/BL_Sagra-del-Campanot-1-scaled.jpg","_links":{"self":[{"href":"https:\/\/www.radiopiu.net\/wordpress\/wp-json\/wp\/v2\/posts\/379897","targetHints":{"allow":["GET"]}}],"collection":[{"href":"https:\/\/www.radiopiu.net\/wordpress\/wp-json\/wp\/v2\/posts"}],"about":[{"href":"https:\/\/www.radiopiu.net\/wordpress\/wp-json\/wp\/v2\/types\/post"}],"author":[{"embeddable":true,"href":"https:\/\/www.radiopiu.net\/wordpress\/wp-json\/wp\/v2\/users\/4"}],"replies":[{"embeddable":true,"href":"https:\/\/www.radiopiu.net\/wordpress\/wp-json\/wp\/v2\/comments?post=379897"}],"version-history":[{"count":0,"href":"https:\/\/www.radiopiu.net\/wordpress\/wp-json\/wp\/v2\/posts\/379897\/revisions"}],"wp:featuredmedia":[{"embeddable":true,"href":"https:\/\/www.radiopiu.net\/wordpress\/wp-json\/wp\/v2\/media\/379898"}],"wp:attachment":[{"href":"https:\/\/www.radiopiu.net\/wordpress\/wp-json\/wp\/v2\/media?parent=379897"}],"wp:term":[{"taxonomy":"category","embeddable":true,"href":"https:\/\/www.radiopiu.net\/wordpress\/wp-json\/wp\/v2\/categories?post=379897"},{"taxonomy":"post_tag","embeddable":true,"href":"https:\/\/www.radiopiu.net\/wordpress\/wp-json\/wp\/v2\/tags?post=379897"}],"curies":[{"name":"wp","href":"https:\/\/api.w.org\/{rel}","templated":true}]}}