{"id":379945,"date":"2024-03-20T05:43:54","date_gmt":"2024-03-20T04:43:54","guid":{"rendered":"https:\/\/www.radiopiu.net\/wordpress\/?p=379945"},"modified":"2024-03-20T05:44:40","modified_gmt":"2024-03-20T04:44:40","slug":"als-cr","status":"publish","type":"post","link":"https:\/\/www.radiopiu.net\/wordpress\/als-cr\/","title":{"rendered":"MALORE MORTALE AD ALLEGHE\u00a0 &#8211; MORTE PER CAUSE NATURALI"},"content":{"rendered":"<p>*****<\/p>\n<p>&nbsp;<\/p>\n<div class=\"articlePlainText\"><strong><img loading=\"lazy\" decoding=\"async\" class=\"alignleft\" src=\"https:\/\/www.radiopiu.net\/wordpress\/wp-content\/uploads\/2023\/08\/e58e85ea-b4eb-43ae-84ef-fafba186d539.jpg\" width=\"152\" height=\"92\" \/>ALLEGHE<\/strong> Una donna di 79 anni \u00e8 deceduta nel primo pomeriggio di ieri, a Caprile. I soccorsi sono stati il pi\u00f9 possibile tempestivi, alle 14.13, ma per l&#8217;anziana non c&#8217;era pi\u00f9 nulla da fare: l&#8217;ipotesi pi\u00f9 probabile \u00e8 quella di un infarto. I primi ad arrivare sul posto sono stati i sanitari della Croce Verde di Alleghe e il medico non ha potuto fare altro che constatare il decesso e avvertire il carro funebre per il trasporto nella cella mortuaria. Era pronto anche l&#8217;elicottero del 118 Falco, ma il suo intervento non \u00e8 stato necessario.<\/div>\n<p>&nbsp;<\/p>\n<blockquote>\n<h3>DUE INCIDENTI IN PISTA E UN MALORE FATALE. TRE INTERVENTI DEL SUEM IN AGORDINO<\/h3>\n<p>&nbsp;<\/p><\/blockquote>\n<p><strong><a class=\"dt-pswp-item\" href=\"https:\/\/www.radiopiu.net\/wordpress\/wp-content\/uploads\/2023\/08\/suem.png\" data-dt-img-description=\"\" data-large_image_width=\"273\" data-large_image_height=\"127\"><img loading=\"lazy\" decoding=\"async\" class=\" wp-image-348238 alignleft\" src=\"https:\/\/www.radiopiu.net\/wordpress\/wp-content\/uploads\/2023\/08\/suem.png\" alt=\"\" width=\"193\" height=\"90\" \/><\/a>REDAZIONE<\/strong> Sono tre gli interventi del Suem 118 in Agordino nella giornata di ieri. Il primo poco dopo le 11 quando l&#8217;elicottero Falco si \u00e8 alzato in volo per soccorrere un trentenne tedesco che si era fatto male ad Arabba sulla pista Fodoma. Altro incidente in pista, sempre ad Arabba ma sulla Salere, poco dopo le 12 dove \u00e8 arrivato l&#8217;elicottero per soccorrere una donna tedesca e trasportarla al San Martino di Belluno.<\/p>\n<p>&nbsp;<\/p>\n<p>******<\/p>\n","protected":false},"excerpt":{"rendered":"<p>***** &nbsp; ALLEGHE Una donna di 79 anni \u00e8 deceduta nel primo pomeriggio di ieri, a Caprile. I soccorsi sono stati il pi\u00f9 possibile tempestivi, alle 14.13, ma per l&#8217;anziana non c&#8217;era pi\u00f9 nulla da fare: l&#8217;ipotesi pi\u00f9 probabile \u00e8 quella di un infarto. I primi ad arrivare sul posto sono stati i sanitari della&hellip;<\/p>\n","protected":false},"author":4,"featured_media":347184,"comment_status":"closed","ping_status":"closed","sticky":false,"template":"","format":"standard","meta":{"_monsterinsights_skip_tracking":false,"_monsterinsights_sitenote_active":false,"_monsterinsights_sitenote_note":"","_monsterinsights_sitenote_category":0,"footnotes":""},"categories":[51,49],"tags":[],"class_list":["post-379945","post","type-post","status-publish","format-standard","has-post-thumbnail","hentry","category-evidenza-top","category-news-18","category-51","category-49","description-off"],"img_url":"https:\/\/www.radiopiu.net\/wordpress\/wp-content\/uploads\/2023\/08\/e58e85ea-b4eb-43ae-84ef-fafba186d539.jpg","_links":{"self":[{"href":"https:\/\/www.radiopiu.net\/wordpress\/wp-json\/wp\/v2\/posts\/379945","targetHints":{"allow":["GET"]}}],"collection":[{"href":"https:\/\/www.radiopiu.net\/wordpress\/wp-json\/wp\/v2\/posts"}],"about":[{"href":"https:\/\/www.radiopiu.net\/wordpress\/wp-json\/wp\/v2\/types\/post"}],"author":[{"embeddable":true,"href":"https:\/\/www.radiopiu.net\/wordpress\/wp-json\/wp\/v2\/users\/4"}],"replies":[{"embeddable":true,"href":"https:\/\/www.radiopiu.net\/wordpress\/wp-json\/wp\/v2\/comments?post=379945"}],"version-history":[{"count":0,"href":"https:\/\/www.radiopiu.net\/wordpress\/wp-json\/wp\/v2\/posts\/379945\/revisions"}],"wp:featuredmedia":[{"embeddable":true,"href":"https:\/\/www.radiopiu.net\/wordpress\/wp-json\/wp\/v2\/media\/347184"}],"wp:attachment":[{"href":"https:\/\/www.radiopiu.net\/wordpress\/wp-json\/wp\/v2\/media?parent=379945"}],"wp:term":[{"taxonomy":"category","embeddable":true,"href":"https:\/\/www.radiopiu.net\/wordpress\/wp-json\/wp\/v2\/categories?post=379945"},{"taxonomy":"post_tag","embeddable":true,"href":"https:\/\/www.radiopiu.net\/wordpress\/wp-json\/wp\/v2\/tags?post=379945"}],"curies":[{"name":"wp","href":"https:\/\/api.w.org\/{rel}","templated":true}]}}