{"id":379972,"date":"2024-03-21T05:55:28","date_gmt":"2024-03-21T04:55:28","guid":{"rendered":"https:\/\/www.radiopiu.net\/wordpress\/?p=379972"},"modified":"2024-03-21T08:08:40","modified_gmt":"2024-03-21T07:08:40","slug":"giornale-radiopiu-21-marzo-2024-direttore-mirko-mezzacasada-40-anni-25-giugno-1983-25-giugno-2023","status":"publish","type":"post","link":"https:\/\/www.radiopiu.net\/wordpress\/giornale-radiopiu-21-marzo-2024-direttore-mirko-mezzacasada-40-anni-25-giugno-1983-25-giugno-2023\/","title":{"rendered":"GIORNALE RADIOPIU 21 MARZO 2024 DIRETTORE MIRKO MEZZACASA\u2026DA 40 ANNI 25 GIUGNO 1983-25 GIUGNO 2023"},"content":{"rendered":"<p>******<\/p>\n<p>&nbsp;<\/p>\n<h3><a href=\"https:\/\/www.radiopiu.net\/wordpress\/giornale-radiopiu-24-gennaio-2021-direttore-mirko-mezzacasa\/141433770_171616291414874_2957460898102012198_n\/\" rel=\"attachment wp-att-186566\"><img loading=\"lazy\" decoding=\"async\" class=\"wp-image-186566 alignleft\" src=\"https:\/\/www.radiopiu.net\/wordpress\/wp-content\/uploads\/2021\/01\/141433770_171616291414874_2957460898102012198_n-300x300.jpg\" alt=\"\" width=\"144\" height=\"144\" srcset=\"https:\/\/www.radiopiu.net\/wordpress\/wp-content\/uploads\/2021\/01\/141433770_171616291414874_2957460898102012198_n-300x300.jpg 300w, https:\/\/www.radiopiu.net\/wordpress\/wp-content\/uploads\/2021\/01\/141433770_171616291414874_2957460898102012198_n-150x150.jpg 150w, https:\/\/www.radiopiu.net\/wordpress\/wp-content\/uploads\/2021\/01\/141433770_171616291414874_2957460898102012198_n-768x768.jpg 768w, https:\/\/www.radiopiu.net\/wordpress\/wp-content\/uploads\/2021\/01\/141433770_171616291414874_2957460898102012198_n.jpg 800w\" sizes=\"auto, (max-width: 144px) 100vw, 144px\" \/><\/a>PER<strong> RICEVERE QUESTO NOTIZIARIO DIRETTAMENTE SUL TUO CELLULARE ISCRIVITI AL CANALE TELEGRAM <\/strong><strong>\u201cRADIO PIU\u00a0 INFORMAZIONE&#8221;\u00a0<\/strong><\/h3>\n<h3>\u00a0il CANALE TELEGRAM&#8230; UNISCITI A: RADIO PIU INFORMAZIONE<\/h3>\n<p>&nbsp;<\/p>\n<p>&nbsp;<\/p>\n<p><em><a href=\"https:\/\/www.radiopiu.net\/wordpress\/giornale-radiopiu-24-gennaio-2021-direttore-mirko-mezzacasa\/79216601_126817312416448_708980208774483089_n\/\" rel=\"attachment wp-att-186567\"><img loading=\"lazy\" decoding=\"async\" class=\"size-medium wp-image-186567 alignright\" src=\"https:\/\/www.radiopiu.net\/wordpress\/wp-content\/uploads\/2021\/01\/79216601_126817312416448_708980208774483089_n-300x114.jpg\" alt=\"\" width=\"300\" height=\"114\" srcset=\"https:\/\/www.radiopiu.net\/wordpress\/wp-content\/uploads\/2021\/01\/79216601_126817312416448_708980208774483089_n-300x114.jpg 300w, https:\/\/www.radiopiu.net\/wordpress\/wp-content\/uploads\/2021\/01\/79216601_126817312416448_708980208774483089_n-768x292.jpg 768w, https:\/\/www.radiopiu.net\/wordpress\/wp-content\/uploads\/2021\/01\/79216601_126817312416448_708980208774483089_n.jpg 820w\" sizes=\"auto, (max-width: 300px) 100vw, 300px\" \/><\/a><span style=\"color: #ff0000;\">ATTENZIONE: LA NUOVA APP PER IOS-IPHONE di Nicola Vettorello <\/span><\/em><a href=\"https:\/\/apps.apple.com\/it\/app\/radio-pi%C3%B9-emittente-agordina\/id1515939845\">https:\/\/apps.apple.com\/it\/app\/radio-pi%C3%B9-emittente-agordina\/id1515939845<\/a><\/p>\n<p><em style=\"color: #ff0000;\">ATTENZIONE: LA NUOVA APP RADIO\u00a0 PER ANDROID di Nicola Vettorello<\/em><\/p>\n<p><a href=\"https:\/\/play.google.com\/store\/apps\/details?id=net.radiopiu.iniko\" target=\"_blank\" rel=\"noopener noreferrer\">https:\/\/play.google.com\/store\/apps\/details?id=net.radiopiu.iniko\u00a0\u00a0<\/a><\/p>\n<p>&nbsp;<\/p>\n<h3 class=\"kvgmc6g5 cxmmr5t8 oygrvhab hcukyx3x c1et5uql\"><\/h3>\n<div data-block=\"true\" data-editor=\"avj4u\" data-offset-key=\"d3i0j-0-0\">\n<blockquote>\n<h1>^^^ultim&#8217;ora DILLO A RADIO PIU&#8217;&#8230;. &#8220;HA TENTATO DI FORZARE LA SERRATURA DELL&#8217;AUTO&#8221;.<\/h1>\n<\/blockquote>\n<p><img loading=\"lazy\" decoding=\"async\" class=\"alignleft\" src=\"https:\/\/www.radiopiu.net\/wordpress\/wp-content\/uploads\/2024\/01\/Colle_Santa_Lucia-scaled.jpg\" width=\"197\" height=\"122\" \/><strong>REDAZIONE<\/strong> Riceviamo e pubblichiamo una segnalazione arrivata di primo mattino da Colle Santa Lucia.\u00a0 Un invito, quello di\u00a0 Aurora. importante, a prestare attenzione e segnalare eventuali movimenti sospetti o, peggio, danni subiti nella notte.<\/p>\n<p><strong>IL MESSAGGIO<\/strong>: Scrivo da Colle Santa Lucia, per una segnalazione importante, un messaggio e un &#8220;alzate le antenne&#8221; per\u00a0 gli abitanti di Colle Sante Lucia e dei paesi limitrofi. Stamane\u00a0 alle 4.05, in localit\u00e0 Pezzei,\u00a0 un uomo ha tentato di aprire le nostre due auto, fortunatamente senza successo. Quale fosse lo scopo non \u00e8 chiaro. Potesse servire ho notato una Polo di colore grigio&#8221;.<\/p>\n<p>&nbsp;<\/p>\n<p>&nbsp;<\/p>\n<p>&nbsp;<\/p>\n<\/div>\n<div data-block=\"true\" data-editor=\"avj4u\" data-offset-key=\"d3i0j-0-0\">\n<hr \/>\n<\/div>\n<div data-block=\"true\" data-editor=\"avj4u\" data-offset-key=\"d3i0j-0-0\"><\/div>\n<p class=\"x11i5rnm xat24cr x1mh8g0r x1vvkbs xtlvy1s x126k92a\"><a class=\"dt-pswp-item\" href=\"https:\/\/www.radiopiu.net\/wordpress\/wp-content\/uploads\/2023\/10\/34f4cfc6-e863-46e9-9695-8df44be63421.jpg\" data-dt-img-description=\"\" data-large_image_width=\"1200\" data-large_image_height=\"1200\"><img loading=\"lazy\" decoding=\"async\" class=\"wp-image-357393 alignleft\" src=\"https:\/\/www.radiopiu.net\/wordpress\/wp-content\/uploads\/2023\/10\/34f4cfc6-e863-46e9-9695-8df44be63421-300x300.jpg\" alt=\"\" width=\"81\" height=\"81\" srcset=\"https:\/\/www.radiopiu.net\/wordpress\/wp-content\/uploads\/2023\/10\/34f4cfc6-e863-46e9-9695-8df44be63421-300x300.jpg 300w, https:\/\/www.radiopiu.net\/wordpress\/wp-content\/uploads\/2023\/10\/34f4cfc6-e863-46e9-9695-8df44be63421-1024x1024.jpg 1024w, https:\/\/www.radiopiu.net\/wordpress\/wp-content\/uploads\/2023\/10\/34f4cfc6-e863-46e9-9695-8df44be63421-150x150.jpg 150w, https:\/\/www.radiopiu.net\/wordpress\/wp-content\/uploads\/2023\/10\/34f4cfc6-e863-46e9-9695-8df44be63421-768x768.jpg 768w, https:\/\/www.radiopiu.net\/wordpress\/wp-content\/uploads\/2023\/10\/34f4cfc6-e863-46e9-9695-8df44be63421.jpg 1200w\" sizes=\"auto, (max-width: 81px) 100vw, 81px\" \/><\/a><span style=\"color: #000000;\">La Settimana della memoria e dell&#8217;impegno, Agordo come Roma: citt\u00e0 Libera i 100 passi verso il 21 marzo, giornata in ricordo della vittime innocenti delle mafie a cura del PRESIDIO AGORDINO DI LIBERA &#8220;LUCIA PRECENZANO E SALVATORE AVERSA da lunedi 18 a sabato 23 marzo, alle 9.45 e 18.45 &#8230; su radio pi\u00f9\u00a0<\/span><\/p>\n<p>***<\/p>\n<p><span style=\"color: #ff0000;\"><strong><a class=\"dt-pswp-item\" href=\"https:\/\/www.radiopiu.net\/wordpress\/wp-content\/uploads\/2018\/09\/salutesocieta.gif\" data-dt-img-description=\"\" data-large_image_width=\"250\" data-large_image_height=\"175\"><img loading=\"lazy\" decoding=\"async\" class=\" wp-image-60766 alignleft\" src=\"https:\/\/www.radiopiu.net\/wordpress\/wp-content\/uploads\/2018\/09\/salutesocieta.gif\" alt=\"\" width=\"204\" height=\"143\" \/><\/a>OGGI ALLA RADIO<\/strong><\/span>: <strong>ALLE 7.20<\/strong> EL BAR DEL FIOR, DETTI E TRADIZIONI DI GIULIANA DA RONCH; <strong>ALLE 8.20<\/strong> MARINA DONA <strong>ALLE 9.10 <\/strong>la musica country di ALEX NASCINMBEN<strong> alle 9.45 <\/strong>la settimana dedicata alle vittime di mafia con Libera Agordino e le scuole medie di Canale d&#8217;Agordo e Sedico<strong> ALLE 10.10<\/strong> CIAK SI GIRA il gossip di Paola Lanciato<strong> ALLE 10.30<\/strong> MARIA RITA GENTILIN spi cgil Belluno, quindicinale appuntamento alla radio<strong> ALLE 13.10<\/strong> I GIOVANI E LA SAGRA DE PASCA A\u00a0 TAIBON CON MARCO DE COLO&#8217;, CLAUDIA PAGANIN, MATTIA CANCEL<strong> ALLE 14 <\/strong>COLLAGE OPERAZIONE NOSTALGIA loris scussel <strong>ALLE 16 <\/strong>IL ROCK DI MARCO COSTANTINI <strong>ALLE 17<\/strong> MIRCO BENCIVENNI E LE HIT <strong>ALLE 18.30<\/strong> SALUTE E SOCIETA&#8217;, CON IL DOTTOR MARCO CARACCIOLO\u00a0 DIRETTA RADIO, <strong>ALLE 20.30<\/strong> COME UNA VOLTA LA SERA CON LO SPECIALE SAGRA DI PASCA CON ANTIMO SAVARIS, DANIELE CANCEL, CLAUDIO PAGANIN E SILVANO PICIOL BEN.<\/p>\n<p>&nbsp;<\/p>\n<div class=\"x11i5rnm xat24cr x1mh8g0r x1vvkbs xtlvy1s x126k92a\">\n<div dir=\"auto\">\n<blockquote>\n<h2><\/h2>\n<\/blockquote>\n<\/div>\n<\/div>\n<div class=\"x11i5rnm xat24cr x1mh8g0r x1vvkbs xtlvy1s x126k92a\">\n<div dir=\"auto\">\n<hr \/>\n<p>&nbsp;<\/p>\n<p>&nbsp;<\/p>\n<div class=\"x11i5rnm xat24cr x1mh8g0r x1vvkbs xtlvy1s x126k92a\">\n<div dir=\"auto\">\n<p><strong><a class=\"dt-pswp-item\" href=\"https:\/\/www.radiopiu.net\/wordpress\/wp-content\/uploads\/2024\/02\/2d44e751-d8a8-461b-8e22-d8e4e853b032.jpg\" data-dt-img-description=\"\" data-large_image_width=\"1600\" data-large_image_height=\"1200\"><img loading=\"lazy\" decoding=\"async\" class=\"wp-image-373307 alignleft\" src=\"https:\/\/www.radiopiu.net\/wordpress\/wp-content\/uploads\/2024\/02\/2d44e751-d8a8-461b-8e22-d8e4e853b032-300x225.jpg\" alt=\"\" width=\"105\" height=\"79\" srcset=\"https:\/\/www.radiopiu.net\/wordpress\/wp-content\/uploads\/2024\/02\/2d44e751-d8a8-461b-8e22-d8e4e853b032-300x225.jpg 300w, https:\/\/www.radiopiu.net\/wordpress\/wp-content\/uploads\/2024\/02\/2d44e751-d8a8-461b-8e22-d8e4e853b032-1024x768.jpg 1024w, https:\/\/www.radiopiu.net\/wordpress\/wp-content\/uploads\/2024\/02\/2d44e751-d8a8-461b-8e22-d8e4e853b032-768x576.jpg 768w, https:\/\/www.radiopiu.net\/wordpress\/wp-content\/uploads\/2024\/02\/2d44e751-d8a8-461b-8e22-d8e4e853b032-1536x1152.jpg 1536w, https:\/\/www.radiopiu.net\/wordpress\/wp-content\/uploads\/2024\/02\/2d44e751-d8a8-461b-8e22-d8e4e853b032.jpg 1600w\" sizes=\"auto, (max-width: 105px) 100vw, 105px\" \/><\/a>EL BAL DEL FIOR, DI GIULIANA DA RONCH, 21 MARZO 2024<\/strong><\/p>\n<\/div>\n<\/div>\n<div class=\"x11i5rnm xat24cr x1mh8g0r x1vvkbs xtlvy1s x126k92a\"><\/div>\n<\/div>\n<div dir=\"auto\">\n<div data-block=\"true\" data-editor=\"avj4u\" data-offset-key=\"d3i0j-0-0\">\n<div data-block=\"true\" data-editor=\"avj4u\" data-offset-key=\"d3i0j-0-0\">\n<audio class=\"wp-audio-shortcode\" id=\"audio-379972-1\" preload=\"none\" style=\"width: 100%;\" controls=\"controls\"><source type=\"audio\/mpeg\" src=\"https:\/\/www.radiopiu.net\/wordpress\/wp-content\/uploads\/2024\/03\/GGI-5.m4a?_=1\" \/><a href=\"https:\/\/www.radiopiu.net\/wordpress\/wp-content\/uploads\/2024\/03\/GGI-5.m4a\">https:\/\/www.radiopiu.net\/wordpress\/wp-content\/uploads\/2024\/03\/GGI-5.m4a<\/a><\/audio>\n<\/div>\n<div data-block=\"true\" data-editor=\"avj4u\" data-offset-key=\"d3i0j-0-0\"><\/div>\n<\/div>\n<hr \/>\n<\/div>\n<\/div>\n<blockquote>\n<blockquote>\n<h1><span style=\"color: #ff0000;\">\u00a0<\/span><\/h1>\n<h1><span style=\"color: #ff0000;\">\u00a0<\/span><\/h1>\n<h1><span style=\"color: #ff0000;\">I podcast informativi del mattino &#8211; audio &#8211;\u00a0<\/span><\/h1>\n<\/blockquote>\n<p><strong><a class=\"dt-pswp-item\" href=\"https:\/\/www.radiopiu.net\/wordpress\/wp-content\/uploads\/2023\/11\/th-10.jpg\" data-dt-img-description=\"\" data-large_image_width=\"320\" data-large_image_height=\"180\"><img loading=\"lazy\" decoding=\"async\" class=\"wp-image-362866 alignleft\" src=\"https:\/\/www.radiopiu.net\/wordpress\/wp-content\/uploads\/2023\/11\/th-10-300x169.jpg\" alt=\"\" width=\"185\" height=\"104\" srcset=\"https:\/\/www.radiopiu.net\/wordpress\/wp-content\/uploads\/2023\/11\/th-10-300x169.jpg 300w, https:\/\/www.radiopiu.net\/wordpress\/wp-content\/uploads\/2023\/11\/th-10.jpg 320w\" sizes=\"auto, (max-width: 185px) 100vw, 185px\" \/><\/a>LA RASSEGNA STAMPA NAZIONALE ALLA RADIO, OGNI GIORNO ALLE 5 E ALLE 6 DEL MATTINO <span style=\"color: #0000ff;\">viene pubblicata alle 6.00 <span style=\"color: #ff0000;\">DIRETTA RADIO\u00a0 \u00a0\u00a0<\/span><\/span><\/strong><\/p>\n<p>&nbsp;<\/p><\/blockquote>\n<p>&nbsp;<\/p>\n<p><span style=\"color: #ff0000;\"><strong>di VALENTINA RICCI<\/strong><\/span><\/p>\n<p><strong>Stati Uniti,<\/strong> Assange colpevole?\u00a0 Robigno Sconter\u00e0 in<strong> Brasile<\/strong> la condanna per stupro. Visita a sorpresa del consigliere americano a Kiev. Il concerto di<strong> Pupo<\/strong> in Lituania annullato. Ispettori a <strong>Bari<\/strong> dal Viminale. L&#8217;aula del Senato approva il decreto per le opere olimpiche 2026. <strong>Sciopero<\/strong> del 11 aprile, invito a cancellarlo. <strong>Apicoltori<\/strong> in piazza a Roma. <strong>Gas<\/strong> in calo. <strong>Sport<\/strong> Milano-Inter in programma il 22 aprile.<\/p>\n<h2>AUDIO dalle 7 del mattino<\/h2>\n<audio class=\"wp-audio-shortcode\" id=\"audio-379972-2\" preload=\"none\" style=\"width: 100%;\" controls=\"controls\"><source type=\"audio\/mpeg\" src=\"https:\/\/www.radiopiu.net\/wordpress\/wp-content\/uploads\/2024\/03\/GIORNALEDELLESEI-17.mp3?_=2\" \/><a href=\"https:\/\/www.radiopiu.net\/wordpress\/wp-content\/uploads\/2024\/03\/GIORNALEDELLESEI-17.mp3\">https:\/\/www.radiopiu.net\/wordpress\/wp-content\/uploads\/2024\/03\/GIORNALEDELLESEI-17.mp3<\/a><\/audio>\n<p>&nbsp;<\/p>\n<p>&nbsp;<\/p>\n<hr \/>\n<p>&nbsp;<\/p>\n<h1 style=\"text-align: center;\"><span style=\"color: #ff0000;\">I podcast informativi del mattino &#8211; audio &#8211;\u00a0<\/span><\/h1>\n<p><strong><a class=\"dt-pswp-item\" href=\"https:\/\/www.radiopiu.net\/wordpress\/wp-content\/uploads\/2023\/12\/images.png\" data-dt-img-description=\"\" data-large_image_width=\"316\" data-large_image_height=\"160\"><img loading=\"lazy\" decoding=\"async\" class=\"wp-image-367008 alignleft\" src=\"https:\/\/www.radiopiu.net\/wordpress\/wp-content\/uploads\/2023\/12\/images-300x152.png\" alt=\"\" width=\"235\" height=\"119\" srcset=\"https:\/\/www.radiopiu.net\/wordpress\/wp-content\/uploads\/2023\/12\/images-300x152.png 300w, https:\/\/www.radiopiu.net\/wordpress\/wp-content\/uploads\/2023\/12\/images.png 316w\" sizes=\"auto, (max-width: 235px) 100vw, 235px\" \/><\/a>OGNI GIORNO ALLE SETTE DEL MATTINO, LA RASSEGNA STAMPA LOCALE FLASH&#8230; PER CHI VA IN FRETTA. I TITOLI DAI GIORNALI E DAL SITO WWW.RADIOPIU.NET <span style=\"color: #0000ff;\">viene pubblicato alle 7.00<\/span> <span style=\"color: #ff0000;\">DIRETTA RADIO\u00a0<\/span><\/strong><\/p>\n<p><em><span style=\"color: #ff0000;\">per chi va in fretta&#8230; tante notizie in pochi minuti. L&#8217;informazione locale alla radio, ogni ora dalle 7 del mattino alle 19 della sera.\u00a0 \u00a0 \u00a0<\/span><\/em><\/p>\n<p><strong>REDAZIONE<\/strong> In un incidente mortale avvenuto a Preganziol lungo il Terraglio di fronte al Cash &amp; Carry, Elvio Ribul Mazzola, un motociclista 70enne originario del Bellunese ma residente a Casier, ha perso la vita dopo uno scontro con un furgone. L\u2019incidente \u00e8 avvenuto intorno alle 11<br \/>\n<strong>BELLUNO<\/strong> Incidente ieri alle 13 lungo via Feltre, all\u2019altezza della pizzeria Bella Napoli. Un motociclista \u00e8 stato ferito e trasferito al pronto soccorso del San Martino, giudicato guaribile in pochi giorni<br \/>\n<strong>SEDICO<\/strong> Una anziana di 83 anni racconta di essere stata contattata da una presunta truffatrice che cercava di convincerla a consegnare denaro e gioielli per risolvere problemi immaginari della figlia. La donna, per\u00f2, non \u00e8 caduta nella trappola e ha risposto con astuzia, mettendo in guardia la presunta truffatrice e rifiutando di cedere alle sue richieste.<br \/>\n<strong>SANTA GIUSTINA<\/strong> Un padre di famiglia di nazionalit\u00e0 romena \u00e8 rinviato a giudizio per maltrattamenti, atti persecutori e danneggiamento nei confronti della moglie.<br \/>\n<strong>FELTRE<\/strong> Dopo episodi di violenza domestica, la moglie ha perdonato il marito e desidera riportarlo a casa. Avvieranno un percorso di riconciliazione. Il giudice per le udienze preliminari ha concesso un\u2019altra possibilit\u00e0 all\u2019uomo.<br \/>\n<strong>BELLUNO<\/strong> \u00e8 a processo per omissione di soccorso dopo un incidente sulla regionale 203 Agordina. Il camionista ha riferito danni allo specchietto retrovisore, ma l\u2019esito del processo rimane incerto.<br \/>\n<strong>IN VENETO<\/strong> OLTRE 500 BENI CONFISCATI (IN MODO DEFINITIVO E NON) ALLA CRIMINALIT\u00c0 ORGANIZZATA Il report di Libera del 2024 rivela che in Veneto sono stati confiscati 492 beni immobili e 36 aziende per contrastare le mafie, mostrando una crescita rispetto agli anni precedenti<\/p>\n<h2>AUDIO dalle 7 del mattino<\/h2>\n<audio class=\"wp-audio-shortcode\" id=\"audio-379972-3\" preload=\"none\" style=\"width: 100%;\" controls=\"controls\"><source type=\"audio\/mpeg\" src=\"https:\/\/www.radiopiu.net\/wordpress\/wp-content\/uploads\/2024\/03\/GF07-18.mp3?_=3\" \/><a href=\"https:\/\/www.radiopiu.net\/wordpress\/wp-content\/uploads\/2024\/03\/GF07-18.mp3\">https:\/\/www.radiopiu.net\/wordpress\/wp-content\/uploads\/2024\/03\/GF07-18.mp3<\/a><\/audio>\n<p>&nbsp;<\/p>\n<p>&nbsp;<\/p>\n<hr \/>\n<p>&nbsp;<\/p>\n<h1><\/h1>\n<h1 style=\"text-align: center;\"><span style=\"color: #ff0000;\"><a class=\"dt-pswp-item\" href=\"https:\/\/www.radiopiu.net\/wordpress\/wp-content\/uploads\/2022\/01\/026c3f9d-dae9-4040-a3c1-a6530231bcc3.jpg\" data-dt-img-description=\"\" data-large_image_width=\"1152\" data-large_image_height=\"2048\"><img loading=\"lazy\" decoding=\"async\" class=\"wp-image-251839 alignleft\" src=\"https:\/\/www.radiopiu.net\/wordpress\/wp-content\/uploads\/2022\/01\/026c3f9d-dae9-4040-a3c1-a6530231bcc3-169x300.jpg\" alt=\"\" width=\"100\" height=\"177\" srcset=\"https:\/\/www.radiopiu.net\/wordpress\/wp-content\/uploads\/2022\/01\/026c3f9d-dae9-4040-a3c1-a6530231bcc3-169x300.jpg 169w, https:\/\/www.radiopiu.net\/wordpress\/wp-content\/uploads\/2022\/01\/026c3f9d-dae9-4040-a3c1-a6530231bcc3-576x1024.jpg 576w, https:\/\/www.radiopiu.net\/wordpress\/wp-content\/uploads\/2022\/01\/026c3f9d-dae9-4040-a3c1-a6530231bcc3-768x1365.jpg 768w, https:\/\/www.radiopiu.net\/wordpress\/wp-content\/uploads\/2022\/01\/026c3f9d-dae9-4040-a3c1-a6530231bcc3-864x1536.jpg 864w, https:\/\/www.radiopiu.net\/wordpress\/wp-content\/uploads\/2022\/01\/026c3f9d-dae9-4040-a3c1-a6530231bcc3.jpg 1152w\" sizes=\"auto, (max-width: 100px) 100vw, 100px\" \/><\/a>I podcast informativi del mattino &#8211; audio &#8211;\u00a0<\/span><\/h1>\n<blockquote><p><strong>GIORNALE RADIO NAZIONALE, EDIZIONE DELLE SETTE <span style=\"color: #0000ff;\">viene pubblicato alle 7.05 <span style=\"color: #ff0000;\">DIRETTA RADIO\u00a0<\/span><\/span><\/strong><\/p><\/blockquote>\n<p><strong>il giornale radionazionale e&#8217; in onda ogni ora, dalle sette del mattino alle venti della sera\u00a0\u00a0<\/strong><\/p>\n<p>&nbsp;<\/p>\n<p>&nbsp;<\/p>\n<p><strong>Guerra,<\/strong> il segretario di Stato Americano chiede il cessate il fuoco nella striscia di Gaza <strong>Canada<\/strong> ferma l&#8217;invio di armi ad Israele. <strong>Putin<\/strong> e le minacce, pronto il vertice. <strong>Regionali Lucane<\/strong>, Chirazzo non si candida a governatore. Fermato dalla mobile di <strong>Torino<\/strong> un giovane italiano, indagato per tentato omidicio di un 24enne, amputata la gamba.<\/p>\n<h2>AUDIO dalle sette del mattino, ogni ora alla radio<\/h2>\n<audio class=\"wp-audio-shortcode\" id=\"audio-379972-4\" preload=\"none\" style=\"width: 100%;\" controls=\"controls\"><source type=\"audio\/mpeg\" src=\"https:\/\/www.radiopiu.net\/wordpress\/wp-content\/uploads\/2024\/03\/giornale07-18.mp3?_=4\" \/><a href=\"https:\/\/www.radiopiu.net\/wordpress\/wp-content\/uploads\/2024\/03\/giornale07-18.mp3\">https:\/\/www.radiopiu.net\/wordpress\/wp-content\/uploads\/2024\/03\/giornale07-18.mp3<\/a><\/audio>\n<p>&nbsp;<\/p>\n<p>&nbsp;<\/p>\n<p>&nbsp;<\/p>\n<p>&nbsp;<\/p>\n<h2><\/h2>\n<hr \/>\n<p>&nbsp;<\/p>\n<p>&nbsp;<\/p>\n<h1><span style=\"color: #ff0000;\">I podcast informativi del mattino &#8211; video &#8211;\u00a0<\/span><\/h1>\n<h2><strong><a class=\"dt-pswp-item\" href=\"https:\/\/www.radiopiu.net\/wordpress\/wp-content\/uploads\/2023\/12\/th-10.jpg\" data-dt-img-description=\"\" data-large_image_width=\"245\" data-large_image_height=\"180\"><img loading=\"lazy\" decoding=\"async\" class=\" wp-image-367395 alignleft\" src=\"https:\/\/www.radiopiu.net\/wordpress\/wp-content\/uploads\/2023\/12\/th-10.jpg\" alt=\"\" width=\"166\" height=\"122\" \/><\/a>RASSEGNA STAMPA LOCALE, ORE OTTO 05<\/strong><\/h2>\n<h2><strong> <span style=\"color: #0000ff;\">viene\u00a0 <\/span><\/strong><strong><span style=\"color: #0000ff;\">pubblicata alle 8.05 <span style=\"color: #ff0000;\">DIRETTA RADIO\u00a0\u00a0<\/span><\/span><\/strong><\/h2>\n<p><strong>DI MIRKO MEZZACASA\u00a0 \u00a0\u00a0<\/strong><\/p>\n<p>&nbsp;<\/p>\n<p><strong>FELTRE<\/strong> La giunta comunale di Farra ha approvato il secondo lotto di lavori per migliorare la sicurezza idrogeologica della zona, investendo complessivamente 550 mila euro<br \/>\n<strong>BELLUNO<\/strong> Il patron dell\u2019Harry\u2019s Bar di Venezia, Arrigo Cipriani, a Belluno per parlare con gli studenti dell\u2019ITS Turismo; l\u2019occasione anche per confrontarsi con uno dei pi\u00f9 grandi imprenditori mondiali dell\u2019accoglienza e della promozione turistica sul presente e futuro del turismo bellunese.<br \/>\n<strong>BELLUNO<\/strong> La decisione della Regione di confermare Giuseppe Dal Ben come commissario della Ulss1 fino al 2026 ha suscitato perplessit\u00e0 nella Cgil Belluno (funzione pubblica). La contestazione non riguarda direttamente il commissario, ma piuttosto la scelta di continuare con il commissariamento anzich\u00e9 favorire una gestione ordinaria dell\u2019ente.<br \/>\n<strong>VOLTAGO<\/strong> Oggi alle 18 consiglio comunale nella sala Civica Gianni De Col. All\u2019ordine del giorno la verifica delle aree fabbricabili, l\u2019approvazione del bilancio di previsione e le comunicazioni del sindaco<br \/>\n<strong>FALCADE<\/strong> Il secondo test di ingresso allo Ski College Veneto di Falcade per la stagione 2024-2025, dedicato allo sci alpino e allo snowboard, si terr\u00e0 mercoled\u00ec 3 aprile 2024<br \/>\n<strong>AGORDO<\/strong> L\u2019assemblea della sezione agordina del Cai si terr\u00e0 sabato 23 aprile alle 17.30 in sala Don Tamis<br \/>\n<strong>BELLUNO<\/strong> Si apre il 23 marzo il calendario degli eventi verso la seconda edizione del Belluno Pride 2024 con un incontro di formazione e informazione condotto dalla docente, psicologa e sessuologa Alberta Xodo.<\/p>\n<h2><strong>VIDEO\u00a0 \u00a0in diretta dalle 8 del mattino<\/strong><\/h2>\n<p><iframe loading=\"lazy\" title=\"DAL 1983 LA RASSEGNA STAMPA LOCALE di mirko mezzacasa. L&#039;ORIGINALE\" width=\"1200\" height=\"675\" src=\"https:\/\/www.youtube.com\/embed\/QfJoB_hNbho?feature=oembed\" frameborder=\"0\" allow=\"accelerometer; autoplay; clipboard-write; encrypted-media; gyroscope; picture-in-picture; web-share\" allowfullscreen><\/iframe><\/p>\n<hr \/>\n<p>&nbsp;<\/p>\n<blockquote>\n<h3><\/h3>\n<h3>INCIDENTE A PREGANZIOL. PERDE LA VITA UN MOTOCICLISTA ORIGINARIO DEL BELLUNESE<\/h3>\n<\/blockquote>\n<p><strong><a class=\"dt-pswp-item\" href=\"https:\/\/www.radiopiu.net\/wordpress\/wp-content\/uploads\/2024\/03\/SenAza-nome.png\" data-dt-img-description=\"\" data-large_image_width=\"513\" data-large_image_height=\"469\"><img loading=\"lazy\" decoding=\"async\" class=\"wp-image-380139 alignleft\" src=\"https:\/\/www.radiopiu.net\/wordpress\/wp-content\/uploads\/2024\/03\/SenAza-nome-300x274.png\" alt=\"\" width=\"150\" height=\"137\" srcset=\"https:\/\/www.radiopiu.net\/wordpress\/wp-content\/uploads\/2024\/03\/SenAza-nome-300x274.png 300w, https:\/\/www.radiopiu.net\/wordpress\/wp-content\/uploads\/2024\/03\/SenAza-nome.png 513w\" sizes=\"auto, (max-width: 150px) 100vw, 150px\" \/><\/a>REDAZIONE<\/strong> In un incidente mortale avvenuto a Preganziol lungo il Terraglio di fronte al Cash &amp; Carry, Elvio Ribul Mazzola, un motociclista 70enne originario del Bellunese ma residente a Casier, ha perso la vita dopo uno scontro con un furgone. L&#8217;incidente \u00e8 avvenuto intorno alle 11 di ieri e sul posto sono intervenuti immediatamente i Carabinieri, la Polizia Locale e i soccorritori del Suem, che hanno purtroppo constatato il decesso del motociclista. La dinamica dell&#8217;incidente \u00e8 attualmente sotto indagine: secondo le prime ricostruzioni, il motociclista viaggiava su una Yamaha in direzione Treviso provenendo da Mestre e avrebbe impattato con la parte posteriore di un furgoncino che usciva dal parcheggio del Cash &amp; Carry, svoltando a sinistra verso Mestre. Dopo lo scontro, il motociclista \u00e8 finito nel fossato a bordo strada.<\/p>\n<p>&nbsp;<\/p>\n<p><strong class=\"photoswipe-wrapper\"><a class=\"dt-pswp-item pspw-wrap-ready\" href=\"https:\/\/www.radiopiu.net\/wordpress\/wp-content\/uploads\/2024\/01\/Senza-nome-34.png\" data-dt-img-description=\"\" data-large_image_width=\"239\" data-large_image_height=\"153\"><img loading=\"lazy\" decoding=\"async\" class=\"wp-image-369478 alignleft\" src=\"https:\/\/www.radiopiu.net\/wordpress\/wp-content\/uploads\/2024\/01\/Senza-nome-34.png\" alt=\"\" width=\"128\" height=\"82\" \/><\/a><\/strong><\/p>\n<h1 class=\"_title post-title entry-title\"><\/h1>\n<p><strong>dal TG BELLUNESE di\u00a0 ANTENNA 3 ogni sera alle 19.30 sul canale 10 del digitale terrestre e alle 19 le anticipazioni alla radio.\u00a0 \u00a0<\/strong><\/p>\n<p>&nbsp;<\/p>\n<p>Intervistati ALESSANDRO ZANON (Genero di Elvio Ribul Mazzola) (Servizio di\u00a0<a href=\"https:\/\/antennatre.medianordest.it\/redazione\/Sharon-Di-Carlo\/\">Sharon Di Carlo<\/a>)<\/p>\n<p><iframe loading=\"lazy\" title=\"MOTOCICLISTA MUORE SUL TERRAGLIO, IL DOLORE DEL GENERO: \u00abERA UN NONNO INCREDIBILE\u00bb | 20\/03\/2024\" width=\"1200\" height=\"675\" src=\"https:\/\/www.youtube.com\/embed\/vwtma6jp8ok?feature=oembed\" frameborder=\"0\" allow=\"accelerometer; autoplay; clipboard-write; encrypted-media; gyroscope; picture-in-picture; web-share\" allowfullscreen><\/iframe><\/p>\n<p>&nbsp;<\/p>\n<p>&nbsp;<\/p>\n<hr \/>\n<p>&nbsp;<\/p>\n<div class=\"flex-1 overflow-hidden\">\n<div class=\"react-scroll-to-bottom--css-pfpis-79elbk h-full\">\n<div class=\"react-scroll-to-bottom--css-pfpis-1n7m0yu\">\n<div class=\"flex flex-col text-sm pb-9\">\n<div class=\"w-full text-token-text-primary\" data-testid=\"conversation-turn-3\">\n<div class=\"px-4 py-2 justify-center text-base md:gap-6 m-auto\">\n<div class=\"flex flex-1 text-base mx-auto gap-3 md:px-5 lg:px-1 xl:px-5 md:max-w-3xl lg:max-w-[40rem] xl:max-w-[48rem] group final-completion\">\n<div class=\"relative flex w-full flex-col agent-turn\">\n<div class=\"flex-col gap-1 md:gap-3\">\n<div class=\"flex flex-grow flex-col max-w-full\">\n<div class=\"min-h-[20px] text-message flex flex-col items-start gap-3 whitespace-pre-wrap break-words [.text-message+&amp;]:mt-5 overflow-x-auto\" data-message-author-role=\"assistant\" data-message-id=\"fb1bd500-3fba-42f4-8f87-9abf6697bb65\">\n<div class=\"markdown prose w-full break-words dark:prose-invert dark\">\n<blockquote>\n<h3>&#8220;Motociclista Ferito in Incidente Lungo Via Feltre: Dinamica Ancora al Vaglio della Polizia Locale&#8221;<\/h3>\n<\/blockquote>\n<\/div>\n<\/div>\n<\/div>\n<\/div>\n<\/div>\n<\/div>\n<\/div>\n<\/div>\n<\/div>\n<\/div>\n<\/div>\n<\/div>\n<div class=\"flex-1 overflow-hidden\">\n<div class=\"react-scroll-to-bottom--css-nvffm-79elbk h-full\">\n<div class=\"react-scroll-to-bottom--css-nvffm-1n7m0yu\">\n<div class=\"flex flex-col text-sm pb-9\">\n<div class=\"w-full text-token-text-primary\" data-testid=\"conversation-turn-11\">\n<div class=\"px-4 py-2 justify-center text-base md:gap-6 m-auto\">\n<div class=\"flex flex-1 text-base mx-auto gap-3 md:px-5 lg:px-1 xl:px-5 md:max-w-3xl lg:max-w-[40rem] xl:max-w-[48rem] group final-completion\">\n<div class=\"relative flex w-full flex-col agent-turn\">\n<div class=\"flex-col gap-1 md:gap-3\">\n<div class=\"flex flex-grow flex-col max-w-full\">\n<div class=\"min-h-[20px] text-message flex flex-col items-start gap-3 whitespace-pre-wrap break-words [.text-message+&amp;]:mt-5 overflow-x-auto\" data-message-author-role=\"assistant\" data-message-id=\"a5559914-28af-4315-98b0-d318be4b0b0d\">\n<div class=\"markdown prose w-full break-words dark:prose-invert dark\">\n<p><strong>BELLUNO<\/strong> Incidente ieri alle 13 lungo via Feltre, all&#8217;altezza della pizzeria Bella Napoli. Un motociclista \u00e8 stato ferito e trasferito al pronto soccorso del San Martino, giudicato guaribile in pochi giorni. Conducente dell&#8217;auto illesa ma visibilmente provata. La dinamica \u00e8 al vaglio della polizia locale, intervenuta con i vigili del fuoco per mettere in sicurezza la zona. L&#8217;impatto sembra essere avvenuto mentre l&#8217;auto si immetteva sulla strada. Fortunatamente, solo traumi lievi per il motociclista. La strada \u00e8 stata ripulita e il traffico ha subito rallentamenti.<\/p>\n<\/div>\n<\/div>\n<\/div>\n<\/div>\n<\/div>\n<\/div>\n<\/div>\n<\/div>\n<\/div>\n<\/div>\n<\/div>\n<\/div>\n<div class=\"w-full pt-2 md:pt-0 dark:border-white\/20 md:border-transparent md:dark:border-transparent md:w-[calc(100%-.5rem)]\">\n<form class=\"stretch mx-2 flex flex-row gap-3 last:mb-2 md:mx-4 md:last:mb-6 lg:mx-auto lg:max-w-2xl xl:max-w-3xl\">\n<div class=\"relative flex h-full flex-1 flex-col\">\n<div class=\"absolute bottom-full left-0 right-0\"><\/div>\n<div class=\"flex w-full items-center\"><\/div>\n<\/div>\n<\/form>\n<\/div>\n<hr \/>\n<p>&nbsp;<\/p>\n<blockquote>\n<h3>LA SOLITA TRUFFA, MA LA DONNA ANZIANA E&#8217;\u00a0 SVEGLIA E ISTRUITA<\/h3>\n<\/blockquote>\n<div class=\"articlePlainText\"><strong><a class=\"dt-pswp-item\" href=\"https:\/\/www.radiopiu.net\/wordpress\/wp-content\/uploads\/2018\/03\/truffa-anziana-610x264.jpg\" data-dt-img-description=\"\" data-large_image_width=\"610\" data-large_image_height=\"264\"><img loading=\"lazy\" decoding=\"async\" class=\"size-medium wp-image-44797 alignleft\" src=\"https:\/\/www.radiopiu.net\/wordpress\/wp-content\/uploads\/2018\/03\/truffa-anziana-610x264-300x130.jpg\" alt=\"\" width=\"300\" height=\"130\" srcset=\"https:\/\/www.radiopiu.net\/wordpress\/wp-content\/uploads\/2018\/03\/truffa-anziana-610x264-300x130.jpg 300w, https:\/\/www.radiopiu.net\/wordpress\/wp-content\/uploads\/2018\/03\/truffa-anziana-610x264.jpg 610w\" sizes=\"auto, (max-width: 300px) 100vw, 300px\" \/><\/a>BELLUNO<\/strong><em> \u00abIl mio telefono fisso \u00e8 suonato l&#8217;altro giorno e ho risposto come al solito\u00bb<\/em>, racconta una bellunese di 83 anni,\u00a0 <em>\u00abuna voce femminile mi ha avvertito che mia figlia era in non meglio precisate difficolt\u00e0 e ci voleva tutto il denaro possibile, per risolvere la questione. Una somma importante per la quale probabilmente avrei dovuto impegnare anche qualche gioiello di famiglia\u00bb<\/em>.<\/div>\n<div><\/div>\n<div>Una anziana di 83 anni racconta di essere stata contattata da una presunta truffatrice che cercava di convincerla a consegnare denaro e gioielli per risolvere problemi immaginari della figlia. La donna, per\u00f2, non \u00e8 caduta nella trappola e ha risposto con astuzia, mettendo in guardia la presunta truffatrice e rifiutando di cedere alle sue richieste. Successivamente ha contattato i carabinieri per segnalare l&#8217;accaduto e avviare indagini. L&#8217;anziana mette in evidenza la vulnerabilit\u00e0 delle persone anziane e solitarie di fronte a queste truffe, raccomandando prudenza e cautela nelle interazioni e nelle risposte ai contatti sospetti.<\/div>\n<div class=\"articlePlainText\"><\/div>\n<p>&nbsp;<\/p>\n<p>&nbsp;<\/p>\n<hr \/>\n<p>&nbsp;<\/p>\n<blockquote>\n<h2><a class=\"dt-pswp-item\" href=\"https:\/\/www.radiopiu.net\/wordpress\/wp-content\/uploads\/2023\/10\/diga-vanoi.jpg\" data-dt-img-description=\"\" data-large_image_width=\"382\" data-large_image_height=\"254\"><img loading=\"lazy\" decoding=\"async\" class=\"wp-image-356183 alignleft\" src=\"https:\/\/www.radiopiu.net\/wordpress\/wp-content\/uploads\/2023\/10\/diga-vanoi-300x199.jpg\" alt=\"\" width=\"110\" height=\"73\" srcset=\"https:\/\/www.radiopiu.net\/wordpress\/wp-content\/uploads\/2023\/10\/diga-vanoi-300x199.jpg 300w, https:\/\/www.radiopiu.net\/wordpress\/wp-content\/uploads\/2023\/10\/diga-vanoi.jpg 382w\" sizes=\"auto, (max-width: 110px) 100vw, 110px\" \/><\/a>DIGA DEL VANOI? NO GRAZIE!\u00a0 \u00abSicuri delle possibili alternative per salvare il torrente Vanoi\u00bb,<\/h2>\n<\/blockquote>\n<div class=\"articlePlainText\">Un flash mob al colle di Gorna, a Sovramonte, nel segno della celebrazione della giornata mondiale dell&#8217;acqua ma anche della protesta contro il progetto della diga sul Vanoi. L&#8217;iniziativa \u00e8 in calendario per venerd\u00ec, in occasione\u00a0 della giornata dedicata all&#8217;acqua. La manifestazione si terr\u00e0 al colle di Gorna dalle 17 alle 18.<\/div>\n<p>&nbsp;<\/p>\n<p>&nbsp;<\/p>\n<hr \/>\n<p>&nbsp;<\/p>\n<p><span style=\"color: #ff0000;\">LA GIUDIZIARIA OGGI<\/span><br \/>\n<span style=\"color: #ff0000;\">DI GIGI SOSSO, SINTESI DAL CORRIERE DELLE ALPI\u00a0<\/span><\/p>\n<p><strong>BELLUNO<\/strong> \u00e8 a processo per omissione di soccorso dopo un incidente in cui una Volkswagen Scirocco \u00e8 finita fuori strada per un sorpasso azzardato del furgone aziendale Mercedes Sprinter da lui guidato, sulla regionale 203 Agordina. Gli altri operai a bordo dormivano, quindi non possono testimoniare sulla sua condotta. Il camionista ha riferito danni allo specchietto retrovisore, ma l&#8217;esito del processo rimane incerto.<\/p>\n<div class=\"flex-1 overflow-hidden\">\n<div class=\"react-scroll-to-bottom--css-pfpis-79elbk h-full\">\n<div class=\"react-scroll-to-bottom--css-pfpis-1n7m0yu\">\n<div class=\"flex flex-col text-sm pb-9\">\n<div class=\"w-full text-token-text-primary\" data-testid=\"conversation-turn-5\">\n<div class=\"px-4 py-2 justify-center text-base md:gap-6 m-auto\">\n<div class=\"flex flex-1 text-base mx-auto gap-3 md:px-5 lg:px-1 xl:px-5 md:max-w-3xl lg:max-w-[40rem] xl:max-w-[48rem] group final-completion\">\n<div class=\"relative flex w-full flex-col agent-turn\">\n<div class=\"flex-col gap-1 md:gap-3\">\n<div class=\"mt-1 flex justify-start gap-3 empty:hidden\">\n<div class=\"text-gray-400 flex self-end lg:self-center items-center justify-center lg:justify-start mt-0 -ml-1 h-7 gap-[2px] visible\">\n<div class=\"flex\">\n<p><strong><strong>FELTRE <\/strong><\/strong>Dopo episodi di violenza domestica, la moglie ha perdonato il marito e desidera riportarlo a casa. Avvieranno un percorso di riconciliazione con un colloquio al consultorio familiare di Feltre, seguito da un patteggiamento per maltrattamenti e lesioni. Il giudice per le udienze preliminari ha concesso un&#8217;altra possibilit\u00e0 all&#8217;uomo, rimandando l&#8217;udienza per consentire questo lavoro comune, nonostante episodi di violenza gravi documentati da certificati medici.<\/p>\n<div class=\"flex-1 overflow-hidden\">\n<div class=\"react-scroll-to-bottom--css-pfpis-79elbk h-full\">\n<div class=\"react-scroll-to-bottom--css-pfpis-1n7m0yu\">\n<div class=\"flex flex-col text-sm pb-9\">\n<div class=\"w-full text-token-text-primary\" data-testid=\"conversation-turn-7\">\n<div class=\"px-4 py-2 justify-center text-base md:gap-6 m-auto\">\n<div class=\"flex flex-1 text-base mx-auto gap-3 md:px-5 lg:px-1 xl:px-5 md:max-w-3xl lg:max-w-[40rem] xl:max-w-[48rem] group final-completion\">\n<div class=\"relative flex w-full flex-col agent-turn\">\n<div class=\"flex items-center gap-1.5 text-xs\"><\/div>\n<div class=\"flex-col gap-1 md:gap-3\">\n<div class=\"mt-1 flex justify-start gap-3 empty:hidden\">\n<div class=\"text-gray-400 flex self-end lg:self-center items-center justify-center lg:justify-start mt-0 -ml-1 h-7 gap-[2px] visible\">\n<div class=\"flex\">\n<p><strong>SANTA GIUSTINA<\/strong> Un padre di famiglia di nazionalit\u00e0 romena \u00e8 rinviato a giudizio per maltrattamenti, atti persecutori e danneggiamento nei confronti della moglie. Nonostante non sia giunto al femminicidio, il clima di convivenza diventa insopportabile, portando la donna a chiedere la separazione. Il processo, con l&#8217;uomo\u00a0 inizier\u00e0 nei prossimi mesi, mentre l&#8217;ex moglie si costituisce parte civile per richiedere un risarcimento danni.<\/p>\n<div class=\"flex-1 overflow-hidden\">\n<div class=\"react-scroll-to-bottom--css-pfpis-79elbk h-full\">\n<div class=\"react-scroll-to-bottom--css-pfpis-1n7m0yu\">\n<div class=\"flex flex-col text-sm pb-9\">\n<div class=\"w-full text-token-text-primary\" data-testid=\"conversation-turn-9\">\n<div class=\"px-4 py-2 justify-center text-base md:gap-6 m-auto\">\n<div class=\"flex flex-1 text-base mx-auto gap-3 md:px-5 lg:px-1 xl:px-5 md:max-w-3xl lg:max-w-[40rem] xl:max-w-[48rem] group final-completion\">\n<div class=\"relative flex w-full flex-col agent-turn\">\n<div class=\"flex-col gap-1 md:gap-3\">\n<div class=\"mt-1 flex justify-start gap-3 empty:hidden\">\n<div class=\"text-gray-400 flex self-end lg:self-center items-center justify-center lg:justify-start mt-0 -ml-1 h-7 gap-[2px] visible\"><\/div>\n<\/div>\n<\/div>\n<\/div>\n<\/div>\n<\/div>\n<\/div>\n<\/div>\n<\/div>\n<\/div>\n<\/div>\n<\/div>\n<\/div>\n<\/div>\n<\/div>\n<\/div>\n<\/div>\n<\/div>\n<\/div>\n<\/div>\n<\/div>\n<\/div>\n<\/div>\n<\/div>\n<\/div>\n<\/div>\n<\/div>\n<\/div>\n<\/div>\n<\/div>\n<\/div>\n<\/div>\n<\/div>\n<\/div>\n<\/div>\n<div class=\"w-full pt-2 md:pt-0 dark:border-white\/20 md:border-transparent md:dark:border-transparent md:w-[calc(100%-.5rem)]\">\n<form class=\"stretch mx-2 flex flex-row gap-3 last:mb-2 md:mx-4 md:last:mb-6 lg:mx-auto lg:max-w-2xl xl:max-w-3xl\">\n<div class=\"relative flex h-full flex-1 flex-col\">\n<div class=\"flex w-full items-center\"><\/div>\n<\/div>\n<\/form>\n<\/div>\n<p>&nbsp;<\/p>\n<hr \/>\n<p>&nbsp;<\/p>\n<blockquote>\n<h3>IN VENETO OLTRE 500 BENI CONFISCATI (IN MODO DEFINITIVO E NON) ALLA CRIMINALIT\u00c0 ORGANIZZATA<\/h3>\n<\/blockquote>\n<p><strong><a class=\"dt-pswp-item\" href=\"https:\/\/www.radiopiu.net\/wordpress\/wp-content\/uploads\/2023\/02\/SPI-CGIL.png\" data-dt-img-description=\"\" data-large_image_width=\"278\" data-large_image_height=\"244\"><img loading=\"lazy\" decoding=\"async\" class=\" wp-image-322694 alignleft\" src=\"https:\/\/www.radiopiu.net\/wordpress\/wp-content\/uploads\/2023\/02\/SPI-CGIL.png\" alt=\"\" width=\"149\" height=\"131\" \/><\/a>VENEZIA <\/strong>Il report di Libera del 2024 rivela che in Veneto sono stati confiscati 492 beni immobili e 36 aziende per contrastare le mafie, mostrando una crescita rispetto agli anni precedenti. Tuttavia, su 492 beni, solo 227 sono gestiti, mentre il resto \u00e8 inutilizzato. Anche delle 36 aziende se ne gestiscono solo 21. Il governo Meloni ha tagliato di 300 milioni di euro i fondi Pnrr per valorizzare i beni confiscati in Italia, suscitando preoccupazioni. Oggi, un gruppo di pensionati e studenti del Veneto parteciper\u00e0 alla manifestazione a Roma per la Giornata della memoria delle vittime delle mafie, promossa da Libera e Avviso Pubblico. Lo Spi di Belluno sostiene la battaglia per la legalit\u00e0 e partecipa attivamente a iniziative <a class=\"dt-pswp-item\" href=\"https:\/\/www.radiopiu.net\/wordpress\/wp-content\/uploads\/2020\/03\/spi-2.jpg\" data-dt-img-description=\"\" data-large_image_width=\"300\" data-large_image_height=\"168\"><img loading=\"lazy\" decoding=\"async\" class=\"wp-image-366014 alignright\" src=\"https:\/\/www.radiopiu.net\/wordpress\/wp-content\/uploads\/2020\/03\/spi-2.jpg\" alt=\"\" width=\"169\" height=\"95\" \/><\/a>come i campi della legalit\u00e0 a Calalzo, Longarone, Corleone e Isola Capo Rizzuto. I volontari contribuiscono con trasporti e mense e promuovono i valori della giustizia e della rettitudine tra i giovani e nella comunit\u00e0. Domani, lo Spi di Belluno parteciper\u00e0 all&#8217;iniziativa di Libera Cadore a Pieve di Cadore in occasione della Giornata della memoria delle vittime delle mafie.<\/p>\n<h2><span style=\"color: #0000ff;\"><strong>OGGI ALLA RADIO, ALLE 10.30 E 1900 CON MARIA RITA GENTILIN, SEGRETARIA SPI CGIL BELLUNO<\/strong><\/span><\/h2>\n<p>&nbsp;<\/p>\n<hr \/>\n<p>&nbsp;<\/p>\n<blockquote>\n<h2><strong> <a class=\"dt-pswp-item\" href=\"https:\/\/www.radiopiu.net\/wordpress\/wp-content\/uploads\/2024\/03\/Via-Bonsembiante.jpg\" data-dt-img-description=\"\" data-large_image_width=\"1920\" data-large_image_height=\"1080\"><img loading=\"lazy\" decoding=\"async\" class=\" wp-image-380042 alignleft\" src=\"https:\/\/www.radiopiu.net\/wordpress\/wp-content\/uploads\/2024\/03\/Via-Bonsembiante-300x169.jpg\" alt=\"\" width=\"264\" height=\"149\" srcset=\"https:\/\/www.radiopiu.net\/wordpress\/wp-content\/uploads\/2024\/03\/Via-Bonsembiante-300x169.jpg 300w, https:\/\/www.radiopiu.net\/wordpress\/wp-content\/uploads\/2024\/03\/Via-Bonsembiante-1024x576.jpg 1024w, https:\/\/www.radiopiu.net\/wordpress\/wp-content\/uploads\/2024\/03\/Via-Bonsembiante-768x432.jpg 768w, https:\/\/www.radiopiu.net\/wordpress\/wp-content\/uploads\/2024\/03\/Via-Bonsembiante-1536x864.jpg 1536w, https:\/\/www.radiopiu.net\/wordpress\/wp-content\/uploads\/2024\/03\/Via-Bonsembiante.jpg 1920w\" sizes=\"auto, (max-width: 264px) 100vw, 264px\" \/><\/a>Investimento di 550 mila euro per la Sicurezza Idrogeologica a Farra: Approvato il Secondo Lotto di Lavori<\/strong><strong style=\"font-size: 14px;\">\u00a0<\/strong><\/h2>\n<\/blockquote>\n<p><strong>FELTRE<\/strong> La giunta comunale di Farra ha approvato il secondo lotto di lavori per migliorare la sicurezza idrogeologica della zona, investendo complessivamente 550 mila euro. I lavori, candidati al PNRR e finanziati in parte dal Fondo PNRR M2C4-2.2, includono la realizzazione di tre opere: un fosso di guardia lungo via Bonsembiante, un bacino di laminazione lungo la stessa via e un tratto di condotta lungo via Soppelsa. Un ulteriore intervento \u00e8 previsto in via Ita. Il finanziamento prevede 375 mila euro dai fondi del PNRR e ulteriori 175 mila euro da un mutuo presso la Cassa Depositi e Prestiti. Gli interventi sono cruciali per migliorare la sicurezza idrogeologica di una zona vulnerabile e si prevede di completarli entro l&#8217;autunno di quest&#8217;anno.<em> \u201cIl progetto definitivo-esecutivo approvato in giunta, spiega l&#8217;assessore i lavori pubblici del Comune di Feltre Andrea Bona, prevede la realizzazione di tre opere che fanno parte degli interventi di secondo stralcio del progetto approvato nel 2017.\u00a0\u00a0<\/em><\/p>\n<p>&nbsp;<\/p>\n<hr \/>\n<p>&nbsp;<\/p>\n<blockquote>\n<h3>ARRIGO CIPRIANI A COLLOQUIO CON GLI STUDENTI DELL&#8217;ITS ACADEMY TURISMO VENETO<\/h3>\n<\/blockquote>\n<p><strong><a class=\"dt-pswp-item\" href=\"https:\/\/www.radiopiu.net\/wordpress\/wp-content\/uploads\/2024\/03\/46f97885-9342-4ea4-bbfc-8b0d40b82297.jpg\" data-dt-img-description=\"\" data-large_image_width=\"2048\" data-large_image_height=\"1538\"><img loading=\"lazy\" decoding=\"async\" class=\" wp-image-380123 alignleft\" src=\"https:\/\/www.radiopiu.net\/wordpress\/wp-content\/uploads\/2024\/03\/46f97885-9342-4ea4-bbfc-8b0d40b82297-300x225.jpg\" alt=\"\" width=\"129\" height=\"97\" srcset=\"https:\/\/www.radiopiu.net\/wordpress\/wp-content\/uploads\/2024\/03\/46f97885-9342-4ea4-bbfc-8b0d40b82297-300x225.jpg 300w, https:\/\/www.radiopiu.net\/wordpress\/wp-content\/uploads\/2024\/03\/46f97885-9342-4ea4-bbfc-8b0d40b82297-1024x769.jpg 1024w, https:\/\/www.radiopiu.net\/wordpress\/wp-content\/uploads\/2024\/03\/46f97885-9342-4ea4-bbfc-8b0d40b82297-768x577.jpg 768w, https:\/\/www.radiopiu.net\/wordpress\/wp-content\/uploads\/2024\/03\/46f97885-9342-4ea4-bbfc-8b0d40b82297-1536x1154.jpg 1536w, https:\/\/www.radiopiu.net\/wordpress\/wp-content\/uploads\/2024\/03\/46f97885-9342-4ea4-bbfc-8b0d40b82297.jpg 2048w\" sizes=\"auto, (max-width: 129px) 100vw, 129px\" \/><\/a>BELLUNO<\/strong> Il patron dell&#8217;Harry&#8217;s Bar di Venezia, Arrigo Cipriani, a Belluno per parlare con gli studenti dell&#8217;ITS Turismo; l&#8217;occasione anche per confrontarsi con uno dei pi\u00f9 grandi imprenditori mondiali dell&#8217;accoglienza e della promozione turistica sul presente e futuro del turismo bellunese.<\/p>\n<p><strong>DI DANIELE DALVIT<\/strong><\/p>\n<audio class=\"wp-audio-shortcode\" id=\"audio-379972-5\" preload=\"none\" style=\"width: 100%;\" controls=\"controls\"><source type=\"audio\/mpeg\" src=\"https:\/\/www.radiopiu.net\/wordpress\/wp-content\/uploads\/2024\/03\/Radio-Piu-Servizio-Cipriani-ITS-Turismo.mp3?_=5\" \/><a href=\"https:\/\/www.radiopiu.net\/wordpress\/wp-content\/uploads\/2024\/03\/Radio-Piu-Servizio-Cipriani-ITS-Turismo.mp3\">https:\/\/www.radiopiu.net\/wordpress\/wp-content\/uploads\/2024\/03\/Radio-Piu-Servizio-Cipriani-ITS-Turismo.mp3<\/a><\/audio>\n<p>&nbsp;<\/p>\n<p>&nbsp;<\/p>\n<hr \/>\n<p><strong class=\"photoswipe-wrapper\"><a class=\"dt-pswp-item pspw-wrap-ready\" href=\"https:\/\/www.radiopiu.net\/wordpress\/wp-content\/uploads\/2024\/01\/Senza-nome-34.png\" data-dt-img-description=\"\" data-large_image_width=\"239\" data-large_image_height=\"153\"><img loading=\"lazy\" decoding=\"async\" class=\"wp-image-369478 alignleft\" src=\"https:\/\/www.radiopiu.net\/wordpress\/wp-content\/uploads\/2024\/01\/Senza-nome-34.png\" alt=\"\" width=\"128\" height=\"82\" \/><\/a><\/strong><\/p>\n<h1 class=\"_title post-title entry-title\"><\/h1>\n<p><strong>dal TG BELLUNESE di\u00a0 ANTENNA 3 ogni sera alle 19.30 sul canale 10 del digitale terrestre e alle 19 le anticipazioni alla radio.\u00a0 \u00a0<\/strong><\/p>\n<p>&nbsp;<\/p>\n<h1 class=\"_title post-title entry-title\">A LEVEGO \u2018EMOZIONE E ORGOGLIO\u2019 PER IL NUOVO PIAZZALE IN MEMORIA DI EMANUELA LOI<\/h1>\n<p>Intervistati MARIA TERESA CASSOL (PRESIDENTE COMMISSIONE PARI OPPORTUNITA\u2019 COMUNE DI BELLUNO) (Servizio di\u00a0<a href=\"https:\/\/antennatre.medianordest.it\/redazione\/Tiziana-Bolognani\/\">Tiziana Bolognani<\/a>)<\/p>\n<p>&nbsp;<\/p>\n<p><iframe loading=\"lazy\" title=\"A LEVEGO &#039;EMOZIONE E ORGOGLIO&#039; PER IL NUOVO PIAZZALE IN MEMORIA DI EMANUELA LOI | 20\/03\/2024\" width=\"1200\" height=\"675\" src=\"https:\/\/www.youtube.com\/embed\/FbfEH5F8m_A?feature=oembed\" frameborder=\"0\" allow=\"accelerometer; autoplay; clipboard-write; encrypted-media; gyroscope; picture-in-picture; web-share\" allowfullscreen><\/iframe><\/p>\n<p>&nbsp;<\/p>\n<hr \/>\n<p>&nbsp;<\/p>\n<blockquote>\n<h2>Una Primavera di Eventi per la Fondazione Papa Luciani di Canale d&#8217;Agordo<\/h2>\n<\/blockquote>\n<p><strong><a class=\"dt-pswp-item\" href=\"https:\/\/www.radiopiu.net\/wordpress\/wp-content\/uploads\/2024\/03\/canale-museo-luciani-papa-1.jpg\" data-dt-img-description=\"\" data-large_image_width=\"866\" data-large_image_height=\"1299\"><img loading=\"lazy\" decoding=\"async\" class=\"wp-image-380036 alignleft\" src=\"https:\/\/www.radiopiu.net\/wordpress\/wp-content\/uploads\/2024\/03\/canale-museo-luciani-papa-1-200x300.jpg\" alt=\"\" width=\"106\" height=\"159\" srcset=\"https:\/\/www.radiopiu.net\/wordpress\/wp-content\/uploads\/2024\/03\/canale-museo-luciani-papa-1-200x300.jpg 200w, https:\/\/www.radiopiu.net\/wordpress\/wp-content\/uploads\/2024\/03\/canale-museo-luciani-papa-1-683x1024.jpg 683w, https:\/\/www.radiopiu.net\/wordpress\/wp-content\/uploads\/2024\/03\/canale-museo-luciani-papa-1-768x1152.jpg 768w, https:\/\/www.radiopiu.net\/wordpress\/wp-content\/uploads\/2024\/03\/canale-museo-luciani-papa-1.jpg 866w\" sizes=\"auto, (max-width: 106px) 100vw, 106px\" \/><\/a>CANALE D&#8217;AGORDO<\/strong> Una serie di iniziative di spicco caratterizzano il programma di aprile della Fondazione Papa Luciani. Tra questi, una conferenza stampa generale, due giornate di porte aperte per operatori turistici e giornalisti del Triveneto, e il primo meeting degli Ecomusei regionali. Gli eventi, che coinvolgeranno l&#8217;intera Valle del Biois, includono presentazioni legate al Bicentenario della nascita del Cav. Della Lucia e alla rassegna annuale &#8220;Appuntamento estivo con Papa Luciani&#8221;.\u00a0 Previsti inotre open day e incontri tematici che permetteranno di esplorare le bellezze naturali e culturali della Valle del Biois. A maggio eventi dedicati al Cavalier don Antonio Della Lucia, a 200 anni dalla nascita, fu il pioniere del cooperativismo del latte in Italia. <em><span style=\"font-family: Arial, sans-serif;\"><span style=\"font-size: small;\">\u00abSar\u00e0 un 2024 ricco di appuntamenti \u2013 dice il direttore Loris Serafini \u2013 un programma denso e pieno di iniziative che ricorderanno le personalit\u00e0 alla base della formazione del beato papa Giovanni Paolo I e celebreranno tutto quello che il suo territorio pu\u00f2 offrire sotto molti punti di vista, da quella naturalistico a quello storico e culturale\u00bb.<\/span><\/span><\/em><\/p>\n<p>&nbsp;<\/p>\n<p>&nbsp;<\/p>\n<hr \/>\n<p>&nbsp;<\/p>\n<blockquote>\n<h3>REVISIONE DEL NUOVO POLO SCOLASTICO &#8220;BAMBINI DEL VAJONT&#8221;<\/h3>\n<\/blockquote>\n<p><strong><a class=\"dt-pswp-item\" href=\"https:\/\/www.radiopiu.net\/wordpress\/wp-content\/uploads\/2023\/03\/MUNICIPIO-LONGARONE-scaled.jpg\" data-dt-img-description=\"\" data-large_image_width=\"2560\" data-large_image_height=\"1707\"><img loading=\"lazy\" decoding=\"async\" class=\" wp-image-328192 alignleft\" src=\"https:\/\/www.radiopiu.net\/wordpress\/wp-content\/uploads\/2023\/03\/MUNICIPIO-LONGARONE-300x200.jpg\" alt=\"\" width=\"173\" height=\"115\" srcset=\"https:\/\/www.radiopiu.net\/wordpress\/wp-content\/uploads\/2023\/03\/MUNICIPIO-LONGARONE-300x200.jpg 300w, https:\/\/www.radiopiu.net\/wordpress\/wp-content\/uploads\/2023\/03\/MUNICIPIO-LONGARONE-1024x683.jpg 1024w, https:\/\/www.radiopiu.net\/wordpress\/wp-content\/uploads\/2023\/03\/MUNICIPIO-LONGARONE-768x512.jpg 768w, https:\/\/www.radiopiu.net\/wordpress\/wp-content\/uploads\/2023\/03\/MUNICIPIO-LONGARONE-1536x1024.jpg 1536w, https:\/\/www.radiopiu.net\/wordpress\/wp-content\/uploads\/2023\/03\/MUNICIPIO-LONGARONE-2048x1366.jpg 2048w\" sizes=\"auto, (max-width: 173px) 100vw, 173px\" \/><\/a>LONGARONE<\/strong> L&#8217;Amministrazione di Longarone chiarisce il progetto del polo scolastico &#8220;Bambini del Vajont&#8221;. Nonostante il contributo Pnrr di 7,6 milioni di euro, vincoli culturali impediscono la demolizione dell&#8217;edificio della scuola primaria. Il sindaco, Roberto Padrin, ha contattato il Miur per soluzioni alternative. Una revisione prevede la demolizione e ricostruzione della scuola media, garantendo il finanziamento. La priorit\u00e0 \u00e8 garantire la sicurezza sismica e l&#8217;efficienza energetica. La nuova scuola media non interferisce con il piano alluvioni. L&#8217;Amministrazione mira a chiarire la situazione e portare avanti un progetto utile alla comunit\u00e0.<\/p>\n<p>&nbsp;<\/p>\n<p>&nbsp;<\/p>\n<hr \/>\n<p>&nbsp;<\/p>\n<blockquote>\n<h3>SULLA BUONA STRADA CON LA SCUOLA PRIMARIA DI MUGNAI<\/h3>\n<\/blockquote>\n<p><strong><a class=\"dt-pswp-item\" href=\"https:\/\/www.radiopiu.net\/wordpress\/wp-content\/uploads\/2024\/03\/foto-poliz-strdale-scaled.jpg\" data-dt-img-description=\"\" data-large_image_width=\"1920\" data-large_image_height=\"2560\"><img loading=\"lazy\" decoding=\"async\" class=\" wp-image-380127 alignleft\" src=\"https:\/\/www.radiopiu.net\/wordpress\/wp-content\/uploads\/2024\/03\/foto-poliz-strdale-225x300.jpg\" alt=\"\" width=\"114\" height=\"152\" srcset=\"https:\/\/www.radiopiu.net\/wordpress\/wp-content\/uploads\/2024\/03\/foto-poliz-strdale-225x300.jpg 225w, https:\/\/www.radiopiu.net\/wordpress\/wp-content\/uploads\/2024\/03\/foto-poliz-strdale-768x1024.jpg 768w, https:\/\/www.radiopiu.net\/wordpress\/wp-content\/uploads\/2024\/03\/foto-poliz-strdale-1152x1536.jpg 1152w, https:\/\/www.radiopiu.net\/wordpress\/wp-content\/uploads\/2024\/03\/foto-poliz-strdale-1536x2048.jpg 1536w, https:\/\/www.radiopiu.net\/wordpress\/wp-content\/uploads\/2024\/03\/foto-poliz-strdale-scaled.jpg 1920w\" sizes=\"auto, (max-width: 114px) 100vw, 114px\" \/><\/a>FELTRE<\/strong> Mercoled\u00ec scorso, la scuola primaria di Mugnai ha ospitato un evento eccezionale: una vivace fila di biciclette ha invaso il cortile, trasmettendo gioia e vitalit\u00e0. Gli studenti erano chiamati a portare le proprie biciclette e caschi per partecipare a un percorso stradale organizzato dall&#8217;A.S.D Unione Ciclistica Dilettantistica Foen. L&#8217;attivit\u00e0 \u00e8 stata il culmine di un progetto di educazione stradale avviato a febbraio, con lezioni della polizia stradale di Feltre sulla sicurezza stradale. L&#8217;Unione Ciclistica Foen ha contribuito con tempo e competenze per sensibilizzare i bambini sull&#8217;uso sicuro della bicicletta e sul rispetto delle regole stradali. Gli insegnanti hanno accettato l&#8217;invito per una visita guidata alla sede della polizia. Alfonso Scopel, Paolo Zanella ed Alex Turrin dell&#8217;Unione Ciclistica Foen hanno espresso grande soddisfazione per il coinvolgimento e l&#8217;entusiasmo degli studenti, ora pi\u00f9 consapevoli sull&#8217;uso responsabile della bicicletta come mezzo di trasporto quotidiano.<\/p>\n<p>&nbsp;<\/p>\n<p>&nbsp;<\/p>\n<hr \/>\n<p>&nbsp;<\/p>\n<blockquote>\n<h2>Perplessit\u00e0 della Cgil Belluno: Giuseppe Dal Ben confermato alla guida della Ulss1 fino alle Olimpiadi del 2026<\/h2>\n<\/blockquote>\n<p><strong><img loading=\"lazy\" decoding=\"async\" class=\"alignleft\" src=\"https:\/\/www.radiopiu.net\/wordpress\/wp-content\/uploads\/2020\/03\/fp-cgil.png\" width=\"46\" height=\"50\" \/>BELLUNO <\/strong>La decisione della Regione di confermare Giuseppe Dal Ben come commissario della Ulss1 fino al 2026 ha suscitato perplessit\u00e0 nella Cgil Belluno (funzione pubblica). La contestazione non riguarda direttamente il commissario, ma piuttosto la scelta di continuare con il commissariamento anzich\u00e9 favorire una gestione ordinaria dell&#8217;ente.<\/p>\n<div class=\"flex-1 overflow-hidden\">\n<div class=\"react-scroll-to-bottom--css-pfpis-79elbk h-full\">\n<div class=\"react-scroll-to-bottom--css-pfpis-1n7m0yu\">\n<div class=\"flex flex-col text-sm pb-9\">\n<div class=\"w-full text-token-text-primary\" data-testid=\"conversation-turn-15\">\n<div class=\"px-4 py-2 justify-center text-base md:gap-6 m-auto\">\n<div class=\"flex flex-1 text-base mx-auto gap-3 md:px-5 lg:px-1 xl:px-5 md:max-w-3xl lg:max-w-[40rem] xl:max-w-[48rem] group final-completion\">\n<div class=\"relative flex w-full flex-col agent-turn\">\n<div class=\"flex-col gap-1 md:gap-3\">\n<div class=\"mt-1 flex justify-start gap-3 empty:hidden\">\n<div class=\"text-gray-400 flex self-end lg:self-center items-center justify-center lg:justify-start mt-0 -ml-1 h-7 gap-[2px] visible\"><\/div>\n<\/div>\n<\/div>\n<\/div>\n<\/div>\n<\/div>\n<\/div>\n<\/div>\n<\/div>\n<\/div>\n<\/div>\n<p><strong>ANDREA FIOCCO:<\/strong><\/p>\n<div style=\"width: 848px;\" class=\"wp-video\"><video class=\"wp-video-shortcode\" id=\"video-379972-1\" width=\"848\" height=\"478\" preload=\"metadata\" controls=\"controls\"><source type=\"video\/mp4\" src=\"https:\/\/www.radiopiu.net\/wordpress\/wp-content\/uploads\/2024\/03\/andrea-fiocco.mp4?_=1\" \/><a href=\"https:\/\/www.radiopiu.net\/wordpress\/wp-content\/uploads\/2024\/03\/andrea-fiocco.mp4\">https:\/\/www.radiopiu.net\/wordpress\/wp-content\/uploads\/2024\/03\/andrea-fiocco.mp4<\/a><\/video><\/div>\n<p>&nbsp;<\/p>\n<p>&nbsp;<\/p>\n<hr \/>\n<p>&nbsp;<\/p>\n<h2><span style=\"color: #ff0000;\">CONSIGLI COMUNALI<\/span><\/h2>\n<p><strong>VOLTAGO<\/strong> Oggi alle 18 consiglio comunale nella sala Civica Gianni De Col. All&#8217;ordine del giorno la verifica delle aree fabbricabili, l&#8217;approvazione del bilancio di previsione e le comunicazioni del sindaco<\/p>\n<p><strong>LA VALLE <\/strong>Sono tre i punti da discutere nel consiglio comunale indetto dal sindaco Ezio Zuanel per domani alle 18. Tra i temi l&#8217;adozione del regolamento per l&#8217;esercizio degli usi civici e l&#8217;istanza per il mutamento di destinazione di alcuni terreni di uso civico da affidare in concessione a Malga Caleda per uso pascolo.<\/p>\n<p>&nbsp;<\/p>\n<hr \/>\n<p>&nbsp;<\/p>\n<blockquote>\n<h3>Nuovo Segretario della Democrazia Cristiana a Belluno<\/h3>\n<\/blockquote>\n<p><strong>SELVA DI CADORE<\/strong> Leopoldo Lezuo, 62 anni, assume l&#8217;incarico di segretario della Democrazia Cristiana in provincia. L&#8217;annuncio \u00e8 stato dato a Selva di Cadore in presenza dei vertici veneti del partito. La riunione \u00e8 stata introdotta da Adriano Peretti, neo segretario della citt\u00e0 metropolitana di Venezia.<\/p>\n<p>di GIANNI SANTOMASO<\/p>\n<div class=\"flex-1 overflow-hidden\">\n<div class=\"react-scroll-to-bottom--css-pfpis-79elbk h-full\">\n<div class=\"react-scroll-to-bottom--css-pfpis-1n7m0yu\">\n<div class=\"flex flex-col text-sm pb-9\">\n<div class=\"w-full text-token-text-primary\" data-testid=\"conversation-turn-11\">\n<div class=\"px-4 py-2 justify-center text-base md:gap-6 m-auto\">\n<div class=\"flex flex-1 text-base mx-auto gap-3 md:px-5 lg:px-1 xl:px-5 md:max-w-3xl lg:max-w-[40rem] xl:max-w-[48rem] group final-completion\">\n<div class=\"relative flex w-full flex-col agent-turn\">\n<div class=\"flex-col gap-1 md:gap-3\">\n<div class=\"pr-2 lg:pr-0\">\n<audio class=\"wp-audio-shortcode\" id=\"audio-379972-6\" preload=\"none\" style=\"width: 100%;\" controls=\"controls\"><source type=\"audio\/mpeg\" src=\"https:\/\/www.radiopiu.net\/wordpress\/wp-content\/uploads\/2024\/03\/GIANNI-LEOPOLDO-LEZUO-IL-SEGRETARIO-DC-DELLA-PROVINCIA-DI-BELLUNO.mp3?_=6\" \/><a href=\"https:\/\/www.radiopiu.net\/wordpress\/wp-content\/uploads\/2024\/03\/GIANNI-LEOPOLDO-LEZUO-IL-SEGRETARIO-DC-DELLA-PROVINCIA-DI-BELLUNO.mp3\">https:\/\/www.radiopiu.net\/wordpress\/wp-content\/uploads\/2024\/03\/GIANNI-LEOPOLDO-LEZUO-IL-SEGRETARIO-DC-DELLA-PROVINCIA-DI-BELLUNO.mp3<\/a><\/audio>\n<p>&nbsp;<\/p>\n<p>&nbsp;<\/p>\n<\/div>\n<\/div>\n<\/div>\n<\/div>\n<\/div>\n<\/div>\n<\/div>\n<\/div>\n<\/div>\n<\/div>\n<hr \/>\n<p>&nbsp;<\/p>\n<blockquote>\n<h3>LA CHIRURGIA VASCOLARE DI BELLUNO PARTECIPA AL REGISTRO START PAD\u00a0 SIAPAV<\/h3>\n<\/blockquote>\n<p><strong><a class=\"dt-pswp-item\" href=\"https:\/\/www.radiopiu.net\/wordpress\/wp-content\/uploads\/2021\/03\/ULSS-1.jpg\" data-dt-img-description=\"\" data-large_image_width=\"776\" data-large_image_height=\"408\"><img loading=\"lazy\" decoding=\"async\" class=\" wp-image-198838 alignleft\" src=\"https:\/\/www.radiopiu.net\/wordpress\/wp-content\/uploads\/2021\/03\/ULSS-1-300x158.jpg\" alt=\"\" width=\"192\" height=\"101\" srcset=\"https:\/\/www.radiopiu.net\/wordpress\/wp-content\/uploads\/2021\/03\/ULSS-1-300x158.jpg 300w, https:\/\/www.radiopiu.net\/wordpress\/wp-content\/uploads\/2021\/03\/ULSS-1-768x404.jpg 768w, https:\/\/www.radiopiu.net\/wordpress\/wp-content\/uploads\/2021\/03\/ULSS-1.jpg 776w\" sizes=\"auto, (max-width: 192px) 100vw, 192px\" \/><\/a>BELLUNO<\/strong> Il registro nazionale Start PAD SIAPAV, promosso dalla SIAPAV, mira a migliorare la gestione dell&#8217;arteriopatia periferica degli arti inferiori. Questa condizione, legata all&#8217;occlusione arteriosa nelle gambe, colpisce fino al 25% della popolazione anziana, specialmente se affetta da diabete, ipertensione, colesterolo elevato o fumo. I sintomi variano da difficolt\u00e0 nel camminare a dolori invalidanti, ulcere e gangrena, con rischio aumentato di infarto e ictus. La diagnosi precoce \u00e8 cruciale. L&#8217;ambulatorio di Angiologia della AULSS 1 Dolomiti segue 350 pazienti, di cui circa 200 hanno subito un bypass vascolare. La partecipazione al registro \u00e8 fondamentale per migliorare la gestione dei pazienti e riconosce l&#8217;importante lavoro della struttura vascolare locale.<\/p>\n<p>&nbsp;<\/p>\n<p>&nbsp;<\/p>\n<hr \/>\n<p>&nbsp;<\/p>\n<blockquote>\n<h3>SECONDO TEST D&#8217;INGRESSO ALLO SKI COLLEGE DI FALCADE<\/h3>\n<\/blockquote>\n<p><strong><a class=\"dt-pswp-item\" href=\"https:\/\/www.radiopiu.net\/wordpress\/wp-content\/uploads\/2024\/03\/ski-college-veneto-falcade-archivio.jpg\" data-dt-img-description=\"\" data-large_image_width=\"2000\" data-large_image_height=\"1333\"><img loading=\"lazy\" decoding=\"async\" class=\" wp-image-380056 alignleft\" src=\"https:\/\/www.radiopiu.net\/wordpress\/wp-content\/uploads\/2024\/03\/ski-college-veneto-falcade-archivio-300x200.jpg\" alt=\"\" width=\"168\" height=\"112\" srcset=\"https:\/\/www.radiopiu.net\/wordpress\/wp-content\/uploads\/2024\/03\/ski-college-veneto-falcade-archivio-300x200.jpg 300w, https:\/\/www.radiopiu.net\/wordpress\/wp-content\/uploads\/2024\/03\/ski-college-veneto-falcade-archivio-1024x682.jpg 1024w, https:\/\/www.radiopiu.net\/wordpress\/wp-content\/uploads\/2024\/03\/ski-college-veneto-falcade-archivio-768x512.jpg 768w, https:\/\/www.radiopiu.net\/wordpress\/wp-content\/uploads\/2024\/03\/ski-college-veneto-falcade-archivio-1536x1024.jpg 1536w, https:\/\/www.radiopiu.net\/wordpress\/wp-content\/uploads\/2024\/03\/ski-college-veneto-falcade-archivio.jpg 2000w\" sizes=\"auto, (max-width: 168px) 100vw, 168px\" \/><\/a>FALCADE <\/strong>Il secondo test di ingresso allo Ski College Veneto di Falcade per la stagione 2024-2025, dedicato allo sci alpino e allo snowboard, si terr\u00e0 mercoled\u00ec 3 aprile 2024. Contestualmente, presso la Sala Dolomiti di Falcade, in Via Trieste, dalle ore 13:45, avr\u00e0 luogo la presentazione dello Ski College per tutti gli interessati all&#8217;iscrizione. Saranno presenti il presidente dello Ski College e tecnici della struttura. Lo Ski College Veneto di Falcade, con oltre trent&#8217;anni di esperienza, accoglie attualmente circa settanta giovani atleti provenienti da varie regioni italiane e dall&#8217;estero. Gli studenti hanno la possibilit\u00e0 di scegliere il loro percorso di studio tra istituti tecnici tecnologici, economici, licei scientifici, licei scientifici sportivi e istituti professionali, grazie alla convenzione con l&#8217;istituto Follador &#8211; De Rossi.<\/p>\n<p>&nbsp;<\/p>\n<p>&nbsp;<\/p>\n<hr \/>\n<p>&nbsp;<\/p>\n<blockquote>\n<h3>FAVOLE E LETTURE ANIMATE NELLA NUOVA INIZIATIVA DEL RICE<\/h3>\n<\/blockquote>\n<p><strong><a class=\"dt-pswp-item\" href=\"https:\/\/www.radiopiu.net\/wordpress\/wp-content\/uploads\/2023\/09\/LIBRO.jpg\" data-dt-img-description=\"\" data-large_image_width=\"1280\" data-large_image_height=\"854\"><img loading=\"lazy\" decoding=\"async\" class=\" wp-image-352342 alignleft\" src=\"https:\/\/www.radiopiu.net\/wordpress\/wp-content\/uploads\/2023\/09\/LIBRO-300x200.jpg\" alt=\"\" width=\"144\" height=\"96\" srcset=\"https:\/\/www.radiopiu.net\/wordpress\/wp-content\/uploads\/2023\/09\/LIBRO-300x200.jpg 300w, https:\/\/www.radiopiu.net\/wordpress\/wp-content\/uploads\/2023\/09\/LIBRO-1024x683.jpg 1024w, https:\/\/www.radiopiu.net\/wordpress\/wp-content\/uploads\/2023\/09\/LIBRO-768x512.jpg 768w, https:\/\/www.radiopiu.net\/wordpress\/wp-content\/uploads\/2023\/09\/LIBRO.jpg 1280w\" sizes=\"auto, (max-width: 144px) 100vw, 144px\" \/><\/a>BELLUNO <\/strong>Lettura e albi illustrati nell\u2019ultima iniziativa del Rice. E presto saranno coinvolte anche le famiglie. Sono le favole e le letture animate i temi al centro dell&#8217;ultima iniziativa promossa dal Comune di Belluno all&#8217;interno della progettualit\u00e0 collegata al Rice, la Rete Internazionale delle Citt\u00e0 dell\u2019Educazione, finanziata dalla Presidenza del Consiglio dei Ministri e che coinvolge, oltre all&#8217;Amministrazione, diversi partner tra universit\u00e0, Comuni, scuole, enti e associazioni.<\/p>\n<p><strong>L&#8217;ASSESSORE ALLA SCUOLA E ALLE POLITICHE GIOVANILI, ROBERTA OLIVOTTO <\/strong><\/p>\n<audio class=\"wp-audio-shortcode\" id=\"audio-379972-7\" preload=\"none\" style=\"width: 100%;\" controls=\"controls\"><source type=\"audio\/mpeg\" src=\"https:\/\/www.radiopiu.net\/wordpress\/wp-content\/uploads\/2024\/03\/Assessore-Roberta-Olivotto.mp3?_=7\" \/><a href=\"https:\/\/www.radiopiu.net\/wordpress\/wp-content\/uploads\/2024\/03\/Assessore-Roberta-Olivotto.mp3\">https:\/\/www.radiopiu.net\/wordpress\/wp-content\/uploads\/2024\/03\/Assessore-Roberta-Olivotto.mp3<\/a><\/audio>\n<p>&nbsp;<\/p>\n<hr \/>\n<p>&nbsp;<\/p>\n<blockquote>\n<h3>DOLOMITI SUPERKI: UNA STAGIONE DA INCORNICIARE<\/h3>\n<\/blockquote>\n<p><a class=\"dt-pswp-item\" href=\"https:\/\/www.radiopiu.net\/wordpress\/wp-content\/uploads\/2023\/12\/Marmolada-scaled.jpg\" data-dt-img-description=\"\" data-large_image_width=\"2560\" data-large_image_height=\"1657\"><img loading=\"lazy\" decoding=\"async\" class=\" wp-image-365776 alignleft\" src=\"https:\/\/www.radiopiu.net\/wordpress\/wp-content\/uploads\/2023\/12\/Marmolada-300x194.jpg\" alt=\"\" width=\"152\" height=\"98\" srcset=\"https:\/\/www.radiopiu.net\/wordpress\/wp-content\/uploads\/2023\/12\/Marmolada-300x194.jpg 300w, https:\/\/www.radiopiu.net\/wordpress\/wp-content\/uploads\/2023\/12\/Marmolada-1024x663.jpg 1024w, https:\/\/www.radiopiu.net\/wordpress\/wp-content\/uploads\/2023\/12\/Marmolada-768x497.jpg 768w, https:\/\/www.radiopiu.net\/wordpress\/wp-content\/uploads\/2023\/12\/Marmolada-1536x994.jpg 1536w, https:\/\/www.radiopiu.net\/wordpress\/wp-content\/uploads\/2023\/12\/Marmolada-2048x1326.jpg 2048w\" sizes=\"auto, (max-width: 152px) 100vw, 152px\" \/><\/a>La stagione sciistica 2023-24 si avvia alla conclusione, con il termine ufficiale fissato per il 7 aprile 2024, sebbene alcuni impianti potrebbero chiudere prima o dopo. Nonostante le variazioni climatiche, i risultati preliminari per Dolomiti Superski sono positivi. Al 10 marzo, gli accessi alle piste sono aumentati del 2% rispetto all&#8217;anno precedente, confermando un interesse costante per lo sci e la montagna. La vendita degli skipass ha registrato un incremento del 4% per il passaggio a 6 giorni, evidenziando l&#8217;importanza del turismo stanziale. Gli abbonamenti stagionali sono cresciuti del 17% per Dolomiti Superski e dell&#8217;8% per i comprensori singoli, indicando una forte fedelt\u00e0 dei clienti. Le vendite della soluzione &#8220;Dolomiti Superski Family&#8221; sono quasi raddoppiate, evidenziando il legame della clientela locale con l&#8217;offerta sciistica. Le vendite online degli skipass sono in costante aumento, con circa un terzo dei clienti che preferisce questo metodo, incoraggiato anche dalle agevolazioni come lo sconto del 5% per gli acquisti anticipati. Le tessere ricaricabili My Dolomiti Card stanno diventando sempre pi\u00f9 popolari, contribuendo alla sostenibilit\u00e0 riducendo l&#8217;uso di plastica. La promozione di queste pratiche sostenibili \u00e8 un focus importante per Dolomiti Superski, con l&#8217;obiettivo di consolidare queste tendenze nelle prossime stagioni invernali. <strong>IERI ALLA RADIO, <span style=\"color: #0000ff;\"><a style=\"color: #0000ff;\" href=\"https:\/\/www.radiopiu.net\/wordpress\/dolomiti-superski-stagione-da-incorniciare\/\">CLICCA QUI<\/a><\/span><\/strong><\/p>\n<blockquote class=\"wp-embedded-content\" data-secret=\"PY5sjJKG8p\"><p><a href=\"https:\/\/www.radiopiu.net\/wordpress\/dolomiti-superski-stagione-da-incorniciare\/\">DOLOMITI SUPERSKI: STAGIONE DA INCORNICIARE<\/a><\/p><\/blockquote>\n<p><iframe loading=\"lazy\" class=\"wp-embedded-content\" sandbox=\"allow-scripts\" security=\"restricted\" style=\"position: absolute; clip: rect(1px, 1px, 1px, 1px);\" title=\"&#8220;DOLOMITI SUPERSKI: STAGIONE DA INCORNICIARE&#8221; &#8212; Radio Pi\u00f9\" src=\"https:\/\/www.radiopiu.net\/wordpress\/dolomiti-superski-stagione-da-incorniciare\/embed\/#?secret=pLEvXaeYNO#?secret=PY5sjJKG8p\" data-secret=\"PY5sjJKG8p\" width=\"600\" height=\"338\" frameborder=\"0\" marginwidth=\"0\" marginheight=\"0\" scrolling=\"no\"><\/iframe><\/p>\n<p>&nbsp;<\/p>\n<hr \/>\n<p>&nbsp;<\/p>\n<p>&nbsp;<\/p>\n<div class=\"flex-1 overflow-hidden\">\n<div class=\"react-scroll-to-bottom--css-petsd-79elbk h-full\">\n<div class=\"react-scroll-to-bottom--css-petsd-1n7m0yu\">\n<div class=\"flex flex-col text-sm pb-9\">\n<div class=\"w-full text-token-text-primary\" data-testid=\"conversation-turn-56\">\n<div class=\"px-4 py-2 justify-center text-base md:gap-6 m-auto\">\n<div class=\"flex flex-1 text-base mx-auto gap-3 md:px-5 lg:px-1 xl:px-5 md:max-w-3xl lg:max-w-[40rem] xl:max-w-[48rem] group final-completion\">\n<div class=\"relative flex w-full flex-col agent-turn\">\n<div class=\"flex-col gap-1 md:gap-3\">\n<blockquote>\n<h1><span style=\"color: #ff0000;\"><strong>BANDI E CONCORSI<\/strong><\/span><\/h1>\n<\/blockquote>\n<div><\/div>\n<div>\n<p><strong><a class=\"dt-pswp-item\" href=\"https:\/\/www.radiopiu.net\/wordpress\/wp-content\/uploads\/2022\/03\/ASCA.jpg\" data-dt-img-description=\"\" data-large_image_width=\"292\" data-large_image_height=\"290\"><img loading=\"lazy\" decoding=\"async\" class=\"wp-image-263829 alignleft\" src=\"https:\/\/www.radiopiu.net\/wordpress\/wp-content\/uploads\/2022\/03\/ASCA.jpg\" alt=\"\" width=\"100\" height=\"99\" srcset=\"https:\/\/www.radiopiu.net\/wordpress\/wp-content\/uploads\/2022\/03\/ASCA.jpg 292w, https:\/\/www.radiopiu.net\/wordpress\/wp-content\/uploads\/2022\/03\/ASCA-150x150.jpg 150w\" sizes=\"auto, (max-width: 100px) 100vw, 100px\" \/><\/a>L\u2019AZIENDA SPECIALE CONSORTILE AGORDINA, ASCA, HA EMESSO UN BANDO PER LA SELEZIONE DI UNO PSICOLOGO.LIVELLO CONTRATTUALE:2\u00b0 \u2013 CONTRATTO UNEBA Accesso Welfare Aziendale Possibilit\u00e0 di sistemazione abitativa gratuita per 8 mesi LE DOMANDE VANNO PRESENTATE ENTRO LE 12 DI LUNEDI 1 APRILE: INFO WW.servizisocialiasca.it\u00a0 \u00a0<\/strong><\/p>\n<p>&nbsp;<\/p>\n<hr \/>\n<\/div>\n<\/div>\n<\/div>\n<\/div>\n<\/div>\n<\/div>\n<\/div>\n<\/div>\n<\/div>\n<\/div>\n<div class=\"w-full pt-2 md:pt-0 dark:border-white\/20 md:border-transparent md:dark:border-transparent md:w-[calc(100%-.5rem)]\">\n<form class=\"stretch mx-2 flex flex-row gap-3 last:mb-2 md:mx-4 md:last:mb-6 lg:mx-auto lg:max-w-2xl xl:max-w-3xl\">\n<div class=\"relative flex h-full flex-1 flex-col\">\n<div class=\"flex w-full items-center\">\n<p><strong><a class=\"dt-pswp-item\" href=\"https:\/\/www.radiopiu.net\/wordpress\/wp-content\/uploads\/2018\/03\/VILLA-GIUSEPPE.jpg\" data-dt-img-description=\"\" data-large_image_width=\"250\" data-large_image_height=\"332\"><img loading=\"lazy\" decoding=\"async\" class=\"wp-image-45507 alignleft\" src=\"https:\/\/www.radiopiu.net\/wordpress\/wp-content\/uploads\/2018\/03\/VILLA-GIUSEPPE-226x300.jpg\" alt=\"\" width=\"79\" height=\"105\" srcset=\"https:\/\/www.radiopiu.net\/wordpress\/wp-content\/uploads\/2018\/03\/VILLA-GIUSEPPE-226x300.jpg 226w, https:\/\/www.radiopiu.net\/wordpress\/wp-content\/uploads\/2018\/03\/VILLA-GIUSEPPE.jpg 250w\" sizes=\"auto, (max-width: 79px) 100vw, 79px\" \/><\/a>08 03<\/strong>\u00a0<strong>La Fodom Servizi ha pubblicato un avviso di selezione per la formulazione di una graduatoria di idoneit\u00e0 per l\u2019inserimento a tempo indeterminato\/determinato, a tempo pieno o parziale, presso il Centro Servizi per Anziani Villa San Giuseppe, per la figura di: OPERATORE POLIVALENTE \u2013 ADDETTO ALLE PULIZIE E LAVANDERIA. \u00a0Con scadenza presentazione domande il 22.03.2024 ore 12.00.\u00a0<\/strong><strong>Per info: 0436-7106 oppure\u00a0<\/strong><a href=\"http:\/\/www.fodomservizi.it\/\"><strong>www.fodomservizi.it<\/strong><\/a><\/p>\n<\/div>\n<\/div>\n<\/form>\n<\/div>\n<p>&nbsp;<\/p>\n<p>&nbsp;<\/p>\n<p>&nbsp;<\/p>\n<hr \/>\n<p>&nbsp;<\/p>\n<blockquote>\n<h2>SABATO 23 CAI IN ASSEMBLEA<\/h2>\n<\/blockquote>\n<p><strong>AGORDO<\/strong>\u00a0L\u2019assemblea della sezione agordina del Cai si terr\u00e0 sabato 23 aprile alle 17.30 in sala Don Tamis, preceduta dalla messa nella chiesa di San Cipriano in memoria dei scomparsi. Nel corso dell\u2019assemblea: relazione del presidente, rendiconto, rinnovo del direttivo per il prossimo triennio<\/p>\n<p>&nbsp;<\/p>\n<p>&nbsp;<\/p>\n<hr \/>\n<p>&nbsp;<\/p>\n<blockquote>\n<h3><a class=\"dt-pswp-item\" href=\"https:\/\/www.radiopiu.net\/wordpress\/wp-content\/uploads\/2024\/03\/Copertina-Sapori-della-Valbelluna-scaled.jpg\" data-dt-img-description=\"\" data-large_image_width=\"2560\" data-large_image_height=\"1222\"><img loading=\"lazy\" decoding=\"async\" class=\" wp-image-379904 alignleft\" src=\"https:\/\/www.radiopiu.net\/wordpress\/wp-content\/uploads\/2024\/03\/Copertina-Sapori-della-Valbelluna-300x143.jpg\" alt=\"\" width=\"222\" height=\"106\" srcset=\"https:\/\/www.radiopiu.net\/wordpress\/wp-content\/uploads\/2024\/03\/Copertina-Sapori-della-Valbelluna-300x143.jpg 300w, https:\/\/www.radiopiu.net\/wordpress\/wp-content\/uploads\/2024\/03\/Copertina-Sapori-della-Valbelluna-1024x489.jpg 1024w, https:\/\/www.radiopiu.net\/wordpress\/wp-content\/uploads\/2024\/03\/Copertina-Sapori-della-Valbelluna-768x366.jpg 768w, https:\/\/www.radiopiu.net\/wordpress\/wp-content\/uploads\/2024\/03\/Copertina-Sapori-della-Valbelluna-1536x733.jpg 1536w, https:\/\/www.radiopiu.net\/wordpress\/wp-content\/uploads\/2024\/03\/Copertina-Sapori-della-Valbelluna-2048x977.jpg 2048w\" sizes=\"auto, (max-width: 222px) 100vw, 222px\" \/><\/a>SAPORI DELLA VALBELLUNA: IL NUOVO LIBRO EDITO DA \u201cIL VESES\u201d<\/h3>\n<\/blockquote>\n<p>Si terr\u00e0 domani, alle 19 presso la Sala degli Elefanti della birreria Pedavena, la presentazione di \u201cSapori della Valbelluna\u201d, nuova opera ideata dall\u2019Associazione culturale Veses Aps e pubblicata da \u201cIl Veses edizioni\u201d. Un\u00a0 volume contenente 75 ricette con prodotti locali, create in collaborazione con gli chef che hanno lavorato alle copertine dei numeri de \u201cil Veses\u201d usciti nel corso del 2023, dedicate al tema enogastronomico. L\u2019ingresso \u00e8 libero ma i posti sono limitati; per informazioni scrivere a info@ilveses.com<\/p>\n<p>&nbsp;<\/p>\n<p>&nbsp;<\/p>\n<hr \/>\n<p>&nbsp;<\/p>\n<blockquote>\n<h3>DUE EVENTI PER LA FESTA DEL PAPA&#8217;<\/h3>\n<\/blockquote>\n<p><strong>BELLUNO<\/strong> L&#8217;Ulss Dolomiti celebra la Festa del Pap\u00e0 con due eventi dedicati alla paternit\u00e0. Il Consultorio Familiare di Belluno offre incontri di gruppo per pap\u00e0 con figli da 0 a 3 anni il 21 marzo 2024. A Feltre, incontri per futuri e neo-pap\u00e0 con un&#8217;ostetrica e una psicologa si terranno il 22 aprile e il 20 maggio 2024.<\/p>\n<p>&nbsp;<\/p>\n<p>&nbsp;<\/p>\n<hr \/>\n<p>&nbsp;<\/p>\n<blockquote>\n<h3>LUXOTTICA, NEWS SETTIMANA<\/h3>\n<\/blockquote>\n<p><strong><img loading=\"lazy\" decoding=\"async\" class=\"alignleft\" src=\"https:\/\/www.radiopiu.net\/wordpress\/wp-content\/uploads\/2023\/10\/1-EssilorLuxottica.jpg.jpg\" width=\"182\" height=\"121\" \/>di MARINA DONA&#8217;<\/strong><\/p>\n<p><strong>\u00a0<\/strong><\/p>\n<p><strong>OSPITE IL PROF. LUCIANO PERO_POLITECNICO MILANO<\/strong><\/p>\n<p>&nbsp;<\/p>\n<p>&nbsp;<\/p>\n<p><strong>puntata <span style=\"color: #ff0000;\">04<\/span> 20 03 2024 &#8220;settimana corta e giorni in pi\u00f9 da dedicare al tempo libero&#8221;<\/strong><\/p>\n<audio class=\"wp-audio-shortcode\" id=\"audio-379972-8\" preload=\"none\" style=\"width: 100%;\" controls=\"controls\"><source type=\"audio\/mpeg\" src=\"https:\/\/www.radiopiu.net\/wordpress\/wp-content\/uploads\/2024\/03\/SETTIMANA-CORTA-E-GIORNI-IN-PIU-PER-I-LAVORATORI-PER-IL-PROPRIO-TEMPO-LIBERO.mp3?_=8\" \/><a href=\"https:\/\/www.radiopiu.net\/wordpress\/wp-content\/uploads\/2024\/03\/SETTIMANA-CORTA-E-GIORNI-IN-PIU-PER-I-LAVORATORI-PER-IL-PROPRIO-TEMPO-LIBERO.mp3\">https:\/\/www.radiopiu.net\/wordpress\/wp-content\/uploads\/2024\/03\/SETTIMANA-CORTA-E-GIORNI-IN-PIU-PER-I-LAVORATORI-PER-IL-PROPRIO-TEMPO-LIBERO.mp3<\/a><\/audio>\n<p>&nbsp;<\/p>\n<p><strong>puntata<span style=\"color: #ff0000;\"> 03<\/span> 18 03 2024\u00a0 &#8220;i modelli attuali sono ancora attuali nell&#8217;incertezza dei mercati?&#8221;<\/strong><\/p>\n<audio class=\"wp-audio-shortcode\" id=\"audio-379972-9\" preload=\"none\" style=\"width: 100%;\" controls=\"controls\"><source type=\"audio\/mpeg\" src=\"https:\/\/www.radiopiu.net\/wordpress\/wp-content\/uploads\/2024\/03\/3-PARTE-INTERVISTAA-PROF-PERO-ESSILORLUX.mp3?_=9\" \/><a href=\"https:\/\/www.radiopiu.net\/wordpress\/wp-content\/uploads\/2024\/03\/3-PARTE-INTERVISTAA-PROF-PERO-ESSILORLUX.mp3\">https:\/\/www.radiopiu.net\/wordpress\/wp-content\/uploads\/2024\/03\/3-PARTE-INTERVISTAA-PROF-PERO-ESSILORLUX.mp3<\/a><\/audio>\n<p>&nbsp;<\/p>\n<p><strong>puntata <span style=\"color: #ff0000;\">02<\/span>_15.03.2024\u00a0<em> &#8220;evoluzioni sperimentali, i lavoratori pi\u00f9 anziani e le nuove generazioni&#8221;<\/em><\/strong><\/p>\n<audio class=\"wp-audio-shortcode\" id=\"audio-379972-10\" preload=\"none\" style=\"width: 100%;\" controls=\"controls\"><source type=\"audio\/mpeg\" src=\"https:\/\/www.radiopiu.net\/wordpress\/wp-content\/uploads\/2024\/03\/SETTIMANA-CORTA-GLI-STUDI-SULLE-ORE-SETTIMAANAALI-E-LA-QUALITA-DEL-PRODOTTO.mp3?_=10\" \/><a href=\"https:\/\/www.radiopiu.net\/wordpress\/wp-content\/uploads\/2024\/03\/SETTIMANA-CORTA-GLI-STUDI-SULLE-ORE-SETTIMAANAALI-E-LA-QUALITA-DEL-PRODOTTO.mp3\">https:\/\/www.radiopiu.net\/wordpress\/wp-content\/uploads\/2024\/03\/SETTIMANA-CORTA-GLI-STUDI-SULLE-ORE-SETTIMAANAALI-E-LA-QUALITA-DEL-PRODOTTO.mp3<\/a><\/audio>\n<p>&nbsp;<\/p>\n<p><strong>puntata <span style=\"color: #ff0000;\">01<\/span>_ 14.03.2024 <em>&#8220;orari e giornate lavorative, quali le evoluzioni nell&#8217;ultimo secolo&#8221;<\/em><\/strong><\/p>\n<audio class=\"wp-audio-shortcode\" id=\"audio-379972-11\" preload=\"none\" style=\"width: 100%;\" controls=\"controls\"><source type=\"audio\/mpeg\" src=\"https:\/\/www.radiopiu.net\/wordpress\/wp-content\/uploads\/2024\/03\/NEWS-SETTIMANA-CORTA-LUXOTTICA.mp3?_=11\" \/><a href=\"https:\/\/www.radiopiu.net\/wordpress\/wp-content\/uploads\/2024\/03\/NEWS-SETTIMANA-CORTA-LUXOTTICA.mp3\">https:\/\/www.radiopiu.net\/wordpress\/wp-content\/uploads\/2024\/03\/NEWS-SETTIMANA-CORTA-LUXOTTICA.mp3<\/a><\/audio>\n<h1><\/h1>\n<p>&nbsp;<\/p>\n<hr \/>\n<p>&nbsp;<\/p>\n<blockquote>\n<h3>GIORNATA MONDIALE DELLE PERSONE CON SINDROME DI DOWN: LE INIZIATIVE DELL\u2019AIPD BELLUNO<\/h3>\n<\/blockquote>\n<p><strong><a class=\"dt-pswp-item\" href=\"https:\/\/www.radiopiu.net\/wordpress\/wp-content\/uploads\/2024\/03\/AIPD.png\" data-dt-img-description=\"\" data-large_image_width=\"274\" data-large_image_height=\"282\"><img loading=\"lazy\" decoding=\"async\" class=\" wp-image-380059 alignleft\" src=\"https:\/\/www.radiopiu.net\/wordpress\/wp-content\/uploads\/2024\/03\/AIPD.png\" alt=\"\" width=\"105\" height=\"108\" \/><\/a>FELTRE\u00a0<\/strong>Oggi \u00e8 la Giornata Mondiale delle Persone con sindrome di Down, scelta dall&#8217;ONU per commemorare la trisomia 21, il primo giorno di primavera. L&#8217;AIPD di Belluno celebra l&#8217;evento domani con il tema &#8220;Fine degli stereotipi, il diritto di essere unici!&#8221; Coinvolge gli studenti degli Istituti Superiori del Bellunese nel progetto &#8220;Passepartout&#8221;, finanziato dalla Regione Veneto, promuovendo il volontariato a favore delle persone con disabilit\u00e0. A Feltre, varie attivit\u00e0 precedono la staffetta verso Belluno, simboleggiando l&#8217;unione delle due citt\u00e0 nella sensibilizzazione e condivisione.<\/p>\n<p>&nbsp;<\/p>\n<p>&nbsp;<\/p>\n<hr \/>\n<p>&nbsp;<\/p>\n<blockquote>\n<h3>IL NUOVO CENTRO PER L&#8217;IMPIEGO AD ALPAGO<\/h3>\n<\/blockquote>\n<p><strong>ALPAGO<\/strong> Marted\u00ec il Municipio di Farra d\u2019Alpago ospita una conferenza stampa organizzata dal Comune di Alpago e Veneto Lavoro per presentare il nuovo recapito del Centro per l\u2019impiego in Alpago. Questo ufficio, gestito da personale qualificato di Veneto Lavoro, offrir\u00e0 accesso a tutti i servizi erogati dai Centri per l&#8217;impiego della regione.<\/p>\n<p>&nbsp;<\/p>\n<p>&nbsp;<\/p>\n<hr \/>\n<p>&nbsp;<\/p>\n<blockquote>\n<h3><strong>Iniziativa Pasquale a Favore delle Famiglie Bisognose a Belluno<\/strong><\/h3>\n<\/blockquote>\n<p><strong>BELLUNO<\/strong> L&#8217;Associazione Gruppi &#8220;Insieme si pu\u00f2&#8230;&#8221; e Lattebusche organizzano la quarta edizione di un&#8217;iniziativa pasquale a favore delle famiglie in difficolt\u00e0 socio-economica della provincia di Belluno. Grazie ai fondi raccolti lo scorso anno, sono state supportate 168 famiglie con un totale di circa 500 persone. Lattebusche contribuisce con la donazione di formaggio Piave DOP Vecchio, proposto in una confezione ideale per la Pasqua. L&#8217;intero ricavato sar\u00e0 destinato alle famiglie bisognose, supportate anche nei settori alimentari, scolastici, medici e abitativi. Le prenotazioni del formaggio possono essere effettuate fino a Pasqua tramite telefono, SMS, Whatsapp o sul sito web di &#8220;Insieme si pu\u00f2&#8221;.<\/p>\n<p>&nbsp;<\/p>\n<p>&nbsp;<\/p>\n<hr \/>\n<p>&nbsp;<\/p>\n<blockquote>\n<h2>EVENTO PRE-BELLUNO PRIDE 2024<\/h2>\n<h1><a class=\"dt-pswp-item\" href=\"https:\/\/www.radiopiu.net\/wordpress\/wp-content\/uploads\/2024\/03\/Senza-nome-68.png\" data-dt-img-description=\"\" data-large_image_width=\"427\" data-large_image_height=\"293\"><img loading=\"lazy\" decoding=\"async\" class=\" wp-image-379906 alignleft\" src=\"https:\/\/www.radiopiu.net\/wordpress\/wp-content\/uploads\/2024\/03\/Senza-nome-68-300x206.png\" alt=\"\" width=\"200\" height=\"137\" srcset=\"https:\/\/www.radiopiu.net\/wordpress\/wp-content\/uploads\/2024\/03\/Senza-nome-68-300x206.png 300w, https:\/\/www.radiopiu.net\/wordpress\/wp-content\/uploads\/2024\/03\/Senza-nome-68.png 427w\" sizes=\"auto, (max-width: 200px) 100vw, 200px\" \/><\/a><strong style=\"font-size: 14px;\">BELLUNO<\/strong><span style=\"font-size: 14px; font-weight: normal;\"> Si apre il 23 marzo il calendario degli eventi verso la seconda edizione del Belluno Pride 2024 con un incontro di formazione e informazione condotto dalla docente, psicologa e sessuologa Alberta Xodo. Sabato saranno affrontate tematiche sull&#8217;educazione affettiva, sessuale e al consenso, seguite da discussioni su omolesbobitransfobia interiorizzata e minority stress, coordinato da Gruppo C.I.A.O. LGBTIQIA+. Gli eventi si terranno presso La Casa dei beni comuni di Belluno e saranno ad ingresso libero. Segui le pagine social del collettivo C.I.A.O. per restare aggiornato sugli altri eventi verso il pride 2024.<\/span><\/h1>\n<\/blockquote>\n<p>&nbsp;<\/p>\n<p>&nbsp;<\/p>\n<hr \/>\n<p>&nbsp;<\/p>\n<blockquote>\n<h2>AGORDO COME ROMA, CITTA&#8217; LIBERA. pagina in aggiornamento quotidiano CON LIBERA AGORDINO<\/h2>\n<\/blockquote>\n<p><strong><img loading=\"lazy\" decoding=\"async\" class=\"alignleft\" src=\"https:\/\/www.radiopiu.net\/wordpress\/wp-content\/uploads\/2023\/06\/LIBERA-AGORDINO-300x300.jpg\" width=\"125\" height=\"125\" \/>La Settimana della memoria e dell\u2019impegno, Agordo come Roma: citt\u00e0 Libera i 100 passi verso il 21 marzo, giornata in ricordo della vittime innocenti delle mafie a cura del PRESIDIO AGORDINO DI LIBERA \u201cLUCIA PRECENZANO E SALVATORE AVERSA da lunedi 18 a sabato 23 marzo, alle 9.45 e 18.45 \u2026 su radio pi\u00f9<\/strong><em>\u00a0<\/em><\/p>\n<h1>RACCOLTA COMPLETA\u00a0 <span style=\"color: #0000ff;\"><a style=\"color: #0000ff;\" href=\"https:\/\/www.radiopiu.net\/wordpress\/agordo-come-roma-citta-libera-pagina-in-aggiornamento-quotidiano-con-libera-agordino\/\">CLICCA QUI<\/a><\/span><\/h1>\n<p>&nbsp;<\/p>\n<p>&nbsp;<\/p>\n<hr \/>\n<p>&nbsp;<\/p>\n<blockquote>\n<h2><\/h2>\n<\/blockquote>\n<blockquote>\n<h2>feste in vallata, dai Piani di Pezze&#8217; alla sagra de Pasca<\/h2>\n<\/blockquote>\n\n\t\t\t<style type='text\/css'>\n\t\t\t\t#gallery-1 {\n\t\t\t\t\tmargin: auto;\n\t\t\t\t}\n\t\t\t\t#gallery-1 .gallery-item {\n\t\t\t\t\tfloat: left;\n\t\t\t\t\tmargin-top: 10px;\n\t\t\t\t\ttext-align: center;\n\t\t\t\t\twidth: 50%;\n\t\t\t\t}\n\t\t\t\t#gallery-1 img {\n\t\t\t\t\tborder: 2px solid #cfcfcf;\n\t\t\t\t}\n\t\t\t\t#gallery-1 .gallery-caption {\n\t\t\t\t\tmargin-left: 0;\n\t\t\t\t}\n\t\t\t\t\/* see gallery_shortcode() in wp-includes\/media.php *\/\n\t\t\t<\/style>\n\t\t<div id='gallery-1' class='dt-gallery-container gallery galleryid-379972 gallery-columns-2 gallery-size-medium'><dl class='gallery-item'>\n\t\t\t\t<dt class='gallery-icon portrait'>\n\t\t\t\t\t<a class=\"rollover rollover-zoom dt-pswp-item\" title=\"PASCA\" data-dt-img-description=\"\" data-large_image_width=\"449\" data-large_image_height=\"628\"href='https:\/\/www.radiopiu.net\/wordpress\/wp-content\/uploads\/2024\/03\/Senza-nome-15.png'><img loading=\"lazy\" decoding=\"async\" width=\"214\" height=\"300\" src=\"https:\/\/www.radiopiu.net\/wordpress\/wp-content\/uploads\/2024\/03\/Senza-nome-15-214x300.png\" class=\"attachment-medium size-medium\" alt=\"\" srcset=\"https:\/\/www.radiopiu.net\/wordpress\/wp-content\/uploads\/2024\/03\/Senza-nome-15-214x300.png 214w, https:\/\/www.radiopiu.net\/wordpress\/wp-content\/uploads\/2024\/03\/Senza-nome-15.png 449w\" sizes=\"auto, (max-width: 214px) 100vw, 214px\" \/><\/a>\n\t\t\t\t<\/dt><\/dl><dl class='gallery-item'>\n\t\t\t\t<dt class='gallery-icon portrait'>\n\t\t\t\t\t<a class=\"rollover rollover-zoom dt-pswp-item\" title=\"4569b749-c5f0-4645-89e4-2297915919ec\" data-dt-img-description=\"\" data-large_image_width=\"1415\" data-large_image_height=\"2000\"href='https:\/\/www.radiopiu.net\/wordpress\/wp-content\/uploads\/2024\/03\/4569b749-c5f0-4645-89e4-2297915919ec.jpg'><img loading=\"lazy\" decoding=\"async\" width=\"212\" height=\"300\" src=\"https:\/\/www.radiopiu.net\/wordpress\/wp-content\/uploads\/2024\/03\/4569b749-c5f0-4645-89e4-2297915919ec-212x300.jpg\" class=\"attachment-medium size-medium\" alt=\"\" srcset=\"https:\/\/www.radiopiu.net\/wordpress\/wp-content\/uploads\/2024\/03\/4569b749-c5f0-4645-89e4-2297915919ec-212x300.jpg 212w, https:\/\/www.radiopiu.net\/wordpress\/wp-content\/uploads\/2024\/03\/4569b749-c5f0-4645-89e4-2297915919ec-724x1024.jpg 724w, https:\/\/www.radiopiu.net\/wordpress\/wp-content\/uploads\/2024\/03\/4569b749-c5f0-4645-89e4-2297915919ec-768x1086.jpg 768w, https:\/\/www.radiopiu.net\/wordpress\/wp-content\/uploads\/2024\/03\/4569b749-c5f0-4645-89e4-2297915919ec-1087x1536.jpg 1087w, https:\/\/www.radiopiu.net\/wordpress\/wp-content\/uploads\/2024\/03\/4569b749-c5f0-4645-89e4-2297915919ec.jpg 1415w\" sizes=\"auto, (max-width: 212px) 100vw, 212px\" \/><\/a>\n\t\t\t\t<\/dt><\/dl><br style=\"clear: both\" \/>\n\t\t\t<\/div>\n\n<p>&nbsp;<\/p>\n<p>&nbsp;<\/p>\n<hr \/>\n<p>&nbsp;<\/p>\n<blockquote>\n<h2>UNA PROVA DI VOLTEGGIO PER IL PR RANCH<\/h2>\n<\/blockquote>\n<p><strong>LA VALLE<\/strong> Il PR Ranch di La Valle organizza per sabato dalle 15 alle 17 un pomeriggio dedicato a coloro che vogliono avvicinarsi al mondo dell&#8217;equitazione con una prova gratuita di volteggio. Due ore di divertimento con uno spettacolo dimostrativo degli atleti che praticano questa disciplina. Per informazioni 348 4352362<\/p>\n<p>&nbsp;<\/p>\n<p>&nbsp;<\/p>\n<hr \/>\n<p>&nbsp;<\/p>\n<h3><a class=\"dt-pswp-item\" href=\"https:\/\/www.radiopiu.net\/wordpress\/wp-content\/uploads\/2023\/08\/862c8c0d-fb55-49e7-875a-930f514a02a7.jpg\" data-dt-img-description=\"\" data-large_image_width=\"2048\" data-large_image_height=\"1536\"><img loading=\"lazy\" decoding=\"async\" class=\"wp-image-349786 alignleft\" src=\"https:\/\/www.radiopiu.net\/wordpress\/wp-content\/uploads\/2023\/08\/862c8c0d-fb55-49e7-875a-930f514a02a7-300x225.jpg\" alt=\"\" width=\"136\" height=\"102\" srcset=\"https:\/\/www.radiopiu.net\/wordpress\/wp-content\/uploads\/2023\/08\/862c8c0d-fb55-49e7-875a-930f514a02a7-300x225.jpg 300w, https:\/\/www.radiopiu.net\/wordpress\/wp-content\/uploads\/2023\/08\/862c8c0d-fb55-49e7-875a-930f514a02a7-1024x768.jpg 1024w, https:\/\/www.radiopiu.net\/wordpress\/wp-content\/uploads\/2023\/08\/862c8c0d-fb55-49e7-875a-930f514a02a7-768x576.jpg 768w, https:\/\/www.radiopiu.net\/wordpress\/wp-content\/uploads\/2023\/08\/862c8c0d-fb55-49e7-875a-930f514a02a7-1536x1152.jpg 1536w, https:\/\/www.radiopiu.net\/wordpress\/wp-content\/uploads\/2023\/08\/862c8c0d-fb55-49e7-875a-930f514a02a7.jpg 2048w\" sizes=\"auto, (max-width: 136px) 100vw, 136px\" \/><\/a>LAVORI PER INTERRAMENTO DELLA CONDOTTA IDRICA<\/h3>\n<p><strong>LA VALLE<\/strong> Il Comune La Valle Agordina ordina la sospensione temporanea della circolazione veicolare sulla viabilit\u00e0 Silvo-pastorale di Fres, dall&#8217;11\/03\/2024 al 24\/06\/2024, dalle 7 alle 18 dal luned\u00ec al venerd\u00ec, esclusi sabato e domenica. Viene istituito il divieto di transito pedonale e con biciclette dalla localit\u00e0 Piaia fino a Pra de Val, con l&#8217;altro lato del divieto al ponte sul torrente Rova di Caleda. Analogamente, \u00e8 vietato il transito pedonale e con biciclette su parte del sentiero CAI n.551 (Strada Vicinale di Pepolade) dal 11\/03\/2024 al 24\/06\/2024 per l&#8217;intera durata delle 24 ore.<\/p>\n<p>&nbsp;<\/p>\n<p>&nbsp;<\/p>\n<hr \/>\n<p>&nbsp;<\/p>\n<h2><span style=\"color: #ff6600;\">IERI ALLA RADIO\u00a0<\/span><\/h2>\n<h2><span style=\"color: #ff0000;\">LIBER, DI LIANA CAVALLET<\/span><\/h2>\n<p><strong>PUNTATA 27\u00a0 20 MARZO 2024 &#8211; MAR DEL PLATA &#8220;CLAUDIO FAVA&#8221;<\/strong><\/p>\n\n\t\t\t<style type='text\/css'>\n\t\t\t\t#gallery-2 {\n\t\t\t\t\tmargin: auto;\n\t\t\t\t}\n\t\t\t\t#gallery-2 .gallery-item {\n\t\t\t\t\tfloat: left;\n\t\t\t\t\tmargin-top: 10px;\n\t\t\t\t\ttext-align: center;\n\t\t\t\t\twidth: 100%;\n\t\t\t\t}\n\t\t\t\t#gallery-2 img {\n\t\t\t\t\tborder: 2px solid #cfcfcf;\n\t\t\t\t}\n\t\t\t\t#gallery-2 .gallery-caption {\n\t\t\t\t\tmargin-left: 0;\n\t\t\t\t}\n\t\t\t\t\/* see gallery_shortcode() in wp-includes\/media.php *\/\n\t\t\t<\/style>\n\t\t<div id='gallery-2' class='dt-gallery-container gallery galleryid-379972 gallery-columns-1 gallery-size-medium'><dl class='gallery-item'>\n\t\t\t\t<dt class='gallery-icon portrait'>\n\t\t\t\t\t<a class=\"rollover rollover-zoom dt-pswp-item\" title=\"880e237f-7920-4e23-84bc-d5c9a437c0f8\" data-dt-img-description=\"\" data-large_image_width=\"576\" data-large_image_height=\"896\"href='https:\/\/www.radiopiu.net\/wordpress\/wp-content\/uploads\/2024\/03\/880e237f-7920-4e23-84bc-d5c9a437c0f8.jpg'><img loading=\"lazy\" decoding=\"async\" width=\"193\" height=\"300\" src=\"https:\/\/www.radiopiu.net\/wordpress\/wp-content\/uploads\/2024\/03\/880e237f-7920-4e23-84bc-d5c9a437c0f8-193x300.jpg\" class=\"attachment-medium size-medium\" alt=\"\" srcset=\"https:\/\/www.radiopiu.net\/wordpress\/wp-content\/uploads\/2024\/03\/880e237f-7920-4e23-84bc-d5c9a437c0f8-193x300.jpg 193w, https:\/\/www.radiopiu.net\/wordpress\/wp-content\/uploads\/2024\/03\/880e237f-7920-4e23-84bc-d5c9a437c0f8.jpg 576w\" sizes=\"auto, (max-width: 193px) 100vw, 193px\" \/><\/a>\n\t\t\t\t<\/dt><\/dl><br style=\"clear: both\" \/>\n\t\t\t<\/div>\n\n<audio class=\"wp-audio-shortcode\" id=\"audio-379972-12\" preload=\"none\" style=\"width: 100%;\" controls=\"controls\"><source type=\"audio\/mpeg\" src=\"https:\/\/www.radiopiu.net\/wordpress\/wp-content\/uploads\/2024\/03\/LIANA.mp3?_=12\" \/><a href=\"https:\/\/www.radiopiu.net\/wordpress\/wp-content\/uploads\/2024\/03\/LIANA.mp3\">https:\/\/www.radiopiu.net\/wordpress\/wp-content\/uploads\/2024\/03\/LIANA.mp3<\/a><\/audio>\n<p>&nbsp;<\/p>\n<h2><strong>LA RACCOLTA COMPLETA <span style=\"color: #0000ff;\"><a style=\"color: #0000ff;\" href=\"https:\/\/www.radiopiu.net\/wordpress\/liber-di-liana-cavallet-la-raccolta\/\">CLICCA QUI<\/a><\/span><\/strong><\/h2>\n<p>&nbsp;<\/p>\n<hr \/>\n<p>&nbsp;<\/p>\n<h2><span style=\"color: #3366ff;\"><a class=\"dt-pswp-item\" href=\"https:\/\/www.radiopiu.net\/wordpress\/wp-content\/uploads\/2022\/11\/scuola-zaino.jpeg\" data-dt-img-description=\"\" data-large_image_width=\"626\" data-large_image_height=\"417\"><img loading=\"lazy\" decoding=\"async\" class=\" wp-image-306830 alignleft\" src=\"https:\/\/www.radiopiu.net\/wordpress\/wp-content\/uploads\/2022\/11\/scuola-zaino-300x200.jpeg\" alt=\"\" width=\"153\" height=\"102\" srcset=\"https:\/\/www.radiopiu.net\/wordpress\/wp-content\/uploads\/2022\/11\/scuola-zaino-300x200.jpeg 300w, https:\/\/www.radiopiu.net\/wordpress\/wp-content\/uploads\/2022\/11\/scuola-zaino.jpeg 626w\" sizes=\"auto, (max-width: 153px) 100vw, 153px\" \/><\/a>SE NON LA SMETTI TI MANDO DAL PRESIDE<\/span><\/h2>\n<p><strong>DI MIRKO MEZZACASA<\/strong><\/p>\n<p>CON MARIA ROSA SALMAZO<\/p>\n<audio class=\"wp-audio-shortcode\" id=\"audio-379972-13\" preload=\"none\" style=\"width: 100%;\" controls=\"controls\"><source type=\"audio\/mpeg\" src=\"https:\/\/www.radiopiu.net\/wordpress\/wp-content\/uploads\/2024\/03\/PRESIDE-2.mp3?_=13\" \/><a href=\"https:\/\/www.radiopiu.net\/wordpress\/wp-content\/uploads\/2024\/03\/PRESIDE-2.mp3\">https:\/\/www.radiopiu.net\/wordpress\/wp-content\/uploads\/2024\/03\/PRESIDE-2.mp3<\/a><\/audio>\n<p>&nbsp;<\/p>\n<hr \/>\n<p>&nbsp;<\/p>\n<h2><span style=\"color: #008000;\">CISL E FEMCA CISL LA VOCE PER I LAVORATORI<\/span><\/h2>\n<p><a class=\"dt-pswp-item\" href=\"https:\/\/www.radiopiu.net\/wordpress\/wp-content\/uploads\/2023\/10\/Senza-nome-7.png\" data-dt-img-description=\"\" data-large_image_width=\"235\" data-large_image_height=\"378\"><img loading=\"lazy\" decoding=\"async\" class=\"wp-image-355326 alignleft\" src=\"https:\/\/www.radiopiu.net\/wordpress\/wp-content\/uploads\/2023\/10\/Senza-nome-7-187x300.png\" alt=\"\" width=\"92\" height=\"148\" srcset=\"https:\/\/www.radiopiu.net\/wordpress\/wp-content\/uploads\/2023\/10\/Senza-nome-7-187x300.png 187w, https:\/\/www.radiopiu.net\/wordpress\/wp-content\/uploads\/2023\/10\/Senza-nome-7.png 235w\" sizes=\"auto, (max-width: 92px) 100vw, 92px\" \/><\/a>20 marzo 2024<\/p>\n<p><strong>PUNTATA 65, ALESSIO PICCOLI<\/strong><\/p>\n<audio class=\"wp-audio-shortcode\" id=\"audio-379972-14\" preload=\"none\" style=\"width: 100%;\" controls=\"controls\"><source type=\"audio\/mpeg\" src=\"https:\/\/www.radiopiu.net\/wordpress\/wp-content\/uploads\/2024\/01\/FEMCA-CISL-8.mp3?_=14\" \/><a href=\"https:\/\/www.radiopiu.net\/wordpress\/wp-content\/uploads\/2024\/01\/FEMCA-CISL-8.mp3\">https:\/\/www.radiopiu.net\/wordpress\/wp-content\/uploads\/2024\/01\/FEMCA-CISL-8.mp3<\/a><\/audio>\n<p>&nbsp;<\/p>\n<h2>LA RACCOLTA COMPLETA<span style=\"color: #0000ff;\"> <a style=\"color: #0000ff;\" href=\"https:\/\/www.radiopiu.net\/wordpress\/cisl-e-femca-cisl-la-vocef\/\">CLICCA QUI<\/a><\/span><\/h2>\n<p>&nbsp;<\/p>\n<hr \/>\n<p>&nbsp;<\/p>\n<h2 class=\"entry-title\"><span style=\"color: #800080;\">CINE HITS, ALLA SCOPERTA DELLE COLONNE SONORE<\/span><\/h2>\n<p><strong><a class=\"dt-pswp-item\" href=\"https:\/\/www.radiopiu.net\/wordpress\/wp-content\/uploads\/2024\/03\/PHILADELPHIA.jpg\" data-dt-img-description=\"\" data-large_image_width=\"420\" data-large_image_height=\"605\"><img loading=\"lazy\" decoding=\"async\" class=\" wp-image-380084 alignleft\" src=\"https:\/\/www.radiopiu.net\/wordpress\/wp-content\/uploads\/2024\/03\/PHILADELPHIA-208x300.jpg\" alt=\"\" width=\"76\" height=\"110\" srcset=\"https:\/\/www.radiopiu.net\/wordpress\/wp-content\/uploads\/2024\/03\/PHILADELPHIA-208x300.jpg 208w, https:\/\/www.radiopiu.net\/wordpress\/wp-content\/uploads\/2024\/03\/PHILADELPHIA.jpg 420w\" sizes=\"auto, (max-width: 76px) 100vw, 76px\" \/><\/a>20 MARZO 2024 &#8211; PHILADELPHIA<\/strong><\/p>\n<audio class=\"wp-audio-shortcode\" id=\"audio-379972-15\" preload=\"none\" style=\"width: 100%;\" controls=\"controls\"><source type=\"audio\/mpeg\" src=\"https:\/\/www.radiopiu.net\/wordpress\/wp-content\/uploads\/2024\/03\/CINE2-1.mp3?_=15\" \/><a href=\"https:\/\/www.radiopiu.net\/wordpress\/wp-content\/uploads\/2024\/03\/CINE2-1.mp3\">https:\/\/www.radiopiu.net\/wordpress\/wp-content\/uploads\/2024\/03\/CINE2-1.mp3<\/a><\/audio>\n<p>&nbsp;<\/p>\n<hr \/>\n<p>&nbsp;<\/p>\n<h2><span style=\"color: #993300;\">&#8220;RIMASTI PIU&#8217; AVANTI&#8221;, ALLA SCOPERTA DELLA MUSICA BELLUNESE CON MARCO V. DAL FARRA<\/span><\/h2>\n<p><span style=\"color: #ff0000;\"><strong><a class=\"dt-pswp-item\" href=\"https:\/\/www.radiopiu.net\/wordpress\/wp-content\/uploads\/2024\/03\/8fe9acfc-2378-49b7-b324-c3602105a51e.jpg\" data-dt-img-description=\"\" data-large_image_width=\"1200\" data-large_image_height=\"1600\"><img loading=\"lazy\" decoding=\"async\" class=\" wp-image-380093 alignleft\" src=\"https:\/\/www.radiopiu.net\/wordpress\/wp-content\/uploads\/2024\/03\/8fe9acfc-2378-49b7-b324-c3602105a51e-225x300.jpg\" alt=\"\" width=\"113\" height=\"151\" srcset=\"https:\/\/www.radiopiu.net\/wordpress\/wp-content\/uploads\/2024\/03\/8fe9acfc-2378-49b7-b324-c3602105a51e-225x300.jpg 225w, https:\/\/www.radiopiu.net\/wordpress\/wp-content\/uploads\/2024\/03\/8fe9acfc-2378-49b7-b324-c3602105a51e-768x1024.jpg 768w, https:\/\/www.radiopiu.net\/wordpress\/wp-content\/uploads\/2024\/03\/8fe9acfc-2378-49b7-b324-c3602105a51e-1152x1536.jpg 1152w, https:\/\/www.radiopiu.net\/wordpress\/wp-content\/uploads\/2024\/03\/8fe9acfc-2378-49b7-b324-c3602105a51e.jpg 1200w\" sizes=\"auto, (max-width: 113px) 100vw, 113px\" \/><\/a>26^ PUNTATA<\/strong><\/span><\/p>\n<p><span style=\"color: #0000ff;\"><strong>EMILIANO BEZ<\/strong><\/span><\/p>\n<p><strong>PRIMA PARTE<\/strong><\/p>\n<audio class=\"wp-audio-shortcode\" id=\"audio-379972-16\" preload=\"none\" style=\"width: 100%;\" controls=\"controls\"><source type=\"audio\/mpeg\" src=\"https:\/\/www.radiopiu.net\/wordpress\/wp-content\/uploads\/2024\/03\/M1-1.mp3?_=16\" \/><a href=\"https:\/\/www.radiopiu.net\/wordpress\/wp-content\/uploads\/2024\/03\/M1-1.mp3\">https:\/\/www.radiopiu.net\/wordpress\/wp-content\/uploads\/2024\/03\/M1-1.mp3<\/a><\/audio>\n<p><strong>\u00a0<\/strong><\/p>\n<p><strong>SECONDA PARTE<\/strong><\/p>\n<audio class=\"wp-audio-shortcode\" id=\"audio-379972-17\" preload=\"none\" style=\"width: 100%;\" controls=\"controls\"><source type=\"audio\/mpeg\" src=\"https:\/\/www.radiopiu.net\/wordpress\/wp-content\/uploads\/2024\/03\/M2-1.mp3?_=17\" \/><a href=\"https:\/\/www.radiopiu.net\/wordpress\/wp-content\/uploads\/2024\/03\/M2-1.mp3\">https:\/\/www.radiopiu.net\/wordpress\/wp-content\/uploads\/2024\/03\/M2-1.mp3<\/a><\/audio>\n<p><strong>\u00a0<\/strong><\/p>\n<p><strong>TERZA PARTE<\/strong><\/p>\n<audio class=\"wp-audio-shortcode\" id=\"audio-379972-18\" preload=\"none\" style=\"width: 100%;\" controls=\"controls\"><source type=\"audio\/mpeg\" src=\"https:\/\/www.radiopiu.net\/wordpress\/wp-content\/uploads\/2024\/03\/M3-1.mp3?_=18\" \/><a href=\"https:\/\/www.radiopiu.net\/wordpress\/wp-content\/uploads\/2024\/03\/M3-1.mp3\">https:\/\/www.radiopiu.net\/wordpress\/wp-content\/uploads\/2024\/03\/M3-1.mp3<\/a><\/audio>\n<p>&nbsp;<\/p>\n<h2>LA RACCOLTA COMPLETA <span style=\"color: #0000ff;\"><a style=\"color: #0000ff;\" href=\"https:\/\/www.radiopiu.net\/wordpress\/rimasti-piu-avanti-p26\/\">CLICCA QUI<\/a><\/span><\/h2>\n<p>&nbsp;<\/p>\n<p>&nbsp;<\/p>\n<hr \/>\n<p>&nbsp;<\/p>\n<blockquote class=\"wp-embedded-content\" data-secret=\"44KFCTe7m7\"><p><a href=\"https:\/\/www.radiopiu.net\/wordpress\/grma1\/\">IL GIORMALE RADIO DI MARCO DAL FARRA &#8211; LA RACCOLTA<\/a><\/p><\/blockquote>\n<p><iframe loading=\"lazy\" class=\"wp-embedded-content\" sandbox=\"allow-scripts\" security=\"restricted\" style=\"position: absolute; clip: rect(1px, 1px, 1px, 1px);\" title=\"&#8220;IL GIORMALE RADIO DI MARCO DAL FARRA &#8211; LA RACCOLTA&#8221; &#8212; Radio Pi\u00f9\" src=\"https:\/\/www.radiopiu.net\/wordpress\/grma1\/embed\/#?secret=1hV6wLKQfF#?secret=44KFCTe7m7\" data-secret=\"44KFCTe7m7\" width=\"600\" height=\"338\" frameborder=\"0\" marginwidth=\"0\" marginheight=\"0\" scrolling=\"no\"><\/iframe><\/p>\n<p>&nbsp;<\/p>\n<h1>EL DARLIN, RIASCOLTIAMOLI DI LUISA ALCHINI, LA RACCOLTA COMPLETA <span style=\"color: #0000ff;\"><a style=\"color: #0000ff;\" href=\"https:\/\/www.radiopiu.net\/wordpress\/da-daa08\/\">CLICCA QUI<\/a><\/span><\/h1>\n<p>&nbsp;<\/p>\n<p>&nbsp;<\/p>\n<p>&nbsp;<\/p>\n<hr \/>\n<p>&nbsp;<\/p>\n<h2><span style=\"color: #ff0000;\"><a class=\"dt-pswp-item\" href=\"https:\/\/www.radiopiu.net\/wordpress\/wp-content\/uploads\/2018\/09\/appuntamenti.jpeg\" data-dt-img-description=\"\" data-large_image_width=\"800\" data-large_image_height=\"100\"><img loading=\"lazy\" decoding=\"async\" class=\"wp-image-61958 size-full aligncenter\" src=\"https:\/\/www.radiopiu.net\/wordpress\/wp-content\/uploads\/2018\/09\/appuntamenti.jpeg\" alt=\"\" width=\"800\" height=\"100\" srcset=\"https:\/\/www.radiopiu.net\/wordpress\/wp-content\/uploads\/2018\/09\/appuntamenti.jpeg 800w, https:\/\/www.radiopiu.net\/wordpress\/wp-content\/uploads\/2018\/09\/appuntamenti-300x38.jpeg 300w, https:\/\/www.radiopiu.net\/wordpress\/wp-content\/uploads\/2018\/09\/appuntamenti-768x96.jpeg 768w\" sizes=\"auto, (max-width: 800px) 100vw, 800px\" \/><\/a><\/span><\/h2>\n<div>\n<div class=\"\" dir=\"auto\">\n<div id=\":r9h:\" class=\"x1iorvi4 x1pi30zi x1l90r2v x1swvt13\" data-ad-comet-preview=\"message\" data-ad-preview=\"message\">\n<div class=\"x78zum5 xdt5ytf xz62fqu x16ldp7u\">\n<div class=\"xu06os2 x1ok221b\">\n<p>&nbsp;<\/p>\n<blockquote>\n<h1><\/h1>\n<h1><strong> <a class=\"dt-pswp-item\" href=\"https:\/\/www.radiopiu.net\/wordpress\/wp-content\/uploads\/2024\/03\/432768131_122132584064160070_893759731308900904_n.jpg\" data-dt-img-description=\"\" data-large_image_width=\"526\" data-large_image_height=\"526\"><img loading=\"lazy\" decoding=\"async\" class=\" wp-image-379833 alignleft\" src=\"https:\/\/www.radiopiu.net\/wordpress\/wp-content\/uploads\/2024\/03\/432768131_122132584064160070_893759731308900904_n-300x300.jpg\" alt=\"\" width=\"186\" height=\"186\" srcset=\"https:\/\/www.radiopiu.net\/wordpress\/wp-content\/uploads\/2024\/03\/432768131_122132584064160070_893759731308900904_n-300x300.jpg 300w, https:\/\/www.radiopiu.net\/wordpress\/wp-content\/uploads\/2024\/03\/432768131_122132584064160070_893759731308900904_n-150x150.jpg 150w, https:\/\/www.radiopiu.net\/wordpress\/wp-content\/uploads\/2024\/03\/432768131_122132584064160070_893759731308900904_n.jpg 526w\" sizes=\"auto, (max-width: 186px) 100vw, 186px\" \/><\/a>AL CINEMA DOLOMITI DI FALCADE\u00a0<\/strong><\/h1>\n<\/blockquote>\n<p><strong>VACANZE PASQUALI AL CINEMA DOLOMITI DI FALCADE, RIAPRE LA SALA IN CENTRO AL PAESE. RIPRESA STAGIONALE CON UN GRANDE PELLICOLA NEL RICORDO DI BOB MARLEY ONE LOVE&#8230; <\/strong><strong>VENERDI E SABATO ALLE 21, DOMENICA ALLE 15.30 E ALLE 21.<br \/>\n<\/strong>BOB MARLEY &#8211; ONE LOVE La vita, il talento, i difetti, le passioni, l&#8217;impegno, ma soprattutto la Musica di una delle icone pi\u00f9 grandi di sempre: Bob Marley. di Reinaldo Marcus Green | Biografico &#8211; 107 minuti con Kingsley Ben-Adir &#8211; Lashana Lynch<\/p>\n<div class=\"x11i5rnm xat24cr x1mh8g0r x1vvkbs xtlvy1s x126k92a\">\n<div dir=\"auto\">22 Marzo 2024 | Ore 21:00;\u00a0 23 Marzo 2024 | Ore 21:00;\u00a0 24 Marzo 2024 | Ore 15:30 e 21:00;\u00a001 Aprile 2024 | Ore 15:30 e 21:00<\/div>\n<\/div>\n<p>&nbsp;<\/p>\n<p>&nbsp;<\/p>\n<p><strong>BELLUNO <\/strong>Il Circolo culturale La Terra dei Padri Belluno ospita venerd\u00ec alle 17:45 una conferenza su &#8220;Miles et militaria dell&#8217;et\u00e0 romana nel Bellunese&#8221;, tenuta da Filippo Favilli e Paolo Viel. Approfondiranno aspetti sociali, economici e geopolitici della presenza militare romana, con focus sulla vita del soldato, equipaggiamento e reperti ritrovati.<\/p>\n<p><b>SEREN DEL GRAPPA <\/b>Domani a Seren del Grappa sulla Giornata Mondiale dell&#8217;Acqua, Biblioteca Comunale, interventi di Valter Bonan, Daniele Gubert, Ezio De Cet, moderatore Lucio Dorz.<\/p>\n<p><strong>BELLUNO<\/strong>\u00a0 Domani alle 20:30, Seminario Gregoriano di Belluno: terza conferenza sulle celebrazioni dei 700 anni di San Pietro. Caterina Costa presenter\u00e0 la sua tesi sui manoscritti miniati della Biblioteca Lolliniana, con focus su tre pregevoli opere. Prossimo incontro il 12 aprile con Aurora Frescura. Organizzato dal Seminario Gregoriano, Biblioteca Gregoriana, Associazione culturale \u201cCampedel\u201d e Biblioteca civica di Belluno per valorizzare il patrimonio artistico e librario della diocesi.<\/p>\n<p><strong>BELLUNO<\/strong> A Castion domani alle\u00a0 20.30, presso l\u2019Asilo San Gaetano,\u00a0 presentazione del libro \u201cDon Claudio e la luna\u201d, un ricordo di Don Claudio Sacco,\u00a0 di Fabio Rufus Bristot.<\/p>\n<p><strong>BELLUNO<\/strong> Si terr\u00e0 sabato 23 marzo alle ore 14:30 in Sala Teatro del Centro congressi Giovanni 23mo di Belluno il convegno dal titolo \u201cProgramma OMS Organizzazione Mondiale della Sanit\u00e0: democrazia in pericolo\u201d? Introdurr\u00e0 l\u2019incontro il dottor Filiberto Dal Molin, medico radiologo. Moderatrice del convegno la dottoressa Gioia Locati, giornalista e scrittrice.<\/p>\n<p><strong>FELTRE<\/strong> Domenica alle 11, al Centro Astronomico di Arson, si terr\u00e0 un evento dedicato all&#8217;osservazione del Sole ad alta risoluzione. Sar\u00e0 possibile osservare la stella sia nella luce visibile che nella luce d&#8217;idrogeno, utilizzando vari schemi filtranti disponibili nell&#8217;osservatorio, garantendo condizioni di sicurezza assoluta. L&#8217;evento includer\u00e0 anche la proiezione del cielo della stagione al planetario e spettacoli riguardanti il Sole. L&#8217;ingresso costa 5 \u20ac, ma \u00e8 gratuito per soci e bambini fino a 11 anni.<\/p>\n<div>\n<div class=\"\" dir=\"auto\">\n<div id=\":r9h:\" class=\"x1iorvi4 x1pi30zi x1l90r2v x1swvt13\" data-ad-comet-preview=\"message\" data-ad-preview=\"message\">\n<div class=\"x78zum5 xdt5ytf xz62fqu x16ldp7u\">\n<div class=\"xu06os2 x1ok221b\">\n<h2><\/h2>\n<h2><\/h2>\n<h2><span style=\"color: #ff0000;\">PROSSIMAMENTE&#8230;<\/span><\/h2>\n<p><strong>ALLEGHE<\/strong> Sabato 6 aprile gli Amici di Thierry organizzano il primo Piani Di Pezz\u00e8 Trophy, esibizione di Ape Car Elaborate su tracciato neve ghiaccio ai Piani di Pezz\u00e8 di Alleghe. Servizio cabinovia e servizio ristorazione alla Grande Baita Civetta e alla sera musica con DJ.<\/p>\n<p>&nbsp;<\/p>\n<p>7 APRILE, LARESEI! SAVE THE DATE FESTIVAL &#8220;ULTIMISSIME&#8221; CON CAROLINA MARQUEZ, MASSIMILIANO OSSINI, CAMILLA RONCHI, ICE MC,\u00a0\u00a0\u00a0 NATHALIE AARTS, ALIEN CUT\u00a0 E SATURNINO Acquista il tuo biglietto d&#8217;ingresso al link: www.ciaotickets.com \u00a0 save-the-date-festival 7 APRILE RIFUGIO LARESEI SKI AREA SAN PELLEGRINO-FALCADE<\/p>\n<\/div>\n<\/div>\n<\/div>\n<\/div>\n<\/div>\n<div>\n<div class=\"\" dir=\"auto\">\n<div id=\":r9h:\" class=\"x1iorvi4 x1pi30zi x1l90r2v x1swvt13\" data-ad-comet-preview=\"message\" data-ad-preview=\"message\">\n\n\t\t\t<style type='text\/css'>\n\t\t\t\t#gallery-3 {\n\t\t\t\t\tmargin: auto;\n\t\t\t\t}\n\t\t\t\t#gallery-3 .gallery-item {\n\t\t\t\t\tfloat: left;\n\t\t\t\t\tmargin-top: 10px;\n\t\t\t\t\ttext-align: center;\n\t\t\t\t\twidth: 25%;\n\t\t\t\t}\n\t\t\t\t#gallery-3 img {\n\t\t\t\t\tborder: 2px solid #cfcfcf;\n\t\t\t\t}\n\t\t\t\t#gallery-3 .gallery-caption {\n\t\t\t\t\tmargin-left: 0;\n\t\t\t\t}\n\t\t\t\t\/* see gallery_shortcode() in wp-includes\/media.php *\/\n\t\t\t<\/style>\n\t\t<div id='gallery-3' class='dt-gallery-container gallery galleryid-379972 gallery-columns-4 gallery-size-medium'><dl class='gallery-item'>\n\t\t\t\t<dt class='gallery-icon portrait'>\n\t\t\t\t\t<a class=\"rollover rollover-zoom dt-pswp-item\" title=\"SCR-20240306-qmql\" data-dt-img-description=\"\" data-large_image_width=\"1182\" data-large_image_height=\"1192\"href='https:\/\/www.radiopiu.net\/wordpress\/wp-content\/uploads\/2024\/03\/SCR-20240306-qmql.jpeg'><img loading=\"lazy\" decoding=\"async\" width=\"297\" height=\"300\" src=\"https:\/\/www.radiopiu.net\/wordpress\/wp-content\/uploads\/2024\/03\/SCR-20240306-qmql-297x300.jpeg\" class=\"attachment-medium size-medium\" alt=\"\" srcset=\"https:\/\/www.radiopiu.net\/wordpress\/wp-content\/uploads\/2024\/03\/SCR-20240306-qmql-297x300.jpeg 297w, https:\/\/www.radiopiu.net\/wordpress\/wp-content\/uploads\/2024\/03\/SCR-20240306-qmql-1015x1024.jpeg 1015w, https:\/\/www.radiopiu.net\/wordpress\/wp-content\/uploads\/2024\/03\/SCR-20240306-qmql-768x774.jpeg 768w, https:\/\/www.radiopiu.net\/wordpress\/wp-content\/uploads\/2024\/03\/SCR-20240306-qmql.jpeg 1182w\" sizes=\"auto, (max-width: 297px) 100vw, 297px\" \/><\/a>\n\t\t\t\t<\/dt><\/dl><dl class='gallery-item'>\n\t\t\t\t<dt class='gallery-icon landscape'>\n\t\t\t\t\t<a class=\"rollover rollover-zoom dt-pswp-item\" title=\"download\" data-dt-img-description=\"\" data-large_image_width=\"316\" data-large_image_height=\"315\"href='https:\/\/www.radiopiu.net\/wordpress\/wp-content\/uploads\/2024\/03\/download.jpg'><img loading=\"lazy\" decoding=\"async\" width=\"300\" height=\"300\" src=\"https:\/\/www.radiopiu.net\/wordpress\/wp-content\/uploads\/2024\/03\/download-300x300.jpg\" class=\"attachment-medium size-medium\" alt=\"\" srcset=\"https:\/\/www.radiopiu.net\/wordpress\/wp-content\/uploads\/2024\/03\/download-300x300.jpg 300w, https:\/\/www.radiopiu.net\/wordpress\/wp-content\/uploads\/2024\/03\/download-150x150.jpg 150w, https:\/\/www.radiopiu.net\/wordpress\/wp-content\/uploads\/2024\/03\/download.jpg 316w\" sizes=\"auto, (max-width: 300px) 100vw, 300px\" \/><\/a>\n\t\t\t\t<\/dt><\/dl><dl class='gallery-item'>\n\t\t\t\t<dt class='gallery-icon landscape'>\n\t\t\t\t\t<a class=\"rollover rollover-zoom dt-pswp-item\" title=\"download\" data-dt-img-description=\"\" data-large_image_width=\"640\" data-large_image_height=\"639\"href='https:\/\/www.radiopiu.net\/wordpress\/wp-content\/uploads\/2024\/02\/download-6.jpg'><img loading=\"lazy\" decoding=\"async\" width=\"300\" height=\"300\" src=\"https:\/\/www.radiopiu.net\/wordpress\/wp-content\/uploads\/2024\/02\/download-6-300x300.jpg\" class=\"attachment-medium size-medium\" alt=\"\" srcset=\"https:\/\/www.radiopiu.net\/wordpress\/wp-content\/uploads\/2024\/02\/download-6-300x300.jpg 300w, https:\/\/www.radiopiu.net\/wordpress\/wp-content\/uploads\/2024\/02\/download-6-150x150.jpg 150w, https:\/\/www.radiopiu.net\/wordpress\/wp-content\/uploads\/2024\/02\/download-6.jpg 640w\" sizes=\"auto, (max-width: 300px) 100vw, 300px\" \/><\/a>\n\t\t\t\t<\/dt><\/dl><dl class='gallery-item'>\n\t\t\t\t<dt class='gallery-icon landscape'>\n\t\t\t\t\t<a class=\"rollover rollover-zoom dt-pswp-item\" title=\"Senza nome\" data-dt-img-description=\"\" data-large_image_width=\"566\" data-large_image_height=\"463\"href='https:\/\/www.radiopiu.net\/wordpress\/wp-content\/uploads\/2024\/03\/Senza-nome-4.png'><img loading=\"lazy\" decoding=\"async\" width=\"300\" height=\"245\" src=\"https:\/\/www.radiopiu.net\/wordpress\/wp-content\/uploads\/2024\/03\/Senza-nome-4-300x245.png\" class=\"attachment-medium size-medium\" alt=\"\" srcset=\"https:\/\/www.radiopiu.net\/wordpress\/wp-content\/uploads\/2024\/03\/Senza-nome-4-300x245.png 300w, https:\/\/www.radiopiu.net\/wordpress\/wp-content\/uploads\/2024\/03\/Senza-nome-4.png 566w\" sizes=\"auto, (max-width: 300px) 100vw, 300px\" \/><\/a>\n\t\t\t\t<\/dt><\/dl><br style=\"clear: both\" \/><dl class='gallery-item'>\n\t\t\t\t<dt class='gallery-icon landscape'>\n\t\t\t\t\t<a class=\"rollover rollover-zoom dt-pswp-item\" title=\"download\" data-dt-img-description=\"\" data-large_image_width=\"640\" data-large_image_height=\"639\"href='https:\/\/www.radiopiu.net\/wordpress\/wp-content\/uploads\/2024\/02\/download-5.jpg'><img loading=\"lazy\" decoding=\"async\" width=\"300\" height=\"300\" src=\"https:\/\/www.radiopiu.net\/wordpress\/wp-content\/uploads\/2024\/02\/download-5-300x300.jpg\" class=\"attachment-medium size-medium\" alt=\"\" srcset=\"https:\/\/www.radiopiu.net\/wordpress\/wp-content\/uploads\/2024\/02\/download-5-300x300.jpg 300w, https:\/\/www.radiopiu.net\/wordpress\/wp-content\/uploads\/2024\/02\/download-5-150x150.jpg 150w, https:\/\/www.radiopiu.net\/wordpress\/wp-content\/uploads\/2024\/02\/download-5.jpg 640w\" sizes=\"auto, (max-width: 300px) 100vw, 300px\" \/><\/a>\n\t\t\t\t<\/dt><\/dl><dl class='gallery-item'>\n\t\t\t\t<dt class='gallery-icon landscape'>\n\t\t\t\t\t<a class=\"rollover rollover-zoom dt-pswp-item\" title=\"Senza nome\" data-dt-img-description=\"\" data-large_image_width=\"415\" data-large_image_height=\"390\"href='https:\/\/www.radiopiu.net\/wordpress\/wp-content\/uploads\/2024\/03\/Senza-nome-10.png'><img loading=\"lazy\" decoding=\"async\" width=\"300\" height=\"282\" src=\"https:\/\/www.radiopiu.net\/wordpress\/wp-content\/uploads\/2024\/03\/Senza-nome-10-300x282.png\" class=\"attachment-medium size-medium\" alt=\"\" srcset=\"https:\/\/www.radiopiu.net\/wordpress\/wp-content\/uploads\/2024\/03\/Senza-nome-10-300x282.png 300w, https:\/\/www.radiopiu.net\/wordpress\/wp-content\/uploads\/2024\/03\/Senza-nome-10.png 415w\" sizes=\"auto, (max-width: 300px) 100vw, 300px\" \/><\/a>\n\t\t\t\t<\/dt><\/dl><dl class='gallery-item'>\n\t\t\t\t<dt class='gallery-icon landscape'>\n\t\t\t\t\t<a class=\"rollover rollover-zoom dt-pswp-item\" title=\"19c21029-a0ef-4986-8081-9facbbbce065\" data-dt-img-description=\"\" data-large_image_width=\"1080\" data-large_image_height=\"1080\"href='https:\/\/www.radiopiu.net\/wordpress\/wp-content\/uploads\/2024\/02\/19c21029-a0ef-4986-8081-9facbbbce065.jpg'><img loading=\"lazy\" decoding=\"async\" width=\"300\" height=\"300\" src=\"https:\/\/www.radiopiu.net\/wordpress\/wp-content\/uploads\/2024\/02\/19c21029-a0ef-4986-8081-9facbbbce065-300x300.jpg\" class=\"attachment-medium size-medium\" alt=\"\" srcset=\"https:\/\/www.radiopiu.net\/wordpress\/wp-content\/uploads\/2024\/02\/19c21029-a0ef-4986-8081-9facbbbce065-300x300.jpg 300w, https:\/\/www.radiopiu.net\/wordpress\/wp-content\/uploads\/2024\/02\/19c21029-a0ef-4986-8081-9facbbbce065-1024x1024.jpg 1024w, https:\/\/www.radiopiu.net\/wordpress\/wp-content\/uploads\/2024\/02\/19c21029-a0ef-4986-8081-9facbbbce065-150x150.jpg 150w, https:\/\/www.radiopiu.net\/wordpress\/wp-content\/uploads\/2024\/02\/19c21029-a0ef-4986-8081-9facbbbce065-768x768.jpg 768w, https:\/\/www.radiopiu.net\/wordpress\/wp-content\/uploads\/2024\/02\/19c21029-a0ef-4986-8081-9facbbbce065.jpg 1080w\" sizes=\"auto, (max-width: 300px) 100vw, 300px\" \/><\/a>\n\t\t\t\t<\/dt><\/dl><dl class='gallery-item'>\n\t\t\t\t<dt class='gallery-icon landscape'>\n\t\t\t\t\t<a class=\"rollover rollover-zoom dt-pswp-item\" title=\"428458808_122124610286160269_8403615925720421881_n\" data-dt-img-description=\"\" data-large_image_width=\"526\" data-large_image_height=\"526\"href='https:\/\/www.radiopiu.net\/wordpress\/wp-content\/uploads\/2024\/02\/428458808_122124610286160269_8403615925720421881_n.jpg'><img loading=\"lazy\" decoding=\"async\" width=\"300\" height=\"300\" src=\"https:\/\/www.radiopiu.net\/wordpress\/wp-content\/uploads\/2024\/02\/428458808_122124610286160269_8403615925720421881_n-300x300.jpg\" class=\"attachment-medium size-medium\" alt=\"\" srcset=\"https:\/\/www.radiopiu.net\/wordpress\/wp-content\/uploads\/2024\/02\/428458808_122124610286160269_8403615925720421881_n-300x300.jpg 300w, https:\/\/www.radiopiu.net\/wordpress\/wp-content\/uploads\/2024\/02\/428458808_122124610286160269_8403615925720421881_n-150x150.jpg 150w, https:\/\/www.radiopiu.net\/wordpress\/wp-content\/uploads\/2024\/02\/428458808_122124610286160269_8403615925720421881_n.jpg 526w\" sizes=\"auto, (max-width: 300px) 100vw, 300px\" \/><\/a>\n\t\t\t\t<\/dt><\/dl><br style=\"clear: both\" \/>\n\t\t\t<\/div>\n\n<\/div>\n<\/div>\n<\/div>\n<blockquote>\n<div>\n<div class=\"\" dir=\"auto\">\n<div id=\":r9h:\" class=\"x1iorvi4 x1pi30zi x1l90r2v x1swvt13\" data-ad-comet-preview=\"message\" data-ad-preview=\"message\">\n<div class=\"x78zum5 xdt5ytf xz62fqu x16ldp7u\">\n<div class=\"xu06os2 x1ok221b\">\n<div dir=\"auto\"><\/div>\n<\/div>\n<\/div>\n<\/div>\n<\/div>\n<\/div>\n<\/blockquote>\n<p>&nbsp;<\/p>\n<\/div>\n<\/div>\n<\/div>\n<\/div>\n<\/div>\n<p>&nbsp;<\/p>\n<hr \/>\n<p>&nbsp;<\/p>\n<p><a class=\"dt-pswp-item\" href=\"https:\/\/www.radiopiu.net\/wordpress\/wp-content\/uploads\/2018\/09\/viabilita.jpeg\" data-dt-img-description=\"\" data-large_image_width=\"800\" data-large_image_height=\"100\"><img loading=\"lazy\" decoding=\"async\" class=\"aligncenter wp-image-61954 size-full\" src=\"https:\/\/www.radiopiu.net\/wordpress\/wp-content\/uploads\/2018\/09\/viabilita.jpeg\" alt=\"\" width=\"800\" height=\"100\" srcset=\"https:\/\/www.radiopiu.net\/wordpress\/wp-content\/uploads\/2018\/09\/viabilita.jpeg 800w, https:\/\/www.radiopiu.net\/wordpress\/wp-content\/uploads\/2018\/09\/viabilita-300x38.jpeg 300w, https:\/\/www.radiopiu.net\/wordpress\/wp-content\/uploads\/2018\/09\/viabilita-768x96.jpeg 768w\" sizes=\"auto, (max-width: 800px) 100vw, 800px\" \/><\/a><\/p>\n<p>&nbsp;<\/p>\n<p><a class=\"dt-pswp-item\" href=\"https:\/\/www.radiopiu.net\/wordpress\/wp-content\/uploads\/2023\/12\/botol-car-service.jpg\" data-dt-img-description=\"\" data-large_image_width=\"600\" data-large_image_height=\"600\"><img loading=\"lazy\" decoding=\"async\" class=\"size-medium wp-image-367044 aligncenter\" src=\"https:\/\/www.radiopiu.net\/wordpress\/wp-content\/uploads\/2023\/12\/botol-car-service-300x300.jpg\" alt=\"\" width=\"300\" height=\"300\" srcset=\"https:\/\/www.radiopiu.net\/wordpress\/wp-content\/uploads\/2023\/12\/botol-car-service-300x300.jpg 300w, https:\/\/www.radiopiu.net\/wordpress\/wp-content\/uploads\/2023\/12\/botol-car-service-150x150.jpg 150w, https:\/\/www.radiopiu.net\/wordpress\/wp-content\/uploads\/2023\/12\/botol-car-service.jpg 600w\" sizes=\"auto, (max-width: 300px) 100vw, 300px\" \/><\/a><\/p>\n<p>&nbsp;<\/p>\n<p>&nbsp;<\/p>\n<h1>BOLLETTINO QUOTIDIANO, CLICCA QUI<\/h1>\n<blockquote class=\"wp-embedded-content\" data-secret=\"EDjtbtUjbh\"><p><a href=\"https:\/\/www.radiopiu.net\/wordpress\/viabilita\/\">viabilita<\/a><\/p><\/blockquote>\n<p><iframe loading=\"lazy\" class=\"wp-embedded-content\" sandbox=\"allow-scripts\" security=\"restricted\" style=\"position: absolute; clip: rect(1px, 1px, 1px, 1px);\" title=\"&#8220;viabilita&#8221; &#8212; Radio Pi\u00f9\" src=\"https:\/\/www.radiopiu.net\/wordpress\/viabilita\/embed\/#?secret=jNkA7rkfMu#?secret=EDjtbtUjbh\" data-secret=\"EDjtbtUjbh\" width=\"600\" height=\"338\" frameborder=\"0\" marginwidth=\"0\" marginheight=\"0\" scrolling=\"no\"><\/iframe><\/p>\n<p>&nbsp;<\/p>\n<p>&nbsp;<\/p>\n<hr \/>\n<p>&nbsp;<\/p>\n<p><a class=\"dt-pswp-item\" href=\"https:\/\/www.radiopiu.net\/wordpress\/wp-content\/uploads\/2018\/09\/WhatsApp-Image-2018-09-20-at-16.04.06.jpeg\" data-dt-img-description=\"\" data-large_image_width=\"800\" data-large_image_height=\"100\"><img loading=\"lazy\" decoding=\"async\" class=\"wp-image-61378 size-full aligncenter\" src=\"https:\/\/www.radiopiu.net\/wordpress\/wp-content\/uploads\/2018\/09\/WhatsApp-Image-2018-09-20-at-16.04.06.jpeg\" alt=\"\" width=\"800\" height=\"100\" srcset=\"https:\/\/www.radiopiu.net\/wordpress\/wp-content\/uploads\/2018\/09\/WhatsApp-Image-2018-09-20-at-16.04.06.jpeg 800w, https:\/\/www.radiopiu.net\/wordpress\/wp-content\/uploads\/2018\/09\/WhatsApp-Image-2018-09-20-at-16.04.06-300x38.jpeg 300w, https:\/\/www.radiopiu.net\/wordpress\/wp-content\/uploads\/2018\/09\/WhatsApp-Image-2018-09-20-at-16.04.06-768x96.jpeg 768w\" sizes=\"auto, (max-width: 800px) 100vw, 800px\" \/><\/a><\/p>\n<p><center><\/center><center><\/center><center><\/center><center><\/center><center><\/center><center><\/center>&nbsp;<\/p>\n<p><center><\/center><center><b>OGGI<\/b><\/center>Nuvolosit\u00e0 irregolare e schiarite, in alcuni casi cielo gi\u00e0 coperto da nubi medie stratiformi al primo mattino su Dolomiti e da nubi basse sulle Prealpi. In seguito intensificazione della nuvolosit\u00e0, senza poter escludere del tutto qualche debole fenomeno sparso. Alla sera diradamento della nuvolosit\u00e0 e rasserenamenti a partire dalle Dolomiti. Ambiente uggioso con riduzione dell&#8217;escursione termica giornaliera.<br \/>\n<b>Precipitazioni: <\/b>Assenti al mattino, poi probabilit\u00e0 in aumento fino a medio-alta per locali e deboli fenomeni pomeridiani<br \/>\n<b>Temperature: <\/b>Generale aumento delle minime a tutte le quote; massime senza notevoli variazioni in quota e in diminuzione nelle valli.<\/p>\n<hr \/>\n<p><center><b>DOMANI<\/b><\/center>Al mattino cielo sereno o poco nuvoloso per sottili nubi alte sulle Prealpi, mentre nubi medie mattutine saranno presenti sulle Dolomiti, prima che torni il sole velato dalle suddette nubi alte. Al pomeriggio la copertura cirriforme sar\u00e0 ancora ben presente mascherando in parte sole e cielo. Alla sera comparsa di nubi basse su Prealpi.<br \/>\n<b>Precipitazioni: <\/b>Assenti<br \/>\n<b>Temperature: <\/b>Minime in calo per irraggiamento notturno, eccetto rialzo sulle vette dolomitiche pi\u00f9 alte per avvezione di aria pi\u00f9 mite; massime in generale ripresa.<\/p>\n<hr \/>\n<p><center><b>SABATO<\/b><\/center>Residui tratti di sole e crescente nuvolosit\u00e0 seguito da peggioramento del tempo con precipitazioni in estensione a tutta la montagna veneta al pomeriggio, anche di moderata intensit\u00e0 e a carattere di temporale. Temperature minime in calo ed osservate alla sera in quota, quelle del mattino nelle valli saranno in rialzo; massime in diminuzione ovunque.<\/p>\n<hr \/>\n<p><center><b>DOMENICA<\/b><\/center>Inizialmente ben soleggiato, poi primi cumuli, man mano pi\u00f9 frequenti ed intensi, in grado di dar luogo a qualche rovescio sparso al pomeriggio, nevoso sopra i 1200-1300 m, pi\u00f9 probabile sulle Prealpi, mentre la probabilit\u00e0 sar\u00e0 minore sulle Dolomiti. Temperature in generale calo, eccetto ripresa delle massime in alcune valli.<\/p>\n<p>&nbsp;<\/p>\n<hr \/>\n<p>&nbsp;<\/p>\n<p><img loading=\"lazy\" decoding=\"async\" class=\"wp-image-60761 size-full aligncenter\" src=\"https:\/\/www.radiopiu.net\/wordpress\/wp-content\/uploads\/2018\/09\/sport.jpg\" alt=\"\" width=\"800\" height=\"100\" srcset=\"https:\/\/www.radiopiu.net\/wordpress\/wp-content\/uploads\/2018\/09\/sport.jpg 800w, https:\/\/www.radiopiu.net\/wordpress\/wp-content\/uploads\/2018\/09\/sport-300x38.jpg 300w, https:\/\/www.radiopiu.net\/wordpress\/wp-content\/uploads\/2018\/09\/sport-768x96.jpg 768w\" sizes=\"auto, (max-width: 800px) 100vw, 800px\" \/><\/p>\n<p>&nbsp;<\/p>\n<p><span style=\"color: #0000ff;\"><strong>PALLAVOLO<\/strong><\/span><\/p>\n<blockquote>\n<h3>GONZALO MARTINEZ TORNA IN CAMPO CON IL BELLUNO VOLLEY<\/h3>\n<\/blockquote>\n<p><a class=\"dt-pswp-item\" href=\"https:\/\/www.radiopiu.net\/wordpress\/wp-content\/uploads\/2024\/03\/Martinez_con_la_maglia_di_libero_a_Valenza.jpg\" data-dt-img-description=\"\" data-large_image_width=\"1010\" data-large_image_height=\"824\"><img loading=\"lazy\" decoding=\"async\" class=\" wp-image-380054 alignleft\" src=\"https:\/\/www.radiopiu.net\/wordpress\/wp-content\/uploads\/2024\/03\/Martinez_con_la_maglia_di_libero_a_Valenza-300x245.jpg\" alt=\"\" width=\"164\" height=\"134\" srcset=\"https:\/\/www.radiopiu.net\/wordpress\/wp-content\/uploads\/2024\/03\/Martinez_con_la_maglia_di_libero_a_Valenza-300x245.jpg 300w, https:\/\/www.radiopiu.net\/wordpress\/wp-content\/uploads\/2024\/03\/Martinez_con_la_maglia_di_libero_a_Valenza-768x627.jpg 768w, https:\/\/www.radiopiu.net\/wordpress\/wp-content\/uploads\/2024\/03\/Martinez_con_la_maglia_di_libero_a_Valenza.jpg 1010w\" sizes=\"auto, (max-width: 164px) 100vw, 164px\" \/><\/a>Gonzalo Martinez, nonostante una lesione al menisco esterno, ritorna in campo con coraggio e determinazione per il Belluno Volley, giocando da libero. Dopo aver dribblato la sfortuna, si concentra sugli esami universitari e sui playoff. Nonostante i fastidi fisici, si sente bene e desidera contribuire alla squadra. Il recente successo contro la Negrini Cte Acqui Terme \u00e8 stato ottenuto con una prestazione eccezionale. Il derby contro Motta di Livenza sar\u00e0 cruciale per il finale della stagione regolare. Martinez si prepara per una sfida impegnativa, ma confida nella squadra e nel supporto del pubblico.<\/p>\n<p>&nbsp;<\/p>\n<hr \/>\n<p>&nbsp;<\/p>\n<h2><span style=\"color: #808000;\">GOODBYE BY BICICLE&#8230;UN VIAGGIO DALL&#8217;INDIA A SEREN DEL GRAPPA IN BICICLETTA<\/span><\/h2>\n<p><span style=\"color: #ff0000;\"><strong>PUNTATA 05 &#8211; CONTINUA IL VIAGGIO DI AIRE LILY E SCHNUCK<\/strong><\/span><\/p>\n<audio class=\"wp-audio-shortcode\" id=\"audio-379972-19\" preload=\"none\" style=\"width: 100%;\" controls=\"controls\"><source type=\"audio\/mpeg\" src=\"https:\/\/www.radiopiu.net\/wordpress\/wp-content\/uploads\/2024\/03\/INDIA-AIRE-PUNTATA-05-1.mp3?_=19\" \/><a href=\"https:\/\/www.radiopiu.net\/wordpress\/wp-content\/uploads\/2024\/03\/INDIA-AIRE-PUNTATA-05-1.mp3\">https:\/\/www.radiopiu.net\/wordpress\/wp-content\/uploads\/2024\/03\/INDIA-AIRE-PUNTATA-05-1.mp3<\/a><\/audio>\n<p>&nbsp;<\/p>\n<p><strong>PER VISITARE I SITI DEI LUOGHI VISITATI, CLICCA SULLE SEGUENTI SCRITTE: <a href=\"https:\/\/anandvanfoundation.org\/\">ANANDVAN FOUDATION<\/a>\u00a0 <a href=\"https:\/\/lendahandindia.org\/programs\/karigar-school-of-applied-learning\/\">KARIGAR<\/a>\u00a0 <a href=\"https:\/\/www.resqct.org\/\">RESCUE RIABILITAD ANIMALS<\/a><\/strong><\/p>\n\n\t\t\t<style type='text\/css'>\n\t\t\t\t#gallery-4 {\n\t\t\t\t\tmargin: auto;\n\t\t\t\t}\n\t\t\t\t#gallery-4 .gallery-item {\n\t\t\t\t\tfloat: left;\n\t\t\t\t\tmargin-top: 10px;\n\t\t\t\t\ttext-align: center;\n\t\t\t\t\twidth: 14%;\n\t\t\t\t}\n\t\t\t\t#gallery-4 img {\n\t\t\t\t\tborder: 2px solid #cfcfcf;\n\t\t\t\t}\n\t\t\t\t#gallery-4 .gallery-caption {\n\t\t\t\t\tmargin-left: 0;\n\t\t\t\t}\n\t\t\t\t\/* see gallery_shortcode() in wp-includes\/media.php *\/\n\t\t\t<\/style>\n\t\t<div id='gallery-4' class='dt-gallery-container gallery galleryid-379972 gallery-columns-7 gallery-size-thumbnail'><dl class='gallery-item'>\n\t\t\t\t<dt class='gallery-icon portrait'>\n\t\t\t\t\t<a class=\"rollover rollover-zoom dt-pswp-item\" title=\"c16ecf9e-3e79-41c1-8d38-3836a6962ead\" data-dt-img-description=\"\" data-large_image_width=\"1199\" data-large_image_height=\"1600\"href='https:\/\/www.radiopiu.net\/wordpress\/wp-content\/uploads\/2024\/03\/c16ecf9e-3e79-41c1-8d38-3836a6962ead.jpg'><img loading=\"lazy\" decoding=\"async\" width=\"150\" height=\"150\" src=\"https:\/\/www.radiopiu.net\/wordpress\/wp-content\/uploads\/2024\/03\/c16ecf9e-3e79-41c1-8d38-3836a6962ead-150x150.jpg\" class=\"attachment-thumbnail size-thumbnail\" alt=\"\" \/><\/a>\n\t\t\t\t<\/dt><\/dl><dl class='gallery-item'>\n\t\t\t\t<dt class='gallery-icon portrait'>\n\t\t\t\t\t<a class=\"rollover rollover-zoom dt-pswp-item\" title=\"af0728b4-3367-4a0a-a254-cdc91880096a\" data-dt-img-description=\"\" data-large_image_width=\"1200\" data-large_image_height=\"1600\"href='https:\/\/www.radiopiu.net\/wordpress\/wp-content\/uploads\/2024\/03\/af0728b4-3367-4a0a-a254-cdc91880096a.jpg'><img loading=\"lazy\" decoding=\"async\" width=\"150\" height=\"150\" src=\"https:\/\/www.radiopiu.net\/wordpress\/wp-content\/uploads\/2024\/03\/af0728b4-3367-4a0a-a254-cdc91880096a-150x150.jpg\" class=\"attachment-thumbnail size-thumbnail\" alt=\"\" \/><\/a>\n\t\t\t\t<\/dt><\/dl><dl class='gallery-item'>\n\t\t\t\t<dt class='gallery-icon landscape'>\n\t\t\t\t\t<a class=\"rollover rollover-zoom dt-pswp-item\" title=\"0a77d85e-8b2b-4f85-9677-f99497bfbbf7\" data-dt-img-description=\"\" data-large_image_width=\"1280\" data-large_image_height=\"960\"href='https:\/\/www.radiopiu.net\/wordpress\/wp-content\/uploads\/2024\/03\/0a77d85e-8b2b-4f85-9677-f99497bfbbf7.jpg'><img loading=\"lazy\" decoding=\"async\" width=\"150\" height=\"150\" src=\"https:\/\/www.radiopiu.net\/wordpress\/wp-content\/uploads\/2024\/03\/0a77d85e-8b2b-4f85-9677-f99497bfbbf7-150x150.jpg\" class=\"attachment-thumbnail size-thumbnail\" alt=\"\" \/><\/a>\n\t\t\t\t<\/dt><\/dl><dl class='gallery-item'>\n\t\t\t\t<dt class='gallery-icon portrait'>\n\t\t\t\t\t<a class=\"rollover rollover-zoom dt-pswp-item\" title=\"e7bd92e1-0ae0-4c15-b92e-5a91246488f7\" data-dt-img-description=\"\" data-large_image_width=\"1200\" data-large_image_height=\"1600\"href='https:\/\/www.radiopiu.net\/wordpress\/wp-content\/uploads\/2024\/03\/e7bd92e1-0ae0-4c15-b92e-5a91246488f7.jpg'><img loading=\"lazy\" decoding=\"async\" width=\"150\" height=\"150\" src=\"https:\/\/www.radiopiu.net\/wordpress\/wp-content\/uploads\/2024\/03\/e7bd92e1-0ae0-4c15-b92e-5a91246488f7-150x150.jpg\" class=\"attachment-thumbnail size-thumbnail\" alt=\"\" \/><\/a>\n\t\t\t\t<\/dt><\/dl><dl class='gallery-item'>\n\t\t\t\t<dt class='gallery-icon landscape'>\n\t\t\t\t\t<a class=\"rollover rollover-zoom dt-pswp-item\" title=\"a7608d4f-32c0-4237-b954-04984a5d2293\" data-dt-img-description=\"\" data-large_image_width=\"1600\" data-large_image_height=\"1200\"href='https:\/\/www.radiopiu.net\/wordpress\/wp-content\/uploads\/2024\/03\/a7608d4f-32c0-4237-b954-04984a5d2293.jpg'><img loading=\"lazy\" decoding=\"async\" width=\"150\" height=\"150\" src=\"https:\/\/www.radiopiu.net\/wordpress\/wp-content\/uploads\/2024\/03\/a7608d4f-32c0-4237-b954-04984a5d2293-150x150.jpg\" class=\"attachment-thumbnail size-thumbnail\" alt=\"\" \/><\/a>\n\t\t\t\t<\/dt><\/dl><dl class='gallery-item'>\n\t\t\t\t<dt class='gallery-icon landscape'>\n\t\t\t\t\t<a class=\"rollover rollover-zoom dt-pswp-item\" title=\"1cc6eb12-8baa-49c1-ad69-d9f546f3d1e6\" data-dt-img-description=\"\" data-large_image_width=\"1600\" data-large_image_height=\"1200\"href='https:\/\/www.radiopiu.net\/wordpress\/wp-content\/uploads\/2024\/03\/1cc6eb12-8baa-49c1-ad69-d9f546f3d1e6.jpg'><img loading=\"lazy\" decoding=\"async\" width=\"150\" height=\"150\" src=\"https:\/\/www.radiopiu.net\/wordpress\/wp-content\/uploads\/2024\/03\/1cc6eb12-8baa-49c1-ad69-d9f546f3d1e6-150x150.jpg\" class=\"attachment-thumbnail size-thumbnail\" alt=\"\" \/><\/a>\n\t\t\t\t<\/dt><\/dl><dl class='gallery-item'>\n\t\t\t\t<dt class='gallery-icon landscape'>\n\t\t\t\t\t<a class=\"rollover rollover-zoom dt-pswp-item\" title=\"0735a0c1-63f9-4dc7-a8ae-e91913259f1b\" data-dt-img-description=\"\" data-large_image_width=\"2000\" data-large_image_height=\"1500\"href='https:\/\/www.radiopiu.net\/wordpress\/wp-content\/uploads\/2024\/03\/0735a0c1-63f9-4dc7-a8ae-e91913259f1b.jpg'><img loading=\"lazy\" decoding=\"async\" width=\"150\" height=\"150\" src=\"https:\/\/www.radiopiu.net\/wordpress\/wp-content\/uploads\/2024\/03\/0735a0c1-63f9-4dc7-a8ae-e91913259f1b-150x150.jpg\" class=\"attachment-thumbnail size-thumbnail\" alt=\"\" \/><\/a>\n\t\t\t\t<\/dt><\/dl><br style=\"clear: both\" \/>\n\t\t\t<\/div>\n\n<p>&nbsp;<\/p>\n","protected":false},"excerpt":{"rendered":"<p>****** &nbsp; PER RICEVERE QUESTO NOTIZIARIO DIRETTAMENTE SUL TUO CELLULARE ISCRIVITI AL CANALE TELEGRAM \u201cRADIO PIU\u00a0 INFORMAZIONE&#8221;\u00a0 \u00a0il CANALE TELEGRAM&#8230; UNISCITI A: RADIO PIU INFORMAZIONE &nbsp; &nbsp; ATTENZIONE: LA NUOVA APP PER IOS-IPHONE di Nicola Vettorello https:\/\/apps.apple.com\/it\/app\/radio-pi%C3%B9-emittente-agordina\/id1515939845 ATTENZIONE: LA NUOVA APP RADIO\u00a0 PER ANDROID di Nicola Vettorello https:\/\/play.google.com\/store\/apps\/details?id=net.radiopiu.iniko\u00a0\u00a0 &nbsp; ^^^ultim&#8217;ora DILLO A RADIO PIU&#8217;&#8230;. &#8220;HA&hellip;<\/p>\n","protected":false},"author":4,"featured_media":380123,"comment_status":"closed","ping_status":"closed","sticky":false,"template":"","format":"standard","meta":{"_monsterinsights_skip_tracking":false,"_monsterinsights_sitenote_active":false,"_monsterinsights_sitenote_note":"","_monsterinsights_sitenote_category":0,"footnotes":""},"categories":[51,86,49],"tags":[],"class_list":["post-379972","post","type-post","status-publish","format-standard","has-post-thumbnail","hentry","category-evidenza-top","category-gr","category-news-18","category-51","category-86","category-49","description-off"],"img_url":"https:\/\/www.radiopiu.net\/wordpress\/wp-content\/uploads\/2024\/03\/46f97885-9342-4ea4-bbfc-8b0d40b82297.jpg","_links":{"self":[{"href":"https:\/\/www.radiopiu.net\/wordpress\/wp-json\/wp\/v2\/posts\/379972","targetHints":{"allow":["GET"]}}],"collection":[{"href":"https:\/\/www.radiopiu.net\/wordpress\/wp-json\/wp\/v2\/posts"}],"about":[{"href":"https:\/\/www.radiopiu.net\/wordpress\/wp-json\/wp\/v2\/types\/post"}],"author":[{"embeddable":true,"href":"https:\/\/www.radiopiu.net\/wordpress\/wp-json\/wp\/v2\/users\/4"}],"replies":[{"embeddable":true,"href":"https:\/\/www.radiopiu.net\/wordpress\/wp-json\/wp\/v2\/comments?post=379972"}],"version-history":[{"count":0,"href":"https:\/\/www.radiopiu.net\/wordpress\/wp-json\/wp\/v2\/posts\/379972\/revisions"}],"wp:featuredmedia":[{"embeddable":true,"href":"https:\/\/www.radiopiu.net\/wordpress\/wp-json\/wp\/v2\/media\/380123"}],"wp:attachment":[{"href":"https:\/\/www.radiopiu.net\/wordpress\/wp-json\/wp\/v2\/media?parent=379972"}],"wp:term":[{"taxonomy":"category","embeddable":true,"href":"https:\/\/www.radiopiu.net\/wordpress\/wp-json\/wp\/v2\/categories?post=379972"},{"taxonomy":"post_tag","embeddable":true,"href":"https:\/\/www.radiopiu.net\/wordpress\/wp-json\/wp\/v2\/tags?post=379972"}],"curies":[{"name":"wp","href":"https:\/\/api.w.org\/{rel}","templated":true}]}}