{"id":380004,"date":"2024-03-20T06:18:20","date_gmt":"2024-03-20T05:18:20","guid":{"rendered":"https:\/\/www.radiopiu.net\/wordpress\/?p=380004"},"modified":"2024-03-20T08:27:59","modified_gmt":"2024-03-20T07:27:59","slug":"dal-1983-tutti-i-giorni-alle-otto-del-mattino-la-rassegna-stampa-locale","status":"publish","type":"post","link":"https:\/\/www.radiopiu.net\/wordpress\/dal-1983-tutti-i-giorni-alle-otto-del-mattino-la-rassegna-stampa-locale\/","title":{"rendered":"DAL 1983, TUTTI I GIORNI ALLE OTTO DEL MATTINO, LA RASSEGNA STAMPA LOCALE"},"content":{"rendered":"<p>**<\/p>\n<p>&nbsp;<\/p>\n<p><iframe loading=\"lazy\" title=\"DAL 1983 LA RASSEGNA STAMPA LOCALE di mirko mezzacasa. L&#039;ORIGINALE\" width=\"1200\" height=\"675\" src=\"https:\/\/www.youtube.com\/embed\/xjLaqZ9n2a0?feature=oembed\" frameborder=\"0\" allow=\"accelerometer; autoplay; clipboard-write; encrypted-media; gyroscope; picture-in-picture; web-share\" allowfullscreen><\/iframe><\/p>\n<p>&nbsp;<\/p>\n<p><img loading=\"lazy\" decoding=\"async\" class=\"alignleft\" src=\"https:\/\/www.radiopiu.net\/wordpress\/wp-content\/uploads\/2024\/03\/copertina-16.png\" width=\"230\" height=\"134\" \/>DUE INCIDENTI IN PISTA E UN MALORE FATALE. TRE INTERVENTI DEL SUEM IN AGORDINO<br \/>\nREDAZIONE Sono tre gli interventi del Suem 118 in Agordino nella giornata di ieri ad Arabba. ad ALLEGHE Una donna di 79 anni \u00e8 deceduta nel primo pomeriggio di ieri, a Caprile. I soccorsi sono stati il pi\u00f9 possibile tempestivi, alle 14.13, ma per l&#8217;anziana non c&#8217;era pi\u00f9 nulla da fare: l&#8217;ipotesi pi\u00f9 probabile \u00e8 quella di un infarto<br \/>\nARSIE&#8217; piange la prematura scomparsa di Francesca Todesco, 44 anni, residente a Bologna da una decina di anni. Figlia dei gestori del negozio di alimentari Crai, Francesca lascia una bambina di 8 anni e il compagno Aldo.<br \/>\nSEDICO\u00a0 Ieri alle 15, i vigili del fuoco sono intervenuti in Zona Pasa a Sedico per l\u2019incendio di un furgone: nessuna persona \u00e8 rimasta ferita.<br \/>\nGOSALDO A poco pi\u00f9 di una settimana dalla frana che ha interessato la frazione di Selle nel comune di Gosaldo, sono iniziati i lavori per il ripristino e la messa in sicurezza della strada comunale. Operai al lavoro e opera che procede senza intoppi.<br \/>\nCANALE D&#8217;AGORDO VIA LIBERA AL PROGETTO PER LA RIQUALIFICAZIONE DEGLI IMPIANTI SPORTIVI DI VIA LOTTA<br \/>\nBELLUNO Sette nuovi agenti della Polizia Provinciale sono entrati in servizio il 18 marzo, dopo aver superato brillantemente il concorso del 2023. Queste assunzioni, tra nuove e sostitutive, contribuiranno a colmare le carenze di organico riscontrate dopo la Delrio.<br \/>\nBORGO VALBELLUNA Episodio di vandalismo al bivacco Salvedella Vecia: preoccupazione crescente a Borgo Valbelluna. Dopo Col dei Gai e Costacurta, una altro bivacco \u00e8 stato danneggiato. I danni ammontano a diverse migliaia di euro.<br \/>\nCANALE D&#8217;AGORDO ATTI DI VANDALISMO ALLA BAITA GIOVANNI PAOLO I SOTTO LE CIME D&#8217;AUTA<br \/>\nIERI ALLA RADIO, DI GIANNI SANTOMASO<br \/>\nVAL DI ZOLDO IL SINDACO CAMILLO DE PELLEGRIN, SI DIMETTE DA ASSESSORE DELL&#8217;UNIONE MONTANA CADORE LONGARONESE ZOLDO<br \/>\nLAMON DIGA DEL VANOI? NO GRAZIE!\u00a0 \u00abSicuri delle possibili alternative per salvare il torrente Vanoi\u00bb, Un flash mod al colle di Gorna, a Sovramonte, nel segno della celebrazione della giornata mondiale dell&#8217;acqua ma anche della protesta contro il progetto della diga sul Vanoi. L&#8217;iniziativa \u00e8 in calendario per venerd\u00ec<br \/>\nFELTRE Continuano le operazioni di rinnovamento dei parchi cittadini di Feltre: questa volta \u00e8 toccato a quello di Viale Flora, nella frazione di Farra, uno dei pi\u00f9 frequentati della citt\u00e0.<br \/>\nAGORDO\u00a0L\u2019assemblea della sezione agordina del Cai si terr\u00e0 sabato 23 aprile alle 17.30 in sala Don Tamis, preceduta dalla messa nella chiesa di San Cipriano in memoria dei scomparsi. Nel corso dell\u2019assemblea: relazione del presidente, rendiconto, rinnovo del direttivo per il prossimo triennio<br \/>\nBELLUNO Oggi Il Comune di Belluno intitola un piazzale all&#8217;Agente Emanuela Loi, medaglia d&#8217;oro al valor civile, vittima della strage di via d&#8217;Amelio a Palermo nel luglio 1992<br \/>\nBELLUNO Oggi alle 18 in Sala Bianchi presentazione del nuovo libro di Flavio Faoro &#8220;Passeggiate in Val Belluna &#8211; Alla scoperta di oltre cento antiche chiesette&#8221;<br \/>\nLIMANA Oggi alle 20:30, nella Sala Nocivelli di Limana, si terr\u00e0 il terzo appuntamento della rassegna Assaggi di libri. Gianluca Ascione presenter\u00e0 il suo libro &#8220;Incolpevoli per aver commesso il fatto&#8221;.<\/p>\n<p>HOCKEY SU GHIACCIO IL CORTINA\/ALLEGHE UNDER 16 BATTE AI RIGORI L&#8217;ALPS ICE ACADEMY E VOLA IN FINALE DI CAMPIONATO UNDER 16 \u2013 SEMIFINALI GARA 2<\/p>\n<p>NUOTO PARA-SWIMMING WORLD SERIES: LA SPORTIVAMENTE BELLUNO BRILLA CON I \u201cMAGNIFICI QUATTRO\u201d<\/p>\n<p>SUL SITO DI RADIOPIU: GOODBYE BY BICICLE&#8230;UN VIAGGIO DALL&#8217;INDIA A SEREN DEL GRAPPA IN BICICLETTA PUNTATA 05 &#8211; CONTINUA IL VIAGGIO DI AIRE LILY E SCHNUCK. PER VISITARE I SITI DEI LUOGHI VISITATI, CLICCA SULLE SEGUENTI SCRITTE: ANANDVAN FOUDATION\u00a0 KARIGAR\u00a0 RESCUE RIABILITAD ANIMALS<\/p>\n<p>&nbsp;<\/p>\n","protected":false},"excerpt":{"rendered":"<p>** &nbsp; &nbsp; DUE INCIDENTI IN PISTA E UN MALORE FATALE. TRE INTERVENTI DEL SUEM IN AGORDINO REDAZIONE Sono tre gli interventi del Suem 118 in Agordino nella giornata di ieri ad Arabba. ad ALLEGHE Una donna di 79 anni \u00e8 deceduta nel primo pomeriggio di ieri, a Caprile. I soccorsi sono stati il pi\u00f9&hellip;<\/p>\n","protected":false},"author":4,"featured_media":379996,"comment_status":"closed","ping_status":"closed","sticky":false,"template":"","format":"standard","meta":{"_monsterinsights_skip_tracking":false,"_monsterinsights_sitenote_active":false,"_monsterinsights_sitenote_note":"","_monsterinsights_sitenote_category":0,"footnotes":""},"categories":[104,49,142],"tags":[],"class_list":["post-380004","post","type-post","status-publish","format-standard","has-post-thumbnail","hentry","category-evidenza_3","category-news-18","category-rassegna-stampa","category-104","category-49","category-142","description-off"],"img_url":"https:\/\/www.radiopiu.net\/wordpress\/wp-content\/uploads\/2024\/03\/copertina-16.png","_links":{"self":[{"href":"https:\/\/www.radiopiu.net\/wordpress\/wp-json\/wp\/v2\/posts\/380004","targetHints":{"allow":["GET"]}}],"collection":[{"href":"https:\/\/www.radiopiu.net\/wordpress\/wp-json\/wp\/v2\/posts"}],"about":[{"href":"https:\/\/www.radiopiu.net\/wordpress\/wp-json\/wp\/v2\/types\/post"}],"author":[{"embeddable":true,"href":"https:\/\/www.radiopiu.net\/wordpress\/wp-json\/wp\/v2\/users\/4"}],"replies":[{"embeddable":true,"href":"https:\/\/www.radiopiu.net\/wordpress\/wp-json\/wp\/v2\/comments?post=380004"}],"version-history":[{"count":0,"href":"https:\/\/www.radiopiu.net\/wordpress\/wp-json\/wp\/v2\/posts\/380004\/revisions"}],"wp:featuredmedia":[{"embeddable":true,"href":"https:\/\/www.radiopiu.net\/wordpress\/wp-json\/wp\/v2\/media\/379996"}],"wp:attachment":[{"href":"https:\/\/www.radiopiu.net\/wordpress\/wp-json\/wp\/v2\/media?parent=380004"}],"wp:term":[{"taxonomy":"category","embeddable":true,"href":"https:\/\/www.radiopiu.net\/wordpress\/wp-json\/wp\/v2\/categories?post=380004"},{"taxonomy":"post_tag","embeddable":true,"href":"https:\/\/www.radiopiu.net\/wordpress\/wp-json\/wp\/v2\/tags?post=380004"}],"curies":[{"name":"wp","href":"https:\/\/api.w.org\/{rel}","templated":true}]}}