{"id":380134,"date":"2024-03-22T05:25:53","date_gmt":"2024-03-22T04:25:53","guid":{"rendered":"https:\/\/www.radiopiu.net\/wordpress\/?p=380134"},"modified":"2024-03-22T20:10:18","modified_gmt":"2024-03-22T19:10:18","slug":"giornale-radiopiu-22-marzo-2024-direttore-mirko-mezzacasada-40-anni-25-giugno-1983-25-giugno-2023","status":"publish","type":"post","link":"https:\/\/www.radiopiu.net\/wordpress\/giornale-radiopiu-22-marzo-2024-direttore-mirko-mezzacasada-40-anni-25-giugno-1983-25-giugno-2023\/","title":{"rendered":"GIORNALE RADIOPIU 22 MARZO 2024 DIRETTORE MIRKO MEZZACASA\u2026DA 40 ANNI 25 GIUGNO 1983-25 GIUGNO 2023"},"content":{"rendered":"<p>******<\/p>\n<p>&nbsp;<\/p>\n<h3><a href=\"https:\/\/www.radiopiu.net\/wordpress\/giornale-radiopiu-24-gennaio-2021-direttore-mirko-mezzacasa\/141433770_171616291414874_2957460898102012198_n\/\" rel=\"attachment wp-att-186566\"><img loading=\"lazy\" decoding=\"async\" class=\"wp-image-186566 alignleft\" src=\"https:\/\/www.radiopiu.net\/wordpress\/wp-content\/uploads\/2021\/01\/141433770_171616291414874_2957460898102012198_n-300x300.jpg\" alt=\"\" width=\"144\" height=\"144\" srcset=\"https:\/\/www.radiopiu.net\/wordpress\/wp-content\/uploads\/2021\/01\/141433770_171616291414874_2957460898102012198_n-300x300.jpg 300w, https:\/\/www.radiopiu.net\/wordpress\/wp-content\/uploads\/2021\/01\/141433770_171616291414874_2957460898102012198_n-150x150.jpg 150w, https:\/\/www.radiopiu.net\/wordpress\/wp-content\/uploads\/2021\/01\/141433770_171616291414874_2957460898102012198_n-768x768.jpg 768w, https:\/\/www.radiopiu.net\/wordpress\/wp-content\/uploads\/2021\/01\/141433770_171616291414874_2957460898102012198_n.jpg 800w\" sizes=\"auto, (max-width: 144px) 100vw, 144px\" \/><\/a>PER<strong> RICEVERE QUESTO NOTIZIARIO DIRETTAMENTE SUL TUO CELLULARE ISCRIVITI AL CANALE TELEGRAM <\/strong><strong>\u201cRADIO PIU\u00a0 INFORMAZIONE&#8221;\u00a0<\/strong><\/h3>\n<h3>\u00a0il CANALE TELEGRAM&#8230; UNISCITI A: RADIO PIU INFORMAZIONE<\/h3>\n<p>&nbsp;<\/p>\n<p>&nbsp;<\/p>\n<p><em><a href=\"https:\/\/www.radiopiu.net\/wordpress\/giornale-radiopiu-24-gennaio-2021-direttore-mirko-mezzacasa\/79216601_126817312416448_708980208774483089_n\/\" rel=\"attachment wp-att-186567\"><img loading=\"lazy\" decoding=\"async\" class=\"size-medium wp-image-186567 alignright\" src=\"https:\/\/www.radiopiu.net\/wordpress\/wp-content\/uploads\/2021\/01\/79216601_126817312416448_708980208774483089_n-300x114.jpg\" alt=\"\" width=\"300\" height=\"114\" srcset=\"https:\/\/www.radiopiu.net\/wordpress\/wp-content\/uploads\/2021\/01\/79216601_126817312416448_708980208774483089_n-300x114.jpg 300w, https:\/\/www.radiopiu.net\/wordpress\/wp-content\/uploads\/2021\/01\/79216601_126817312416448_708980208774483089_n-768x292.jpg 768w, https:\/\/www.radiopiu.net\/wordpress\/wp-content\/uploads\/2021\/01\/79216601_126817312416448_708980208774483089_n.jpg 820w\" sizes=\"auto, (max-width: 300px) 100vw, 300px\" \/><\/a><span style=\"color: #ff0000;\">ATTENZIONE: LA NUOVA APP PER IOS-IPHONE di Nicola Vettorello <\/span><\/em><a href=\"https:\/\/apps.apple.com\/it\/app\/radio-pi%C3%B9-emittente-agordina\/id1515939845\">https:\/\/apps.apple.com\/it\/app\/radio-pi%C3%B9-emittente-agordina\/id1515939845<\/a><\/p>\n<p><em style=\"color: #ff0000;\">ATTENZIONE: LA NUOVA APP RADIO\u00a0 PER ANDROID di Nicola Vettorello<\/em><\/p>\n<p><a href=\"https:\/\/play.google.com\/store\/apps\/details?id=net.radiopiu.iniko\" target=\"_blank\" rel=\"noopener noreferrer\">https:\/\/play.google.com\/store\/apps\/details?id=net.radiopiu.iniko\u00a0\u00a0<\/a><\/p>\n<p>&nbsp;<\/p>\n<p>&nbsp;<\/p>\n<hr \/>\n<h3 class=\"kvgmc6g5 cxmmr5t8 oygrvhab hcukyx3x c1et5uql\"><strong>\u00a0<\/strong><\/h3>\n<h3 class=\"kvgmc6g5 cxmmr5t8 oygrvhab hcukyx3x c1et5uql\"><strong><a class=\"dt-pswp-item\" href=\"https:\/\/www.radiopiu.net\/wordpress\/wp-content\/uploads\/2020\/05\/VENETO-STRADE.png\" data-dt-img-description=\"\" data-large_image_width=\"400\" data-large_image_height=\"400\"><img loading=\"lazy\" decoding=\"async\" class=\"wp-image-135574 alignleft\" src=\"https:\/\/www.radiopiu.net\/wordpress\/wp-content\/uploads\/2020\/05\/VENETO-STRADE-300x300.png\" alt=\"\" width=\"90\" height=\"90\" srcset=\"https:\/\/www.radiopiu.net\/wordpress\/wp-content\/uploads\/2020\/05\/VENETO-STRADE-300x300.png 300w, https:\/\/www.radiopiu.net\/wordpress\/wp-content\/uploads\/2020\/05\/VENETO-STRADE-150x150.png 150w, https:\/\/www.radiopiu.net\/wordpress\/wp-content\/uploads\/2020\/05\/VENETO-STRADE.png 400w\" sizes=\"auto, (max-width: 90px) 100vw, 90px\" \/><\/a>LUNEDI 25 MARZO, DALLE 14 ALLE 16 INTERDIZIONE (CHIUSURA) TOTALE SULLA STRADA PROVINCIALE 7 IN LOCALIT\u00e0 BRAGAREZZA DI VAL DI ZOLDO PER TRASPORTO E MONTAGGIO GRU A TORRE\u00a0<\/strong><\/h3>\n<div data-block=\"true\" data-editor=\"avj4u\" data-offset-key=\"d3i0j-0-0\"><\/div>\n<div data-block=\"true\" data-editor=\"avj4u\" data-offset-key=\"d3i0j-0-0\"><\/div>\n<div data-block=\"true\" data-editor=\"avj4u\" data-offset-key=\"d3i0j-0-0\"><\/div>\n<div data-block=\"true\" data-editor=\"avj4u\" data-offset-key=\"d3i0j-0-0\">\n<hr \/>\n<\/div>\n<div data-block=\"true\" data-editor=\"avj4u\" data-offset-key=\"d3i0j-0-0\"><\/div>\n<div data-block=\"true\" data-editor=\"avj4u\" data-offset-key=\"d3i0j-0-0\"><\/div>\n<h1 data-block=\"true\" data-editor=\"avj4u\" data-offset-key=\"d3i0j-0-0\">ultim&#8217;ora 7.15<\/h1>\n<p>DILLO A RADIO PIU&#8217;&#8230; Automobilista compie sorpasso pericoloso in galleria dei Castei<\/p>\n<p>&nbsp;<\/p>\n<p><strong><img loading=\"lazy\" decoding=\"async\" class=\"alignleft\" src=\"https:\/\/www.radiopiu.net\/wordpress\/wp-content\/uploads\/2018\/03\/127-castei.jpg\" width=\"263\" height=\"171\" \/>REDAZIONE<\/strong> Ennesima segnalazione, tra l&#8217;altro di un collaboratore di Radio Pi\u00f9, Roberto Bona, che questa mattina se l&#8217;\u00e8 vista davvero brutta in galleria dei Castei. Purtroppo, e lo diciamo da tempo, oltre i tre autovelox \u00e8 un circuito con folli in sorpasso, tutti i giorni, urgono controlli urgenti da parte delle Forze dell&#8217;Ordine, un aiuto degli amministratori con il supporto della Prefettura, i casi che vengono segnalati, ripetiamo, sono quotidiani. Utile una presa di posizione forte da chi tutti i giorni quotidianamente rischia la vita. come questa mattina.<\/p>\n<p><strong>Pericolo sulla strada: Automobilista compie sorpasso pericoloso in galleria dei Castei<\/strong><\/p>\n<div class=\"flex-1 overflow-hidden\">\n<div class=\"react-scroll-to-bottom--css-pfpis-79elbk h-full\">\n<div class=\"react-scroll-to-bottom--css-pfpis-1n7m0yu\">\n<div class=\"flex flex-col text-sm pb-9\">\n<div class=\"w-full text-token-text-primary\" data-testid=\"conversation-turn-47\">\n<div class=\"px-4 py-2 justify-center text-base md:gap-6 m-auto\">\n<div class=\"flex flex-1 text-base mx-auto gap-3 md:px-5 lg:px-1 xl:px-5 md:max-w-3xl lg:max-w-[40rem] xl:max-w-[48rem] group final-completion\">\n<div class=\"relative flex w-full flex-col agent-turn\">\n<div class=\"flex-col gap-1 md:gap-3\">\n<div class=\"flex flex-grow flex-col max-w-full\">\n<div class=\"min-h-[20px] text-message flex flex-col items-start gap-3 whitespace-pre-wrap break-words [.text-message+&amp;]:mt-5 overflow-x-auto\" data-message-author-role=\"assistant\" data-message-id=\"8ae6775e-8c56-4634-85dd-a88ef25e4a3b\">\n<div class=\"markdown prose w-full break-words dark:prose-invert dark\">\n<p><em>Questa mattina, intorno alle 7, lungo la strada diretta verso Agordo, si \u00e8 verificato un evento potenzialmente catastrofico. Un automobilista, ignorando ogni regola di sicurezza stradale, ha compiuto un sorpasso pericoloso all&#8217;interno della galleria dei Castei, mettendo a rischio la vita di s\u00e9 stesso e degli altri utenti della strada. La situazione, gi\u00e0 delicata a causa della fila di auto in salita verso Agordo, \u00e8 stata ulteriormente aggravata dall&#8217;atteggiamento irresponsabile di questo automobilista, che viaggiava in direzione opposta verso Belluno. Il suo comportamento temerario ha messo in serio pericolo la sicurezza stradale. \u00c8 fondamentale ricordare che sorpassi del genere, soprattutto in zone come le gallerie, sono assolutamente vietati e costituiscono una grave violazione del codice della strada. Questi comportamenti irresponsabili possono avere conseguenze disastrose, portando a incidenti mortali e lasciando dietro di s\u00e9 un amaro segno di distruzione e dolore per le famiglie coinvolte. Si invita quindi tutti gli automobilisti a rispettare le regole della strada e a guidare con prudenza e responsabilit\u00e0. Solo attraverso un comportamento consapevole e rispettoso degli altri utenti della strada possiamo garantire la sicurezza di tutti e contribuire a prevenire tragedie come quella rischiata questa mattina.<\/em><\/p>\n<\/div>\n<\/div>\n<\/div>\n<\/div>\n<\/div>\n<\/div>\n<\/div>\n<\/div>\n<\/div>\n<\/div>\n<\/div>\n<\/div>\n<p>&nbsp;<\/p>\n<div data-block=\"true\" data-editor=\"avj4u\" data-offset-key=\"d3i0j-0-0\"><\/div>\n<div data-block=\"true\" data-editor=\"avj4u\" data-offset-key=\"d3i0j-0-0\">\n<hr \/>\n<\/div>\n<div data-block=\"true\" data-editor=\"avj4u\" data-offset-key=\"d3i0j-0-0\"><\/div>\n<div data-block=\"true\" data-editor=\"avj4u\" data-offset-key=\"d3i0j-0-0\"><\/div>\n<p class=\"x11i5rnm xat24cr x1mh8g0r x1vvkbs xtlvy1s x126k92a\"><a class=\"dt-pswp-item\" href=\"https:\/\/www.radiopiu.net\/wordpress\/wp-content\/uploads\/2023\/10\/34f4cfc6-e863-46e9-9695-8df44be63421.jpg\" data-dt-img-description=\"\" data-large_image_width=\"1200\" data-large_image_height=\"1200\"><img loading=\"lazy\" decoding=\"async\" class=\"wp-image-357393 alignleft\" src=\"https:\/\/www.radiopiu.net\/wordpress\/wp-content\/uploads\/2023\/10\/34f4cfc6-e863-46e9-9695-8df44be63421-300x300.jpg\" alt=\"\" width=\"81\" height=\"81\" srcset=\"https:\/\/www.radiopiu.net\/wordpress\/wp-content\/uploads\/2023\/10\/34f4cfc6-e863-46e9-9695-8df44be63421-300x300.jpg 300w, https:\/\/www.radiopiu.net\/wordpress\/wp-content\/uploads\/2023\/10\/34f4cfc6-e863-46e9-9695-8df44be63421-1024x1024.jpg 1024w, https:\/\/www.radiopiu.net\/wordpress\/wp-content\/uploads\/2023\/10\/34f4cfc6-e863-46e9-9695-8df44be63421-150x150.jpg 150w, https:\/\/www.radiopiu.net\/wordpress\/wp-content\/uploads\/2023\/10\/34f4cfc6-e863-46e9-9695-8df44be63421-768x768.jpg 768w, https:\/\/www.radiopiu.net\/wordpress\/wp-content\/uploads\/2023\/10\/34f4cfc6-e863-46e9-9695-8df44be63421.jpg 1200w\" sizes=\"auto, (max-width: 81px) 100vw, 81px\" \/><\/a><span style=\"color: #000000;\">La Settimana della memoria e dell&#8217;impegno, Agordo come Roma: citt\u00e0 Libera i 100 passi verso il 21 marzo, giornata in ricordo della vittime innocenti delle mafie a cura del PRESIDIO AGORDINO DI LIBERA &#8220;LUCIA PRECENZANO E SALVATORE AVERSA da lunedi 18 a sabato 23 marzo, alle 9.45 e 18.45 &#8230; su radio pi\u00f9\u00a0<\/span><\/p>\n<p>***<\/p>\n<p><span style=\"color: #ff0000;\"><strong>OGGI ALLA RADIO<\/strong><\/span>: <strong>ALLE 7.20<\/strong> EL BAR DEL FIOR, DETTI E TRADIZIONI DI GIULIANA DA RONCH; <strong>ALLE 8.20<\/strong> MARINA DONA <strong>ALLE 9.10 <\/strong>premiere LE NOVITA&#8217; DI MARCO GAZ e ottanta di MONICA FONTANIVE<strong> 9.45<\/strong> SETTIMANA LIBERA CONTRO LE MAFIE IN RICORDO DELLE VITTIME INNOCENTI CON GLI STUDENTI DELLE MEDIE DI CANALE D&#8217;AGORDO E SEDICO<strong> 10.10<\/strong> MUSLA, LE NOVE IN LADIN<strong> 10.30<\/strong> DAL POLIAMBULATORIO AGORDINO 120-80 IL DOTTOR ROBERTO BERTONE<strong> 14.00<\/strong> GOLDEN CLASSIC CON MARCO EDELVAIS E <strong>ALLE 15.10<\/strong> LO SPECIALE VENERDI CON MARINA DONA&#8217;.<\/p>\n<div class=\"x11i5rnm xat24cr x1mh8g0r x1vvkbs xtlvy1s x126k92a\">\n<div dir=\"auto\">\n<blockquote>\n<h2><\/h2>\n<\/blockquote>\n<\/div>\n<\/div>\n<div class=\"x11i5rnm xat24cr x1mh8g0r x1vvkbs xtlvy1s x126k92a\">\n<div dir=\"auto\">\n<hr \/>\n<p>&nbsp;<\/p>\n<h2 style=\"text-align: center;\"><span style=\"color: #339966;\">IL TRAMONTO LUNGO LA PROVINCIALE DEL PASSO DURAN&#8230;DI TIZIANO DE COL<\/span><\/h2>\n\n\t\t\t<style type='text\/css'>\n\t\t\t\t#gallery-1 {\n\t\t\t\t\tmargin: auto;\n\t\t\t\t}\n\t\t\t\t#gallery-1 .gallery-item {\n\t\t\t\t\tfloat: left;\n\t\t\t\t\tmargin-top: 10px;\n\t\t\t\t\ttext-align: center;\n\t\t\t\t\twidth: 100%;\n\t\t\t\t}\n\t\t\t\t#gallery-1 img {\n\t\t\t\t\tborder: 2px solid #cfcfcf;\n\t\t\t\t}\n\t\t\t\t#gallery-1 .gallery-caption {\n\t\t\t\t\tmargin-left: 0;\n\t\t\t\t}\n\t\t\t\t\/* see gallery_shortcode() in wp-includes\/media.php *\/\n\t\t\t<\/style>\n\t\t<div id='gallery-1' class='dt-gallery-container gallery galleryid-380134 gallery-columns-1 gallery-size-medium'><dl class='gallery-item'>\n\t\t\t\t<dt class='gallery-icon landscape'>\n\t\t\t\t\t<a class=\"rollover rollover-zoom dt-pswp-item\" title=\"0caf264d-b22e-4e10-b0ff-099a7d6a6783\" data-dt-img-description=\"\" data-large_image_width=\"1600\" data-large_image_height=\"1200\"href='https:\/\/www.radiopiu.net\/wordpress\/wp-content\/uploads\/2024\/03\/0caf264d-b22e-4e10-b0ff-099a7d6a6783.jpg'><img loading=\"lazy\" decoding=\"async\" width=\"300\" height=\"225\" src=\"https:\/\/www.radiopiu.net\/wordpress\/wp-content\/uploads\/2024\/03\/0caf264d-b22e-4e10-b0ff-099a7d6a6783-300x225.jpg\" class=\"attachment-medium size-medium\" alt=\"\" srcset=\"https:\/\/www.radiopiu.net\/wordpress\/wp-content\/uploads\/2024\/03\/0caf264d-b22e-4e10-b0ff-099a7d6a6783-300x225.jpg 300w, https:\/\/www.radiopiu.net\/wordpress\/wp-content\/uploads\/2024\/03\/0caf264d-b22e-4e10-b0ff-099a7d6a6783-1024x768.jpg 1024w, https:\/\/www.radiopiu.net\/wordpress\/wp-content\/uploads\/2024\/03\/0caf264d-b22e-4e10-b0ff-099a7d6a6783-768x576.jpg 768w, https:\/\/www.radiopiu.net\/wordpress\/wp-content\/uploads\/2024\/03\/0caf264d-b22e-4e10-b0ff-099a7d6a6783-1536x1152.jpg 1536w, https:\/\/www.radiopiu.net\/wordpress\/wp-content\/uploads\/2024\/03\/0caf264d-b22e-4e10-b0ff-099a7d6a6783.jpg 1600w\" sizes=\"auto, (max-width: 300px) 100vw, 300px\" \/><\/a>\n\t\t\t\t<\/dt><\/dl><br style=\"clear: both\" \/>\n\t\t\t<\/div>\n\n<p>&nbsp;<\/p>\n<div class=\"x11i5rnm xat24cr x1mh8g0r x1vvkbs xtlvy1s x126k92a\">\n<div dir=\"auto\">\n<p><strong><a class=\"dt-pswp-item\" href=\"https:\/\/www.radiopiu.net\/wordpress\/wp-content\/uploads\/2024\/02\/2d44e751-d8a8-461b-8e22-d8e4e853b032.jpg\" data-dt-img-description=\"\" data-large_image_width=\"1600\" data-large_image_height=\"1200\"><img loading=\"lazy\" decoding=\"async\" class=\"wp-image-373307 alignleft\" src=\"https:\/\/www.radiopiu.net\/wordpress\/wp-content\/uploads\/2024\/02\/2d44e751-d8a8-461b-8e22-d8e4e853b032-300x225.jpg\" alt=\"\" width=\"105\" height=\"79\" srcset=\"https:\/\/www.radiopiu.net\/wordpress\/wp-content\/uploads\/2024\/02\/2d44e751-d8a8-461b-8e22-d8e4e853b032-300x225.jpg 300w, https:\/\/www.radiopiu.net\/wordpress\/wp-content\/uploads\/2024\/02\/2d44e751-d8a8-461b-8e22-d8e4e853b032-1024x768.jpg 1024w, https:\/\/www.radiopiu.net\/wordpress\/wp-content\/uploads\/2024\/02\/2d44e751-d8a8-461b-8e22-d8e4e853b032-768x576.jpg 768w, https:\/\/www.radiopiu.net\/wordpress\/wp-content\/uploads\/2024\/02\/2d44e751-d8a8-461b-8e22-d8e4e853b032-1536x1152.jpg 1536w, https:\/\/www.radiopiu.net\/wordpress\/wp-content\/uploads\/2024\/02\/2d44e751-d8a8-461b-8e22-d8e4e853b032.jpg 1600w\" sizes=\"auto, (max-width: 105px) 100vw, 105px\" \/><\/a>EL BAL DEL FIOR, DI GIULIANA DA RONCH, 22 MARZO 2024<\/strong><\/p>\n<\/div>\n<\/div>\n<div class=\"x11i5rnm xat24cr x1mh8g0r x1vvkbs xtlvy1s x126k92a\"><\/div>\n<\/div>\n<div dir=\"auto\">\n<div data-block=\"true\" data-editor=\"avj4u\" data-offset-key=\"d3i0j-0-0\">\n<div data-block=\"true\" data-editor=\"avj4u\" data-offset-key=\"d3i0j-0-0\">\n<audio class=\"wp-audio-shortcode\" id=\"audio-380134-1\" preload=\"none\" style=\"width: 100%;\" controls=\"controls\"><source type=\"audio\/mpeg\" src=\"https:\/\/www.radiopiu.net\/wordpress\/wp-content\/uploads\/2024\/03\/GVE-4.m4a?_=1\" \/><a href=\"https:\/\/www.radiopiu.net\/wordpress\/wp-content\/uploads\/2024\/03\/GVE-4.m4a\">https:\/\/www.radiopiu.net\/wordpress\/wp-content\/uploads\/2024\/03\/GVE-4.m4a<\/a><\/audio>\n<p>&nbsp;<\/p>\n<p>&nbsp;<\/p>\n<p>&nbsp;<\/p>\n<\/div>\n<\/div>\n<hr \/>\n<\/div>\n<\/div>\n<blockquote>\n<blockquote>\n<h1><span style=\"color: #ff0000;\">I podcast informativi del mattino &#8211; audio &#8211;\u00a0<\/span><\/h1>\n<\/blockquote>\n<p><strong><a class=\"dt-pswp-item\" href=\"https:\/\/www.radiopiu.net\/wordpress\/wp-content\/uploads\/2023\/11\/th-10.jpg\" data-dt-img-description=\"\" data-large_image_width=\"320\" data-large_image_height=\"180\"><img loading=\"lazy\" decoding=\"async\" class=\"wp-image-362866 alignleft\" src=\"https:\/\/www.radiopiu.net\/wordpress\/wp-content\/uploads\/2023\/11\/th-10-300x169.jpg\" alt=\"\" width=\"185\" height=\"104\" srcset=\"https:\/\/www.radiopiu.net\/wordpress\/wp-content\/uploads\/2023\/11\/th-10-300x169.jpg 300w, https:\/\/www.radiopiu.net\/wordpress\/wp-content\/uploads\/2023\/11\/th-10.jpg 320w\" sizes=\"auto, (max-width: 185px) 100vw, 185px\" \/><\/a>LA RASSEGNA STAMPA NAZIONALE ALLA RADIO, OGNI GIORNO ALLE 5 E ALLE 6 DEL MATTINO <span style=\"color: #0000ff;\">viene pubblicata alle 6.00 <span style=\"color: #ff0000;\">DIRETTA RADIO\u00a0 \u00a0\u00a0<\/span><\/span><\/strong><\/p><\/blockquote>\n<p>&nbsp;<\/p>\n<p>&nbsp;<\/p>\n<p>di STEFANO FAMA&#8217;<\/p>\n<p><strong>Politica<\/strong> Meloni al summmit dei 27 capi di Stato e di Governo.<strong> Economia<\/strong> niente tasse sulle donazioni informali genitori-figli. <strong>Russia<\/strong> il raid ucraino su Belgorod. <strong>Roma <\/strong>Contro le mafie il corteo di Libera.\u00a0 <strong>Roma<\/strong> Sequestro milionario a Marcello dell&#8217;Utri. <strong>Roma<\/strong> scende dall&#8217;auto in panne, anziana travolta ed uccisa. <strong>Padova<\/strong>, schianto mortale sulla Statale. <strong>Sport<\/strong>, ciclismo meno 100 al tour de France che parte dall&#8217;Italia per la prima volta.<\/p>\n<h2>AUDIO dalle 7 del mattino<\/h2>\n<audio class=\"wp-audio-shortcode\" id=\"audio-380134-2\" preload=\"none\" style=\"width: 100%;\" controls=\"controls\"><source type=\"audio\/mpeg\" src=\"https:\/\/www.radiopiu.net\/wordpress\/wp-content\/uploads\/2024\/03\/GIORNALEDELLESEI-19.mp3?_=2\" \/><a href=\"https:\/\/www.radiopiu.net\/wordpress\/wp-content\/uploads\/2024\/03\/GIORNALEDELLESEI-19.mp3\">https:\/\/www.radiopiu.net\/wordpress\/wp-content\/uploads\/2024\/03\/GIORNALEDELLESEI-19.mp3<\/a><\/audio>\n<p>&nbsp;<\/p>\n<p>&nbsp;<\/p>\n<p>&nbsp;<\/p>\n<hr \/>\n<p>&nbsp;<\/p>\n<h1 style=\"text-align: center;\"><span style=\"color: #ff0000;\">I podcast informativi del mattino &#8211; audio &#8211;\u00a0<\/span><\/h1>\n<p><strong><a class=\"dt-pswp-item\" href=\"https:\/\/www.radiopiu.net\/wordpress\/wp-content\/uploads\/2023\/12\/images.png\" data-dt-img-description=\"\" data-large_image_width=\"316\" data-large_image_height=\"160\"><img loading=\"lazy\" decoding=\"async\" class=\"wp-image-367008 alignleft\" src=\"https:\/\/www.radiopiu.net\/wordpress\/wp-content\/uploads\/2023\/12\/images-300x152.png\" alt=\"\" width=\"235\" height=\"119\" srcset=\"https:\/\/www.radiopiu.net\/wordpress\/wp-content\/uploads\/2023\/12\/images-300x152.png 300w, https:\/\/www.radiopiu.net\/wordpress\/wp-content\/uploads\/2023\/12\/images.png 316w\" sizes=\"auto, (max-width: 235px) 100vw, 235px\" \/><\/a>OGNI GIORNO ALLE SETTE DEL MATTINO, LA RASSEGNA STAMPA LOCALE FLASH&#8230; PER CHI VA IN FRETTA. I TITOLI DAI GIORNALI E DAL SITO WWW.RADIOPIU.NET <span style=\"color: #0000ff;\">viene pubblicato alle 7.00<\/span> <span style=\"color: #ff0000;\">DIRETTA RADIO\u00a0<\/span><\/strong><\/p>\n<p><em><span style=\"color: #ff0000;\">per chi va in fretta&#8230; tante notizie in pochi minuti. L&#8217;informazione locale alla radio, ogni ora dalle 7 del mattino alle 19 della sera.\u00a0 \u00a0 \u00a0\u00a0<\/span><\/em><\/p>\n<p><strong>CANALE D&#8217;AGORDO\u00a0<\/strong> Incidente a quota 2300\u00a0 in Valle di Gares. La scialpinista \u00e8 stata elitrasportata all&#8217;ospedale Papa Luciani di Agordo in condizioni non gravi.<br \/>\n<strong>SOSPIROLO<\/strong>\u00a0 Mercoledi\u00a0 sera attorno alle 20, la Centrale del 118 ha attivato il Soccorso alpino di Belluno per due ragazzi venetenni vicentini, impossibilitati a proseguire a causa del buio. L&#8217;intervento si \u00e8 concluso verso le 21.30.<br \/>\n<strong>COLLE SANTA LUCIA<\/strong> &#8220;Hanno tentato di forzare la serratura di due auto&#8221;. Questo l&#8217;appello di Aurora Chizzali ieri mattina alla radio, allertava i paesani e i Carabinieri di Caprile. Dopo qualche ora gli uomini dell&#8217;Arma lo hanno fermato a Longarone trovando nella sua auto, la famosa Polo grigia segnalata da RADIOPIU, cellulari, soldi, oggetti preziosi razziati in altri furti.<br \/>\n<strong>VENEZIA<\/strong> INTESA TRA VENETO STRADE ED ANAS PER LA MESSA IN SICUREZZA DELLA RETE VIARIA<br \/>\n<strong>AGORDO<\/strong> LA CICLABILE BRIBANO-CENCENIGHE, AI CASTEI SI PASSERA&#8217; SULLA EX 203 AGORDINA<br \/>\n<strong>AGORDO<\/strong> C&#8217;E&#8217; ATTESA PER LA SENTENZA RELATIVA ALLA CICLABILE DOPO IL RICORSO DI UN PRIVATO CITTADINO<br \/>\n<strong>SANTA GIUSTINA<\/strong> DOMANI L&#8217;INAUGURAZIONE DELLA CICLABILE<br \/>\n<strong>BELLUNO<\/strong> &#8220;Multe non pagate del 2019: il Comune lotta per il recupero inviando l&#8217;elenco all&#8217;Agenzia delle Entrate Riscossione<br \/>\n<strong>ROCCA PIETORE<\/strong> RINNOVATA PER ALTRI 3 ANNI LA CONVENZIONE TRA ANA E PROTEZIONE CIVILE<\/p>\n<h2>AUDIO dalle 7 del mattino<\/h2>\n<audio class=\"wp-audio-shortcode\" id=\"audio-380134-3\" preload=\"none\" style=\"width: 100%;\" controls=\"controls\"><source type=\"audio\/mpeg\" src=\"https:\/\/www.radiopiu.net\/wordpress\/wp-content\/uploads\/2024\/03\/GF07-19.mp3?_=3\" \/><a href=\"https:\/\/www.radiopiu.net\/wordpress\/wp-content\/uploads\/2024\/03\/GF07-19.mp3\">https:\/\/www.radiopiu.net\/wordpress\/wp-content\/uploads\/2024\/03\/GF07-19.mp3<\/a><\/audio>\n<p>&nbsp;<\/p>\n<p>&nbsp;<\/p>\n<p>&nbsp;<\/p>\n<p>&nbsp;<\/p>\n<hr \/>\n<p>&nbsp;<\/p>\n<h1><\/h1>\n<h1 style=\"text-align: center;\"><span style=\"color: #ff0000;\"><a class=\"dt-pswp-item\" href=\"https:\/\/www.radiopiu.net\/wordpress\/wp-content\/uploads\/2022\/01\/026c3f9d-dae9-4040-a3c1-a6530231bcc3.jpg\" data-dt-img-description=\"\" data-large_image_width=\"1152\" data-large_image_height=\"2048\"><img loading=\"lazy\" decoding=\"async\" class=\"wp-image-251839 alignleft\" src=\"https:\/\/www.radiopiu.net\/wordpress\/wp-content\/uploads\/2022\/01\/026c3f9d-dae9-4040-a3c1-a6530231bcc3-169x300.jpg\" alt=\"\" width=\"100\" height=\"177\" srcset=\"https:\/\/www.radiopiu.net\/wordpress\/wp-content\/uploads\/2022\/01\/026c3f9d-dae9-4040-a3c1-a6530231bcc3-169x300.jpg 169w, https:\/\/www.radiopiu.net\/wordpress\/wp-content\/uploads\/2022\/01\/026c3f9d-dae9-4040-a3c1-a6530231bcc3-576x1024.jpg 576w, https:\/\/www.radiopiu.net\/wordpress\/wp-content\/uploads\/2022\/01\/026c3f9d-dae9-4040-a3c1-a6530231bcc3-768x1365.jpg 768w, https:\/\/www.radiopiu.net\/wordpress\/wp-content\/uploads\/2022\/01\/026c3f9d-dae9-4040-a3c1-a6530231bcc3-864x1536.jpg 864w, https:\/\/www.radiopiu.net\/wordpress\/wp-content\/uploads\/2022\/01\/026c3f9d-dae9-4040-a3c1-a6530231bcc3.jpg 1152w\" sizes=\"auto, (max-width: 100px) 100vw, 100px\" \/><\/a>I podcast informativi del mattino &#8211; audio &#8211;\u00a0<\/span><\/h1>\n<blockquote><p><strong>GIORNALE RADIO NAZIONALE, EDIZIONE DELLE SETTE <span style=\"color: #0000ff;\">viene pubblicato alle 7.05 <span style=\"color: #ff0000;\">DIRETTA RADIO\u00a0<\/span><\/span><\/strong><\/p><\/blockquote>\n<p><strong>il giornale radionazionale e&#8217; in onda ogni ora, dalle sette del mattino alle venti della sera\u00a0\u00a0<\/strong><\/p>\n<p>&nbsp;<\/p>\n<p>&nbsp;<\/p>\n<p>Conclusione <strong>Consiglio Europeo<\/strong>, salta l&#8217;articolo rischio Guerra. Borrella: abbassate i toni la guerra non \u00e8 imminiente. <strong>Medio Oriente<\/strong> 1698 giorni di guerra, Ue chiede una pausa umanitaria. <strong>Uccise<\/strong> l&#8217;ex fidanzata con 14 coltellate, condannato\u00a0 a 24 anni per la morte di Romina (2 maggio 2022). Quattro <strong>medici<\/strong> indagati per omicidio colposo. <strong>Boston<\/strong> impiantato un rene di animale su un paziente, intervento promettente.<\/p>\n<h2>AUDIO dalle sette del mattino, ogni ora alla radio<\/h2>\n<audio class=\"wp-audio-shortcode\" id=\"audio-380134-4\" preload=\"none\" style=\"width: 100%;\" controls=\"controls\"><source type=\"audio\/mpeg\" src=\"https:\/\/www.radiopiu.net\/wordpress\/wp-content\/uploads\/2024\/03\/giornale07-19.mp3?_=4\" \/><a href=\"https:\/\/www.radiopiu.net\/wordpress\/wp-content\/uploads\/2024\/03\/giornale07-19.mp3\">https:\/\/www.radiopiu.net\/wordpress\/wp-content\/uploads\/2024\/03\/giornale07-19.mp3<\/a><\/audio>\n<p>&nbsp;<\/p>\n<p>&nbsp;<\/p>\n<h2><\/h2>\n<hr \/>\n<p>&nbsp;<\/p>\n<p>&nbsp;<\/p>\n<h1><span style=\"color: #ff0000;\">I podcast informativi del mattino &#8211; video &#8211;\u00a0<\/span><\/h1>\n<h2><strong><a class=\"dt-pswp-item\" href=\"https:\/\/www.radiopiu.net\/wordpress\/wp-content\/uploads\/2023\/12\/th-10.jpg\" data-dt-img-description=\"\" data-large_image_width=\"245\" data-large_image_height=\"180\"><img loading=\"lazy\" decoding=\"async\" class=\" wp-image-367395 alignleft\" src=\"https:\/\/www.radiopiu.net\/wordpress\/wp-content\/uploads\/2023\/12\/th-10.jpg\" alt=\"\" width=\"166\" height=\"122\" \/><\/a>RASSEGNA STAMPA LOCALE, ORE OTTO 05<\/strong><\/h2>\n<h2><strong> <span style=\"color: #0000ff;\">viene\u00a0 <\/span><\/strong><strong><span style=\"color: #0000ff;\">pubblicata alle 8.05 <span style=\"color: #ff0000;\">DIRETTA RADIO\u00a0\u00a0<\/span><\/span><\/strong><\/h2>\n<p><strong>DI MIRKO MEZZACASA\u00a0 \u00a0<\/strong><\/p>\n<p><strong>FALCADE<\/strong> 50 ANNI DI GIORNALISMO, L\u2019ORDINE RICONOSCE IL MERITO DI EMILIO CAGNATI<br \/>\n<strong>FELTRE<\/strong> La Filctem CGIL di Belluno denuncia &#8220;Preoccupazione per il Futuro di Piave Maitex&#8221;<br \/>\n<strong>BELLUNO<\/strong> Oltre 1300 visite medico-sportive nel 2023, progetti contro l&#8217;obesit\u00e0 infantile e collaborazione con universit\u00e0 importanti: l&#8217;attivit\u00e0 della Medicina dello Sport dell&#8217;Ulss 1 Dolomiti riprende alla grande, dopo la frenata dei lavori nel periodo della pandemia.<br \/>\n<strong>PONTE NELLE ALPI<\/strong> APPROVA L&#8217;INFERMIERE DI PROSSIMITA&#8217;<br \/>\nIL COMUNE DI <strong>FELTRE<\/strong> CONSEGNA UN KIT DI MATERIALI AL GRUPPO DEGLI ECOVOLONTARI DELL&#8217;UNIONE MONTANA FELTRINA<br \/>\nL&#8217;AMMINISTRAZIONE DI BORGO VALBELLUNA ADOTTA IL NUOVO REGOLAMENTO EDILIZIO<br \/>\n<strong>BORGO VALBELLUNA<\/strong> LA PRIMARIA E SECONDARIA DI MEL RINGIOVANISCONO L\u2019AULA INFORMATICA<br \/>\n<strong>BELLUNO<\/strong> OLTRE 20 ANNI DI IMPEGNO PER I MALATI DI FIBROMIALGIA E SINDROMI CORRELATE<br \/>\n<strong>FALCADE<\/strong> Ieri, nel laboratorio di enogastronomia di Falcade, si \u00e8 svolto un corso di intaglio con metodo thailandese tenuto da Daniele Selle, medaglia di bronzo alle Olimpiadi di cucina di Stoccarda. Gli studenti delle classi 4e e 5e hanno avuto l&#8217;opportunit\u00e0 di imparare questa tecnica sotto la guida del maestro, ex allievo dell&#8217;istituto, sperimentando l&#8217;intaglio di ortaggi e frutta<br \/>\n<strong>AGORDO<\/strong>\u00a0L\u2019assemblea della sezione agordina del Cai si terr\u00e0 sabato 23 aprile alle 17.30 in sala Don Tamis<\/p>\n<h2><strong>VIDEO\u00a0 \u00a0in diretta dalle 8 del mattino\u00a0<\/strong><\/h2>\n<p>&nbsp;<\/p>\n<p><iframe loading=\"lazy\" title=\"DAL 1983 LA RASSEGNA STAMPA LOCALE di mirko mezzacasa. L&#039;ORIGINALE\" width=\"1200\" height=\"675\" src=\"https:\/\/www.youtube.com\/embed\/NId7jwh9Smk?feature=oembed\" frameborder=\"0\" allow=\"accelerometer; autoplay; clipboard-write; encrypted-media; gyroscope; picture-in-picture; web-share\" allowfullscreen><\/iframe><\/p>\n<blockquote>\n<h3><\/h3>\n<h3><\/h3>\n<h3>DUE FERITI NELL&#8217;INCIDENTE IN DESTRA PIAVE, SCIALPINISTA SOCCORSA IN VALLE DI GARES,<\/h3>\n<\/blockquote>\n<p><strong><a class=\"dt-pswp-item\" href=\"https:\/\/www.radiopiu.net\/wordpress\/wp-content\/uploads\/2024\/03\/Senza-nome-71.png\" data-dt-img-description=\"\" data-large_image_width=\"564\" data-large_image_height=\"351\"><img loading=\"lazy\" decoding=\"async\" class=\" wp-image-380224 alignleft\" src=\"https:\/\/www.radiopiu.net\/wordpress\/wp-content\/uploads\/2024\/03\/Senza-nome-71-300x187.png\" alt=\"\" width=\"181\" height=\"113\" srcset=\"https:\/\/www.radiopiu.net\/wordpress\/wp-content\/uploads\/2024\/03\/Senza-nome-71-300x187.png 300w, https:\/\/www.radiopiu.net\/wordpress\/wp-content\/uploads\/2024\/03\/Senza-nome-71.png 564w\" sizes=\"auto, (max-width: 181px) 100vw, 181px\" \/><\/a>CANALE D&#8217;AGORDO<\/strong>\u00a0 Incidente a quota 2300\u00a0 in Valle di Gares. La scialpinista \u00e8 stata elitrasportata all&#8217;ospedale Papa Luciani di Agordo in condizioni non gravi. Sul posto il personale del Soccorso Alpino e l&#8217;elicottero Falco. Soccorsa una donna di 67 anni del Primiero.<\/p>\n<p><strong>BELLUNO<\/strong> Al&#8217;ospedale di Belluno sono invece stati medicati due uomini di 59 e 51 anni di Sedico e Belluno in seguito all&#8217;incidente stradale in destra piave tra Ponte nelle Alpi e Belluno<\/p>\n<p>&nbsp;<\/p>\n<hr \/>\n<p>&nbsp;<\/p>\n<blockquote>\n<h2>PERDONO L&#8217;ORIENTAMENTO, SOCCORSI DUE RAGAZZI<\/h2>\n<\/blockquote>\n<div><strong><img loading=\"lazy\" decoding=\"async\" class=\"alignleft\" src=\"https:\/\/www.radiopiu.net\/wordpress\/wp-content\/uploads\/2018\/07\/SOSPIROLO.jpg\" width=\"120\" height=\"86\" \/>SOSPIROLO<\/strong>\u00a0 Mercoledi\u00a0 sera attorno alle 20, la Centrale del 118 ha attivato il Soccorso alpino di Belluno per due ragazzi venetenni vicentini, impossibilitati a proseguire a causa del buio,. Dopo aver fornito loro abbigliamento pi\u00f9 pesante, i soccorritori hanno accompagnato i ragazzi ai propri mezzi e da l\u00ec alla loro macchina parcheggiata alla Chiesa di San Zenon. L&#8217;intervento si \u00e8 concluso verso le 21.30.<\/div>\n<p>&nbsp;<\/p>\n<p>&nbsp;<\/p>\n<hr \/>\n<p>&nbsp;<\/p>\n<blockquote>\n<h2>IERI MATTINA ALLE 4 L&#8217;APPELLO ALLA RADIO, POI IL FERMO DEI CARABINIERI<\/h2>\n<\/blockquote>\n<p><img loading=\"lazy\" decoding=\"async\" class=\"alignleft\" src=\"https:\/\/www.radiopiu.net\/wordpress\/wp-content\/uploads\/2024\/03\/th-9.jpg\" width=\"162\" height=\"108\" \/><em>Furti, dalla Val di Zoldo All&#8217;Agordino<\/em><\/p>\n<p><strong>COLLE SANTA LUCIA<\/strong><em> &#8220;Hanno tentato di forzare la serratura di due auto&#8221;.<\/em> Questo l&#8217;appello di Aurora Chizzali ieri mattina alla radio, allertava i paesani e i Carabinieri di Caprile.<br \/>\nDopo qualche ora gli uomini dell&#8217;Arma lo hanno fermato trovando nella sua auto, la famosa Polo grigia segnalata da RADIOPIU, cellulari, soldi, oggetti preziosi razziati in altri furti. La Polo grigia, con il giovane al volante, gi\u00e0 incastrata dalle telecamere \u00e8 stata fermata a Longarone.<br \/>\n<strong>IERI ALLA RADIO<\/strong><\/p>\n<blockquote><p><em><span style=\"color: #ff0000;\">ultim&#8217;ora DILLO A RADIO PIU&#8217;&#8230;. &#8220;HA TENTATO DI FORZARE LA SERRATURA DELL&#8217;AUTO&#8221;.<\/span><\/em><\/p><\/blockquote>\n<p><img loading=\"lazy\" decoding=\"async\" class=\"alignleft\" src=\"https:\/\/www.radiopiu.net\/wordpress\/wp-content\/uploads\/2024\/01\/Colle_Santa_Lucia-scaled.jpg\" width=\"197\" height=\"122\" \/><strong>REDAZIONE<\/strong> Riceviamo e pubblichiamo una segnalazione arrivata di primo mattino da Colle Santa Lucia.\u00a0 Un invito, quello di\u00a0 Aurora. importante, a prestare attenzione e segnalare eventuali movimenti sospetti o, peggio, danni subiti nella notte.<\/p>\n<p><strong>IL MESSAGGIO<\/strong>: Scrivo da Colle Santa Lucia, per una segnalazione importante, un messaggio e un <em>&#8220;alzate le antenne&#8221; per\u00a0 gli abitanti di Colle Santa Lucia e dei paesi limitrofi. Stamane\u00a0 alle 4.05, in localit\u00e0 Pezzei,\u00a0 un uomo ha tentato di aprire le nostre due auto, fortunatamente senza successo. Quale fosse lo scopo non \u00e8 chiaro. Potesse servire ho notato una Polo di colore grigio&#8221;.<\/em><\/p>\n<div class=\"xdl72j9 x1iyjqo2 xs83m0k xeuugli xh8yej3\">\n<div class=\"xmjcpbm x1tlxs6b x1g8br2z x1gn5b1j x230xth x9f619 xzsf02u x1rg5ohu xdj266r x11i5rnm xat24cr x1mh8g0r x193iq5w x1mzt3pk x1n2onr6 xeaf4i8 x13faqbe\">\n<div class=\"x1y1aw1k xn6708d xwib8y2 x1ye3gou\"><span class=\"xt0psk2\"><a class=\"x1i10hfl xjbqb8w x1ejq31n xd10rxx x1sy0etr x17r0tee x972fbf xcfux6l x1qhh985 xm0m39n x9f619 x1ypdohk xt0psk2 xe8uvvx xdj266r x11i5rnm xat24cr x1mh8g0r xexx8yu x4uap5 x18d9i69 xkhd6sd x16tdsg8 x1hl2dhg xggy1nq x1a2a7pz x1heor9g xt0b8zv\" tabindex=\"0\" role=\"link\" href=\"https:\/\/www.facebook.com\/tullio.follador.1?comment_id=Y29tbWVudDo4OTkzMjM0ODg2NDQxNDdfNDMxNDM0Mjg5NDM4MTM2&amp;__cft__[0]=AZWXM9meB4U33dV35K9LzaVy1KGh6imssdxGvMMpEukq5uOwZCJAUSb1gBuYqPM2Ul6b6apgOWc6e-XnLZ6PUDCcse_gGKgaqvqHtdJpDMS3ZeGTwzdwQoCXK3AWHMtgV37aAvvMTjqn7w607le7M5mojvON-xfu7GMUa5g1yo9DsQ&amp;__tn__=R]-R\" aria-hidden=\"false\"><span class=\"x3nfvp2\"><span class=\"x193iq5w xeuugli x13faqbe x1vvkbs x1xmvt09 x1lliihq x1s928wv xhkezso x1gmr53x x1cpjm7i x1fgarty x1943h6x x4zkp8e x676frb x1nxh6w3 x1sibtaa x1s688f xzsf02u\" dir=\"auto\">Tullio Follador<\/span><\/span><\/a> <\/span>Grazie per aver avvisato ormai tentano di venire anche quass\u00f9 ma se si passiamo parola non la fanno franca \u00a0<span class=\"xt0psk2\"><a class=\"x1i10hfl xjbqb8w x1ejq31n xd10rxx x1sy0etr x17r0tee x972fbf xcfux6l x1qhh985 xm0m39n x9f619 x1ypdohk xt0psk2 xe8uvvx xdj266r x11i5rnm xat24cr x1mh8g0r xexx8yu x4uap5 x18d9i69 xkhd6sd x16tdsg8 x1hl2dhg xggy1nq x1a2a7pz x1heor9g xt0b8zv\" tabindex=\"0\" role=\"link\" href=\"https:\/\/www.facebook.com\/laura.fossen.5?comment_id=Y29tbWVudDo4MTM4MzIyODc0Mjg1ODZfMzAxMjU3NTk2MDk2NjI3&amp;__cft__[0]=AZVx57ucQm9FvvE0n30eY7eM3QnwdKE-NnZrAri75rPliBsMb_9Cv62M3I8YMNWyxgGQXMvXeCEBsm3AwG5pmYVhpnaLiPF8hQlOgekZuX8j2H40jm-29hMfwUszrU2L0aFSRZM9rX0xzz-Rg1J2o69ZfqrhOgfBwplyJHpEORvuw3zbGhI90NdIJKomp9R7Hcc&amp;__tn__=R]-R\" aria-hidden=\"false\"><span class=\"x3nfvp2\"><span class=\"x193iq5w xeuugli x13faqbe x1vvkbs x1xmvt09 x1lliihq x1s928wv xhkezso x1gmr53x x1cpjm7i x1fgarty x1943h6x x4zkp8e x676frb x1nxh6w3 x1sibtaa x1s688f xzsf02u\" dir=\"auto\">Laura Fossen<\/span><\/span><\/a> <\/span>..\u00e8 un continuo!.. a Belluno \u00e8 allarmante la situazione!.. ogni giorno furti!.. <a class=\"x1i10hfl xjbqb8w x1ejq31n xd10rxx x1sy0etr x17r0tee x972fbf xcfux6l x1qhh985 xm0m39n x9f619 x1ypdohk xt0psk2 xe8uvvx xdj266r x11i5rnm xat24cr x1mh8g0r xexx8yu x4uap5 x18d9i69 xkhd6sd x16tdsg8 x1hl2dhg xggy1nq x1a2a7pz x1heor9g xt0b8zv\" tabindex=\"0\" role=\"link\" href=\"https:\/\/www.facebook.com\/vittorio.pallabazzer.9?comment_id=Y29tbWVudDo4MTM4MzIyODc0Mjg1ODZfMTA5MTExOTM3ODc3MjY1NQ%3D%3D&amp;__cft__[0]=AZVx57ucQm9FvvE0n30eY7eM3QnwdKE-NnZrAri75rPliBsMb_9Cv62M3I8YMNWyxgGQXMvXeCEBsm3AwG5pmYVhpnaLiPF8hQlOgekZuX8j2H40jm-29hMfwUszrU2L0aFSRZM9rX0xzz-Rg1J2o69ZfqrhOgfBwplyJHpEORvuw3zbGhI90NdIJKomp9R7Hcc&amp;__tn__=R]-R\" aria-hidden=\"false\"><span class=\"x3nfvp2\"><span class=\"x193iq5w xeuugli x13faqbe x1vvkbs x1xmvt09 x1lliihq x1s928wv xhkezso x1gmr53x x1cpjm7i x1fgarty x1943h6x x4zkp8e x676frb x1nxh6w3 x1sibtaa x1s688f xzsf02u\" dir=\"auto\">Vittorio Pallabazzer<\/span><\/span><\/a><\/div>\n<div>\n<div>\n<div class=\"xv55zj0 x1vvkbs x1rg5ohu xxymvpz\">\n<div class=\"x3nfvp2 x1n2onr6 xxymvpz xh8yej3\">\n<div class=\"xdl72j9 x1iyjqo2 xs83m0k xeuugli xh8yej3\">\n<div class=\"xmjcpbm x1tlxs6b x1g8br2z x1gn5b1j x230xth x9f619 xzsf02u x1rg5ohu xdj266r x11i5rnm xat24cr x1mh8g0r x193iq5w x1mzt3pk x1n2onr6 xeaf4i8 x13faqbe\">\n<div class=\"x1y1aw1k xn6708d xwib8y2 x1ye3gou\">\n<div class=\"x1lliihq xjkvuk6 x1iorvi4\">\n<div class=\"xdj266r x11i5rnm xat24cr x1mh8g0r x1vvkbs\">\n<div dir=\"auto\">Passato anche in via Costa ora presunta 4.30.macchina colore grigio , uomo con giubbino di colore nero <a class=\"x1i10hfl xjbqb8w x1ejq31n xd10rxx x1sy0etr x17r0tee x972fbf xcfux6l x1qhh985 xm0m39n x9f619 x1ypdohk xt0psk2 xe8uvvx xdj266r x11i5rnm xat24cr x1mh8g0r xexx8yu x4uap5 x18d9i69 xkhd6sd x16tdsg8 x1hl2dhg xggy1nq x1a2a7pz x1heor9g xt0b8zv\" tabindex=\"0\" role=\"link\" href=\"https:\/\/www.facebook.com\/stefano.debiasio.31?comment_id=Y29tbWVudDo4MTM4MzIyODc0Mjg1ODZfNzg0MjQ5NTE2NTM2MDgw&amp;__cft__[0]=AZVx57ucQm9FvvE0n30eY7eM3QnwdKE-NnZrAri75rPliBsMb_9Cv62M3I8YMNWyxgGQXMvXeCEBsm3AwG5pmYVhpnaLiPF8hQlOgekZuX8j2H40jm-29hMfwUszrU2L0aFSRZM9rX0xzz-Rg1J2o69ZfqrhOgfBwplyJHpEORvuw3zbGhI90NdIJKomp9R7Hcc&amp;__tn__=R]-R\" aria-hidden=\"false\"><span class=\"x3nfvp2\"><span class=\"x193iq5w xeuugli x13faqbe x1vvkbs x1xmvt09 x1lliihq x1s928wv xhkezso x1gmr53x x1cpjm7i x1fgarty x1943h6x x4zkp8e x676frb x1nxh6w3 x1sibtaa x1s688f xzsf02u\" dir=\"auto\">De Biasio Stefano<\/span><\/span><\/a> \u00a0<a class=\"x1i10hfl xjbqb8w x1ejq31n xd10rxx x1sy0etr x17r0tee x972fbf xcfux6l x1qhh985 xm0m39n x9f619 x1ypdohk xt0psk2 xe8uvvx xdj266r x11i5rnm xat24cr x1mh8g0r xexx8yu x4uap5 x18d9i69 xkhd6sd x16tdsg8 x1hl2dhg xggy1nq x1a2a7pz xt0b8zv xzsf02u x1s688f\" tabindex=\"0\" role=\"link\" href=\"https:\/\/www.facebook.com\/vittorio.pallabazzer.9?__cft__[0]=AZVx57ucQm9FvvE0n30eY7eM3QnwdKE-NnZrAri75rPliBsMb_9Cv62M3I8YMNWyxgGQXMvXeCEBsm3AwG5pmYVhpnaLiPF8hQlOgekZuX8j2H40jm-29hMfwUszrU2L0aFSRZM9rX0xzz-Rg1J2o69ZfqrhOgfBwplyJHpEORvuw3zbGhI90NdIJKomp9R7Hcc&amp;__tn__=R]-R\"><span class=\"xt0psk2\">Vittorio Pallabazzer<\/span><\/a> con tutte le telecamere a circuito chiuso che ci sono non dovrebbero stare tanto a beccarlo<\/div>\n<\/div>\n<\/div>\n<\/div>\n<\/div>\n<\/div>\n<\/div>\n<\/div>\n<\/div>\n<div>\n<div class=\"x1rg5ohu xxymvpz x17z2i9w\"><\/div>\n<\/div>\n<div>\n<div class=\"x78zum5 xdt5ytf\">\n<div class=\"x9f619 x1n2onr6 x1ja2u2z\">\n<div>\n<div class=\"x1n2onr6 x1xb5h2r\">\n<div class=\"x1n2onr6 xurb0ha x1iorvi4 x78zum5 x1q0g3np x1a2a7pz\" tabindex=\"-1\" role=\"article\" aria-label=\"Risposta di Norma Dalvit alla risposta di De Biasio Stefano 10 ore fa\">\n<div class=\"xqcrz7y x14yjl9h xudhj91 x18nykt9 xww2gxu x1lliihq x1w0mnb xr9ek0c x1n2onr6\"><a class=\"x1i10hfl xjbqb8w x1ejq31n xd10rxx x1sy0etr x17r0tee x972fbf xcfux6l x1qhh985 xm0m39n x9f619 x1ypdohk xt0psk2 xe8uvvx xdj266r x11i5rnm xat24cr x1mh8g0r xexx8yu x4uap5 x18d9i69 xkhd6sd x16tdsg8 x1hl2dhg xggy1nq x1a2a7pz xt0b8zv xzsf02u x1s688f\" tabindex=\"0\" role=\"link\" href=\"https:\/\/www.facebook.com\/stefano.debiasio.31?__cft__[0]=AZVx57ucQm9FvvE0n30eY7eM3QnwdKE-NnZrAri75rPliBsMb_9Cv62M3I8YMNWyxgGQXMvXeCEBsm3AwG5pmYVhpnaLiPF8hQlOgekZuX8j2H40jm-29hMfwUszrU2L0aFSRZM9rX0xzz-Rg1J2o69ZfqrhOgfBwplyJHpEORvuw3zbGhI90NdIJKomp9R7Hcc&amp;__tn__=R]-R\"><span class=\"xt0psk2\">De Biasio Stefano<\/span><\/a> pare li hanno fermati a longarone.. Pare!! Anche qui in andraz hanno rubato nelle auto<\/div>\n<\/div>\n<\/div>\n<\/div>\n<\/div>\n<\/div>\n<\/div>\n<\/div>\n<\/div>\n<\/div>\n<p>&nbsp;<\/p>\n<hr \/>\n<p>&nbsp;<\/p>\n<blockquote>\n<h3>INTESA TRA VENETO STRADE ED ANAS PER LA MESSA IN SICUREZZA DELLA RETE VIARIA<\/h3>\n<\/blockquote>\n<p><strong><a class=\"dt-pswp-item\" href=\"https:\/\/www.radiopiu.net\/wordpress\/wp-content\/uploads\/2021\/11\/SICUREZZA-STRADALE.jpg\" data-dt-img-description=\"\" data-large_image_width=\"1920\" data-large_image_height=\"1285\"><img loading=\"lazy\" decoding=\"async\" class=\" wp-image-240563 alignleft\" src=\"https:\/\/www.radiopiu.net\/wordpress\/wp-content\/uploads\/2021\/11\/SICUREZZA-STRADALE-300x201.jpg\" alt=\"\" width=\"157\" height=\"105\" srcset=\"https:\/\/www.radiopiu.net\/wordpress\/wp-content\/uploads\/2021\/11\/SICUREZZA-STRADALE-300x201.jpg 300w, https:\/\/www.radiopiu.net\/wordpress\/wp-content\/uploads\/2021\/11\/SICUREZZA-STRADALE-1024x685.jpg 1024w, https:\/\/www.radiopiu.net\/wordpress\/wp-content\/uploads\/2021\/11\/SICUREZZA-STRADALE-768x514.jpg 768w, https:\/\/www.radiopiu.net\/wordpress\/wp-content\/uploads\/2021\/11\/SICUREZZA-STRADALE-1536x1028.jpg 1536w, https:\/\/www.radiopiu.net\/wordpress\/wp-content\/uploads\/2021\/11\/SICUREZZA-STRADALE.jpg 1920w\" sizes=\"auto, (max-width: 157px) 100vw, 157px\" \/><\/a>VENEZIA<\/strong> La giunta ha approvato un provvedimento per finanziare lavori urgenti di messa in sicurezza lungo due arterie stradali ora riclassificate a interesse nazionale: la SS 48 &#8220;delle Dolomiti&#8221; e la SS 11 &#8220;Padana Superiore&#8221;. Grazie a un Protocollo di intesa tra Regione, Veneto Strade e Anas, quest&#8217;ultima garantir\u00e0 10 milioni di euro per lo sviluppo e la realizzazione dei progetti a cura di Veneto Strade. Si interverr\u00e0 sull&#8217;innesto tra la SS 48 e la SP 532 ad Auronzo di Cadore (Belluno) e su tratti della SS 11 a Dolo (Venezia) e Altavilla Vicentina (Vicenza). Queste azioni mirano a garantire la sicurezza e la fruibilit\u00e0 delle strade per cittadini e imprese.<\/p>\n<p>&nbsp;<\/p>\n<p>&nbsp;<\/p>\n<hr \/>\n<p>&nbsp;<\/p>\n<blockquote>\n<h3>LA CICLABILE BRIBANO-CENCENIGHE, AI CASTEI SI PASSERA&#8217; SULLA EX 203 AGORDINA<\/h3>\n<\/blockquote>\n<p><strong><a class=\"dt-pswp-item\" href=\"https:\/\/www.radiopiu.net\/wordpress\/wp-content\/uploads\/2024\/03\/SCR-20240321-soze.jpeg\" data-dt-img-description=\"\" data-large_image_width=\"2140\" data-large_image_height=\"1434\"><img loading=\"lazy\" decoding=\"async\" class=\" wp-image-380315 alignleft\" src=\"https:\/\/www.radiopiu.net\/wordpress\/wp-content\/uploads\/2024\/03\/SCR-20240321-soze-300x201.jpeg\" alt=\"\" width=\"151\" height=\"101\" srcset=\"https:\/\/www.radiopiu.net\/wordpress\/wp-content\/uploads\/2024\/03\/SCR-20240321-soze-300x201.jpeg 300w, https:\/\/www.radiopiu.net\/wordpress\/wp-content\/uploads\/2024\/03\/SCR-20240321-soze-1024x686.jpeg 1024w, https:\/\/www.radiopiu.net\/wordpress\/wp-content\/uploads\/2024\/03\/SCR-20240321-soze-768x515.jpeg 768w, https:\/\/www.radiopiu.net\/wordpress\/wp-content\/uploads\/2024\/03\/SCR-20240321-soze-1536x1029.jpeg 1536w, https:\/\/www.radiopiu.net\/wordpress\/wp-content\/uploads\/2024\/03\/SCR-20240321-soze-2048x1372.jpeg 2048w\" sizes=\"auto, (max-width: 151px) 100vw, 151px\" \/><\/a>AGORDO<\/strong><\/p>\n<p>DI GIANNI SANTOMASO<\/p>\n<audio class=\"wp-audio-shortcode\" id=\"audio-380134-5\" preload=\"none\" style=\"width: 100%;\" controls=\"controls\"><source type=\"audio\/mpeg\" src=\"https:\/\/www.radiopiu.net\/wordpress\/wp-content\/uploads\/2024\/03\/GIANNI-LA-CICLABILE-BRIBANO-CENCENIGHE-AI-CASTEI-SI-PASSERA-SULLA-EX-203-AGORDINA.mp3?_=5\" \/><a href=\"https:\/\/www.radiopiu.net\/wordpress\/wp-content\/uploads\/2024\/03\/GIANNI-LA-CICLABILE-BRIBANO-CENCENIGHE-AI-CASTEI-SI-PASSERA-SULLA-EX-203-AGORDINA.mp3\">https:\/\/www.radiopiu.net\/wordpress\/wp-content\/uploads\/2024\/03\/GIANNI-LA-CICLABILE-BRIBANO-CENCENIGHE-AI-CASTEI-SI-PASSERA-SULLA-EX-203-AGORDINA.mp3<\/a><\/audio>\n<p>&nbsp;<\/p>\n<p>&nbsp;<\/p>\n<hr \/>\n<p>&nbsp;<\/p>\n<blockquote>\n<h3>C&#8217;E&#8217; ATTESA PER LA SENTENZA RELATIVA ALLA CICLABILE DOPO IL RICORSO DI UN PRIVATO CITTADINO<\/h3>\n<\/blockquote>\n<p><strong><a class=\"dt-pswp-item\" href=\"https:\/\/www.radiopiu.net\/wordpress\/wp-content\/uploads\/2023\/11\/unione-montana-agordina.png\" data-dt-img-description=\"\" data-large_image_width=\"791\" data-large_image_height=\"517\"><img loading=\"lazy\" decoding=\"async\" class=\" wp-image-363432 alignleft\" src=\"https:\/\/www.radiopiu.net\/wordpress\/wp-content\/uploads\/2023\/11\/unione-montana-agordina-300x196.png\" alt=\"\" width=\"184\" height=\"120\" srcset=\"https:\/\/www.radiopiu.net\/wordpress\/wp-content\/uploads\/2023\/11\/unione-montana-agordina-300x196.png 300w, https:\/\/www.radiopiu.net\/wordpress\/wp-content\/uploads\/2023\/11\/unione-montana-agordina-768x502.png 768w, https:\/\/www.radiopiu.net\/wordpress\/wp-content\/uploads\/2023\/11\/unione-montana-agordina.png 791w\" sizes=\"auto, (max-width: 184px) 100vw, 184px\" \/><\/a>AGORDO<\/strong><\/p>\n<p>DI GIANNI SANTOMASO<\/p>\n<audio class=\"wp-audio-shortcode\" id=\"audio-380134-6\" preload=\"none\" style=\"width: 100%;\" controls=\"controls\"><source type=\"audio\/mpeg\" src=\"https:\/\/www.radiopiu.net\/wordpress\/wp-content\/uploads\/2024\/03\/GIANNI-CE-ATTESA-PER-LA-SENTENZA-REALITIVA-ALLA-CICLABILE-DOPO-IL-RICORSO-DI-UN-PRIVATO-CITTADINO.mp3?_=6\" \/><a href=\"https:\/\/www.radiopiu.net\/wordpress\/wp-content\/uploads\/2024\/03\/GIANNI-CE-ATTESA-PER-LA-SENTENZA-REALITIVA-ALLA-CICLABILE-DOPO-IL-RICORSO-DI-UN-PRIVATO-CITTADINO.mp3\">https:\/\/www.radiopiu.net\/wordpress\/wp-content\/uploads\/2024\/03\/GIANNI-CE-ATTESA-PER-LA-SENTENZA-REALITIVA-ALLA-CICLABILE-DOPO-IL-RICORSO-DI-UN-PRIVATO-CITTADINO.mp3<\/a><\/audio>\n<p>&nbsp;<\/p>\n<p>&nbsp;<\/p>\n<hr \/>\n<p>&nbsp;<\/p>\n<div class=\"flex-1 overflow-hidden\">\n<div class=\"react-scroll-to-bottom--css-pfpis-79elbk h-full\">\n<div class=\"react-scroll-to-bottom--css-pfpis-1n7m0yu\">\n<div class=\"flex flex-col text-sm pb-9\">\n<div class=\"w-full text-token-text-primary\" data-testid=\"conversation-turn-37\">\n<div class=\"px-4 py-2 justify-center text-base md:gap-6 m-auto\">\n<div class=\"flex flex-1 text-base mx-auto gap-3 md:px-5 lg:px-1 xl:px-5 md:max-w-3xl lg:max-w-[40rem] xl:max-w-[48rem] group final-completion\">\n<div class=\"relative flex w-full flex-col agent-turn\">\n<div class=\"flex-col gap-1 md:gap-3\">\n<div class=\"flex flex-grow flex-col max-w-full\">\n<div class=\"min-h-[20px] text-message flex flex-col items-start gap-3 whitespace-pre-wrap break-words [.text-message+&amp;]:mt-5 overflow-x-auto\" data-message-author-role=\"assistant\" data-message-id=\"9f7c0035-9829-402c-bede-22edf5396fe9\">\n<div class=\"markdown prose w-full break-words dark:prose-invert dark\">\n<blockquote>\n<h2><a class=\"dt-pswp-item\" href=\"https:\/\/www.radiopiu.net\/wordpress\/wp-content\/uploads\/2022\/12\/Polizia_Locale.jpg\" data-dt-img-description=\"\" data-large_image_width=\"1591\" data-large_image_height=\"1193\"><img loading=\"lazy\" decoding=\"async\" class=\"wp-image-312951 alignleft\" src=\"https:\/\/www.radiopiu.net\/wordpress\/wp-content\/uploads\/2022\/12\/Polizia_Locale-300x225.jpg\" alt=\"\" width=\"149\" height=\"112\" srcset=\"https:\/\/www.radiopiu.net\/wordpress\/wp-content\/uploads\/2022\/12\/Polizia_Locale-300x225.jpg 300w, https:\/\/www.radiopiu.net\/wordpress\/wp-content\/uploads\/2022\/12\/Polizia_Locale-1024x768.jpg 1024w, https:\/\/www.radiopiu.net\/wordpress\/wp-content\/uploads\/2022\/12\/Polizia_Locale-768x576.jpg 768w, https:\/\/www.radiopiu.net\/wordpress\/wp-content\/uploads\/2022\/12\/Polizia_Locale-1536x1152.jpg 1536w, https:\/\/www.radiopiu.net\/wordpress\/wp-content\/uploads\/2022\/12\/Polizia_Locale.jpg 1591w\" sizes=\"auto, (max-width: 149px) 100vw, 149px\" \/><\/a>&#8220;Multe non pagate del 2019: il Comune lotta per il recupero inviando l&#8217;elenco all&#8217;Agenzia delle Entrate Riscossione<\/h2>\n<\/blockquote>\n<\/div>\n<\/div>\n<\/div>\n<div class=\"mt-1 flex justify-start gap-3 empty:hidden\">\n<div class=\"text-gray-400 flex self-end lg:self-center items-center justify-center lg:justify-start mt-0 -ml-1 h-7 gap-[2px] visible\">\n<div class=\"flex\"><strong>BELLUNO Il<\/strong> Comune sta lottando per recuperare le multe non pagate del 2019, inviando l&#8217;elenco dei ruoli all&#8217;Agenzia delle Entrate Riscossione. Nonostante l&#8217;ammontare delle sanzioni ammonti a oltre 342 mila euro. Le multe riguardano principalmente violazioni al Codice della strada, come parcheggi in divieto, eccesso di velocit\u00e0 e utilizzo del telefono mentre si guida.<\/div>\n<\/div>\n<\/div>\n<\/div>\n<\/div>\n<\/div>\n<\/div>\n<\/div>\n<\/div>\n<\/div>\n<\/div>\n<\/div>\n<div class=\"w-full pt-2 md:pt-0 dark:border-white\/20 md:border-transparent md:dark:border-transparent md:w-[calc(100%-.5rem)]\">\n<form class=\"stretch mx-2 flex flex-row gap-3 last:mb-2 md:mx-4 md:last:mb-6 lg:mx-auto lg:max-w-2xl xl:max-w-3xl\">\n<div class=\"relative flex h-full flex-1 flex-col\">\n<div class=\"absolute bottom-full left-0 right-0\"><\/div>\n<div class=\"flex w-full items-center\"><\/div>\n<\/div>\n<\/form>\n<\/div>\n<p>&nbsp;<\/p>\n<p>&nbsp;<\/p>\n<hr \/>\n<blockquote>\n<h3><\/h3>\n<h3>RINNOVATA PER ALTRI 3 ANNI LA CONVENZIONE TRA ANA E PROTEZIONE CIVILE DI ROCCA PIETORE<\/h3>\n<\/blockquote>\n<p><strong>ROCCA PIETORE<\/strong> Rinnovata per i prossimi 3 anni la convenzione fra ANA Associazione Nazionale Alpini e Gruppo comunale di Protezione Civile di Rocca Pietore. Il Sindaco Andrea De Bernardin e il Presidente della Sezione ANA di Belluno, Lino De Pr\u00e0, hanno preso atto del buon lavoro svolto dal Gruppo di Protezione Civile di Rocca e del buon rapporto instauratosi fra ANA e Comune. Un ringraziamento sincero alle Volontarie e ai Volontari del Gruppo di Rocca Pietore.<\/p>\n\n\t\t\t<style type='text\/css'>\n\t\t\t\t#gallery-2 {\n\t\t\t\t\tmargin: auto;\n\t\t\t\t}\n\t\t\t\t#gallery-2 .gallery-item {\n\t\t\t\t\tfloat: left;\n\t\t\t\t\tmargin-top: 10px;\n\t\t\t\t\ttext-align: center;\n\t\t\t\t\twidth: 33%;\n\t\t\t\t}\n\t\t\t\t#gallery-2 img {\n\t\t\t\t\tborder: 2px solid #cfcfcf;\n\t\t\t\t}\n\t\t\t\t#gallery-2 .gallery-caption {\n\t\t\t\t\tmargin-left: 0;\n\t\t\t\t}\n\t\t\t\t\/* see gallery_shortcode() in wp-includes\/media.php *\/\n\t\t\t<\/style>\n\t\t<div id='gallery-2' class='dt-gallery-container gallery galleryid-380134 gallery-columns-3 gallery-size-medium'><dl class='gallery-item'>\n\t\t\t\t<dt class='gallery-icon landscape'>\n\t\t\t\t\t<a class=\"rollover rollover-zoom dt-pswp-item\" title=\"10b3b6c5-9697-4e24-971f-54fdc07f341f\" data-dt-img-description=\"\" data-large_image_width=\"1600\" data-large_image_height=\"1200\"href='https:\/\/www.radiopiu.net\/wordpress\/wp-content\/uploads\/2024\/03\/10b3b6c5-9697-4e24-971f-54fdc07f341f.jpg'><img loading=\"lazy\" decoding=\"async\" width=\"300\" height=\"225\" src=\"https:\/\/www.radiopiu.net\/wordpress\/wp-content\/uploads\/2024\/03\/10b3b6c5-9697-4e24-971f-54fdc07f341f-300x225.jpg\" class=\"attachment-medium size-medium\" alt=\"\" srcset=\"https:\/\/www.radiopiu.net\/wordpress\/wp-content\/uploads\/2024\/03\/10b3b6c5-9697-4e24-971f-54fdc07f341f-300x225.jpg 300w, https:\/\/www.radiopiu.net\/wordpress\/wp-content\/uploads\/2024\/03\/10b3b6c5-9697-4e24-971f-54fdc07f341f-1024x768.jpg 1024w, https:\/\/www.radiopiu.net\/wordpress\/wp-content\/uploads\/2024\/03\/10b3b6c5-9697-4e24-971f-54fdc07f341f-768x576.jpg 768w, https:\/\/www.radiopiu.net\/wordpress\/wp-content\/uploads\/2024\/03\/10b3b6c5-9697-4e24-971f-54fdc07f341f-1536x1152.jpg 1536w, https:\/\/www.radiopiu.net\/wordpress\/wp-content\/uploads\/2024\/03\/10b3b6c5-9697-4e24-971f-54fdc07f341f.jpg 1600w\" sizes=\"auto, (max-width: 300px) 100vw, 300px\" \/><\/a>\n\t\t\t\t<\/dt><\/dl><dl class='gallery-item'>\n\t\t\t\t<dt class='gallery-icon landscape'>\n\t\t\t\t\t<a class=\"rollover rollover-zoom dt-pswp-item\" title=\"4cbfb359-4681-4276-b6bf-77b9bc6d3ce6\" data-dt-img-description=\"\" data-large_image_width=\"1600\" data-large_image_height=\"1200\"href='https:\/\/www.radiopiu.net\/wordpress\/wp-content\/uploads\/2024\/03\/4cbfb359-4681-4276-b6bf-77b9bc6d3ce6.jpg'><img loading=\"lazy\" decoding=\"async\" width=\"300\" height=\"225\" src=\"https:\/\/www.radiopiu.net\/wordpress\/wp-content\/uploads\/2024\/03\/4cbfb359-4681-4276-b6bf-77b9bc6d3ce6-300x225.jpg\" class=\"attachment-medium size-medium\" alt=\"\" srcset=\"https:\/\/www.radiopiu.net\/wordpress\/wp-content\/uploads\/2024\/03\/4cbfb359-4681-4276-b6bf-77b9bc6d3ce6-300x225.jpg 300w, https:\/\/www.radiopiu.net\/wordpress\/wp-content\/uploads\/2024\/03\/4cbfb359-4681-4276-b6bf-77b9bc6d3ce6-1024x768.jpg 1024w, https:\/\/www.radiopiu.net\/wordpress\/wp-content\/uploads\/2024\/03\/4cbfb359-4681-4276-b6bf-77b9bc6d3ce6-768x576.jpg 768w, https:\/\/www.radiopiu.net\/wordpress\/wp-content\/uploads\/2024\/03\/4cbfb359-4681-4276-b6bf-77b9bc6d3ce6-1536x1152.jpg 1536w, https:\/\/www.radiopiu.net\/wordpress\/wp-content\/uploads\/2024\/03\/4cbfb359-4681-4276-b6bf-77b9bc6d3ce6.jpg 1600w\" sizes=\"auto, (max-width: 300px) 100vw, 300px\" \/><\/a>\n\t\t\t\t<\/dt><\/dl><dl class='gallery-item'>\n\t\t\t\t<dt class='gallery-icon landscape'>\n\t\t\t\t\t<a class=\"rollover rollover-zoom dt-pswp-item\" title=\"1b169996-c9ee-48dc-8e7b-6c2397de4d92\" data-dt-img-description=\"\" data-large_image_width=\"1600\" data-large_image_height=\"1200\"href='https:\/\/www.radiopiu.net\/wordpress\/wp-content\/uploads\/2024\/03\/1b169996-c9ee-48dc-8e7b-6c2397de4d92.jpg'><img loading=\"lazy\" decoding=\"async\" width=\"300\" height=\"225\" src=\"https:\/\/www.radiopiu.net\/wordpress\/wp-content\/uploads\/2024\/03\/1b169996-c9ee-48dc-8e7b-6c2397de4d92-300x225.jpg\" class=\"attachment-medium size-medium\" alt=\"\" srcset=\"https:\/\/www.radiopiu.net\/wordpress\/wp-content\/uploads\/2024\/03\/1b169996-c9ee-48dc-8e7b-6c2397de4d92-300x225.jpg 300w, https:\/\/www.radiopiu.net\/wordpress\/wp-content\/uploads\/2024\/03\/1b169996-c9ee-48dc-8e7b-6c2397de4d92-1024x768.jpg 1024w, https:\/\/www.radiopiu.net\/wordpress\/wp-content\/uploads\/2024\/03\/1b169996-c9ee-48dc-8e7b-6c2397de4d92-768x576.jpg 768w, https:\/\/www.radiopiu.net\/wordpress\/wp-content\/uploads\/2024\/03\/1b169996-c9ee-48dc-8e7b-6c2397de4d92-1536x1152.jpg 1536w, https:\/\/www.radiopiu.net\/wordpress\/wp-content\/uploads\/2024\/03\/1b169996-c9ee-48dc-8e7b-6c2397de4d92.jpg 1600w\" sizes=\"auto, (max-width: 300px) 100vw, 300px\" \/><\/a>\n\t\t\t\t<\/dt><\/dl><br style=\"clear: both\" \/>\n\t\t\t<\/div>\n\n<p>&nbsp;<\/p>\n<hr \/>\n<p>&nbsp;<\/p>\n<blockquote>\n<h3 class=\"entry-title\">50 ANNI DI GIORNALISMO, L\u2019ORDINE RICONOSCE IL MERITO DI EMILIO CAGNATI<\/h3>\n<\/blockquote>\n<p><strong><img loading=\"lazy\" decoding=\"async\" class=\"alignleft\" src=\"https:\/\/www.radiopiu.net\/wordpress\/wp-content\/uploads\/2024\/03\/Senza-nome-72.png\" width=\"179\" height=\"146\" \/>REDAZIONE<\/strong> Pregevole firma del Gazzettino quella di Emilio Cagnati, testimone di una generazione importante. Direttore di Radio Pi\u00f9 dal 1990 l\u2019anno della concessione, della Legge Mammi. Sempre vicino alla vita politico-amministrativa del territorio, grande conoscitore delle peculiarit\u00e0 valligiane. Tanti meriti, importanti, l\u2019ultimo in ordine di tempo \u00e8 quello che sar\u00e0 riconosciuto oggi nella cerimonia in programma a Venezia. <em>\u201cIl Consiglio dell\u2019Ordine dei giornalisti del Veneto ha deciso di conferire il riconoscimento in occasione della ricorrenza dei 50 anni di iscrizione all\u2019Albo dei giornalisti\u201d.\u00a0<\/em><\/p>\n<p>Dalla redazione di Radio Pi\u00f9, congratulazione Direttore!<\/p>\n<p>&nbsp;<\/p>\n<p>&nbsp;<\/p>\n<hr \/>\n<p>&nbsp;<\/p>\n<p><strong>OGGI LA GIUDIZIARIA<\/strong><br \/>\n<strong>DAL CORRIERE DELLE ALPI<\/strong><br \/>\n<strong>DI GIGI SOSSO\u00a0 \u00a0<\/strong><\/p>\n<p><strong><img loading=\"lazy\" decoding=\"async\" class=\"alignleft\" src=\"https:\/\/www.radiopiu.net\/wordpress\/wp-content\/uploads\/2021\/09\/tribunale-belluno.jpg\" width=\"348\" height=\"232\" \/><\/strong><strong>AGORDO<\/strong> Due pullman della Dolomitibus sono stati pesantemente danneggiati in una stazione durante un raid vandalico. Alex Manfroi, 22 anni, di Cencenighe, e Mateus Rossi, italobrasiliano di 20 anni residente a San Tomaso, sono stati citati in tribunale per danneggiamento aggravato, con danni quantificati in 4 mila euro. Il processo inizier\u00e0 a luglio davanti al giudice Luca Berletti, I due imputati, accusati di aver danneggiato due autobus, non erano presenti all&#8217;udienza pre-dibattimentale, e sono stati individuati grazie alle immagini delle telecamere di sorveglianza.<\/p>\n<div class=\"flex-1 overflow-hidden\">\n<div class=\"react-scroll-to-bottom--css-pfpis-79elbk h-full\">\n<div class=\"react-scroll-to-bottom--css-pfpis-1n7m0yu\">\n<div class=\"flex flex-col text-sm pb-9\">\n<div class=\"w-full text-token-text-primary\" data-testid=\"conversation-turn-43\">\n<div class=\"px-4 py-2 justify-center text-base md:gap-6 m-auto\">\n<div class=\"flex flex-1 text-base mx-auto gap-3 md:px-5 lg:px-1 xl:px-5 md:max-w-3xl lg:max-w-[40rem] xl:max-w-[48rem] group final-completion\">\n<div class=\"relative flex w-full flex-col agent-turn\">\n<div class=\"flex-col gap-1 md:gap-3\">\n<div class=\"flex flex-grow flex-col max-w-full\">\n<div class=\"min-h-[20px] text-message flex flex-col items-start gap-3 whitespace-pre-wrap break-words [.text-message+&amp;]:mt-5 overflow-x-auto\" data-message-author-role=\"assistant\" data-message-id=\"d8c66abb-ac2a-4f4c-9085-2d1a2cbf72df\">\n<div class=\"markdown prose w-full break-words dark:prose-invert dark\">\n<blockquote><p><strong>FELTRE <\/strong>Il prete Don Severino Cecchin \u00e8 stato raggirato per 42 mila euro da Lucrezia Cari e Daniel Colombo, che hanno falsamente affermato che lei fosse incinta e in difficolt\u00e0 economica. Il reato contestato \u00e8 circonvenzione d&#8217;incapace, con pena da due a sei anni di reclusione pi\u00f9 multa.\u00a0 Il processo inizier\u00e0 il 5 giugno, con Cecchin come primo testimone.<\/p><\/blockquote>\n<\/div>\n<\/div>\n<\/div>\n<\/div>\n<\/div>\n<\/div>\n<\/div>\n<\/div>\n<\/div>\n<\/div>\n<\/div>\n<\/div>\n<div class=\"w-full pt-2 md:pt-0 dark:border-white\/20 md:border-transparent md:dark:border-transparent md:w-[calc(100%-.5rem)]\">\n<form class=\"stretch mx-2 flex flex-row gap-3 last:mb-2 md:mx-4 md:last:mb-6 lg:mx-auto lg:max-w-2xl xl:max-w-3xl\">\n<div class=\"relative flex h-full flex-1 flex-col\">\n<div class=\"flex w-full items-center\"><\/div>\n<\/div>\n<\/form>\n<\/div>\n<p><strong>BELLUNO<\/strong> Un amore tossico nato al Serd porta ad abusare psicologicamente e fisicamente della donna, isolandola e controllandola completamente. Tra gennaio e giugno 2022, le infligge manipolazioni, violenze fisiche e insulti, costringendola a una convivenza dolorosa.\u00a0 L&#8217;uomo ancora detenuto per altri motivi, affronta il processo mentre la donna cerca giustizia.<\/p>\n<p><strong>BELLUNO<\/strong> detenuto a Baldenich, esercitava autorit\u00e0 sulla sua cella compiendo estorsioni verso altri detenuti. Minacci\u00f2 un uomo di Belluno di violenza se non gli versava 300 euro, ottenendo il denaro dai genitori del cittadino. Successivamente, costrinse un ragazzo afghano a ritrattare una denuncia per violenza sessuale sotto minaccia, usando una forchetta come arma. Condannato a otto anni di reclusione,\u00a0 affronta il processo per tentata estorsione.<\/p>\n<p>&nbsp;<\/p>\n<p>&nbsp;<\/p>\n<p>&nbsp;<\/p>\n<p>&nbsp;<\/p>\n<blockquote>\n<h3>L&#8217;ATTIVITA&#8217; DELLA MEDICINA MEDICO-SPORTIVA IN ULSS 1 DOLOMITI<\/h3>\n<\/blockquote>\n<p><strong><a class=\"dt-pswp-item\" href=\"https:\/\/www.radiopiu.net\/wordpress\/wp-content\/uploads\/2024\/03\/49cd594a-6238-4d3b-a1cd-6d138fe03885.jpg\" data-dt-img-description=\"\" data-large_image_width=\"1600\" data-large_image_height=\"1164\"><img loading=\"lazy\" decoding=\"async\" class=\" wp-image-380279 alignleft\" src=\"https:\/\/www.radiopiu.net\/wordpress\/wp-content\/uploads\/2024\/03\/49cd594a-6238-4d3b-a1cd-6d138fe03885-300x218.jpg\" alt=\"\" width=\"139\" height=\"101\" srcset=\"https:\/\/www.radiopiu.net\/wordpress\/wp-content\/uploads\/2024\/03\/49cd594a-6238-4d3b-a1cd-6d138fe03885-300x218.jpg 300w, https:\/\/www.radiopiu.net\/wordpress\/wp-content\/uploads\/2024\/03\/49cd594a-6238-4d3b-a1cd-6d138fe03885-1024x745.jpg 1024w, https:\/\/www.radiopiu.net\/wordpress\/wp-content\/uploads\/2024\/03\/49cd594a-6238-4d3b-a1cd-6d138fe03885-768x559.jpg 768w, https:\/\/www.radiopiu.net\/wordpress\/wp-content\/uploads\/2024\/03\/49cd594a-6238-4d3b-a1cd-6d138fe03885-1536x1117.jpg 1536w, https:\/\/www.radiopiu.net\/wordpress\/wp-content\/uploads\/2024\/03\/49cd594a-6238-4d3b-a1cd-6d138fe03885.jpg 1600w\" sizes=\"auto, (max-width: 139px) 100vw, 139px\" \/><\/a>BELLUNO<\/strong> Oltre 1300 visite medico-sportive nel 2023, progetti contro l&#8217;obesit\u00e0 infantile e collaborazione con universit\u00e0 importanti: l&#8217;attivit\u00e0 della Medicina dello Sport dell&#8217;Ulss 1 Dolomiti riprende alla grande, dopo la frenata dei lavori nel periodo della pandemia.<\/p>\n<p><strong>DI DANIELE DALVIT<\/strong><\/p>\n<audio class=\"wp-audio-shortcode\" id=\"audio-380134-7\" preload=\"none\" style=\"width: 100%;\" controls=\"controls\"><source type=\"audio\/mpeg\" src=\"https:\/\/www.radiopiu.net\/wordpress\/wp-content\/uploads\/2024\/03\/Radio-Piu-Servizio-Medicina-Sport-Ulss-1.mp3?_=7\" \/><a href=\"https:\/\/www.radiopiu.net\/wordpress\/wp-content\/uploads\/2024\/03\/Radio-Piu-Servizio-Medicina-Sport-Ulss-1.mp3\">https:\/\/www.radiopiu.net\/wordpress\/wp-content\/uploads\/2024\/03\/Radio-Piu-Servizio-Medicina-Sport-Ulss-1.mp3<\/a><\/audio>\n<p>&nbsp;<\/p>\n<hr \/>\n<p>&nbsp;<\/p>\n<blockquote>\n<h3>PONTE NELLE ALPI APPROVA L&#8217;INFERMIERE DI PROSSIMITA&#8217;<\/h3>\n<\/blockquote>\n<p><strong><a class=\"dt-pswp-item\" href=\"https:\/\/www.radiopiu.net\/wordpress\/wp-content\/uploads\/2021\/11\/INFERMIERE-OSS.png\" data-dt-img-description=\"\" data-large_image_width=\"1784\" data-large_image_height=\"1068\"><img loading=\"lazy\" decoding=\"async\" class=\" wp-image-242263 alignleft\" src=\"https:\/\/www.radiopiu.net\/wordpress\/wp-content\/uploads\/2021\/11\/INFERMIERE-OSS-300x180.png\" alt=\"\" width=\"192\" height=\"115\" srcset=\"https:\/\/www.radiopiu.net\/wordpress\/wp-content\/uploads\/2021\/11\/INFERMIERE-OSS-300x180.png 300w, https:\/\/www.radiopiu.net\/wordpress\/wp-content\/uploads\/2021\/11\/INFERMIERE-OSS-1024x613.png 1024w, https:\/\/www.radiopiu.net\/wordpress\/wp-content\/uploads\/2021\/11\/INFERMIERE-OSS-768x460.png 768w, https:\/\/www.radiopiu.net\/wordpress\/wp-content\/uploads\/2021\/11\/INFERMIERE-OSS-1536x920.png 1536w, https:\/\/www.radiopiu.net\/wordpress\/wp-content\/uploads\/2021\/11\/INFERMIERE-OSS.png 1784w\" sizes=\"auto, (max-width: 192px) 100vw, 192px\" \/><\/a>PONTE NELLE ALPI <\/strong>La giunta di Ponte nelle Alpi ha approvato l&#8217;attivazione dell&#8217;infermiere di prossimit\u00e0, un servizio innovativo di assistenza sanitaria radicato nel territorio. Basato a Col di Cugnan, in collaborazione con medici e servizi sociali, si concentrer\u00e0 su interventi su misura per i cittadini, con un&#8217;utenza iniziale di circa 30 persone. L&#8217;approccio &#8220;infermiere di famiglia&#8221; prevede assistenza domiciliare, educazione sanitaria e coordinamento con servizi sociali e Ulss. Il progetto, inizialmente sperimentale fino al 31 dicembre 2024, potrebbe essere esteso. Il sindaco ha elogiato la collaborazione dell&#8217;Ulss e della Fondazione &#8220;Casa del Sole&#8221;, auspicando che questo modello possa essere replicato altrove.<\/p>\n<p>&nbsp;<\/p>\n<hr \/>\n<p>&nbsp;<\/p>\n<blockquote>\n<h3>DOMANI L&#8217;INAUGURAZIONE DEL TRATTO DI PISTA CICLABILE A SANTA GIUSTINA<\/h3>\n<\/blockquote>\n<p><strong><a class=\"dt-pswp-item\" href=\"https:\/\/www.radiopiu.net\/wordpress\/wp-content\/uploads\/2018\/07\/ciclabile_piave_5.jpg\" data-dt-img-description=\"\" data-large_image_width=\"1280\" data-large_image_height=\"1280\"><img loading=\"lazy\" decoding=\"async\" class=\" wp-image-54612 alignleft\" src=\"https:\/\/www.radiopiu.net\/wordpress\/wp-content\/uploads\/2018\/07\/ciclabile_piave_5-300x300.jpg\" alt=\"\" width=\"145\" height=\"145\" srcset=\"https:\/\/www.radiopiu.net\/wordpress\/wp-content\/uploads\/2018\/07\/ciclabile_piave_5-300x300.jpg 300w, https:\/\/www.radiopiu.net\/wordpress\/wp-content\/uploads\/2018\/07\/ciclabile_piave_5-150x150.jpg 150w, https:\/\/www.radiopiu.net\/wordpress\/wp-content\/uploads\/2018\/07\/ciclabile_piave_5-768x768.jpg 768w, https:\/\/www.radiopiu.net\/wordpress\/wp-content\/uploads\/2018\/07\/ciclabile_piave_5-1024x1024.jpg 1024w, https:\/\/www.radiopiu.net\/wordpress\/wp-content\/uploads\/2018\/07\/ciclabile_piave_5.jpg 1280w\" sizes=\"auto, (max-width: 145px) 100vw, 145px\" \/><\/a>SANTA<\/strong> <strong>GIUSTINA<\/strong> Domani\u00a0alle 10.30, verr\u00e0 inaugurato il tratto di ciclabile attraversante il Comune di Santa Giustina, finanziato dal Fondo Comuni Confinanti e parte della Ciclovia del Piave CV10, Anello della Valbelluna. Fondamentali sono stati il sottopasso tra le frazioni di Fant e Gravazze e il ponte sul torrente Salmenega. L&#8217;Amministrazione Comunale sottolinea l&#8217;importanza di questo intervento, non solo per i cittadini che potranno utilizzare la nuova viabilit\u00e0, ma anche per integrare il tratto in un circuito turistico pi\u00f9 vasto, valorizzando il territorio. Tutta la cittadinanza \u00e8 invitata alla cerimonia, che includer\u00e0 la presentazione di un defibrillatore donato all&#8217;Associazione Carabinieri, sede ex casermetta vicina alla stazione.<\/p>\n<p>&nbsp;<\/p>\n<p>&nbsp;<\/p>\n<hr \/>\n<p>&nbsp;<\/p>\n<blockquote>\n<h3>IL COMUNE DI FELTRE CONSEGNA UN KIT DI MATERIALI AL GRUPPO DEGLI ECOVOLONTARI DELL&#8217;UNIONE MONTANA FELTRINA<\/h3>\n<\/blockquote>\n<p><strong><a class=\"dt-pswp-item\" href=\"https:\/\/www.radiopiu.net\/wordpress\/wp-content\/uploads\/2024\/03\/Consegna-materiali-Ecovolontari-UMF.jpg\" data-dt-img-description=\"\" data-large_image_width=\"1674\" data-large_image_height=\"1072\"><img loading=\"lazy\" decoding=\"async\" class=\" wp-image-380256 alignleft\" src=\"https:\/\/www.radiopiu.net\/wordpress\/wp-content\/uploads\/2024\/03\/Consegna-materiali-Ecovolontari-UMF-300x192.jpg\" alt=\"\" width=\"205\" height=\"131\" srcset=\"https:\/\/www.radiopiu.net\/wordpress\/wp-content\/uploads\/2024\/03\/Consegna-materiali-Ecovolontari-UMF-300x192.jpg 300w, https:\/\/www.radiopiu.net\/wordpress\/wp-content\/uploads\/2024\/03\/Consegna-materiali-Ecovolontari-UMF-1024x656.jpg 1024w, https:\/\/www.radiopiu.net\/wordpress\/wp-content\/uploads\/2024\/03\/Consegna-materiali-Ecovolontari-UMF-768x492.jpg 768w, https:\/\/www.radiopiu.net\/wordpress\/wp-content\/uploads\/2024\/03\/Consegna-materiali-Ecovolontari-UMF-1536x984.jpg 1536w, https:\/\/www.radiopiu.net\/wordpress\/wp-content\/uploads\/2024\/03\/Consegna-materiali-Ecovolontari-UMF.jpg 1674w\" sizes=\"auto, (max-width: 205px) 100vw, 205px\" \/><\/a>FELTRE <\/strong>Una ventina di pinze per la raccolta dei rifiuti, trenta magliette &#8211; suddivise tra polo e t-shirt -, e venti paia di guanti. E&#8217; questa la dotazione di materiali (del valore di circa 500 euro) che il Comune di Feltre ha consegnato in questi giorni al gruppo degli Ecovolontari dell&#8217;Unione Montana Feltrina presso i Magazzini Comunali di Via Vignigole. A ricevere i materiali donati dal Comune, a nome del gruppo degli Ecovolontari, Pierina Levorato. \u201cRingrazio il Comune di Feltre per questa dotazione, molto utile, che utilizzeremo certamente gi\u00e0 sabato prossimo, in occasione di \u201cPuliAMO Feltre\u201d.<\/p>\n<p>&nbsp;<\/p>\n<p>&nbsp;<\/p>\n<hr \/>\n<p>&nbsp;<\/p>\n<blockquote>\n<h3>L&#8217;AMMINISTRAZIONE DI BORGO VALBELLUNA E IL NUOVO REGOLAMENTO EDILIZIO<\/h3>\n<\/blockquote>\n<p><strong><a class=\"dt-pswp-item\" href=\"https:\/\/www.radiopiu.net\/wordpress\/wp-content\/uploads\/2022\/03\/municipio-mel-2.jpg\" data-dt-img-description=\"\" data-large_image_width=\"1920\" data-large_image_height=\"1080\"><img loading=\"lazy\" decoding=\"async\" class=\" wp-image-264432 alignleft\" src=\"https:\/\/www.radiopiu.net\/wordpress\/wp-content\/uploads\/2022\/03\/municipio-mel-2-300x169.jpg\" alt=\"\" width=\"160\" height=\"90\" srcset=\"https:\/\/www.radiopiu.net\/wordpress\/wp-content\/uploads\/2022\/03\/municipio-mel-2-300x169.jpg 300w, https:\/\/www.radiopiu.net\/wordpress\/wp-content\/uploads\/2022\/03\/municipio-mel-2-1024x576.jpg 1024w, https:\/\/www.radiopiu.net\/wordpress\/wp-content\/uploads\/2022\/03\/municipio-mel-2-768x432.jpg 768w, https:\/\/www.radiopiu.net\/wordpress\/wp-content\/uploads\/2022\/03\/municipio-mel-2-1536x864.jpg 1536w, https:\/\/www.radiopiu.net\/wordpress\/wp-content\/uploads\/2022\/03\/municipio-mel-2.jpg 1920w\" sizes=\"auto, (max-width: 160px) 100vw, 160px\" \/><\/a>BORGO VALBELLUNA<\/strong> La Giunta comunale di Borgo Valbelluna ha adottato un nuovo Regolamento Edilizio Comunale unificando tre vecchi regolamenti. La proposta, nata da un lungo processo di armonizzazione, \u00e8 stata rivista in base ai suggerimenti dei tecnici e delle commissioni. Il nuovo regolamento mira a semplificare le norme, eliminando dettagli superflui e integrando aspetti territoriali e tecnologici. Dopo aver ottenuto un parere favorevole dal Servizio Igiene Sanit\u00e0 Pubblica, l&#8217;Amministrazione vuole coinvolgere Ordini Professionali e tecnici per ulteriori suggerimenti. Il testo sar\u00e0 pubblicato online e le proposte dovranno pervenire entro il 8 aprile 2024. Successivamente, l&#8217;Amministrazione valuter\u00e0 le osservazioni per definire il testo definitivo da presentare al Consiglio Comunale.<\/p>\n<p>&nbsp;<\/p>\n<p>&nbsp;<\/p>\n<hr \/>\n<p>&nbsp;<\/p>\n<blockquote>\n<h3>LA PRIMARIA E SECONDARIA DI MEL RINGIOVANISCONO L\u2019AULA INFORMATICA<\/h3>\n<\/blockquote>\n<p><strong><a class=\"dt-pswp-item\" href=\"https:\/\/www.radiopiu.net\/wordpress\/wp-content\/uploads\/2024\/03\/il-team-digitale-con-tecnici-Ram-scaled.jpg\" data-dt-img-description=\"\" data-large_image_width=\"2560\" data-large_image_height=\"1920\"><img loading=\"lazy\" decoding=\"async\" class=\" wp-image-380259 alignleft\" src=\"https:\/\/www.radiopiu.net\/wordpress\/wp-content\/uploads\/2024\/03\/il-team-digitale-con-tecnici-Ram-300x225.jpg\" alt=\"\" width=\"164\" height=\"123\" srcset=\"https:\/\/www.radiopiu.net\/wordpress\/wp-content\/uploads\/2024\/03\/il-team-digitale-con-tecnici-Ram-300x225.jpg 300w, https:\/\/www.radiopiu.net\/wordpress\/wp-content\/uploads\/2024\/03\/il-team-digitale-con-tecnici-Ram-1024x768.jpg 1024w, https:\/\/www.radiopiu.net\/wordpress\/wp-content\/uploads\/2024\/03\/il-team-digitale-con-tecnici-Ram-768x576.jpg 768w, https:\/\/www.radiopiu.net\/wordpress\/wp-content\/uploads\/2024\/03\/il-team-digitale-con-tecnici-Ram-1536x1152.jpg 1536w, https:\/\/www.radiopiu.net\/wordpress\/wp-content\/uploads\/2024\/03\/il-team-digitale-con-tecnici-Ram-2048x1536.jpg 2048w\" sizes=\"auto, (max-width: 164px) 100vw, 164px\" \/><\/a>BORGO VALBELLUNA<\/strong> La trasformazione dell&#8217;aula informatica della primaria e secondaria di Mel \u00e8 avvenuta grazie all&#8217;installazione di venti postazioni fisse e venti PC portatili forniti dalla RAM Computers di Campo S. Pietro. Questi computer rigenerati, provenienti dalla ex Manfrotto di Villapaiera, sono stati installati il 21 maggio dai tecnici della RAM. Questa iniziativa si inquadra nell&#8217;ottica dell&#8217;ESG (Ambientale, Sociale, di Governance), incoraggiando aziende a perseguire la sostenibilit\u00e0 ambientale, il benessere dei lavoratori e la governance etica. La RAM, per esempio, offre alle aziende clienti la possibilit\u00e0 di dare una nuova vita agli apparati informatici terminati il leasing, rigenerandoli e donandoli a scuole o enti senza scopo di lucro. Le apparecchiature donate alla scuola di Mel provengono dalla Videndum, multinazionale inglese con sede a Villapaiera.<\/p>\n<p>&nbsp;<\/p>\n<p>&nbsp;<\/p>\n<hr \/>\n<p>&nbsp;<\/p>\n<blockquote>\n<h3>OLTRE 20 ANNI DI IMPEGNO PER I MALATI DI FIBROMIALGIA E SINDROMI CORRELATE<\/h3>\n<\/blockquote>\n<p><strong><a class=\"dt-pswp-item\" href=\"https:\/\/www.radiopiu.net\/wordpress\/wp-content\/uploads\/2024\/03\/Anfisc-ottiene-il-riconoscimento-della-MCS-in-Regione-Veneto-archivio.jpg\" data-dt-img-description=\"\" data-large_image_width=\"960\" data-large_image_height=\"640\"><img loading=\"lazy\" decoding=\"async\" class=\" wp-image-380262 alignleft\" src=\"https:\/\/www.radiopiu.net\/wordpress\/wp-content\/uploads\/2024\/03\/Anfisc-ottiene-il-riconoscimento-della-MCS-in-Regione-Veneto-archivio-300x200.jpg\" alt=\"\" width=\"200\" height=\"133\" srcset=\"https:\/\/www.radiopiu.net\/wordpress\/wp-content\/uploads\/2024\/03\/Anfisc-ottiene-il-riconoscimento-della-MCS-in-Regione-Veneto-archivio-300x200.jpg 300w, https:\/\/www.radiopiu.net\/wordpress\/wp-content\/uploads\/2024\/03\/Anfisc-ottiene-il-riconoscimento-della-MCS-in-Regione-Veneto-archivio-768x512.jpg 768w, https:\/\/www.radiopiu.net\/wordpress\/wp-content\/uploads\/2024\/03\/Anfisc-ottiene-il-riconoscimento-della-MCS-in-Regione-Veneto-archivio.jpg 960w\" sizes=\"auto, (max-width: 200px) 100vw, 200px\" \/><\/a>BELLUNO <\/strong>L&#8217;Associazione Nazionale Fibromialgia e Sindromi Correlate (ANFISC) a Bastia di Puos d&#8217;Alpago, da vent&#8217;anni lotta per il riconoscimento ufficiale della fibromialgia con traguardi ottenuti in Veneto dal 2013. Nonostante il recente passo avanti della Camera dei Deputati, l&#8217;Associazione continua a spingere per il riconoscimento nazionale e l&#8217;inclusione delle patologie nei Livelli Essenziali di Assistenza. In provincia di Belluno, oltre 200 persone soffrono di fibromialgie. L&#8217;obiettivo \u00e8 garantire terapie mirate e strutture sanitarie adeguate, oltre a promuovere la ricerca e l&#8217;informazione corretta.<\/p>\n<p>&nbsp;<\/p>\n<p>&nbsp;<\/p>\n<hr \/>\n<p>&nbsp;<\/p>\n<h2><span style=\"color: #ff0000;\">CONSIGLI COMUNALI<\/span><\/h2>\n<p><strong>COLLE SANTA LUCIA<\/strong> Il sindaco Paolo Frena ha convocato il consiglio comunale per mercoled\u00ec alle 20:30. Tra i temi da affrontare la ristrutturazione globale e la messa in sicurezza e adeguamento sismico del municipio, la disciplina regionale per il contenimento del consumo del suolo e una variazione a bilancio<\/p>\n<p>&nbsp;<\/p>\n<hr \/>\n<p>&nbsp;<\/p>\n<blockquote>\n<h3>Arte in Cucina: Corsi di Intaglio Thailandese a Falcade<\/h3>\n<\/blockquote>\n<blockquote><p><em>il docente: &#8220;Gli studenti si sono cimentati nell&#8217;intaglio e nella decorazione di frutta e ortaggi. Un&#8217;esperienza senza dubbio nuova e arricchente&#8221;.<\/em><\/p><\/blockquote>\n<p><strong>FALCADE <\/strong>Ieri, nel laboratorio di enogastronomia di Falcade, si \u00e8 svolto un corso di intaglio con metodo thailandese tenuto da Daniele Selle, medaglia di bronzo alle Olimpiadi di cucina di Stoccarda. Gli studenti delle classi 4e e 5e hanno avuto l&#8217;opportunit\u00e0 di imparare questa tecnica sotto la guida del maestro, ex allievo dell&#8217;istituto, sperimentando l&#8217;intaglio di ortaggi e frutta. L&#8217;esperienza \u00e8 stata particolarmente interessante per gli studenti dell&#8217;indirizzo enogastronomico, che si sono cimentati con successo nell&#8217;intaglio e nella decorazione, arricchendo cos\u00ec le proprie competenze culinarie.<\/p>\n<p><strong>DI GIANNI SANTOMASO<\/strong><\/p>\n<audio class=\"wp-audio-shortcode\" id=\"audio-380134-8\" preload=\"none\" style=\"width: 100%;\" controls=\"controls\"><source type=\"audio\/mpeg\" src=\"https:\/\/www.radiopiu.net\/wordpress\/wp-content\/uploads\/2024\/03\/GIANNI-TAGLIO-TAILANDESE-ENOGASTRONOMICO-FALCADE.mp3?_=8\" \/><a href=\"https:\/\/www.radiopiu.net\/wordpress\/wp-content\/uploads\/2024\/03\/GIANNI-TAGLIO-TAILANDESE-ENOGASTRONOMICO-FALCADE.mp3\">https:\/\/www.radiopiu.net\/wordpress\/wp-content\/uploads\/2024\/03\/GIANNI-TAGLIO-TAILANDESE-ENOGASTRONOMICO-FALCADE.mp3<\/a><\/audio>\n<p>&nbsp;<\/p>\n\n\t\t\t<style type='text\/css'>\n\t\t\t\t#gallery-3 {\n\t\t\t\t\tmargin: auto;\n\t\t\t\t}\n\t\t\t\t#gallery-3 .gallery-item {\n\t\t\t\t\tfloat: left;\n\t\t\t\t\tmargin-top: 10px;\n\t\t\t\t\ttext-align: center;\n\t\t\t\t\twidth: 25%;\n\t\t\t\t}\n\t\t\t\t#gallery-3 img {\n\t\t\t\t\tborder: 2px solid #cfcfcf;\n\t\t\t\t}\n\t\t\t\t#gallery-3 .gallery-caption {\n\t\t\t\t\tmargin-left: 0;\n\t\t\t\t}\n\t\t\t\t\/* see gallery_shortcode() in wp-includes\/media.php *\/\n\t\t\t<\/style>\n\t\t<div id='gallery-3' class='dt-gallery-container gallery galleryid-380134 gallery-columns-4 gallery-size-thumbnail'><dl class='gallery-item'>\n\t\t\t\t<dt class='gallery-icon landscape'>\n\t\t\t\t\t<a class=\"rollover rollover-zoom dt-pswp-item\" title=\"434053644_872774824649965_766972966777953584_n\" data-dt-img-description=\"\" data-large_image_width=\"2048\" data-large_image_height=\"1536\"href='https:\/\/www.radiopiu.net\/wordpress\/wp-content\/uploads\/2024\/03\/434053644_872774824649965_766972966777953584_n.jpg'><img loading=\"lazy\" decoding=\"async\" width=\"150\" height=\"150\" src=\"https:\/\/www.radiopiu.net\/wordpress\/wp-content\/uploads\/2024\/03\/434053644_872774824649965_766972966777953584_n-150x150.jpg\" class=\"attachment-thumbnail size-thumbnail\" alt=\"\" \/><\/a>\n\t\t\t\t<\/dt><\/dl><dl class='gallery-item'>\n\t\t\t\t<dt class='gallery-icon portrait'>\n\t\t\t\t\t<a class=\"rollover rollover-zoom dt-pswp-item\" title=\"434031634_872775284649919_2123877317840855047_n\" data-dt-img-description=\"\" data-large_image_width=\"1500\" data-large_image_height=\"2000\"href='https:\/\/www.radiopiu.net\/wordpress\/wp-content\/uploads\/2024\/03\/434031634_872775284649919_2123877317840855047_n.jpg'><img loading=\"lazy\" decoding=\"async\" width=\"150\" height=\"150\" src=\"https:\/\/www.radiopiu.net\/wordpress\/wp-content\/uploads\/2024\/03\/434031634_872775284649919_2123877317840855047_n-150x150.jpg\" class=\"attachment-thumbnail size-thumbnail\" alt=\"\" \/><\/a>\n\t\t\t\t<\/dt><\/dl><dl class='gallery-item'>\n\t\t\t\t<dt class='gallery-icon portrait'>\n\t\t\t\t\t<a class=\"rollover rollover-zoom dt-pswp-item\" title=\"434048729_872775154649932_6563094840284398275_n\" data-dt-img-description=\"\" data-large_image_width=\"1080\" data-large_image_height=\"1920\"href='https:\/\/www.radiopiu.net\/wordpress\/wp-content\/uploads\/2024\/03\/434048729_872775154649932_6563094840284398275_n.jpg'><img loading=\"lazy\" decoding=\"async\" width=\"150\" height=\"150\" src=\"https:\/\/www.radiopiu.net\/wordpress\/wp-content\/uploads\/2024\/03\/434048729_872775154649932_6563094840284398275_n-150x150.jpg\" class=\"attachment-thumbnail size-thumbnail\" alt=\"\" \/><\/a>\n\t\t\t\t<\/dt><\/dl><dl class='gallery-item'>\n\t\t\t\t<dt class='gallery-icon portrait'>\n\t\t\t\t\t<a class=\"rollover rollover-zoom dt-pswp-item\" title=\"434048329_872775237983257_2296544384754224840_n\" data-dt-img-description=\"\" data-large_image_width=\"1500\" data-large_image_height=\"2000\"href='https:\/\/www.radiopiu.net\/wordpress\/wp-content\/uploads\/2024\/03\/434048329_872775237983257_2296544384754224840_n.jpg'><img loading=\"lazy\" decoding=\"async\" width=\"150\" height=\"150\" src=\"https:\/\/www.radiopiu.net\/wordpress\/wp-content\/uploads\/2024\/03\/434048329_872775237983257_2296544384754224840_n-150x150.jpg\" class=\"attachment-thumbnail size-thumbnail\" alt=\"\" \/><\/a>\n\t\t\t\t<\/dt><\/dl><br style=\"clear: both\" \/><dl class='gallery-item'>\n\t\t\t\t<dt class='gallery-icon portrait'>\n\t\t\t\t\t<a class=\"rollover rollover-zoom dt-pswp-item\" title=\"432469002_872774901316624_8095947415002985066_n\" data-dt-img-description=\"\" data-large_image_width=\"1500\" data-large_image_height=\"2000\"href='https:\/\/www.radiopiu.net\/wordpress\/wp-content\/uploads\/2024\/03\/432469002_872774901316624_8095947415002985066_n.jpg'><img loading=\"lazy\" decoding=\"async\" width=\"150\" height=\"150\" src=\"https:\/\/www.radiopiu.net\/wordpress\/wp-content\/uploads\/2024\/03\/432469002_872774901316624_8095947415002985066_n-150x150.jpg\" class=\"attachment-thumbnail size-thumbnail\" alt=\"\" \/><\/a>\n\t\t\t\t<\/dt><\/dl><dl class='gallery-item'>\n\t\t\t\t<dt class='gallery-icon portrait'>\n\t\t\t\t\t<a class=\"rollover rollover-zoom dt-pswp-item\" title=\"433978247_872775331316581_1773173341601622033_n\" data-dt-img-description=\"\" data-large_image_width=\"1500\" data-large_image_height=\"2000\"href='https:\/\/www.radiopiu.net\/wordpress\/wp-content\/uploads\/2024\/03\/433978247_872775331316581_1773173341601622033_n.jpg'><img loading=\"lazy\" decoding=\"async\" width=\"150\" height=\"150\" src=\"https:\/\/www.radiopiu.net\/wordpress\/wp-content\/uploads\/2024\/03\/433978247_872775331316581_1773173341601622033_n-150x150.jpg\" class=\"attachment-thumbnail size-thumbnail\" alt=\"\" \/><\/a>\n\t\t\t\t<\/dt><\/dl><dl class='gallery-item'>\n\t\t\t\t<dt class='gallery-icon landscape'>\n\t\t\t\t\t<a class=\"rollover rollover-zoom dt-pswp-item\" title=\"434039101_872775104649937_8000539317258762712_n\" data-dt-img-description=\"\" data-large_image_width=\"2000\" data-large_image_height=\"1500\"href='https:\/\/www.radiopiu.net\/wordpress\/wp-content\/uploads\/2024\/03\/434039101_872775104649937_8000539317258762712_n.jpg'><img loading=\"lazy\" decoding=\"async\" width=\"150\" height=\"150\" src=\"https:\/\/www.radiopiu.net\/wordpress\/wp-content\/uploads\/2024\/03\/434039101_872775104649937_8000539317258762712_n-150x150.jpg\" class=\"attachment-thumbnail size-thumbnail\" alt=\"\" \/><\/a>\n\t\t\t\t<\/dt><\/dl><dl class='gallery-item'>\n\t\t\t\t<dt class='gallery-icon landscape'>\n\t\t\t\t\t<a class=\"rollover rollover-zoom dt-pswp-item\" title=\"434052473_872774971316617_2408967490254802696_n\" data-dt-img-description=\"\" data-large_image_width=\"2000\" data-large_image_height=\"1500\"href='https:\/\/www.radiopiu.net\/wordpress\/wp-content\/uploads\/2024\/03\/434052473_872774971316617_2408967490254802696_n.jpg'><img loading=\"lazy\" decoding=\"async\" width=\"150\" height=\"150\" src=\"https:\/\/www.radiopiu.net\/wordpress\/wp-content\/uploads\/2024\/03\/434052473_872774971316617_2408967490254802696_n-150x150.jpg\" class=\"attachment-thumbnail size-thumbnail\" alt=\"\" \/><\/a>\n\t\t\t\t<\/dt><\/dl><br style=\"clear: both\" \/>\n\t\t\t<\/div>\n\n<p>&nbsp;<\/p>\n<hr \/>\n<p>&nbsp;<\/p>\n<blockquote>\n<h3>I CERVI DI RENON DI GOSALDO<\/h3>\n<\/blockquote>\n<p>Ringraziamo Giancarlo per il video<\/p>\n<div style=\"width: 848px;\" class=\"wp-video\"><video class=\"wp-video-shortcode\" id=\"video-380134-1\" width=\"848\" height=\"480\" preload=\"metadata\" controls=\"controls\"><source type=\"video\/mp4\" src=\"https:\/\/www.radiopiu.net\/wordpress\/wp-content\/uploads\/2024\/03\/WhatsApp-Video-2024-03-21-at-21.56.33.mp4?_=1\" \/><a href=\"https:\/\/www.radiopiu.net\/wordpress\/wp-content\/uploads\/2024\/03\/WhatsApp-Video-2024-03-21-at-21.56.33.mp4\">https:\/\/www.radiopiu.net\/wordpress\/wp-content\/uploads\/2024\/03\/WhatsApp-Video-2024-03-21-at-21.56.33.mp4<\/a><\/video><\/div>\n<p>&nbsp;<\/p>\n<p>&nbsp;<\/p>\n<hr \/>\n<p>&nbsp;<\/p>\n<blockquote>\n<h2><strong>Turismo Sostenibile e Innovazione: Agrimont e il Progetto Digitour<\/strong><\/h2>\n<\/blockquote>\n<div class=\"flex-1 overflow-hidden\">\n<div class=\"react-scroll-to-bottom--css-pfpis-79elbk h-full\">\n<div class=\"react-scroll-to-bottom--css-pfpis-1n7m0yu\">\n<div class=\"flex flex-col text-sm pb-9\">\n<div class=\"w-full text-token-text-primary\" data-testid=\"conversation-turn-33\">\n<div class=\"px-4 py-2 justify-center text-base md:gap-6 m-auto\">\n<div class=\"flex flex-1 text-base mx-auto gap-3 md:px-5 lg:px-1 xl:px-5 md:max-w-3xl lg:max-w-[40rem] xl:max-w-[48rem] group final-completion\">\n<div class=\"relative flex w-full flex-col agent-turn\">\n<div class=\"flex-col gap-1 md:gap-3\">\n<div class=\"flex flex-grow flex-col max-w-full\">\n<div class=\"min-h-[20px] text-message flex flex-col items-start gap-3 whitespace-pre-wrap break-words [.text-message+&amp;]:mt-5 overflow-x-auto\" data-message-author-role=\"assistant\" data-message-id=\"ead59d80-346f-4c9f-a87d-8af79cf7afd2\">\n<div class=\"markdown prose w-full break-words dark:prose-invert dark\">\n<p><strong>LONGARONE<\/strong> Agrimont, la fiera nazionale dell&#8217;agricoltura di montagna, ritorna il prossimo fine settimana a Longarone Fiere Dolomiti con un focus su &#8220;Digitour: progetti turistici finanziati al 100%&#8221;. Il progetto, finanziato dal programma europeo COSME e coordinato dal Venetian Cluster, ha l&#8217;obiettivo di potenziare il settore turistico attraverso strumenti digitali e innovazione. Grazie alla partnership con Longarone Fiere Dolomiti, sono stati finanziati 140 progetti turistici, tra cui spiccano le Ville Venete, presentate nel dettaglio durante un convegno sabato 23. Sergio Cal\u00f2, direttore di Venetian Cluster, sottolinea l&#8217;importanza della digitalizzazione e dell&#8217;innovazione nell&#8217;ambito turistico, combinando idee con digital provider per realizzare progetti innovativi.<\/p>\n<\/div>\n<\/div>\n<\/div>\n<\/div>\n<\/div>\n<\/div>\n<\/div>\n<\/div>\n<\/div>\n<\/div>\n<\/div>\n<\/div>\n<p>&nbsp;<\/p>\n<p>&nbsp;<\/p>\n<hr \/>\n<p>&nbsp;<\/p>\n<blockquote>\n<h3>UN BANDO PER ALLIEVI MARESCIALLI DELLA GUARDIA DI FINANZA<\/h3>\n<\/blockquote>\n<p><strong><a class=\"dt-pswp-item\" href=\"https:\/\/www.radiopiu.net\/wordpress\/wp-content\/uploads\/2021\/07\/9dab3da2-5b99-4e4c-9808-d95d42ff43b5.jpg\" data-dt-img-description=\"\" data-large_image_width=\"1067\" data-large_image_height=\"1067\"><img loading=\"lazy\" decoding=\"async\" class=\" wp-image-222502 alignleft\" src=\"https:\/\/www.radiopiu.net\/wordpress\/wp-content\/uploads\/2021\/07\/9dab3da2-5b99-4e4c-9808-d95d42ff43b5-300x300.jpg\" alt=\"\" width=\"103\" height=\"103\" srcset=\"https:\/\/www.radiopiu.net\/wordpress\/wp-content\/uploads\/2021\/07\/9dab3da2-5b99-4e4c-9808-d95d42ff43b5-300x300.jpg 300w, https:\/\/www.radiopiu.net\/wordpress\/wp-content\/uploads\/2021\/07\/9dab3da2-5b99-4e4c-9808-d95d42ff43b5-1024x1024.jpg 1024w, https:\/\/www.radiopiu.net\/wordpress\/wp-content\/uploads\/2021\/07\/9dab3da2-5b99-4e4c-9808-d95d42ff43b5-150x150.jpg 150w, https:\/\/www.radiopiu.net\/wordpress\/wp-content\/uploads\/2021\/07\/9dab3da2-5b99-4e4c-9808-d95d42ff43b5-768x768.jpg 768w, https:\/\/www.radiopiu.net\/wordpress\/wp-content\/uploads\/2021\/07\/9dab3da2-5b99-4e4c-9808-d95d42ff43b5.jpg 1067w\" sizes=\"auto, (max-width: 103px) 100vw, 103px\" \/><\/a>BELLUNO<\/strong> La Guardia di Finanza ha indetto un concorso per l&#8217;ammissione di 1.330 allievi marescialli al 96\u00b0 corso presso la Scuola Ispettori e Sovrintendenti per l&#8217;anno accademico 2024\/2025. I posti sono suddivisi tra contingente ordinario e di mare, con riserve specifiche. Possono partecipare cittadini italiani tra i 17 e i 26 anni. La domanda va presentata entro le ore 12:00 del 6 aprile 2024 tramite il portale <a href=\"https:\/\/concorsi.gdf.gov.it\/\" target=\"_new\" rel=\"noopener\">https:\/\/concorsi.gdf.gov.it<\/a>, con autenticazione SPID o CIE. Ulteriori dettagli sono disponibili sul portale o tramite l&#8217;APP Mobile &#8220;GdF Concorsi&#8221;.<\/p>\n<p>&nbsp;<\/p>\n<p>&nbsp;<\/p>\n<hr \/>\n<p>&nbsp;<\/p>\n<div class=\"flex-1 overflow-hidden\">\n<div class=\"react-scroll-to-bottom--css-petsd-79elbk h-full\">\n<div class=\"react-scroll-to-bottom--css-petsd-1n7m0yu\">\n<div class=\"flex flex-col text-sm pb-9\">\n<div class=\"w-full text-token-text-primary\" data-testid=\"conversation-turn-56\">\n<div class=\"px-4 py-2 justify-center text-base md:gap-6 m-auto\">\n<div class=\"flex flex-1 text-base mx-auto gap-3 md:px-5 lg:px-1 xl:px-5 md:max-w-3xl lg:max-w-[40rem] xl:max-w-[48rem] group final-completion\">\n<div class=\"relative flex w-full flex-col agent-turn\">\n<div class=\"flex-col gap-1 md:gap-3\">\n<blockquote>\n<h1><span style=\"color: #ff0000;\"><strong>BANDI E CONCORSI<\/strong><\/span><\/h1>\n<\/blockquote>\n<div><\/div>\n<div>\n<p><strong><a class=\"dt-pswp-item\" href=\"https:\/\/www.radiopiu.net\/wordpress\/wp-content\/uploads\/2022\/03\/ASCA.jpg\" data-dt-img-description=\"\" data-large_image_width=\"292\" data-large_image_height=\"290\"><img loading=\"lazy\" decoding=\"async\" class=\"wp-image-263829 alignleft\" src=\"https:\/\/www.radiopiu.net\/wordpress\/wp-content\/uploads\/2022\/03\/ASCA.jpg\" alt=\"\" width=\"100\" height=\"99\" srcset=\"https:\/\/www.radiopiu.net\/wordpress\/wp-content\/uploads\/2022\/03\/ASCA.jpg 292w, https:\/\/www.radiopiu.net\/wordpress\/wp-content\/uploads\/2022\/03\/ASCA-150x150.jpg 150w\" sizes=\"auto, (max-width: 100px) 100vw, 100px\" \/><\/a>L\u2019AZIENDA SPECIALE CONSORTILE AGORDINA, ASCA, HA EMESSO UN BANDO PER LA SELEZIONE DI UNO PSICOLOGO.LIVELLO CONTRATTUALE:2\u00b0 \u2013 CONTRATTO UNEBA Accesso Welfare Aziendale Possibilit\u00e0 di sistemazione abitativa gratuita per 8 mesi LE DOMANDE VANNO PRESENTATE ENTRO LE 12 DI LUNEDI 1 APRILE: INFO WW.servizisocialiasca.it\u00a0 \u00a0<\/strong><\/p>\n<p>&nbsp;<\/p>\n<hr \/>\n<\/div>\n<\/div>\n<\/div>\n<\/div>\n<\/div>\n<\/div>\n<\/div>\n<\/div>\n<\/div>\n<\/div>\n<div class=\"w-full pt-2 md:pt-0 dark:border-white\/20 md:border-transparent md:dark:border-transparent md:w-[calc(100%-.5rem)]\">\n<form class=\"stretch mx-2 flex flex-row gap-3 last:mb-2 md:mx-4 md:last:mb-6 lg:mx-auto lg:max-w-2xl xl:max-w-3xl\">\n<div class=\"relative flex h-full flex-1 flex-col\">\n<div class=\"flex w-full items-center\">\n<p><strong><a class=\"dt-pswp-item\" href=\"https:\/\/www.radiopiu.net\/wordpress\/wp-content\/uploads\/2018\/03\/VILLA-GIUSEPPE.jpg\" data-dt-img-description=\"\" data-large_image_width=\"250\" data-large_image_height=\"332\"><img loading=\"lazy\" decoding=\"async\" class=\"wp-image-45507 alignleft\" src=\"https:\/\/www.radiopiu.net\/wordpress\/wp-content\/uploads\/2018\/03\/VILLA-GIUSEPPE-226x300.jpg\" alt=\"\" width=\"79\" height=\"105\" srcset=\"https:\/\/www.radiopiu.net\/wordpress\/wp-content\/uploads\/2018\/03\/VILLA-GIUSEPPE-226x300.jpg 226w, https:\/\/www.radiopiu.net\/wordpress\/wp-content\/uploads\/2018\/03\/VILLA-GIUSEPPE.jpg 250w\" sizes=\"auto, (max-width: 79px) 100vw, 79px\" \/><\/a>08 03<\/strong>\u00a0<strong>La Fodom Servizi ha pubblicato un avviso di selezione per la formulazione di una graduatoria di idoneit\u00e0 per l\u2019inserimento a tempo indeterminato\/determinato, a tempo pieno o parziale, presso il Centro Servizi per Anziani Villa San Giuseppe, per la figura di: OPERATORE POLIVALENTE \u2013 ADDETTO ALLE PULIZIE E LAVANDERIA. \u00a0Con scadenza presentazione domande il 22.03.2024 ore 12.00.\u00a0<\/strong><strong>Per info: 0436-7106 oppure\u00a0<\/strong><a href=\"http:\/\/www.fodomservizi.it\/\"><strong>www.fodomservizi.it<\/strong><\/a><\/p>\n<\/div>\n<\/div>\n<\/form>\n<\/div>\n<p>&nbsp;<\/p>\n<p>&nbsp;<\/p>\n<p>&nbsp;<\/p>\n<hr \/>\n<p>&nbsp;<\/p>\n<blockquote>\n<h2>SABATO 23 CAI IN ASSEMBLEA<\/h2>\n<\/blockquote>\n<p><strong>AGORDO<\/strong>\u00a0L\u2019assemblea della sezione agordina del Cai si terr\u00e0 sabato 23 aprile alle 17.30 in sala Don Tamis, preceduta dalla messa nella chiesa di San Cipriano in memoria dei scomparsi. Nel corso dell\u2019assemblea: relazione del presidente, rendiconto, rinnovo del direttivo per il prossimo triennio<\/p>\n<p>&nbsp;<\/p>\n<p>&nbsp;<\/p>\n<hr \/>\n<p>&nbsp;<\/p>\n<blockquote>\n<h3><a class=\"dt-pswp-item\" href=\"https:\/\/www.radiopiu.net\/wordpress\/wp-content\/uploads\/2024\/03\/Copertina-Sapori-della-Valbelluna-scaled.jpg\" data-dt-img-description=\"\" data-large_image_width=\"2560\" data-large_image_height=\"1222\"><img loading=\"lazy\" decoding=\"async\" class=\" wp-image-379904 alignleft\" src=\"https:\/\/www.radiopiu.net\/wordpress\/wp-content\/uploads\/2024\/03\/Copertina-Sapori-della-Valbelluna-300x143.jpg\" alt=\"\" width=\"222\" height=\"106\" srcset=\"https:\/\/www.radiopiu.net\/wordpress\/wp-content\/uploads\/2024\/03\/Copertina-Sapori-della-Valbelluna-300x143.jpg 300w, https:\/\/www.radiopiu.net\/wordpress\/wp-content\/uploads\/2024\/03\/Copertina-Sapori-della-Valbelluna-1024x489.jpg 1024w, https:\/\/www.radiopiu.net\/wordpress\/wp-content\/uploads\/2024\/03\/Copertina-Sapori-della-Valbelluna-768x366.jpg 768w, https:\/\/www.radiopiu.net\/wordpress\/wp-content\/uploads\/2024\/03\/Copertina-Sapori-della-Valbelluna-1536x733.jpg 1536w, https:\/\/www.radiopiu.net\/wordpress\/wp-content\/uploads\/2024\/03\/Copertina-Sapori-della-Valbelluna-2048x977.jpg 2048w\" sizes=\"auto, (max-width: 222px) 100vw, 222px\" \/><\/a>SAPORI DELLA VALBELLUNA: IL NUOVO LIBRO EDITO DA \u201cIL VESES\u201d<\/h3>\n<\/blockquote>\n<p>Si terr\u00e0 oggi, alle 19 presso la Sala degli Elefanti della birreria Pedavena, la presentazione di \u201cSapori della Valbelluna\u201d, nuova opera ideata dall\u2019Associazione culturale Veses Aps e pubblicata da \u201cIl Veses edizioni\u201d. Un\u00a0 volume contenente 75 ricette con prodotti locali, create in collaborazione con gli chef che hanno lavorato alle copertine dei numeri de \u201cil Veses\u201d usciti nel corso del 2023, dedicate al tema enogastronomico. L\u2019ingresso \u00e8 libero ma i posti sono limitati; per informazioni scrivere a info@ilveses.com<\/p>\n<p>&nbsp;<\/p>\n<p>&nbsp;<\/p>\n<hr \/>\n<p>&nbsp;<\/p>\n<blockquote>\n<h3><strong>Iniziativa Pasquale a Favore delle Famiglie Bisognose a Belluno<\/strong><\/h3>\n<\/blockquote>\n<p><strong>BELLUNO<\/strong> L&#8217;Associazione Gruppi &#8220;Insieme si pu\u00f2&#8230;&#8221; e Lattebusche organizzano la quarta edizione di un&#8217;iniziativa pasquale a favore delle famiglie in difficolt\u00e0 socio-economica della provincia di Belluno. Grazie ai fondi raccolti lo scorso anno, sono state supportate 168 famiglie con un totale di circa 500 persone. Lattebusche contribuisce con la donazione di formaggio Piave DOP Vecchio, proposto in una confezione ideale per la Pasqua. L&#8217;intero ricavato sar\u00e0 destinato alle famiglie bisognose, supportate anche nei settori alimentari, scolastici, medici e abitativi. Le prenotazioni del formaggio possono essere effettuate fino a Pasqua tramite telefono, SMS, Whatsapp o sul sito web di &#8220;Insieme si pu\u00f2&#8221;.<\/p>\n<p>&nbsp;<\/p>\n<p>&nbsp;<\/p>\n<hr \/>\n<p>&nbsp;<\/p>\n<blockquote>\n<h2>EVENTO PRE-BELLUNO PRIDE 2024<\/h2>\n<h1><a class=\"dt-pswp-item\" href=\"https:\/\/www.radiopiu.net\/wordpress\/wp-content\/uploads\/2024\/03\/Senza-nome-68.png\" data-dt-img-description=\"\" data-large_image_width=\"427\" data-large_image_height=\"293\"><img loading=\"lazy\" decoding=\"async\" class=\" wp-image-379906 alignleft\" src=\"https:\/\/www.radiopiu.net\/wordpress\/wp-content\/uploads\/2024\/03\/Senza-nome-68-300x206.png\" alt=\"\" width=\"200\" height=\"137\" srcset=\"https:\/\/www.radiopiu.net\/wordpress\/wp-content\/uploads\/2024\/03\/Senza-nome-68-300x206.png 300w, https:\/\/www.radiopiu.net\/wordpress\/wp-content\/uploads\/2024\/03\/Senza-nome-68.png 427w\" sizes=\"auto, (max-width: 200px) 100vw, 200px\" \/><\/a><strong style=\"font-size: 14px;\">BELLUNO<\/strong><span style=\"font-size: 14px; font-weight: normal;\"> Si apre il 23 marzo il calendario degli eventi verso la seconda edizione del Belluno Pride 2024 con un incontro di formazione e informazione condotto dalla docente, psicologa e sessuologa Alberta Xodo. Sabato saranno affrontate tematiche sull&#8217;educazione affettiva, sessuale e al consenso, seguite da discussioni su omolesbobitransfobia interiorizzata e minority stress, coordinato da Gruppo C.I.A.O. LGBTIQIA+. Gli eventi si terranno presso La Casa dei beni comuni di Belluno e saranno ad ingresso libero. Segui le pagine social del collettivo C.I.A.O. per restare aggiornato sugli altri eventi verso il pride 2024.<\/span><\/h1>\n<\/blockquote>\n<p>&nbsp;<\/p>\n<p>&nbsp;<\/p>\n<hr \/>\n<p>&nbsp;<\/p>\n<blockquote>\n<h2>AGORDO COME ROMA, CITTA&#8217; LIBERA. pagina in aggiornamento quotidiano CON LIBERA AGORDINO<\/h2>\n<\/blockquote>\n<p><strong><img loading=\"lazy\" decoding=\"async\" class=\"alignleft\" src=\"https:\/\/www.radiopiu.net\/wordpress\/wp-content\/uploads\/2023\/06\/LIBERA-AGORDINO-300x300.jpg\" width=\"125\" height=\"125\" \/>La Settimana della memoria e dell\u2019impegno, Agordo come Roma: citt\u00e0 Libera i 100 passi verso il 21 marzo, giornata in ricordo della vittime innocenti delle mafie a cura del PRESIDIO AGORDINO DI LIBERA \u201cLUCIA PRECENZANO E SALVATORE AVERSA da lunedi 18 a sabato 23 marzo, alle 9.45 e 18.45 \u2026 su radio pi\u00f9<\/strong><em>\u00a0<\/em><\/p>\n<p>&nbsp;<\/p>\n<p>&nbsp;<\/p>\n<h1>RACCOLTA COMPLETA\u00a0 <span style=\"color: #0000ff;\"><a style=\"color: #0000ff;\" href=\"https:\/\/www.radiopiu.net\/wordpress\/agordo-come-roma-citta-libera-pagina-in-aggiornamento-quotidiano-con-libera-agordino\/\">CLICCA QUI<\/a><\/span><\/h1>\n<p>&nbsp;<\/p>\n<p>&nbsp;<\/p>\n<hr \/>\n<p>&nbsp;<\/p>\n<blockquote>\n<h2><\/h2>\n<\/blockquote>\n<blockquote>\n<h2>feste in vallata, dai Piani di Pezze&#8217; alla sagra de Pasca<\/h2>\n<\/blockquote>\n\n\t\t\t<style type='text\/css'>\n\t\t\t\t#gallery-4 {\n\t\t\t\t\tmargin: auto;\n\t\t\t\t}\n\t\t\t\t#gallery-4 .gallery-item {\n\t\t\t\t\tfloat: left;\n\t\t\t\t\tmargin-top: 10px;\n\t\t\t\t\ttext-align: center;\n\t\t\t\t\twidth: 50%;\n\t\t\t\t}\n\t\t\t\t#gallery-4 img {\n\t\t\t\t\tborder: 2px solid #cfcfcf;\n\t\t\t\t}\n\t\t\t\t#gallery-4 .gallery-caption {\n\t\t\t\t\tmargin-left: 0;\n\t\t\t\t}\n\t\t\t\t\/* see gallery_shortcode() in wp-includes\/media.php *\/\n\t\t\t<\/style>\n\t\t<div id='gallery-4' class='dt-gallery-container gallery galleryid-380134 gallery-columns-2 gallery-size-medium'><dl class='gallery-item'>\n\t\t\t\t<dt class='gallery-icon portrait'>\n\t\t\t\t\t<a class=\"rollover rollover-zoom dt-pswp-item\" title=\"PASCA\" data-dt-img-description=\"\" data-large_image_width=\"449\" data-large_image_height=\"628\"href='https:\/\/www.radiopiu.net\/wordpress\/wp-content\/uploads\/2024\/03\/Senza-nome-15.png'><img loading=\"lazy\" decoding=\"async\" width=\"214\" height=\"300\" src=\"https:\/\/www.radiopiu.net\/wordpress\/wp-content\/uploads\/2024\/03\/Senza-nome-15-214x300.png\" class=\"attachment-medium size-medium\" alt=\"\" srcset=\"https:\/\/www.radiopiu.net\/wordpress\/wp-content\/uploads\/2024\/03\/Senza-nome-15-214x300.png 214w, https:\/\/www.radiopiu.net\/wordpress\/wp-content\/uploads\/2024\/03\/Senza-nome-15.png 449w\" sizes=\"auto, (max-width: 214px) 100vw, 214px\" \/><\/a>\n\t\t\t\t<\/dt><\/dl><dl class='gallery-item'>\n\t\t\t\t<dt class='gallery-icon portrait'>\n\t\t\t\t\t<a class=\"rollover rollover-zoom dt-pswp-item\" title=\"4569b749-c5f0-4645-89e4-2297915919ec\" data-dt-img-description=\"\" data-large_image_width=\"1415\" data-large_image_height=\"2000\"href='https:\/\/www.radiopiu.net\/wordpress\/wp-content\/uploads\/2024\/03\/4569b749-c5f0-4645-89e4-2297915919ec.jpg'><img loading=\"lazy\" decoding=\"async\" width=\"212\" height=\"300\" src=\"https:\/\/www.radiopiu.net\/wordpress\/wp-content\/uploads\/2024\/03\/4569b749-c5f0-4645-89e4-2297915919ec-212x300.jpg\" class=\"attachment-medium size-medium\" alt=\"\" srcset=\"https:\/\/www.radiopiu.net\/wordpress\/wp-content\/uploads\/2024\/03\/4569b749-c5f0-4645-89e4-2297915919ec-212x300.jpg 212w, https:\/\/www.radiopiu.net\/wordpress\/wp-content\/uploads\/2024\/03\/4569b749-c5f0-4645-89e4-2297915919ec-724x1024.jpg 724w, https:\/\/www.radiopiu.net\/wordpress\/wp-content\/uploads\/2024\/03\/4569b749-c5f0-4645-89e4-2297915919ec-768x1086.jpg 768w, https:\/\/www.radiopiu.net\/wordpress\/wp-content\/uploads\/2024\/03\/4569b749-c5f0-4645-89e4-2297915919ec-1087x1536.jpg 1087w, https:\/\/www.radiopiu.net\/wordpress\/wp-content\/uploads\/2024\/03\/4569b749-c5f0-4645-89e4-2297915919ec.jpg 1415w\" sizes=\"auto, (max-width: 212px) 100vw, 212px\" \/><\/a>\n\t\t\t\t<\/dt><\/dl><br style=\"clear: both\" \/>\n\t\t\t<\/div>\n\n<p>&nbsp;<\/p>\n<p>&nbsp;<\/p>\n<p>&nbsp;<\/p>\n<hr \/>\n<p>&nbsp;<\/p>\n<blockquote>\n<h2>UNA PROVA DI VOLTEGGIO PER IL PR RANCH<\/h2>\n<\/blockquote>\n<p><strong>LA VALLE<\/strong> Il PR Ranch di La Valle organizza per domani dalle 15 alle 17 un pomeriggio dedicato a coloro che vogliono avvicinarsi al mondo dell&#8217;equitazione con una prova gratuita di volteggio. Due ore di divertimento con uno spettacolo dimostrativo degli atleti che praticano questa disciplina. Per informazioni 348 4352362<\/p>\n<p>&nbsp;<\/p>\n<p>&nbsp;<\/p>\n<hr \/>\n<p>&nbsp;<\/p>\n<h3><a class=\"dt-pswp-item\" href=\"https:\/\/www.radiopiu.net\/wordpress\/wp-content\/uploads\/2023\/08\/862c8c0d-fb55-49e7-875a-930f514a02a7.jpg\" data-dt-img-description=\"\" data-large_image_width=\"2048\" data-large_image_height=\"1536\"><img loading=\"lazy\" decoding=\"async\" class=\"wp-image-349786 alignleft\" src=\"https:\/\/www.radiopiu.net\/wordpress\/wp-content\/uploads\/2023\/08\/862c8c0d-fb55-49e7-875a-930f514a02a7-300x225.jpg\" alt=\"\" width=\"136\" height=\"102\" srcset=\"https:\/\/www.radiopiu.net\/wordpress\/wp-content\/uploads\/2023\/08\/862c8c0d-fb55-49e7-875a-930f514a02a7-300x225.jpg 300w, https:\/\/www.radiopiu.net\/wordpress\/wp-content\/uploads\/2023\/08\/862c8c0d-fb55-49e7-875a-930f514a02a7-1024x768.jpg 1024w, https:\/\/www.radiopiu.net\/wordpress\/wp-content\/uploads\/2023\/08\/862c8c0d-fb55-49e7-875a-930f514a02a7-768x576.jpg 768w, https:\/\/www.radiopiu.net\/wordpress\/wp-content\/uploads\/2023\/08\/862c8c0d-fb55-49e7-875a-930f514a02a7-1536x1152.jpg 1536w, https:\/\/www.radiopiu.net\/wordpress\/wp-content\/uploads\/2023\/08\/862c8c0d-fb55-49e7-875a-930f514a02a7.jpg 2048w\" sizes=\"auto, (max-width: 136px) 100vw, 136px\" \/><\/a>LAVORI PER INTERRAMENTO DELLA CONDOTTA IDRICA<\/h3>\n<p><strong>LA VALLE<\/strong> Il Comune La Valle Agordina ordina la sospensione temporanea della circolazione veicolare sulla viabilit\u00e0 Silvo-pastorale di Fres, dall&#8217;11\/03\/2024 al 24\/06\/2024, dalle 7 alle 18 dal luned\u00ec al venerd\u00ec, esclusi sabato e domenica. Viene istituito il divieto di transito pedonale e con biciclette dalla localit\u00e0 Piaia fino a Pra de Val, con l&#8217;altro lato del divieto al ponte sul torrente Rova di Caleda. Analogamente, \u00e8 vietato il transito pedonale e con biciclette su parte del sentiero CAI n.551 (Strada Vicinale di Pepolade) dal 11\/03\/2024 al 24\/06\/2024 per l&#8217;intera durata delle 24 ore.<\/p>\n<p>&nbsp;<\/p>\n<p>&nbsp;<\/p>\n<hr \/>\n<p>&nbsp;<\/p>\n<h2><span style=\"color: #ff6600;\">IERI ALLA RADIO\u00a0<\/span><\/h2>\n<h2><span style=\"color: #ff00ff;\">CIAK SI GIRA, IL PROGRAMMA DI PAOLA LANCIATO<\/span><\/h2>\n<p><strong><a class=\"dt-pswp-item\" href=\"https:\/\/www.radiopiu.net\/wordpress\/wp-content\/uploads\/2024\/03\/th-8.jpg\" data-dt-img-description=\"\" data-large_image_width=\"225\" data-large_image_height=\"180\"><img loading=\"lazy\" decoding=\"async\" class=\"wp-image-380229 alignleft\" src=\"https:\/\/www.radiopiu.net\/wordpress\/wp-content\/uploads\/2024\/03\/th-8.jpg\" alt=\"\" width=\"103\" height=\"82\" \/><\/a>PUNTATA 14 IL DIAVOLO VESTE PRADA<\/strong><\/p>\n<audio class=\"wp-audio-shortcode\" id=\"audio-380134-9\" preload=\"none\" style=\"width: 100%;\" controls=\"controls\"><source type=\"audio\/mpeg\" src=\"https:\/\/www.radiopiu.net\/wordpress\/wp-content\/uploads\/2024\/03\/14-Il-Diavolo-veste-Prada.mp3?_=9\" \/><a href=\"https:\/\/www.radiopiu.net\/wordpress\/wp-content\/uploads\/2024\/03\/14-Il-Diavolo-veste-Prada.mp3\">https:\/\/www.radiopiu.net\/wordpress\/wp-content\/uploads\/2024\/03\/14-Il-Diavolo-veste-Prada.mp3<\/a><\/audio>\n<h2><\/h2>\n<h2>LA RACCOLTA COMPLETA <span style=\"color: #0000ff;\"><a style=\"color: #0000ff;\" href=\"https:\/\/www.radiopiu.net\/wordpress\/ciak24\/\">CLICCA QUI\u00a0<\/a><\/span><\/h2>\n<p>&nbsp;<\/p>\n<hr \/>\n<p>&nbsp;<\/p>\n<h2><span style=\"color: #ff0000;\">SPECIALE SPI CGIL<\/span><\/h2>\n<p><strong><a class=\"dt-pswp-item\" href=\"https:\/\/www.radiopiu.net\/wordpress\/wp-content\/uploads\/2020\/03\/spi-1.jpg\" data-dt-img-description=\"\" data-large_image_width=\"300\" data-large_image_height=\"167\"><img loading=\"lazy\" decoding=\"async\" class=\" wp-image-366015 alignleft\" src=\"https:\/\/www.radiopiu.net\/wordpress\/wp-content\/uploads\/2020\/03\/spi-1.jpg\" alt=\"\" width=\"180\" height=\"100\" \/><\/a>DI MIRKO MEZZACASA<\/strong><\/p>\n<p>OSPITE: Mari Rita Gentilin, SPI CGIL Belluno<\/p>\n<audio class=\"wp-audio-shortcode\" id=\"audio-380134-10\" preload=\"none\" style=\"width: 100%;\" controls=\"controls\"><source type=\"audio\/mpeg\" src=\"https:\/\/www.radiopiu.net\/wordpress\/wp-content\/uploads\/2024\/03\/maria-rita-gentilin-marzo-2024.mp3?_=10\" \/><a href=\"https:\/\/www.radiopiu.net\/wordpress\/wp-content\/uploads\/2024\/03\/maria-rita-gentilin-marzo-2024.mp3\">https:\/\/www.radiopiu.net\/wordpress\/wp-content\/uploads\/2024\/03\/maria-rita-gentilin-marzo-2024.mp3<\/a><\/audio>\n<p>&nbsp;<\/p>\n<hr \/>\n<p>&nbsp;<\/p>\n<h2><span style=\"color: #00ccff;\">ALLA SAGRA DE PASCA CON I GIOVANI VOLONTARI DI TAIBON<\/span><\/h2>\n<p><a class=\"dt-pswp-item\" href=\"https:\/\/www.radiopiu.net\/wordpress\/wp-content\/uploads\/2024\/03\/340853206_903317087450684_4404441223717696684_n.jpg\" data-dt-img-description=\"Exif_JPEG_420\" data-large_image_width=\"2048\" data-large_image_height=\"1542\"><img loading=\"lazy\" decoding=\"async\" class=\"alignleft wp-image-380268 \" src=\"https:\/\/www.radiopiu.net\/wordpress\/wp-content\/uploads\/2024\/03\/340853206_903317087450684_4404441223717696684_n-300x226.jpg\" alt=\"\" width=\"157\" height=\"118\" srcset=\"https:\/\/www.radiopiu.net\/wordpress\/wp-content\/uploads\/2024\/03\/340853206_903317087450684_4404441223717696684_n-300x226.jpg 300w, https:\/\/www.radiopiu.net\/wordpress\/wp-content\/uploads\/2024\/03\/340853206_903317087450684_4404441223717696684_n-1024x771.jpg 1024w, https:\/\/www.radiopiu.net\/wordpress\/wp-content\/uploads\/2024\/03\/340853206_903317087450684_4404441223717696684_n-768x578.jpg 768w, https:\/\/www.radiopiu.net\/wordpress\/wp-content\/uploads\/2024\/03\/340853206_903317087450684_4404441223717696684_n-1536x1157.jpg 1536w, https:\/\/www.radiopiu.net\/wordpress\/wp-content\/uploads\/2024\/03\/340853206_903317087450684_4404441223717696684_n.jpg 2048w\" sizes=\"auto, (max-width: 157px) 100vw, 157px\" \/><\/a><\/p>\n<p><strong>DI MIRKO MEZZACASA<\/strong><\/p>\n<p>OSPITI: Marco De Col\u00f2, Claudia Paganin e Mattia Cancel<\/p>\n<audio class=\"wp-audio-shortcode\" id=\"audio-380134-11\" preload=\"none\" style=\"width: 100%;\" controls=\"controls\"><source type=\"audio\/mpeg\" src=\"https:\/\/www.radiopiu.net\/wordpress\/wp-content\/uploads\/2024\/03\/MATTIA-CLAUDIA-MARCO.mp3?_=11\" \/><a href=\"https:\/\/www.radiopiu.net\/wordpress\/wp-content\/uploads\/2024\/03\/MATTIA-CLAUDIA-MARCO.mp3\">https:\/\/www.radiopiu.net\/wordpress\/wp-content\/uploads\/2024\/03\/MATTIA-CLAUDIA-MARCO.mp3<\/a><\/audio>\n<p>&nbsp;<\/p>\n<h2><span style=\"color: #008000;\">LA SAGRA DE PASCA 2024, LE ANTICIPAZIONI<\/span><\/h2>\n<p>UNA SERATA TRA AMICI&#8230; QUESTA SERA, ALLE 20.30, ALLA RADIO&#8230; LA SAGRA DE PASCA. COME UNA VOLTA&#8230; DI SERA&#8230; TRA AMICI, CON CLAUDIO PAGANIN, ANTIMO SAVARIS, DANIELE CANCEL, SILVANO &#8220;PICIOL&#8221; BEN. LA SAGRA DE PASCA, DAL 2002 LA FESTA CHE APRE LA NUOVA STAGIONE, GRANDI ORCHESTRE, CUCINA UNICA e sicurezza alimentare, SPORT, MONTAGNA, PERSONAGGI ED EVENTI&#8230; IN DIRETTA TUTTE LE NOVITA&#8217; DALLA SAGRA DE PASCA 2024<\/p>\n<p><strong>LA DIRETTA RADIO PIU&#8217;<\/strong><\/p>\n<p><iframe loading=\"lazy\" title=\"SAGRA DE PASCA 2024 - LE ANTICIPAZIONI\" width=\"1200\" height=\"675\" src=\"https:\/\/www.youtube.com\/embed\/4GCq5cLG4Y8?feature=oembed\" frameborder=\"0\" allow=\"accelerometer; autoplay; clipboard-write; encrypted-media; gyroscope; picture-in-picture; web-share\" allowfullscreen><\/iframe><\/p>\n<p>&nbsp;<\/p>\n<p>&nbsp;<\/p>\n<hr \/>\n<p>&nbsp;<\/p>\n<h2><span style=\"color: #ff0000;\"><a class=\"dt-pswp-item\" href=\"https:\/\/www.radiopiu.net\/wordpress\/wp-content\/uploads\/2018\/09\/appuntamenti.jpeg\" data-dt-img-description=\"\" data-large_image_width=\"800\" data-large_image_height=\"100\"><img loading=\"lazy\" decoding=\"async\" class=\"wp-image-61958 size-full aligncenter\" src=\"https:\/\/www.radiopiu.net\/wordpress\/wp-content\/uploads\/2018\/09\/appuntamenti.jpeg\" alt=\"\" width=\"800\" height=\"100\" srcset=\"https:\/\/www.radiopiu.net\/wordpress\/wp-content\/uploads\/2018\/09\/appuntamenti.jpeg 800w, https:\/\/www.radiopiu.net\/wordpress\/wp-content\/uploads\/2018\/09\/appuntamenti-300x38.jpeg 300w, https:\/\/www.radiopiu.net\/wordpress\/wp-content\/uploads\/2018\/09\/appuntamenti-768x96.jpeg 768w\" sizes=\"auto, (max-width: 800px) 100vw, 800px\" \/><\/a><\/span><\/h2>\n<div>\n<div class=\"\" dir=\"auto\">\n<div id=\":r9h:\" class=\"x1iorvi4 x1pi30zi x1l90r2v x1swvt13\" data-ad-comet-preview=\"message\" data-ad-preview=\"message\">\n<div class=\"x78zum5 xdt5ytf xz62fqu x16ldp7u\">\n<div class=\"xu06os2 x1ok221b\">\n<p>&nbsp;<\/p>\n<blockquote>\n<h1><\/h1>\n<h1><strong> <a class=\"dt-pswp-item\" href=\"https:\/\/www.radiopiu.net\/wordpress\/wp-content\/uploads\/2024\/03\/432768131_122132584064160070_893759731308900904_n.jpg\" data-dt-img-description=\"\" data-large_image_width=\"526\" data-large_image_height=\"526\"><img loading=\"lazy\" decoding=\"async\" class=\" wp-image-379833 alignleft\" src=\"https:\/\/www.radiopiu.net\/wordpress\/wp-content\/uploads\/2024\/03\/432768131_122132584064160070_893759731308900904_n-300x300.jpg\" alt=\"\" width=\"186\" height=\"186\" srcset=\"https:\/\/www.radiopiu.net\/wordpress\/wp-content\/uploads\/2024\/03\/432768131_122132584064160070_893759731308900904_n-300x300.jpg 300w, https:\/\/www.radiopiu.net\/wordpress\/wp-content\/uploads\/2024\/03\/432768131_122132584064160070_893759731308900904_n-150x150.jpg 150w, https:\/\/www.radiopiu.net\/wordpress\/wp-content\/uploads\/2024\/03\/432768131_122132584064160070_893759731308900904_n.jpg 526w\" sizes=\"auto, (max-width: 186px) 100vw, 186px\" \/><\/a>AL CINEMA DOLOMITI DI FALCADE\u00a0<\/strong><\/h1>\n<\/blockquote>\n<p><strong>VACANZE PASQUALI AL CINEMA DOLOMITI DI FALCADE, RIAPRE LA SALA IN CENTRO AL PAESE. RIPRESA STAGIONALE CON UN GRANDE PELLICOLA NEL RICORDO DI BOB MARLEY ONE LOVE&#8230; <\/strong><strong>VENERDI E SABATO ALLE 21, DOMENICA ALLE 15.30 E ALLE 21.<br \/>\n<\/strong>BOB MARLEY &#8211; ONE LOVE La vita, il talento, i difetti, le passioni, l&#8217;impegno, ma soprattutto la Musica di una delle icone pi\u00f9 grandi di sempre: Bob Marley. di Reinaldo Marcus Green | Biografico &#8211; 107 minuti con Kingsley Ben-Adir &#8211; Lashana Lynch<\/p>\n<div class=\"x11i5rnm xat24cr x1mh8g0r x1vvkbs xtlvy1s x126k92a\">\n<div dir=\"auto\">22 Marzo 2024 | Ore 21:00;\u00a0 23 Marzo 2024 | Ore 21:00;\u00a0 24 Marzo 2024 | Ore 15:30 e 21:00;\u00a001 Aprile 2024 | Ore 15:30 e 21:00<\/div>\n<\/div>\n<p>&nbsp;<\/p>\n<p>&nbsp;<\/p>\n<p><strong>BELLUNO <\/strong>Il Circolo culturale La Terra dei Padri Belluno ospita oggi alle 17:45 una conferenza su &#8220;Miles et militaria dell&#8217;et\u00e0 romana nel Bellunese&#8221;, tenuta da Filippo Favilli e Paolo Viel. Approfondiranno aspetti sociali, economici e geopolitici della presenza militare romana, con focus sulla vita del soldato, equipaggiamento e reperti ritrovati.<\/p>\n<p><b>SEREN DEL GRAPPA <\/b>Incontro oggi a Seren del Grappa sulla Giornata Mondiale dell&#8217;Acqua, Biblioteca Comunale, interventi di Valter Bonan, Daniele Gubert, Ezio De Cet, moderatore Lucio Dorz.<\/p>\n<p><strong>BELLUNO<\/strong> Oggi, ore 20:30, Seminario Gregoriano di Belluno: terza conferenza sulle celebrazioni dei 700 anni di San Pietro. Caterina Costa presenter\u00e0 la sua tesi sui manoscritti miniati della Biblioteca Lolliniana, con focus su tre pregevoli opere. Prossimo incontro il 12 aprile con Aurora Frescura. Organizzato dal Seminario Gregoriano, Biblioteca Gregoriana, Associazione culturale \u201cCampedel\u201d e Biblioteca civica di Belluno per valorizzare il patrimonio artistico e librario della diocesi.<\/p>\n<p><strong>BELLUNO<\/strong> Si terr\u00e0 domani alle ore 14:30 in Sala Teatro del Centro congressi Giovanni 23mo di Belluno il convegno dal titolo \u201cProgramma OMS Organizzazione Mondiale della Sanit\u00e0: democrazia in pericolo\u201d? Introdurr\u00e0 l\u2019incontro il dottor Filiberto Dal Molin, medico radiologo. Moderatrice del convegno la dottoressa Gioia Locati, giornalista e scrittrice.<\/p>\n<p><strong>FELTRE<\/strong> Domenica alle 11, al Centro Astronomico di Arson, si terr\u00e0 un evento dedicato all&#8217;osservazione del Sole ad alta risoluzione. Sar\u00e0 possibile osservare la stella sia nella luce visibile che nella luce d&#8217;idrogeno, utilizzando vari schemi filtranti disponibili nell&#8217;osservatorio, garantendo condizioni di sicurezza assoluta. L&#8217;evento includer\u00e0 anche la proiezione del cielo della stagione al planetario e spettacoli riguardanti il Sole. L&#8217;ingresso costa 5 \u20ac, ma \u00e8 gratuito per soci e bambini fino a 11 anni.<\/p>\n<div>\n<div class=\"\" dir=\"auto\">\n<div id=\":r9h:\" class=\"x1iorvi4 x1pi30zi x1l90r2v x1swvt13\" data-ad-comet-preview=\"message\" data-ad-preview=\"message\">\n<div class=\"x78zum5 xdt5ytf xz62fqu x16ldp7u\">\n<div class=\"xu06os2 x1ok221b\">\n<h2><span style=\"color: #ff0000;\">PROSSIMAMENTE&#8230;<\/span><\/h2>\n<p><strong>ALLEGHE<\/strong> Sabato 6 aprile gli Amici di Thierry organizzano il primo Piani Di Pezz\u00e8 Trophy, esibizione di Ape Car Elaborate su tracciato neve ghiaccio ai Piani di Pezz\u00e8 di Alleghe. Servizio cabinovia e servizio ristorazione alla Grande Baita Civetta e alla sera musica con DJ.<\/p>\n<p>&nbsp;<\/p>\n<\/div>\n<\/div>\n<\/div>\n<\/div>\n<\/div>\n<div class=\"\" dir=\"auto\">\n<div id=\":r9h:\" class=\"x1iorvi4 x1pi30zi x1l90r2v x1swvt13\" data-ad-comet-preview=\"message\" data-ad-preview=\"message\">\n<div class=\"x78zum5 xdt5ytf xz62fqu x16ldp7u\">\n<div class=\"xu06os2 x1ok221b\">\n<h3 dir=\"auto\"><a class=\"dt-pswp-item\" href=\"https:\/\/www.radiopiu.net\/wordpress\/wp-content\/uploads\/2024\/03\/431799071_3701462953469797_3407377256265811588_n.jpg\" data-dt-img-description=\"\" data-large_image_width=\"512\" data-large_image_height=\"640\"><img loading=\"lazy\" decoding=\"async\" class=\"size-medium wp-image-378141 alignleft\" src=\"https:\/\/www.radiopiu.net\/wordpress\/wp-content\/uploads\/2024\/03\/431799071_3701462953469797_3407377256265811588_n-240x300.jpg\" alt=\"\" width=\"240\" height=\"300\" srcset=\"https:\/\/www.radiopiu.net\/wordpress\/wp-content\/uploads\/2024\/03\/431799071_3701462953469797_3407377256265811588_n-240x300.jpg 240w, https:\/\/www.radiopiu.net\/wordpress\/wp-content\/uploads\/2024\/03\/431799071_3701462953469797_3407377256265811588_n.jpg 512w\" sizes=\"auto, (max-width: 240px) 100vw, 240px\" \/><\/a><\/h3>\n<h3 dir=\"auto\">7 APRILE, LARESEI! SAVE THE DATE FESTIVAL &#8220;ULTIMISSIME&#8221; CON CAROLINA MARQUEZ, MASSIMILIANO OSSINI, CAMILLA RONCHI, ICE MC,\u00a0\u00a0\u00a0 NATHALIE AARTS, ALIEN CUT\u00a0 E SATURNINO Acquista il tuo biglietto d&#8217;ingresso al link: www.ciaotickets.com \u00a0 save-the-date-festival 7 APRILE RIFUGIO LARESEI SKI AREA SAN PELLEGRINO-FALCADE<\/h3>\n<\/div>\n<\/div>\n<\/div>\n<\/div>\n<div>\n<div class=\"\" dir=\"auto\">\n<div id=\":r9h:\" class=\"x1iorvi4 x1pi30zi x1l90r2v x1swvt13\" data-ad-comet-preview=\"message\" data-ad-preview=\"message\">\n\n\t\t\t<style type='text\/css'>\n\t\t\t\t#gallery-5 {\n\t\t\t\t\tmargin: auto;\n\t\t\t\t}\n\t\t\t\t#gallery-5 .gallery-item {\n\t\t\t\t\tfloat: left;\n\t\t\t\t\tmargin-top: 10px;\n\t\t\t\t\ttext-align: center;\n\t\t\t\t\twidth: 25%;\n\t\t\t\t}\n\t\t\t\t#gallery-5 img {\n\t\t\t\t\tborder: 2px solid #cfcfcf;\n\t\t\t\t}\n\t\t\t\t#gallery-5 .gallery-caption {\n\t\t\t\t\tmargin-left: 0;\n\t\t\t\t}\n\t\t\t\t\/* see gallery_shortcode() in wp-includes\/media.php *\/\n\t\t\t<\/style>\n\t\t<div id='gallery-5' class='dt-gallery-container gallery galleryid-380134 gallery-columns-4 gallery-size-medium'><dl class='gallery-item'>\n\t\t\t\t<dt class='gallery-icon portrait'>\n\t\t\t\t\t<a class=\"rollover rollover-zoom dt-pswp-item\" title=\"SCR-20240306-qmql\" data-dt-img-description=\"\" data-large_image_width=\"1182\" data-large_image_height=\"1192\"href='https:\/\/www.radiopiu.net\/wordpress\/wp-content\/uploads\/2024\/03\/SCR-20240306-qmql.jpeg'><img loading=\"lazy\" decoding=\"async\" width=\"297\" height=\"300\" src=\"https:\/\/www.radiopiu.net\/wordpress\/wp-content\/uploads\/2024\/03\/SCR-20240306-qmql-297x300.jpeg\" class=\"attachment-medium size-medium\" alt=\"\" srcset=\"https:\/\/www.radiopiu.net\/wordpress\/wp-content\/uploads\/2024\/03\/SCR-20240306-qmql-297x300.jpeg 297w, https:\/\/www.radiopiu.net\/wordpress\/wp-content\/uploads\/2024\/03\/SCR-20240306-qmql-1015x1024.jpeg 1015w, https:\/\/www.radiopiu.net\/wordpress\/wp-content\/uploads\/2024\/03\/SCR-20240306-qmql-768x774.jpeg 768w, https:\/\/www.radiopiu.net\/wordpress\/wp-content\/uploads\/2024\/03\/SCR-20240306-qmql.jpeg 1182w\" sizes=\"auto, (max-width: 297px) 100vw, 297px\" \/><\/a>\n\t\t\t\t<\/dt><\/dl><dl class='gallery-item'>\n\t\t\t\t<dt class='gallery-icon landscape'>\n\t\t\t\t\t<a class=\"rollover rollover-zoom dt-pswp-item\" title=\"download\" data-dt-img-description=\"\" data-large_image_width=\"316\" data-large_image_height=\"315\"href='https:\/\/www.radiopiu.net\/wordpress\/wp-content\/uploads\/2024\/03\/download.jpg'><img loading=\"lazy\" decoding=\"async\" width=\"300\" height=\"300\" src=\"https:\/\/www.radiopiu.net\/wordpress\/wp-content\/uploads\/2024\/03\/download-300x300.jpg\" class=\"attachment-medium size-medium\" alt=\"\" srcset=\"https:\/\/www.radiopiu.net\/wordpress\/wp-content\/uploads\/2024\/03\/download-300x300.jpg 300w, https:\/\/www.radiopiu.net\/wordpress\/wp-content\/uploads\/2024\/03\/download-150x150.jpg 150w, https:\/\/www.radiopiu.net\/wordpress\/wp-content\/uploads\/2024\/03\/download.jpg 316w\" sizes=\"auto, (max-width: 300px) 100vw, 300px\" \/><\/a>\n\t\t\t\t<\/dt><\/dl><dl class='gallery-item'>\n\t\t\t\t<dt class='gallery-icon landscape'>\n\t\t\t\t\t<a class=\"rollover rollover-zoom dt-pswp-item\" title=\"download\" data-dt-img-description=\"\" data-large_image_width=\"640\" data-large_image_height=\"639\"href='https:\/\/www.radiopiu.net\/wordpress\/wp-content\/uploads\/2024\/02\/download-6.jpg'><img loading=\"lazy\" decoding=\"async\" width=\"300\" height=\"300\" src=\"https:\/\/www.radiopiu.net\/wordpress\/wp-content\/uploads\/2024\/02\/download-6-300x300.jpg\" class=\"attachment-medium size-medium\" alt=\"\" srcset=\"https:\/\/www.radiopiu.net\/wordpress\/wp-content\/uploads\/2024\/02\/download-6-300x300.jpg 300w, https:\/\/www.radiopiu.net\/wordpress\/wp-content\/uploads\/2024\/02\/download-6-150x150.jpg 150w, https:\/\/www.radiopiu.net\/wordpress\/wp-content\/uploads\/2024\/02\/download-6.jpg 640w\" sizes=\"auto, (max-width: 300px) 100vw, 300px\" \/><\/a>\n\t\t\t\t<\/dt><\/dl><dl class='gallery-item'>\n\t\t\t\t<dt class='gallery-icon landscape'>\n\t\t\t\t\t<a class=\"rollover rollover-zoom dt-pswp-item\" title=\"Senza nome\" data-dt-img-description=\"\" data-large_image_width=\"566\" data-large_image_height=\"463\"href='https:\/\/www.radiopiu.net\/wordpress\/wp-content\/uploads\/2024\/03\/Senza-nome-4.png'><img loading=\"lazy\" decoding=\"async\" width=\"300\" height=\"245\" src=\"https:\/\/www.radiopiu.net\/wordpress\/wp-content\/uploads\/2024\/03\/Senza-nome-4-300x245.png\" class=\"attachment-medium size-medium\" alt=\"\" srcset=\"https:\/\/www.radiopiu.net\/wordpress\/wp-content\/uploads\/2024\/03\/Senza-nome-4-300x245.png 300w, https:\/\/www.radiopiu.net\/wordpress\/wp-content\/uploads\/2024\/03\/Senza-nome-4.png 566w\" sizes=\"auto, (max-width: 300px) 100vw, 300px\" \/><\/a>\n\t\t\t\t<\/dt><\/dl><br style=\"clear: both\" \/><dl class='gallery-item'>\n\t\t\t\t<dt class='gallery-icon landscape'>\n\t\t\t\t\t<a class=\"rollover rollover-zoom dt-pswp-item\" title=\"download\" data-dt-img-description=\"\" data-large_image_width=\"640\" data-large_image_height=\"639\"href='https:\/\/www.radiopiu.net\/wordpress\/wp-content\/uploads\/2024\/02\/download-5.jpg'><img loading=\"lazy\" decoding=\"async\" width=\"300\" height=\"300\" src=\"https:\/\/www.radiopiu.net\/wordpress\/wp-content\/uploads\/2024\/02\/download-5-300x300.jpg\" class=\"attachment-medium size-medium\" alt=\"\" srcset=\"https:\/\/www.radiopiu.net\/wordpress\/wp-content\/uploads\/2024\/02\/download-5-300x300.jpg 300w, https:\/\/www.radiopiu.net\/wordpress\/wp-content\/uploads\/2024\/02\/download-5-150x150.jpg 150w, https:\/\/www.radiopiu.net\/wordpress\/wp-content\/uploads\/2024\/02\/download-5.jpg 640w\" sizes=\"auto, (max-width: 300px) 100vw, 300px\" \/><\/a>\n\t\t\t\t<\/dt><\/dl><dl class='gallery-item'>\n\t\t\t\t<dt class='gallery-icon landscape'>\n\t\t\t\t\t<a class=\"rollover rollover-zoom dt-pswp-item\" title=\"Senza nome\" data-dt-img-description=\"\" data-large_image_width=\"415\" data-large_image_height=\"390\"href='https:\/\/www.radiopiu.net\/wordpress\/wp-content\/uploads\/2024\/03\/Senza-nome-10.png'><img loading=\"lazy\" decoding=\"async\" width=\"300\" height=\"282\" src=\"https:\/\/www.radiopiu.net\/wordpress\/wp-content\/uploads\/2024\/03\/Senza-nome-10-300x282.png\" class=\"attachment-medium size-medium\" alt=\"\" srcset=\"https:\/\/www.radiopiu.net\/wordpress\/wp-content\/uploads\/2024\/03\/Senza-nome-10-300x282.png 300w, https:\/\/www.radiopiu.net\/wordpress\/wp-content\/uploads\/2024\/03\/Senza-nome-10.png 415w\" sizes=\"auto, (max-width: 300px) 100vw, 300px\" \/><\/a>\n\t\t\t\t<\/dt><\/dl><dl class='gallery-item'>\n\t\t\t\t<dt class='gallery-icon landscape'>\n\t\t\t\t\t<a class=\"rollover rollover-zoom dt-pswp-item\" title=\"19c21029-a0ef-4986-8081-9facbbbce065\" data-dt-img-description=\"\" data-large_image_width=\"1080\" data-large_image_height=\"1080\"href='https:\/\/www.radiopiu.net\/wordpress\/wp-content\/uploads\/2024\/02\/19c21029-a0ef-4986-8081-9facbbbce065.jpg'><img loading=\"lazy\" decoding=\"async\" width=\"300\" height=\"300\" src=\"https:\/\/www.radiopiu.net\/wordpress\/wp-content\/uploads\/2024\/02\/19c21029-a0ef-4986-8081-9facbbbce065-300x300.jpg\" class=\"attachment-medium size-medium\" alt=\"\" srcset=\"https:\/\/www.radiopiu.net\/wordpress\/wp-content\/uploads\/2024\/02\/19c21029-a0ef-4986-8081-9facbbbce065-300x300.jpg 300w, https:\/\/www.radiopiu.net\/wordpress\/wp-content\/uploads\/2024\/02\/19c21029-a0ef-4986-8081-9facbbbce065-1024x1024.jpg 1024w, https:\/\/www.radiopiu.net\/wordpress\/wp-content\/uploads\/2024\/02\/19c21029-a0ef-4986-8081-9facbbbce065-150x150.jpg 150w, https:\/\/www.radiopiu.net\/wordpress\/wp-content\/uploads\/2024\/02\/19c21029-a0ef-4986-8081-9facbbbce065-768x768.jpg 768w, https:\/\/www.radiopiu.net\/wordpress\/wp-content\/uploads\/2024\/02\/19c21029-a0ef-4986-8081-9facbbbce065.jpg 1080w\" sizes=\"auto, (max-width: 300px) 100vw, 300px\" \/><\/a>\n\t\t\t\t<\/dt><\/dl><dl class='gallery-item'>\n\t\t\t\t<dt class='gallery-icon landscape'>\n\t\t\t\t\t<a class=\"rollover rollover-zoom dt-pswp-item\" title=\"428458808_122124610286160269_8403615925720421881_n\" data-dt-img-description=\"\" data-large_image_width=\"526\" data-large_image_height=\"526\"href='https:\/\/www.radiopiu.net\/wordpress\/wp-content\/uploads\/2024\/02\/428458808_122124610286160269_8403615925720421881_n.jpg'><img loading=\"lazy\" decoding=\"async\" width=\"300\" height=\"300\" src=\"https:\/\/www.radiopiu.net\/wordpress\/wp-content\/uploads\/2024\/02\/428458808_122124610286160269_8403615925720421881_n-300x300.jpg\" class=\"attachment-medium size-medium\" alt=\"\" srcset=\"https:\/\/www.radiopiu.net\/wordpress\/wp-content\/uploads\/2024\/02\/428458808_122124610286160269_8403615925720421881_n-300x300.jpg 300w, https:\/\/www.radiopiu.net\/wordpress\/wp-content\/uploads\/2024\/02\/428458808_122124610286160269_8403615925720421881_n-150x150.jpg 150w, https:\/\/www.radiopiu.net\/wordpress\/wp-content\/uploads\/2024\/02\/428458808_122124610286160269_8403615925720421881_n.jpg 526w\" sizes=\"auto, (max-width: 300px) 100vw, 300px\" \/><\/a>\n\t\t\t\t<\/dt><\/dl><br style=\"clear: both\" \/>\n\t\t\t<\/div>\n\n<\/div>\n<\/div>\n<\/div>\n<blockquote>\n<div>\n<div class=\"\" dir=\"auto\">\n<div id=\":r9h:\" class=\"x1iorvi4 x1pi30zi x1l90r2v x1swvt13\" data-ad-comet-preview=\"message\" data-ad-preview=\"message\">\n<div class=\"x78zum5 xdt5ytf xz62fqu x16ldp7u\">\n<div class=\"xu06os2 x1ok221b\">\n<div dir=\"auto\"><\/div>\n<\/div>\n<\/div>\n<\/div>\n<\/div>\n<\/div>\n<\/blockquote>\n<p>&nbsp;<\/p>\n<\/div>\n<\/div>\n<\/div>\n<\/div>\n<\/div>\n<p>&nbsp;<\/p>\n<hr \/>\n<p>&nbsp;<\/p>\n<p><a class=\"dt-pswp-item\" href=\"https:\/\/www.radiopiu.net\/wordpress\/wp-content\/uploads\/2018\/09\/viabilita.jpeg\" data-dt-img-description=\"\" data-large_image_width=\"800\" data-large_image_height=\"100\"><img loading=\"lazy\" decoding=\"async\" class=\"aligncenter wp-image-61954 size-full\" src=\"https:\/\/www.radiopiu.net\/wordpress\/wp-content\/uploads\/2018\/09\/viabilita.jpeg\" alt=\"\" width=\"800\" height=\"100\" srcset=\"https:\/\/www.radiopiu.net\/wordpress\/wp-content\/uploads\/2018\/09\/viabilita.jpeg 800w, https:\/\/www.radiopiu.net\/wordpress\/wp-content\/uploads\/2018\/09\/viabilita-300x38.jpeg 300w, https:\/\/www.radiopiu.net\/wordpress\/wp-content\/uploads\/2018\/09\/viabilita-768x96.jpeg 768w\" sizes=\"auto, (max-width: 800px) 100vw, 800px\" \/><\/a><\/p>\n<p>&nbsp;<\/p>\n<p><a class=\"dt-pswp-item\" href=\"https:\/\/www.radiopiu.net\/wordpress\/wp-content\/uploads\/2023\/12\/botol-car-service.jpg\" data-dt-img-description=\"\" data-large_image_width=\"600\" data-large_image_height=\"600\"><img loading=\"lazy\" decoding=\"async\" class=\"size-medium wp-image-367044 aligncenter\" src=\"https:\/\/www.radiopiu.net\/wordpress\/wp-content\/uploads\/2023\/12\/botol-car-service-300x300.jpg\" alt=\"\" width=\"300\" height=\"300\" srcset=\"https:\/\/www.radiopiu.net\/wordpress\/wp-content\/uploads\/2023\/12\/botol-car-service-300x300.jpg 300w, https:\/\/www.radiopiu.net\/wordpress\/wp-content\/uploads\/2023\/12\/botol-car-service-150x150.jpg 150w, https:\/\/www.radiopiu.net\/wordpress\/wp-content\/uploads\/2023\/12\/botol-car-service.jpg 600w\" sizes=\"auto, (max-width: 300px) 100vw, 300px\" \/><\/a><\/p>\n<p>&nbsp;<\/p>\n<p>&nbsp;<\/p>\n<h1>BOLLETTINO QUOTIDIANO, CLICCA QUI<\/h1>\n<blockquote class=\"wp-embedded-content\" data-secret=\"EcKLobOVbx\"><p><a href=\"https:\/\/www.radiopiu.net\/wordpress\/viabilita\/\">viabilita<\/a><\/p><\/blockquote>\n<p><iframe loading=\"lazy\" class=\"wp-embedded-content\" sandbox=\"allow-scripts\" security=\"restricted\" style=\"position: absolute; clip: rect(1px, 1px, 1px, 1px);\" title=\"&#8220;viabilita&#8221; &#8212; Radio Pi\u00f9\" src=\"https:\/\/www.radiopiu.net\/wordpress\/viabilita\/embed\/#?secret=QYN4eDkgUX#?secret=EcKLobOVbx\" data-secret=\"EcKLobOVbx\" width=\"600\" height=\"338\" frameborder=\"0\" marginwidth=\"0\" marginheight=\"0\" scrolling=\"no\"><\/iframe><\/p>\n<p>&nbsp;<\/p>\n<p>&nbsp;<\/p>\n<hr \/>\n<p>&nbsp;<\/p>\n<p><a class=\"dt-pswp-item\" href=\"https:\/\/www.radiopiu.net\/wordpress\/wp-content\/uploads\/2018\/09\/WhatsApp-Image-2018-09-20-at-16.04.06.jpeg\" data-dt-img-description=\"\" data-large_image_width=\"800\" data-large_image_height=\"100\"><img loading=\"lazy\" decoding=\"async\" class=\"wp-image-61378 size-full aligncenter\" src=\"https:\/\/www.radiopiu.net\/wordpress\/wp-content\/uploads\/2018\/09\/WhatsApp-Image-2018-09-20-at-16.04.06.jpeg\" alt=\"\" width=\"800\" height=\"100\" srcset=\"https:\/\/www.radiopiu.net\/wordpress\/wp-content\/uploads\/2018\/09\/WhatsApp-Image-2018-09-20-at-16.04.06.jpeg 800w, https:\/\/www.radiopiu.net\/wordpress\/wp-content\/uploads\/2018\/09\/WhatsApp-Image-2018-09-20-at-16.04.06-300x38.jpeg 300w, https:\/\/www.radiopiu.net\/wordpress\/wp-content\/uploads\/2018\/09\/WhatsApp-Image-2018-09-20-at-16.04.06-768x96.jpeg 768w\" sizes=\"auto, (max-width: 800px) 100vw, 800px\" \/><\/a><\/p>\n<p><center><\/center><center><\/center><center><\/center><center><\/center><center><\/center><center><\/center>&nbsp;<\/p>\n<p><center><\/center><center><b>OGGI<\/b><\/center>Al mattino cielo perlopi\u00f9 sereno o poco nuvoloso per temporanee e sottili nubi alte. far\u00e0 eccezione la Valbelluna per probabile presenza di nebbie o nubi basse, in diradamento dopo il sorgere del sole. Al pomeriggio lieve riduzione del soleggiamento per copertura cirriforme, anche estesa, in grado di mascherare il sole e il cielo. Alla sera comparsa di nubi basse sulle Prealpi.<br \/>\n<b>Precipitazioni: <\/b>Assenti<br \/>\n<b>Temperature: <\/b>Minime in calo per irraggiamento notturno, eccetto rialzo sulle vette dolomitiche pi\u00f9 alte per avvezione di aria pi\u00f9 mite; massime in generale ripresa.<\/p>\n<hr \/>\n<p><center><b>DOMANI<\/b><\/center><b>Tempo atteso: <\/b>Al mattino lunghi tratti soleggiati e primi modesti annuvolamenti. Poi crescente nuvolosit\u00e0 e fase di tempo moderatamente perturbato\/instabile con precipitazioni in estensione a tutta la montagna veneta tra il pomeriggio e la serata, senza escludere l&#8217;eventualit\u00e0 di qualche breve temporale.<br \/>\n<b>Precipitazioni: <\/b>Al mattino assenti, poi crescente probabilit\u00e0 fino ad alta per diffuse precipitazioni, a tratti anche moderate, nevose inizialmente oltre i 2000 m, in abbassamento fino a 1100-1200 m a fine episodio su Dolomiti e 1300-1400 m su Prealpi.<br \/>\n<b>Temperature: <\/b>Minime in calo ed osservate alla sera, mentre al mattino saranno in rialzo ovunque; massime in diminuzione, considerando che in quota saranno osservate nella notte tra venerd\u00ec e sabato.<\/p>\n<hr \/>\n<p><center><b>DOMENICA<\/b><\/center>Inizialmente ben soleggiato, poi primi cumuli entro le ore centrali del giorno. Al pomeriggio sole e cumuli perlopi\u00f9 modesti senza fenomeni sulle Dolomiti, mentre l&#8217;attivit\u00e0 cumuliforme sar\u00e0 maggiore sulle Prealpi, dove potr\u00e0 dar luogo a qualche isolato piovasco, nevoso sopra i 1200-1300 m. Temperature in generale calo, eccetto ripresa delle massime in alcune valli.<\/p>\n<hr \/>\n<p><center><b>LUNEDI<\/b><\/center>Stupenda mattinata con sole, cielo terso ed aria limpida. Contesto notturno assai fresco con probabili gelate fino in alcuni fondovalle prealpini. Al pomeriggio nubi alte e qualche modesto addensamento cumuliforme. Il contesto rimane fresco, nonostante una lieve ripresa delle massime.<\/p>\n<p>&nbsp;<\/p>\n<hr \/>\n<p>&nbsp;<\/p>\n<p><img loading=\"lazy\" decoding=\"async\" class=\"wp-image-60761 size-full aligncenter\" src=\"https:\/\/www.radiopiu.net\/wordpress\/wp-content\/uploads\/2018\/09\/sport.jpg\" alt=\"\" width=\"800\" height=\"100\" srcset=\"https:\/\/www.radiopiu.net\/wordpress\/wp-content\/uploads\/2018\/09\/sport.jpg 800w, https:\/\/www.radiopiu.net\/wordpress\/wp-content\/uploads\/2018\/09\/sport-300x38.jpg 300w, https:\/\/www.radiopiu.net\/wordpress\/wp-content\/uploads\/2018\/09\/sport-768x96.jpg 768w\" sizes=\"auto, (max-width: 800px) 100vw, 800px\" \/><\/p>\n<p>&nbsp;<\/p>\n<p><span style=\"color: #0000ff;\"><strong>PALLAVOLO<\/strong><\/span><\/p>\n<blockquote>\n<h3>IL BELLUNO VOLLEY SI PREPARA AL DERBY CON MOTTA DI LIVENZA<\/h3>\n<\/blockquote>\n<p><strong><a class=\"dt-pswp-item\" href=\"https:\/\/www.radiopiu.net\/wordpress\/wp-content\/uploads\/2024\/03\/Stefano_Da_Rold_con_capitan_Bisi.jpg\" data-dt-img-description=\"\" data-large_image_width=\"1508\" data-large_image_height=\"1005\"><img loading=\"lazy\" decoding=\"async\" class=\" wp-image-380250 alignleft\" src=\"https:\/\/www.radiopiu.net\/wordpress\/wp-content\/uploads\/2024\/03\/Stefano_Da_Rold_con_capitan_Bisi-300x200.jpg\" alt=\"\" width=\"155\" height=\"103\" srcset=\"https:\/\/www.radiopiu.net\/wordpress\/wp-content\/uploads\/2024\/03\/Stefano_Da_Rold_con_capitan_Bisi-300x200.jpg 300w, https:\/\/www.radiopiu.net\/wordpress\/wp-content\/uploads\/2024\/03\/Stefano_Da_Rold_con_capitan_Bisi-1024x682.jpg 1024w, https:\/\/www.radiopiu.net\/wordpress\/wp-content\/uploads\/2024\/03\/Stefano_Da_Rold_con_capitan_Bisi-768x512.jpg 768w, https:\/\/www.radiopiu.net\/wordpress\/wp-content\/uploads\/2024\/03\/Stefano_Da_Rold_con_capitan_Bisi.jpg 1508w\" sizes=\"auto, (max-width: 155px) 100vw, 155px\" \/><\/a>BELLUNO <\/strong>Stefano Da Rold, vice presidente del Belluno Volley e un grande sostenitore della squadra, \u00e8 anche un appassionato &#8220;maratoneta&#8221; durante le partite dei rinoceronti. Mentre i giocatori si impegnano sul campo, lui cammina incessantemente per ridurre la tensione e accumulare chilometri. Questo accade in ogni partita, incluso il prossimo incontro domenica 24 marzo contro la Senini Motta di Livenza, che segna la fine della stagione regolare. Da Rold prevede una partita emozionante per diversi motivi. Prima di tutto, si affrontano le due squadre con il maggior numero di punti nel girone di ritorno. Inoltre, la partita determiner\u00e0 la posizione finale in classifica, che potrebbe essere il secondo, il terzo o il quarto posto. C&#8217;\u00e8 anche un forte fattore ambientale, con molti tifosi attesi da Treviso. Indipendentemente dal risultato, Da Rold \u00e8 sicuro che sar\u00e0 uno spettacolo entusiasmante.<\/p>\n<p>&nbsp;<\/p>\n<hr \/>\n<p>&nbsp;<\/p>\n<h2><span style=\"color: #808000;\">GOODBYE BY BICICLE&#8230;UN VIAGGIO DALL&#8217;INDIA A SEREN DEL GRAPPA IN BICICLETTA<\/span><\/h2>\n<p><span style=\"color: #ff0000;\"><strong>PUNTATA 05 &#8211; CONTINUA IL VIAGGIO DI AIRE LILY E SCHNUCK<\/strong><\/span><\/p>\n<audio class=\"wp-audio-shortcode\" id=\"audio-380134-12\" preload=\"none\" style=\"width: 100%;\" controls=\"controls\"><source type=\"audio\/mpeg\" src=\"https:\/\/www.radiopiu.net\/wordpress\/wp-content\/uploads\/2024\/03\/INDIA-AIRE-PUNTATA-05-1.mp3?_=12\" \/><a href=\"https:\/\/www.radiopiu.net\/wordpress\/wp-content\/uploads\/2024\/03\/INDIA-AIRE-PUNTATA-05-1.mp3\">https:\/\/www.radiopiu.net\/wordpress\/wp-content\/uploads\/2024\/03\/INDIA-AIRE-PUNTATA-05-1.mp3<\/a><\/audio>\n<p>&nbsp;<\/p>\n<p><strong>PER VISITARE I SITI DEI LUOGHI VISITATI, CLICCA SULLE SEGUENTI SCRITTE: <a href=\"https:\/\/anandvanfoundation.org\/\">ANANDVAN FOUDATION<\/a>\u00a0 <a href=\"https:\/\/lendahandindia.org\/programs\/karigar-school-of-applied-learning\/\">KARIGAR<\/a>\u00a0 <a href=\"https:\/\/www.resqct.org\/\">RESCUE RIABILITAD ANIMALS<\/a><\/strong><\/p>\n\n\t\t\t<style type='text\/css'>\n\t\t\t\t#gallery-6 {\n\t\t\t\t\tmargin: auto;\n\t\t\t\t}\n\t\t\t\t#gallery-6 .gallery-item {\n\t\t\t\t\tfloat: left;\n\t\t\t\t\tmargin-top: 10px;\n\t\t\t\t\ttext-align: center;\n\t\t\t\t\twidth: 14%;\n\t\t\t\t}\n\t\t\t\t#gallery-6 img {\n\t\t\t\t\tborder: 2px solid #cfcfcf;\n\t\t\t\t}\n\t\t\t\t#gallery-6 .gallery-caption {\n\t\t\t\t\tmargin-left: 0;\n\t\t\t\t}\n\t\t\t\t\/* see gallery_shortcode() in wp-includes\/media.php *\/\n\t\t\t<\/style>\n\t\t<div id='gallery-6' class='dt-gallery-container gallery galleryid-380134 gallery-columns-7 gallery-size-thumbnail'><dl class='gallery-item'>\n\t\t\t\t<dt class='gallery-icon portrait'>\n\t\t\t\t\t<a class=\"rollover rollover-zoom dt-pswp-item\" title=\"c16ecf9e-3e79-41c1-8d38-3836a6962ead\" data-dt-img-description=\"\" data-large_image_width=\"1199\" data-large_image_height=\"1600\"href='https:\/\/www.radiopiu.net\/wordpress\/wp-content\/uploads\/2024\/03\/c16ecf9e-3e79-41c1-8d38-3836a6962ead.jpg'><img loading=\"lazy\" decoding=\"async\" width=\"150\" height=\"150\" src=\"https:\/\/www.radiopiu.net\/wordpress\/wp-content\/uploads\/2024\/03\/c16ecf9e-3e79-41c1-8d38-3836a6962ead-150x150.jpg\" class=\"attachment-thumbnail size-thumbnail\" alt=\"\" \/><\/a>\n\t\t\t\t<\/dt><\/dl><dl class='gallery-item'>\n\t\t\t\t<dt class='gallery-icon portrait'>\n\t\t\t\t\t<a class=\"rollover rollover-zoom dt-pswp-item\" title=\"af0728b4-3367-4a0a-a254-cdc91880096a\" data-dt-img-description=\"\" data-large_image_width=\"1200\" data-large_image_height=\"1600\"href='https:\/\/www.radiopiu.net\/wordpress\/wp-content\/uploads\/2024\/03\/af0728b4-3367-4a0a-a254-cdc91880096a.jpg'><img loading=\"lazy\" decoding=\"async\" width=\"150\" height=\"150\" src=\"https:\/\/www.radiopiu.net\/wordpress\/wp-content\/uploads\/2024\/03\/af0728b4-3367-4a0a-a254-cdc91880096a-150x150.jpg\" class=\"attachment-thumbnail size-thumbnail\" alt=\"\" \/><\/a>\n\t\t\t\t<\/dt><\/dl><dl class='gallery-item'>\n\t\t\t\t<dt class='gallery-icon landscape'>\n\t\t\t\t\t<a class=\"rollover rollover-zoom dt-pswp-item\" title=\"0a77d85e-8b2b-4f85-9677-f99497bfbbf7\" data-dt-img-description=\"\" data-large_image_width=\"1280\" data-large_image_height=\"960\"href='https:\/\/www.radiopiu.net\/wordpress\/wp-content\/uploads\/2024\/03\/0a77d85e-8b2b-4f85-9677-f99497bfbbf7.jpg'><img loading=\"lazy\" decoding=\"async\" width=\"150\" height=\"150\" src=\"https:\/\/www.radiopiu.net\/wordpress\/wp-content\/uploads\/2024\/03\/0a77d85e-8b2b-4f85-9677-f99497bfbbf7-150x150.jpg\" class=\"attachment-thumbnail size-thumbnail\" alt=\"\" \/><\/a>\n\t\t\t\t<\/dt><\/dl><dl class='gallery-item'>\n\t\t\t\t<dt class='gallery-icon portrait'>\n\t\t\t\t\t<a class=\"rollover rollover-zoom dt-pswp-item\" title=\"e7bd92e1-0ae0-4c15-b92e-5a91246488f7\" data-dt-img-description=\"\" data-large_image_width=\"1200\" data-large_image_height=\"1600\"href='https:\/\/www.radiopiu.net\/wordpress\/wp-content\/uploads\/2024\/03\/e7bd92e1-0ae0-4c15-b92e-5a91246488f7.jpg'><img loading=\"lazy\" decoding=\"async\" width=\"150\" height=\"150\" src=\"https:\/\/www.radiopiu.net\/wordpress\/wp-content\/uploads\/2024\/03\/e7bd92e1-0ae0-4c15-b92e-5a91246488f7-150x150.jpg\" class=\"attachment-thumbnail size-thumbnail\" alt=\"\" \/><\/a>\n\t\t\t\t<\/dt><\/dl><dl class='gallery-item'>\n\t\t\t\t<dt class='gallery-icon landscape'>\n\t\t\t\t\t<a class=\"rollover rollover-zoom dt-pswp-item\" title=\"a7608d4f-32c0-4237-b954-04984a5d2293\" data-dt-img-description=\"\" data-large_image_width=\"1600\" data-large_image_height=\"1200\"href='https:\/\/www.radiopiu.net\/wordpress\/wp-content\/uploads\/2024\/03\/a7608d4f-32c0-4237-b954-04984a5d2293.jpg'><img loading=\"lazy\" decoding=\"async\" width=\"150\" height=\"150\" src=\"https:\/\/www.radiopiu.net\/wordpress\/wp-content\/uploads\/2024\/03\/a7608d4f-32c0-4237-b954-04984a5d2293-150x150.jpg\" class=\"attachment-thumbnail size-thumbnail\" alt=\"\" \/><\/a>\n\t\t\t\t<\/dt><\/dl><dl class='gallery-item'>\n\t\t\t\t<dt class='gallery-icon landscape'>\n\t\t\t\t\t<a class=\"rollover rollover-zoom dt-pswp-item\" title=\"1cc6eb12-8baa-49c1-ad69-d9f546f3d1e6\" data-dt-img-description=\"\" data-large_image_width=\"1600\" data-large_image_height=\"1200\"href='https:\/\/www.radiopiu.net\/wordpress\/wp-content\/uploads\/2024\/03\/1cc6eb12-8baa-49c1-ad69-d9f546f3d1e6.jpg'><img loading=\"lazy\" decoding=\"async\" width=\"150\" height=\"150\" src=\"https:\/\/www.radiopiu.net\/wordpress\/wp-content\/uploads\/2024\/03\/1cc6eb12-8baa-49c1-ad69-d9f546f3d1e6-150x150.jpg\" class=\"attachment-thumbnail size-thumbnail\" alt=\"\" \/><\/a>\n\t\t\t\t<\/dt><\/dl><dl class='gallery-item'>\n\t\t\t\t<dt class='gallery-icon landscape'>\n\t\t\t\t\t<a class=\"rollover rollover-zoom dt-pswp-item\" title=\"0735a0c1-63f9-4dc7-a8ae-e91913259f1b\" data-dt-img-description=\"\" data-large_image_width=\"2000\" data-large_image_height=\"1500\"href='https:\/\/www.radiopiu.net\/wordpress\/wp-content\/uploads\/2024\/03\/0735a0c1-63f9-4dc7-a8ae-e91913259f1b.jpg'><img loading=\"lazy\" decoding=\"async\" width=\"150\" height=\"150\" src=\"https:\/\/www.radiopiu.net\/wordpress\/wp-content\/uploads\/2024\/03\/0735a0c1-63f9-4dc7-a8ae-e91913259f1b-150x150.jpg\" class=\"attachment-thumbnail size-thumbnail\" alt=\"\" \/><\/a>\n\t\t\t\t<\/dt><\/dl><br style=\"clear: both\" \/>\n\t\t\t<\/div>\n\n<p>&nbsp;<\/p>\n","protected":false},"excerpt":{"rendered":"<p>****** &nbsp; PER RICEVERE QUESTO NOTIZIARIO DIRETTAMENTE SUL TUO CELLULARE ISCRIVITI AL CANALE TELEGRAM \u201cRADIO PIU\u00a0 INFORMAZIONE&#8221;\u00a0 \u00a0il CANALE TELEGRAM&#8230; UNISCITI A: RADIO PIU INFORMAZIONE &nbsp; &nbsp; ATTENZIONE: LA NUOVA APP PER IOS-IPHONE di Nicola Vettorello https:\/\/apps.apple.com\/it\/app\/radio-pi%C3%B9-emittente-agordina\/id1515939845 ATTENZIONE: LA NUOVA APP RADIO\u00a0 PER ANDROID di Nicola Vettorello https:\/\/play.google.com\/store\/apps\/details?id=net.radiopiu.iniko\u00a0\u00a0 &nbsp; &nbsp; \u00a0 LUNEDI 25 MARZO, DALLE&hellip;<\/p>\n","protected":false},"author":4,"featured_media":380295,"comment_status":"closed","ping_status":"closed","sticky":false,"template":"","format":"standard","meta":{"_monsterinsights_skip_tracking":false,"_monsterinsights_sitenote_active":false,"_monsterinsights_sitenote_note":"","_monsterinsights_sitenote_category":0,"footnotes":""},"categories":[51,86,49],"tags":[],"class_list":["post-380134","post","type-post","status-publish","format-standard","has-post-thumbnail","hentry","category-evidenza-top","category-gr","category-news-18","category-51","category-86","category-49","description-off"],"img_url":"https:\/\/www.radiopiu.net\/wordpress\/wp-content\/uploads\/2024\/03\/4cbfb359-4681-4276-b6bf-77b9bc6d3ce6.jpg","_links":{"self":[{"href":"https:\/\/www.radiopiu.net\/wordpress\/wp-json\/wp\/v2\/posts\/380134","targetHints":{"allow":["GET"]}}],"collection":[{"href":"https:\/\/www.radiopiu.net\/wordpress\/wp-json\/wp\/v2\/posts"}],"about":[{"href":"https:\/\/www.radiopiu.net\/wordpress\/wp-json\/wp\/v2\/types\/post"}],"author":[{"embeddable":true,"href":"https:\/\/www.radiopiu.net\/wordpress\/wp-json\/wp\/v2\/users\/4"}],"replies":[{"embeddable":true,"href":"https:\/\/www.radiopiu.net\/wordpress\/wp-json\/wp\/v2\/comments?post=380134"}],"version-history":[{"count":0,"href":"https:\/\/www.radiopiu.net\/wordpress\/wp-json\/wp\/v2\/posts\/380134\/revisions"}],"wp:featuredmedia":[{"embeddable":true,"href":"https:\/\/www.radiopiu.net\/wordpress\/wp-json\/wp\/v2\/media\/380295"}],"wp:attachment":[{"href":"https:\/\/www.radiopiu.net\/wordpress\/wp-json\/wp\/v2\/media?parent=380134"}],"wp:term":[{"taxonomy":"category","embeddable":true,"href":"https:\/\/www.radiopiu.net\/wordpress\/wp-json\/wp\/v2\/categories?post=380134"},{"taxonomy":"post_tag","embeddable":true,"href":"https:\/\/www.radiopiu.net\/wordpress\/wp-json\/wp\/v2\/tags?post=380134"}],"curies":[{"name":"wp","href":"https:\/\/api.w.org\/{rel}","templated":true}]}}