{"id":380322,"date":"2024-03-23T05:37:53","date_gmt":"2024-03-23T04:37:53","guid":{"rendered":"https:\/\/www.radiopiu.net\/wordpress\/?p=380322"},"modified":"2024-03-23T08:50:30","modified_gmt":"2024-03-23T07:50:30","slug":"giornale-radiopiu-23-marzo-2024-direttore-mirko-mezzacasada-40-anni-25-giugno-1983-25-giugno-2023","status":"publish","type":"post","link":"https:\/\/www.radiopiu.net\/wordpress\/giornale-radiopiu-23-marzo-2024-direttore-mirko-mezzacasada-40-anni-25-giugno-1983-25-giugno-2023\/","title":{"rendered":"GIORNALE RADIOPIU 23 MARZO 2024 DIRETTORE MIRKO MEZZACASA\u2026DA 40 ANNI 25 GIUGNO 1983-25 GIUGNO 2023"},"content":{"rendered":"<p>******<\/p>\n<p>&nbsp;<\/p>\n<p>&nbsp;<\/p>\n<p><a class=\"dt-pswp-item\" href=\"https:\/\/www.radiopiu.net\/wordpress\/wp-content\/uploads\/2024\/03\/photo_6048566275493445672_y.jpg\" data-dt-img-description=\"\" data-large_image_width=\"1280\" data-large_image_height=\"1280\"><img loading=\"lazy\" decoding=\"async\" class=\"size-medium wp-image-380662 aligncenter\" src=\"https:\/\/www.radiopiu.net\/wordpress\/wp-content\/uploads\/2024\/03\/photo_6048566275493445672_y-300x300.jpg\" alt=\"\" width=\"300\" height=\"300\" srcset=\"https:\/\/www.radiopiu.net\/wordpress\/wp-content\/uploads\/2024\/03\/photo_6048566275493445672_y-300x300.jpg 300w, https:\/\/www.radiopiu.net\/wordpress\/wp-content\/uploads\/2024\/03\/photo_6048566275493445672_y-1024x1024.jpg 1024w, https:\/\/www.radiopiu.net\/wordpress\/wp-content\/uploads\/2024\/03\/photo_6048566275493445672_y-150x150.jpg 150w, https:\/\/www.radiopiu.net\/wordpress\/wp-content\/uploads\/2024\/03\/photo_6048566275493445672_y-768x768.jpg 768w, https:\/\/www.radiopiu.net\/wordpress\/wp-content\/uploads\/2024\/03\/photo_6048566275493445672_y.jpg 1280w\" sizes=\"auto, (max-width: 300px) 100vw, 300px\" \/><\/a><\/p>\n<p>&nbsp;<\/p>\n<p><span style=\"color: #0000ff;\"><strong>repetita juvant<\/strong><\/span><br \/>\n<span style=\"color: #0000ff;\"><strong>le cose ripetute piacciono, giovano<\/strong><\/span><\/p>\n<blockquote>\n<h3>\u00a0PAURA LUNGO L&#8217;AGORDINA!\u00a0 BASTA CON MORTI E FERITI<\/h3>\n<\/blockquote>\n<blockquote>\n<h3><em>Sindaci di Sedico, La Valle Agordina e Belluno: i vostri autovelox non sono sufficienti a garantire la sicurezza sulle strade.<\/em><\/h3>\n<\/blockquote>\n<p><em>OGNI GIORNO, PAURA LUNGO LA 203 AGORDINA, CIRCUITO PER I FOLLI DELLA VELOCITA&#8217;.<strong> AUTOVELOX?<\/strong> SOLO PER FARE CASSA, NON &#8220;FRENANO&#8221; LE PAZZIE MATTUTINE E SERALI DI CHI &#8220;VOLA&#8221; PER RAGGIUNGERE IL POSTO DI LAVORO O TORNARE A CASA. SERVONO SOLUZIONI URGENTI. CRESCE LA PAURA DI MORIRE CONTRO L&#8217;ANTICIVILE IN SORPASSO.<\/em><\/p>\n\n\t\t\t<style type='text\/css'>\n\t\t\t\t#gallery-1 {\n\t\t\t\t\tmargin: auto;\n\t\t\t\t}\n\t\t\t\t#gallery-1 .gallery-item {\n\t\t\t\t\tfloat: left;\n\t\t\t\t\tmargin-top: 10px;\n\t\t\t\t\ttext-align: center;\n\t\t\t\t\twidth: 20%;\n\t\t\t\t}\n\t\t\t\t#gallery-1 img {\n\t\t\t\t\tborder: 2px solid #cfcfcf;\n\t\t\t\t}\n\t\t\t\t#gallery-1 .gallery-caption {\n\t\t\t\t\tmargin-left: 0;\n\t\t\t\t}\n\t\t\t\t\/* see gallery_shortcode() in wp-includes\/media.php *\/\n\t\t\t<\/style>\n\t\t<div id='gallery-1' class='dt-gallery-container gallery galleryid-380322 gallery-columns-5 gallery-size-thumbnail'><dl class='gallery-item'>\n\t\t\t\t<dt class='gallery-icon landscape'>\n\t\t\t\t\t<a class=\"rollover rollover-zoom dt-pswp-item\" title=\"OLYMPUS DIGITAL CAMERA\" data-dt-img-description=\"\" data-large_image_width=\"1280\" data-large_image_height=\"960\"href='https:\/\/www.radiopiu.net\/wordpress\/wp-content\/uploads\/2024\/03\/incidente-rocca-1.jpg'><img loading=\"lazy\" decoding=\"async\" width=\"150\" height=\"150\" src=\"https:\/\/www.radiopiu.net\/wordpress\/wp-content\/uploads\/2024\/03\/incidente-rocca-1-150x150.jpg\" class=\"attachment-thumbnail size-thumbnail\" alt=\"\" \/><\/a>\n\t\t\t\t<\/dt><\/dl><dl class='gallery-item'>\n\t\t\t\t<dt class='gallery-icon landscape'>\n\t\t\t\t\t<a class=\"rollover rollover-zoom dt-pswp-item\" title=\"OLYMPUS DIGITAL CAMERA\" data-dt-img-description=\"\" data-large_image_width=\"1280\" data-large_image_height=\"960\"href='https:\/\/www.radiopiu.net\/wordpress\/wp-content\/uploads\/2024\/03\/incidente-ronc-di-bois-2.jpg'><img loading=\"lazy\" decoding=\"async\" width=\"150\" height=\"150\" src=\"https:\/\/www.radiopiu.net\/wordpress\/wp-content\/uploads\/2024\/03\/incidente-ronc-di-bois-2-150x150.jpg\" class=\"attachment-thumbnail size-thumbnail\" alt=\"\" \/><\/a>\n\t\t\t\t<\/dt><\/dl><dl class='gallery-item'>\n\t\t\t\t<dt class='gallery-icon landscape'>\n\t\t\t\t\t<a class=\"rollover rollover-zoom dt-pswp-item\" title=\"incidente17agosto taibon\" data-dt-img-description=\"\" data-large_image_width=\"1024\" data-large_image_height=\"768\"href='https:\/\/www.radiopiu.net\/wordpress\/wp-content\/uploads\/2024\/03\/incidente17agosto-taibon.jpg'><img loading=\"lazy\" decoding=\"async\" width=\"150\" height=\"150\" src=\"https:\/\/www.radiopiu.net\/wordpress\/wp-content\/uploads\/2024\/03\/incidente17agosto-taibon-150x150.jpg\" class=\"attachment-thumbnail size-thumbnail\" alt=\"\" \/><\/a>\n\t\t\t\t<\/dt><\/dl><dl class='gallery-item'>\n\t\t\t\t<dt class='gallery-icon landscape'>\n\t\t\t\t\t<a class=\"rollover rollover-zoom dt-pswp-item\" title=\"OLYMPUS DIGITAL CAMERA\" data-dt-img-description=\"\" data-large_image_width=\"1280\" data-large_image_height=\"960\"href='https:\/\/www.radiopiu.net\/wordpress\/wp-content\/uploads\/2024\/03\/P3050022.jpg'><img loading=\"lazy\" decoding=\"async\" width=\"150\" height=\"150\" src=\"https:\/\/www.radiopiu.net\/wordpress\/wp-content\/uploads\/2024\/03\/P3050022-150x150.jpg\" class=\"attachment-thumbnail size-thumbnail\" alt=\"\" \/><\/a>\n\t\t\t\t<\/dt><\/dl><dl class='gallery-item'>\n\t\t\t\t<dt class='gallery-icon landscape'>\n\t\t\t\t\t<a class=\"rollover rollover-zoom dt-pswp-item\" title=\"OLYMPUS DIGITAL CAMERA\" data-dt-img-description=\"\" data-large_image_width=\"1280\" data-large_image_height=\"960\"href='https:\/\/www.radiopiu.net\/wordpress\/wp-content\/uploads\/2024\/03\/P9140005.jpg'><img loading=\"lazy\" decoding=\"async\" width=\"150\" height=\"150\" src=\"https:\/\/www.radiopiu.net\/wordpress\/wp-content\/uploads\/2024\/03\/P9140005-150x150.jpg\" class=\"attachment-thumbnail size-thumbnail\" alt=\"\" \/><\/a>\n\t\t\t\t<\/dt><\/dl><br style=\"clear: both\" \/>\n\t\t\t<\/div>\n\n<p>&nbsp;<\/p>\n<p>&nbsp;<\/p>\n<hr \/>\n<p>&nbsp;<\/p>\n<h3><a href=\"https:\/\/www.radiopiu.net\/wordpress\/giornale-radiopiu-24-gennaio-2021-direttore-mirko-mezzacasa\/141433770_171616291414874_2957460898102012198_n\/\" rel=\"attachment wp-att-186566\"><img loading=\"lazy\" decoding=\"async\" class=\"wp-image-186566 alignleft\" src=\"https:\/\/www.radiopiu.net\/wordpress\/wp-content\/uploads\/2021\/01\/141433770_171616291414874_2957460898102012198_n-300x300.jpg\" alt=\"\" width=\"144\" height=\"144\" srcset=\"https:\/\/www.radiopiu.net\/wordpress\/wp-content\/uploads\/2021\/01\/141433770_171616291414874_2957460898102012198_n-300x300.jpg 300w, https:\/\/www.radiopiu.net\/wordpress\/wp-content\/uploads\/2021\/01\/141433770_171616291414874_2957460898102012198_n-150x150.jpg 150w, https:\/\/www.radiopiu.net\/wordpress\/wp-content\/uploads\/2021\/01\/141433770_171616291414874_2957460898102012198_n-768x768.jpg 768w, https:\/\/www.radiopiu.net\/wordpress\/wp-content\/uploads\/2021\/01\/141433770_171616291414874_2957460898102012198_n.jpg 800w\" sizes=\"auto, (max-width: 144px) 100vw, 144px\" \/><\/a>PER<strong> RICEVERE QUESTO NOTIZIARIO DIRETTAMENTE SUL TUO CELLULARE ISCRIVITI AL CANALE TELEGRAM <\/strong><strong>\u201cRADIO PIU\u00a0 INFORMAZIONE&#8221;\u00a0<\/strong><\/h3>\n<h3>\u00a0il CANALE TELEGRAM&#8230; UNISCITI A: RADIO PIU INFORMAZIONE<\/h3>\n<p>&nbsp;<\/p>\n<p>&nbsp;<\/p>\n<p><em><a href=\"https:\/\/www.radiopiu.net\/wordpress\/giornale-radiopiu-24-gennaio-2021-direttore-mirko-mezzacasa\/79216601_126817312416448_708980208774483089_n\/\" rel=\"attachment wp-att-186567\"><img loading=\"lazy\" decoding=\"async\" class=\"size-medium wp-image-186567 alignright\" src=\"https:\/\/www.radiopiu.net\/wordpress\/wp-content\/uploads\/2021\/01\/79216601_126817312416448_708980208774483089_n-300x114.jpg\" alt=\"\" width=\"300\" height=\"114\" srcset=\"https:\/\/www.radiopiu.net\/wordpress\/wp-content\/uploads\/2021\/01\/79216601_126817312416448_708980208774483089_n-300x114.jpg 300w, https:\/\/www.radiopiu.net\/wordpress\/wp-content\/uploads\/2021\/01\/79216601_126817312416448_708980208774483089_n-768x292.jpg 768w, https:\/\/www.radiopiu.net\/wordpress\/wp-content\/uploads\/2021\/01\/79216601_126817312416448_708980208774483089_n.jpg 820w\" sizes=\"auto, (max-width: 300px) 100vw, 300px\" \/><\/a><span style=\"color: #ff0000;\">ATTENZIONE: LA NUOVA APP PER IOS-IPHONE di Nicola Vettorello <\/span><\/em><a href=\"https:\/\/apps.apple.com\/it\/app\/radio-pi%C3%B9-emittente-agordina\/id1515939845\">https:\/\/apps.apple.com\/it\/app\/radio-pi%C3%B9-emittente-agordina\/id1515939845<\/a><\/p>\n<p><em style=\"color: #ff0000;\">ATTENZIONE: LA NUOVA APP RADIO\u00a0 PER ANDROID di Nicola Vettorello<\/em><\/p>\n<p><a href=\"https:\/\/play.google.com\/store\/apps\/details?id=net.radiopiu.iniko\" target=\"_blank\" rel=\"noopener noreferrer\">https:\/\/play.google.com\/store\/apps\/details?id=net.radiopiu.iniko\u00a0\u00a0<\/a><\/p>\n<p>&nbsp;<\/p>\n<p>&nbsp;<\/p>\n<hr \/>\n<h3 class=\"kvgmc6g5 cxmmr5t8 oygrvhab hcukyx3x c1et5uql\"><strong>\u00a0<\/strong><\/h3>\n<h3 class=\"kvgmc6g5 cxmmr5t8 oygrvhab hcukyx3x c1et5uql\"><strong><a class=\"dt-pswp-item\" href=\"https:\/\/www.radiopiu.net\/wordpress\/wp-content\/uploads\/2020\/05\/VENETO-STRADE.png\" data-dt-img-description=\"\" data-large_image_width=\"400\" data-large_image_height=\"400\"><img loading=\"lazy\" decoding=\"async\" class=\"wp-image-135574 alignleft\" src=\"https:\/\/www.radiopiu.net\/wordpress\/wp-content\/uploads\/2020\/05\/VENETO-STRADE-300x300.png\" alt=\"\" width=\"90\" height=\"90\" srcset=\"https:\/\/www.radiopiu.net\/wordpress\/wp-content\/uploads\/2020\/05\/VENETO-STRADE-300x300.png 300w, https:\/\/www.radiopiu.net\/wordpress\/wp-content\/uploads\/2020\/05\/VENETO-STRADE-150x150.png 150w, https:\/\/www.radiopiu.net\/wordpress\/wp-content\/uploads\/2020\/05\/VENETO-STRADE.png 400w\" sizes=\"auto, (max-width: 90px) 100vw, 90px\" \/><\/a>LUNEDI 25 MARZO, DALLE 14 ALLE 16 INTERDIZIONE (CHIUSURA) TOTALE SULLA STRADA PROVINCIALE 7 IN LOCALIT\u00e0 BRAGAREZZA DI VAL DI ZOLDO PER TRASPORTO E MONTAGGIO GRU A TORRE\u00a0<\/strong><\/h3>\n<div data-block=\"true\" data-editor=\"avj4u\" data-offset-key=\"d3i0j-0-0\"><\/div>\n<div data-block=\"true\" data-editor=\"avj4u\" data-offset-key=\"d3i0j-0-0\"><\/div>\n<div data-block=\"true\" data-editor=\"avj4u\" data-offset-key=\"d3i0j-0-0\"><\/div>\n<div data-block=\"true\" data-editor=\"avj4u\" data-offset-key=\"d3i0j-0-0\"><strong>GIOVEDI AD AGORDO, BLACK-OUT IDRICO PER LAVORI PROGRAMMATI<\/strong><\/div>\n<div data-block=\"true\" data-editor=\"avj4u\" data-offset-key=\"d3i0j-0-0\">\n<p><img loading=\"lazy\" decoding=\"async\" class=\"alignleft\" src=\"https:\/\/www.radiopiu.net\/wordpress\/wp-content\/uploads\/2021\/06\/th-12.jpg\" width=\"194\" height=\"129\" \/><\/p>\n<div class=\"moz-text-html\" lang=\"x-unicode\">\n<p>Gestione Servizi Pubblici informa che, per lavori alla rete idrica comunale,\u00a0 GIOVEDI dalle 8 a FINE LAVORI verr\u00e0 sospesa l\u2019erogazione dell\u2019acqua\u00a0 nelle vie BATTISTI, CALZON, CAPPELLO, CAMPO DEI FIORI, P.LE ROVA, 5 MAGGIO e V.LO 5 MAGGIO.<\/p>\n<p>&nbsp;<\/p>\n<p>&nbsp;<\/p>\n<\/div>\n<p>&nbsp;<\/p>\n<blockquote><p><strong>POSTE ITALIANE: AL VIA I LAVORI<br \/>\n<\/strong><strong>AURONZO <\/strong>l\u2019ufficio postale di Auronzo\u00a0 da luned\u00ec\u00a0 sar\u00e0 interessato da interventi di ammodernamento per migliorare la qualit\u00e0 dei servizi e dell\u2019accoglienza.\u00a0 Previsto l&#8217;ufficio postale mobile, in via Trieste,\u00a0 aperto tutte le mattine da luned\u00ec a venerd\u00ec dalle 8 20 alle 13 35 ed il sabato fino alle 12:35.<\/p><\/blockquote>\n<p>&nbsp;<\/p>\n<\/div>\n<div data-block=\"true\" data-editor=\"avj4u\" data-offset-key=\"d3i0j-0-0\"><\/div>\n<div data-block=\"true\" data-editor=\"avj4u\" data-offset-key=\"d3i0j-0-0\">\n<hr \/>\n<\/div>\n<div data-block=\"true\" data-editor=\"avj4u\" data-offset-key=\"d3i0j-0-0\"><\/div>\n<p class=\"x11i5rnm xat24cr x1mh8g0r x1vvkbs xtlvy1s x126k92a\"><a class=\"dt-pswp-item\" href=\"https:\/\/www.radiopiu.net\/wordpress\/wp-content\/uploads\/2023\/10\/34f4cfc6-e863-46e9-9695-8df44be63421.jpg\" data-dt-img-description=\"\" data-large_image_width=\"1200\" data-large_image_height=\"1200\"><img loading=\"lazy\" decoding=\"async\" class=\"wp-image-357393 alignleft\" src=\"https:\/\/www.radiopiu.net\/wordpress\/wp-content\/uploads\/2023\/10\/34f4cfc6-e863-46e9-9695-8df44be63421-300x300.jpg\" alt=\"\" width=\"81\" height=\"81\" srcset=\"https:\/\/www.radiopiu.net\/wordpress\/wp-content\/uploads\/2023\/10\/34f4cfc6-e863-46e9-9695-8df44be63421-300x300.jpg 300w, https:\/\/www.radiopiu.net\/wordpress\/wp-content\/uploads\/2023\/10\/34f4cfc6-e863-46e9-9695-8df44be63421-1024x1024.jpg 1024w, https:\/\/www.radiopiu.net\/wordpress\/wp-content\/uploads\/2023\/10\/34f4cfc6-e863-46e9-9695-8df44be63421-150x150.jpg 150w, https:\/\/www.radiopiu.net\/wordpress\/wp-content\/uploads\/2023\/10\/34f4cfc6-e863-46e9-9695-8df44be63421-768x768.jpg 768w, https:\/\/www.radiopiu.net\/wordpress\/wp-content\/uploads\/2023\/10\/34f4cfc6-e863-46e9-9695-8df44be63421.jpg 1200w\" sizes=\"auto, (max-width: 81px) 100vw, 81px\" \/><\/a><span style=\"color: #000000;\">La Settimana della memoria e dell&#8217;impegno, Agordo come Roma: citt\u00e0 Libera i 100 passi verso il 21 marzo, giornata in ricordo della vittime innocenti delle mafie a cura del PRESIDIO AGORDINO DI LIBERA &#8220;LUCIA PRECENZANO E SALVATORE AVERSA da lunedi 18 a sabato 23 marzo, alle 9.45 e 18.45 &#8230; su radio pi\u00f9\u00a0<\/span><\/p>\n<p>***<\/p>\n<p><span style=\"color: #ff0000;\"><strong>OGGI ALLA RADIO<\/strong><\/span>: <strong>ALLE 7.20<\/strong> EL BAR DEL FIOR, DETTI E TRADIZIONI DI GIULIANA DA RONCH; <strong>ALLE 8.20<\/strong> MARINA DONA &#8220;DI VENERDI&#8221; REPLICA DEL SABATO\u00a0 <strong>ALLE 9.10 <\/strong>premiere LE NOVITA&#8217; DI MARCO GAZ <strong>\u00a09.45<\/strong> SETTIMANA LIBERA CONTRO LE MAFIE IN RICORDO DELLE VITTIME INNOCENTI CON GLI STUDENTI DELLE MEDIE DI CANALE D&#8217;AGORDO E SEDICO <strong>\u00a010.30<\/strong>\u00a0 LA RASSEGNA STAMPA DA L&#8217;AMICO DEL POPOLO di gianni santomaso<strong>\u00a014.00<\/strong> elettrochock DJ JACK jacopo del tedesco\u00a0 <strong>ALLE 15.10 <\/strong>LA CLASSIFICA UFFICIALE DI MARCO GAZ <strong>ALLE 16<\/strong> IL ROCK DI MARCO COSTANTINI E <strong>ALLE 17<\/strong> MIRCO BENCIVENNI LE CLASSIFICHE D&#8217;ANNATA<\/p>\n<div class=\"x11i5rnm xat24cr x1mh8g0r x1vvkbs xtlvy1s x126k92a\">\n<div dir=\"auto\">\n<blockquote>\n<h2><\/h2>\n<\/blockquote>\n<\/div>\n<\/div>\n<div class=\"x11i5rnm xat24cr x1mh8g0r x1vvkbs xtlvy1s x126k92a\">\n<div dir=\"auto\">\n<hr \/>\n<p>&nbsp;<\/p>\n<p>&nbsp;<\/p>\n<div class=\"x11i5rnm xat24cr x1mh8g0r x1vvkbs xtlvy1s x126k92a\">\n<div dir=\"auto\">\n<p><strong><a class=\"dt-pswp-item\" href=\"https:\/\/www.radiopiu.net\/wordpress\/wp-content\/uploads\/2024\/02\/2d44e751-d8a8-461b-8e22-d8e4e853b032.jpg\" data-dt-img-description=\"\" data-large_image_width=\"1600\" data-large_image_height=\"1200\"><img loading=\"lazy\" decoding=\"async\" class=\"wp-image-373307 alignleft\" src=\"https:\/\/www.radiopiu.net\/wordpress\/wp-content\/uploads\/2024\/02\/2d44e751-d8a8-461b-8e22-d8e4e853b032-300x225.jpg\" alt=\"\" width=\"105\" height=\"79\" srcset=\"https:\/\/www.radiopiu.net\/wordpress\/wp-content\/uploads\/2024\/02\/2d44e751-d8a8-461b-8e22-d8e4e853b032-300x225.jpg 300w, https:\/\/www.radiopiu.net\/wordpress\/wp-content\/uploads\/2024\/02\/2d44e751-d8a8-461b-8e22-d8e4e853b032-1024x768.jpg 1024w, https:\/\/www.radiopiu.net\/wordpress\/wp-content\/uploads\/2024\/02\/2d44e751-d8a8-461b-8e22-d8e4e853b032-768x576.jpg 768w, https:\/\/www.radiopiu.net\/wordpress\/wp-content\/uploads\/2024\/02\/2d44e751-d8a8-461b-8e22-d8e4e853b032-1536x1152.jpg 1536w, https:\/\/www.radiopiu.net\/wordpress\/wp-content\/uploads\/2024\/02\/2d44e751-d8a8-461b-8e22-d8e4e853b032.jpg 1600w\" sizes=\"auto, (max-width: 105px) 100vw, 105px\" \/><\/a>EL BAL DEL FIOR, DI GIULIANA DA RONCH, 23 MARZO 2024<\/strong><\/p>\n<\/div>\n<\/div>\n<div class=\"x11i5rnm xat24cr x1mh8g0r x1vvkbs xtlvy1s x126k92a\"><\/div>\n<\/div>\n<div dir=\"auto\">\n<div data-block=\"true\" data-editor=\"avj4u\" data-offset-key=\"d3i0j-0-0\"><\/div>\n<audio class=\"wp-audio-shortcode\" id=\"audio-380322-1\" preload=\"none\" style=\"width: 100%;\" controls=\"controls\"><source type=\"audio\/mpeg\" src=\"https:\/\/www.radiopiu.net\/wordpress\/wp-content\/uploads\/2024\/03\/GSA-4.m4a?_=1\" \/><a href=\"https:\/\/www.radiopiu.net\/wordpress\/wp-content\/uploads\/2024\/03\/GSA-4.m4a\">https:\/\/www.radiopiu.net\/wordpress\/wp-content\/uploads\/2024\/03\/GSA-4.m4a<\/a><\/audio>\n<p>&nbsp;<\/p>\n<hr \/>\n<\/div>\n<\/div>\n<blockquote>\n<blockquote>\n<h1><span style=\"color: #ff0000;\">\u00a0<\/span><\/h1>\n<h1><span style=\"color: #ff0000;\">\u00a0<\/span><\/h1>\n<h1><span style=\"color: #ff0000;\">I podcast informativi del mattino &#8211; audio &#8211;\u00a0<\/span><\/h1>\n<\/blockquote>\n<p><strong><a class=\"dt-pswp-item\" href=\"https:\/\/www.radiopiu.net\/wordpress\/wp-content\/uploads\/2023\/11\/th-10.jpg\" data-dt-img-description=\"\" data-large_image_width=\"320\" data-large_image_height=\"180\"><img loading=\"lazy\" decoding=\"async\" class=\"wp-image-362866 alignleft\" src=\"https:\/\/www.radiopiu.net\/wordpress\/wp-content\/uploads\/2023\/11\/th-10-300x169.jpg\" alt=\"\" width=\"185\" height=\"104\" srcset=\"https:\/\/www.radiopiu.net\/wordpress\/wp-content\/uploads\/2023\/11\/th-10-300x169.jpg 300w, https:\/\/www.radiopiu.net\/wordpress\/wp-content\/uploads\/2023\/11\/th-10.jpg 320w\" sizes=\"auto, (max-width: 185px) 100vw, 185px\" \/><\/a>LA RASSEGNA STAMPA NAZIONALE ALLA RADIO, OGNI GIORNO ALLE 5 E ALLE 6 DEL MATTINO <span style=\"color: #0000ff;\">viene pubblicata alle 6.00 <span style=\"color: #ff0000;\">DIRETTA RADIO\u00a0 \u00a0\u00a0<\/span><\/span><\/strong><\/p>\n<p>&nbsp;<\/p>\n<p><strong>Attentato a Mosca,<\/strong> strage nella sala da concerto, almeno 40 morti\u00a0 l&#8217;isis rivendica l&#8217;assalto dei 4 uomini in mimetica.\u00a0 La principessa del <strong>Galles:<\/strong> ho un cancro, ma sto bene. <strong>Onu<\/strong>: risoluzione usa sul cessate il fuoco. <strong>Amadeus<\/strong> corteggiato da discovery, sta per scadere il contratto con la RAI che lo vuole trattenere<\/p><\/blockquote>\n<h2>AUDIO dalle 7 del mattino<\/h2>\n<audio class=\"wp-audio-shortcode\" id=\"audio-380322-2\" preload=\"none\" style=\"width: 100%;\" controls=\"controls\"><source type=\"audio\/mpeg\" src=\"https:\/\/www.radiopiu.net\/wordpress\/wp-content\/uploads\/2024\/03\/GIORNALEDELLESEI-20.mp3?_=2\" \/><a href=\"https:\/\/www.radiopiu.net\/wordpress\/wp-content\/uploads\/2024\/03\/GIORNALEDELLESEI-20.mp3\">https:\/\/www.radiopiu.net\/wordpress\/wp-content\/uploads\/2024\/03\/GIORNALEDELLESEI-20.mp3<\/a><\/audio>\n<p>&nbsp;<\/p>\n<p>&nbsp;<\/p>\n<hr \/>\n<p>&nbsp;<\/p>\n<h1 style=\"text-align: center;\"><span style=\"color: #ff0000;\">I podcast informativi del mattino &#8211; audio &#8211;\u00a0<\/span><\/h1>\n<p><strong><a class=\"dt-pswp-item\" href=\"https:\/\/www.radiopiu.net\/wordpress\/wp-content\/uploads\/2023\/12\/images.png\" data-dt-img-description=\"\" data-large_image_width=\"316\" data-large_image_height=\"160\"><img loading=\"lazy\" decoding=\"async\" class=\"wp-image-367008 alignleft\" src=\"https:\/\/www.radiopiu.net\/wordpress\/wp-content\/uploads\/2023\/12\/images-300x152.png\" alt=\"\" width=\"235\" height=\"119\" srcset=\"https:\/\/www.radiopiu.net\/wordpress\/wp-content\/uploads\/2023\/12\/images-300x152.png 300w, https:\/\/www.radiopiu.net\/wordpress\/wp-content\/uploads\/2023\/12\/images.png 316w\" sizes=\"auto, (max-width: 235px) 100vw, 235px\" \/><\/a>OGNI GIORNO ALLE SETTE DEL MATTINO, LA RASSEGNA STAMPA LOCALE FLASH&#8230; PER CHI VA IN FRETTA. I TITOLI DAI GIORNALI E DAL SITO WWW.RADIOPIU.NET <span style=\"color: #0000ff;\">viene pubblicato alle 7.00<\/span> <span style=\"color: #ff0000;\">DIRETTA RADIO\u00a0<\/span><\/strong><\/p>\n<p><em><span style=\"color: #ff0000;\">per chi va in fretta&#8230; tante notizie in pochi minuti. L&#8217;informazione locale alla radio, ogni ora dalle 7 del mattino alle 19 della sera.\u00a0 \u00a0 \u00a0\u00a0<\/span><\/em><\/p>\n<p>&nbsp;<\/p>\n<p><strong>PAURA LUNGO L\u2019AGORDINA!<\/strong> BASTA CON MORTI E FERITI<br \/>\nSindaci di Sedico, La Valle Agordina e Belluno: i vostri autovelox non sono sufficienti a garantire la sicurezza sulle strade. OGNI GIORNO, PAURA LUNGO LA 203 AGORDINA, CIRCUITO PER I FOLLI DELLA VELOCITA\u2019. AUTOVELOX? SOLO PER FARE CASSA NON \u201cFRENANO\u201d LE PAZZIE MATTUTINE E SERALI DI CHI \u201cVOLA\u201d PER RAGGIUNGERE IL POSTO DI LAVORO O TORNARE A CASA. SERVONO SOLUZIONI URGENTI. CRESCE LA PAURA DI MORIRE CONTRO L\u2019ANTICIVILE IN SORPASSO.<br \/>\n<strong>LIVINALLONGO<\/strong> Un uomo di 73 anni orginario della Germania \u00e8 morto dopo un malore al Bec De Roces. L\u2019uomo si \u00e8 sentito male dopo il pranzo. Tempestivo l\u2019intervento del soccorso piste dei Carabinieri di Arabba e dell\u2019elicottero del Suem 118.<br \/>\n<strong>SOSPIROLO<\/strong> Enrico Frezza, 18 anni e juniores del Ponte Alpi, \u00e8 coinvolto in un incidente in moto mentre torna a casa dopo l\u2019allenamento di calcio. Nonostante l\u2019uso del casco, riporta un forte trauma alla spalla dopo aver urtato lievemente un furgone e caduto sull\u2019asfalto reso scivoloso dalla pioggia. Ricoverato in rianimazione al San Martino di Belluno, non \u00e8 considerato in pericolo di vita.<br \/>\n<strong>LIMANA<\/strong> Renato Deola, ex delegato sindacale in Ceramica Dolomite, \u00e8 deceduto gioved\u00ec a 77 anni. Originario di Mel e residente a Limana, ha lasciato un segno indelebile nel sindacato e nell\u2019ambiente lavorativo locale. Apprezzato per la sua riservatezza e dedizione<br \/>\n<strong>FELTRE<\/strong> Danilo De Paoli, ultimo testimone della storica impresa familiare, \u00e8 morto improvvisamente a 87 anni a Feltre. Cresciuto nella famiglia che ha segnato la vita sociale e culturale della citt\u00e0, \u00e8 stato un nonno saggio e generoso.<br \/>\n<strong>BORGO VALBELLUNA<\/strong> Durante una tranquilla pedalata nel Lentiaiese, uno sportivo di Borgo Valbelluna \u00e8 stato morso da un cane randagio, suscitando preoccupazione e indignazione. L\u2019incidente ha spinto l\u2019appassionato ciclista a condividere sui social l\u2019immagine del suo polpaccio insanguinato, evidenziando il rischio costante causato dalla presenza di cani non custoditi adeguatamente.<br \/>\n<strong>PIEVE DI CADORE<\/strong> Ieri mattina, poco dopo le 8:30, un camion ha perso parte del carico di acqua minerale sulla strada Alemagna, nei pressi del Ponte Cadore. Non ci sono stati feriti, ma centinaia di bottiglie di vetro sono state frantumate, causando rallentamenti nel traffico, soprattutto per i veicoli pesanti.<\/p>\n<h2>AUDIO dalle 7 del mattino<\/h2>\n<audio class=\"wp-audio-shortcode\" id=\"audio-380322-3\" preload=\"none\" style=\"width: 100%;\" controls=\"controls\"><source type=\"audio\/mpeg\" src=\"https:\/\/www.radiopiu.net\/wordpress\/wp-content\/uploads\/2024\/03\/GF07-20.mp3?_=3\" \/><a href=\"https:\/\/www.radiopiu.net\/wordpress\/wp-content\/uploads\/2024\/03\/GF07-20.mp3\">https:\/\/www.radiopiu.net\/wordpress\/wp-content\/uploads\/2024\/03\/GF07-20.mp3<\/a><\/audio>\n<p>&nbsp;<\/p>\n<p>&nbsp;<\/p>\n<hr \/>\n<p>&nbsp;<\/p>\n<h1><\/h1>\n<h1 style=\"text-align: center;\"><span style=\"color: #ff0000;\"><a class=\"dt-pswp-item\" href=\"https:\/\/www.radiopiu.net\/wordpress\/wp-content\/uploads\/2022\/01\/026c3f9d-dae9-4040-a3c1-a6530231bcc3.jpg\" data-dt-img-description=\"\" data-large_image_width=\"1152\" data-large_image_height=\"2048\"><img loading=\"lazy\" decoding=\"async\" class=\"wp-image-251839 alignleft\" src=\"https:\/\/www.radiopiu.net\/wordpress\/wp-content\/uploads\/2022\/01\/026c3f9d-dae9-4040-a3c1-a6530231bcc3-169x300.jpg\" alt=\"\" width=\"100\" height=\"177\" srcset=\"https:\/\/www.radiopiu.net\/wordpress\/wp-content\/uploads\/2022\/01\/026c3f9d-dae9-4040-a3c1-a6530231bcc3-169x300.jpg 169w, https:\/\/www.radiopiu.net\/wordpress\/wp-content\/uploads\/2022\/01\/026c3f9d-dae9-4040-a3c1-a6530231bcc3-576x1024.jpg 576w, https:\/\/www.radiopiu.net\/wordpress\/wp-content\/uploads\/2022\/01\/026c3f9d-dae9-4040-a3c1-a6530231bcc3-768x1365.jpg 768w, https:\/\/www.radiopiu.net\/wordpress\/wp-content\/uploads\/2022\/01\/026c3f9d-dae9-4040-a3c1-a6530231bcc3-864x1536.jpg 864w, https:\/\/www.radiopiu.net\/wordpress\/wp-content\/uploads\/2022\/01\/026c3f9d-dae9-4040-a3c1-a6530231bcc3.jpg 1152w\" sizes=\"auto, (max-width: 100px) 100vw, 100px\" \/><\/a>I podcast informativi del mattino &#8211; audio &#8211;\u00a0<\/span><\/h1>\n<blockquote><p><strong>GIORNALE RADIO NAZIONALE, EDIZIONE DELLE SETTE <span style=\"color: #0000ff;\">viene pubblicato alle 7.05 <span style=\"color: #ff0000;\">DIRETTA RADIO\u00a0<\/span><\/span><\/strong><\/p><\/blockquote>\n<p><strong>il giornale radionazionale e&#8217; in onda ogni ora, dalle sette del mattino alle venti della sera\u00a0\u00a0<\/strong><\/p>\n<p>&nbsp;<\/p>\n<p><strong>Almeno 60 morti<\/strong> e tanti feriti nell&#8217;attentato in Russia rivendicato dal&#8217;Isis, Kiev estranea nell&#8217;irruzione\u00a0 nella sala del concerto, nessuna piet\u00e0 dei terroristi. <strong>Putin<\/strong> aveva respinto l&#8217;allarme degli attentati, <strong>Usa e Inghilterr<\/strong>a lo avevano previsto. <strong>Dall&#8217;Italia:<\/strong> crudele attacco e Mattarella invoca la pi\u00f9 ferma condanna. <strong>Eseguito l&#8217;arresto<\/strong> per il 24 enne preso a colpi di machete, l&#8217;assassino confessa, il movente la gelosia. <strong>Treni<\/strong> sciopero 23-24 marzo, agitazione nazionale proclamata dalle sigle sindacali.<strong> Tennis<\/strong> alle 17 Sinner in campo per un super sabato.<\/p>\n<h2>AUDIO dalle sette del mattino, ogni ora alla radio<\/h2>\n<audio class=\"wp-audio-shortcode\" id=\"audio-380322-4\" preload=\"none\" style=\"width: 100%;\" controls=\"controls\"><source type=\"audio\/mpeg\" src=\"https:\/\/www.radiopiu.net\/wordpress\/wp-content\/uploads\/2024\/03\/giornale07-20.mp3?_=4\" \/><a href=\"https:\/\/www.radiopiu.net\/wordpress\/wp-content\/uploads\/2024\/03\/giornale07-20.mp3\">https:\/\/www.radiopiu.net\/wordpress\/wp-content\/uploads\/2024\/03\/giornale07-20.mp3<\/a><\/audio>\n<p>&nbsp;<\/p>\n<p>&nbsp;<\/p>\n<h2><\/h2>\n<hr \/>\n<p>&nbsp;<\/p>\n<p>&nbsp;<\/p>\n<h1><span style=\"color: #ff0000;\">I podcast informativi del mattino &#8211; video &#8211;\u00a0<\/span><\/h1>\n<h2><strong><a class=\"dt-pswp-item\" href=\"https:\/\/www.radiopiu.net\/wordpress\/wp-content\/uploads\/2023\/12\/th-10.jpg\" data-dt-img-description=\"\" data-large_image_width=\"245\" data-large_image_height=\"180\"><img loading=\"lazy\" decoding=\"async\" class=\" wp-image-367395 alignleft\" src=\"https:\/\/www.radiopiu.net\/wordpress\/wp-content\/uploads\/2023\/12\/th-10.jpg\" alt=\"\" width=\"166\" height=\"122\" \/><\/a>RASSEGNA STAMPA LOCALE, ORE OTTO 05<\/strong><\/h2>\n<h2><strong> <span style=\"color: #0000ff;\">viene\u00a0 <\/span><\/strong><strong><span style=\"color: #0000ff;\">pubblicata alle 8.05 <span style=\"color: #ff0000;\">DIRETTA RADIO\u00a0\u00a0<\/span><\/span><\/strong><\/h2>\n<p><strong>DI MIRKO MEZZACASA\u00a0 \u00a0 \u00a0<\/strong><\/p>\n<p><strong>FONZASO<\/strong> Il motore dell\u2019ascensore della Casa di Riposo Sant\u2019Antonio di Fonzaso si \u00e8 surriscaldato, causando fumo e attivando l\u2019allarme antincendio ieri poco dopo le 17. I vigili del fuoco di Feltre sono intervenuti prontamente, assicurando la sicurezza degli ospiti<br \/>\n<strong>SANTA GIUSTINA<\/strong> Una donna anziana, H, \u00e8 stata soccorsa ieri a Santa Giustina dai vigili del fuoco di Feltre e dal 118 dopo che i vicini, non ricevendo risposta dalle loro chiamate, hanno segnalato il suo stato di salute precario. Trovata bloccata sul divano a causa di un malore, \u00e8 stata trasportata in ospedale a Belluno<br \/>\n<strong>REDAZIONE<\/strong> I Vigili del Fuoco di Agordo sono intervenuti ieri a Caviola di Falcade, in via Cime d\u2019Auta, per il soccorso di una persona che in non rispondeva alle chiamate ed era chiusa in casa. L\u2019intervento ha consentito al personale sanitario di prestare le prime cure ed il successivo ricovero al P.S. di Agordo.<br \/>\n<strong>BELLUNO<\/strong> A quarantasette giorni dall\u2019incidente, Davide Mazzon, ex primario di Anestesia e Rianimazione a Belluno, torna a casa. Nonostante la lunga strada di riabilitazione, ha riportato lesioni gravi al bacino, costole e vertebre.<\/p>\n<p><strong>BELLUNO<\/strong> SANZIONE, FERMO E SEQUESTRO DEL MEZZO PER AUTOMOBILISTA INDISCIPLINATO<br \/>\n<strong>ALLEGHE<\/strong> ELEZIONI AD ALLEGHE: DANILO DE TONI STA PREPARANDO LA LISTA PER IL SECONDO MANDATO<br \/>\n<strong>SAN TOMASO<\/strong> IL PROGETTO PER LA RIQUALIFICAZIONE ENERGETICA DELLA PUBBLICA ILLUMINAZIONE A SAN TOMASO, AMMINISTRAZIONE AL LAVORO<br \/>\n<strong>CORTINA<\/strong> OGGI NEI NOTIZIARI DI RADIOPIU CASO CODIVILLA: PARLA IL GOVERNATORE ZAIA<br \/>\n\u201cSolidariet\u00e0 della Camera del Lavoro e della Filctem CGIL di Belluno agli Organi di Stampa sotto Pressione da Parte di Piave Maitex\u201d<br \/>\n<strong>Crisi Piave Maitex,<\/strong> l\u2019ad minaccia i cronisti. Dura condanna di Sgv e Assostampa Belluno<\/p>\n<h2><strong>VIDEO\u00a0 \u00a0in diretta dalle 8 del mattino<\/strong><\/h2>\n<p><iframe loading=\"lazy\" title=\"DAL 1983 LA RASSEGNA STAMPA LOCALE di mirko mezzacasa. L&#039;ORIGINALE\" width=\"1200\" height=\"675\" src=\"https:\/\/www.youtube.com\/embed\/TxcyyybXuxs?feature=oembed\" frameborder=\"0\" allow=\"accelerometer; autoplay; clipboard-write; encrypted-media; gyroscope; picture-in-picture; web-share\" allowfullscreen><\/iframe><\/p>\n<p>&nbsp;<\/p>\n<hr \/>\n<p>&nbsp;<\/p>\n<p>&nbsp;<\/p>\n<blockquote>\n<h3>MALORE AL BEC DE ROCES. MUORE UN TEDESCO DI 73 ANNI<\/h3>\n<\/blockquote>\n<p><strong>LIVINALLONGO<\/strong> Un uomo di 73 anni orginario della Germania \u00e8 morto dopo un malore al Bec De Roces. L&#8217;uomo si \u00e8 sentito male dopo il pranzo. Tempestivo l&#8217;intervento del soccorso piste dei Carabinieri di Arabba e dell&#8217;elicottero del Suem 118. Per due volte il tedesco \u00e8 stato colto da un attacco cardiaco ma con un massaggio e l&#8217;aiuto del defibrillatore i soccorritori sono riusciti a far ripartire l&#8217;attivit\u00e0 cardiaca. L&#8217;elicottero lo ha trasportato all&#8217;ospedale San Martino di Belluno ma purtroppo non c&#8217;\u00e8 stato pi\u00f9 nulla da fare. Il 73enne \u00e8 morto.<\/p>\n\n\t\t\t<style type='text\/css'>\n\t\t\t\t#gallery-2 {\n\t\t\t\t\tmargin: auto;\n\t\t\t\t}\n\t\t\t\t#gallery-2 .gallery-item {\n\t\t\t\t\tfloat: left;\n\t\t\t\t\tmargin-top: 10px;\n\t\t\t\t\ttext-align: center;\n\t\t\t\t\twidth: 50%;\n\t\t\t\t}\n\t\t\t\t#gallery-2 img {\n\t\t\t\t\tborder: 2px solid #cfcfcf;\n\t\t\t\t}\n\t\t\t\t#gallery-2 .gallery-caption {\n\t\t\t\t\tmargin-left: 0;\n\t\t\t\t}\n\t\t\t\t\/* see gallery_shortcode() in wp-includes\/media.php *\/\n\t\t\t<\/style>\n\t\t<div id='gallery-2' class='dt-gallery-container gallery galleryid-380322 gallery-columns-2 gallery-size-medium'><dl class='gallery-item'>\n\t\t\t\t<dt class='gallery-icon landscape'>\n\t\t\t\t\t<a class=\"rollover rollover-zoom dt-pswp-item\" title=\"d0f140f3-143f-4798-b506-c47477c7bc26\" data-dt-img-description=\"\" data-large_image_width=\"2048\" data-large_image_height=\"1536\"href='https:\/\/www.radiopiu.net\/wordpress\/wp-content\/uploads\/2024\/03\/d0f140f3-143f-4798-b506-c47477c7bc26.jpg'><img loading=\"lazy\" decoding=\"async\" width=\"300\" height=\"225\" src=\"https:\/\/www.radiopiu.net\/wordpress\/wp-content\/uploads\/2024\/03\/d0f140f3-143f-4798-b506-c47477c7bc26-300x225.jpg\" class=\"attachment-medium size-medium\" alt=\"\" srcset=\"https:\/\/www.radiopiu.net\/wordpress\/wp-content\/uploads\/2024\/03\/d0f140f3-143f-4798-b506-c47477c7bc26-300x225.jpg 300w, https:\/\/www.radiopiu.net\/wordpress\/wp-content\/uploads\/2024\/03\/d0f140f3-143f-4798-b506-c47477c7bc26-1024x768.jpg 1024w, https:\/\/www.radiopiu.net\/wordpress\/wp-content\/uploads\/2024\/03\/d0f140f3-143f-4798-b506-c47477c7bc26-768x576.jpg 768w, https:\/\/www.radiopiu.net\/wordpress\/wp-content\/uploads\/2024\/03\/d0f140f3-143f-4798-b506-c47477c7bc26-1536x1152.jpg 1536w, https:\/\/www.radiopiu.net\/wordpress\/wp-content\/uploads\/2024\/03\/d0f140f3-143f-4798-b506-c47477c7bc26.jpg 2048w\" sizes=\"auto, (max-width: 300px) 100vw, 300px\" \/><\/a>\n\t\t\t\t<\/dt><\/dl><dl class='gallery-item'>\n\t\t\t\t<dt class='gallery-icon landscape'>\n\t\t\t\t\t<a class=\"rollover rollover-zoom dt-pswp-item\" title=\"719beef6-5aa4-481c-a7c8-30a31d55c75c\" data-dt-img-description=\"\" data-large_image_width=\"2048\" data-large_image_height=\"1152\"href='https:\/\/www.radiopiu.net\/wordpress\/wp-content\/uploads\/2024\/03\/719beef6-5aa4-481c-a7c8-30a31d55c75c.jpg'><img loading=\"lazy\" decoding=\"async\" width=\"300\" height=\"169\" src=\"https:\/\/www.radiopiu.net\/wordpress\/wp-content\/uploads\/2024\/03\/719beef6-5aa4-481c-a7c8-30a31d55c75c-300x169.jpg\" class=\"attachment-medium size-medium\" alt=\"\" srcset=\"https:\/\/www.radiopiu.net\/wordpress\/wp-content\/uploads\/2024\/03\/719beef6-5aa4-481c-a7c8-30a31d55c75c-300x169.jpg 300w, https:\/\/www.radiopiu.net\/wordpress\/wp-content\/uploads\/2024\/03\/719beef6-5aa4-481c-a7c8-30a31d55c75c-1024x576.jpg 1024w, https:\/\/www.radiopiu.net\/wordpress\/wp-content\/uploads\/2024\/03\/719beef6-5aa4-481c-a7c8-30a31d55c75c-768x432.jpg 768w, https:\/\/www.radiopiu.net\/wordpress\/wp-content\/uploads\/2024\/03\/719beef6-5aa4-481c-a7c8-30a31d55c75c-1536x864.jpg 1536w, https:\/\/www.radiopiu.net\/wordpress\/wp-content\/uploads\/2024\/03\/719beef6-5aa4-481c-a7c8-30a31d55c75c.jpg 2048w\" sizes=\"auto, (max-width: 300px) 100vw, 300px\" \/><\/a>\n\t\t\t\t<\/dt><\/dl><br style=\"clear: both\" \/>\n\t\t\t<\/div>\n\n<p>&nbsp;<\/p>\n<hr \/>\n<p>&nbsp;<\/p>\n<blockquote>\n<h2>ENRICO NON E&#8217; IN PERICOLO DI VITA, UNA COMUNITA&#8217; SOLLEVATA<\/h2>\n<\/blockquote>\n<p><strong><a class=\"dt-pswp-item\" href=\"https:\/\/www.radiopiu.net\/wordpress\/wp-content\/uploads\/2024\/03\/Senza-nome-77.png\" data-dt-img-description=\"\" data-large_image_width=\"283\" data-large_image_height=\"259\"><img loading=\"lazy\" decoding=\"async\" class=\"wp-image-380601 alignleft\" src=\"https:\/\/www.radiopiu.net\/wordpress\/wp-content\/uploads\/2024\/03\/Senza-nome-77.png\" alt=\"\" width=\"177\" height=\"162\" \/><\/a>SOSPIROLO <\/strong>Enrico Frezza, 18 anni e juniores del Ponte Alpi, \u00e8 coinvolto in un incidente in moto mentre torna a casa dopo l&#8217;allenamento di calcio. Nonostante l&#8217;uso del casco, riporta un forte trauma alla spalla dopo aver urtato lievemente un furgone e caduto sull&#8217;asfalto reso scivoloso dalla pioggia. Ricoverato in rianimazione al San Martino di Belluno, non \u00e8 considerato in pericolo di vita.<\/p>\n<p>Il sindaco Mario De Bon e i soccorritori intervengono prontamente, mentre la notizia raggiunge rapidamente compagni di squadra e di scuola. Enrico \u00e8 descritto come una persona positiva e amata, con un forte spirito di squadra. La comunit\u00e0 esprime sollievo nel sapere che le sue condizioni non sono gravi come inizialmente temuto.<\/p>\n<div class=\"w-full text-token-text-primary\" data-testid=\"conversation-turn-9\">\n<div class=\"px-4 py-2 justify-center text-base md:gap-6 m-auto\">\n<div class=\"flex flex-1 text-base mx-auto gap-3 md:px-5 lg:px-1 xl:px-5 md:max-w-3xl lg:max-w-[40rem] xl:max-w-[48rem] group final-completion\">\n<div class=\"relative flex w-full flex-col agent-turn\">\n<div class=\"flex-col gap-1 md:gap-3\">\n<div class=\"pr-2 lg:pr-0\"><\/div>\n<\/div>\n<\/div>\n<\/div>\n<\/div>\n<\/div>\n<p>&nbsp;<\/p>\n<p>&nbsp;<\/p>\n<p>&nbsp;<\/p>\n<hr \/>\n<p>&nbsp;<\/p>\n<blockquote>\n<h2><a class=\"dt-pswp-item\" href=\"https:\/\/www.radiopiu.net\/wordpress\/wp-content\/uploads\/2024\/03\/deola-renato-online-2.jpg\" data-dt-img-description=\"\" data-large_image_width=\"1944\" data-large_image_height=\"2400\"><img loading=\"lazy\" decoding=\"async\" class=\"wp-image-380425 alignleft\" src=\"https:\/\/www.radiopiu.net\/wordpress\/wp-content\/uploads\/2024\/03\/deola-renato-online-2-243x300.jpg\" alt=\"\" width=\"86\" height=\"106\" srcset=\"https:\/\/www.radiopiu.net\/wordpress\/wp-content\/uploads\/2024\/03\/deola-renato-online-2-243x300.jpg 243w, https:\/\/www.radiopiu.net\/wordpress\/wp-content\/uploads\/2024\/03\/deola-renato-online-2-829x1024.jpg 829w, https:\/\/www.radiopiu.net\/wordpress\/wp-content\/uploads\/2024\/03\/deola-renato-online-2-768x948.jpg 768w, https:\/\/www.radiopiu.net\/wordpress\/wp-content\/uploads\/2024\/03\/deola-renato-online-2-1244x1536.jpg 1244w, https:\/\/www.radiopiu.net\/wordpress\/wp-content\/uploads\/2024\/03\/deola-renato-online-2-1659x2048.jpg 1659w, https:\/\/www.radiopiu.net\/wordpress\/wp-content\/uploads\/2024\/03\/deola-renato-online-2.jpg 1944w\" sizes=\"auto, (max-width: 86px) 100vw, 86px\" \/><\/a>Addio a Renato Deola, ex delegato sindacale della Cisl in Ceramica Dolomite<\/h2>\n<\/blockquote>\n<p><strong>LIMANA<\/strong> Renato Deola, ex delegato sindacale in Ceramica Dolomite, \u00e8 deceduto gioved\u00ec a 77 anni. Originario di Mel e residente a Limana, ha lasciato un segno indelebile nel sindacato e nell&#8217;ambiente lavorativo locale. Apprezzato per la sua riservatezza e dedizione, Deola ha trascorso gran parte della sua vita lavorativa come operaio nella stessa azienda, distinguendosi come punto di riferimento per i colleghi. La sua vicinanza alla comunit\u00e0 \u00e8 testimoniata anche dalla sua collaborazione con l&#8217;Asd Calcio Limana. Lascia la moglie, la figlia e i fratelli, mentre i funerali si terranno oggi alle 14.30 a Limana.<\/p>\n<p>&nbsp;<\/p>\n<p>&nbsp;<\/p>\n<hr \/>\n<p>&nbsp;<\/p>\n<p>&nbsp;<\/p>\n<div class=\"flex-1 overflow-hidden\">\n<div class=\"react-scroll-to-bottom--css-sbeil-79elbk h-full\">\n<div class=\"react-scroll-to-bottom--css-sbeil-1n7m0yu\">\n<div class=\"flex flex-col text-sm pb-9\">\n<div class=\"w-full text-token-text-primary\" data-testid=\"conversation-turn-17\">\n<div class=\"px-4 py-2 justify-center text-base md:gap-6 m-auto\">\n<div class=\"flex flex-1 text-base mx-auto gap-3 md:px-5 lg:px-1 xl:px-5 md:max-w-3xl lg:max-w-[40rem] xl:max-w-[48rem] group final-completion\">\n<div class=\"relative flex w-full flex-col agent-turn\">\n<div class=\"flex-col gap-1 md:gap-3\">\n<div class=\"flex flex-grow flex-col max-w-full\">\n<div class=\"min-h-[20px] text-message flex flex-col items-start gap-3 whitespace-pre-wrap break-words [.text-message+&amp;]:mt-5 overflow-x-auto\" data-message-author-role=\"assistant\" data-message-id=\"62a7f0fa-f640-4d30-9cc6-cf89b21e99da\">\n<div class=\"markdown prose w-full break-words dark:prose-invert dark\">\n<blockquote>\n<h2><a class=\"dt-pswp-item\" href=\"https:\/\/www.radiopiu.net\/wordpress\/wp-content\/uploads\/2024\/03\/Senza-nome-79.png\" data-dt-img-description=\"\" data-large_image_width=\"297\" data-large_image_height=\"288\"><img loading=\"lazy\" decoding=\"async\" class=\"wp-image-380608 alignleft\" src=\"https:\/\/www.radiopiu.net\/wordpress\/wp-content\/uploads\/2024\/03\/Senza-nome-79.png\" alt=\"\" width=\"122\" height=\"118\" \/><\/a>Addio a Danilo De Paoli: L&#8217;Ultimo Testimone dell&#8217;Impresa Familiare<\/h2>\n<\/blockquote>\n<\/div>\n<\/div>\n<\/div>\n<div class=\"mt-1 flex justify-start gap-3 empty:hidden\">\n<div class=\"text-gray-400 flex self-end lg:self-center items-center justify-center lg:justify-start mt-0 -ml-1 h-7 gap-[2px] visible\">\n<div class=\"flex\"><strong>FELTRE<\/strong> Danilo De Paoli, ultimo testimone della storica impresa familiare, \u00e8 morto improvvisamente a 87 anni a Feltre. Cresciuto nella famiglia che ha segnato la vita sociale e culturale della citt\u00e0, \u00e8 stato un nonno saggio e generoso. I figli e nipoti lo ricordano con affetto e ammirazione per la sua determinazione e sensibilit\u00e0. I funerali si terranno questa mattina nella cattedrale di Feltre.<\/div>\n<\/div>\n<\/div>\n<\/div>\n<\/div>\n<\/div>\n<\/div>\n<\/div>\n<\/div>\n<\/div>\n<\/div>\n<\/div>\n<div class=\"flex-1 overflow-hidden\">\n<div class=\"react-scroll-to-bottom--css-sbeil-79elbk h-full\">\n<div class=\"react-scroll-to-bottom--css-sbeil-1n7m0yu\">\n<div class=\"flex flex-col text-sm pb-9\">\n<div class=\"w-full text-token-text-primary\" data-testid=\"conversation-turn-15\">\n<div class=\"px-4 py-2 justify-center text-base md:gap-6 m-auto\">\n<div class=\"flex flex-1 text-base mx-auto gap-3 md:px-5 lg:px-1 xl:px-5 md:max-w-3xl lg:max-w-[40rem] xl:max-w-[48rem] group final-completion\">\n<div class=\"relative flex w-full flex-col agent-turn\">\n<div class=\"flex-col gap-1 md:gap-3\">\n<div class=\"pr-2 lg:pr-0\"><\/div>\n<\/div>\n<\/div>\n<\/div>\n<\/div>\n<\/div>\n<\/div>\n<\/div>\n<\/div>\n<\/div>\n<div class=\"w-full pt-2 md:pt-0 dark:border-white\/20 md:border-transparent md:dark:border-transparent md:w-[calc(100%-.5rem)]\">\n<form class=\"stretch mx-2 flex flex-row gap-3 last:mb-2 md:mx-4 md:last:mb-6 lg:mx-auto lg:max-w-2xl xl:max-w-3xl\">\n<div class=\"relative flex h-full flex-1 flex-col\">\n<div class=\"flex w-full items-center\"><\/div>\n<\/div>\n<\/form>\n<\/div>\n<p>&nbsp;<\/p>\n<hr \/>\n<p>&nbsp;<\/p>\n<blockquote>\n<h1>Incontri Pericolosi: Il Ciclista Morsicato Protesta contro Cani Vaganti<\/h1>\n<\/blockquote>\n<p><strong><img loading=\"lazy\" decoding=\"async\" class=\"alignleft\" src=\"https:\/\/www.radiopiu.net\/wordpress\/wp-content\/uploads\/2024\/03\/Senza-nome-78.png\" width=\"220\" height=\"137\" \/>BORGO VALBELLUNA<\/strong> Durante una tranquilla pedalata nel Lentiaiese, uno sportivo di Borgo Valbelluna \u00e8 stato morso da un cane randagio, suscitando preoccupazione e indignazione. L&#8217;incidente ha spinto l&#8217;appassionato ciclista a condividere sui social l&#8217;immagine del suo polpaccio insanguinato, evidenziando il rischio costante causato dalla presenza di cani non custoditi adeguatamente. Il ciclista, scosso dall&#8217;esperienza, ha esortato i proprietari a prendersi cura dei loro animali e ha annunciato la sua intenzione di informare l&#8217;amministrazione locale sulla problematica. Questo episodio riaccende il dibattito sulla sicurezza dei percorsi e la responsabilit\u00e0 dei proprietari di cani randagi.<\/p>\n<p><span style=\"color: #0000ff;\">LA DICHIARAZIONE DEL CICLISTA AL QUOTIDIANO DEI BELLUNESI &#8220;CORRIERE DELLE ALPI&#8221;<\/span><\/p>\n<blockquote><p><em>\u00abSono appassionato tanto che esco in bici quasi ogni giorno\u00bb, spiega lo sportivo morso dal cane, \u00abe solitamente faccio i miei percorsi nella zona di Canai. Nel caso specifico quel cane l&#8217;ho incontrato altre volte ma s&#8217;\u00e8 sempre limitato a rincorrermi per poi fermarsi e rientrare nella sua &#8220;zona&#8221; nelle vicinanze della casa dei suoi padroni. Gioved\u00ec i evidentemente gli girava diversamente e mi ha morso al polpaccio da come si vede in foto ma fortunatamente senza &#8220;affondare&#8221; la dentatura\u00bb.\u00a0<\/em><\/p>\n<p>&nbsp;<\/p><\/blockquote>\n<hr \/>\n<p>&nbsp;<\/p>\n<blockquote>\n<h2><a class=\"dt-pswp-item\" href=\"https:\/\/www.radiopiu.net\/wordpress\/wp-content\/uploads\/2024\/03\/dc2bbb73-4ea9-48bf-ba32-d443ce2e865b.jpg\" data-dt-img-description=\"\" data-large_image_width=\"730\" data-large_image_height=\"1018\"><img loading=\"lazy\" decoding=\"async\" class=\"wp-image-380392 alignleft\" src=\"https:\/\/www.radiopiu.net\/wordpress\/wp-content\/uploads\/2024\/03\/dc2bbb73-4ea9-48bf-ba32-d443ce2e865b-215x300.jpg\" alt=\"\" width=\"131\" height=\"183\" srcset=\"https:\/\/www.radiopiu.net\/wordpress\/wp-content\/uploads\/2024\/03\/dc2bbb73-4ea9-48bf-ba32-d443ce2e865b-215x300.jpg 215w, https:\/\/www.radiopiu.net\/wordpress\/wp-content\/uploads\/2024\/03\/dc2bbb73-4ea9-48bf-ba32-d443ce2e865b.jpg 730w\" sizes=\"auto, (max-width: 131px) 100vw, 131px\" \/><\/a>Incidente sulla Alemagna: Camion Perde Carico di Acqua Minerale<\/h2>\n<\/blockquote>\n<p><strong>PIEVE DI CADORE\u00a0<\/strong> Ieri mattina, poco dopo le 8:30, un camion ha perso parte del carico di acqua minerale sulla strada Alemagna, nei pressi del Ponte Cadore. Non ci sono stati feriti, ma centinaia di bottiglie di vetro sono state frantumate, causando rallentamenti nel traffico, soprattutto per i veicoli pesanti. L&#8217;autista ha cercato di ripulire la strada con un scopettone, supportato successivamente dai vigili del fuoco di Pieve di Cadore. L&#8217;incidente \u00e8 stato causato da un cedimento strutturale del camion, che ha portato alla perdita di circa un decimo del carico. Nonostante lo shock, l&#8217;autista \u00e8 rimasto illeso, mentre il traffico in direzione sud \u00e8 stato temporaneamente rallentato per permettere le operazioni di messa in sicurezza della strada.<\/p>\n<div class=\"w-full pt-2 md:pt-0 dark:border-white\/20 md:border-transparent md:dark:border-transparent md:w-[calc(100%-.5rem)]\">\n<form class=\"stretch mx-2 flex flex-row gap-3 last:mb-2 md:mx-4 md:last:mb-6 lg:mx-auto lg:max-w-2xl xl:max-w-3xl\">\n<div class=\"relative flex h-full flex-1 flex-col\">\n<div class=\"flex w-full items-center\">\n<h2><a class=\"dt-pswp-item\" href=\"https:\/\/www.radiopiu.net\/wordpress\/wp-content\/uploads\/2024\/03\/a15fb230-5984-404e-9950-b0c2a7fbde29.jpg\" data-dt-img-description=\"\" data-large_image_width=\"1280\" data-large_image_height=\"960\"><img loading=\"lazy\" decoding=\"async\" class=\"wp-image-380391 aligncenter\" src=\"https:\/\/www.radiopiu.net\/wordpress\/wp-content\/uploads\/2024\/03\/a15fb230-5984-404e-9950-b0c2a7fbde29-300x225.jpg\" alt=\"\" width=\"244\" height=\"183\" srcset=\"https:\/\/www.radiopiu.net\/wordpress\/wp-content\/uploads\/2024\/03\/a15fb230-5984-404e-9950-b0c2a7fbde29-300x225.jpg 300w, https:\/\/www.radiopiu.net\/wordpress\/wp-content\/uploads\/2024\/03\/a15fb230-5984-404e-9950-b0c2a7fbde29-1024x768.jpg 1024w, https:\/\/www.radiopiu.net\/wordpress\/wp-content\/uploads\/2024\/03\/a15fb230-5984-404e-9950-b0c2a7fbde29-768x576.jpg 768w, https:\/\/www.radiopiu.net\/wordpress\/wp-content\/uploads\/2024\/03\/a15fb230-5984-404e-9950-b0c2a7fbde29.jpg 1280w\" sizes=\"auto, (max-width: 244px) 100vw, 244px\" \/>\u00a0<\/a><\/h2>\n<p>&nbsp;<\/p>\n<\/div>\n<\/div>\n<\/form>\n<\/div>\n<hr \/>\n<p>&nbsp;<\/p>\n<blockquote>\n<h2><\/h2>\n<h2><a class=\"dt-pswp-item\" href=\"https:\/\/www.radiopiu.net\/wordpress\/wp-content\/uploads\/2021\/07\/b39c74f9-db73-45b1-b518-6c028072e3ad.jpg\" data-dt-img-description=\"\" data-large_image_width=\"1062\" data-large_image_height=\"1328\"><img loading=\"lazy\" decoding=\"async\" class=\"wp-image-222511 alignleft\" src=\"https:\/\/www.radiopiu.net\/wordpress\/wp-content\/uploads\/2021\/07\/b39c74f9-db73-45b1-b518-6c028072e3ad-240x300.jpg\" alt=\"\" width=\"77\" height=\"96\" srcset=\"https:\/\/www.radiopiu.net\/wordpress\/wp-content\/uploads\/2021\/07\/b39c74f9-db73-45b1-b518-6c028072e3ad-240x300.jpg 240w, https:\/\/www.radiopiu.net\/wordpress\/wp-content\/uploads\/2021\/07\/b39c74f9-db73-45b1-b518-6c028072e3ad-819x1024.jpg 819w, https:\/\/www.radiopiu.net\/wordpress\/wp-content\/uploads\/2021\/07\/b39c74f9-db73-45b1-b518-6c028072e3ad-768x960.jpg 768w, https:\/\/www.radiopiu.net\/wordpress\/wp-content\/uploads\/2021\/07\/b39c74f9-db73-45b1-b518-6c028072e3ad.jpg 1062w\" sizes=\"auto, (max-width: 77px) 100vw, 77px\" \/><\/a> Emergenza Ascensore alla Casa di Riposo Sant&#8217;Antonio di Fonzaso<\/h2>\n<\/blockquote>\n<div class=\"flex-1 overflow-hidden\">\n<div class=\"react-scroll-to-bottom--css-guyro-79elbk h-full\">\n<div class=\"react-scroll-to-bottom--css-guyro-1n7m0yu\">\n<div class=\"flex flex-col text-sm pb-9\">\n<div class=\"w-full text-token-text-primary\" data-testid=\"conversation-turn-7\">\n<div class=\"px-4 py-2 justify-center text-base md:gap-6 m-auto\">\n<div class=\"flex flex-1 text-base mx-auto gap-3 md:px-5 lg:px-1 xl:px-5 md:max-w-3xl lg:max-w-[40rem] xl:max-w-[48rem] group final-completion\">\n<div class=\"relative flex w-full flex-col agent-turn\">\n<div class=\"flex-col gap-1 md:gap-3\">\n<div class=\"flex flex-grow flex-col max-w-full\">\n<div class=\"min-h-[20px] text-message flex flex-col items-start gap-3 whitespace-pre-wrap break-words [.text-message+&amp;]:mt-5 overflow-x-auto\" data-message-author-role=\"assistant\" data-message-id=\"bce1ecc8-6dba-48d0-a080-d9733f3df6d4\">\n<div class=\"markdown prose w-full break-words dark:prose-invert dark\">\n<p><strong>FONZASO<\/strong> Il motore dell&#8217;ascensore della Casa di Riposo Sant&#8217;Antonio di Fonzaso si \u00e8 surriscaldato, causando fumo e attivando l&#8217;allarme antincendio ieri poco dopo le 17. I vigili del fuoco di Feltre sono intervenuti prontamente, assicurando la sicurezza degli ospiti. La riparazione \u00e8 stata affidata ai tecnici dell&#8217;azienda installatrice dell&#8217;ascensore, senza rischi per la struttura e gli ospiti<\/p>\n<\/div>\n<\/div>\n<\/div>\n<div class=\"mt-1 flex justify-start gap-3 empty:hidden\">\n<div class=\"text-gray-400 flex self-end lg:self-center items-center justify-center lg:justify-start mt-0 -ml-1 h-7 gap-[2px] visible\">\n<div class=\"flex\">\n<div id=\"articleContent\" class=\"mercuryWrapper\">\n<div class=\"mercuryScroller\">\n<div class=\"mercuryElement\">\n<div class=\"mercuryBox\">\n<div id=\"articlePlain\">\n<div class=\"articlePlainText\"><\/div>\n<blockquote>\n<h3>\u00a0Intervento dei Vigili del Fuoco a Santa Giustina: Donna Bloccata su Divano Salvata<\/h3>\n<\/blockquote>\n<div class=\"articlePlainText\">\n<p><strong>SANTA GIUSTINA<\/strong> Una donna anziana, H, \u00e8 stata soccorsa ieri a Santa Giustina dai vigili del fuoco di Feltre e dal 118 dopo che i vicini, non ricevendo risposta dalle loro chiamate, hanno segnalato il suo stato di salute precario. Trovata bloccata sul divano a causa di un malore, \u00e8 stata trasportata in ospedale a Belluno dopo che i pompieri hanno aperto la <img loading=\"lazy\" decoding=\"async\" class=\"alignleft\" src=\"https:\/\/www.radiopiu.net\/wordpress\/wp-content\/uploads\/2024\/03\/salt-croce-verde-val-biois-2.jpg\" width=\"229\" height=\"172\" \/>porta d&#8217;ingresso della sua abitazione.<\/p>\n<div class=\"w-full pt-2 md:pt-0 dark:border-white\/20 md:border-transparent md:dark:border-transparent md:w-[calc(100%-.5rem)]\">\n<form class=\"stretch mx-2 flex flex-row gap-3 last:mb-2 md:mx-4 md:last:mb-6 lg:mx-auto lg:max-w-2xl xl:max-w-3xl\">\n<div class=\"relative flex h-full flex-1 flex-col\">\n<div class=\"flex w-full items-center\"><\/div>\n<\/div>\n<\/form>\n<\/div>\n<\/div>\n<div><\/div>\n<div>\n<blockquote>\n<h3>MALORE IN CASA, VIGILI DEL FUOCO e SUEM a FALCADE<\/h3>\n<\/blockquote>\n<p><strong>REDAZION<\/strong>E I Vigili del Fuoco di Agordo sono intervenuti ieri a Caviola di Falcade, in via Cime d&#8217;Auta, per il soccorso di una persona che in non rispondeva alle chiamate ed era chiusa in casa. L&#8217;intervento ha consentito al personale sanitario di prestare le prime cure ed il successivo ricovero al P.S. di Agordo.<\/p>\n<p>&nbsp;<\/p>\n<\/div>\n<\/div>\n<\/div>\n<\/div>\n<\/div>\n<\/div>\n<\/div>\n<\/div>\n<\/div>\n<\/div>\n<\/div>\n<\/div>\n<\/div>\n<\/div>\n<\/div>\n<\/div>\n<\/div>\n<\/div>\n<div class=\"w-full pt-2 md:pt-0 dark:border-white\/20 md:border-transparent md:dark:border-transparent md:w-[calc(100%-.5rem)]\">\n<form class=\"stretch mx-2 flex flex-row gap-3 last:mb-2 md:mx-4 md:last:mb-6 lg:mx-auto lg:max-w-2xl xl:max-w-3xl\">\n<div class=\"relative flex h-full flex-1 flex-col\">\n<div class=\"flex w-full items-center\"><\/div>\n<\/div>\n<\/form>\n<\/div>\n<hr \/>\n<p>&nbsp;<\/p>\n<blockquote>\n<h3>ELEZIONI AD ALLEGHE: DANILO DE TONI e\u00a0 IL SECONDO MANDATO ?<\/h3>\n<\/blockquote>\n<p><strong><a class=\"dt-pswp-item\" href=\"https:\/\/www.radiopiu.net\/wordpress\/wp-content\/uploads\/2019\/05\/ALLEGHE-DANILO-DE-TONI.jpeg\" data-dt-img-description=\"\" data-large_image_width=\"1373\" data-large_image_height=\"1600\"><img loading=\"lazy\" decoding=\"async\" class=\" wp-image-86463 alignleft\" src=\"https:\/\/www.radiopiu.net\/wordpress\/wp-content\/uploads\/2019\/05\/ALLEGHE-DANILO-DE-TONI-257x300.jpeg\" alt=\"\" width=\"128\" height=\"149\" srcset=\"https:\/\/www.radiopiu.net\/wordpress\/wp-content\/uploads\/2019\/05\/ALLEGHE-DANILO-DE-TONI-257x300.jpeg 257w, https:\/\/www.radiopiu.net\/wordpress\/wp-content\/uploads\/2019\/05\/ALLEGHE-DANILO-DE-TONI-768x895.jpeg 768w, https:\/\/www.radiopiu.net\/wordpress\/wp-content\/uploads\/2019\/05\/ALLEGHE-DANILO-DE-TONI-879x1024.jpeg 879w, https:\/\/www.radiopiu.net\/wordpress\/wp-content\/uploads\/2019\/05\/ALLEGHE-DANILO-DE-TONI.jpeg 1373w\" sizes=\"auto, (max-width: 128px) 100vw, 128px\" \/><\/a>ALLEGHE<\/strong><\/p>\n<p>DI GIANNI SANTOMASO<\/p>\n<audio class=\"wp-audio-shortcode\" id=\"audio-380322-5\" preload=\"none\" style=\"width: 100%;\" controls=\"controls\"><source type=\"audio\/mpeg\" src=\"https:\/\/www.radiopiu.net\/wordpress\/wp-content\/uploads\/2024\/03\/GIANNI-DANILO-DE-TONI-STA-PREPARANDO-LA-LISTA-PER-IL-SECONDO-MANDATO.mp3?_=5\" \/><a href=\"https:\/\/www.radiopiu.net\/wordpress\/wp-content\/uploads\/2024\/03\/GIANNI-DANILO-DE-TONI-STA-PREPARANDO-LA-LISTA-PER-IL-SECONDO-MANDATO.mp3\">https:\/\/www.radiopiu.net\/wordpress\/wp-content\/uploads\/2024\/03\/GIANNI-DANILO-DE-TONI-STA-PREPARANDO-LA-LISTA-PER-IL-SECONDO-MANDATO.mp3<\/a><\/audio>\n<p>&nbsp;<\/p>\n<p>&nbsp;<\/p>\n<p>&nbsp;<\/p>\n<hr \/>\n<p>&nbsp;<\/p>\n<blockquote>\n<h3>IL PROGETTO PER LA RIQUALIFICAZIONE ENERGETICA DELLA PUBBLICA ILLUMINAZIONE A SAN TOMASO<\/h3>\n<\/blockquote>\n<p><strong><a class=\"dt-pswp-item\" href=\"https:\/\/www.radiopiu.net\/wordpress\/wp-content\/uploads\/2021\/11\/81aa72cc-d66b-44fa-afd5-7103ae531a24.jpg\" data-dt-img-description=\"\" data-large_image_width=\"512\" data-large_image_height=\"376\"><img loading=\"lazy\" decoding=\"async\" class=\" wp-image-243762 alignleft\" src=\"https:\/\/www.radiopiu.net\/wordpress\/wp-content\/uploads\/2021\/11\/81aa72cc-d66b-44fa-afd5-7103ae531a24-300x220.jpg\" alt=\"\" width=\"143\" height=\"105\" srcset=\"https:\/\/www.radiopiu.net\/wordpress\/wp-content\/uploads\/2021\/11\/81aa72cc-d66b-44fa-afd5-7103ae531a24-300x220.jpg 300w, https:\/\/www.radiopiu.net\/wordpress\/wp-content\/uploads\/2021\/11\/81aa72cc-d66b-44fa-afd5-7103ae531a24.jpg 512w\" sizes=\"auto, (max-width: 143px) 100vw, 143px\" \/><\/a>SAN TOMASO <\/strong>La ditta AGSM ha consegnato al comune di San Tomaso il progetto di fattibilit\u00e0 tecnica ed economica per la riqualificazione energetica della pubblica illuminazione.<\/p>\n<p><strong>IL SINDACO DI SAN TOMASO MORENO DE VAL<\/strong><\/p>\n<audio class=\"wp-audio-shortcode\" id=\"audio-380322-6\" preload=\"none\" style=\"width: 100%;\" controls=\"controls\"><source type=\"audio\/mpeg\" src=\"https:\/\/www.radiopiu.net\/wordpress\/wp-content\/uploads\/2024\/03\/MORENO-DE-VAL-ILLUMINAZIONE.mp3?_=6\" \/><a href=\"https:\/\/www.radiopiu.net\/wordpress\/wp-content\/uploads\/2024\/03\/MORENO-DE-VAL-ILLUMINAZIONE.mp3\">https:\/\/www.radiopiu.net\/wordpress\/wp-content\/uploads\/2024\/03\/MORENO-DE-VAL-ILLUMINAZIONE.mp3<\/a><\/audio>\n<p>&nbsp;<\/p>\n<hr \/>\n<p>&nbsp;<\/p>\n<blockquote>\n<h3 style=\"text-align: center;\">IL MISTERO SULLA &#8220;SEMI&#8221; CURVA<\/h3>\n<\/blockquote>\n<p><a class=\"dt-pswp-item\" href=\"https:\/\/www.radiopiu.net\/wordpress\/wp-content\/uploads\/2024\/03\/500c670b-2d33-4d56-b823-c3a4455d1ac8.jpg\" data-dt-img-description=\"\" data-large_image_width=\"1200\" data-large_image_height=\"1600\"><img loading=\"lazy\" decoding=\"async\" class=\"wp-image-380407 aligncenter\" src=\"https:\/\/www.radiopiu.net\/wordpress\/wp-content\/uploads\/2024\/03\/500c670b-2d33-4d56-b823-c3a4455d1ac8.jpg\" alt=\"\" width=\"193\" height=\"257\" srcset=\"https:\/\/www.radiopiu.net\/wordpress\/wp-content\/uploads\/2024\/03\/500c670b-2d33-4d56-b823-c3a4455d1ac8.jpg 1200w, https:\/\/www.radiopiu.net\/wordpress\/wp-content\/uploads\/2024\/03\/500c670b-2d33-4d56-b823-c3a4455d1ac8-225x300.jpg 225w, https:\/\/www.radiopiu.net\/wordpress\/wp-content\/uploads\/2024\/03\/500c670b-2d33-4d56-b823-c3a4455d1ac8-768x1024.jpg 768w, https:\/\/www.radiopiu.net\/wordpress\/wp-content\/uploads\/2024\/03\/500c670b-2d33-4d56-b823-c3a4455d1ac8-1152x1536.jpg 1152w\" sizes=\"auto, (max-width: 193px) 100vw, 193px\" \/><\/a><\/p>\n<p><strong>REDAZIONE<\/strong> Pensarlo \u00e8 fantasioso, ma il pensiero comunque viene: auto volante? Il mistero lungo la strada provinciale 8 che da Pian Molin porta ad Avoscan: come \u00e8\u00a0 finita in quel sito, all&#8217;altezza della semi curva, senza segni lasciati sul terreno.<\/p>\n<p>&nbsp;<\/p>\n<p>&nbsp;<\/p>\n<hr \/>\n<p>&nbsp;<\/p>\n<blockquote>\n<h3><a class=\"dt-pswp-item\" href=\"https:\/\/www.radiopiu.net\/wordpress\/wp-content\/uploads\/2023\/08\/th-10.jpg\" data-dt-img-description=\"\" data-large_image_width=\"273\" data-large_image_height=\"180\"><img loading=\"lazy\" decoding=\"async\" class=\" wp-image-349551 alignleft\" src=\"https:\/\/www.radiopiu.net\/wordpress\/wp-content\/uploads\/2023\/08\/th-10.jpg\" alt=\"\" width=\"152\" height=\"100\" \/><\/a>CASO CODIVILLA: PARLA IL GOVERNATORE ZAIA<\/h3>\n<\/blockquote>\n<p><strong>CORTINA<\/strong><\/p>\n<p><strong>PER LE TRE RADIO, BARBARA PAOLAZZI<\/strong><\/p>\n<audio class=\"wp-audio-shortcode\" id=\"audio-380322-7\" preload=\"none\" style=\"width: 100%;\" controls=\"controls\"><source type=\"audio\/mpeg\" src=\"https:\/\/www.radiopiu.net\/wordpress\/wp-content\/uploads\/2024\/03\/PAOLAZZI-CODIVILLA-E-INTERVISTA-A-ZAIA.mp3?_=7\" \/><a href=\"https:\/\/www.radiopiu.net\/wordpress\/wp-content\/uploads\/2024\/03\/PAOLAZZI-CODIVILLA-E-INTERVISTA-A-ZAIA.mp3\">https:\/\/www.radiopiu.net\/wordpress\/wp-content\/uploads\/2024\/03\/PAOLAZZI-CODIVILLA-E-INTERVISTA-A-ZAIA.mp3<\/a><\/audio>\n<p>&nbsp;<\/p>\n<p>&nbsp;<\/p>\n<hr \/>\n<p>&nbsp;<\/p>\n<blockquote>\n<h3>SANZIONE, FERMO E SEQUESTRO DEL MEZZO PER AUTOMOBILISTA INDISCIPLINATO<\/h3>\n<\/blockquote>\n<p><strong>BELLUNO<\/strong> Due automobilisti sono stati fermati dalla Polizia Locale di Belluno durante i controlli stradali per gravi violazioni al Codice della Strada. Il primo guidatore \u00e8 stato scoperto senza assicurazione, revisione, carta di circolazione e senza patente. Il secondo automobilista \u00e8 stato fermato senza assicurazione, con la patente scaduta e senza la carta di circolazione. Il Comandante della Polizia Locale, Antonio Codemo, ha espresso preoccupazione per la gravit\u00e0 delle violazioni riscontrate durante i controlli. Gli agenti hanno sanzionato entrambi gli automobilisti per le diverse infrazioni rilevate, applicando il fermo e sequestro amministrativo per uno dei mezzi e solo il sequestro per l&#8217;altro. <a class=\"dt-pswp-item\" href=\"https:\/\/www.radiopiu.net\/wordpress\/wp-content\/uploads\/2023\/04\/CODEMO.png\" data-dt-img-description=\"\" data-large_image_width=\"256\" data-large_image_height=\"230\"><img loading=\"lazy\" decoding=\"async\" class=\" wp-image-331342 alignleft\" src=\"https:\/\/www.radiopiu.net\/wordpress\/wp-content\/uploads\/2023\/04\/CODEMO.png\" alt=\"\" width=\"199\" height=\"179\" \/><\/a>Le violazioni accertate riguardano il mancato rispetto degli articoli 80 (mancanza di revisione del veicolo), 116 (guida senza patente), 180 (mancanza della carta di circolazione) e 193 (veicolo privo di copertura assicurativa) del Codice della Strada.<\/p>\n<p>&nbsp;<\/p>\n<blockquote>\n<p align=\"JUSTIFY\"><em>\u201c<span style=\"font-size: large;\">I controlli su strada da parte della Polizia locale sono quotidiani \u2013 spiega il comandante, Antonio Codemo -, coprono l\u2019intero territorio comunale frazioni comprese. Circolare senza i documenti necessari a bordo \u00e8 una grave violazione delle norme del Codice della strada, cos\u00ec come non aggiornare assicurazione e revisione entro i termini di scadenza. Infine, mi sembra quasi superfluo ricordare che per guidare \u00e8 obbligatorio aver conseguito la patente di guida\u201d.<\/span><\/em><\/p>\n<\/blockquote>\n<p>&nbsp;<\/p>\n<hr \/>\n<p>&nbsp;<\/p>\n<p>&nbsp;<\/p>\n<blockquote>\n<h2>IERI ALLA RADIO. MESSAGGIO URGENTE PER LE FORZE DELL&#8217;ORDINE E PREFETTO!<\/h2>\n<\/blockquote>\n<p><strong>REDAZIONE<\/strong> L&#8217;ennesimo allarme circa i &#8220;folli&#8221; lungo la regionale 203 agordina ieri ha tenuto banco. In tanti hanno espresso le loro lamentele e paura per quanto succede quotidianamente tra Agordo e Belluno, riproponiamo il servizio per avere la certezza che il messaggio giunga puntuale ai Comandanti della Forze dell&#8217;Ordine della Provincia, al Prefetto, agli amministratori dei Comuni interessati: Agordo, Rivamonte, La Valle, Sedico, Belluno. Gli autovelox fissi ormai sono noti a tutti, e rallentare \u00e8 molto semplice. SERVONO controlli strutturati, quotidiani se necessario, sanzioni pesanti e maggiore prevenzione o piangeremo ancora troppe vittime di incidente su una strada gi\u00e0 impegnativa tra cervi, sassi, piante.. etc..<\/p>\n<blockquote class=\"wp-embedded-content\" data-secret=\"DqPDcFUBK4\"><p><a href=\"https:\/\/www.radiopiu.net\/wordpress\/dillo-a-radio-piu-automobilista-compie-sorpasso-pericoloso-in-galleria-dei-castei\/\">DILLO A RADIO PIU&#8217;&#8230; Automobilista compie sorpasso pericoloso in galleria dei Castei<\/a><\/p><\/blockquote>\n<p><iframe loading=\"lazy\" class=\"wp-embedded-content\" sandbox=\"allow-scripts\" security=\"restricted\" style=\"position: absolute; clip: rect(1px, 1px, 1px, 1px);\" title=\"&#8220;DILLO A RADIO PIU&#8217;&#8230; Automobilista compie sorpasso pericoloso in galleria dei Castei&#8221; &#8212; Radio Pi\u00f9\" src=\"https:\/\/www.radiopiu.net\/wordpress\/dillo-a-radio-piu-automobilista-compie-sorpasso-pericoloso-in-galleria-dei-castei\/embed\/#?secret=qN0GtXqeHv#?secret=DqPDcFUBK4\" data-secret=\"DqPDcFUBK4\" width=\"600\" height=\"338\" frameborder=\"0\" marginwidth=\"0\" marginheight=\"0\" scrolling=\"no\"><\/iframe><\/p>\n<p>&nbsp;<\/p>\n<p>&nbsp;<\/p>\n<hr \/>\n<p>&nbsp;<\/p>\n<blockquote>\n<h3>&#8220;Solidariet\u00e0 della Camera del Lavoro e della Filctem CGIL di Belluno agli Organi di Stampa sotto Pressione da Parte di Piave Maitex&#8221;<\/h3>\n<\/blockquote>\n<p>&nbsp;<\/p>\n<p><img loading=\"lazy\" decoding=\"async\" class=\"alignleft\" src=\"https:\/\/www.radiopiu.net\/wordpress\/wp-content\/uploads\/2024\/03\/maitex-feltre-e1711108816165-881x443-1.jpg\" width=\"203\" height=\"102\" \/>La Camera del lavoro di Belluno e la Filctem CGIL di Belluno esprimono la loro solidariet\u00e0 agli organi di stampa che sono stati oggetto di pressioni da parte dell\u2019amministratore delegato di Piave Maitex, al fine di limitare la diffusione delle comunicazioni, da parte di questa organizzazione sindacale, relative alla storica azienda feltrina. Il comportamento tenuto dall\u2019amministratore delegato di Piave Maitex non stupisce e non fa altro che confermare, indirettamente, quale atteggiamento egli abbia tenuto nei confronti del sindacato e dei lavoratori sindacalizzati e quale considerazione abbia delle relazioni sindacali. Agli organi di informazione che si sono occupati della vertenza alla Piave Maitex va il<br \/>\nnostro ringraziamento, non solo per la professionalit\u00e0 con cui stanno svolgendo il loro compito, ma anche per aver difeso il diritto alla libert\u00e0 di stampa, costituzionalmente garantito.<\/p>\n<p>&nbsp;<\/p>\n<header class=\"entry-header\">\n<blockquote>\n<h3 class=\"entry-title\">Crisi Piave Maitex, l\u2019ad minaccia i cronisti. Dura condanna di Sgv e Assostampa Belluno<\/h3>\n<\/blockquote>\n<p class=\"p-meta\">Sindacato giornalisti Veneto e Assostampa Belluno denunciano il tentativo dell\u2019amministratore delegato di Piave Maitex Srl di imbavagliare la stampa, impedendo ai media locali di svolgere il loro lavoro, informando in maniera libera e corretta la cittadinanza. Il vertice della storica azienda tessile di Feltre con telefonate dai toni intimidatori ad alcune testate ha cercato di bloccare la notizia che prendeva spunto da un comunicato della Filctem Cgil di Belluno nel quale si esprimeva preoccupazione per le sorti degli 80 dipendenti dello stabilimento in cassa integrazione da un anno, di fronte alla \u201cmancanza di rassicurazioni dalla dirigenza aziendale\u201d. Sindacato giornalisti Veneto e Assostampa condannano tale condotta della Piave Maitex, inaccettabile nei toni e nei contenuti, e la ritengono lesiva della dignit\u00e0 della professione e dell\u2019informazione indipendente. L\u2019ad invece di intimorire paventando azioni legali poteva esprimere il suo punto di vista in un confronto dialettico e democratico, cosa che al momento ha rifiutato.<\/p>\n<\/header>\n<div class=\"entry-content content\">\n<p>&nbsp;<\/p>\n<div class=\"flex-1 overflow-hidden\">\n<div class=\"react-scroll-to-bottom--css-zkfsf-79elbk h-full\">\n<div class=\"react-scroll-to-bottom--css-zkfsf-1n7m0yu\">\n<div class=\"flex flex-col text-sm pb-9\">\n<div class=\"w-full text-token-text-primary\" data-testid=\"conversation-turn-3\">\n<div class=\"px-4 py-2 justify-center text-base md:gap-6 m-auto\">\n<div class=\"flex flex-1 text-base mx-auto gap-3 md:px-5 lg:px-1 xl:px-5 md:max-w-3xl lg:max-w-[40rem] xl:max-w-[48rem] group final-completion\">\n<div class=\"relative flex w-full flex-col agent-turn\">\n<div class=\"flex-col gap-1 md:gap-3\">\n<div class=\"flex flex-grow flex-col max-w-full\">\n<div class=\"min-h-[20px] text-message flex flex-col items-start gap-3 whitespace-pre-wrap break-words [.text-message+&amp;]:mt-5 overflow-x-auto\" data-message-author-role=\"assistant\" data-message-id=\"76013b0d-7830-4119-a129-72a09f4e530b\">\n<div class=\"markdown prose w-full break-words dark:prose-invert dark\">\n<p>&nbsp;<\/p>\n<p>&nbsp;<\/p>\n<hr \/>\n<p>&nbsp;<\/p>\n<p>&nbsp;<\/p>\n<p><strong class=\"photoswipe-wrapper\"><a class=\"dt-pswp-item pspw-wrap-ready\" href=\"https:\/\/www.radiopiu.net\/wordpress\/wp-content\/uploads\/2024\/01\/Senza-nome-34.png\" data-dt-img-description=\"\" data-large_image_width=\"239\" data-large_image_height=\"153\"><img loading=\"lazy\" decoding=\"async\" class=\"wp-image-369478 alignleft\" src=\"https:\/\/www.radiopiu.net\/wordpress\/wp-content\/uploads\/2024\/01\/Senza-nome-34.png\" alt=\"\" width=\"128\" height=\"82\" \/><\/a><\/strong><\/p>\n<h3 class=\"_title post-title entry-title\">NEVEGAL, ECCO IL PROGETTO DI SVILUPPO DEL CONSORZIO TOLOMEO<\/h3>\n<p><strong>dal TG BELLUNESE di\u00a0 ANTENNA 3 ogni sera alle 19.30 sul canale 10 del digitale terrestre e alle 19 le anticipazioni alla radio.\u00a0\u00a0<\/strong><\/p>\n<p>Intervistati LUCIA OLIVOTTO (CAPOGRUPPO INSIEME PER BELLUNO BENE COMUNE) (Servizio di\u00a0<a href=\"https:\/\/antennatre.medianordest.it\/redazione\/Tiziana-Bolognani\/\">Tiziana Bolognani<\/a>)<\/p>\n<p><iframe loading=\"lazy\" title=\"NEVEGAL, ECCO IL PROGETTO DI SVILUPPO DEL CONSORZIO TOLOMEO | 22\/03\/2024\" width=\"1200\" height=\"675\" src=\"https:\/\/www.youtube.com\/embed\/iP9bljn6xBs?feature=oembed\" frameborder=\"0\" allow=\"accelerometer; autoplay; clipboard-write; encrypted-media; gyroscope; picture-in-picture; web-share\" allowfullscreen><\/iframe><\/p>\n<p>&nbsp;<\/p>\n<p>&nbsp;<\/p>\n<p>&nbsp;<\/p>\n<hr \/>\n<h2><\/h2>\n<h2 style=\"text-align: center;\">LA BELLA NOTIZIA DEL GIORNO<\/h2>\n<div class=\"flex-1 overflow-hidden\">\n<div class=\"react-scroll-to-bottom--css-guyro-79elbk h-full\">\n<div class=\"react-scroll-to-bottom--css-guyro-1n7m0yu\">\n<div class=\"flex flex-col text-sm pb-9\">\n<div class=\"w-full text-token-text-primary\" data-testid=\"conversation-turn-5\">\n<div class=\"px-4 py-2 justify-center text-base md:gap-6 m-auto\">\n<div class=\"flex flex-1 text-base mx-auto gap-3 md:px-5 lg:px-1 xl:px-5 md:max-w-3xl lg:max-w-[40rem] xl:max-w-[48rem] group final-completion\">\n<div class=\"relative flex w-full flex-col agent-turn\">\n<div class=\"flex-col gap-1 md:gap-3\">\n<div class=\"flex flex-grow flex-col max-w-full\">\n<div class=\"min-h-[20px] text-message flex flex-col items-start gap-3 whitespace-pre-wrap break-words [.text-message+&amp;]:mt-5 overflow-x-auto\" data-message-author-role=\"assistant\" data-message-id=\"f7c25117-b0a7-48c4-aea6-12fb0da01ea2\">\n<div class=\"markdown prose w-full break-words dark:prose-invert dark\">\n<p><strong>BELLUNO<\/strong> A quarantasette giorni dall&#8217;incidente, Davide Mazzon, ex primario di Anestesia e Rianimazione a Belluno, torna a casa. Nonostante la lunga strada di riabilitazione, ha riportato lesioni gravi al bacino, costole e vertebre. Esprime gratitudine per il trattamento ricevuto, ma rammarico per la mancanza di Neurochirurgia. Affronta la sfida con determinazione, supportato dalla famiglia e dalla professionalit\u00e0 medica.<\/p>\n<\/div>\n<\/div>\n<\/div>\n<div class=\"pr-2 lg:pr-0\"><a class=\"dt-pswp-item\" href=\"https:\/\/www.radiopiu.net\/wordpress\/wp-content\/uploads\/2024\/03\/Senza-nome-76.png\" data-dt-img-description=\"\" data-large_image_width=\"451\" data-large_image_height=\"354\"><img loading=\"lazy\" decoding=\"async\" class=\"size-medium wp-image-380600 aligncenter\" src=\"https:\/\/www.radiopiu.net\/wordpress\/wp-content\/uploads\/2024\/03\/Senza-nome-76-300x235.png\" alt=\"\" width=\"300\" height=\"235\" srcset=\"https:\/\/www.radiopiu.net\/wordpress\/wp-content\/uploads\/2024\/03\/Senza-nome-76-300x235.png 300w, https:\/\/www.radiopiu.net\/wordpress\/wp-content\/uploads\/2024\/03\/Senza-nome-76.png 451w\" sizes=\"auto, (max-width: 300px) 100vw, 300px\" \/><\/a><\/div>\n<\/div>\n<\/div>\n<\/div>\n<\/div>\n<\/div>\n<\/div>\n<\/div>\n<\/div>\n<\/div>\n<div class=\"w-full pt-2 md:pt-0 dark:border-white\/20 md:border-transparent md:dark:border-transparent md:w-[calc(100%-.5rem)]\">\n<form class=\"stretch mx-2 flex flex-row gap-3 last:mb-2 md:mx-4 md:last:mb-6 lg:mx-auto lg:max-w-2xl xl:max-w-3xl\">\n<div class=\"relative flex h-full flex-1 flex-col\">\n<div class=\"absolute bottom-full left-0 right-0\"><\/div>\n<div class=\"flex w-full items-center\"><\/div>\n<\/div>\n<\/form>\n<\/div>\n<\/div>\n<\/div>\n<\/div>\n<\/div>\n<\/div>\n<\/div>\n<\/div>\n<\/div>\n<\/div>\n<\/div>\n<\/div>\n<\/div>\n<\/div>\n<p>&nbsp;<\/p>\n<hr \/>\n<p>&nbsp;<\/p>\n<blockquote>\n<h2>GDF BELLUNO: A SCUOLA CON IL SOCCORSO ALPINO DELLA GUARDIA DI FINANZA<\/h2>\n<\/blockquote>\n<p><strong><img loading=\"lazy\" decoding=\"async\" class=\"alignleft\" src=\"https:\/\/www.radiopiu.net\/wordpress\/wp-content\/uploads\/2022\/04\/GUARDIA-FINANZA-SCI.jpg\" width=\"255\" height=\"191\" \/>BELLUNO<\/strong> Il Gruppo di Belluno del Soccorso Alpino della Guardia di Finanza ha lanciato un&#8217;iniziativa educativa nelle scuole locali per sensibilizzare gli studenti sui rischi in montagna e sull&#8217;importanza della sicurezza. Gli istruttori del GDF forniscono informazioni pratiche e teoriche sul soccorso in montagna, illustrando le tecniche di primo soccorso e i comportamenti sicuri durante le escursioni. L&#8217;obiettivo \u00e8 prevenire incidenti e promuovere una cultura della sicurezza tra i giovani, coinvolgendoli in simulazioni realistiche di situazioni di emergenza. La collaborazione con le scuole offre un&#8217;opportunit\u00e0 unica di apprendimento pratico e responsabile, ricevendo ampio supporto dalla comunit\u00e0 e dalle autorit\u00e0 educative.<\/p>\n<p>&nbsp;<\/p>\n<p>&nbsp;<\/p>\n<hr \/>\n<p>&nbsp;<\/p>\n<blockquote>\n<h3>OBBIETTIVO PROVINCIA INCONTRA IL PRESIDENTE PADRIN<\/h3>\n<\/blockquote>\n<p><strong><a class=\"dt-pswp-item\" href=\"https:\/\/www.radiopiu.net\/wordpress\/wp-content\/uploads\/2021\/01\/palazzo-piloni-scaled.jpg\" data-dt-img-description=\"\" data-large_image_width=\"2560\" data-large_image_height=\"1440\"><img loading=\"lazy\" decoding=\"async\" class=\" wp-image-187016 alignleft\" src=\"https:\/\/www.radiopiu.net\/wordpress\/wp-content\/uploads\/2021\/01\/palazzo-piloni-300x169.jpg\" alt=\"\" width=\"153\" height=\"86\" srcset=\"https:\/\/www.radiopiu.net\/wordpress\/wp-content\/uploads\/2021\/01\/palazzo-piloni-300x169.jpg 300w, https:\/\/www.radiopiu.net\/wordpress\/wp-content\/uploads\/2021\/01\/palazzo-piloni-1024x576.jpg 1024w, https:\/\/www.radiopiu.net\/wordpress\/wp-content\/uploads\/2021\/01\/palazzo-piloni-768x432.jpg 768w, https:\/\/www.radiopiu.net\/wordpress\/wp-content\/uploads\/2021\/01\/palazzo-piloni-1536x864.jpg 1536w, https:\/\/www.radiopiu.net\/wordpress\/wp-content\/uploads\/2021\/01\/palazzo-piloni-2048x1152.jpg 2048w\" sizes=\"auto, (max-width: 153px) 100vw, 153px\" \/><\/a>BELLUNO<\/strong> Gli esponenti di &#8220;Obiettivo Provincia&#8221; si sono incontrati con il presidente Padrin a Palazzo Piloni, delineando un impegno per le sfide del Bellunese post-elezioni provinciali. Si \u00e8 evidenziata la volont\u00e0 di cooperare senza influenze politiche, concentrandosi su temi come lo spopolamento, le infrastrutture e i trasporti. Il movimento, rappresentato daCarlo Zanella, Gianluca Dal Borgo, Mirco Costa e Fabio Luchetta, si propone di lavorare a stretto contatto con le nuove consigliere elette per attuare il programma condiviso. Il focus \u00e8 sul contrasto allo spopolamento montano e sulla ricostruzione delle azioni danneggiate dalla legge Delrio, con un appello per risorse economiche e umane per il rilancio della provincia. &#8220;Obiettivo Provincia&#8221; ha dichiarato il proprio sostegno al programma del presidente Padrin, evidenziando l&#8217;importanza di portare avanti le azioni gi\u00e0 avviate e di ricostruire quanto danneggiato dalla legge Delrio. Mirco Costa ha sottolineato la necessit\u00e0 di risorse economiche e umane per rilanciare la provincia, invitando tutti coloro che condividono le necessit\u00e0 del territorio a unirsi nell&#8217;impegno comune.<\/p>\n<p>&nbsp;<\/p>\n<p>&nbsp;<\/p>\n<hr \/>\n<p>&nbsp;<\/p>\n<blockquote>\n<h3>LATTEBUSCHE E INSIEME SI PUO&#8217; PER SOSTENERE IL PROGETTO &#8220;LA POVERTA&#8217; A CASA NOSTRA&#8221;<\/h3>\n<\/blockquote>\n<p><strong><a class=\"dt-pswp-item\" href=\"https:\/\/www.radiopiu.net\/wordpress\/wp-content\/uploads\/2024\/03\/60404079-ce53-4287-8baa-fae7a0a151a9.jpg\" data-dt-img-description=\"\" data-large_image_width=\"2048\" data-large_image_height=\"1536\"><img loading=\"lazy\" decoding=\"async\" class=\" wp-image-380559 alignleft\" src=\"https:\/\/www.radiopiu.net\/wordpress\/wp-content\/uploads\/2024\/03\/60404079-ce53-4287-8baa-fae7a0a151a9-300x225.jpg\" alt=\"\" width=\"171\" height=\"128\" srcset=\"https:\/\/www.radiopiu.net\/wordpress\/wp-content\/uploads\/2024\/03\/60404079-ce53-4287-8baa-fae7a0a151a9-300x225.jpg 300w, https:\/\/www.radiopiu.net\/wordpress\/wp-content\/uploads\/2024\/03\/60404079-ce53-4287-8baa-fae7a0a151a9-1024x768.jpg 1024w, https:\/\/www.radiopiu.net\/wordpress\/wp-content\/uploads\/2024\/03\/60404079-ce53-4287-8baa-fae7a0a151a9-768x576.jpg 768w, https:\/\/www.radiopiu.net\/wordpress\/wp-content\/uploads\/2024\/03\/60404079-ce53-4287-8baa-fae7a0a151a9-1536x1152.jpg 1536w, https:\/\/www.radiopiu.net\/wordpress\/wp-content\/uploads\/2024\/03\/60404079-ce53-4287-8baa-fae7a0a151a9.jpg 2048w\" sizes=\"auto, (max-width: 171px) 100vw, 171px\" \/><\/a>BELLUNO<\/strong> Lattebusche e Insieme si Pu\u00f2 ancora insieme per sostenere il progetto \u201cLa povert\u00e0 a casa nostra\u201d, che lo scorso anno ha permesso di sostenere quasi 170 famiglie bellunesi in difficolt\u00e0.<\/p>\n<p><strong>DI DANIELE DALVIT<\/strong><\/p>\n<audio class=\"wp-audio-shortcode\" id=\"audio-380322-8\" preload=\"none\" style=\"width: 100%;\" controls=\"controls\"><source type=\"audio\/mpeg\" src=\"https:\/\/www.radiopiu.net\/wordpress\/wp-content\/uploads\/2024\/03\/Radio-Piu-Servizio-Piave-Lattebusche-Insieme-si-Puo.mp3?_=8\" \/><a href=\"https:\/\/www.radiopiu.net\/wordpress\/wp-content\/uploads\/2024\/03\/Radio-Piu-Servizio-Piave-Lattebusche-Insieme-si-Puo.mp3\">https:\/\/www.radiopiu.net\/wordpress\/wp-content\/uploads\/2024\/03\/Radio-Piu-Servizio-Piave-Lattebusche-Insieme-si-Puo.mp3<\/a><\/audio>\n<p>&nbsp;<\/p>\n<hr \/>\n<p>&nbsp;<\/p>\n<blockquote>\n<h3>COINVOLGIMENTO E VALORIZZAZIONE DEI GIOVANI: AL VIA IL PROGETTO DAL TITOLO \u201cTUTTA UN&#8217;ALTRA STORIA\u201d, FINANZIATO DAL DIPARTIMENTO DELLA FAMIGLIA<\/h3>\n<\/blockquote>\n<p><strong><a class=\"dt-pswp-item\" href=\"https:\/\/www.radiopiu.net\/wordpress\/wp-content\/uploads\/2023\/07\/Feltre-Piazza-Maggiore.jpg\" data-dt-img-description=\"\" data-large_image_width=\"1595\" data-large_image_height=\"1054\"><img loading=\"lazy\" decoding=\"async\" class=\" wp-image-344857 alignleft\" src=\"https:\/\/www.radiopiu.net\/wordpress\/wp-content\/uploads\/2023\/07\/Feltre-Piazza-Maggiore-300x198.jpg\" alt=\"\" width=\"148\" height=\"98\" srcset=\"https:\/\/www.radiopiu.net\/wordpress\/wp-content\/uploads\/2023\/07\/Feltre-Piazza-Maggiore-300x198.jpg 300w, https:\/\/www.radiopiu.net\/wordpress\/wp-content\/uploads\/2023\/07\/Feltre-Piazza-Maggiore-1024x677.jpg 1024w, https:\/\/www.radiopiu.net\/wordpress\/wp-content\/uploads\/2023\/07\/Feltre-Piazza-Maggiore-768x508.jpg 768w, https:\/\/www.radiopiu.net\/wordpress\/wp-content\/uploads\/2023\/07\/Feltre-Piazza-Maggiore-1536x1015.jpg 1536w, https:\/\/www.radiopiu.net\/wordpress\/wp-content\/uploads\/2023\/07\/Feltre-Piazza-Maggiore.jpg 1595w\" sizes=\"auto, (max-width: 148px) 100vw, 148px\" \/><\/a>FELTRE<\/strong> Il progetto &#8220;Tutta un&#8217;altra storia&#8221; del Comune di Feltre, avviato nel 2021 con un finanziamento di 120 mila euro, entra nella fase attuativa. Le azioni comprendono urbanistica tattica coinvolgendo studenti universitari, percorsi sulle diversit\u00e0 ed emozioni con l&#8217;Ulss 1 &#8220;Dolomiti&#8221;, creazione di contenuti multimediali focalizzati sui giovani e valutazione dell&#8217;impatto sociale. L&#8217;assessore Flavia Colle evidenzia l&#8217;importanza dell&#8217;iniziativa nelle politiche giovanili e di inclusione sociale, con un approccio interdisciplinare e il coinvolgimento di soggetti qualificati.<\/p>\n<p>&nbsp;<\/p>\n<p>&nbsp;<\/p>\n<hr \/>\n<p>&nbsp;<\/p>\n<blockquote>\n<h3>VARIANTE DI LONGARONE: PRESENTATE ALCUNE RICHIESTE AD ANAS PER RIDURRE L\u2019IMPATTO AMBIENTALE<\/h3>\n<\/blockquote>\n<p><strong><a class=\"dt-pswp-item\" href=\"https:\/\/www.radiopiu.net\/wordpress\/wp-content\/uploads\/2023\/03\/MUNICIPIO-LONGARONE-scaled.jpg\" data-dt-img-description=\"\" data-large_image_width=\"2560\" data-large_image_height=\"1707\"><img loading=\"lazy\" decoding=\"async\" class=\" wp-image-328192 alignleft\" src=\"https:\/\/www.radiopiu.net\/wordpress\/wp-content\/uploads\/2023\/03\/MUNICIPIO-LONGARONE-300x200.jpg\" alt=\"\" width=\"164\" height=\"109\" srcset=\"https:\/\/www.radiopiu.net\/wordpress\/wp-content\/uploads\/2023\/03\/MUNICIPIO-LONGARONE-300x200.jpg 300w, https:\/\/www.radiopiu.net\/wordpress\/wp-content\/uploads\/2023\/03\/MUNICIPIO-LONGARONE-1024x683.jpg 1024w, https:\/\/www.radiopiu.net\/wordpress\/wp-content\/uploads\/2023\/03\/MUNICIPIO-LONGARONE-768x512.jpg 768w, https:\/\/www.radiopiu.net\/wordpress\/wp-content\/uploads\/2023\/03\/MUNICIPIO-LONGARONE-1536x1024.jpg 1536w, https:\/\/www.radiopiu.net\/wordpress\/wp-content\/uploads\/2023\/03\/MUNICIPIO-LONGARONE-2048x1366.jpg 2048w\" sizes=\"auto, (max-width: 164px) 100vw, 164px\" \/><\/a>LONGARONE<\/strong> Il sindaco di Longarone, Roberto Padrin, si impegna nel migliorare la variante viabilistica per le Olimpiadi Milano-Cortina 2026, ascoltando i cittadini e cercando soluzioni meno impattanti. Le richieste di modifiche al progetto, soprattutto per la zona della fiera, sono state presentate da un gruppo di cittadini che propone soluzioni alternative come una strada in trincea anzich\u00e9 sopraelevata e un ingresso alla galleria pi\u00f9 basso. Il sindaco accoglie positivamente tali proposte e si impegna a lavorare con Anas per trovare soluzioni migliorative. L&#8217;obiettivo \u00e8 conciliare le esigenze di viabilit\u00e0 con la riduzione dell&#8217;impatto ambientale. La collaborazione dei cittadini \u00e8 fondamentale e l&#8217;amministrazione comunale si impegna per il bene della comunit\u00e0, come dimostrato dallo spostamento del cantiere a Fortogna.<\/p>\n<p>&nbsp;<\/p>\n<p>&nbsp;<\/p>\n<hr \/>\n<p>&nbsp;<\/p>\n<blockquote>\n<h3>IL SENTIERO DI RIO SALERE RIQUALIFICATO CON L&#8217;AIUTO DEL PARCO<\/h3>\n<\/blockquote>\n<p><strong><a class=\"dt-pswp-item\" href=\"https:\/\/www.radiopiu.net\/wordpress\/wp-content\/uploads\/2024\/03\/Mulino_di_Rio_Salere_1.jpg\" data-dt-img-description=\"\" data-large_image_width=\"1200\" data-large_image_height=\"1600\"><img loading=\"lazy\" decoding=\"async\" class=\" wp-image-380495 alignleft\" src=\"https:\/\/www.radiopiu.net\/wordpress\/wp-content\/uploads\/2024\/03\/Mulino_di_Rio_Salere_1-225x300.jpg\" alt=\"\" width=\"101\" height=\"135\" srcset=\"https:\/\/www.radiopiu.net\/wordpress\/wp-content\/uploads\/2024\/03\/Mulino_di_Rio_Salere_1-225x300.jpg 225w, https:\/\/www.radiopiu.net\/wordpress\/wp-content\/uploads\/2024\/03\/Mulino_di_Rio_Salere_1-768x1024.jpg 768w, https:\/\/www.radiopiu.net\/wordpress\/wp-content\/uploads\/2024\/03\/Mulino_di_Rio_Salere_1-1152x1536.jpg 1152w, https:\/\/www.radiopiu.net\/wordpress\/wp-content\/uploads\/2024\/03\/Mulino_di_Rio_Salere_1.jpg 1200w\" sizes=\"auto, (max-width: 101px) 100vw, 101px\" \/><\/a>PONTE NELLE ALPI<\/strong> Il Parco Nazionale delle Dolomiti Bellunesi, con il Comune di Ponte nelle Alpi e associazioni volontarie, riqualificher\u00e0 il &#8220;sentiero del lupo&#8221; a Pian di Vedoia, tra i due fiumicelli \u201cRio Salere\u201d e \u201cRio dei Frari\u201d. Il luogo, chiamato &#8220;Mesopotamia&#8221; da Gianfranco Dal Canale, sar\u00e0 valorizzato con mulini restaurati e un percorso accessibile. Il finanziamento di 32mila euro favorir\u00e0 la collaborazione tra enti e volontari per preservare e rendere fruibile questo ambiente unico.<\/p>\n<p>&nbsp;<\/p>\n<p>&nbsp;<\/p>\n<hr \/>\n<p>&nbsp;<\/p>\n<blockquote>\n<h3>SETTE NUOVE PROFESSIONISTE IN FIDAPA<\/h3>\n<\/blockquote>\n<p><strong><a class=\"dt-pswp-item\" href=\"https:\/\/www.radiopiu.net\/wordpress\/wp-content\/uploads\/2024\/03\/Buiatti-Tormen-Prencipe-presidente-Gasparo-Mezzacasa-Balcon-Licini-.-Paos.jpg\" data-dt-img-description=\"\" data-large_image_width=\"1297\" data-large_image_height=\"1032\"><img loading=\"lazy\" decoding=\"async\" class=\" wp-image-380502 alignleft\" src=\"https:\/\/www.radiopiu.net\/wordpress\/wp-content\/uploads\/2024\/03\/Buiatti-Tormen-Prencipe-presidente-Gasparo-Mezzacasa-Balcon-Licini-.-Paos-300x239.jpg\" alt=\"\" width=\"171\" height=\"136\" srcset=\"https:\/\/www.radiopiu.net\/wordpress\/wp-content\/uploads\/2024\/03\/Buiatti-Tormen-Prencipe-presidente-Gasparo-Mezzacasa-Balcon-Licini-.-Paos-300x239.jpg 300w, https:\/\/www.radiopiu.net\/wordpress\/wp-content\/uploads\/2024\/03\/Buiatti-Tormen-Prencipe-presidente-Gasparo-Mezzacasa-Balcon-Licini-.-Paos-1024x815.jpg 1024w, https:\/\/www.radiopiu.net\/wordpress\/wp-content\/uploads\/2024\/03\/Buiatti-Tormen-Prencipe-presidente-Gasparo-Mezzacasa-Balcon-Licini-.-Paos-768x611.jpg 768w, https:\/\/www.radiopiu.net\/wordpress\/wp-content\/uploads\/2024\/03\/Buiatti-Tormen-Prencipe-presidente-Gasparo-Mezzacasa-Balcon-Licini-.-Paos.jpg 1297w\" sizes=\"auto, (max-width: 171px) 100vw, 171px\" \/><\/a>BELLUNO<\/strong> Sette nuove professioniste entrano nella Fidapa bellunese, un evento senza precedenti per l&#8217;associazione. La cerimonia di investitura si \u00e8 svolta durante l&#8217;annuale Cerimonia delle candele, simbolo di condivisione dei valori femminili. La presidente Caterina Gasparo si dichiara soddisfatta e sottolinea l&#8217;importanza di queste nuove entrate, specialmente la giovane Federica Mezzacasa. La Fidapa bellunese si impegna in iniziative sull&#8217;educazione finanziaria e contro la violenza di genere, promuovendo la collaborazione con istituzioni e altre associazioni. Le nuove socie includono professioniste provenienti da varie discipline, dal diritto alla psicologia, dall&#8217;aziendalismo alla formazione.<\/p>\n<p>&nbsp;<\/p>\n<p>&nbsp;<\/p>\n<hr \/>\n<p>&nbsp;<\/p>\n<blockquote>\n<h3>LUCE E GAS: CONSUMI E BOLLETTE IN CALO, CRESCONO LE FORNITURE DA 4,5 KW<\/h3>\n<\/blockquote>\n<p><strong><a class=\"dt-pswp-item\" href=\"https:\/\/www.radiopiu.net\/wordpress\/wp-content\/uploads\/2023\/09\/una-lampada-non-luminosa-e-appesa-nello-spazio-scuro-della-copia-dello-sfondo-sfocato.jpg\" data-dt-img-description=\"\" data-large_image_width=\"1000\" data-large_image_height=\"667\"><img loading=\"lazy\" decoding=\"async\" class=\" wp-image-353742 alignleft\" src=\"https:\/\/www.radiopiu.net\/wordpress\/wp-content\/uploads\/2023\/09\/una-lampada-non-luminosa-e-appesa-nello-spazio-scuro-della-copia-dello-sfondo-sfocato-300x200.jpg\" alt=\"\" width=\"176\" height=\"117\" srcset=\"https:\/\/www.radiopiu.net\/wordpress\/wp-content\/uploads\/2023\/09\/una-lampada-non-luminosa-e-appesa-nello-spazio-scuro-della-copia-dello-sfondo-sfocato-300x200.jpg 300w, https:\/\/www.radiopiu.net\/wordpress\/wp-content\/uploads\/2023\/09\/una-lampada-non-luminosa-e-appesa-nello-spazio-scuro-della-copia-dello-sfondo-sfocato-768x512.jpg 768w, https:\/\/www.radiopiu.net\/wordpress\/wp-content\/uploads\/2023\/09\/una-lampada-non-luminosa-e-appesa-nello-spazio-scuro-della-copia-dello-sfondo-sfocato.jpg 1000w\" sizes=\"auto, (max-width: 176px) 100vw, 176px\" \/><\/a>MILANO<\/strong> In Italia, i consumi di luce e gas continuano a diminuire nel 2024, confermando una tendenza gi\u00e0 evidenziata nel 2023, insieme a un crollo significativo della spesa annua. Segugio.it riporta una maggiore attenzione al risparmio energetico e una riduzione dei costi delle materie prime, con un aumento delle forniture con potenza superiore a 3 kW. Il confronto tra i consumi di gennaio e febbraio 2024 e lo stesso periodo dell&#8217;anno precedente rivela un calo del 5% nell&#8217;elettricit\u00e0 e del 14% nel gas. Le bollette subiscono un netto abbattimento, fino al 30% in alcune citt\u00e0 italiane, grazie alla diminuzione dei prezzi delle materie prime. Un trend emergente \u00e8 l&#8217;adozione di forniture con potenza impegnata superiore a 3 kW, evidenziando un cambiamento nelle preferenze degli utenti. Paolo Benazzi di Segugio.it osserva che il 2024 sembra riportare i costi energetici ai livelli pre-crisi, con una riduzione della spesa annua grazie alla diminuzione dei consumi. Mentre le offerte sul mercato libero potrebbero non essere ancora al massimo della competitivit\u00e0, la limitazione dei consumi rimane il modo pi\u00f9 efficace per risparmiare.<\/p>\n<p>&nbsp;<\/p>\n<p>&nbsp;<\/p>\n<hr \/>\n<p>&nbsp;<\/p>\n<h2><span style=\"color: #ff0000;\">CONSIGLI COMUNALI<\/span><\/h2>\n<p><strong>COLLE SANTA LUCIA<\/strong> Il sindaco Paolo Frena ha convocato il consiglio comunale per mercoled\u00ec alle 20:30. Tra i temi da affrontare la ristrutturazione globale e la messa in sicurezza e adeguamento sismico del municipio, la disciplina regionale per il contenimento del consumo del suolo e una variazione a bilancio<\/p>\n<p>&nbsp;<\/p>\n<p>&nbsp;<\/p>\n<hr \/>\n<p>&nbsp;<\/p>\n<blockquote>\n<h3>VALPE: A SEDICO ALCUNI SERVIZI SOSPESI PER IL SANTO PATRONO<\/h3>\n<\/blockquote>\n<p><strong><a class=\"dt-pswp-item\" href=\"https:\/\/www.radiopiu.net\/wordpress\/wp-content\/uploads\/2021\/10\/VALPE.png\" data-dt-img-description=\"\" data-large_image_width=\"800\" data-large_image_height=\"400\"><img loading=\"lazy\" decoding=\"async\" class=\" wp-image-236977 alignleft\" src=\"https:\/\/www.radiopiu.net\/wordpress\/wp-content\/uploads\/2021\/10\/VALPE-300x150.png\" alt=\"\" width=\"158\" height=\"79\" srcset=\"https:\/\/www.radiopiu.net\/wordpress\/wp-content\/uploads\/2021\/10\/VALPE-300x150.png 300w, https:\/\/www.radiopiu.net\/wordpress\/wp-content\/uploads\/2021\/10\/VALPE-768x384.png 768w, https:\/\/www.radiopiu.net\/wordpress\/wp-content\/uploads\/2021\/10\/VALPE.png 800w\" sizes=\"auto, (max-width: 158px) 100vw, 158px\" \/><\/a>SEDICO<\/strong> Luned\u00ec\u00a025 marzo, in occasione della festivit\u00e0 del Santo Patrono del Comune di Sedico, dove ha sede legale Valpe Ambiente, alcuni servizi sono sospesi.\u00a0 Gli Ecosportelli sono chiusi e\u00a0tutte le raccolte previste sono sospese; alcune sono anticipate a sabato 23 marzo. Consulta l&#8217;Ecocalendario per conoscere le raccolte in programma<\/p>\n<p>&nbsp;<\/p>\n<p>&nbsp;<\/p>\n<p>&nbsp;<\/p>\n<hr \/>\n<p>&nbsp;<\/p>\n<blockquote>\n<h3>L&#8217;ALBERO DELLA PASQUA A TOCCOL DI AGORDO<\/h3>\n<\/blockquote>\n<p><strong>AGORDO<\/strong> Ormai \u00e8 una tradizione. Anche a Toccol \u00e8 comparso l&#8217;albero della Pasqua. Un modo per augurare a tutti l&#8217;arrivo della festivit\u00e0. A addobbare l&#8217;albero i boce da Toccol con Renzo e Giovannina.<\/p>\n\n\t\t\t<style type='text\/css'>\n\t\t\t\t#gallery-3 {\n\t\t\t\t\tmargin: auto;\n\t\t\t\t}\n\t\t\t\t#gallery-3 .gallery-item {\n\t\t\t\t\tfloat: left;\n\t\t\t\t\tmargin-top: 10px;\n\t\t\t\t\ttext-align: center;\n\t\t\t\t\twidth: 100%;\n\t\t\t\t}\n\t\t\t\t#gallery-3 img {\n\t\t\t\t\tborder: 2px solid #cfcfcf;\n\t\t\t\t}\n\t\t\t\t#gallery-3 .gallery-caption {\n\t\t\t\t\tmargin-left: 0;\n\t\t\t\t}\n\t\t\t\t\/* see gallery_shortcode() in wp-includes\/media.php *\/\n\t\t\t<\/style>\n\t\t<div id='gallery-3' class='dt-gallery-container gallery galleryid-380322 gallery-columns-1 gallery-size-medium'><dl class='gallery-item'>\n\t\t\t\t<dt class='gallery-icon portrait'>\n\t\t\t\t\t<a class=\"rollover rollover-zoom dt-pswp-item\" title=\"25d3c8b2-f3af-4ac0-bdb9-9b712a3ca565\" data-dt-img-description=\"\" data-large_image_width=\"739\" data-large_image_height=\"1600\"href='https:\/\/www.radiopiu.net\/wordpress\/wp-content\/uploads\/2024\/03\/25d3c8b2-f3af-4ac0-bdb9-9b712a3ca565.jpg'><img loading=\"lazy\" decoding=\"async\" width=\"139\" height=\"300\" src=\"https:\/\/www.radiopiu.net\/wordpress\/wp-content\/uploads\/2024\/03\/25d3c8b2-f3af-4ac0-bdb9-9b712a3ca565-139x300.jpg\" class=\"attachment-medium size-medium\" alt=\"\" srcset=\"https:\/\/www.radiopiu.net\/wordpress\/wp-content\/uploads\/2024\/03\/25d3c8b2-f3af-4ac0-bdb9-9b712a3ca565-139x300.jpg 139w, https:\/\/www.radiopiu.net\/wordpress\/wp-content\/uploads\/2024\/03\/25d3c8b2-f3af-4ac0-bdb9-9b712a3ca565-473x1024.jpg 473w, https:\/\/www.radiopiu.net\/wordpress\/wp-content\/uploads\/2024\/03\/25d3c8b2-f3af-4ac0-bdb9-9b712a3ca565-709x1536.jpg 709w, https:\/\/www.radiopiu.net\/wordpress\/wp-content\/uploads\/2024\/03\/25d3c8b2-f3af-4ac0-bdb9-9b712a3ca565.jpg 739w\" sizes=\"auto, (max-width: 139px) 100vw, 139px\" \/><\/a>\n\t\t\t\t<\/dt><\/dl><br style=\"clear: both\" \/>\n\t\t\t<\/div>\n\n<p>&nbsp;<\/p>\n<hr \/>\n<p>&nbsp;<\/p>\n<blockquote>\n<h3>I RAGAZZI DEL DOPOSCUOLA DI AGORDO E LA LORO VENA ARTISTICA<\/h3>\n<\/blockquote>\n<p><strong>AGORDO<\/strong> I ragazzi del doposcuola delle medie di Agordo si sono improvvisati degli artisti abbellendo i loro spazi. Hanno addobbato l&#8217;albero di Pasqua con gli Ojos de Dios fatti da loro oltre che dare vita agli spazi esterni colorando con dei graffiti l&#8217;esterno del doposcuola.<\/p>\n\n\t\t\t<style type='text\/css'>\n\t\t\t\t#gallery-4 {\n\t\t\t\t\tmargin: auto;\n\t\t\t\t}\n\t\t\t\t#gallery-4 .gallery-item {\n\t\t\t\t\tfloat: left;\n\t\t\t\t\tmargin-top: 10px;\n\t\t\t\t\ttext-align: center;\n\t\t\t\t\twidth: 20%;\n\t\t\t\t}\n\t\t\t\t#gallery-4 img {\n\t\t\t\t\tborder: 2px solid #cfcfcf;\n\t\t\t\t}\n\t\t\t\t#gallery-4 .gallery-caption {\n\t\t\t\t\tmargin-left: 0;\n\t\t\t\t}\n\t\t\t\t\/* see gallery_shortcode() in wp-includes\/media.php *\/\n\t\t\t<\/style>\n\t\t<div id='gallery-4' class='dt-gallery-container gallery galleryid-380322 gallery-columns-5 gallery-size-thumbnail'><dl class='gallery-item'>\n\t\t\t\t<dt class='gallery-icon portrait'>\n\t\t\t\t\t<a class=\"rollover rollover-zoom dt-pswp-item\" title=\"74946142-d61f-46da-966f-6bc6535083e1\" data-dt-img-description=\"\" data-large_image_width=\"1204\" data-large_image_height=\"1600\"href='https:\/\/www.radiopiu.net\/wordpress\/wp-content\/uploads\/2024\/03\/74946142-d61f-46da-966f-6bc6535083e1.jpg'><img loading=\"lazy\" decoding=\"async\" width=\"150\" height=\"150\" src=\"https:\/\/www.radiopiu.net\/wordpress\/wp-content\/uploads\/2024\/03\/74946142-d61f-46da-966f-6bc6535083e1-150x150.jpg\" class=\"attachment-thumbnail size-thumbnail\" alt=\"\" \/><\/a>\n\t\t\t\t<\/dt><\/dl><dl class='gallery-item'>\n\t\t\t\t<dt class='gallery-icon portrait'>\n\t\t\t\t\t<a class=\"rollover rollover-zoom dt-pswp-item\" title=\"0d069cea-4f87-493a-9c5c-e697e7a51fb7\" data-dt-img-description=\"\" data-large_image_width=\"1204\" data-large_image_height=\"1600\"href='https:\/\/www.radiopiu.net\/wordpress\/wp-content\/uploads\/2024\/03\/0d069cea-4f87-493a-9c5c-e697e7a51fb7.jpg'><img loading=\"lazy\" decoding=\"async\" width=\"150\" height=\"150\" src=\"https:\/\/www.radiopiu.net\/wordpress\/wp-content\/uploads\/2024\/03\/0d069cea-4f87-493a-9c5c-e697e7a51fb7-150x150.jpg\" class=\"attachment-thumbnail size-thumbnail\" alt=\"\" \/><\/a>\n\t\t\t\t<\/dt><\/dl><dl class='gallery-item'>\n\t\t\t\t<dt class='gallery-icon portrait'>\n\t\t\t\t\t<a class=\"rollover rollover-zoom dt-pswp-item\" title=\"af016345-9b8d-431a-beb4-d557bb6d8b24\" data-dt-img-description=\"\" data-large_image_width=\"1204\" data-large_image_height=\"1600\"href='https:\/\/www.radiopiu.net\/wordpress\/wp-content\/uploads\/2024\/03\/af016345-9b8d-431a-beb4-d557bb6d8b24.jpg'><img loading=\"lazy\" decoding=\"async\" width=\"150\" height=\"150\" src=\"https:\/\/www.radiopiu.net\/wordpress\/wp-content\/uploads\/2024\/03\/af016345-9b8d-431a-beb4-d557bb6d8b24-150x150.jpg\" class=\"attachment-thumbnail size-thumbnail\" alt=\"\" \/><\/a>\n\t\t\t\t<\/dt><\/dl><dl class='gallery-item'>\n\t\t\t\t<dt class='gallery-icon portrait'>\n\t\t\t\t\t<a class=\"rollover rollover-zoom dt-pswp-item\" title=\"acb7a3d5-38c8-484e-b0dc-bf0266eea298\" data-dt-img-description=\"\" data-large_image_width=\"1204\" data-large_image_height=\"1600\"href='https:\/\/www.radiopiu.net\/wordpress\/wp-content\/uploads\/2024\/03\/acb7a3d5-38c8-484e-b0dc-bf0266eea298.jpg'><img loading=\"lazy\" decoding=\"async\" width=\"150\" height=\"150\" src=\"https:\/\/www.radiopiu.net\/wordpress\/wp-content\/uploads\/2024\/03\/acb7a3d5-38c8-484e-b0dc-bf0266eea298-150x150.jpg\" class=\"attachment-thumbnail size-thumbnail\" alt=\"\" \/><\/a>\n\t\t\t\t<\/dt><\/dl><dl class='gallery-item'>\n\t\t\t\t<dt class='gallery-icon portrait'>\n\t\t\t\t\t<a class=\"rollover rollover-zoom dt-pswp-item\" title=\"37dc44a3-284d-4208-9cf2-098e9010b498\" data-dt-img-description=\"\" data-large_image_width=\"1204\" data-large_image_height=\"1600\"href='https:\/\/www.radiopiu.net\/wordpress\/wp-content\/uploads\/2024\/03\/37dc44a3-284d-4208-9cf2-098e9010b498.jpg'><img loading=\"lazy\" decoding=\"async\" width=\"150\" height=\"150\" src=\"https:\/\/www.radiopiu.net\/wordpress\/wp-content\/uploads\/2024\/03\/37dc44a3-284d-4208-9cf2-098e9010b498-150x150.jpg\" class=\"attachment-thumbnail size-thumbnail\" alt=\"\" \/><\/a>\n\t\t\t\t<\/dt><\/dl><br style=\"clear: both\" \/><dl class='gallery-item'>\n\t\t\t\t<dt class='gallery-icon portrait'>\n\t\t\t\t\t<a class=\"rollover rollover-zoom dt-pswp-item\" title=\"180be49d-f48a-44c2-a0ae-71d1aeb19f2a\" data-dt-img-description=\"\" data-large_image_width=\"1204\" data-large_image_height=\"1600\"href='https:\/\/www.radiopiu.net\/wordpress\/wp-content\/uploads\/2024\/03\/180be49d-f48a-44c2-a0ae-71d1aeb19f2a.jpg'><img loading=\"lazy\" decoding=\"async\" width=\"150\" height=\"150\" src=\"https:\/\/www.radiopiu.net\/wordpress\/wp-content\/uploads\/2024\/03\/180be49d-f48a-44c2-a0ae-71d1aeb19f2a-150x150.jpg\" class=\"attachment-thumbnail size-thumbnail\" alt=\"\" \/><\/a>\n\t\t\t\t<\/dt><\/dl><dl class='gallery-item'>\n\t\t\t\t<dt class='gallery-icon portrait'>\n\t\t\t\t\t<a class=\"rollover rollover-zoom dt-pswp-item\" title=\"06c5b057-a4ff-4e58-9ca3-69cee84d0372\" data-dt-img-description=\"\" data-large_image_width=\"1204\" data-large_image_height=\"1600\"href='https:\/\/www.radiopiu.net\/wordpress\/wp-content\/uploads\/2024\/03\/06c5b057-a4ff-4e58-9ca3-69cee84d0372.jpg'><img loading=\"lazy\" decoding=\"async\" width=\"150\" height=\"150\" src=\"https:\/\/www.radiopiu.net\/wordpress\/wp-content\/uploads\/2024\/03\/06c5b057-a4ff-4e58-9ca3-69cee84d0372-150x150.jpg\" class=\"attachment-thumbnail size-thumbnail\" alt=\"\" \/><\/a>\n\t\t\t\t<\/dt><\/dl><dl class='gallery-item'>\n\t\t\t\t<dt class='gallery-icon landscape'>\n\t\t\t\t\t<a class=\"rollover rollover-zoom dt-pswp-item\" title=\"a0d7f50e-d3cc-4c54-b83e-ac8ae81b3cae\" data-dt-img-description=\"\" data-large_image_width=\"1600\" data-large_image_height=\"1204\"href='https:\/\/www.radiopiu.net\/wordpress\/wp-content\/uploads\/2024\/03\/a0d7f50e-d3cc-4c54-b83e-ac8ae81b3cae.jpg'><img loading=\"lazy\" decoding=\"async\" width=\"150\" height=\"150\" src=\"https:\/\/www.radiopiu.net\/wordpress\/wp-content\/uploads\/2024\/03\/a0d7f50e-d3cc-4c54-b83e-ac8ae81b3cae-150x150.jpg\" class=\"attachment-thumbnail size-thumbnail\" alt=\"\" \/><\/a>\n\t\t\t\t<\/dt><\/dl><dl class='gallery-item'>\n\t\t\t\t<dt class='gallery-icon portrait'>\n\t\t\t\t\t<a class=\"rollover rollover-zoom dt-pswp-item\" title=\"eaa282ba-3691-48f9-9b6b-268040777beb\" data-dt-img-description=\"\" data-large_image_width=\"1204\" data-large_image_height=\"1600\"href='https:\/\/www.radiopiu.net\/wordpress\/wp-content\/uploads\/2024\/03\/eaa282ba-3691-48f9-9b6b-268040777beb.jpg'><img loading=\"lazy\" decoding=\"async\" width=\"150\" height=\"150\" src=\"https:\/\/www.radiopiu.net\/wordpress\/wp-content\/uploads\/2024\/03\/eaa282ba-3691-48f9-9b6b-268040777beb-150x150.jpg\" class=\"attachment-thumbnail size-thumbnail\" alt=\"\" \/><\/a>\n\t\t\t\t<\/dt><\/dl><dl class='gallery-item'>\n\t\t\t\t<dt class='gallery-icon portrait'>\n\t\t\t\t\t<a class=\"rollover rollover-zoom dt-pswp-item\" title=\"00d84f46-4426-44ce-8def-5cf1d92f483f\" data-dt-img-description=\"\" data-large_image_width=\"1204\" data-large_image_height=\"1600\"href='https:\/\/www.radiopiu.net\/wordpress\/wp-content\/uploads\/2024\/03\/00d84f46-4426-44ce-8def-5cf1d92f483f.jpg'><img loading=\"lazy\" decoding=\"async\" width=\"150\" height=\"150\" src=\"https:\/\/www.radiopiu.net\/wordpress\/wp-content\/uploads\/2024\/03\/00d84f46-4426-44ce-8def-5cf1d92f483f-150x150.jpg\" class=\"attachment-thumbnail size-thumbnail\" alt=\"\" \/><\/a>\n\t\t\t\t<\/dt><\/dl><br style=\"clear: both\" \/>\n\t\t\t<\/div>\n\n<p>&nbsp;<\/p>\n<p>&nbsp;<\/p>\n<p>&nbsp;<\/p>\n<hr \/>\n<p>&nbsp;<\/p>\n<p><strong class=\"photoswipe-wrapper\"><a class=\"dt-pswp-item pspw-wrap-ready\" href=\"https:\/\/www.radiopiu.net\/wordpress\/wp-content\/uploads\/2024\/01\/Senza-nome-34.png\" data-dt-img-description=\"\" data-large_image_width=\"239\" data-large_image_height=\"153\"><img loading=\"lazy\" decoding=\"async\" class=\"wp-image-369478 alignleft\" src=\"https:\/\/www.radiopiu.net\/wordpress\/wp-content\/uploads\/2024\/01\/Senza-nome-34.png\" alt=\"\" width=\"128\" height=\"82\" \/><\/a><\/strong><\/p>\n<h3 class=\"_title post-title entry-title\"><\/h3>\n<p><strong>dal TG BELLUNESE di\u00a0 ANTENNA 3 ogni sera alle 19.30 sul canale 10 del digitale terrestre e alle 19 le anticipazioni alla radio.\u00a0\u00a0<\/strong><\/p>\n<blockquote>\n<h3 class=\"_title post-title entry-title\">ARTE EN PLEIN AIR ALL\u2019ANTICO BORGO DI PIAZZA DELLE ERBE<\/h3>\n<\/blockquote>\n<p>Intervistati FRANCESCA LAURIA PINTER (PRESIDENTE CIRCOLO ARTISTICO \u201cMARIO MORALES\u201d), LIDIA REFFO (PITTRICE) (Servizio di\u00a0<a href=\"https:\/\/antennatre.medianordest.it\/redazione\/Tiziana-Bolognani\/\">Tiziana Bolognani<\/a>)<\/p>\n<p><iframe loading=\"lazy\" title=\"ARTE EN PLEIN AIR ALL&#039;ANTICO BORGO DI PIAZZA DELLE ERBE | 22\/03\/2024\" width=\"1200\" height=\"675\" src=\"https:\/\/www.youtube.com\/embed\/h5Zo8Mkm-Wg?feature=oembed\" frameborder=\"0\" allow=\"accelerometer; autoplay; clipboard-write; encrypted-media; gyroscope; picture-in-picture; web-share\" allowfullscreen><\/iframe><\/p>\n<hr \/>\n<p>&nbsp;<\/p>\n<blockquote>\n<h3>UN BANDO PER ALLIEVI MARESCIALLI DELLA GUARDIA DI FINANZA<\/h3>\n<\/blockquote>\n<p><strong><a class=\"dt-pswp-item\" href=\"https:\/\/www.radiopiu.net\/wordpress\/wp-content\/uploads\/2021\/07\/9dab3da2-5b99-4e4c-9808-d95d42ff43b5.jpg\" data-dt-img-description=\"\" data-large_image_width=\"1067\" data-large_image_height=\"1067\"><img loading=\"lazy\" decoding=\"async\" class=\" wp-image-222502 alignleft\" src=\"https:\/\/www.radiopiu.net\/wordpress\/wp-content\/uploads\/2021\/07\/9dab3da2-5b99-4e4c-9808-d95d42ff43b5-300x300.jpg\" alt=\"\" width=\"103\" height=\"103\" srcset=\"https:\/\/www.radiopiu.net\/wordpress\/wp-content\/uploads\/2021\/07\/9dab3da2-5b99-4e4c-9808-d95d42ff43b5-300x300.jpg 300w, https:\/\/www.radiopiu.net\/wordpress\/wp-content\/uploads\/2021\/07\/9dab3da2-5b99-4e4c-9808-d95d42ff43b5-1024x1024.jpg 1024w, https:\/\/www.radiopiu.net\/wordpress\/wp-content\/uploads\/2021\/07\/9dab3da2-5b99-4e4c-9808-d95d42ff43b5-150x150.jpg 150w, https:\/\/www.radiopiu.net\/wordpress\/wp-content\/uploads\/2021\/07\/9dab3da2-5b99-4e4c-9808-d95d42ff43b5-768x768.jpg 768w, https:\/\/www.radiopiu.net\/wordpress\/wp-content\/uploads\/2021\/07\/9dab3da2-5b99-4e4c-9808-d95d42ff43b5.jpg 1067w\" sizes=\"auto, (max-width: 103px) 100vw, 103px\" \/><\/a>BELLUNO<\/strong> La Guardia di Finanza ha indetto un concorso per l&#8217;ammissione di 1.330 allievi marescialli al 96\u00b0 corso presso la Scuola Ispettori e Sovrintendenti per l&#8217;anno accademico 2024\/2025. I posti sono suddivisi tra contingente ordinario e di mare, con riserve specifiche. Possono partecipare cittadini italiani tra i 17 e i 26 anni. La domanda va presentata entro le ore 12:00 del 6 aprile 2024 tramite il portale <a href=\"https:\/\/concorsi.gdf.gov.it\/\" target=\"_new\" rel=\"noopener\">https:\/\/concorsi.gdf.gov.it<\/a>, con autenticazione SPID o CIE. Ulteriori dettagli sono disponibili sul portale o tramite l&#8217;APP Mobile &#8220;GdF Concorsi&#8221;.<\/p>\n<p>&nbsp;<\/p>\n<p>&nbsp;<\/p>\n<hr \/>\n<p>&nbsp;<\/p>\n<div class=\"flex-1 overflow-hidden\">\n<div class=\"react-scroll-to-bottom--css-petsd-79elbk h-full\">\n<div class=\"react-scroll-to-bottom--css-petsd-1n7m0yu\">\n<div class=\"flex flex-col text-sm pb-9\">\n<div class=\"w-full text-token-text-primary\" data-testid=\"conversation-turn-56\">\n<div class=\"px-4 py-2 justify-center text-base md:gap-6 m-auto\">\n<div class=\"flex flex-1 text-base mx-auto gap-3 md:px-5 lg:px-1 xl:px-5 md:max-w-3xl lg:max-w-[40rem] xl:max-w-[48rem] group final-completion\">\n<div class=\"relative flex w-full flex-col agent-turn\">\n<div class=\"flex-col gap-1 md:gap-3\">\n<blockquote>\n<h1><span style=\"color: #ff0000;\"><strong>BANDI E CONCORSI<\/strong><\/span><\/h1>\n<\/blockquote>\n<div><\/div>\n<div>\n<p><strong><a class=\"dt-pswp-item\" href=\"https:\/\/www.radiopiu.net\/wordpress\/wp-content\/uploads\/2022\/03\/ASCA.jpg\" data-dt-img-description=\"\" data-large_image_width=\"292\" data-large_image_height=\"290\"><img loading=\"lazy\" decoding=\"async\" class=\"wp-image-263829 alignleft\" src=\"https:\/\/www.radiopiu.net\/wordpress\/wp-content\/uploads\/2022\/03\/ASCA.jpg\" alt=\"\" width=\"100\" height=\"99\" srcset=\"https:\/\/www.radiopiu.net\/wordpress\/wp-content\/uploads\/2022\/03\/ASCA.jpg 292w, https:\/\/www.radiopiu.net\/wordpress\/wp-content\/uploads\/2022\/03\/ASCA-150x150.jpg 150w\" sizes=\"auto, (max-width: 100px) 100vw, 100px\" \/><\/a>L\u2019AZIENDA SPECIALE CONSORTILE AGORDINA, ASCA, HA EMESSO UN BANDO PER LA SELEZIONE DI UNO PSICOLOGO.LIVELLO CONTRATTUALE:2\u00b0 \u2013 CONTRATTO UNEBA Accesso Welfare Aziendale Possibilit\u00e0 di sistemazione abitativa gratuita per 8 mesi LE DOMANDE VANNO PRESENTATE ENTRO LE 12 DI LUNEDI 1 APRILE: INFO WW.servizisocialiasca.it\u00a0 \u00a0<\/strong><\/p>\n<p>&nbsp;<\/p>\n<hr \/>\n<\/div>\n<\/div>\n<\/div>\n<\/div>\n<\/div>\n<\/div>\n<\/div>\n<\/div>\n<\/div>\n<\/div>\n<div class=\"w-full pt-2 md:pt-0 dark:border-white\/20 md:border-transparent md:dark:border-transparent md:w-[calc(100%-.5rem)]\">\n<form class=\"stretch mx-2 flex flex-row gap-3 last:mb-2 md:mx-4 md:last:mb-6 lg:mx-auto lg:max-w-2xl xl:max-w-3xl\">\n<div class=\"relative flex h-full flex-1 flex-col\">\n<div class=\"flex w-full items-center\">\n<p><strong><a class=\"dt-pswp-item\" href=\"https:\/\/www.radiopiu.net\/wordpress\/wp-content\/uploads\/2018\/03\/VILLA-GIUSEPPE.jpg\" data-dt-img-description=\"\" data-large_image_width=\"250\" data-large_image_height=\"332\"><img loading=\"lazy\" decoding=\"async\" class=\"wp-image-45507 alignleft\" src=\"https:\/\/www.radiopiu.net\/wordpress\/wp-content\/uploads\/2018\/03\/VILLA-GIUSEPPE-226x300.jpg\" alt=\"\" width=\"79\" height=\"105\" srcset=\"https:\/\/www.radiopiu.net\/wordpress\/wp-content\/uploads\/2018\/03\/VILLA-GIUSEPPE-226x300.jpg 226w, https:\/\/www.radiopiu.net\/wordpress\/wp-content\/uploads\/2018\/03\/VILLA-GIUSEPPE.jpg 250w\" sizes=\"auto, (max-width: 79px) 100vw, 79px\" \/><\/a>08 03<\/strong>\u00a0<strong>La Fodom Servizi ha pubblicato un avviso di selezione per la formulazione di una graduatoria di idoneit\u00e0 per l\u2019inserimento a tempo indeterminato\/determinato, a tempo pieno o parziale, presso il Centro Servizi per Anziani Villa San Giuseppe, per la figura di: OPERATORE POLIVALENTE \u2013 ADDETTO ALLE PULIZIE E LAVANDERIA. \u00a0Con scadenza presentazione domande il 22.03.2024 ore 12.00.\u00a0<\/strong><strong>Per info: 0436-7106 oppure\u00a0<\/strong><a href=\"http:\/\/www.fodomservizi.it\/\"><strong>www.fodomservizi.it<\/strong><\/a><\/p>\n<\/div>\n<\/div>\n<\/form>\n<\/div>\n<p>&nbsp;<\/p>\n<p>&nbsp;<\/p>\n<hr \/>\n<p>&nbsp;<\/p>\n<blockquote>\n<h3>DOMANI AL CIAMPAC, VALLI DI FASSA, FIEMME, AGORDINO IN FESTA<\/h3>\n<\/blockquote>\n<p>&nbsp;<\/p>\n<p><strong>LO SPOT ALLA RADIO\u00a0<\/strong><\/p>\n<audio class=\"wp-audio-shortcode\" id=\"audio-380322-9\" preload=\"none\" style=\"width: 100%;\" controls=\"controls\"><source type=\"audio\/mpeg\" src=\"https:\/\/www.radiopiu.net\/wordpress\/wp-content\/uploads\/2024\/03\/Spot-destroy.mp3?_=9\" \/><a href=\"https:\/\/www.radiopiu.net\/wordpress\/wp-content\/uploads\/2024\/03\/Spot-destroy.mp3\">https:\/\/www.radiopiu.net\/wordpress\/wp-content\/uploads\/2024\/03\/Spot-destroy.mp3<\/a><\/audio>\n<p>&nbsp;<\/p>\n<p><strong>L&#8217;INTERVISTA A MATTIA VALENTINI\u00a0<\/strong><\/p>\n<audio class=\"wp-audio-shortcode\" id=\"audio-380322-10\" preload=\"none\" style=\"width: 100%;\" controls=\"controls\"><source type=\"audio\/mpeg\" src=\"https:\/\/www.radiopiu.net\/wordpress\/wp-content\/uploads\/2024\/03\/mattia-valentini-.mp3?_=10\" \/><a href=\"https:\/\/www.radiopiu.net\/wordpress\/wp-content\/uploads\/2024\/03\/mattia-valentini-.mp3\">https:\/\/www.radiopiu.net\/wordpress\/wp-content\/uploads\/2024\/03\/mattia-valentini-.mp3<\/a><\/audio>\n<p>&nbsp;<\/p>\n<p><img decoding=\"async\" src=\"https:\/\/www.radiopiu.net\/wordpress\/wp-content\/uploads\/2024\/03\/420482334_122130498500194304_5755508317071377827_n.jpg\" \/><\/p>\n<p>&nbsp;<\/p>\n<p>&nbsp;<\/p>\n<p>&nbsp;<\/p>\n<hr \/>\n<p>&nbsp;<\/p>\n<blockquote>\n<h2><strong><a class=\"dt-pswp-item\" href=\"https:\/\/www.radiopiu.net\/wordpress\/wp-content\/uploads\/2024\/03\/Senza-nome-75.png\" data-dt-img-description=\"\" data-large_image_width=\"273\" data-large_image_height=\"280\"><img loading=\"lazy\" decoding=\"async\" class=\"wp-image-380478 alignleft\" src=\"https:\/\/www.radiopiu.net\/wordpress\/wp-content\/uploads\/2024\/03\/Senza-nome-75.png\" alt=\"\" width=\"99\" height=\"102\" \/><\/a>Festa diocesana delle famiglie 2024: Memoria, Misericordia e Meraviglia<\/strong><\/h2>\n<\/blockquote>\n<p>&nbsp;<\/p>\n<p><strong>BELLUNO<\/strong> L&#8217;Ufficio diocesano di Pastorale della famiglia organizza la Festa diocesana delle famiglie il 14 aprile 2024 presso il Centro Papa Luciani (Col Cumano) di Santa Giustina, dalle ore 15:00 alle ore 19:00. L&#8217;evento prevede la partecipazione di diverse realt\u00e0 locali con stand e attivit\u00e0 per adulti e bambini, oltre a una merenda per tutti nel pomeriggio. Francesco e Gianluca del gruppo \u201cThe Sun\u201d offriranno testimonianze e esibizioni musicali in acustica.<\/p>\n<p>&nbsp;<\/p>\n<hr \/>\n<p>&nbsp;<\/p>\n<blockquote>\n<h2>OGGI CAI IN ASSEMBLEA<\/h2>\n<\/blockquote>\n<p><strong>AGORDO<\/strong> L\u2019assemblea della sezione agordina del Cai si terr\u00e0 oggi alle 17.30 in sala Don Tamis, preceduta dalla messa nella chiesa di San Cipriano in memoria dei scomparsi. Nel corso dell\u2019assemblea: relazione del presidente, rendiconto, rinnovo del direttivo per il prossimo triennio<\/p>\n<p>&nbsp;<\/p>\n<p><strong>DI GIANNI SANTOMASO<\/strong><\/p>\n<audio class=\"wp-audio-shortcode\" id=\"audio-380322-11\" preload=\"none\" style=\"width: 100%;\" controls=\"controls\"><source type=\"audio\/mpeg\" src=\"https:\/\/www.radiopiu.net\/wordpress\/wp-content\/uploads\/2024\/03\/GIANNI-ASSMBLEA-CAI-AGORDO.mp3?_=11\" \/><a href=\"https:\/\/www.radiopiu.net\/wordpress\/wp-content\/uploads\/2024\/03\/GIANNI-ASSMBLEA-CAI-AGORDO.mp3\">https:\/\/www.radiopiu.net\/wordpress\/wp-content\/uploads\/2024\/03\/GIANNI-ASSMBLEA-CAI-AGORDO.mp3<\/a><\/audio>\n<p>&nbsp;<\/p>\n<hr \/>\n<p>&nbsp;<\/p>\n<blockquote>\n<h3><strong><a class=\"dt-pswp-item\" href=\"https:\/\/www.radiopiu.net\/wordpress\/wp-content\/uploads\/2024\/03\/LOCANDINA-ABVS.jpg\" data-dt-img-description=\"\" data-large_image_width=\"699\" data-large_image_height=\"992\"><img loading=\"lazy\" decoding=\"async\" class=\" wp-image-380482 alignleft\" src=\"https:\/\/www.radiopiu.net\/wordpress\/wp-content\/uploads\/2024\/03\/LOCANDINA-ABVS-211x300.jpg\" alt=\"\" width=\"120\" height=\"171\" srcset=\"https:\/\/www.radiopiu.net\/wordpress\/wp-content\/uploads\/2024\/03\/LOCANDINA-ABVS-211x300.jpg 211w, https:\/\/www.radiopiu.net\/wordpress\/wp-content\/uploads\/2024\/03\/LOCANDINA-ABVS.jpg 699w\" sizes=\"auto, (max-width: 120px) 100vw, 120px\" \/><\/a><\/strong>NON VOGLIO DONARE: LO SPETTACOLO TEATRALE DI ABVS<\/h3>\n<\/blockquote>\n<p><strong>BELLUNO<\/strong> Lo spettacolo teatrale &#8220;Non voglio donare&#8221;, promosso dall&#8217;Abvs, coinvolge gli attori Jgor Barbazza e Davide Stefanato. Presentato il 27 marzo a Belluno, il quarto evento itinerante nelle scuole. Tratto dal libro &#8220;Settant\u2019anni di impegno solidale&#8221;, racconta l&#8217;importanza della donazione del sangue attraverso un dialogo comico e riflessivo tra medico e paziente. Scopo: stimolare curiosit\u00e0 e coraggio nei giovani per assicurare la copertura del fabbisogno di sangue. Sul palco, i noti attori trevigiani, gi\u00e0 protagonisti di successi cinematografici e televisivi, coinvolti in Restera produzioni dal 2020, con progetti che spaziano dal teatro alla formazione.<\/p>\n<p>&nbsp;<\/p>\n<p>&nbsp;<\/p>\n<hr \/>\n<p>&nbsp;<\/p>\n<blockquote>\n<h2>EVENTO PRE-BELLUNO PRIDE 2024<\/h2>\n<h1><a class=\"dt-pswp-item\" href=\"https:\/\/www.radiopiu.net\/wordpress\/wp-content\/uploads\/2024\/03\/Senza-nome-68.png\" data-dt-img-description=\"\" data-large_image_width=\"427\" data-large_image_height=\"293\"><img loading=\"lazy\" decoding=\"async\" class=\" wp-image-379906 alignleft\" src=\"https:\/\/www.radiopiu.net\/wordpress\/wp-content\/uploads\/2024\/03\/Senza-nome-68-300x206.png\" alt=\"\" width=\"200\" height=\"137\" srcset=\"https:\/\/www.radiopiu.net\/wordpress\/wp-content\/uploads\/2024\/03\/Senza-nome-68-300x206.png 300w, https:\/\/www.radiopiu.net\/wordpress\/wp-content\/uploads\/2024\/03\/Senza-nome-68.png 427w\" sizes=\"auto, (max-width: 200px) 100vw, 200px\" \/><\/a><strong style=\"font-size: 14px;\">BELLUNO<\/strong><span style=\"font-size: 14px; font-weight: normal;\"> Si apre oggi il calendario degli eventi verso la seconda edizione del Belluno Pride 2024 con un incontro di formazione e informazione condotto dalla docente, psicologa e sessuologa Alberta Xodo. Sabato saranno affrontate tematiche sull&#8217;educazione affettiva, sessuale e al consenso, seguite da discussioni su omolesbobitransfobia interiorizzata e minority stress, coordinato da Gruppo C.I.A.O. LGBTIQIA+. Gli eventi si terranno presso La Casa dei beni comuni di Belluno e saranno ad ingresso libero. Segui le pagine social del collettivo C.I.A.O. per restare aggiornato sugli altri eventi verso il pride 2024.<\/span><\/h1>\n<\/blockquote>\n<p>&nbsp;<\/p>\n<p>&nbsp;<\/p>\n<hr \/>\n<p>&nbsp;<\/p>\n<blockquote>\n<h2>AGORDO COME ROMA, CITTA&#8217; LIBERA. pagina in aggiornamento quotidiano CON LIBERA AGORDINO<\/h2>\n<\/blockquote>\n<p><strong><img loading=\"lazy\" decoding=\"async\" class=\"alignleft\" src=\"https:\/\/www.radiopiu.net\/wordpress\/wp-content\/uploads\/2023\/06\/LIBERA-AGORDINO-300x300.jpg\" width=\"125\" height=\"125\" \/>La Settimana della memoria e dell\u2019impegno, Agordo come Roma: citt\u00e0 Libera i 100 passi verso il 21 marzo, giornata in ricordo della vittime innocenti delle mafie a cura del PRESIDIO AGORDINO DI LIBERA \u201cLUCIA PRECENZANO E SALVATORE AVERSA da lunedi 18 a sabato 23 marzo, alle 9.45 e 18.45 \u2026 su radio pi\u00f9<\/strong><em>\u00a0<\/em><\/p>\n<p>&nbsp;<\/p>\n<p>&nbsp;<\/p>\n<h1>RACCOLTA COMPLETA\u00a0 <span style=\"color: #0000ff;\"><a style=\"color: #0000ff;\" href=\"https:\/\/www.radiopiu.net\/wordpress\/agordo-come-roma-citta-libera-pagina-in-aggiornamento-quotidiano-con-libera-agordino\/\">CLICCA QUI<\/a><\/span><\/h1>\n<p>&nbsp;<\/p>\n<p>&nbsp;<\/p>\n<hr \/>\n<p>&nbsp;<\/p>\n<blockquote>\n<h2><\/h2>\n<\/blockquote>\n<blockquote>\n<h2>feste in vallata, dai Piani di Pezze&#8217; alla sagra de Pasca<\/h2>\n<\/blockquote>\n\n\t\t\t<style type='text\/css'>\n\t\t\t\t#gallery-5 {\n\t\t\t\t\tmargin: auto;\n\t\t\t\t}\n\t\t\t\t#gallery-5 .gallery-item {\n\t\t\t\t\tfloat: left;\n\t\t\t\t\tmargin-top: 10px;\n\t\t\t\t\ttext-align: center;\n\t\t\t\t\twidth: 50%;\n\t\t\t\t}\n\t\t\t\t#gallery-5 img {\n\t\t\t\t\tborder: 2px solid #cfcfcf;\n\t\t\t\t}\n\t\t\t\t#gallery-5 .gallery-caption {\n\t\t\t\t\tmargin-left: 0;\n\t\t\t\t}\n\t\t\t\t\/* see gallery_shortcode() in wp-includes\/media.php *\/\n\t\t\t<\/style>\n\t\t<div id='gallery-5' class='dt-gallery-container gallery galleryid-380322 gallery-columns-2 gallery-size-medium'><dl class='gallery-item'>\n\t\t\t\t<dt class='gallery-icon portrait'>\n\t\t\t\t\t<a class=\"rollover rollover-zoom dt-pswp-item\" title=\"PASCA\" data-dt-img-description=\"\" data-large_image_width=\"449\" data-large_image_height=\"628\"href='https:\/\/www.radiopiu.net\/wordpress\/wp-content\/uploads\/2024\/03\/Senza-nome-15.png'><img loading=\"lazy\" decoding=\"async\" width=\"214\" height=\"300\" src=\"https:\/\/www.radiopiu.net\/wordpress\/wp-content\/uploads\/2024\/03\/Senza-nome-15-214x300.png\" class=\"attachment-medium size-medium\" alt=\"\" srcset=\"https:\/\/www.radiopiu.net\/wordpress\/wp-content\/uploads\/2024\/03\/Senza-nome-15-214x300.png 214w, https:\/\/www.radiopiu.net\/wordpress\/wp-content\/uploads\/2024\/03\/Senza-nome-15.png 449w\" sizes=\"auto, (max-width: 214px) 100vw, 214px\" \/><\/a>\n\t\t\t\t<\/dt><\/dl><dl class='gallery-item'>\n\t\t\t\t<dt class='gallery-icon portrait'>\n\t\t\t\t\t<a class=\"rollover rollover-zoom dt-pswp-item\" title=\"4569b749-c5f0-4645-89e4-2297915919ec\" data-dt-img-description=\"\" data-large_image_width=\"1415\" data-large_image_height=\"2000\"href='https:\/\/www.radiopiu.net\/wordpress\/wp-content\/uploads\/2024\/03\/4569b749-c5f0-4645-89e4-2297915919ec.jpg'><img loading=\"lazy\" decoding=\"async\" width=\"212\" height=\"300\" src=\"https:\/\/www.radiopiu.net\/wordpress\/wp-content\/uploads\/2024\/03\/4569b749-c5f0-4645-89e4-2297915919ec-212x300.jpg\" class=\"attachment-medium size-medium\" alt=\"\" srcset=\"https:\/\/www.radiopiu.net\/wordpress\/wp-content\/uploads\/2024\/03\/4569b749-c5f0-4645-89e4-2297915919ec-212x300.jpg 212w, https:\/\/www.radiopiu.net\/wordpress\/wp-content\/uploads\/2024\/03\/4569b749-c5f0-4645-89e4-2297915919ec-724x1024.jpg 724w, https:\/\/www.radiopiu.net\/wordpress\/wp-content\/uploads\/2024\/03\/4569b749-c5f0-4645-89e4-2297915919ec-768x1086.jpg 768w, https:\/\/www.radiopiu.net\/wordpress\/wp-content\/uploads\/2024\/03\/4569b749-c5f0-4645-89e4-2297915919ec-1087x1536.jpg 1087w, https:\/\/www.radiopiu.net\/wordpress\/wp-content\/uploads\/2024\/03\/4569b749-c5f0-4645-89e4-2297915919ec.jpg 1415w\" sizes=\"auto, (max-width: 212px) 100vw, 212px\" \/><\/a>\n\t\t\t\t<\/dt><\/dl><br style=\"clear: both\" \/>\n\t\t\t<\/div>\n\n<p>&nbsp;<\/p>\n<p>&nbsp;<\/p>\n<p>&nbsp;<\/p>\n<hr \/>\n<p>&nbsp;<\/p>\n<blockquote>\n<h2>UNA PROVA DI VOLTEGGIO PER IL PR RANCH<\/h2>\n<\/blockquote>\n<p><strong>LA VALLE<\/strong> Il PR Ranch di La Valle organizza per oggi dalle 15 alle 17 un pomeriggio dedicato a coloro che vogliono avvicinarsi al mondo dell&#8217;equitazione con una prova gratuita di volteggio. Due ore di divertimento con uno spettacolo dimostrativo degli atleti che praticano questa disciplina. Per informazioni 348 4352362<\/p>\n<p>&nbsp;<\/p>\n<p>&nbsp;<\/p>\n<hr \/>\n<p>&nbsp;<\/p>\n<h2><\/h2>\n<blockquote>\n<h2>I PROFESSIONISTI DEL POLIAMBULATORIO AGORDINO le interviste STAGIONE 2023<\/h2>\n<\/blockquote>\n<h1>STAGIONE 2024<\/h1>\n<p>&nbsp;<\/p>\n<p><strong><a class=\"dt-pswp-item\" href=\"https:\/\/www.radiopiu.net\/wordpress\/wp-content\/uploads\/2021\/04\/ROBERTO-BERTONE.jpg\" data-dt-img-description=\"\" data-large_image_width=\"1664\" data-large_image_height=\"2400\"><img loading=\"lazy\" decoding=\"async\" class=\" wp-image-203143 alignleft\" src=\"https:\/\/www.radiopiu.net\/wordpress\/wp-content\/uploads\/2021\/04\/ROBERTO-BERTONE-208x300.jpg\" alt=\"\" width=\"121\" height=\"175\" srcset=\"https:\/\/www.radiopiu.net\/wordpress\/wp-content\/uploads\/2021\/04\/ROBERTO-BERTONE-208x300.jpg 208w, https:\/\/www.radiopiu.net\/wordpress\/wp-content\/uploads\/2021\/04\/ROBERTO-BERTONE-710x1024.jpg 710w, https:\/\/www.radiopiu.net\/wordpress\/wp-content\/uploads\/2021\/04\/ROBERTO-BERTONE-768x1108.jpg 768w, https:\/\/www.radiopiu.net\/wordpress\/wp-content\/uploads\/2021\/04\/ROBERTO-BERTONE-1065x1536.jpg 1065w, https:\/\/www.radiopiu.net\/wordpress\/wp-content\/uploads\/2021\/04\/ROBERTO-BERTONE-1420x2048.jpg 1420w, https:\/\/www.radiopiu.net\/wordpress\/wp-content\/uploads\/2021\/04\/ROBERTO-BERTONE.jpg 1664w\" sizes=\"auto, (max-width: 121px) 100vw, 121px\" \/><\/a><\/strong><\/p>\n<div class=\"mkd-team-title-holder normal_social\">\n<h5 class=\"mkd-team-name \"><span style=\"font-size: 14px; font-weight: normal;\"><strong>ROBERTO BERTONE<\/strong> Laureato presso l&#8217;Universit\u00e0 di Padova con la specializzazione in Chirurgia d&#8217;urgenza e Pronto Soccorso presso la stessa sede universitaria. Ha svolto attivit\u00e0 chirurgica presso l&#8217;O.C. di Tirano (SO), presso l&#8217;O.C. di Chirurgia Generale di Agordo dove in seguito \u00e8 divenuto responsabile dell&#8217; UO di Pronto Soccorso, dell&#8217;UOS di Day Surgery e Chirurgia ambulatoriale. Ha ricoperto il ruolo di Direttore dell&#8217;UOC di Chirurgia Generale di Pieve di Cadore con delega alla direzione dell&#8217;UOS di Chirurgia Generale di Agordo. Ha focalizzato la propria attivit\u00e0 nella diagnosi e cura della patologia flebologica degli arti inferiori con particolare attenzione alle innovazioni tecnologiche in questi campi e alla ricerca di una sempre maggior mini-invasivit\u00e0.<\/span><\/h5>\n<h5 class=\"mkd-team-name \"><\/h5>\n<audio class=\"wp-audio-shortcode\" id=\"audio-380322-12\" preload=\"none\" style=\"width: 100%;\" controls=\"controls\"><source type=\"audio\/mpeg\" src=\"https:\/\/www.radiopiu.net\/wordpress\/wp-content\/uploads\/2024\/03\/FATTO-BERTONE-OK-COMPLETO-1.mp3?_=12\" \/><a href=\"https:\/\/www.radiopiu.net\/wordpress\/wp-content\/uploads\/2024\/03\/FATTO-BERTONE-OK-COMPLETO-1.mp3\">https:\/\/www.radiopiu.net\/wordpress\/wp-content\/uploads\/2024\/03\/FATTO-BERTONE-OK-COMPLETO-1.mp3<\/a><\/audio>\n<h3 class=\"mkd-team-name \"><span style=\"font-size: 14px; font-weight: normal;\"> RACCOLTA COMPLETA, <\/span><span style=\"color: #0000ff;\"><strong><a style=\"color: #0000ff;\" href=\"https:\/\/www.radiopiu.net\/wordpress\/i-professionisti-del-poliambulatorio-agordino-le-interviste-stagione-2023\/\">CLICCA QUI\u00a0<\/a><\/strong><\/span><\/h3>\n<\/div>\n<div class=\"mkd-team-text\">\n<div class=\"mkd-team-text-inner\">\n<div><\/div>\n<div><\/div>\n<div>\n<hr \/>\n<\/div>\n<div><\/div>\n<blockquote>\n<h2>LUXOTTICA, NEWS SETTIMANA CORTA&#8230; LA RACCOLTA COMPLETA<\/h2>\n<\/blockquote>\n<p><strong><a class=\"dt-pswp-item\" href=\"https:\/\/www.radiopiu.net\/wordpress\/wp-content\/uploads\/2024\/03\/LUXOTTICA-PARC.jpg\" data-dt-img-description=\"\" data-large_image_width=\"1600\" data-large_image_height=\"1200\"><img loading=\"lazy\" decoding=\"async\" class=\"size-medium wp-image-380380 aligncenter\" src=\"https:\/\/www.radiopiu.net\/wordpress\/wp-content\/uploads\/2024\/03\/LUXOTTICA-PARC-300x225.jpg\" alt=\"\" width=\"300\" height=\"225\" srcset=\"https:\/\/www.radiopiu.net\/wordpress\/wp-content\/uploads\/2024\/03\/LUXOTTICA-PARC-300x225.jpg 300w, https:\/\/www.radiopiu.net\/wordpress\/wp-content\/uploads\/2024\/03\/LUXOTTICA-PARC-1024x768.jpg 1024w, https:\/\/www.radiopiu.net\/wordpress\/wp-content\/uploads\/2024\/03\/LUXOTTICA-PARC-768x576.jpg 768w, https:\/\/www.radiopiu.net\/wordpress\/wp-content\/uploads\/2024\/03\/LUXOTTICA-PARC-1536x1152.jpg 1536w, https:\/\/www.radiopiu.net\/wordpress\/wp-content\/uploads\/2024\/03\/LUXOTTICA-PARC.jpg 1600w\" sizes=\"auto, (max-width: 300px) 100vw, 300px\" \/><\/a>\u00a0<\/strong><\/p>\n<p><strong>di MARINA DONA&#8217;<\/strong><strong>\u00a0<\/strong><\/p>\n<p><strong>OSPITE IL PROF. LUCIANO PERO_POLITECNICO MILANO\u00a0<\/strong><\/p>\n<p>&nbsp;<\/p>\n<p><strong>puntata <span style=\"color: #ff0000;\">05<\/span> 22 03 2024 &#8220;le interviste&#8221;<\/strong><\/p>\n<audio class=\"wp-audio-shortcode\" id=\"audio-380322-13\" preload=\"none\" style=\"width: 100%;\" controls=\"controls\"><source type=\"audio\/mpeg\" src=\"https:\/\/www.radiopiu.net\/wordpress\/wp-content\/uploads\/2024\/03\/GF16.mp3?_=13\" \/><a href=\"https:\/\/www.radiopiu.net\/wordpress\/wp-content\/uploads\/2024\/03\/GF16.mp3\">https:\/\/www.radiopiu.net\/wordpress\/wp-content\/uploads\/2024\/03\/GF16.mp3<\/a><\/audio>\n<div><\/div>\n<div><span style=\"color: #0000ff;\"><strong><span style=\"color: #000000;\">LA RACCOLTA COMPLETA<\/span> <a style=\"color: #0000ff;\" href=\"https:\/\/www.radiopiu.net\/wordpress\/luxottica-news-settimana-cortas\/\">CLICCA QUI<\/a><\/strong><\/span><\/div>\n<div><\/div>\n<div><\/div>\n<div>\n<hr \/>\n<\/div>\n<div>\n<h1><span style=\"color: #000000;\">\u00a0&#8220;DINTORN E FORA VIA&#8221;\u00a0 IL PROGRAMMA\u00a0 A CURA DEL MUSLA\u00a0\u00a0<strong>\u00a0 \u00a0<\/strong><\/span><\/h1>\n<h1 style=\"text-align: center;\"><span style=\"color: #ff0000;\">\u00a0<\/span><\/h1>\n<h1 style=\"text-align: center;\"><span style=\"color: #ff0000;\">TERZO\u00a0 ANNO\u00a0 \u00a02024\u00a0 \u00a0<\/span><\/h1>\n<p>&nbsp;<\/p>\n<p><strong><a class=\"dt-pswp-item\" href=\"https:\/\/www.radiopiu.net\/wordpress\/wp-content\/uploads\/2023\/04\/322100301_516815977090762_8285095125123579123_n.jpg\" data-dt-img-description=\"\" data-large_image_width=\"640\" data-large_image_height=\"640\"><img loading=\"lazy\" decoding=\"async\" class=\" wp-image-331476 alignleft\" src=\"https:\/\/www.radiopiu.net\/wordpress\/wp-content\/uploads\/2023\/04\/322100301_516815977090762_8285095125123579123_n-300x300.jpg\" alt=\"\" width=\"106\" height=\"106\" srcset=\"https:\/\/www.radiopiu.net\/wordpress\/wp-content\/uploads\/2023\/04\/322100301_516815977090762_8285095125123579123_n-300x300.jpg 300w, https:\/\/www.radiopiu.net\/wordpress\/wp-content\/uploads\/2023\/04\/322100301_516815977090762_8285095125123579123_n-150x150.jpg 150w, https:\/\/www.radiopiu.net\/wordpress\/wp-content\/uploads\/2023\/04\/322100301_516815977090762_8285095125123579123_n.jpg 640w\" sizes=\"auto, (max-width: 106px) 100vw, 106px\" \/><\/a>PUNTATA DEL 22 MARZO 2024, ELEONORA TROI<\/strong><\/p>\n<p>&nbsp;<\/p>\n<p>&nbsp;<\/p>\n<p>&nbsp;<\/p>\n<audio class=\"wp-audio-shortcode\" id=\"audio-380322-14\" preload=\"none\" style=\"width: 100%;\" controls=\"controls\"><source type=\"audio\/mpeg\" src=\"https:\/\/www.radiopiu.net\/wordpress\/wp-content\/uploads\/2024\/03\/MUSLA-7.mp3?_=14\" \/><a href=\"https:\/\/www.radiopiu.net\/wordpress\/wp-content\/uploads\/2024\/03\/MUSLA-7.mp3\">https:\/\/www.radiopiu.net\/wordpress\/wp-content\/uploads\/2024\/03\/MUSLA-7.mp3<\/a><\/audio>\n<p><em>\u00a0<\/em><\/p>\n<p><em> <strong>LA RACCOLTA COMPLETA<\/strong> <span style=\"color: #0000ff;\"><strong><a style=\"color: #0000ff;\" href=\"https:\/\/www.radiopiu.net\/wordpress\/musla\/\">CLICCA QUI\u00a0<\/a><\/strong><\/span><\/em><\/p>\n<\/div>\n<div><\/div>\n<div><\/div>\n<div>\n<hr \/>\n<\/div>\n<div>\n<p>******<\/p>\n<blockquote>\n<h2>LA SAGRA DE PASCA 2024, LE ANTICIPAZIONI &#8211; LA DIRETTA<\/h2>\n<\/blockquote>\n<p>UNA SERATA TRA AMICI&#8230; QUESTA SERA, ALLE 20.30, ALLA RADIO&#8230; LA SAGRA DE PASCA. COME UNA VOLTA&#8230; DI SERA&#8230; TRA AMICI, CON CLAUDIO PAGANIN, ANTIMO SAVARIS, DANIELE CANCEL, SILVANO &#8220;PICIOL&#8221; BEN. LA SAGRA DE PASCA, DAL 2002 LA FESTA CHE APRE LA NUOVA STAGIONE, GRANDI ORCHESTRE, CUCINA UNICA e sicurezza alimentare, SPORT, MONTAGNA, PERSONAGGI ED EVENTI&#8230; IN DIRETTA TUTTE LE NOVITA&#8217; DALLA SAGRA DE PASCA 2024<\/p>\n<p><strong>LA DIRETTA RADIO PIU&#8217;<\/strong><\/p>\n<p><iframe loading=\"lazy\" title=\"SAGRA DE PASCA 2024 - LE ANTICIPAZIONI\" width=\"1200\" height=\"675\" src=\"https:\/\/www.youtube.com\/embed\/4GCq5cLG4Y8?feature=oembed\" frameborder=\"0\" allow=\"accelerometer; autoplay; clipboard-write; encrypted-media; gyroscope; picture-in-picture; web-share\" allowfullscreen><\/iframe><\/p>\n<p>&nbsp;<\/p>\n<p>&nbsp;<\/p>\n<\/div>\n<div><\/div>\n<div><\/div>\n<\/div>\n<\/div>\n<hr \/>\n<p>&nbsp;<\/p>\n<h2><span style=\"color: #ff0000;\"><a class=\"dt-pswp-item\" href=\"https:\/\/www.radiopiu.net\/wordpress\/wp-content\/uploads\/2018\/09\/appuntamenti.jpeg\" data-dt-img-description=\"\" data-large_image_width=\"800\" data-large_image_height=\"100\"><img loading=\"lazy\" decoding=\"async\" class=\"wp-image-61958 size-full aligncenter\" src=\"https:\/\/www.radiopiu.net\/wordpress\/wp-content\/uploads\/2018\/09\/appuntamenti.jpeg\" alt=\"\" width=\"800\" height=\"100\" srcset=\"https:\/\/www.radiopiu.net\/wordpress\/wp-content\/uploads\/2018\/09\/appuntamenti.jpeg 800w, https:\/\/www.radiopiu.net\/wordpress\/wp-content\/uploads\/2018\/09\/appuntamenti-300x38.jpeg 300w, https:\/\/www.radiopiu.net\/wordpress\/wp-content\/uploads\/2018\/09\/appuntamenti-768x96.jpeg 768w\" sizes=\"auto, (max-width: 800px) 100vw, 800px\" \/><\/a><\/span><\/h2>\n<div>\n<div class=\"\" dir=\"auto\">\n<div id=\":r9h:\" class=\"x1iorvi4 x1pi30zi x1l90r2v x1swvt13\" data-ad-comet-preview=\"message\" data-ad-preview=\"message\">\n<div class=\"x78zum5 xdt5ytf xz62fqu x16ldp7u\">\n<div class=\"xu06os2 x1ok221b\">\n<p>&nbsp;<\/p>\n<blockquote>\n<h1><\/h1>\n<h1><strong> <a class=\"dt-pswp-item\" href=\"https:\/\/www.radiopiu.net\/wordpress\/wp-content\/uploads\/2024\/03\/432768131_122132584064160070_893759731308900904_n.jpg\" data-dt-img-description=\"\" data-large_image_width=\"526\" data-large_image_height=\"526\"><img loading=\"lazy\" decoding=\"async\" class=\" wp-image-379833 alignleft\" src=\"https:\/\/www.radiopiu.net\/wordpress\/wp-content\/uploads\/2024\/03\/432768131_122132584064160070_893759731308900904_n-300x300.jpg\" alt=\"\" width=\"186\" height=\"186\" srcset=\"https:\/\/www.radiopiu.net\/wordpress\/wp-content\/uploads\/2024\/03\/432768131_122132584064160070_893759731308900904_n-300x300.jpg 300w, https:\/\/www.radiopiu.net\/wordpress\/wp-content\/uploads\/2024\/03\/432768131_122132584064160070_893759731308900904_n-150x150.jpg 150w, https:\/\/www.radiopiu.net\/wordpress\/wp-content\/uploads\/2024\/03\/432768131_122132584064160070_893759731308900904_n.jpg 526w\" sizes=\"auto, (max-width: 186px) 100vw, 186px\" \/><\/a>AL CINEMA DOLOMITI DI FALCADE\u00a0<\/strong><\/h1>\n<\/blockquote>\n<p><strong>VACANZE PASQUALI AL CINEMA DOLOMITI DI FALCADE, RIAPRE LA SALA IN CENTRO AL PAESE. RIPRESA STAGIONALE CON UN GRANDE PELLICOLA NEL RICORDO DI BOB MARLEY ONE LOVE&#8230; <\/strong><strong>VENERDI E SABATO ALLE 21, DOMENICA ALLE 15.30 E ALLE 21.<br \/>\n<\/strong>BOB MARLEY &#8211; ONE LOVE La vita, il talento, i difetti, le passioni, l&#8217;impegno, ma soprattutto la Musica di una delle icone pi\u00f9 grandi di sempre: Bob Marley. di Reinaldo Marcus Green | Biografico &#8211; 107 minuti con Kingsley Ben-Adir &#8211; Lashana Lynch<\/p>\n<div class=\"x11i5rnm xat24cr x1mh8g0r x1vvkbs xtlvy1s x126k92a\">\n<div dir=\"auto\">23 Marzo 2024 | Ore 21:00;\u00a0 24 Marzo 2024 | Ore 15:30 e 21:00; 01 Aprile 2024 | Ore 15:30 e 21:00<\/div>\n<\/div>\n<p>&nbsp;<\/p>\n<p><strong>BELLUNO<\/strong> Si terr\u00e0 domani alle ore 14:30 in Sala Teatro del Centro congressi Giovanni 23mo di Belluno il convegno dal titolo \u201cProgramma OMS Organizzazione Mondiale della Sanit\u00e0: democrazia in pericolo\u201d? Introdurr\u00e0 l\u2019incontro il dottor Filiberto Dal Molin, medico radiologo. Moderatrice del convegno la dottoressa Gioia Locati, giornalista e scrittrice.<\/p>\n<p><strong>FELTRE<\/strong> Domani alle 11, al Centro Astronomico di Arson, si terr\u00e0 un evento dedicato all&#8217;osservazione del Sole ad alta risoluzione. Sar\u00e0 possibile osservare la stella sia nella luce visibile che nella luce d&#8217;idrogeno, utilizzando vari schemi filtranti disponibili nell&#8217;osservatorio, garantendo condizioni di sicurezza assoluta. L&#8217;evento includer\u00e0 anche la proiezione del cielo della stagione al planetario e spettacoli riguardanti il Sole. L&#8217;ingresso costa 5 \u20ac, ma \u00e8 gratuito per soci e bambini fino a 11 anni.<\/p>\n<div>\n<div class=\"\" dir=\"auto\">\n<div id=\":r9h:\" class=\"x1iorvi4 x1pi30zi x1l90r2v x1swvt13\" data-ad-comet-preview=\"message\" data-ad-preview=\"message\">\n<div class=\"x78zum5 xdt5ytf xz62fqu x16ldp7u\">\n<div class=\"xu06os2 x1ok221b\">\n<h2><span style=\"color: #ff0000;\">PROSSIMAMENTE&#8230;<\/span><\/h2>\n<p><strong>ALLEGHE<\/strong> Sabato 6 aprile gli Amici di Thierry organizzano il primo Piani Di Pezz\u00e8 Trophy, esibizione di Ape Car Elaborate su tracciato neve ghiaccio ai Piani di Pezz\u00e8 di Alleghe. Servizio cabinovia e servizio ristorazione alla Grande Baita Civetta e alla sera musica con DJ.<\/p>\n<p>&nbsp;<\/p>\n<\/div>\n<\/div>\n<\/div>\n<\/div>\n<\/div>\n<div class=\"\" dir=\"auto\">\n<div id=\":r9h:\" class=\"x1iorvi4 x1pi30zi x1l90r2v x1swvt13\" data-ad-comet-preview=\"message\" data-ad-preview=\"message\">\n<div class=\"x78zum5 xdt5ytf xz62fqu x16ldp7u\">\n<div class=\"xu06os2 x1ok221b\">\n<h3 dir=\"auto\"><a class=\"dt-pswp-item\" href=\"https:\/\/www.radiopiu.net\/wordpress\/wp-content\/uploads\/2024\/03\/431799071_3701462953469797_3407377256265811588_n.jpg\" data-dt-img-description=\"\" data-large_image_width=\"512\" data-large_image_height=\"640\"><img loading=\"lazy\" decoding=\"async\" class=\"size-medium wp-image-378141 alignleft\" src=\"https:\/\/www.radiopiu.net\/wordpress\/wp-content\/uploads\/2024\/03\/431799071_3701462953469797_3407377256265811588_n-240x300.jpg\" alt=\"\" width=\"240\" height=\"300\" srcset=\"https:\/\/www.radiopiu.net\/wordpress\/wp-content\/uploads\/2024\/03\/431799071_3701462953469797_3407377256265811588_n-240x300.jpg 240w, https:\/\/www.radiopiu.net\/wordpress\/wp-content\/uploads\/2024\/03\/431799071_3701462953469797_3407377256265811588_n.jpg 512w\" sizes=\"auto, (max-width: 240px) 100vw, 240px\" \/><\/a><\/h3>\n<h3 dir=\"auto\">7 APRILE, LARESEI! SAVE THE DATE FESTIVAL &#8220;ULTIMISSIME&#8221; CON CAROLINA MARQUEZ, MASSIMILIANO OSSINI, CAMILLA RONCHI, ICE MC,\u00a0\u00a0\u00a0 NATHALIE AARTS, ALIEN CUT\u00a0 E SATURNINO Acquista il tuo biglietto d&#8217;ingresso al link: www.ciaotickets.com \u00a0 save-the-date-festival 7 APRILE RIFUGIO LARESEI SKI AREA SAN PELLEGRINO-FALCADE<\/h3>\n<\/div>\n<\/div>\n<\/div>\n<\/div>\n<div>\n<div class=\"\" dir=\"auto\">\n<div id=\":r9h:\" class=\"x1iorvi4 x1pi30zi x1l90r2v x1swvt13\" data-ad-comet-preview=\"message\" data-ad-preview=\"message\">\n\n\t\t\t<style type='text\/css'>\n\t\t\t\t#gallery-6 {\n\t\t\t\t\tmargin: auto;\n\t\t\t\t}\n\t\t\t\t#gallery-6 .gallery-item {\n\t\t\t\t\tfloat: left;\n\t\t\t\t\tmargin-top: 10px;\n\t\t\t\t\ttext-align: center;\n\t\t\t\t\twidth: 25%;\n\t\t\t\t}\n\t\t\t\t#gallery-6 img {\n\t\t\t\t\tborder: 2px solid #cfcfcf;\n\t\t\t\t}\n\t\t\t\t#gallery-6 .gallery-caption {\n\t\t\t\t\tmargin-left: 0;\n\t\t\t\t}\n\t\t\t\t\/* see gallery_shortcode() in wp-includes\/media.php *\/\n\t\t\t<\/style>\n\t\t<div id='gallery-6' class='dt-gallery-container gallery galleryid-380322 gallery-columns-4 gallery-size-medium'><dl class='gallery-item'>\n\t\t\t\t<dt class='gallery-icon portrait'>\n\t\t\t\t\t<a class=\"rollover rollover-zoom dt-pswp-item\" title=\"SCR-20240306-qmql\" data-dt-img-description=\"\" data-large_image_width=\"1182\" data-large_image_height=\"1192\"href='https:\/\/www.radiopiu.net\/wordpress\/wp-content\/uploads\/2024\/03\/SCR-20240306-qmql.jpeg'><img loading=\"lazy\" decoding=\"async\" width=\"297\" height=\"300\" src=\"https:\/\/www.radiopiu.net\/wordpress\/wp-content\/uploads\/2024\/03\/SCR-20240306-qmql-297x300.jpeg\" class=\"attachment-medium size-medium\" alt=\"\" srcset=\"https:\/\/www.radiopiu.net\/wordpress\/wp-content\/uploads\/2024\/03\/SCR-20240306-qmql-297x300.jpeg 297w, https:\/\/www.radiopiu.net\/wordpress\/wp-content\/uploads\/2024\/03\/SCR-20240306-qmql-1015x1024.jpeg 1015w, https:\/\/www.radiopiu.net\/wordpress\/wp-content\/uploads\/2024\/03\/SCR-20240306-qmql-768x774.jpeg 768w, https:\/\/www.radiopiu.net\/wordpress\/wp-content\/uploads\/2024\/03\/SCR-20240306-qmql.jpeg 1182w\" sizes=\"auto, (max-width: 297px) 100vw, 297px\" \/><\/a>\n\t\t\t\t<\/dt><\/dl><dl class='gallery-item'>\n\t\t\t\t<dt class='gallery-icon landscape'>\n\t\t\t\t\t<a class=\"rollover rollover-zoom dt-pswp-item\" title=\"download\" data-dt-img-description=\"\" data-large_image_width=\"316\" data-large_image_height=\"315\"href='https:\/\/www.radiopiu.net\/wordpress\/wp-content\/uploads\/2024\/03\/download.jpg'><img loading=\"lazy\" decoding=\"async\" width=\"300\" height=\"300\" src=\"https:\/\/www.radiopiu.net\/wordpress\/wp-content\/uploads\/2024\/03\/download-300x300.jpg\" class=\"attachment-medium size-medium\" alt=\"\" srcset=\"https:\/\/www.radiopiu.net\/wordpress\/wp-content\/uploads\/2024\/03\/download-300x300.jpg 300w, https:\/\/www.radiopiu.net\/wordpress\/wp-content\/uploads\/2024\/03\/download-150x150.jpg 150w, https:\/\/www.radiopiu.net\/wordpress\/wp-content\/uploads\/2024\/03\/download.jpg 316w\" sizes=\"auto, (max-width: 300px) 100vw, 300px\" \/><\/a>\n\t\t\t\t<\/dt><\/dl><dl class='gallery-item'>\n\t\t\t\t<dt class='gallery-icon landscape'>\n\t\t\t\t\t<a class=\"rollover rollover-zoom dt-pswp-item\" title=\"download\" data-dt-img-description=\"\" data-large_image_width=\"640\" data-large_image_height=\"639\"href='https:\/\/www.radiopiu.net\/wordpress\/wp-content\/uploads\/2024\/02\/download-6.jpg'><img loading=\"lazy\" decoding=\"async\" width=\"300\" height=\"300\" src=\"https:\/\/www.radiopiu.net\/wordpress\/wp-content\/uploads\/2024\/02\/download-6-300x300.jpg\" class=\"attachment-medium size-medium\" alt=\"\" srcset=\"https:\/\/www.radiopiu.net\/wordpress\/wp-content\/uploads\/2024\/02\/download-6-300x300.jpg 300w, https:\/\/www.radiopiu.net\/wordpress\/wp-content\/uploads\/2024\/02\/download-6-150x150.jpg 150w, https:\/\/www.radiopiu.net\/wordpress\/wp-content\/uploads\/2024\/02\/download-6.jpg 640w\" sizes=\"auto, (max-width: 300px) 100vw, 300px\" \/><\/a>\n\t\t\t\t<\/dt><\/dl><dl class='gallery-item'>\n\t\t\t\t<dt class='gallery-icon landscape'>\n\t\t\t\t\t<a class=\"rollover rollover-zoom dt-pswp-item\" title=\"Senza nome\" data-dt-img-description=\"\" data-large_image_width=\"566\" data-large_image_height=\"463\"href='https:\/\/www.radiopiu.net\/wordpress\/wp-content\/uploads\/2024\/03\/Senza-nome-4.png'><img loading=\"lazy\" decoding=\"async\" width=\"300\" height=\"245\" src=\"https:\/\/www.radiopiu.net\/wordpress\/wp-content\/uploads\/2024\/03\/Senza-nome-4-300x245.png\" class=\"attachment-medium size-medium\" alt=\"\" srcset=\"https:\/\/www.radiopiu.net\/wordpress\/wp-content\/uploads\/2024\/03\/Senza-nome-4-300x245.png 300w, https:\/\/www.radiopiu.net\/wordpress\/wp-content\/uploads\/2024\/03\/Senza-nome-4.png 566w\" sizes=\"auto, (max-width: 300px) 100vw, 300px\" \/><\/a>\n\t\t\t\t<\/dt><\/dl><br style=\"clear: both\" \/><dl class='gallery-item'>\n\t\t\t\t<dt class='gallery-icon landscape'>\n\t\t\t\t\t<a class=\"rollover rollover-zoom dt-pswp-item\" title=\"download\" data-dt-img-description=\"\" data-large_image_width=\"640\" data-large_image_height=\"639\"href='https:\/\/www.radiopiu.net\/wordpress\/wp-content\/uploads\/2024\/02\/download-5.jpg'><img loading=\"lazy\" decoding=\"async\" width=\"300\" height=\"300\" src=\"https:\/\/www.radiopiu.net\/wordpress\/wp-content\/uploads\/2024\/02\/download-5-300x300.jpg\" class=\"attachment-medium size-medium\" alt=\"\" srcset=\"https:\/\/www.radiopiu.net\/wordpress\/wp-content\/uploads\/2024\/02\/download-5-300x300.jpg 300w, https:\/\/www.radiopiu.net\/wordpress\/wp-content\/uploads\/2024\/02\/download-5-150x150.jpg 150w, https:\/\/www.radiopiu.net\/wordpress\/wp-content\/uploads\/2024\/02\/download-5.jpg 640w\" sizes=\"auto, (max-width: 300px) 100vw, 300px\" \/><\/a>\n\t\t\t\t<\/dt><\/dl><dl class='gallery-item'>\n\t\t\t\t<dt class='gallery-icon landscape'>\n\t\t\t\t\t<a class=\"rollover rollover-zoom dt-pswp-item\" title=\"Senza nome\" data-dt-img-description=\"\" data-large_image_width=\"415\" data-large_image_height=\"390\"href='https:\/\/www.radiopiu.net\/wordpress\/wp-content\/uploads\/2024\/03\/Senza-nome-10.png'><img loading=\"lazy\" decoding=\"async\" width=\"300\" height=\"282\" src=\"https:\/\/www.radiopiu.net\/wordpress\/wp-content\/uploads\/2024\/03\/Senza-nome-10-300x282.png\" class=\"attachment-medium size-medium\" alt=\"\" srcset=\"https:\/\/www.radiopiu.net\/wordpress\/wp-content\/uploads\/2024\/03\/Senza-nome-10-300x282.png 300w, https:\/\/www.radiopiu.net\/wordpress\/wp-content\/uploads\/2024\/03\/Senza-nome-10.png 415w\" sizes=\"auto, (max-width: 300px) 100vw, 300px\" \/><\/a>\n\t\t\t\t<\/dt><\/dl><dl class='gallery-item'>\n\t\t\t\t<dt class='gallery-icon landscape'>\n\t\t\t\t\t<a class=\"rollover rollover-zoom dt-pswp-item\" title=\"19c21029-a0ef-4986-8081-9facbbbce065\" data-dt-img-description=\"\" data-large_image_width=\"1080\" data-large_image_height=\"1080\"href='https:\/\/www.radiopiu.net\/wordpress\/wp-content\/uploads\/2024\/02\/19c21029-a0ef-4986-8081-9facbbbce065.jpg'><img loading=\"lazy\" decoding=\"async\" width=\"300\" height=\"300\" src=\"https:\/\/www.radiopiu.net\/wordpress\/wp-content\/uploads\/2024\/02\/19c21029-a0ef-4986-8081-9facbbbce065-300x300.jpg\" class=\"attachment-medium size-medium\" alt=\"\" srcset=\"https:\/\/www.radiopiu.net\/wordpress\/wp-content\/uploads\/2024\/02\/19c21029-a0ef-4986-8081-9facbbbce065-300x300.jpg 300w, https:\/\/www.radiopiu.net\/wordpress\/wp-content\/uploads\/2024\/02\/19c21029-a0ef-4986-8081-9facbbbce065-1024x1024.jpg 1024w, https:\/\/www.radiopiu.net\/wordpress\/wp-content\/uploads\/2024\/02\/19c21029-a0ef-4986-8081-9facbbbce065-150x150.jpg 150w, https:\/\/www.radiopiu.net\/wordpress\/wp-content\/uploads\/2024\/02\/19c21029-a0ef-4986-8081-9facbbbce065-768x768.jpg 768w, https:\/\/www.radiopiu.net\/wordpress\/wp-content\/uploads\/2024\/02\/19c21029-a0ef-4986-8081-9facbbbce065.jpg 1080w\" sizes=\"auto, (max-width: 300px) 100vw, 300px\" \/><\/a>\n\t\t\t\t<\/dt><\/dl><dl class='gallery-item'>\n\t\t\t\t<dt class='gallery-icon landscape'>\n\t\t\t\t\t<a class=\"rollover rollover-zoom dt-pswp-item\" title=\"428458808_122124610286160269_8403615925720421881_n\" data-dt-img-description=\"\" data-large_image_width=\"526\" data-large_image_height=\"526\"href='https:\/\/www.radiopiu.net\/wordpress\/wp-content\/uploads\/2024\/02\/428458808_122124610286160269_8403615925720421881_n.jpg'><img loading=\"lazy\" decoding=\"async\" width=\"300\" height=\"300\" src=\"https:\/\/www.radiopiu.net\/wordpress\/wp-content\/uploads\/2024\/02\/428458808_122124610286160269_8403615925720421881_n-300x300.jpg\" class=\"attachment-medium size-medium\" alt=\"\" srcset=\"https:\/\/www.radiopiu.net\/wordpress\/wp-content\/uploads\/2024\/02\/428458808_122124610286160269_8403615925720421881_n-300x300.jpg 300w, https:\/\/www.radiopiu.net\/wordpress\/wp-content\/uploads\/2024\/02\/428458808_122124610286160269_8403615925720421881_n-150x150.jpg 150w, https:\/\/www.radiopiu.net\/wordpress\/wp-content\/uploads\/2024\/02\/428458808_122124610286160269_8403615925720421881_n.jpg 526w\" sizes=\"auto, (max-width: 300px) 100vw, 300px\" \/><\/a>\n\t\t\t\t<\/dt><\/dl><br style=\"clear: both\" \/>\n\t\t\t<\/div>\n\n<\/div>\n<\/div>\n<\/div>\n<blockquote>\n<div>\n<div class=\"\" dir=\"auto\">\n<div id=\":r9h:\" class=\"x1iorvi4 x1pi30zi x1l90r2v x1swvt13\" data-ad-comet-preview=\"message\" data-ad-preview=\"message\">\n<div class=\"x78zum5 xdt5ytf xz62fqu x16ldp7u\">\n<div class=\"xu06os2 x1ok221b\">\n<div dir=\"auto\"><\/div>\n<\/div>\n<\/div>\n<\/div>\n<\/div>\n<\/div>\n<\/blockquote>\n<p>&nbsp;<\/p>\n<\/div>\n<\/div>\n<\/div>\n<\/div>\n<\/div>\n<p>&nbsp;<\/p>\n<hr \/>\n<p>&nbsp;<\/p>\n<p><a class=\"dt-pswp-item\" href=\"https:\/\/www.radiopiu.net\/wordpress\/wp-content\/uploads\/2018\/09\/viabilita.jpeg\" data-dt-img-description=\"\" data-large_image_width=\"800\" data-large_image_height=\"100\"><img loading=\"lazy\" decoding=\"async\" class=\"aligncenter wp-image-61954 size-full\" src=\"https:\/\/www.radiopiu.net\/wordpress\/wp-content\/uploads\/2018\/09\/viabilita.jpeg\" alt=\"\" width=\"800\" height=\"100\" srcset=\"https:\/\/www.radiopiu.net\/wordpress\/wp-content\/uploads\/2018\/09\/viabilita.jpeg 800w, https:\/\/www.radiopiu.net\/wordpress\/wp-content\/uploads\/2018\/09\/viabilita-300x38.jpeg 300w, https:\/\/www.radiopiu.net\/wordpress\/wp-content\/uploads\/2018\/09\/viabilita-768x96.jpeg 768w\" sizes=\"auto, (max-width: 800px) 100vw, 800px\" \/><\/a><\/p>\n<p>&nbsp;<\/p>\n<p><a class=\"dt-pswp-item\" href=\"https:\/\/www.radiopiu.net\/wordpress\/wp-content\/uploads\/2023\/12\/botol-car-service.jpg\" data-dt-img-description=\"\" data-large_image_width=\"600\" data-large_image_height=\"600\"><img loading=\"lazy\" decoding=\"async\" class=\"size-medium wp-image-367044 aligncenter\" src=\"https:\/\/www.radiopiu.net\/wordpress\/wp-content\/uploads\/2023\/12\/botol-car-service-300x300.jpg\" alt=\"\" width=\"300\" height=\"300\" srcset=\"https:\/\/www.radiopiu.net\/wordpress\/wp-content\/uploads\/2023\/12\/botol-car-service-300x300.jpg 300w, https:\/\/www.radiopiu.net\/wordpress\/wp-content\/uploads\/2023\/12\/botol-car-service-150x150.jpg 150w, https:\/\/www.radiopiu.net\/wordpress\/wp-content\/uploads\/2023\/12\/botol-car-service.jpg 600w\" sizes=\"auto, (max-width: 300px) 100vw, 300px\" \/><\/a><\/p>\n<p>&nbsp;<\/p>\n<p>&nbsp;<\/p>\n<h1>BOLLETTINO QUOTIDIANO, CLICCA QUI<\/h1>\n<blockquote class=\"wp-embedded-content\" data-secret=\"SFjGqrGoZF\"><p><a href=\"https:\/\/www.radiopiu.net\/wordpress\/viabilita\/\">viabilita<\/a><\/p><\/blockquote>\n<p><iframe loading=\"lazy\" class=\"wp-embedded-content\" sandbox=\"allow-scripts\" security=\"restricted\" style=\"position: absolute; clip: rect(1px, 1px, 1px, 1px);\" title=\"&#8220;viabilita&#8221; &#8212; Radio Pi\u00f9\" src=\"https:\/\/www.radiopiu.net\/wordpress\/viabilita\/embed\/#?secret=Ve5W8LAOv4#?secret=SFjGqrGoZF\" data-secret=\"SFjGqrGoZF\" width=\"600\" height=\"338\" frameborder=\"0\" marginwidth=\"0\" marginheight=\"0\" scrolling=\"no\"><\/iframe><\/p>\n<p>&nbsp;<\/p>\n<p>&nbsp;<\/p>\n<hr \/>\n<p>&nbsp;<\/p>\n<p><a class=\"dt-pswp-item\" href=\"https:\/\/www.radiopiu.net\/wordpress\/wp-content\/uploads\/2018\/09\/WhatsApp-Image-2018-09-20-at-16.04.06.jpeg\" data-dt-img-description=\"\" data-large_image_width=\"800\" data-large_image_height=\"100\"><img loading=\"lazy\" decoding=\"async\" class=\"wp-image-61378 size-full aligncenter\" src=\"https:\/\/www.radiopiu.net\/wordpress\/wp-content\/uploads\/2018\/09\/WhatsApp-Image-2018-09-20-at-16.04.06.jpeg\" alt=\"\" width=\"800\" height=\"100\" srcset=\"https:\/\/www.radiopiu.net\/wordpress\/wp-content\/uploads\/2018\/09\/WhatsApp-Image-2018-09-20-at-16.04.06.jpeg 800w, https:\/\/www.radiopiu.net\/wordpress\/wp-content\/uploads\/2018\/09\/WhatsApp-Image-2018-09-20-at-16.04.06-300x38.jpeg 300w, https:\/\/www.radiopiu.net\/wordpress\/wp-content\/uploads\/2018\/09\/WhatsApp-Image-2018-09-20-at-16.04.06-768x96.jpeg 768w\" sizes=\"auto, (max-width: 800px) 100vw, 800px\" \/><\/a><\/p>\n<p><center><\/center><center><\/center><center><\/center><center><\/center><center><\/center><center><\/center>&nbsp;<\/p>\n<p><center><\/center><center><b>OGGI<\/b><\/center>Al mattino lunghi tratti soleggiati e primi modesti annuvolamenti per banchi di cirri ma anche per comparsa di stratocumuli. Poi crescente nuvolosit\u00e0 e breve fase di tempo perturbato\/instabile con precipitazioni tra met\u00e0 pomeriggio e la sera.<br \/>\n<b>Precipitazioni: <\/b>Al mattino assenti (0%), poi crescente probabilit\u00e0 fino ad alta (70-80%) per diffuse precipitazioni, anche a carattere di temporale, nevose inizialmente oltre i 2000 m, in abbassamento a fine episodio fino a 1100-1200 m sulle Dolomiti e 1300-1400 m sulle Prealpi.<br \/>\n<b>Temperature: <\/b>Minime in calo ed osservate alla sera, mentre quelle del mattino saranno in rialzo ovunque; massime in diminuzione, considerando che in quota si verificheranno nella notte tra venerd\u00ec e sabato.<\/p>\n<hr \/>\n<p><center><b>DOMANI<\/b><\/center>Inizialmente ben soleggiato, poi primi cumuli entro le ore centrali del giorno. Al pomeriggio sole e cumuli perlopi\u00f9 modesti senza fenomeni sulle Dolomiti, mentre l&#8217;attivit\u00e0 cumuliforme sar\u00e0 maggiore sulle Prealpi, dove potr\u00e0 dar luogo a qualche piovasco.<br \/>\n<b>Precipitazioni: <\/b>Al mattino assenti ovunque (0%), in seguito pressoch\u00e9 assenti sulle Dolomiti, salvo qualche fiocco di neve ventata in alta quota.<br \/>\n<b>Temperature: <\/b>In generale calo, eccetto ripresa delle massime in alcune valli, specie in quelle interessate da episodi di Foehn.<\/p>\n<hr \/>\n<p><center><b>LUNEDI<\/b><\/center>Stupenda mattinata con sole, cielo terso ed aria limpida. Contesto notturno assai fresco\/freddo con probabile ritorno delle gelate fino nei fondovalle prealpini. Al pomeriggio nubi alte, senza escludere qualche modesto addensamento a ridosso delle pedemontana.<\/p>\n<hr \/>\n<p><center><b>MARTEDI<\/b><\/center>Cielo da nuvoloso a molto nuvoloso associato a deboli precipitazioni sparse ed intermittenti, nevose sopra i 1200-1300 m. Il contesto termico sar\u00e0 fresco nelle valli e freddo in quota; l&#8217;ambiente risulter\u00e0 uggioso con ridotta escursione termica giornaliera.<\/p>\n<p>&nbsp;<\/p>\n<hr \/>\n<p>&nbsp;<\/p>\n<p><img loading=\"lazy\" decoding=\"async\" class=\"wp-image-60761 size-full aligncenter\" src=\"https:\/\/www.radiopiu.net\/wordpress\/wp-content\/uploads\/2018\/09\/sport.jpg\" alt=\"\" width=\"800\" height=\"100\" srcset=\"https:\/\/www.radiopiu.net\/wordpress\/wp-content\/uploads\/2018\/09\/sport.jpg 800w, https:\/\/www.radiopiu.net\/wordpress\/wp-content\/uploads\/2018\/09\/sport-300x38.jpg 300w, https:\/\/www.radiopiu.net\/wordpress\/wp-content\/uploads\/2018\/09\/sport-768x96.jpg 768w\" sizes=\"auto, (max-width: 800px) 100vw, 800px\" \/><\/p>\n<p>&nbsp;<\/p>\n<p><span style=\"color: #0000ff;\"><strong>CALCIO<\/strong><\/span><\/p>\n<blockquote>\n<h3>AGORDINA E PIAVE A CONFRONTO ALL&#8217;IVANO DORIGO<\/h3>\n<\/blockquote>\n<p><strong><a class=\"dt-pswp-item\" href=\"https:\/\/www.radiopiu.net\/wordpress\/wp-content\/uploads\/2024\/03\/LAJDAJDJHFSI.jpg\" data-dt-img-description=\"\" data-large_image_width=\"2032\" data-large_image_height=\"1365\"><img loading=\"lazy\" decoding=\"async\" class=\" wp-image-380521 alignleft\" src=\"https:\/\/www.radiopiu.net\/wordpress\/wp-content\/uploads\/2024\/03\/LAJDAJDJHFSI-300x202.jpg\" alt=\"\" width=\"187\" height=\"126\" srcset=\"https:\/\/www.radiopiu.net\/wordpress\/wp-content\/uploads\/2024\/03\/LAJDAJDJHFSI-300x202.jpg 300w, https:\/\/www.radiopiu.net\/wordpress\/wp-content\/uploads\/2024\/03\/LAJDAJDJHFSI-1024x688.jpg 1024w, https:\/\/www.radiopiu.net\/wordpress\/wp-content\/uploads\/2024\/03\/LAJDAJDJHFSI-768x516.jpg 768w, https:\/\/www.radiopiu.net\/wordpress\/wp-content\/uploads\/2024\/03\/LAJDAJDJHFSI-1536x1032.jpg 1536w, https:\/\/www.radiopiu.net\/wordpress\/wp-content\/uploads\/2024\/03\/LAJDAJDJHFSI.jpg 2032w\" sizes=\"auto, (max-width: 187px) 100vw, 187px\" \/><\/a>DI MARCO GAZ<\/strong><\/p>\n<p><strong>AGORDO <\/strong>Si gioca domani la sesta giornata del girone di ritorno della Terza Categoria della provincia di Belluno dove Agordina e PIave si troveranno di fronte per uno scontro diretto che per entrambe le formazioni pu\u00f2 valere una stagione. Le due formazioni stanno viaggiando a braccetto e in classifica hanno 19 punti dopo le prime 16 partite giocate. La formazione di Agordo non si pu\u00f2 pi\u00f9 permettere passi falsi altrimenti l&#8217;obbiettivo playoff potrebbe sfumare anzitempo. Per il Piave una stagione tutto sommato buona e forse anche sopra le righe. La sfida andr\u00e0 in scena all&#8217;Ivano Dorigo di Agordo con calcio d&#8217;inizio alle 14:30.<\/p>\n<p><strong>LA CLASSIFICA DELLA TERZA CATEGORIA:<\/strong> Gemelle 41, San Vittore 35, Fortogna 34, Domegge 31, Auronzo 29, Alpes Cesio 26, Valzoldana 23, Dynamo Vellai 22, Agordina e Piave 19, Cortina 16, Tambre 12, Lamonese 9, Cadore 3<\/p>\n<p><strong>L&#8217;INTERVISTA DI ANDREA BALDASSI ALLO STAFF DEL PIAVE CALCIO<\/strong><\/p>\n<audio class=\"wp-audio-shortcode\" id=\"audio-380322-15\" preload=\"none\" style=\"width: 100%;\" controls=\"controls\"><source type=\"audio\/mpeg\" src=\"https:\/\/www.radiopiu.net\/wordpress\/wp-content\/uploads\/2024\/03\/BALDA-GHIANI.mp3?_=15\" \/><a href=\"https:\/\/www.radiopiu.net\/wordpress\/wp-content\/uploads\/2024\/03\/BALDA-GHIANI.mp3\">https:\/\/www.radiopiu.net\/wordpress\/wp-content\/uploads\/2024\/03\/BALDA-GHIANI.mp3<\/a><\/audio>\n<p>&nbsp;<\/p>\n<p><span style=\"color: #0000ff;\"><strong>SCI ALPINO<\/strong><\/span><\/p>\n<blockquote>\n<h3>GRANDE PROVA DI EVELYN FAE&#8217; SULL&#8217;ABETONE<\/h3>\n<\/blockquote>\n<p><strong><img loading=\"lazy\" decoding=\"async\" class=\"alignleft\" src=\"https:\/\/www.radiopiu.net\/wordpress\/wp-content\/uploads\/2024\/03\/Senza-nome-74.png\" width=\"216\" height=\"98\" \/>REDAZIONE<\/strong> Evelyn Fa\u00e8 dello Sci Club Val Biois che gi\u00e0 \u00e8 salita sul gradino pi\u00f9 alto del podio ai campionati regionale ha fatto il bis, e che bis.\u00a0 Nel gigante all&#8217;Abetone nell&#8217;ambito del Pinocchio sugli sci, Evelyn, classe 2015, categoria baby femminile ha chiuso al primo posto. Complimenti campionessa!<\/p>\n<p><strong>IL PRESIDENTE MATTEO CAGNATI<\/strong><\/p>\n<audio class=\"wp-audio-shortcode\" id=\"audio-380322-16\" preload=\"none\" style=\"width: 100%;\" controls=\"controls\"><source type=\"audio\/mpeg\" src=\"https:\/\/www.radiopiu.net\/wordpress\/wp-content\/uploads\/2024\/03\/MATTEO-CAGNATI.mp3?_=16\" \/><a href=\"https:\/\/www.radiopiu.net\/wordpress\/wp-content\/uploads\/2024\/03\/MATTEO-CAGNATI.mp3\">https:\/\/www.radiopiu.net\/wordpress\/wp-content\/uploads\/2024\/03\/MATTEO-CAGNATI.mp3<\/a><\/audio>\n<p>&nbsp;<\/p>\n<p><span style=\"color: #0000ff;\"><strong>PALLAVOLO<\/strong><\/span><\/p>\n<blockquote>\n<h3>DOMANI BELLUNO VOLLEY IN CAMPO CON IL MOTTA<\/h3>\n<\/blockquote>\n<p><a class=\"dt-pswp-item\" href=\"https:\/\/www.radiopiu.net\/wordpress\/wp-content\/uploads\/2024\/03\/Ultimo_turno_in_vista.jpg\" data-dt-img-description=\"\" data-large_image_width=\"1184\" data-large_image_height=\"669\"><img loading=\"lazy\" decoding=\"async\" class=\" wp-image-380491 alignleft\" src=\"https:\/\/www.radiopiu.net\/wordpress\/wp-content\/uploads\/2024\/03\/Ultimo_turno_in_vista-300x170.jpg\" alt=\"\" width=\"159\" height=\"90\" srcset=\"https:\/\/www.radiopiu.net\/wordpress\/wp-content\/uploads\/2024\/03\/Ultimo_turno_in_vista-300x170.jpg 300w, https:\/\/www.radiopiu.net\/wordpress\/wp-content\/uploads\/2024\/03\/Ultimo_turno_in_vista-1024x579.jpg 1024w, https:\/\/www.radiopiu.net\/wordpress\/wp-content\/uploads\/2024\/03\/Ultimo_turno_in_vista-768x434.jpg 768w, https:\/\/www.radiopiu.net\/wordpress\/wp-content\/uploads\/2024\/03\/Ultimo_turno_in_vista.jpg 1184w\" sizes=\"auto, (max-width: 159px) 100vw, 159px\" \/><\/a>Tre punti a disposizione, innumerevoli scenari aperti: l\u2019ultimo turno del campionato di Serie A3 Credem Banca decreter\u00e0 una griglia playoff che, a una giornata dalla bandiera a scacchi, \u00e8 totalmente indecifrabile. La situazione di classifica vede il Gabbiano Mantova gi\u00e0 sicuro del primato, San Don\u00e0 in seconda posizione a 47 punti, Belluno Volley in terza a 44, Motta in quarta a quota 43. E Savigliano in quinta a 41. A rendere ancor pi\u00f9 elettrizzante l\u2019epilogo di regular season, spicca il fatto che l\u2019atto finale, in programma domani alle 18 alla Spes Arena, \u00e8 un derby, oltre che uno scontro diretto<\/p>\n<p>&nbsp;<\/p>\n<blockquote>\n<h3><a class=\"dt-pswp-item\" href=\"https:\/\/www.radiopiu.net\/wordpress\/wp-content\/uploads\/2024\/03\/Giulia_Zanellati_in_azione.jpg\" data-dt-img-description=\"\" data-large_image_width=\"640\" data-large_image_height=\"640\"><img loading=\"lazy\" decoding=\"async\" class=\" wp-image-380493 alignleft\" src=\"https:\/\/www.radiopiu.net\/wordpress\/wp-content\/uploads\/2024\/03\/Giulia_Zanellati_in_azione-300x300.jpg\" alt=\"\" width=\"126\" height=\"126\" srcset=\"https:\/\/www.radiopiu.net\/wordpress\/wp-content\/uploads\/2024\/03\/Giulia_Zanellati_in_azione-300x300.jpg 300w, https:\/\/www.radiopiu.net\/wordpress\/wp-content\/uploads\/2024\/03\/Giulia_Zanellati_in_azione-150x150.jpg 150w, https:\/\/www.radiopiu.net\/wordpress\/wp-content\/uploads\/2024\/03\/Giulia_Zanellati_in_azione.jpg 640w\" sizes=\"auto, (max-width: 126px) 100vw, 126px\" \/><\/a>PALLAVOLO FEMMINILE BELLUNO: IN CAMPO SOLO LA SERIE D<\/h3>\n<\/blockquote>\n<p><strong>BELLUNO<\/strong> Ha sconfitto la capolista Asolo, il Giorgione a domicilio e il Volley Colombo, quarta forza del girone: la Homeclick di serie C \u00e8 lanciatissima. E solo il calendario poteva arrestare la sua marcia. Oggi, infatti, il gruppo di Josh De Salvador non scender\u00e0 sotto rete. E osserver\u00e0 un turno di riposo: il prossimo impegno \u00e8 in programma dopo Pasqua, il 6 aprile, quando al De Mas approder\u00e0 la Libertas Scorz\u00e8. Questo significa che le luci dei riflettori, in questo fine settimana, saranno tutte per la SB Volley di serie D.<\/p>\n<p>&nbsp;<\/p>\n<hr \/>\n<p>&nbsp;<\/p>\n<h2><span style=\"color: #808000;\">GOODBYE BY BICICLE&#8230;UN VIAGGIO DALL&#8217;INDIA A SEREN DEL GRAPPA IN BICICLETTA<\/span><\/h2>\n<p><span style=\"color: #ff0000;\"><strong>PUNTATA 05 &#8211; CONTINUA IL VIAGGIO DI AIRE LILY E SCHNUCK<\/strong><\/span><\/p>\n<audio class=\"wp-audio-shortcode\" id=\"audio-380322-17\" preload=\"none\" style=\"width: 100%;\" controls=\"controls\"><source type=\"audio\/mpeg\" src=\"https:\/\/www.radiopiu.net\/wordpress\/wp-content\/uploads\/2024\/03\/INDIA-AIRE-PUNTATA-05-1.mp3?_=17\" \/><a href=\"https:\/\/www.radiopiu.net\/wordpress\/wp-content\/uploads\/2024\/03\/INDIA-AIRE-PUNTATA-05-1.mp3\">https:\/\/www.radiopiu.net\/wordpress\/wp-content\/uploads\/2024\/03\/INDIA-AIRE-PUNTATA-05-1.mp3<\/a><\/audio>\n<p>&nbsp;<\/p>\n<p><strong>PER VISITARE I SITI DEI LUOGHI VISITATI, CLICCA SULLE SEGUENTI SCRITTE: <a href=\"https:\/\/anandvanfoundation.org\/\">ANANDVAN FOUDATION<\/a>\u00a0 <a href=\"https:\/\/lendahandindia.org\/programs\/karigar-school-of-applied-learning\/\">KARIGAR<\/a>\u00a0 <a href=\"https:\/\/www.resqct.org\/\">RESCUE RIABILITAD ANIMALS<\/a><\/strong><\/p>\n\n\t\t\t<style type='text\/css'>\n\t\t\t\t#gallery-7 {\n\t\t\t\t\tmargin: auto;\n\t\t\t\t}\n\t\t\t\t#gallery-7 .gallery-item {\n\t\t\t\t\tfloat: left;\n\t\t\t\t\tmargin-top: 10px;\n\t\t\t\t\ttext-align: center;\n\t\t\t\t\twidth: 14%;\n\t\t\t\t}\n\t\t\t\t#gallery-7 img {\n\t\t\t\t\tborder: 2px solid #cfcfcf;\n\t\t\t\t}\n\t\t\t\t#gallery-7 .gallery-caption {\n\t\t\t\t\tmargin-left: 0;\n\t\t\t\t}\n\t\t\t\t\/* see gallery_shortcode() in wp-includes\/media.php *\/\n\t\t\t<\/style>\n\t\t<div id='gallery-7' class='dt-gallery-container gallery galleryid-380322 gallery-columns-7 gallery-size-thumbnail'><dl class='gallery-item'>\n\t\t\t\t<dt class='gallery-icon portrait'>\n\t\t\t\t\t<a class=\"rollover rollover-zoom dt-pswp-item\" title=\"c16ecf9e-3e79-41c1-8d38-3836a6962ead\" data-dt-img-description=\"\" data-large_image_width=\"1199\" data-large_image_height=\"1600\"href='https:\/\/www.radiopiu.net\/wordpress\/wp-content\/uploads\/2024\/03\/c16ecf9e-3e79-41c1-8d38-3836a6962ead.jpg'><img loading=\"lazy\" decoding=\"async\" width=\"150\" height=\"150\" src=\"https:\/\/www.radiopiu.net\/wordpress\/wp-content\/uploads\/2024\/03\/c16ecf9e-3e79-41c1-8d38-3836a6962ead-150x150.jpg\" class=\"attachment-thumbnail size-thumbnail\" alt=\"\" \/><\/a>\n\t\t\t\t<\/dt><\/dl><dl class='gallery-item'>\n\t\t\t\t<dt class='gallery-icon portrait'>\n\t\t\t\t\t<a class=\"rollover rollover-zoom dt-pswp-item\" title=\"af0728b4-3367-4a0a-a254-cdc91880096a\" data-dt-img-description=\"\" data-large_image_width=\"1200\" data-large_image_height=\"1600\"href='https:\/\/www.radiopiu.net\/wordpress\/wp-content\/uploads\/2024\/03\/af0728b4-3367-4a0a-a254-cdc91880096a.jpg'><img loading=\"lazy\" decoding=\"async\" width=\"150\" height=\"150\" src=\"https:\/\/www.radiopiu.net\/wordpress\/wp-content\/uploads\/2024\/03\/af0728b4-3367-4a0a-a254-cdc91880096a-150x150.jpg\" class=\"attachment-thumbnail size-thumbnail\" alt=\"\" \/><\/a>\n\t\t\t\t<\/dt><\/dl><dl class='gallery-item'>\n\t\t\t\t<dt class='gallery-icon landscape'>\n\t\t\t\t\t<a class=\"rollover rollover-zoom dt-pswp-item\" title=\"0a77d85e-8b2b-4f85-9677-f99497bfbbf7\" data-dt-img-description=\"\" data-large_image_width=\"1280\" data-large_image_height=\"960\"href='https:\/\/www.radiopiu.net\/wordpress\/wp-content\/uploads\/2024\/03\/0a77d85e-8b2b-4f85-9677-f99497bfbbf7.jpg'><img loading=\"lazy\" decoding=\"async\" width=\"150\" height=\"150\" src=\"https:\/\/www.radiopiu.net\/wordpress\/wp-content\/uploads\/2024\/03\/0a77d85e-8b2b-4f85-9677-f99497bfbbf7-150x150.jpg\" class=\"attachment-thumbnail size-thumbnail\" alt=\"\" \/><\/a>\n\t\t\t\t<\/dt><\/dl><dl class='gallery-item'>\n\t\t\t\t<dt class='gallery-icon portrait'>\n\t\t\t\t\t<a class=\"rollover rollover-zoom dt-pswp-item\" title=\"e7bd92e1-0ae0-4c15-b92e-5a91246488f7\" data-dt-img-description=\"\" data-large_image_width=\"1200\" data-large_image_height=\"1600\"href='https:\/\/www.radiopiu.net\/wordpress\/wp-content\/uploads\/2024\/03\/e7bd92e1-0ae0-4c15-b92e-5a91246488f7.jpg'><img loading=\"lazy\" decoding=\"async\" width=\"150\" height=\"150\" src=\"https:\/\/www.radiopiu.net\/wordpress\/wp-content\/uploads\/2024\/03\/e7bd92e1-0ae0-4c15-b92e-5a91246488f7-150x150.jpg\" class=\"attachment-thumbnail size-thumbnail\" alt=\"\" \/><\/a>\n\t\t\t\t<\/dt><\/dl><dl class='gallery-item'>\n\t\t\t\t<dt class='gallery-icon landscape'>\n\t\t\t\t\t<a class=\"rollover rollover-zoom dt-pswp-item\" title=\"a7608d4f-32c0-4237-b954-04984a5d2293\" data-dt-img-description=\"\" data-large_image_width=\"1600\" data-large_image_height=\"1200\"href='https:\/\/www.radiopiu.net\/wordpress\/wp-content\/uploads\/2024\/03\/a7608d4f-32c0-4237-b954-04984a5d2293.jpg'><img loading=\"lazy\" decoding=\"async\" width=\"150\" height=\"150\" src=\"https:\/\/www.radiopiu.net\/wordpress\/wp-content\/uploads\/2024\/03\/a7608d4f-32c0-4237-b954-04984a5d2293-150x150.jpg\" class=\"attachment-thumbnail size-thumbnail\" alt=\"\" \/><\/a>\n\t\t\t\t<\/dt><\/dl><dl class='gallery-item'>\n\t\t\t\t<dt class='gallery-icon landscape'>\n\t\t\t\t\t<a class=\"rollover rollover-zoom dt-pswp-item\" title=\"1cc6eb12-8baa-49c1-ad69-d9f546f3d1e6\" data-dt-img-description=\"\" data-large_image_width=\"1600\" data-large_image_height=\"1200\"href='https:\/\/www.radiopiu.net\/wordpress\/wp-content\/uploads\/2024\/03\/1cc6eb12-8baa-49c1-ad69-d9f546f3d1e6.jpg'><img loading=\"lazy\" decoding=\"async\" width=\"150\" height=\"150\" src=\"https:\/\/www.radiopiu.net\/wordpress\/wp-content\/uploads\/2024\/03\/1cc6eb12-8baa-49c1-ad69-d9f546f3d1e6-150x150.jpg\" class=\"attachment-thumbnail size-thumbnail\" alt=\"\" \/><\/a>\n\t\t\t\t<\/dt><\/dl><dl class='gallery-item'>\n\t\t\t\t<dt class='gallery-icon landscape'>\n\t\t\t\t\t<a class=\"rollover rollover-zoom dt-pswp-item\" title=\"0735a0c1-63f9-4dc7-a8ae-e91913259f1b\" data-dt-img-description=\"\" data-large_image_width=\"2000\" data-large_image_height=\"1500\"href='https:\/\/www.radiopiu.net\/wordpress\/wp-content\/uploads\/2024\/03\/0735a0c1-63f9-4dc7-a8ae-e91913259f1b.jpg'><img loading=\"lazy\" decoding=\"async\" width=\"150\" height=\"150\" src=\"https:\/\/www.radiopiu.net\/wordpress\/wp-content\/uploads\/2024\/03\/0735a0c1-63f9-4dc7-a8ae-e91913259f1b-150x150.jpg\" class=\"attachment-thumbnail size-thumbnail\" alt=\"\" \/><\/a>\n\t\t\t\t<\/dt><\/dl><br style=\"clear: both\" \/>\n\t\t\t<\/div>\n\n<p>&nbsp;<\/p>\n<p>&nbsp;<\/p>\n<p>&nbsp;<\/p>\n<p>&nbsp;<\/p>\n","protected":false},"excerpt":{"rendered":"<p>****** &nbsp; &nbsp; &nbsp; repetita juvant le cose ripetute piacciono, giovano \u00a0PAURA LUNGO L&#8217;AGORDINA!\u00a0 BASTA CON MORTI E FERITI Sindaci di Sedico, La Valle Agordina e Belluno: i vostri autovelox non sono sufficienti a garantire la sicurezza sulle strade. OGNI GIORNO, PAURA LUNGO LA 203 AGORDINA, CIRCUITO PER I FOLLI DELLA VELOCITA&#8217;. AUTOVELOX? SOLO PER&hellip;<\/p>\n","protected":false},"author":4,"featured_media":380616,"comment_status":"closed","ping_status":"closed","sticky":false,"template":"","format":"standard","meta":{"_monsterinsights_skip_tracking":false,"_monsterinsights_sitenote_active":false,"_monsterinsights_sitenote_note":"","_monsterinsights_sitenote_category":0,"footnotes":""},"categories":[51,86,49],"tags":[],"class_list":["post-380322","post","type-post","status-publish","format-standard","has-post-thumbnail","hentry","category-evidenza-top","category-gr","category-news-18","category-51","category-86","category-49","description-off"],"img_url":"https:\/\/www.radiopiu.net\/wordpress\/wp-content\/uploads\/2024\/03\/incidente-ronc-di-bois-2.jpg","_links":{"self":[{"href":"https:\/\/www.radiopiu.net\/wordpress\/wp-json\/wp\/v2\/posts\/380322","targetHints":{"allow":["GET"]}}],"collection":[{"href":"https:\/\/www.radiopiu.net\/wordpress\/wp-json\/wp\/v2\/posts"}],"about":[{"href":"https:\/\/www.radiopiu.net\/wordpress\/wp-json\/wp\/v2\/types\/post"}],"author":[{"embeddable":true,"href":"https:\/\/www.radiopiu.net\/wordpress\/wp-json\/wp\/v2\/users\/4"}],"replies":[{"embeddable":true,"href":"https:\/\/www.radiopiu.net\/wordpress\/wp-json\/wp\/v2\/comments?post=380322"}],"version-history":[{"count":0,"href":"https:\/\/www.radiopiu.net\/wordpress\/wp-json\/wp\/v2\/posts\/380322\/revisions"}],"wp:featuredmedia":[{"embeddable":true,"href":"https:\/\/www.radiopiu.net\/wordpress\/wp-json\/wp\/v2\/media\/380616"}],"wp:attachment":[{"href":"https:\/\/www.radiopiu.net\/wordpress\/wp-json\/wp\/v2\/media?parent=380322"}],"wp:term":[{"taxonomy":"category","embeddable":true,"href":"https:\/\/www.radiopiu.net\/wordpress\/wp-json\/wp\/v2\/categories?post=380322"},{"taxonomy":"post_tag","embeddable":true,"href":"https:\/\/www.radiopiu.net\/wordpress\/wp-json\/wp\/v2\/tags?post=380322"}],"curies":[{"name":"wp","href":"https:\/\/api.w.org\/{rel}","templated":true}]}}