{"id":380333,"date":"2024-03-22T05:23:30","date_gmt":"2024-03-22T04:23:30","guid":{"rendered":"https:\/\/www.radiopiu.net\/wordpress\/?p=380333"},"modified":"2024-03-22T05:39:46","modified_gmt":"2024-03-22T04:39:46","slug":"due-agordini-in-tribunale-hanno-danneggiato-lautobus-inchiodati-dalle-telecamere","status":"publish","type":"post","link":"https:\/\/www.radiopiu.net\/wordpress\/due-agordini-in-tribunale-hanno-danneggiato-lautobus-inchiodati-dalle-telecamere\/","title":{"rendered":"DUE AGORDINI IN TRIBUNALE, HANNO DANNEGGIATO L&#8217;AUTOBUS: INCHIODATI DALLE TELECAMERE"},"content":{"rendered":"<p><strong><img loading=\"lazy\" decoding=\"async\" class=\"alignleft\" src=\"https:\/\/www.radiopiu.net\/wordpress\/wp-content\/uploads\/2021\/09\/tribunale-belluno.jpg\" width=\"348\" height=\"232\" \/>OGGI LA GIUDIZIARIA<\/strong><br \/>\n<strong>DAL CORRIERE DELLE ALPI-sintesi<\/strong><br \/>\n<strong>DI GIGI SOSSO\u00a0 \u00a0<\/strong><\/p>\n<p><strong>AGORDO<\/strong> Due pullman della Dolomitibus sono stati pesantemente danneggiati in una stazione durante un raid vandalico. Alex Manfroi, 22 anni, di Cencenighe, e Mateus Rossi, italobrasiliano di 20 anni residente a San Tomaso, sono stati citati in tribunale per danneggiamento aggravato, con danni quantificati in 4 mila euro. Il processo inizier\u00e0 a luglio davanti al giudice Luca Berletti, I due imputati, accusati di aver danneggiato due autobus, non erano presenti all&#8217;udienza pre-dibattimentale, e sono stati individuati grazie alle immagini delle telecamere di sorveglianza.<\/p>\n<div class=\"flex-1 overflow-hidden\">\n<div class=\"react-scroll-to-bottom--css-pfpis-79elbk h-full\">\n<div class=\"react-scroll-to-bottom--css-pfpis-1n7m0yu\">\n<div class=\"flex flex-col text-sm pb-9\">\n<div class=\"w-full text-token-text-primary\" data-testid=\"conversation-turn-43\">\n<div class=\"px-4 py-2 justify-center text-base md:gap-6 m-auto\">\n<div class=\"flex flex-1 text-base mx-auto gap-3 md:px-5 lg:px-1 xl:px-5 md:max-w-3xl lg:max-w-[40rem] xl:max-w-[48rem] group final-completion\">\n<div class=\"relative flex w-full flex-col agent-turn\">\n<div class=\"flex-col gap-1 md:gap-3\">\n<div class=\"flex flex-grow flex-col max-w-full\">\n<div class=\"min-h-[20px] text-message flex flex-col items-start gap-3 whitespace-pre-wrap break-words [.text-message+&amp;]:mt-5 overflow-x-auto\" data-message-author-role=\"assistant\" data-message-id=\"d8c66abb-ac2a-4f4c-9085-2d1a2cbf72df\">\n<div class=\"markdown prose w-full break-words dark:prose-invert dark\">\n<blockquote><p><strong>FELTRE <\/strong>Il prete Don Severino Cecchin \u00e8 stato raggirato per 42 mila euro da Lucrezia Cari e Daniel Colombo, che hanno falsamente affermato che lei fosse incinta e in difficolt\u00e0 economica. Il reato contestato \u00e8 circonvenzione d&#8217;incapace, con pena da due a sei anni di reclusione pi\u00f9 multa.\u00a0 Il processo inizier\u00e0 il 5 giugno, con Cecchin come primo testimone.<\/p><\/blockquote>\n<\/div>\n<\/div>\n<\/div>\n<\/div>\n<\/div>\n<\/div>\n<\/div>\n<\/div>\n<\/div>\n<\/div>\n<\/div>\n<\/div>\n<div class=\"w-full pt-2 md:pt-0 dark:border-white\/20 md:border-transparent md:dark:border-transparent md:w-[calc(100%-.5rem)]\">\n<form class=\"stretch mx-2 flex flex-row gap-3 last:mb-2 md:mx-4 md:last:mb-6 lg:mx-auto lg:max-w-2xl xl:max-w-3xl\">\n<div class=\"relative flex h-full flex-1 flex-col\">\n<div class=\"flex w-full items-center\"><\/div>\n<\/div>\n<\/form>\n<\/div>\n<p><strong>BELLUNO<\/strong> Un amore tossico nato al Serd porta ad abusare psicologicamente e fisicamente della donna, isolandola e controllandola completamente. Tra gennaio e giugno 2022, le infligge manipolazioni, violenze fisiche e insulti, costringendola a una convivenza dolorosa.\u00a0 L&#8217;uomo ancora detenuto per altri motivi, affronta il processo mentre la donna cerca giustizia.<\/p>\n<p><strong>BELLUNO<\/strong> detenuto a Baldenich, esercitava autorit\u00e0 sulla sua cella compiendo estorsioni verso altri detenuti. Minacci\u00f2 un uomo di Belluno di violenza se non gli versava 300 euro, ottenendo il denaro dai genitori del cittadino. Successivamente, costrinse un ragazzo afghano a ritrattare una denuncia per violenza sessuale sotto minaccia, usando una forchetta come arma. Condannato a otto anni di reclusione,\u00a0 affronta il processo per tentata estorsione.<\/p>\n<p>&nbsp;<\/p>\n<p>&nbsp;<\/p>\n<hr \/>\n<p>&nbsp;<\/p>\n","protected":false},"excerpt":{"rendered":"<p>OGGI LA GIUDIZIARIA DAL CORRIERE DELLE ALPI-sintesi DI GIGI SOSSO\u00a0 \u00a0 AGORDO Due pullman della Dolomitibus sono stati pesantemente danneggiati in una stazione durante un raid vandalico. Alex Manfroi, 22 anni, di Cencenighe, e Mateus Rossi, italobrasiliano di 20 anni residente a San Tomaso, sono stati citati in tribunale per danneggiamento aggravato, con danni quantificati&hellip;<\/p>\n","protected":false},"author":4,"featured_media":232453,"comment_status":"closed","ping_status":"closed","sticky":false,"template":"","format":"standard","meta":{"_monsterinsights_skip_tracking":false,"_monsterinsights_sitenote_active":false,"_monsterinsights_sitenote_note":"","_monsterinsights_sitenote_category":0,"footnotes":""},"categories":[51,49],"tags":[],"class_list":["post-380333","post","type-post","status-publish","format-standard","has-post-thumbnail","hentry","category-evidenza-top","category-news-18","category-51","category-49","description-off"],"img_url":"https:\/\/www.radiopiu.net\/wordpress\/wp-content\/uploads\/2021\/09\/tribunale-belluno.jpg","_links":{"self":[{"href":"https:\/\/www.radiopiu.net\/wordpress\/wp-json\/wp\/v2\/posts\/380333","targetHints":{"allow":["GET"]}}],"collection":[{"href":"https:\/\/www.radiopiu.net\/wordpress\/wp-json\/wp\/v2\/posts"}],"about":[{"href":"https:\/\/www.radiopiu.net\/wordpress\/wp-json\/wp\/v2\/types\/post"}],"author":[{"embeddable":true,"href":"https:\/\/www.radiopiu.net\/wordpress\/wp-json\/wp\/v2\/users\/4"}],"replies":[{"embeddable":true,"href":"https:\/\/www.radiopiu.net\/wordpress\/wp-json\/wp\/v2\/comments?post=380333"}],"version-history":[{"count":0,"href":"https:\/\/www.radiopiu.net\/wordpress\/wp-json\/wp\/v2\/posts\/380333\/revisions"}],"wp:featuredmedia":[{"embeddable":true,"href":"https:\/\/www.radiopiu.net\/wordpress\/wp-json\/wp\/v2\/media\/232453"}],"wp:attachment":[{"href":"https:\/\/www.radiopiu.net\/wordpress\/wp-json\/wp\/v2\/media?parent=380333"}],"wp:term":[{"taxonomy":"category","embeddable":true,"href":"https:\/\/www.radiopiu.net\/wordpress\/wp-json\/wp\/v2\/categories?post=380333"},{"taxonomy":"post_tag","embeddable":true,"href":"https:\/\/www.radiopiu.net\/wordpress\/wp-json\/wp\/v2\/tags?post=380333"}],"curies":[{"name":"wp","href":"https:\/\/api.w.org\/{rel}","templated":true}]}}