{"id":380352,"date":"2024-03-22T07:55:40","date_gmt":"2024-03-22T06:55:40","guid":{"rendered":"https:\/\/www.radiopiu.net\/wordpress\/?p=380352"},"modified":"2024-03-22T08:08:33","modified_gmt":"2024-03-22T07:08:33","slug":"dal-1983-la-rassegna-stampa-locale-originale-su-radiopiu","status":"publish","type":"post","link":"https:\/\/www.radiopiu.net\/wordpress\/dal-1983-la-rassegna-stampa-locale-originale-su-radiopiu\/","title":{"rendered":"dal 1983 la rassegna stampa locale originale, SU RADIOPIU"},"content":{"rendered":"<p>**<\/p>\n<p><iframe loading=\"lazy\" title=\"DAL 1983 LA RASSEGNA STAMPA LOCALE di mirko mezzacasa. L&#039;ORIGINALE\" width=\"1200\" height=\"675\" src=\"https:\/\/www.youtube.com\/embed\/NId7jwh9Smk?feature=oembed\" frameborder=\"0\" allow=\"accelerometer; autoplay; clipboard-write; encrypted-media; gyroscope; picture-in-picture; web-share\" allowfullscreen><\/iframe><\/p>\n<p>&nbsp;<\/p>\n<p><img loading=\"lazy\" decoding=\"async\" class=\"alignleft\" src=\"https:\/\/www.radiopiu.net\/wordpress\/wp-content\/uploads\/2024\/03\/coeprtina.png\" width=\"268\" height=\"111\" \/>CANALE D&#8217;AGORDO\u00a0 Incidente a quota 2300\u00a0 in Valle di Gares. La scialpinista \u00e8 stata elitrasportata all&#8217;ospedale Papa Luciani di Agordo in condizioni non gravi.<br \/>\nSOSPIROLO\u00a0 Mercoledi\u00a0 sera attorno alle 20, la Centrale del 118 ha attivato il Soccorso alpino di Belluno per due ragazzi venetenni vicentini, impossibilitati a proseguire a causa del buio. L&#8217;intervento si \u00e8 concluso verso le 21.30.<br \/>\nCOLLE SANTA LUCIA &#8220;Hanno tentato di forzare la serratura di due auto&#8221;. Questo l&#8217;appello di Aurora Chizzali ieri mattina alla radio, allertava i paesani e i Carabinieri di Caprile. Dopo qualche ora gli uomini dell&#8217;Arma lo hanno fermato a Longarone trovando nella sua auto, la famosa Polo grigia segnalata da RADIOPIU, cellulari, soldi, oggetti preziosi razziati in altri furti.<br \/>\nVENEZIA INTESA TRA VENETO STRADE ED ANAS PER LA MESSA IN SICUREZZA DELLA RETE VIARIA<br \/>\nAGORDO LA CICLABILE BRIBANO-CENCENIGHE, AI CASTEI SI PASSERA&#8217; SULLA EX 203 AGORDINA<br \/>\nAGORDO C&#8217;E&#8217; ATTESA PER LA SENTENZA RELATIVA ALLA CICLABILE DOPO IL RICORSO DI UN PRIVATO CITTADINO<br \/>\nDOMANI L&#8217;INAUGURAZIONE DEL TRATTO DI PISTA CICLABILE A SANTA GIUSTINA<br \/>\nBELLUNO &#8220;Multe non pagate del 2019: il Comune lotta per il recupero inviando l&#8217;elenco all&#8217;Agenzia delle Entrate Riscossione<br \/>\nROCCA PIETORE RINNOVATA PER ALTRI 3 ANNI LA CONVENZIONE TRA ANA E PROTEZIONE CIVILE<br \/>\nFALCADE 50 ANNI DI GIORNALISMO, L\u2019ORDINE RICONOSCE IL MERITO DI EMILIO CAGNATI<br \/>\nFELTRE La Filctem CGIL di Belluno denuncia &#8220;Preoccupazione per il Futuro di Piave Maitex&#8221;<br \/>\nBELLUNO Oltre 1300 visite medico-sportive nel 2023, progetti contro l&#8217;obesit\u00e0 infantile e collaborazione con universit\u00e0 importanti: l&#8217;attivit\u00e0 della Medicina dello Sport dell&#8217;Ulss 1 Dolomiti riprende alla grande, dopo la frenata dei lavori nel periodo della pandemia.<br \/>\nPONTE NELLE ALPI APPROVA L&#8217;INFERMIERE DI PROSSIMITA&#8217;<br \/>\nIL COMUNE DI FELTRE CONSEGNA UN KIT DI MATERIALI AL GRUPPO DEGLI ECOVOLONTARI DELL&#8217;UNIONE MONTANA FELTRINA<br \/>\nL&#8217;AMMINISTRAZIONE DI BORGO VALBELLUNA ADOTTA IL NUOVO REGOLAMENTO EDILIZIO<br \/>\nBORGO VALBELLUNA LA PRIMARIA E SECONDARIA DI MEL RINGIOVANISCONO L\u2019AULA INFORMATICA<br \/>\nBELLUNO OLTRE 20 ANNI DI IMPEGNO PER I MALATI DI FIBROMIALGIA E SINDROMI CORRELATE<br \/>\nFALCADE Ieri, nel laboratorio di enogastronomia di Falcade, si \u00e8 svolto un corso di intaglio con metodo thailandese tenuto da Daniele Selle, medaglia di bronzo alle Olimpiadi di cucina di Stoccarda. Gli studenti delle classi 4e e 5e hanno avuto l&#8217;opportunit\u00e0 di imparare questa tecnica sotto la guida del maestro, ex allievo dell&#8217;istituto, sperimentando l&#8217;intaglio di ortaggi e frutta<br \/>\nAGORDO\u00a0L\u2019assemblea della sezione agordina del Cai si terr\u00e0 sabato 23 aprile alle 17.30 in sala Don Tamis<\/p>\n<p>&nbsp;<\/p>\n<p>&nbsp;<\/p>\n<p>&nbsp;<\/p>\n","protected":false},"excerpt":{"rendered":"<p>** &nbsp; CANALE D&#8217;AGORDO\u00a0 Incidente a quota 2300\u00a0 in Valle di Gares. La scialpinista \u00e8 stata elitrasportata all&#8217;ospedale Papa Luciani di Agordo in condizioni non gravi. SOSPIROLO\u00a0 Mercoledi\u00a0 sera attorno alle 20, la Centrale del 118 ha attivato il Soccorso alpino di Belluno per due ragazzi venetenni vicentini, impossibilitati a proseguire a causa del buio.&hellip;<\/p>\n","protected":false},"author":4,"featured_media":380353,"comment_status":"closed","ping_status":"closed","sticky":false,"template":"","format":"standard","meta":{"_monsterinsights_skip_tracking":false,"_monsterinsights_sitenote_active":false,"_monsterinsights_sitenote_note":"","_monsterinsights_sitenote_category":0,"footnotes":""},"categories":[104,49,142],"tags":[],"class_list":["post-380352","post","type-post","status-publish","format-standard","has-post-thumbnail","hentry","category-evidenza_3","category-news-18","category-rassegna-stampa","category-104","category-49","category-142","description-off"],"img_url":"https:\/\/www.radiopiu.net\/wordpress\/wp-content\/uploads\/2024\/03\/coeprtina.png","_links":{"self":[{"href":"https:\/\/www.radiopiu.net\/wordpress\/wp-json\/wp\/v2\/posts\/380352","targetHints":{"allow":["GET"]}}],"collection":[{"href":"https:\/\/www.radiopiu.net\/wordpress\/wp-json\/wp\/v2\/posts"}],"about":[{"href":"https:\/\/www.radiopiu.net\/wordpress\/wp-json\/wp\/v2\/types\/post"}],"author":[{"embeddable":true,"href":"https:\/\/www.radiopiu.net\/wordpress\/wp-json\/wp\/v2\/users\/4"}],"replies":[{"embeddable":true,"href":"https:\/\/www.radiopiu.net\/wordpress\/wp-json\/wp\/v2\/comments?post=380352"}],"version-history":[{"count":0,"href":"https:\/\/www.radiopiu.net\/wordpress\/wp-json\/wp\/v2\/posts\/380352\/revisions"}],"wp:featuredmedia":[{"embeddable":true,"href":"https:\/\/www.radiopiu.net\/wordpress\/wp-json\/wp\/v2\/media\/380353"}],"wp:attachment":[{"href":"https:\/\/www.radiopiu.net\/wordpress\/wp-json\/wp\/v2\/media?parent=380352"}],"wp:term":[{"taxonomy":"category","embeddable":true,"href":"https:\/\/www.radiopiu.net\/wordpress\/wp-json\/wp\/v2\/categories?post=380352"},{"taxonomy":"post_tag","embeddable":true,"href":"https:\/\/www.radiopiu.net\/wordpress\/wp-json\/wp\/v2\/tags?post=380352"}],"curies":[{"name":"wp","href":"https:\/\/api.w.org\/{rel}","templated":true}]}}