{"id":380591,"date":"2024-03-25T05:10:42","date_gmt":"2024-03-25T04:10:42","guid":{"rendered":"https:\/\/www.radiopiu.net\/wordpress\/?p=380591"},"modified":"2024-03-25T07:59:59","modified_gmt":"2024-03-25T06:59:59","slug":"giornale-radiopiu-25-marzo-2024-direttore-mirko-mezzacasada-40-anni-25-giugno-1983-25-giugno-2023","status":"publish","type":"post","link":"https:\/\/www.radiopiu.net\/wordpress\/giornale-radiopiu-25-marzo-2024-direttore-mirko-mezzacasada-40-anni-25-giugno-1983-25-giugno-2023\/","title":{"rendered":"GIORNALE RADIOPIU 25 MARZO 2024 DIRETTORE MIRKO MEZZACASA\u2026DA 40 ANNI 25 GIUGNO 1983-25 GIUGNO 2023"},"content":{"rendered":"<p>******<\/p>\n<p>&nbsp;<\/p>\n<h3><a href=\"https:\/\/www.radiopiu.net\/wordpress\/giornale-radiopiu-24-gennaio-2021-direttore-mirko-mezzacasa\/141433770_171616291414874_2957460898102012198_n\/\" rel=\"attachment wp-att-186566\"><img loading=\"lazy\" decoding=\"async\" class=\"wp-image-186566 alignleft\" src=\"https:\/\/www.radiopiu.net\/wordpress\/wp-content\/uploads\/2021\/01\/141433770_171616291414874_2957460898102012198_n-300x300.jpg\" alt=\"\" width=\"144\" height=\"144\" srcset=\"https:\/\/www.radiopiu.net\/wordpress\/wp-content\/uploads\/2021\/01\/141433770_171616291414874_2957460898102012198_n-300x300.jpg 300w, https:\/\/www.radiopiu.net\/wordpress\/wp-content\/uploads\/2021\/01\/141433770_171616291414874_2957460898102012198_n-150x150.jpg 150w, https:\/\/www.radiopiu.net\/wordpress\/wp-content\/uploads\/2021\/01\/141433770_171616291414874_2957460898102012198_n-768x768.jpg 768w, https:\/\/www.radiopiu.net\/wordpress\/wp-content\/uploads\/2021\/01\/141433770_171616291414874_2957460898102012198_n.jpg 800w\" sizes=\"auto, (max-width: 144px) 100vw, 144px\" \/><\/a>PER<strong> RICEVERE QUESTO NOTIZIARIO DIRETTAMENTE SUL TUO CELLULARE ISCRIVITI AL CANALE TELEGRAM <\/strong><strong>\u201cRADIO PIU\u00a0 INFORMAZIONE&#8221;\u00a0<\/strong><\/h3>\n<h3>\u00a0il CANALE TELEGRAM&#8230; UNISCITI A: RADIO PIU INFORMAZIONE<\/h3>\n<p>&nbsp;<\/p>\n<p>&nbsp;<\/p>\n<p><em><a href=\"https:\/\/www.radiopiu.net\/wordpress\/giornale-radiopiu-24-gennaio-2021-direttore-mirko-mezzacasa\/79216601_126817312416448_708980208774483089_n\/\" rel=\"attachment wp-att-186567\"><img loading=\"lazy\" decoding=\"async\" class=\"size-medium wp-image-186567 alignright\" src=\"https:\/\/www.radiopiu.net\/wordpress\/wp-content\/uploads\/2021\/01\/79216601_126817312416448_708980208774483089_n-300x114.jpg\" alt=\"\" width=\"300\" height=\"114\" srcset=\"https:\/\/www.radiopiu.net\/wordpress\/wp-content\/uploads\/2021\/01\/79216601_126817312416448_708980208774483089_n-300x114.jpg 300w, https:\/\/www.radiopiu.net\/wordpress\/wp-content\/uploads\/2021\/01\/79216601_126817312416448_708980208774483089_n-768x292.jpg 768w, https:\/\/www.radiopiu.net\/wordpress\/wp-content\/uploads\/2021\/01\/79216601_126817312416448_708980208774483089_n.jpg 820w\" sizes=\"auto, (max-width: 300px) 100vw, 300px\" \/><\/a><span style=\"color: #ff0000;\">ATTENZIONE: LA NUOVA APP PER IOS-IPHONE di Nicola Vettorello <\/span><\/em><a href=\"https:\/\/apps.apple.com\/it\/app\/radio-pi%C3%B9-emittente-agordina\/id1515939845\">https:\/\/apps.apple.com\/it\/app\/radio-pi%C3%B9-emittente-agordina\/id1515939845<\/a><\/p>\n<p><em style=\"color: #ff0000;\">ATTENZIONE: LA NUOVA APP RADIO\u00a0 PER ANDROID di Nicola Vettorello<\/em><\/p>\n<p><a href=\"https:\/\/play.google.com\/store\/apps\/details?id=net.radiopiu.iniko\" target=\"_blank\" rel=\"noopener noreferrer\">https:\/\/play.google.com\/store\/apps\/details?id=net.radiopiu.iniko\u00a0\u00a0<\/a><\/p>\n<p>&nbsp;<\/p>\n<p>&nbsp;<\/p>\n<hr \/>\n<h3 class=\"kvgmc6g5 cxmmr5t8 oygrvhab hcukyx3x c1et5uql\"><strong>\u00a0<\/strong><\/h3>\n<h3 class=\"kvgmc6g5 cxmmr5t8 oygrvhab hcukyx3x c1et5uql\"><strong><a class=\"dt-pswp-item\" href=\"https:\/\/www.radiopiu.net\/wordpress\/wp-content\/uploads\/2020\/05\/VENETO-STRADE.png\" data-dt-img-description=\"\" data-large_image_width=\"400\" data-large_image_height=\"400\"><img loading=\"lazy\" decoding=\"async\" class=\"wp-image-135574 alignleft\" src=\"https:\/\/www.radiopiu.net\/wordpress\/wp-content\/uploads\/2020\/05\/VENETO-STRADE-300x300.png\" alt=\"\" width=\"90\" height=\"90\" srcset=\"https:\/\/www.radiopiu.net\/wordpress\/wp-content\/uploads\/2020\/05\/VENETO-STRADE-300x300.png 300w, https:\/\/www.radiopiu.net\/wordpress\/wp-content\/uploads\/2020\/05\/VENETO-STRADE-150x150.png 150w, https:\/\/www.radiopiu.net\/wordpress\/wp-content\/uploads\/2020\/05\/VENETO-STRADE.png 400w\" sizes=\"auto, (max-width: 90px) 100vw, 90px\" \/><\/a>LUNEDI 25 MARZO, DALLE 14 ALLE 16 INTERDIZIONE (CHIUSURA) TOTALE SULLA STRADA PROVINCIALE 7 IN LOCALIT\u00e0 BRAGAREZZA DI VAL DI ZOLDO PER TRASPORTO E MONTAGGIO GRU A TORRE\u00a0<\/strong><\/h3>\n<div data-block=\"true\" data-editor=\"avj4u\" data-offset-key=\"d3i0j-0-0\"><\/div>\n<div data-block=\"true\" data-editor=\"avj4u\" data-offset-key=\"d3i0j-0-0\"><\/div>\n<div data-block=\"true\" data-editor=\"avj4u\" data-offset-key=\"d3i0j-0-0\"><\/div>\n<div data-block=\"true\" data-editor=\"avj4u\" data-offset-key=\"d3i0j-0-0\"><strong>GIOVEDI AD AGORDO, BLACK-OUT IDRICO PER LAVORI PROGRAMMATI<\/strong><\/div>\n<div data-block=\"true\" data-editor=\"avj4u\" data-offset-key=\"d3i0j-0-0\">\n<p><img loading=\"lazy\" decoding=\"async\" class=\"alignleft\" src=\"https:\/\/www.radiopiu.net\/wordpress\/wp-content\/uploads\/2021\/06\/th-12.jpg\" width=\"194\" height=\"129\" \/><\/p>\n<div class=\"moz-text-html\" lang=\"x-unicode\">\n<p>Gestione Servizi Pubblici informa che, per lavori alla rete idrica comunale,\u00a0 GIOVEDI dalle 8 a FINE LAVORI verr\u00e0 sospesa l\u2019erogazione dell\u2019acqua\u00a0 nelle vie BATTISTI, CALZON, CAPPELLO, CAMPO DEI FIORI, P.LE ROVA, 5 MAGGIO e V.LO 5 MAGGIO.<\/p>\n<p>&nbsp;<\/p>\n<\/div>\n<p>&nbsp;<\/p>\n<\/div>\n<div data-block=\"true\" data-editor=\"avj4u\" data-offset-key=\"d3i0j-0-0\"><\/div>\n<div data-block=\"true\" data-editor=\"avj4u\" data-offset-key=\"d3i0j-0-0\">\n<hr \/>\n<\/div>\n<div data-block=\"true\" data-editor=\"avj4u\" data-offset-key=\"d3i0j-0-0\"><\/div>\n<p class=\"x11i5rnm xat24cr x1mh8g0r x1vvkbs xtlvy1s x126k92a\"><a class=\"dt-pswp-item\" href=\"https:\/\/www.radiopiu.net\/wordpress\/wp-content\/uploads\/2023\/10\/34f4cfc6-e863-46e9-9695-8df44be63421.jpg\" data-dt-img-description=\"\" data-large_image_width=\"1200\" data-large_image_height=\"1200\"><img loading=\"lazy\" decoding=\"async\" class=\"wp-image-357393 alignleft\" src=\"https:\/\/www.radiopiu.net\/wordpress\/wp-content\/uploads\/2023\/10\/34f4cfc6-e863-46e9-9695-8df44be63421-300x300.jpg\" alt=\"\" width=\"81\" height=\"81\" srcset=\"https:\/\/www.radiopiu.net\/wordpress\/wp-content\/uploads\/2023\/10\/34f4cfc6-e863-46e9-9695-8df44be63421-300x300.jpg 300w, https:\/\/www.radiopiu.net\/wordpress\/wp-content\/uploads\/2023\/10\/34f4cfc6-e863-46e9-9695-8df44be63421-1024x1024.jpg 1024w, https:\/\/www.radiopiu.net\/wordpress\/wp-content\/uploads\/2023\/10\/34f4cfc6-e863-46e9-9695-8df44be63421-150x150.jpg 150w, https:\/\/www.radiopiu.net\/wordpress\/wp-content\/uploads\/2023\/10\/34f4cfc6-e863-46e9-9695-8df44be63421-768x768.jpg 768w, https:\/\/www.radiopiu.net\/wordpress\/wp-content\/uploads\/2023\/10\/34f4cfc6-e863-46e9-9695-8df44be63421.jpg 1200w\" sizes=\"auto, (max-width: 81px) 100vw, 81px\" \/><\/a><\/p>\n<p><span style=\"color: #ff0000;\"><strong>OGGI ALLA RADIO<\/strong><\/span>: <strong>ALLE 7.20<\/strong> EL BAR DEL FIOR, DETTI E TRADIZIONI DI GIULIANA DA RONCH; <strong>ALLE 8.20<\/strong> MARINA DONA &#8220;DI VENERDI&#8221; REPLICA DEL SABATO\u00a0 <strong>ALLE 8.30<\/strong> NCONTNSE CON MILLY CREPAZ <strong>ALLE 9.10 <\/strong>OGGI ALLA RADIO, DI SILVIA BALDO,<strong> ALLE 10.10 <\/strong>CIAK SI GIRA, IL GOSSIP CON PAOLA LANCIATO, <strong>ALLE 10.30 <\/strong>PERITI MINERARI NEL MONDO, CON L&#8217;APIM AGORDO <strong>ALLE 11.00 <\/strong>CINE HIT CON ALDO BRIGADOI<strong> ALLE 12.30 <\/strong>NEL GR PRINCIPALE IL NUOVO SPAZIO &#8220;FISCO FLASH&#8221; CON SILVIA BALDO <strong>ALLE 13.10 <\/strong>SALUTE E SOCIETA&#8217; CON IL DOTTOR MARCO CARACCIOLO<strong> ALLE 14.00 <\/strong>COLLAGE OPERAZIONE NOSTALGIA DI LORIS SCUSSEL<strong> ALLE 16.00 <\/strong>ROCK DI MARCO COSTANTINI 17.00 HIT PARADE D&#8217;ANNATA CON MIRCO BENCIVENNI<\/p>\n<p>&nbsp;<\/p>\n<p>&nbsp;<\/p>\n<div class=\"x11i5rnm xat24cr x1mh8g0r x1vvkbs xtlvy1s x126k92a\">\n<div dir=\"auto\">\n<hr \/>\n<p>&nbsp;<\/p>\n<p>&nbsp;<\/p>\n<div class=\"x11i5rnm xat24cr x1mh8g0r x1vvkbs xtlvy1s x126k92a\">\n<div dir=\"auto\">\n<p><strong><a class=\"dt-pswp-item\" href=\"https:\/\/www.radiopiu.net\/wordpress\/wp-content\/uploads\/2024\/02\/2d44e751-d8a8-461b-8e22-d8e4e853b032.jpg\" data-dt-img-description=\"\" data-large_image_width=\"1600\" data-large_image_height=\"1200\"><img loading=\"lazy\" decoding=\"async\" class=\"wp-image-373307 alignleft\" src=\"https:\/\/www.radiopiu.net\/wordpress\/wp-content\/uploads\/2024\/02\/2d44e751-d8a8-461b-8e22-d8e4e853b032-300x225.jpg\" alt=\"\" width=\"105\" height=\"79\" srcset=\"https:\/\/www.radiopiu.net\/wordpress\/wp-content\/uploads\/2024\/02\/2d44e751-d8a8-461b-8e22-d8e4e853b032-300x225.jpg 300w, https:\/\/www.radiopiu.net\/wordpress\/wp-content\/uploads\/2024\/02\/2d44e751-d8a8-461b-8e22-d8e4e853b032-1024x768.jpg 1024w, https:\/\/www.radiopiu.net\/wordpress\/wp-content\/uploads\/2024\/02\/2d44e751-d8a8-461b-8e22-d8e4e853b032-768x576.jpg 768w, https:\/\/www.radiopiu.net\/wordpress\/wp-content\/uploads\/2024\/02\/2d44e751-d8a8-461b-8e22-d8e4e853b032-1536x1152.jpg 1536w, https:\/\/www.radiopiu.net\/wordpress\/wp-content\/uploads\/2024\/02\/2d44e751-d8a8-461b-8e22-d8e4e853b032.jpg 1600w\" sizes=\"auto, (max-width: 105px) 100vw, 105px\" \/><\/a>EL BAL DEL FIOR, DI GIULIANA DA RONCH, 25 MARZO 2024<\/strong><\/p>\n<\/div>\n<\/div>\n<div>\n<audio class=\"wp-audio-shortcode\" id=\"audio-380591-1\" preload=\"none\" style=\"width: 100%;\" controls=\"controls\"><source type=\"audio\/mpeg\" src=\"https:\/\/www.radiopiu.net\/wordpress\/wp-content\/uploads\/2024\/03\/GLU-4.m4a?_=1\" \/><a href=\"https:\/\/www.radiopiu.net\/wordpress\/wp-content\/uploads\/2024\/03\/GLU-4.m4a\">https:\/\/www.radiopiu.net\/wordpress\/wp-content\/uploads\/2024\/03\/GLU-4.m4a<\/a><\/audio>\n<\/div>\n<\/div>\n<div dir=\"auto\">\n<div data-block=\"true\" data-editor=\"avj4u\" data-offset-key=\"d3i0j-0-0\"><\/div>\n<p>&nbsp;<\/p>\n<hr \/>\n<\/div>\n<\/div>\n<blockquote>\n<blockquote>\n<h1><span style=\"color: #ff0000;\">I podcast informativi del mattino &#8211; audio &#8211;\u00a0<\/span><\/h1>\n<\/blockquote>\n<p><strong><a class=\"dt-pswp-item\" href=\"https:\/\/www.radiopiu.net\/wordpress\/wp-content\/uploads\/2023\/11\/th-10.jpg\" data-dt-img-description=\"\" data-large_image_width=\"320\" data-large_image_height=\"180\"><img loading=\"lazy\" decoding=\"async\" class=\"wp-image-362866 alignleft\" src=\"https:\/\/www.radiopiu.net\/wordpress\/wp-content\/uploads\/2023\/11\/th-10-300x169.jpg\" alt=\"\" width=\"185\" height=\"104\" srcset=\"https:\/\/www.radiopiu.net\/wordpress\/wp-content\/uploads\/2023\/11\/th-10-300x169.jpg 300w, https:\/\/www.radiopiu.net\/wordpress\/wp-content\/uploads\/2023\/11\/th-10.jpg 320w\" sizes=\"auto, (max-width: 185px) 100vw, 185px\" \/><\/a>LA RASSEGNA STAMPA NAZIONALE ALLA RADIO, OGNI GIORNO ALLE 5 E ALLE 6 DEL MATTINO <span style=\"color: #0000ff;\">viene pubblicata alle 6.00 <span style=\"color: #ff0000;\">DIRETTA RADIO\u00a0<\/span><\/span><\/strong><\/p><\/blockquote>\n<p><strong><span style=\"color: #0000ff;\"><span style=\"color: #ff0000;\">STEFANO FAMA&#8217;<\/span><\/span><\/strong><\/p>\n<p><span style=\"color: #000000;\"><strong>Politica<\/strong>, Giorgia Meloni sul massacro delle fosse Ardeatine, &#8220;onoriamo le vittime del massacro nazzista. <strong>Economia,<\/strong> mutui a tasso variabile decisioni dell&#8217;Unione Europea. <strong>Tempo di guerra<\/strong>, Ucraina Russia e sullla striscia di Gaza. <strong>Roma,<\/strong> travolto da un treno. Verona due incidente mortali. <strong>Val Camonica<\/strong>, tragedia in montagna. <strong>Sport<\/strong> Moto Gp Portogallo.<\/span><\/p>\n<h2>AUDIO dalle 7 del mattino<\/h2>\n<audio class=\"wp-audio-shortcode\" id=\"audio-380591-2\" preload=\"none\" style=\"width: 100%;\" controls=\"controls\"><source type=\"audio\/mpeg\" src=\"https:\/\/www.radiopiu.net\/wordpress\/wp-content\/uploads\/2024\/03\/GIORNALEDELLESEI-21.mp3?_=2\" \/><a href=\"https:\/\/www.radiopiu.net\/wordpress\/wp-content\/uploads\/2024\/03\/GIORNALEDELLESEI-21.mp3\">https:\/\/www.radiopiu.net\/wordpress\/wp-content\/uploads\/2024\/03\/GIORNALEDELLESEI-21.mp3<\/a><\/audio>\n<p>&nbsp;<\/p>\n<hr \/>\n<p>&nbsp;<\/p>\n<h1 style=\"text-align: center;\"><span style=\"color: #ff0000;\">I podcast informativi del mattino &#8211; audio &#8211;\u00a0<\/span><\/h1>\n<p><strong><a class=\"dt-pswp-item\" href=\"https:\/\/www.radiopiu.net\/wordpress\/wp-content\/uploads\/2023\/12\/images.png\" data-dt-img-description=\"\" data-large_image_width=\"316\" data-large_image_height=\"160\"><img loading=\"lazy\" decoding=\"async\" class=\"wp-image-367008 alignleft\" src=\"https:\/\/www.radiopiu.net\/wordpress\/wp-content\/uploads\/2023\/12\/images-300x152.png\" alt=\"\" width=\"235\" height=\"119\" srcset=\"https:\/\/www.radiopiu.net\/wordpress\/wp-content\/uploads\/2023\/12\/images-300x152.png 300w, https:\/\/www.radiopiu.net\/wordpress\/wp-content\/uploads\/2023\/12\/images.png 316w\" sizes=\"auto, (max-width: 235px) 100vw, 235px\" \/><\/a>OGNI GIORNO ALLE SETTE DEL MATTINO, LA RASSEGNA STAMPA LOCALE FLASH&#8230; PER CHI VA IN FRETTA. I TITOLI DAI GIORNALI E DAL SITO WWW.RADIOPIU.NET <span style=\"color: #0000ff;\">viene pubblicato alle 7.00<\/span> <span style=\"color: #ff0000;\">DIRETTA RADIO\u00a0<\/span><\/strong><\/p>\n<p><em><span style=\"color: #ff0000;\">per chi va in fretta&#8230; tante notizie in pochi minuti. L&#8217;informazione locale alla radio, ogni ora dalle 7 del mattino alle 19 della sera.\u00a0 \u00a0 <\/span><\/em><\/p>\n<p><em><span style=\"color: #ff0000;\">\u00a0<\/span><\/em><\/p>\n<p><span style=\"color: #000000;\"><em><strong>REDAZIONE<\/strong> La 33enne tedesca Angelika Hutter, accusata del triplice omicidio stradale a Santo Stefano di Cadore, termina domani la sua detenzione preventiva. Dopo oltre otto mesi di carcere, con brevi pause ospedaliere, \u00e8 prevista la libert\u00e0 vigilata, concordata dalle parti<br \/>\n<strong>AGORDO<\/strong> Stasera alle 21:10 su RaiTre andr\u00e0 in onda una nuova puntata di &#8220;PresaDiretta&#8221;, il programma di Roberto Iacona. Tra gli argomenti che verranno trattati anche la settimana corta<br \/>\n<strong>VENEZIA<\/strong> Il presidente della Regione Veneto, Luca Zaia, celebra la Festa del Popolo, riflettendo sull&#8217;identit\u00e0 culturale e linguistica. La bandiera veneta, con il Leone Marciano e la parola &#8220;Pace&#8221;, simboleggia aspirazioni di pace.<br \/>\n<strong>AGORDO<\/strong> IL CAI DI AGORDO RAGGIUNGE QUOTA 1500 SOCI<br \/>\n<strong>203 AGORDINA,<\/strong> URGONO CONTROLLI! PER NON MORIRE. URGENZA DI PRESIDIO DEI PUNTI A RISCHIO SORPASSO, DA RIVEDERE ANCHE LA SERIE DI PARCHEGGI BORDO STRADA DI GRANDE PERICOLOSITA&#8217; E SPESSO MOTIVO DI RALLENTAMENTI E SORPASSI AZZARDATI.<br \/>\n<strong>CENCENIGHE<\/strong> DILLO RADIO PIU&#8217;&#8230; DUE ANNI DOPO NON E&#8217; CAMBIATO NULLA ciclabile Cencenighe-Valle del Biois, chiusa da Vaia 2018. \u00a0<\/em><\/span><\/p>\n<h2>AUDIO dalle 7 del mattino<\/h2>\n<audio class=\"wp-audio-shortcode\" id=\"audio-380591-3\" preload=\"none\" style=\"width: 100%;\" controls=\"controls\"><source type=\"audio\/mpeg\" src=\"https:\/\/www.radiopiu.net\/wordpress\/wp-content\/uploads\/2024\/03\/GF07-21.mp3?_=3\" \/><a href=\"https:\/\/www.radiopiu.net\/wordpress\/wp-content\/uploads\/2024\/03\/GF07-21.mp3\">https:\/\/www.radiopiu.net\/wordpress\/wp-content\/uploads\/2024\/03\/GF07-21.mp3<\/a><\/audio>\n<p>&nbsp;<\/p>\n<p>&nbsp;<\/p>\n<hr \/>\n<p>&nbsp;<\/p>\n<h1><\/h1>\n<h1 style=\"text-align: center;\"><span style=\"color: #ff0000;\"><a class=\"dt-pswp-item\" href=\"https:\/\/www.radiopiu.net\/wordpress\/wp-content\/uploads\/2022\/01\/026c3f9d-dae9-4040-a3c1-a6530231bcc3.jpg\" data-dt-img-description=\"\" data-large_image_width=\"1152\" data-large_image_height=\"2048\"><img loading=\"lazy\" decoding=\"async\" class=\"wp-image-251839 alignleft\" src=\"https:\/\/www.radiopiu.net\/wordpress\/wp-content\/uploads\/2022\/01\/026c3f9d-dae9-4040-a3c1-a6530231bcc3-169x300.jpg\" alt=\"\" width=\"100\" height=\"177\" srcset=\"https:\/\/www.radiopiu.net\/wordpress\/wp-content\/uploads\/2022\/01\/026c3f9d-dae9-4040-a3c1-a6530231bcc3-169x300.jpg 169w, https:\/\/www.radiopiu.net\/wordpress\/wp-content\/uploads\/2022\/01\/026c3f9d-dae9-4040-a3c1-a6530231bcc3-576x1024.jpg 576w, https:\/\/www.radiopiu.net\/wordpress\/wp-content\/uploads\/2022\/01\/026c3f9d-dae9-4040-a3c1-a6530231bcc3-768x1365.jpg 768w, https:\/\/www.radiopiu.net\/wordpress\/wp-content\/uploads\/2022\/01\/026c3f9d-dae9-4040-a3c1-a6530231bcc3-864x1536.jpg 864w, https:\/\/www.radiopiu.net\/wordpress\/wp-content\/uploads\/2022\/01\/026c3f9d-dae9-4040-a3c1-a6530231bcc3.jpg 1152w\" sizes=\"auto, (max-width: 100px) 100vw, 100px\" \/><\/a>I podcast informativi del mattino &#8211; audio &#8211;\u00a0<\/span><\/h1>\n<blockquote><p><strong>GIORNALE RADIO NAZIONALE, EDIZIONE DELLE SETTE <span style=\"color: #0000ff;\">viene pubblicato alle 7.05 <span style=\"color: #ff0000;\">DIRETTA RADIO\u00a0<\/span><\/span><\/strong><\/p><\/blockquote>\n<p><strong>il giornale radionazionale e&#8217; in onda ogni ora, dalle sette del mattino alle venti della sera\u00a0\u00a0<\/strong><\/p>\n<p>&nbsp;<\/p>\n<h2>AUDIO dalle sette del mattino, ogni ora alla radio<\/h2>\n<audio class=\"wp-audio-shortcode\" id=\"audio-380591-4\" preload=\"none\" style=\"width: 100%;\" controls=\"controls\"><source type=\"audio\/mpeg\" src=\"https:\/\/www.radiopiu.net\/wordpress\/wp-content\/uploads\/2024\/03\/giornale07-21.mp3?_=4\" \/><a href=\"https:\/\/www.radiopiu.net\/wordpress\/wp-content\/uploads\/2024\/03\/giornale07-21.mp3\">https:\/\/www.radiopiu.net\/wordpress\/wp-content\/uploads\/2024\/03\/giornale07-21.mp3<\/a><\/audio>\n<h2><\/h2>\n<hr \/>\n<p>&nbsp;<\/p>\n<p>&nbsp;<\/p>\n<h1><span style=\"color: #ff0000;\">I podcast informativi del mattino &#8211; video &#8211;\u00a0<\/span><\/h1>\n<h2><strong><a class=\"dt-pswp-item\" href=\"https:\/\/www.radiopiu.net\/wordpress\/wp-content\/uploads\/2023\/12\/th-10.jpg\" data-dt-img-description=\"\" data-large_image_width=\"245\" data-large_image_height=\"180\"><img loading=\"lazy\" decoding=\"async\" class=\" wp-image-367395 alignleft\" src=\"https:\/\/www.radiopiu.net\/wordpress\/wp-content\/uploads\/2023\/12\/th-10.jpg\" alt=\"\" width=\"166\" height=\"122\" \/><\/a>RASSEGNA STAMPA LOCALE, ORE OTTO 05<\/strong><\/h2>\n<h2><strong> <span style=\"color: #0000ff;\">viene\u00a0 <\/span><\/strong><strong><span style=\"color: #0000ff;\">pubblicata alle 8.05 <span style=\"color: #ff0000;\">DIRETTA RADIO\u00a0\u00a0<\/span><\/span><\/strong><\/h2>\n<p><strong>DI MIRKO MEZZACASA\u00a0 \u00a0 \u00a0<\/strong><\/p>\n<p><strong>VOLTAGO<\/strong> I volontari a Voltago sono sempre in prima linea, grande lavoro per gli uomini della Protezione Civile ma non solo in occasione della giornata ecologica. Un momento di gruppo per tenere pulito il territorio dai rifiuti abbandonati nel bosco ma non solo.<br \/>\n<strong>VOLTAGO<\/strong> Si \u00e8 svolto nei giorni scorsi a Voltago il corso di primo soccorso pediatrico. Un incontro partecipato dove i presenti hanno potuto imparare le tecniche di primo soccorso sui pi\u00f9 giovani.<br \/>\n<strong>VENEZIA<\/strong> NON AUTOSUFFICIENZA: IN VENETO ASSEGNO UNIVERSALE DESTINATO A MENO UN\u00a0ANZIANO NON AUTOSUFFICIENTE OGNI 100<br \/>\n<strong>LONGARONE<\/strong> AD AGRIMONT IL RICONOSCIMENTO ALLE AGRIGELATERIE. PREMIATA ANCHE LA PICCOLA BAITA DI FALCADE<br \/>\n<strong>FELTRE<\/strong> Il gelatiere feltrino Marco Reato, 34enne e titolare della gelateria &#8220;Gimmy&#8221; di Feltre, ha conquistato la medaglia di bronzo al prestigioso premio &#8220;Gelato d&#8217;oro&#8221; durante la 45esima edizione di SIGEP 2024 a Rimini.<br \/>\n<strong>LONGARONE<\/strong> IL GELATO PER AIUTARE I BOSCHI MALATI DI BOSTRICO Grazie alla collaborazione con Longarone Fiere Dolomiti e Confartigianato Veneto, il gelato artigianale diventa strumento di sostegno: le vendite contribuiscono a finanziare borse di dottorato.<br \/>\n<strong>PONTE NELLE ALPI <\/strong>NEO LAUREATI FESTEGGIATI<br \/>\n<strong>AGORDO<\/strong> GIORNATE DEL FAI DI PRIMAVERA: LA VISITA A PALAZZO CROTTA DE MANZONI. UN SUCCESSO DI PARTECIPAZIONE.<br \/>\n<strong>CGIA MESTRE<\/strong> VENETO: NEL 2022 HANNO ABBANDONATO LA SCUOLA IN 32 MILA. I \u201cCERVELLI IN FUGA\u201d, INVECE, SONO \u201cSOLO\u201d 5 MILA<br \/>\n<strong>BELLUNO<\/strong> Lo spettacolo teatrale &#8220;Non voglio donare&#8221;, promosso dall&#8217;Abvs, coinvolge gli attori Jgor Barbazza e Davide Stefanato. Presentato il 27 marzo a Belluno, il quarto evento itinerante nelle scuole.<\/p>\n<h2><strong>VIDEO\u00a0 \u00a0in diretta dalle 8 del mattino<\/strong><\/h2>\n<p><iframe loading=\"lazy\" title=\"DAL 1983 LA RASSEGNA STAMPA LOCALE di mirko mezzacasa. L&#039;ORIGINALE\" width=\"1200\" height=\"675\" src=\"https:\/\/www.youtube.com\/embed\/kB-Unxfe9I0?feature=oembed\" frameborder=\"0\" allow=\"accelerometer; autoplay; clipboard-write; encrypted-media; gyroscope; picture-in-picture; web-share\" allowfullscreen><\/iframe><\/p>\n<p>&nbsp;<\/p>\n<p>&nbsp;<\/p>\n<hr \/>\n<p>&nbsp;<\/p>\n<blockquote>\n<h3>&#8220;Angelika Hutter: Libert\u00e0 Vigilata dopo Detenzione Preventiva per Triplice Omicidio Stradale&#8221;<\/h3>\n<\/blockquote>\n<p><a class=\"dt-pswp-item\" href=\"https:\/\/www.radiopiu.net\/wordpress\/wp-content\/uploads\/2024\/03\/thumb-558.jpg\" data-dt-img-description=\"\" data-large_image_width=\"640\" data-large_image_height=\"480\"><img loading=\"lazy\" decoding=\"async\" class=\" wp-image-380905 alignleft\" src=\"https:\/\/www.radiopiu.net\/wordpress\/wp-content\/uploads\/2024\/03\/thumb-558-300x225.jpg\" alt=\"\" width=\"251\" height=\"188\" srcset=\"https:\/\/www.radiopiu.net\/wordpress\/wp-content\/uploads\/2024\/03\/thumb-558-300x225.jpg 300w, https:\/\/www.radiopiu.net\/wordpress\/wp-content\/uploads\/2024\/03\/thumb-558.jpg 640w\" sizes=\"auto, (max-width: 251px) 100vw, 251px\" \/><\/a>La 33enne tedesca Angelika Hutter, accusata del triplice omicidio stradale a Santo Stefano di Cadore, termina la sua detenzione preventiva. Dopo oltre otto mesi di carcere, con brevi pause ospedaliere, \u00e8 prevista la libert\u00e0 vigilata, concordata dalle parti data la compromessa capacit\u00e0 di intendere e volere della donna. Le indagini preliminari, coordinate dal sostituto procuratore Simone Marcon, sono concluse, richiedendo il rinvio a giudizio per omicidio stradale plurimo aggravato. Hutter, sotto terapia farmacologica, dovr\u00e0 essere curata in una struttura sanitaria per mitigare il rischio di recidiva. L&#8217;udienza preliminare sar\u00e0 fissata successivamente, con la possibilit\u00e0 per la difesa di richiedere un rito alternativo. Non si sono riscontrati guasti meccanici alla sua auto, escludendo altre cause del tragico incidente. La Procura di Belluno mira a evitare una ripetizione del caso Rieke, camionista tedesco coinvolto in un incidente mortale in Italia.<\/p>\n<p>&nbsp;<\/p>\n<hr \/>\n<p>&nbsp;<\/p>\n<blockquote>\n<h3>TRE AUTO COINVOLTE NELL&#8217;INCIDENTE AL MAS DI VALLADA. SEI I FERITI<\/h3>\n<\/blockquote>\n<p><strong>VALLADA<\/strong> Sabato un incidente con tre auto coinvolte ha causato sei feriti sulla provinciale 346, localit\u00e0 Mas di Vallada Agordina, vicino alla galleria delle Anime. Il traffico \u00e8 stato bloccato dalle 16 alle 18.30.<\/p>\n\n\t\t\t<style type='text\/css'>\n\t\t\t\t#gallery-1 {\n\t\t\t\t\tmargin: auto;\n\t\t\t\t}\n\t\t\t\t#gallery-1 .gallery-item {\n\t\t\t\t\tfloat: left;\n\t\t\t\t\tmargin-top: 10px;\n\t\t\t\t\ttext-align: center;\n\t\t\t\t\twidth: 20%;\n\t\t\t\t}\n\t\t\t\t#gallery-1 img {\n\t\t\t\t\tborder: 2px solid #cfcfcf;\n\t\t\t\t}\n\t\t\t\t#gallery-1 .gallery-caption {\n\t\t\t\t\tmargin-left: 0;\n\t\t\t\t}\n\t\t\t\t\/* see gallery_shortcode() in wp-includes\/media.php *\/\n\t\t\t<\/style>\n\t\t<div id='gallery-1' class='dt-gallery-container gallery galleryid-380591 gallery-columns-5 gallery-size-thumbnail'><dl class='gallery-item'>\n\t\t\t\t<dt class='gallery-icon landscape'>\n\t\t\t\t\t<a class=\"rollover rollover-zoom dt-pswp-item\" title=\"0c538c8e-5c8c-4899-b3ad-0619213471e8\" data-dt-img-description=\"\" data-large_image_width=\"1127\" data-large_image_height=\"696\"href='https:\/\/www.radiopiu.net\/wordpress\/wp-content\/uploads\/2024\/03\/0c538c8e-5c8c-4899-b3ad-0619213471e8.jpg'><img loading=\"lazy\" decoding=\"async\" width=\"150\" height=\"150\" src=\"https:\/\/www.radiopiu.net\/wordpress\/wp-content\/uploads\/2024\/03\/0c538c8e-5c8c-4899-b3ad-0619213471e8-150x150.jpg\" class=\"attachment-thumbnail size-thumbnail\" alt=\"\" \/><\/a>\n\t\t\t\t<\/dt><\/dl><dl class='gallery-item'>\n\t\t\t\t<dt class='gallery-icon landscape'>\n\t\t\t\t\t<a class=\"rollover rollover-zoom dt-pswp-item\" title=\"07e3c3e0-6499-44c5-a79e-751a7f7e629d\" data-dt-img-description=\"\" data-large_image_width=\"1062\" data-large_image_height=\"591\"href='https:\/\/www.radiopiu.net\/wordpress\/wp-content\/uploads\/2024\/03\/07e3c3e0-6499-44c5-a79e-751a7f7e629d.jpg'><img loading=\"lazy\" decoding=\"async\" width=\"150\" height=\"150\" src=\"https:\/\/www.radiopiu.net\/wordpress\/wp-content\/uploads\/2024\/03\/07e3c3e0-6499-44c5-a79e-751a7f7e629d-150x150.jpg\" class=\"attachment-thumbnail size-thumbnail\" alt=\"\" \/><\/a>\n\t\t\t\t<\/dt><\/dl><dl class='gallery-item'>\n\t\t\t\t<dt class='gallery-icon landscape'>\n\t\t\t\t\t<a class=\"rollover rollover-zoom dt-pswp-item\" title=\"2032ccd1-09a7-46c6-925b-f71c8bf4abc7\" data-dt-img-description=\"\" data-large_image_width=\"1280\" data-large_image_height=\"591\"href='https:\/\/www.radiopiu.net\/wordpress\/wp-content\/uploads\/2024\/03\/2032ccd1-09a7-46c6-925b-f71c8bf4abc7.jpg'><img loading=\"lazy\" decoding=\"async\" width=\"150\" height=\"150\" src=\"https:\/\/www.radiopiu.net\/wordpress\/wp-content\/uploads\/2024\/03\/2032ccd1-09a7-46c6-925b-f71c8bf4abc7-150x150.jpg\" class=\"attachment-thumbnail size-thumbnail\" alt=\"\" \/><\/a>\n\t\t\t\t<\/dt><\/dl><dl class='gallery-item'>\n\t\t\t\t<dt class='gallery-icon landscape'>\n\t\t\t\t\t<a class=\"rollover rollover-zoom dt-pswp-item\" title=\"7830c986-e019-4085-b287-a028daf028fd\" data-dt-img-description=\"\" data-large_image_width=\"960\" data-large_image_height=\"581\"href='https:\/\/www.radiopiu.net\/wordpress\/wp-content\/uploads\/2024\/03\/7830c986-e019-4085-b287-a028daf028fd.jpg'><img loading=\"lazy\" decoding=\"async\" width=\"150\" height=\"150\" src=\"https:\/\/www.radiopiu.net\/wordpress\/wp-content\/uploads\/2024\/03\/7830c986-e019-4085-b287-a028daf028fd-150x150.jpg\" class=\"attachment-thumbnail size-thumbnail\" alt=\"\" \/><\/a>\n\t\t\t\t<\/dt><\/dl><dl class='gallery-item'>\n\t\t\t\t<dt class='gallery-icon landscape'>\n\t\t\t\t\t<a class=\"rollover rollover-zoom dt-pswp-item\" title=\"8215ca2e-0f21-46e2-80b5-0c26a7b83835\" data-dt-img-description=\"\" data-large_image_width=\"1280\" data-large_image_height=\"960\"href='https:\/\/www.radiopiu.net\/wordpress\/wp-content\/uploads\/2024\/03\/8215ca2e-0f21-46e2-80b5-0c26a7b83835.jpg'><img loading=\"lazy\" decoding=\"async\" width=\"150\" height=\"150\" src=\"https:\/\/www.radiopiu.net\/wordpress\/wp-content\/uploads\/2024\/03\/8215ca2e-0f21-46e2-80b5-0c26a7b83835-150x150.jpg\" class=\"attachment-thumbnail size-thumbnail\" alt=\"\" \/><\/a>\n\t\t\t\t<\/dt><\/dl><br style=\"clear: both\" \/>\n\t\t\t<\/div>\n\n<p>&nbsp;<\/p>\n<hr \/>\n<p>&nbsp;<\/p>\n<blockquote>\n<h3>SETTIMANA CORTA: ESSILORLUXOTTICA PROTAGONISTA NELLA PUNTATA DI PRESADIRETTA SU RAITRE<\/h3>\n<\/blockquote>\n<p><strong><a class=\"dt-pswp-item\" href=\"https:\/\/www.radiopiu.net\/wordpress\/wp-content\/uploads\/2024\/03\/LUXOTTICA.png\" data-dt-img-description=\"\" data-large_image_width=\"850\" data-large_image_height=\"385\"><img loading=\"lazy\" decoding=\"async\" class=\" wp-image-378173 alignleft\" src=\"https:\/\/www.radiopiu.net\/wordpress\/wp-content\/uploads\/2024\/03\/LUXOTTICA-300x136.png\" alt=\"\" width=\"210\" height=\"95\" srcset=\"https:\/\/www.radiopiu.net\/wordpress\/wp-content\/uploads\/2024\/03\/LUXOTTICA-300x136.png 300w, https:\/\/www.radiopiu.net\/wordpress\/wp-content\/uploads\/2024\/03\/LUXOTTICA-768x348.png 768w, https:\/\/www.radiopiu.net\/wordpress\/wp-content\/uploads\/2024\/03\/LUXOTTICA.png 850w\" sizes=\"auto, (max-width: 210px) 100vw, 210px\" \/><\/a>AGORDO<\/strong> Stasera alle 21:10 su RaiTre andr\u00e0 in onda una nuova puntata di &#8220;PresaDiretta&#8221;, il programma di Roberto Iacona. Tra gli argomenti che verranno trattati anche la settimana corta. Le telecamere del programma sono andate in alcune aziende italiane che la stanno sperimentando, da EssilorLuxottica a Lamborghini e anche in Portogallo dove quarantuno aziende stanno valutando se lavorare meno con lo stesso salario sia la strada giusta per produrre meglio e di piu\u0300.<\/p>\n<blockquote><p><em>Viene chiamata la rivoluzione dei 4 giorni. In tutto il mondo, ed \u00e8 gi\u00e0 una realt\u00e0 in diversi Paesi europei, la riorganizzazione del modo di lavorare sta avvenendo con il modello della cosiddetta settimana corta: la riduzione della settimana lavorativa a quattro giorni anzich\u00e9 cinque. Si lavora dal luned\u00ec al gioved\u00ec, a parit\u00e0 di stipendio. Com\u2019\u00e8 possibile lo racconter\u00e0 PresaDiretta, in prima serata su Rai3. Le telecamere del programma di Riccardo Iacona sono entrate in due tra le pi\u00f9 importanti fabbriche italiane che stanno sperimentando per prime questa innovazione, EssilorLuxottica e Lamborghini.<\/em><\/p><\/blockquote>\n<p><strong>LA PRESENTAZIONE DEL SERVIZIO<\/strong><\/p>\n<audio class=\"wp-audio-shortcode\" id=\"audio-380591-5\" preload=\"none\" style=\"width: 100%;\" controls=\"controls\"><source type=\"audio\/mpeg\" src=\"https:\/\/www.radiopiu.net\/wordpress\/wp-content\/uploads\/2024\/03\/presa-diretta.mp3?_=5\" \/><a href=\"https:\/\/www.radiopiu.net\/wordpress\/wp-content\/uploads\/2024\/03\/presa-diretta.mp3\">https:\/\/www.radiopiu.net\/wordpress\/wp-content\/uploads\/2024\/03\/presa-diretta.mp3<\/a><\/audio>\n<blockquote>\n<h1><\/h1>\n<\/blockquote>\n<p>&nbsp;<\/p>\n<hr \/>\n<p>&nbsp;<\/p>\n<blockquote>\n<h3>OGGI LA FESTA DEL POPOLO VENETO<\/h3>\n<\/blockquote>\n<p><strong><a class=\"dt-pswp-item\" href=\"https:\/\/www.radiopiu.net\/wordpress\/wp-content\/uploads\/2021\/09\/regione-veneto.png\" data-dt-img-description=\"\" data-large_image_width=\"455\" data-large_image_height=\"344\"><img loading=\"lazy\" decoding=\"async\" class=\" wp-image-234211 alignleft\" src=\"https:\/\/www.radiopiu.net\/wordpress\/wp-content\/uploads\/2021\/09\/regione-veneto-300x227.png\" alt=\"\" width=\"116\" height=\"88\" srcset=\"https:\/\/www.radiopiu.net\/wordpress\/wp-content\/uploads\/2021\/09\/regione-veneto-300x227.png 300w, https:\/\/www.radiopiu.net\/wordpress\/wp-content\/uploads\/2021\/09\/regione-veneto.png 455w\" sizes=\"auto, (max-width: 116px) 100vw, 116px\" \/><\/a>VENEZIA<\/strong> Il presidente della Regione Veneto, Luca Zaia, celebra la Festa del Popolo Veneto il 25 marzo, riflettendo sull&#8217;identit\u00e0 culturale e linguistica. La bandiera veneta, con il Leone Marciano e la parola &#8220;Pace&#8221;, simboleggia aspirazioni di pace. Zaia sottolinea il senso di comunit\u00e0 e dialogo dei Veneti, evidenziando il ruolo globale del Veneto come polo produttivo. L&#8217;autonomia regionale \u00e8 vista come un&#8217;opportunit\u00e0 per un futuro armonioso e responsabile<\/p>\n<p>&nbsp;<\/p>\n<p>&nbsp;<\/p>\n<p>&nbsp;<\/p>\n<hr \/>\n<p>&nbsp;<\/p>\n<p><strong>LA GIUDIZIARIA<\/strong><br \/>\n<strong>OGGI SUL CORRIERE DELLE ALPI<\/strong><br \/>\n<strong>DI GIGI SOSSO\u00a0<\/strong><br \/>\n<strong>BELLUNO<\/strong> Dopo 17 anni di maltrattamenti, una donna di Belluno ha finalmente trovato la forza di denunciare il suo convivente per stalking e abusi. L&#8217;uomo ha patteggiato due anni di reclusione con pena sospesa per maltrattamenti e atti persecutori. La coppia non \u00e8 pi\u00f9 insieme, con le due figlie affidate alla madre.\u00a0 La vicenda dovrebbe continuare con una causa civile per il risarcimento dei danni subiti.<\/p>\n<p>&nbsp;<\/p>\n<div class=\"flex-1 overflow-hidden\">\n<div class=\"react-scroll-to-bottom--css-sbeil-79elbk h-full\">\n<div class=\"react-scroll-to-bottom--css-sbeil-1n7m0yu\">\n<div class=\"flex flex-col text-sm pb-9\">\n<div class=\"w-full text-token-text-primary\" data-testid=\"conversation-turn-21\">\n<div class=\"px-4 py-2 justify-center text-base md:gap-6 m-auto\">\n<div class=\"flex flex-1 text-base mx-auto gap-3 md:px-5 lg:px-1 xl:px-5 md:max-w-3xl lg:max-w-[40rem] xl:max-w-[48rem] group final-completion\">\n<div class=\"relative flex w-full flex-col agent-turn\">\n<div class=\"flex-col gap-1 md:gap-3\">\n<div class=\"mt-1 flex justify-start gap-3 empty:hidden\"><\/div>\n<\/div>\n<\/div>\n<\/div>\n<\/div>\n<\/div>\n<\/div>\n<\/div>\n<\/div>\n<\/div>\n<div class=\"w-full pt-2 md:pt-0 dark:border-white\/20 md:border-transparent md:dark:border-transparent md:w-[calc(100%-.5rem)]\">\n<form class=\"stretch mx-2 flex flex-row gap-3 last:mb-2 md:mx-4 md:last:mb-6 lg:mx-auto lg:max-w-2xl xl:max-w-3xl\">\n<div class=\"relative flex h-full flex-1 flex-col\">\n<div class=\"absolute bottom-full left-0 right-0\"><\/div>\n<div class=\"flex w-full items-center\"><\/div>\n<\/div>\n<\/form>\n<\/div>\n<hr \/>\n<p>&nbsp;<\/p>\n<blockquote>\n<h3>IL CAI DI AGORDO RAGGIUNGE QUOTA 1500 SOCI<\/h3>\n<\/blockquote>\n<p><strong><a class=\"dt-pswp-item\" href=\"https:\/\/www.radiopiu.net\/wordpress\/wp-content\/uploads\/2024\/03\/9852dd29-d483-41c9-81c1-7ef11d22b247.jpg\" data-dt-img-description=\"\" data-large_image_width=\"1600\" data-large_image_height=\"1204\"><img loading=\"lazy\" decoding=\"async\" class=\" wp-image-380850 alignleft\" src=\"https:\/\/www.radiopiu.net\/wordpress\/wp-content\/uploads\/2024\/03\/9852dd29-d483-41c9-81c1-7ef11d22b247-300x226.jpg\" alt=\"\" width=\"166\" height=\"125\" srcset=\"https:\/\/www.radiopiu.net\/wordpress\/wp-content\/uploads\/2024\/03\/9852dd29-d483-41c9-81c1-7ef11d22b247-300x226.jpg 300w, https:\/\/www.radiopiu.net\/wordpress\/wp-content\/uploads\/2024\/03\/9852dd29-d483-41c9-81c1-7ef11d22b247-1024x771.jpg 1024w, https:\/\/www.radiopiu.net\/wordpress\/wp-content\/uploads\/2024\/03\/9852dd29-d483-41c9-81c1-7ef11d22b247-768x578.jpg 768w, https:\/\/www.radiopiu.net\/wordpress\/wp-content\/uploads\/2024\/03\/9852dd29-d483-41c9-81c1-7ef11d22b247-1536x1156.jpg 1536w, https:\/\/www.radiopiu.net\/wordpress\/wp-content\/uploads\/2024\/03\/9852dd29-d483-41c9-81c1-7ef11d22b247.jpg 1600w\" sizes=\"auto, (max-width: 166px) 100vw, 166px\" \/><\/a>AGORDO<\/strong><\/p>\n<p>DI GIANNI SANTOMASO<\/p>\n<audio class=\"wp-audio-shortcode\" id=\"audio-380591-6\" preload=\"none\" style=\"width: 100%;\" controls=\"controls\"><source type=\"audio\/mpeg\" src=\"https:\/\/www.radiopiu.net\/wordpress\/wp-content\/uploads\/2024\/03\/GIANNI-IL-CAI-DI-AGORDO-RAGGIUNGE-QUOTA-1500-SOCI.mp3?_=6\" \/><a href=\"https:\/\/www.radiopiu.net\/wordpress\/wp-content\/uploads\/2024\/03\/GIANNI-IL-CAI-DI-AGORDO-RAGGIUNGE-QUOTA-1500-SOCI.mp3\">https:\/\/www.radiopiu.net\/wordpress\/wp-content\/uploads\/2024\/03\/GIANNI-IL-CAI-DI-AGORDO-RAGGIUNGE-QUOTA-1500-SOCI.mp3<\/a><\/audio>\n<p>&nbsp;<\/p>\n<hr \/>\n<p>&nbsp;<\/p>\n<blockquote>\n<h3>DILLO A RADIO PIU&#8217;&#8230;SORPASSI E MEZZI LUMACA SULLA 203 AGORDINA<\/h3>\n<\/blockquote>\n<p><strong><a class=\"dt-pswp-item\" href=\"https:\/\/www.radiopiu.net\/wordpress\/wp-content\/uploads\/2024\/02\/Un-tratto-di-SR-203-visto-dallalto-tra-Cencenighe-e-Le-Vare-scaled-1.jpg\" data-dt-img-description=\"\" data-large_image_width=\"2560\" data-large_image_height=\"1440\"><img loading=\"lazy\" decoding=\"async\" class=\" wp-image-374392 alignleft\" src=\"https:\/\/www.radiopiu.net\/wordpress\/wp-content\/uploads\/2024\/02\/Un-tratto-di-SR-203-visto-dallalto-tra-Cencenighe-e-Le-Vare-scaled-1-300x169.jpg\" alt=\"\" width=\"234\" height=\"132\" srcset=\"https:\/\/www.radiopiu.net\/wordpress\/wp-content\/uploads\/2024\/02\/Un-tratto-di-SR-203-visto-dallalto-tra-Cencenighe-e-Le-Vare-scaled-1-300x169.jpg 300w, https:\/\/www.radiopiu.net\/wordpress\/wp-content\/uploads\/2024\/02\/Un-tratto-di-SR-203-visto-dallalto-tra-Cencenighe-e-Le-Vare-scaled-1-1024x576.jpg 1024w, https:\/\/www.radiopiu.net\/wordpress\/wp-content\/uploads\/2024\/02\/Un-tratto-di-SR-203-visto-dallalto-tra-Cencenighe-e-Le-Vare-scaled-1-768x432.jpg 768w, https:\/\/www.radiopiu.net\/wordpress\/wp-content\/uploads\/2024\/02\/Un-tratto-di-SR-203-visto-dallalto-tra-Cencenighe-e-Le-Vare-scaled-1-1536x864.jpg 1536w, https:\/\/www.radiopiu.net\/wordpress\/wp-content\/uploads\/2024\/02\/Un-tratto-di-SR-203-visto-dallalto-tra-Cencenighe-e-Le-Vare-scaled-1-2048x1152.jpg 2048w\" sizes=\"auto, (max-width: 234px) 100vw, 234px\" \/><\/a>RICEVIAMO E PUBBLICHIAMO<\/strong><\/p>\n<p>Carissimo Direttore, leggo la ridda di segnalazioni che arrivano a Radio Pi\u00f9 di automobilisti indignati, e giustamente, per la situazione di pericolo e insicurezza, sulla Regionale 203 Agordina. Premesso che tutte le irregolarit\u00e0 vanno sanzionate, senza scusanti (e questo lo dico per non essere frainteso pi\u00f9 avanti!), penso che alcune problematiche, evidenti a tutti gli auto-pendolari, andrebbero sottolineate. Da 30 anni percorro la tratta per lavoro al mattino verso Sud e al pomeriggio, a vario orario, di ritorno verso Nord, e ne ho <em>ob torto collo<\/em> seguito le evoluzioni in peggio del traffico. Anche io ho visto molteplici volte numeri da autodromo o, addirittura pochi mesi fa, una sfida al buio da brivido con sorpassi e controsorpassi, anche in curva. E di solito sono dediti a questo arrogante comportamento conduttori di auto rombanti, spinte da quantit\u00e0 di cavalli inauditi per una strada normale, con annesso senso di onnipotenza e di \u201cte la faccio vedere io!\u201d. I problemi grossi generalmente si vedono al mattino, mentre i pomeriggi la situazione \u00e8 pi\u00f9 scorrevole, salvi i cervi di Candaten che razzolano ancora indisturbati senza che nessuno si preoccupi minimamente di risolvere il problema, preso atto dell\u2019inutilit\u00e0 dei pali ad ultrasuoni al limite del ridicolo e delle siepi fin dall\u2019inizio \u201cbucate\u201d ovunque. Quali allora i problemi? Un primo problema \u00e8 la presenza frequente di auto o mezzi pesanti o molto ingombranti, che procedono a velocit\u00e0 lenta, molto sotto quello che \u00e8 il limite di velocit\u00e0 del tratto relativo. Questo comporta incolonnamenti importanti e, umanamente, capisco che qualcuno, spazientito, esegua un sorpasso vietato. Spesso, a causa del mancato rispetto della distanza di sicurezza, non si riesce a sorpassare in queste situazioni nemmeno dove \u00e8 concesso. Anche a me \u00e8 capitato di sorpassare in un tratto a 90 Km\/h rettilineo con linea continua un\u2019auto che procedeva a 50 Km\/h, perch\u00e9 snervato, prontamente \u201cbeccato\u201d, , ahim\u00e9, da una volante, sanzionato, riconoscendo l\u2019errore e pagando per la mia violazione. Il secondo problema \u00e8 che purtroppo la situazione si \u00e8 aggravata nel tempo, per la decisione di Veneto Strade di ridurre i tratti a linea tratteggiata sempre di pi\u00f9, per rispettare le regole dei nuovi codici della strada, ma anche, come ammesso tanti anni fa da un suo Dirigente, per ridurre eventuali contenziosi, in caso di incidenti. Fatto sta che oggi da Agordo al rettilineo della Pissa \u00e8 rimasto solo un minimo rettilineo con linea tratteggiata dopo il ponte della Val Clusa, quindi 7 Km di linea continua su tratti, i pi\u00f9, a 90 Km\/h. Proprio recentemente in questo senso si \u00e8 aggravata la restrizione dal Mas a Belluno, dove due rettilinei tratteggiati, con la nuova asfaltatura sono divenuti \u201clinea continua\u201d. Questo comporta che dal Peron a Belluno, per circa 11 Km non si pu\u00f2 pi\u00f9 sorpassare. E\u2019 quindi chiaro che incolonnamenti inevitabili (auto lente e camion, tutt\u2019altro che rare) chiamano sorpassi, anche se illeciti. Ora tutti ci si attenderebbe che i veicoli lenti, notata la coda, accostassero per poi ripartire, facilitando il deflusso. Su un tratto a 90 Km orari andare a 40-50 Km\/h rappresenta un intralcio al traffico, che, a ben ricordare, configurerebbe la violazione dell\u2019articolo 141 del codice della strada, soprattutto a fronte di evidenti interminabili code: &#8221; Il conducente non deve circolare a velocit\u00e0 talmente ridotta da costituire intralcio o pericolo per il normale flusso della circolazione&#8221;. Sarebbe interessante chiedere alle forze dell\u2019 Ordine a quando risale l\u2019ultima contestazione sulla Regionale Agordina per questo tipo di violazione! Quindi, concludendo, condannando senza se e senza ma i \u201cnumeri\u201d da autodromo denunciati in questi giorni, forse sarebbe bene che, per chi lavora e non va a passeggio, ci fosse la maggiore attenzione possibile per rendere il traffico fluido come da caratteristiche della strada, senza indurre, inesorabilmente, fluidificazioni \u201cfai da te\u201d, illecite, pericolose, ma spesso comprensibili.<\/p>\n<p>Lettera firmata<\/p>\n<p>&nbsp;<\/p>\n<p>&nbsp;<\/p>\n<hr \/>\n<p>&nbsp;<\/p>\n<blockquote>\n<h3>DILLO RADIO PIU&#8217;&#8230; DUE ANNI DOPO NON E&#8217; CAMBIATO NULLA<\/h3>\n<\/blockquote>\n<p><strong>RICEVIAMO E PUBBLICHIAMO<\/strong><\/p>\n<p>Questa dovrebbe essere la ciclabile che da Cencenighe sale verso Falcade e qui siamo nel comune di Vallada. Poi nell&#8217;Agordino si fa pubblicit\u00e0 sul turismo a due ruote e non abbiamo neanche una ciclabile.<\/p>\n<p>T.S.<\/p>\n<div dir=\"auto\">Leggo ora la notizia che la ciclabile in parola \u00e8 ancora chiusa dopo due anni&#8230;la stessa \u00e8 chiusa dopo Vaia dal 2018 e non \u00e8 nel comune di Vallada Agordina il ponte fotografato&#8230;solo il lato sinistro lo \u00e8 il lato destro (orograficamente parlando) \u00e8 in comune di Cencenighe. La struttura del ponte \u00e8 obiettivamente in cattivo stato e merita di manutenzione e si spera che con fondi ottenuti dal Genio civile di Belluno si possa sistemare il ponte e tutto il resto della strada&#8230;<\/div>\n<div dir=\"auto\">A.P.<\/div>\n\n\t\t\t<style type='text\/css'>\n\t\t\t\t#gallery-2 {\n\t\t\t\t\tmargin: auto;\n\t\t\t\t}\n\t\t\t\t#gallery-2 .gallery-item {\n\t\t\t\t\tfloat: left;\n\t\t\t\t\tmargin-top: 10px;\n\t\t\t\t\ttext-align: center;\n\t\t\t\t\twidth: 100%;\n\t\t\t\t}\n\t\t\t\t#gallery-2 img {\n\t\t\t\t\tborder: 2px solid #cfcfcf;\n\t\t\t\t}\n\t\t\t\t#gallery-2 .gallery-caption {\n\t\t\t\t\tmargin-left: 0;\n\t\t\t\t}\n\t\t\t\t\/* see gallery_shortcode() in wp-includes\/media.php *\/\n\t\t\t<\/style>\n\t\t<div id='gallery-2' class='dt-gallery-container gallery galleryid-380591 gallery-columns-1 gallery-size-medium'><dl class='gallery-item'>\n\t\t\t\t<dt class='gallery-icon landscape'>\n\t\t\t\t\t<a class=\"rollover rollover-zoom dt-pswp-item\" title=\"79840eb5-66f2-441a-9490-a32b7dffdc1d\" data-dt-img-description=\"\" data-large_image_width=\"1080\" data-large_image_height=\"810\"href='https:\/\/www.radiopiu.net\/wordpress\/wp-content\/uploads\/2024\/03\/79840eb5-66f2-441a-9490-a32b7dffdc1d.jpg'><img loading=\"lazy\" decoding=\"async\" width=\"300\" height=\"225\" src=\"https:\/\/www.radiopiu.net\/wordpress\/wp-content\/uploads\/2024\/03\/79840eb5-66f2-441a-9490-a32b7dffdc1d-300x225.jpg\" class=\"attachment-medium size-medium\" alt=\"\" srcset=\"https:\/\/www.radiopiu.net\/wordpress\/wp-content\/uploads\/2024\/03\/79840eb5-66f2-441a-9490-a32b7dffdc1d-300x225.jpg 300w, https:\/\/www.radiopiu.net\/wordpress\/wp-content\/uploads\/2024\/03\/79840eb5-66f2-441a-9490-a32b7dffdc1d-1024x768.jpg 1024w, https:\/\/www.radiopiu.net\/wordpress\/wp-content\/uploads\/2024\/03\/79840eb5-66f2-441a-9490-a32b7dffdc1d-768x576.jpg 768w, https:\/\/www.radiopiu.net\/wordpress\/wp-content\/uploads\/2024\/03\/79840eb5-66f2-441a-9490-a32b7dffdc1d.jpg 1080w\" sizes=\"auto, (max-width: 300px) 100vw, 300px\" \/><\/a>\n\t\t\t\t<\/dt><\/dl><br style=\"clear: both\" \/>\n\t\t\t<\/div>\n\n<p>&nbsp;<\/p>\n<hr \/>\n<p>&nbsp;<\/p>\n<blockquote>\n<h3>DILLO A RADIO PIU: LA FERMATA PROVVISORIA CHE NON C&#8217;E&#8217;<\/h3>\n<\/blockquote>\n<p><strong>TAIBON<\/strong> Questa volta la segnalazione a Radio Pi\u00f9 la facciamo noi stessi, perch\u00e9 la fermata &#8220;fantasma&#8221; \u00e8 proprio davanti alla sede dell&#8217;emittente. E&#8217; capitato di vedere qualcuno che ogni tanto si ferma e riflette, poi legge la data, 18 ottobre 2023 e capisce che qualcuno ha s\u00ec posizionato il cartello per tempo, ma poi se n&#8217;\u00e8 proprio dimenticato. La fermata provvisoria \u00e8 riferita al periodo 4-18 ottobre 2023 per i lavori in piazza a San Cipriano con interdizione al traffico e pedoni, di qui la necessit\u00e0 di una fermata provvisoria fronte RADIOPIU.<br \/>\nCerto, sarebbe sufficiente togliere il cartello, se Dolomitibus ci concede l&#8217;onore saremo lieti di dare il nostro concreto contributo all&#8217;azienda del trasporto pubblico bellunese. \u00a0con forbici e bidoni adatti allo smaltimento dei rifiuti,<\/p>\n<p>mm<\/p>\n\n\t\t\t<style type='text\/css'>\n\t\t\t\t#gallery-3 {\n\t\t\t\t\tmargin: auto;\n\t\t\t\t}\n\t\t\t\t#gallery-3 .gallery-item {\n\t\t\t\t\tfloat: left;\n\t\t\t\t\tmargin-top: 10px;\n\t\t\t\t\ttext-align: center;\n\t\t\t\t\twidth: 50%;\n\t\t\t\t}\n\t\t\t\t#gallery-3 img {\n\t\t\t\t\tborder: 2px solid #cfcfcf;\n\t\t\t\t}\n\t\t\t\t#gallery-3 .gallery-caption {\n\t\t\t\t\tmargin-left: 0;\n\t\t\t\t}\n\t\t\t\t\/* see gallery_shortcode() in wp-includes\/media.php *\/\n\t\t\t<\/style>\n\t\t<div id='gallery-3' class='dt-gallery-container gallery galleryid-380591 gallery-columns-2 gallery-size-medium'><dl class='gallery-item'>\n\t\t\t\t<dt class='gallery-icon landscape'>\n\t\t\t\t\t<a class=\"rollover rollover-zoom dt-pswp-item\" title=\"1de820ca-5c63-4fc5-a8cb-622cb457431f\" data-dt-img-description=\"\" data-large_image_width=\"1600\" data-large_image_height=\"1200\"href='https:\/\/www.radiopiu.net\/wordpress\/wp-content\/uploads\/2024\/03\/1de820ca-5c63-4fc5-a8cb-622cb457431f.jpg'><img loading=\"lazy\" decoding=\"async\" width=\"300\" height=\"225\" src=\"https:\/\/www.radiopiu.net\/wordpress\/wp-content\/uploads\/2024\/03\/1de820ca-5c63-4fc5-a8cb-622cb457431f-300x225.jpg\" class=\"attachment-medium size-medium\" alt=\"\" srcset=\"https:\/\/www.radiopiu.net\/wordpress\/wp-content\/uploads\/2024\/03\/1de820ca-5c63-4fc5-a8cb-622cb457431f-300x225.jpg 300w, https:\/\/www.radiopiu.net\/wordpress\/wp-content\/uploads\/2024\/03\/1de820ca-5c63-4fc5-a8cb-622cb457431f-1024x768.jpg 1024w, https:\/\/www.radiopiu.net\/wordpress\/wp-content\/uploads\/2024\/03\/1de820ca-5c63-4fc5-a8cb-622cb457431f-768x576.jpg 768w, https:\/\/www.radiopiu.net\/wordpress\/wp-content\/uploads\/2024\/03\/1de820ca-5c63-4fc5-a8cb-622cb457431f-1536x1152.jpg 1536w, https:\/\/www.radiopiu.net\/wordpress\/wp-content\/uploads\/2024\/03\/1de820ca-5c63-4fc5-a8cb-622cb457431f.jpg 1600w\" sizes=\"auto, (max-width: 300px) 100vw, 300px\" \/><\/a>\n\t\t\t\t<\/dt><\/dl><dl class='gallery-item'>\n\t\t\t\t<dt class='gallery-icon landscape'>\n\t\t\t\t\t<a class=\"rollover rollover-zoom dt-pswp-item\" title=\"cd38e4d7-2d6c-4920-813b-36d38e82511b\" data-dt-img-description=\"\" data-large_image_width=\"1600\" data-large_image_height=\"1200\"href='https:\/\/www.radiopiu.net\/wordpress\/wp-content\/uploads\/2024\/03\/cd38e4d7-2d6c-4920-813b-36d38e82511b.jpg'><img loading=\"lazy\" decoding=\"async\" width=\"300\" height=\"225\" src=\"https:\/\/www.radiopiu.net\/wordpress\/wp-content\/uploads\/2024\/03\/cd38e4d7-2d6c-4920-813b-36d38e82511b-300x225.jpg\" class=\"attachment-medium size-medium\" alt=\"\" srcset=\"https:\/\/www.radiopiu.net\/wordpress\/wp-content\/uploads\/2024\/03\/cd38e4d7-2d6c-4920-813b-36d38e82511b-300x225.jpg 300w, https:\/\/www.radiopiu.net\/wordpress\/wp-content\/uploads\/2024\/03\/cd38e4d7-2d6c-4920-813b-36d38e82511b-1024x768.jpg 1024w, https:\/\/www.radiopiu.net\/wordpress\/wp-content\/uploads\/2024\/03\/cd38e4d7-2d6c-4920-813b-36d38e82511b-768x576.jpg 768w, https:\/\/www.radiopiu.net\/wordpress\/wp-content\/uploads\/2024\/03\/cd38e4d7-2d6c-4920-813b-36d38e82511b-1536x1152.jpg 1536w, https:\/\/www.radiopiu.net\/wordpress\/wp-content\/uploads\/2024\/03\/cd38e4d7-2d6c-4920-813b-36d38e82511b.jpg 1600w\" sizes=\"auto, (max-width: 300px) 100vw, 300px\" \/><\/a>\n\t\t\t\t<\/dt><\/dl><br style=\"clear: both\" \/>\n\t\t\t<\/div>\n\n<p>&nbsp;<\/p>\n<hr \/>\n<p>&nbsp;<\/p>\n<blockquote>\n<h3>LA GIORNATA ECOLOGICA A VOLTAGO. PULIZIA PROFONDA GRAZIE AI VOLONTARI<\/h3>\n<\/blockquote>\n<p><strong>VOLTAGO<\/strong> I volontari a Voltago sono sempre in prima linea, grande lavoro per gli uomini della Protezione Civile ma non solo in occasione della giornata ecologica. Un momento di gruppo per tenere pulito il territorio dai rifiuti abbandonati nel bosco ma non solo.<\/p>\n<p><strong>IL SINDACO DI VOLTAGO GIUSEPPE SCHENA<\/strong><\/p>\n<audio class=\"wp-audio-shortcode\" id=\"audio-380591-7\" preload=\"none\" style=\"width: 100%;\" controls=\"controls\"><source type=\"audio\/mpeg\" src=\"https:\/\/www.radiopiu.net\/wordpress\/wp-content\/uploads\/2024\/03\/GIUSEPPE-SCHENA-VOLTAGO-GIORNATA-ECOLOGICA.mp3?_=7\" \/><a href=\"https:\/\/www.radiopiu.net\/wordpress\/wp-content\/uploads\/2024\/03\/GIUSEPPE-SCHENA-VOLTAGO-GIORNATA-ECOLOGICA.mp3\">https:\/\/www.radiopiu.net\/wordpress\/wp-content\/uploads\/2024\/03\/GIUSEPPE-SCHENA-VOLTAGO-GIORNATA-ECOLOGICA.mp3<\/a><\/audio>\n<p>&nbsp;<\/p>\n\n\t\t\t<style type='text\/css'>\n\t\t\t\t#gallery-4 {\n\t\t\t\t\tmargin: auto;\n\t\t\t\t}\n\t\t\t\t#gallery-4 .gallery-item {\n\t\t\t\t\tfloat: left;\n\t\t\t\t\tmargin-top: 10px;\n\t\t\t\t\ttext-align: center;\n\t\t\t\t\twidth: 20%;\n\t\t\t\t}\n\t\t\t\t#gallery-4 img {\n\t\t\t\t\tborder: 2px solid #cfcfcf;\n\t\t\t\t}\n\t\t\t\t#gallery-4 .gallery-caption {\n\t\t\t\t\tmargin-left: 0;\n\t\t\t\t}\n\t\t\t\t\/* see gallery_shortcode() in wp-includes\/media.php *\/\n\t\t\t<\/style>\n\t\t<div id='gallery-4' class='dt-gallery-container gallery galleryid-380591 gallery-columns-5 gallery-size-thumbnail'><dl class='gallery-item'>\n\t\t\t\t<dt class='gallery-icon landscape'>\n\t\t\t\t\t<a class=\"rollover rollover-zoom dt-pswp-item\" title=\"9ea25857-a5aa-4e06-b114-ff29ad6a484e\" data-dt-img-description=\"\" data-large_image_width=\"1600\" data-large_image_height=\"1200\"href='https:\/\/www.radiopiu.net\/wordpress\/wp-content\/uploads\/2024\/03\/9ea25857-a5aa-4e06-b114-ff29ad6a484e.jpg'><img loading=\"lazy\" decoding=\"async\" width=\"150\" height=\"150\" src=\"https:\/\/www.radiopiu.net\/wordpress\/wp-content\/uploads\/2024\/03\/9ea25857-a5aa-4e06-b114-ff29ad6a484e-150x150.jpg\" class=\"attachment-thumbnail size-thumbnail\" alt=\"\" \/><\/a>\n\t\t\t\t<\/dt><\/dl><dl class='gallery-item'>\n\t\t\t\t<dt class='gallery-icon landscape'>\n\t\t\t\t\t<a class=\"rollover rollover-zoom dt-pswp-item\" title=\"99d79a90-65d8-45fb-88b4-3fc6eb1f89be\" data-dt-img-description=\"\" data-large_image_width=\"1500\" data-large_image_height=\"1500\"href='https:\/\/www.radiopiu.net\/wordpress\/wp-content\/uploads\/2024\/03\/99d79a90-65d8-45fb-88b4-3fc6eb1f89be.jpg'><img loading=\"lazy\" decoding=\"async\" width=\"150\" height=\"150\" src=\"https:\/\/www.radiopiu.net\/wordpress\/wp-content\/uploads\/2024\/03\/99d79a90-65d8-45fb-88b4-3fc6eb1f89be-150x150.jpg\" class=\"attachment-thumbnail size-thumbnail\" alt=\"\" srcset=\"https:\/\/www.radiopiu.net\/wordpress\/wp-content\/uploads\/2024\/03\/99d79a90-65d8-45fb-88b4-3fc6eb1f89be-150x150.jpg 150w, https:\/\/www.radiopiu.net\/wordpress\/wp-content\/uploads\/2024\/03\/99d79a90-65d8-45fb-88b4-3fc6eb1f89be-300x300.jpg 300w, https:\/\/www.radiopiu.net\/wordpress\/wp-content\/uploads\/2024\/03\/99d79a90-65d8-45fb-88b4-3fc6eb1f89be-1024x1024.jpg 1024w, https:\/\/www.radiopiu.net\/wordpress\/wp-content\/uploads\/2024\/03\/99d79a90-65d8-45fb-88b4-3fc6eb1f89be-768x768.jpg 768w, https:\/\/www.radiopiu.net\/wordpress\/wp-content\/uploads\/2024\/03\/99d79a90-65d8-45fb-88b4-3fc6eb1f89be.jpg 1500w\" sizes=\"auto, (max-width: 150px) 100vw, 150px\" \/><\/a>\n\t\t\t\t<\/dt><\/dl><dl class='gallery-item'>\n\t\t\t\t<dt class='gallery-icon landscape'>\n\t\t\t\t\t<a class=\"rollover rollover-zoom dt-pswp-item\" title=\"acb1929b-fc46-41e2-9f9b-2c99b85e69d4\" data-dt-img-description=\"\" data-large_image_width=\"1599\" data-large_image_height=\"1599\"href='https:\/\/www.radiopiu.net\/wordpress\/wp-content\/uploads\/2024\/03\/acb1929b-fc46-41e2-9f9b-2c99b85e69d4.jpg'><img loading=\"lazy\" decoding=\"async\" width=\"150\" height=\"150\" src=\"https:\/\/www.radiopiu.net\/wordpress\/wp-content\/uploads\/2024\/03\/acb1929b-fc46-41e2-9f9b-2c99b85e69d4-150x150.jpg\" class=\"attachment-thumbnail size-thumbnail\" alt=\"\" srcset=\"https:\/\/www.radiopiu.net\/wordpress\/wp-content\/uploads\/2024\/03\/acb1929b-fc46-41e2-9f9b-2c99b85e69d4-150x150.jpg 150w, https:\/\/www.radiopiu.net\/wordpress\/wp-content\/uploads\/2024\/03\/acb1929b-fc46-41e2-9f9b-2c99b85e69d4-300x300.jpg 300w, https:\/\/www.radiopiu.net\/wordpress\/wp-content\/uploads\/2024\/03\/acb1929b-fc46-41e2-9f9b-2c99b85e69d4-1024x1024.jpg 1024w, https:\/\/www.radiopiu.net\/wordpress\/wp-content\/uploads\/2024\/03\/acb1929b-fc46-41e2-9f9b-2c99b85e69d4-768x768.jpg 768w, https:\/\/www.radiopiu.net\/wordpress\/wp-content\/uploads\/2024\/03\/acb1929b-fc46-41e2-9f9b-2c99b85e69d4-1536x1536.jpg 1536w, https:\/\/www.radiopiu.net\/wordpress\/wp-content\/uploads\/2024\/03\/acb1929b-fc46-41e2-9f9b-2c99b85e69d4.jpg 1599w\" sizes=\"auto, (max-width: 150px) 100vw, 150px\" \/><\/a>\n\t\t\t\t<\/dt><\/dl><dl class='gallery-item'>\n\t\t\t\t<dt class='gallery-icon landscape'>\n\t\t\t\t\t<a class=\"rollover rollover-zoom dt-pswp-item\" title=\"ae3324ba-c7ad-4bf4-8c6d-88584b25dbd9\" data-dt-img-description=\"\" data-large_image_width=\"1600\" data-large_image_height=\"1200\"href='https:\/\/www.radiopiu.net\/wordpress\/wp-content\/uploads\/2024\/03\/ae3324ba-c7ad-4bf4-8c6d-88584b25dbd9.jpg'><img loading=\"lazy\" decoding=\"async\" width=\"150\" height=\"150\" src=\"https:\/\/www.radiopiu.net\/wordpress\/wp-content\/uploads\/2024\/03\/ae3324ba-c7ad-4bf4-8c6d-88584b25dbd9-150x150.jpg\" class=\"attachment-thumbnail size-thumbnail\" alt=\"\" \/><\/a>\n\t\t\t\t<\/dt><\/dl><dl class='gallery-item'>\n\t\t\t\t<dt class='gallery-icon landscape'>\n\t\t\t\t\t<a class=\"rollover rollover-zoom dt-pswp-item\" title=\"eb2571c1-0756-4c40-9df9-9e0e92b7f565\" data-dt-img-description=\"\" data-large_image_width=\"1500\" data-large_image_height=\"1500\"href='https:\/\/www.radiopiu.net\/wordpress\/wp-content\/uploads\/2024\/03\/eb2571c1-0756-4c40-9df9-9e0e92b7f565.jpg'><img loading=\"lazy\" decoding=\"async\" width=\"150\" height=\"150\" src=\"https:\/\/www.radiopiu.net\/wordpress\/wp-content\/uploads\/2024\/03\/eb2571c1-0756-4c40-9df9-9e0e92b7f565-150x150.jpg\" class=\"attachment-thumbnail size-thumbnail\" alt=\"\" srcset=\"https:\/\/www.radiopiu.net\/wordpress\/wp-content\/uploads\/2024\/03\/eb2571c1-0756-4c40-9df9-9e0e92b7f565-150x150.jpg 150w, https:\/\/www.radiopiu.net\/wordpress\/wp-content\/uploads\/2024\/03\/eb2571c1-0756-4c40-9df9-9e0e92b7f565-300x300.jpg 300w, https:\/\/www.radiopiu.net\/wordpress\/wp-content\/uploads\/2024\/03\/eb2571c1-0756-4c40-9df9-9e0e92b7f565-1024x1024.jpg 1024w, https:\/\/www.radiopiu.net\/wordpress\/wp-content\/uploads\/2024\/03\/eb2571c1-0756-4c40-9df9-9e0e92b7f565-768x768.jpg 768w, https:\/\/www.radiopiu.net\/wordpress\/wp-content\/uploads\/2024\/03\/eb2571c1-0756-4c40-9df9-9e0e92b7f565.jpg 1500w\" sizes=\"auto, (max-width: 150px) 100vw, 150px\" \/><\/a>\n\t\t\t\t<\/dt><\/dl><br style=\"clear: both\" \/>\n\t\t\t<\/div>\n\n<p>&nbsp;<\/p>\n<hr \/>\n<p>&nbsp;<\/p>\n<blockquote>\n<h3>A VOLTAGO IL CORSO DI PRIMO SOCCORSO PEDIATRICO<\/h3>\n<\/blockquote>\n<p><strong>VOLTAGO<\/strong> Si \u00e8 svolto nei giorni scorsi a Voltago il corso di primo soccorso pediatrico. Un incontro partecipato dove i presenti hanno potuto imparare le tecniche di primo soccorso sui pi\u00f9 giovani.<\/p>\n<p><strong>MARTINA, ISTRUTTRICE DEL CORSO<\/strong><\/p>\n<audio class=\"wp-audio-shortcode\" id=\"audio-380591-8\" preload=\"none\" style=\"width: 100%;\" controls=\"controls\"><source type=\"audio\/mpeg\" src=\"https:\/\/www.radiopiu.net\/wordpress\/wp-content\/uploads\/2024\/03\/MARTINA-ISTRUTTRICE-PRIMO-SOCCORSO.mp3?_=8\" \/><a href=\"https:\/\/www.radiopiu.net\/wordpress\/wp-content\/uploads\/2024\/03\/MARTINA-ISTRUTTRICE-PRIMO-SOCCORSO.mp3\">https:\/\/www.radiopiu.net\/wordpress\/wp-content\/uploads\/2024\/03\/MARTINA-ISTRUTTRICE-PRIMO-SOCCORSO.mp3<\/a><\/audio>\n<p>&nbsp;<\/p>\n\n\t\t\t<style type='text\/css'>\n\t\t\t\t#gallery-5 {\n\t\t\t\t\tmargin: auto;\n\t\t\t\t}\n\t\t\t\t#gallery-5 .gallery-item {\n\t\t\t\t\tfloat: left;\n\t\t\t\t\tmargin-top: 10px;\n\t\t\t\t\ttext-align: center;\n\t\t\t\t\twidth: 50%;\n\t\t\t\t}\n\t\t\t\t#gallery-5 img {\n\t\t\t\t\tborder: 2px solid #cfcfcf;\n\t\t\t\t}\n\t\t\t\t#gallery-5 .gallery-caption {\n\t\t\t\t\tmargin-left: 0;\n\t\t\t\t}\n\t\t\t\t\/* see gallery_shortcode() in wp-includes\/media.php *\/\n\t\t\t<\/style>\n\t\t<div id='gallery-5' class='dt-gallery-container gallery galleryid-380591 gallery-columns-2 gallery-size-medium'><dl class='gallery-item'>\n\t\t\t\t<dt class='gallery-icon landscape'>\n\t\t\t\t\t<a class=\"rollover rollover-zoom dt-pswp-item\" title=\"860f58c0-c140-4d3e-8b07-5efe5de5e111\" data-dt-img-description=\"\" data-large_image_width=\"2048\" data-large_image_height=\"1536\"href='https:\/\/www.radiopiu.net\/wordpress\/wp-content\/uploads\/2024\/03\/860f58c0-c140-4d3e-8b07-5efe5de5e111.jpg'><img loading=\"lazy\" decoding=\"async\" width=\"300\" height=\"225\" src=\"https:\/\/www.radiopiu.net\/wordpress\/wp-content\/uploads\/2024\/03\/860f58c0-c140-4d3e-8b07-5efe5de5e111-300x225.jpg\" class=\"attachment-medium size-medium\" alt=\"\" srcset=\"https:\/\/www.radiopiu.net\/wordpress\/wp-content\/uploads\/2024\/03\/860f58c0-c140-4d3e-8b07-5efe5de5e111-300x225.jpg 300w, https:\/\/www.radiopiu.net\/wordpress\/wp-content\/uploads\/2024\/03\/860f58c0-c140-4d3e-8b07-5efe5de5e111-1024x768.jpg 1024w, https:\/\/www.radiopiu.net\/wordpress\/wp-content\/uploads\/2024\/03\/860f58c0-c140-4d3e-8b07-5efe5de5e111-768x576.jpg 768w, https:\/\/www.radiopiu.net\/wordpress\/wp-content\/uploads\/2024\/03\/860f58c0-c140-4d3e-8b07-5efe5de5e111-1536x1152.jpg 1536w, https:\/\/www.radiopiu.net\/wordpress\/wp-content\/uploads\/2024\/03\/860f58c0-c140-4d3e-8b07-5efe5de5e111.jpg 2048w\" sizes=\"auto, (max-width: 300px) 100vw, 300px\" \/><\/a>\n\t\t\t\t<\/dt><\/dl><dl class='gallery-item'>\n\t\t\t\t<dt class='gallery-icon portrait'>\n\t\t\t\t\t<a class=\"rollover rollover-zoom dt-pswp-item\" title=\"5006962d-34c4-4dd7-8962-d1beea49cb7a\" data-dt-img-description=\"\" data-large_image_width=\"1892\" data-large_image_height=\"2048\"href='https:\/\/www.radiopiu.net\/wordpress\/wp-content\/uploads\/2024\/03\/5006962d-34c4-4dd7-8962-d1beea49cb7a.jpg'><img loading=\"lazy\" decoding=\"async\" width=\"277\" height=\"300\" src=\"https:\/\/www.radiopiu.net\/wordpress\/wp-content\/uploads\/2024\/03\/5006962d-34c4-4dd7-8962-d1beea49cb7a-277x300.jpg\" class=\"attachment-medium size-medium\" alt=\"\" srcset=\"https:\/\/www.radiopiu.net\/wordpress\/wp-content\/uploads\/2024\/03\/5006962d-34c4-4dd7-8962-d1beea49cb7a-277x300.jpg 277w, https:\/\/www.radiopiu.net\/wordpress\/wp-content\/uploads\/2024\/03\/5006962d-34c4-4dd7-8962-d1beea49cb7a-946x1024.jpg 946w, https:\/\/www.radiopiu.net\/wordpress\/wp-content\/uploads\/2024\/03\/5006962d-34c4-4dd7-8962-d1beea49cb7a-768x831.jpg 768w, https:\/\/www.radiopiu.net\/wordpress\/wp-content\/uploads\/2024\/03\/5006962d-34c4-4dd7-8962-d1beea49cb7a-1419x1536.jpg 1419w, https:\/\/www.radiopiu.net\/wordpress\/wp-content\/uploads\/2024\/03\/5006962d-34c4-4dd7-8962-d1beea49cb7a.jpg 1892w\" sizes=\"auto, (max-width: 277px) 100vw, 277px\" \/><\/a>\n\t\t\t\t<\/dt><\/dl><br style=\"clear: both\" \/>\n\t\t\t<\/div>\n\n<p>&nbsp;<\/p>\n<hr \/>\n<p>&nbsp;<\/p>\n<blockquote>\n<h3>NON AUTOSUFFICIENZA: IN VENETO ASSEGNO UNIVERSALE DESTINATO A MENO UN\u00a0ANZIANO NON AUTOSUFFICIENTE OGNI 100<\/h3>\n<\/blockquote>\n<p><strong><a class=\"dt-pswp-item\" href=\"https:\/\/www.radiopiu.net\/wordpress\/wp-content\/uploads\/2023\/02\/SPI-CGIL.png\" data-dt-img-description=\"\" data-large_image_width=\"278\" data-large_image_height=\"244\"><img loading=\"lazy\" decoding=\"async\" class=\" wp-image-322694 alignleft\" src=\"https:\/\/www.radiopiu.net\/wordpress\/wp-content\/uploads\/2023\/02\/SPI-CGIL.png\" alt=\"\" width=\"144\" height=\"126\" \/><\/a>VENEZIA<\/strong> Per lo SPI CGIL il recente intervento governativo per gli anziani non autosufficienti, definito &#8220;prestazione universale&#8221;, si rivela essere un misero tentativo, essenzialmente inefficace. Limitato agli ultraottantenni con ISEE inferiore a 6 mila euro e gravemente non autosufficienti, coinvolger\u00e0 meno dell&#8217;1% degli anziani ultra65enni nel Veneto. Questa misura, presentata con euforia dal governo, si dimostra inefficace e irrisoria, lasciando la stragrande maggioranza degli anziani non autosufficienti priva di supporto adeguato. La carenza di risorse e l&#8217;inefficienza nell&#8217;attuazione della legge delega mostrano un disinteresse da parte del governo nel fronteggiare la crisi della non autosufficienza anziana. Mentre la popolazione anziana continua a crescere, le risposte del sistema pubblico sono insufficienti e tardive, mancando di un piano strategico per affrontare le sfide future legate all&#8217;invecchiamento della popolazione. L&#8217;urgente necessit\u00e0 di una legislazione nazionale adeguata che migliori la qualit\u00e0 della vita degli anziani non autosufficienti rimane un problema irrisolto, mentre il governo sembra concentrarsi su altre priorit\u00e0 politiche.<\/p>\n<p>&nbsp;<\/p>\n<p>&nbsp;<\/p>\n<hr \/>\n<p>&nbsp;<\/p>\n<blockquote>\n<h3>AD AGRIMONT IL RICONOSCIMENTO ALLE AGRIGELATERIE. PREMIATA ANCHE LA PICCOLA BAITA DI FALCADE<\/h3>\n<\/blockquote>\n<p><strong><a class=\"dt-pswp-item\" href=\"https:\/\/www.radiopiu.net\/wordpress\/wp-content\/uploads\/2024\/03\/20240322_Polliotti-e-Agrigelaterie.jpg\" data-dt-img-description=\"\" data-large_image_width=\"2000\" data-large_image_height=\"1408\"><img loading=\"lazy\" decoding=\"async\" class=\" wp-image-380769 alignleft\" src=\"https:\/\/www.radiopiu.net\/wordpress\/wp-content\/uploads\/2024\/03\/20240322_Polliotti-e-Agrigelaterie-300x211.jpg\" alt=\"\" width=\"135\" height=\"95\" srcset=\"https:\/\/www.radiopiu.net\/wordpress\/wp-content\/uploads\/2024\/03\/20240322_Polliotti-e-Agrigelaterie-300x211.jpg 300w, https:\/\/www.radiopiu.net\/wordpress\/wp-content\/uploads\/2024\/03\/20240322_Polliotti-e-Agrigelaterie-1024x721.jpg 1024w, https:\/\/www.radiopiu.net\/wordpress\/wp-content\/uploads\/2024\/03\/20240322_Polliotti-e-Agrigelaterie-768x541.jpg 768w, https:\/\/www.radiopiu.net\/wordpress\/wp-content\/uploads\/2024\/03\/20240322_Polliotti-e-Agrigelaterie-1536x1081.jpg 1536w, https:\/\/www.radiopiu.net\/wordpress\/wp-content\/uploads\/2024\/03\/20240322_Polliotti-e-Agrigelaterie.jpg 2000w\" sizes=\"auto, (max-width: 135px) 100vw, 135px\" \/><\/a>LONGARONE<\/strong> L&#8217;UE celebra il gelato artigianale il 24 marzo. Agrimont, fiera dell&#8217;agricoltura di montagna, ha onorato aziende agricole che valorizzano prodotti locali nella produzione del gelato. Tra i premiati: agriturismo La Dolza, gelateria La Sorbettiera, aziende agricole La Giasena e Sanwido, Malga Pien de Vacia, azienda agricola Muncio e agriturismo Piccola Baita di Falcade. La giornata ha omaggiato Ivano Pocchiesa, e il premio a Luciana Polliotti, giornalista e studiosa del gelato artigianale italiano.<\/p>\n<p>&nbsp;<\/p>\n<p>&nbsp;<\/p>\n<hr \/>\n<p>&nbsp;<\/p>\n<blockquote>\n<h3>UN GELATO DA MEDAGLIA DI BRONZO A RIMINI<\/h3>\n<\/blockquote>\n<p><strong>FELTRE<\/strong> Il gelatiere feltrino Marco Reato, 34enne e titolare della gelateria &#8220;Gimmy&#8221; di Feltre, ha conquistato la medaglia di bronzo al prestigioso premio &#8220;Gelato d&#8217;oro&#8221; durante la 45esima edizione di SIGEP 2024 a Rimini.<\/p>\n<p>&nbsp;<\/p>\n<p>&nbsp;<\/p>\n<hr \/>\n<p>&nbsp;<\/p>\n<blockquote>\n<h3>IL GELATO PER AIUTARE I BOSCHI MALATI DI BOSTRICO<\/h3>\n<\/blockquote>\n<p><strong><a class=\"dt-pswp-item\" href=\"https:\/\/www.radiopiu.net\/wordpress\/wp-content\/uploads\/2024\/03\/01-Fiera-Confartigianato-e-Universita-uniti-dal-gelato-a-rtigianale-per-la-ricerca.jpg\" data-dt-img-description=\"\" data-large_image_width=\"2400\" data-large_image_height=\"1605\"><img loading=\"lazy\" decoding=\"async\" class=\" wp-image-380855 alignleft\" src=\"https:\/\/www.radiopiu.net\/wordpress\/wp-content\/uploads\/2024\/03\/01-Fiera-Confartigianato-e-Universita-uniti-dal-gelato-a-rtigianale-per-la-ricerca-300x201.jpg\" alt=\"\" width=\"163\" height=\"109\" srcset=\"https:\/\/www.radiopiu.net\/wordpress\/wp-content\/uploads\/2024\/03\/01-Fiera-Confartigianato-e-Universita-uniti-dal-gelato-a-rtigianale-per-la-ricerca-300x201.jpg 300w, https:\/\/www.radiopiu.net\/wordpress\/wp-content\/uploads\/2024\/03\/01-Fiera-Confartigianato-e-Universita-uniti-dal-gelato-a-rtigianale-per-la-ricerca-1024x685.jpg 1024w, https:\/\/www.radiopiu.net\/wordpress\/wp-content\/uploads\/2024\/03\/01-Fiera-Confartigianato-e-Universita-uniti-dal-gelato-a-rtigianale-per-la-ricerca-768x514.jpg 768w, https:\/\/www.radiopiu.net\/wordpress\/wp-content\/uploads\/2024\/03\/01-Fiera-Confartigianato-e-Universita-uniti-dal-gelato-a-rtigianale-per-la-ricerca-1536x1027.jpg 1536w, https:\/\/www.radiopiu.net\/wordpress\/wp-content\/uploads\/2024\/03\/01-Fiera-Confartigianato-e-Universita-uniti-dal-gelato-a-rtigianale-per-la-ricerca-2048x1370.jpg 2048w\" sizes=\"auto, (max-width: 163px) 100vw, 163px\" \/><\/a>LONGARONE<\/strong> La Giornata europea del Gelato artigianale ad Agrimont celebra il legame tra gelato, territorio e ricerca scientifica. In risposta alla devastazione causata dalla tempesta Vaia e alla proliferazione del bostrico, l&#8217;Universit\u00e0 di Padova avvia progetti di ricerca. Grazie alla collaborazione con Longarone Fiere Dolomiti e Confartigianato Veneto, il gelato artigianale diventa strumento di sostegno: le vendite contribuiscono a finanziare borse di dottorato. Il gusto dell&#8217;anno, Gaufre de Li\u00e8gi, simboleggia l&#8217;impegno nella ricerca e nell&#8217;agricoltura. Il gelato si rivela non solo un prodotto di eccellenza, ma anche un alleato per affrontare le sfide del territorio, promuovendo il &#8220;saper fare&#8221; artigiano e la solidariet\u00e0 verso l&#8217;ambiente.<\/p>\n<p>&nbsp;<\/p>\n<p>&nbsp;<\/p>\n<hr \/>\n<p>&nbsp;<\/p>\n<blockquote>\n<h3>NEO LAUREATI FESTEGGIATI A PONTE NELLE ALPI<\/h3>\n<\/blockquote>\n<p><strong><a class=\"dt-pswp-item\" href=\"https:\/\/www.radiopiu.net\/wordpress\/wp-content\/uploads\/2024\/03\/Festa_dei_laureati_2.jpg\" data-dt-img-description=\"\" data-large_image_width=\"1024\" data-large_image_height=\"768\"><img loading=\"lazy\" decoding=\"async\" class=\" wp-image-380773 alignleft\" src=\"https:\/\/www.radiopiu.net\/wordpress\/wp-content\/uploads\/2024\/03\/Festa_dei_laureati_2-300x225.jpg\" alt=\"\" width=\"163\" height=\"122\" srcset=\"https:\/\/www.radiopiu.net\/wordpress\/wp-content\/uploads\/2024\/03\/Festa_dei_laureati_2-300x225.jpg 300w, https:\/\/www.radiopiu.net\/wordpress\/wp-content\/uploads\/2024\/03\/Festa_dei_laureati_2-768x576.jpg 768w, https:\/\/www.radiopiu.net\/wordpress\/wp-content\/uploads\/2024\/03\/Festa_dei_laureati_2.jpg 1024w\" sizes=\"auto, (max-width: 163px) 100vw, 163px\" \/><\/a>PONTE NELLE ALPI<\/strong> La comunit\u00e0 di Ponte nelle Alpi ha festeggiato quaranta neo laureati presso il municipio, in un evento istituzionale ormai consolidato dopo dieci anni. Il sindaco Vendramini e altri rappresentanti hanno accolto i laureati e i loro familiari. Gli ospiti speciali includono i presidenti del Gruppo Giovani di Confindustria e di Confartigianato Belluno. Vendramini ha esortato i laureati a considerare il volontariato e l&#8217;impegno nel consiglio comunale, ma ha sottolineato l&#8217;importanza della stabilit\u00e0 lavorativa. Ogni laureato \u00e8 stato premiato con una pergamena, coprendo una vasta gamma di discipline accademiche.<\/p>\n<p>&nbsp;<\/p>\n<p>&nbsp;<\/p>\n<hr \/>\n<p>&nbsp;<\/p>\n<blockquote>\n<h3>GIORNATE DEL FAI DI PRIMAVERA: LA VISITA A PALAZZO CROTTA DE MANZONI<\/h3>\n<\/blockquote>\n<p><strong>DI MARINA DONA&#8217;<\/strong><\/p>\n<p><strong>AGORDO<\/strong> In occasione delle giornate del FAI di primavera, il Palazzo Crotta de Manzoni apre le porte ai visitatori. Una visita guidata ha spiegato la storia del palazzo. Un&#8217;occasione unica per vistare l&#8217;edificio in centro ad Agordo.<\/p>\n\n\t\t\t<style type='text\/css'>\n\t\t\t\t#gallery-6 {\n\t\t\t\t\tmargin: auto;\n\t\t\t\t}\n\t\t\t\t#gallery-6 .gallery-item {\n\t\t\t\t\tfloat: left;\n\t\t\t\t\tmargin-top: 10px;\n\t\t\t\t\ttext-align: center;\n\t\t\t\t\twidth: 33%;\n\t\t\t\t}\n\t\t\t\t#gallery-6 img {\n\t\t\t\t\tborder: 2px solid #cfcfcf;\n\t\t\t\t}\n\t\t\t\t#gallery-6 .gallery-caption {\n\t\t\t\t\tmargin-left: 0;\n\t\t\t\t}\n\t\t\t\t\/* see gallery_shortcode() in wp-includes\/media.php *\/\n\t\t\t<\/style>\n\t\t<div id='gallery-6' class='dt-gallery-container gallery galleryid-380591 gallery-columns-3 gallery-size-medium'><dl class='gallery-item'>\n\t\t\t\t<dt class='gallery-icon landscape'>\n\t\t\t\t\t<a class=\"rollover rollover-zoom dt-pswp-item\" title=\"0d7fa5f6-70f1-48ec-ba9a-228f7d45ac5b\" data-dt-img-description=\"\" data-large_image_width=\"1600\" data-large_image_height=\"1201\"href='https:\/\/www.radiopiu.net\/wordpress\/wp-content\/uploads\/2024\/03\/0d7fa5f6-70f1-48ec-ba9a-228f7d45ac5b.jpg'><img loading=\"lazy\" decoding=\"async\" width=\"300\" height=\"225\" src=\"https:\/\/www.radiopiu.net\/wordpress\/wp-content\/uploads\/2024\/03\/0d7fa5f6-70f1-48ec-ba9a-228f7d45ac5b-300x225.jpg\" class=\"attachment-medium size-medium\" alt=\"\" srcset=\"https:\/\/www.radiopiu.net\/wordpress\/wp-content\/uploads\/2024\/03\/0d7fa5f6-70f1-48ec-ba9a-228f7d45ac5b-300x225.jpg 300w, https:\/\/www.radiopiu.net\/wordpress\/wp-content\/uploads\/2024\/03\/0d7fa5f6-70f1-48ec-ba9a-228f7d45ac5b-1024x769.jpg 1024w, https:\/\/www.radiopiu.net\/wordpress\/wp-content\/uploads\/2024\/03\/0d7fa5f6-70f1-48ec-ba9a-228f7d45ac5b-768x576.jpg 768w, https:\/\/www.radiopiu.net\/wordpress\/wp-content\/uploads\/2024\/03\/0d7fa5f6-70f1-48ec-ba9a-228f7d45ac5b-1536x1153.jpg 1536w, https:\/\/www.radiopiu.net\/wordpress\/wp-content\/uploads\/2024\/03\/0d7fa5f6-70f1-48ec-ba9a-228f7d45ac5b.jpg 1600w\" sizes=\"auto, (max-width: 300px) 100vw, 300px\" \/><\/a>\n\t\t\t\t<\/dt><\/dl><dl class='gallery-item'>\n\t\t\t\t<dt class='gallery-icon landscape'>\n\t\t\t\t\t<a class=\"rollover rollover-zoom dt-pswp-item\" title=\"1e8edf7d-71a5-4e56-9317-5a34dc61519f\" data-dt-img-description=\"\" data-large_image_width=\"1600\" data-large_image_height=\"1201\"href='https:\/\/www.radiopiu.net\/wordpress\/wp-content\/uploads\/2024\/03\/1e8edf7d-71a5-4e56-9317-5a34dc61519f.jpg'><img loading=\"lazy\" decoding=\"async\" width=\"300\" height=\"225\" src=\"https:\/\/www.radiopiu.net\/wordpress\/wp-content\/uploads\/2024\/03\/1e8edf7d-71a5-4e56-9317-5a34dc61519f-300x225.jpg\" class=\"attachment-medium size-medium\" alt=\"\" srcset=\"https:\/\/www.radiopiu.net\/wordpress\/wp-content\/uploads\/2024\/03\/1e8edf7d-71a5-4e56-9317-5a34dc61519f-300x225.jpg 300w, https:\/\/www.radiopiu.net\/wordpress\/wp-content\/uploads\/2024\/03\/1e8edf7d-71a5-4e56-9317-5a34dc61519f-1024x769.jpg 1024w, https:\/\/www.radiopiu.net\/wordpress\/wp-content\/uploads\/2024\/03\/1e8edf7d-71a5-4e56-9317-5a34dc61519f-768x576.jpg 768w, https:\/\/www.radiopiu.net\/wordpress\/wp-content\/uploads\/2024\/03\/1e8edf7d-71a5-4e56-9317-5a34dc61519f-1536x1153.jpg 1536w, https:\/\/www.radiopiu.net\/wordpress\/wp-content\/uploads\/2024\/03\/1e8edf7d-71a5-4e56-9317-5a34dc61519f.jpg 1600w\" sizes=\"auto, (max-width: 300px) 100vw, 300px\" \/><\/a>\n\t\t\t\t<\/dt><\/dl><dl class='gallery-item'>\n\t\t\t\t<dt class='gallery-icon landscape'>\n\t\t\t\t\t<a class=\"rollover rollover-zoom dt-pswp-item\" title=\"2d664843-dc24-4613-a982-696384ae3a18\" data-dt-img-description=\"\" data-large_image_width=\"1600\" data-large_image_height=\"1200\"href='https:\/\/www.radiopiu.net\/wordpress\/wp-content\/uploads\/2024\/03\/2d664843-dc24-4613-a982-696384ae3a18.jpg'><img loading=\"lazy\" decoding=\"async\" width=\"300\" height=\"225\" src=\"https:\/\/www.radiopiu.net\/wordpress\/wp-content\/uploads\/2024\/03\/2d664843-dc24-4613-a982-696384ae3a18-300x225.jpg\" class=\"attachment-medium size-medium\" alt=\"\" srcset=\"https:\/\/www.radiopiu.net\/wordpress\/wp-content\/uploads\/2024\/03\/2d664843-dc24-4613-a982-696384ae3a18-300x225.jpg 300w, https:\/\/www.radiopiu.net\/wordpress\/wp-content\/uploads\/2024\/03\/2d664843-dc24-4613-a982-696384ae3a18-1024x768.jpg 1024w, https:\/\/www.radiopiu.net\/wordpress\/wp-content\/uploads\/2024\/03\/2d664843-dc24-4613-a982-696384ae3a18-768x576.jpg 768w, https:\/\/www.radiopiu.net\/wordpress\/wp-content\/uploads\/2024\/03\/2d664843-dc24-4613-a982-696384ae3a18-1536x1152.jpg 1536w, https:\/\/www.radiopiu.net\/wordpress\/wp-content\/uploads\/2024\/03\/2d664843-dc24-4613-a982-696384ae3a18.jpg 1600w\" sizes=\"auto, (max-width: 300px) 100vw, 300px\" \/><\/a>\n\t\t\t\t<\/dt><\/dl><br style=\"clear: both\" \/><dl class='gallery-item'>\n\t\t\t\t<dt class='gallery-icon landscape'>\n\t\t\t\t\t<a class=\"rollover rollover-zoom dt-pswp-item\" title=\"5c57ec53-2a6f-4d00-adad-23cd9eb0b6a2\" data-dt-img-description=\"\" data-large_image_width=\"1600\" data-large_image_height=\"1200\"href='https:\/\/www.radiopiu.net\/wordpress\/wp-content\/uploads\/2024\/03\/5c57ec53-2a6f-4d00-adad-23cd9eb0b6a2.jpg'><img loading=\"lazy\" decoding=\"async\" width=\"300\" height=\"225\" src=\"https:\/\/www.radiopiu.net\/wordpress\/wp-content\/uploads\/2024\/03\/5c57ec53-2a6f-4d00-adad-23cd9eb0b6a2-300x225.jpg\" class=\"attachment-medium size-medium\" alt=\"\" srcset=\"https:\/\/www.radiopiu.net\/wordpress\/wp-content\/uploads\/2024\/03\/5c57ec53-2a6f-4d00-adad-23cd9eb0b6a2-300x225.jpg 300w, https:\/\/www.radiopiu.net\/wordpress\/wp-content\/uploads\/2024\/03\/5c57ec53-2a6f-4d00-adad-23cd9eb0b6a2-1024x768.jpg 1024w, https:\/\/www.radiopiu.net\/wordpress\/wp-content\/uploads\/2024\/03\/5c57ec53-2a6f-4d00-adad-23cd9eb0b6a2-768x576.jpg 768w, https:\/\/www.radiopiu.net\/wordpress\/wp-content\/uploads\/2024\/03\/5c57ec53-2a6f-4d00-adad-23cd9eb0b6a2-1536x1152.jpg 1536w, https:\/\/www.radiopiu.net\/wordpress\/wp-content\/uploads\/2024\/03\/5c57ec53-2a6f-4d00-adad-23cd9eb0b6a2.jpg 1600w\" sizes=\"auto, (max-width: 300px) 100vw, 300px\" \/><\/a>\n\t\t\t\t<\/dt><\/dl><dl class='gallery-item'>\n\t\t\t\t<dt class='gallery-icon landscape'>\n\t\t\t\t\t<a class=\"rollover rollover-zoom dt-pswp-item\" title=\"8bba6ee6-d087-41e4-a6d5-163e4eae5504\" data-dt-img-description=\"\" data-large_image_width=\"1600\" data-large_image_height=\"1201\"href='https:\/\/www.radiopiu.net\/wordpress\/wp-content\/uploads\/2024\/03\/8bba6ee6-d087-41e4-a6d5-163e4eae5504.jpg'><img loading=\"lazy\" decoding=\"async\" width=\"300\" height=\"225\" src=\"https:\/\/www.radiopiu.net\/wordpress\/wp-content\/uploads\/2024\/03\/8bba6ee6-d087-41e4-a6d5-163e4eae5504-300x225.jpg\" class=\"attachment-medium size-medium\" alt=\"\" srcset=\"https:\/\/www.radiopiu.net\/wordpress\/wp-content\/uploads\/2024\/03\/8bba6ee6-d087-41e4-a6d5-163e4eae5504-300x225.jpg 300w, https:\/\/www.radiopiu.net\/wordpress\/wp-content\/uploads\/2024\/03\/8bba6ee6-d087-41e4-a6d5-163e4eae5504-1024x769.jpg 1024w, https:\/\/www.radiopiu.net\/wordpress\/wp-content\/uploads\/2024\/03\/8bba6ee6-d087-41e4-a6d5-163e4eae5504-768x576.jpg 768w, https:\/\/www.radiopiu.net\/wordpress\/wp-content\/uploads\/2024\/03\/8bba6ee6-d087-41e4-a6d5-163e4eae5504-1536x1153.jpg 1536w, https:\/\/www.radiopiu.net\/wordpress\/wp-content\/uploads\/2024\/03\/8bba6ee6-d087-41e4-a6d5-163e4eae5504.jpg 1600w\" sizes=\"auto, (max-width: 300px) 100vw, 300px\" \/><\/a>\n\t\t\t\t<\/dt><\/dl><dl class='gallery-item'>\n\t\t\t\t<dt class='gallery-icon landscape'>\n\t\t\t\t\t<a class=\"rollover rollover-zoom dt-pswp-item\" title=\"33ca1b7f-e97b-45ac-bd05-edd84c9a5700\" data-dt-img-description=\"\" data-large_image_width=\"1600\" data-large_image_height=\"1201\"href='https:\/\/www.radiopiu.net\/wordpress\/wp-content\/uploads\/2024\/03\/33ca1b7f-e97b-45ac-bd05-edd84c9a5700.jpg'><img loading=\"lazy\" decoding=\"async\" width=\"300\" height=\"225\" src=\"https:\/\/www.radiopiu.net\/wordpress\/wp-content\/uploads\/2024\/03\/33ca1b7f-e97b-45ac-bd05-edd84c9a5700-300x225.jpg\" class=\"attachment-medium size-medium\" alt=\"\" srcset=\"https:\/\/www.radiopiu.net\/wordpress\/wp-content\/uploads\/2024\/03\/33ca1b7f-e97b-45ac-bd05-edd84c9a5700-300x225.jpg 300w, https:\/\/www.radiopiu.net\/wordpress\/wp-content\/uploads\/2024\/03\/33ca1b7f-e97b-45ac-bd05-edd84c9a5700-1024x769.jpg 1024w, https:\/\/www.radiopiu.net\/wordpress\/wp-content\/uploads\/2024\/03\/33ca1b7f-e97b-45ac-bd05-edd84c9a5700-768x576.jpg 768w, https:\/\/www.radiopiu.net\/wordpress\/wp-content\/uploads\/2024\/03\/33ca1b7f-e97b-45ac-bd05-edd84c9a5700-1536x1153.jpg 1536w, https:\/\/www.radiopiu.net\/wordpress\/wp-content\/uploads\/2024\/03\/33ca1b7f-e97b-45ac-bd05-edd84c9a5700.jpg 1600w\" sizes=\"auto, (max-width: 300px) 100vw, 300px\" \/><\/a>\n\t\t\t\t<\/dt><\/dl><br style=\"clear: both\" \/><dl class='gallery-item'>\n\t\t\t\t<dt class='gallery-icon landscape'>\n\t\t\t\t\t<a class=\"rollover rollover-zoom dt-pswp-item\" title=\"585fad45-42b9-4132-b7e1-39f21bcd6188\" data-dt-img-description=\"\" data-large_image_width=\"1600\" data-large_image_height=\"1201\"href='https:\/\/www.radiopiu.net\/wordpress\/wp-content\/uploads\/2024\/03\/585fad45-42b9-4132-b7e1-39f21bcd6188.jpg'><img loading=\"lazy\" decoding=\"async\" width=\"300\" height=\"225\" src=\"https:\/\/www.radiopiu.net\/wordpress\/wp-content\/uploads\/2024\/03\/585fad45-42b9-4132-b7e1-39f21bcd6188-300x225.jpg\" class=\"attachment-medium size-medium\" alt=\"\" srcset=\"https:\/\/www.radiopiu.net\/wordpress\/wp-content\/uploads\/2024\/03\/585fad45-42b9-4132-b7e1-39f21bcd6188-300x225.jpg 300w, https:\/\/www.radiopiu.net\/wordpress\/wp-content\/uploads\/2024\/03\/585fad45-42b9-4132-b7e1-39f21bcd6188-1024x769.jpg 1024w, https:\/\/www.radiopiu.net\/wordpress\/wp-content\/uploads\/2024\/03\/585fad45-42b9-4132-b7e1-39f21bcd6188-768x576.jpg 768w, https:\/\/www.radiopiu.net\/wordpress\/wp-content\/uploads\/2024\/03\/585fad45-42b9-4132-b7e1-39f21bcd6188-1536x1153.jpg 1536w, https:\/\/www.radiopiu.net\/wordpress\/wp-content\/uploads\/2024\/03\/585fad45-42b9-4132-b7e1-39f21bcd6188.jpg 1600w\" sizes=\"auto, (max-width: 300px) 100vw, 300px\" \/><\/a>\n\t\t\t\t<\/dt><\/dl><dl class='gallery-item'>\n\t\t\t\t<dt class='gallery-icon landscape'>\n\t\t\t\t\t<a class=\"rollover rollover-zoom dt-pswp-item\" title=\"cbe828ff-1bf6-42e7-aecb-bba62858d893\" data-dt-img-description=\"\" data-large_image_width=\"1600\" data-large_image_height=\"1201\"href='https:\/\/www.radiopiu.net\/wordpress\/wp-content\/uploads\/2024\/03\/cbe828ff-1bf6-42e7-aecb-bba62858d893.jpg'><img loading=\"lazy\" decoding=\"async\" width=\"300\" height=\"225\" src=\"https:\/\/www.radiopiu.net\/wordpress\/wp-content\/uploads\/2024\/03\/cbe828ff-1bf6-42e7-aecb-bba62858d893-300x225.jpg\" class=\"attachment-medium size-medium\" alt=\"\" srcset=\"https:\/\/www.radiopiu.net\/wordpress\/wp-content\/uploads\/2024\/03\/cbe828ff-1bf6-42e7-aecb-bba62858d893-300x225.jpg 300w, https:\/\/www.radiopiu.net\/wordpress\/wp-content\/uploads\/2024\/03\/cbe828ff-1bf6-42e7-aecb-bba62858d893-1024x769.jpg 1024w, https:\/\/www.radiopiu.net\/wordpress\/wp-content\/uploads\/2024\/03\/cbe828ff-1bf6-42e7-aecb-bba62858d893-768x576.jpg 768w, https:\/\/www.radiopiu.net\/wordpress\/wp-content\/uploads\/2024\/03\/cbe828ff-1bf6-42e7-aecb-bba62858d893-1536x1153.jpg 1536w, https:\/\/www.radiopiu.net\/wordpress\/wp-content\/uploads\/2024\/03\/cbe828ff-1bf6-42e7-aecb-bba62858d893.jpg 1600w\" sizes=\"auto, (max-width: 300px) 100vw, 300px\" \/><\/a>\n\t\t\t\t<\/dt><\/dl><dl class='gallery-item'>\n\t\t\t\t<dt class='gallery-icon landscape'>\n\t\t\t\t\t<a class=\"rollover rollover-zoom dt-pswp-item\" title=\"f25b40a9-cdce-40cd-9d40-bc8998ebecc4\" data-dt-img-description=\"\" data-large_image_width=\"1600\" data-large_image_height=\"1201\"href='https:\/\/www.radiopiu.net\/wordpress\/wp-content\/uploads\/2024\/03\/f25b40a9-cdce-40cd-9d40-bc8998ebecc4.jpg'><img loading=\"lazy\" decoding=\"async\" width=\"300\" height=\"225\" src=\"https:\/\/www.radiopiu.net\/wordpress\/wp-content\/uploads\/2024\/03\/f25b40a9-cdce-40cd-9d40-bc8998ebecc4-300x225.jpg\" class=\"attachment-medium size-medium\" alt=\"\" srcset=\"https:\/\/www.radiopiu.net\/wordpress\/wp-content\/uploads\/2024\/03\/f25b40a9-cdce-40cd-9d40-bc8998ebecc4-300x225.jpg 300w, https:\/\/www.radiopiu.net\/wordpress\/wp-content\/uploads\/2024\/03\/f25b40a9-cdce-40cd-9d40-bc8998ebecc4-1024x769.jpg 1024w, https:\/\/www.radiopiu.net\/wordpress\/wp-content\/uploads\/2024\/03\/f25b40a9-cdce-40cd-9d40-bc8998ebecc4-768x576.jpg 768w, https:\/\/www.radiopiu.net\/wordpress\/wp-content\/uploads\/2024\/03\/f25b40a9-cdce-40cd-9d40-bc8998ebecc4-1536x1153.jpg 1536w, https:\/\/www.radiopiu.net\/wordpress\/wp-content\/uploads\/2024\/03\/f25b40a9-cdce-40cd-9d40-bc8998ebecc4.jpg 1600w\" sizes=\"auto, (max-width: 300px) 100vw, 300px\" \/><\/a>\n\t\t\t\t<\/dt><\/dl><br style=\"clear: both\" \/>\n\t\t\t<\/div>\n\n<p>&nbsp;<\/p>\n<p><span style=\"color: #ff0000;\"><strong>LE INTERVISTE<\/strong><\/span><\/p>\n<p><strong>VALENTINA PELLEGRINON E ANTONELLA COSTA<\/strong><\/p>\n<audio class=\"wp-audio-shortcode\" id=\"audio-380591-9\" preload=\"none\" style=\"width: 100%;\" controls=\"controls\"><source type=\"audio\/mpeg\" src=\"https:\/\/www.radiopiu.net\/wordpress\/wp-content\/uploads\/2024\/03\/INTERV.-FAI-DI-BELLUNO-E-DOCENTE-RESP.-ALTERNANZA-SCUOLA-LAVORO-CLASSE-3L-FOLLADOR.mp3?_=9\" \/><a href=\"https:\/\/www.radiopiu.net\/wordpress\/wp-content\/uploads\/2024\/03\/INTERV.-FAI-DI-BELLUNO-E-DOCENTE-RESP.-ALTERNANZA-SCUOLA-LAVORO-CLASSE-3L-FOLLADOR.mp3\">https:\/\/www.radiopiu.net\/wordpress\/wp-content\/uploads\/2024\/03\/INTERV.-FAI-DI-BELLUNO-E-DOCENTE-RESP.-ALTERNANZA-SCUOLA-LAVORO-CLASSE-3L-FOLLADOR.mp3<\/a><\/audio>\n<p>&nbsp;<\/p>\n<p><strong>GLI STUDENTI ACCOMPAGNATORI<\/strong><\/p>\n<audio class=\"wp-audio-shortcode\" id=\"audio-380591-10\" preload=\"none\" style=\"width: 100%;\" controls=\"controls\"><source type=\"audio\/mpeg\" src=\"https:\/\/www.radiopiu.net\/wordpress\/wp-content\/uploads\/2024\/03\/INTERVISTA-A-2-STUDENTI-DEL-FOLLADOR-ASPIRANTI-CICERONI.mp3?_=10\" \/><a href=\"https:\/\/www.radiopiu.net\/wordpress\/wp-content\/uploads\/2024\/03\/INTERVISTA-A-2-STUDENTI-DEL-FOLLADOR-ASPIRANTI-CICERONI.mp3\">https:\/\/www.radiopiu.net\/wordpress\/wp-content\/uploads\/2024\/03\/INTERVISTA-A-2-STUDENTI-DEL-FOLLADOR-ASPIRANTI-CICERONI.mp3<\/a><\/audio>\n<p>&nbsp;<\/p>\n<p><strong>I VISITATORI<\/strong><\/p>\n<audio class=\"wp-audio-shortcode\" id=\"audio-380591-11\" preload=\"none\" style=\"width: 100%;\" controls=\"controls\"><source type=\"audio\/mpeg\" src=\"https:\/\/www.radiopiu.net\/wordpress\/wp-content\/uploads\/2024\/03\/ALCUNE-INTERVISTE-A-VISITATORI.mp3?_=11\" \/><a href=\"https:\/\/www.radiopiu.net\/wordpress\/wp-content\/uploads\/2024\/03\/ALCUNE-INTERVISTE-A-VISITATORI.mp3\">https:\/\/www.radiopiu.net\/wordpress\/wp-content\/uploads\/2024\/03\/ALCUNE-INTERVISTE-A-VISITATORI.mp3<\/a><\/audio>\n<p>&nbsp;<\/p>\n<hr \/>\n<p>&nbsp;<\/p>\n<blockquote>\n<h3>API AMBIENTE E FELICITA&#8217;: L&#8217;INCONTRO<\/h3>\n<\/blockquote>\n<p><strong><a class=\"dt-pswp-item\" href=\"https:\/\/www.radiopiu.net\/wordpress\/wp-content\/uploads\/2024\/03\/Da-destra-Presidente-Lions-Club-Busatta-Romano-e-Savoini-.jpg\" data-dt-img-description=\"\" data-large_image_width=\"720\" data-large_image_height=\"540\"><img loading=\"lazy\" decoding=\"async\" class=\" wp-image-380777 alignleft\" src=\"https:\/\/www.radiopiu.net\/wordpress\/wp-content\/uploads\/2024\/03\/Da-destra-Presidente-Lions-Club-Busatta-Romano-e-Savoini--300x225.jpg\" alt=\"\" width=\"167\" height=\"125\" srcset=\"https:\/\/www.radiopiu.net\/wordpress\/wp-content\/uploads\/2024\/03\/Da-destra-Presidente-Lions-Club-Busatta-Romano-e-Savoini--300x225.jpg 300w, https:\/\/www.radiopiu.net\/wordpress\/wp-content\/uploads\/2024\/03\/Da-destra-Presidente-Lions-Club-Busatta-Romano-e-Savoini-.jpg 720w\" sizes=\"auto, (max-width: 167px) 100vw, 167px\" \/><\/a>BELLUNO<\/strong> Il Lions Club Belluno, insieme a Slow Food, ha organizzato la conferenza &#8220;Api, ambiente e felicit\u00e0&#8221;, evidenziando l&#8217;importanza delle api per la biodiversit\u00e0. La presidente Mariateresa Busatta ha sottolineato il ruolo cruciale delle api nell&#8217;impollinazione delle colture e come indicatori ambientali. Il tema \u00e8 stato approfondito dagli esperti Lorenzo Savoini e Michele Romano, evidenziando il legame tra le api e la storia umana, nonch\u00e9 il funzionamento dell&#8217;alveare e i benefici che le api apportano all&#8217;ecosistema. \u00c8 stato fatto un appello per tutelare le api attraverso azioni quotidiane come piantare fiori e evitare l&#8217;uso di prodotti chimici.<\/p>\n<p>&nbsp;<\/p>\n<p>&nbsp;<\/p>\n<hr \/>\n<p>&nbsp;<\/p>\n<h2><span style=\"color: #ff0000;\">CONSIGLI COMUNALI<\/span><\/h2>\n<p><strong>COLLE SANTA LUCIA<\/strong> Il sindaco Paolo Frena ha convocato il consiglio comunale per mercoled\u00ec alle 20:30. Tra i temi da affrontare la ristrutturazione globale e la messa in sicurezza e adeguamento sismico del municipio, la disciplina regionale per il contenimento del consumo del suolo e una variazione a bilancio<\/p>\n<p>&nbsp;<\/p>\n<p>&nbsp;<\/p>\n<hr \/>\n<p>&nbsp;<\/p>\n<blockquote>\n<h3>VALPE: A SEDICO ALCUNI SERVIZI SOSPESI PER IL SANTO PATRONO<\/h3>\n<\/blockquote>\n<p><strong><a class=\"dt-pswp-item\" href=\"https:\/\/www.radiopiu.net\/wordpress\/wp-content\/uploads\/2021\/10\/VALPE.png\" data-dt-img-description=\"\" data-large_image_width=\"800\" data-large_image_height=\"400\"><img loading=\"lazy\" decoding=\"async\" class=\" wp-image-236977 alignleft\" src=\"https:\/\/www.radiopiu.net\/wordpress\/wp-content\/uploads\/2021\/10\/VALPE-300x150.png\" alt=\"\" width=\"158\" height=\"79\" srcset=\"https:\/\/www.radiopiu.net\/wordpress\/wp-content\/uploads\/2021\/10\/VALPE-300x150.png 300w, https:\/\/www.radiopiu.net\/wordpress\/wp-content\/uploads\/2021\/10\/VALPE-768x384.png 768w, https:\/\/www.radiopiu.net\/wordpress\/wp-content\/uploads\/2021\/10\/VALPE.png 800w\" sizes=\"auto, (max-width: 158px) 100vw, 158px\" \/><\/a>SEDICO<\/strong> Luned\u00ec\u00a025 marzo, in occasione della festivit\u00e0 del Santo Patrono del Comune di Sedico, dove ha sede legale Valpe Ambiente, alcuni servizi sono sospesi.\u00a0 Gli Ecosportelli sono chiusi e\u00a0tutte le raccolte previste sono sospese; alcune sono anticipate a sabato 23 marzo. Consulta l&#8217;Ecocalendario per conoscere le raccolte in programma<\/p>\n<p>&nbsp;<\/p>\n<p>&nbsp;<\/p>\n<hr \/>\n<p>&nbsp;<\/p>\n<p><strong class=\"photoswipe-wrapper\"><a class=\"dt-pswp-item pspw-wrap-ready\" href=\"https:\/\/www.radiopiu.net\/wordpress\/wp-content\/uploads\/2024\/01\/Senza-nome-34.png\" data-dt-img-description=\"\" data-large_image_width=\"239\" data-large_image_height=\"153\"><img loading=\"lazy\" decoding=\"async\" class=\"wp-image-369478 alignleft\" src=\"https:\/\/www.radiopiu.net\/wordpress\/wp-content\/uploads\/2024\/01\/Senza-nome-34.png\" alt=\"\" width=\"128\" height=\"82\" \/><\/a><\/strong><\/p>\n<h1 class=\"_title post-title entry-title\"><\/h1>\n<p><strong>dal TG BELLUNESE di\u00a0 ANTENNA 3 ogni sera alle 19.30 sul canale 10 del digitale terrestre e alle 19 le anticipazioni alla radio.\u00a0\u00a0<\/strong><\/p>\n<p>&nbsp;<\/p>\n<p>&nbsp;<\/p>\n<hr \/>\n<p>&nbsp;<\/p>\n<blockquote>\n<h3 class=\"entry-title\">VENETO: NEL 2022 HANNO ABBANDONATO LA SCUOLA IN 32 MILA. I \u201cCERVELLI IN FUGA\u201d, INVECE, SONO \u201cSOLO\u201d 5 MILA<\/h3>\n<\/blockquote>\n<p class=\"photoswipe-wrapper\"><a class=\"dt-pswp-item pspw-wrap-ready\" href=\"https:\/\/www.radiopiu.net\/wordpress\/wp-content\/uploads\/2024\/03\/Schermata-2024-03-23-alle-09.28.34.png\" data-dt-img-description=\"\" data-large_image_width=\"1266\" data-large_image_height=\"1574\"><img loading=\"lazy\" decoding=\"async\" class=\"size-medium wp-image-380671 alignleft\" src=\"https:\/\/www.radiopiu.net\/wordpress\/wp-content\/uploads\/2024\/03\/Schermata-2024-03-23-alle-09.28.34-241x300.png\" sizes=\"auto, (max-width: 241px) 100vw, 241px\" srcset=\"https:\/\/www.radiopiu.net\/wordpress\/wp-content\/uploads\/2024\/03\/Schermata-2024-03-23-alle-09.28.34-241x300.png 241w, https:\/\/www.radiopiu.net\/wordpress\/wp-content\/uploads\/2024\/03\/Schermata-2024-03-23-alle-09.28.34-824x1024.png 824w, https:\/\/www.radiopiu.net\/wordpress\/wp-content\/uploads\/2024\/03\/Schermata-2024-03-23-alle-09.28.34-768x955.png 768w, https:\/\/www.radiopiu.net\/wordpress\/wp-content\/uploads\/2024\/03\/Schermata-2024-03-23-alle-09.28.34-1235x1536.png 1235w, https:\/\/www.radiopiu.net\/wordpress\/wp-content\/uploads\/2024\/03\/Schermata-2024-03-23-alle-09.28.34.png 1266w\" alt=\"\" width=\"241\" height=\"300\" \/><\/a>Nel 2022 i giovani che in Veneto hanno abbandonato la scuola prematuramente sono stati 32.000, pari al 9,5 per cento della popolazione presente nella fascia di et\u00e0 compresa tra i 18-24 anni (vedi Tab. 1). Sempre nello stesso anno, invece, i cosiddetti \u201ccervelli in fuga\u201d che se ne sono andati dalla nostra regione per trasferirsi all\u2019estero sono stati 5.000. In buona sostanza i primi sono un numero 6 volte superiore a quello dei secondi (vedi Tab. 2).<\/p>\n<p>Rispetto al 2019, anno pre Covid, la percentuale dei ragazzi veneti che hanno lasciato prematuramente i banchi di scuola \u00e8 aumentata dell\u20191,2 per cento. Un risultato in controtendenza rispetto a quasi tutte le altre regioni d\u2019Italia. Diversamente, i \u201ccervelli in fuga\u201d sono in calo: rispetto al 2019 sono diminuiti di oltre 800 unit\u00e0 (vedi Tab. 3).<\/p>\n<p>La \u201cfuga\u201d dai banchi di scuola e quella dei \u201ccervelli\u201d sono due problematiche estremamente delicate che, tuttavia, continuano ad avere, da parte dell\u2019opinione pubblica, livelli di attenzione molto diversi.<br \/>\nSe la dispersione scolastica non \u00e8 ancora avvertita come una piaga educativa con un costo sociale spaventoso, la \u201cfuga\u201d all\u2019estero di tanti giovani, invece, lo \u00e8, sebbene il numero della prima criticit\u00e0 sia molto superiore a quello della seconda, anche in Veneto. A dirlo \u00e8 l\u2019Ufficio studi della CGIA.<\/p>\n<p>Per tante Pmi sar\u00e0 difficile trovare personale preparato<br \/>\nSe a queste specificit\u00e0 che caratterizzano il nostro mondo giovanile aggiungiamo anche la crisi demografica in corso e la \u201crivoluzione digitale\u201d ormai alle porte, tutto ci\u00f2 avr\u00e0 delle ricadute pesantissime anche per le nostre imprese. Con sempre meno giovani e per una parte importante di essi con un livello di istruzione insufficiente, per tantissime Pmi trovare del personale preparato da inserire nei processi produttivi sar\u00e0 una mission impossibile.<\/p>\n<p><strong class=\"photoswipe-wrapper\"><a class=\"dt-pswp-item pspw-wrap-ready\" href=\"https:\/\/www.radiopiu.net\/wordpress\/wp-content\/uploads\/2024\/03\/Schermata-2024-03-23-alle-09.28.53.png\" data-dt-img-description=\"\" data-large_image_width=\"976\" data-large_image_height=\"1284\"><img loading=\"lazy\" decoding=\"async\" class=\"size-medium wp-image-380670 alignright\" src=\"https:\/\/www.radiopiu.net\/wordpress\/wp-content\/uploads\/2024\/03\/Schermata-2024-03-23-alle-09.28.53-228x300.png\" sizes=\"auto, (max-width: 228px) 100vw, 228px\" srcset=\"https:\/\/www.radiopiu.net\/wordpress\/wp-content\/uploads\/2024\/03\/Schermata-2024-03-23-alle-09.28.53-228x300.png 228w, https:\/\/www.radiopiu.net\/wordpress\/wp-content\/uploads\/2024\/03\/Schermata-2024-03-23-alle-09.28.53-778x1024.png 778w, https:\/\/www.radiopiu.net\/wordpress\/wp-content\/uploads\/2024\/03\/Schermata-2024-03-23-alle-09.28.53-768x1010.png 768w, https:\/\/www.radiopiu.net\/wordpress\/wp-content\/uploads\/2024\/03\/Schermata-2024-03-23-alle-09.28.53.png 976w\" alt=\"\" width=\"228\" height=\"300\" \/><\/a>Abbiamo pochi diplomati e laureati<\/strong><br \/>\nL\u2019Italia e in generale anche il Veneto rispetto ai principali Paesi dell\u2019Unione Europea nel campo dell\u2019istruzione\/formazione scolastica presentano due grossi problemi:<br \/>\nun basso numero di diplomati e di laureati, soprattutto in materie scientifiche. Se in tempi ragionevolmente brevi non riusciremo a recuperare il gap con i nostri competitor, corriamo il pericolo di un impoverimento generale del sistema Paese;<br \/>\nuna elevata povert\u00e0 educativa che, secondo gli esperti, va di pari passo con la povert\u00e0 economica. Le cause che determinano la \u201cfuga\u201d dai banchi di scuola sono principalmente culturali, sociali ed economiche: i ragazzi che provengono da ambienti socialmente svantaggiati e da famiglie con un basso livello di istruzione hanno maggiori probabilit\u00e0 di abbandonare la scuola prima di aver completato il percorso di studi che li porta a conseguire almeno il diploma di maturit\u00e0.<\/p>\n<p><strong>P<a class=\"dt-pswp-item pspw-wrap-ready\" href=\"https:\/\/www.radiopiu.net\/wordpress\/wp-content\/uploads\/2024\/03\/Schermata-2024-03-23-alle-09.29.12.png\" data-dt-img-description=\"\" data-large_image_width=\"930\" data-large_image_height=\"1206\"><img loading=\"lazy\" decoding=\"async\" class=\"size-medium wp-image-380669 alignleft\" src=\"https:\/\/www.radiopiu.net\/wordpress\/wp-content\/uploads\/2024\/03\/Schermata-2024-03-23-alle-09.29.12-231x300.png\" sizes=\"auto, (max-width: 231px) 100vw, 231px\" srcset=\"https:\/\/www.radiopiu.net\/wordpress\/wp-content\/uploads\/2024\/03\/Schermata-2024-03-23-alle-09.29.12-231x300.png 231w, https:\/\/www.radiopiu.net\/wordpress\/wp-content\/uploads\/2024\/03\/Schermata-2024-03-23-alle-09.29.12-790x1024.png 790w, https:\/\/www.radiopiu.net\/wordpress\/wp-content\/uploads\/2024\/03\/Schermata-2024-03-23-alle-09.29.12-768x996.png 768w, https:\/\/www.radiopiu.net\/wordpress\/wp-content\/uploads\/2024\/03\/Schermata-2024-03-23-alle-09.29.12.png 930w\" alt=\"\" width=\"231\" height=\"300\" \/><\/a>i\u00f9 risorse a sostegno degli istituti professionali<\/strong><br \/>\nVa altres\u00ec segnalato che, talvolta, l\u2019abbandono scolastico pu\u00f2 essere causato da una insoddisfazione per l\u2019offerta formativa disponibile. In questo senso va sottolineato lo straordinario lavoro inclusivo svolto dagli istituti di Istruzione e Formazione Professionale (IeFP). Queste realt\u00e0 sono diventate un punto di riferimento per gli allievi di nazionalit\u00e0 straniera, per quelli con disabilit\u00e0 e per gli studenti reduci da insuccessi scolastici precedenti. Scuole che spesso operano in aree caratterizzate da un forte degrado urbano e sociale che, grazie allo straordinario lavoro \u201cantidispersivo\u201d svolto, andrebbero sostenute con maggiori risorse di quante ne sono state messe a disposizione fino a ora.<\/p>\n<p><strong class=\"photoswipe-wrapper\">La situazione pi\u00f9 critica interessa il Sud<\/strong><br \/>\nA livello territoriale sono le regioni del Sud che presentano i livelli di abbandono scolastico pi\u00f9 elevati. Pertanto, dal confronto tra la dispersione scolastica e la \u201cfuga di cervelli\u201d \u00e8 la Campania a presentare il gap pi\u00f9 elevato (la prima \u00e8 numericamente 16 pi\u00f9 grande della seconda). Seguono la Puglia e la Sicilia con 14, e la Toscana e la Sardegna con 8 (vedi Tab. 1).<\/p>\n<p>&nbsp;<\/p>\n<p>&nbsp;<\/p>\n<hr \/>\n<p>&nbsp;<\/p>\n<blockquote>\n<h3>UN BANDO PER ALLIEVI MARESCIALLI DELLA GUARDIA DI FINANZA<\/h3>\n<\/blockquote>\n<p><strong><a class=\"dt-pswp-item\" href=\"https:\/\/www.radiopiu.net\/wordpress\/wp-content\/uploads\/2021\/07\/9dab3da2-5b99-4e4c-9808-d95d42ff43b5.jpg\" data-dt-img-description=\"\" data-large_image_width=\"1067\" data-large_image_height=\"1067\"><img loading=\"lazy\" decoding=\"async\" class=\" wp-image-222502 alignleft\" src=\"https:\/\/www.radiopiu.net\/wordpress\/wp-content\/uploads\/2021\/07\/9dab3da2-5b99-4e4c-9808-d95d42ff43b5-300x300.jpg\" alt=\"\" width=\"103\" height=\"103\" srcset=\"https:\/\/www.radiopiu.net\/wordpress\/wp-content\/uploads\/2021\/07\/9dab3da2-5b99-4e4c-9808-d95d42ff43b5-300x300.jpg 300w, https:\/\/www.radiopiu.net\/wordpress\/wp-content\/uploads\/2021\/07\/9dab3da2-5b99-4e4c-9808-d95d42ff43b5-1024x1024.jpg 1024w, https:\/\/www.radiopiu.net\/wordpress\/wp-content\/uploads\/2021\/07\/9dab3da2-5b99-4e4c-9808-d95d42ff43b5-150x150.jpg 150w, https:\/\/www.radiopiu.net\/wordpress\/wp-content\/uploads\/2021\/07\/9dab3da2-5b99-4e4c-9808-d95d42ff43b5-768x768.jpg 768w, https:\/\/www.radiopiu.net\/wordpress\/wp-content\/uploads\/2021\/07\/9dab3da2-5b99-4e4c-9808-d95d42ff43b5.jpg 1067w\" sizes=\"auto, (max-width: 103px) 100vw, 103px\" \/><\/a>BELLUNO<\/strong> La Guardia di Finanza ha indetto un concorso per l&#8217;ammissione di 1.330 allievi marescialli al 96\u00b0 corso presso la Scuola Ispettori e Sovrintendenti per l&#8217;anno accademico 2024\/2025. I posti sono suddivisi tra contingente ordinario e di mare, con riserve specifiche. Possono partecipare cittadini italiani tra i 17 e i 26 anni. La domanda va presentata entro le ore 12:00 del 6 aprile 2024 tramite il portale <a href=\"https:\/\/concorsi.gdf.gov.it\/\" target=\"_new\" rel=\"noopener\">https:\/\/concorsi.gdf.gov.it<\/a>, con autenticazione SPID o CIE. Ulteriori dettagli sono disponibili sul portale o tramite l&#8217;APP Mobile &#8220;GdF Concorsi&#8221;.<\/p>\n<p>&nbsp;<\/p>\n<p>&nbsp;<\/p>\n<hr \/>\n<p>&nbsp;<\/p>\n<div class=\"flex-1 overflow-hidden\">\n<div class=\"react-scroll-to-bottom--css-petsd-79elbk h-full\">\n<div class=\"react-scroll-to-bottom--css-petsd-1n7m0yu\">\n<div class=\"flex flex-col text-sm pb-9\">\n<div class=\"w-full text-token-text-primary\" data-testid=\"conversation-turn-56\">\n<div class=\"px-4 py-2 justify-center text-base md:gap-6 m-auto\">\n<div class=\"flex flex-1 text-base mx-auto gap-3 md:px-5 lg:px-1 xl:px-5 md:max-w-3xl lg:max-w-[40rem] xl:max-w-[48rem] group final-completion\">\n<div class=\"relative flex w-full flex-col agent-turn\">\n<div class=\"flex-col gap-1 md:gap-3\">\n<blockquote>\n<h1><span style=\"color: #ff0000;\"><strong>BANDI E CONCORSI<\/strong><\/span><\/h1>\n<\/blockquote>\n<div><\/div>\n<div>\n<p><strong><a class=\"dt-pswp-item\" href=\"https:\/\/www.radiopiu.net\/wordpress\/wp-content\/uploads\/2022\/03\/ASCA.jpg\" data-dt-img-description=\"\" data-large_image_width=\"292\" data-large_image_height=\"290\"><img loading=\"lazy\" decoding=\"async\" class=\"wp-image-263829 alignleft\" src=\"https:\/\/www.radiopiu.net\/wordpress\/wp-content\/uploads\/2022\/03\/ASCA.jpg\" alt=\"\" width=\"100\" height=\"99\" srcset=\"https:\/\/www.radiopiu.net\/wordpress\/wp-content\/uploads\/2022\/03\/ASCA.jpg 292w, https:\/\/www.radiopiu.net\/wordpress\/wp-content\/uploads\/2022\/03\/ASCA-150x150.jpg 150w\" sizes=\"auto, (max-width: 100px) 100vw, 100px\" \/><\/a>L\u2019AZIENDA SPECIALE CONSORTILE AGORDINA, ASCA, HA EMESSO UN BANDO PER LA SELEZIONE DI UNO PSICOLOGO.LIVELLO CONTRATTUALE:2\u00b0 \u2013 CONTRATTO UNEBA Accesso Welfare Aziendale Possibilit\u00e0 di sistemazione abitativa gratuita per 8 mesi LE DOMANDE VANNO PRESENTATE ENTRO LE 12 DI LUNEDI 1 APRILE: INFO WW.servizisocialiasca.it\u00a0 \u00a0<\/strong><\/p>\n<p>&nbsp;<\/p>\n<hr \/>\n<\/div>\n<\/div>\n<\/div>\n<\/div>\n<\/div>\n<\/div>\n<\/div>\n<\/div>\n<\/div>\n<\/div>\n<div class=\"w-full pt-2 md:pt-0 dark:border-white\/20 md:border-transparent md:dark:border-transparent md:w-[calc(100%-.5rem)]\">\n<form class=\"stretch mx-2 flex flex-row gap-3 last:mb-2 md:mx-4 md:last:mb-6 lg:mx-auto lg:max-w-2xl xl:max-w-3xl\">\n<div class=\"relative flex h-full flex-1 flex-col\">\n<div class=\"flex w-full items-center\">\n<p><strong><a class=\"dt-pswp-item\" href=\"https:\/\/www.radiopiu.net\/wordpress\/wp-content\/uploads\/2018\/03\/VILLA-GIUSEPPE.jpg\" data-dt-img-description=\"\" data-large_image_width=\"250\" data-large_image_height=\"332\"><img loading=\"lazy\" decoding=\"async\" class=\"wp-image-45507 alignleft\" src=\"https:\/\/www.radiopiu.net\/wordpress\/wp-content\/uploads\/2018\/03\/VILLA-GIUSEPPE-226x300.jpg\" alt=\"\" width=\"79\" height=\"105\" srcset=\"https:\/\/www.radiopiu.net\/wordpress\/wp-content\/uploads\/2018\/03\/VILLA-GIUSEPPE-226x300.jpg 226w, https:\/\/www.radiopiu.net\/wordpress\/wp-content\/uploads\/2018\/03\/VILLA-GIUSEPPE.jpg 250w\" sizes=\"auto, (max-width: 79px) 100vw, 79px\" \/><\/a>08 03<\/strong>\u00a0<strong>La Fodom Servizi ha pubblicato un avviso di selezione per la formulazione di una graduatoria di idoneit\u00e0 per l\u2019inserimento a tempo indeterminato\/determinato, a tempo pieno o parziale, presso il Centro Servizi per Anziani Villa San Giuseppe, per la figura di: OPERATORE POLIVALENTE \u2013 ADDETTO ALLE PULIZIE E LAVANDERIA. \u00a0Con scadenza presentazione domande il 22.03.2024 ore 12.00.\u00a0<\/strong><strong>Per info: 0436-7106 oppure\u00a0<\/strong><a href=\"http:\/\/www.fodomservizi.it\/\"><strong>www.fodomservizi.it<\/strong><\/a><\/p>\n<\/div>\n<\/div>\n<\/form>\n<\/div>\n<p>&nbsp;<\/p>\n<p>&nbsp;<\/p>\n<hr \/>\n<p>&nbsp;<\/p>\n<blockquote>\n<h2><strong><a class=\"dt-pswp-item\" href=\"https:\/\/www.radiopiu.net\/wordpress\/wp-content\/uploads\/2024\/03\/Senza-nome-75.png\" data-dt-img-description=\"\" data-large_image_width=\"273\" data-large_image_height=\"280\"><img loading=\"lazy\" decoding=\"async\" class=\"wp-image-380478 alignleft\" src=\"https:\/\/www.radiopiu.net\/wordpress\/wp-content\/uploads\/2024\/03\/Senza-nome-75.png\" alt=\"\" width=\"99\" height=\"102\" \/><\/a>Festa diocesana delle famiglie 2024: Memoria, Misericordia e Meraviglia<\/strong><\/h2>\n<\/blockquote>\n<p>&nbsp;<\/p>\n<p><strong>BELLUNO<\/strong> L&#8217;Ufficio diocesano di Pastorale della famiglia organizza la Festa diocesana delle famiglie il 14 aprile 2024 presso il Centro Papa Luciani (Col Cumano) di Santa Giustina, dalle ore 15:00 alle ore 19:00. L&#8217;evento prevede la partecipazione di diverse realt\u00e0 locali con stand e attivit\u00e0 per adulti e bambini, oltre a una merenda per tutti nel pomeriggio. Francesco e Gianluca del gruppo \u201cThe Sun\u201d offriranno testimonianze e esibizioni musicali in acustica.<\/p>\n<p>&nbsp;<\/p>\n<p>&nbsp;<\/p>\n<hr \/>\n<p>&nbsp;<\/p>\n<blockquote>\n<h3><strong><a class=\"dt-pswp-item\" href=\"https:\/\/www.radiopiu.net\/wordpress\/wp-content\/uploads\/2024\/03\/LOCANDINA-ABVS.jpg\" data-dt-img-description=\"\" data-large_image_width=\"699\" data-large_image_height=\"992\"><img loading=\"lazy\" decoding=\"async\" class=\" wp-image-380482 alignleft\" src=\"https:\/\/www.radiopiu.net\/wordpress\/wp-content\/uploads\/2024\/03\/LOCANDINA-ABVS-211x300.jpg\" alt=\"\" width=\"120\" height=\"171\" srcset=\"https:\/\/www.radiopiu.net\/wordpress\/wp-content\/uploads\/2024\/03\/LOCANDINA-ABVS-211x300.jpg 211w, https:\/\/www.radiopiu.net\/wordpress\/wp-content\/uploads\/2024\/03\/LOCANDINA-ABVS.jpg 699w\" sizes=\"auto, (max-width: 120px) 100vw, 120px\" \/><\/a><\/strong>NON VOGLIO DONARE: LO SPETTACOLO TEATRALE DI ABVS<\/h3>\n<\/blockquote>\n<p><strong>BELLUNO<\/strong> Lo spettacolo teatrale &#8220;Non voglio donare&#8221;, promosso dall&#8217;Abvs, coinvolge gli attori Jgor Barbazza e Davide Stefanato. Presentato il 27 marzo a Belluno, il quarto evento itinerante nelle scuole. Tratto dal libro &#8220;Settant\u2019anni di impegno solidale&#8221;, racconta l&#8217;importanza della donazione del sangue attraverso un dialogo comico e riflessivo tra medico e paziente. Scopo: stimolare curiosit\u00e0 e coraggio nei giovani per assicurare la copertura del fabbisogno di sangue. Sul palco, i noti attori trevigiani, gi\u00e0 protagonisti di successi cinematografici e televisivi, coinvolti in Restera produzioni dal 2020, con progetti che spaziano dal teatro alla formazione.<\/p>\n<p>&nbsp;<\/p>\n<p>&nbsp;<\/p>\n<hr \/>\n<p>&nbsp;<\/p>\n<blockquote>\n<h2>feste in vallata: dai Piani di Pezze&#8217;\u00a0 con il doppio appuntamento Pezze&#8217; Trophy e Splash Party,\u00a0 sagra de Pasca e San Vincenzo tra i fiori, a Prompicai di Agordo.<\/h2>\n<\/blockquote>\n\n\t\t\t<style type='text\/css'>\n\t\t\t\t#gallery-7 {\n\t\t\t\t\tmargin: auto;\n\t\t\t\t}\n\t\t\t\t#gallery-7 .gallery-item {\n\t\t\t\t\tfloat: left;\n\t\t\t\t\tmargin-top: 10px;\n\t\t\t\t\ttext-align: center;\n\t\t\t\t\twidth: 25%;\n\t\t\t\t}\n\t\t\t\t#gallery-7 img {\n\t\t\t\t\tborder: 2px solid #cfcfcf;\n\t\t\t\t}\n\t\t\t\t#gallery-7 .gallery-caption {\n\t\t\t\t\tmargin-left: 0;\n\t\t\t\t}\n\t\t\t\t\/* see gallery_shortcode() in wp-includes\/media.php *\/\n\t\t\t<\/style>\n\t\t<div id='gallery-7' class='dt-gallery-container gallery galleryid-380591 gallery-columns-4 gallery-size-medium'><dl class='gallery-item'>\n\t\t\t\t<dt class='gallery-icon portrait'>\n\t\t\t\t\t<a class=\"rollover rollover-zoom dt-pswp-item\" title=\"PASCA\" data-dt-img-description=\"\" data-large_image_width=\"449\" data-large_image_height=\"628\"href='https:\/\/www.radiopiu.net\/wordpress\/wp-content\/uploads\/2024\/03\/Senza-nome-15.png'><img loading=\"lazy\" decoding=\"async\" width=\"214\" height=\"300\" src=\"https:\/\/www.radiopiu.net\/wordpress\/wp-content\/uploads\/2024\/03\/Senza-nome-15-214x300.png\" class=\"attachment-medium size-medium\" alt=\"\" srcset=\"https:\/\/www.radiopiu.net\/wordpress\/wp-content\/uploads\/2024\/03\/Senza-nome-15-214x300.png 214w, https:\/\/www.radiopiu.net\/wordpress\/wp-content\/uploads\/2024\/03\/Senza-nome-15.png 449w\" sizes=\"auto, (max-width: 214px) 100vw, 214px\" \/><\/a>\n\t\t\t\t<\/dt><\/dl><dl class='gallery-item'>\n\t\t\t\t<dt class='gallery-icon portrait'>\n\t\t\t\t\t<a class=\"rollover rollover-zoom dt-pswp-item\" title=\"4569b749-c5f0-4645-89e4-2297915919ec\" data-dt-img-description=\"\" data-large_image_width=\"1415\" data-large_image_height=\"2000\"href='https:\/\/www.radiopiu.net\/wordpress\/wp-content\/uploads\/2024\/03\/4569b749-c5f0-4645-89e4-2297915919ec.jpg'><img loading=\"lazy\" decoding=\"async\" width=\"212\" height=\"300\" src=\"https:\/\/www.radiopiu.net\/wordpress\/wp-content\/uploads\/2024\/03\/4569b749-c5f0-4645-89e4-2297915919ec-212x300.jpg\" class=\"attachment-medium size-medium\" alt=\"\" srcset=\"https:\/\/www.radiopiu.net\/wordpress\/wp-content\/uploads\/2024\/03\/4569b749-c5f0-4645-89e4-2297915919ec-212x300.jpg 212w, https:\/\/www.radiopiu.net\/wordpress\/wp-content\/uploads\/2024\/03\/4569b749-c5f0-4645-89e4-2297915919ec-724x1024.jpg 724w, https:\/\/www.radiopiu.net\/wordpress\/wp-content\/uploads\/2024\/03\/4569b749-c5f0-4645-89e4-2297915919ec-768x1086.jpg 768w, https:\/\/www.radiopiu.net\/wordpress\/wp-content\/uploads\/2024\/03\/4569b749-c5f0-4645-89e4-2297915919ec-1087x1536.jpg 1087w, https:\/\/www.radiopiu.net\/wordpress\/wp-content\/uploads\/2024\/03\/4569b749-c5f0-4645-89e4-2297915919ec.jpg 1415w\" sizes=\"auto, (max-width: 212px) 100vw, 212px\" \/><\/a>\n\t\t\t\t<\/dt><\/dl><dl class='gallery-item'>\n\t\t\t\t<dt class='gallery-icon portrait'>\n\t\t\t\t\t<a class=\"rollover rollover-zoom dt-pswp-item\" title=\"928d2648-0f8e-495e-8300-a22ae6e4273d\" data-dt-img-description=\"\" data-large_image_width=\"1204\" data-large_image_height=\"1600\"href='https:\/\/www.radiopiu.net\/wordpress\/wp-content\/uploads\/2024\/03\/928d2648-0f8e-495e-8300-a22ae6e4273d.jpg'><img loading=\"lazy\" decoding=\"async\" width=\"226\" height=\"300\" src=\"https:\/\/www.radiopiu.net\/wordpress\/wp-content\/uploads\/2024\/03\/928d2648-0f8e-495e-8300-a22ae6e4273d-226x300.jpg\" class=\"attachment-medium size-medium\" alt=\"\" srcset=\"https:\/\/www.radiopiu.net\/wordpress\/wp-content\/uploads\/2024\/03\/928d2648-0f8e-495e-8300-a22ae6e4273d-226x300.jpg 226w, https:\/\/www.radiopiu.net\/wordpress\/wp-content\/uploads\/2024\/03\/928d2648-0f8e-495e-8300-a22ae6e4273d-771x1024.jpg 771w, https:\/\/www.radiopiu.net\/wordpress\/wp-content\/uploads\/2024\/03\/928d2648-0f8e-495e-8300-a22ae6e4273d-768x1021.jpg 768w, https:\/\/www.radiopiu.net\/wordpress\/wp-content\/uploads\/2024\/03\/928d2648-0f8e-495e-8300-a22ae6e4273d-1156x1536.jpg 1156w, https:\/\/www.radiopiu.net\/wordpress\/wp-content\/uploads\/2024\/03\/928d2648-0f8e-495e-8300-a22ae6e4273d.jpg 1204w\" sizes=\"auto, (max-width: 226px) 100vw, 226px\" \/><\/a>\n\t\t\t\t<\/dt><\/dl><dl class='gallery-item'>\n\t\t\t\t<dt class='gallery-icon landscape'>\n\t\t\t\t\t<a class=\"rollover rollover-zoom dt-pswp-item\" title=\"409158151_6523017172363_8167181498378608884_n\" data-dt-img-description=\"\" data-large_image_width=\"843\" data-large_image_height=\"843\"href='https:\/\/www.radiopiu.net\/wordpress\/wp-content\/uploads\/2024\/03\/409158151_6523017172363_8167181498378608884_n.jpg'><img loading=\"lazy\" decoding=\"async\" width=\"300\" height=\"300\" src=\"https:\/\/www.radiopiu.net\/wordpress\/wp-content\/uploads\/2024\/03\/409158151_6523017172363_8167181498378608884_n-300x300.jpg\" class=\"attachment-medium size-medium\" alt=\"\" srcset=\"https:\/\/www.radiopiu.net\/wordpress\/wp-content\/uploads\/2024\/03\/409158151_6523017172363_8167181498378608884_n-300x300.jpg 300w, https:\/\/www.radiopiu.net\/wordpress\/wp-content\/uploads\/2024\/03\/409158151_6523017172363_8167181498378608884_n-150x150.jpg 150w, https:\/\/www.radiopiu.net\/wordpress\/wp-content\/uploads\/2024\/03\/409158151_6523017172363_8167181498378608884_n-768x768.jpg 768w, https:\/\/www.radiopiu.net\/wordpress\/wp-content\/uploads\/2024\/03\/409158151_6523017172363_8167181498378608884_n.jpg 843w\" sizes=\"auto, (max-width: 300px) 100vw, 300px\" \/><\/a>\n\t\t\t\t<\/dt><\/dl><br style=\"clear: both\" \/>\n\t\t\t<\/div>\n\n<p>&nbsp;<\/p>\n<hr \/>\n<p>&nbsp;<\/p>\n<h3><a class=\"dt-pswp-item\" href=\"https:\/\/www.radiopiu.net\/wordpress\/wp-content\/uploads\/2023\/08\/862c8c0d-fb55-49e7-875a-930f514a02a7.jpg\" data-dt-img-description=\"\" data-large_image_width=\"2048\" data-large_image_height=\"1536\"><img loading=\"lazy\" decoding=\"async\" class=\"wp-image-349786 alignleft\" src=\"https:\/\/www.radiopiu.net\/wordpress\/wp-content\/uploads\/2023\/08\/862c8c0d-fb55-49e7-875a-930f514a02a7-300x225.jpg\" alt=\"\" width=\"136\" height=\"102\" srcset=\"https:\/\/www.radiopiu.net\/wordpress\/wp-content\/uploads\/2023\/08\/862c8c0d-fb55-49e7-875a-930f514a02a7-300x225.jpg 300w, https:\/\/www.radiopiu.net\/wordpress\/wp-content\/uploads\/2023\/08\/862c8c0d-fb55-49e7-875a-930f514a02a7-1024x768.jpg 1024w, https:\/\/www.radiopiu.net\/wordpress\/wp-content\/uploads\/2023\/08\/862c8c0d-fb55-49e7-875a-930f514a02a7-768x576.jpg 768w, https:\/\/www.radiopiu.net\/wordpress\/wp-content\/uploads\/2023\/08\/862c8c0d-fb55-49e7-875a-930f514a02a7-1536x1152.jpg 1536w, https:\/\/www.radiopiu.net\/wordpress\/wp-content\/uploads\/2023\/08\/862c8c0d-fb55-49e7-875a-930f514a02a7.jpg 2048w\" sizes=\"auto, (max-width: 136px) 100vw, 136px\" \/><\/a>LAVORI PER INTERRAMENTO DELLA CONDOTTA IDRICA<\/h3>\n<p><strong>LA VALLE<\/strong> Il Comune La Valle Agordina ordina la sospensione temporanea della circolazione veicolare sulla viabilit\u00e0 Silvo-pastorale di Fres, dall&#8217;11\/03\/2024 al 24\/06\/2024, dalle 7 alle 18 dal luned\u00ec al venerd\u00ec, esclusi sabato e domenica. Viene istituito il divieto di transito pedonale e con biciclette dalla localit\u00e0 Piaia fino a Pra de Val, con l&#8217;altro lato del divieto al ponte sul torrente Rova di Caleda. Analogamente, \u00e8 vietato il transito pedonale e con biciclette su parte del sentiero CAI n.551 (Strada Vicinale di Pepolade) dal 11\/03\/2024 al 24\/06\/2024 per l&#8217;intera durata delle 24 ore.<\/p>\n<p>&nbsp;<\/p>\n<p>&nbsp;<\/p>\n<hr \/>\n<p>&nbsp;<\/p>\n<h2><span style=\"color: #ff6600;\">ALLA RADIO\u00a0<\/span><\/h2>\n<h2><span style=\"color: #666699;\">DUE MINUTI PER TE<\/span><\/h2>\n<p><strong><a class=\"dt-pswp-item\" href=\"https:\/\/www.radiopiu.net\/wordpress\/wp-content\/uploads\/2020\/12\/DON-GIORGIO-LISE.jpg\" data-dt-img-description=\"\" data-large_image_width=\"1600\" data-large_image_height=\"901\"><img loading=\"lazy\" decoding=\"async\" class=\"size-medium wp-image-177420 alignleft\" src=\"https:\/\/www.radiopiu.net\/wordpress\/wp-content\/uploads\/2020\/12\/DON-GIORGIO-LISE-300x169.jpg\" alt=\"\" width=\"300\" height=\"169\" srcset=\"https:\/\/www.radiopiu.net\/wordpress\/wp-content\/uploads\/2020\/12\/DON-GIORGIO-LISE-300x169.jpg 300w, https:\/\/www.radiopiu.net\/wordpress\/wp-content\/uploads\/2020\/12\/DON-GIORGIO-LISE-1024x577.jpg 1024w, https:\/\/www.radiopiu.net\/wordpress\/wp-content\/uploads\/2020\/12\/DON-GIORGIO-LISE-768x432.jpg 768w, https:\/\/www.radiopiu.net\/wordpress\/wp-content\/uploads\/2020\/12\/DON-GIORGIO-LISE-1536x865.jpg 1536w, https:\/\/www.radiopiu.net\/wordpress\/wp-content\/uploads\/2020\/12\/DON-GIORGIO-LISE.jpg 1600w\" sizes=\"auto, (max-width: 300px) 100vw, 300px\" \/><\/a>APPUNTAMENTO DOMENICALE CON IL PENSIERO DI MONSIGNOR GIORGIO LISE<\/strong><\/p>\n<audio class=\"wp-audio-shortcode\" id=\"audio-380591-12\" preload=\"none\" style=\"width: 100%;\" controls=\"controls\"><source type=\"audio\/mpeg\" src=\"https:\/\/www.radiopiu.net\/wordpress\/wp-content\/uploads\/2024\/03\/DON-GIORGIO-3.mp3?_=12\" \/><a href=\"https:\/\/www.radiopiu.net\/wordpress\/wp-content\/uploads\/2024\/03\/DON-GIORGIO-3.mp3\">https:\/\/www.radiopiu.net\/wordpress\/wp-content\/uploads\/2024\/03\/DON-GIORGIO-3.mp3<\/a><\/audio>\n<p>&nbsp;<\/p>\n<h2><span style=\"color: #ff0000;\">LA RASSEGNA STAMPA DA L&#8217;AMICO DEL POPOLO<\/span><\/h2>\n<p><strong><a class=\"dt-pswp-item\" href=\"https:\/\/www.radiopiu.net\/wordpress\/wp-content\/uploads\/2024\/03\/2b5c9362-b69e-4a82-b53d-2f0ef51185fe.jpg\" data-dt-img-description=\"\" data-large_image_width=\"1158\" data-large_image_height=\"720\"><img loading=\"lazy\" decoding=\"async\" class=\" wp-image-378557 alignleft\" src=\"https:\/\/www.radiopiu.net\/wordpress\/wp-content\/uploads\/2024\/03\/2b5c9362-b69e-4a82-b53d-2f0ef51185fe-300x187.jpg\" alt=\"\" width=\"201\" height=\"125\" srcset=\"https:\/\/www.radiopiu.net\/wordpress\/wp-content\/uploads\/2024\/03\/2b5c9362-b69e-4a82-b53d-2f0ef51185fe-300x187.jpg 300w, https:\/\/www.radiopiu.net\/wordpress\/wp-content\/uploads\/2024\/03\/2b5c9362-b69e-4a82-b53d-2f0ef51185fe-1024x637.jpg 1024w, https:\/\/www.radiopiu.net\/wordpress\/wp-content\/uploads\/2024\/03\/2b5c9362-b69e-4a82-b53d-2f0ef51185fe-768x478.jpg 768w, https:\/\/www.radiopiu.net\/wordpress\/wp-content\/uploads\/2024\/03\/2b5c9362-b69e-4a82-b53d-2f0ef51185fe.jpg 1158w\" sizes=\"auto, (max-width: 201px) 100vw, 201px\" \/><\/a>DI GIANNI SANTOMASO<\/strong><\/p>\n<p>OSPITE: Alessandro Culev<\/p>\n<audio class=\"wp-audio-shortcode\" id=\"audio-380591-13\" preload=\"none\" style=\"width: 100%;\" controls=\"controls\"><source type=\"audio\/mpeg\" src=\"https:\/\/www.radiopiu.net\/wordpress\/wp-content\/uploads\/2024\/03\/RASSEGNA-GIANNI-SITO.mp3?_=13\" \/><a href=\"https:\/\/www.radiopiu.net\/wordpress\/wp-content\/uploads\/2024\/03\/RASSEGNA-GIANNI-SITO.mp3\">https:\/\/www.radiopiu.net\/wordpress\/wp-content\/uploads\/2024\/03\/RASSEGNA-GIANNI-SITO.mp3<\/a><\/audio>\n<p>&nbsp;<\/p>\n<h2><span style=\"color: #808000;\">GOODBYE BY BICICLE&#8230;UN VIAGGIO DALL&#8217;INDIA A SEREN DEL GRAPPA IN BICICLETTA<\/span><\/h2>\n<p><span style=\"color: #ff0000;\"><strong>PUNTATA 06 &#8211; NUOVE TAPPE NEL VIAGGIO IN INDIA MA ANCHE DISAVVENTURE<\/strong><\/span><\/p>\n<audio class=\"wp-audio-shortcode\" id=\"audio-380591-14\" preload=\"none\" style=\"width: 100%;\" controls=\"controls\"><source type=\"audio\/mpeg\" src=\"https:\/\/www.radiopiu.net\/wordpress\/wp-content\/uploads\/2024\/03\/AIRE-INDIA-PUNTATA-06.mp3?_=14\" \/><a href=\"https:\/\/www.radiopiu.net\/wordpress\/wp-content\/uploads\/2024\/03\/AIRE-INDIA-PUNTATA-06.mp3\">https:\/\/www.radiopiu.net\/wordpress\/wp-content\/uploads\/2024\/03\/AIRE-INDIA-PUNTATA-06.mp3<\/a><\/audio>\n<p>&nbsp;<\/p>\n<p><strong>PER VISITARE I SITI DEI LUOGHI VISITATI, CLICCA SULLE SEGUENTI SCRITTE: <a href=\"https:\/\/14trees.org\/\">14 TREES FOUNDATION<\/a>\u00a0 \u00a0 <a href=\"https:\/\/maps.app.goo.gl\/MM9MMt2JpKdvQasb9\">APLA PARYAVARAN<\/a><\/strong><\/p>\n\n\t\t\t<style type='text\/css'>\n\t\t\t\t#gallery-8 {\n\t\t\t\t\tmargin: auto;\n\t\t\t\t}\n\t\t\t\t#gallery-8 .gallery-item {\n\t\t\t\t\tfloat: left;\n\t\t\t\t\tmargin-top: 10px;\n\t\t\t\t\ttext-align: center;\n\t\t\t\t\twidth: 20%;\n\t\t\t\t}\n\t\t\t\t#gallery-8 img {\n\t\t\t\t\tborder: 2px solid #cfcfcf;\n\t\t\t\t}\n\t\t\t\t#gallery-8 .gallery-caption {\n\t\t\t\t\tmargin-left: 0;\n\t\t\t\t}\n\t\t\t\t\/* see gallery_shortcode() in wp-includes\/media.php *\/\n\t\t\t<\/style>\n\t\t<div id='gallery-8' class='dt-gallery-container gallery galleryid-380591 gallery-columns-5 gallery-size-thumbnail'><dl class='gallery-item'>\n\t\t\t\t<dt class='gallery-icon landscape'>\n\t\t\t\t\t<a class=\"rollover rollover-zoom dt-pswp-item\" title=\"18dc66a9-b5ec-40b8-abba-c82d46d95601\" data-dt-img-description=\"\" data-large_image_width=\"2048\" data-large_image_height=\"2048\"href='https:\/\/www.radiopiu.net\/wordpress\/wp-content\/uploads\/2024\/03\/18dc66a9-b5ec-40b8-abba-c82d46d95601.jpg'><img loading=\"lazy\" decoding=\"async\" width=\"150\" height=\"150\" src=\"https:\/\/www.radiopiu.net\/wordpress\/wp-content\/uploads\/2024\/03\/18dc66a9-b5ec-40b8-abba-c82d46d95601-150x150.jpg\" class=\"attachment-thumbnail size-thumbnail\" alt=\"\" srcset=\"https:\/\/www.radiopiu.net\/wordpress\/wp-content\/uploads\/2024\/03\/18dc66a9-b5ec-40b8-abba-c82d46d95601-150x150.jpg 150w, https:\/\/www.radiopiu.net\/wordpress\/wp-content\/uploads\/2024\/03\/18dc66a9-b5ec-40b8-abba-c82d46d95601-300x300.jpg 300w, https:\/\/www.radiopiu.net\/wordpress\/wp-content\/uploads\/2024\/03\/18dc66a9-b5ec-40b8-abba-c82d46d95601-1024x1024.jpg 1024w, https:\/\/www.radiopiu.net\/wordpress\/wp-content\/uploads\/2024\/03\/18dc66a9-b5ec-40b8-abba-c82d46d95601-768x768.jpg 768w, https:\/\/www.radiopiu.net\/wordpress\/wp-content\/uploads\/2024\/03\/18dc66a9-b5ec-40b8-abba-c82d46d95601-1536x1536.jpg 1536w, https:\/\/www.radiopiu.net\/wordpress\/wp-content\/uploads\/2024\/03\/18dc66a9-b5ec-40b8-abba-c82d46d95601.jpg 2048w\" sizes=\"auto, (max-width: 150px) 100vw, 150px\" \/><\/a>\n\t\t\t\t<\/dt><\/dl><dl class='gallery-item'>\n\t\t\t\t<dt class='gallery-icon landscape'>\n\t\t\t\t\t<a class=\"rollover rollover-zoom dt-pswp-item\" title=\"87cc284e-6741-43cb-8bcc-7d7669ad4b53\" data-dt-img-description=\"\" data-large_image_width=\"2000\" data-large_image_height=\"1500\"href='https:\/\/www.radiopiu.net\/wordpress\/wp-content\/uploads\/2024\/03\/87cc284e-6741-43cb-8bcc-7d7669ad4b53.jpg'><img loading=\"lazy\" decoding=\"async\" width=\"150\" height=\"150\" src=\"https:\/\/www.radiopiu.net\/wordpress\/wp-content\/uploads\/2024\/03\/87cc284e-6741-43cb-8bcc-7d7669ad4b53-150x150.jpg\" class=\"attachment-thumbnail size-thumbnail\" alt=\"\" \/><\/a>\n\t\t\t\t<\/dt><\/dl><dl class='gallery-item'>\n\t\t\t\t<dt class='gallery-icon portrait'>\n\t\t\t\t\t<a class=\"rollover rollover-zoom dt-pswp-item\" title=\"12434e7e-f406-42a8-8c41-5959c99b7a97\" data-dt-img-description=\"\" data-large_image_width=\"1200\" data-large_image_height=\"1600\"href='https:\/\/www.radiopiu.net\/wordpress\/wp-content\/uploads\/2024\/03\/12434e7e-f406-42a8-8c41-5959c99b7a97.jpg'><img loading=\"lazy\" decoding=\"async\" width=\"150\" height=\"150\" src=\"https:\/\/www.radiopiu.net\/wordpress\/wp-content\/uploads\/2024\/03\/12434e7e-f406-42a8-8c41-5959c99b7a97-150x150.jpg\" class=\"attachment-thumbnail size-thumbnail\" alt=\"\" \/><\/a>\n\t\t\t\t<\/dt><\/dl><dl class='gallery-item'>\n\t\t\t\t<dt class='gallery-icon landscape'>\n\t\t\t\t\t<a class=\"rollover rollover-zoom dt-pswp-item\" title=\"e464344d-c56a-4d45-b093-9c5f61161601\" data-dt-img-description=\"\" data-large_image_width=\"1600\" data-large_image_height=\"900\"href='https:\/\/www.radiopiu.net\/wordpress\/wp-content\/uploads\/2024\/03\/e464344d-c56a-4d45-b093-9c5f61161601.jpg'><img loading=\"lazy\" decoding=\"async\" width=\"150\" height=\"150\" src=\"https:\/\/www.radiopiu.net\/wordpress\/wp-content\/uploads\/2024\/03\/e464344d-c56a-4d45-b093-9c5f61161601-150x150.jpg\" class=\"attachment-thumbnail size-thumbnail\" alt=\"\" \/><\/a>\n\t\t\t\t<\/dt><\/dl><dl class='gallery-item'>\n\t\t\t\t<dt class='gallery-icon landscape'>\n\t\t\t\t\t<a class=\"rollover rollover-zoom dt-pswp-item\" title=\"f0c3fe52-7983-4788-83c2-af0033fefcf3\" data-dt-img-description=\"\" data-large_image_width=\"1600\" data-large_image_height=\"900\"href='https:\/\/www.radiopiu.net\/wordpress\/wp-content\/uploads\/2024\/03\/f0c3fe52-7983-4788-83c2-af0033fefcf3.jpg'><img loading=\"lazy\" decoding=\"async\" width=\"150\" height=\"150\" src=\"https:\/\/www.radiopiu.net\/wordpress\/wp-content\/uploads\/2024\/03\/f0c3fe52-7983-4788-83c2-af0033fefcf3-150x150.jpg\" class=\"attachment-thumbnail size-thumbnail\" alt=\"\" \/><\/a>\n\t\t\t\t<\/dt><\/dl><br style=\"clear: both\" \/>\n\t\t\t<\/div>\n\n<h2>LA RACCOLTA COMPLETA <a href=\"https:\/\/www.radiopiu.net\/wordpress\/goodbye-by-bicicle-un-viaggio-dallindia-a-seren-del-grappa-in-bicicletta-06\/\"><span style=\"color: #0000ff;\">CLICCA QUI<\/span><\/a><\/h2>\n<p>&nbsp;<\/p>\n<hr \/>\n<p>&nbsp;<\/p>\n<h2><span style=\"color: #ff0000;\"><a class=\"dt-pswp-item\" href=\"https:\/\/www.radiopiu.net\/wordpress\/wp-content\/uploads\/2018\/09\/appuntamenti.jpeg\" data-dt-img-description=\"\" data-large_image_width=\"800\" data-large_image_height=\"100\"><img loading=\"lazy\" decoding=\"async\" class=\"wp-image-61958 size-full aligncenter\" src=\"https:\/\/www.radiopiu.net\/wordpress\/wp-content\/uploads\/2018\/09\/appuntamenti.jpeg\" alt=\"\" width=\"800\" height=\"100\" srcset=\"https:\/\/www.radiopiu.net\/wordpress\/wp-content\/uploads\/2018\/09\/appuntamenti.jpeg 800w, https:\/\/www.radiopiu.net\/wordpress\/wp-content\/uploads\/2018\/09\/appuntamenti-300x38.jpeg 300w, https:\/\/www.radiopiu.net\/wordpress\/wp-content\/uploads\/2018\/09\/appuntamenti-768x96.jpeg 768w\" sizes=\"auto, (max-width: 800px) 100vw, 800px\" \/><\/a><\/span><\/h2>\n<div>\n<div class=\"\" dir=\"auto\">\n<div id=\":r9h:\" class=\"x1iorvi4 x1pi30zi x1l90r2v x1swvt13\" data-ad-comet-preview=\"message\" data-ad-preview=\"message\">\n<div class=\"x78zum5 xdt5ytf xz62fqu x16ldp7u\">\n<div class=\"xu06os2 x1ok221b\">\n<blockquote>\n<h1><\/h1>\n<h1><strong> <a class=\"dt-pswp-item\" href=\"https:\/\/www.radiopiu.net\/wordpress\/wp-content\/uploads\/2024\/03\/432768131_122132584064160070_893759731308900904_n.jpg\" data-dt-img-description=\"\" data-large_image_width=\"526\" data-large_image_height=\"526\"><img loading=\"lazy\" decoding=\"async\" class=\" wp-image-379833 alignleft\" src=\"https:\/\/www.radiopiu.net\/wordpress\/wp-content\/uploads\/2024\/03\/432768131_122132584064160070_893759731308900904_n-300x300.jpg\" alt=\"\" width=\"186\" height=\"186\" srcset=\"https:\/\/www.radiopiu.net\/wordpress\/wp-content\/uploads\/2024\/03\/432768131_122132584064160070_893759731308900904_n-300x300.jpg 300w, https:\/\/www.radiopiu.net\/wordpress\/wp-content\/uploads\/2024\/03\/432768131_122132584064160070_893759731308900904_n-150x150.jpg 150w, https:\/\/www.radiopiu.net\/wordpress\/wp-content\/uploads\/2024\/03\/432768131_122132584064160070_893759731308900904_n.jpg 526w\" sizes=\"auto, (max-width: 186px) 100vw, 186px\" \/><\/a>AL CINEMA DOLOMITI DI FALCADE\u00a0<\/strong><\/h1>\n<\/blockquote>\n<p><strong>VACANZE PASQUALI AL CINEMA DOLOMITI DI FALCADE, RIAPRE LA SALA IN CENTRO AL PAESE. RIPRESA STAGIONALE CON UN GRANDE PELLICOLA NEL RICORDO DI BOB MARLEY ONE LOVE&#8230;\u00a0<\/strong><strong><br \/>\n<\/strong>BOB MARLEY &#8211; ONE LOVE La vita, il talento, i difetti, le passioni, l&#8217;impegno, ma soprattutto la Musica di una delle icone pi\u00f9 grandi di sempre: Bob Marley. di Reinaldo Marcus Green | Biografico &#8211; 107 minuti con Kingsley Ben-Adir &#8211; Lashana Lynch<\/p>\n<div class=\"x11i5rnm xat24cr x1mh8g0r x1vvkbs xtlvy1s x126k92a\">\n<div dir=\"auto\">01 Aprile 2024 | Ore 15:30 e 21:00<\/div>\n<\/div>\n<p>&nbsp;<\/p>\n<div>\n<div class=\"\" dir=\"auto\">\n<div id=\":r9h:\" class=\"x1iorvi4 x1pi30zi x1l90r2v x1swvt13\" data-ad-comet-preview=\"message\" data-ad-preview=\"message\">\n<div class=\"x78zum5 xdt5ytf xz62fqu x16ldp7u\">\n<div class=\"xu06os2 x1ok221b\">\n<div dir=\"auto\">\n<h2><span style=\"color: #ff0000;\">PROSSIMAMENTE&#8230;<\/span><\/h2>\n<\/div>\n<\/div>\n<\/div>\n<\/div>\n<\/div>\n<\/div>\n<div>\n<div class=\"\" dir=\"auto\">\n<div id=\":r9h:\" class=\"x1iorvi4 x1pi30zi x1l90r2v x1swvt13\" data-ad-comet-preview=\"message\" data-ad-preview=\"message\">\n<div class=\"x78zum5 xdt5ytf xz62fqu x16ldp7u\">\n<div class=\"xu06os2 x1ok221b\">\n<p><strong>ALLEGHE<\/strong> Sabato 6 aprile gli Amici di Thierry organizzano il primo Piani Di Pezz\u00e8 Trophy, esibizione di Ape Car Elaborate su tracciato neve ghiaccio ai Piani di Pezz\u00e8 di Alleghe. Servizio cabinovia e servizio ristorazione alla Grande Baita Civetta e alla sera musica con DJ.<\/p>\n<p>&nbsp;<\/p>\n<\/div>\n<\/div>\n<\/div>\n<\/div>\n<\/div>\n<div class=\"\" dir=\"auto\">\n<div id=\":r9h:\" class=\"x1iorvi4 x1pi30zi x1l90r2v x1swvt13\" data-ad-comet-preview=\"message\" data-ad-preview=\"message\">\n<div class=\"x78zum5 xdt5ytf xz62fqu x16ldp7u\">\n<div class=\"xu06os2 x1ok221b\">\n<h3 dir=\"auto\"><a class=\"dt-pswp-item\" href=\"https:\/\/www.radiopiu.net\/wordpress\/wp-content\/uploads\/2024\/03\/431799071_3701462953469797_3407377256265811588_n.jpg\" data-dt-img-description=\"\" data-large_image_width=\"512\" data-large_image_height=\"640\"><img loading=\"lazy\" decoding=\"async\" class=\"size-medium wp-image-378141 alignleft\" src=\"https:\/\/www.radiopiu.net\/wordpress\/wp-content\/uploads\/2024\/03\/431799071_3701462953469797_3407377256265811588_n-240x300.jpg\" alt=\"\" width=\"240\" height=\"300\" srcset=\"https:\/\/www.radiopiu.net\/wordpress\/wp-content\/uploads\/2024\/03\/431799071_3701462953469797_3407377256265811588_n-240x300.jpg 240w, https:\/\/www.radiopiu.net\/wordpress\/wp-content\/uploads\/2024\/03\/431799071_3701462953469797_3407377256265811588_n.jpg 512w\" sizes=\"auto, (max-width: 240px) 100vw, 240px\" \/><\/a><\/h3>\n<h3 dir=\"auto\">7 APRILE, LARESEI! SAVE THE DATE FESTIVAL &#8220;ULTIMISSIME&#8221; CON CAROLINA MARQUEZ, MASSIMILIANO OSSINI, CAMILLA RONCHI, ICE MC,\u00a0\u00a0\u00a0 NATHALIE AARTS, ALIEN CUT\u00a0 E SATURNINO Acquista il tuo biglietto d&#8217;ingresso al link: www.ciaotickets.com \u00a0 save-the-date-festival 7 APRILE RIFUGIO LARESEI SKI AREA SAN PELLEGRINO-FALCADE<\/h3>\n<\/div>\n<\/div>\n<\/div>\n<\/div>\n<div>\n<div class=\"\" dir=\"auto\">\n<div id=\":r9h:\" class=\"x1iorvi4 x1pi30zi x1l90r2v x1swvt13\" data-ad-comet-preview=\"message\" data-ad-preview=\"message\">\n\n\t\t\t<style type='text\/css'>\n\t\t\t\t#gallery-9 {\n\t\t\t\t\tmargin: auto;\n\t\t\t\t}\n\t\t\t\t#gallery-9 .gallery-item {\n\t\t\t\t\tfloat: left;\n\t\t\t\t\tmargin-top: 10px;\n\t\t\t\t\ttext-align: center;\n\t\t\t\t\twidth: 25%;\n\t\t\t\t}\n\t\t\t\t#gallery-9 img {\n\t\t\t\t\tborder: 2px solid #cfcfcf;\n\t\t\t\t}\n\t\t\t\t#gallery-9 .gallery-caption {\n\t\t\t\t\tmargin-left: 0;\n\t\t\t\t}\n\t\t\t\t\/* see gallery_shortcode() in wp-includes\/media.php *\/\n\t\t\t<\/style>\n\t\t<div id='gallery-9' class='dt-gallery-container gallery galleryid-380591 gallery-columns-4 gallery-size-medium'><dl class='gallery-item'>\n\t\t\t\t<dt class='gallery-icon portrait'>\n\t\t\t\t\t<a class=\"rollover rollover-zoom dt-pswp-item\" title=\"SCR-20240306-qmql\" data-dt-img-description=\"\" data-large_image_width=\"1182\" data-large_image_height=\"1192\"href='https:\/\/www.radiopiu.net\/wordpress\/wp-content\/uploads\/2024\/03\/SCR-20240306-qmql.jpeg'><img loading=\"lazy\" decoding=\"async\" width=\"297\" height=\"300\" src=\"https:\/\/www.radiopiu.net\/wordpress\/wp-content\/uploads\/2024\/03\/SCR-20240306-qmql-297x300.jpeg\" class=\"attachment-medium size-medium\" alt=\"\" srcset=\"https:\/\/www.radiopiu.net\/wordpress\/wp-content\/uploads\/2024\/03\/SCR-20240306-qmql-297x300.jpeg 297w, https:\/\/www.radiopiu.net\/wordpress\/wp-content\/uploads\/2024\/03\/SCR-20240306-qmql-1015x1024.jpeg 1015w, https:\/\/www.radiopiu.net\/wordpress\/wp-content\/uploads\/2024\/03\/SCR-20240306-qmql-768x774.jpeg 768w, https:\/\/www.radiopiu.net\/wordpress\/wp-content\/uploads\/2024\/03\/SCR-20240306-qmql.jpeg 1182w\" sizes=\"auto, (max-width: 297px) 100vw, 297px\" \/><\/a>\n\t\t\t\t<\/dt><\/dl><dl class='gallery-item'>\n\t\t\t\t<dt class='gallery-icon landscape'>\n\t\t\t\t\t<a class=\"rollover rollover-zoom dt-pswp-item\" title=\"download\" data-dt-img-description=\"\" data-large_image_width=\"316\" data-large_image_height=\"315\"href='https:\/\/www.radiopiu.net\/wordpress\/wp-content\/uploads\/2024\/03\/download.jpg'><img loading=\"lazy\" decoding=\"async\" width=\"300\" height=\"300\" src=\"https:\/\/www.radiopiu.net\/wordpress\/wp-content\/uploads\/2024\/03\/download-300x300.jpg\" class=\"attachment-medium size-medium\" alt=\"\" srcset=\"https:\/\/www.radiopiu.net\/wordpress\/wp-content\/uploads\/2024\/03\/download-300x300.jpg 300w, https:\/\/www.radiopiu.net\/wordpress\/wp-content\/uploads\/2024\/03\/download-150x150.jpg 150w, https:\/\/www.radiopiu.net\/wordpress\/wp-content\/uploads\/2024\/03\/download.jpg 316w\" sizes=\"auto, (max-width: 300px) 100vw, 300px\" \/><\/a>\n\t\t\t\t<\/dt><\/dl><dl class='gallery-item'>\n\t\t\t\t<dt class='gallery-icon landscape'>\n\t\t\t\t\t<a class=\"rollover rollover-zoom dt-pswp-item\" title=\"download\" data-dt-img-description=\"\" data-large_image_width=\"640\" data-large_image_height=\"639\"href='https:\/\/www.radiopiu.net\/wordpress\/wp-content\/uploads\/2024\/02\/download-6.jpg'><img loading=\"lazy\" decoding=\"async\" width=\"300\" height=\"300\" src=\"https:\/\/www.radiopiu.net\/wordpress\/wp-content\/uploads\/2024\/02\/download-6-300x300.jpg\" class=\"attachment-medium size-medium\" alt=\"\" srcset=\"https:\/\/www.radiopiu.net\/wordpress\/wp-content\/uploads\/2024\/02\/download-6-300x300.jpg 300w, https:\/\/www.radiopiu.net\/wordpress\/wp-content\/uploads\/2024\/02\/download-6-150x150.jpg 150w, https:\/\/www.radiopiu.net\/wordpress\/wp-content\/uploads\/2024\/02\/download-6.jpg 640w\" sizes=\"auto, (max-width: 300px) 100vw, 300px\" \/><\/a>\n\t\t\t\t<\/dt><\/dl><dl class='gallery-item'>\n\t\t\t\t<dt class='gallery-icon landscape'>\n\t\t\t\t\t<a class=\"rollover rollover-zoom dt-pswp-item\" title=\"Senza nome\" data-dt-img-description=\"\" data-large_image_width=\"566\" data-large_image_height=\"463\"href='https:\/\/www.radiopiu.net\/wordpress\/wp-content\/uploads\/2024\/03\/Senza-nome-4.png'><img loading=\"lazy\" decoding=\"async\" width=\"300\" height=\"245\" src=\"https:\/\/www.radiopiu.net\/wordpress\/wp-content\/uploads\/2024\/03\/Senza-nome-4-300x245.png\" class=\"attachment-medium size-medium\" alt=\"\" srcset=\"https:\/\/www.radiopiu.net\/wordpress\/wp-content\/uploads\/2024\/03\/Senza-nome-4-300x245.png 300w, https:\/\/www.radiopiu.net\/wordpress\/wp-content\/uploads\/2024\/03\/Senza-nome-4.png 566w\" sizes=\"auto, (max-width: 300px) 100vw, 300px\" \/><\/a>\n\t\t\t\t<\/dt><\/dl><br style=\"clear: both\" \/><dl class='gallery-item'>\n\t\t\t\t<dt class='gallery-icon landscape'>\n\t\t\t\t\t<a class=\"rollover rollover-zoom dt-pswp-item\" title=\"download\" data-dt-img-description=\"\" data-large_image_width=\"640\" data-large_image_height=\"639\"href='https:\/\/www.radiopiu.net\/wordpress\/wp-content\/uploads\/2024\/02\/download-5.jpg'><img loading=\"lazy\" decoding=\"async\" width=\"300\" height=\"300\" src=\"https:\/\/www.radiopiu.net\/wordpress\/wp-content\/uploads\/2024\/02\/download-5-300x300.jpg\" class=\"attachment-medium size-medium\" alt=\"\" srcset=\"https:\/\/www.radiopiu.net\/wordpress\/wp-content\/uploads\/2024\/02\/download-5-300x300.jpg 300w, https:\/\/www.radiopiu.net\/wordpress\/wp-content\/uploads\/2024\/02\/download-5-150x150.jpg 150w, https:\/\/www.radiopiu.net\/wordpress\/wp-content\/uploads\/2024\/02\/download-5.jpg 640w\" sizes=\"auto, (max-width: 300px) 100vw, 300px\" \/><\/a>\n\t\t\t\t<\/dt><\/dl><dl class='gallery-item'>\n\t\t\t\t<dt class='gallery-icon landscape'>\n\t\t\t\t\t<a class=\"rollover rollover-zoom dt-pswp-item\" title=\"Senza nome\" data-dt-img-description=\"\" data-large_image_width=\"415\" data-large_image_height=\"390\"href='https:\/\/www.radiopiu.net\/wordpress\/wp-content\/uploads\/2024\/03\/Senza-nome-10.png'><img loading=\"lazy\" decoding=\"async\" width=\"300\" height=\"282\" src=\"https:\/\/www.radiopiu.net\/wordpress\/wp-content\/uploads\/2024\/03\/Senza-nome-10-300x282.png\" class=\"attachment-medium size-medium\" alt=\"\" srcset=\"https:\/\/www.radiopiu.net\/wordpress\/wp-content\/uploads\/2024\/03\/Senza-nome-10-300x282.png 300w, https:\/\/www.radiopiu.net\/wordpress\/wp-content\/uploads\/2024\/03\/Senza-nome-10.png 415w\" sizes=\"auto, (max-width: 300px) 100vw, 300px\" \/><\/a>\n\t\t\t\t<\/dt><\/dl><dl class='gallery-item'>\n\t\t\t\t<dt class='gallery-icon landscape'>\n\t\t\t\t\t<a class=\"rollover rollover-zoom dt-pswp-item\" title=\"19c21029-a0ef-4986-8081-9facbbbce065\" data-dt-img-description=\"\" data-large_image_width=\"1080\" data-large_image_height=\"1080\"href='https:\/\/www.radiopiu.net\/wordpress\/wp-content\/uploads\/2024\/02\/19c21029-a0ef-4986-8081-9facbbbce065.jpg'><img loading=\"lazy\" decoding=\"async\" width=\"300\" height=\"300\" src=\"https:\/\/www.radiopiu.net\/wordpress\/wp-content\/uploads\/2024\/02\/19c21029-a0ef-4986-8081-9facbbbce065-300x300.jpg\" class=\"attachment-medium size-medium\" alt=\"\" srcset=\"https:\/\/www.radiopiu.net\/wordpress\/wp-content\/uploads\/2024\/02\/19c21029-a0ef-4986-8081-9facbbbce065-300x300.jpg 300w, https:\/\/www.radiopiu.net\/wordpress\/wp-content\/uploads\/2024\/02\/19c21029-a0ef-4986-8081-9facbbbce065-1024x1024.jpg 1024w, https:\/\/www.radiopiu.net\/wordpress\/wp-content\/uploads\/2024\/02\/19c21029-a0ef-4986-8081-9facbbbce065-150x150.jpg 150w, https:\/\/www.radiopiu.net\/wordpress\/wp-content\/uploads\/2024\/02\/19c21029-a0ef-4986-8081-9facbbbce065-768x768.jpg 768w, https:\/\/www.radiopiu.net\/wordpress\/wp-content\/uploads\/2024\/02\/19c21029-a0ef-4986-8081-9facbbbce065.jpg 1080w\" sizes=\"auto, (max-width: 300px) 100vw, 300px\" \/><\/a>\n\t\t\t\t<\/dt><\/dl><dl class='gallery-item'>\n\t\t\t\t<dt class='gallery-icon landscape'>\n\t\t\t\t\t<a class=\"rollover rollover-zoom dt-pswp-item\" title=\"428458808_122124610286160269_8403615925720421881_n\" data-dt-img-description=\"\" data-large_image_width=\"526\" data-large_image_height=\"526\"href='https:\/\/www.radiopiu.net\/wordpress\/wp-content\/uploads\/2024\/02\/428458808_122124610286160269_8403615925720421881_n.jpg'><img loading=\"lazy\" decoding=\"async\" width=\"300\" height=\"300\" src=\"https:\/\/www.radiopiu.net\/wordpress\/wp-content\/uploads\/2024\/02\/428458808_122124610286160269_8403615925720421881_n-300x300.jpg\" class=\"attachment-medium size-medium\" alt=\"\" srcset=\"https:\/\/www.radiopiu.net\/wordpress\/wp-content\/uploads\/2024\/02\/428458808_122124610286160269_8403615925720421881_n-300x300.jpg 300w, https:\/\/www.radiopiu.net\/wordpress\/wp-content\/uploads\/2024\/02\/428458808_122124610286160269_8403615925720421881_n-150x150.jpg 150w, https:\/\/www.radiopiu.net\/wordpress\/wp-content\/uploads\/2024\/02\/428458808_122124610286160269_8403615925720421881_n.jpg 526w\" sizes=\"auto, (max-width: 300px) 100vw, 300px\" \/><\/a>\n\t\t\t\t<\/dt><\/dl><br style=\"clear: both\" \/>\n\t\t\t<\/div>\n\n<\/div>\n<\/div>\n<\/div>\n<\/div>\n<\/div>\n<\/div>\n<\/div>\n<\/div>\n<p>&nbsp;<\/p>\n<h2>IL 13 APRILE IL CONCERTO DI MARCO V DAL FARRA AL TEATRO SAN FELICE DI BELLUNO<\/h2>\n\n\t\t\t<style type='text\/css'>\n\t\t\t\t#gallery-10 {\n\t\t\t\t\tmargin: auto;\n\t\t\t\t}\n\t\t\t\t#gallery-10 .gallery-item {\n\t\t\t\t\tfloat: left;\n\t\t\t\t\tmargin-top: 10px;\n\t\t\t\t\ttext-align: center;\n\t\t\t\t\twidth: 100%;\n\t\t\t\t}\n\t\t\t\t#gallery-10 img {\n\t\t\t\t\tborder: 2px solid #cfcfcf;\n\t\t\t\t}\n\t\t\t\t#gallery-10 .gallery-caption {\n\t\t\t\t\tmargin-left: 0;\n\t\t\t\t}\n\t\t\t\t\/* see gallery_shortcode() in wp-includes\/media.php *\/\n\t\t\t<\/style>\n\t\t<div id='gallery-10' class='dt-gallery-container gallery galleryid-380591 gallery-columns-1 gallery-size-medium'><dl class='gallery-item'>\n\t\t\t\t<dt class='gallery-icon portrait'>\n\t\t\t\t\t<a class=\"rollover rollover-zoom dt-pswp-item\" title=\"ff5ef01c-49c1-48a5-9225-b7d8260b55df\" data-dt-img-description=\"\" data-large_image_width=\"877\" data-large_image_height=\"1241\"href='https:\/\/www.radiopiu.net\/wordpress\/wp-content\/uploads\/2024\/03\/ff5ef01c-49c1-48a5-9225-b7d8260b55df.jpg'><img loading=\"lazy\" decoding=\"async\" width=\"212\" height=\"300\" src=\"https:\/\/www.radiopiu.net\/wordpress\/wp-content\/uploads\/2024\/03\/ff5ef01c-49c1-48a5-9225-b7d8260b55df-212x300.jpg\" class=\"attachment-medium size-medium\" alt=\"\" srcset=\"https:\/\/www.radiopiu.net\/wordpress\/wp-content\/uploads\/2024\/03\/ff5ef01c-49c1-48a5-9225-b7d8260b55df-212x300.jpg 212w, https:\/\/www.radiopiu.net\/wordpress\/wp-content\/uploads\/2024\/03\/ff5ef01c-49c1-48a5-9225-b7d8260b55df-724x1024.jpg 724w, https:\/\/www.radiopiu.net\/wordpress\/wp-content\/uploads\/2024\/03\/ff5ef01c-49c1-48a5-9225-b7d8260b55df-768x1087.jpg 768w, https:\/\/www.radiopiu.net\/wordpress\/wp-content\/uploads\/2024\/03\/ff5ef01c-49c1-48a5-9225-b7d8260b55df.jpg 877w\" sizes=\"auto, (max-width: 212px) 100vw, 212px\" \/><\/a>\n\t\t\t\t<\/dt><\/dl><br style=\"clear: both\" \/>\n\t\t\t<\/div>\n\n<p>&nbsp;<\/p>\n<hr \/>\n<p>&nbsp;<\/p>\n<h2><span style=\"color: #ff0000;\">GLI APPROFONDIMENTI DI TIZIANO DE COL<\/span><\/h2>\n<blockquote class=\"wp-embedded-content\" data-secret=\"JIo49ey8KI\"><p><a href=\"https:\/\/www.radiopiu.net\/wordpress\/la-boa-di-conaggia-quando-il-nome-di-una-localita-deriva-da-una-serie-di-eventi-idrogeologici-disastrosi-seconda-parte\/\">LA BOA DI CONAGGIA \u2013 QUANDO IL NOME DI UNA LOCALITA&#8217; DERIVA DA UNA SERIE DI EVENTI IDROGEOLOGICI DISASTROSI &#8211; SECONDA PARTE<\/a><\/p><\/blockquote>\n<p><iframe loading=\"lazy\" class=\"wp-embedded-content\" sandbox=\"allow-scripts\" security=\"restricted\" style=\"position: absolute; clip: rect(1px, 1px, 1px, 1px);\" title=\"&#8220;LA BOA DI CONAGGIA \u2013 QUANDO IL NOME DI UNA LOCALITA&#8217; DERIVA DA UNA SERIE DI EVENTI IDROGEOLOGICI DISASTROSI &#8211; SECONDA PARTE&#8221; &#8212; Radio Pi\u00f9\" src=\"https:\/\/www.radiopiu.net\/wordpress\/la-boa-di-conaggia-quando-il-nome-di-una-localita-deriva-da-una-serie-di-eventi-idrogeologici-disastrosi-seconda-parte\/embed\/#?secret=Rf9TBmKuAZ#?secret=JIo49ey8KI\" data-secret=\"JIo49ey8KI\" width=\"600\" height=\"338\" frameborder=\"0\" marginwidth=\"0\" marginheight=\"0\" scrolling=\"no\"><\/iframe><\/p>\n<p>&nbsp;<\/p>\n<p>&nbsp;<\/p>\n<hr \/>\n<p>&nbsp;<\/p>\n<p><a class=\"dt-pswp-item\" href=\"https:\/\/www.radiopiu.net\/wordpress\/wp-content\/uploads\/2018\/09\/viabilita.jpeg\" data-dt-img-description=\"\" data-large_image_width=\"800\" data-large_image_height=\"100\"><img loading=\"lazy\" decoding=\"async\" class=\"aligncenter wp-image-61954 size-full\" src=\"https:\/\/www.radiopiu.net\/wordpress\/wp-content\/uploads\/2018\/09\/viabilita.jpeg\" alt=\"\" width=\"800\" height=\"100\" srcset=\"https:\/\/www.radiopiu.net\/wordpress\/wp-content\/uploads\/2018\/09\/viabilita.jpeg 800w, https:\/\/www.radiopiu.net\/wordpress\/wp-content\/uploads\/2018\/09\/viabilita-300x38.jpeg 300w, https:\/\/www.radiopiu.net\/wordpress\/wp-content\/uploads\/2018\/09\/viabilita-768x96.jpeg 768w\" sizes=\"auto, (max-width: 800px) 100vw, 800px\" \/><\/a><\/p>\n<p>&nbsp;<\/p>\n<p><a class=\"dt-pswp-item\" href=\"https:\/\/www.radiopiu.net\/wordpress\/wp-content\/uploads\/2023\/12\/botol-car-service.jpg\" data-dt-img-description=\"\" data-large_image_width=\"600\" data-large_image_height=\"600\"><img loading=\"lazy\" decoding=\"async\" class=\"size-medium wp-image-367044 aligncenter\" src=\"https:\/\/www.radiopiu.net\/wordpress\/wp-content\/uploads\/2023\/12\/botol-car-service-300x300.jpg\" alt=\"\" width=\"300\" height=\"300\" srcset=\"https:\/\/www.radiopiu.net\/wordpress\/wp-content\/uploads\/2023\/12\/botol-car-service-300x300.jpg 300w, https:\/\/www.radiopiu.net\/wordpress\/wp-content\/uploads\/2023\/12\/botol-car-service-150x150.jpg 150w, https:\/\/www.radiopiu.net\/wordpress\/wp-content\/uploads\/2023\/12\/botol-car-service.jpg 600w\" sizes=\"auto, (max-width: 300px) 100vw, 300px\" \/><\/a><\/p>\n<p>&nbsp;<\/p>\n<p>&nbsp;<\/p>\n<h1>BOLLETTINO QUOTIDIANO, CLICCA QUI<\/h1>\n<blockquote class=\"wp-embedded-content\" data-secret=\"roEhjkd9WA\"><p><a href=\"https:\/\/www.radiopiu.net\/wordpress\/viabilita\/\">viabilita<\/a><\/p><\/blockquote>\n<p><iframe loading=\"lazy\" class=\"wp-embedded-content\" sandbox=\"allow-scripts\" security=\"restricted\" style=\"position: absolute; clip: rect(1px, 1px, 1px, 1px);\" title=\"&#8220;viabilita&#8221; &#8212; Radio Pi\u00f9\" src=\"https:\/\/www.radiopiu.net\/wordpress\/viabilita\/embed\/#?secret=tD6ndSuinz#?secret=roEhjkd9WA\" data-secret=\"roEhjkd9WA\" width=\"600\" height=\"338\" frameborder=\"0\" marginwidth=\"0\" marginheight=\"0\" scrolling=\"no\"><\/iframe><\/p>\n<p>&nbsp;<\/p>\n<p>&nbsp;<\/p>\n<hr \/>\n<p>&nbsp;<\/p>\n<p><a class=\"dt-pswp-item\" href=\"https:\/\/www.radiopiu.net\/wordpress\/wp-content\/uploads\/2018\/09\/WhatsApp-Image-2018-09-20-at-16.04.06.jpeg\" data-dt-img-description=\"\" data-large_image_width=\"800\" data-large_image_height=\"100\"><img loading=\"lazy\" decoding=\"async\" class=\"wp-image-61378 size-full aligncenter\" src=\"https:\/\/www.radiopiu.net\/wordpress\/wp-content\/uploads\/2018\/09\/WhatsApp-Image-2018-09-20-at-16.04.06.jpeg\" alt=\"\" width=\"800\" height=\"100\" srcset=\"https:\/\/www.radiopiu.net\/wordpress\/wp-content\/uploads\/2018\/09\/WhatsApp-Image-2018-09-20-at-16.04.06.jpeg 800w, https:\/\/www.radiopiu.net\/wordpress\/wp-content\/uploads\/2018\/09\/WhatsApp-Image-2018-09-20-at-16.04.06-300x38.jpeg 300w, https:\/\/www.radiopiu.net\/wordpress\/wp-content\/uploads\/2018\/09\/WhatsApp-Image-2018-09-20-at-16.04.06-768x96.jpeg 768w\" sizes=\"auto, (max-width: 800px) 100vw, 800px\" \/><\/a><\/p>\n<p><center><\/center><center><\/center><center><\/center><center><\/center><center><\/center><center><\/center>&nbsp;<\/p>\n<p><center><\/center><center><b>OGGI<\/b><\/center>Mattinata ben soleggiata con cielo sereno e aria tersa. Al pomeriggio transito di modeste nubi alte, senza escludere qualche locale e innocuo addensamento a ridosso delle pedemontana e delle vette dolomitiche.<br \/>\n<b>Precipitazioni: <\/b>Assenti<br \/>\n<b>Temperature: <\/b>In ulteriore lieve calo le minime, in aumento le massime con elevata escursione termica giornaliera; il contesto termico rimane fresco, anche freddo in quota soprattutto di notte fino alle prime ore dell&#8217;alba, con possibili gelate notturne anche nelle basse conche prealpine.<\/p>\n<hr \/>\n<p><center><b>DOMANI<\/b><\/center>Cielo da nuvoloso a molto nuvoloso associato a fenomeni da sparsi a diffusi ed intermittenti di debole e di moderata intensit\u00e0 a partire dalle zone prealpine occidentali.<br \/>\n<b>Precipitazioni: <\/b>Al mattino generalmente assenti sulle Dolomiti, anche se non saranno del tutto escluse brevi e deboli precipitazioni; pi\u00f9 probabili, invece, sulle Prealpi ma saranno ancora generalmente deboli e sparse. Nel pomeriggio probabilit\u00e0 medio-alta di precipitazioni da sparse a diffuse ed intermittenti di intensit\u00e0 da debole a moderata.<br \/>\n<b>Temperature: <\/b>Minime in aumento anche marcato, massime in lieve calo.<\/p>\n<hr \/>\n<p><center><b>MERCOLEDI<\/b><\/center>Cielo molto nuvoloso o coperto a tratti perturbato e instabile con precipitazioni diffuse e frequenti in genere di moderata intensit\u00e0 e nevose oltre i 1500-1800 m. Tra marted\u00ec e mercoled\u00ec sono previsti quantitativi totali di precipitazione consistenti localmente abbondanti, specie sulle zone prealpine. Temperature minime in ulteriore aumento, massime senza notevoli variazioni con modesta escursione termica giornaliera.<\/p>\n<hr \/>\n<p><center><b>GIOVEDI<\/b><\/center>Tempo pi\u00f9 soleggiato rispetto a mercoled\u00ec ma variabile con cielo irregolarmente nuvoloso con parziali schiarite e non del tutto escluse brevi e modeste precipitazioni sparse. Temperature minime senza notevoli variazioni, massime in lieve o contenuto aumento.<\/p>\n<p>&nbsp;<\/p>\n<hr \/>\n<p>&nbsp;<\/p>\n<p><img loading=\"lazy\" decoding=\"async\" class=\"wp-image-60761 size-full aligncenter\" src=\"https:\/\/www.radiopiu.net\/wordpress\/wp-content\/uploads\/2018\/09\/sport.jpg\" alt=\"\" width=\"800\" height=\"100\" srcset=\"https:\/\/www.radiopiu.net\/wordpress\/wp-content\/uploads\/2018\/09\/sport.jpg 800w, https:\/\/www.radiopiu.net\/wordpress\/wp-content\/uploads\/2018\/09\/sport-300x38.jpg 300w, https:\/\/www.radiopiu.net\/wordpress\/wp-content\/uploads\/2018\/09\/sport-768x96.jpg 768w\" sizes=\"auto, (max-width: 800px) 100vw, 800px\" \/><\/p>\n<p>&nbsp;<\/p>\n<p><span style=\"color: #0000ff;\"><strong>CALCIO<\/strong><\/span><\/p>\n<blockquote>\n<h3>RETI INVIOLATE TRA AGORDINA E PIAVE IN TERZA CATEGORIA<\/h3>\n<\/blockquote>\n<p><strong><a class=\"dt-pswp-item\" href=\"https:\/\/www.radiopiu.net\/wordpress\/wp-content\/uploads\/2022\/03\/CALCIO-2022.jpg\" data-dt-img-description=\"\" data-large_image_width=\"1920\" data-large_image_height=\"1281\"><img loading=\"lazy\" decoding=\"async\" class=\" wp-image-265514 alignleft\" src=\"https:\/\/www.radiopiu.net\/wordpress\/wp-content\/uploads\/2022\/03\/CALCIO-2022-300x200.jpg\" alt=\"\" width=\"209\" height=\"139\" srcset=\"https:\/\/www.radiopiu.net\/wordpress\/wp-content\/uploads\/2022\/03\/CALCIO-2022-300x200.jpg 300w, https:\/\/www.radiopiu.net\/wordpress\/wp-content\/uploads\/2022\/03\/CALCIO-2022-1024x683.jpg 1024w, https:\/\/www.radiopiu.net\/wordpress\/wp-content\/uploads\/2022\/03\/CALCIO-2022-768x512.jpg 768w, https:\/\/www.radiopiu.net\/wordpress\/wp-content\/uploads\/2022\/03\/CALCIO-2022-1536x1025.jpg 1536w, https:\/\/www.radiopiu.net\/wordpress\/wp-content\/uploads\/2022\/03\/CALCIO-2022.jpg 1920w\" sizes=\"auto, (max-width: 209px) 100vw, 209px\" \/><\/a>DI MARCO GAZ<\/strong><\/p>\n<p><span style=\"color: #ff0000;\"><strong>TERZA CATEGORIA<\/strong><\/span><\/p>\n<p><strong>AGORDINA \u2013 PIAVE 0-0<\/strong><\/p>\n<p>Termina a reti bianche la sfida di met\u00e0 classifica della Terza Categoria della provincia di Belluno tra Agordina e Piave. Un punto a testa e squadre che non si fanno male all\u2019Ivano Dorigo di Agordo. Un punto per parte che non fa bene a nessuna delle due formazioni che ora vedono sempre pi\u00f9 in salita la strada per raggiungere la zona playoff. Match che non offre tante emozioni nella prima frazione di gara. Per vedere il primo vero tiro in porta bisogna aspettare il 12\u2019 quando il Piave sfiora l\u2019incrocio dei pali. Bellunesi che ci riprovano su punizione ma Scola sventa la minaccia. Risponde la squadra di Agordo con Dal Dona ma la sua conclusione termina tra le braccia del portiere. Nella ripresa parte bene l\u2019Agordina con Paolin che ha la palla del possibile vantaggio ma non centra i pali. Il Piave non demorde e nel giro di pochi minuti si fa pericoloso pi\u00f9 volte. Scola sventa la minaccia su un contropiede, subito dopo Ren ci mette una pezza su conclusione degli ospiti. Scola ancora protagonista al 70\u2019 quando intuisce un tiro da fuori area. Girandola di cambi ma il punteggio non si sblocca. L\u2019ultima occasione della gara \u00e8 dell\u2019Agordina: \u00e8 ancora una volta Dal Don che si rende pericoloso con un tiro che termina fuori di poco.<\/p>\n<p><strong>LA CLASSIFICA DELLA TERZA CATEGORIA:<\/strong> Gemelle 44, San Vittore 36, Fortogna e Domegge 34, Auronzo 32, Alpes Cesio 27, Valzoldana 26, Dynamo Vellai 23, Agordina e Piave 20, Cortina 16, Tambre 12, Lamonese 10, Cadore 3<\/p>\n<p><span style=\"color: #008000;\"><strong>GIOVANILI AGORDINA<\/strong><\/span><\/p>\n<p><span style=\"color: #ff0000;\"><strong>JUNIORES<\/strong><\/span><\/p>\n<p><strong>AGORDINA \u2013 CASTION 3-1<\/strong><\/p>\n<p>GOL AGORDINA: 2 Mezzacasa, Marcon<\/p>\n<p>L&#8217;Agordina vince il derby bellunese contro il Castion nell&#8217;ultima partita casalinga della stagione. Mezzacasa segna due gol nel primo tempo, portando il punteggio a 2-0 per la compagine di Agordo. Nel secondo tempo, Marcon firma il terzo gol degli agordini. Il Castion cerca di riaprire la partita, ma l&#8217;Agordina controlla bene e si aggiudica la vittoria.<\/p>\n<p><span style=\"color: #ff0000;\"><strong>ALLIEVI <\/strong><\/span><\/p>\n<p><strong>AGORDINA \u2013 DYNAMO VELLAI 7-0<\/strong><\/p>\n<p>GOL AGORDINA: 2 Soccol, Favero, Valt, Andrich, Marcon, Ganz<\/p>\n<p>Al Cinaggia di La Valle l\u2019Agordina non ha piet\u00e0 per gli avversari e rifila 7 gol alla Dynamo Vellai. Una partita a senso unico con gli agordini che trovano una rete dopo l\u2019altra. Una disfatta per i feltrini che non riescono a tenere il passo della squadra di Agordo.<\/p>\n<p><span style=\"color: #ff0000;\"><strong>GIOVANISSIMI<\/strong><\/span><\/p>\n<p><strong>AGORDINA sq. A TURNO DI RIPOSO<\/strong><\/p>\n<p><strong>AGORDINA sq. B \u00a0&#8211; LIMANA 3-1<\/strong><\/p>\n<p>GOL AGORDINA: Autogol, Arceri, Campedel<\/p>\n<p>Bella prestazione per la seconda squadra dell\u2019Agordina Giovanissimi che torna da Celarda di Feltre con 3 punti in tasca. Parte male la sfida con il Limana che passa in vantaggio. Poi il pareggio degli agordini con un autogol. A chiudere la contesa per la squadra di Agordo ci pensano Arceri e Campedel.<\/p>\n<p>&nbsp;<\/p>\n<p><span style=\"color: #0000ff;\"><strong>HOCKEY SU GHIACCIO<\/strong><\/span><\/p>\n<blockquote>\n<h3>IL CORTINA\/ALLEGHE UNDER 16 PERDE GARA 1 DELLA FINALE SCUDETTO<\/h3>\n<\/blockquote>\n<p><strong><a class=\"dt-pswp-item\" href=\"https:\/\/www.radiopiu.net\/wordpress\/wp-content\/uploads\/2024\/03\/SCR-20240323-ofpk.png\" data-dt-img-description=\"\" data-large_image_width=\"1090\" data-large_image_height=\"748\"><img loading=\"lazy\" decoding=\"async\" class=\" wp-image-380744 alignleft\" src=\"https:\/\/www.radiopiu.net\/wordpress\/wp-content\/uploads\/2024\/03\/SCR-20240323-ofpk-300x206.png\" alt=\"\" width=\"229\" height=\"157\" srcset=\"https:\/\/www.radiopiu.net\/wordpress\/wp-content\/uploads\/2024\/03\/SCR-20240323-ofpk-300x206.png 300w, https:\/\/www.radiopiu.net\/wordpress\/wp-content\/uploads\/2024\/03\/SCR-20240323-ofpk-1024x703.png 1024w, https:\/\/www.radiopiu.net\/wordpress\/wp-content\/uploads\/2024\/03\/SCR-20240323-ofpk-768x527.png 768w, https:\/\/www.radiopiu.net\/wordpress\/wp-content\/uploads\/2024\/03\/SCR-20240323-ofpk.png 1090w\" sizes=\"auto, (max-width: 229px) 100vw, 229px\" \/><\/a>DI MARCO GAZ<\/strong><\/p>\n<p><span style=\"color: #ff0000;\"><strong>FINALE CAMPIONATO UNDER 16 &#8211; GARA 1<\/strong><\/span><\/p>\n<p><strong>CORTINA\/ALLEGHE &#8211; ORA\/EGNA 1-3<\/strong><\/p>\n<p>GOL CORTINA\/ALLEGHE: Alver\u00e0<\/p>\n<p>Dopo una partita giocata alla pari, il Cortina\/Alleghe under 16 deve alzare bandiera bianca consegnando gara 1 della finale scudetto agli altotaesini dell&#8217;Ora\/Egna. Squadra bellunese che trova il vantaggio con Alver\u00e0 dopo 13&#8242;. Nel secondo drittel gli ospti pareggiano i conti. Terza frazione da dimenticare per il far team bellunese. Due errori costano caro al Cortina\/Alleghe che concede agli altoatesini di siglare due gol, l&#8217;ultimo con i bellunesi che hanno provato a pareggiare i conti con il sestoi uomo di movimento togliendo il portiere. Una sconfitta ma a testa alta per il Cortina\/Alleghe che oggi torner\u00e0 in campo per giocarsi il tutto per tutto in gara 2.<\/p>\n<p>&nbsp;<\/p>\n<blockquote>\n<h3>UNA SEDUTA DI ALLENAMENTO SPECIALE PER LE GIOVANI CIVETTE CON NIKOLAI ZHERDEV<\/h3>\n<\/blockquote>\n<p><strong>ALLEGHE<\/strong> Un allenamento speciale quello di venerd\u00ec sera per le giovani civette dell&#8217;Alleghe Hockey. I bambini hanno avuto modo di avere un allenatore d&#8217;eccezione per la seduta settimanale. si Tratta del loro idolo Nikolai Zherdev che, dopo aver terminato la stagione in IHL con la prima squadra, ha deciso di dedicarsi ai pi\u00f9 giovani dedicando del tempo ai piccoli hockeisti agordini.<\/p>\n<p><strong>LE FOTO DI ANNALISA DAL MAS<\/strong><\/p>\n\n\t\t\t<style type='text\/css'>\n\t\t\t\t#gallery-11 {\n\t\t\t\t\tmargin: auto;\n\t\t\t\t}\n\t\t\t\t#gallery-11 .gallery-item {\n\t\t\t\t\tfloat: left;\n\t\t\t\t\tmargin-top: 10px;\n\t\t\t\t\ttext-align: center;\n\t\t\t\t\twidth: 33%;\n\t\t\t\t}\n\t\t\t\t#gallery-11 img {\n\t\t\t\t\tborder: 2px solid #cfcfcf;\n\t\t\t\t}\n\t\t\t\t#gallery-11 .gallery-caption {\n\t\t\t\t\tmargin-left: 0;\n\t\t\t\t}\n\t\t\t\t\/* see gallery_shortcode() in wp-includes\/media.php *\/\n\t\t\t<\/style>\n\t\t<div id='gallery-11' class='dt-gallery-container gallery galleryid-380591 gallery-columns-3 gallery-size-thumbnail'><dl class='gallery-item'>\n\t\t\t\t<dt class='gallery-icon portrait'>\n\t\t\t\t\t<a class=\"rollover rollover-zoom dt-pswp-item\" title=\"8389bad7-85d9-4dbd-9d97-2f7812056848\" data-dt-img-description=\"\" data-large_image_width=\"1364\" data-large_image_height=\"2048\"href='https:\/\/www.radiopiu.net\/wordpress\/wp-content\/uploads\/2024\/03\/8389bad7-85d9-4dbd-9d97-2f7812056848.jpg'><img loading=\"lazy\" decoding=\"async\" width=\"150\" height=\"150\" src=\"https:\/\/www.radiopiu.net\/wordpress\/wp-content\/uploads\/2024\/03\/8389bad7-85d9-4dbd-9d97-2f7812056848-150x150.jpg\" class=\"attachment-thumbnail size-thumbnail\" alt=\"\" \/><\/a>\n\t\t\t\t<\/dt><\/dl><dl class='gallery-item'>\n\t\t\t\t<dt class='gallery-icon portrait'>\n\t\t\t\t\t<a class=\"rollover rollover-zoom dt-pswp-item\" title=\"6aa3312e-6a34-45d3-a9b6-9bb6808ab37b\" data-dt-img-description=\"\" data-large_image_width=\"1364\" data-large_image_height=\"2048\"href='https:\/\/www.radiopiu.net\/wordpress\/wp-content\/uploads\/2024\/03\/6aa3312e-6a34-45d3-a9b6-9bb6808ab37b.jpg'><img loading=\"lazy\" decoding=\"async\" width=\"150\" height=\"150\" src=\"https:\/\/www.radiopiu.net\/wordpress\/wp-content\/uploads\/2024\/03\/6aa3312e-6a34-45d3-a9b6-9bb6808ab37b-150x150.jpg\" class=\"attachment-thumbnail size-thumbnail\" alt=\"\" \/><\/a>\n\t\t\t\t<\/dt><\/dl><dl class='gallery-item'>\n\t\t\t\t<dt class='gallery-icon landscape'>\n\t\t\t\t\t<a class=\"rollover rollover-zoom dt-pswp-item\" title=\"4fb5d718-cacc-4222-a087-3885ab05959b\" data-dt-img-description=\"\" data-large_image_width=\"2048\" data-large_image_height=\"1362\"href='https:\/\/www.radiopiu.net\/wordpress\/wp-content\/uploads\/2024\/03\/4fb5d718-cacc-4222-a087-3885ab05959b.jpg'><img loading=\"lazy\" decoding=\"async\" width=\"150\" height=\"150\" src=\"https:\/\/www.radiopiu.net\/wordpress\/wp-content\/uploads\/2024\/03\/4fb5d718-cacc-4222-a087-3885ab05959b-150x150.jpg\" class=\"attachment-thumbnail size-thumbnail\" alt=\"\" \/><\/a>\n\t\t\t\t<\/dt><\/dl><br style=\"clear: both\" \/><dl class='gallery-item'>\n\t\t\t\t<dt class='gallery-icon landscape'>\n\t\t\t\t\t<a class=\"rollover rollover-zoom dt-pswp-item\" title=\"278cd283-804c-4c86-a73c-6404eb27c61c\" data-dt-img-description=\"\" data-large_image_width=\"2048\" data-large_image_height=\"2048\"href='https:\/\/www.radiopiu.net\/wordpress\/wp-content\/uploads\/2024\/03\/278cd283-804c-4c86-a73c-6404eb27c61c.jpg'><img loading=\"lazy\" decoding=\"async\" width=\"150\" height=\"150\" src=\"https:\/\/www.radiopiu.net\/wordpress\/wp-content\/uploads\/2024\/03\/278cd283-804c-4c86-a73c-6404eb27c61c-150x150.jpg\" class=\"attachment-thumbnail size-thumbnail\" alt=\"\" srcset=\"https:\/\/www.radiopiu.net\/wordpress\/wp-content\/uploads\/2024\/03\/278cd283-804c-4c86-a73c-6404eb27c61c-150x150.jpg 150w, https:\/\/www.radiopiu.net\/wordpress\/wp-content\/uploads\/2024\/03\/278cd283-804c-4c86-a73c-6404eb27c61c-300x300.jpg 300w, https:\/\/www.radiopiu.net\/wordpress\/wp-content\/uploads\/2024\/03\/278cd283-804c-4c86-a73c-6404eb27c61c-1024x1024.jpg 1024w, https:\/\/www.radiopiu.net\/wordpress\/wp-content\/uploads\/2024\/03\/278cd283-804c-4c86-a73c-6404eb27c61c-768x768.jpg 768w, https:\/\/www.radiopiu.net\/wordpress\/wp-content\/uploads\/2024\/03\/278cd283-804c-4c86-a73c-6404eb27c61c-1536x1536.jpg 1536w, https:\/\/www.radiopiu.net\/wordpress\/wp-content\/uploads\/2024\/03\/278cd283-804c-4c86-a73c-6404eb27c61c.jpg 2048w\" sizes=\"auto, (max-width: 150px) 100vw, 150px\" \/><\/a>\n\t\t\t\t<\/dt><\/dl><dl class='gallery-item'>\n\t\t\t\t<dt class='gallery-icon landscape'>\n\t\t\t\t\t<a class=\"rollover rollover-zoom dt-pswp-item\" title=\"3129a9d0-8821-4143-85d2-80f2b620b989\" data-dt-img-description=\"\" data-large_image_width=\"2048\" data-large_image_height=\"1362\"href='https:\/\/www.radiopiu.net\/wordpress\/wp-content\/uploads\/2024\/03\/3129a9d0-8821-4143-85d2-80f2b620b989.jpg'><img loading=\"lazy\" decoding=\"async\" width=\"150\" height=\"150\" src=\"https:\/\/www.radiopiu.net\/wordpress\/wp-content\/uploads\/2024\/03\/3129a9d0-8821-4143-85d2-80f2b620b989-150x150.jpg\" class=\"attachment-thumbnail size-thumbnail\" alt=\"\" \/><\/a>\n\t\t\t\t<\/dt><\/dl><dl class='gallery-item'>\n\t\t\t\t<dt class='gallery-icon portrait'>\n\t\t\t\t\t<a class=\"rollover rollover-zoom dt-pswp-item\" title=\"aa1d1291-c90e-4a02-b194-3db3d027247f\" data-dt-img-description=\"\" data-large_image_width=\"1012\" data-large_image_height=\"1520\"href='https:\/\/www.radiopiu.net\/wordpress\/wp-content\/uploads\/2024\/03\/aa1d1291-c90e-4a02-b194-3db3d027247f.jpg'><img loading=\"lazy\" decoding=\"async\" width=\"150\" height=\"150\" src=\"https:\/\/www.radiopiu.net\/wordpress\/wp-content\/uploads\/2024\/03\/aa1d1291-c90e-4a02-b194-3db3d027247f-150x150.jpg\" class=\"attachment-thumbnail size-thumbnail\" alt=\"\" \/><\/a>\n\t\t\t\t<\/dt><\/dl><br style=\"clear: both\" \/><dl class='gallery-item'>\n\t\t\t\t<dt class='gallery-icon landscape'>\n\t\t\t\t\t<a class=\"rollover rollover-zoom dt-pswp-item\" title=\"4e278d40-ddeb-40c1-89be-9a9bd5fc70ea\" data-dt-img-description=\"\" data-large_image_width=\"2048\" data-large_image_height=\"1362\"href='https:\/\/www.radiopiu.net\/wordpress\/wp-content\/uploads\/2024\/03\/4e278d40-ddeb-40c1-89be-9a9bd5fc70ea.jpg'><img loading=\"lazy\" decoding=\"async\" width=\"150\" height=\"150\" src=\"https:\/\/www.radiopiu.net\/wordpress\/wp-content\/uploads\/2024\/03\/4e278d40-ddeb-40c1-89be-9a9bd5fc70ea-150x150.jpg\" class=\"attachment-thumbnail size-thumbnail\" alt=\"\" \/><\/a>\n\t\t\t\t<\/dt><\/dl><dl class='gallery-item'>\n\t\t\t\t<dt class='gallery-icon landscape'>\n\t\t\t\t\t<a class=\"rollover rollover-zoom dt-pswp-item\" title=\"a75eafa8-1dc3-44f9-a4ec-96a38c909378\" data-dt-img-description=\"\" data-large_image_width=\"2048\" data-large_image_height=\"1364\"href='https:\/\/www.radiopiu.net\/wordpress\/wp-content\/uploads\/2024\/03\/a75eafa8-1dc3-44f9-a4ec-96a38c909378.jpg'><img loading=\"lazy\" decoding=\"async\" width=\"150\" height=\"150\" src=\"https:\/\/www.radiopiu.net\/wordpress\/wp-content\/uploads\/2024\/03\/a75eafa8-1dc3-44f9-a4ec-96a38c909378-150x150.jpg\" class=\"attachment-thumbnail size-thumbnail\" alt=\"\" \/><\/a>\n\t\t\t\t<\/dt><\/dl><dl class='gallery-item'>\n\t\t\t\t<dt class='gallery-icon landscape'>\n\t\t\t\t\t<a class=\"rollover rollover-zoom dt-pswp-item\" title=\"9e9905dc-395e-4c73-9d12-7e604eac35c9\" data-dt-img-description=\"\" data-large_image_width=\"2048\" data-large_image_height=\"1364\"href='https:\/\/www.radiopiu.net\/wordpress\/wp-content\/uploads\/2024\/03\/9e9905dc-395e-4c73-9d12-7e604eac35c9.jpg'><img loading=\"lazy\" decoding=\"async\" width=\"150\" height=\"150\" src=\"https:\/\/www.radiopiu.net\/wordpress\/wp-content\/uploads\/2024\/03\/9e9905dc-395e-4c73-9d12-7e604eac35c9-150x150.jpg\" class=\"attachment-thumbnail size-thumbnail\" alt=\"\" \/><\/a>\n\t\t\t\t<\/dt><\/dl><br style=\"clear: both\" \/>\n\t\t\t<\/div>\n\n<p>&nbsp;<\/p>\n<p><strong>IL VIDEO<\/strong><\/p>\n<div style=\"width: 848px;\" class=\"wp-video\"><video class=\"wp-video-shortcode\" id=\"video-380591-1\" width=\"848\" height=\"480\" preload=\"metadata\" controls=\"controls\"><source type=\"video\/mp4\" src=\"https:\/\/www.radiopiu.net\/wordpress\/wp-content\/uploads\/2024\/03\/WhatsApp-Video-2024-03-23-at-12.56.15.mp4?_=1\" \/><a href=\"https:\/\/www.radiopiu.net\/wordpress\/wp-content\/uploads\/2024\/03\/WhatsApp-Video-2024-03-23-at-12.56.15.mp4\">https:\/\/www.radiopiu.net\/wordpress\/wp-content\/uploads\/2024\/03\/WhatsApp-Video-2024-03-23-at-12.56.15.mp4<\/a><\/video><\/div>\n<p>&nbsp;<\/p>\n<p><span style=\"color: #0000ff;\"><strong>PALLAVOLO\u00a0\u00a0<\/strong><\/span><\/p>\n<h2><b>Belluno Volley, il derby vale la palma di vice capolista<\/b><\/h2>\n<blockquote>\n<h2><b><a class=\"dt-pswp-item\" href=\"https:\/\/www.radiopiu.net\/wordpress\/wp-content\/uploads\/2024\/03\/Foto_di_gruppo.jpg\" data-dt-img-description=\"\" data-large_image_width=\"1280\" data-large_image_height=\"960\"><img loading=\"lazy\" decoding=\"async\" class=\"size-medium wp-image-380901 aligncenter\" src=\"https:\/\/www.radiopiu.net\/wordpress\/wp-content\/uploads\/2024\/03\/Foto_di_gruppo-300x225.jpg\" alt=\"\" width=\"300\" height=\"225\" srcset=\"https:\/\/www.radiopiu.net\/wordpress\/wp-content\/uploads\/2024\/03\/Foto_di_gruppo-300x225.jpg 300w, https:\/\/www.radiopiu.net\/wordpress\/wp-content\/uploads\/2024\/03\/Foto_di_gruppo-1024x768.jpg 1024w, https:\/\/www.radiopiu.net\/wordpress\/wp-content\/uploads\/2024\/03\/Foto_di_gruppo-768x576.jpg 768w, https:\/\/www.radiopiu.net\/wordpress\/wp-content\/uploads\/2024\/03\/Foto_di_gruppo.jpg 1280w\" sizes=\"auto, (max-width: 300px) 100vw, 300px\" \/><\/a><br \/>\n<\/b><\/h2>\n<\/blockquote>\n<p><b>BELLUNO VOLLEY-SENINI MOTTA DI LIVENZA 3-0 <\/b><b>PARZIALI:<\/b> 25-20, 25-15, 25-20.<span class=\"gmail-Apple-converted-space\"> \u00a0<\/span><b>BELLUNO VOLLEY: <\/b>Ferrato 5, Bisi 12, Schiro 11, Bucko 6, Mozzato 10, Antonaci 7; G. Martinez (L), Reyes 1. N.e. Orto, De Col, I. Martinez, Stufano, Guolla, Fraccaro (L). Allenatore: G. Colussi.<\/p>\n<p>il <b>Belluno Volley<\/b> ha voluto scrivere il suo finale perfetto, con un derby vinto in tre set. Ma soprattutto con un secondo posto conquistato all\u2019ultimissima curva: grazie ai tre punti strappati alla <b>Senini Motta di Livenza<\/b>, i rinoceronti affiancano il Personal Time San Don\u00e0 in graduatoria. E gli sfilano il ruolo di vice capolista, avendo un miglior quoziente set. Questo significa che, nel primo turno di playoff, il gruppo di coach Colussi affronter\u00e0 la Negrini Cte Acqui Terme: l\u2019andata si giocher\u00e0 in Piemonte, luned\u00ec 1 aprile. E il ritorno alla Spes Arena, domenica 7.<span class=\"gmail-Apple-converted-space\">\u00a0<\/span><\/p>\n<p>&nbsp;<\/p>\n<blockquote>\n<h3>LA PALLAVOLO FEMMINILE BELLUNO DI SERIE D STRAPPA 3 PUNTI CON IL VENEZIA<\/h3>\n<\/blockquote>\n<p><b><a class=\"dt-pswp-item\" href=\"https:\/\/www.radiopiu.net\/wordpress\/wp-content\/uploads\/2024\/03\/Synergy_battuto_in_4_set.jpg\" data-dt-img-description=\"\" data-large_image_width=\"1280\" data-large_image_height=\"853\"><img loading=\"lazy\" decoding=\"async\" class=\" wp-image-380804 alignleft\" src=\"https:\/\/www.radiopiu.net\/wordpress\/wp-content\/uploads\/2024\/03\/Synergy_battuto_in_4_set-300x200.jpg\" alt=\"\" width=\"150\" height=\"100\" srcset=\"https:\/\/www.radiopiu.net\/wordpress\/wp-content\/uploads\/2024\/03\/Synergy_battuto_in_4_set-300x200.jpg 300w, https:\/\/www.radiopiu.net\/wordpress\/wp-content\/uploads\/2024\/03\/Synergy_battuto_in_4_set-1024x682.jpg 1024w, https:\/\/www.radiopiu.net\/wordpress\/wp-content\/uploads\/2024\/03\/Synergy_battuto_in_4_set-768x512.jpg 768w, https:\/\/www.radiopiu.net\/wordpress\/wp-content\/uploads\/2024\/03\/Synergy_battuto_in_4_set.jpg 1280w\" sizes=\"auto, (max-width: 150px) 100vw, 150px\" \/><\/a>BELLUNO VOLLEY-SYNERGY VENEZIA 3-1 (<\/b><strong>25-5, 23-25, 25-10, 26-24)<\/strong><\/p>\n<p>Un successo in quattro set per aprire nuove prospettive in chiave salvezza. BELLUNO VOLLEY di serie D si aggiudica lo scontro diretto con le veneziane del Synergy e mette in cascina tre punti dal peso specifico considerevole. Le ragazze di Diego Pezzei non potevano sbagliare? E, puntualmente, sono riuscite a strappare il bottino pieno, grazie a un approccio impeccabile e a un finale nel segno della lucidit\u00e0 e della concretezza.<span class=\"gmail-Apple-converted-space\">\u00a0<\/span><\/p>\n<p>&nbsp;<\/p>\n<blockquote>\n<h3>DUE SCONFITTE PER IL VOLLEY CLUB AGORDINO. RIPOSO PER LA PRIMA SQUADRA<\/h3>\n<\/blockquote>\n<p><strong><a class=\"dt-pswp-item\" href=\"https:\/\/www.radiopiu.net\/wordpress\/wp-content\/uploads\/2021\/05\/volley-2021.jpg\" data-dt-img-description=\"\" data-large_image_width=\"770\" data-large_image_height=\"450\"><img loading=\"lazy\" decoding=\"async\" class=\" wp-image-207180 alignleft\" src=\"https:\/\/www.radiopiu.net\/wordpress\/wp-content\/uploads\/2021\/05\/volley-2021-300x175.jpg\" alt=\"\" width=\"178\" height=\"104\" srcset=\"https:\/\/www.radiopiu.net\/wordpress\/wp-content\/uploads\/2021\/05\/volley-2021-300x175.jpg 300w, https:\/\/www.radiopiu.net\/wordpress\/wp-content\/uploads\/2021\/05\/volley-2021-768x449.jpg 768w, https:\/\/www.radiopiu.net\/wordpress\/wp-content\/uploads\/2021\/05\/volley-2021.jpg 770w\" sizes=\"auto, (max-width: 178px) 100vw, 178px\" \/><\/a>DI MARCO GAZ<\/strong><\/p>\n<p><span style=\"color: #ff0000;\"><strong>TERZA DIVISIONE UNDER 16<\/strong><\/span><\/p>\n<p><strong>VOLLEY CLUB AGORDINO \u2013 CADORE 2-3 (19-25, 25-23, 26-28, 25-23, 9-15)<\/strong><\/p>\n<p>Arriva una sconfitta al tie break per la Under 16 del Volley Club Agordino. Al Palarova di Agordo una vera e propria battaglia contro il Cadore. Dopo un primo parziale a favore delle Cadorine, la squadra di Agordo tira fuori le unghie giocando punto a punto dal secondo al quarto set tanto da riuscire a portare la sfida al break decisivo dove le ospiti hanno la meglio portando a casa il punto aggiuntivo.<\/p>\n<p><span style=\"color: #ff0000;\"><strong>UNDER 14 <\/strong><\/span><\/p>\n<p><strong>CASTION &#8211; VOLLEY CLUB AGORDINO 3-0 (25-10, 25-3, 25-10)<\/strong><\/p>\n<p>La squadra pi\u00f9 giovane del Volley Club Agordino crolla con il Castion. La squadra della Valbelluna rifila un secco tre a zero alle agordine dopo una partita a senso unico. Per tre volte il Castion chiude i set con un vantaggio a doppia cifra.<\/p>\n<p>&nbsp;<\/p>\n<p><span style=\"color: #0000ff;\"><strong>SCI NORDICO<\/strong><\/span><\/p>\n<blockquote>\n<h3>TERMINATA UFFICIALMENTE LA STAGIONE PER IL TEAM LONG DISTANCE AGORDINO<\/h3>\n<\/blockquote>\n<p><strong>CANALE D&#8217;AGORDO<\/strong> Ieri mattina con la Vattenfalloppet 50 km di sci di fondo in Valle di Gares, in una cornice invernale da favola, si \u00e8 conclusa la stagione per il Team Long distance Agordino. Ospiti d\u2019onore i fondisti del Team Vasabroke che per tutto l\u2019inverno si sono allenati assieme disputando fra le altre gare la Dolomitenlauf in Austria, la Marcialonga e la storica Vasaloppet in Svezia. 50 km oggi percorsi in amicizia e passione per lo sci e per l\u2019amore per le lunghe distanze elemento questo che da sempre avvicina i due team. Dopo il pranzo a Capanna Cima Comelle \u00e8 gi\u00e0 stato stilato parte del programma per la prossima stagione invernale.<\/p>\n\n\t\t\t<style type='text\/css'>\n\t\t\t\t#gallery-12 {\n\t\t\t\t\tmargin: auto;\n\t\t\t\t}\n\t\t\t\t#gallery-12 .gallery-item {\n\t\t\t\t\tfloat: left;\n\t\t\t\t\tmargin-top: 10px;\n\t\t\t\t\ttext-align: center;\n\t\t\t\t\twidth: 33%;\n\t\t\t\t}\n\t\t\t\t#gallery-12 img {\n\t\t\t\t\tborder: 2px solid #cfcfcf;\n\t\t\t\t}\n\t\t\t\t#gallery-12 .gallery-caption {\n\t\t\t\t\tmargin-left: 0;\n\t\t\t\t}\n\t\t\t\t\/* see gallery_shortcode() in wp-includes\/media.php *\/\n\t\t\t<\/style>\n\t\t<div id='gallery-12' class='dt-gallery-container gallery galleryid-380591 gallery-columns-3 gallery-size-thumbnail'><dl class='gallery-item'>\n\t\t\t\t<dt class='gallery-icon portrait'>\n\t\t\t\t\t<a class=\"rollover rollover-zoom dt-pswp-item\" title=\"0334bc48-bb73-4e35-8f7f-b676352d5910\" data-dt-img-description=\"\" data-large_image_width=\"1200\" data-large_image_height=\"1600\"href='https:\/\/www.radiopiu.net\/wordpress\/wp-content\/uploads\/2024\/03\/0334bc48-bb73-4e35-8f7f-b676352d5910.jpg'><img loading=\"lazy\" decoding=\"async\" width=\"150\" height=\"150\" src=\"https:\/\/www.radiopiu.net\/wordpress\/wp-content\/uploads\/2024\/03\/0334bc48-bb73-4e35-8f7f-b676352d5910-150x150.jpg\" class=\"attachment-thumbnail size-thumbnail\" alt=\"\" \/><\/a>\n\t\t\t\t<\/dt><\/dl><dl class='gallery-item'>\n\t\t\t\t<dt class='gallery-icon portrait'>\n\t\t\t\t\t<a class=\"rollover rollover-zoom dt-pswp-item\" title=\"85b2db69-fe1a-4684-b281-9419a4927040\" data-dt-img-description=\"\" data-large_image_width=\"1200\" data-large_image_height=\"1600\"href='https:\/\/www.radiopiu.net\/wordpress\/wp-content\/uploads\/2024\/03\/85b2db69-fe1a-4684-b281-9419a4927040.jpg'><img loading=\"lazy\" decoding=\"async\" width=\"150\" height=\"150\" src=\"https:\/\/www.radiopiu.net\/wordpress\/wp-content\/uploads\/2024\/03\/85b2db69-fe1a-4684-b281-9419a4927040-150x150.jpg\" class=\"attachment-thumbnail size-thumbnail\" alt=\"\" \/><\/a>\n\t\t\t\t<\/dt><\/dl><dl class='gallery-item'>\n\t\t\t\t<dt class='gallery-icon landscape'>\n\t\t\t\t\t<a class=\"rollover rollover-zoom dt-pswp-item\" title=\"3aad1c61-bf36-4f50-b9cb-7b5039f8a5c5\" data-dt-img-description=\"\" data-large_image_width=\"1265\" data-large_image_height=\"583\"href='https:\/\/www.radiopiu.net\/wordpress\/wp-content\/uploads\/2024\/03\/3aad1c61-bf36-4f50-b9cb-7b5039f8a5c5.jpg'><img loading=\"lazy\" decoding=\"async\" width=\"150\" height=\"150\" src=\"https:\/\/www.radiopiu.net\/wordpress\/wp-content\/uploads\/2024\/03\/3aad1c61-bf36-4f50-b9cb-7b5039f8a5c5-150x150.jpg\" class=\"attachment-thumbnail size-thumbnail\" alt=\"\" \/><\/a>\n\t\t\t\t<\/dt><\/dl><br style=\"clear: both\" \/>\n\t\t\t<\/div>\n\n<p>&nbsp;<\/p>\n<p>&nbsp;<\/p>\n<p>&nbsp;<\/p>\n","protected":false},"excerpt":{"rendered":"<p>****** &nbsp; PER RICEVERE QUESTO NOTIZIARIO DIRETTAMENTE SUL TUO CELLULARE ISCRIVITI AL CANALE TELEGRAM \u201cRADIO PIU\u00a0 INFORMAZIONE&#8221;\u00a0 \u00a0il CANALE TELEGRAM&#8230; UNISCITI A: RADIO PIU INFORMAZIONE &nbsp; &nbsp; ATTENZIONE: LA NUOVA APP PER IOS-IPHONE di Nicola Vettorello https:\/\/apps.apple.com\/it\/app\/radio-pi%C3%B9-emittente-agordina\/id1515939845 ATTENZIONE: LA NUOVA APP RADIO\u00a0 PER ANDROID di Nicola Vettorello https:\/\/play.google.com\/store\/apps\/details?id=net.radiopiu.iniko\u00a0\u00a0 &nbsp; &nbsp; \u00a0 LUNEDI 25 MARZO, DALLE&hellip;<\/p>\n","protected":false},"author":4,"featured_media":380903,"comment_status":"closed","ping_status":"closed","sticky":false,"template":"","format":"standard","meta":{"_monsterinsights_skip_tracking":false,"_monsterinsights_sitenote_active":false,"_monsterinsights_sitenote_note":"","_monsterinsights_sitenote_category":0,"footnotes":""},"categories":[51,86,49],"tags":[],"class_list":["post-380591","post","type-post","status-publish","format-standard","has-post-thumbnail","hentry","category-evidenza-top","category-gr","category-news-18","category-51","category-86","category-49","description-off"],"img_url":"https:\/\/www.radiopiu.net\/wordpress\/wp-content\/uploads\/2024\/03\/Tuffo_di_Gonzalo_Martinez.jpg","_links":{"self":[{"href":"https:\/\/www.radiopiu.net\/wordpress\/wp-json\/wp\/v2\/posts\/380591","targetHints":{"allow":["GET"]}}],"collection":[{"href":"https:\/\/www.radiopiu.net\/wordpress\/wp-json\/wp\/v2\/posts"}],"about":[{"href":"https:\/\/www.radiopiu.net\/wordpress\/wp-json\/wp\/v2\/types\/post"}],"author":[{"embeddable":true,"href":"https:\/\/www.radiopiu.net\/wordpress\/wp-json\/wp\/v2\/users\/4"}],"replies":[{"embeddable":true,"href":"https:\/\/www.radiopiu.net\/wordpress\/wp-json\/wp\/v2\/comments?post=380591"}],"version-history":[{"count":0,"href":"https:\/\/www.radiopiu.net\/wordpress\/wp-json\/wp\/v2\/posts\/380591\/revisions"}],"wp:featuredmedia":[{"embeddable":true,"href":"https:\/\/www.radiopiu.net\/wordpress\/wp-json\/wp\/v2\/media\/380903"}],"wp:attachment":[{"href":"https:\/\/www.radiopiu.net\/wordpress\/wp-json\/wp\/v2\/media?parent=380591"}],"wp:term":[{"taxonomy":"category","embeddable":true,"href":"https:\/\/www.radiopiu.net\/wordpress\/wp-json\/wp\/v2\/categories?post=380591"},{"taxonomy":"post_tag","embeddable":true,"href":"https:\/\/www.radiopiu.net\/wordpress\/wp-json\/wp\/v2\/tags?post=380591"}],"curies":[{"name":"wp","href":"https:\/\/api.w.org\/{rel}","templated":true}]}}