{"id":380674,"date":"2024-03-25T05:07:42","date_gmt":"2024-03-25T04:07:42","guid":{"rendered":"https:\/\/www.radiopiu.net\/wordpress\/?p=380674"},"modified":"2024-03-25T05:12:11","modified_gmt":"2024-03-25T04:12:11","slug":"settimana-corta-essilorluxottica-protagonista-nella-puntata-di-presadiretta-su-raitre","status":"publish","type":"post","link":"https:\/\/www.radiopiu.net\/wordpress\/settimana-corta-essilorluxottica-protagonista-nella-puntata-di-presadiretta-su-raitre\/","title":{"rendered":"SETTIMANA CORTA: ESSILORLUXOTTICA PROTAGONISTA NELLA PUNTATA DI PRESADIRETTA SU RAITRE"},"content":{"rendered":"<p>******<\/p>\n<p>&nbsp;<\/p>\n<p><strong><a class=\"dt-pswp-item\" href=\"https:\/\/www.radiopiu.net\/wordpress\/wp-content\/uploads\/2024\/03\/LUXOTTICA.png\" data-dt-img-description=\"\" data-large_image_width=\"850\" data-large_image_height=\"385\"><img loading=\"lazy\" decoding=\"async\" class=\" wp-image-378173 alignleft\" src=\"https:\/\/www.radiopiu.net\/wordpress\/wp-content\/uploads\/2024\/03\/LUXOTTICA-300x136.png\" alt=\"\" width=\"210\" height=\"95\" srcset=\"https:\/\/www.radiopiu.net\/wordpress\/wp-content\/uploads\/2024\/03\/LUXOTTICA-300x136.png 300w, https:\/\/www.radiopiu.net\/wordpress\/wp-content\/uploads\/2024\/03\/LUXOTTICA-768x348.png 768w, https:\/\/www.radiopiu.net\/wordpress\/wp-content\/uploads\/2024\/03\/LUXOTTICA.png 850w\" sizes=\"auto, (max-width: 210px) 100vw, 210px\" \/><\/a>AGORDO<\/strong> Domani sera alle 21:10 su RaiTre andr\u00e0 in onda una nuova puntata di &#8220;PresaDiretta&#8221;, il programma di Roberto Iacona. Tra gli argomenti che verranno trattati anche la settimana corta. Le telecamere del programma sono andate in alcune aziende italiane che la stanno sperimentando, da EssilorLuxottica a Lamborghini e anche in Portogallo dove quarantuno aziende stanno valutando se lavorare meno con lo stesso salario sia la strada giusta per produrre meglio e di piu\u0300.<\/p>\n<blockquote><p><em>Viene chiamata la rivoluzione dei 4 giorni. In tutto il mondo, ed \u00e8 gi\u00e0 una realt\u00e0 in diversi Paesi europei, la riorganizzazione del modo di lavorare sta avvenendo con il modello della cosiddetta settimana corta: la riduzione della settimana lavorativa a quattro giorni anzich\u00e9 cinque. Si lavora dal luned\u00ec al gioved\u00ec, a parit\u00e0 di stipendio. Com\u2019\u00e8 possibile lo racconter\u00e0 PresaDiretta, luned\u00ec in prima serata su Rai3. Le telecamere del programma di Riccardo Iacona sono entrate in due tra le pi\u00f9 importanti fabbriche italiane che stanno sperimentando per prime questa innovazione, EssilorLuxottica e Lamborghini.<\/em><\/p><\/blockquote>\n<p><strong>LA PRESENTAZIONE DEL SERVIZIO<\/strong><\/p>\n<audio class=\"wp-audio-shortcode\" id=\"audio-380674-1\" preload=\"none\" style=\"width: 100%;\" controls=\"controls\"><source type=\"audio\/mpeg\" src=\"https:\/\/www.radiopiu.net\/wordpress\/wp-content\/uploads\/2024\/03\/presa-diretta.mp3?_=1\" \/><a href=\"https:\/\/www.radiopiu.net\/wordpress\/wp-content\/uploads\/2024\/03\/presa-diretta.mp3\">https:\/\/www.radiopiu.net\/wordpress\/wp-content\/uploads\/2024\/03\/presa-diretta.mp3<\/a><\/audio>\n<h3><\/h3>\n<p>&nbsp;<\/p>\n<blockquote>\n<h1><em><span style=\"color: #ff0000;\"><strong>\u00a0DOMANI SERA\u00a0 21:10 SU RAITRE CON PRESADIRETTA<\/strong><\/span><\/em><\/h1>\n<\/blockquote>\n<p>&nbsp;<\/p>\n<p>&nbsp;<\/p>\n<hr \/>\n<p>&nbsp;<\/p>\n<p>&nbsp;<\/p>\n<p><a class=\"dt-pswp-item\" href=\"https:\/\/www.radiopiu.net\/wordpress\/wp-content\/uploads\/2024\/03\/r320x240-rosso.jpg\" data-dt-img-description=\"\" data-large_image_width=\"320\" data-large_image_height=\"240\"><img loading=\"lazy\" decoding=\"async\" class=\"size-medium wp-image-380799 aligncenter\" src=\"https:\/\/www.radiopiu.net\/wordpress\/wp-content\/uploads\/2024\/03\/r320x240-rosso-300x225.jpg\" alt=\"\" width=\"300\" height=\"225\" srcset=\"https:\/\/www.radiopiu.net\/wordpress\/wp-content\/uploads\/2024\/03\/r320x240-rosso-300x225.jpg 300w, https:\/\/www.radiopiu.net\/wordpress\/wp-content\/uploads\/2024\/03\/r320x240-rosso.jpg 320w\" sizes=\"auto, (max-width: 300px) 100vw, 300px\" \/><\/a><\/p>\n<p><strong>ARCHIVIO RADIOPIU<\/strong><\/p>\n<p>&nbsp;<\/p>\n<blockquote class=\"wp-embedded-content\" data-secret=\"EWLWiAGMXY\"><p><a href=\"https:\/\/www.radiopiu.net\/wordpress\/luxottica-news-settimana-cortas\/\">LUXOTTICA, NEWS SETTIMANA CORTA&#8230; LA RACCOLTA COMPLETA.<\/a><\/p><\/blockquote>\n<p><iframe loading=\"lazy\" class=\"wp-embedded-content\" sandbox=\"allow-scripts\" security=\"restricted\" style=\"position: absolute; clip: rect(1px, 1px, 1px, 1px);\" title=\"&#8220;LUXOTTICA, NEWS SETTIMANA CORTA&#8230; LA RACCOLTA COMPLETA.&#8221; &#8212; Radio Pi\u00f9\" src=\"https:\/\/www.radiopiu.net\/wordpress\/luxottica-news-settimana-cortas\/embed\/#?secret=POj8fct6Ij#?secret=EWLWiAGMXY\" data-secret=\"EWLWiAGMXY\" width=\"600\" height=\"338\" frameborder=\"0\" marginwidth=\"0\" marginheight=\"0\" scrolling=\"no\"><\/iframe><\/p>\n<p>&nbsp;<\/p>\n<p>&nbsp;<\/p>\n<p>********<\/p>\n","protected":false},"excerpt":{"rendered":"<p>****** &nbsp; AGORDO Domani sera alle 21:10 su RaiTre andr\u00e0 in onda una nuova puntata di &#8220;PresaDiretta&#8221;, il programma di Roberto Iacona. Tra gli argomenti che verranno trattati anche la settimana corta. Le telecamere del programma sono andate in alcune aziende italiane che la stanno sperimentando, da EssilorLuxottica a Lamborghini e anche in Portogallo dove&hellip;<\/p>\n","protected":false},"author":4,"featured_media":378173,"comment_status":"closed","ping_status":"closed","sticky":false,"template":"","format":"standard","meta":{"_monsterinsights_skip_tracking":false,"_monsterinsights_sitenote_active":false,"_monsterinsights_sitenote_note":"","_monsterinsights_sitenote_category":0,"footnotes":""},"categories":[51,49],"tags":[],"class_list":["post-380674","post","type-post","status-publish","format-standard","has-post-thumbnail","hentry","category-evidenza-top","category-news-18","category-51","category-49","description-off"],"img_url":"https:\/\/www.radiopiu.net\/wordpress\/wp-content\/uploads\/2024\/03\/LUXOTTICA.png","_links":{"self":[{"href":"https:\/\/www.radiopiu.net\/wordpress\/wp-json\/wp\/v2\/posts\/380674","targetHints":{"allow":["GET"]}}],"collection":[{"href":"https:\/\/www.radiopiu.net\/wordpress\/wp-json\/wp\/v2\/posts"}],"about":[{"href":"https:\/\/www.radiopiu.net\/wordpress\/wp-json\/wp\/v2\/types\/post"}],"author":[{"embeddable":true,"href":"https:\/\/www.radiopiu.net\/wordpress\/wp-json\/wp\/v2\/users\/4"}],"replies":[{"embeddable":true,"href":"https:\/\/www.radiopiu.net\/wordpress\/wp-json\/wp\/v2\/comments?post=380674"}],"version-history":[{"count":0,"href":"https:\/\/www.radiopiu.net\/wordpress\/wp-json\/wp\/v2\/posts\/380674\/revisions"}],"wp:featuredmedia":[{"embeddable":true,"href":"https:\/\/www.radiopiu.net\/wordpress\/wp-json\/wp\/v2\/media\/378173"}],"wp:attachment":[{"href":"https:\/\/www.radiopiu.net\/wordpress\/wp-json\/wp\/v2\/media?parent=380674"}],"wp:term":[{"taxonomy":"category","embeddable":true,"href":"https:\/\/www.radiopiu.net\/wordpress\/wp-json\/wp\/v2\/categories?post=380674"},{"taxonomy":"post_tag","embeddable":true,"href":"https:\/\/www.radiopiu.net\/wordpress\/wp-json\/wp\/v2\/tags?post=380674"}],"curies":[{"name":"wp","href":"https:\/\/api.w.org\/{rel}","templated":true}]}}