{"id":380747,"date":"2024-03-23T20:01:08","date_gmt":"2024-03-23T19:01:08","guid":{"rendered":"https:\/\/www.radiopiu.net\/wordpress\/?p=380747"},"modified":"2024-03-24T06:50:53","modified_gmt":"2024-03-24T05:50:53","slug":"tre-auto-coinvolte-nellincidente-al-mas-di-vallada-sei-i-feriti","status":"publish","type":"post","link":"https:\/\/www.radiopiu.net\/wordpress\/tre-auto-coinvolte-nellincidente-al-mas-di-vallada-sei-i-feriti\/","title":{"rendered":"TRE AUTO COINVOLTE NELL&#8217;INCIDENTE AL MAS DI VALLADA. SEI I FERITI"},"content":{"rendered":"<p>*****<\/p>\n<p>&nbsp;<\/p>\n<p><em>\u00a0trasportati all&#8217;ospedale due uomini e altrettante donne, di et\u00e0 compresa tra 50 e 53 anni. provenienti da Roma, Rocca Pietore e Montegrotto Terme. Tra i feriti, uno \u00e8 in gravi condizioni ed \u00e8 quello che \u00e8 stato ricoverato al San Martino di Belluno. Gli altri sono al Papa Luciani di Agordo<\/em><\/p>\n<p><strong>\u00a0<\/strong><strong>VALLADA<\/strong> Un incidente con tre auto coinvolte ha causato sei feriti sulla provinciale 346, localit\u00e0 Mas di Vallada Agordina, vicino alla galleria delle Anime. Il traffico \u00e8 stato bloccato dalle 16 alle 18.30. Sul posto sono intervenuti ambulanze del Suem e della Croce Verde Val Biois, Carabinieri di Cencenighe e Falcade e Vigili del Fuoco di Agordo. I pompieri hanno garantito la sicurezza dei mezzi e assistito i soccorsi sanitari. I sei feriti sono stati curati dal Suem, poi trasferiti in ospedale: 5 trasportati al Papa Luciani di Agordo e uno al San Martino di Belluno. La strada \u00e8 stata bloccata durante il soccorso e per i rilievi dell&#8217;incidente da parte delle forze dell&#8217;ordine. Le operazioni dei vigili del fuoco si sono concluse dopo circa due ore.<\/p>\n\n\t\t\t<style type='text\/css'>\n\t\t\t\t#gallery-1 {\n\t\t\t\t\tmargin: auto;\n\t\t\t\t}\n\t\t\t\t#gallery-1 .gallery-item {\n\t\t\t\t\tfloat: left;\n\t\t\t\t\tmargin-top: 10px;\n\t\t\t\t\ttext-align: center;\n\t\t\t\t\twidth: 20%;\n\t\t\t\t}\n\t\t\t\t#gallery-1 img {\n\t\t\t\t\tborder: 2px solid #cfcfcf;\n\t\t\t\t}\n\t\t\t\t#gallery-1 .gallery-caption {\n\t\t\t\t\tmargin-left: 0;\n\t\t\t\t}\n\t\t\t\t\/* see gallery_shortcode() in wp-includes\/media.php *\/\n\t\t\t<\/style>\n\t\t<div id='gallery-1' class='dt-gallery-container gallery galleryid-380747 gallery-columns-5 gallery-size-thumbnail'><dl class='gallery-item'>\n\t\t\t\t<dt class='gallery-icon landscape'>\n\t\t\t\t\t<a class=\"rollover rollover-zoom dt-pswp-item\" title=\"0c538c8e-5c8c-4899-b3ad-0619213471e8\" data-dt-img-description=\"\" data-large_image_width=\"1127\" data-large_image_height=\"696\"href='https:\/\/www.radiopiu.net\/wordpress\/wp-content\/uploads\/2024\/03\/0c538c8e-5c8c-4899-b3ad-0619213471e8.jpg'><img loading=\"lazy\" decoding=\"async\" width=\"150\" height=\"150\" src=\"https:\/\/www.radiopiu.net\/wordpress\/wp-content\/uploads\/2024\/03\/0c538c8e-5c8c-4899-b3ad-0619213471e8-150x150.jpg\" class=\"attachment-thumbnail size-thumbnail\" alt=\"\" \/><\/a>\n\t\t\t\t<\/dt><\/dl><dl class='gallery-item'>\n\t\t\t\t<dt class='gallery-icon landscape'>\n\t\t\t\t\t<a class=\"rollover rollover-zoom dt-pswp-item\" title=\"07e3c3e0-6499-44c5-a79e-751a7f7e629d\" data-dt-img-description=\"\" data-large_image_width=\"1062\" data-large_image_height=\"591\"href='https:\/\/www.radiopiu.net\/wordpress\/wp-content\/uploads\/2024\/03\/07e3c3e0-6499-44c5-a79e-751a7f7e629d.jpg'><img loading=\"lazy\" decoding=\"async\" width=\"150\" height=\"150\" src=\"https:\/\/www.radiopiu.net\/wordpress\/wp-content\/uploads\/2024\/03\/07e3c3e0-6499-44c5-a79e-751a7f7e629d-150x150.jpg\" class=\"attachment-thumbnail size-thumbnail\" alt=\"\" \/><\/a>\n\t\t\t\t<\/dt><\/dl><dl class='gallery-item'>\n\t\t\t\t<dt class='gallery-icon landscape'>\n\t\t\t\t\t<a class=\"rollover rollover-zoom dt-pswp-item\" title=\"2032ccd1-09a7-46c6-925b-f71c8bf4abc7\" data-dt-img-description=\"\" data-large_image_width=\"1280\" data-large_image_height=\"591\"href='https:\/\/www.radiopiu.net\/wordpress\/wp-content\/uploads\/2024\/03\/2032ccd1-09a7-46c6-925b-f71c8bf4abc7.jpg'><img loading=\"lazy\" decoding=\"async\" width=\"150\" height=\"150\" src=\"https:\/\/www.radiopiu.net\/wordpress\/wp-content\/uploads\/2024\/03\/2032ccd1-09a7-46c6-925b-f71c8bf4abc7-150x150.jpg\" class=\"attachment-thumbnail size-thumbnail\" alt=\"\" \/><\/a>\n\t\t\t\t<\/dt><\/dl><dl class='gallery-item'>\n\t\t\t\t<dt class='gallery-icon landscape'>\n\t\t\t\t\t<a class=\"rollover rollover-zoom dt-pswp-item\" title=\"7830c986-e019-4085-b287-a028daf028fd\" data-dt-img-description=\"\" data-large_image_width=\"960\" data-large_image_height=\"581\"href='https:\/\/www.radiopiu.net\/wordpress\/wp-content\/uploads\/2024\/03\/7830c986-e019-4085-b287-a028daf028fd.jpg'><img loading=\"lazy\" decoding=\"async\" width=\"150\" height=\"150\" src=\"https:\/\/www.radiopiu.net\/wordpress\/wp-content\/uploads\/2024\/03\/7830c986-e019-4085-b287-a028daf028fd-150x150.jpg\" class=\"attachment-thumbnail size-thumbnail\" alt=\"\" \/><\/a>\n\t\t\t\t<\/dt><\/dl><dl class='gallery-item'>\n\t\t\t\t<dt class='gallery-icon landscape'>\n\t\t\t\t\t<a class=\"rollover rollover-zoom dt-pswp-item\" title=\"8215ca2e-0f21-46e2-80b5-0c26a7b83835\" data-dt-img-description=\"\" data-large_image_width=\"1280\" data-large_image_height=\"960\"href='https:\/\/www.radiopiu.net\/wordpress\/wp-content\/uploads\/2024\/03\/8215ca2e-0f21-46e2-80b5-0c26a7b83835.jpg'><img loading=\"lazy\" decoding=\"async\" width=\"150\" height=\"150\" src=\"https:\/\/www.radiopiu.net\/wordpress\/wp-content\/uploads\/2024\/03\/8215ca2e-0f21-46e2-80b5-0c26a7b83835-150x150.jpg\" class=\"attachment-thumbnail size-thumbnail\" alt=\"\" \/><\/a>\n\t\t\t\t<\/dt><\/dl><br style=\"clear: both\" \/>\n\t\t\t<\/div>\n\n<p>&nbsp;<\/p>\n<p>&nbsp;<\/p>\n<p>******<\/p>\n","protected":false},"excerpt":{"rendered":"<p>***** &nbsp; \u00a0trasportati all&#8217;ospedale due uomini e altrettante donne, di et\u00e0 compresa tra 50 e 53 anni. provenienti da Roma, Rocca Pietore e Montegrotto Terme. Tra i feriti, uno \u00e8 in gravi condizioni ed \u00e8 quello che \u00e8 stato ricoverato al San Martino di Belluno. Gli altri sono al Papa Luciani di Agordo \u00a0VALLADA Un&hellip;<\/p>\n","protected":false},"author":4,"featured_media":380786,"comment_status":"closed","ping_status":"closed","sticky":false,"template":"","format":"standard","meta":{"_monsterinsights_skip_tracking":false,"_monsterinsights_sitenote_active":false,"_monsterinsights_sitenote_note":"","_monsterinsights_sitenote_category":0,"footnotes":""},"categories":[51,49],"tags":[],"class_list":["post-380747","post","type-post","status-publish","format-standard","has-post-thumbnail","hentry","category-evidenza-top","category-news-18","category-51","category-49","description-off"],"img_url":"https:\/\/www.radiopiu.net\/wordpress\/wp-content\/uploads\/2024\/03\/8215ca2e-0f21-46e2-80b5-0c26a7b83835.jpg","_links":{"self":[{"href":"https:\/\/www.radiopiu.net\/wordpress\/wp-json\/wp\/v2\/posts\/380747","targetHints":{"allow":["GET"]}}],"collection":[{"href":"https:\/\/www.radiopiu.net\/wordpress\/wp-json\/wp\/v2\/posts"}],"about":[{"href":"https:\/\/www.radiopiu.net\/wordpress\/wp-json\/wp\/v2\/types\/post"}],"author":[{"embeddable":true,"href":"https:\/\/www.radiopiu.net\/wordpress\/wp-json\/wp\/v2\/users\/4"}],"replies":[{"embeddable":true,"href":"https:\/\/www.radiopiu.net\/wordpress\/wp-json\/wp\/v2\/comments?post=380747"}],"version-history":[{"count":0,"href":"https:\/\/www.radiopiu.net\/wordpress\/wp-json\/wp\/v2\/posts\/380747\/revisions"}],"wp:featuredmedia":[{"embeddable":true,"href":"https:\/\/www.radiopiu.net\/wordpress\/wp-json\/wp\/v2\/media\/380786"}],"wp:attachment":[{"href":"https:\/\/www.radiopiu.net\/wordpress\/wp-json\/wp\/v2\/media?parent=380747"}],"wp:term":[{"taxonomy":"category","embeddable":true,"href":"https:\/\/www.radiopiu.net\/wordpress\/wp-json\/wp\/v2\/categories?post=380747"},{"taxonomy":"post_tag","embeddable":true,"href":"https:\/\/www.radiopiu.net\/wordpress\/wp-json\/wp\/v2\/tags?post=380747"}],"curies":[{"name":"wp","href":"https:\/\/api.w.org\/{rel}","templated":true}]}}