{"id":380811,"date":"2024-03-25T13:30:13","date_gmt":"2024-03-25T12:30:13","guid":{"rendered":"https:\/\/www.radiopiu.net\/wordpress\/?p=380811"},"modified":"2024-03-24T11:08:19","modified_gmt":"2024-03-24T10:08:19","slug":"i-racconti-di-paolo-soppelsa-puntata-220","status":"publish","type":"post","link":"https:\/\/www.radiopiu.net\/wordpress\/i-racconti-di-paolo-soppelsa-puntata-220\/","title":{"rendered":"I RACCONTI DI PAOLO SOPPELSA &#8211; PUNTATA 220"},"content":{"rendered":"<p>******<\/p>\n<p>&nbsp;<\/p>\n<p><strong>DOMENICA DI MARZO\u00a0<\/strong><\/p>\n<p><strong>AUDIO<\/strong><\/p>\n<audio class=\"wp-audio-shortcode\" id=\"audio-380811-1\" preload=\"none\" style=\"width: 100%;\" controls=\"controls\"><source type=\"audio\/mpeg\" src=\"https:\/\/www.radiopiu.net\/wordpress\/wp-content\/uploads\/2024\/03\/PAOLOS-3.mp3?_=1\" \/><a href=\"https:\/\/www.radiopiu.net\/wordpress\/wp-content\/uploads\/2024\/03\/PAOLOS-3.mp3\">https:\/\/www.radiopiu.net\/wordpress\/wp-content\/uploads\/2024\/03\/PAOLOS-3.mp3<\/a><\/audio>\n<p>&nbsp;<\/p>\n<p><a class=\"dt-pswp-item\" href=\"https:\/\/www.radiopiu.net\/wordpress\/wp-content\/uploads\/2024\/03\/10d03750-df31-4d02-ab10-0954fdf00831.jpg\" data-dt-img-description=\"\" data-large_image_width=\"1080\" data-large_image_height=\"1440\"><img loading=\"lazy\" decoding=\"async\" class=\" wp-image-380813 alignleft\" src=\"https:\/\/www.radiopiu.net\/wordpress\/wp-content\/uploads\/2024\/03\/10d03750-df31-4d02-ab10-0954fdf00831-225x300.jpg\" alt=\"\" width=\"147\" height=\"196\" srcset=\"https:\/\/www.radiopiu.net\/wordpress\/wp-content\/uploads\/2024\/03\/10d03750-df31-4d02-ab10-0954fdf00831-225x300.jpg 225w, https:\/\/www.radiopiu.net\/wordpress\/wp-content\/uploads\/2024\/03\/10d03750-df31-4d02-ab10-0954fdf00831-768x1024.jpg 768w, https:\/\/www.radiopiu.net\/wordpress\/wp-content\/uploads\/2024\/03\/10d03750-df31-4d02-ab10-0954fdf00831.jpg 1080w\" sizes=\"auto, (max-width: 147px) 100vw, 147px\" \/><\/a>&#8220;&#8230;ascoltava il vento, guardava la valle e attendeva la pioggia; viveva in silenzio quel tempo incerto d&#8217;inizio marzo, un tempo di nuvole stanche che accarezzavano l&#8217;anima e le cime\u2026\u201d. Fermo sulla soglia della porta della baita, osservava l&#8217;ultima chiazza di neve che si arrendeva alla primavera nascente. Era neve giovane, di fine febbraio, che non aveva nemmeno avuto il tempo di ghiacciare. Si era sciolta subito sui prati rivolti a sud, aveva resistito poco pi\u00f9 di due settimane l\u00ec, dove il debole sole di fine inverno non era ancora riuscito ad arrivare; all\u2019ora del tramonto, quell&#8217;ultima neve ormai sfinita, avrebbe terminato la sua agonia e si sarebbe definitivamente consegnata a quel marzo uggioso, che quel giorno sapeva di pioggia leggera e vento umido che chiamava fuoco nella stufa. Era il tempo della solitudine cercata e del vecchio inverno ormai morente, della vista, fra gli alberi ancora spogli, della grande casa aldil\u00e0 della valle immersa nei boschi del Pelsa. In quegli attimi di intersecarsi silenzioso di due stagioni ascoltava il mormorare della fontana carica di acqua di disgelo. Cantava allegra quell&#8217;acqua di neve, con una voce chiara che sfoggiava solamente in marzo e in aprile. Era acqua limpida e fredda quella che sgorgava dalle misteriose viscere del monte, un&#8217;acqua che, tanti anni prima, dissetava i falciatori che, ai primi di luglio, da quel pascolo diventato bosco ricavavano circa centodieci fasci di fieno. Era domenica stanca, di tempo che scorreva lento e nuvole che stazionavano sull&#8217;orlo delle banche del Pelsa, proprio l\u00ec dove le grandi masse di neve erano oramai in bilico e pronte a gettarsi lungo i severi e verticali canaloni che solcano la grande montagna. La pioggia fredda e sottile continuava il suo imperterrito dissetare la terra ormai libera dalla morsa del gelo, mentre un vento umido faceva oscillare le cime dei grandi larici ancora assopiti nel lungo sonno invernale. Chiuse la porta dietro di s\u00e9 e si lasci\u00f2 andare alla tentazione di un nuovo fuoco nella stufa. Pochi minuti dopo il fuoco ardeva con vigore e il suo crepitare era una dolce compagnia nella penombra della piccola stanza. Si sedette sulla panca ad ascoltare quel fuoco amico, come aveva fatto tante altre volte d&#8217;inverno quando fuori scendeva la neve e c&#8217;era ancora pi\u00f9 silenzio. Erano attimi preziosi, cercati e trovati, semplici e ricchi di tutto ci\u00f2 che gli serviva per stare bene. In quei momenti pensava che, in fondo, la serenit\u00e0 stava dentro l&#8217;attesa di un caff\u00e8 mentre fuori marzo recitava la sua parte. Era vento che soffiava potente fra i larici spogli, era qualche goccia di pioggia e un buon calore di legna gi\u00e0 vissuto, e questo gli bastava, quel giorno, per sentirsi felice. C&#8217;era il vivere lento di una domenica di cielo inquieto, c&#8217;era il silenzio della montagna che scacciava la frenesia della vita di tutti gli altri giorni. C&#8217;era l&#8217;aroma del caff\u00e8 corretto e fuori i colori stinti dei boschi d&#8217;inizio marzo; poi alla sera, quando venne l&#8217;ora del suo lasciare i monti e la baita, ritorn\u00f2 ancora una volta l&#8217;inverno.<\/p>\n<p>&nbsp;<\/p>\n<p>&nbsp;<\/p>\n<p>*******<\/p>\n","protected":false},"excerpt":{"rendered":"<p>****** &nbsp; DOMENICA DI MARZO\u00a0 AUDIO &nbsp; &#8220;&#8230;ascoltava il vento, guardava la valle e attendeva la pioggia; viveva in silenzio quel tempo incerto d&#8217;inizio marzo, un tempo di nuvole stanche che accarezzavano l&#8217;anima e le cime\u2026\u201d. Fermo sulla soglia della porta della baita, osservava l&#8217;ultima chiazza di neve che si arrendeva alla primavera nascente. Era&hellip;<\/p>\n","protected":false},"author":4,"featured_media":380813,"comment_status":"closed","ping_status":"closed","sticky":false,"template":"","format":"standard","meta":{"_monsterinsights_skip_tracking":false,"_monsterinsights_sitenote_active":false,"_monsterinsights_sitenote_note":"","_monsterinsights_sitenote_category":0,"footnotes":""},"categories":[49,112],"tags":[],"class_list":["post-380811","post","type-post","status-publish","format-standard","has-post-thumbnail","hentry","category-news-18","category-racconti-soppelsa","category-49","category-112","description-off"],"img_url":"https:\/\/www.radiopiu.net\/wordpress\/wp-content\/uploads\/2024\/03\/10d03750-df31-4d02-ab10-0954fdf00831.jpg","_links":{"self":[{"href":"https:\/\/www.radiopiu.net\/wordpress\/wp-json\/wp\/v2\/posts\/380811","targetHints":{"allow":["GET"]}}],"collection":[{"href":"https:\/\/www.radiopiu.net\/wordpress\/wp-json\/wp\/v2\/posts"}],"about":[{"href":"https:\/\/www.radiopiu.net\/wordpress\/wp-json\/wp\/v2\/types\/post"}],"author":[{"embeddable":true,"href":"https:\/\/www.radiopiu.net\/wordpress\/wp-json\/wp\/v2\/users\/4"}],"replies":[{"embeddable":true,"href":"https:\/\/www.radiopiu.net\/wordpress\/wp-json\/wp\/v2\/comments?post=380811"}],"version-history":[{"count":0,"href":"https:\/\/www.radiopiu.net\/wordpress\/wp-json\/wp\/v2\/posts\/380811\/revisions"}],"wp:featuredmedia":[{"embeddable":true,"href":"https:\/\/www.radiopiu.net\/wordpress\/wp-json\/wp\/v2\/media\/380813"}],"wp:attachment":[{"href":"https:\/\/www.radiopiu.net\/wordpress\/wp-json\/wp\/v2\/media?parent=380811"}],"wp:term":[{"taxonomy":"category","embeddable":true,"href":"https:\/\/www.radiopiu.net\/wordpress\/wp-json\/wp\/v2\/categories?post=380811"},{"taxonomy":"post_tag","embeddable":true,"href":"https:\/\/www.radiopiu.net\/wordpress\/wp-json\/wp\/v2\/tags?post=380811"}],"curies":[{"name":"wp","href":"https:\/\/api.w.org\/{rel}","templated":true}]}}