{"id":380859,"date":"2024-04-15T00:04:14","date_gmt":"2024-04-14T22:04:14","guid":{"rendered":"https:\/\/www.radiopiu.net\/wordpress\/?p=380859"},"modified":"2024-04-20T09:04:41","modified_gmt":"2024-04-20T07:04:41","slug":"dillo-radio-piu-due-anni-dopo-non-e-cambiato-nulla","status":"publish","type":"post","link":"https:\/\/www.radiopiu.net\/wordpress\/dillo-radio-piu-due-anni-dopo-non-e-cambiato-nulla\/","title":{"rendered":"CICLABILE CENCENIGHE-FALCADE: OFF LIMITS"},"content":{"rendered":"<p>\u00b0\u00b0\u00b0<\/p>\n<p>&nbsp;<\/p>\n<p><strong>VALLADA<\/strong> Per gli amanti del ciclismo il consiglio di non avventurarsi sulla ciclabile che da Cencenighe sale a Falcade, \u00e8 interrotta. Gi\u00e0 al ponte dopo la bella strada che costeggia la ex galleria delle Anime l&#8217;invito a non continuare<\/p>\n<p><em><span style=\"color: #ff0000;\"><strong>A RADIO PIU&#8230; IL TEMA E&#8217; STATO TRATTATO SPESSO, L&#8217;ULTIMO ARTICOLO RISALE AL 25 MARZO&#8230; LO RIPROPONIAMO,\u00a0 QUANDO ABBIAMO PUBBLICATO LA NOTIZIA LO SCORSO MESE SULLE NOSTRE PAGINE SOCIAL (RADIO PIU&#8217;) SI E&#8217; SCATENATO &#8220;L&#8217;INFERNO&#8221;&#8230;<\/strong><\/span><\/em><\/p>\n<p><strong>RICEVIAMO E PUBBLICHIAMO<\/strong><\/p>\n<p>Questa dovrebbe essere la ciclabile che da Cencenighe sale verso Falcade e qui siamo nel comune di Vallada. Poi nell&#8217;Agordino si fa pubblicit\u00e0 sul turismo a due ruote e non abbiamo neanche una ciclabile. T.S.<\/p>\n<div dir=\"auto\">Leggo ora la notizia che la ciclabile in parola \u00e8 ancora chiusa dopo due anni&#8230;la stessa \u00e8 chiusa dopo Vaia dal 2018 e non \u00e8 nel comune di Vallada Agordina il ponte fotografato&#8230;solo il lato sinistro lo \u00e8 il lato destro (orograficamente parlando) \u00e8 in comune di Cencenighe. La struttura del ponte \u00e8 obiettivamente in cattivo stato e merita di manutenzione e si spera che con fondi ottenuti dal Genio civile di Belluno si possa sistemare il ponte e tutto il resto della strada&#8230;<\/div>\n<div dir=\"auto\">A.P.<\/div>\n\n\t\t\t<style type='text\/css'>\n\t\t\t\t#gallery-1 {\n\t\t\t\t\tmargin: auto;\n\t\t\t\t}\n\t\t\t\t#gallery-1 .gallery-item {\n\t\t\t\t\tfloat: left;\n\t\t\t\t\tmargin-top: 10px;\n\t\t\t\t\ttext-align: center;\n\t\t\t\t\twidth: 100%;\n\t\t\t\t}\n\t\t\t\t#gallery-1 img {\n\t\t\t\t\tborder: 2px solid #cfcfcf;\n\t\t\t\t}\n\t\t\t\t#gallery-1 .gallery-caption {\n\t\t\t\t\tmargin-left: 0;\n\t\t\t\t}\n\t\t\t\t\/* see gallery_shortcode() in wp-includes\/media.php *\/\n\t\t\t<\/style>\n\t\t<div id='gallery-1' class='dt-gallery-container gallery galleryid-380859 gallery-columns-1 gallery-size-medium'><dl class='gallery-item'>\n\t\t\t\t<dt class='gallery-icon landscape'>\n\t\t\t\t\t<a class=\"rollover rollover-zoom dt-pswp-item\" title=\"79840eb5-66f2-441a-9490-a32b7dffdc1d\" data-dt-img-description=\"\" data-large_image_width=\"1080\" data-large_image_height=\"810\"href='https:\/\/www.radiopiu.net\/wordpress\/wp-content\/uploads\/2024\/03\/79840eb5-66f2-441a-9490-a32b7dffdc1d.jpg'><img loading=\"lazy\" decoding=\"async\" width=\"300\" height=\"225\" src=\"https:\/\/www.radiopiu.net\/wordpress\/wp-content\/uploads\/2024\/03\/79840eb5-66f2-441a-9490-a32b7dffdc1d-300x225.jpg\" class=\"attachment-medium size-medium\" alt=\"\" srcset=\"https:\/\/www.radiopiu.net\/wordpress\/wp-content\/uploads\/2024\/03\/79840eb5-66f2-441a-9490-a32b7dffdc1d-300x225.jpg 300w, https:\/\/www.radiopiu.net\/wordpress\/wp-content\/uploads\/2024\/03\/79840eb5-66f2-441a-9490-a32b7dffdc1d-1024x768.jpg 1024w, https:\/\/www.radiopiu.net\/wordpress\/wp-content\/uploads\/2024\/03\/79840eb5-66f2-441a-9490-a32b7dffdc1d-768x576.jpg 768w, https:\/\/www.radiopiu.net\/wordpress\/wp-content\/uploads\/2024\/03\/79840eb5-66f2-441a-9490-a32b7dffdc1d.jpg 1080w\" sizes=\"auto, (max-width: 300px) 100vw, 300px\" \/><\/a>\n\t\t\t\t<\/dt><\/dl><br style=\"clear: both\" \/>\n\t\t\t<\/div>\n\n<p>&nbsp;<\/p>\n<p>&nbsp;<\/p>\n","protected":false},"excerpt":{"rendered":"<p>\u00b0\u00b0\u00b0 &nbsp; VALLADA Per gli amanti del ciclismo il consiglio di non avventurarsi sulla ciclabile che da Cencenighe sale a Falcade, \u00e8 interrotta. Gi\u00e0 al ponte dopo la bella strada che costeggia la ex galleria delle Anime l&#8217;invito a non continuare A RADIO PIU&#8230; IL TEMA E&#8217; STATO TRATTATO SPESSO, L&#8217;ULTIMO ARTICOLO RISALE AL 25&hellip;<\/p>\n","protected":false},"author":4,"featured_media":380860,"comment_status":"closed","ping_status":"closed","sticky":false,"template":"","format":"standard","meta":{"_monsterinsights_skip_tracking":false,"_monsterinsights_sitenote_active":false,"_monsterinsights_sitenote_note":"","_monsterinsights_sitenote_category":0,"footnotes":""},"categories":[104,49],"tags":[],"class_list":["post-380859","post","type-post","status-publish","format-standard","has-post-thumbnail","hentry","category-evidenza_3","category-news-18","category-104","category-49","description-off"],"img_url":"https:\/\/www.radiopiu.net\/wordpress\/wp-content\/uploads\/2024\/03\/79840eb5-66f2-441a-9490-a32b7dffdc1d.jpg","_links":{"self":[{"href":"https:\/\/www.radiopiu.net\/wordpress\/wp-json\/wp\/v2\/posts\/380859","targetHints":{"allow":["GET"]}}],"collection":[{"href":"https:\/\/www.radiopiu.net\/wordpress\/wp-json\/wp\/v2\/posts"}],"about":[{"href":"https:\/\/www.radiopiu.net\/wordpress\/wp-json\/wp\/v2\/types\/post"}],"author":[{"embeddable":true,"href":"https:\/\/www.radiopiu.net\/wordpress\/wp-json\/wp\/v2\/users\/4"}],"replies":[{"embeddable":true,"href":"https:\/\/www.radiopiu.net\/wordpress\/wp-json\/wp\/v2\/comments?post=380859"}],"version-history":[{"count":0,"href":"https:\/\/www.radiopiu.net\/wordpress\/wp-json\/wp\/v2\/posts\/380859\/revisions"}],"wp:featuredmedia":[{"embeddable":true,"href":"https:\/\/www.radiopiu.net\/wordpress\/wp-json\/wp\/v2\/media\/380860"}],"wp:attachment":[{"href":"https:\/\/www.radiopiu.net\/wordpress\/wp-json\/wp\/v2\/media?parent=380859"}],"wp:term":[{"taxonomy":"category","embeddable":true,"href":"https:\/\/www.radiopiu.net\/wordpress\/wp-json\/wp\/v2\/categories?post=380859"},{"taxonomy":"post_tag","embeddable":true,"href":"https:\/\/www.radiopiu.net\/wordpress\/wp-json\/wp\/v2\/tags?post=380859"}],"curies":[{"name":"wp","href":"https:\/\/api.w.org\/{rel}","templated":true}]}}