{"id":380873,"date":"2024-03-26T05:32:32","date_gmt":"2024-03-26T04:32:32","guid":{"rendered":"https:\/\/www.radiopiu.net\/wordpress\/?p=380873"},"modified":"2024-03-26T09:04:32","modified_gmt":"2024-03-26T08:04:32","slug":"giornale-radiopiu-26-marzo-2024-direttore-mirko-mezzacasada-40-anni-25-giugno-1983-25-giugno-2023","status":"publish","type":"post","link":"https:\/\/www.radiopiu.net\/wordpress\/giornale-radiopiu-26-marzo-2024-direttore-mirko-mezzacasada-40-anni-25-giugno-1983-25-giugno-2023\/","title":{"rendered":"GIORNALE RADIOPIU 26 MARZO 2024 DIRETTORE MIRKO MEZZACASA\u2026DA 40 ANNI 25 GIUGNO 1983-25 GIUGNO 2023"},"content":{"rendered":"<p>******<\/p>\n<p>&nbsp;<\/p>\n<h3><a href=\"https:\/\/www.radiopiu.net\/wordpress\/giornale-radiopiu-24-gennaio-2021-direttore-mirko-mezzacasa\/141433770_171616291414874_2957460898102012198_n\/\" rel=\"attachment wp-att-186566\"><img loading=\"lazy\" decoding=\"async\" class=\"wp-image-186566 alignleft\" src=\"https:\/\/www.radiopiu.net\/wordpress\/wp-content\/uploads\/2021\/01\/141433770_171616291414874_2957460898102012198_n-300x300.jpg\" alt=\"\" width=\"144\" height=\"144\" srcset=\"https:\/\/www.radiopiu.net\/wordpress\/wp-content\/uploads\/2021\/01\/141433770_171616291414874_2957460898102012198_n-300x300.jpg 300w, https:\/\/www.radiopiu.net\/wordpress\/wp-content\/uploads\/2021\/01\/141433770_171616291414874_2957460898102012198_n-150x150.jpg 150w, https:\/\/www.radiopiu.net\/wordpress\/wp-content\/uploads\/2021\/01\/141433770_171616291414874_2957460898102012198_n-768x768.jpg 768w, https:\/\/www.radiopiu.net\/wordpress\/wp-content\/uploads\/2021\/01\/141433770_171616291414874_2957460898102012198_n.jpg 800w\" sizes=\"auto, (max-width: 144px) 100vw, 144px\" \/><\/a>PER<strong> RICEVERE QUESTO NOTIZIARIO DIRETTAMENTE SUL TUO CELLULARE ISCRIVITI AL CANALE TELEGRAM <\/strong><strong>\u201cRADIO PIU\u00a0 INFORMAZIONE&#8221;\u00a0<\/strong><\/h3>\n<h3>\u00a0il CANALE TELEGRAM&#8230; UNISCITI A: RADIO PIU INFORMAZIONE<\/h3>\n<p>&nbsp;<\/p>\n<p>&nbsp;<\/p>\n<p><em><a href=\"https:\/\/www.radiopiu.net\/wordpress\/giornale-radiopiu-24-gennaio-2021-direttore-mirko-mezzacasa\/79216601_126817312416448_708980208774483089_n\/\" rel=\"attachment wp-att-186567\"><img loading=\"lazy\" decoding=\"async\" class=\"size-medium wp-image-186567 alignright\" src=\"https:\/\/www.radiopiu.net\/wordpress\/wp-content\/uploads\/2021\/01\/79216601_126817312416448_708980208774483089_n-300x114.jpg\" alt=\"\" width=\"300\" height=\"114\" srcset=\"https:\/\/www.radiopiu.net\/wordpress\/wp-content\/uploads\/2021\/01\/79216601_126817312416448_708980208774483089_n-300x114.jpg 300w, https:\/\/www.radiopiu.net\/wordpress\/wp-content\/uploads\/2021\/01\/79216601_126817312416448_708980208774483089_n-768x292.jpg 768w, https:\/\/www.radiopiu.net\/wordpress\/wp-content\/uploads\/2021\/01\/79216601_126817312416448_708980208774483089_n.jpg 820w\" sizes=\"auto, (max-width: 300px) 100vw, 300px\" \/><\/a><span style=\"color: #ff0000;\">ATTENZIONE: LA NUOVA APP PER IOS-IPHONE di Nicola Vettorello <\/span><\/em><a href=\"https:\/\/apps.apple.com\/it\/app\/radio-pi%C3%B9-emittente-agordina\/id1515939845\">https:\/\/apps.apple.com\/it\/app\/radio-pi%C3%B9-emittente-agordina\/id1515939845<\/a><\/p>\n<p><em style=\"color: #ff0000;\">ATTENZIONE: LA NUOVA APP RADIO\u00a0 PER ANDROID di Nicola Vettorello<\/em><\/p>\n<p><a href=\"https:\/\/play.google.com\/store\/apps\/details?id=net.radiopiu.iniko\" target=\"_blank\" rel=\"noopener noreferrer\">https:\/\/play.google.com\/store\/apps\/details?id=net.radiopiu.iniko\u00a0\u00a0<\/a><\/p>\n<p>&nbsp;<\/p>\n<p>&nbsp;<\/p>\n<hr \/>\n<h3 class=\"kvgmc6g5 cxmmr5t8 oygrvhab hcukyx3x c1et5uql\"><strong>\u00a0<\/strong><\/h3>\n<div data-block=\"true\" data-editor=\"avj4u\" data-offset-key=\"d3i0j-0-0\"><\/div>\n<div data-block=\"true\" data-editor=\"avj4u\" data-offset-key=\"d3i0j-0-0\"><strong>GIOVEDI AD AGORDO, BLACK-OUT IDRICO PER LAVORI PROGRAMMATI<\/strong><\/div>\n<div data-block=\"true\" data-editor=\"avj4u\" data-offset-key=\"d3i0j-0-0\">\n<p><img loading=\"lazy\" decoding=\"async\" class=\"alignleft\" src=\"https:\/\/www.radiopiu.net\/wordpress\/wp-content\/uploads\/2021\/06\/th-12.jpg\" width=\"194\" height=\"129\" \/><\/p>\n<div class=\"moz-text-html\" lang=\"x-unicode\">\n<p>Gestione Servizi Pubblici informa che, per lavori alla rete idrica comunale,\u00a0 GIOVEDI dalle 8 a FINE LAVORI verr\u00e0 sospesa l\u2019erogazione dell\u2019acqua\u00a0 nelle vie BATTISTI, CALZON, CAPPELLO, CAMPO DEI FIORI, P.LE ROVA, 5 MAGGIO e V.LO 5 MAGGIO.<\/p>\n<p>&nbsp;<\/p>\n<\/div>\n<p>&nbsp;<\/p>\n<\/div>\n<div data-block=\"true\" data-editor=\"avj4u\" data-offset-key=\"d3i0j-0-0\"><\/div>\n<blockquote>\n<h2 data-block=\"true\" data-editor=\"avj4u\" data-offset-key=\"d3i0j-0-0\">LAVORI A PONTE MAS DI SOSPIROLO. SP 12 INTERESSATA FINO AL 31 MAGGIO<\/h2>\n<\/blockquote>\n<div data-block=\"true\" data-editor=\"avj4u\" data-offset-key=\"d3i0j-0-0\"><strong>SP 12 PEDEMONTANA<\/strong> localit\u00e0 Ponte Mas comune di Sospirolo, <span style=\"color: #ff0000;\">dalle 13 del 25 marzo alle 10 del 2 aprile<\/span> istituzione del limite di velocit\u00e0 a 30 km.h, <span style=\"color: #ff0000;\">dalle 10 del 2 aprile alle 18 del 31 maggio<\/span> chiusura totale alla circolazione con deviazione al traffico e obbligo di fermarsi e dare la precedenza in direzione Ponte Mas per lavori al margine della carreggiata.<\/div>\n<div data-block=\"true\" data-editor=\"avj4u\" data-offset-key=\"d3i0j-0-0\"><\/div>\n<div data-block=\"true\" data-editor=\"avj4u\" data-offset-key=\"d3i0j-0-0\"><\/div>\n<div data-block=\"true\" data-editor=\"avj4u\" data-offset-key=\"d3i0j-0-0\">\n<hr \/>\n<\/div>\n<div data-block=\"true\" data-editor=\"avj4u\" data-offset-key=\"d3i0j-0-0\"><\/div>\n<div data-block=\"true\" data-editor=\"avj4u\" data-offset-key=\"d3i0j-0-0\">\n<div data-block=\"true\" data-editor=\"avj4u\" data-offset-key=\"d3i0j-0-0\"><\/div>\n<blockquote>\n<h3 data-block=\"true\" data-editor=\"avj4u\" data-offset-key=\"d3i0j-0-0\"><a class=\"dt-pswp-item\" href=\"https:\/\/www.radiopiu.net\/wordpress\/wp-content\/uploads\/2023\/07\/ponte-veneggia_edited.jpg\" data-dt-img-description=\"\" data-large_image_width=\"1000\" data-large_image_height=\"703\"><img loading=\"lazy\" decoding=\"async\" class=\"wp-image-344750 alignleft\" src=\"https:\/\/www.radiopiu.net\/wordpress\/wp-content\/uploads\/2023\/07\/ponte-veneggia_edited-300x211.jpg\" alt=\"\" width=\"132\" height=\"93\" srcset=\"https:\/\/www.radiopiu.net\/wordpress\/wp-content\/uploads\/2023\/07\/ponte-veneggia_edited-300x211.jpg 300w, https:\/\/www.radiopiu.net\/wordpress\/wp-content\/uploads\/2023\/07\/ponte-veneggia_edited-768x540.jpg 768w, https:\/\/www.radiopiu.net\/wordpress\/wp-content\/uploads\/2023\/07\/ponte-veneggia_edited.jpg 1000w\" sizes=\"auto, (max-width: 132px) 100vw, 132px\" \/><\/a>\u00a0PONTE ALLA VENEGGIA, CHIUSURA ALMENO PER UN ALTRO MESE<\/h3>\n<\/blockquote>\n<div data-block=\"true\" data-editor=\"avj4u\" data-offset-key=\"d3i0j-0-0\"><strong>BELLUNO<\/strong> Per gli effetti del maltempo i lavori sul ponte Rio Cusighe non rispettano il crono programma. Prorogata la chiusura e la viabilit\u00e0 modificata almeno fino al 30 aprile<\/div>\n<div data-block=\"true\" data-editor=\"avj4u\" data-offset-key=\"d3i0j-0-0\">\n<h2><\/h2>\n<\/div>\n<\/div>\n<div data-block=\"true\" data-editor=\"avj4u\" data-offset-key=\"d3i0j-0-0\">\n<hr \/>\n<\/div>\n<div data-block=\"true\" data-editor=\"avj4u\" data-offset-key=\"d3i0j-0-0\"><\/div>\n<div data-block=\"true\" data-editor=\"avj4u\" data-offset-key=\"d3i0j-0-0\"><\/div>\n<p class=\"x11i5rnm xat24cr x1mh8g0r x1vvkbs xtlvy1s x126k92a\"><a class=\"dt-pswp-item\" href=\"https:\/\/www.radiopiu.net\/wordpress\/wp-content\/uploads\/2023\/10\/34f4cfc6-e863-46e9-9695-8df44be63421.jpg\" data-dt-img-description=\"\" data-large_image_width=\"1200\" data-large_image_height=\"1200\"><img loading=\"lazy\" decoding=\"async\" class=\"wp-image-357393 alignleft\" src=\"https:\/\/www.radiopiu.net\/wordpress\/wp-content\/uploads\/2023\/10\/34f4cfc6-e863-46e9-9695-8df44be63421-300x300.jpg\" alt=\"\" width=\"81\" height=\"81\" srcset=\"https:\/\/www.radiopiu.net\/wordpress\/wp-content\/uploads\/2023\/10\/34f4cfc6-e863-46e9-9695-8df44be63421-300x300.jpg 300w, https:\/\/www.radiopiu.net\/wordpress\/wp-content\/uploads\/2023\/10\/34f4cfc6-e863-46e9-9695-8df44be63421-1024x1024.jpg 1024w, https:\/\/www.radiopiu.net\/wordpress\/wp-content\/uploads\/2023\/10\/34f4cfc6-e863-46e9-9695-8df44be63421-150x150.jpg 150w, https:\/\/www.radiopiu.net\/wordpress\/wp-content\/uploads\/2023\/10\/34f4cfc6-e863-46e9-9695-8df44be63421-768x768.jpg 768w, https:\/\/www.radiopiu.net\/wordpress\/wp-content\/uploads\/2023\/10\/34f4cfc6-e863-46e9-9695-8df44be63421.jpg 1200w\" sizes=\"auto, (max-width: 81px) 100vw, 81px\" \/><\/a><\/p>\n<p><span style=\"color: #ff0000;\"><strong>OGGI ALLA RADIO<\/strong><\/span>: <strong>ALLE 7.20<\/strong> EL BAR DEL FIOR, DETTI E TRADIZIONI DI GIULIANA DA RONCH; <strong>ALLE 8.20<\/strong> MARINA DONA\u00a0 PIU&#8217; SIAMO\u00a0 <strong>ALLE 9.10 <\/strong>LA MUSICA COUNTRY DI Alex Nascinben,<strong> ALLE 10.10 <\/strong>LE NOVE IN LADIN, CON IL MUSLA<strong>, <\/strong>ALLE 10.30 E 1900 MANRICO DELL&#8217;AGNOLA A RADIO PIU&#8217;, GIOVEDI SERA ALLA SAGRA DE PASCA <strong>ALLE 13.20 <\/strong>GIESSE RISARCIMENTO DANNI BELLUNO_CALCIO A 5 <strong>CANOTTIERI BELLUNO 1400 LORIS SCUSSEL, COLLAGE OPERAZIONE NOSTALGIA ALLE 15.00 RIASCOLTIAMOLI, EL DARLIN DI LUISA ALCHINI, OSPITE DON LINO MOTTES 16.00 IL ROCK DI MARCO COSTANTINI ALLE 17 LE HIT D&#8217;ANNATA DI MIRCO BENCIVENNI. <\/strong><span style=\"color: #ff0000;\">SAVE THE DATE FESTIVAL&#8230;DOMANI LA PRESENTAZIONE UFFICIALE SU RADIO PIU&#8217; <\/span>REDAZIONE Si avvicina sempre di pi\u00f9 il grande evento al Rifugio Laresei di Falcade. Domani sera alle 20:30 su Radio Pi\u00f9 la presentazione ufficiale del Save The Date Festival. Una diretta per presentare l&#8217;evento di fine stagione&#8230;.a cura di Moreno Tocchetto e Mirko Mezzacasa<\/p>\n<p>&nbsp;<\/p>\n<h2><\/h2>\n<p>&nbsp;<\/p>\n<div class=\"x11i5rnm xat24cr x1mh8g0r x1vvkbs xtlvy1s x126k92a\">\n<div dir=\"auto\">\n<hr \/>\n<p>&nbsp;<\/p>\n<p>&nbsp;<\/p>\n<div class=\"x11i5rnm xat24cr x1mh8g0r x1vvkbs xtlvy1s x126k92a\">\n<div dir=\"auto\">\n<p><strong><a class=\"dt-pswp-item\" href=\"https:\/\/www.radiopiu.net\/wordpress\/wp-content\/uploads\/2024\/02\/2d44e751-d8a8-461b-8e22-d8e4e853b032.jpg\" data-dt-img-description=\"\" data-large_image_width=\"1600\" data-large_image_height=\"1200\"><img loading=\"lazy\" decoding=\"async\" class=\"wp-image-373307 alignleft\" src=\"https:\/\/www.radiopiu.net\/wordpress\/wp-content\/uploads\/2024\/02\/2d44e751-d8a8-461b-8e22-d8e4e853b032-300x225.jpg\" alt=\"\" width=\"105\" height=\"79\" srcset=\"https:\/\/www.radiopiu.net\/wordpress\/wp-content\/uploads\/2024\/02\/2d44e751-d8a8-461b-8e22-d8e4e853b032-300x225.jpg 300w, https:\/\/www.radiopiu.net\/wordpress\/wp-content\/uploads\/2024\/02\/2d44e751-d8a8-461b-8e22-d8e4e853b032-1024x768.jpg 1024w, https:\/\/www.radiopiu.net\/wordpress\/wp-content\/uploads\/2024\/02\/2d44e751-d8a8-461b-8e22-d8e4e853b032-768x576.jpg 768w, https:\/\/www.radiopiu.net\/wordpress\/wp-content\/uploads\/2024\/02\/2d44e751-d8a8-461b-8e22-d8e4e853b032-1536x1152.jpg 1536w, https:\/\/www.radiopiu.net\/wordpress\/wp-content\/uploads\/2024\/02\/2d44e751-d8a8-461b-8e22-d8e4e853b032.jpg 1600w\" sizes=\"auto, (max-width: 105px) 100vw, 105px\" \/><\/a>EL BAL DEL FIOR, DI GIULIANA DA RONCH, 26 MARZO 2024<\/strong><\/p>\n<\/div>\n<\/div>\n<\/div>\n<div dir=\"auto\">\n<div data-block=\"true\" data-editor=\"avj4u\" data-offset-key=\"d3i0j-0-0\">\n<audio class=\"wp-audio-shortcode\" id=\"audio-380873-1\" preload=\"none\" style=\"width: 100%;\" controls=\"controls\"><source type=\"audio\/mpeg\" src=\"https:\/\/www.radiopiu.net\/wordpress\/wp-content\/uploads\/2024\/03\/GMA-5.m4a?_=1\" \/><a href=\"https:\/\/www.radiopiu.net\/wordpress\/wp-content\/uploads\/2024\/03\/GMA-5.m4a\">https:\/\/www.radiopiu.net\/wordpress\/wp-content\/uploads\/2024\/03\/GMA-5.m4a<\/a><\/audio>\n<\/div>\n<p>&nbsp;<\/p>\n<hr \/>\n<\/div>\n<\/div>\n<blockquote>\n<blockquote>\n<h1><span style=\"color: #ff0000;\">I podcast informativi del mattino &#8211; audio &#8211;\u00a0<\/span><\/h1>\n<\/blockquote>\n<p><strong><a class=\"dt-pswp-item\" href=\"https:\/\/www.radiopiu.net\/wordpress\/wp-content\/uploads\/2023\/11\/th-10.jpg\" data-dt-img-description=\"\" data-large_image_width=\"320\" data-large_image_height=\"180\"><img loading=\"lazy\" decoding=\"async\" class=\"wp-image-362866 alignleft\" src=\"https:\/\/www.radiopiu.net\/wordpress\/wp-content\/uploads\/2023\/11\/th-10-300x169.jpg\" alt=\"\" width=\"185\" height=\"104\" srcset=\"https:\/\/www.radiopiu.net\/wordpress\/wp-content\/uploads\/2023\/11\/th-10-300x169.jpg 300w, https:\/\/www.radiopiu.net\/wordpress\/wp-content\/uploads\/2023\/11\/th-10.jpg 320w\" sizes=\"auto, (max-width: 185px) 100vw, 185px\" \/><\/a>LA RASSEGNA STAMPA NAZIONALE ALLA RADIO, OGNI GIORNO ALLE 5 E ALLE 6 DEL MATTINO <span style=\"color: #0000ff;\">viene pubblicata alle 6.00 <span style=\"color: #ff0000;\">DIRETTA RADIO\u00a0 \u00a0\u00a0<\/span><\/span><\/strong><\/p>\n<p>&nbsp;<\/p>\n<p>&nbsp;<\/p><\/blockquote>\n<p><strong>DI SISSY MARTINELLI<\/strong><br \/>\n<strong>Guerra<\/strong> L&#8217;Onu approva la risoluzione: cessate il fuoco sulla striscia di Gaza, astenuti gli Stati Uniti. <strong>I 4 arrestati<\/strong> in Russia per l&#8217;attentato un cui hanno perso la vita 131 persone sono stati torturati, terribili violenze tra cui l&#8217;amputazione dell&#8217;orecchio. <strong>Putin<\/strong> scarica le responsabilit\u00e0 all&#8217;Ucraina. <strong>Italia<\/strong> allarme terrorismo inconsistenti a Piazza San Marco Venezia e a Trani in Puglia. <strong>Mistero<\/strong> sul naufragio sul lago Maggiore, morirono 5 persone compresa la moglie dello skipper\u00a0 Carminati poi incriminato.<\/p>\n<h2>AUDIO dalle 7 del mattino<\/h2>\n<audio class=\"wp-audio-shortcode\" id=\"audio-380873-2\" preload=\"none\" style=\"width: 100%;\" controls=\"controls\"><source type=\"audio\/mpeg\" src=\"https:\/\/www.radiopiu.net\/wordpress\/wp-content\/uploads\/2024\/03\/GIORNALEDELLESEI-22.mp3?_=2\" \/><a href=\"https:\/\/www.radiopiu.net\/wordpress\/wp-content\/uploads\/2024\/03\/GIORNALEDELLESEI-22.mp3\">https:\/\/www.radiopiu.net\/wordpress\/wp-content\/uploads\/2024\/03\/GIORNALEDELLESEI-22.mp3<\/a><\/audio>\n<p>&nbsp;<\/p>\n<p>&nbsp;<\/p>\n<hr \/>\n<p>&nbsp;<\/p>\n<h1 style=\"text-align: center;\"><span style=\"color: #ff0000;\">I podcast informativi del mattino &#8211; audio &#8211;\u00a0<\/span><\/h1>\n<p><strong><a class=\"dt-pswp-item\" href=\"https:\/\/www.radiopiu.net\/wordpress\/wp-content\/uploads\/2023\/12\/images.png\" data-dt-img-description=\"\" data-large_image_width=\"316\" data-large_image_height=\"160\"><img loading=\"lazy\" decoding=\"async\" class=\"wp-image-367008 alignleft\" src=\"https:\/\/www.radiopiu.net\/wordpress\/wp-content\/uploads\/2023\/12\/images-300x152.png\" alt=\"\" width=\"235\" height=\"119\" srcset=\"https:\/\/www.radiopiu.net\/wordpress\/wp-content\/uploads\/2023\/12\/images-300x152.png 300w, https:\/\/www.radiopiu.net\/wordpress\/wp-content\/uploads\/2023\/12\/images.png 316w\" sizes=\"auto, (max-width: 235px) 100vw, 235px\" \/><\/a>OGNI GIORNO ALLE SETTE DEL MATTINO, LA RASSEGNA STAMPA LOCALE FLASH&#8230; PER CHI VA IN FRETTA. I TITOLI DAI GIORNALI E DAL SITO WWW.RADIOPIU.NET <span style=\"color: #0000ff;\">viene pubblicato alle 7.00<\/span> <span style=\"color: #ff0000;\">DIRETTA RADIO\u00a0<\/span><\/strong><\/p>\n<p><em><span style=\"color: #ff0000;\">per chi va in fretta&#8230; tante notizie in pochi minuti. L&#8217;informazione locale alla radio, ogni ora dalle 7 del mattino alle 19 della sera.\u00a0 \u00a0 <\/span><\/em><\/p>\n<p>&nbsp;<\/p>\n<p><span style=\"color: #000000;\"><strong>FELTRE<\/strong> Una ragazza di diciotto anni residente a Feltre \u00e8 stata ammessa al Pronto Soccorso con sintomi sospetti di meningite meningococcica. \u00c8 stata trasferita in Rianimazione per precauzione. Le linee guida suggeriscono antibiotici preventivi per i contatti stretti entro sette giorni dai primi sintomi. La paziente ha frequentato la scuola e una discoteca a Tonadico di Primiero prima di partecipare a una gita in Germania con compagni di scuola.<br \/>\n<strong>REDAZIONE<\/strong> Un luned\u00ec impegnativo per il Suem 118 che nelle ultime ore \u00e8 stato chiamato in quattro emergenze, due ad Arabba anche per l&#8217;incidente sugli sci che ha coinvolto una minorenne, Santo Stefano di Cadore (malore in auto) e Falcade, fortunatamente nessun caso grave.<br \/>\n<strong>BELLUNO<\/strong> Daniela Signorini, una figura amata come storica contralto del Coro Ctg e organista nella chiesa di Cusighe, \u00e8 deceduta all\u2019et\u00e0 di 58 anni nel giorno del suo compleanno, che quest\u2019anno coincise con la Domenica delle Palme. La sua scomparsa ha lasciato la comunit\u00e0 di Cusighe e i coristi in profondo dolore.<br \/>\n<strong>AURONZO<\/strong> La Corte dei Conti ha condannato a risarcire con 120 mila euro il Comune di Auronzo per i contributi illegittimi al Consorzio turistico \u201cTre Cime Dolomiti\u201dl\u2019allora sindaca Daniela Larese Filon; gli assessori Dario Vecellio Galeno (attuale primo cittadino) e Lorenzo De Martin; la segretaria comunale Attilia Melaia e il responsabile del servizio economico-finanziario Giovanni Rigato.<br \/>\n<strong>BELLUNO<\/strong> ULTIMA IN CLASSIFICA NELLA CLASSIFICA DEL SOLE 24 ORE RIGUARDANTE IL CLIMA<br \/>\nDUE ATTIVITA\u2019 AGORDINE (tabia&#8217; di Feder e l&#8217;albergo Adriana di Alleghe) PREMIATE COME LUOGHI STORICI DEL COMMERCIO IN VENETO\u00a0\u00a0<\/span><\/p>\n<h2>AUDIO dalle 7 del mattino<\/h2>\n<audio class=\"wp-audio-shortcode\" id=\"audio-380873-3\" preload=\"none\" style=\"width: 100%;\" controls=\"controls\"><source type=\"audio\/mpeg\" src=\"https:\/\/www.radiopiu.net\/wordpress\/wp-content\/uploads\/2024\/03\/GF07-22.mp3?_=3\" \/><a href=\"https:\/\/www.radiopiu.net\/wordpress\/wp-content\/uploads\/2024\/03\/GF07-22.mp3\">https:\/\/www.radiopiu.net\/wordpress\/wp-content\/uploads\/2024\/03\/GF07-22.mp3<\/a><\/audio>\n<p>&nbsp;<\/p>\n<p>&nbsp;<\/p>\n<hr \/>\n<p>&nbsp;<\/p>\n<h1><\/h1>\n<h1 style=\"text-align: center;\"><span style=\"color: #ff0000;\"><a class=\"dt-pswp-item\" href=\"https:\/\/www.radiopiu.net\/wordpress\/wp-content\/uploads\/2022\/01\/026c3f9d-dae9-4040-a3c1-a6530231bcc3.jpg\" data-dt-img-description=\"\" data-large_image_width=\"1152\" data-large_image_height=\"2048\"><img loading=\"lazy\" decoding=\"async\" class=\"wp-image-251839 alignleft\" src=\"https:\/\/www.radiopiu.net\/wordpress\/wp-content\/uploads\/2022\/01\/026c3f9d-dae9-4040-a3c1-a6530231bcc3-169x300.jpg\" alt=\"\" width=\"100\" height=\"177\" srcset=\"https:\/\/www.radiopiu.net\/wordpress\/wp-content\/uploads\/2022\/01\/026c3f9d-dae9-4040-a3c1-a6530231bcc3-169x300.jpg 169w, https:\/\/www.radiopiu.net\/wordpress\/wp-content\/uploads\/2022\/01\/026c3f9d-dae9-4040-a3c1-a6530231bcc3-576x1024.jpg 576w, https:\/\/www.radiopiu.net\/wordpress\/wp-content\/uploads\/2022\/01\/026c3f9d-dae9-4040-a3c1-a6530231bcc3-768x1365.jpg 768w, https:\/\/www.radiopiu.net\/wordpress\/wp-content\/uploads\/2022\/01\/026c3f9d-dae9-4040-a3c1-a6530231bcc3-864x1536.jpg 864w, https:\/\/www.radiopiu.net\/wordpress\/wp-content\/uploads\/2022\/01\/026c3f9d-dae9-4040-a3c1-a6530231bcc3.jpg 1152w\" sizes=\"auto, (max-width: 100px) 100vw, 100px\" \/><\/a>I podcast informativi del mattino &#8211; audio &#8211;\u00a0<\/span><\/h1>\n<blockquote><p><strong>GIORNALE RADIO NAZIONALE, EDIZIONE DELLE SETTE <span style=\"color: #0000ff;\">viene pubblicato alle 7.05 <span style=\"color: #ff0000;\">DIRETTA RADIO\u00a0<\/span><\/span><\/strong><\/p><\/blockquote>\n<p><strong>il giornale radionazionale e&#8217; in onda ogni ora, dalle sette del mattino alle venti della sera\u00a0\u00a0<\/strong><\/p>\n<p>&nbsp;<\/p>\n<p><strong>Dopo 6 mesi<\/strong> di guerra l&#8217;Onu vota il cessate il fuoco, Stati Uniti astenuti. <strong>Attentato a Mosca<\/strong> compiuto da estremisti islamici, lo dice Putin,. 4 arresti, rischiano l&#8217;ergastolo. <strong>Bari<\/strong> infiltrazione mafiose nell&#8217;amministrazione. <strong>Operaio<\/strong> cinese morto ad Aprilia caduto da un tetto mentre lavorava.<strong> Inflazione<\/strong> in calo possibile il taglio dei tassi<\/p>\n<p>&nbsp;<\/p>\n<h2>AUDIO dalle sette del mattino, ogni ora alla radio<\/h2>\n<audio class=\"wp-audio-shortcode\" id=\"audio-380873-4\" preload=\"none\" style=\"width: 100%;\" controls=\"controls\"><source type=\"audio\/mpeg\" src=\"https:\/\/www.radiopiu.net\/wordpress\/wp-content\/uploads\/2024\/03\/giornale07-22.mp3?_=4\" \/><a href=\"https:\/\/www.radiopiu.net\/wordpress\/wp-content\/uploads\/2024\/03\/giornale07-22.mp3\">https:\/\/www.radiopiu.net\/wordpress\/wp-content\/uploads\/2024\/03\/giornale07-22.mp3<\/a><\/audio>\n<p>&nbsp;<\/p>\n<h2><\/h2>\n<hr \/>\n<p>&nbsp;<\/p>\n<p>&nbsp;<\/p>\n<h1><span style=\"color: #ff0000;\">I podcast informativi del mattino &#8211; video &#8211;\u00a0<\/span><\/h1>\n<h2><strong><a class=\"dt-pswp-item\" href=\"https:\/\/www.radiopiu.net\/wordpress\/wp-content\/uploads\/2023\/12\/th-10.jpg\" data-dt-img-description=\"\" data-large_image_width=\"245\" data-large_image_height=\"180\"><img loading=\"lazy\" decoding=\"async\" class=\" wp-image-367395 alignleft\" src=\"https:\/\/www.radiopiu.net\/wordpress\/wp-content\/uploads\/2023\/12\/th-10.jpg\" alt=\"\" width=\"166\" height=\"122\" \/><\/a>RASSEGNA STAMPA LOCALE, ORE OTTO 05<\/strong><\/h2>\n<h2><strong> <span style=\"color: #0000ff;\">viene\u00a0 <\/span><\/strong><strong><span style=\"color: #0000ff;\">pubblicata alle 8.05 <span style=\"color: #ff0000;\">DIRETTA RADIO\u00a0\u00a0<\/span><\/span><\/strong><\/h2>\n<p><strong>DI MIRKO MEZZACASA\u00a0 \u00a0 \u00a0<\/strong><\/p>\n<p>&nbsp;<\/p>\n<p>&nbsp;<\/p>\n<p><strong>IL TENENTE COLONNELLO<\/strong> ELISABETTA TROPEA IL NUOVO COMANDANTE DEL REPARTO CARABINIERI BIODIVERSITA\u2019 DI BELLUNO<br \/>\n<strong>REDAZIONE<\/strong> Sono passati sette anni da quando il dottor Federico Botto \u00e8 arrivato all\u2019ospedale Papa Luciani di Agordo. Pochi giorni fa la notizia che il primario di ortopedia era prossimo alla pensione, ma ora il dottor Botto ci conferma di aver \u201critirato la richiesta di pensionamento per stare vicino ai suoi pazienti e alla comunit\u00e0\u201d.<br \/>\n<strong>VENEZIA<\/strong> Il nuovo anno scolastico 2024-2025 nel Veneto inizia il 11 settembre. La Giunta regionale ha approvato il calendario che include giorni di lezione e di sospensione<br \/>\n<strong>IL SAPPE<\/strong> CHIEDE SUBITO RIFORME SU DETENUTI PSICHIATRICI E TOSSICODIPENDENTI E RIPRISTINO DELLA SANIT\u00c0 PENITENZIARIA<br \/>\n<strong>QUATTRO SCUOLE<\/strong> BELLUNESI PREMIATE ALLA FESTA DEL POPOLO VENETO anche la primaria RONCHI di Vallada e la primaria di Agordo.<br \/>\n<strong>Un gemellaggio<\/strong> d\u2019arte per \u201cAgordo paese del graffito 2024\u201d sabato l&#8217;inaugurazione<br \/>\n<strong>LE GIORNATE<\/strong> FAI DI PRIMAVERA IN PROVINCIA: UN SUCCESSO<\/p>\n<h2><strong>VIDEO\u00a0 \u00a0in diretta dalle 8 del mattino\u00a0<\/strong><\/h2>\n<p><iframe loading=\"lazy\" title=\"DAL 1983 LA RASSEGNA STAMPA LOCALE di mirko mezzacasa. L&#039;ORIGINALE\" width=\"1200\" height=\"675\" src=\"https:\/\/www.youtube.com\/embed\/revdYFnbNws?feature=oembed\" frameborder=\"0\" allow=\"accelerometer; autoplay; clipboard-write; encrypted-media; gyroscope; picture-in-picture; web-share\" allowfullscreen><\/iframe><\/p>\n<p><a class=\"dt-pswp-item\" href=\"https:\/\/www.radiopiu.net\/wordpress\/wp-content\/uploads\/2024\/03\/COPERTINA-18.png\" data-dt-img-description=\"\" data-large_image_width=\"505\" data-large_image_height=\"211\">\u00a0<\/a><\/p>\n<p>&nbsp;<\/p>\n<p>&nbsp;<\/p>\n<hr \/>\n<p>&nbsp;<\/p>\n<blockquote>\n<h3>CASO DI MENINGITE MENINGOCOCCICA IN UNA 18ENNE DI FELTRE, ATTIVATE LE MISURE PREVENTIVE A FAVORE DEI CONTATTI STRETTI<\/h3>\n<\/blockquote>\n<p><strong><a class=\"dt-pswp-item\" href=\"https:\/\/www.radiopiu.net\/wordpress\/wp-content\/uploads\/2018\/01\/Feltre-Ulss-2-Santa-Maria-del-Prato-Foto-ANSA-Imc.jpg\" data-dt-img-description=\"Una veduta esterna dell'ospedale di Feltre dove sono stati ricoverati alcuni feriti dell'incidente che ha coinvolto un pullman ribaltatosi in zona Carpen, vicino Feltre, 29 maggio 2014. ANSA\/ ANDREA SOLERO\" data-large_image_width=\"1000\" data-large_image_height=\"666\"><img loading=\"lazy\" decoding=\"async\" class=\"wp-image-42393 alignleft\" src=\"https:\/\/www.radiopiu.net\/wordpress\/wp-content\/uploads\/2018\/01\/Feltre-Ulss-2-Santa-Maria-del-Prato-Foto-ANSA-Imc-300x200.jpg\" alt=\"\" width=\"177\" height=\"118\" srcset=\"https:\/\/www.radiopiu.net\/wordpress\/wp-content\/uploads\/2018\/01\/Feltre-Ulss-2-Santa-Maria-del-Prato-Foto-ANSA-Imc-300x200.jpg 300w, https:\/\/www.radiopiu.net\/wordpress\/wp-content\/uploads\/2018\/01\/Feltre-Ulss-2-Santa-Maria-del-Prato-Foto-ANSA-Imc-768x511.jpg 768w, https:\/\/www.radiopiu.net\/wordpress\/wp-content\/uploads\/2018\/01\/Feltre-Ulss-2-Santa-Maria-del-Prato-Foto-ANSA-Imc.jpg 1000w\" sizes=\"auto, (max-width: 177px) 100vw, 177px\" \/><\/a>FELTRE<\/strong> Una ragazza di diciotto anni residente a Feltre \u00e8 stata ammessa al Pronto Soccorso con sintomi sospetti di meningite meningococcica. \u00c8 stata trasferita in Rianimazione per precauzione. Le linee guida suggeriscono antibiotici preventivi per i contatti stretti entro sette giorni dai primi sintomi. La paziente ha frequentato la scuola e una discoteca a Tonadico di Primiero prima di partecipare a una gita in Germania con compagni di scuola. Le attivit\u00e0 di profilassi saranno gestite dal Dipartimento di Prevenzione dell&#8217;APSS di Trento per i residenti in Trentino e dal Dipartimento di Prevenzione dell&#8217;Ulss Dolomiti per quelli della provincia di Belluno. Un ambulatorio a Feltre sar\u00e0 operativo per la profilassi antibiotica. Le autorit\u00e0 tedesche sono state informate. Per informazioni, contattare gli uffici pertinenti. Ufficio Igiene di via Borgo Ruga di Feltre: 0439\/883414, Sede del Dipartimento di Prevenzione di Belluno: 0437\/514353.<\/p>\n<p><strong>AGGIORNAMENTO DELLE 19<\/strong><\/p>\n<p>La paziente con meningite meningococcica a Belluno \u00e8 stabile. Profilassi a 40 compagni di scuola e insegnanti della gita in Germania, e a 40 contatti stretti della paziente. Valutazioni ambulatoriali e telefoniche oltre 150. Profilassi anche per familiari e personale, totali 25. Ottimismo tra gli specialisti sull&#8217;evoluzione.<\/p>\n<p>&nbsp;<\/p>\n<hr \/>\n<p>&nbsp;<\/p>\n<blockquote>\n<h3>INCIDENTI IN PISTA E UN MALORE ALLA GUIDA. LA GIORNATA DEL SUEM<\/h3>\n<\/blockquote>\n<p><strong><a class=\"dt-pswp-item\" href=\"https:\/\/www.radiopiu.net\/wordpress\/wp-content\/uploads\/2024\/03\/salt-croce-verde-val-biois-1.jpg\" data-dt-img-description=\"\" data-large_image_width=\"2048\" data-large_image_height=\"1536\"><img loading=\"lazy\" decoding=\"async\" class=\" wp-image-380539 alignleft\" src=\"https:\/\/www.radiopiu.net\/wordpress\/wp-content\/uploads\/2024\/03\/salt-croce-verde-val-biois-1-300x225.jpg\" alt=\"\" width=\"184\" height=\"138\" srcset=\"https:\/\/www.radiopiu.net\/wordpress\/wp-content\/uploads\/2024\/03\/salt-croce-verde-val-biois-1-300x225.jpg 300w, https:\/\/www.radiopiu.net\/wordpress\/wp-content\/uploads\/2024\/03\/salt-croce-verde-val-biois-1-1024x768.jpg 1024w, https:\/\/www.radiopiu.net\/wordpress\/wp-content\/uploads\/2024\/03\/salt-croce-verde-val-biois-1-768x576.jpg 768w, https:\/\/www.radiopiu.net\/wordpress\/wp-content\/uploads\/2024\/03\/salt-croce-verde-val-biois-1-1536x1152.jpg 1536w, https:\/\/www.radiopiu.net\/wordpress\/wp-content\/uploads\/2024\/03\/salt-croce-verde-val-biois-1.jpg 2048w\" sizes=\"auto, (max-width: 184px) 100vw, 184px\" \/><\/a>REDAZIONE<\/strong> Un luned\u00ec impegnativo per il Suem 118 che nelle ultime ore \u00e8 stato chiamato in quattro emergenze. La prima ad Arabba quando poco dopo le dieci due donne di Cappella Maggiore (TV) si sono scontrate in pista, per fortuna nulla di preoccupante per le due sciatrici. In concomitanza con l&#8217;incidente di Arabba, Falco \u00e8 volato a Santo Stefano di Cadore dove un uomo ha avuto un malore in auto ed \u00e8 stato trasportato al San Martino di Belluno. Poco prima delle 11 un altro incidente sulle piste di Arabba dove una minorenne \u00e8 stata soccorsa dall&#8217;elicottero dell&#8217;Aiut Alpin Dolomites ed elitrasportata a Belluno. Infine a Falcade, attorno alle 12.40 l&#8217;elicottero del Suem di Pieve di Cadore \u00e8 volato verso la Forca Rossa, sopra Passo San Pellegrino, dove una scialpinista che stava scendendo assieme al marito aveva riportato la sospetta distorsione di un ginocchio. La 74enne di Milano, che era assistita da altri sciatori di passaggio, \u00e8 stata raggiunta da equipe medica e tecnico di elisoccorso, sbarcati in hovering nelle vicinanze. Caricata in barella, l&#8217;infortunata \u00e8 stata issata a bordo con un verricello di 15 metri e trasportata all&#8217;ospedale di Agordo.<\/p>\n<p>&nbsp;<\/p>\n<hr \/>\n<p>&nbsp;<\/p>\n<div class=\"flex-1 overflow-hidden\">\n<div class=\"react-scroll-to-bottom--css-nrunn-79elbk h-full\">\n<div class=\"react-scroll-to-bottom--css-nrunn-1n7m0yu\">\n<div class=\"flex flex-col text-sm pb-9\">\n<div class=\"w-full text-token-text-primary\" data-testid=\"conversation-turn-17\">\n<div class=\"px-4 py-2 justify-center text-base md:gap-6 m-auto\">\n<div class=\"flex flex-1 text-base mx-auto gap-3 md:px-5 lg:px-1 xl:px-5 md:max-w-3xl lg:max-w-[40rem] xl:max-w-[48rem] group final-completion\">\n<div class=\"relative flex w-full flex-col agent-turn\">\n<div class=\"flex-col gap-1 md:gap-3\">\n<div class=\"flex flex-grow flex-col max-w-full\">\n<div class=\"min-h-[20px] text-message flex flex-col items-start gap-3 whitespace-pre-wrap break-words [.text-message+&amp;]:mt-5 overflow-x-auto\" data-message-author-role=\"assistant\" data-message-id=\"5beb6990-4edb-4d41-9122-b4d35c1ddc1c\">\n<div class=\"markdown prose w-full break-words dark:prose-invert dark\">\n<blockquote>\n<h2>&#8220;Addio a Daniela Signorini: Lutto nella Comunit\u00e0 di Cusighe e Tra i Coristi&#8221;<\/h2>\n<\/blockquote>\n<\/div>\n<\/div>\n<\/div>\n<div class=\"mt-1 flex justify-start gap-3 empty:hidden\">\n<div class=\"text-gray-400 flex self-end lg:self-center items-center justify-center lg:justify-start mt-0 -ml-1 h-7 gap-[2px] visible\">\n<div class=\"flex items-center gap-1.5 text-xs\"><strong><a class=\"dt-pswp-item\" href=\"https:\/\/www.radiopiu.net\/wordpress\/wp-content\/uploads\/2024\/03\/Senza-nome-83.png\" data-dt-img-description=\"\" data-large_image_width=\"271\" data-large_image_height=\"233\"><img loading=\"lazy\" decoding=\"async\" class=\"wp-image-381114 alignleft\" src=\"https:\/\/www.radiopiu.net\/wordpress\/wp-content\/uploads\/2024\/03\/Senza-nome-83.png\" alt=\"\" width=\"115\" height=\"99\" \/><\/a>BELLUNO<\/strong> Daniela Signorini, una figura amata come storica contralto del Coro Ctg e organista nella chiesa di Cusighe, \u00e8 deceduta all&#8217;et\u00e0 di 58 anni nel giorno del suo compleanno, che quest&#8217;anno coincise con la Domenica delle Palme. La sua scomparsa ha lasciato la comunit\u00e0 di Cusighe e i coristi in profondo dolore. Il presidente del coro, Alessandro Cesca, ha ricordato con affetto il legame speciale di Daniela con il gruppo e la sua forza nel lottare contro la malattia. I funerali si terranno oggi nella chiesa di Cusighe, dove il coro le render\u00e0 omaggio cantando durante l&#8217;ultima benedizione. L&#8217;impegno nel preservare il suo ricordo continuer\u00e0 con la dedicazione del prossimo concerto e l&#8217;organizzazione di un evento annuale in suo onore durante la Domenica delle Palme.<\/div>\n<\/div>\n<\/div>\n<\/div>\n<\/div>\n<\/div>\n<\/div>\n<\/div>\n<\/div>\n<\/div>\n<\/div>\n<\/div>\n<div class=\"w-full pt-2 md:pt-0 dark:border-white\/20 md:border-transparent md:dark:border-transparent md:w-[calc(100%-.5rem)]\">\n<form class=\"stretch mx-2 flex flex-row gap-3 last:mb-2 md:mx-4 md:last:mb-6 lg:mx-auto lg:max-w-2xl xl:max-w-3xl\">\n<div class=\"relative flex h-full flex-1 flex-col\">\n<div class=\"absolute bottom-full left-0 right-0\"><\/div>\n<div class=\"flex w-full items-center\"><\/div>\n<div>\n<hr \/>\n<\/div>\n<blockquote>\n<h2><\/h2>\n<h2>SENTENZA DI PRIMO GRADO, CONDANNATI DUE SINDACI DI IERI E DI OGGI<\/h2>\n<p><a class=\"dt-pswp-item\" href=\"https:\/\/www.radiopiu.net\/wordpress\/wp-content\/uploads\/2024\/03\/Senza-nome-84.png\" data-dt-img-description=\"\" data-large_image_width=\"628\" data-large_image_height=\"403\"><img loading=\"lazy\" decoding=\"async\" class=\" wp-image-381115 alignleft\" src=\"https:\/\/www.radiopiu.net\/wordpress\/wp-content\/uploads\/2024\/03\/Senza-nome-84-300x193.png\" alt=\"\" width=\"208\" height=\"134\" srcset=\"https:\/\/www.radiopiu.net\/wordpress\/wp-content\/uploads\/2024\/03\/Senza-nome-84-300x193.png 300w, https:\/\/www.radiopiu.net\/wordpress\/wp-content\/uploads\/2024\/03\/Senza-nome-84.png 628w\" sizes=\"auto, (max-width: 208px) 100vw, 208px\" \/><\/a>La Corte dei Conti ha condannato a risarcire con 120 mila euro il Comune di Auronzo l&#8217;allora sindaca Daniela Larese Filon; gli assessori Dario Vecellio Galeno (attuale primo cittadino) e Lorenzo De Martin; la segretaria comunale Attilia Melaia e il responsabile del servizio economico-finanziario Giovanni Rigato<\/p>\n<div class=\"flex-1 overflow-hidden\">\n<div class=\"react-scroll-to-bottom--css-nrunn-79elbk h-full\">\n<div class=\"react-scroll-to-bottom--css-nrunn-1n7m0yu\">\n<div class=\"flex flex-col text-sm pb-9\">\n<div class=\"w-full text-token-text-primary\" data-testid=\"conversation-turn-25\">\n<div class=\"px-4 py-2 justify-center text-base md:gap-6 m-auto\">\n<div class=\"flex flex-1 text-base mx-auto gap-3 md:px-5 lg:px-1 xl:px-5 md:max-w-3xl lg:max-w-[40rem] xl:max-w-[48rem] group final-completion\">\n<div class=\"relative flex w-full flex-col agent-turn\">\n<div class=\"flex-col gap-1 md:gap-3\">\n<div class=\"flex flex-grow flex-col max-w-full\">\n<div class=\"min-h-[20px] text-message flex flex-col items-start gap-3 whitespace-pre-wrap break-words [.text-message+&amp;]:mt-5 overflow-x-auto\" data-message-author-role=\"assistant\" data-message-id=\"4826b692-6466-4958-95b2-bfb19707bbd9\">\n<div class=\"markdown prose w-full break-words dark:prose-invert dark\">\n<p><em>La Corte dei Conti ha condannato il Comune di Auronzo e alcuni suoi funzionari a risarcire 120 mila euro per contributi illegittimi al Consorzio turistico &#8220;Tre Cime Dolomiti&#8221;. La sentenza, pubblicata ieri, \u00e8 il primo grado di giudizio e verr\u00e0 probabilmente oggetto di ricorso al Consiglio di Stato. I contributi erano stati erogati tra il 2017 e il 2019, superando la soglia dei 200 mila euro senza la necessaria notifica alla Commissione Europea. La Procura ha quantificato il danno per il 2017 in 170 mila euro, con 120 mila euro addebitati a vari funzionari e ulteriori 50 mila euro ad uno di loro per aver stanziato un contributo aggiuntivo. Gli amministratori hanno contestato la competenza della Corte dei Conti e negato di aver compiuto azioni illecite, ma la Corte ha individuato dolo e colpa grave in alcuni di loro, motivando la condanna al risarcimento.\u00a0<\/em><\/p>\n<\/div>\n<h3>LA GIUDIZIARIA OGGI, SUL CORRIERE DELLE ALPI<br \/>\nDI GIGI SOSSO<\/h3>\n<\/div>\n<\/div>\n<\/div>\n<\/div>\n<\/div>\n<\/div>\n<\/div>\n<\/div>\n<\/div>\n<\/div>\n<\/div>\n<\/blockquote>\n<div class=\"flex-1 overflow-hidden\">\n<div class=\"react-scroll-to-bottom--css-nrunn-79elbk h-full\">\n<div class=\"react-scroll-to-bottom--css-nrunn-1n7m0yu\">\n<div class=\"flex flex-col text-sm pb-9\">\n<div class=\"w-full text-token-text-primary\" data-testid=\"conversation-turn-19\">\n<div class=\"px-4 py-2 justify-center text-base md:gap-6 m-auto\">\n<div class=\"flex flex-1 text-base mx-auto gap-3 md:px-5 lg:px-1 xl:px-5 md:max-w-3xl lg:max-w-[40rem] xl:max-w-[48rem] group final-completion\">\n<div class=\"relative flex w-full flex-col agent-turn\">\n<div class=\"flex-col gap-1 md:gap-3\">\n<p><strong>BELLUNO<\/strong> Una giovane di 17 anni di Belluno testimonia contro un uomo, sotto processo per atti persecutori. Racconta di essere stata tormentata con messaggi minacciosi, telefonate notturne e scritte intimidatorie. Descrive episodi di minacce fisiche, inclusa una lama di coltello puntata al collo e un incendio alla macchina della madre. Temeva che l&#8217;amico potesse sfregiarla con l&#8217;acido, in un contesto di cronaca nera diffusa. La ragazza, supportata dalla madre, ha denunciato e ora affronta il processo con tutte le garanzie previste per i minorenni. La difesa \u00e8 affidata agli avvocati Zallot e Bristot.<\/p>\n<p><strong>FELTRE <\/strong>\u00a0ha patteggiato un anno e sei mesi di reclusione per resistenza a pubblico ufficiale, lesioni aggravate e porto illegale di arma, dopo una baruffa nella zona della stazione ferroviaria di Feltre. Il giudice Montalto ha pronunciato la sentenza e ora si attende la decisione sulla scarcerazione, su istanza personale dell&#8217;imputato.<\/p>\n<p><strong>ALPAGO\u00a0 <\/strong>\u00a0\u00e8 accusato di stalking dalla moglie del fratello, sua vicina di casa ad Alpago. La donna ha raccontato in tribunale di ingiurie quotidiane e minacce, inclusa l&#8217;uso di un martello. Difeso dall&#8217;avvocato Giuseppe Triolo, l&#8217;imputato ha costretto la vittima e suo marito a ricorrere al medico per ottenere sonniferi a causa della paura. La donna ha registrato le minacce, ottenendo un ammonimento e un divieto di avvicinamento, ma il problema persiste. La prossima udienza vedr\u00e0 i testimoni della difesa.<\/p>\n<\/div>\n<\/div>\n<\/div>\n<\/div>\n<\/div>\n<\/div>\n<\/div>\n<\/div>\n<\/div>\n<blockquote>\n<div class=\"w-full pt-2 md:pt-0 dark:border-white\/20 md:border-transparent md:dark:border-transparent md:w-[calc(100%-.5rem)]\">\n<div class=\"relative flex h-full flex-1 flex-col\">\n<div class=\"flex w-full items-center\"><\/div>\n<\/div>\n<\/div>\n<\/blockquote>\n<\/div>\n<\/form>\n<\/div>\n<p>&nbsp;<\/p>\n<hr \/>\n<p>&nbsp;<\/p>\n<blockquote>\n<h3>GIOVEDI&#8217; I LAVORI SULL&#8217;ACQUEDOTTO DI AGORDO<\/h3>\n<\/blockquote>\n<p><strong><a class=\"dt-pswp-item\" href=\"https:\/\/www.radiopiu.net\/wordpress\/wp-content\/uploads\/2024\/03\/un-recente-intervento-di-distrettualizzazione_1.jpg\" data-dt-img-description=\"\" data-large_image_width=\"1181\" data-large_image_height=\"886\"><img loading=\"lazy\" decoding=\"async\" class=\" wp-image-381061 alignleft\" src=\"https:\/\/www.radiopiu.net\/wordpress\/wp-content\/uploads\/2024\/03\/un-recente-intervento-di-distrettualizzazione_1-300x225.jpg\" alt=\"\" width=\"172\" height=\"129\" srcset=\"https:\/\/www.radiopiu.net\/wordpress\/wp-content\/uploads\/2024\/03\/un-recente-intervento-di-distrettualizzazione_1-300x225.jpg 300w, https:\/\/www.radiopiu.net\/wordpress\/wp-content\/uploads\/2024\/03\/un-recente-intervento-di-distrettualizzazione_1-1024x768.jpg 1024w, https:\/\/www.radiopiu.net\/wordpress\/wp-content\/uploads\/2024\/03\/un-recente-intervento-di-distrettualizzazione_1-768x576.jpg 768w, https:\/\/www.radiopiu.net\/wordpress\/wp-content\/uploads\/2024\/03\/un-recente-intervento-di-distrettualizzazione_1.jpg 1181w\" sizes=\"auto, (max-width: 172px) 100vw, 172px\" \/><\/a>BELLUNO<\/strong> Il progetto di Bim Gsp da 25,6 milioni di euro mira a ridurre del 35% le perdite idriche dai principali acquedotti bellunesi entro il 2025. Un intervento in programma gioved\u00ec 28 marzo ad Agordo prevede la posa di nuove valvole di linea in Piazzale e via Lungo Rova per distrettualizzare la rete idrica locale, rendendola pi\u00f9 efficiente. Le nuove apparecchiature saranno dotate di sensori digitali per monitorare continuamente la pressione e la portata dell&#8217;acqua. La sospensione temporanea della fornitura idrica coinvolger\u00e0 circa 700 utenze nelle zone interessate. Questo intervento \u00e8 parte di un progetto pi\u00f9 ampio finanziato per 20,4 milioni dal PNRR, che mira a modellare, distrettualizzare e digitalizzare 1615 km di rete idrica coinvolgendo 16 comuni e oltre 100mila abitanti.<\/p>\n<p>&nbsp;<\/p>\n<p>&nbsp;<\/p>\n<hr \/>\n<p>&nbsp;<\/p>\n<blockquote>\n<h3><a class=\"dt-pswp-item\" href=\"https:\/\/www.radiopiu.net\/wordpress\/wp-content\/uploads\/2023\/05\/FONTANA-PIAZZA-MARTIRI-scaled.jpeg\" data-dt-img-description=\"\" data-large_image_width=\"2560\" data-large_image_height=\"1547\"><img loading=\"lazy\" decoding=\"async\" class=\" wp-image-335259 alignleft\" src=\"https:\/\/www.radiopiu.net\/wordpress\/wp-content\/uploads\/2023\/05\/FONTANA-PIAZZA-MARTIRI-300x181.jpeg\" alt=\"\" width=\"206\" height=\"124\" srcset=\"https:\/\/www.radiopiu.net\/wordpress\/wp-content\/uploads\/2023\/05\/FONTANA-PIAZZA-MARTIRI-300x181.jpeg 300w, https:\/\/www.radiopiu.net\/wordpress\/wp-content\/uploads\/2023\/05\/FONTANA-PIAZZA-MARTIRI-1024x619.jpeg 1024w, https:\/\/www.radiopiu.net\/wordpress\/wp-content\/uploads\/2023\/05\/FONTANA-PIAZZA-MARTIRI-768x464.jpeg 768w, https:\/\/www.radiopiu.net\/wordpress\/wp-content\/uploads\/2023\/05\/FONTANA-PIAZZA-MARTIRI-1536x928.jpeg 1536w, https:\/\/www.radiopiu.net\/wordpress\/wp-content\/uploads\/2023\/05\/FONTANA-PIAZZA-MARTIRI-2048x1238.jpeg 2048w\" sizes=\"auto, (max-width: 206px) 100vw, 206px\" \/><\/a>BELLUNO ULTIMA IN CLASSIFICA NELLA CLASSIFICA DEL SOLE 24 ORE RIGUARDANTE IL CLIMA<\/h3>\n<\/blockquote>\n<p><strong>PER LE TRE RADIO BARBARA PAOLAZZI<\/strong><\/p>\n<audio class=\"wp-audio-shortcode\" id=\"audio-380873-5\" preload=\"none\" style=\"width: 100%;\" controls=\"controls\"><source type=\"audio\/mpeg\" src=\"https:\/\/www.radiopiu.net\/wordpress\/wp-content\/uploads\/2024\/03\/PAOLAZZI-BELLUNO-ULTIMA-IN-CLASSIFICA-PER-IL-CLIMA.mp3?_=5\" \/><a href=\"https:\/\/www.radiopiu.net\/wordpress\/wp-content\/uploads\/2024\/03\/PAOLAZZI-BELLUNO-ULTIMA-IN-CLASSIFICA-PER-IL-CLIMA.mp3\">https:\/\/www.radiopiu.net\/wordpress\/wp-content\/uploads\/2024\/03\/PAOLAZZI-BELLUNO-ULTIMA-IN-CLASSIFICA-PER-IL-CLIMA.mp3<\/a><\/audio>\n<p>&nbsp;<\/p>\n<p>&nbsp;<\/p>\n<hr \/>\n<p>&nbsp;<\/p>\n<blockquote>\n<h3>DUE ATTIVITA&#8217; AGORDINE PREMIATE COME LUOGHI STORICI DEL COMMERCIO IN VENETO<\/h3>\n<\/blockquote>\n<p><strong><a class=\"dt-pswp-item\" href=\"https:\/\/www.radiopiu.net\/wordpress\/wp-content\/uploads\/2024\/03\/BELLUNO-scaled.jpg\" data-dt-img-description=\"\" data-large_image_width=\"2560\" data-large_image_height=\"1706\"><img loading=\"lazy\" decoding=\"async\" class=\" wp-image-381068 alignleft\" src=\"https:\/\/www.radiopiu.net\/wordpress\/wp-content\/uploads\/2024\/03\/BELLUNO-300x200.jpg\" alt=\"\" width=\"201\" height=\"134\" srcset=\"https:\/\/www.radiopiu.net\/wordpress\/wp-content\/uploads\/2024\/03\/BELLUNO-300x200.jpg 300w, https:\/\/www.radiopiu.net\/wordpress\/wp-content\/uploads\/2024\/03\/BELLUNO-1024x683.jpg 1024w, https:\/\/www.radiopiu.net\/wordpress\/wp-content\/uploads\/2024\/03\/BELLUNO-768x512.jpg 768w, https:\/\/www.radiopiu.net\/wordpress\/wp-content\/uploads\/2024\/03\/BELLUNO-1536x1024.jpg 1536w, https:\/\/www.radiopiu.net\/wordpress\/wp-content\/uploads\/2024\/03\/BELLUNO-2048x1365.jpg 2048w\" sizes=\"auto, (max-width: 201px) 100vw, 201px\" \/><\/a>VENEZIA<\/strong> L&#8217;Assessore Marcato ha celebrato ieri a Padova oltre 40 anni di attivit\u00e0 commerciali venete, omaggiando 213 esercenti inseriti nell&#8217;elenco regionale dei luoghi storici del commercio. L&#8217;iniziativa evidenzia il ruolo fondamentale di queste attivit\u00e0 nell&#8217;economia locale, sottolineando la resilienza e l&#8217;innovazione dei veneti nonostante le sfide globali. Marcato ha consegnato targa e logo ai commercianti, simbolo di un&#8217;attivit\u00e0 ultratrentennale. Anche quattro amministrazioni comunali sono state premiate per mercati storici. Presenti all&#8217;evento esponenti istituzionali e associativi. Nel 2023, 213 attivit\u00e0 venete hanno ricevuto riconoscimento, distribuite per provincia. I settori spaziano dal dettaglio all&#8217;artigianato, dalla somministrazione alberghiera ai mercati pubblici. L&#8217;iscrizione all&#8217;elenco regionale \u00e8 aperta annualmente da aprile a maggio per attivit\u00e0 con almeno 40 anni di storia. <strong>Sono 8 le attivit\u00e0 in provincia di Belluno che hanno ottenuto il riconoscimento: a Belluno Orologeria Piaz, Alimentari Scarton, a Limana il supermercato Crai Lavanda, a Canale D&#8217;Agordo il Ristorante Tabi\u00e0, la Macelleria Dal Dario di Val Di Zoldo, Pizzeria Croera a Borca di Cadore, Pasticceria Gaggion di Alpago e l&#8217;Albergo Adriana ad Alleghe.<\/strong><\/p>\n<p><strong>PER LE TRE RADIO BARBARA PAOLAZZI<\/strong><\/p>\n<audio class=\"wp-audio-shortcode\" id=\"audio-380873-6\" preload=\"none\" style=\"width: 100%;\" controls=\"controls\"><source type=\"audio\/mpeg\" src=\"https:\/\/www.radiopiu.net\/wordpress\/wp-content\/uploads\/2024\/03\/PAOLAZZI-LOCALI-STORICI-VENETI.mp3?_=6\" \/><a href=\"https:\/\/www.radiopiu.net\/wordpress\/wp-content\/uploads\/2024\/03\/PAOLAZZI-LOCALI-STORICI-VENETI.mp3\">https:\/\/www.radiopiu.net\/wordpress\/wp-content\/uploads\/2024\/03\/PAOLAZZI-LOCALI-STORICI-VENETI.mp3<\/a><\/audio>\n<p>&nbsp;<\/p>\n<hr \/>\n<p>&nbsp;<\/p>\n<blockquote>\n<h3>IL TENENTE COLONNELLO ELISABETTA TROPEA IL NUOVO COMANDANTE DEL REPARTO CARABINIERI BIODIVERSITA&#8217; DI BELLUNO<\/h3>\n<\/blockquote>\n<p><strong><a class=\"dt-pswp-item\" href=\"https:\/\/www.radiopiu.net\/wordpress\/wp-content\/uploads\/2024\/03\/883baff8-5362-4754-bae2-a8d764355bbb.jpg\" data-dt-img-description=\"\" data-large_image_width=\"607\" data-large_image_height=\"640\"><img loading=\"lazy\" decoding=\"async\" class=\" wp-image-380972 alignleft\" src=\"https:\/\/www.radiopiu.net\/wordpress\/wp-content\/uploads\/2024\/03\/883baff8-5362-4754-bae2-a8d764355bbb-285x300.jpg\" alt=\"\" width=\"116\" height=\"122\" srcset=\"https:\/\/www.radiopiu.net\/wordpress\/wp-content\/uploads\/2024\/03\/883baff8-5362-4754-bae2-a8d764355bbb-285x300.jpg 285w, https:\/\/www.radiopiu.net\/wordpress\/wp-content\/uploads\/2024\/03\/883baff8-5362-4754-bae2-a8d764355bbb.jpg 607w\" sizes=\"auto, (max-width: 116px) 100vw, 116px\" \/><\/a>BELLUNO<\/strong> Il Ten. Col. Elisabetta Tropea \u00e8 il nuovo comandante del Reparto Carabinieri Biodiversit\u00e0 di Belluno, sostituendo il Gen. in ris. Gianfranco Munari. Ha esperienza nel Corpo Forestale dello Stato e ha guidato il NIPAAF e il Nucleo CC CITES di Venezia, contrastando reati ambientali anche transnazionali. Si impegna per la conservazione delle Riserve Naturali, il centro equestre e il Centro di accoglienza animali confiscati, promuovendo ricerca scientifica e sensibilizzazione ambientale. Dieci Riserve, tra cui Monte Faverghera e Vincheto di Celarda, sono gestite, con attivit\u00e0 di studio, monitoraggio e gestione del Centro di Selezione Equestre e del Centro territoriale di accoglienza animali. Si svolge anche educazione ambientale per cittadini, scuole e associazioni, con stage per studenti su temi entomologici e floristici, e ippoterapia per persone con difficolt\u00e0 fisiche e psichiche.<\/p>\n<p><strong>PER LE TRE RADIO BARBARA PAOLAZZI<\/strong><\/p>\n<audio class=\"wp-audio-shortcode\" id=\"audio-380873-7\" preload=\"none\" style=\"width: 100%;\" controls=\"controls\"><source type=\"audio\/mpeg\" src=\"https:\/\/www.radiopiu.net\/wordpress\/wp-content\/uploads\/2024\/03\/PAOLAZZI-NUOVO-COMANDANTE-BIODIVERSITA-CARABINIERI.mp3?_=7\" \/><a href=\"https:\/\/www.radiopiu.net\/wordpress\/wp-content\/uploads\/2024\/03\/PAOLAZZI-NUOVO-COMANDANTE-BIODIVERSITA-CARABINIERI.mp3\">https:\/\/www.radiopiu.net\/wordpress\/wp-content\/uploads\/2024\/03\/PAOLAZZI-NUOVO-COMANDANTE-BIODIVERSITA-CARABINIERI.mp3<\/a><\/audio>\n<p>&nbsp;<\/p>\n\n\t\t\t<style type='text\/css'>\n\t\t\t\t#gallery-1 {\n\t\t\t\t\tmargin: auto;\n\t\t\t\t}\n\t\t\t\t#gallery-1 .gallery-item {\n\t\t\t\t\tfloat: left;\n\t\t\t\t\tmargin-top: 10px;\n\t\t\t\t\ttext-align: center;\n\t\t\t\t\twidth: 50%;\n\t\t\t\t}\n\t\t\t\t#gallery-1 img {\n\t\t\t\t\tborder: 2px solid #cfcfcf;\n\t\t\t\t}\n\t\t\t\t#gallery-1 .gallery-caption {\n\t\t\t\t\tmargin-left: 0;\n\t\t\t\t}\n\t\t\t\t\/* see gallery_shortcode() in wp-includes\/media.php *\/\n\t\t\t<\/style>\n\t\t<div id='gallery-1' class='dt-gallery-container gallery galleryid-380873 gallery-columns-2 gallery-size-thumbnail'><dl class='gallery-item'>\n\t\t\t\t<dt class='gallery-icon landscape'>\n\t\t\t\t\t<a class=\"rollover rollover-zoom dt-pswp-item\" title=\"0605a309-10ec-4f03-b3d5-d0e536d841b0\" data-dt-img-description=\"\" data-large_image_width=\"1600\" data-large_image_height=\"975\"href='https:\/\/www.radiopiu.net\/wordpress\/wp-content\/uploads\/2024\/03\/0605a309-10ec-4f03-b3d5-d0e536d841b0.jpg'><img loading=\"lazy\" decoding=\"async\" width=\"150\" height=\"150\" src=\"https:\/\/www.radiopiu.net\/wordpress\/wp-content\/uploads\/2024\/03\/0605a309-10ec-4f03-b3d5-d0e536d841b0-150x150.jpg\" class=\"attachment-thumbnail size-thumbnail\" alt=\"\" aria-describedby=\"gallery-1-380973\" \/><\/a>\n\t\t\t\t<\/dt>\n\t\t\t\t\t<dd class='wp-caption-text gallery-caption' id='gallery-1-380973'>\n\t\t\t\t\tPanoramica del Giardino Botanico di Monte Faverghera\n\t\t\t\t\t<\/dd><\/dl><dl class='gallery-item'>\n\t\t\t\t<dt class='gallery-icon portrait'>\n\t\t\t\t\t<a class=\"rollover rollover-zoom dt-pswp-item\" title=\"a76947e0-78f0-468e-8257-d106bac3aed8\" data-dt-img-description=\"\" data-large_image_width=\"1200\" data-large_image_height=\"1600\"href='https:\/\/www.radiopiu.net\/wordpress\/wp-content\/uploads\/2024\/03\/a76947e0-78f0-468e-8257-d106bac3aed8.jpg'><img loading=\"lazy\" decoding=\"async\" width=\"150\" height=\"150\" src=\"https:\/\/www.radiopiu.net\/wordpress\/wp-content\/uploads\/2024\/03\/a76947e0-78f0-468e-8257-d106bac3aed8-150x150.jpg\" class=\"attachment-thumbnail size-thumbnail\" alt=\"\" aria-describedby=\"gallery-1-380974\" \/><\/a>\n\t\t\t\t<\/dt>\n\t\t\t\t\t<dd class='wp-caption-text gallery-caption' id='gallery-1-380974'>\n\t\t\t\t\tGiglio della Carniola\n\t\t\t\t\t<\/dd><\/dl><br style=\"clear: both\" \/>\n\t\t\t<\/div>\n\n<p>&nbsp;<\/p>\n<p>&nbsp;<\/p>\n<hr \/>\n<p>&nbsp;<\/p>\n<p>&nbsp;<\/p>\n<blockquote>\n<h3>IL DOTTOR FEDERICO BOTTO NON VA IN PENSIONE E RIMANE NELL&#8217;AGORDINO<\/h3>\n<\/blockquote>\n<p><strong><a class=\"dt-pswp-item\" href=\"https:\/\/www.radiopiu.net\/wordpress\/wp-content\/uploads\/2023\/10\/federico-botto.jpg\" data-dt-img-description=\"\" data-large_image_width=\"1920\" data-large_image_height=\"1080\"><img loading=\"lazy\" decoding=\"async\" class=\" wp-image-356682 alignleft\" src=\"https:\/\/www.radiopiu.net\/wordpress\/wp-content\/uploads\/2023\/10\/federico-botto-300x169.jpg\" alt=\"\" width=\"191\" height=\"108\" srcset=\"https:\/\/www.radiopiu.net\/wordpress\/wp-content\/uploads\/2023\/10\/federico-botto-300x169.jpg 300w, https:\/\/www.radiopiu.net\/wordpress\/wp-content\/uploads\/2023\/10\/federico-botto-1024x576.jpg 1024w, https:\/\/www.radiopiu.net\/wordpress\/wp-content\/uploads\/2023\/10\/federico-botto-768x432.jpg 768w, https:\/\/www.radiopiu.net\/wordpress\/wp-content\/uploads\/2023\/10\/federico-botto-1536x864.jpg 1536w, https:\/\/www.radiopiu.net\/wordpress\/wp-content\/uploads\/2023\/10\/federico-botto.jpg 1920w\" sizes=\"auto, (max-width: 191px) 100vw, 191px\" \/><\/a>REDAZIONE<\/strong> Sono passati sette anni da quando il dottor Federico Botto \u00e8 arrivato all&#8217;ospedale Papa Luciani di Agordo. Pochi giorni fa la notizia che il primario di ortopedia era prossimo alla pensione,\u00a0 ma ora il dottor Botto ci conferma di aver<em> &#8220;ritirato la richiesta di pensionamento per stare vicino ai suoi pazienti e alla comunit\u00e0&#8221;.<\/em><\/p>\n<p><strong>IL DOTTOR FEDERICO BOTTO<\/strong><\/p>\n<audio class=\"wp-audio-shortcode\" id=\"audio-380873-8\" preload=\"none\" style=\"width: 100%;\" controls=\"controls\"><source type=\"audio\/mpeg\" src=\"https:\/\/www.radiopiu.net\/wordpress\/wp-content\/uploads\/2024\/03\/federico-botto.mp3?_=8\" \/><a href=\"https:\/\/www.radiopiu.net\/wordpress\/wp-content\/uploads\/2024\/03\/federico-botto.mp3\">https:\/\/www.radiopiu.net\/wordpress\/wp-content\/uploads\/2024\/03\/federico-botto.mp3<\/a><\/audio>\n<p>&nbsp;<\/p>\n<p>&nbsp;<\/p>\n<hr \/>\n<p>&nbsp;<\/p>\n<blockquote>\n<h3>FINO A SETTEMBRE ATTIVO LO SPORTELLO LINGUISTICO DI AGORDO<\/h3>\n<\/blockquote>\n<p><strong><a class=\"dt-pswp-item\" href=\"https:\/\/www.radiopiu.net\/wordpress\/wp-content\/uploads\/2022\/03\/34aef5a3-d079-4d5e-bdd8-7528097f9cec.jpg\" data-dt-img-description=\"\" data-large_image_width=\"1920\" data-large_image_height=\"1080\"><img loading=\"lazy\" decoding=\"async\" class=\" wp-image-265028 alignleft\" src=\"https:\/\/www.radiopiu.net\/wordpress\/wp-content\/uploads\/2022\/03\/34aef5a3-d079-4d5e-bdd8-7528097f9cec-300x169.jpg\" alt=\"\" width=\"201\" height=\"113\" srcset=\"https:\/\/www.radiopiu.net\/wordpress\/wp-content\/uploads\/2022\/03\/34aef5a3-d079-4d5e-bdd8-7528097f9cec-300x169.jpg 300w, https:\/\/www.radiopiu.net\/wordpress\/wp-content\/uploads\/2022\/03\/34aef5a3-d079-4d5e-bdd8-7528097f9cec-1024x576.jpg 1024w, https:\/\/www.radiopiu.net\/wordpress\/wp-content\/uploads\/2022\/03\/34aef5a3-d079-4d5e-bdd8-7528097f9cec-768x432.jpg 768w, https:\/\/www.radiopiu.net\/wordpress\/wp-content\/uploads\/2022\/03\/34aef5a3-d079-4d5e-bdd8-7528097f9cec-1536x864.jpg 1536w, https:\/\/www.radiopiu.net\/wordpress\/wp-content\/uploads\/2022\/03\/34aef5a3-d079-4d5e-bdd8-7528097f9cec.jpg 1920w\" sizes=\"auto, (max-width: 201px) 100vw, 201px\" \/><\/a>AGORDO<\/strong><\/p>\n<p>DI GIANNI SANTOMASO<\/p>\n<audio class=\"wp-audio-shortcode\" id=\"audio-380873-9\" preload=\"none\" style=\"width: 100%;\" controls=\"controls\"><source type=\"audio\/mpeg\" src=\"https:\/\/www.radiopiu.net\/wordpress\/wp-content\/uploads\/2024\/03\/GIANNI-FINO-A-SETTEMBRE-ATTIVO-LO-SPORTELLO-LINGUISTICO-DI-AGORDO.mp3?_=9\" \/><a href=\"https:\/\/www.radiopiu.net\/wordpress\/wp-content\/uploads\/2024\/03\/GIANNI-FINO-A-SETTEMBRE-ATTIVO-LO-SPORTELLO-LINGUISTICO-DI-AGORDO.mp3\">https:\/\/www.radiopiu.net\/wordpress\/wp-content\/uploads\/2024\/03\/GIANNI-FINO-A-SETTEMBRE-ATTIVO-LO-SPORTELLO-LINGUISTICO-DI-AGORDO.mp3<\/a><\/audio>\n<p>&nbsp;<\/p>\n<p>&nbsp;<\/p>\n<hr \/>\n<p>&nbsp;<\/p>\n<blockquote>\n<h3>L&#8217;11 SETTEMBRE INIZIERA&#8217; IL NUOVO ANNO SCOLASTICO IN VENETO<\/h3>\n<\/blockquote>\n<p><strong><a class=\"dt-pswp-item\" href=\"https:\/\/www.radiopiu.net\/wordpress\/wp-content\/uploads\/2020\/06\/primo-piano-gli-studenti-che-scrivono-e-leggono-gli-fogli-di-risposta-degli-esami-di-esercitazione-in-aula-della-scuola-con-lo-stress_73622-858.jpg\" data-dt-img-description=\"\" data-large_image_width=\"626\" data-large_image_height=\"417\"><img loading=\"lazy\" decoding=\"async\" class=\" wp-image-143128 alignleft\" src=\"https:\/\/www.radiopiu.net\/wordpress\/wp-content\/uploads\/2020\/06\/primo-piano-gli-studenti-che-scrivono-e-leggono-gli-fogli-di-risposta-degli-esami-di-esercitazione-in-aula-della-scuola-con-lo-stress_73622-858-300x200.jpg\" alt=\"\" width=\"148\" height=\"98\" srcset=\"https:\/\/www.radiopiu.net\/wordpress\/wp-content\/uploads\/2020\/06\/primo-piano-gli-studenti-che-scrivono-e-leggono-gli-fogli-di-risposta-degli-esami-di-esercitazione-in-aula-della-scuola-con-lo-stress_73622-858-300x200.jpg 300w, https:\/\/www.radiopiu.net\/wordpress\/wp-content\/uploads\/2020\/06\/primo-piano-gli-studenti-che-scrivono-e-leggono-gli-fogli-di-risposta-degli-esami-di-esercitazione-in-aula-della-scuola-con-lo-stress_73622-858.jpg 626w\" sizes=\"auto, (max-width: 148px) 100vw, 148px\" \/><\/a>VENEZIA<\/strong> Il nuovo anno scolastico 2024-2025 nel Veneto inizia il 11 settembre. La Giunta regionale ha approvato il calendario che include giorni di lezione e di sospensione. Le sospensioni includono ponti e vacanze come il 2 novembre, il periodo natalizio, il carnevale, le vacanze pasquali e altri. La fine delle lezioni \u00e8 il 7 giugno per le scuole primarie e secondarie e il 28 giugno per l&#8217;infanzia. Si contano 204 giorni di lezione per le scuole primarie e secondarie e 222 per l&#8217;infanzia, escluse le festivit\u00e0 nazionali e le sospensioni.<\/p>\n<p>&nbsp;<\/p>\n<p>&nbsp;<\/p>\n<p>&nbsp;<\/p>\n<hr \/>\n<p>&nbsp;<\/p>\n<blockquote>\n<h3>IL SAPPE CHIEDE SUBITO RIFORME SU DETENUTI PSICHIATRICI E TOSSICODIPENDENTI E RIPRISTINO DELLA SANIT\u00c0 PENITENZIARIA<\/h3>\n<\/blockquote>\n<p><strong><a class=\"dt-pswp-item\" href=\"https:\/\/www.radiopiu.net\/wordpress\/wp-content\/uploads\/2021\/07\/image-2.jpg\" data-dt-img-description=\"\" data-large_image_width=\"960\" data-large_image_height=\"540\"><img loading=\"lazy\" decoding=\"async\" class=\" wp-image-224354 alignleft\" src=\"https:\/\/www.radiopiu.net\/wordpress\/wp-content\/uploads\/2021\/07\/image-2-300x169.jpg\" alt=\"\" width=\"181\" height=\"102\" srcset=\"https:\/\/www.radiopiu.net\/wordpress\/wp-content\/uploads\/2021\/07\/image-2-300x169.jpg 300w, https:\/\/www.radiopiu.net\/wordpress\/wp-content\/uploads\/2021\/07\/image-2-768x432.jpg 768w, https:\/\/www.radiopiu.net\/wordpress\/wp-content\/uploads\/2021\/07\/image-2.jpg 960w\" sizes=\"auto, (max-width: 181px) 100vw, 181px\" \/><\/a>ROMA<\/strong> Il Sindacato Autonomo Polizia Penitenziaria critica il Sottosegretario alla Giustizia Andrea Ostellari per l&#8217;inerzia nel risolvere la crisi nel sistema penitenziario italiano. Ostellari non ha preso provvedimenti riguardo alla gestione dei detenuti tossicodipendenti, dei malati psichiatrici nelle carceri e all&#8217;inadeguatezza dell&#8217;assistenza sanitaria. Il SAPPE denuncia l&#8217;aumento delle aggressioni contro la Polizia Penitenziaria e la carenza di personale, chiedendo interventi urgenti e riforme nel trattamento dei detenuti. Minacciando proteste, il sindacato invoca una presenza statale pi\u00f9 forte e azioni concrete per affrontare la situazione critica nelle carceri italiane.<\/p>\n<p>&nbsp;<\/p>\n<p>&nbsp;<\/p>\n<hr \/>\n<p>&nbsp;<\/p>\n<p>&nbsp;<\/p>\n<blockquote>\n<h3>QUATTRO SCUOLE BELLUNESI PREMIATE ALLA FESTA DEL POPOLO VENETO<\/h3>\n<\/blockquote>\n<p><strong><a class=\"dt-pswp-item\" href=\"https:\/\/www.radiopiu.net\/wordpress\/wp-content\/uploads\/2024\/03\/images.jpg\" data-dt-img-description=\"\" data-large_image_width=\"300\" data-large_image_height=\"168\"><img loading=\"lazy\" decoding=\"async\" class=\" wp-image-381037 alignleft\" src=\"https:\/\/www.radiopiu.net\/wordpress\/wp-content\/uploads\/2024\/03\/images.jpg\" alt=\"\" width=\"189\" height=\"106\" \/><\/a>VENEZIA<\/strong> L&#8217;Assessore regionale alla Cultura Cristiano Corazzari celebra la Festa del Popolo Veneto, ricordando la fondazione di Venezia nel 421 d.C. Sottolinea l&#8217;importanza delle tradizioni nel definire l&#8217;identit\u00e0 di una societ\u00e0 e coinvolge i giovani attraverso il concorso &#8220;Tutela, valorizzazione e promozione del patrimonio linguistico e culturale veneto&#8221;. Quest&#8217;anno, con 59 progetti e la partecipazione di 48 scuole, di cui 5 croate, il concorso ha registrato una risposta entusiastica. Corazzari ringrazia e complimenta gli studenti per il loro impegno e passione, oltre a tutti coloro che hanno contribuito al successo del concorso. <strong><span style=\"color: #ff0000;\">Tra le scuole premiate anche quattro bellunesi: Scuola Primaria &#8220;C.Ronchi&#8221; di Vallada Agordina con la ricerca storica <em>&#8220;<\/em>I taiapiera &#8211; La lavorazione della pietra Dolomia&#8221;<\/span>, per il settore enogastronomia la scuola primaria di Agordo con &#8220;Fon I Foi Frit&#8221;<span style=\"color: #0000ff;\"> e l&#8217;Itituto Agrario di Feltre con &#8221; Menta, Melissa e Rosa: le donne bellunesi e le erbe&#8221;.<\/span> Infine nella sezione leggende e misteri premiata la scuola dell&#8217;infanzia di Auronzo di Cadore con &#8220;Mazaru\u00f2, Reduoia e Anguana&#8221;<\/strong><\/p>\n<p>&nbsp;<\/p>\n<blockquote>\n<h2>SCUOLA PRIMARIA DI AGORDO: PROGETTO DA PRIMA DELLA CLASSE<\/h2>\n<\/blockquote>\n<p><strong>\u00a0<\/strong><strong>REDAZIONE<\/strong>\u00a0 primo premio nell&#8217;ambito del concorso scuole &#8220;Tutela Patrimonio Veneto&#8221; con l&#8217;attivit\u00e0 &#8220;fon i foi frit&#8221;.<\/p>\n\n\t\t\t<style type='text\/css'>\n\t\t\t\t#gallery-2 {\n\t\t\t\t\tmargin: auto;\n\t\t\t\t}\n\t\t\t\t#gallery-2 .gallery-item {\n\t\t\t\t\tfloat: left;\n\t\t\t\t\tmargin-top: 10px;\n\t\t\t\t\ttext-align: center;\n\t\t\t\t\twidth: 25%;\n\t\t\t\t}\n\t\t\t\t#gallery-2 img {\n\t\t\t\t\tborder: 2px solid #cfcfcf;\n\t\t\t\t}\n\t\t\t\t#gallery-2 .gallery-caption {\n\t\t\t\t\tmargin-left: 0;\n\t\t\t\t}\n\t\t\t\t\/* see gallery_shortcode() in wp-includes\/media.php *\/\n\t\t\t<\/style>\n\t\t<div id='gallery-2' class='dt-gallery-container gallery galleryid-380873 gallery-columns-4 gallery-size-thumbnail'><dl class='gallery-item'>\n\t\t\t\t<dt class='gallery-icon landscape'>\n\t\t\t\t\t<a class=\"rollover rollover-zoom dt-pswp-item\" title=\"e26d57a7-94f2-498a-a7ff-62d67b701660\" data-dt-img-description=\"\" data-large_image_width=\"1080\" data-large_image_height=\"1080\"href='https:\/\/www.radiopiu.net\/wordpress\/wp-content\/uploads\/2024\/03\/e26d57a7-94f2-498a-a7ff-62d67b701660.jpg'><img loading=\"lazy\" decoding=\"async\" width=\"150\" height=\"150\" src=\"https:\/\/www.radiopiu.net\/wordpress\/wp-content\/uploads\/2024\/03\/e26d57a7-94f2-498a-a7ff-62d67b701660-150x150.jpg\" class=\"attachment-thumbnail size-thumbnail\" alt=\"\" srcset=\"https:\/\/www.radiopiu.net\/wordpress\/wp-content\/uploads\/2024\/03\/e26d57a7-94f2-498a-a7ff-62d67b701660-150x150.jpg 150w, https:\/\/www.radiopiu.net\/wordpress\/wp-content\/uploads\/2024\/03\/e26d57a7-94f2-498a-a7ff-62d67b701660-300x300.jpg 300w, https:\/\/www.radiopiu.net\/wordpress\/wp-content\/uploads\/2024\/03\/e26d57a7-94f2-498a-a7ff-62d67b701660-1024x1024.jpg 1024w, https:\/\/www.radiopiu.net\/wordpress\/wp-content\/uploads\/2024\/03\/e26d57a7-94f2-498a-a7ff-62d67b701660-768x768.jpg 768w, https:\/\/www.radiopiu.net\/wordpress\/wp-content\/uploads\/2024\/03\/e26d57a7-94f2-498a-a7ff-62d67b701660.jpg 1080w\" sizes=\"auto, (max-width: 150px) 100vw, 150px\" \/><\/a>\n\t\t\t\t<\/dt><\/dl><dl class='gallery-item'>\n\t\t\t\t<dt class='gallery-icon landscape'>\n\t\t\t\t\t<a class=\"rollover rollover-zoom dt-pswp-item\" title=\"AAA\" data-dt-img-description=\"\" data-large_image_width=\"567\" data-large_image_height=\"352\"href='https:\/\/www.radiopiu.net\/wordpress\/wp-content\/uploads\/2024\/03\/AAA-1.png'><img loading=\"lazy\" decoding=\"async\" width=\"150\" height=\"150\" src=\"https:\/\/www.radiopiu.net\/wordpress\/wp-content\/uploads\/2024\/03\/AAA-1-150x150.png\" class=\"attachment-thumbnail size-thumbnail\" alt=\"\" \/><\/a>\n\t\t\t\t<\/dt><\/dl><dl class='gallery-item'>\n\t\t\t\t<dt class='gallery-icon landscape'>\n\t\t\t\t\t<a class=\"rollover rollover-zoom dt-pswp-item\" title=\"8644284d-a8b5-4134-b286-4788cd4c1a5b\" data-dt-img-description=\"\" data-large_image_width=\"1080\" data-large_image_height=\"1080\"href='https:\/\/www.radiopiu.net\/wordpress\/wp-content\/uploads\/2024\/03\/8644284d-a8b5-4134-b286-4788cd4c1a5b.jpg'><img loading=\"lazy\" decoding=\"async\" width=\"150\" height=\"150\" src=\"https:\/\/www.radiopiu.net\/wordpress\/wp-content\/uploads\/2024\/03\/8644284d-a8b5-4134-b286-4788cd4c1a5b-150x150.jpg\" class=\"attachment-thumbnail size-thumbnail\" alt=\"\" srcset=\"https:\/\/www.radiopiu.net\/wordpress\/wp-content\/uploads\/2024\/03\/8644284d-a8b5-4134-b286-4788cd4c1a5b-150x150.jpg 150w, https:\/\/www.radiopiu.net\/wordpress\/wp-content\/uploads\/2024\/03\/8644284d-a8b5-4134-b286-4788cd4c1a5b-300x300.jpg 300w, https:\/\/www.radiopiu.net\/wordpress\/wp-content\/uploads\/2024\/03\/8644284d-a8b5-4134-b286-4788cd4c1a5b-1024x1024.jpg 1024w, https:\/\/www.radiopiu.net\/wordpress\/wp-content\/uploads\/2024\/03\/8644284d-a8b5-4134-b286-4788cd4c1a5b-768x768.jpg 768w, https:\/\/www.radiopiu.net\/wordpress\/wp-content\/uploads\/2024\/03\/8644284d-a8b5-4134-b286-4788cd4c1a5b.jpg 1080w\" sizes=\"auto, (max-width: 150px) 100vw, 150px\" \/><\/a>\n\t\t\t\t<\/dt><\/dl><dl class='gallery-item'>\n\t\t\t\t<dt class='gallery-icon portrait'>\n\t\t\t\t\t<a class=\"rollover rollover-zoom dt-pswp-item\" title=\"Premiazione-popolo-veneto\" data-dt-img-description=\"\" data-large_image_width=\"1587\" data-large_image_height=\"2245\"href='https:\/\/www.radiopiu.net\/wordpress\/wp-content\/uploads\/2024\/03\/Premiazione-popolo-veneto.png'><img loading=\"lazy\" decoding=\"async\" width=\"150\" height=\"150\" src=\"https:\/\/www.radiopiu.net\/wordpress\/wp-content\/uploads\/2024\/03\/Premiazione-popolo-veneto-150x150.png\" class=\"attachment-thumbnail size-thumbnail\" alt=\"\" \/><\/a>\n\t\t\t\t<\/dt><\/dl><br style=\"clear: both\" \/>\n\t\t\t<\/div>\n\n<p>&nbsp;<\/p>\n<hr \/>\n<p>&nbsp;<\/p>\n<p>&nbsp;<\/p>\n<blockquote>\n<h2><strong><a class=\"dt-pswp-item\" href=\"https:\/\/www.radiopiu.net\/wordpress\/wp-content\/uploads\/2024\/03\/cdcaf54f-af1e-4504-b5c9-73de45e15bc3.jpg\" data-dt-img-description=\"\" data-large_image_width=\"1200\" data-large_image_height=\"1676\"><img loading=\"lazy\" decoding=\"async\" class=\" wp-image-381111 alignleft\" src=\"https:\/\/www.radiopiu.net\/wordpress\/wp-content\/uploads\/2024\/03\/cdcaf54f-af1e-4504-b5c9-73de45e15bc3-215x300.jpg\" alt=\"\" width=\"187\" height=\"261\" srcset=\"https:\/\/www.radiopiu.net\/wordpress\/wp-content\/uploads\/2024\/03\/cdcaf54f-af1e-4504-b5c9-73de45e15bc3-215x300.jpg 215w, https:\/\/www.radiopiu.net\/wordpress\/wp-content\/uploads\/2024\/03\/cdcaf54f-af1e-4504-b5c9-73de45e15bc3-733x1024.jpg 733w, https:\/\/www.radiopiu.net\/wordpress\/wp-content\/uploads\/2024\/03\/cdcaf54f-af1e-4504-b5c9-73de45e15bc3-768x1073.jpg 768w, https:\/\/www.radiopiu.net\/wordpress\/wp-content\/uploads\/2024\/03\/cdcaf54f-af1e-4504-b5c9-73de45e15bc3-1100x1536.jpg 1100w, https:\/\/www.radiopiu.net\/wordpress\/wp-content\/uploads\/2024\/03\/cdcaf54f-af1e-4504-b5c9-73de45e15bc3.jpg 1200w\" sizes=\"auto, (max-width: 187px) 100vw, 187px\" \/><\/a>Un gemellaggio d\u2019arte per \u201cAgordo paese del graffito 202<\/strong><strong>4<\/strong><strong>\u201d<\/strong><\/h2>\n<\/blockquote>\n<p><strong>AGORDO<\/strong> La quattordicesima edizione di &#8220;Agordo Paese del Graffito&#8221; presenta un&#8217;edizione speciale, nata dall&#8217;idea dell&#8217;amministrazione comunale di Agordo, che vede coinvolte le comunit\u00e0 di Agordo, Zugliano (Vicenza) e Dolomieu (Francia). Artisti locali rappresentanti ciascuna comunit\u00e0 hanno realizzato opere d&#8217;arte murale sulle cabine Enel a Prompicai, ispirate al gemellaggio tra Agordo e le altre due citt\u00e0. Lo svelamento delle opere, incluso un&#8217;opera a casa Da Ronch, avverr\u00e0 il 30 marzo 2024, seguito da una benedizione e interventi dei sindaci delle tre comunit\u00e0. L&#8217;evento, supportato da E-distribuzione e altre aziende locali, sar\u00e0 aperto alla cittadinanza con un conviviale rinfresco a seguire.<\/p>\n<p>&nbsp;<\/p>\n<p>&nbsp;<\/p>\n\n\t\t\t<style type='text\/css'>\n\t\t\t\t#gallery-3 {\n\t\t\t\t\tmargin: auto;\n\t\t\t\t}\n\t\t\t\t#gallery-3 .gallery-item {\n\t\t\t\t\tfloat: left;\n\t\t\t\t\tmargin-top: 10px;\n\t\t\t\t\ttext-align: center;\n\t\t\t\t\twidth: 33%;\n\t\t\t\t}\n\t\t\t\t#gallery-3 img {\n\t\t\t\t\tborder: 2px solid #cfcfcf;\n\t\t\t\t}\n\t\t\t\t#gallery-3 .gallery-caption {\n\t\t\t\t\tmargin-left: 0;\n\t\t\t\t}\n\t\t\t\t\/* see gallery_shortcode() in wp-includes\/media.php *\/\n\t\t\t<\/style>\n\t\t<div id='gallery-3' class='dt-gallery-container gallery galleryid-380873 gallery-columns-3 gallery-size-thumbnail'><dl class='gallery-item'>\n\t\t\t\t<dt class='gallery-icon portrait'>\n\t\t\t\t\t<a class=\"rollover rollover-zoom dt-pswp-item\" title=\"677841d9-536f-49be-846b-0a92172f01bc\" data-dt-img-description=\"\" data-large_image_width=\"1199\" data-large_image_height=\"1652\"href='https:\/\/www.radiopiu.net\/wordpress\/wp-content\/uploads\/2024\/03\/677841d9-536f-49be-846b-0a92172f01bc.jpg'><img loading=\"lazy\" decoding=\"async\" width=\"150\" height=\"150\" src=\"https:\/\/www.radiopiu.net\/wordpress\/wp-content\/uploads\/2024\/03\/677841d9-536f-49be-846b-0a92172f01bc-150x150.jpg\" class=\"attachment-thumbnail size-thumbnail\" alt=\"\" \/><\/a>\n\t\t\t\t<\/dt><\/dl><dl class='gallery-item'>\n\t\t\t\t<dt class='gallery-icon landscape'>\n\t\t\t\t\t<a class=\"rollover rollover-zoom dt-pswp-item\" title=\"55a9a681-8a2a-493b-9a0e-a7524368f96f\" data-dt-img-description=\"\" data-large_image_width=\"2048\" data-large_image_height=\"1755\"href='https:\/\/www.radiopiu.net\/wordpress\/wp-content\/uploads\/2024\/03\/55a9a681-8a2a-493b-9a0e-a7524368f96f.jpg'><img loading=\"lazy\" decoding=\"async\" width=\"150\" height=\"150\" src=\"https:\/\/www.radiopiu.net\/wordpress\/wp-content\/uploads\/2024\/03\/55a9a681-8a2a-493b-9a0e-a7524368f96f-150x150.jpg\" class=\"attachment-thumbnail size-thumbnail\" alt=\"\" \/><\/a>\n\t\t\t\t<\/dt><\/dl><dl class='gallery-item'>\n\t\t\t\t<dt class='gallery-icon landscape'>\n\t\t\t\t\t<a class=\"rollover rollover-zoom dt-pswp-item\" title=\"0bcdf2e0-21e1-4183-ba0e-ac53918d970e\" data-dt-img-description=\"\" data-large_image_width=\"2000\" data-large_image_height=\"1614\"href='https:\/\/www.radiopiu.net\/wordpress\/wp-content\/uploads\/2024\/03\/0bcdf2e0-21e1-4183-ba0e-ac53918d970e.jpg'><img loading=\"lazy\" decoding=\"async\" width=\"150\" height=\"150\" src=\"https:\/\/www.radiopiu.net\/wordpress\/wp-content\/uploads\/2024\/03\/0bcdf2e0-21e1-4183-ba0e-ac53918d970e-150x150.jpg\" class=\"attachment-thumbnail size-thumbnail\" alt=\"\" \/><\/a>\n\t\t\t\t<\/dt><\/dl><br style=\"clear: both\" \/>\n\t\t\t<\/div>\n\n<p>&nbsp;<\/p>\n<p>&nbsp;<\/p>\n<hr \/>\n<p>&nbsp;<\/p>\n<blockquote>\n<h3>LE GIORNATE FAI DI PRIMAVERA IN PROVINCIA: UN SUCCESSO<\/h3>\n<\/blockquote>\n<p><strong><a class=\"dt-pswp-item\" href=\"https:\/\/www.radiopiu.net\/wordpress\/wp-content\/uploads\/2024\/03\/8bba6ee6-d087-41e4-a6d5-163e4eae5504.jpg\" data-dt-img-description=\"\" data-large_image_width=\"1600\" data-large_image_height=\"1201\"><img loading=\"lazy\" decoding=\"async\" class=\" wp-image-380729 alignleft\" src=\"https:\/\/www.radiopiu.net\/wordpress\/wp-content\/uploads\/2024\/03\/8bba6ee6-d087-41e4-a6d5-163e4eae5504-300x225.jpg\" alt=\"\" width=\"183\" height=\"137\" srcset=\"https:\/\/www.radiopiu.net\/wordpress\/wp-content\/uploads\/2024\/03\/8bba6ee6-d087-41e4-a6d5-163e4eae5504-300x225.jpg 300w, https:\/\/www.radiopiu.net\/wordpress\/wp-content\/uploads\/2024\/03\/8bba6ee6-d087-41e4-a6d5-163e4eae5504-1024x769.jpg 1024w, https:\/\/www.radiopiu.net\/wordpress\/wp-content\/uploads\/2024\/03\/8bba6ee6-d087-41e4-a6d5-163e4eae5504-768x576.jpg 768w, https:\/\/www.radiopiu.net\/wordpress\/wp-content\/uploads\/2024\/03\/8bba6ee6-d087-41e4-a6d5-163e4eae5504-1536x1153.jpg 1536w, https:\/\/www.radiopiu.net\/wordpress\/wp-content\/uploads\/2024\/03\/8bba6ee6-d087-41e4-a6d5-163e4eae5504.jpg 1600w\" sizes=\"auto, (max-width: 183px) 100vw, 183px\" \/><\/a>BELLUNO<\/strong> Le Giornate FAI di Primavera 2024 nella provincia bellunese sono state un trionfo, grazie al nuovo gruppo FAI di Feltre, guidato da Isabella Pilo, e ai volontari della delegazione FAI di Belluno. Villa Crotta De&#8217; Manzoni ha accolto 1028 visitatori, mentre il Borgo di Celarda ne ha visti oltre 720. Il Santuario dei santi patroni feltrini ha registrato 1.150 presenze. La Basilica-Santuario \u00e8 stata narrata con maestria da 26 studenti dell&#8217;Istituto Dal Piaz di Feltre, sotto la guida dei docenti. Il Nucleo 051 dell&#8217;Associazione Nazionale Carabinieri ha gestito il traffico verso il santuario, mentre il Casel di Celarda ha illustrato le tradizioni casearie. Adriano Barcelloni Corte, alla guida della delegazione FAI, ha ringraziato tutti i contribuenti al successo dell&#8217;evento, sottolineando l&#8217;importanza del lavoro di squadra.<\/p>\n<p>&nbsp;<\/p>\n<p>&nbsp;<\/p>\n<hr \/>\n<p>&nbsp;<\/p>\n<blockquote>\n<h3 class=\"Standard\" style=\"text-align: left; text-indent: 0cm; margin: 6.0pt 0cm 6.0pt 0cm;\" align=\"left\">OLTRE UN CENTINAIO I PARTECIPANTI ALLA VISITA IN SORGENTE VAL CLUSA<\/h3>\n<\/blockquote>\n<p align=\"left\"><strong>BELLUNO<\/strong> Bim Gsp ha organizzato una visita per la Giornata Mondiale dell\u2019Acqua, aprendo al pubblico la sorgente della Val Clusa a La Valle Agordina. Oltre 100 partecipanti hanno visitato la sorgente e l&#8217;impianto di disinfezione, accompagnati dai tecnici di Gsp, che hanno illustrato il funzionamento dell&#8217;acquedotto principale della provincia di Belluno. Alimentato da quattro sorgenti, il sistema si estende per oltre 130 km, servendo oltre 50mila abitanti in 8 Comuni. L&#8217;acquedotto eroga mediamente 450 litri al secondo, garantendo circa 35mila metri cubi al giorno. Il presidente di Bim Gsp, Attilio Sommavilla, sottolinea l&#8217;importanza di garantire un servizio idrico di qualit\u00e0, annunciando investimenti di 80 milioni di euro per rendere pi\u00f9 efficienti le reti idriche e ridurre le perdite idriche del 35% entro il 2025.<\/p>\n\n\t\t\t<style type='text\/css'>\n\t\t\t\t#gallery-4 {\n\t\t\t\t\tmargin: auto;\n\t\t\t\t}\n\t\t\t\t#gallery-4 .gallery-item {\n\t\t\t\t\tfloat: left;\n\t\t\t\t\tmargin-top: 10px;\n\t\t\t\t\ttext-align: center;\n\t\t\t\t\twidth: 33%;\n\t\t\t\t}\n\t\t\t\t#gallery-4 img {\n\t\t\t\t\tborder: 2px solid #cfcfcf;\n\t\t\t\t}\n\t\t\t\t#gallery-4 .gallery-caption {\n\t\t\t\t\tmargin-left: 0;\n\t\t\t\t}\n\t\t\t\t\/* see gallery_shortcode() in wp-includes\/media.php *\/\n\t\t\t<\/style>\n\t\t<div id='gallery-4' class='dt-gallery-container gallery galleryid-380873 gallery-columns-3 gallery-size-thumbnail'><dl class='gallery-item'>\n\t\t\t\t<dt class='gallery-icon landscape'>\n\t\t\t\t\t<a class=\"rollover rollover-zoom dt-pswp-item\" title=\"Bim GSP - Impianti aperti 2024 - Val Clusa (3)\" data-dt-img-description=\"\" data-large_image_width=\"1920\" data-large_image_height=\"1080\"href='https:\/\/www.radiopiu.net\/wordpress\/wp-content\/uploads\/2024\/03\/Bim-GSP-Impianti-aperti-2024-Val-Clusa-3.jpg'><img loading=\"lazy\" decoding=\"async\" width=\"150\" height=\"150\" src=\"https:\/\/www.radiopiu.net\/wordpress\/wp-content\/uploads\/2024\/03\/Bim-GSP-Impianti-aperti-2024-Val-Clusa-3-150x150.jpg\" class=\"attachment-thumbnail size-thumbnail\" alt=\"\" \/><\/a>\n\t\t\t\t<\/dt><\/dl><dl class='gallery-item'>\n\t\t\t\t<dt class='gallery-icon landscape'>\n\t\t\t\t\t<a class=\"rollover rollover-zoom dt-pswp-item\" title=\"Bim GSP - Impianti aperti 2024 - Val Clusa (6)\" data-dt-img-description=\"\" data-large_image_width=\"1920\" data-large_image_height=\"1080\"href='https:\/\/www.radiopiu.net\/wordpress\/wp-content\/uploads\/2024\/03\/Bim-GSP-Impianti-aperti-2024-Val-Clusa-6.jpg'><img loading=\"lazy\" decoding=\"async\" width=\"150\" height=\"150\" src=\"https:\/\/www.radiopiu.net\/wordpress\/wp-content\/uploads\/2024\/03\/Bim-GSP-Impianti-aperti-2024-Val-Clusa-6-150x150.jpg\" class=\"attachment-thumbnail size-thumbnail\" alt=\"\" \/><\/a>\n\t\t\t\t<\/dt><\/dl><dl class='gallery-item'>\n\t\t\t\t<dt class='gallery-icon landscape'>\n\t\t\t\t\t<a class=\"rollover rollover-zoom dt-pswp-item\" title=\"Bim GSP - Impianti aperti 2024 - Val Clusa (1)\" data-dt-img-description=\"\" data-large_image_width=\"1920\" data-large_image_height=\"1080\"href='https:\/\/www.radiopiu.net\/wordpress\/wp-content\/uploads\/2024\/03\/Bim-GSP-Impianti-aperti-2024-Val-Clusa-1.jpg'><img loading=\"lazy\" decoding=\"async\" width=\"150\" height=\"150\" src=\"https:\/\/www.radiopiu.net\/wordpress\/wp-content\/uploads\/2024\/03\/Bim-GSP-Impianti-aperti-2024-Val-Clusa-1-150x150.jpg\" class=\"attachment-thumbnail size-thumbnail\" alt=\"\" \/><\/a>\n\t\t\t\t<\/dt><\/dl><br style=\"clear: both\" \/>\n\t\t\t<\/div>\n\n<p>&nbsp;<\/p>\n<p>&nbsp;<\/p>\n<hr \/>\n<p>&nbsp;<\/p>\n<blockquote>\n<h3>STUDENTI PROTAGONISTI DELLA 38ESIMA MOSTRA DELL&#8217;ARTIGIANATO A FELTRE<\/h3>\n<\/blockquote>\n<p><strong><a class=\"dt-pswp-item\" href=\"https:\/\/www.radiopiu.net\/wordpress\/wp-content\/uploads\/2024\/02\/Feltre-Piazza-Maggiore.jpg\" data-dt-img-description=\"\" data-large_image_width=\"1595\" data-large_image_height=\"1054\"><img loading=\"lazy\" decoding=\"async\" class=\" wp-image-375447 alignleft\" src=\"https:\/\/www.radiopiu.net\/wordpress\/wp-content\/uploads\/2024\/02\/Feltre-Piazza-Maggiore-300x198.jpg\" alt=\"\" width=\"167\" height=\"110\" srcset=\"https:\/\/www.radiopiu.net\/wordpress\/wp-content\/uploads\/2024\/02\/Feltre-Piazza-Maggiore-300x198.jpg 300w, https:\/\/www.radiopiu.net\/wordpress\/wp-content\/uploads\/2024\/02\/Feltre-Piazza-Maggiore-1024x677.jpg 1024w, https:\/\/www.radiopiu.net\/wordpress\/wp-content\/uploads\/2024\/02\/Feltre-Piazza-Maggiore-768x508.jpg 768w, https:\/\/www.radiopiu.net\/wordpress\/wp-content\/uploads\/2024\/02\/Feltre-Piazza-Maggiore-1536x1015.jpg 1536w, https:\/\/www.radiopiu.net\/wordpress\/wp-content\/uploads\/2024\/02\/Feltre-Piazza-Maggiore.jpg 1595w\" sizes=\"auto, (max-width: 167px) 100vw, 167px\" \/><\/a>FELTRE<\/strong> Il Comitato Organizzatore della Mostra dell\u2019Artigianato di Feltre ha lanciato un concorso per le Scuole Primarie e Secondarie di Primo Grado del Feltrino, ispirato ai racconti del viaggio di Marco Polo nell&#8217;Oriente, in occasione dei 700 anni dalla sua scomparsa. Gli studenti, supportati dagli insegnanti, sono invitati a interpretare in modo simbolico o moderno le suggestioni suscitate dai racconti, realizzando manufatti o opere artistiche con diversi materiali e tecniche. Il presidente del Comitato, Luciano Gesiot, evidenzia l&#8217;importanza di coinvolgere le giovani generazioni per promuovere la tradizione artigiana e valorizzare il tema dell&#8217;Oriente legato a Marco Polo. Le premiazioni avverranno durante la mostra, dal 27 al 30 giugno, presso il Municipio di Feltre, con esposizione dei lavori. Per adesioni e informazioni, \u00e8 possibile contattare la segreteria via email o telefono.<\/p>\n<p>&nbsp;<\/p>\n<p>&nbsp;<\/p>\n<hr \/>\n<p>&nbsp;<\/p>\n<blockquote>\n<h3>GABRIELE CLIMA ALLE SCUOLE DI SANTA GIUSTINA E CESIOMAGGIORE<\/h3>\n<\/blockquote>\n<p><strong>SANTA GIUSTINA<\/strong><\/p>\n<p>DI GIANNI SANTOMASO<\/p>\n<audio class=\"wp-audio-shortcode\" id=\"audio-380873-10\" preload=\"none\" style=\"width: 100%;\" controls=\"controls\"><source type=\"audio\/mpeg\" src=\"https:\/\/www.radiopiu.net\/wordpress\/wp-content\/uploads\/2024\/03\/GIANNI-GABRIELE-CLIMA-ALLE-SCUOLE-DI-SANTA-GIUSTINA-E-CESIOMAGGIORE.mp3?_=10\" \/><a href=\"https:\/\/www.radiopiu.net\/wordpress\/wp-content\/uploads\/2024\/03\/GIANNI-GABRIELE-CLIMA-ALLE-SCUOLE-DI-SANTA-GIUSTINA-E-CESIOMAGGIORE.mp3\">https:\/\/www.radiopiu.net\/wordpress\/wp-content\/uploads\/2024\/03\/GIANNI-GABRIELE-CLIMA-ALLE-SCUOLE-DI-SANTA-GIUSTINA-E-CESIOMAGGIORE.mp3<\/a><\/audio>\n<p>&nbsp;<\/p>\n\n\t\t\t<style type='text\/css'>\n\t\t\t\t#gallery-5 {\n\t\t\t\t\tmargin: auto;\n\t\t\t\t}\n\t\t\t\t#gallery-5 .gallery-item {\n\t\t\t\t\tfloat: left;\n\t\t\t\t\tmargin-top: 10px;\n\t\t\t\t\ttext-align: center;\n\t\t\t\t\twidth: 50%;\n\t\t\t\t}\n\t\t\t\t#gallery-5 img {\n\t\t\t\t\tborder: 2px solid #cfcfcf;\n\t\t\t\t}\n\t\t\t\t#gallery-5 .gallery-caption {\n\t\t\t\t\tmargin-left: 0;\n\t\t\t\t}\n\t\t\t\t\/* see gallery_shortcode() in wp-includes\/media.php *\/\n\t\t\t<\/style>\n\t\t<div id='gallery-5' class='dt-gallery-container gallery galleryid-380873 gallery-columns-2 gallery-size-medium'><dl class='gallery-item'>\n\t\t\t\t<dt class='gallery-icon landscape'>\n\t\t\t\t\t<a class=\"rollover rollover-zoom dt-pswp-item\" title=\"0\" data-dt-img-description=\"\" data-large_image_width=\"2560\" data-large_image_height=\"1707\"href='https:\/\/www.radiopiu.net\/wordpress\/wp-content\/uploads\/2024\/03\/0-scaled.jpg'><img loading=\"lazy\" decoding=\"async\" width=\"300\" height=\"200\" src=\"https:\/\/www.radiopiu.net\/wordpress\/wp-content\/uploads\/2024\/03\/0-300x200.jpg\" class=\"attachment-medium size-medium\" alt=\"\" srcset=\"https:\/\/www.radiopiu.net\/wordpress\/wp-content\/uploads\/2024\/03\/0-300x200.jpg 300w, https:\/\/www.radiopiu.net\/wordpress\/wp-content\/uploads\/2024\/03\/0-1024x683.jpg 1024w, https:\/\/www.radiopiu.net\/wordpress\/wp-content\/uploads\/2024\/03\/0-768x512.jpg 768w, https:\/\/www.radiopiu.net\/wordpress\/wp-content\/uploads\/2024\/03\/0-1536x1024.jpg 1536w, https:\/\/www.radiopiu.net\/wordpress\/wp-content\/uploads\/2024\/03\/0-2048x1366.jpg 2048w\" sizes=\"auto, (max-width: 300px) 100vw, 300px\" \/><\/a>\n\t\t\t\t<\/dt><\/dl><dl class='gallery-item'>\n\t\t\t\t<dt class='gallery-icon landscape'>\n\t\t\t\t\t<a class=\"rollover rollover-zoom dt-pswp-item\" title=\"0-1\" data-dt-img-description=\"\" data-large_image_width=\"2560\" data-large_image_height=\"1706\"href='https:\/\/www.radiopiu.net\/wordpress\/wp-content\/uploads\/2024\/03\/0-1-scaled.jpg'><img loading=\"lazy\" decoding=\"async\" width=\"300\" height=\"200\" src=\"https:\/\/www.radiopiu.net\/wordpress\/wp-content\/uploads\/2024\/03\/0-1-300x200.jpg\" class=\"attachment-medium size-medium\" alt=\"\" srcset=\"https:\/\/www.radiopiu.net\/wordpress\/wp-content\/uploads\/2024\/03\/0-1-300x200.jpg 300w, https:\/\/www.radiopiu.net\/wordpress\/wp-content\/uploads\/2024\/03\/0-1-1024x683.jpg 1024w, https:\/\/www.radiopiu.net\/wordpress\/wp-content\/uploads\/2024\/03\/0-1-768x512.jpg 768w, https:\/\/www.radiopiu.net\/wordpress\/wp-content\/uploads\/2024\/03\/0-1-1536x1024.jpg 1536w, https:\/\/www.radiopiu.net\/wordpress\/wp-content\/uploads\/2024\/03\/0-1-2048x1365.jpg 2048w\" sizes=\"auto, (max-width: 300px) 100vw, 300px\" \/><\/a>\n\t\t\t\t<\/dt><\/dl><br style=\"clear: both\" \/>\n\t\t\t<\/div>\n\n<p>&nbsp;<\/p>\n<hr \/>\n<p>&nbsp;<\/p>\n<blockquote>\n<h3>PRESTITI CURE MEDICHE: IN VENETO CHIESTI IN MEDIA 6.551 EURO<\/h3>\n<\/blockquote>\n<p><strong><a class=\"dt-pswp-item\" href=\"https:\/\/www.radiopiu.net\/wordpress\/wp-content\/uploads\/2024\/03\/Prestiti-cure-mediche_c-Bacho-Foto_lr.jpg\" data-dt-img-description=\"\" data-large_image_width=\"652\" data-large_image_height=\"435\"><img loading=\"lazy\" decoding=\"async\" class=\" wp-image-381021 alignleft\" src=\"https:\/\/www.radiopiu.net\/wordpress\/wp-content\/uploads\/2024\/03\/Prestiti-cure-mediche_c-Bacho-Foto_lr-300x200.jpg\" alt=\"\" width=\"164\" height=\"109\" srcset=\"https:\/\/www.radiopiu.net\/wordpress\/wp-content\/uploads\/2024\/03\/Prestiti-cure-mediche_c-Bacho-Foto_lr-300x200.jpg 300w, https:\/\/www.radiopiu.net\/wordpress\/wp-content\/uploads\/2024\/03\/Prestiti-cure-mediche_c-Bacho-Foto_lr.jpg 652w\" sizes=\"auto, (max-width: 164px) 100vw, 164px\" \/><\/a>MILANO<\/strong> Nel Veneto, il crescente tempo d&#8217;attesa nella sanit\u00e0 pubblica spinge alla sanit\u00e0 privata. Nel 2023, richieste di prestiti per spese mediche rappresentavano il 5,11% delle domande di finanziamento, con una media di 6.551\u20ac. La regione \u00e8 la quarta in Italia per questi prestiti. Aligi Scotti di Facile.it sottolinea che il credito al consumo allevia l&#8217;onere delle cure. I richiedenti veneti, in media di quasi 46 anni, sono pi\u00f9 anziani della media generale. Il 26,7% ha tra i 45-54 anni, seguiti dal 20,3% tra i 35-44 anni e il 19% tra i 55-64 anni. Le donne presentano il 44,5% delle domande, superando la media totale del 27,8%. Nel 2023, il Taeg medio dei prestiti per spese mediche \u00e8 salito al 10,9%, +17% rispetto al 2022.<\/p>\n<p>&nbsp;<\/p>\n<p>&nbsp;<\/p>\n<hr \/>\n<p>&nbsp;<\/p>\n<blockquote>\n<h3>PARTE IL PROGETTO &#8220;CREATIVITA&#8217; PER LA LIBERTA'&#8221;<\/h3>\n<\/blockquote>\n<p><strong><a class=\"dt-pswp-item\" href=\"https:\/\/www.radiopiu.net\/wordpress\/wp-content\/uploads\/2024\/03\/PROGETTO-UOMO.gif\" data-dt-img-description=\"\" data-large_image_width=\"90\" data-large_image_height=\"95\"><img loading=\"lazy\" decoding=\"async\" class=\"size-full wp-image-378746 alignleft\" src=\"https:\/\/www.radiopiu.net\/wordpress\/wp-content\/uploads\/2024\/03\/PROGETTO-UOMO.gif\" alt=\"\" width=\"90\" height=\"95\" \/><\/a>BELLUNO<\/strong> Il progetto &#8220;Creativit\u00e0 per la libert\u00e0&#8221; del Centro di Solidariet\u00e0 Italiana di Belluno, finanziato dalla Presidenza del Consiglio dei Ministri, promuove la prevenzione delle dipendenze tra i giovani. Basato sulla Raccomandazione del Consiglio Europeo del 2018, si concentra sull&#8217;educazione non formale e informale per favorire la cittadinanza attiva. Attraverso attivit\u00e0 laboratoriali come teatro, movimento espressivo e montagna terapia, coinvolge ragazzi delle scuole superiori e giovani delle comunit\u00e0 terapeutiche. Collabora con la Fondazione Progetto Uomo, le scuole e l&#8217;ODAR per organizzare seminari informativi per formatori ed educatori, diffondendo metodologie per lo sviluppo della creativit\u00e0 e delle abilit\u00e0 espressive.<\/p>\n<p>&nbsp;<\/p>\n<p>&nbsp;<\/p>\n<hr \/>\n<p>&nbsp;<\/p>\n<h2><span style=\"color: #ff0000;\">CONSIGLI COMUNALI<\/span><\/h2>\n<p><strong>COLLE SANTA LUCIA<\/strong> Il sindaco Paolo Frena ha convocato il consiglio comunale per domani alle 20:30. Tra i temi da affrontare la ristrutturazione globale e la messa in sicurezza e adeguamento sismico del municipio, la disciplina regionale per il contenimento del consumo del suolo e una variazione a bilancio<\/p>\n<p><strong>ALLEGHE\u00a0<\/strong>Sar\u00e0 un consiglio comunale fiume quello indetto dal sindaco di Alleghe Danilo De Toni per gioved\u00ec alle 20:30. Saranno ben 13 i punti da trattare. Si discuter\u00e0 di un prelievo dal fondo di riserva, il piano di valorizzazione del patrimonio immobiliare, il rendiconto 2023, una variazione a bilancio, la costruzione di una cabina elettrica a Caprile e le modifiche al regolamento di videosorveglianza.<\/p>\n<p><strong>DI GIANNI SANTOMASO<\/strong><\/p>\n<audio class=\"wp-audio-shortcode\" id=\"audio-380873-11\" preload=\"none\" style=\"width: 100%;\" controls=\"controls\"><source type=\"audio\/mpeg\" src=\"https:\/\/www.radiopiu.net\/wordpress\/wp-content\/uploads\/2024\/03\/GIANNI-IL-CONSIGLIO-COMUNALE-DI-ALLEGHE.mp3?_=11\" \/><a href=\"https:\/\/www.radiopiu.net\/wordpress\/wp-content\/uploads\/2024\/03\/GIANNI-IL-CONSIGLIO-COMUNALE-DI-ALLEGHE.mp3\">https:\/\/www.radiopiu.net\/wordpress\/wp-content\/uploads\/2024\/03\/GIANNI-IL-CONSIGLIO-COMUNALE-DI-ALLEGHE.mp3<\/a><\/audio>\n<p>&nbsp;<\/p>\n<hr \/>\n<p>&nbsp;<\/p>\n<p><strong class=\"photoswipe-wrapper\"><a class=\"dt-pswp-item pspw-wrap-ready\" href=\"https:\/\/www.radiopiu.net\/wordpress\/wp-content\/uploads\/2024\/01\/Senza-nome-34.png\" data-dt-img-description=\"\" data-large_image_width=\"239\" data-large_image_height=\"153\"><img loading=\"lazy\" decoding=\"async\" class=\"wp-image-369478 alignleft\" src=\"https:\/\/www.radiopiu.net\/wordpress\/wp-content\/uploads\/2024\/01\/Senza-nome-34.png\" alt=\"\" width=\"128\" height=\"82\" \/><\/a><\/strong><\/p>\n<h1 class=\"_title post-title entry-title\"><\/h1>\n<p><strong>dal TG BELLUNESE di\u00a0 ANTENNA 3 ogni sera alle 19.30 sul canale 10 del digitale terrestre e alle 19 le anticipazioni alla radio.\u00a0 \u00a0<\/strong><\/p>\n<p>&nbsp;<\/p>\n<p>&nbsp;<\/p>\n<hr \/>\n<p>&nbsp;<\/p>\n<p>&nbsp;<\/p>\n<blockquote>\n<h2 class=\"_title post-title entry-title\">PRESENTATI I POSSIBILI PROGETTI DI SVILUPPO DEL NEVEGAL<\/h2>\n<\/blockquote>\n<p><strong>BELLUNO<\/strong> Presentati a Palazzo Rosso i possibili progetti di sviluppo del Nevegal: cambiata la linea sulla cessione degli impianti, Nevegal 2021 ceder\u00e0 le sue quote ai soci del Consorzio Tolomeo, realt\u00e0 impegnata nel mondo della gestione degli impianti sciistici e di innevamento.<\/p>\n<p><strong>DI DANIELE DALVIT<\/strong><\/p>\n<audio class=\"wp-audio-shortcode\" id=\"audio-380873-12\" preload=\"none\" style=\"width: 100%;\" controls=\"controls\"><source type=\"audio\/mpeg\" src=\"https:\/\/www.radiopiu.net\/wordpress\/wp-content\/uploads\/2024\/03\/Radio-Piu-Servizio-Nevegal-Consorzio-Tolomeo.mp3?_=12\" \/><a href=\"https:\/\/www.radiopiu.net\/wordpress\/wp-content\/uploads\/2024\/03\/Radio-Piu-Servizio-Nevegal-Consorzio-Tolomeo.mp3\">https:\/\/www.radiopiu.net\/wordpress\/wp-content\/uploads\/2024\/03\/Radio-Piu-Servizio-Nevegal-Consorzio-Tolomeo.mp3<\/a><\/audio>\n<p>&nbsp;<\/p>\n\n\t\t\t<style type='text\/css'>\n\t\t\t\t#gallery-6 {\n\t\t\t\t\tmargin: auto;\n\t\t\t\t}\n\t\t\t\t#gallery-6 .gallery-item {\n\t\t\t\t\tfloat: left;\n\t\t\t\t\tmargin-top: 10px;\n\t\t\t\t\ttext-align: center;\n\t\t\t\t\twidth: 50%;\n\t\t\t\t}\n\t\t\t\t#gallery-6 img {\n\t\t\t\t\tborder: 2px solid #cfcfcf;\n\t\t\t\t}\n\t\t\t\t#gallery-6 .gallery-caption {\n\t\t\t\t\tmargin-left: 0;\n\t\t\t\t}\n\t\t\t\t\/* see gallery_shortcode() in wp-includes\/media.php *\/\n\t\t\t<\/style>\n\t\t<div id='gallery-6' class='dt-gallery-container gallery galleryid-380873 gallery-columns-2 gallery-size-medium'><dl class='gallery-item'>\n\t\t\t\t<dt class='gallery-icon landscape'>\n\t\t\t\t\t<a class=\"rollover rollover-zoom dt-pswp-item\" title=\"88e8f6a1-4262-4659-905d-b96075ba3bca\" data-dt-img-description=\"\" data-large_image_width=\"2048\" data-large_image_height=\"1536\"href='https:\/\/www.radiopiu.net\/wordpress\/wp-content\/uploads\/2024\/03\/88e8f6a1-4262-4659-905d-b96075ba3bca.jpg'><img loading=\"lazy\" decoding=\"async\" width=\"300\" height=\"225\" src=\"https:\/\/www.radiopiu.net\/wordpress\/wp-content\/uploads\/2024\/03\/88e8f6a1-4262-4659-905d-b96075ba3bca-300x225.jpg\" class=\"attachment-medium size-medium\" alt=\"\" srcset=\"https:\/\/www.radiopiu.net\/wordpress\/wp-content\/uploads\/2024\/03\/88e8f6a1-4262-4659-905d-b96075ba3bca-300x225.jpg 300w, https:\/\/www.radiopiu.net\/wordpress\/wp-content\/uploads\/2024\/03\/88e8f6a1-4262-4659-905d-b96075ba3bca-1024x768.jpg 1024w, https:\/\/www.radiopiu.net\/wordpress\/wp-content\/uploads\/2024\/03\/88e8f6a1-4262-4659-905d-b96075ba3bca-768x576.jpg 768w, https:\/\/www.radiopiu.net\/wordpress\/wp-content\/uploads\/2024\/03\/88e8f6a1-4262-4659-905d-b96075ba3bca-1536x1152.jpg 1536w, https:\/\/www.radiopiu.net\/wordpress\/wp-content\/uploads\/2024\/03\/88e8f6a1-4262-4659-905d-b96075ba3bca.jpg 2048w\" sizes=\"auto, (max-width: 300px) 100vw, 300px\" \/><\/a>\n\t\t\t\t<\/dt><\/dl><dl class='gallery-item'>\n\t\t\t\t<dt class='gallery-icon landscape'>\n\t\t\t\t\t<a class=\"rollover rollover-zoom dt-pswp-item\" title=\"6f4a6190-1e0d-442a-892e-4eddecc74bca\" data-dt-img-description=\"\" data-large_image_width=\"2048\" data-large_image_height=\"1536\"href='https:\/\/www.radiopiu.net\/wordpress\/wp-content\/uploads\/2024\/03\/6f4a6190-1e0d-442a-892e-4eddecc74bca.jpg'><img loading=\"lazy\" decoding=\"async\" width=\"300\" height=\"225\" src=\"https:\/\/www.radiopiu.net\/wordpress\/wp-content\/uploads\/2024\/03\/6f4a6190-1e0d-442a-892e-4eddecc74bca-300x225.jpg\" class=\"attachment-medium size-medium\" alt=\"\" srcset=\"https:\/\/www.radiopiu.net\/wordpress\/wp-content\/uploads\/2024\/03\/6f4a6190-1e0d-442a-892e-4eddecc74bca-300x225.jpg 300w, https:\/\/www.radiopiu.net\/wordpress\/wp-content\/uploads\/2024\/03\/6f4a6190-1e0d-442a-892e-4eddecc74bca-1024x768.jpg 1024w, https:\/\/www.radiopiu.net\/wordpress\/wp-content\/uploads\/2024\/03\/6f4a6190-1e0d-442a-892e-4eddecc74bca-768x576.jpg 768w, https:\/\/www.radiopiu.net\/wordpress\/wp-content\/uploads\/2024\/03\/6f4a6190-1e0d-442a-892e-4eddecc74bca-1536x1152.jpg 1536w, https:\/\/www.radiopiu.net\/wordpress\/wp-content\/uploads\/2024\/03\/6f4a6190-1e0d-442a-892e-4eddecc74bca.jpg 2048w\" sizes=\"auto, (max-width: 300px) 100vw, 300px\" \/><\/a>\n\t\t\t\t<\/dt><\/dl><br style=\"clear: both\" \/>\n\t\t\t<\/div>\n\n<p>&nbsp;<\/p>\n<p>&nbsp;<\/p>\n<hr \/>\n<p>&nbsp;<\/p>\n<blockquote>\n<h3>UN BANDO PER ALLIEVI MARESCIALLI DELLA GUARDIA DI FINANZA<\/h3>\n<\/blockquote>\n<p><strong><a class=\"dt-pswp-item\" href=\"https:\/\/www.radiopiu.net\/wordpress\/wp-content\/uploads\/2021\/07\/9dab3da2-5b99-4e4c-9808-d95d42ff43b5.jpg\" data-dt-img-description=\"\" data-large_image_width=\"1067\" data-large_image_height=\"1067\"><img loading=\"lazy\" decoding=\"async\" class=\" wp-image-222502 alignleft\" src=\"https:\/\/www.radiopiu.net\/wordpress\/wp-content\/uploads\/2021\/07\/9dab3da2-5b99-4e4c-9808-d95d42ff43b5-300x300.jpg\" alt=\"\" width=\"103\" height=\"103\" srcset=\"https:\/\/www.radiopiu.net\/wordpress\/wp-content\/uploads\/2021\/07\/9dab3da2-5b99-4e4c-9808-d95d42ff43b5-300x300.jpg 300w, https:\/\/www.radiopiu.net\/wordpress\/wp-content\/uploads\/2021\/07\/9dab3da2-5b99-4e4c-9808-d95d42ff43b5-1024x1024.jpg 1024w, https:\/\/www.radiopiu.net\/wordpress\/wp-content\/uploads\/2021\/07\/9dab3da2-5b99-4e4c-9808-d95d42ff43b5-150x150.jpg 150w, https:\/\/www.radiopiu.net\/wordpress\/wp-content\/uploads\/2021\/07\/9dab3da2-5b99-4e4c-9808-d95d42ff43b5-768x768.jpg 768w, https:\/\/www.radiopiu.net\/wordpress\/wp-content\/uploads\/2021\/07\/9dab3da2-5b99-4e4c-9808-d95d42ff43b5.jpg 1067w\" sizes=\"auto, (max-width: 103px) 100vw, 103px\" \/><\/a>BELLUNO<\/strong> La Guardia di Finanza ha indetto un concorso per l&#8217;ammissione di 1.330 allievi marescialli al 96\u00b0 corso presso la Scuola Ispettori e Sovrintendenti per l&#8217;anno accademico 2024\/2025. I posti sono suddivisi tra contingente ordinario e di mare, con riserve specifiche. Possono partecipare cittadini italiani tra i 17 e i 26 anni. La domanda va presentata entro le ore 12:00 del 6 aprile 2024 tramite il portale <a href=\"https:\/\/concorsi.gdf.gov.it\/\" target=\"_new\" rel=\"noopener\">https:\/\/concorsi.gdf.gov.it<\/a>, con autenticazione SPID o CIE. Ulteriori dettagli sono disponibili sul portale o tramite l&#8217;APP Mobile &#8220;GdF Concorsi&#8221;.<\/p>\n<p>&nbsp;<\/p>\n<p>&nbsp;<\/p>\n<hr \/>\n<p>&nbsp;<\/p>\n<div class=\"flex-1 overflow-hidden\">\n<div class=\"react-scroll-to-bottom--css-petsd-79elbk h-full\">\n<div class=\"react-scroll-to-bottom--css-petsd-1n7m0yu\">\n<div class=\"flex flex-col text-sm pb-9\">\n<div class=\"w-full text-token-text-primary\" data-testid=\"conversation-turn-56\">\n<div class=\"px-4 py-2 justify-center text-base md:gap-6 m-auto\">\n<div class=\"flex flex-1 text-base mx-auto gap-3 md:px-5 lg:px-1 xl:px-5 md:max-w-3xl lg:max-w-[40rem] xl:max-w-[48rem] group final-completion\">\n<div class=\"relative flex w-full flex-col agent-turn\">\n<div class=\"flex-col gap-1 md:gap-3\">\n<blockquote>\n<h1><span style=\"color: #ff0000;\"><strong>BANDI E CONCORSI<\/strong><\/span><\/h1>\n<\/blockquote>\n<div><\/div>\n<div>\n<p><strong><a class=\"dt-pswp-item\" href=\"https:\/\/www.radiopiu.net\/wordpress\/wp-content\/uploads\/2022\/03\/ASCA.jpg\" data-dt-img-description=\"\" data-large_image_width=\"292\" data-large_image_height=\"290\"><img loading=\"lazy\" decoding=\"async\" class=\"wp-image-263829 alignleft\" src=\"https:\/\/www.radiopiu.net\/wordpress\/wp-content\/uploads\/2022\/03\/ASCA.jpg\" alt=\"\" width=\"100\" height=\"99\" srcset=\"https:\/\/www.radiopiu.net\/wordpress\/wp-content\/uploads\/2022\/03\/ASCA.jpg 292w, https:\/\/www.radiopiu.net\/wordpress\/wp-content\/uploads\/2022\/03\/ASCA-150x150.jpg 150w\" sizes=\"auto, (max-width: 100px) 100vw, 100px\" \/><\/a>L\u2019AZIENDA SPECIALE CONSORTILE AGORDINA, ASCA, HA EMESSO UN BANDO PER LA SELEZIONE DI UNO PSICOLOGO.LIVELLO CONTRATTUALE:2\u00b0 \u2013 CONTRATTO UNEBA Accesso Welfare Aziendale Possibilit\u00e0 di sistemazione abitativa gratuita per 8 mesi LE DOMANDE VANNO PRESENTATE ENTRO LE 12 DI LUNEDI 1 APRILE: INFO WW.servizisocialiasca.it\u00a0 \u00a0<\/strong><\/p>\n<p>&nbsp;<\/p>\n<hr \/>\n<\/div>\n<\/div>\n<\/div>\n<\/div>\n<\/div>\n<\/div>\n<\/div>\n<\/div>\n<\/div>\n<\/div>\n<div class=\"w-full pt-2 md:pt-0 dark:border-white\/20 md:border-transparent md:dark:border-transparent md:w-[calc(100%-.5rem)]\">\n<form class=\"stretch mx-2 flex flex-row gap-3 last:mb-2 md:mx-4 md:last:mb-6 lg:mx-auto lg:max-w-2xl xl:max-w-3xl\">\n<div class=\"relative flex h-full flex-1 flex-col\">\n<div class=\"flex w-full items-center\">\n<p><strong><a class=\"dt-pswp-item\" href=\"https:\/\/www.radiopiu.net\/wordpress\/wp-content\/uploads\/2018\/03\/VILLA-GIUSEPPE.jpg\" data-dt-img-description=\"\" data-large_image_width=\"250\" data-large_image_height=\"332\"><img loading=\"lazy\" decoding=\"async\" class=\"wp-image-45507 alignleft\" src=\"https:\/\/www.radiopiu.net\/wordpress\/wp-content\/uploads\/2018\/03\/VILLA-GIUSEPPE-226x300.jpg\" alt=\"\" width=\"79\" height=\"105\" srcset=\"https:\/\/www.radiopiu.net\/wordpress\/wp-content\/uploads\/2018\/03\/VILLA-GIUSEPPE-226x300.jpg 226w, https:\/\/www.radiopiu.net\/wordpress\/wp-content\/uploads\/2018\/03\/VILLA-GIUSEPPE.jpg 250w\" sizes=\"auto, (max-width: 79px) 100vw, 79px\" \/><\/a>08 03<\/strong>\u00a0<strong>La Fodom Servizi ha pubblicato un avviso di selezione per la formulazione di una graduatoria di idoneit\u00e0 per l\u2019inserimento a tempo indeterminato\/determinato, a tempo pieno o parziale, presso il Centro Servizi per Anziani Villa San Giuseppe, per la figura di: OPERATORE POLIVALENTE \u2013 ADDETTO ALLE PULIZIE E LAVANDERIA. \u00a0Con scadenza presentazione domande il 22.03.2024 ore 12.00.\u00a0<\/strong><strong>Per info: 0436-7106 oppure\u00a0<\/strong><a href=\"http:\/\/www.fodomservizi.it\/\"><strong>www.fodomservizi.it<\/strong><\/a><\/p>\n<\/div>\n<\/div>\n<\/form>\n<\/div>\n<p>&nbsp;<\/p>\n<p>&nbsp;<\/p>\n<hr \/>\n<p>&nbsp;<\/p>\n<blockquote>\n<h2><strong><a class=\"dt-pswp-item\" href=\"https:\/\/www.radiopiu.net\/wordpress\/wp-content\/uploads\/2024\/03\/Senza-nome-75.png\" data-dt-img-description=\"\" data-large_image_width=\"273\" data-large_image_height=\"280\"><img loading=\"lazy\" decoding=\"async\" class=\"wp-image-380478 alignleft\" src=\"https:\/\/www.radiopiu.net\/wordpress\/wp-content\/uploads\/2024\/03\/Senza-nome-75.png\" alt=\"\" width=\"99\" height=\"102\" \/><\/a>Festa diocesana delle famiglie 2024: Memoria, Misericordia e Meraviglia<\/strong><\/h2>\n<\/blockquote>\n<p>&nbsp;<\/p>\n<p><strong>BELLUNO<\/strong> L&#8217;Ufficio diocesano di Pastorale della famiglia organizza la Festa diocesana delle famiglie il 14 aprile 2024 presso il Centro Papa Luciani (Col Cumano) di Santa Giustina, dalle ore 15:00 alle ore 19:00. L&#8217;evento prevede la partecipazione di diverse realt\u00e0 locali con stand e attivit\u00e0 per adulti e bambini, oltre a una merenda per tutti nel pomeriggio. Francesco e Gianluca del gruppo \u201cThe Sun\u201d offriranno testimonianze e esibizioni musicali in acustica.<\/p>\n<p>&nbsp;<\/p>\n<p>&nbsp;<\/p>\n<hr \/>\n<p>&nbsp;<\/p>\n<blockquote>\n<h3><strong><a class=\"dt-pswp-item\" href=\"https:\/\/www.radiopiu.net\/wordpress\/wp-content\/uploads\/2024\/03\/LOCANDINA-ABVS.jpg\" data-dt-img-description=\"\" data-large_image_width=\"699\" data-large_image_height=\"992\"><img loading=\"lazy\" decoding=\"async\" class=\" wp-image-380482 alignleft\" src=\"https:\/\/www.radiopiu.net\/wordpress\/wp-content\/uploads\/2024\/03\/LOCANDINA-ABVS-211x300.jpg\" alt=\"\" width=\"120\" height=\"171\" srcset=\"https:\/\/www.radiopiu.net\/wordpress\/wp-content\/uploads\/2024\/03\/LOCANDINA-ABVS-211x300.jpg 211w, https:\/\/www.radiopiu.net\/wordpress\/wp-content\/uploads\/2024\/03\/LOCANDINA-ABVS.jpg 699w\" sizes=\"auto, (max-width: 120px) 100vw, 120px\" \/><\/a><\/strong>NON VOGLIO DONARE: LO SPETTACOLO TEATRALE DI ABVS<\/h3>\n<\/blockquote>\n<p><strong>BELLUNO<\/strong> Lo spettacolo teatrale &#8220;Non voglio donare&#8221;, promosso dall&#8217;Abvs, coinvolge gli attori Jgor Barbazza e Davide Stefanato. Presentato domani a Belluno, il quarto evento itinerante nelle scuole. Tratto dal libro &#8220;Settant\u2019anni di impegno solidale&#8221;, racconta l&#8217;importanza della donazione del sangue attraverso un dialogo comico e riflessivo tra medico e paziente. Scopo: stimolare curiosit\u00e0 e coraggio nei giovani per assicurare la copertura del fabbisogno di sangue. Sul palco, i noti attori trevigiani, gi\u00e0 protagonisti di successi cinematografici e televisivi, coinvolti in Restera produzioni dal 2020, con progetti che spaziano dal teatro alla formazione.<\/p>\n<p>&nbsp;<\/p>\n<p>&nbsp;<\/p>\n<hr \/>\n<p>&nbsp;<\/p>\n<blockquote>\n<h2>feste in vallata: dai Piani di Pezze&#8217;\u00a0 con il doppio appuntamento Pezze&#8217; Trophy e Splash Party,\u00a0 sagra de Pasca e San Vincenzo tra i fiori, a Prompicai di Agordo.<\/h2>\n<\/blockquote>\n\n\t\t\t<style type='text\/css'>\n\t\t\t\t#gallery-7 {\n\t\t\t\t\tmargin: auto;\n\t\t\t\t}\n\t\t\t\t#gallery-7 .gallery-item {\n\t\t\t\t\tfloat: left;\n\t\t\t\t\tmargin-top: 10px;\n\t\t\t\t\ttext-align: center;\n\t\t\t\t\twidth: 25%;\n\t\t\t\t}\n\t\t\t\t#gallery-7 img {\n\t\t\t\t\tborder: 2px solid #cfcfcf;\n\t\t\t\t}\n\t\t\t\t#gallery-7 .gallery-caption {\n\t\t\t\t\tmargin-left: 0;\n\t\t\t\t}\n\t\t\t\t\/* see gallery_shortcode() in wp-includes\/media.php *\/\n\t\t\t<\/style>\n\t\t<div id='gallery-7' class='dt-gallery-container gallery galleryid-380873 gallery-columns-4 gallery-size-medium'><dl class='gallery-item'>\n\t\t\t\t<dt class='gallery-icon portrait'>\n\t\t\t\t\t<a class=\"rollover rollover-zoom dt-pswp-item\" title=\"PASCA\" data-dt-img-description=\"\" data-large_image_width=\"449\" data-large_image_height=\"628\"href='https:\/\/www.radiopiu.net\/wordpress\/wp-content\/uploads\/2024\/03\/Senza-nome-15.png'><img loading=\"lazy\" decoding=\"async\" width=\"214\" height=\"300\" src=\"https:\/\/www.radiopiu.net\/wordpress\/wp-content\/uploads\/2024\/03\/Senza-nome-15-214x300.png\" class=\"attachment-medium size-medium\" alt=\"\" srcset=\"https:\/\/www.radiopiu.net\/wordpress\/wp-content\/uploads\/2024\/03\/Senza-nome-15-214x300.png 214w, https:\/\/www.radiopiu.net\/wordpress\/wp-content\/uploads\/2024\/03\/Senza-nome-15.png 449w\" sizes=\"auto, (max-width: 214px) 100vw, 214px\" \/><\/a>\n\t\t\t\t<\/dt><\/dl><dl class='gallery-item'>\n\t\t\t\t<dt class='gallery-icon portrait'>\n\t\t\t\t\t<a class=\"rollover rollover-zoom dt-pswp-item\" title=\"4569b749-c5f0-4645-89e4-2297915919ec\" data-dt-img-description=\"\" data-large_image_width=\"1415\" data-large_image_height=\"2000\"href='https:\/\/www.radiopiu.net\/wordpress\/wp-content\/uploads\/2024\/03\/4569b749-c5f0-4645-89e4-2297915919ec.jpg'><img loading=\"lazy\" decoding=\"async\" width=\"212\" height=\"300\" src=\"https:\/\/www.radiopiu.net\/wordpress\/wp-content\/uploads\/2024\/03\/4569b749-c5f0-4645-89e4-2297915919ec-212x300.jpg\" class=\"attachment-medium size-medium\" alt=\"\" srcset=\"https:\/\/www.radiopiu.net\/wordpress\/wp-content\/uploads\/2024\/03\/4569b749-c5f0-4645-89e4-2297915919ec-212x300.jpg 212w, https:\/\/www.radiopiu.net\/wordpress\/wp-content\/uploads\/2024\/03\/4569b749-c5f0-4645-89e4-2297915919ec-724x1024.jpg 724w, https:\/\/www.radiopiu.net\/wordpress\/wp-content\/uploads\/2024\/03\/4569b749-c5f0-4645-89e4-2297915919ec-768x1086.jpg 768w, https:\/\/www.radiopiu.net\/wordpress\/wp-content\/uploads\/2024\/03\/4569b749-c5f0-4645-89e4-2297915919ec-1087x1536.jpg 1087w, https:\/\/www.radiopiu.net\/wordpress\/wp-content\/uploads\/2024\/03\/4569b749-c5f0-4645-89e4-2297915919ec.jpg 1415w\" sizes=\"auto, (max-width: 212px) 100vw, 212px\" \/><\/a>\n\t\t\t\t<\/dt><\/dl><dl class='gallery-item'>\n\t\t\t\t<dt class='gallery-icon portrait'>\n\t\t\t\t\t<a class=\"rollover rollover-zoom dt-pswp-item\" title=\"928d2648-0f8e-495e-8300-a22ae6e4273d\" data-dt-img-description=\"\" data-large_image_width=\"1204\" data-large_image_height=\"1600\"href='https:\/\/www.radiopiu.net\/wordpress\/wp-content\/uploads\/2024\/03\/928d2648-0f8e-495e-8300-a22ae6e4273d.jpg'><img loading=\"lazy\" decoding=\"async\" width=\"226\" height=\"300\" src=\"https:\/\/www.radiopiu.net\/wordpress\/wp-content\/uploads\/2024\/03\/928d2648-0f8e-495e-8300-a22ae6e4273d-226x300.jpg\" class=\"attachment-medium size-medium\" alt=\"\" srcset=\"https:\/\/www.radiopiu.net\/wordpress\/wp-content\/uploads\/2024\/03\/928d2648-0f8e-495e-8300-a22ae6e4273d-226x300.jpg 226w, https:\/\/www.radiopiu.net\/wordpress\/wp-content\/uploads\/2024\/03\/928d2648-0f8e-495e-8300-a22ae6e4273d-771x1024.jpg 771w, https:\/\/www.radiopiu.net\/wordpress\/wp-content\/uploads\/2024\/03\/928d2648-0f8e-495e-8300-a22ae6e4273d-768x1021.jpg 768w, https:\/\/www.radiopiu.net\/wordpress\/wp-content\/uploads\/2024\/03\/928d2648-0f8e-495e-8300-a22ae6e4273d-1156x1536.jpg 1156w, https:\/\/www.radiopiu.net\/wordpress\/wp-content\/uploads\/2024\/03\/928d2648-0f8e-495e-8300-a22ae6e4273d.jpg 1204w\" sizes=\"auto, (max-width: 226px) 100vw, 226px\" \/><\/a>\n\t\t\t\t<\/dt><\/dl><dl class='gallery-item'>\n\t\t\t\t<dt class='gallery-icon landscape'>\n\t\t\t\t\t<a class=\"rollover rollover-zoom dt-pswp-item\" title=\"409158151_6523017172363_8167181498378608884_n\" data-dt-img-description=\"\" data-large_image_width=\"843\" data-large_image_height=\"843\"href='https:\/\/www.radiopiu.net\/wordpress\/wp-content\/uploads\/2024\/03\/409158151_6523017172363_8167181498378608884_n.jpg'><img loading=\"lazy\" decoding=\"async\" width=\"300\" height=\"300\" src=\"https:\/\/www.radiopiu.net\/wordpress\/wp-content\/uploads\/2024\/03\/409158151_6523017172363_8167181498378608884_n-300x300.jpg\" class=\"attachment-medium size-medium\" alt=\"\" srcset=\"https:\/\/www.radiopiu.net\/wordpress\/wp-content\/uploads\/2024\/03\/409158151_6523017172363_8167181498378608884_n-300x300.jpg 300w, https:\/\/www.radiopiu.net\/wordpress\/wp-content\/uploads\/2024\/03\/409158151_6523017172363_8167181498378608884_n-150x150.jpg 150w, https:\/\/www.radiopiu.net\/wordpress\/wp-content\/uploads\/2024\/03\/409158151_6523017172363_8167181498378608884_n-768x768.jpg 768w, https:\/\/www.radiopiu.net\/wordpress\/wp-content\/uploads\/2024\/03\/409158151_6523017172363_8167181498378608884_n.jpg 843w\" sizes=\"auto, (max-width: 300px) 100vw, 300px\" \/><\/a>\n\t\t\t\t<\/dt><\/dl><br style=\"clear: both\" \/>\n\t\t\t<\/div>\n\n<p>&nbsp;<\/p>\n<hr \/>\n<p>&nbsp;<\/p>\n<h3><a class=\"dt-pswp-item\" href=\"https:\/\/www.radiopiu.net\/wordpress\/wp-content\/uploads\/2023\/08\/862c8c0d-fb55-49e7-875a-930f514a02a7.jpg\" data-dt-img-description=\"\" data-large_image_width=\"2048\" data-large_image_height=\"1536\"><img loading=\"lazy\" decoding=\"async\" class=\"wp-image-349786 alignleft\" src=\"https:\/\/www.radiopiu.net\/wordpress\/wp-content\/uploads\/2023\/08\/862c8c0d-fb55-49e7-875a-930f514a02a7-300x225.jpg\" alt=\"\" width=\"136\" height=\"102\" srcset=\"https:\/\/www.radiopiu.net\/wordpress\/wp-content\/uploads\/2023\/08\/862c8c0d-fb55-49e7-875a-930f514a02a7-300x225.jpg 300w, https:\/\/www.radiopiu.net\/wordpress\/wp-content\/uploads\/2023\/08\/862c8c0d-fb55-49e7-875a-930f514a02a7-1024x768.jpg 1024w, https:\/\/www.radiopiu.net\/wordpress\/wp-content\/uploads\/2023\/08\/862c8c0d-fb55-49e7-875a-930f514a02a7-768x576.jpg 768w, https:\/\/www.radiopiu.net\/wordpress\/wp-content\/uploads\/2023\/08\/862c8c0d-fb55-49e7-875a-930f514a02a7-1536x1152.jpg 1536w, https:\/\/www.radiopiu.net\/wordpress\/wp-content\/uploads\/2023\/08\/862c8c0d-fb55-49e7-875a-930f514a02a7.jpg 2048w\" sizes=\"auto, (max-width: 136px) 100vw, 136px\" \/><\/a>LAVORI PER INTERRAMENTO DELLA CONDOTTA IDRICA<\/h3>\n<p><strong>LA VALLE<\/strong> Il Comune La Valle Agordina ordina la sospensione temporanea della circolazione veicolare sulla viabilit\u00e0 Silvo-pastorale di Fres, dall&#8217;11\/03\/2024 al 24\/06\/2024, dalle 7 alle 18 dal luned\u00ec al venerd\u00ec, esclusi sabato e domenica. Viene istituito il divieto di transito pedonale e con biciclette dalla localit\u00e0 Piaia fino a Pra de Val, con l&#8217;altro lato del divieto al ponte sul torrente Rova di Caleda. Analogamente, \u00e8 vietato il transito pedonale e con biciclette su parte del sentiero CAI n.551 (Strada Vicinale di Pepolade) dal 11\/03\/2024 al 24\/06\/2024 per l&#8217;intera durata delle 24 ore.<\/p>\n<p>&nbsp;<\/p>\n<p>&nbsp;<\/p>\n<hr \/>\n<p>&nbsp;<\/p>\n<h2><span style=\"color: #ff6600;\">ALLA RADIO\u00a0<\/span><\/h2>\n<h2><span style=\"color: #3366ff;\">SALUTE &amp; SOCIETA&#8217;<\/span><\/h2>\n<p><strong><a class=\"dt-pswp-item\" href=\"https:\/\/www.radiopiu.net\/wordpress\/wp-content\/uploads\/2024\/03\/d4b19be0-1429-8625-2de2-956e44d96b9a.png\" data-dt-img-description=\"\" data-large_image_width=\"800\" data-large_image_height=\"445\"><img loading=\"lazy\" decoding=\"async\" class=\" wp-image-380980 alignleft\" src=\"https:\/\/www.radiopiu.net\/wordpress\/wp-content\/uploads\/2024\/03\/d4b19be0-1429-8625-2de2-956e44d96b9a-300x167.png\" alt=\"\" width=\"158\" height=\"88\" srcset=\"https:\/\/www.radiopiu.net\/wordpress\/wp-content\/uploads\/2024\/03\/d4b19be0-1429-8625-2de2-956e44d96b9a-300x167.png 300w, https:\/\/www.radiopiu.net\/wordpress\/wp-content\/uploads\/2024\/03\/d4b19be0-1429-8625-2de2-956e44d96b9a-768x427.png 768w, https:\/\/www.radiopiu.net\/wordpress\/wp-content\/uploads\/2024\/03\/d4b19be0-1429-8625-2de2-956e44d96b9a.png 800w\" sizes=\"auto, (max-width: 158px) 100vw, 158px\" \/><\/a>PUNTATA DEL 25 MARZO 2024<\/strong><\/p>\n<p><strong>Tumore delle vie biliari, nuove opzioni di cura con l\u2019immunoterapia <\/strong>I colangiocarcinomi, tumori delle vie biliari, sono rari e altamente maligni con una sopravvivenza a 5 anni dalla diagnosi che si ferma al 17% negli uomini e al 15% nelle donne. Sono in continuo aumento, diagnosticati tardivamente a causa della presenza di sintomi generici e dell\u2019assenza di criteri specifici di diagnosi.<\/p>\n<audio class=\"wp-audio-shortcode\" id=\"audio-380873-13\" preload=\"none\" style=\"width: 100%;\" controls=\"controls\"><source type=\"audio\/mpeg\" src=\"https:\/\/www.radiopiu.net\/wordpress\/wp-content\/uploads\/2024\/03\/SALUTE-3.mp3?_=13\" \/><a href=\"https:\/\/www.radiopiu.net\/wordpress\/wp-content\/uploads\/2024\/03\/SALUTE-3.mp3\">https:\/\/www.radiopiu.net\/wordpress\/wp-content\/uploads\/2024\/03\/SALUTE-3.mp3<\/a><\/audio>\n<p>&nbsp;<\/p>\n<hr \/>\n<p>&nbsp;<\/p>\n<h2><span style=\"color: #ff0000;\">OGGI COME IERI di e con SILVIA BALDO<\/span><\/h2>\n<p><img decoding=\"async\" class=\"aligncenter\" src=\"https:\/\/www.radiopiu.net\/wordpress\/wp-content\/uploads\/2023\/09\/309000774_10222572118595513_7956305457803922499_n.jpg\" \/><\/p>\n<p><strong>PUNTATA 23 25 MARZO 2024<\/strong><\/p>\n<audio class=\"wp-audio-shortcode\" id=\"audio-380873-14\" preload=\"none\" style=\"width: 100%;\" controls=\"controls\"><source type=\"audio\/mpeg\" src=\"https:\/\/www.radiopiu.net\/wordpress\/wp-content\/uploads\/2024\/01\/SIBI-6.mp3?_=14\" \/><a href=\"https:\/\/www.radiopiu.net\/wordpress\/wp-content\/uploads\/2024\/01\/SIBI-6.mp3\">https:\/\/www.radiopiu.net\/wordpress\/wp-content\/uploads\/2024\/01\/SIBI-6.mp3<\/a><\/audio>\n<p>&nbsp;<\/p>\n<h2>LA RACCOLTA COMPLETA <a href=\"https:\/\/www.radiopiu.net\/wordpress\/alle-nove-oggi-come-ieri-di-e-con-silvia-baldo\/\"><span style=\"color: #0000ff;\">CLICCA QUI<\/span><\/a><\/h2>\n<p>&nbsp;<\/p>\n<hr \/>\n<p>&nbsp;<\/p>\n<h2><span style=\"color: #993300;\">PERITI MINERARI DALL\u2019AGORDINO AL MONDO<\/span><\/h2>\n<p><strong>REDAZIONE<\/strong> Continua la serie di racconti con i periti minerari agordini. Nelle prossime due puntate la storia di Claudio Panziera. I racconti dei periti minerari agordini che hanno lavorato nel mondo, ogni luned\u00ec alle 10:30 e alle 19 su Radio Pi\u00f9.<\/p>\n<p><iframe loading=\"lazy\" title=\"CLAUDIO PANZIERA\" width=\"1200\" height=\"675\" src=\"https:\/\/www.youtube.com\/embed\/x1mr3C1i2Bk?feature=oembed\" frameborder=\"0\" allow=\"accelerometer; autoplay; clipboard-write; encrypted-media; gyroscope; picture-in-picture; web-share\" allowfullscreen><\/iframe><\/p>\n<p>&nbsp;<\/p>\n<h2><strong>LA RACCOLTA COMPLETA <span style=\"color: #0000ff;\"><a style=\"color: #0000ff;\" href=\"https:\/\/www.radiopiu.net\/wordpress\/periti-minerari-dallagordino-al-mondo\/\">CLICCA QUI<\/a><\/span><\/strong><\/h2>\n<p>&nbsp;<\/p>\n<hr \/>\n<p>&nbsp;<\/p>\n<h2><span style=\"color: #ff00ff;\">CIAK SI GIRA, IL PROGRAMMA DI PAOLA LANCIATO<\/span><\/h2>\n<p><strong><a class=\"dt-pswp-item\" href=\"https:\/\/www.radiopiu.net\/wordpress\/wp-content\/uploads\/2024\/03\/NOME-ROSA.jpg\" data-dt-img-description=\"\" data-large_image_width=\"420\" data-large_image_height=\"630\"><img loading=\"lazy\" decoding=\"async\" class=\" wp-image-380947 alignleft\" src=\"https:\/\/www.radiopiu.net\/wordpress\/wp-content\/uploads\/2024\/03\/NOME-ROSA-200x300.jpg\" alt=\"\" width=\"77\" height=\"116\" srcset=\"https:\/\/www.radiopiu.net\/wordpress\/wp-content\/uploads\/2024\/03\/NOME-ROSA-200x300.jpg 200w, https:\/\/www.radiopiu.net\/wordpress\/wp-content\/uploads\/2024\/03\/NOME-ROSA.jpg 420w\" sizes=\"auto, (max-width: 77px) 100vw, 77px\" \/><\/a>PUNTATA 15 IL NOME DELLA ROSA<\/strong><\/p>\n<audio class=\"wp-audio-shortcode\" id=\"audio-380873-15\" preload=\"none\" style=\"width: 100%;\" controls=\"controls\"><source type=\"audio\/mpeg\" src=\"https:\/\/www.radiopiu.net\/wordpress\/wp-content\/uploads\/2024\/03\/CIAK1-4.mp3?_=15\" \/><a href=\"https:\/\/www.radiopiu.net\/wordpress\/wp-content\/uploads\/2024\/03\/CIAK1-4.mp3\">https:\/\/www.radiopiu.net\/wordpress\/wp-content\/uploads\/2024\/03\/CIAK1-4.mp3<\/a><\/audio>\n<p>&nbsp;<\/p>\n<h2>LA RACCOLTA COMPLETA <a href=\"https:\/\/www.radiopiu.net\/wordpress\/ciak24\/\"><span style=\"color: #0000ff;\">CLICCA QUI<\/span><\/a><\/h2>\n<p>&nbsp;<\/p>\n<hr \/>\n<p>&nbsp;<\/p>\n<h2><span style=\"color: #800080;\">CINE HITS, ALLA SCOPERTA DELLE COLONNE SONORE<\/span><\/h2>\n<p><a class=\"dt-pswp-item\" href=\"https:\/\/www.radiopiu.net\/wordpress\/wp-content\/uploads\/2024\/03\/705265_poster.jpg\" data-dt-img-description=\"\" data-large_image_width=\"1333\" data-large_image_height=\"2000\"><img loading=\"lazy\" decoding=\"async\" class=\"wp-image-380956 alignleft\" src=\"https:\/\/www.radiopiu.net\/wordpress\/wp-content\/uploads\/2024\/03\/705265_poster-200x300.jpg\" alt=\"\" width=\"101\" height=\"152\" srcset=\"https:\/\/www.radiopiu.net\/wordpress\/wp-content\/uploads\/2024\/03\/705265_poster-200x300.jpg 200w, https:\/\/www.radiopiu.net\/wordpress\/wp-content\/uploads\/2024\/03\/705265_poster-682x1024.jpg 682w, https:\/\/www.radiopiu.net\/wordpress\/wp-content\/uploads\/2024\/03\/705265_poster-768x1152.jpg 768w, https:\/\/www.radiopiu.net\/wordpress\/wp-content\/uploads\/2024\/03\/705265_poster-1024x1536.jpg 1024w, https:\/\/www.radiopiu.net\/wordpress\/wp-content\/uploads\/2024\/03\/705265_poster.jpg 1333w\" sizes=\"auto, (max-width: 101px) 100vw, 101px\" \/><\/a><strong>25 MARZO 2024 &#8211; TOP GUN<\/strong><\/p>\n<audio class=\"wp-audio-shortcode\" id=\"audio-380873-16\" preload=\"none\" style=\"width: 100%;\" controls=\"controls\"><source type=\"audio\/mpeg\" src=\"https:\/\/www.radiopiu.net\/wordpress\/wp-content\/uploads\/2024\/03\/CINE1-2.mp3?_=16\" \/><a href=\"https:\/\/www.radiopiu.net\/wordpress\/wp-content\/uploads\/2024\/03\/CINE1-2.mp3\">https:\/\/www.radiopiu.net\/wordpress\/wp-content\/uploads\/2024\/03\/CINE1-2.mp3<\/a><\/audio>\n<p>&nbsp;<\/p>\n<h2>LA RACCOLTA COMPLETA <a href=\"https:\/\/www.radiopiu.net\/wordpress\/cine-hits-alla-scoperta-delle-colonne-sonore-la-raccolta\/\"><span style=\"color: #0000ff;\">CLICCA QUI<\/span><\/a><\/h2>\n<p>&nbsp;<\/p>\n<hr \/>\n<p>&nbsp;<\/p>\n<h2><span style=\"color: #808000;\">FISCO, NOTIZIE FLASH DI SILVIA BALDO<\/span><\/h2>\n<p><strong><a class=\"dt-pswp-item\" href=\"https:\/\/www.radiopiu.net\/wordpress\/wp-content\/uploads\/2021\/08\/soldi-banche.jpg\" data-dt-img-description=\"\" data-large_image_width=\"800\" data-large_image_height=\"566\"><img loading=\"lazy\" decoding=\"async\" class=\" wp-image-228818 alignleft\" src=\"https:\/\/www.radiopiu.net\/wordpress\/wp-content\/uploads\/2021\/08\/soldi-banche-300x212.jpg\" alt=\"\" width=\"156\" height=\"110\" srcset=\"https:\/\/www.radiopiu.net\/wordpress\/wp-content\/uploads\/2021\/08\/soldi-banche-300x212.jpg 300w, https:\/\/www.radiopiu.net\/wordpress\/wp-content\/uploads\/2021\/08\/soldi-banche-768x543.jpg 768w, https:\/\/www.radiopiu.net\/wordpress\/wp-content\/uploads\/2021\/08\/soldi-banche.jpg 800w\" sizes=\"auto, (max-width: 156px) 100vw, 156px\" \/><\/a>REDAZIONE<\/strong> Nuovo spazio informativo a cura di Silvi Baldo della CGIL di Feltre.<\/p>\n<p><strong>25 MARZO 2024<\/strong><\/p>\n<audio class=\"wp-audio-shortcode\" id=\"audio-380873-17\" preload=\"none\" style=\"width: 100%;\" controls=\"controls\"><source type=\"audio\/mpeg\" src=\"https:\/\/www.radiopiu.net\/wordpress\/wp-content\/uploads\/2024\/03\/SILVIAS1-a-decorrere-.mp3?_=17\" \/><a href=\"https:\/\/www.radiopiu.net\/wordpress\/wp-content\/uploads\/2024\/03\/SILVIAS1-a-decorrere-.mp3\">https:\/\/www.radiopiu.net\/wordpress\/wp-content\/uploads\/2024\/03\/SILVIAS1-a-decorrere-.mp3<\/a><\/audio>\n<p>&nbsp;<\/p>\n<hr \/>\n<p>&nbsp;<\/p>\n<h2><span style=\"color: #33cccc;\">I RACCONTI DI PAOLO SOPPELSA<\/span><\/h2>\n<p><strong>DOMENICA DI MARZO\u00a0<\/strong><\/p>\n<p><strong>AUDIO<\/strong><\/p>\n<audio class=\"wp-audio-shortcode\" id=\"audio-380873-18\" preload=\"none\" style=\"width: 100%;\" controls=\"controls\"><source type=\"audio\/mpeg\" src=\"https:\/\/www.radiopiu.net\/wordpress\/wp-content\/uploads\/2024\/03\/PAOLOS-3.mp3?_=18\" \/><a href=\"https:\/\/www.radiopiu.net\/wordpress\/wp-content\/uploads\/2024\/03\/PAOLOS-3.mp3\">https:\/\/www.radiopiu.net\/wordpress\/wp-content\/uploads\/2024\/03\/PAOLOS-3.mp3<\/a><\/audio>\n<p>&nbsp;<\/p>\n<p><a class=\"dt-pswp-item\" href=\"https:\/\/www.radiopiu.net\/wordpress\/wp-content\/uploads\/2024\/03\/10d03750-df31-4d02-ab10-0954fdf00831.jpg\" data-dt-img-description=\"\" data-large_image_width=\"1080\" data-large_image_height=\"1440\"><img loading=\"lazy\" decoding=\"async\" class=\" wp-image-380813 alignleft\" src=\"https:\/\/www.radiopiu.net\/wordpress\/wp-content\/uploads\/2024\/03\/10d03750-df31-4d02-ab10-0954fdf00831-225x300.jpg\" alt=\"\" width=\"147\" height=\"196\" srcset=\"https:\/\/www.radiopiu.net\/wordpress\/wp-content\/uploads\/2024\/03\/10d03750-df31-4d02-ab10-0954fdf00831-225x300.jpg 225w, https:\/\/www.radiopiu.net\/wordpress\/wp-content\/uploads\/2024\/03\/10d03750-df31-4d02-ab10-0954fdf00831-768x1024.jpg 768w, https:\/\/www.radiopiu.net\/wordpress\/wp-content\/uploads\/2024\/03\/10d03750-df31-4d02-ab10-0954fdf00831.jpg 1080w\" sizes=\"auto, (max-width: 147px) 100vw, 147px\" \/><\/a>&#8220;&#8230;ascoltava il vento, guardava la valle e attendeva la pioggia; viveva in silenzio quel tempo incerto d&#8217;inizio marzo, un tempo di nuvole stanche che accarezzavano l&#8217;anima e le cime\u2026\u201d. Fermo sulla soglia della porta della baita, osservava l&#8217;ultima chiazza di neve che si arrendeva alla primavera nascente. Era neve giovane, di fine febbraio, che non aveva nemmeno avuto il tempo di ghiacciare. Si era sciolta subito sui prati rivolti a sud, aveva resistito poco pi\u00f9 di due settimane l\u00ec, dove il debole sole di fine inverno non era ancora riuscito ad arrivare; all\u2019ora del tramonto, quell&#8217;ultima neve ormai sfinita, avrebbe terminato la sua agonia e si sarebbe definitivamente consegnata a quel marzo uggioso, che quel giorno sapeva di pioggia leggera e vento umido che chiamava fuoco nella stufa. Era il tempo della solitudine cercata e del vecchio inverno ormai morente, della vista, fra gli alberi ancora spogli, della grande casa aldil\u00e0 della valle immersa nei boschi del Pelsa. In quegli attimi di intersecarsi silenzioso di due stagioni ascoltava il mormorare della fontana carica di acqua di disgelo. Cantava allegra quell&#8217;acqua di neve, con una voce chiara che sfoggiava solamente in marzo e in aprile. Era acqua limpida e fredda quella che sgorgava dalle misteriose viscere del monte, un&#8217;acqua che, tanti anni prima, dissetava i falciatori che, ai primi di luglio, da quel pascolo diventato bosco ricavavano circa centodieci fasci di fieno. Era domenica stanca, di tempo che scorreva lento e nuvole che stazionavano sull&#8217;orlo delle banche del Pelsa, proprio l\u00ec dove le grandi masse di neve erano oramai in bilico e pronte a gettarsi lungo i severi e verticali canaloni che solcano la grande montagna. La pioggia fredda e sottile continuava il suo imperterrito dissetare la terra ormai libera dalla morsa del gelo, mentre un vento umido faceva oscillare le cime dei grandi larici ancora assopiti nel lungo sonno invernale. Chiuse la porta dietro di s\u00e9 e si lasci\u00f2 andare alla tentazione di un nuovo fuoco nella stufa. Pochi minuti dopo il fuoco ardeva con vigore e il suo crepitare era una dolce compagnia nella penombra della piccola stanza. Si sedette sulla panca ad ascoltare quel fuoco amico, come aveva fatto tante altre volte d&#8217;inverno quando fuori scendeva la neve e c&#8217;era ancora pi\u00f9 silenzio. Erano attimi preziosi, cercati e trovati, semplici e ricchi di tutto ci\u00f2 che gli serviva per stare bene. In quei momenti pensava che, in fondo, la serenit\u00e0 stava dentro l&#8217;attesa di un caff\u00e8 mentre fuori marzo recitava la sua parte. Era vento che soffiava potente fra i larici spogli, era qualche goccia di pioggia e un buon calore di legna gi\u00e0 vissuto, e questo gli bastava, quel giorno, per sentirsi felice. C&#8217;era il vivere lento di una domenica di cielo inquieto, c&#8217;era il silenzio della montagna che scacciava la frenesia della vita di tutti gli altri giorni. C&#8217;era l&#8217;aroma del caff\u00e8 corretto e fuori i colori stinti dei boschi d&#8217;inizio marzo; poi alla sera, quando venne l&#8217;ora del suo lasciare i monti e la baita, ritorn\u00f2 ancora una volta l&#8217;inverno.<\/p>\n<p>&nbsp;<\/p>\n<p>&nbsp;<\/p>\n<p>&nbsp;<\/p>\n<hr \/>\n<p>&nbsp;<\/p>\n<h2><span style=\"color: #ff0000;\"><a class=\"dt-pswp-item\" href=\"https:\/\/www.radiopiu.net\/wordpress\/wp-content\/uploads\/2018\/09\/appuntamenti.jpeg\" data-dt-img-description=\"\" data-large_image_width=\"800\" data-large_image_height=\"100\"><img loading=\"lazy\" decoding=\"async\" class=\"wp-image-61958 size-full aligncenter\" src=\"https:\/\/www.radiopiu.net\/wordpress\/wp-content\/uploads\/2018\/09\/appuntamenti.jpeg\" alt=\"\" width=\"800\" height=\"100\" srcset=\"https:\/\/www.radiopiu.net\/wordpress\/wp-content\/uploads\/2018\/09\/appuntamenti.jpeg 800w, https:\/\/www.radiopiu.net\/wordpress\/wp-content\/uploads\/2018\/09\/appuntamenti-300x38.jpeg 300w, https:\/\/www.radiopiu.net\/wordpress\/wp-content\/uploads\/2018\/09\/appuntamenti-768x96.jpeg 768w\" sizes=\"auto, (max-width: 800px) 100vw, 800px\" \/><\/a><\/span><\/h2>\n<div>\n<div class=\"\" dir=\"auto\">\n<div id=\":r9h:\" class=\"x1iorvi4 x1pi30zi x1l90r2v x1swvt13\" data-ad-comet-preview=\"message\" data-ad-preview=\"message\">\n<div class=\"x78zum5 xdt5ytf xz62fqu x16ldp7u\">\n<div class=\"xu06os2 x1ok221b\">\n<p>&nbsp;<\/p>\n<blockquote>\n<h1><\/h1>\n<h1><strong> <a class=\"dt-pswp-item\" href=\"https:\/\/www.radiopiu.net\/wordpress\/wp-content\/uploads\/2024\/03\/432768131_122132584064160070_893759731308900904_n.jpg\" data-dt-img-description=\"\" data-large_image_width=\"526\" data-large_image_height=\"526\"><img loading=\"lazy\" decoding=\"async\" class=\" wp-image-379833 alignleft\" src=\"https:\/\/www.radiopiu.net\/wordpress\/wp-content\/uploads\/2024\/03\/432768131_122132584064160070_893759731308900904_n-300x300.jpg\" alt=\"\" width=\"186\" height=\"186\" srcset=\"https:\/\/www.radiopiu.net\/wordpress\/wp-content\/uploads\/2024\/03\/432768131_122132584064160070_893759731308900904_n-300x300.jpg 300w, https:\/\/www.radiopiu.net\/wordpress\/wp-content\/uploads\/2024\/03\/432768131_122132584064160070_893759731308900904_n-150x150.jpg 150w, https:\/\/www.radiopiu.net\/wordpress\/wp-content\/uploads\/2024\/03\/432768131_122132584064160070_893759731308900904_n.jpg 526w\" sizes=\"auto, (max-width: 186px) 100vw, 186px\" \/><\/a>AL CINEMA DOLOMITI DI FALCADE\u00a0<\/strong><\/h1>\n<\/blockquote>\n<p><strong>VACANZE PASQUALI AL CINEMA DOLOMITI DI FALCADE, RIAPRE LA SALA IN CENTRO AL PAESE. RIPRESA STAGIONALE CON UN GRANDE PELLICOLA NEL RICORDO DI BOB MARLEY ONE LOVE&#8230;\u00a0<\/strong><\/p>\n<p>Sabato 30 marzo ore 21 e domenica 31 ore 15,30 e 21 MY SWEET MONSTER di <em>M. Volkov. una fiaba romantica a cartoni animati<\/em><\/p>\n<p>BOB MARLEY &#8211; ONE LOVE La vita, il talento, i difetti, le passioni, l&#8217;impegno, ma soprattutto la Musica di una delle icone pi\u00f9 grandi di sempre: Bob Marley. di Reinaldo Marcus Green | Biografico &#8211; 107 minuti con Kingsley Ben-Adir &#8211; Lashana Lynch<\/p>\n<div class=\"x11i5rnm xat24cr x1mh8g0r x1vvkbs xtlvy1s x126k92a\">\n<div dir=\"auto\">01 Aprile 2024 | Ore 21:00<\/div>\n<\/div>\n<p>&nbsp;<\/p>\n<div>\n<div class=\"\" dir=\"auto\">\n<div id=\":r9h:\" class=\"x1iorvi4 x1pi30zi x1l90r2v x1swvt13\" data-ad-comet-preview=\"message\" data-ad-preview=\"message\">\n<div class=\"x78zum5 xdt5ytf xz62fqu x16ldp7u\">\n<div class=\"xu06os2 x1ok221b\">\n<div dir=\"auto\">\n<h2><span style=\"color: #ff0000;\">PROSSIMAMENTE&#8230;<\/span><\/h2>\n<\/div>\n<\/div>\n<\/div>\n<\/div>\n<\/div>\n<\/div>\n<div>\n<div class=\"\" dir=\"auto\">\n<div id=\":r9h:\" class=\"x1iorvi4 x1pi30zi x1l90r2v x1swvt13\" data-ad-comet-preview=\"message\" data-ad-preview=\"message\">\n<div class=\"x78zum5 xdt5ytf xz62fqu x16ldp7u\">\n<div class=\"xu06os2 x1ok221b\">\n<p><strong>ALLEGHE<\/strong> Sabato 6 aprile gli Amici di Thierry organizzano il primo Piani Di Pezz\u00e8 Trophy, esibizione di Ape Car Elaborate su tracciato neve ghiaccio ai Piani di Pezz\u00e8 di Alleghe. Servizio cabinovia e servizio ristorazione alla Grande Baita Civetta e alla sera musica con DJ.<\/p>\n<p>&nbsp;<\/p>\n<\/div>\n<\/div>\n<\/div>\n<\/div>\n<\/div>\n<div class=\"\" dir=\"auto\">\n<div id=\":r9h:\" class=\"x1iorvi4 x1pi30zi x1l90r2v x1swvt13\" data-ad-comet-preview=\"message\" data-ad-preview=\"message\">\n<div class=\"x78zum5 xdt5ytf xz62fqu x16ldp7u\">\n<div class=\"xu06os2 x1ok221b\">\n<h3 dir=\"auto\"><a class=\"dt-pswp-item\" href=\"https:\/\/www.radiopiu.net\/wordpress\/wp-content\/uploads\/2024\/03\/431799071_3701462953469797_3407377256265811588_n.jpg\" data-dt-img-description=\"\" data-large_image_width=\"512\" data-large_image_height=\"640\"><img loading=\"lazy\" decoding=\"async\" class=\"size-medium wp-image-378141 alignleft\" src=\"https:\/\/www.radiopiu.net\/wordpress\/wp-content\/uploads\/2024\/03\/431799071_3701462953469797_3407377256265811588_n-240x300.jpg\" alt=\"\" width=\"240\" height=\"300\" srcset=\"https:\/\/www.radiopiu.net\/wordpress\/wp-content\/uploads\/2024\/03\/431799071_3701462953469797_3407377256265811588_n-240x300.jpg 240w, https:\/\/www.radiopiu.net\/wordpress\/wp-content\/uploads\/2024\/03\/431799071_3701462953469797_3407377256265811588_n.jpg 512w\" sizes=\"auto, (max-width: 240px) 100vw, 240px\" \/><\/a><\/h3>\n<h3 dir=\"auto\">7 APRILE, LARESEI! SAVE THE DATE FESTIVAL &#8220;ULTIMISSIME&#8221; CON CAROLINA MARQUEZ, MASSIMILIANO OSSINI, CAMILLA RONCHI, ICE MC,\u00a0\u00a0\u00a0 NATHALIE AARTS, ALIEN CUT\u00a0 E SATURNINO Acquista il tuo biglietto d&#8217;ingresso al link: www.ciaotickets.com \u00a0 save-the-date-festival 7 APRILE RIFUGIO LARESEI SKI AREA SAN PELLEGRINO-FALCADE<\/h3>\n<\/div>\n<\/div>\n<\/div>\n<\/div>\n<div>\n<div class=\"\" dir=\"auto\">\n<div id=\":r9h:\" class=\"x1iorvi4 x1pi30zi x1l90r2v x1swvt13\" data-ad-comet-preview=\"message\" data-ad-preview=\"message\">\n\n\t\t\t<style type='text\/css'>\n\t\t\t\t#gallery-8 {\n\t\t\t\t\tmargin: auto;\n\t\t\t\t}\n\t\t\t\t#gallery-8 .gallery-item {\n\t\t\t\t\tfloat: left;\n\t\t\t\t\tmargin-top: 10px;\n\t\t\t\t\ttext-align: center;\n\t\t\t\t\twidth: 25%;\n\t\t\t\t}\n\t\t\t\t#gallery-8 img {\n\t\t\t\t\tborder: 2px solid #cfcfcf;\n\t\t\t\t}\n\t\t\t\t#gallery-8 .gallery-caption {\n\t\t\t\t\tmargin-left: 0;\n\t\t\t\t}\n\t\t\t\t\/* see gallery_shortcode() in wp-includes\/media.php *\/\n\t\t\t<\/style>\n\t\t<div id='gallery-8' class='dt-gallery-container gallery galleryid-380873 gallery-columns-4 gallery-size-medium'><dl class='gallery-item'>\n\t\t\t\t<dt class='gallery-icon portrait'>\n\t\t\t\t\t<a class=\"rollover rollover-zoom dt-pswp-item\" title=\"SCR-20240306-qmql\" data-dt-img-description=\"\" data-large_image_width=\"1182\" data-large_image_height=\"1192\"href='https:\/\/www.radiopiu.net\/wordpress\/wp-content\/uploads\/2024\/03\/SCR-20240306-qmql.jpeg'><img loading=\"lazy\" decoding=\"async\" width=\"297\" height=\"300\" src=\"https:\/\/www.radiopiu.net\/wordpress\/wp-content\/uploads\/2024\/03\/SCR-20240306-qmql-297x300.jpeg\" class=\"attachment-medium size-medium\" alt=\"\" srcset=\"https:\/\/www.radiopiu.net\/wordpress\/wp-content\/uploads\/2024\/03\/SCR-20240306-qmql-297x300.jpeg 297w, https:\/\/www.radiopiu.net\/wordpress\/wp-content\/uploads\/2024\/03\/SCR-20240306-qmql-1015x1024.jpeg 1015w, https:\/\/www.radiopiu.net\/wordpress\/wp-content\/uploads\/2024\/03\/SCR-20240306-qmql-768x774.jpeg 768w, https:\/\/www.radiopiu.net\/wordpress\/wp-content\/uploads\/2024\/03\/SCR-20240306-qmql.jpeg 1182w\" sizes=\"auto, (max-width: 297px) 100vw, 297px\" \/><\/a>\n\t\t\t\t<\/dt><\/dl><dl class='gallery-item'>\n\t\t\t\t<dt class='gallery-icon landscape'>\n\t\t\t\t\t<a class=\"rollover rollover-zoom dt-pswp-item\" title=\"download\" data-dt-img-description=\"\" data-large_image_width=\"316\" data-large_image_height=\"315\"href='https:\/\/www.radiopiu.net\/wordpress\/wp-content\/uploads\/2024\/03\/download.jpg'><img loading=\"lazy\" decoding=\"async\" width=\"300\" height=\"300\" src=\"https:\/\/www.radiopiu.net\/wordpress\/wp-content\/uploads\/2024\/03\/download-300x300.jpg\" class=\"attachment-medium size-medium\" alt=\"\" srcset=\"https:\/\/www.radiopiu.net\/wordpress\/wp-content\/uploads\/2024\/03\/download-300x300.jpg 300w, https:\/\/www.radiopiu.net\/wordpress\/wp-content\/uploads\/2024\/03\/download-150x150.jpg 150w, https:\/\/www.radiopiu.net\/wordpress\/wp-content\/uploads\/2024\/03\/download.jpg 316w\" sizes=\"auto, (max-width: 300px) 100vw, 300px\" \/><\/a>\n\t\t\t\t<\/dt><\/dl><dl class='gallery-item'>\n\t\t\t\t<dt class='gallery-icon landscape'>\n\t\t\t\t\t<a class=\"rollover rollover-zoom dt-pswp-item\" title=\"download\" data-dt-img-description=\"\" data-large_image_width=\"640\" data-large_image_height=\"639\"href='https:\/\/www.radiopiu.net\/wordpress\/wp-content\/uploads\/2024\/02\/download-6.jpg'><img loading=\"lazy\" decoding=\"async\" width=\"300\" height=\"300\" src=\"https:\/\/www.radiopiu.net\/wordpress\/wp-content\/uploads\/2024\/02\/download-6-300x300.jpg\" class=\"attachment-medium size-medium\" alt=\"\" srcset=\"https:\/\/www.radiopiu.net\/wordpress\/wp-content\/uploads\/2024\/02\/download-6-300x300.jpg 300w, https:\/\/www.radiopiu.net\/wordpress\/wp-content\/uploads\/2024\/02\/download-6-150x150.jpg 150w, https:\/\/www.radiopiu.net\/wordpress\/wp-content\/uploads\/2024\/02\/download-6.jpg 640w\" sizes=\"auto, (max-width: 300px) 100vw, 300px\" \/><\/a>\n\t\t\t\t<\/dt><\/dl><dl class='gallery-item'>\n\t\t\t\t<dt class='gallery-icon landscape'>\n\t\t\t\t\t<a class=\"rollover rollover-zoom dt-pswp-item\" title=\"Senza nome\" data-dt-img-description=\"\" data-large_image_width=\"566\" data-large_image_height=\"463\"href='https:\/\/www.radiopiu.net\/wordpress\/wp-content\/uploads\/2024\/03\/Senza-nome-4.png'><img loading=\"lazy\" decoding=\"async\" width=\"300\" height=\"245\" src=\"https:\/\/www.radiopiu.net\/wordpress\/wp-content\/uploads\/2024\/03\/Senza-nome-4-300x245.png\" class=\"attachment-medium size-medium\" alt=\"\" srcset=\"https:\/\/www.radiopiu.net\/wordpress\/wp-content\/uploads\/2024\/03\/Senza-nome-4-300x245.png 300w, https:\/\/www.radiopiu.net\/wordpress\/wp-content\/uploads\/2024\/03\/Senza-nome-4.png 566w\" sizes=\"auto, (max-width: 300px) 100vw, 300px\" \/><\/a>\n\t\t\t\t<\/dt><\/dl><br style=\"clear: both\" \/><dl class='gallery-item'>\n\t\t\t\t<dt class='gallery-icon landscape'>\n\t\t\t\t\t<a class=\"rollover rollover-zoom dt-pswp-item\" title=\"download\" data-dt-img-description=\"\" data-large_image_width=\"640\" data-large_image_height=\"639\"href='https:\/\/www.radiopiu.net\/wordpress\/wp-content\/uploads\/2024\/02\/download-5.jpg'><img loading=\"lazy\" decoding=\"async\" width=\"300\" height=\"300\" src=\"https:\/\/www.radiopiu.net\/wordpress\/wp-content\/uploads\/2024\/02\/download-5-300x300.jpg\" class=\"attachment-medium size-medium\" alt=\"\" srcset=\"https:\/\/www.radiopiu.net\/wordpress\/wp-content\/uploads\/2024\/02\/download-5-300x300.jpg 300w, https:\/\/www.radiopiu.net\/wordpress\/wp-content\/uploads\/2024\/02\/download-5-150x150.jpg 150w, https:\/\/www.radiopiu.net\/wordpress\/wp-content\/uploads\/2024\/02\/download-5.jpg 640w\" sizes=\"auto, (max-width: 300px) 100vw, 300px\" \/><\/a>\n\t\t\t\t<\/dt><\/dl><dl class='gallery-item'>\n\t\t\t\t<dt class='gallery-icon landscape'>\n\t\t\t\t\t<a class=\"rollover rollover-zoom dt-pswp-item\" title=\"Senza nome\" data-dt-img-description=\"\" data-large_image_width=\"415\" data-large_image_height=\"390\"href='https:\/\/www.radiopiu.net\/wordpress\/wp-content\/uploads\/2024\/03\/Senza-nome-10.png'><img loading=\"lazy\" decoding=\"async\" width=\"300\" height=\"282\" src=\"https:\/\/www.radiopiu.net\/wordpress\/wp-content\/uploads\/2024\/03\/Senza-nome-10-300x282.png\" class=\"attachment-medium size-medium\" alt=\"\" srcset=\"https:\/\/www.radiopiu.net\/wordpress\/wp-content\/uploads\/2024\/03\/Senza-nome-10-300x282.png 300w, https:\/\/www.radiopiu.net\/wordpress\/wp-content\/uploads\/2024\/03\/Senza-nome-10.png 415w\" sizes=\"auto, (max-width: 300px) 100vw, 300px\" \/><\/a>\n\t\t\t\t<\/dt><\/dl><dl class='gallery-item'>\n\t\t\t\t<dt class='gallery-icon landscape'>\n\t\t\t\t\t<a class=\"rollover rollover-zoom dt-pswp-item\" title=\"19c21029-a0ef-4986-8081-9facbbbce065\" data-dt-img-description=\"\" data-large_image_width=\"1080\" data-large_image_height=\"1080\"href='https:\/\/www.radiopiu.net\/wordpress\/wp-content\/uploads\/2024\/02\/19c21029-a0ef-4986-8081-9facbbbce065.jpg'><img loading=\"lazy\" decoding=\"async\" width=\"300\" height=\"300\" src=\"https:\/\/www.radiopiu.net\/wordpress\/wp-content\/uploads\/2024\/02\/19c21029-a0ef-4986-8081-9facbbbce065-300x300.jpg\" class=\"attachment-medium size-medium\" alt=\"\" srcset=\"https:\/\/www.radiopiu.net\/wordpress\/wp-content\/uploads\/2024\/02\/19c21029-a0ef-4986-8081-9facbbbce065-300x300.jpg 300w, https:\/\/www.radiopiu.net\/wordpress\/wp-content\/uploads\/2024\/02\/19c21029-a0ef-4986-8081-9facbbbce065-1024x1024.jpg 1024w, https:\/\/www.radiopiu.net\/wordpress\/wp-content\/uploads\/2024\/02\/19c21029-a0ef-4986-8081-9facbbbce065-150x150.jpg 150w, https:\/\/www.radiopiu.net\/wordpress\/wp-content\/uploads\/2024\/02\/19c21029-a0ef-4986-8081-9facbbbce065-768x768.jpg 768w, https:\/\/www.radiopiu.net\/wordpress\/wp-content\/uploads\/2024\/02\/19c21029-a0ef-4986-8081-9facbbbce065.jpg 1080w\" sizes=\"auto, (max-width: 300px) 100vw, 300px\" \/><\/a>\n\t\t\t\t<\/dt><\/dl><dl class='gallery-item'>\n\t\t\t\t<dt class='gallery-icon landscape'>\n\t\t\t\t\t<a class=\"rollover rollover-zoom dt-pswp-item\" title=\"428458808_122124610286160269_8403615925720421881_n\" data-dt-img-description=\"\" data-large_image_width=\"526\" data-large_image_height=\"526\"href='https:\/\/www.radiopiu.net\/wordpress\/wp-content\/uploads\/2024\/02\/428458808_122124610286160269_8403615925720421881_n.jpg'><img loading=\"lazy\" decoding=\"async\" width=\"300\" height=\"300\" src=\"https:\/\/www.radiopiu.net\/wordpress\/wp-content\/uploads\/2024\/02\/428458808_122124610286160269_8403615925720421881_n-300x300.jpg\" class=\"attachment-medium size-medium\" alt=\"\" srcset=\"https:\/\/www.radiopiu.net\/wordpress\/wp-content\/uploads\/2024\/02\/428458808_122124610286160269_8403615925720421881_n-300x300.jpg 300w, https:\/\/www.radiopiu.net\/wordpress\/wp-content\/uploads\/2024\/02\/428458808_122124610286160269_8403615925720421881_n-150x150.jpg 150w, https:\/\/www.radiopiu.net\/wordpress\/wp-content\/uploads\/2024\/02\/428458808_122124610286160269_8403615925720421881_n.jpg 526w\" sizes=\"auto, (max-width: 300px) 100vw, 300px\" \/><\/a>\n\t\t\t\t<\/dt><\/dl><br style=\"clear: both\" \/>\n\t\t\t<\/div>\n\n<\/div>\n<\/div>\n<\/div>\n<\/div>\n<\/div>\n<\/div>\n<\/div>\n<\/div>\n<p>&nbsp;<\/p>\n<h2>IL 13 APRILE IL CONCERTO DI MARCO V DAL FARRA AL TEATRO SAN FELICE DI BELLUNO<\/h2>\n\n\t\t\t<style type='text\/css'>\n\t\t\t\t#gallery-9 {\n\t\t\t\t\tmargin: auto;\n\t\t\t\t}\n\t\t\t\t#gallery-9 .gallery-item {\n\t\t\t\t\tfloat: left;\n\t\t\t\t\tmargin-top: 10px;\n\t\t\t\t\ttext-align: center;\n\t\t\t\t\twidth: 100%;\n\t\t\t\t}\n\t\t\t\t#gallery-9 img {\n\t\t\t\t\tborder: 2px solid #cfcfcf;\n\t\t\t\t}\n\t\t\t\t#gallery-9 .gallery-caption {\n\t\t\t\t\tmargin-left: 0;\n\t\t\t\t}\n\t\t\t\t\/* see gallery_shortcode() in wp-includes\/media.php *\/\n\t\t\t<\/style>\n\t\t<div id='gallery-9' class='dt-gallery-container gallery galleryid-380873 gallery-columns-1 gallery-size-medium'><dl class='gallery-item'>\n\t\t\t\t<dt class='gallery-icon portrait'>\n\t\t\t\t\t<a class=\"rollover rollover-zoom dt-pswp-item\" title=\"ff5ef01c-49c1-48a5-9225-b7d8260b55df\" data-dt-img-description=\"\" data-large_image_width=\"877\" data-large_image_height=\"1241\"href='https:\/\/www.radiopiu.net\/wordpress\/wp-content\/uploads\/2024\/03\/ff5ef01c-49c1-48a5-9225-b7d8260b55df.jpg'><img loading=\"lazy\" decoding=\"async\" width=\"212\" height=\"300\" src=\"https:\/\/www.radiopiu.net\/wordpress\/wp-content\/uploads\/2024\/03\/ff5ef01c-49c1-48a5-9225-b7d8260b55df-212x300.jpg\" class=\"attachment-medium size-medium\" alt=\"\" srcset=\"https:\/\/www.radiopiu.net\/wordpress\/wp-content\/uploads\/2024\/03\/ff5ef01c-49c1-48a5-9225-b7d8260b55df-212x300.jpg 212w, https:\/\/www.radiopiu.net\/wordpress\/wp-content\/uploads\/2024\/03\/ff5ef01c-49c1-48a5-9225-b7d8260b55df-724x1024.jpg 724w, https:\/\/www.radiopiu.net\/wordpress\/wp-content\/uploads\/2024\/03\/ff5ef01c-49c1-48a5-9225-b7d8260b55df-768x1087.jpg 768w, https:\/\/www.radiopiu.net\/wordpress\/wp-content\/uploads\/2024\/03\/ff5ef01c-49c1-48a5-9225-b7d8260b55df.jpg 877w\" sizes=\"auto, (max-width: 212px) 100vw, 212px\" \/><\/a>\n\t\t\t\t<\/dt><\/dl><br style=\"clear: both\" \/>\n\t\t\t<\/div>\n\n<p>&nbsp;<\/p>\n<hr \/>\n<p>&nbsp;<\/p>\n<h2><span style=\"color: #ff0000;\">GLI APPROFONDIMENTI DI TIZIANO DE COL<\/span><\/h2>\n<blockquote class=\"wp-embedded-content\" data-secret=\"E7X3nPFK7H\"><p><a href=\"https:\/\/www.radiopiu.net\/wordpress\/la-boa-di-conaggia-quando-il-nome-di-una-localita-deriva-da-una-serie-di-eventi-idrogeologici-disastrosi-seconda-parte\/\">LA BOA DI CONAGGIA \u2013 QUANDO IL NOME DI UNA LOCALITA&#8217; DERIVA DA UNA SERIE DI EVENTI IDROGEOLOGICI DISASTROSI &#8211; SECONDA PARTE<\/a><\/p><\/blockquote>\n<p><iframe loading=\"lazy\" class=\"wp-embedded-content\" sandbox=\"allow-scripts\" security=\"restricted\" style=\"position: absolute; clip: rect(1px, 1px, 1px, 1px);\" title=\"&#8220;LA BOA DI CONAGGIA \u2013 QUANDO IL NOME DI UNA LOCALITA&#8217; DERIVA DA UNA SERIE DI EVENTI IDROGEOLOGICI DISASTROSI &#8211; SECONDA PARTE&#8221; &#8212; Radio Pi\u00f9\" src=\"https:\/\/www.radiopiu.net\/wordpress\/la-boa-di-conaggia-quando-il-nome-di-una-localita-deriva-da-una-serie-di-eventi-idrogeologici-disastrosi-seconda-parte\/embed\/#?secret=sehjN9C2C3#?secret=E7X3nPFK7H\" data-secret=\"E7X3nPFK7H\" width=\"600\" height=\"338\" frameborder=\"0\" marginwidth=\"0\" marginheight=\"0\" scrolling=\"no\"><\/iframe><\/p>\n<p>&nbsp;<\/p>\n<p>&nbsp;<\/p>\n<hr \/>\n<p>&nbsp;<\/p>\n<p><a class=\"dt-pswp-item\" href=\"https:\/\/www.radiopiu.net\/wordpress\/wp-content\/uploads\/2018\/09\/viabilita.jpeg\" data-dt-img-description=\"\" data-large_image_width=\"800\" data-large_image_height=\"100\"><img loading=\"lazy\" decoding=\"async\" class=\"aligncenter wp-image-61954 size-full\" src=\"https:\/\/www.radiopiu.net\/wordpress\/wp-content\/uploads\/2018\/09\/viabilita.jpeg\" alt=\"\" width=\"800\" height=\"100\" srcset=\"https:\/\/www.radiopiu.net\/wordpress\/wp-content\/uploads\/2018\/09\/viabilita.jpeg 800w, https:\/\/www.radiopiu.net\/wordpress\/wp-content\/uploads\/2018\/09\/viabilita-300x38.jpeg 300w, https:\/\/www.radiopiu.net\/wordpress\/wp-content\/uploads\/2018\/09\/viabilita-768x96.jpeg 768w\" sizes=\"auto, (max-width: 800px) 100vw, 800px\" \/><\/a><\/p>\n<p>&nbsp;<\/p>\n<p><a class=\"dt-pswp-item\" href=\"https:\/\/www.radiopiu.net\/wordpress\/wp-content\/uploads\/2023\/12\/botol-car-service.jpg\" data-dt-img-description=\"\" data-large_image_width=\"600\" data-large_image_height=\"600\"><img loading=\"lazy\" decoding=\"async\" class=\"size-medium wp-image-367044 aligncenter\" src=\"https:\/\/www.radiopiu.net\/wordpress\/wp-content\/uploads\/2023\/12\/botol-car-service-300x300.jpg\" alt=\"\" width=\"300\" height=\"300\" srcset=\"https:\/\/www.radiopiu.net\/wordpress\/wp-content\/uploads\/2023\/12\/botol-car-service-300x300.jpg 300w, https:\/\/www.radiopiu.net\/wordpress\/wp-content\/uploads\/2023\/12\/botol-car-service-150x150.jpg 150w, https:\/\/www.radiopiu.net\/wordpress\/wp-content\/uploads\/2023\/12\/botol-car-service.jpg 600w\" sizes=\"auto, (max-width: 300px) 100vw, 300px\" \/><\/a><\/p>\n<p>&nbsp;<\/p>\n<p>&nbsp;<\/p>\n<h1>BOLLETTINO QUOTIDIANO, CLICCA QUI<\/h1>\n<blockquote class=\"wp-embedded-content\" data-secret=\"Hp1XTYcVYt\"><p><a href=\"https:\/\/www.radiopiu.net\/wordpress\/viabilita\/\">viabilita<\/a><\/p><\/blockquote>\n<p><iframe loading=\"lazy\" class=\"wp-embedded-content\" sandbox=\"allow-scripts\" security=\"restricted\" style=\"position: absolute; clip: rect(1px, 1px, 1px, 1px);\" title=\"&#8220;viabilita&#8221; &#8212; Radio Pi\u00f9\" src=\"https:\/\/www.radiopiu.net\/wordpress\/viabilita\/embed\/#?secret=MWOzhb1osq#?secret=Hp1XTYcVYt\" data-secret=\"Hp1XTYcVYt\" width=\"600\" height=\"338\" frameborder=\"0\" marginwidth=\"0\" marginheight=\"0\" scrolling=\"no\"><\/iframe><\/p>\n<p>&nbsp;<\/p>\n<p>&nbsp;<\/p>\n<hr \/>\n<p>&nbsp;<\/p>\n<p><a class=\"dt-pswp-item\" href=\"https:\/\/www.radiopiu.net\/wordpress\/wp-content\/uploads\/2018\/09\/WhatsApp-Image-2018-09-20-at-16.04.06.jpeg\" data-dt-img-description=\"\" data-large_image_width=\"800\" data-large_image_height=\"100\"><img loading=\"lazy\" decoding=\"async\" class=\"wp-image-61378 size-full aligncenter\" src=\"https:\/\/www.radiopiu.net\/wordpress\/wp-content\/uploads\/2018\/09\/WhatsApp-Image-2018-09-20-at-16.04.06.jpeg\" alt=\"\" width=\"800\" height=\"100\" srcset=\"https:\/\/www.radiopiu.net\/wordpress\/wp-content\/uploads\/2018\/09\/WhatsApp-Image-2018-09-20-at-16.04.06.jpeg 800w, https:\/\/www.radiopiu.net\/wordpress\/wp-content\/uploads\/2018\/09\/WhatsApp-Image-2018-09-20-at-16.04.06-300x38.jpeg 300w, https:\/\/www.radiopiu.net\/wordpress\/wp-content\/uploads\/2018\/09\/WhatsApp-Image-2018-09-20-at-16.04.06-768x96.jpeg 768w\" sizes=\"auto, (max-width: 800px) 100vw, 800px\" \/><\/a><\/p>\n<p><center><\/center><center><\/center><center><\/center><center><\/center><center><\/center><center><\/center>&nbsp;<\/p>\n<p><center><\/center><center><b>OGGI<\/b><\/center>Al mattino graduale aumento della nuvolosit\u00e0 fino a molto nuvoloso o coperto su Prealpi, dal pomeriggio anche su Dolomiti.<br \/>\n<b>Precipitazioni: <\/b>Al mattino graduale aumento della probabilit\u00e0 su Prealpi fino ad alta entro il mezzogiorno. Nel pomeriggio probabilit\u00e0 alta ovunque da sparse a diffuse ed intermittenti, deboli su Dolomiti a tratti moderate su Prealpi.<br \/>\n<b>Temperature: <\/b>Minime in aumento anche sensibile su Prealpi, massime in lieve calo.<\/p>\n<hr \/>\n<p><center><b>DOMANI<\/b><\/center>Cielo molto nuvoloso o coperto.<br \/>\n<b>Precipitazioni: <\/b>Diffuse deboli\/moderate al mattino, in intensificazione nel pomeriggio fino a tratti forti anche con rovesci specie su Prealpi. Tra marted\u00ec e mercoled\u00ec sono previsti mediamente 30-50 mm con locali massimi superiori su Prealpi (70-90 mm) Gli accumuli di neve fresca saranno consistenti oltre i 2000 m.<br \/>\n<b>Temperature: <\/b>Temperature minime in ulteriore aumento, massime senza notevoli variazioni con modesta escursione termica giornaliera.<\/p>\n<hr \/>\n<p><center><b>GIOVEDI<\/b><\/center>Variabile a tratti instabile nel pomeriggio su Prealpi. Cielo irregolarmente nuvoloso con parziali schiarite specie al mattino seguite da annuvolamenti consistenti dalle ore centrali e nel pomeriggio con possibili rovesci sparsi specie su Prealpi, un p\u00f2 meno probabili su Dolomiti. Temperature minime senza notevoli variazioni, massime in lieve o contenuto aumento.<\/p>\n<hr \/>\n<p><center><b>VENERDI<\/b><\/center>Cielo per lo pi\u00f9 nuvoloso con qualche irregolare schiarita. Possibili a tratti dei piovaschi o rovesci sparsi, neve oltre i 2000\/2200 m. Temperature in generale aumento.<\/p>\n<p>&nbsp;<\/p>\n<hr \/>\n<p>&nbsp;<\/p>\n<p><img loading=\"lazy\" decoding=\"async\" class=\"wp-image-60761 size-full aligncenter\" src=\"https:\/\/www.radiopiu.net\/wordpress\/wp-content\/uploads\/2018\/09\/sport.jpg\" alt=\"\" width=\"800\" height=\"100\" srcset=\"https:\/\/www.radiopiu.net\/wordpress\/wp-content\/uploads\/2018\/09\/sport.jpg 800w, https:\/\/www.radiopiu.net\/wordpress\/wp-content\/uploads\/2018\/09\/sport-300x38.jpg 300w, https:\/\/www.radiopiu.net\/wordpress\/wp-content\/uploads\/2018\/09\/sport-768x96.jpg 768w\" sizes=\"auto, (max-width: 800px) 100vw, 800px\" \/><\/p>\n<p>&nbsp;<\/p>\n<p><span style=\"color: #0000ff;\"><strong>HOCKEY SU GHIACCIO<\/strong><\/span><\/p>\n<blockquote>\n<h3>L&#8217;ORA\/EGNA VINCE IL CAMPIONATO DI HOCKEY UNDER 16. PER IL CORTINA\/ALLEGHE UN SECONDO POSTO DA INCORNICIARE<\/h3>\n<\/blockquote>\n<p><strong><a class=\"dt-pswp-item\" href=\"https:\/\/www.radiopiu.net\/wordpress\/wp-content\/uploads\/2024\/03\/8f20ce94-7266-4edc-a91c-99f764deca0e.jpg\" data-dt-img-description=\"\" data-large_image_width=\"1599\" data-large_image_height=\"899\"><img loading=\"lazy\" decoding=\"async\" class=\" wp-image-381099 alignleft\" src=\"https:\/\/www.radiopiu.net\/wordpress\/wp-content\/uploads\/2024\/03\/8f20ce94-7266-4edc-a91c-99f764deca0e-300x169.jpg\" alt=\"\" width=\"186\" height=\"105\" srcset=\"https:\/\/www.radiopiu.net\/wordpress\/wp-content\/uploads\/2024\/03\/8f20ce94-7266-4edc-a91c-99f764deca0e-300x169.jpg 300w, https:\/\/www.radiopiu.net\/wordpress\/wp-content\/uploads\/2024\/03\/8f20ce94-7266-4edc-a91c-99f764deca0e-1024x576.jpg 1024w, https:\/\/www.radiopiu.net\/wordpress\/wp-content\/uploads\/2024\/03\/8f20ce94-7266-4edc-a91c-99f764deca0e-768x432.jpg 768w, https:\/\/www.radiopiu.net\/wordpress\/wp-content\/uploads\/2024\/03\/8f20ce94-7266-4edc-a91c-99f764deca0e-1536x864.jpg 1536w, https:\/\/www.radiopiu.net\/wordpress\/wp-content\/uploads\/2024\/03\/8f20ce94-7266-4edc-a91c-99f764deca0e.jpg 1599w\" sizes=\"auto, (max-width: 186px) 100vw, 186px\" \/><\/a>di Marco Gaz<\/strong><\/p>\n<p><span style=\"color: #ff0000;\"><strong>UNDER 16 &#8211; FINALE SCUDETTO GARA 2<\/strong><\/span><\/p>\n<p><strong>ORA\/EGNA &#8211; CORTINA\/ALLEGHE 5-3<\/strong><\/p>\n<p>GOL CORTINA\/ALLEGHE: Levis, Sottsass, Alver\u00e0<\/p>\n<p>Si chiude con gara 2 la finale scudetto del campionato di hockey su ghiaccio Under 16. Il Cortina\/Alleghe non riesce nell&#8217;impresa di portare alla bella la finale scudetto con l&#8217;Ora\/Egna. Gli altoatesini chiudono la serie vincendo alla Whurt Arena la seconda delle tre gare in programma dopo aver vinto l&#8217;andata a Cortina. Un secondo posto che vale tanto per la squadra mista bellunese dopo una stagione di sacrifici con allenamenti costanti e trasferte lunghe da affrontare. Il Cortina\/Alleghe perde ma a testa altissima con la consapevolezza di aver dato il massimo nella serie. Altoatesini che passano in vantaggio e bellunesi che pareggiano con Levis poco dopo. Nel secondo tempo i padroni di casa prendono il largo e nel terzo drittel calano il poker. Cortina\/Alleghe che non molla e riapre la sfida con Sottsass e Alver\u00e0 ma nel finale arriva la quinta marcatura per gli altoatesini che chiudono la serie mettendo in bacheca lo scudetto.<\/p>\n<p>&nbsp;<\/p>\n<p><span style=\"color: #0000ff;\"><strong>NUOTO<\/strong><\/span><\/p>\n<blockquote>\n<h3>BUONE PRESTAZIONI PER I GIOVANI NUOTATORI DI ATTIVAMENTE AGORDINO<\/h3>\n<\/blockquote>\n<p><strong>AGORDO<\/strong> Nella sesta giornata di gare di nuoto per Esordienti a Belluno, &#8220;Attivamente Agordino&#8221; ha schierato 6 ragazzi e 5 ragazze della categoria Esordienti B. Nonostante la forte concorrenza, gli atleti agordini hanno fatto bella figura. Selena Ceccon si \u00e8 distinta nei 200 stile libero con un ottimo settimo posto, seguita da Emma e Alice Latti, Azzurra\u00a0 Deola Thorpe e Margot Longaron con buone prove. Selena ha anche ottenuto il sesto posto nei 50 rana, mentre gli altri hanno gareggiato nei 100 dorso con risultati positivi. Fra i ragazzi, Erik De Nardin ha conquistato l&#8217;argento nei 200 stile libero con una performance tatticamente intelligente. Ottimi progressi anche per Alex Alchini, Alessandro Buxaj\u00a0e Devid Olivier. Sebastiano Migotto ha aggiunto una medaglia d&#8217;argento nei 50 rana e un quinto posto nei 50 stile libero. La staffetta mista ha ottenuto un altro argento, dimostrando la forza della squadra. Il prossimo incontro \u00e8 il 21 aprile a Treviso.<\/p>\n\n\t\t\t<style type='text\/css'>\n\t\t\t\t#gallery-10 {\n\t\t\t\t\tmargin: auto;\n\t\t\t\t}\n\t\t\t\t#gallery-10 .gallery-item {\n\t\t\t\t\tfloat: left;\n\t\t\t\t\tmargin-top: 10px;\n\t\t\t\t\ttext-align: center;\n\t\t\t\t\twidth: 25%;\n\t\t\t\t}\n\t\t\t\t#gallery-10 img {\n\t\t\t\t\tborder: 2px solid #cfcfcf;\n\t\t\t\t}\n\t\t\t\t#gallery-10 .gallery-caption {\n\t\t\t\t\tmargin-left: 0;\n\t\t\t\t}\n\t\t\t\t\/* see gallery_shortcode() in wp-includes\/media.php *\/\n\t\t\t<\/style>\n\t\t<div id='gallery-10' class='dt-gallery-container gallery galleryid-380873 gallery-columns-4 gallery-size-thumbnail'><dl class='gallery-item'>\n\t\t\t\t<dt class='gallery-icon portrait'>\n\t\t\t\t\t<a class=\"rollover rollover-zoom dt-pswp-item\" title=\"1e805ff4-4751-4105-b76d-401edc2eed88\" data-dt-img-description=\"\" data-large_image_width=\"902\" data-large_image_height=\"1600\"href='https:\/\/www.radiopiu.net\/wordpress\/wp-content\/uploads\/2024\/03\/1e805ff4-4751-4105-b76d-401edc2eed88.jpg'><img loading=\"lazy\" decoding=\"async\" width=\"150\" height=\"150\" src=\"https:\/\/www.radiopiu.net\/wordpress\/wp-content\/uploads\/2024\/03\/1e805ff4-4751-4105-b76d-401edc2eed88-150x150.jpg\" class=\"attachment-thumbnail size-thumbnail\" alt=\"\" \/><\/a>\n\t\t\t\t<\/dt><\/dl><dl class='gallery-item'>\n\t\t\t\t<dt class='gallery-icon portrait'>\n\t\t\t\t\t<a class=\"rollover rollover-zoom dt-pswp-item\" title=\"875e34c8-7ca1-4cf2-bd3a-657a3e0124cc\" data-dt-img-description=\"\" data-large_image_width=\"902\" data-large_image_height=\"1600\"href='https:\/\/www.radiopiu.net\/wordpress\/wp-content\/uploads\/2024\/03\/875e34c8-7ca1-4cf2-bd3a-657a3e0124cc.jpg'><img loading=\"lazy\" decoding=\"async\" width=\"150\" height=\"150\" src=\"https:\/\/www.radiopiu.net\/wordpress\/wp-content\/uploads\/2024\/03\/875e34c8-7ca1-4cf2-bd3a-657a3e0124cc-150x150.jpg\" class=\"attachment-thumbnail size-thumbnail\" alt=\"\" \/><\/a>\n\t\t\t\t<\/dt><\/dl><dl class='gallery-item'>\n\t\t\t\t<dt class='gallery-icon portrait'>\n\t\t\t\t\t<a class=\"rollover rollover-zoom dt-pswp-item\" title=\"a3bf1f44-7dfc-46d8-9430-9dd5e87b2b8c\" data-dt-img-description=\"\" data-large_image_width=\"902\" data-large_image_height=\"1600\"href='https:\/\/www.radiopiu.net\/wordpress\/wp-content\/uploads\/2024\/03\/a3bf1f44-7dfc-46d8-9430-9dd5e87b2b8c.jpg'><img loading=\"lazy\" decoding=\"async\" width=\"150\" height=\"150\" src=\"https:\/\/www.radiopiu.net\/wordpress\/wp-content\/uploads\/2024\/03\/a3bf1f44-7dfc-46d8-9430-9dd5e87b2b8c-150x150.jpg\" class=\"attachment-thumbnail size-thumbnail\" alt=\"\" \/><\/a>\n\t\t\t\t<\/dt><\/dl><dl class='gallery-item'>\n\t\t\t\t<dt class='gallery-icon landscape'>\n\t\t\t\t\t<a class=\"rollover rollover-zoom dt-pswp-item\" title=\"820388a5-4392-4856-9915-7a48e3951276\" data-dt-img-description=\"\" data-large_image_width=\"1600\" data-large_image_height=\"902\"href='https:\/\/www.radiopiu.net\/wordpress\/wp-content\/uploads\/2024\/03\/820388a5-4392-4856-9915-7a48e3951276.jpg'><img loading=\"lazy\" decoding=\"async\" width=\"150\" height=\"150\" src=\"https:\/\/www.radiopiu.net\/wordpress\/wp-content\/uploads\/2024\/03\/820388a5-4392-4856-9915-7a48e3951276-150x150.jpg\" class=\"attachment-thumbnail size-thumbnail\" alt=\"\" \/><\/a>\n\t\t\t\t<\/dt><\/dl><br style=\"clear: both\" \/>\n\t\t\t<\/div>\n\n<p>&nbsp;<\/p>\n<p><span style=\"color: #0000ff;\"><strong>PALLAVOLO<\/strong><\/span><\/p>\n<blockquote>\n<h3>ANTONACI PORTA ALLA VITTORIA LA BELLUNO VOLLEY<\/h3>\n<\/blockquote>\n<p><strong><a class=\"dt-pswp-item\" href=\"https:\/\/www.radiopiu.net\/wordpress\/wp-content\/uploads\/2024\/03\/Antonaci_sotto_rete.jpg\" data-dt-img-description=\"\" data-large_image_width=\"657\" data-large_image_height=\"438\"><img loading=\"lazy\" decoding=\"async\" class=\" wp-image-381009 alignleft\" src=\"https:\/\/www.radiopiu.net\/wordpress\/wp-content\/uploads\/2024\/03\/Antonaci_sotto_rete-300x200.jpg\" alt=\"\" width=\"158\" height=\"105\" srcset=\"https:\/\/www.radiopiu.net\/wordpress\/wp-content\/uploads\/2024\/03\/Antonaci_sotto_rete-300x200.jpg 300w, https:\/\/www.radiopiu.net\/wordpress\/wp-content\/uploads\/2024\/03\/Antonaci_sotto_rete.jpg 657w\" sizes=\"auto, (max-width: 158px) 100vw, 158px\" \/><\/a>BELLUNO <\/strong>Piergiorgio Antonaci brilla nel derby veneto, portando il Belluno Volley alla vittoria contro la Senini Motta di Livenza con un brillante 6 su 8 in attacco. Questo risultato li posiziona al secondo posto nella Serie A3 Credem Banca, pronti per i playoff. Antonaci attribuisce il successo al duro lavoro in palestra e al team. Il loro obiettivo \u00e8 stato centrato: mettere pressione sull&#8217;avversario e imporre il proprio gioco. Nessun rimpianto per Antonaci, che guarda avanti con determinazione, pronto per affrontare le sfide dei playoff e dimostrare che il loro lavoro vale la pena, senza paura di affrontare avversari pi\u00f9 forti. I rinoceronti sono pronti a nuove sfide.<\/p>\n<p>&nbsp;<\/p>\n<p><span style=\"color: #0000ff;\"><strong>CALCIO A 5<\/strong><\/span><\/p>\n<blockquote>\n<h3>GIESSE PER LO SPORT\u2026CON LA CANOTTIERI BELLUNO CALCIO A 5<\/h3>\n<\/blockquote>\n<div class=\"x11i5rnm xat24cr x1mh8g0r x1vvkbs xtlvy1s x126k92a\">\n<h4 class=\"photoswipe-wrapper\" dir=\"auto\"><a class=\"dt-pswp-item pspw-wrap-ready\" href=\"https:\/\/www.radiopiu.net\/wordpress\/wp-content\/uploads\/2023\/10\/Senza-nome-57.png\" data-dt-img-description=\"\" data-large_image_width=\"317\" data-large_image_height=\"322\"><img loading=\"lazy\" decoding=\"async\" class=\"size-medium wp-image-358116 aligncenter\" src=\"https:\/\/www.radiopiu.net\/wordpress\/wp-content\/uploads\/2023\/10\/Senza-nome-57-295x300.png\" sizes=\"auto, (max-width: 295px) 100vw, 295px\" srcset=\"https:\/\/www.radiopiu.net\/wordpress\/wp-content\/uploads\/2023\/10\/Senza-nome-57-295x300.png 295w, https:\/\/www.radiopiu.net\/wordpress\/wp-content\/uploads\/2023\/10\/Senza-nome-57.png 317w\" alt=\"\" width=\"295\" height=\"300\" \/><\/a><\/h4>\n<h4 dir=\"auto\"><\/h4>\n<h4 dir=\"auto\">GIESSE PER LO SPORT\u201d \u2026 con la Canottieri Belluno, calcio a 5. Tutto sul campionato di serie A2, girone A. Il programma alla RADIO che da ascolto ai talenti del calcio a 5 bellunese. IN COLLABORAZIONE CON GIESSE RISARCIMENTO DANNI A BELLUNO<\/h4>\n<\/div>\n<div class=\"x11i5rnm xat24cr x1mh8g0r x1vvkbs xtlvy1s x126k92a\">\n<h4 dir=\"auto\"><a class=\"x1i10hfl xjbqb8w x6umtig x1b1mbwd xaqea5y xav7gou x9f619 x1ypdohk xt0psk2 xe8uvvx xdj266r x11i5rnm xat24cr x1mh8g0r xexx8yu x4uap5 x18d9i69 xkhd6sd x16tdsg8 x1hl2dhg xggy1nq x1a2a7pz xt0b8zv x1qq9wsj xo1l8bm\" tabindex=\"0\" role=\"link\" href=\"https:\/\/www.facebook.com\/groups\/radiopiu\/?__cft__[0]=AZVtB3sskZBwGsu89zeRk9eNMGUFohz53TdYmXZyePAKPt8cBeKCqA03znGJk9wPaqHDXQ5yMBG_hrsUX03xH8fdmlMazTirW3KRFEY3Kr2cyBd_5Es2MvKnqyd6ZcahL6_M_zOo19o5N5tV8NHsHcfP&amp;__tn__=-UK-R\"><span class=\"xt0psk2\">RADIO PIU\u2019 EMITTENTE AGORDINA (Taibon_32027)<\/span><\/a>: IL LUNEDI ALLE 16.30, IL MARTEDI ALLE 13.05 RADIO CLUB 103 IL LUNEDI ALLE 16.20 E MARTEDI ALLE 13.40 <a class=\"x1i10hfl xjbqb8w x6umtig x1b1mbwd xaqea5y xav7gou x9f619 x1ypdohk xt0psk2 xe8uvvx xdj266r x11i5rnm xat24cr x1mh8g0r xexx8yu x4uap5 x18d9i69 xkhd6sd x16tdsg8 x1hl2dhg xggy1nq x1a2a7pz xt0b8zv x1qq9wsj xo1l8bm\" tabindex=\"0\" role=\"link\" href=\"https:\/\/www.facebook.com\/groups\/61488111720\/user\/100063652837062\/?__cft__[0]=AZVtB3sskZBwGsu89zeRk9eNMGUFohz53TdYmXZyePAKPt8cBeKCqA03znGJk9wPaqHDXQ5yMBG_hrsUX03xH8fdmlMazTirW3KRFEY3Kr2cyBd_5Es2MvKnqyd6ZcahL6_M_zOo19o5N5tV8NHsHcfP&amp;__tn__=-]K-R\"><span class=\"xt0psk2\">Radio Primiero<\/span><\/a>\u00a0IL LUNEDI ALLE 10.30 E MARTEDI ALLE 12.30<\/h4>\n<p><strong><a class=\"dt-pswp-item\" href=\"https:\/\/www.radiopiu.net\/wordpress\/wp-content\/uploads\/2023\/11\/CANOTTIERI.jpg\" data-dt-img-description=\"\" data-large_image_width=\"568\" data-large_image_height=\"568\"><img loading=\"lazy\" decoding=\"async\" class=\" wp-image-363215 alignleft\" src=\"https:\/\/www.radiopiu.net\/wordpress\/wp-content\/uploads\/2023\/11\/CANOTTIERI-300x300.jpg\" alt=\"\" width=\"138\" height=\"138\" srcset=\"https:\/\/www.radiopiu.net\/wordpress\/wp-content\/uploads\/2023\/11\/CANOTTIERI-300x300.jpg 300w, https:\/\/www.radiopiu.net\/wordpress\/wp-content\/uploads\/2023\/11\/CANOTTIERI-150x150.jpg 150w, https:\/\/www.radiopiu.net\/wordpress\/wp-content\/uploads\/2023\/11\/CANOTTIERI.jpg 568w\" sizes=\"auto, (max-width: 138px) 100vw, 138px\" \/><\/a>PUNTATA 23 &#8211; 25 MARZO 2024<\/strong><\/p>\n<p><span style=\"color: #0000ff;\"><strong>PAUSA PASQUALE<\/strong><\/span><\/p>\n<p><strong>L&#8217;INTERVISTA AL DIRIGENTE GIACOMO FIABANE<\/strong><\/p>\n<audio class=\"wp-audio-shortcode\" id=\"audio-380873-19\" preload=\"none\" style=\"width: 100%;\" controls=\"controls\"><source type=\"audio\/mpeg\" src=\"https:\/\/www.radiopiu.net\/wordpress\/wp-content\/uploads\/2023\/01\/GIESSECALCIO-9.mp3?_=19\" \/><a href=\"https:\/\/www.radiopiu.net\/wordpress\/wp-content\/uploads\/2023\/01\/GIESSECALCIO-9.mp3\">https:\/\/www.radiopiu.net\/wordpress\/wp-content\/uploads\/2023\/01\/GIESSECALCIO-9.mp3<\/a><\/audio>\n<p>&nbsp;<\/p>\n<h2><strong>LA RACCOLTA COMPLETA <span style=\"color: #0000ff;\"><a style=\"color: #0000ff;\" href=\"https:\/\/www.radiopiu.net\/wordpress\/giesse-per-lo-sport-con-la-canottieri-belluno-calcio-a-5\/\">CLICCA QUI<\/a><\/span><\/strong><\/h2>\n<\/div>\n<p>&nbsp;<\/p>\n<hr \/>\n<p>&nbsp;<\/p>\n<h2><span style=\"color: #808000;\">GOODBYE BY BICICLE&#8230;UN VIAGGIO DALL&#8217;INDIA A SEREN DEL GRAPPA IN BICICLETTA<\/span><\/h2>\n<p><span style=\"color: #ff0000;\"><strong>PUNTATA 06 &#8211; NUOVE TAPPE NEL VIAGGIO IN INDIA MA ANCHE DISAVVENTURE<\/strong><\/span><\/p>\n<audio class=\"wp-audio-shortcode\" id=\"audio-380873-20\" preload=\"none\" style=\"width: 100%;\" controls=\"controls\"><source type=\"audio\/mpeg\" src=\"https:\/\/www.radiopiu.net\/wordpress\/wp-content\/uploads\/2024\/03\/AIRE-INDIA-PUNTATA-06.mp3?_=20\" \/><a href=\"https:\/\/www.radiopiu.net\/wordpress\/wp-content\/uploads\/2024\/03\/AIRE-INDIA-PUNTATA-06.mp3\">https:\/\/www.radiopiu.net\/wordpress\/wp-content\/uploads\/2024\/03\/AIRE-INDIA-PUNTATA-06.mp3<\/a><\/audio>\n<p>&nbsp;<\/p>\n<p><strong>PER VISITARE I SITI DEI LUOGHI VISITATI, CLICCA SULLE SEGUENTI SCRITTE: <a href=\"https:\/\/14trees.org\/\">14 TREES FOUNDATION<\/a>\u00a0 \u00a0 <a href=\"https:\/\/maps.app.goo.gl\/MM9MMt2JpKdvQasb9\">APLA PARYAVARAN<\/a><\/strong><\/p>\n\n\t\t\t<style type='text\/css'>\n\t\t\t\t#gallery-11 {\n\t\t\t\t\tmargin: auto;\n\t\t\t\t}\n\t\t\t\t#gallery-11 .gallery-item {\n\t\t\t\t\tfloat: left;\n\t\t\t\t\tmargin-top: 10px;\n\t\t\t\t\ttext-align: center;\n\t\t\t\t\twidth: 20%;\n\t\t\t\t}\n\t\t\t\t#gallery-11 img {\n\t\t\t\t\tborder: 2px solid #cfcfcf;\n\t\t\t\t}\n\t\t\t\t#gallery-11 .gallery-caption {\n\t\t\t\t\tmargin-left: 0;\n\t\t\t\t}\n\t\t\t\t\/* see gallery_shortcode() in wp-includes\/media.php *\/\n\t\t\t<\/style>\n\t\t<div id='gallery-11' class='dt-gallery-container gallery galleryid-380873 gallery-columns-5 gallery-size-thumbnail'><dl class='gallery-item'>\n\t\t\t\t<dt class='gallery-icon landscape'>\n\t\t\t\t\t<a class=\"rollover rollover-zoom dt-pswp-item\" title=\"18dc66a9-b5ec-40b8-abba-c82d46d95601\" data-dt-img-description=\"\" data-large_image_width=\"2048\" data-large_image_height=\"2048\"href='https:\/\/www.radiopiu.net\/wordpress\/wp-content\/uploads\/2024\/03\/18dc66a9-b5ec-40b8-abba-c82d46d95601.jpg'><img loading=\"lazy\" decoding=\"async\" width=\"150\" height=\"150\" src=\"https:\/\/www.radiopiu.net\/wordpress\/wp-content\/uploads\/2024\/03\/18dc66a9-b5ec-40b8-abba-c82d46d95601-150x150.jpg\" class=\"attachment-thumbnail size-thumbnail\" alt=\"\" srcset=\"https:\/\/www.radiopiu.net\/wordpress\/wp-content\/uploads\/2024\/03\/18dc66a9-b5ec-40b8-abba-c82d46d95601-150x150.jpg 150w, https:\/\/www.radiopiu.net\/wordpress\/wp-content\/uploads\/2024\/03\/18dc66a9-b5ec-40b8-abba-c82d46d95601-300x300.jpg 300w, https:\/\/www.radiopiu.net\/wordpress\/wp-content\/uploads\/2024\/03\/18dc66a9-b5ec-40b8-abba-c82d46d95601-1024x1024.jpg 1024w, https:\/\/www.radiopiu.net\/wordpress\/wp-content\/uploads\/2024\/03\/18dc66a9-b5ec-40b8-abba-c82d46d95601-768x768.jpg 768w, https:\/\/www.radiopiu.net\/wordpress\/wp-content\/uploads\/2024\/03\/18dc66a9-b5ec-40b8-abba-c82d46d95601-1536x1536.jpg 1536w, https:\/\/www.radiopiu.net\/wordpress\/wp-content\/uploads\/2024\/03\/18dc66a9-b5ec-40b8-abba-c82d46d95601.jpg 2048w\" sizes=\"auto, (max-width: 150px) 100vw, 150px\" \/><\/a>\n\t\t\t\t<\/dt><\/dl><dl class='gallery-item'>\n\t\t\t\t<dt class='gallery-icon landscape'>\n\t\t\t\t\t<a class=\"rollover rollover-zoom dt-pswp-item\" title=\"87cc284e-6741-43cb-8bcc-7d7669ad4b53\" data-dt-img-description=\"\" data-large_image_width=\"2000\" data-large_image_height=\"1500\"href='https:\/\/www.radiopiu.net\/wordpress\/wp-content\/uploads\/2024\/03\/87cc284e-6741-43cb-8bcc-7d7669ad4b53.jpg'><img loading=\"lazy\" decoding=\"async\" width=\"150\" height=\"150\" src=\"https:\/\/www.radiopiu.net\/wordpress\/wp-content\/uploads\/2024\/03\/87cc284e-6741-43cb-8bcc-7d7669ad4b53-150x150.jpg\" class=\"attachment-thumbnail size-thumbnail\" alt=\"\" \/><\/a>\n\t\t\t\t<\/dt><\/dl><dl class='gallery-item'>\n\t\t\t\t<dt class='gallery-icon portrait'>\n\t\t\t\t\t<a class=\"rollover rollover-zoom dt-pswp-item\" title=\"12434e7e-f406-42a8-8c41-5959c99b7a97\" data-dt-img-description=\"\" data-large_image_width=\"1200\" data-large_image_height=\"1600\"href='https:\/\/www.radiopiu.net\/wordpress\/wp-content\/uploads\/2024\/03\/12434e7e-f406-42a8-8c41-5959c99b7a97.jpg'><img loading=\"lazy\" decoding=\"async\" width=\"150\" height=\"150\" src=\"https:\/\/www.radiopiu.net\/wordpress\/wp-content\/uploads\/2024\/03\/12434e7e-f406-42a8-8c41-5959c99b7a97-150x150.jpg\" class=\"attachment-thumbnail size-thumbnail\" alt=\"\" \/><\/a>\n\t\t\t\t<\/dt><\/dl><dl class='gallery-item'>\n\t\t\t\t<dt class='gallery-icon landscape'>\n\t\t\t\t\t<a class=\"rollover rollover-zoom dt-pswp-item\" title=\"e464344d-c56a-4d45-b093-9c5f61161601\" data-dt-img-description=\"\" data-large_image_width=\"1600\" data-large_image_height=\"900\"href='https:\/\/www.radiopiu.net\/wordpress\/wp-content\/uploads\/2024\/03\/e464344d-c56a-4d45-b093-9c5f61161601.jpg'><img loading=\"lazy\" decoding=\"async\" width=\"150\" height=\"150\" src=\"https:\/\/www.radiopiu.net\/wordpress\/wp-content\/uploads\/2024\/03\/e464344d-c56a-4d45-b093-9c5f61161601-150x150.jpg\" class=\"attachment-thumbnail size-thumbnail\" alt=\"\" \/><\/a>\n\t\t\t\t<\/dt><\/dl><dl class='gallery-item'>\n\t\t\t\t<dt class='gallery-icon landscape'>\n\t\t\t\t\t<a class=\"rollover rollover-zoom dt-pswp-item\" title=\"f0c3fe52-7983-4788-83c2-af0033fefcf3\" data-dt-img-description=\"\" data-large_image_width=\"1600\" data-large_image_height=\"900\"href='https:\/\/www.radiopiu.net\/wordpress\/wp-content\/uploads\/2024\/03\/f0c3fe52-7983-4788-83c2-af0033fefcf3.jpg'><img loading=\"lazy\" decoding=\"async\" width=\"150\" height=\"150\" src=\"https:\/\/www.radiopiu.net\/wordpress\/wp-content\/uploads\/2024\/03\/f0c3fe52-7983-4788-83c2-af0033fefcf3-150x150.jpg\" class=\"attachment-thumbnail size-thumbnail\" alt=\"\" \/><\/a>\n\t\t\t\t<\/dt><\/dl><br style=\"clear: both\" \/>\n\t\t\t<\/div>\n\n<h2>LA RACCOLTA COMPLETA <a href=\"https:\/\/www.radiopiu.net\/wordpress\/goodbye-by-bicicle-un-viaggio-dallindia-a-seren-del-grappa-in-bicicletta-06\/\"><span style=\"color: #0000ff;\">CLICCA QUI<\/span><\/a><\/h2>\n<p>&nbsp;<\/p>\n<p>&nbsp;<\/p>\n<p>&nbsp;<\/p>\n","protected":false},"excerpt":{"rendered":"<p>****** &nbsp; PER RICEVERE QUESTO NOTIZIARIO DIRETTAMENTE SUL TUO CELLULARE ISCRIVITI AL CANALE TELEGRAM \u201cRADIO PIU\u00a0 INFORMAZIONE&#8221;\u00a0 \u00a0il CANALE TELEGRAM&#8230; UNISCITI A: RADIO PIU INFORMAZIONE &nbsp; &nbsp; ATTENZIONE: LA NUOVA APP PER IOS-IPHONE di Nicola Vettorello https:\/\/apps.apple.com\/it\/app\/radio-pi%C3%B9-emittente-agordina\/id1515939845 ATTENZIONE: LA NUOVA APP RADIO\u00a0 PER ANDROID di Nicola Vettorello https:\/\/play.google.com\/store\/apps\/details?id=net.radiopiu.iniko\u00a0\u00a0 &nbsp; &nbsp; \u00a0 GIOVEDI AD AGORDO, BLACK-OUT&hellip;<\/p>\n","protected":false},"author":4,"featured_media":381015,"comment_status":"closed","ping_status":"closed","sticky":false,"template":"","format":"standard","meta":{"_monsterinsights_skip_tracking":false,"_monsterinsights_sitenote_active":false,"_monsterinsights_sitenote_note":"","_monsterinsights_sitenote_category":0,"footnotes":""},"categories":[51,86,49],"tags":[],"class_list":["post-380873","post","type-post","status-publish","format-standard","has-post-thumbnail","hentry","category-evidenza-top","category-gr","category-news-18","category-51","category-86","category-49","description-off"],"img_url":"https:\/\/www.radiopiu.net\/wordpress\/wp-content\/uploads\/2024\/03\/Bim-GSP-Impianti-aperti-2024-Val-Clusa-6.jpg","_links":{"self":[{"href":"https:\/\/www.radiopiu.net\/wordpress\/wp-json\/wp\/v2\/posts\/380873","targetHints":{"allow":["GET"]}}],"collection":[{"href":"https:\/\/www.radiopiu.net\/wordpress\/wp-json\/wp\/v2\/posts"}],"about":[{"href":"https:\/\/www.radiopiu.net\/wordpress\/wp-json\/wp\/v2\/types\/post"}],"author":[{"embeddable":true,"href":"https:\/\/www.radiopiu.net\/wordpress\/wp-json\/wp\/v2\/users\/4"}],"replies":[{"embeddable":true,"href":"https:\/\/www.radiopiu.net\/wordpress\/wp-json\/wp\/v2\/comments?post=380873"}],"version-history":[{"count":0,"href":"https:\/\/www.radiopiu.net\/wordpress\/wp-json\/wp\/v2\/posts\/380873\/revisions"}],"wp:featuredmedia":[{"embeddable":true,"href":"https:\/\/www.radiopiu.net\/wordpress\/wp-json\/wp\/v2\/media\/381015"}],"wp:attachment":[{"href":"https:\/\/www.radiopiu.net\/wordpress\/wp-json\/wp\/v2\/media?parent=380873"}],"wp:term":[{"taxonomy":"category","embeddable":true,"href":"https:\/\/www.radiopiu.net\/wordpress\/wp-json\/wp\/v2\/categories?post=380873"},{"taxonomy":"post_tag","embeddable":true,"href":"https:\/\/www.radiopiu.net\/wordpress\/wp-json\/wp\/v2\/tags?post=380873"}],"curies":[{"name":"wp","href":"https:\/\/api.w.org\/{rel}","templated":true}]}}