{"id":380904,"date":"2024-03-25T05:09:11","date_gmt":"2024-03-25T04:09:11","guid":{"rendered":"https:\/\/www.radiopiu.net\/wordpress\/?p=380904"},"modified":"2024-03-25T05:11:33","modified_gmt":"2024-03-25T04:11:33","slug":"angelika-hutter-liberta-vigilata-dopo-detenzione-preventiva-per-triplice-omicidio-stradale","status":"publish","type":"post","link":"https:\/\/www.radiopiu.net\/wordpress\/angelika-hutter-liberta-vigilata-dopo-detenzione-preventiva-per-triplice-omicidio-stradale\/","title":{"rendered":"&#8220;Angelika Hutter: Libert\u00e0 Vigilata dopo Detenzione Preventiva per Triplice Omicidio Stradale&#8221;"},"content":{"rendered":"<p>***<\/p>\n<p>&nbsp;<\/p>\n<div class=\"flex-1 overflow-hidden\">\n<div class=\"react-scroll-to-bottom--css-sbeil-79elbk h-full\">\n<div class=\"react-scroll-to-bottom--css-sbeil-1n7m0yu\">\n<div class=\"flex flex-col text-sm pb-9\">\n<div class=\"w-full text-token-text-primary\" data-testid=\"conversation-turn-23\">\n<div class=\"px-4 py-2 justify-center text-base md:gap-6 m-auto\">\n<div class=\"flex flex-1 text-base mx-auto gap-3 md:px-5 lg:px-1 xl:px-5 md:max-w-3xl lg:max-w-[40rem] xl:max-w-[48rem] group final-completion\">\n<div class=\"relative flex w-full flex-col agent-turn\">\n<div class=\"flex-col gap-1 md:gap-3\">\n<div class=\"flex flex-grow flex-col max-w-full\">\n<div class=\"min-h-[20px] text-message flex flex-col items-start gap-3 whitespace-pre-wrap break-words [.text-message+&amp;]:mt-5 overflow-x-auto\" data-message-author-role=\"assistant\" data-message-id=\"c4032023-0ef5-41e9-9802-82030f9e4a99\">\n<div class=\"markdown prose w-full break-words dark:prose-invert dark\">\n<p><a class=\"dt-pswp-item\" href=\"https:\/\/www.radiopiu.net\/wordpress\/wp-content\/uploads\/2024\/03\/thumb-558.jpg\" data-dt-img-description=\"\" data-large_image_width=\"640\" data-large_image_height=\"480\"><img loading=\"lazy\" decoding=\"async\" class=\" wp-image-380905 alignleft\" src=\"https:\/\/www.radiopiu.net\/wordpress\/wp-content\/uploads\/2024\/03\/thumb-558-300x225.jpg\" alt=\"\" width=\"251\" height=\"188\" srcset=\"https:\/\/www.radiopiu.net\/wordpress\/wp-content\/uploads\/2024\/03\/thumb-558-300x225.jpg 300w, https:\/\/www.radiopiu.net\/wordpress\/wp-content\/uploads\/2024\/03\/thumb-558.jpg 640w\" sizes=\"auto, (max-width: 251px) 100vw, 251px\" \/><\/a>La 33enne tedesca Angelika Hutter, accusata del triplice omicidio stradale a Santo Stefano di Cadore, termina domani la sua detenzione preventiva. Dopo oltre otto mesi di carcere, con brevi pause ospedaliere, \u00e8 prevista la libert\u00e0 vigilata, concordata dalle parti data la compromessa capacit\u00e0 di intendere e volere della donna. Le indagini preliminari, coordinate dal sostituto procuratore Simone Marcon, sono concluse, richiedendo il rinvio a giudizio per omicidio stradale plurimo aggravato. Hutter, sotto terapia farmacologica, dovr\u00e0 essere curata in una struttura sanitaria per mitigare il rischio di recidiva. L&#8217;udienza preliminare sar\u00e0 fissata successivamente, con la possibilit\u00e0 per la difesa di richiedere un rito alternativo. Non si sono riscontrati guasti meccanici alla sua auto, escludendo altre cause del tragico incidente. La Procura di Belluno mira a evitare una ripetizione del caso Rieke, camionista tedesco coinvolto in un incidente mortale in Italia.<\/p>\n<\/div>\n<p>__<\/p>\n<\/div>\n<\/div>\n<div class=\"mt-1 flex justify-start gap-3 empty:hidden\">\n<div class=\"text-gray-400 flex self-end lg:self-center items-center justify-center lg:justify-start mt-0 -ml-1 h-7 gap-[2px] visible\">\n<div class=\"flex\"><\/div>\n<\/div>\n<\/div>\n<div class=\"pr-2 lg:pr-0\"><\/div>\n<\/div>\n<\/div>\n<\/div>\n<\/div>\n<\/div>\n<\/div>\n<\/div>\n<\/div>\n<\/div>\n<div class=\"w-full pt-2 md:pt-0 dark:border-white\/20 md:border-transparent md:dark:border-transparent md:w-[calc(100%-.5rem)]\">\n<form class=\"stretch mx-2 flex flex-row gap-3 last:mb-2 md:mx-4 md:last:mb-6 lg:mx-auto lg:max-w-2xl xl:max-w-3xl\">\n<div class=\"relative flex h-full flex-1 flex-col\">\n<div class=\"absolute bottom-full left-0 right-0\"><\/div>\n<div class=\"flex w-full items-center\"><\/div>\n<\/div>\n<\/form>\n<\/div>\n","protected":false},"excerpt":{"rendered":"<p>*** &nbsp; La 33enne tedesca Angelika Hutter, accusata del triplice omicidio stradale a Santo Stefano di Cadore, termina domani la sua detenzione preventiva. Dopo oltre otto mesi di carcere, con brevi pause ospedaliere, \u00e8 prevista la libert\u00e0 vigilata, concordata dalle parti data la compromessa capacit\u00e0 di intendere e volere della donna. Le indagini preliminari, coordinate&hellip;<\/p>\n","protected":false},"author":4,"featured_media":380905,"comment_status":"closed","ping_status":"closed","sticky":false,"template":"","format":"standard","meta":{"_monsterinsights_skip_tracking":false,"_monsterinsights_sitenote_active":false,"_monsterinsights_sitenote_note":"","_monsterinsights_sitenote_category":0,"footnotes":""},"categories":[51,49],"tags":[],"class_list":["post-380904","post","type-post","status-publish","format-standard","has-post-thumbnail","hentry","category-evidenza-top","category-news-18","category-51","category-49","description-off"],"img_url":"https:\/\/www.radiopiu.net\/wordpress\/wp-content\/uploads\/2024\/03\/thumb-558.jpg","_links":{"self":[{"href":"https:\/\/www.radiopiu.net\/wordpress\/wp-json\/wp\/v2\/posts\/380904","targetHints":{"allow":["GET"]}}],"collection":[{"href":"https:\/\/www.radiopiu.net\/wordpress\/wp-json\/wp\/v2\/posts"}],"about":[{"href":"https:\/\/www.radiopiu.net\/wordpress\/wp-json\/wp\/v2\/types\/post"}],"author":[{"embeddable":true,"href":"https:\/\/www.radiopiu.net\/wordpress\/wp-json\/wp\/v2\/users\/4"}],"replies":[{"embeddable":true,"href":"https:\/\/www.radiopiu.net\/wordpress\/wp-json\/wp\/v2\/comments?post=380904"}],"version-history":[{"count":0,"href":"https:\/\/www.radiopiu.net\/wordpress\/wp-json\/wp\/v2\/posts\/380904\/revisions"}],"wp:featuredmedia":[{"embeddable":true,"href":"https:\/\/www.radiopiu.net\/wordpress\/wp-json\/wp\/v2\/media\/380905"}],"wp:attachment":[{"href":"https:\/\/www.radiopiu.net\/wordpress\/wp-json\/wp\/v2\/media?parent=380904"}],"wp:term":[{"taxonomy":"category","embeddable":true,"href":"https:\/\/www.radiopiu.net\/wordpress\/wp-json\/wp\/v2\/categories?post=380904"},{"taxonomy":"post_tag","embeddable":true,"href":"https:\/\/www.radiopiu.net\/wordpress\/wp-json\/wp\/v2\/tags?post=380904"}],"curies":[{"name":"wp","href":"https:\/\/api.w.org\/{rel}","templated":true}]}}