{"id":380971,"date":"2024-03-25T09:13:22","date_gmt":"2024-03-25T08:13:22","guid":{"rendered":"https:\/\/www.radiopiu.net\/wordpress\/?p=380971"},"modified":"2024-03-25T09:13:22","modified_gmt":"2024-03-25T08:13:22","slug":"il-tenente-colonnello-elisabetta-tropea-il-nuovo-comandante-del-reparto-carabinieri-biodiversita-di-belluno","status":"publish","type":"post","link":"https:\/\/www.radiopiu.net\/wordpress\/il-tenente-colonnello-elisabetta-tropea-il-nuovo-comandante-del-reparto-carabinieri-biodiversita-di-belluno\/","title":{"rendered":"IL TENENTE COLONNELLO ELISABETTA TROPEA  IL NUOVO COMANDANTE DEL REPARTO CARABINIERI BIODIVERSITA&#8217; DI BELLUNO"},"content":{"rendered":"<p>*****<\/p>\n<p>&nbsp;<\/p>\n<p><strong><a class=\"dt-pswp-item\" href=\"https:\/\/www.radiopiu.net\/wordpress\/wp-content\/uploads\/2024\/03\/883baff8-5362-4754-bae2-a8d764355bbb.jpg\" data-dt-img-description=\"\" data-large_image_width=\"607\" data-large_image_height=\"640\"><img loading=\"lazy\" decoding=\"async\" class=\" wp-image-380972 alignleft\" src=\"https:\/\/www.radiopiu.net\/wordpress\/wp-content\/uploads\/2024\/03\/883baff8-5362-4754-bae2-a8d764355bbb-285x300.jpg\" alt=\"\" width=\"116\" height=\"122\" srcset=\"https:\/\/www.radiopiu.net\/wordpress\/wp-content\/uploads\/2024\/03\/883baff8-5362-4754-bae2-a8d764355bbb-285x300.jpg 285w, https:\/\/www.radiopiu.net\/wordpress\/wp-content\/uploads\/2024\/03\/883baff8-5362-4754-bae2-a8d764355bbb.jpg 607w\" sizes=\"auto, (max-width: 116px) 100vw, 116px\" \/><\/a>BELLUNO <\/strong>Il Ten. Col. Elisabetta Tropea \u00e8 il nuovo comandante del Reparto Carabinieri Biodiversit\u00e0 di Belluno, subentrato al Gen. in ris. Gianfranco Munari. Il nuovo Comandante aveva gi\u00e0 prestato servizio presso l\u2019Ufficio Territoriale per la Biodiversit\u00e0 di Belluno del Corpo Forestale dello Stato dal 2012 al 2014, come ufficiale addetto, per poi essere destinata al Comando Regionale del CFS a Padova come coordinatrice dei controlli agroalimentari e dei Nuclei CITES del Triveneto. Dal 2018 e fino allo scorso mese di febbraio \u00e8 stata comandate del NIPAAF (Nucleo investigativo di polizia ambientale, agroalimentare e forestale) e del Nucleo CC CITES di Venezia conducendo importanti operazioni di contrasto ai reati ambientali e a danno degli animali e della biodiversit\u00e0, anche a carattere transnazionale.\u00a0 \u201cTutto il mio impegno sar\u00e0 diretto alla conservazione e valorizzazione, sotto ogni forma, delle Riserve Naturali, del centro di selezione equestre e del Centro territoriale di accoglienza dedicato agli animali confiscati dall\u2019Arma, tutti gestiti dal Reparto Carabinieri Biodiversit\u00e0 di Belluno, anche attraverso lo svolgimento di progetti di ricerca scientifica e l\u2019attivit\u00e0 di divulgazione ambientale ed educazione alla Legalita\u201d. Sono dieci le Riserve naturali dello Stato affidate al Reparto Carabinieri Biodiversit\u00e0 di Belluno; nel loro insieme coprono una estensione territoriale di circa 16.000 ettari. Otto di queste hanno nomi fortemente evocativi \u2013 \u00a0<em>Monti del Sole<\/em>,\u00a0<em>Piani Eterni, Monte Pavione, Piazza del Diavolo, Schiara Occidentale, Valle Imperina, Valle Scura, Vette Feltrine<\/em>\u00a0\u2013 e si trovano all\u2019interno del territorio del Parco nazionale delle Dolomiti Bellunesi mentre due, rispettivamente di sedici e di novanta ettari, sono ubicate al di fuori del perimetro dello stesso: si tratta della riserva naturale\u00a0<em>Monte Faverghera<\/em>\u00a0situata a quota 1.600 metri s.l.m. con all\u2019interno il Giardino botanico delle Alpi Orientali che ospita pi\u00f9 di 800 specie floristiche e la riserva naturale\u00a0<em>Vincheto di Celarda<\/em>, alle porte di Feltre, che si caratterizza per i suoi\u00a0<em>prati magri<\/em>, i suoi laghetti e i corsi d\u2019acqua originati dal fiume Piave che la lambisce. La loro gestione impegna tutte le professionalit\u00e0 del Reparto con di attivit\u00e0 di studio, ricerca e monitoraggio nonch\u00e9 interventi di miglioria. Particolarmente importante \u00e8 la gestione del CSE (Centro di Selezione Equestre) dove nascono, vengono cresciuti e domati i cavalli di razza maremmana impiegati, poi, nei servizi dell\u2019Arma e la gestione del CTAAC Centro territoriale di accoglienza dedicato agli animali (rapaci e ungulati) confiscati dall\u2019Arma. Molto preziosa \u00e8 anche l\u2019attivit\u00e0 di educazione ambientale svolta dal Reparto in favore dei cittadini, delle scuole, dei gruppi e delle associazioni nonch\u00e9 l\u2019attivit\u00e0 richiesta dagli Istituti superiori e dalle Universit\u00e0 nei programmi di formazione degli studenti con\u00a0<em>stage<\/em>\u00a0dedicati perlopi\u00f9 allo studio e alla ricerca su tematiche di natura entomologica o floristica. Apprezzatissima dal territorio \u00e8 anche l\u2019attivit\u00e0 di ippoterapia che, con il supporto e l\u2019affiancamento di medici e specialisti della materia, viene svolta in favore di persone con difficolt\u00e0 fisiche e psichiche.<\/p>\n\n\t\t\t<style type='text\/css'>\n\t\t\t\t#gallery-1 {\n\t\t\t\t\tmargin: auto;\n\t\t\t\t}\n\t\t\t\t#gallery-1 .gallery-item {\n\t\t\t\t\tfloat: left;\n\t\t\t\t\tmargin-top: 10px;\n\t\t\t\t\ttext-align: center;\n\t\t\t\t\twidth: 50%;\n\t\t\t\t}\n\t\t\t\t#gallery-1 img {\n\t\t\t\t\tborder: 2px solid #cfcfcf;\n\t\t\t\t}\n\t\t\t\t#gallery-1 .gallery-caption {\n\t\t\t\t\tmargin-left: 0;\n\t\t\t\t}\n\t\t\t\t\/* see gallery_shortcode() in wp-includes\/media.php *\/\n\t\t\t<\/style>\n\t\t<div id='gallery-1' class='dt-gallery-container gallery galleryid-380971 gallery-columns-2 gallery-size-medium'><dl class='gallery-item'>\n\t\t\t\t<dt class='gallery-icon landscape'>\n\t\t\t\t\t<a class=\"rollover rollover-zoom dt-pswp-item\" title=\"0605a309-10ec-4f03-b3d5-d0e536d841b0\" data-dt-img-description=\"\" data-large_image_width=\"1600\" data-large_image_height=\"975\"href='https:\/\/www.radiopiu.net\/wordpress\/wp-content\/uploads\/2024\/03\/0605a309-10ec-4f03-b3d5-d0e536d841b0.jpg'><img loading=\"lazy\" decoding=\"async\" width=\"300\" height=\"183\" src=\"https:\/\/www.radiopiu.net\/wordpress\/wp-content\/uploads\/2024\/03\/0605a309-10ec-4f03-b3d5-d0e536d841b0-300x183.jpg\" class=\"attachment-medium size-medium\" alt=\"\" aria-describedby=\"gallery-1-380973\" srcset=\"https:\/\/www.radiopiu.net\/wordpress\/wp-content\/uploads\/2024\/03\/0605a309-10ec-4f03-b3d5-d0e536d841b0-300x183.jpg 300w, https:\/\/www.radiopiu.net\/wordpress\/wp-content\/uploads\/2024\/03\/0605a309-10ec-4f03-b3d5-d0e536d841b0-1024x624.jpg 1024w, https:\/\/www.radiopiu.net\/wordpress\/wp-content\/uploads\/2024\/03\/0605a309-10ec-4f03-b3d5-d0e536d841b0-768x468.jpg 768w, https:\/\/www.radiopiu.net\/wordpress\/wp-content\/uploads\/2024\/03\/0605a309-10ec-4f03-b3d5-d0e536d841b0-1536x936.jpg 1536w, https:\/\/www.radiopiu.net\/wordpress\/wp-content\/uploads\/2024\/03\/0605a309-10ec-4f03-b3d5-d0e536d841b0.jpg 1600w\" sizes=\"auto, (max-width: 300px) 100vw, 300px\" \/><\/a>\n\t\t\t\t<\/dt>\n\t\t\t\t\t<dd class='wp-caption-text gallery-caption' id='gallery-1-380973'>\n\t\t\t\t\tPanoramica del Giardino Botanico di Monte Faverghera\n\t\t\t\t\t<\/dd><\/dl><dl class='gallery-item'>\n\t\t\t\t<dt class='gallery-icon portrait'>\n\t\t\t\t\t<a class=\"rollover rollover-zoom dt-pswp-item\" title=\"a76947e0-78f0-468e-8257-d106bac3aed8\" data-dt-img-description=\"\" data-large_image_width=\"1200\" data-large_image_height=\"1600\"href='https:\/\/www.radiopiu.net\/wordpress\/wp-content\/uploads\/2024\/03\/a76947e0-78f0-468e-8257-d106bac3aed8.jpg'><img loading=\"lazy\" decoding=\"async\" width=\"225\" height=\"300\" src=\"https:\/\/www.radiopiu.net\/wordpress\/wp-content\/uploads\/2024\/03\/a76947e0-78f0-468e-8257-d106bac3aed8-225x300.jpg\" class=\"attachment-medium size-medium\" alt=\"\" aria-describedby=\"gallery-1-380974\" srcset=\"https:\/\/www.radiopiu.net\/wordpress\/wp-content\/uploads\/2024\/03\/a76947e0-78f0-468e-8257-d106bac3aed8-225x300.jpg 225w, https:\/\/www.radiopiu.net\/wordpress\/wp-content\/uploads\/2024\/03\/a76947e0-78f0-468e-8257-d106bac3aed8-768x1024.jpg 768w, https:\/\/www.radiopiu.net\/wordpress\/wp-content\/uploads\/2024\/03\/a76947e0-78f0-468e-8257-d106bac3aed8-1152x1536.jpg 1152w, https:\/\/www.radiopiu.net\/wordpress\/wp-content\/uploads\/2024\/03\/a76947e0-78f0-468e-8257-d106bac3aed8.jpg 1200w\" sizes=\"auto, (max-width: 225px) 100vw, 225px\" \/><\/a>\n\t\t\t\t<\/dt>\n\t\t\t\t\t<dd class='wp-caption-text gallery-caption' id='gallery-1-380974'>\n\t\t\t\t\tGiglio della Carniola\n\t\t\t\t\t<\/dd><\/dl><br style=\"clear: both\" \/>\n\t\t\t<\/div>\n\n<p>&nbsp;<\/p>\n<p>*******<\/p>\n","protected":false},"excerpt":{"rendered":"<p>***** &nbsp; BELLUNO Il Ten. Col. Elisabetta Tropea \u00e8 il nuovo comandante del Reparto Carabinieri Biodiversit\u00e0 di Belluno, subentrato al Gen. in ris. Gianfranco Munari. Il nuovo Comandante aveva gi\u00e0 prestato servizio presso l\u2019Ufficio Territoriale per la Biodiversit\u00e0 di Belluno del Corpo Forestale dello Stato dal 2012 al 2014, come ufficiale addetto, per poi essere&hellip;<\/p>\n","protected":false},"author":4,"featured_media":380972,"comment_status":"closed","ping_status":"closed","sticky":false,"template":"","format":"standard","meta":{"_monsterinsights_skip_tracking":false,"_monsterinsights_sitenote_active":false,"_monsterinsights_sitenote_note":"","_monsterinsights_sitenote_category":0,"footnotes":""},"categories":[49],"tags":[],"class_list":["post-380971","post","type-post","status-publish","format-standard","has-post-thumbnail","hentry","category-news-18","category-49","description-off"],"img_url":"https:\/\/www.radiopiu.net\/wordpress\/wp-content\/uploads\/2024\/03\/883baff8-5362-4754-bae2-a8d764355bbb.jpg","_links":{"self":[{"href":"https:\/\/www.radiopiu.net\/wordpress\/wp-json\/wp\/v2\/posts\/380971","targetHints":{"allow":["GET"]}}],"collection":[{"href":"https:\/\/www.radiopiu.net\/wordpress\/wp-json\/wp\/v2\/posts"}],"about":[{"href":"https:\/\/www.radiopiu.net\/wordpress\/wp-json\/wp\/v2\/types\/post"}],"author":[{"embeddable":true,"href":"https:\/\/www.radiopiu.net\/wordpress\/wp-json\/wp\/v2\/users\/4"}],"replies":[{"embeddable":true,"href":"https:\/\/www.radiopiu.net\/wordpress\/wp-json\/wp\/v2\/comments?post=380971"}],"version-history":[{"count":0,"href":"https:\/\/www.radiopiu.net\/wordpress\/wp-json\/wp\/v2\/posts\/380971\/revisions"}],"wp:featuredmedia":[{"embeddable":true,"href":"https:\/\/www.radiopiu.net\/wordpress\/wp-json\/wp\/v2\/media\/380972"}],"wp:attachment":[{"href":"https:\/\/www.radiopiu.net\/wordpress\/wp-json\/wp\/v2\/media?parent=380971"}],"wp:term":[{"taxonomy":"category","embeddable":true,"href":"https:\/\/www.radiopiu.net\/wordpress\/wp-json\/wp\/v2\/categories?post=380971"},{"taxonomy":"post_tag","embeddable":true,"href":"https:\/\/www.radiopiu.net\/wordpress\/wp-json\/wp\/v2\/tags?post=380971"}],"curies":[{"name":"wp","href":"https:\/\/api.w.org\/{rel}","templated":true}]}}