{"id":381060,"date":"2024-03-26T05:24:55","date_gmt":"2024-03-26T04:24:55","guid":{"rendered":"https:\/\/www.radiopiu.net\/wordpress\/?p=381060"},"modified":"2024-03-26T05:33:58","modified_gmt":"2024-03-26T04:33:58","slug":"giovedi-i-lavori-sullacquedotto-di-agordo","status":"publish","type":"post","link":"https:\/\/www.radiopiu.net\/wordpress\/giovedi-i-lavori-sullacquedotto-di-agordo\/","title":{"rendered":"GIOVEDI&#8217; I LAVORI SULL&#8217;ACQUEDOTTO DI AGORDO"},"content":{"rendered":"<p>*****<\/p>\n<p>&nbsp;<\/p>\n<p><strong><a class=\"dt-pswp-item\" href=\"https:\/\/www.radiopiu.net\/wordpress\/wp-content\/uploads\/2024\/03\/un-recente-intervento-di-distrettualizzazione_1.jpg\" data-dt-img-description=\"\" data-large_image_width=\"1181\" data-large_image_height=\"886\"><img loading=\"lazy\" decoding=\"async\" class=\" wp-image-381061 alignleft\" src=\"https:\/\/www.radiopiu.net\/wordpress\/wp-content\/uploads\/2024\/03\/un-recente-intervento-di-distrettualizzazione_1-300x225.jpg\" alt=\"\" width=\"172\" height=\"129\" srcset=\"https:\/\/www.radiopiu.net\/wordpress\/wp-content\/uploads\/2024\/03\/un-recente-intervento-di-distrettualizzazione_1-300x225.jpg 300w, https:\/\/www.radiopiu.net\/wordpress\/wp-content\/uploads\/2024\/03\/un-recente-intervento-di-distrettualizzazione_1-1024x768.jpg 1024w, https:\/\/www.radiopiu.net\/wordpress\/wp-content\/uploads\/2024\/03\/un-recente-intervento-di-distrettualizzazione_1-768x576.jpg 768w, https:\/\/www.radiopiu.net\/wordpress\/wp-content\/uploads\/2024\/03\/un-recente-intervento-di-distrettualizzazione_1.jpg 1181w\" sizes=\"auto, (max-width: 172px) 100vw, 172px\" \/><\/a>BELLUNO <\/strong>Prosegue a pieno ritmo il progetto di Bim Gsp da 25,6 milioni di euro volto a ridurre presuntivamente del 35%, entro fine 2025, le perdite idriche dai principali acquedotti bellunesi. Tra le attivit\u00e0 gi\u00e0 messe a terra dalla societ\u00e0, rientra anche l\u2019intervento in programma gioved\u00ec 28 marzo in Comune di Agordo: due distinti cantieri operativi in parallelo permetteranno di distrettualizzare, cio\u00e8 suddividere, parte della rete idrica a servizio del capoluogo. Verranno, infatti, posate una decina di nuove valvole di linea in Piazzale e in via Lungo Rova, funzionali non solo a rinnovare le componentistiche idrauliche esistenti, ormai obsolete e non in grado di assicurare la totale chiusura dei flussi, ma anche a segmentare la rete di distribuzione locale, molto ramificata, in pi\u00f9 distretti, autonomi dal punto di vista dell\u2019approvvigionamento idrico. Le condotte, in futuro, saranno anche dotate di sensori digitali, in grado di trasmettere in continuo i dati sull\u2019acqua in transito (pressione e portata): questi permetteranno la misurazione delle portate in entrata ed uscita, oltre ai volumi consumati. La posa delle nuove apparecchiature render\u00e0 necessaria la sospensione della fornitura idrica dalle ore 8:00 fino a fine lavori (tardo pomeriggio di gioved\u00ec) nelle vie Battisti, Calzon, Cappello, Campo dei Fiori, Piazzale e Lungo Rova, 5 Maggio (incluso omonimo vicolo), Tissi, Paganini e nelle localit\u00e0 Faion, Grave, Pragrande, Col di Foglia, Motte, Mozzach, Vera. Circa 700 le utenze, in totale, saranno interessate dalla mancanza d\u2019acqua. L\u2019intervento, a cui ne seguiranno molti altri nel corso del biennio 2024\/2025, rientra nel maxi-progetto di Bim Gsp, finanziato per 20,4 milioni da fondi PNRR, che prevede la modellazione, la distrettualizzazione e la digitalizzazione di 1615 km di rete idrica: coinvolti, in totale, 36 sistemi acquedottistici distribuiti in 16 Comuni &#8211; tutta la Val Belluna, parte dell\u2019Alpago, Feltrino e i comuni di Agordo, Cortina d\u2019Ampezzo e Pieve di Cadore &#8211; per un totale di oltre 100mila abitanti. Obiettivo sfidante: ridurre del 35%, entro il 2025, le perdite idriche dei principali acquedotti bellunesi.<\/p>\n<p>&nbsp;<\/p>\n<p>&nbsp;<\/p>\n<p>******<\/p>\n","protected":false},"excerpt":{"rendered":"<p>***** &nbsp; BELLUNO Prosegue a pieno ritmo il progetto di Bim Gsp da 25,6 milioni di euro volto a ridurre presuntivamente del 35%, entro fine 2025, le perdite idriche dai principali acquedotti bellunesi. Tra le attivit\u00e0 gi\u00e0 messe a terra dalla societ\u00e0, rientra anche l\u2019intervento in programma gioved\u00ec 28 marzo in Comune di Agordo: due&hellip;<\/p>\n","protected":false},"author":4,"featured_media":381061,"comment_status":"closed","ping_status":"closed","sticky":false,"template":"","format":"standard","meta":{"_monsterinsights_skip_tracking":false,"_monsterinsights_sitenote_active":false,"_monsterinsights_sitenote_note":"","_monsterinsights_sitenote_category":0,"footnotes":""},"categories":[51,49],"tags":[],"class_list":["post-381060","post","type-post","status-publish","format-standard","has-post-thumbnail","hentry","category-evidenza-top","category-news-18","category-51","category-49","description-off"],"img_url":"https:\/\/www.radiopiu.net\/wordpress\/wp-content\/uploads\/2024\/03\/un-recente-intervento-di-distrettualizzazione_1.jpg","_links":{"self":[{"href":"https:\/\/www.radiopiu.net\/wordpress\/wp-json\/wp\/v2\/posts\/381060","targetHints":{"allow":["GET"]}}],"collection":[{"href":"https:\/\/www.radiopiu.net\/wordpress\/wp-json\/wp\/v2\/posts"}],"about":[{"href":"https:\/\/www.radiopiu.net\/wordpress\/wp-json\/wp\/v2\/types\/post"}],"author":[{"embeddable":true,"href":"https:\/\/www.radiopiu.net\/wordpress\/wp-json\/wp\/v2\/users\/4"}],"replies":[{"embeddable":true,"href":"https:\/\/www.radiopiu.net\/wordpress\/wp-json\/wp\/v2\/comments?post=381060"}],"version-history":[{"count":0,"href":"https:\/\/www.radiopiu.net\/wordpress\/wp-json\/wp\/v2\/posts\/381060\/revisions"}],"wp:featuredmedia":[{"embeddable":true,"href":"https:\/\/www.radiopiu.net\/wordpress\/wp-json\/wp\/v2\/media\/381061"}],"wp:attachment":[{"href":"https:\/\/www.radiopiu.net\/wordpress\/wp-json\/wp\/v2\/media?parent=381060"}],"wp:term":[{"taxonomy":"category","embeddable":true,"href":"https:\/\/www.radiopiu.net\/wordpress\/wp-json\/wp\/v2\/categories?post=381060"},{"taxonomy":"post_tag","embeddable":true,"href":"https:\/\/www.radiopiu.net\/wordpress\/wp-json\/wp\/v2\/tags?post=381060"}],"curies":[{"name":"wp","href":"https:\/\/api.w.org\/{rel}","templated":true}]}}