{"id":381067,"date":"2024-03-26T05:20:07","date_gmt":"2024-03-26T04:20:07","guid":{"rendered":"https:\/\/www.radiopiu.net\/wordpress\/?p=381067"},"modified":"2024-03-26T05:34:13","modified_gmt":"2024-03-26T04:34:13","slug":"due-attivita-agordine-premiate-come-luoghi-storici-del-commercio-in-veneto","status":"publish","type":"post","link":"https:\/\/www.radiopiu.net\/wordpress\/due-attivita-agordine-premiate-come-luoghi-storici-del-commercio-in-veneto\/","title":{"rendered":"DUE ATTIVITA&#8217; AGORDINE PREMIATE COME LUOGHI STORICI DEL COMMERCIO IN VENETO"},"content":{"rendered":"<p>*****<\/p>\n<p>&nbsp;<\/p>\n<p><strong><a class=\"dt-pswp-item\" href=\"https:\/\/www.radiopiu.net\/wordpress\/wp-content\/uploads\/2024\/03\/BELLUNO-scaled.jpg\" data-dt-img-description=\"\" data-large_image_width=\"2560\" data-large_image_height=\"1706\"><img loading=\"lazy\" decoding=\"async\" class=\" wp-image-381068 alignleft\" src=\"https:\/\/www.radiopiu.net\/wordpress\/wp-content\/uploads\/2024\/03\/BELLUNO-300x200.jpg\" alt=\"\" width=\"201\" height=\"134\" srcset=\"https:\/\/www.radiopiu.net\/wordpress\/wp-content\/uploads\/2024\/03\/BELLUNO-300x200.jpg 300w, https:\/\/www.radiopiu.net\/wordpress\/wp-content\/uploads\/2024\/03\/BELLUNO-1024x683.jpg 1024w, https:\/\/www.radiopiu.net\/wordpress\/wp-content\/uploads\/2024\/03\/BELLUNO-768x512.jpg 768w, https:\/\/www.radiopiu.net\/wordpress\/wp-content\/uploads\/2024\/03\/BELLUNO-1536x1024.jpg 1536w, https:\/\/www.radiopiu.net\/wordpress\/wp-content\/uploads\/2024\/03\/BELLUNO-2048x1365.jpg 2048w\" sizes=\"auto, (max-width: 201px) 100vw, 201px\" \/><\/a>VENEZIA<\/strong> L&#8217;Assessore Marcato ha celebrato oggi a Padova oltre 40 anni di attivit\u00e0 commerciali venete, omaggiando 213 esercenti inseriti nell&#8217;elenco regionale dei luoghi storici del commercio. L&#8217;iniziativa evidenzia il ruolo fondamentale di queste attivit\u00e0 nell&#8217;economia locale, sottolineando la resilienza e l&#8217;innovazione dei veneti nonostante le sfide globali. Marcato ha consegnato targa e logo ai commercianti, simbolo di un&#8217;attivit\u00e0 ultratrentennale. Anche quattro amministrazioni comunali sono state premiate per mercati storici. Presenti all&#8217;evento esponenti istituzionali e associativi. Nel 2023, 213 attivit\u00e0 venete hanno ricevuto riconoscimento, distribuite per provincia. I settori spaziano dal dettaglio all&#8217;artigianato, dalla somministrazione alberghiera ai mercati pubblici. L&#8217;iscrizione all&#8217;elenco regionale \u00e8 aperta annualmente da aprile a maggio per attivit\u00e0 con almeno 40 anni di storia. Sono 8 le attivit\u00e0 in provincia di Belluno che hanno ottenuto il riconoscimento: a Belluno Orologeria Piaz, Alimentari Scarton, a Limana il supermercato Crai Lavanda, a Canale D&#8217;Agordo il Ristorante Tabi\u00e0, la Macelleria Dal Dario di Val Di Zoldo, Pizzeria Croera a Borca di Cadore, Pasticceria Gaggion di Alpago e l&#8217;Albergo Adriana ad Alleghe.<\/p>\n<p>&nbsp;<\/p>\n<p>&nbsp;<\/p>\n<p>*******<\/p>\n","protected":false},"excerpt":{"rendered":"<p>***** &nbsp; VENEZIA L&#8217;Assessore Marcato ha celebrato oggi a Padova oltre 40 anni di attivit\u00e0 commerciali venete, omaggiando 213 esercenti inseriti nell&#8217;elenco regionale dei luoghi storici del commercio. L&#8217;iniziativa evidenzia il ruolo fondamentale di queste attivit\u00e0 nell&#8217;economia locale, sottolineando la resilienza e l&#8217;innovazione dei veneti nonostante le sfide globali. Marcato ha consegnato targa e logo&hellip;<\/p>\n","protected":false},"author":4,"featured_media":381068,"comment_status":"closed","ping_status":"closed","sticky":false,"template":"","format":"standard","meta":{"_monsterinsights_skip_tracking":false,"_monsterinsights_sitenote_active":false,"_monsterinsights_sitenote_note":"","_monsterinsights_sitenote_category":0,"footnotes":""},"categories":[103,49],"tags":[],"class_list":["post-381067","post","type-post","status-publish","format-standard","has-post-thumbnail","hentry","category-evidenza_2","category-news-18","category-103","category-49","description-off"],"img_url":"https:\/\/www.radiopiu.net\/wordpress\/wp-content\/uploads\/2024\/03\/BELLUNO-scaled.jpg","_links":{"self":[{"href":"https:\/\/www.radiopiu.net\/wordpress\/wp-json\/wp\/v2\/posts\/381067","targetHints":{"allow":["GET"]}}],"collection":[{"href":"https:\/\/www.radiopiu.net\/wordpress\/wp-json\/wp\/v2\/posts"}],"about":[{"href":"https:\/\/www.radiopiu.net\/wordpress\/wp-json\/wp\/v2\/types\/post"}],"author":[{"embeddable":true,"href":"https:\/\/www.radiopiu.net\/wordpress\/wp-json\/wp\/v2\/users\/4"}],"replies":[{"embeddable":true,"href":"https:\/\/www.radiopiu.net\/wordpress\/wp-json\/wp\/v2\/comments?post=381067"}],"version-history":[{"count":0,"href":"https:\/\/www.radiopiu.net\/wordpress\/wp-json\/wp\/v2\/posts\/381067\/revisions"}],"wp:featuredmedia":[{"embeddable":true,"href":"https:\/\/www.radiopiu.net\/wordpress\/wp-json\/wp\/v2\/media\/381068"}],"wp:attachment":[{"href":"https:\/\/www.radiopiu.net\/wordpress\/wp-json\/wp\/v2\/media?parent=381067"}],"wp:term":[{"taxonomy":"category","embeddable":true,"href":"https:\/\/www.radiopiu.net\/wordpress\/wp-json\/wp\/v2\/categories?post=381067"},{"taxonomy":"post_tag","embeddable":true,"href":"https:\/\/www.radiopiu.net\/wordpress\/wp-json\/wp\/v2\/tags?post=381067"}],"curies":[{"name":"wp","href":"https:\/\/api.w.org\/{rel}","templated":true}]}}