{"id":381155,"date":"2024-03-27T05:49:03","date_gmt":"2024-03-27T04:49:03","guid":{"rendered":"https:\/\/www.radiopiu.net\/wordpress\/?p=381155"},"modified":"2024-03-27T05:59:39","modified_gmt":"2024-03-27T04:59:39","slug":"detto-cosi-il-dato-e-avvilente-ma-possiamo-guardarlo-in-unottica-positiva","status":"publish","type":"post","link":"https:\/\/www.radiopiu.net\/wordpress\/detto-cosi-il-dato-e-avvilente-ma-possiamo-guardarlo-in-unottica-positiva\/","title":{"rendered":"DETTO COS\u00cc, IL DATO \u00c8 AVVILENTE, MA POSSIAMO GUARDARLO IN UN&#8217;OTTICA POSITIVA"},"content":{"rendered":"<p>*****<\/p>\n<blockquote>\n<h1><strong>DETTO COS\u00cc, IL DATO \u00c8 AVVILENTE, MA POSSIAMO GUARDARLO IN UN&#8217;OTTICA POSITIVA<\/strong><\/h1>\n<\/blockquote>\n<p><strong><a class=\"dt-pswp-item\" href=\"https:\/\/www.radiopiu.net\/wordpress\/wp-content\/uploads\/2020\/04\/PIAZZA-MARTIRI-BELLUNO.jpg\" data-dt-img-description=\"\" data-large_image_width=\"550\" data-large_image_height=\"388\"><img loading=\"lazy\" decoding=\"async\" class=\" wp-image-130647 alignleft\" src=\"https:\/\/www.radiopiu.net\/wordpress\/wp-content\/uploads\/2020\/04\/PIAZZA-MARTIRI-BELLUNO-300x212.jpg\" alt=\"\" width=\"263\" height=\"185\" srcset=\"https:\/\/www.radiopiu.net\/wordpress\/wp-content\/uploads\/2020\/04\/PIAZZA-MARTIRI-BELLUNO-300x212.jpg 300w, https:\/\/www.radiopiu.net\/wordpress\/wp-content\/uploads\/2020\/04\/PIAZZA-MARTIRI-BELLUNO.jpg 550w\" sizes=\"auto, (max-width: 263px) 100vw, 263px\" \/><\/a>REDAZIONE <\/strong>Il 15 agosto 2022 Tomaso Pettazzi invio un mail ai media locali con riferimento ai risultati di una indagine del &#8220;Sole 24 Ore&#8221; riguardo le citt\u00e0 italiane ed il loro clima. Oggi alla luce della nuova classifica che presenta un&#8217;immagine fortemente negativa e poco invitante della provincia, lo scritto del nostro ascoltatore torna di forte attualit\u00e0 e lo riproponiamo<\/p>\n<p>&nbsp;<\/p>\n<p><em>La classifica delle citt\u00e0 italiane stilata dal Sole 24 Ore, riguardo l\u2019Indice del Clima, per l\u2019anno 2024, sentenzia:<\/em><\/p>\n<p style=\"text-align: center;\"><strong><em>Bari \u00e8 la citt\u00e0 \u201cmigliore\u201d, Belluno la citt\u00e0 \u201cpeggiore\u201d<\/em><\/strong><\/p>\n<p>Detto cos\u00ec, il dato \u00e8 avvilente, ma per me si presta ad un\u2019altra lettura, con un orizzonte pi\u00f9 ampio. Mi spiego. Innanzitutto, che Belluno sia al 107\u00b0 posto per ci\u00f2 che riguarda il soleggiamento e i giorni freddi, similmente per l\u2019umidit\u00e0 relativa, per le piogge, per la brezza estiva, rientra nella sagra dell\u2019ovvio. Belluno \u00e8 una citt\u00e0 montana, logico che faccia pi\u00f9 freddo, che piova maggiormente, che ci sia pi\u00f9 umidit\u00e0, che il soleggiamento sia minore, ecc.\u00a0 In questo sta in buona compagnia con altre localit\u00e0 del nord o di montagna. Per contro, localit\u00e0 del sud, soprattutto in riva al mare, sono caratterizzate da valori opposti. Su altri elementi mi astengo dal commento, non conoscendone la genesi (eventi estremi, raffiche di vento, ondate di calore; questi ultimi due peraltro discretamente positivi per Belluno). Ma leggiamo ora i dati in un\u2019ottica di visione futura positiva, alla luce di quanto sta avvenendo proprio in campo climatico. In sintesi: qualcosa di quasi irreparabile sta avvenendo a livello mondiale. Gli effetti di uno sviluppo incontrollato dell\u2019economia globale, che risponde solamente al profitto, sono sotto gli occhi di ognuno di noi. Surriscaldamento, desertificazione, siccit\u00e0 e, per contro, nubifragi, scioglimento di ghiacciai, inondazioni sono ormai sempre pi\u00f9 frequenti e fuori controllo. Le citt\u00e0 costiere, prevalenti nella classifica del Sole, hanno prospettive tragiche di potenziale sommersione marina. Gli Stati e le Organizzazioni mondiali stanno cercando di porre un limite a questa tragica evoluzione. In questi giorni compaiono sui mass media notizie sempre pi\u00f9 allarmanti. Questo \u00e8 l\u2019anno pi\u00f9 caldo di sempre, il 45% di pioggia in meno, triplicati i giorni di caldo. Ci vorranno anni, lunghi anni solamente per stabilizzare una situazione gi\u00e0 compromessa. Nel frattempo ondate sempre pi\u00f9 massicce di esseri umani cercano di sottrarsi ad una situazione invivibile che sta impadronendosi di territori via via pi\u00f9 allargati. Il problema delle migrazioni sar\u00e0 ogni giorno ed ovunque pi\u00f9 pressante. In conclusione: un territorio con relativo soleggiamento (e di conseguenza minor riscaldamento), anzi con una moderata temperatura, discretamente piovoso ed umido, quindi favorevole alle colture e all\u2019allevamento come quello bellunese, diverr\u00e0 appetibile perch\u00e9 pi\u00f9 vivibile di quelli sempre pi\u00f9 sottoposti alle pazzie climatiche. Confrontiamo le foto aeree di gran parte del territorio nazionale con le analoghe scattate nella Valbelluna e nelle valli limitrofe. Da noi predomina il verde e le colture sono discretamente rigogliose. La pianura \u00e8 di un unico colore bruno indifferenziato, dove domina la siccit\u00e0 e le colture sono compromesse. Vi \u00e8 una contraddizione tra quello che notiamo in generale e la nostra posizione. Io sono di Belluno ed obiettivamente sono contento di vivere nella provincia ultima in classifica. Nell\u2019ottica delle variazioni climatiche, i dati possono essere letti al contrario. Belluno diviene la prima citt\u00e0. Tutti questi dati non ci deprimono, anzi ce ne compiacciamo.<\/p>\n<p><strong>Tomaso Pettazzi<\/strong><\/p>\n<p>&nbsp;<\/p>\n<p>&nbsp;<\/p>\n<p>*******<\/p>\n","protected":false},"excerpt":{"rendered":"<p>***** DETTO COS\u00cc, IL DATO \u00c8 AVVILENTE, MA POSSIAMO GUARDARLO IN UN&#8217;OTTICA POSITIVA REDAZIONE Il 15 agosto 2022 Tomaso Pettazzi invio un mail ai media locali con riferimento ai risultati di una indagine del &#8220;Sole 24 Ore&#8221; riguardo le citt\u00e0 italiane ed il loro clima. Oggi alla luce della nuova classifica che presenta un&#8217;immagine fortemente&hellip;<\/p>\n","protected":false},"author":4,"featured_media":130647,"comment_status":"closed","ping_status":"closed","sticky":false,"template":"","format":"standard","meta":{"_monsterinsights_skip_tracking":false,"_monsterinsights_sitenote_active":false,"_monsterinsights_sitenote_note":"","_monsterinsights_sitenote_category":0,"footnotes":""},"categories":[51,49],"tags":[],"class_list":["post-381155","post","type-post","status-publish","format-standard","has-post-thumbnail","hentry","category-evidenza-top","category-news-18","category-51","category-49","description-off"],"img_url":"https:\/\/www.radiopiu.net\/wordpress\/wp-content\/uploads\/2020\/04\/PIAZZA-MARTIRI-BELLUNO.jpg","_links":{"self":[{"href":"https:\/\/www.radiopiu.net\/wordpress\/wp-json\/wp\/v2\/posts\/381155","targetHints":{"allow":["GET"]}}],"collection":[{"href":"https:\/\/www.radiopiu.net\/wordpress\/wp-json\/wp\/v2\/posts"}],"about":[{"href":"https:\/\/www.radiopiu.net\/wordpress\/wp-json\/wp\/v2\/types\/post"}],"author":[{"embeddable":true,"href":"https:\/\/www.radiopiu.net\/wordpress\/wp-json\/wp\/v2\/users\/4"}],"replies":[{"embeddable":true,"href":"https:\/\/www.radiopiu.net\/wordpress\/wp-json\/wp\/v2\/comments?post=381155"}],"version-history":[{"count":0,"href":"https:\/\/www.radiopiu.net\/wordpress\/wp-json\/wp\/v2\/posts\/381155\/revisions"}],"wp:featuredmedia":[{"embeddable":true,"href":"https:\/\/www.radiopiu.net\/wordpress\/wp-json\/wp\/v2\/media\/130647"}],"wp:attachment":[{"href":"https:\/\/www.radiopiu.net\/wordpress\/wp-json\/wp\/v2\/media?parent=381155"}],"wp:term":[{"taxonomy":"category","embeddable":true,"href":"https:\/\/www.radiopiu.net\/wordpress\/wp-json\/wp\/v2\/categories?post=381155"},{"taxonomy":"post_tag","embeddable":true,"href":"https:\/\/www.radiopiu.net\/wordpress\/wp-json\/wp\/v2\/tags?post=381155"}],"curies":[{"name":"wp","href":"https:\/\/api.w.org\/{rel}","templated":true}]}}