{"id":381158,"date":"2024-03-26T10:03:10","date_gmt":"2024-03-26T09:03:10","guid":{"rendered":"https:\/\/www.radiopiu.net\/wordpress\/?p=381158"},"modified":"2024-03-26T10:03:10","modified_gmt":"2024-03-26T09:03:10","slug":"piscina-di-belluno-140-esordienti-impegnati-in-gara","status":"publish","type":"post","link":"https:\/\/www.radiopiu.net\/wordpress\/piscina-di-belluno-140-esordienti-impegnati-in-gara\/","title":{"rendered":"PISCINA DI BELLUNO: 140 ESORDIENTI IMPEGNATI IN GARA"},"content":{"rendered":"<p>*****<\/p>\n<p>&nbsp;<\/p>\n<p><strong>BELLUNO <\/strong>Domenica di grande nuoto, nella piscina di Lambioi, dove la Sportivamente Belluno ha organizzato la sesta giornata di attivit\u00e0 zonale, riservata alla categoria Esordienti. In vasca erano presenti 140 atleti nati fra il 2011 e il 2014. La prima gara in programma \u00e8 stata la pi\u00f9 veloce: i 50 stile libero, in cui Mattia Don\u00e0 conquista l\u2019argento con il tempo (27\u201d1), seguito da Alessandro Morra, bronzo in 28\u201d0. Bene anche Mario Dalla Riva (29\u201d8), Rodolfo Zanon (30\u201d5) e Luca Frisaldi (32\u201d2), mentre in campo femminile brilla Greta Galanti (31\u201d1), per pochi decimi ai piedi del podio, seguita dalle compagne Dora Bortoluzzi (31\u201d7), Ginevra Dal Mas (32\u201d1), Laura Ivessa (33\u201d5) e Aurora Camposeo (35\u201d0). Tra gli Esordienti B, nei 200 stile libero meritano un plauso Mattia Brianti, capace di agguantare un bronzo in 2\u201957\u201d2, Jacopo Viel (3\u201908\u201d6), Nicola De Min (3\u201909\u201d6) e Yari Broi (3\u201915\u201d6), tutti alla loro prima esperienza in questa distanza. Sportivamente sul podio pure nei 200 rana, grazie all\u2019argento di Ginevra Dal Mas (3\u201913\u201d6) e al bronzo di Greta Galanti (3\u201916\u201d0): pollice alto pure per Camilla Fistarol (3\u201920\u201d3), Elisa Thomas (3\u201925\u201d3) e Aurora Camposeo (3\u201943\u201d5). E terzo posto per Federico Nerviani, nella stessa gara, col tempo di 3\u201903\u201d0. Stupiscono, inoltre, le rane della fascia B: nei 50 metri, Jacopo Viel \u00e8 terzo e Yari Broi quarto. Bissa il bronzo, in una prova combattuta fino all\u2019ultimo, Federico Nerviani nei 100 dorso (1\u201913\u201d8), come Mattia Brianti, terzo in 1\u201932\u201d5. Ed emergono Pietro Battistel e Marco Candeago. Nella gara pi\u00f9 impegnativa di giornata, i 400 misti, \u00e8 invece stellare la prova di Mattia Don\u00e0, che primeggia in 5\u201915\u201d6, mentre \u00e8 terzo uno splendido Rodolfo Zanon (5\u201943\u201d6) e quarto Alessandro Morra (5\u201944\u201d5). Bravi, inoltre, Mario Dalla Riva (6\u201905\u201d4) e Luca Frisaldi (6\u201907\u201d9) che affrontavano per la prima volta questa distanza. Tornando alla velocit\u00e0 dei 50 stile, trionfa fra le Esordienti B Teresa Zammatteo (38\u201d1), in virt\u00f9 di un notevole miglioramento cronometrico: non da meno Nicola De Min (terzo in 36\u201d5), Pietro Battistel e Marco Candeago. Nell\u2019ultima gara individuale, gli 800 stile libero, Dora Bortoluzzi si merita l\u2019oro in 10\u201944\u201d7 e Camilla Fistarol il bronzo in 10\u201954\u201d9; di valore poi il quinto posto di Laura Ivessa (11\u201917\u201d0), che migliora il personale di oltre 40\u201d, e di Elisa Thomas (11\u201959\u201d5). Emozioni, infine, con le staffette 4&#215;100 stile libero degli Esordienti A: la formazione Don\u00e0, Zanon, Morra, Nerviani nuota nell\u2019oro in 4\u201918\u201d0 e le ragazze (Galanti, Dal Mas, Bortoluzzi, Fistarol), con un finale combattutissimo, si meritano l\u2019argento (4\u201941\u201d7). Grazie all\u2019ottima organizzazione, condivisa con la societ\u00e0 Ondablu di Santa Giustina, nella piscina di Lambioi \u00e8 andata in scena una bellissima giornata di sport.<\/p>\n\n\t\t\t<style type='text\/css'>\n\t\t\t\t#gallery-1 {\n\t\t\t\t\tmargin: auto;\n\t\t\t\t}\n\t\t\t\t#gallery-1 .gallery-item {\n\t\t\t\t\tfloat: left;\n\t\t\t\t\tmargin-top: 10px;\n\t\t\t\t\ttext-align: center;\n\t\t\t\t\twidth: 16%;\n\t\t\t\t}\n\t\t\t\t#gallery-1 img {\n\t\t\t\t\tborder: 2px solid #cfcfcf;\n\t\t\t\t}\n\t\t\t\t#gallery-1 .gallery-caption {\n\t\t\t\t\tmargin-left: 0;\n\t\t\t\t}\n\t\t\t\t\/* see gallery_shortcode() in wp-includes\/media.php *\/\n\t\t\t<\/style>\n\t\t<div id='gallery-1' class='dt-gallery-container gallery galleryid-381158 gallery-columns-6 gallery-size-thumbnail'><dl class='gallery-item'>\n\t\t\t\t<dt class='gallery-icon portrait'>\n\t\t\t\t\t<a class=\"rollover rollover-zoom dt-pswp-item\" title=\"Podio_1\" data-dt-img-description=\"\" data-large_image_width=\"480\" data-large_image_height=\"640\"href='https:\/\/www.radiopiu.net\/wordpress\/wp-content\/uploads\/2024\/03\/Podio_1.jpg'><img loading=\"lazy\" decoding=\"async\" width=\"150\" height=\"150\" src=\"https:\/\/www.radiopiu.net\/wordpress\/wp-content\/uploads\/2024\/03\/Podio_1-150x150.jpg\" class=\"attachment-thumbnail size-thumbnail\" alt=\"\" \/><\/a>\n\t\t\t\t<\/dt><\/dl><dl class='gallery-item'>\n\t\t\t\t<dt class='gallery-icon portrait'>\n\t\t\t\t\t<a class=\"rollover rollover-zoom dt-pswp-item\" title=\"Podio_2\" data-dt-img-description=\"\" data-large_image_width=\"480\" data-large_image_height=\"640\"href='https:\/\/www.radiopiu.net\/wordpress\/wp-content\/uploads\/2024\/03\/Podio_2.jpg'><img loading=\"lazy\" decoding=\"async\" width=\"150\" height=\"150\" src=\"https:\/\/www.radiopiu.net\/wordpress\/wp-content\/uploads\/2024\/03\/Podio_2-150x150.jpg\" class=\"attachment-thumbnail size-thumbnail\" alt=\"\" \/><\/a>\n\t\t\t\t<\/dt><\/dl><dl class='gallery-item'>\n\t\t\t\t<dt class='gallery-icon portrait'>\n\t\t\t\t\t<a class=\"rollover rollover-zoom dt-pswp-item\" title=\"Podio_3\" data-dt-img-description=\"\" data-large_image_width=\"621\" data-large_image_height=\"810\"href='https:\/\/www.radiopiu.net\/wordpress\/wp-content\/uploads\/2024\/03\/Podio_3.jpg'><img loading=\"lazy\" decoding=\"async\" width=\"150\" height=\"150\" src=\"https:\/\/www.radiopiu.net\/wordpress\/wp-content\/uploads\/2024\/03\/Podio_3-150x150.jpg\" class=\"attachment-thumbnail size-thumbnail\" alt=\"\" \/><\/a>\n\t\t\t\t<\/dt><\/dl><dl class='gallery-item'>\n\t\t\t\t<dt class='gallery-icon portrait'>\n\t\t\t\t\t<a class=\"rollover rollover-zoom dt-pswp-item\" title=\"Podio_4\" data-dt-img-description=\"\" data-large_image_width=\"1201\" data-large_image_height=\"1600\"href='https:\/\/www.radiopiu.net\/wordpress\/wp-content\/uploads\/2024\/03\/Podio_4.jpg'><img loading=\"lazy\" decoding=\"async\" width=\"150\" height=\"150\" src=\"https:\/\/www.radiopiu.net\/wordpress\/wp-content\/uploads\/2024\/03\/Podio_4-150x150.jpg\" class=\"attachment-thumbnail size-thumbnail\" alt=\"\" \/><\/a>\n\t\t\t\t<\/dt><\/dl><dl class='gallery-item'>\n\t\t\t\t<dt class='gallery-icon portrait'>\n\t\t\t\t\t<a class=\"rollover rollover-zoom dt-pswp-item\" title=\"Podio_5\" data-dt-img-description=\"\" data-large_image_width=\"480\" data-large_image_height=\"640\"href='https:\/\/www.radiopiu.net\/wordpress\/wp-content\/uploads\/2024\/03\/Podio_5.jpg'><img loading=\"lazy\" decoding=\"async\" width=\"150\" height=\"150\" src=\"https:\/\/www.radiopiu.net\/wordpress\/wp-content\/uploads\/2024\/03\/Podio_5-150x150.jpg\" class=\"attachment-thumbnail size-thumbnail\" alt=\"\" \/><\/a>\n\t\t\t\t<\/dt><\/dl><dl class='gallery-item'>\n\t\t\t\t<dt class='gallery-icon portrait'>\n\t\t\t\t\t<a class=\"rollover rollover-zoom dt-pswp-item\" title=\"Podio_6\" data-dt-img-description=\"\" data-large_image_width=\"480\" data-large_image_height=\"640\"href='https:\/\/www.radiopiu.net\/wordpress\/wp-content\/uploads\/2024\/03\/Podio_6.jpg'><img loading=\"lazy\" decoding=\"async\" width=\"150\" height=\"150\" src=\"https:\/\/www.radiopiu.net\/wordpress\/wp-content\/uploads\/2024\/03\/Podio_6-150x150.jpg\" class=\"attachment-thumbnail size-thumbnail\" alt=\"\" \/><\/a>\n\t\t\t\t<\/dt><\/dl><br style=\"clear: both\" \/>\n\t\t\t<\/div>\n\n<p>&nbsp;<\/p>\n<p>&nbsp;<\/p>\n<p>******<\/p>\n","protected":false},"excerpt":{"rendered":"<p>***** &nbsp; BELLUNO Domenica di grande nuoto, nella piscina di Lambioi, dove la Sportivamente Belluno ha organizzato la sesta giornata di attivit\u00e0 zonale, riservata alla categoria Esordienti. In vasca erano presenti 140 atleti nati fra il 2011 e il 2014. La prima gara in programma \u00e8 stata la pi\u00f9 veloce: i 50 stile libero, in&hellip;<\/p>\n","protected":false},"author":4,"featured_media":108447,"comment_status":"closed","ping_status":"closed","sticky":false,"template":"","format":"standard","meta":{"_monsterinsights_skip_tracking":false,"_monsterinsights_sitenote_active":false,"_monsterinsights_sitenote_note":"","_monsterinsights_sitenote_category":0,"footnotes":""},"categories":[49],"tags":[],"class_list":["post-381158","post","type-post","status-publish","format-standard","has-post-thumbnail","hentry","category-news-18","category-49","description-off"],"img_url":"https:\/\/www.radiopiu.net\/wordpress\/wp-content\/uploads\/2019\/12\/NUOTO.jpeg","_links":{"self":[{"href":"https:\/\/www.radiopiu.net\/wordpress\/wp-json\/wp\/v2\/posts\/381158","targetHints":{"allow":["GET"]}}],"collection":[{"href":"https:\/\/www.radiopiu.net\/wordpress\/wp-json\/wp\/v2\/posts"}],"about":[{"href":"https:\/\/www.radiopiu.net\/wordpress\/wp-json\/wp\/v2\/types\/post"}],"author":[{"embeddable":true,"href":"https:\/\/www.radiopiu.net\/wordpress\/wp-json\/wp\/v2\/users\/4"}],"replies":[{"embeddable":true,"href":"https:\/\/www.radiopiu.net\/wordpress\/wp-json\/wp\/v2\/comments?post=381158"}],"version-history":[{"count":0,"href":"https:\/\/www.radiopiu.net\/wordpress\/wp-json\/wp\/v2\/posts\/381158\/revisions"}],"wp:featuredmedia":[{"embeddable":true,"href":"https:\/\/www.radiopiu.net\/wordpress\/wp-json\/wp\/v2\/media\/108447"}],"wp:attachment":[{"href":"https:\/\/www.radiopiu.net\/wordpress\/wp-json\/wp\/v2\/media?parent=381158"}],"wp:term":[{"taxonomy":"category","embeddable":true,"href":"https:\/\/www.radiopiu.net\/wordpress\/wp-json\/wp\/v2\/categories?post=381158"},{"taxonomy":"post_tag","embeddable":true,"href":"https:\/\/www.radiopiu.net\/wordpress\/wp-json\/wp\/v2\/tags?post=381158"}],"curies":[{"name":"wp","href":"https:\/\/api.w.org\/{rel}","templated":true}]}}