{"id":381363,"date":"2024-03-29T05:31:34","date_gmt":"2024-03-29T04:31:34","guid":{"rendered":"https:\/\/www.radiopiu.net\/wordpress\/?p=381363"},"modified":"2024-03-29T06:47:21","modified_gmt":"2024-03-29T05:47:21","slug":"lupo-il-sindaco-prende-le-difese-di-chi-lo-teme","status":"publish","type":"post","link":"https:\/\/www.radiopiu.net\/wordpress\/lupo-il-sindaco-prende-le-difese-di-chi-lo-teme\/","title":{"rendered":"LUPO:  IL SINDACO PRENDE LE DIFESE DI CHI TEME IL PREDATORE"},"content":{"rendered":"<p>*****<\/p>\n<p>DI GIANNI SANTOMASO<\/p>\n<audio class=\"wp-audio-shortcode\" id=\"audio-381363-1\" preload=\"none\" style=\"width: 100%;\" controls=\"controls\"><source type=\"audio\/wav\" src=\"https:\/\/www.radiopiu.net\/wordpress\/wp-content\/uploads\/2024\/03\/LUPO-DE-TONI.wav?_=1\" \/><a href=\"https:\/\/www.radiopiu.net\/wordpress\/wp-content\/uploads\/2024\/03\/LUPO-DE-TONI.wav\">https:\/\/www.radiopiu.net\/wordpress\/wp-content\/uploads\/2024\/03\/LUPO-DE-TONI.wav<\/a><\/audio>\n<blockquote><p>&nbsp;<\/p><\/blockquote>\n<p><strong><img loading=\"lazy\" decoding=\"async\" class=\"alignleft\" src=\"https:\/\/www.radiopiu.net\/wordpress\/wp-content\/uploads\/2019\/05\/ALLEGHE-DANILO-DE-TONI.jpeg\" width=\"90\" height=\"105\" \/>ALLEGHE<\/strong> Da tempo il grido &#8220;al lupo, al lupo&#8221; (che non \u00e8 certo la favola di Esopo) \u00e8 quasi quotidiano dalla Val Cordevole. In riva al lago (lato Rocca Pietore) le telecamere riprendono ogni sera i branchi dei lupi, 7-10 a seconda del momento. La gente con cani al guinzaglio lo teme\u00a0 e leggendo la lettera arrivata ieri in Radio se ne ha la conferma<\/p>\n<p>Dal sindaco di Alleghe, Danilo De Toni, riceviamo e volentieri pubblichiamo: <em>&#8220;A seguito delle segnalazioni ricevute riguardanti la presenza del lupo ho provveduto ad informare la polizia provinciale e a scrivere al Prefetto affinch\u00e9 porti il problema, che ora sta diventando preoccupante agli organi di governo interessati. Se si diffonde tra gli ospiti la paura di imbattersi nel lupo, potrebbero esserci delle ricadute negative in termini di afflusso turistico, situazione che auspichiamo non accada, e che per questo richiede azioni immediate. So che in altre zone della provincia sono state attivate procedure di dissuasione per allontanare i lupi, credo che, pur nel rispetto di una specie che oggi \u00e8 definita come altamente protetta, servano misure efficaci e concrete per escludere il pericolo che la presenza di lupi nei centri abitati pu\u00f2 portare, e anche per garantire la sicurezza di cittadini e ospiti&#8221;.<\/em><\/p>\n<p>&nbsp;<\/p>\n<p><span style=\"color: #ff0000;\"><strong>\u00a0IERI ALLA RADIO<\/strong><\/span><\/p>\n<p><strong><a class=\"dt-pswp-item\" href=\"https:\/\/www.radiopiu.net\/wordpress\/wp-content\/uploads\/2021\/07\/LUPO.jpg\" data-dt-img-description=\"\" data-large_image_width=\"1920\" data-large_image_height=\"1357\"><img loading=\"lazy\" decoding=\"async\" class=\" wp-image-220371 alignleft\" src=\"https:\/\/www.radiopiu.net\/wordpress\/wp-content\/uploads\/2021\/07\/LUPO-300x212.jpg\" alt=\"\" width=\"174\" height=\"123\" srcset=\"https:\/\/www.radiopiu.net\/wordpress\/wp-content\/uploads\/2021\/07\/LUPO-300x212.jpg 300w, https:\/\/www.radiopiu.net\/wordpress\/wp-content\/uploads\/2021\/07\/LUPO-1024x724.jpg 1024w, https:\/\/www.radiopiu.net\/wordpress\/wp-content\/uploads\/2021\/07\/LUPO-768x543.jpg 768w, https:\/\/www.radiopiu.net\/wordpress\/wp-content\/uploads\/2021\/07\/LUPO-1536x1086.jpg 1536w, https:\/\/www.radiopiu.net\/wordpress\/wp-content\/uploads\/2021\/07\/LUPO.jpg 1920w\" sizes=\"auto, (max-width: 174px) 100vw, 174px\" \/><\/a>RICEVIAMO E PUBBLICHIAMO<\/strong><\/p>\n<p>Volevo solo raccontare quello che mi \u00e8 capitato. Ieri alle 15.30 ero tra Caprile e Santa Maria con il cane&#8230;legato e sottolineo legato. Al ritorno dal nulla mi sono trovata davanti un lupo. Il panico pi\u00f9 totale. Dovevo riuscire a tornare verso Santa Maria ma avevo un po di strada. Ho iniziato ad urlare a pi\u00f9 non posso e ho camminato all&#8217;indietro&#8230;il lupo non si \u00e8 spaventato ed ha iniziato a seguirmi fino a quando sono arrivata alle prime case del paese. Dico seguito perch\u00e9 non ha mai corso. Sempre camminato a distanza e senza fare aggressivo ma mi ha seguito. Mi sorge un dubbio. Gli esperti dicono che bisogna urlare a fare rumore ma lui non ha avuto paura. A me \u00e8 andata bene ma se c&#8217;era qualcuno con un cane slegato andava diversamente. Questo \u00e8 un problema. Un grosso problema perch\u00e9 ormai gira sempre e in pieno giorno. Bisognerebbe che gli esperti facessero degli incontri con la popolazione e dovrebbero dirci cosa bisogna fare visto che del rumore non ha paura. Cosa dobbiamo fare in questi casi? Forse se non avessi avuto il cane sarebbe scappato. Fatto sta che \u00e8 stata un esperienza tremenda<\/p>\n<div class=\"flex-1 overflow-hidden\">\n<div class=\"react-scroll-to-bottom--css-fxiwm-79elbk h-full\">\n<div class=\"react-scroll-to-bottom--css-fxiwm-1n7m0yu\">\n<div class=\"flex flex-col text-sm pb-9\">\n<div class=\"w-full text-token-text-primary\" data-testid=\"conversation-turn-17\">\n<div class=\"px-4 py-2 justify-center text-base md:gap-6 m-auto\">\n<div class=\"flex flex-1 text-base mx-auto gap-3 md:px-5 lg:px-1 xl:px-5 md:max-w-3xl lg:max-w-[40rem] xl:max-w-[48rem] group final-completion\">\n<div class=\"relative flex w-full flex-col agent-turn\">\n<div class=\"flex-col gap-1 md:gap-3\">\n<div class=\"mt-1 flex justify-start gap-3 empty:hidden\">\n<div class=\"text-gray-400 flex self-end lg:self-center items-center justify-center lg:justify-start mt-0 -ml-1 h-7 gap-[2px] visible\"><\/div>\n<\/div>\n<div class=\"pr-2 lg:pr-0\"><\/div>\n<\/div>\n<\/div>\n<\/div>\n<\/div>\n<\/div>\n<\/div>\n<\/div>\n<\/div>\n<\/div>\n<div class=\"w-full pt-2 md:pt-0 dark:border-white\/20 md:border-transparent md:dark:border-transparent md:w-[calc(100%-.5rem)]\">\n<form class=\"stretch mx-2 flex flex-row gap-3 last:mb-2 md:mx-4 md:last:mb-6 lg:mx-auto lg:max-w-2xl xl:max-w-3xl\">\n<div class=\"relative flex h-full flex-1 flex-col\">\n<div class=\"absolute bottom-full left-0 right-0\"><\/div>\n<div class=\"flex w-full items-center\"><\/div>\n<\/div>\n<\/form>\n<\/div>\n<p>&nbsp;<\/p>\n<p>*******<\/p>\n","protected":false},"excerpt":{"rendered":"<p>***** DI GIANNI SANTOMASO &nbsp; ALLEGHE Da tempo il grido &#8220;al lupo, al lupo&#8221; (che non \u00e8 certo la favola di Esopo) \u00e8 quasi quotidiano dalla Val Cordevole. In riva al lago (lato Rocca Pietore) le telecamere riprendono ogni sera i branchi dei lupi, 7-10 a seconda del momento. La gente con cani al guinzaglio&hellip;<\/p>\n","protected":false},"author":4,"featured_media":86463,"comment_status":"closed","ping_status":"closed","sticky":false,"template":"","format":"standard","meta":{"_monsterinsights_skip_tracking":false,"_monsterinsights_sitenote_active":false,"_monsterinsights_sitenote_note":"","_monsterinsights_sitenote_category":0,"footnotes":""},"categories":[51,49],"tags":[],"class_list":["post-381363","post","type-post","status-publish","format-standard","has-post-thumbnail","hentry","category-evidenza-top","category-news-18","category-51","category-49","description-off"],"img_url":"https:\/\/www.radiopiu.net\/wordpress\/wp-content\/uploads\/2019\/05\/ALLEGHE-DANILO-DE-TONI.jpeg","_links":{"self":[{"href":"https:\/\/www.radiopiu.net\/wordpress\/wp-json\/wp\/v2\/posts\/381363","targetHints":{"allow":["GET"]}}],"collection":[{"href":"https:\/\/www.radiopiu.net\/wordpress\/wp-json\/wp\/v2\/posts"}],"about":[{"href":"https:\/\/www.radiopiu.net\/wordpress\/wp-json\/wp\/v2\/types\/post"}],"author":[{"embeddable":true,"href":"https:\/\/www.radiopiu.net\/wordpress\/wp-json\/wp\/v2\/users\/4"}],"replies":[{"embeddable":true,"href":"https:\/\/www.radiopiu.net\/wordpress\/wp-json\/wp\/v2\/comments?post=381363"}],"version-history":[{"count":0,"href":"https:\/\/www.radiopiu.net\/wordpress\/wp-json\/wp\/v2\/posts\/381363\/revisions"}],"wp:featuredmedia":[{"embeddable":true,"href":"https:\/\/www.radiopiu.net\/wordpress\/wp-json\/wp\/v2\/media\/86463"}],"wp:attachment":[{"href":"https:\/\/www.radiopiu.net\/wordpress\/wp-json\/wp\/v2\/media?parent=381363"}],"wp:term":[{"taxonomy":"category","embeddable":true,"href":"https:\/\/www.radiopiu.net\/wordpress\/wp-json\/wp\/v2\/categories?post=381363"},{"taxonomy":"post_tag","embeddable":true,"href":"https:\/\/www.radiopiu.net\/wordpress\/wp-json\/wp\/v2\/tags?post=381363"}],"curies":[{"name":"wp","href":"https:\/\/api.w.org\/{rel}","templated":true}]}}