{"id":381374,"date":"2024-03-27T14:51:17","date_gmt":"2024-03-27T13:51:17","guid":{"rendered":"https:\/\/www.radiopiu.net\/wordpress\/?p=381374"},"modified":"2024-03-27T16:53:19","modified_gmt":"2024-03-27T15:53:19","slug":"belluno-in-maglia-nera-la-visione-di-roberto-padrin","status":"publish","type":"post","link":"https:\/\/www.radiopiu.net\/wordpress\/belluno-in-maglia-nera-la-visione-di-roberto-padrin\/","title":{"rendered":"BELLUNO IN MAGLIA NERA, LA VISIONE DI ROBERTO PADRIN"},"content":{"rendered":"<p>***<\/p>\n<p>&nbsp;<\/p>\n<p><strong><a class=\"dt-pswp-item\" href=\"https:\/\/www.radiopiu.net\/wordpress\/wp-content\/uploads\/2022\/03\/116879682_10218174783262531_6874144011382447312_n.jpg\" data-dt-img-description=\"\" data-large_image_width=\"952\" data-large_image_height=\"960\"><img loading=\"lazy\" decoding=\"async\" class=\"wp-image-267357 alignleft\" src=\"https:\/\/www.radiopiu.net\/wordpress\/wp-content\/uploads\/2022\/03\/116879682_10218174783262531_6874144011382447312_n-298x300.jpg\" alt=\"\" width=\"123\" height=\"124\" srcset=\"https:\/\/www.radiopiu.net\/wordpress\/wp-content\/uploads\/2022\/03\/116879682_10218174783262531_6874144011382447312_n-298x300.jpg 298w, https:\/\/www.radiopiu.net\/wordpress\/wp-content\/uploads\/2022\/03\/116879682_10218174783262531_6874144011382447312_n-150x150.jpg 150w, https:\/\/www.radiopiu.net\/wordpress\/wp-content\/uploads\/2022\/03\/116879682_10218174783262531_6874144011382447312_n-768x774.jpg 768w, https:\/\/www.radiopiu.net\/wordpress\/wp-content\/uploads\/2022\/03\/116879682_10218174783262531_6874144011382447312_n.jpg 952w\" sizes=\"auto, (max-width: 123px) 100vw, 123px\" \/><\/a>BELLUNO<\/strong> Il presidente della Provincia di Belluno, Roberto Padrin, ha commentato la recente classifica sul clima che ha relegato Belluno all&#8217;ultimo posto, definendola estremamente positiva se vista con lungimiranza. Padrin sottolinea che, con il climate change in corso, elementi come pioggia, freddo e minor soleggiamento diventeranno fondamentali per la montagna, contribuendo alla sua rivoluzione climatica e contrastando l&#8217;anti-spopolamento. Questa prospettiva diverge dalle reazioni negative della comunit\u00e0, suggerendo che la classifica non tenga conto del cambiamento climatico che render\u00e0 inabitabili diverse aree pianeggianti, ma render\u00e0 pi\u00f9 vivibili le terre alte. Padrin enfatizza il ruolo positivo della pioggia montana nella mitigazione della siccit\u00e0 e nella pulizia dell&#8217;aria, contribuendo alla qualit\u00e0 del clima e alla salute dell&#8217;ambiente bellunese, aspetti non considerati dalle classifiche convenzionali.<\/p>\n<p>&nbsp;<\/p>\n<p>&nbsp;<\/p>\n<hr \/>\n<p>&nbsp;<\/p>\n","protected":false},"excerpt":{"rendered":"<p>*** &nbsp; BELLUNO Il presidente della Provincia di Belluno, Roberto Padrin, ha commentato la recente classifica sul clima che ha relegato Belluno all&#8217;ultimo posto, definendola estremamente positiva se vista con lungimiranza. Padrin sottolinea che, con il climate change in corso, elementi come pioggia, freddo e minor soleggiamento diventeranno fondamentali per la montagna, contribuendo alla sua&hellip;<\/p>\n","protected":false},"author":4,"featured_media":303526,"comment_status":"closed","ping_status":"closed","sticky":false,"template":"","format":"standard","meta":{"_monsterinsights_skip_tracking":false,"_monsterinsights_sitenote_active":false,"_monsterinsights_sitenote_note":"","_monsterinsights_sitenote_category":0,"footnotes":""},"categories":[104,49],"tags":[],"class_list":["post-381374","post","type-post","status-publish","format-standard","has-post-thumbnail","hentry","category-evidenza_3","category-news-18","category-104","category-49","description-off"],"img_url":"https:\/\/www.radiopiu.net\/wordpress\/wp-content\/uploads\/2022\/10\/VAIA-BOTTACIN-4.jpeg","_links":{"self":[{"href":"https:\/\/www.radiopiu.net\/wordpress\/wp-json\/wp\/v2\/posts\/381374","targetHints":{"allow":["GET"]}}],"collection":[{"href":"https:\/\/www.radiopiu.net\/wordpress\/wp-json\/wp\/v2\/posts"}],"about":[{"href":"https:\/\/www.radiopiu.net\/wordpress\/wp-json\/wp\/v2\/types\/post"}],"author":[{"embeddable":true,"href":"https:\/\/www.radiopiu.net\/wordpress\/wp-json\/wp\/v2\/users\/4"}],"replies":[{"embeddable":true,"href":"https:\/\/www.radiopiu.net\/wordpress\/wp-json\/wp\/v2\/comments?post=381374"}],"version-history":[{"count":0,"href":"https:\/\/www.radiopiu.net\/wordpress\/wp-json\/wp\/v2\/posts\/381374\/revisions"}],"wp:featuredmedia":[{"embeddable":true,"href":"https:\/\/www.radiopiu.net\/wordpress\/wp-json\/wp\/v2\/media\/303526"}],"wp:attachment":[{"href":"https:\/\/www.radiopiu.net\/wordpress\/wp-json\/wp\/v2\/media?parent=381374"}],"wp:term":[{"taxonomy":"category","embeddable":true,"href":"https:\/\/www.radiopiu.net\/wordpress\/wp-json\/wp\/v2\/categories?post=381374"},{"taxonomy":"post_tag","embeddable":true,"href":"https:\/\/www.radiopiu.net\/wordpress\/wp-json\/wp\/v2\/tags?post=381374"}],"curies":[{"name":"wp","href":"https:\/\/api.w.org\/{rel}","templated":true}]}}