{"id":381389,"date":"2024-03-27T16:50:42","date_gmt":"2024-03-27T15:50:42","guid":{"rendered":"https:\/\/www.radiopiu.net\/wordpress\/?p=381389"},"modified":"2024-03-28T05:03:09","modified_gmt":"2024-03-28T04:03:09","slug":"arsie-scontro-tra-unauto-ss","status":"publish","type":"post","link":"https:\/\/www.radiopiu.net\/wordpress\/arsie-scontro-tra-unauto-ss\/","title":{"rendered":"TRE FERITI DI VICENZA E BOLZANO, UNO GRAVE NELL&#8217;INCIDENTE DI ARSIE&#8217;"},"content":{"rendered":"<p>**<\/p>\n<p>&nbsp;<\/p>\n<p>&nbsp;<\/p>\n<p><a class=\"dt-pswp-item\" href=\"https:\/\/www.radiopiu.net\/wordpress\/wp-content\/uploads\/2024\/03\/63a41968-188a-49fe-9fc2-ecc4282ebd04.jpg\" data-dt-img-description=\"\" data-large_image_width=\"960\" data-large_image_height=\"653\"><img loading=\"lazy\" decoding=\"async\" class=\"wp-image-381395 alignleft\" src=\"https:\/\/www.radiopiu.net\/wordpress\/wp-content\/uploads\/2024\/03\/63a41968-188a-49fe-9fc2-ecc4282ebd04-300x204.jpg\" alt=\"\" width=\"179\" height=\"122\" srcset=\"https:\/\/www.radiopiu.net\/wordpress\/wp-content\/uploads\/2024\/03\/63a41968-188a-49fe-9fc2-ecc4282ebd04-300x204.jpg 300w, https:\/\/www.radiopiu.net\/wordpress\/wp-content\/uploads\/2024\/03\/63a41968-188a-49fe-9fc2-ecc4282ebd04-768x522.jpg 768w, https:\/\/www.radiopiu.net\/wordpress\/wp-content\/uploads\/2024\/03\/63a41968-188a-49fe-9fc2-ecc4282ebd04.jpg 960w\" sizes=\"auto, (max-width: 179px) 100vw, 179px\" \/><\/a><strong>ARSIE&#8217; <\/strong>Un grave incidente frontale coinvolgente una Porsche Carrera 4S e un furgone \u00e8 avvenuto sulla statale 50 bis vicino ad Arsi\u00e8. Valentino Bassani, proprietario di un&#8217;officina locale, \u00e8 rimasto intrappolato nella Porsche dopo l&#8217;impatto, mentre i due occupanti del furgone, residenti a Bolzano, hanno riportato ferite di media gravit\u00e0. La pioggia ha reso pericolose le condizioni stradali. I soccorritori hanno estratto Bassani e gli altri feriti, trasportandoli in ospedale. Le condizioni di Bassani sono gravi ma non vitali, mentre gli occupanti del furgone hanno riportato ferite meno gravi.<\/p>\n\n\t\t\t<style type='text\/css'>\n\t\t\t\t#gallery-1 {\n\t\t\t\t\tmargin: auto;\n\t\t\t\t}\n\t\t\t\t#gallery-1 .gallery-item {\n\t\t\t\t\tfloat: left;\n\t\t\t\t\tmargin-top: 10px;\n\t\t\t\t\ttext-align: center;\n\t\t\t\t\twidth: 25%;\n\t\t\t\t}\n\t\t\t\t#gallery-1 img {\n\t\t\t\t\tborder: 2px solid #cfcfcf;\n\t\t\t\t}\n\t\t\t\t#gallery-1 .gallery-caption {\n\t\t\t\t\tmargin-left: 0;\n\t\t\t\t}\n\t\t\t\t\/* see gallery_shortcode() in wp-includes\/media.php *\/\n\t\t\t<\/style>\n\t\t<div id='gallery-1' class='dt-gallery-container gallery galleryid-381389 gallery-columns-4 gallery-size-thumbnail'><dl class='gallery-item'>\n\t\t\t\t<dt class='gallery-icon landscape'>\n\t\t\t\t\t<a class=\"rollover rollover-zoom dt-pswp-item\" title=\"9caf3e88-f26a-4bfa-bae7-a69ddfdf6116\" data-dt-img-description=\"\" data-large_image_width=\"960\" data-large_image_height=\"648\"href='https:\/\/www.radiopiu.net\/wordpress\/wp-content\/uploads\/2024\/03\/9caf3e88-f26a-4bfa-bae7-a69ddfdf6116.jpg'><img loading=\"lazy\" decoding=\"async\" width=\"150\" height=\"150\" src=\"https:\/\/www.radiopiu.net\/wordpress\/wp-content\/uploads\/2024\/03\/9caf3e88-f26a-4bfa-bae7-a69ddfdf6116-150x150.jpg\" class=\"attachment-thumbnail size-thumbnail\" alt=\"\" \/><\/a>\n\t\t\t\t<\/dt><\/dl><dl class='gallery-item'>\n\t\t\t\t<dt class='gallery-icon landscape'>\n\t\t\t\t\t<a class=\"rollover rollover-zoom dt-pswp-item\" title=\"96cb1d2a-4fac-493b-8195-7fc6da391f12\" data-dt-img-description=\"\" data-large_image_width=\"960\" data-large_image_height=\"765\"href='https:\/\/www.radiopiu.net\/wordpress\/wp-content\/uploads\/2024\/03\/96cb1d2a-4fac-493b-8195-7fc6da391f12.jpg'><img loading=\"lazy\" decoding=\"async\" width=\"150\" height=\"150\" src=\"https:\/\/www.radiopiu.net\/wordpress\/wp-content\/uploads\/2024\/03\/96cb1d2a-4fac-493b-8195-7fc6da391f12-150x150.jpg\" class=\"attachment-thumbnail size-thumbnail\" alt=\"\" \/><\/a>\n\t\t\t\t<\/dt><\/dl><dl class='gallery-item'>\n\t\t\t\t<dt class='gallery-icon landscape'>\n\t\t\t\t\t<a class=\"rollover rollover-zoom dt-pswp-item\" title=\"06258f5e-1a52-40c7-8320-b306b6b06b35\" data-dt-img-description=\"\" data-large_image_width=\"899\" data-large_image_height=\"579\"href='https:\/\/www.radiopiu.net\/wordpress\/wp-content\/uploads\/2024\/03\/06258f5e-1a52-40c7-8320-b306b6b06b35.jpg'><img loading=\"lazy\" decoding=\"async\" width=\"150\" height=\"150\" src=\"https:\/\/www.radiopiu.net\/wordpress\/wp-content\/uploads\/2024\/03\/06258f5e-1a52-40c7-8320-b306b6b06b35-150x150.jpg\" class=\"attachment-thumbnail size-thumbnail\" alt=\"\" \/><\/a>\n\t\t\t\t<\/dt><\/dl><dl class='gallery-item'>\n\t\t\t\t<dt class='gallery-icon landscape'>\n\t\t\t\t\t<a class=\"rollover rollover-zoom dt-pswp-item\" title=\"aafa8c21-7ef7-4202-8883-31d87dbaeebf\" data-dt-img-description=\"\" data-large_image_width=\"1280\" data-large_image_height=\"960\"href='https:\/\/www.radiopiu.net\/wordpress\/wp-content\/uploads\/2024\/03\/aafa8c21-7ef7-4202-8883-31d87dbaeebf.jpg'><img loading=\"lazy\" decoding=\"async\" width=\"150\" height=\"150\" src=\"https:\/\/www.radiopiu.net\/wordpress\/wp-content\/uploads\/2024\/03\/aafa8c21-7ef7-4202-8883-31d87dbaeebf-150x150.jpg\" class=\"attachment-thumbnail size-thumbnail\" alt=\"\" \/><\/a>\n\t\t\t\t<\/dt><\/dl><br style=\"clear: both\" \/>\n\t\t\t<\/div>\n\n<p>&nbsp;<\/p>\n<hr \/>\n<p>&nbsp;<\/p>\n","protected":false},"excerpt":{"rendered":"<p>** &nbsp; &nbsp; ARSIE&#8217; Un grave incidente frontale coinvolgente una Porsche Carrera 4S e un furgone \u00e8 avvenuto sulla statale 50 bis vicino ad Arsi\u00e8. Valentino Bassani, proprietario di un&#8217;officina locale, \u00e8 rimasto intrappolato nella Porsche dopo l&#8217;impatto, mentre i due occupanti del furgone, residenti a Bolzano, hanno riportato ferite di media gravit\u00e0. La pioggia&hellip;<\/p>\n","protected":false},"author":4,"featured_media":381392,"comment_status":"closed","ping_status":"closed","sticky":false,"template":"","format":"standard","meta":{"_monsterinsights_skip_tracking":false,"_monsterinsights_sitenote_active":false,"_monsterinsights_sitenote_note":"","_monsterinsights_sitenote_category":0,"footnotes":""},"categories":[49],"tags":[],"class_list":["post-381389","post","type-post","status-publish","format-standard","has-post-thumbnail","hentry","category-news-18","category-49","description-off"],"img_url":"https:\/\/www.radiopiu.net\/wordpress\/wp-content\/uploads\/2024\/03\/06258f5e-1a52-40c7-8320-b306b6b06b35.jpg","_links":{"self":[{"href":"https:\/\/www.radiopiu.net\/wordpress\/wp-json\/wp\/v2\/posts\/381389","targetHints":{"allow":["GET"]}}],"collection":[{"href":"https:\/\/www.radiopiu.net\/wordpress\/wp-json\/wp\/v2\/posts"}],"about":[{"href":"https:\/\/www.radiopiu.net\/wordpress\/wp-json\/wp\/v2\/types\/post"}],"author":[{"embeddable":true,"href":"https:\/\/www.radiopiu.net\/wordpress\/wp-json\/wp\/v2\/users\/4"}],"replies":[{"embeddable":true,"href":"https:\/\/www.radiopiu.net\/wordpress\/wp-json\/wp\/v2\/comments?post=381389"}],"version-history":[{"count":0,"href":"https:\/\/www.radiopiu.net\/wordpress\/wp-json\/wp\/v2\/posts\/381389\/revisions"}],"wp:featuredmedia":[{"embeddable":true,"href":"https:\/\/www.radiopiu.net\/wordpress\/wp-json\/wp\/v2\/media\/381392"}],"wp:attachment":[{"href":"https:\/\/www.radiopiu.net\/wordpress\/wp-json\/wp\/v2\/media?parent=381389"}],"wp:term":[{"taxonomy":"category","embeddable":true,"href":"https:\/\/www.radiopiu.net\/wordpress\/wp-json\/wp\/v2\/categories?post=381389"},{"taxonomy":"post_tag","embeddable":true,"href":"https:\/\/www.radiopiu.net\/wordpress\/wp-json\/wp\/v2\/tags?post=381389"}],"curies":[{"name":"wp","href":"https:\/\/api.w.org\/{rel}","templated":true}]}}