{"id":381417,"date":"2024-03-27T18:05:55","date_gmt":"2024-03-27T17:05:55","guid":{"rendered":"https:\/\/www.radiopiu.net\/wordpress\/?p=381417"},"modified":"2024-03-27T18:05:55","modified_gmt":"2024-03-27T17:05:55","slug":"nuova-holding-rifiuti-tutti-i-comuni-del-bellunese-devono-essere-rappresentati","status":"publish","type":"post","link":"https:\/\/www.radiopiu.net\/wordpress\/nuova-holding-rifiuti-tutti-i-comuni-del-bellunese-devono-essere-rappresentati\/","title":{"rendered":"Nuova holding rifiuti: tutti i comuni del Bellunese devono essere rappresentati"},"content":{"rendered":"<p>***<\/p>\n<p>&nbsp;<\/p>\n<p><span style=\"font-family: Times New Roman, serif;\"><span style=\"font-family: Arial, serif;\"><a class=\"dt-pswp-item\" href=\"https:\/\/www.radiopiu.net\/wordpress\/wp-content\/uploads\/2021\/10\/VALPE.png\" data-dt-img-description=\"\" data-large_image_width=\"800\" data-large_image_height=\"400\"><img loading=\"lazy\" decoding=\"async\" class=\"size-medium wp-image-236977 alignleft\" src=\"https:\/\/www.radiopiu.net\/wordpress\/wp-content\/uploads\/2021\/10\/VALPE-300x150.png\" alt=\"\" width=\"300\" height=\"150\" srcset=\"https:\/\/www.radiopiu.net\/wordpress\/wp-content\/uploads\/2021\/10\/VALPE-300x150.png 300w, https:\/\/www.radiopiu.net\/wordpress\/wp-content\/uploads\/2021\/10\/VALPE-768x384.png 768w, https:\/\/www.radiopiu.net\/wordpress\/wp-content\/uploads\/2021\/10\/VALPE.png 800w\" sizes=\"auto, (max-width: 300px) 100vw, 300px\" \/><\/a>Dopo l\u2019ultima assemblea tenutasi per lo sviluppo della nuova holding dei rifiuti nel Bellunese, i Comuni soci di Valpe Ambiente desiderano rigettare con forza l\u2019accusa di sabotaggio del percorso fatto. <\/span><\/span>\u201c<span style=\"font-family: 'Times New Roman', serif;\"><span style=\"font-family: Arial, serif;\">Abbiamo finora seguito tutti i passaggi e collaborato attivamente nel percorso avviato per giungere all\u2019affidamento unico provinciale e alla aggregazione delle quattro societ\u00e0 in house ad oggi operative nel territorio. \u2013 ha dichiarato Paolo Frena, Presidente dell\u2019Unione Montana Agordina e sindaco di Colle Santa Lucia \u2013 \u201cPremessa<\/span><\/span><\/p>\n<div id=\"attachment_331937\" style=\"width: 302px\" class=\"wp-caption alignright\"><a class=\"dt-pswp-item\" href=\"https:\/\/www.radiopiu.net\/wordpress\/wp-content\/uploads\/2023\/04\/PAOLO-FRENA.png\" data-dt-img-description=\"PAOLO FRENA\" data-large_image_width=\"292\" data-large_image_height=\"223\"><img loading=\"lazy\" decoding=\"async\" aria-describedby=\"caption-attachment-331937\" class=\"size-full wp-image-331937\" src=\"https:\/\/www.radiopiu.net\/wordpress\/wp-content\/uploads\/2023\/04\/PAOLO-FRENA.png\" alt=\"\" width=\"292\" height=\"223\" \/><\/a><p id=\"caption-attachment-331937\" class=\"wp-caption-text\">PAOLO FRENA<\/p><\/div>\n<p><span style=\"font-family: 'Times New Roman', serif;\"><span style=\"font-family: Arial, serif;\">necessaria di tale operazione, condivisa ed esplicitata fin dall\u2019inizio, era stata il rispetto delle peculiarit\u00e0 territoriali e il riconoscimento, nella nuova articolazione societaria, di un ruolo a tutti gli Enti locali, al di l\u00e0 del loro apporto patrimoniale. In particolare, era stata garantita l\u2019introduzione di criteri maggiormente rappresentativi nella governance, quale, ad esempio, il numero di abitanti. <\/span><\/span><span style=\"font-family: Times New Roman, serif;\"><span style=\"font-family: Arial, serif;\">Dopo le perizie svolte dal professionista incaricato e la condivisione delle proposte di partecipazione dei vari Enti Locali nella nuova compagine, la costruzione che emerge vede invece un\u2019importante limitazione nel controllo delle attivit\u00e0 societarie da parte della maggioranza dei Comuni e rapporti di forza evidentemente sbilanciati a favore solo di alcune Amministrazioni. <\/span><\/span><span style=\"font-family: Times New Roman, serif;\"><span style=\"font-family: Arial, serif;\">A questa disparit\u00e0 avrebbe potuto e dovuto fare da contrappeso la previsione, negli atti di governance della holding, di meccanismi di riequilibrio. <\/span><\/span><span style=\"font-family: Times New Roman, serif;\"><span style=\"font-family: Arial, serif;\">Pi\u00f9 volte, durante il percorso fatto, si \u00e8 cercato di correggere gli strumenti amministrativi proposti per realizzare questo obiettivo e pi\u00f9 volte i Comuni hanno tentato di dialogare con il Consiglio di Bacino e con il comune di Belluno per salvare un progetto su cui hanno investito e su cui credono fermamente. Tuttavia, i documenti presentati dimostrano che la richiesta iniziale \u00e8 stata disattesa: molti Comuni, infatti, non avranno un peso proporzionale agli abitanti che rappresentano. Nell\u2019assemblea di ieri abbiamo proposto dei correttivi che garantiscano quanto fin dall\u2019inizio richiesto\u201d<\/span><\/span><\/p>\n<p>____<\/p>\n","protected":false},"excerpt":{"rendered":"<p>*** &nbsp; Dopo l\u2019ultima assemblea tenutasi per lo sviluppo della nuova holding dei rifiuti nel Bellunese, i Comuni soci di Valpe Ambiente desiderano rigettare con forza l\u2019accusa di sabotaggio del percorso fatto. \u201cAbbiamo finora seguito tutti i passaggi e collaborato attivamente nel percorso avviato per giungere all\u2019affidamento unico provinciale e alla aggregazione delle quattro societ\u00e0&hellip;<\/p>\n","protected":false},"author":4,"featured_media":236977,"comment_status":"closed","ping_status":"closed","sticky":false,"template":"","format":"standard","meta":{"_monsterinsights_skip_tracking":false,"_monsterinsights_sitenote_active":false,"_monsterinsights_sitenote_note":"","_monsterinsights_sitenote_category":0,"footnotes":""},"categories":[49],"tags":[],"class_list":["post-381417","post","type-post","status-publish","format-standard","has-post-thumbnail","hentry","category-news-18","category-49","description-off"],"img_url":"https:\/\/www.radiopiu.net\/wordpress\/wp-content\/uploads\/2021\/10\/VALPE.png","_links":{"self":[{"href":"https:\/\/www.radiopiu.net\/wordpress\/wp-json\/wp\/v2\/posts\/381417","targetHints":{"allow":["GET"]}}],"collection":[{"href":"https:\/\/www.radiopiu.net\/wordpress\/wp-json\/wp\/v2\/posts"}],"about":[{"href":"https:\/\/www.radiopiu.net\/wordpress\/wp-json\/wp\/v2\/types\/post"}],"author":[{"embeddable":true,"href":"https:\/\/www.radiopiu.net\/wordpress\/wp-json\/wp\/v2\/users\/4"}],"replies":[{"embeddable":true,"href":"https:\/\/www.radiopiu.net\/wordpress\/wp-json\/wp\/v2\/comments?post=381417"}],"version-history":[{"count":0,"href":"https:\/\/www.radiopiu.net\/wordpress\/wp-json\/wp\/v2\/posts\/381417\/revisions"}],"wp:featuredmedia":[{"embeddable":true,"href":"https:\/\/www.radiopiu.net\/wordpress\/wp-json\/wp\/v2\/media\/236977"}],"wp:attachment":[{"href":"https:\/\/www.radiopiu.net\/wordpress\/wp-json\/wp\/v2\/media?parent=381417"}],"wp:term":[{"taxonomy":"category","embeddable":true,"href":"https:\/\/www.radiopiu.net\/wordpress\/wp-json\/wp\/v2\/categories?post=381417"},{"taxonomy":"post_tag","embeddable":true,"href":"https:\/\/www.radiopiu.net\/wordpress\/wp-json\/wp\/v2\/tags?post=381417"}],"curies":[{"name":"wp","href":"https:\/\/api.w.org\/{rel}","templated":true}]}}