{"id":381442,"date":"2024-03-29T05:39:35","date_gmt":"2024-03-29T04:39:35","guid":{"rendered":"https:\/\/www.radiopiu.net\/wordpress\/?p=381442"},"modified":"2024-03-29T07:58:21","modified_gmt":"2024-03-29T06:58:21","slug":"giornale-radiopiu-29-marzo-2024-direttore-mirko-mezzacasada-40-anni-25-giugno-1983-25-giugno-2023","status":"publish","type":"post","link":"https:\/\/www.radiopiu.net\/wordpress\/giornale-radiopiu-29-marzo-2024-direttore-mirko-mezzacasada-40-anni-25-giugno-1983-25-giugno-2023\/","title":{"rendered":"GIORNALE RADIOPIU 29 MARZO 2024 DIRETTORE MIRKO MEZZACASA\u2026DA 40 ANNI 25 GIUGNO 1983-25 GIUGNO 2023"},"content":{"rendered":"<p>***<\/p>\n<p>&nbsp;<\/p>\n<p>&nbsp;<\/p>\n<p>&nbsp;<\/p>\n<h3><a href=\"https:\/\/www.radiopiu.net\/wordpress\/giornale-radiopiu-24-gennaio-2021-direttore-mirko-mezzacasa\/141433770_171616291414874_2957460898102012198_n\/\" rel=\"attachment wp-att-186566\"><img loading=\"lazy\" decoding=\"async\" class=\"wp-image-186566 alignleft\" src=\"https:\/\/www.radiopiu.net\/wordpress\/wp-content\/uploads\/2021\/01\/141433770_171616291414874_2957460898102012198_n-300x300.jpg\" alt=\"\" width=\"144\" height=\"144\" srcset=\"https:\/\/www.radiopiu.net\/wordpress\/wp-content\/uploads\/2021\/01\/141433770_171616291414874_2957460898102012198_n-300x300.jpg 300w, https:\/\/www.radiopiu.net\/wordpress\/wp-content\/uploads\/2021\/01\/141433770_171616291414874_2957460898102012198_n-150x150.jpg 150w, https:\/\/www.radiopiu.net\/wordpress\/wp-content\/uploads\/2021\/01\/141433770_171616291414874_2957460898102012198_n-768x768.jpg 768w, https:\/\/www.radiopiu.net\/wordpress\/wp-content\/uploads\/2021\/01\/141433770_171616291414874_2957460898102012198_n.jpg 800w\" sizes=\"auto, (max-width: 144px) 100vw, 144px\" \/><\/a>PER<strong> RICEVERE QUESTO NOTIZIARIO DIRETTAMENTE SUL TUO CELLULARE ISCRIVITI AL CANALE TELEGRAM <\/strong><strong>\u201cRADIO PIU\u00a0 INFORMAZIONE&#8221;\u00a0<\/strong><\/h3>\n<h3>\u00a0il CANALE TELEGRAM&#8230; UNISCITI A: RADIO PIU INFORMAZIONE<\/h3>\n<p>&nbsp;<\/p>\n<p>&nbsp;<\/p>\n<p><em><a href=\"https:\/\/www.radiopiu.net\/wordpress\/giornale-radiopiu-24-gennaio-2021-direttore-mirko-mezzacasa\/79216601_126817312416448_708980208774483089_n\/\" rel=\"attachment wp-att-186567\"><img loading=\"lazy\" decoding=\"async\" class=\"size-medium wp-image-186567 alignright\" src=\"https:\/\/www.radiopiu.net\/wordpress\/wp-content\/uploads\/2021\/01\/79216601_126817312416448_708980208774483089_n-300x114.jpg\" alt=\"\" width=\"300\" height=\"114\" srcset=\"https:\/\/www.radiopiu.net\/wordpress\/wp-content\/uploads\/2021\/01\/79216601_126817312416448_708980208774483089_n-300x114.jpg 300w, https:\/\/www.radiopiu.net\/wordpress\/wp-content\/uploads\/2021\/01\/79216601_126817312416448_708980208774483089_n-768x292.jpg 768w, https:\/\/www.radiopiu.net\/wordpress\/wp-content\/uploads\/2021\/01\/79216601_126817312416448_708980208774483089_n.jpg 820w\" sizes=\"auto, (max-width: 300px) 100vw, 300px\" \/><\/a><span style=\"color: #ff0000;\">ATTENZIONE: LA NUOVA APP PER IOS-IPHONE di Nicola Vettorello <\/span><\/em><a href=\"https:\/\/apps.apple.com\/it\/app\/radio-pi%C3%B9-emittente-agordina\/id1515939845\">https:\/\/apps.apple.com\/it\/app\/radio-pi%C3%B9-emittente-agordina\/id1515939845<\/a><\/p>\n<p><em style=\"color: #ff0000;\">ATTENZIONE: LA NUOVA APP RADIO\u00a0 PER ANDROID di Nicola Vettorello<\/em><\/p>\n<p><a href=\"https:\/\/play.google.com\/store\/apps\/details?id=net.radiopiu.iniko\" target=\"_blank\" rel=\"noopener noreferrer\">https:\/\/play.google.com\/store\/apps\/details?id=net.radiopiu.iniko\u00a0\u00a0<\/a><\/p>\n<p>&nbsp;<\/p>\n<p>&nbsp;<\/p>\n<hr \/>\n<h3 class=\"kvgmc6g5 cxmmr5t8 oygrvhab hcukyx3x c1et5uql\"><strong>\u00a0\u00a0<\/strong><\/h3>\n<div class=\"articlePlainSubHead\"><span style=\"color: #ff0000;\">AGGIORNAMENTO ORE 4.00 DEL 29 MARZO<\/span><\/div>\n<blockquote>\n<h1 class=\"articlePlainTitle\"><a class=\"dt-pswp-item\" href=\"https:\/\/www.radiopiu.net\/wordpress\/wp-content\/uploads\/2024\/03\/Senza-nome-93.png\" data-dt-img-description=\"\" data-large_image_width=\"524\" data-large_image_height=\"495\"><img loading=\"lazy\" decoding=\"async\" class=\"wp-image-381609 alignleft\" src=\"https:\/\/www.radiopiu.net\/wordpress\/wp-content\/uploads\/2024\/03\/Senza-nome-93-300x283.png\" alt=\"\" width=\"137\" height=\"129\" srcset=\"https:\/\/www.radiopiu.net\/wordpress\/wp-content\/uploads\/2024\/03\/Senza-nome-93-300x283.png 300w, https:\/\/www.radiopiu.net\/wordpress\/wp-content\/uploads\/2024\/03\/Senza-nome-93.png 524w\" sizes=\"auto, (max-width: 137px) 100vw, 137px\" \/><\/a>Pordoi e Fedaia: passi chiusi per vento e neve<\/h1>\n<\/blockquote>\n<div class=\"articlePlainText\"><\/div>\n<div class=\"articlePlainText\">Chiusure stradali ai passi Pordoi e Fedaia a causa del forte vento con accumuli di neve sulla carreggiata. Lo ha deciso ieri Veneto Strade. Le chiusure sono state disposte sulla Sr 48 delle Dolomiti dal passo Pordoi alla localit\u00e0 ponte Vauz, e sulla Sp 641 del passo Fedaia dal passo stesso fino a Malga Ciapela. Ieri \u00e8 stato invece riaperto il passo Valparola.<\/div>\n<p>&nbsp;<\/p>\n<p>&nbsp;<\/p>\n<hr \/>\n<p>&nbsp;<\/p>\n<p>&nbsp;<\/p>\n<blockquote>\n<h2 data-block=\"true\" data-editor=\"avj4u\" data-offset-key=\"d3i0j-0-0\">LAVORI A PONTE MAS DI SOSPIROLO. SP 12 INTERESSATA FINO AL 31 MAGGIO<\/h2>\n<\/blockquote>\n<div data-block=\"true\" data-editor=\"avj4u\" data-offset-key=\"d3i0j-0-0\"><strong>SP 12 PEDEMONTANA<\/strong> localit\u00e0 Ponte Mas comune di Sospirolo, <span style=\"color: #ff0000;\">fino alle 10 del 2 aprile<\/span> istituzione del limite di velocit\u00e0 a 30 km.h, <span style=\"color: #ff0000;\">dalle 10 del 2 aprile alle 18 del 31 maggio<\/span> chiusura totale alla circolazione con deviazione al traffico e obbligo di fermarsi e dare la precedenza in direzione Ponte Mas per lavori al margine della carreggiata.<\/div>\n<div data-block=\"true\" data-editor=\"avj4u\" data-offset-key=\"d3i0j-0-0\"><\/div>\n<div data-block=\"true\" data-editor=\"avj4u\" data-offset-key=\"d3i0j-0-0\"><\/div>\n<blockquote>\n<h3 data-block=\"true\" data-editor=\"avj4u\" data-offset-key=\"d3i0j-0-0\">SAN TOMASO AGORDINO, strada comunale CHIUSURA A FASCE<\/h3>\n<\/blockquote>\n<div data-block=\"true\" data-editor=\"avj4u\" data-offset-key=\"d3i0j-0-0\">\n<p data-block=\"true\" data-editor=\"avj4u\" data-offset-key=\"d3i0j-0-0\">Dal 2 aprile e fino al termine dei lavori, chiusura della strada verso le frazioni di Pecol, Piaia, nel tratto Costa di Mezzo-Revinazza, dalle 8.30 alle 12; dalle 13 alle 14.15; dalle 14.45 alle 17.30 ESCLUSO SABATO E DOMENICA.<\/p>\n<\/div>\n<div data-block=\"true\" data-editor=\"avj4u\" data-offset-key=\"d3i0j-0-0\"><\/div>\n<div data-block=\"true\" data-editor=\"avj4u\" data-offset-key=\"d3i0j-0-0\">\n<hr \/>\n<\/div>\n<div data-block=\"true\" data-editor=\"avj4u\" data-offset-key=\"d3i0j-0-0\"><\/div>\n<div data-block=\"true\" data-editor=\"avj4u\" data-offset-key=\"d3i0j-0-0\"><\/div>\n<div data-block=\"true\" data-editor=\"avj4u\" data-offset-key=\"d3i0j-0-0\"><\/div>\n<p><span style=\"color: #ff0000;\"><strong><a class=\"dt-pswp-item\" href=\"https:\/\/www.radiopiu.net\/wordpress\/wp-content\/uploads\/2024\/03\/24235f21-971f-4461-8411-8bef8b500236.jpg\" data-dt-img-description=\"\" data-large_image_width=\"1600\" data-large_image_height=\"1200\"><img loading=\"lazy\" decoding=\"async\" class=\" wp-image-381405 alignleft\" src=\"https:\/\/www.radiopiu.net\/wordpress\/wp-content\/uploads\/2024\/03\/24235f21-971f-4461-8411-8bef8b500236-300x225.jpg\" alt=\"\" width=\"153\" height=\"115\" srcset=\"https:\/\/www.radiopiu.net\/wordpress\/wp-content\/uploads\/2024\/03\/24235f21-971f-4461-8411-8bef8b500236-300x225.jpg 300w, https:\/\/www.radiopiu.net\/wordpress\/wp-content\/uploads\/2024\/03\/24235f21-971f-4461-8411-8bef8b500236-1024x768.jpg 1024w, https:\/\/www.radiopiu.net\/wordpress\/wp-content\/uploads\/2024\/03\/24235f21-971f-4461-8411-8bef8b500236-768x576.jpg 768w, https:\/\/www.radiopiu.net\/wordpress\/wp-content\/uploads\/2024\/03\/24235f21-971f-4461-8411-8bef8b500236-1536x1152.jpg 1536w, https:\/\/www.radiopiu.net\/wordpress\/wp-content\/uploads\/2024\/03\/24235f21-971f-4461-8411-8bef8b500236.jpg 1600w\" sizes=\"auto, (max-width: 153px) 100vw, 153px\" \/><\/a>OGGI ALLA RADIO<\/strong><\/span>: <strong>ALLE 7.20<\/strong> EL BAR DEL FIOR, DETTI E TRADIZIONI DI GIULIANA DA RONCH; <strong>ALLE 8.20<\/strong> PIU&#8217; SIAMO CON MARINA DONA&#8217;\u00a0 <strong>ALLE 9.10<\/strong> PREMIER le novit\u00e0 con Marco Gaz e Ottanta con Monica Fontanive <strong>10.10 <\/strong>con Anna le nove in ladin del Musla<strong>\u00a010.30\u00a0 <\/strong>dal Poliambulatorio agordino il dottor Pietro Monaco, oculista alle<strong> 14.00 <\/strong>Golden Classic con Marco Edelvais<strong> alle 15 <\/strong>il fine settimana con Marina il venerdi Marina c&#8217;\u00e8 <strong>16<\/strong> il rock di Marco Costantini <strong>16.45 <\/strong>Le hit di Mirco Bencivenn<strong>i 19 <\/strong>Tiziana Bolognani con le anticipazioni dal TG di Antenna 3<strong>, dalle 21 <\/strong>diretta dal tendone de Pasca a Taibon Agordino.<\/p>\n<p>&nbsp;<\/p>\n<p>&nbsp;<\/p>\n<p>&nbsp;<\/p>\n<div class=\"x11i5rnm xat24cr x1mh8g0r x1vvkbs xtlvy1s x126k92a\">\n<div dir=\"auto\">\n<hr \/>\n<p>&nbsp;<\/p>\n<p>&nbsp;<\/p>\n<div class=\"x11i5rnm xat24cr x1mh8g0r x1vvkbs xtlvy1s x126k92a\">\n<div dir=\"auto\">\n<p><strong><a class=\"dt-pswp-item\" href=\"https:\/\/www.radiopiu.net\/wordpress\/wp-content\/uploads\/2024\/02\/2d44e751-d8a8-461b-8e22-d8e4e853b032.jpg\" data-dt-img-description=\"\" data-large_image_width=\"1600\" data-large_image_height=\"1200\"><img loading=\"lazy\" decoding=\"async\" class=\"wp-image-373307 alignleft\" src=\"https:\/\/www.radiopiu.net\/wordpress\/wp-content\/uploads\/2024\/02\/2d44e751-d8a8-461b-8e22-d8e4e853b032-300x225.jpg\" alt=\"\" width=\"105\" height=\"79\" srcset=\"https:\/\/www.radiopiu.net\/wordpress\/wp-content\/uploads\/2024\/02\/2d44e751-d8a8-461b-8e22-d8e4e853b032-300x225.jpg 300w, https:\/\/www.radiopiu.net\/wordpress\/wp-content\/uploads\/2024\/02\/2d44e751-d8a8-461b-8e22-d8e4e853b032-1024x768.jpg 1024w, https:\/\/www.radiopiu.net\/wordpress\/wp-content\/uploads\/2024\/02\/2d44e751-d8a8-461b-8e22-d8e4e853b032-768x576.jpg 768w, https:\/\/www.radiopiu.net\/wordpress\/wp-content\/uploads\/2024\/02\/2d44e751-d8a8-461b-8e22-d8e4e853b032-1536x1152.jpg 1536w, https:\/\/www.radiopiu.net\/wordpress\/wp-content\/uploads\/2024\/02\/2d44e751-d8a8-461b-8e22-d8e4e853b032.jpg 1600w\" sizes=\"auto, (max-width: 105px) 100vw, 105px\" \/><\/a>EL BAL DEL FIOR, DI GIULIANA DA RONCH, 29 MARZO 2024<\/strong><\/p>\n<\/div>\n<\/div>\n<\/div>\n<div dir=\"auto\">\n<audio class=\"wp-audio-shortcode\" id=\"audio-381442-1\" preload=\"none\" style=\"width: 100%;\" controls=\"controls\"><source type=\"audio\/mpeg\" src=\"https:\/\/www.radiopiu.net\/wordpress\/wp-content\/uploads\/2024\/03\/GVE-6.m4a?_=1\" \/><a href=\"https:\/\/www.radiopiu.net\/wordpress\/wp-content\/uploads\/2024\/03\/GVE-6.m4a\">https:\/\/www.radiopiu.net\/wordpress\/wp-content\/uploads\/2024\/03\/GVE-6.m4a<\/a><\/audio>\n<p>&nbsp;<\/p>\n<hr \/>\n<\/div>\n<\/div>\n<blockquote>\n<blockquote>\n<h1><span style=\"color: #ff0000;\">\u00a0<\/span><\/h1>\n<h1><span style=\"color: #ff0000;\">\u00a0<\/span><\/h1>\n<h1><span style=\"color: #ff0000;\">I podcast informativi del mattino &#8211; audio &#8211;\u00a0<\/span><\/h1>\n<\/blockquote>\n<p><strong><a class=\"dt-pswp-item\" href=\"https:\/\/www.radiopiu.net\/wordpress\/wp-content\/uploads\/2023\/11\/th-10.jpg\" data-dt-img-description=\"\" data-large_image_width=\"320\" data-large_image_height=\"180\"><img loading=\"lazy\" decoding=\"async\" class=\"wp-image-362866 alignleft\" src=\"https:\/\/www.radiopiu.net\/wordpress\/wp-content\/uploads\/2023\/11\/th-10-300x169.jpg\" alt=\"\" width=\"185\" height=\"104\" srcset=\"https:\/\/www.radiopiu.net\/wordpress\/wp-content\/uploads\/2023\/11\/th-10-300x169.jpg 300w, https:\/\/www.radiopiu.net\/wordpress\/wp-content\/uploads\/2023\/11\/th-10.jpg 320w\" sizes=\"auto, (max-width: 185px) 100vw, 185px\" \/><\/a>LA RASSEGNA STAMPA NAZIONALE ALLA RADIO, OGNI GIORNO ALLE 5 E ALLE 6 DEL MATTINO <span style=\"color: #0000ff;\">viene pubblicata alle 6.00 <span style=\"color: #ff0000;\">DIRETTA RADIO\u00a0 \u00a0\u00a0<\/span><\/span><\/strong><\/p>\n<p>&nbsp;<\/p>\n<p>&nbsp;<\/p>\n<p>di STEFANO FAMA&#8217;<\/p><\/blockquote>\n<h2>AUDIO dalle 7 del mattino<\/h2>\n<audio class=\"wp-audio-shortcode\" id=\"audio-381442-2\" preload=\"none\" style=\"width: 100%;\" controls=\"controls\"><source type=\"audio\/mpeg\" src=\"https:\/\/www.radiopiu.net\/wordpress\/wp-content\/uploads\/2024\/03\/GIORNALEDELLESEI-25.mp3?_=2\" \/><a href=\"https:\/\/www.radiopiu.net\/wordpress\/wp-content\/uploads\/2024\/03\/GIORNALEDELLESEI-25.mp3\">https:\/\/www.radiopiu.net\/wordpress\/wp-content\/uploads\/2024\/03\/GIORNALEDELLESEI-25.mp3<\/a><\/audio>\n<p>&nbsp;<\/p>\n\n\t\t\t<style type='text\/css'>\n\t\t\t\t#gallery-1 {\n\t\t\t\t\tmargin: auto;\n\t\t\t\t}\n\t\t\t\t#gallery-1 .gallery-item {\n\t\t\t\t\tfloat: left;\n\t\t\t\t\tmargin-top: 10px;\n\t\t\t\t\ttext-align: center;\n\t\t\t\t\twidth: 33%;\n\t\t\t\t}\n\t\t\t\t#gallery-1 img {\n\t\t\t\t\tborder: 2px solid #cfcfcf;\n\t\t\t\t}\n\t\t\t\t#gallery-1 .gallery-caption {\n\t\t\t\t\tmargin-left: 0;\n\t\t\t\t}\n\t\t\t\t\/* see gallery_shortcode() in wp-includes\/media.php *\/\n\t\t\t<\/style>\n\t\t<div id='gallery-1' class='dt-gallery-container gallery galleryid-381442 gallery-columns-3 gallery-size-thumbnail'><dl class='gallery-item'>\n\t\t\t\t<dt class='gallery-icon portrait'>\n\t\t\t\t\t<a class=\"rollover rollover-zoom dt-pswp-item\" title=\"la-repubblica-055107803\" data-dt-img-description=\"\" data-large_image_width=\"300\" data-large_image_height=\"400\"href='https:\/\/www.radiopiu.net\/wordpress\/wp-content\/uploads\/2024\/03\/la-repubblica-055107803.webp'><img loading=\"lazy\" decoding=\"async\" width=\"150\" height=\"150\" src=\"https:\/\/www.radiopiu.net\/wordpress\/wp-content\/uploads\/2024\/03\/la-repubblica-055107803-150x150.webp\" class=\"attachment-thumbnail size-thumbnail\" alt=\"\" \/><\/a>\n\t\t\t\t<\/dt><\/dl><dl class='gallery-item'>\n\t\t\t\t<dt class='gallery-icon portrait'>\n\t\t\t\t\t<a class=\"rollover rollover-zoom dt-pswp-item\" title=\"la-stampa-000036358\" data-dt-img-description=\"\" data-large_image_width=\"300\" data-large_image_height=\"400\"href='https:\/\/www.radiopiu.net\/wordpress\/wp-content\/uploads\/2024\/03\/la-stampa-000036358.webp'><img loading=\"lazy\" decoding=\"async\" width=\"150\" height=\"150\" src=\"https:\/\/www.radiopiu.net\/wordpress\/wp-content\/uploads\/2024\/03\/la-stampa-000036358-150x150.webp\" class=\"attachment-thumbnail size-thumbnail\" alt=\"\" \/><\/a>\n\t\t\t\t<\/dt><\/dl><dl class='gallery-item'>\n\t\t\t\t<dt class='gallery-icon portrait'>\n\t\t\t\t\t<a class=\"rollover rollover-zoom dt-pswp-item\" title=\"corriere-della-sera-030834998\" data-dt-img-description=\"\" data-large_image_width=\"300\" data-large_image_height=\"400\"href='https:\/\/www.radiopiu.net\/wordpress\/wp-content\/uploads\/2024\/03\/corriere-della-sera-030834998.webp'><img loading=\"lazy\" decoding=\"async\" width=\"150\" height=\"150\" src=\"https:\/\/www.radiopiu.net\/wordpress\/wp-content\/uploads\/2024\/03\/corriere-della-sera-030834998-150x150.webp\" class=\"attachment-thumbnail size-thumbnail\" alt=\"\" \/><\/a>\n\t\t\t\t<\/dt><\/dl><br style=\"clear: both\" \/>\n\t\t\t<\/div>\n\n<p>&nbsp;<\/p>\n<p>&nbsp;<\/p>\n<p>&nbsp;<\/p>\n<p>&nbsp;<\/p>\n<h1 style=\"text-align: center;\"><span style=\"color: #ff0000;\">I podcast informativi del mattino &#8211; audio &#8211;\u00a0<\/span><\/h1>\n<p><strong><a class=\"dt-pswp-item\" href=\"https:\/\/www.radiopiu.net\/wordpress\/wp-content\/uploads\/2023\/12\/images.png\" data-dt-img-description=\"\" data-large_image_width=\"316\" data-large_image_height=\"160\"><img loading=\"lazy\" decoding=\"async\" class=\"wp-image-367008 alignleft\" src=\"https:\/\/www.radiopiu.net\/wordpress\/wp-content\/uploads\/2023\/12\/images-300x152.png\" alt=\"\" width=\"235\" height=\"119\" srcset=\"https:\/\/www.radiopiu.net\/wordpress\/wp-content\/uploads\/2023\/12\/images-300x152.png 300w, https:\/\/www.radiopiu.net\/wordpress\/wp-content\/uploads\/2023\/12\/images.png 316w\" sizes=\"auto, (max-width: 235px) 100vw, 235px\" \/><\/a>OGNI GIORNO ALLE SETTE DEL MATTINO, LA RASSEGNA STAMPA LOCALE FLASH&#8230; PER CHI VA IN FRETTA. I TITOLI DAI GIORNALI E DAL SITO WWW.RADIOPIU.NET <span style=\"color: #0000ff;\">viene pubblicato alle 7.00<\/span> <span style=\"color: #ff0000;\">DIRETTA RADIO\u00a0<\/span><\/strong><\/p>\n<p><em><span style=\"color: #ff0000;\">per chi va in fretta&#8230; tante notizie in pochi minuti. L&#8217;informazione locale alla radio, ogni ora dalle 7 del mattino alle 19 della sera.\u00a0 \u00a0 \u00a0\u00a0<\/span><\/em><\/p>\n<p>&nbsp;<\/p>\n<p><a class=\"dt-pswp-item\" href=\"https:\/\/www.radiopiu.net\/wordpress\/wp-content\/uploads\/2024\/03\/COPERTINA-20.png\" data-dt-img-description=\"\" data-large_image_width=\"461\" data-large_image_height=\"275\"><img loading=\"lazy\" decoding=\"async\" class=\" wp-image-381639 alignleft\" src=\"https:\/\/www.radiopiu.net\/wordpress\/wp-content\/uploads\/2024\/03\/COPERTINA-20-300x179.png\" alt=\"\" width=\"189\" height=\"113\" srcset=\"https:\/\/www.radiopiu.net\/wordpress\/wp-content\/uploads\/2024\/03\/COPERTINA-20-300x179.png 300w, https:\/\/www.radiopiu.net\/wordpress\/wp-content\/uploads\/2024\/03\/COPERTINA-20.png 461w\" sizes=\"auto, (max-width: 189px) 100vw, 189px\" \/><\/a><strong>Chiusure stradali<\/strong> ai passi Pordoi e Fedaia a causa del forte vento con accumuli di neve sulla carreggiata. Lo ha deciso ieri Veneto Strade. Le chiusure sono state disposte sulla Sr 48 delle Dolomiti dal passo Pordoi alla localit\u00e0 ponte Vauz, e sulla Sp 641 del passo Fedaia dal passo stesso fino a Malga Ciapela. Ieri \u00e8 stato invece riaperto il passo Valparola.<br \/>\n<strong>LA VALLE<\/strong> Un sorriso contagioso, anche nei momenti pi\u00f9 bui, perch\u00e9 la professione di Lucia la portava a contatto con i pazienti dell&#8217;ospedale, con le loro paure, ma anche gioie da condividere. Volto noto, personalit\u00e0 importante in ambito lavorativo quella di Lucia Barbiero, mancher\u00e0 ai tanti che l&#8217;hanno amata e conosciuta. I funerali di Lucia Barbiero 54 anni, si terranno oggi alle 14.30 nel suo paese di nascita, Frassen\u00e9.<br \/>\n<strong>BELLUNO<\/strong> Una profonda tristezza ha colpito la comunit\u00e0 di Mussoi per la prematura perdita di Massimiliano Vettore, 36 anni, residente in via Fratelli Cairoli. Lavorava recentemente in un&#8217;impresa edile, dopo aver trascorso un periodo come dipendente in un supermercato locale. I suoi cari lo hanno salutato con affetto sull&#8217;epigrafe, con una toccante dedica<br \/>\n<strong>FELTRE<\/strong> Dopo un incidente stradale sulla Statale 50 bis var, Valentino Bassani, noto imprenditore di Arsi\u00e8, \u00e8 stato dichiarato fuori pericolo dopo un intervento chirurgico all&#8217;ospedale di Feltre. L&#8217;incidente \u00e8 avvenuto quando ha sterzato improvvisamente per evitare un piccolo animale, finendo contro un furgone.<br \/>\n<strong>BELLUNO<\/strong>\u00a0 Due uomini di Bergamo sono stati arrestati dopo un&#8217;indagine partita da Belluno in seguito ad alcune truffe ad anziani con il metodo del finto Carabinieri o dell&#8217;incidente al figlio di cui spesso abbiamo dato notizia. I due delinquenti della peggior specie (quando si tratta di truffe alle persone pi\u00f9 deboli) hanno spillato 60mila euro tra gioielli e denaro conservati in casa a Bergamo.<\/p>\n<h2>AUDIO dalle 7 del mattino<\/h2>\n<audio class=\"wp-audio-shortcode\" id=\"audio-381442-3\" preload=\"none\" style=\"width: 100%;\" controls=\"controls\"><source type=\"audio\/mpeg\" src=\"https:\/\/www.radiopiu.net\/wordpress\/wp-content\/uploads\/2024\/03\/GF07-25.mp3?_=3\" \/><a href=\"https:\/\/www.radiopiu.net\/wordpress\/wp-content\/uploads\/2024\/03\/GF07-25.mp3\">https:\/\/www.radiopiu.net\/wordpress\/wp-content\/uploads\/2024\/03\/GF07-25.mp3<\/a><\/audio>\n<p>&nbsp;<\/p>\n<p>&nbsp;<\/p>\n<hr \/>\n<p>&nbsp;<\/p>\n<h1><\/h1>\n<h1 style=\"text-align: center;\"><span style=\"color: #ff0000;\"><a class=\"dt-pswp-item\" href=\"https:\/\/www.radiopiu.net\/wordpress\/wp-content\/uploads\/2022\/01\/026c3f9d-dae9-4040-a3c1-a6530231bcc3.jpg\" data-dt-img-description=\"\" data-large_image_width=\"1152\" data-large_image_height=\"2048\"><img loading=\"lazy\" decoding=\"async\" class=\"wp-image-251839 alignleft\" src=\"https:\/\/www.radiopiu.net\/wordpress\/wp-content\/uploads\/2022\/01\/026c3f9d-dae9-4040-a3c1-a6530231bcc3-169x300.jpg\" alt=\"\" width=\"100\" height=\"177\" srcset=\"https:\/\/www.radiopiu.net\/wordpress\/wp-content\/uploads\/2022\/01\/026c3f9d-dae9-4040-a3c1-a6530231bcc3-169x300.jpg 169w, https:\/\/www.radiopiu.net\/wordpress\/wp-content\/uploads\/2022\/01\/026c3f9d-dae9-4040-a3c1-a6530231bcc3-576x1024.jpg 576w, https:\/\/www.radiopiu.net\/wordpress\/wp-content\/uploads\/2022\/01\/026c3f9d-dae9-4040-a3c1-a6530231bcc3-768x1365.jpg 768w, https:\/\/www.radiopiu.net\/wordpress\/wp-content\/uploads\/2022\/01\/026c3f9d-dae9-4040-a3c1-a6530231bcc3-864x1536.jpg 864w, https:\/\/www.radiopiu.net\/wordpress\/wp-content\/uploads\/2022\/01\/026c3f9d-dae9-4040-a3c1-a6530231bcc3.jpg 1152w\" sizes=\"auto, (max-width: 100px) 100vw, 100px\" \/><\/a>I podcast informativi del mattino &#8211; audio &#8211;\u00a0<\/span><\/h1>\n<blockquote><p><strong>GIORNALE RADIO NAZIONALE, EDIZIONE DELLE SETTE <span style=\"color: #0000ff;\">viene pubblicato alle 7.05 <span style=\"color: #ff0000;\">DIRETTA RADIO\u00a0<\/span><\/span><\/strong><\/p><\/blockquote>\n<p><strong>il giornale radionazionale e&#8217; in onda ogni ora, dalle sette del mattino alle venti della sera\u00a0\u00a0<\/strong><\/p>\n<p>&nbsp;<\/p>\n<h2>AUDIO dalle sette del mattino, ogni ora alla radio<\/h2>\n<audio class=\"wp-audio-shortcode\" id=\"audio-381442-4\" preload=\"none\" style=\"width: 100%;\" controls=\"controls\"><source type=\"audio\/mpeg\" src=\"https:\/\/www.radiopiu.net\/wordpress\/wp-content\/uploads\/2024\/03\/giornale07-25.mp3?_=4\" \/><a href=\"https:\/\/www.radiopiu.net\/wordpress\/wp-content\/uploads\/2024\/03\/giornale07-25.mp3\">https:\/\/www.radiopiu.net\/wordpress\/wp-content\/uploads\/2024\/03\/giornale07-25.mp3<\/a><\/audio>\n<p>&nbsp;<\/p>\n<p>&nbsp;<\/p>\n<h2><\/h2>\n<hr \/>\n<p>&nbsp;<\/p>\n<p>&nbsp;<\/p>\n<h1><span style=\"color: #ff0000;\">I podcast informativi del mattino &#8211; video &#8211;\u00a0<\/span><\/h1>\n<h2><strong><a class=\"dt-pswp-item\" href=\"https:\/\/www.radiopiu.net\/wordpress\/wp-content\/uploads\/2023\/12\/th-10.jpg\" data-dt-img-description=\"\" data-large_image_width=\"245\" data-large_image_height=\"180\"><img loading=\"lazy\" decoding=\"async\" class=\" wp-image-367395 alignleft\" src=\"https:\/\/www.radiopiu.net\/wordpress\/wp-content\/uploads\/2023\/12\/th-10.jpg\" alt=\"\" width=\"166\" height=\"122\" \/><\/a>RASSEGNA STAMPA LOCALE, ORE OTTO 05<\/strong><\/h2>\n<h2><strong> <span style=\"color: #0000ff;\">viene\u00a0 <\/span><\/strong><strong><span style=\"color: #0000ff;\">pubblicata alle 8.05 <span style=\"color: #ff0000;\">DIRETTA RADIO\u00a0\u00a0<\/span><\/span><\/strong><\/h2>\n<p><strong>DI MIRKO MEZZACASA\u00a0 \u00a0 \u00a0<\/strong><\/p>\n<p>&nbsp;<\/p>\n<p><img loading=\"lazy\" decoding=\"async\" class=\"alignleft\" src=\"https:\/\/www.radiopiu.net\/wordpress\/wp-content\/uploads\/2024\/03\/copertina2.png\" width=\"310\" height=\"164\" \/><strong>LIMANA<\/strong>\u00a0 Un odore sospetto proveniente dalla carne servita ha scatenato il malcontento dei genitori, con alcuni bambini che hanno accusato mal di pancia e nausea dopo aver consumato il pasto alla mensa delle elementari. Il Comune ha avviato un&#8217;indagine &#8211; scrive oggi il Corriere delle Alpi &#8211;\u00a0 inviando una contestazione formale alla ditta responsabile del servizio di ristorazione scolastica.<br \/>\n<strong>ALLEGHE<\/strong> Da tempo il grido &#8220;al lupo, al lupo&#8221; (che non \u00e8 certo la favola di Esopo) \u00e8 quasi quotidiano dalla Val Cordevole. In riva al lago (lato Rocca Pietore) le telecamere riprendono ogni sera i branchi dei lupi, 7-10 a seconda del momento. La gente con cani al guinzaglio lo teme<br \/>\n<strong>VENEZIA<\/strong> La consigliera regionale della Lega, Silvia Cestaro, solleva la questione dello spopolamento dei territori montani, in particolare del Bellunese, dovuto alla riduzione dell&#8217;offerta formativa e ai costi degli alloggi per gli studenti delle superiori fuori sede. Propone un&#8217;azione coordinata tra la Regione del Veneto e i ministeri nazionali competenti per rendere accessibili gli alloggi agli studenti montani.<br \/>\n<strong>PISTA DA BOB A CORTINA<\/strong>: SINISTRA ITALIANA PUNTA IL DITO SUL PRESIDENTE DELLA PROVINCIA PADRIN. IL PRESIDENTE DELLA PROVINCIA PADRIN&#8230;RISPONDE &#8220;PAOLO PERENZIN ADESSO E&#8217; ORA CHE TI DECIDA DA CHE PARTE STARE&#8230;&#8221;<br \/>\n<strong>BELLUNO<\/strong> , la Lega, pur essendo il primo partito della lista di Centro Destra Progetto Dolomiti, si impegna a mantenere viva l&#8217;importanza dell&#8217;Ente provinciale, ma si dichiara gruppo autonomo<br \/>\n<strong>DOMANI SCIOPERO<\/strong> PER I DIPENDENTI DELLE AZIENDE DELLA DISTRIBUZIONE MODERNA ORGANIZZATA<br \/>\nIL PIAZZALE ANTISTANTE LA SEDE DELL&#8217;<strong>UNIONE MONTANA<\/strong> IN RICORDO DI DON ANTONIO DELLA LUCIA, la proposta rilanciata da Loris Serafini<br \/>\nAL VIA LA DEMOLIZIONE DEL NEGRELLI A <strong>FELTRE<\/strong><\/p>\n<h2><strong>VIDEO\u00a0 \u00a0in diretta dalle 8 del mattino<\/strong><\/h2>\n<p>&nbsp;<\/p>\n<p><iframe loading=\"lazy\" title=\"DAL 1983 LA RASSEGNA STAMPA LOCALE di mirko mezzacasa. L&#039;ORIGINALE\" width=\"1200\" height=\"675\" src=\"https:\/\/www.youtube.com\/embed\/IE4WjHpd5lA?feature=oembed\" frameborder=\"0\" allow=\"accelerometer; autoplay; clipboard-write; encrypted-media; gyroscope; picture-in-picture; web-share\" referrerpolicy=\"strict-origin-when-cross-origin\" allowfullscreen><\/iframe><\/p>\n<hr \/>\n<p>&nbsp;<\/p>\n<blockquote>\n<h3>IL TERREMOTO CON EPICENTRO IN FRIULI FA SCHIZZARE IL &#8220;PENNINO&#8221; DEL SISMOGRAFO DI AGORDO<\/h3>\n<\/blockquote>\n<p>Ecco il diagramma rilevato nella stazione di Molin dei Cot nella serata di ieri in concomitanza con la scossa di terremoto in Friuli<\/p>\n<p><a class=\"dt-pswp-item\" href=\"https:\/\/www.radiopiu.net\/wordpress\/wp-content\/uploads\/2024\/03\/18281e58-7320-4481-b69e-7e1a7c33e7ed.jpg\" data-dt-img-description=\"\" data-large_image_width=\"792\" data-large_image_height=\"612\"><img loading=\"lazy\" decoding=\"async\" class=\"size-medium wp-image-381569 aligncenter\" src=\"https:\/\/www.radiopiu.net\/wordpress\/wp-content\/uploads\/2024\/03\/18281e58-7320-4481-b69e-7e1a7c33e7ed-300x232.jpg\" alt=\"\" width=\"300\" height=\"232\" srcset=\"https:\/\/www.radiopiu.net\/wordpress\/wp-content\/uploads\/2024\/03\/18281e58-7320-4481-b69e-7e1a7c33e7ed-300x232.jpg 300w, https:\/\/www.radiopiu.net\/wordpress\/wp-content\/uploads\/2024\/03\/18281e58-7320-4481-b69e-7e1a7c33e7ed-768x593.jpg 768w, https:\/\/www.radiopiu.net\/wordpress\/wp-content\/uploads\/2024\/03\/18281e58-7320-4481-b69e-7e1a7c33e7ed.jpg 792w\" sizes=\"auto, (max-width: 300px) 100vw, 300px\" \/><\/a><\/p>\n<p>&nbsp;<\/p>\n<p>&nbsp;<\/p>\n<hr \/>\n<p>&nbsp;<\/p>\n<p>&nbsp;<\/p>\n<div class=\"page-title-head hgroup\">\n<blockquote>\n<h3 class=\"entry-title\"><img decoding=\"async\" class=\"alignleft\" src=\"https:\/\/www.radiopiu.net\/wordpress\/wp-content\/uploads\/2024\/03\/Senza-nome-90.png\" \/>SI E\u2019 SPENTO IL SORRISO DI LUCIA<\/h3>\n<\/blockquote>\n<\/div>\n<div class=\"page-title-breadcrumbs\">\n<p><strong>LA VALLE<\/strong> Un sorriso contagioso, anche nei momenti pi\u00f9 bui, perch\u00e9 la professione di Lucia la portava a contatto con i pazienti dell&#8217;ospedale, con le loro paure, ma anche gioie da condividere. Volto noto, personalit\u00e0 importante in ambito lavorativo quella di Lucia Barbiero, mancher\u00e0 ai tanti che l&#8217;hanno amata e conosciuta. Da Radio Pi\u00f9 giunga l&#8217;abbraccio al marito, figli e parenti tutti. I funerali di Lucia Barbiero 54 anni, si terranno oggi alle 14.30 nel suo paese di nascita, Frassen\u00e9.<\/p>\n<p>Dalla famiglia il ringraziamento alla dottoressa Ileana Corazzin, Giulia e personale Adimed di Agordo.<\/p>\n<p>&nbsp;<\/p>\n<p>&nbsp;<\/p>\n<hr \/>\n<p>&nbsp;<\/p>\n<h2><a class=\"dt-pswp-item\" href=\"https:\/\/www.radiopiu.net\/wordpress\/wp-content\/uploads\/2024\/03\/Senza-nome-92.png\" data-dt-img-description=\"\" data-large_image_width=\"613\" data-large_image_height=\"159\"><img loading=\"lazy\" decoding=\"async\" class=\"size-medium wp-image-381605 aligncenter\" src=\"https:\/\/www.radiopiu.net\/wordpress\/wp-content\/uploads\/2024\/03\/Senza-nome-92-300x78.png\" alt=\"\" width=\"300\" height=\"78\" srcset=\"https:\/\/www.radiopiu.net\/wordpress\/wp-content\/uploads\/2024\/03\/Senza-nome-92-300x78.png 300w, https:\/\/www.radiopiu.net\/wordpress\/wp-content\/uploads\/2024\/03\/Senza-nome-92.png 613w\" sizes=\"auto, (max-width: 300px) 100vw, 300px\" \/><\/a><\/h2>\n<blockquote>\n<h2>M<a class=\"dt-pswp-item\" href=\"https:\/\/www.radiopiu.net\/wordpress\/wp-content\/uploads\/2024\/03\/Senza-nome-91.png\" data-dt-img-description=\"\" data-large_image_width=\"274\" data-large_image_height=\"278\"><img loading=\"lazy\" decoding=\"async\" class=\"wp-image-381604 alignleft\" src=\"https:\/\/www.radiopiu.net\/wordpress\/wp-content\/uploads\/2024\/03\/Senza-nome-91.png\" alt=\"\" width=\"140\" height=\"142\" \/><\/a>ussoi piange la prematura scomparsa di Massimiliano Vettore<\/h2>\n<\/blockquote>\n<p><strong>BELLUNO <\/strong>Una profonda tristezza ha colpito la comunit\u00e0 di Mussoi per la prematura perdita di Massimiliano Vettore, 36 anni, residente in via Fratelli Cairoli. Lavorava recentemente in un&#8217;impresa edile, dopo aver trascorso un periodo come dipendente in un supermercato locale. I suoi cari lo hanno salutato con affetto sull&#8217;epigrafe, con una toccante dedica che testimonia il loro amore. Il rito civile per l&#8217;ultimo saluto \u00e8 previsto per sabato 30, alle 15, presso la Casa del Commiato Caldart di via Cappellari, dove parenti e amici potranno rendere omaggio a Massimiliano.<\/p>\n<div class=\"flex-1 overflow-hidden\">\n<div class=\"react-scroll-to-bottom--css-fxiwm-79elbk h-full\">\n<div class=\"react-scroll-to-bottom--css-fxiwm-1n7m0yu\">\n<div class=\"flex flex-col text-sm pb-9\">\n<div class=\"w-full text-token-text-primary\" data-testid=\"conversation-turn-29\">\n<div class=\"px-4 py-2 justify-center text-base md:gap-6 m-auto\">\n<div class=\"flex flex-1 text-base mx-auto gap-3 md:px-5 lg:px-1 xl:px-5 md:max-w-3xl lg:max-w-[40rem] xl:max-w-[48rem] group final-completion\">\n<div class=\"relative flex w-full flex-col agent-turn\">\n<div class=\"absolute\">\n<div class=\"flex w-full gap-2 items-center justify-center\"><\/div>\n<div><\/div>\n<div>\n<hr \/>\n<\/div>\n<div><\/div>\n<blockquote>\n<h3><a class=\"dt-pswp-item\" href=\"https:\/\/www.radiopiu.net\/wordpress\/wp-content\/uploads\/2024\/03\/aafa8c21-7ef7-4202-8883-31d87dbaeebf.jpg\" data-dt-img-description=\"\" data-large_image_width=\"1280\" data-large_image_height=\"960\"><img loading=\"lazy\" decoding=\"async\" class=\" wp-image-381393 alignleft\" src=\"https:\/\/www.radiopiu.net\/wordpress\/wp-content\/uploads\/2024\/03\/aafa8c21-7ef7-4202-8883-31d87dbaeebf-300x225.jpg\" alt=\"\" width=\"157\" height=\"118\" srcset=\"https:\/\/www.radiopiu.net\/wordpress\/wp-content\/uploads\/2024\/03\/aafa8c21-7ef7-4202-8883-31d87dbaeebf-300x225.jpg 300w, https:\/\/www.radiopiu.net\/wordpress\/wp-content\/uploads\/2024\/03\/aafa8c21-7ef7-4202-8883-31d87dbaeebf-1024x768.jpg 1024w, https:\/\/www.radiopiu.net\/wordpress\/wp-content\/uploads\/2024\/03\/aafa8c21-7ef7-4202-8883-31d87dbaeebf-768x576.jpg 768w, https:\/\/www.radiopiu.net\/wordpress\/wp-content\/uploads\/2024\/03\/aafa8c21-7ef7-4202-8883-31d87dbaeebf.jpg 1280w\" sizes=\"auto, (max-width: 157px) 100vw, 157px\" \/><\/a>VALENTINO BASSANI E&#8217; FUORI PERICOLO, INTERVENTO CHIRURGICO RIUSCITO<\/h3>\n<\/blockquote>\n<div>\n<div class=\"flex-1 overflow-hidden\">\n<div class=\"react-scroll-to-bottom--css-fxiwm-79elbk h-full\">\n<div class=\"react-scroll-to-bottom--css-fxiwm-1n7m0yu\">\n<div class=\"flex flex-col text-sm pb-9\">\n<div class=\"w-full text-token-text-primary\" data-testid=\"conversation-turn-37\">\n<div class=\"px-4 py-2 justify-center text-base md:gap-6 m-auto\">\n<div class=\"flex flex-1 text-base mx-auto gap-3 md:px-5 lg:px-1 xl:px-5 md:max-w-3xl lg:max-w-[40rem] xl:max-w-[48rem] group final-completion\">\n<div class=\"relative flex w-full flex-col agent-turn\">\n<div class=\"flex-col gap-1 md:gap-3\">\n<div class=\"flex flex-grow flex-col max-w-full\">\n<div class=\"min-h-[20px] text-message flex flex-col items-start gap-3 whitespace-pre-wrap break-words [.text-message+&amp;]:mt-5 overflow-x-auto\" data-message-author-role=\"assistant\" data-message-id=\"a444c20a-c703-46d1-8d8e-1893337da009\">\n<div class=\"markdown prose w-full break-words dark:prose-invert dark\">\n<p><strong>FELTRE<\/strong> Dopo un incidente stradale sulla Statale 50 bis var, Valentino Bassani, noto imprenditore di Arsi\u00e8, \u00e8 stato dichiarato fuori pericolo dopo un intervento chirurgico all&#8217;ospedale di Feltre. L&#8217;incidente \u00e8 avvenuto quando ha sterzato improvvisamente per evitare un piccolo animale, finendo contro un furgone. Bassani ha riportato diverse fratture ed \u00e8 stato ricoverato in Rianimazione come precauzione, ma i medici hanno rassicurato sulla buona riuscita dell&#8217;operazione. Anche i due occupanti del furgone hanno riportato ferite di media gravit\u00e0. La notizia ha destato preoccupazione nella comunit\u00e0 di Arsi\u00e8, dove Bassani e la sua famiglia gestiscono un&#8217;officina e una carrozzeria<\/p>\n<\/div>\n<\/div>\n<\/div>\n<div class=\"mt-1 flex justify-start gap-3 empty:hidden\">\n<div class=\"text-gray-400 flex self-end lg:self-center items-center justify-center lg:justify-start mt-0 -ml-1 h-7 gap-[2px] visible\">\n<div class=\"flex\"><\/div>\n<\/div>\n<\/div>\n<\/div>\n<\/div>\n<\/div>\n<\/div>\n<\/div>\n<\/div>\n<\/div>\n<\/div>\n<\/div>\n<div class=\"w-full pt-2 md:pt-0 dark:border-white\/20 md:border-transparent md:dark:border-transparent md:w-[calc(100%-.5rem)]\">\n<form class=\"stretch mx-2 flex flex-row gap-3 last:mb-2 md:mx-4 md:last:mb-6 lg:mx-auto lg:max-w-2xl xl:max-w-3xl\">\n<div class=\"relative flex h-full flex-1 flex-col\">\n<div class=\"flex w-full items-center\"><\/div>\n<div>\n<hr \/>\n<\/div>\n<div><\/div>\n<div><\/div>\n<blockquote><p><a class=\"dt-pswp-item\" href=\"https:\/\/www.radiopiu.net\/wordpress\/wp-content\/uploads\/2023\/12\/polizia.png\" data-dt-img-description=\"\" data-large_image_width=\"411\" data-large_image_height=\"315\"><img loading=\"lazy\" decoding=\"async\" class=\"wp-image-366987 alignleft\" src=\"https:\/\/www.radiopiu.net\/wordpress\/wp-content\/uploads\/2023\/12\/polizia-300x230.png\" alt=\"\" width=\"111\" height=\"85\" srcset=\"https:\/\/www.radiopiu.net\/wordpress\/wp-content\/uploads\/2023\/12\/polizia-300x230.png 300w, https:\/\/www.radiopiu.net\/wordpress\/wp-content\/uploads\/2023\/12\/polizia.png 411w\" sizes=\"auto, (max-width: 111px) 100vw, 111px\" \/><\/a><strong>DUE ARRESTI PER TRUFFA AGLI ANZIANI NEL BERGAMASCO<\/strong><\/p>\n<p><strong>BELLUNO<\/strong>\u00a0 Due uomini di Bergamo sono stati arrestati dopo un&#8217;indagine partita da Belluno in seguito ad alcune truffe ad anziani con il metodo del finto Carabinieri o dell&#8217;incidente al figlio di cui spesso abbiamo dato notizia. I due delinquenti della peggior specie (quando si tratta di truffe alle persone pi\u00f9 deboli) hanno spillato 60mila euro tra gioielli e denaro conservati in casa a Bergamo.<\/p><\/blockquote>\n<div><\/div>\n<div><\/div>\n<div>\n<hr \/>\n<\/div>\n<div><\/div>\n<div><\/div>\n<div>\n<p><strong><a class=\"dt-pswp-item\" href=\"https:\/\/www.radiopiu.net\/wordpress\/wp-content\/uploads\/2024\/03\/th-12.jpg\" data-dt-img-description=\"\" data-large_image_width=\"301\" data-large_image_height=\"180\"><img loading=\"lazy\" decoding=\"async\" class=\"wp-image-381613 alignleft\" src=\"https:\/\/www.radiopiu.net\/wordpress\/wp-content\/uploads\/2024\/03\/th-12.jpg\" alt=\"\" width=\"184\" height=\"110\" \/><\/a>MAL DI PANCIA TRA I BANCHI DELLE ELEMENTARI<\/strong><\/p>\n<p>LIMANA\u00a0 Un odore sospetto proveniente dalla carne servita ha scatenato il malcontento dei genitori, con alcuni bambini che hanno accusato mal di pancia e nausea dopo aver consumato il pasto alla mensa delle elementari. Il Comune ha avviato un&#8217;indagine <em>&#8211; scrive oggi il Corriere delle Alpi &#8211;\u00a0<\/em> inviando una contestazione formale alla ditta responsabile del servizio di ristorazione scolastica. Il rappresentante dei genitori, Matteo Troian, denuncia carenze nel servizio e richiede un intervento immediato per garantire la qualit\u00e0 e l&#8217;igiene del cibo. Il sindaco, Milena De Zanet, ha annunciato che una volta ricevute le giustificazioni della ditta, il Comune prender\u00e0 le necessarie iniziative, mentre al momento non ci sono elementi di allarme.<\/p>\n<\/div>\n<\/div>\n<\/form>\n<\/div>\n<\/div>\n<\/div>\n<\/div>\n<\/div>\n<\/div>\n<\/div>\n<\/div>\n<\/div>\n<\/div>\n<\/div>\n<div class=\"w-full pt-2 md:pt-0 dark:border-white\/20 md:border-transparent md:dark:border-transparent md:w-[calc(100%-.5rem)]\">\n<form class=\"stretch mx-2 flex flex-row gap-3 last:mb-2 md:mx-4 md:last:mb-6 lg:mx-auto lg:max-w-2xl xl:max-w-3xl\">\n<div class=\"relative flex h-full flex-1 flex-col\">\n<div class=\"flex w-full items-center\"><\/div>\n<\/div>\n<\/form>\n<\/div>\n<\/div>\n<hr \/>\n<p>&nbsp;<\/p>\n<p>&nbsp;<\/p>\n<blockquote>\n<h3>LUPO: IL SINDACO PRENDE LE DIFESE DI CHI LO TEME<\/h3>\n<p>DI GIANNI SANTOMASO<\/p><\/blockquote>\n<audio class=\"wp-audio-shortcode\" id=\"audio-381442-5\" preload=\"none\" style=\"width: 100%;\" controls=\"controls\"><source type=\"audio\/wav\" src=\"https:\/\/www.radiopiu.net\/wordpress\/wp-content\/uploads\/2024\/03\/LUPO-DE-TONI.wav?_=5\" \/><a href=\"https:\/\/www.radiopiu.net\/wordpress\/wp-content\/uploads\/2024\/03\/LUPO-DE-TONI.wav\">https:\/\/www.radiopiu.net\/wordpress\/wp-content\/uploads\/2024\/03\/LUPO-DE-TONI.wav<\/a><\/audio>\n<blockquote><p>&nbsp;<\/p><\/blockquote>\n<p><strong><img loading=\"lazy\" decoding=\"async\" class=\"alignleft\" src=\"https:\/\/www.radiopiu.net\/wordpress\/wp-content\/uploads\/2019\/05\/ALLEGHE-DANILO-DE-TONI.jpeg\" width=\"90\" height=\"105\" \/>ALLEGHE<\/strong> Da tempo il grido &#8220;al lupo, al lupo&#8221; (che non \u00e8 certo la favola di Esopo) \u00e8 quasi quotidiano dalla Val Cordevole. In riva al lago (lato Rocca Pietore) le telecamere riprendono ogni sera i branchi dei lupi, 7-10 a seconda del momento. La gente con cani al guinzaglio lo teme\u00a0 e leggendo la lettera arrivata ieri in Radio se ne ha la conferma<\/p>\n<p>Dal sindaco di Alleghe, Danilo De Toni, riceviamo e volentieri pubblichiamo: <em>&#8220;A seguito delle segnalazioni ricevute riguardanti la presenza del lupo ho provveduto ad informare la polizia provinciale e a scrivere al Prefetto affinch\u00e9 porti il problema, che ora sta diventando preoccupante agli organi di governo interessati. Se si diffonde tra gli ospiti la paura di imbattersi nel lupo, potrebbero esserci delle ricadute negative in termini di afflusso turistico, situazione che auspichiamo non accada, e che per questo richiede azioni immediate. So che in altre zone della provincia sono state attivate procedure di dissuasione per allontanare i lupi, credo che, pur nel rispetto di una specie che oggi \u00e8 definita come altamente protetta, servano misure efficaci e concrete per escludere il pericolo che la presenza di lupi nei centri abitati pu\u00f2 portare, e anche per garantire la sicurezza di cittadini e ospiti&#8221;.<\/em><\/p>\n<p>&nbsp;<\/p>\n<p>&nbsp;<\/p>\n<hr \/>\n<p>&nbsp;<\/p>\n<blockquote>\n<h3>IL SOSTEGNO AGLI STUDENTI DELLE SCUOLE SUPERIORI DEL BELLUNESE FUORI SEDE COME ANTIDOTO ALLO SPOPOLAMENTO DELLA MONTAGNA<\/h3>\n<\/blockquote>\n<p><strong><a class=\"dt-pswp-item\" href=\"https:\/\/www.radiopiu.net\/wordpress\/wp-content\/uploads\/2024\/03\/CESTARO.jpg\" data-dt-img-description=\"\" data-large_image_width=\"810\" data-large_image_height=\"540\"><img loading=\"lazy\" decoding=\"async\" class=\" wp-image-381549 alignleft\" src=\"https:\/\/www.radiopiu.net\/wordpress\/wp-content\/uploads\/2024\/03\/CESTARO-300x200.jpg\" alt=\"\" width=\"210\" height=\"140\" srcset=\"https:\/\/www.radiopiu.net\/wordpress\/wp-content\/uploads\/2024\/03\/CESTARO-300x200.jpg 300w, https:\/\/www.radiopiu.net\/wordpress\/wp-content\/uploads\/2024\/03\/CESTARO-768x512.jpg 768w, https:\/\/www.radiopiu.net\/wordpress\/wp-content\/uploads\/2024\/03\/CESTARO.jpg 810w\" sizes=\"auto, (max-width: 210px) 100vw, 210px\" \/><\/a>VENEZIA <\/strong>La consigliera regionale della Lega, Silvia Cestaro, solleva la questione dello spopolamento dei territori montani, in particolare del Bellunese, dovuto alla riduzione dell&#8217;offerta formativa e ai costi degli alloggi per gli studenti delle superiori fuori sede. Propone un&#8217;azione coordinata tra la Regione del Veneto e i ministeri nazionali competenti per rendere accessibili gli alloggi agli studenti montani. La provincia del Bellunese, interamente montana, soffre dell&#8217;abbandono della popolazione e della diminuzione delle iscrizioni scolastiche, accentuata dalla mancanza di istituti superiori nelle vallate. La carenza di convitti aumenta i costi per le famiglie e scoraggia ulteriormente l&#8217;iscrizione degli studenti. Cestaro sottolinea l&#8217;importanza di un progetto dettagliato per contenere i costi degli alloggi e promuovere la formazione, essenziale per la crescita delle comunit\u00e0 locali.<\/p>\n<p>&nbsp;<\/p>\n<p>&nbsp;<\/p>\n<hr \/>\n<p>&nbsp;<\/p>\n<blockquote>\n<h3>PISTA DA BOB A CORTINA: SINISTRA ITALIANA PUNTA IL DITO SUL PRESIDENTE DELLA PROVINCIA PADRIN<\/h3>\n<\/blockquote>\n<p><strong><a class=\"dt-pswp-item\" href=\"https:\/\/www.radiopiu.net\/wordpress\/wp-content\/uploads\/2023\/10\/PISTA-BOB-CORTINA.jpg\" data-dt-img-description=\"\" data-large_image_width=\"800\" data-large_image_height=\"600\"><img loading=\"lazy\" decoding=\"async\" class=\" wp-image-357136 alignleft\" src=\"https:\/\/www.radiopiu.net\/wordpress\/wp-content\/uploads\/2023\/10\/PISTA-BOB-CORTINA-300x225.jpg\" alt=\"\" width=\"144\" height=\"108\" srcset=\"https:\/\/www.radiopiu.net\/wordpress\/wp-content\/uploads\/2023\/10\/PISTA-BOB-CORTINA-300x225.jpg 300w, https:\/\/www.radiopiu.net\/wordpress\/wp-content\/uploads\/2023\/10\/PISTA-BOB-CORTINA-768x576.jpg 768w, https:\/\/www.radiopiu.net\/wordpress\/wp-content\/uploads\/2023\/10\/PISTA-BOB-CORTINA.jpg 800w\" sizes=\"auto, (max-width: 144px) 100vw, 144px\" \/><\/a>BELLUNO<\/strong> Sinistra Italiana Belluno elogia i Consiglieri provinciali Sindi Manushi, Mario De Bon e Simone Deola per le loro posizioni sulla pista da bob di Cortina, criticando il Presidente Padrin per non aver rispettato le delibere precedenti del Consiglio provinciale. Rilevano che Padrin non ha fatto nulla per seguire l&#8217;indirizzo del Consiglio e ha approvato il nuovo progetto senza documentazione adeguata. Contestano il cofinanziamento provinciale, che considerano illegittimo data la discrepanza tra il progetto approvato e quello attuale. Esprimono preoccupazione per la mancanza di dialogo reale da parte del centrodestra e invitano il Presidente a dichiarare la sua posizione sulla questione. Criticano anche l&#8217;approccio del centrodestra su altri temi, come Dolomitibus e Investi scuola, chiedendo chiarezza e coerenza. Concludono sottolineando l&#8217;importanza di sapere quale sia il pensiero del Presidente Padrin e invitandolo a prendere una posizione chiara.<\/p>\n<p>&nbsp;<\/p>\n<p><strong>IL PRESIDENTE DELLA PROVINCIA PADRIN&#8230;RISPONDE<\/strong><\/p>\n<p>\u00abLa pista da bob ha spaccato l\u2019opinione pubblica ed \u00e8 diventata tema divisivo. Ma non da subito: \u00e8 sempre stata nel dossier olimpico, fin dall\u2019inizio, fin dalla presentazione della candidatura. E solo in seguito \u00e8 diventata tema di dibattito. La Provincia si \u00e8 presa un impegno nel 2022, per la riqualificazione della vecchia pista \u201cEugenio Monti\u201d, impegno approvato all\u2019unanimit\u00e0 dal consiglio, con l\u2019astensione del consigliere Perenzin, il quale per circa un anno non ha partecipato alle sedute del consiglio provinciale e neppure agli incontri di \u201cmaggioranza\u201d. Poi nel 2023 \u00e8 stato approvato un ordine del giorno con cui si chiedeva di verificare la fattibilit\u00e0 di spostare le gare olimpiche di bob a Innsbruck. Mi sono attivato nei mesi scorsi, dopo l\u2019avvio delle procedure di cantiere a Cortina, per avere informazioni di dettaglio sull\u2019impianto, anche in relazione al progetto cosiddetto &#8220;light&#8221;. Abbiamo inviato richiesta formale a Simico e attendiamo la risposta ufficiale, anche se informalmente \u00e8 stato confermato che il progetto in corso di realizzazione \u00e8 quello originale per la parte sportiva. \u00c8 ora di finirla con l\u2019ipocrisia, dice Perenzin. Ha ragione, da parte mia e dell\u2019amministrazione provinciale non c\u2019\u00e8 mai stata ipocrisia su questo tema, anzi impegno assoluto e attenzione massima su tutte le questioni, anche quelle pi\u00f9 delicate che riguardano il nostro territorio. Quanto al tema del trasporto pubblico, Perenzin chiede un cambio di passo: se ha una soluzione concreta e attuabile al problema della carenza di autisti, siamo qui per ascoltare\u00bb.<\/p>\n<p>&nbsp;<\/p>\n<p>&nbsp;<\/p>\n<hr \/>\n<p>&nbsp;<\/p>\n<blockquote>\n<h2>Rinnovo delle critiche alla Legge Delrio e impegno per l&#8217;elettivit\u00e0 degli Enti provinciali<\/h2>\n<\/blockquote>\n<p><strong><a class=\"dt-pswp-item\" href=\"https:\/\/www.radiopiu.net\/wordpress\/wp-content\/uploads\/2021\/03\/ANDREA-DE-BERNARDIN.jpg\" data-dt-img-description=\"andrea de bernardin\" data-large_image_width=\"960\" data-large_image_height=\"540\"><img loading=\"lazy\" decoding=\"async\" class=\" wp-image-195558 alignleft\" src=\"https:\/\/www.radiopiu.net\/wordpress\/wp-content\/uploads\/2021\/03\/ANDREA-DE-BERNARDIN-300x169.jpg\" alt=\"\" width=\"192\" height=\"108\" srcset=\"https:\/\/www.radiopiu.net\/wordpress\/wp-content\/uploads\/2021\/03\/ANDREA-DE-BERNARDIN-300x169.jpg 300w, https:\/\/www.radiopiu.net\/wordpress\/wp-content\/uploads\/2021\/03\/ANDREA-DE-BERNARDIN-768x432.jpg 768w, https:\/\/www.radiopiu.net\/wordpress\/wp-content\/uploads\/2021\/03\/ANDREA-DE-BERNARDIN.jpg 960w\" sizes=\"auto, (max-width: 192px) 100vw, 192px\" \/><\/a>BELLUNO<\/strong> Il rinnovo delle critiche alla Legge Delrio, che ha radicalmente modificato la struttura delle Province italiane, spinge ad un serio impegno per il ritorno all&#8217;elettivit\u00e0 degli Enti provinciali, particolarmente urgente per territori come quello montano di Belluno. Nonostante la delusione per i risultati elettorali, la Lega, pur essendo il primo partito della lista di Centro Destra Progetto Dolomiti, si impegna a mantenere viva l&#8217;importanza dell&#8217;Ente provinciale. Per questo, decide di formare un Gruppo consiliare autonomo, guidato dal neo eletto Consigliere Provinciale Marzio Sovilla, per valutare autonomamente le scelte migliori per l&#8217;Ente, mantenendo comunque buoni rapporti con gli alleati di Forza Italia e Fratelli d&#8217;Italia.<\/p>\n<p><strong>IL SEGRETARIO DELLA LEGA NORD BELLUNO_ANDREA DE BERNARDIN\u00a0<\/strong><\/p>\n<audio class=\"wp-audio-shortcode\" id=\"audio-381442-6\" preload=\"none\" style=\"width: 100%;\" controls=\"controls\"><source type=\"audio\/mpeg\" src=\"https:\/\/www.radiopiu.net\/wordpress\/wp-content\/uploads\/2024\/03\/ANDREA-DE-BERNARDIN.mp3?_=6\" \/><a href=\"https:\/\/www.radiopiu.net\/wordpress\/wp-content\/uploads\/2024\/03\/ANDREA-DE-BERNARDIN.mp3\">https:\/\/www.radiopiu.net\/wordpress\/wp-content\/uploads\/2024\/03\/ANDREA-DE-BERNARDIN.mp3<\/a><\/audio>\n<p>&nbsp;<\/p>\n<p>&nbsp;<\/p>\n<p>&nbsp;<\/p>\n<hr \/>\n<p>&nbsp;<\/p>\n<blockquote>\n<h3><a class=\"dt-pswp-item\" href=\"https:\/\/www.radiopiu.net\/wordpress\/wp-content\/uploads\/2020\/03\/SINDACATI.jpg\" data-dt-img-description=\"\" data-large_image_width=\"2048\" data-large_image_height=\"2048\"><img loading=\"lazy\" decoding=\"async\" class=\" wp-image-121809 alignleft\" src=\"https:\/\/www.radiopiu.net\/wordpress\/wp-content\/uploads\/2020\/03\/SINDACATI-300x300.jpg\" alt=\"\" width=\"173\" height=\"173\" srcset=\"https:\/\/www.radiopiu.net\/wordpress\/wp-content\/uploads\/2020\/03\/SINDACATI-300x300.jpg 300w, https:\/\/www.radiopiu.net\/wordpress\/wp-content\/uploads\/2020\/03\/SINDACATI-1024x1024.jpg 1024w, https:\/\/www.radiopiu.net\/wordpress\/wp-content\/uploads\/2020\/03\/SINDACATI-150x150.jpg 150w, https:\/\/www.radiopiu.net\/wordpress\/wp-content\/uploads\/2020\/03\/SINDACATI-768x768.jpg 768w, https:\/\/www.radiopiu.net\/wordpress\/wp-content\/uploads\/2020\/03\/SINDACATI-1536x1536.jpg 1536w, https:\/\/www.radiopiu.net\/wordpress\/wp-content\/uploads\/2020\/03\/SINDACATI.jpg 2048w\" sizes=\"auto, (max-width: 173px) 100vw, 173px\" \/><\/a>DOMANI SCIOPERO PER I DIPENDENTI DELLE AZIENDE DELLA DISTRIBUZIONE MODERNA ORGANIZZATA<\/h3>\n<\/blockquote>\n<p><strong>BELLUNO<\/strong> Le Organizzazioni Sindacali Filcams CGIL, Fisascat CISL, Uiltucs hanno proclamato uno sciopero il 30 marzo 2024 per i dipendenti della Distribuzione Moderno Organizzata. Il CCNL \u00e8 scaduto nel 2019 e le trattative sono interrotte. Le aziende chiedono aumenti di precariet\u00e0 e riduzioni salariali. Lo sciopero denuncia la mancanza di rispetto per i lavoratori e la rottura del contratto. Le organizzazioni sindacali organizzano presidi davanti ai supermercati per rivendicare il diritto contrattuale. La protesta mira a ottenere risposte e a difendere i diritti dei dipendenti del settore della distribuzione.<\/p>\n<p>&nbsp;<\/p>\n<p>&nbsp;<\/p>\n<hr \/>\n<p>&nbsp;<\/p>\n<p>&nbsp;<\/p>\n<h2>IL PIAZZALE ANTISTANTE LA SEDE DELL&#8217;UNIONE MONTANA IN RICORDO DI DON ANTONIO DELLA LUCIA<\/h2>\n<p><img loading=\"lazy\" decoding=\"async\" class=\"aligncenter\" src=\"https:\/\/www.radiopiu.net\/wordpress\/wp-content\/uploads\/2023\/11\/unione-montana-agordina.png\" width=\"212\" height=\"139\" \/><\/p>\n<p><strong>AGORDO\u00a0<\/strong><\/p>\n<p>DI GIANNI SANTOMASO<\/p>\n<audio class=\"wp-audio-shortcode\" id=\"audio-381442-7\" preload=\"none\" style=\"width: 100%;\" controls=\"controls\"><source type=\"audio\/wav\" src=\"https:\/\/www.radiopiu.net\/wordpress\/wp-content\/uploads\/2024\/03\/DON-ANTONIO-GIANNI.wav?_=7\" \/><a href=\"https:\/\/www.radiopiu.net\/wordpress\/wp-content\/uploads\/2024\/03\/DON-ANTONIO-GIANNI.wav\">https:\/\/www.radiopiu.net\/wordpress\/wp-content\/uploads\/2024\/03\/DON-ANTONIO-GIANNI.wav<\/a><\/audio>\n<p>&nbsp;<\/p>\n<p>&nbsp;<\/p>\n<hr \/>\n<p>&nbsp;<\/p>\n<p><strong>LA GIUDIZIARIA OGGI, DAL CORRIERE DELLE ALPI<\/strong><br \/>\n<strong>LA SINTESI<\/strong><br \/>\n<strong>GIGI SOSSO<\/strong><\/p>\n<p><strong>FELTRE<\/strong> Il feltrino d&#8217;adozione ha patteggiato due anni di reclusione dopo essere stato denunciato dalla moglie (che non vuole soldi) per maltrattamenti fisici e psicologici, inclusa violenza sessuale. La sospensione condizionale della pena, concessa dal gup Enrica Marson, \u00e8 subordinata a un percorso di riabilitazione. La separazione \u00e8 stata inevitabile, con una querela per maltrattamenti in famiglia e violenza sessuale.<\/p>\n<div class=\"flex-1 overflow-hidden\">\n<div class=\"react-scroll-to-bottom--css-fxiwm-79elbk h-full\">\n<div class=\"react-scroll-to-bottom--css-fxiwm-1n7m0yu\">\n<div class=\"flex flex-col text-sm pb-9\">\n<div class=\"w-full text-token-text-primary\" data-testid=\"conversation-turn-31\">\n<div class=\"px-4 py-2 justify-center text-base md:gap-6 m-auto\">\n<div class=\"flex flex-1 text-base mx-auto gap-3 md:px-5 lg:px-1 xl:px-5 md:max-w-3xl lg:max-w-[40rem] xl:max-w-[48rem] group final-completion\">\n<div class=\"relative flex w-full flex-col agent-turn\">\n<div class=\"flex-col gap-1 md:gap-3\">\n<div class=\"mt-1 flex justify-start gap-3 empty:hidden\">\n<div class=\"text-gray-400 flex self-end lg:self-center items-center justify-center lg:justify-start mt-0 -ml-1 h-7 gap-[2px] visible\">\n<p><strong>FELTRE<\/strong> Il giudice Federico Montalto ha ritardato la sentenza sull&#8217;imputato, accusato di estorsione sui buoni pasto, poich\u00e9 sorgono dubbi sul reato commesso. L&#8217;accusa sostiene che l&#8217;uomo abbia minacciato il datore di lavoro per ottenere un rimborso non regolare dei buoni pasto. La decisione \u00e8 stata rinviata a una nuova udienza<\/p>\n<div class=\"w-full pt-2 md:pt-0 dark:border-white\/20 md:border-transparent md:dark:border-transparent md:w-[calc(100%-.5rem)]\">\n<form class=\"stretch mx-2 flex flex-row gap-3 last:mb-2 md:mx-4 md:last:mb-6 lg:mx-auto lg:max-w-2xl xl:max-w-3xl\">\n<div class=\"relative flex h-full flex-1 flex-col\">\n<div class=\"flex w-full items-center\"><\/div>\n<\/div>\n<\/form>\n<\/div>\n<\/div>\n<div>\n<p><strong>SANTA GIUSTINA<\/strong>\u00a0 assolto dall&#8217;accusa di aver truffato un anziano di Santa Giustina per 24.450 euro, poich\u00e9 il fatto non costituisce un reato secondo il giudice Federico Montalto. Nonostante l&#8217;ultraottantenne abbia dato questi soldi al giovane maghrebino come prestiti, non sono stati onorati e il giudice ha stabilito che si tratta di una questione civilistica, non penale.<\/p>\n<div class=\"flex-1 overflow-hidden\">\n<div class=\"react-scroll-to-bottom--css-fxiwm-79elbk h-full\">\n<div class=\"react-scroll-to-bottom--css-fxiwm-1n7m0yu\">\n<div class=\"flex flex-col text-sm pb-9\">\n<div class=\"w-full text-token-text-primary\" data-testid=\"conversation-turn-35\">\n<div class=\"px-4 py-2 justify-center text-base md:gap-6 m-auto\">\n<div class=\"flex flex-1 text-base mx-auto gap-3 md:px-5 lg:px-1 xl:px-5 md:max-w-3xl lg:max-w-[40rem] xl:max-w-[48rem] group final-completion\">\n<div class=\"relative flex w-full flex-col agent-turn\">\n<div class=\"flex-col gap-1 md:gap-3\">\n<div class=\"pr-2 lg:pr-0\"><\/div>\n<\/div>\n<\/div>\n<\/div>\n<\/div>\n<\/div>\n<\/div>\n<\/div>\n<\/div>\n<\/div>\n<\/div>\n<div>\n<p><strong>ALPAGO<\/strong> Due motociclisti veneziani hanno portato in tribunale due pordenonesi per lesioni stradali dopo uno scontro in Alpago, ma il giudice li ha assolti per insufficienza di prove. La Procura chiedeva sei mesi di reclusione, ma le testimonianze contraddittorie hanno portato a una decisione favorevole agli imputati, ridimensionando le responsabilit\u00e0.<\/p>\n<div class=\"flex-1 overflow-hidden\">\n<div class=\"react-scroll-to-bottom--css-fxiwm-79elbk h-full\">\n<div class=\"react-scroll-to-bottom--css-fxiwm-1n7m0yu\">\n<div class=\"flex flex-col text-sm pb-9\">\n<div class=\"w-full text-token-text-primary\" data-testid=\"conversation-turn-65\">\n<div class=\"px-4 py-2 justify-center text-base md:gap-6 m-auto\">\n<div class=\"flex flex-1 text-base mx-auto gap-3 md:px-5 lg:px-1 xl:px-5 md:max-w-3xl lg:max-w-[40rem] xl:max-w-[48rem] group final-completion\">\n<div class=\"relative flex w-full flex-col agent-turn\">\n<div class=\"flex-col gap-1 md:gap-3\">\n<div class=\"mt-1 flex justify-start gap-3 empty:hidden\">\n<div class=\"text-gray-400 flex self-end lg:self-center items-center justify-center lg:justify-start mt-0 -ml-1 h-7 gap-[2px] visible\">\n<div class=\"flex items-center gap-1.5 text-xs\"><\/div>\n<div class=\"flex\">\n<p><strong>CORTINA<\/strong> turista\u00a0 palpeggiata lungo corso Italia, l&#8217;imputato \u00e8 stato assolto dal giudice per le udienze preliminari Enrica Marson per incapacit\u00e0 d&#8217;intendere e volere, confermata da una perizia psichiatrica. L&#8217;accusa contestava il reato di violenza sessuale. La sentenza di assoluzione \u00e8 stata emessa considerando la difficile situazione dell&#8217;imputato, che necessitava di cure piuttosto che di un processo.<\/p>\n<div class=\"flex-1 overflow-hidden\">\n<div class=\"react-scroll-to-bottom--css-fxiwm-79elbk h-full\">\n<div class=\"react-scroll-to-bottom--css-fxiwm-1n7m0yu\">\n<div class=\"flex flex-col text-sm pb-9\">\n<div class=\"w-full text-token-text-primary\" data-testid=\"conversation-turn-67\">\n<div class=\"px-4 py-2 justify-center text-base md:gap-6 m-auto\">\n<div class=\"flex flex-1 text-base mx-auto gap-3 md:px-5 lg:px-1 xl:px-5 md:max-w-3xl lg:max-w-[40rem] xl:max-w-[48rem] group final-completion\">\n<div class=\"relative flex w-full flex-col agent-turn\">\n<div class=\"flex-col gap-1 md:gap-3\">\n<div class=\"mt-1 flex justify-start gap-3 empty:hidden\">\n<div class=\"text-gray-400 flex self-end lg:self-center items-center justify-center lg:justify-start mt-0 -ml-1 h-7 gap-[2px] visible\">\n<div class=\"flex\"><\/div>\n<div><\/div>\n<\/div>\n<\/div>\n<\/div>\n<\/div>\n<\/div>\n<\/div>\n<\/div>\n<\/div>\n<\/div>\n<\/div>\n<\/div>\n<\/div>\n<\/div>\n<\/div>\n<\/div>\n<\/div>\n<\/div>\n<\/div>\n<\/div>\n<\/div>\n<\/div>\n<\/div>\n<\/div>\n<\/div>\n<\/div>\n<\/div>\n<\/div>\n<\/div>\n<\/div>\n<\/div>\n<\/div>\n<\/div>\n<\/div>\n<\/div>\n<p>&nbsp;<\/p>\n<hr \/>\n<p>&nbsp;<\/p>\n<blockquote>\n<h3>AL VIA LA DEMOLIZIONE DEL NEGRELLI A FELTRE<\/h3>\n<\/blockquote>\n<p><a class=\"dt-pswp-item\" href=\"https:\/\/www.radiopiu.net\/wordpress\/wp-content\/uploads\/2023\/06\/Istituto-Negrelli-oggi.jpg\" data-dt-img-description=\"Istituto Negrelli oggi\" data-large_image_width=\"1280\" data-large_image_height=\"559\"><img loading=\"lazy\" decoding=\"async\" class=\"wp-image-341764 alignleft\" src=\"https:\/\/www.radiopiu.net\/wordpress\/wp-content\/uploads\/2023\/06\/Istituto-Negrelli-oggi-300x131.jpg\" alt=\"\" width=\"179\" height=\"78\" srcset=\"https:\/\/www.radiopiu.net\/wordpress\/wp-content\/uploads\/2023\/06\/Istituto-Negrelli-oggi-300x131.jpg 300w, https:\/\/www.radiopiu.net\/wordpress\/wp-content\/uploads\/2023\/06\/Istituto-Negrelli-oggi-1024x447.jpg 1024w, https:\/\/www.radiopiu.net\/wordpress\/wp-content\/uploads\/2023\/06\/Istituto-Negrelli-oggi-768x335.jpg 768w, https:\/\/www.radiopiu.net\/wordpress\/wp-content\/uploads\/2023\/06\/Istituto-Negrelli-oggi.jpg 1280w\" sizes=\"auto, (max-width: 179px) 100vw, 179px\" \/><\/a><strong>FELTRE<\/strong> Il nuovo polo scolastico feltrino entra nella fase attiva con la consegna dei lavori per la demolizione della vecchia struttura. Le operazioni inizieranno la prossima settimana con l&#8217;abbattimento della palestra del Negrelli, finanziato dal Pnrr per circa 19 milioni di euro. Un cronoprogramma dettagliato mira a evitare disagi durante le attivit\u00e0 didattiche, con prevista conclusione entro il 2026. Le operazioni preliminari hanno incluso lo spostamento delle attrezzature, la rimozione degli impianti e la pianificazione logistica per minimizzare gli inconvenienti durante la costruzione.<\/p>\n<p>&nbsp;<\/p>\n<p>&nbsp;<\/p>\n<hr \/>\n<p>&nbsp;<\/p>\n<blockquote>\n<h3><strong>CASE GREEN: IL TAVOLO CASA SI RIUNISCE ALLA CERAMICA DOLOMITE PER AFFRONTARE LA NUOVA SVOLTA<\/strong><\/h3>\n<\/blockquote>\n<p><strong><a class=\"dt-pswp-item\" href=\"https:\/\/www.radiopiu.net\/wordpress\/wp-content\/uploads\/2021\/05\/CONFINDUSTRIA.png\" data-dt-img-description=\"\" data-large_image_width=\"575\" data-large_image_height=\"575\"><img loading=\"lazy\" decoding=\"async\" class=\" wp-image-211858 alignleft\" src=\"https:\/\/www.radiopiu.net\/wordpress\/wp-content\/uploads\/2021\/05\/CONFINDUSTRIA-300x300.png\" alt=\"\" width=\"104\" height=\"104\" srcset=\"https:\/\/www.radiopiu.net\/wordpress\/wp-content\/uploads\/2021\/05\/CONFINDUSTRIA-300x300.png 300w, https:\/\/www.radiopiu.net\/wordpress\/wp-content\/uploads\/2021\/05\/CONFINDUSTRIA-150x150.png 150w, https:\/\/www.radiopiu.net\/wordpress\/wp-content\/uploads\/2021\/05\/CONFINDUSTRIA.png 575w\" sizes=\"auto, (max-width: 104px) 100vw, 104px\" \/><\/a>BORGO VALBELLUNA<\/strong> A Borgo Valbelluna, il Tavolo Casa di Ance e Confindustria Belluno Dolomiti si concentra sulla transizione verde nell&#8217;edilizia. Paolo De Cian, presidente di Ance Belluno, chiede equilibrio tra ambiente e diritto alla casa, sottolineando la necessit\u00e0 di sostegno finanziario per i proprietari. Si esplora la riqualificazione del patrimonio esistente, con attenzione agli immobili montani. Il gruppo visita la Ceramica Dolomite, esempio di eccellenza nel settore, e si impegna a creare una rete nella filiera bellunese. Si discute anche dei CAM nel nuovo Codice dei Contratti, evidenziando l&#8217;importanza della formazione su normativa e progettazione BIM per affrontare le transizioni green e digitali nell&#8217;edilizia.<\/p>\n<p>&nbsp;<\/p>\n<hr \/>\n<p>&nbsp;<\/p>\n<p>&nbsp;<\/p>\n<p><strong>Orgoglioso di questa squadra&#8230;\u00a0<\/strong><\/p>\n<p>&nbsp;<\/p>\n<p><strong>TAIBON<\/strong> Ieri sera primo degli appuntamenti con RADIOPIU in esterno. Regia di Gianfranco Tome&#8217;,\u00a0 musica di Francesco, il coordinamento di Marco Gaz, la simpatia di Marina e Luisa. Dal palco della Sagra de Pasca il via ufficiale ad una delle pi\u00f9 importanti sagre della provincia, quella che apre la stagione. Con Manrico dell&#8217;Agnola presentato da Gianpaolo Soratroi, il campionato agordino di calcio, la pasta alla amatriciana e la musica dal vivo del nostro Marco V Dal Farra. Per altre tre sera RADIOPIU sar\u00e0 in diretta da Taibon, il 25 aprile saremo da Bardin per i 60 anni di attivit\u00e0, il 18 maggio da Mirko De Bona a Belluno e il 1 giugno la grande festa in Birreria Valle Agordina.<br \/>\n<strong>Grazie Squadra!<\/strong> RADIOPIU \u00e8 davvero fortunata, circondata di amici, di persone che amano la Radio e non certo per un proprio tornaconto economico, ma per la passione di stare assieme, costruire ponti, legare ancora di pi\u00f9 con il territorio e gli ascoltatori. Semplicemente fantastici.. e grazie al supporto di Paola e Brunella<br \/>\nmirko<\/p>\n\n\t\t\t<style type='text\/css'>\n\t\t\t\t#gallery-2 {\n\t\t\t\t\tmargin: auto;\n\t\t\t\t}\n\t\t\t\t#gallery-2 .gallery-item {\n\t\t\t\t\tfloat: left;\n\t\t\t\t\tmargin-top: 10px;\n\t\t\t\t\ttext-align: center;\n\t\t\t\t\twidth: 33%;\n\t\t\t\t}\n\t\t\t\t#gallery-2 img {\n\t\t\t\t\tborder: 2px solid #cfcfcf;\n\t\t\t\t}\n\t\t\t\t#gallery-2 .gallery-caption {\n\t\t\t\t\tmargin-left: 0;\n\t\t\t\t}\n\t\t\t\t\/* see gallery_shortcode() in wp-includes\/media.php *\/\n\t\t\t<\/style>\n\t\t<div id='gallery-2' class='dt-gallery-container gallery galleryid-381442 gallery-columns-3 gallery-size-thumbnail'><dl class='gallery-item'>\n\t\t\t\t<dt class='gallery-icon landscape'>\n\t\t\t\t\t<a class=\"rollover rollover-zoom dt-pswp-item\" title=\"9c066a6e-2a3e-45b6-935c-3435def5c853\" data-dt-img-description=\"\" data-large_image_width=\"1600\" data-large_image_height=\"1280\"href='https:\/\/www.radiopiu.net\/wordpress\/wp-content\/uploads\/2024\/03\/9c066a6e-2a3e-45b6-935c-3435def5c853.jpg'><img loading=\"lazy\" decoding=\"async\" width=\"150\" height=\"150\" src=\"https:\/\/www.radiopiu.net\/wordpress\/wp-content\/uploads\/2024\/03\/9c066a6e-2a3e-45b6-935c-3435def5c853-150x150.jpg\" class=\"attachment-thumbnail size-thumbnail\" alt=\"\" \/><\/a>\n\t\t\t\t<\/dt><\/dl><dl class='gallery-item'>\n\t\t\t\t<dt class='gallery-icon landscape'>\n\t\t\t\t\t<a class=\"rollover rollover-zoom dt-pswp-item\" title=\"c0176eea-7bdb-4b58-958a-de449457a875\" data-dt-img-description=\"\" data-large_image_width=\"1600\" data-large_image_height=\"1510\"href='https:\/\/www.radiopiu.net\/wordpress\/wp-content\/uploads\/2024\/03\/c0176eea-7bdb-4b58-958a-de449457a875-1.jpg'><img loading=\"lazy\" decoding=\"async\" width=\"150\" height=\"150\" src=\"https:\/\/www.radiopiu.net\/wordpress\/wp-content\/uploads\/2024\/03\/c0176eea-7bdb-4b58-958a-de449457a875-1-150x150.jpg\" class=\"attachment-thumbnail size-thumbnail\" alt=\"\" \/><\/a>\n\t\t\t\t<\/dt><\/dl><dl class='gallery-item'>\n\t\t\t\t<dt class='gallery-icon landscape'>\n\t\t\t\t\t<a class=\"rollover rollover-zoom dt-pswp-item\" title=\"d9be7146-3bbe-433d-b54e-86f3a0042f16\" data-dt-img-description=\"\" data-large_image_width=\"1080\" data-large_image_height=\"1080\"href='https:\/\/www.radiopiu.net\/wordpress\/wp-content\/uploads\/2024\/03\/d9be7146-3bbe-433d-b54e-86f3a0042f16.jpg'><img loading=\"lazy\" decoding=\"async\" width=\"150\" height=\"150\" src=\"https:\/\/www.radiopiu.net\/wordpress\/wp-content\/uploads\/2024\/03\/d9be7146-3bbe-433d-b54e-86f3a0042f16-150x150.jpg\" class=\"attachment-thumbnail size-thumbnail\" alt=\"\" srcset=\"https:\/\/www.radiopiu.net\/wordpress\/wp-content\/uploads\/2024\/03\/d9be7146-3bbe-433d-b54e-86f3a0042f16-150x150.jpg 150w, https:\/\/www.radiopiu.net\/wordpress\/wp-content\/uploads\/2024\/03\/d9be7146-3bbe-433d-b54e-86f3a0042f16-300x300.jpg 300w, https:\/\/www.radiopiu.net\/wordpress\/wp-content\/uploads\/2024\/03\/d9be7146-3bbe-433d-b54e-86f3a0042f16-1024x1024.jpg 1024w, https:\/\/www.radiopiu.net\/wordpress\/wp-content\/uploads\/2024\/03\/d9be7146-3bbe-433d-b54e-86f3a0042f16-768x768.jpg 768w, https:\/\/www.radiopiu.net\/wordpress\/wp-content\/uploads\/2024\/03\/d9be7146-3bbe-433d-b54e-86f3a0042f16.jpg 1080w\" sizes=\"auto, (max-width: 150px) 100vw, 150px\" \/><\/a>\n\t\t\t\t<\/dt><\/dl><br style=\"clear: both\" \/>\n\t\t\t<\/div>\n\n<p>&nbsp;<\/p>\n<p>&nbsp;<\/p>\n<p>&nbsp;<\/p>\n<hr \/>\n<p>&nbsp;<\/p>\n<p>&nbsp;<\/p>\n<blockquote>\n<h2>ITS TURISMO PRIMO ANNO, VIA ALLO STAGE<\/h2>\n<\/blockquote>\n<p><strong>BELLUNO\u00a0<\/strong><\/p>\n<p><strong>DANIELE DALVIT<\/strong><\/p>\n<audio class=\"wp-audio-shortcode\" id=\"audio-381442-8\" preload=\"none\" style=\"width: 100%;\" controls=\"controls\"><source type=\"audio\/mpeg\" src=\"https:\/\/www.radiopiu.net\/wordpress\/wp-content\/uploads\/2024\/03\/Radio-Piu-Servizio-Fine-primo-anno-ITS-Turismo.mp3?_=8\" \/><a href=\"https:\/\/www.radiopiu.net\/wordpress\/wp-content\/uploads\/2024\/03\/Radio-Piu-Servizio-Fine-primo-anno-ITS-Turismo.mp3\">https:\/\/www.radiopiu.net\/wordpress\/wp-content\/uploads\/2024\/03\/Radio-Piu-Servizio-Fine-primo-anno-ITS-Turismo.mp3<\/a><\/audio>\n<p>&nbsp;<\/p>\n<p>&nbsp;<\/p>\n<hr \/>\n<p><strong class=\"photoswipe-wrapper\"><a class=\"dt-pswp-item pspw-wrap-ready\" href=\"https:\/\/www.radiopiu.net\/wordpress\/wp-content\/uploads\/2024\/01\/Senza-nome-34.png\" data-dt-img-description=\"\" data-large_image_width=\"239\" data-large_image_height=\"153\"><img loading=\"lazy\" decoding=\"async\" class=\"wp-image-369478 alignleft\" src=\"https:\/\/www.radiopiu.net\/wordpress\/wp-content\/uploads\/2024\/01\/Senza-nome-34.png\" alt=\"\" width=\"128\" height=\"82\" \/><\/a><\/strong><\/p>\n<h1 class=\"_title post-title entry-title\"><\/h1>\n<p><strong>dal TG BELLUNESE di\u00a0 ANTENNA 3 ogni sera alle 19.30 sul canale 10 del digitale terrestre e alle 19 le anticipazioni alla radio.\u00a0\u00a0<\/strong><\/p>\n<p>&nbsp;<\/p>\n<blockquote>\n<h3 class=\"_title post-title entry-title\">ULSS 1: TARGA E MENZIONE A 16 \u2018COMUNI ATTIVI\u2019 PER LA PROMOZIONE DELLA SALUTE<\/h3>\n<\/blockquote>\n<p>Intervistati PIER LUIGI BASSANELLO (CONSIGLIERE COMUNALE BORGO VALBELLUNA), SANDRO CINQUETTI (DIRETTORE DIPARTIMENTO PREVENZIONE ULSS 1 DOLOMITI), GIOVANNI MARCON (PRESIDENTE UISP BELLUNO TREVISO) (Servizio di\u00a0<a href=\"https:\/\/antennatre.medianordest.it\/redazione\/Tiziana-Bolognani\/\">Tiziana Bolognani<\/a>)<\/p>\n<p><iframe loading=\"lazy\" title=\"ULSS 1: TARGA E MENZIONE A 16 &#039;COMUNI ATTIVI&#039; PER LA PROMOZIONE DELLA SALUTE | 28\/03\/2024\" width=\"1200\" height=\"675\" src=\"https:\/\/www.youtube.com\/embed\/bCeng9ptSyc?feature=oembed\" frameborder=\"0\" allow=\"accelerometer; autoplay; clipboard-write; encrypted-media; gyroscope; picture-in-picture; web-share\" referrerpolicy=\"strict-origin-when-cross-origin\" allowfullscreen><\/iframe><\/p>\n<p>&nbsp;<\/p>\n<p>&nbsp;<\/p>\n<hr \/>\n<p>&nbsp;<\/p>\n<blockquote>\n<h3>INAUGURATA LA NUOVA SALA DI ACCESSO A LE TORRI DI FELTRE<\/h3>\n<\/blockquote>\n<p><strong>FELTRE<\/strong> Ieri mattina \u00e8 stata inaugurata la nuova sala di accesso con biglietteria e bookshop presso le Torri di Feltre (Torre del Campan\u00f2n e Torre dell&#8217;Orologio), con un investimento di circa 10 mila euro. Durante l&#8217;evento \u00e8 stata presentata anche la programmazione culturale per la prossima stagione primaverile ed estiva.<\/p>\n<p><strong>Flavia Colle, Assessore alla Cultura del Comune d Feltre<\/strong><\/p>\n<audio class=\"wp-audio-shortcode\" id=\"audio-381442-9\" preload=\"none\" style=\"width: 100%;\" controls=\"controls\"><source type=\"audio\/mpeg\" src=\"https:\/\/www.radiopiu.net\/wordpress\/wp-content\/uploads\/2024\/03\/Audio-Colle.mp3?_=9\" \/><a href=\"https:\/\/www.radiopiu.net\/wordpress\/wp-content\/uploads\/2024\/03\/Audio-Colle.mp3\">https:\/\/www.radiopiu.net\/wordpress\/wp-content\/uploads\/2024\/03\/Audio-Colle.mp3<\/a><\/audio>\n<p>&nbsp;<\/p>\n\n\t\t\t<style type='text\/css'>\n\t\t\t\t#gallery-3 {\n\t\t\t\t\tmargin: auto;\n\t\t\t\t}\n\t\t\t\t#gallery-3 .gallery-item {\n\t\t\t\t\tfloat: left;\n\t\t\t\t\tmargin-top: 10px;\n\t\t\t\t\ttext-align: center;\n\t\t\t\t\twidth: 33%;\n\t\t\t\t}\n\t\t\t\t#gallery-3 img {\n\t\t\t\t\tborder: 2px solid #cfcfcf;\n\t\t\t\t}\n\t\t\t\t#gallery-3 .gallery-caption {\n\t\t\t\t\tmargin-left: 0;\n\t\t\t\t}\n\t\t\t\t\/* see gallery_shortcode() in wp-includes\/media.php *\/\n\t\t\t<\/style>\n\t\t<div id='gallery-3' class='dt-gallery-container gallery galleryid-381442 gallery-columns-3 gallery-size-thumbnail'><dl class='gallery-item'>\n\t\t\t\t<dt class='gallery-icon landscape'>\n\t\t\t\t\t<a class=\"rollover rollover-zoom dt-pswp-item\" title=\"79124d8b-5a47-4452-a6bc-4da353babf19\" data-dt-img-description=\"\" data-large_image_width=\"1920\" data-large_image_height=\"1080\"href='https:\/\/www.radiopiu.net\/wordpress\/wp-content\/uploads\/2024\/03\/79124d8b-5a47-4452-a6bc-4da353babf19.jpg'><img loading=\"lazy\" decoding=\"async\" width=\"150\" height=\"150\" src=\"https:\/\/www.radiopiu.net\/wordpress\/wp-content\/uploads\/2024\/03\/79124d8b-5a47-4452-a6bc-4da353babf19-150x150.jpg\" class=\"attachment-thumbnail size-thumbnail\" alt=\"\" \/><\/a>\n\t\t\t\t<\/dt><\/dl><dl class='gallery-item'>\n\t\t\t\t<dt class='gallery-icon landscape'>\n\t\t\t\t\t<a class=\"rollover rollover-zoom dt-pswp-item\" title=\"d42dd293-fdf1-4118-a957-2c25c17853cb\" data-dt-img-description=\"\" data-large_image_width=\"1920\" data-large_image_height=\"1080\"href='https:\/\/www.radiopiu.net\/wordpress\/wp-content\/uploads\/2024\/03\/d42dd293-fdf1-4118-a957-2c25c17853cb.jpg'><img loading=\"lazy\" decoding=\"async\" width=\"150\" height=\"150\" src=\"https:\/\/www.radiopiu.net\/wordpress\/wp-content\/uploads\/2024\/03\/d42dd293-fdf1-4118-a957-2c25c17853cb-150x150.jpg\" class=\"attachment-thumbnail size-thumbnail\" alt=\"\" \/><\/a>\n\t\t\t\t<\/dt><\/dl><dl class='gallery-item'>\n\t\t\t\t<dt class='gallery-icon landscape'>\n\t\t\t\t\t<a class=\"rollover rollover-zoom dt-pswp-item\" title=\"e4fa6707-c788-41fc-9bc3-147ed65560e5\" data-dt-img-description=\"\" data-large_image_width=\"1920\" data-large_image_height=\"1080\"href='https:\/\/www.radiopiu.net\/wordpress\/wp-content\/uploads\/2024\/03\/e4fa6707-c788-41fc-9bc3-147ed65560e5.jpg'><img loading=\"lazy\" decoding=\"async\" width=\"150\" height=\"150\" src=\"https:\/\/www.radiopiu.net\/wordpress\/wp-content\/uploads\/2024\/03\/e4fa6707-c788-41fc-9bc3-147ed65560e5-150x150.jpg\" class=\"attachment-thumbnail size-thumbnail\" alt=\"\" \/><\/a>\n\t\t\t\t<\/dt><\/dl><br style=\"clear: both\" \/>\n\t\t\t<\/div>\n\n<p>&nbsp;<\/p>\n<hr \/>\n<p>&nbsp;<\/p>\n<blockquote>\n<h3><strong><a class=\"dt-pswp-item\" href=\"https:\/\/www.radiopiu.net\/wordpress\/wp-content\/uploads\/2024\/03\/Ufficio_postale_di_Cadola.jpg\" data-dt-img-description=\"\" data-large_image_width=\"926\" data-large_image_height=\"658\"><img loading=\"lazy\" decoding=\"async\" class=\" wp-image-381521 alignleft\" src=\"https:\/\/www.radiopiu.net\/wordpress\/wp-content\/uploads\/2024\/03\/Ufficio_postale_di_Cadola-300x213.jpg\" alt=\"\" width=\"161\" height=\"114\" srcset=\"https:\/\/www.radiopiu.net\/wordpress\/wp-content\/uploads\/2024\/03\/Ufficio_postale_di_Cadola-300x213.jpg 300w, https:\/\/www.radiopiu.net\/wordpress\/wp-content\/uploads\/2024\/03\/Ufficio_postale_di_Cadola-768x546.jpg 768w, https:\/\/www.radiopiu.net\/wordpress\/wp-content\/uploads\/2024\/03\/Ufficio_postale_di_Cadola.jpg 926w\" sizes=\"auto, (max-width: 161px) 100vw, 161px\" \/><\/a><\/strong>POSTE ITALIANE INVESTE SUGLI UFFICI<\/h3>\n<\/blockquote>\n<p><strong>CORTINA<\/strong> Poste Italiane trasformer\u00e0 l&#8217;edificio in via Olimpia a Cortina D\u2019Ampezzo in uno spazio di lavoro condiviso nell&#8217;ambito del progetto Polis. Il sindaco Gianluca Lorenzi si \u00e8 detto soddisfatto dell&#8217;attenzione dell&#8217;azienda verso il tessuto imprenditoriale e la comunit\u00e0 locale, evidenziando il potenziale di crescita economica per l&#8217;intero territorio.<\/p>\n<p><strong>LONGARONE<\/strong> Riapre oggi l\u2019Ufficio Postale di Longarone. Sono terminati infatti i lavori di ristrutturazione della sede di piazza 9 ottobre, per accogliere, non appena saranno operativi, tutti i principali servizi della Pubblica Amministrazione<\/p>\n<p><strong>PONTE NELLE ALPI<\/strong> La giunta comunale di Ponte nelle Alpi ha firmato un nuovo contratto di locazione per l&#8217;ufficio postale di Cadola, situato all&#8217;interno della sede municipale. Questa decisione deriva da una situazione che ha avuto origine nel 2010, quando Poste Italiane aveva considerato il trasferimento dell&#8217;ufficio di Cadola per mancanza di spazi idonei. Tuttavia, grazie alla disponibilit\u00e0 dell&#8217;ufficio del sindaco, si \u00e8 trovata una soluzione che ha mantenuto il servizio nella comunit\u00e0.<\/p>\n<p>&nbsp;<\/p>\n<hr \/>\n<p>&nbsp;<\/p>\n<blockquote>\n<h2><img loading=\"lazy\" decoding=\"async\" class=\"alignleft\" src=\"https:\/\/www.radiopiu.net\/wordpress\/wp-content\/uploads\/2024\/03\/WhatsApp-Image-2024-03-28-at-3.01.58-PM.jpeg\" width=\"277\" height=\"174\" \/>&#8220;Promozione dello Stile di Vita Sano: Riconoscimento ai &#8216;Comuni Attivi&#8217; della Provincia di Belluno&#8221;<\/h2>\n<\/blockquote>\n<p><strong>BELLUNO<\/strong> Il Piano Regionale della Prevenzione 2020-2025 del Veneto promuove uno stile di vita sano attraverso la partecipazione attiva della popolazione, enfatizzando il ruolo cruciale della comunit\u00e0 locale. La nascita della &#8220;Rete dei Comuni Attivi&#8221; mira a coinvolgere le singole comunit\u00e0 nell&#8217;incentivare l&#8217;attivit\u00e0 fisica e la creazione di contesti favorevoli attraverso iniziative e interventi urbani. I Comuni giocano un ruolo chiave nel coinvolgere i cittadini e promuovere l&#8217;inclusione, ricevendo riconoscimenti come &#8220;Comuni Attivi&#8221; per le azioni intraprese. La regione del Veneto sostiene la promozione degli stili di vita sani tramite la campagna &#8220;Vivo Bene Veneto&#8221; e la guida delle &#8220;Comunit\u00e0 Attive&#8221;. Oggi, 16 Comuni della Provincia di Belluno hanno ricevuto il riconoscimento di &#8220;Comune Attivo&#8221; per le loro iniziative a favore dell&#8217;attivit\u00e0 motoria, con la consegna delle targhe di riconoscimento e della nuova cartellonistica. Il Commissario dell&#8217;ULSS1 Dolomiti Giuseppe Dal Ben ha consegnato il riconoscimento alle 16 Amministrazioni Comunali, Alpago, Borgo Valbelluna, Cesiomaggiore, Cortina, Feltre, Fonzaso, Lamon, Longarone, Lorenzago di Cadore, Lozzo di Cadore,<br \/>\nPedavena, Santa Giustina Bellunese, San Gregorio nelle Alpi, Sedico, Seren del Grappa, Sovramonte<\/p>\n<p>&nbsp;<\/p>\n<p>&nbsp;<\/p>\n<hr \/>\n<p>&nbsp;<\/p>\n<blockquote>\n<h3>PIANO BORGHI PNRR: UNCEM NON HA AVUTO RISPOSTE DAI MINISTERI<\/h3>\n<\/blockquote>\n<p><strong><a class=\"dt-pswp-item\" href=\"https:\/\/www.radiopiu.net\/wordpress\/wp-content\/uploads\/2020\/11\/logoUNCEM_no_scritta-wdtr.jpg\" data-dt-img-description=\"\" data-large_image_width=\"640\" data-large_image_height=\"640\"><img loading=\"lazy\" decoding=\"async\" class=\" wp-image-170846 alignleft\" src=\"https:\/\/www.radiopiu.net\/wordpress\/wp-content\/uploads\/2020\/11\/logoUNCEM_no_scritta-wdtr-300x300.jpg\" alt=\"\" width=\"109\" height=\"109\" srcset=\"https:\/\/www.radiopiu.net\/wordpress\/wp-content\/uploads\/2020\/11\/logoUNCEM_no_scritta-wdtr-300x300.jpg 300w, https:\/\/www.radiopiu.net\/wordpress\/wp-content\/uploads\/2020\/11\/logoUNCEM_no_scritta-wdtr-150x150.jpg 150w, https:\/\/www.radiopiu.net\/wordpress\/wp-content\/uploads\/2020\/11\/logoUNCEM_no_scritta-wdtr.jpg 640w\" sizes=\"auto, (max-width: 109px) 100vw, 109px\" \/><\/a>ROMA<\/strong> Marco Bussone, Presidente nazionale Uncem, esprime preoccupazione per il silenzio ministeriale riguardo al Piano borghi finanziato dal PNRR e alla Strategia aree interne. I Ministri Fitto e Sangiuliano non forniscono risposte, mentre Uncem continua a sollecitare chiarezza. Due miliardi di euro sono in gioco per i territori, ma manca trasparenza sull&#8217;operato ministeriale. I Sindaci, responsabili dei finanziamenti, affrontano regole burocratiche e mancanza di supporto ministeriale. Bussone auspica un risveglio delle istituzioni e un coinvolgimento attivo dei territori e delle comunit\u00e0 interessate.<\/p>\n<p>&nbsp;<\/p>\n<p>&nbsp;<\/p>\n<p>&nbsp;<\/p>\n<hr \/>\n<p>&nbsp;<\/p>\n<blockquote>\n<h3>UN NUOVO BANDO PER LA MONGOLFIERA DI GIORGIA<\/h3>\n<\/blockquote>\n<p><strong><a class=\"dt-pswp-item\" href=\"https:\/\/www.radiopiu.net\/wordpress\/wp-content\/uploads\/2022\/01\/mongolfiera-di-giorngia_0.png\" data-dt-img-description=\"\" data-large_image_width=\"980\" data-large_image_height=\"450\"><img loading=\"lazy\" decoding=\"async\" class=\" wp-image-255223 alignleft\" src=\"https:\/\/www.radiopiu.net\/wordpress\/wp-content\/uploads\/2022\/01\/mongolfiera-di-giorngia_0-300x138.png\" alt=\"\" width=\"191\" height=\"88\" srcset=\"https:\/\/www.radiopiu.net\/wordpress\/wp-content\/uploads\/2022\/01\/mongolfiera-di-giorngia_0-300x138.png 300w, https:\/\/www.radiopiu.net\/wordpress\/wp-content\/uploads\/2022\/01\/mongolfiera-di-giorngia_0-768x353.png 768w, https:\/\/www.radiopiu.net\/wordpress\/wp-content\/uploads\/2022\/01\/mongolfiera-di-giorngia_0.png 980w\" sizes=\"auto, (max-width: 191px) 100vw, 191px\" \/><\/a>BELLUNO<\/strong> In occasione del compleanno di Giorgia, viene pubblicato il dodicesimo bando di primavera. Quest&#8217;anno il bando sar\u00e0 dedicato a Luca Maccagnan, socio e candidato consigliere, che ci ha lasciato lo scorso dicembre. Luca ha contribuito attivamente con idee creative, come le mongolfiere realizzate con lampadine riciclate, e ha supportato le iniziative con il suo tempo e la sua energia. Luca viene ricordato con questo bando che offre 12.000 euro ai ragazzi adolescenti con disabilit\u00e0, pronti a superare questa cifra se necessario. Informazioni <a href=\"https:\/\/www.lamongolfieradigiorgia.it\/bandi\/\" target=\"_new\" rel=\"noopener\">https:\/\/www.lamongolfieradigiorgia.it\/bandi\/<\/a>.<\/p>\n<p>&nbsp;<\/p>\n<p>&nbsp;<\/p>\n<hr \/>\n<p>&nbsp;<\/p>\n<blockquote>\n<h3>UN BANDO PER ALLIEVI MARESCIALLI DELLA GUARDIA DI FINANZA<\/h3>\n<\/blockquote>\n<p><strong><a class=\"dt-pswp-item\" href=\"https:\/\/www.radiopiu.net\/wordpress\/wp-content\/uploads\/2021\/07\/9dab3da2-5b99-4e4c-9808-d95d42ff43b5.jpg\" data-dt-img-description=\"\" data-large_image_width=\"1067\" data-large_image_height=\"1067\"><img loading=\"lazy\" decoding=\"async\" class=\" wp-image-222502 alignleft\" src=\"https:\/\/www.radiopiu.net\/wordpress\/wp-content\/uploads\/2021\/07\/9dab3da2-5b99-4e4c-9808-d95d42ff43b5-300x300.jpg\" alt=\"\" width=\"103\" height=\"103\" srcset=\"https:\/\/www.radiopiu.net\/wordpress\/wp-content\/uploads\/2021\/07\/9dab3da2-5b99-4e4c-9808-d95d42ff43b5-300x300.jpg 300w, https:\/\/www.radiopiu.net\/wordpress\/wp-content\/uploads\/2021\/07\/9dab3da2-5b99-4e4c-9808-d95d42ff43b5-1024x1024.jpg 1024w, https:\/\/www.radiopiu.net\/wordpress\/wp-content\/uploads\/2021\/07\/9dab3da2-5b99-4e4c-9808-d95d42ff43b5-150x150.jpg 150w, https:\/\/www.radiopiu.net\/wordpress\/wp-content\/uploads\/2021\/07\/9dab3da2-5b99-4e4c-9808-d95d42ff43b5-768x768.jpg 768w, https:\/\/www.radiopiu.net\/wordpress\/wp-content\/uploads\/2021\/07\/9dab3da2-5b99-4e4c-9808-d95d42ff43b5.jpg 1067w\" sizes=\"auto, (max-width: 103px) 100vw, 103px\" \/><\/a>BELLUNO<\/strong> La Guardia di Finanza ha indetto un concorso per l&#8217;ammissione di 1.330 allievi marescialli al 96\u00b0 corso presso la Scuola Ispettori e Sovrintendenti per l&#8217;anno accademico 2024\/2025. I posti sono suddivisi tra contingente ordinario e di mare, con riserve specifiche. Possono partecipare cittadini italiani tra i 17 e i 26 anni. La domanda va presentata entro le ore 12:00 del 6 aprile 2024 tramite il portale <a href=\"https:\/\/concorsi.gdf.gov.it\/\" target=\"_new\" rel=\"noopener\">https:\/\/concorsi.gdf.gov.it<\/a>, con autenticazione SPID o CIE. Ulteriori dettagli sono disponibili sul portale o tramite l&#8217;APP Mobile &#8220;GdF Concorsi&#8221;.<\/p>\n<p>&nbsp;<\/p>\n<p>&nbsp;<\/p>\n<hr \/>\n<p>&nbsp;<\/p>\n<div class=\"flex-1 overflow-hidden\">\n<div class=\"react-scroll-to-bottom--css-petsd-79elbk h-full\">\n<div class=\"react-scroll-to-bottom--css-petsd-1n7m0yu\">\n<div class=\"flex flex-col text-sm pb-9\">\n<div class=\"w-full text-token-text-primary\" data-testid=\"conversation-turn-56\">\n<div class=\"px-4 py-2 justify-center text-base md:gap-6 m-auto\">\n<div class=\"flex flex-1 text-base mx-auto gap-3 md:px-5 lg:px-1 xl:px-5 md:max-w-3xl lg:max-w-[40rem] xl:max-w-[48rem] group final-completion\">\n<div class=\"relative flex w-full flex-col agent-turn\">\n<div class=\"flex-col gap-1 md:gap-3\">\n<blockquote>\n<h1><span style=\"color: #ff0000;\"><strong>BANDI E CONCORSI<\/strong><\/span><\/h1>\n<\/blockquote>\n<div><\/div>\n<div>\n<p><strong><a class=\"dt-pswp-item\" href=\"https:\/\/www.radiopiu.net\/wordpress\/wp-content\/uploads\/2022\/03\/ASCA.jpg\" data-dt-img-description=\"\" data-large_image_width=\"292\" data-large_image_height=\"290\"><img loading=\"lazy\" decoding=\"async\" class=\"wp-image-263829 alignleft\" src=\"https:\/\/www.radiopiu.net\/wordpress\/wp-content\/uploads\/2022\/03\/ASCA.jpg\" alt=\"\" width=\"100\" height=\"99\" srcset=\"https:\/\/www.radiopiu.net\/wordpress\/wp-content\/uploads\/2022\/03\/ASCA.jpg 292w, https:\/\/www.radiopiu.net\/wordpress\/wp-content\/uploads\/2022\/03\/ASCA-150x150.jpg 150w\" sizes=\"auto, (max-width: 100px) 100vw, 100px\" \/><\/a>L\u2019AZIENDA SPECIALE CONSORTILE AGORDINA, ASCA, HA EMESSO UN BANDO PER LA SELEZIONE DI UNO PSICOLOGO.LIVELLO CONTRATTUALE:2\u00b0 \u2013 CONTRATTO UNEBA Accesso Welfare Aziendale Possibilit\u00e0 di sistemazione abitativa gratuita per 8 mesi LE DOMANDE VANNO PRESENTATE ENTRO LE 12 DI LUNEDI 1 APRILE: INFO WW.servizisocialiasca.it\u00a0 \u00a0<\/strong><\/p>\n<p>&nbsp;<\/p>\n<hr \/>\n<\/div>\n<\/div>\n<\/div>\n<\/div>\n<\/div>\n<\/div>\n<\/div>\n<\/div>\n<\/div>\n<\/div>\n<div class=\"w-full pt-2 md:pt-0 dark:border-white\/20 md:border-transparent md:dark:border-transparent md:w-[calc(100%-.5rem)]\">\n<form class=\"stretch mx-2 flex flex-row gap-3 last:mb-2 md:mx-4 md:last:mb-6 lg:mx-auto lg:max-w-2xl xl:max-w-3xl\">\n<div class=\"relative flex h-full flex-1 flex-col\">\n<div class=\"flex w-full items-center\">\n<p><strong><a class=\"dt-pswp-item\" href=\"https:\/\/www.radiopiu.net\/wordpress\/wp-content\/uploads\/2018\/03\/VILLA-GIUSEPPE.jpg\" data-dt-img-description=\"\" data-large_image_width=\"250\" data-large_image_height=\"332\"><img loading=\"lazy\" decoding=\"async\" class=\"wp-image-45507 alignleft\" src=\"https:\/\/www.radiopiu.net\/wordpress\/wp-content\/uploads\/2018\/03\/VILLA-GIUSEPPE-226x300.jpg\" alt=\"\" width=\"79\" height=\"105\" srcset=\"https:\/\/www.radiopiu.net\/wordpress\/wp-content\/uploads\/2018\/03\/VILLA-GIUSEPPE-226x300.jpg 226w, https:\/\/www.radiopiu.net\/wordpress\/wp-content\/uploads\/2018\/03\/VILLA-GIUSEPPE.jpg 250w\" sizes=\"auto, (max-width: 79px) 100vw, 79px\" \/><\/a>08 03<\/strong>\u00a0<strong>La Fodom Servizi ha pubblicato un avviso di selezione per la formulazione di una graduatoria di idoneit\u00e0 per l\u2019inserimento a tempo indeterminato\/determinato, a tempo pieno o parziale, presso il Centro Servizi per Anziani Villa San Giuseppe, per la figura di: OPERATORE POLIVALENTE \u2013 ADDETTO ALLE PULIZIE E LAVANDERIA. \u00a0Con scadenza presentazione domande il 22.03.2024 ore 12.00.\u00a0<\/strong><strong>Per info: 0436-7106 oppure\u00a0<\/strong><a href=\"http:\/\/www.fodomservizi.it\/\"><strong>www.fodomservizi.it<\/strong><\/a><\/p>\n<\/div>\n<\/div>\n<\/form>\n<\/div>\n<p>&nbsp;<\/p>\n<p>&nbsp;<\/p>\n<hr \/>\n<p>&nbsp;<\/p>\n<blockquote>\n<h3>FISCO, NOTIZIE FLASH DI SILVIA BALDO<\/h3>\n<\/blockquote>\n<p><strong><a class=\"dt-pswp-item\" href=\"https:\/\/www.radiopiu.net\/wordpress\/wp-content\/uploads\/2021\/08\/soldi-banche.jpg\" data-dt-img-description=\"\" data-large_image_width=\"800\" data-large_image_height=\"566\"><img loading=\"lazy\" decoding=\"async\" class=\" wp-image-228818 alignleft\" src=\"https:\/\/www.radiopiu.net\/wordpress\/wp-content\/uploads\/2021\/08\/soldi-banche-300x212.jpg\" alt=\"\" width=\"156\" height=\"110\" srcset=\"https:\/\/www.radiopiu.net\/wordpress\/wp-content\/uploads\/2021\/08\/soldi-banche-300x212.jpg 300w, https:\/\/www.radiopiu.net\/wordpress\/wp-content\/uploads\/2021\/08\/soldi-banche-768x543.jpg 768w, https:\/\/www.radiopiu.net\/wordpress\/wp-content\/uploads\/2021\/08\/soldi-banche.jpg 800w\" sizes=\"auto, (max-width: 156px) 100vw, 156px\" \/><\/a>REDAZIONE<\/strong> Nuovo spazio informativo a cura di Silvia Baldo della CGIL di Feltre.<\/p>\n<p>&nbsp;<\/p>\n<p>&nbsp;<\/p>\n<p>&nbsp;<\/p>\n<p>&nbsp;<\/p>\n<p><strong>28 MARZO 2024 <span style=\"color: #ff0000;\">scadenza 30 giugno saldo irpef<\/span><\/strong><\/p>\n<audio class=\"wp-audio-shortcode\" id=\"audio-381442-10\" preload=\"none\" style=\"width: 100%;\" controls=\"controls\"><source type=\"audio\/mpeg\" src=\"https:\/\/www.radiopiu.net\/wordpress\/wp-content\/uploads\/2024\/03\/SILVIAS4-scadwe-il-30-giuno.mp3?_=10\" \/><a href=\"https:\/\/www.radiopiu.net\/wordpress\/wp-content\/uploads\/2024\/03\/SILVIAS4-scadwe-il-30-giuno.mp3\">https:\/\/www.radiopiu.net\/wordpress\/wp-content\/uploads\/2024\/03\/SILVIAS4-scadwe-il-30-giuno.mp3<\/a><\/audio>\n<p><strong>27 MARZO 2024\u00a0<span style=\"color: #ff0000;\">scadenza 30 settembre anno d&#8217;imposta 2024<\/span><\/strong><\/p>\n<audio class=\"wp-audio-shortcode\" id=\"audio-381442-11\" preload=\"none\" style=\"width: 100%;\" controls=\"controls\"><source type=\"audio\/mpeg\" src=\"https:\/\/www.radiopiu.net\/wordpress\/wp-content\/uploads\/2024\/03\/SILVIAS3-scade-30-settembre.mp3?_=11\" \/><a href=\"https:\/\/www.radiopiu.net\/wordpress\/wp-content\/uploads\/2024\/03\/SILVIAS3-scade-30-settembre.mp3\">https:\/\/www.radiopiu.net\/wordpress\/wp-content\/uploads\/2024\/03\/SILVIAS3-scade-30-settembre.mp3<\/a><\/audio>\n<p><strong>26 MARZO 2024 <span style=\"color: #ff0000;\">opportunit\u00e0<\/span><\/strong><\/p>\n<audio class=\"wp-audio-shortcode\" id=\"audio-381442-12\" preload=\"none\" style=\"width: 100%;\" controls=\"controls\"><source type=\"audio\/mpeg\" src=\"https:\/\/www.radiopiu.net\/wordpress\/wp-content\/uploads\/2024\/03\/SILVIAS2-effetti-730.mp3?_=12\" \/><a href=\"https:\/\/www.radiopiu.net\/wordpress\/wp-content\/uploads\/2024\/03\/SILVIAS2-effetti-730.mp3\">https:\/\/www.radiopiu.net\/wordpress\/wp-content\/uploads\/2024\/03\/SILVIAS2-effetti-730.mp3<\/a><\/audio>\n<p><strong>25 MARZO 2024 <span style=\"color: #ff0000;\">opportunit\u00e0<\/span><\/strong><\/p>\n<audio class=\"wp-audio-shortcode\" id=\"audio-381442-13\" preload=\"none\" style=\"width: 100%;\" controls=\"controls\"><source type=\"audio\/mpeg\" src=\"https:\/\/www.radiopiu.net\/wordpress\/wp-content\/uploads\/2024\/03\/SILVIAS1-a-decorrere-.mp3?_=13\" \/><a href=\"https:\/\/www.radiopiu.net\/wordpress\/wp-content\/uploads\/2024\/03\/SILVIAS1-a-decorrere-.mp3\">https:\/\/www.radiopiu.net\/wordpress\/wp-content\/uploads\/2024\/03\/SILVIAS1-a-decorrere-.mp3<\/a><\/audio>\n<p>&nbsp;<\/p>\n<p>&nbsp;<\/p>\n<p>&nbsp;<\/p>\n<hr \/>\n<p>&nbsp;<\/p>\n<blockquote>\n<h3>OGGI L&#8217;APERITIVO EUROPEO<\/h3>\n<\/blockquote>\n<p><strong>BELLUNO <\/strong>Nel primo di una serie di incontri sui temi comunitari, GenerAzione Europa promuove oggi un confronto su Intelligenza Artificiale e Brexit L&#8217;appuntamento \u00e8 fissato per le 18.00 presso l&#8217;Urban Hub, un luogo simbolico di scambio e incontro nel cuore della citt\u00e0 splendente. Ad introdurre l&#8217;evento sar\u00e0 Luigi Daniele &#8211; tra gli animatori di questo sodalizio e Responsabile Under30 di Azione Belluno &#8211; con una prospettiva innovativa su come coinvolgere le giovani generazioni nel processo decisionale europeo. Tra gli ospiti figurano Luca Frescura, Presidente di Giovani &amp; Futuro, e Mariachiara Roldo, Responsabile dei Giovani Democratici Bellunesi. Entrambi, forti della loro esperienza nel campo della politica giovanile, saranno pronti a condividere le loro visioni sul futuro dell&#8217;Europa.<\/p>\n<p>&nbsp;<\/p>\n<hr \/>\n<p>&nbsp;<\/p>\n<p align=\"CENTER\"><strong><span style=\"color: #000000;\">FESTA DEI MARANGONI, SECONDA EDIZIONE<\/span><\/strong><\/p>\n<p align=\"JUSTIFY\"><strong>BELLUNO<\/strong> Festa dei Marangoni, edizione 2024: dopo il successo ottenuto lo scorso anno, domenica 14 aprile torna la tradizionale kermesse dedicata a Borgo Pra e ai suoi antichi mestieri.<\/p>\n<p>&nbsp;<\/p>\n<hr \/>\n<p>&nbsp;<\/p>\n<p>&nbsp;<\/p>\n<blockquote>\n<h2>SABATO LA PRESENTAZIONE DEI NUOVI GRAFFITI A PROMPICAI E PARECH<\/h2>\n<\/blockquote>\n<p><img loading=\"lazy\" decoding=\"async\" class=\"alignleft\" src=\"https:\/\/www.radiopiu.net\/wordpress\/wp-content\/uploads\/2024\/03\/98d00c21-6482-4720-b098-398ade5e0a6f.jpg\" width=\"181\" height=\"155\" \/><strong>AGORDO<\/strong><\/p>\n<p><strong>\u00a0DI GIANNI SANTOMASO<\/strong><\/p>\n<audio class=\"wp-audio-shortcode\" id=\"audio-381442-14\" preload=\"none\" style=\"width: 100%;\" controls=\"controls\"><source type=\"audio\/mpeg\" src=\"https:\/\/www.radiopiu.net\/wordpress\/wp-content\/uploads\/2024\/03\/GIANNI-GRAFFITO.mp3?_=14\" \/><a href=\"https:\/\/www.radiopiu.net\/wordpress\/wp-content\/uploads\/2024\/03\/GIANNI-GRAFFITO.mp3\">https:\/\/www.radiopiu.net\/wordpress\/wp-content\/uploads\/2024\/03\/GIANNI-GRAFFITO.mp3<\/a><\/audio>\n<p>&nbsp;<\/p>\n<p>&nbsp;<\/p>\n<p>&nbsp;<\/p>\n<hr \/>\n<blockquote>\n<h2>feste in vallata: dai Piani di Pezze&#8217;\u00a0 con il doppio appuntamento Pezze&#8217; Trophy e Splash Party,\u00a0 sagra de Pasca e San Vincenzo tra i fiori, a Prompicai di Agordo.<\/h2>\n<\/blockquote>\n\n\t\t\t<style type='text\/css'>\n\t\t\t\t#gallery-4 {\n\t\t\t\t\tmargin: auto;\n\t\t\t\t}\n\t\t\t\t#gallery-4 .gallery-item {\n\t\t\t\t\tfloat: left;\n\t\t\t\t\tmargin-top: 10px;\n\t\t\t\t\ttext-align: center;\n\t\t\t\t\twidth: 33%;\n\t\t\t\t}\n\t\t\t\t#gallery-4 img {\n\t\t\t\t\tborder: 2px solid #cfcfcf;\n\t\t\t\t}\n\t\t\t\t#gallery-4 .gallery-caption {\n\t\t\t\t\tmargin-left: 0;\n\t\t\t\t}\n\t\t\t\t\/* see gallery_shortcode() in wp-includes\/media.php *\/\n\t\t\t<\/style>\n\t\t<div id='gallery-4' class='dt-gallery-container gallery galleryid-381442 gallery-columns-3 gallery-size-medium'><dl class='gallery-item'>\n\t\t\t\t<dt class='gallery-icon portrait'>\n\t\t\t\t\t<a class=\"rollover rollover-zoom dt-pswp-item\" title=\"PASCA\" data-dt-img-description=\"\" data-large_image_width=\"449\" data-large_image_height=\"628\"href='https:\/\/www.radiopiu.net\/wordpress\/wp-content\/uploads\/2024\/03\/Senza-nome-15.png'><img loading=\"lazy\" decoding=\"async\" width=\"214\" height=\"300\" src=\"https:\/\/www.radiopiu.net\/wordpress\/wp-content\/uploads\/2024\/03\/Senza-nome-15-214x300.png\" class=\"attachment-medium size-medium\" alt=\"\" srcset=\"https:\/\/www.radiopiu.net\/wordpress\/wp-content\/uploads\/2024\/03\/Senza-nome-15-214x300.png 214w, https:\/\/www.radiopiu.net\/wordpress\/wp-content\/uploads\/2024\/03\/Senza-nome-15.png 449w\" sizes=\"auto, (max-width: 214px) 100vw, 214px\" \/><\/a>\n\t\t\t\t<\/dt><\/dl><dl class='gallery-item'>\n\t\t\t\t<dt class='gallery-icon portrait'>\n\t\t\t\t\t<a class=\"rollover rollover-zoom dt-pswp-item\" title=\"928d2648-0f8e-495e-8300-a22ae6e4273d\" data-dt-img-description=\"\" data-large_image_width=\"1204\" data-large_image_height=\"1600\"href='https:\/\/www.radiopiu.net\/wordpress\/wp-content\/uploads\/2024\/03\/928d2648-0f8e-495e-8300-a22ae6e4273d.jpg'><img loading=\"lazy\" decoding=\"async\" width=\"226\" height=\"300\" src=\"https:\/\/www.radiopiu.net\/wordpress\/wp-content\/uploads\/2024\/03\/928d2648-0f8e-495e-8300-a22ae6e4273d-226x300.jpg\" class=\"attachment-medium size-medium\" alt=\"\" srcset=\"https:\/\/www.radiopiu.net\/wordpress\/wp-content\/uploads\/2024\/03\/928d2648-0f8e-495e-8300-a22ae6e4273d-226x300.jpg 226w, https:\/\/www.radiopiu.net\/wordpress\/wp-content\/uploads\/2024\/03\/928d2648-0f8e-495e-8300-a22ae6e4273d-771x1024.jpg 771w, https:\/\/www.radiopiu.net\/wordpress\/wp-content\/uploads\/2024\/03\/928d2648-0f8e-495e-8300-a22ae6e4273d-768x1021.jpg 768w, https:\/\/www.radiopiu.net\/wordpress\/wp-content\/uploads\/2024\/03\/928d2648-0f8e-495e-8300-a22ae6e4273d-1156x1536.jpg 1156w, https:\/\/www.radiopiu.net\/wordpress\/wp-content\/uploads\/2024\/03\/928d2648-0f8e-495e-8300-a22ae6e4273d.jpg 1204w\" sizes=\"auto, (max-width: 226px) 100vw, 226px\" \/><\/a>\n\t\t\t\t<\/dt><\/dl><dl class='gallery-item'>\n\t\t\t\t<dt class='gallery-icon landscape'>\n\t\t\t\t\t<a class=\"rollover rollover-zoom dt-pswp-item\" title=\"409158151_6523017172363_8167181498378608884_n\" data-dt-img-description=\"\" data-large_image_width=\"843\" data-large_image_height=\"843\"href='https:\/\/www.radiopiu.net\/wordpress\/wp-content\/uploads\/2024\/03\/409158151_6523017172363_8167181498378608884_n.jpg'><img loading=\"lazy\" decoding=\"async\" width=\"300\" height=\"300\" src=\"https:\/\/www.radiopiu.net\/wordpress\/wp-content\/uploads\/2024\/03\/409158151_6523017172363_8167181498378608884_n-300x300.jpg\" class=\"attachment-medium size-medium\" alt=\"\" srcset=\"https:\/\/www.radiopiu.net\/wordpress\/wp-content\/uploads\/2024\/03\/409158151_6523017172363_8167181498378608884_n-300x300.jpg 300w, https:\/\/www.radiopiu.net\/wordpress\/wp-content\/uploads\/2024\/03\/409158151_6523017172363_8167181498378608884_n-150x150.jpg 150w, https:\/\/www.radiopiu.net\/wordpress\/wp-content\/uploads\/2024\/03\/409158151_6523017172363_8167181498378608884_n-768x768.jpg 768w, https:\/\/www.radiopiu.net\/wordpress\/wp-content\/uploads\/2024\/03\/409158151_6523017172363_8167181498378608884_n.jpg 843w\" sizes=\"auto, (max-width: 300px) 100vw, 300px\" \/><\/a>\n\t\t\t\t<\/dt><\/dl><br style=\"clear: both\" \/><dl class='gallery-item'>\n\t\t\t\t<dt class='gallery-icon portrait'>\n\t\t\t\t\t<a class=\"rollover rollover-zoom dt-pswp-item\" title=\"4569b749-c5f0-4645-89e4-2297915919ec\" data-dt-img-description=\"\" data-large_image_width=\"1415\" data-large_image_height=\"2000\"href='https:\/\/www.radiopiu.net\/wordpress\/wp-content\/uploads\/2024\/03\/4569b749-c5f0-4645-89e4-2297915919ec.jpg'><img loading=\"lazy\" decoding=\"async\" width=\"212\" height=\"300\" src=\"https:\/\/www.radiopiu.net\/wordpress\/wp-content\/uploads\/2024\/03\/4569b749-c5f0-4645-89e4-2297915919ec-212x300.jpg\" class=\"attachment-medium size-medium\" alt=\"\" srcset=\"https:\/\/www.radiopiu.net\/wordpress\/wp-content\/uploads\/2024\/03\/4569b749-c5f0-4645-89e4-2297915919ec-212x300.jpg 212w, https:\/\/www.radiopiu.net\/wordpress\/wp-content\/uploads\/2024\/03\/4569b749-c5f0-4645-89e4-2297915919ec-724x1024.jpg 724w, https:\/\/www.radiopiu.net\/wordpress\/wp-content\/uploads\/2024\/03\/4569b749-c5f0-4645-89e4-2297915919ec-768x1086.jpg 768w, https:\/\/www.radiopiu.net\/wordpress\/wp-content\/uploads\/2024\/03\/4569b749-c5f0-4645-89e4-2297915919ec-1087x1536.jpg 1087w, https:\/\/www.radiopiu.net\/wordpress\/wp-content\/uploads\/2024\/03\/4569b749-c5f0-4645-89e4-2297915919ec.jpg 1415w\" sizes=\"auto, (max-width: 212px) 100vw, 212px\" \/><\/a>\n\t\t\t\t<\/dt><\/dl><dl class='gallery-item'>\n\t\t\t\t<dt class='gallery-icon portrait'>\n\t\t\t\t\t<a class=\"rollover rollover-zoom dt-pswp-item\" title=\"49f8686e-d169-4f6e-a622-d2f09286b2d5\" data-dt-img-description=\"\" data-large_image_width=\"987\" data-large_image_height=\"1353\"href='https:\/\/www.radiopiu.net\/wordpress\/wp-content\/uploads\/2024\/03\/49f8686e-d169-4f6e-a622-d2f09286b2d5.jpg'><img loading=\"lazy\" decoding=\"async\" width=\"219\" height=\"300\" src=\"https:\/\/www.radiopiu.net\/wordpress\/wp-content\/uploads\/2024\/03\/49f8686e-d169-4f6e-a622-d2f09286b2d5-219x300.jpg\" class=\"attachment-medium size-medium\" alt=\"\" srcset=\"https:\/\/www.radiopiu.net\/wordpress\/wp-content\/uploads\/2024\/03\/49f8686e-d169-4f6e-a622-d2f09286b2d5-219x300.jpg 219w, https:\/\/www.radiopiu.net\/wordpress\/wp-content\/uploads\/2024\/03\/49f8686e-d169-4f6e-a622-d2f09286b2d5-747x1024.jpg 747w, https:\/\/www.radiopiu.net\/wordpress\/wp-content\/uploads\/2024\/03\/49f8686e-d169-4f6e-a622-d2f09286b2d5-768x1053.jpg 768w, https:\/\/www.radiopiu.net\/wordpress\/wp-content\/uploads\/2024\/03\/49f8686e-d169-4f6e-a622-d2f09286b2d5.jpg 987w\" sizes=\"auto, (max-width: 219px) 100vw, 219px\" \/><\/a>\n\t\t\t\t<\/dt><\/dl><dl class='gallery-item'>\n\t\t\t\t<dt class='gallery-icon portrait'>\n\t\t\t\t\t<a class=\"rollover rollover-zoom dt-pswp-item\" title=\"44acb3a3-e80a-42eb-a834-cb187a9ef8ea\" data-dt-img-description=\"\" data-large_image_width=\"1132\" data-large_image_height=\"1600\"href='https:\/\/www.radiopiu.net\/wordpress\/wp-content\/uploads\/2024\/03\/44acb3a3-e80a-42eb-a834-cb187a9ef8ea.jpg'><img loading=\"lazy\" decoding=\"async\" width=\"212\" height=\"300\" src=\"https:\/\/www.radiopiu.net\/wordpress\/wp-content\/uploads\/2024\/03\/44acb3a3-e80a-42eb-a834-cb187a9ef8ea-212x300.jpg\" class=\"attachment-medium size-medium\" alt=\"\" srcset=\"https:\/\/www.radiopiu.net\/wordpress\/wp-content\/uploads\/2024\/03\/44acb3a3-e80a-42eb-a834-cb187a9ef8ea-212x300.jpg 212w, https:\/\/www.radiopiu.net\/wordpress\/wp-content\/uploads\/2024\/03\/44acb3a3-e80a-42eb-a834-cb187a9ef8ea-724x1024.jpg 724w, https:\/\/www.radiopiu.net\/wordpress\/wp-content\/uploads\/2024\/03\/44acb3a3-e80a-42eb-a834-cb187a9ef8ea-768x1086.jpg 768w, https:\/\/www.radiopiu.net\/wordpress\/wp-content\/uploads\/2024\/03\/44acb3a3-e80a-42eb-a834-cb187a9ef8ea-1087x1536.jpg 1087w, https:\/\/www.radiopiu.net\/wordpress\/wp-content\/uploads\/2024\/03\/44acb3a3-e80a-42eb-a834-cb187a9ef8ea.jpg 1132w\" sizes=\"auto, (max-width: 212px) 100vw, 212px\" \/><\/a>\n\t\t\t\t<\/dt><\/dl><br style=\"clear: both\" \/>\n\t\t\t<\/div>\n\n<p>&nbsp;<\/p>\n<p>&nbsp;<\/p>\n<p><iframe loading=\"lazy\" title=\"WhatsApp Video 2024 03 27 at 18 15 14\" width=\"1200\" height=\"675\" src=\"https:\/\/www.youtube.com\/embed\/8Ub0cEARyKs?feature=oembed\" frameborder=\"0\" allow=\"accelerometer; autoplay; clipboard-write; encrypted-media; gyroscope; picture-in-picture; web-share\" referrerpolicy=\"strict-origin-when-cross-origin\" allowfullscreen><\/iframe><\/p>\n<p>&nbsp;<\/p>\n<blockquote>\n<h3><a class=\"dt-pswp-item\" href=\"https:\/\/www.radiopiu.net\/wordpress\/wp-content\/uploads\/2024\/03\/Senza-nome-89.png\" data-dt-img-description=\"\" data-large_image_width=\"599\" data-large_image_height=\"269\"><img loading=\"lazy\" decoding=\"async\" class=\"size-medium wp-image-381471 aligncenter\" src=\"https:\/\/www.radiopiu.net\/wordpress\/wp-content\/uploads\/2024\/03\/Senza-nome-89-300x135.png\" alt=\"\" width=\"300\" height=\"135\" srcset=\"https:\/\/www.radiopiu.net\/wordpress\/wp-content\/uploads\/2024\/03\/Senza-nome-89-300x135.png 300w, https:\/\/www.radiopiu.net\/wordpress\/wp-content\/uploads\/2024\/03\/Senza-nome-89.png 599w\" sizes=\"auto, (max-width: 300px) 100vw, 300px\" \/><\/a><\/h3>\n<h3>IERI SERA ALLA RADIO&#8230;. LA PRESENTAZIONE UFFICIALE DEL\u00a0 SAVE THE DATE FESTIVAL&#8230;<\/h3>\n<p>https:\/\/www.radiopiu.net\/wordpress\/save-the-date-festivalla-presentazione-ufficiale-su-radio-piu-la-diretta\/<\/p><\/blockquote>\n<p>&nbsp;<\/p>\n<hr \/>\n<p>&nbsp;<\/p>\n<blockquote>\n<h1>Concluso il Corso di Ginnastica per Signore &#8220;Mature&#8221; presso la Palestra della Scuola Superiore<\/h1>\n<p><strong>AGORDO<\/strong> Concluso il corso di ginnastica per signore &#8220;mature&#8221; che si sono impegnate in palestra da ottobre. Le lezioni si sono tenute ogni luned\u00ec e gioved\u00ec presso la palestra della Scuola superiore di primo grado, guidate dall&#8217;insegnante Monica Todesco. Le partecipanti hanno potuto dedicarsi a esercizi mirati per il proprio benessere fisico e hanno apprezzato l&#8217;opportunit\u00e0 di socializzare, sentendosi parte di un gruppo coeso e dinamico. Un ringraziamento speciale a tutte le partecipanti per il loro impegno e entusiasmo.<\/p>\n<p>&nbsp;<\/p>\n<p><img decoding=\"async\" src=\"https:\/\/www.radiopiu.net\/wordpress\/wp-content\/uploads\/2024\/03\/85dba1d7-8413-4669-98b5-c959b2acffda.jpg\" \/><\/p>\n<hr \/>\n<div class=\"flex-1 overflow-hidden\">\n<div class=\"react-scroll-to-bottom--css-fxiwm-79elbk h-full\">\n<div class=\"react-scroll-to-bottom--css-fxiwm-1n7m0yu\">\n<div class=\"flex flex-col text-sm pb-9\">\n<div class=\"w-full text-token-text-primary\" data-testid=\"conversation-turn-75\">\n<div class=\"px-4 py-2 justify-center text-base md:gap-6 m-auto\">\n<div class=\"flex flex-1 text-base mx-auto gap-3 md:px-5 lg:px-1 xl:px-5 md:max-w-3xl lg:max-w-[40rem] xl:max-w-[48rem] group final-completion\">\n<div class=\"relative flex w-full flex-col agent-turn\">\n<div class=\"flex-col gap-1 md:gap-3\">\n<div class=\"mt-1 flex justify-start gap-3 empty:hidden\">\n<div class=\"text-gray-400 flex self-end lg:self-center items-center justify-center lg:justify-start mt-0 -ml-1 h-7 gap-[2px] visible\"><button class=\"flex items-center gap-1.5 rounded-md p-1 text-xs text-token-text-tertiary hover:text-token-text-primary md:invisible md:group-hover:visible md:group-[.final-completion]:visible\">\u00a0<\/button><\/div>\n<\/div>\n<\/div>\n<\/div>\n<\/div>\n<\/div>\n<\/div>\n<\/div>\n<\/div>\n<\/div>\n<\/div>\n<\/blockquote>\n<p>&nbsp;<\/p>\n<p>&nbsp;<\/p>\n<hr \/>\n<p>&nbsp;<\/p>\n<blockquote class=\"wp-embedded-content\" data-secret=\"4aAN0NlHZ0\"><p><a href=\"https:\/\/www.radiopiu.net\/wordpress\/grma1\/\">IL GIORMALE RADIO DI MARCO DAL FARRA &#8211; LA RACCOLTA<\/a><\/p><\/blockquote>\n<p><iframe loading=\"lazy\" class=\"wp-embedded-content\" sandbox=\"allow-scripts\" security=\"restricted\" style=\"position: absolute; clip: rect(1px, 1px, 1px, 1px);\" title=\"&#8220;IL GIORMALE RADIO DI MARCO DAL FARRA &#8211; LA RACCOLTA&#8221; &#8212; Radio Pi\u00f9\" src=\"https:\/\/www.radiopiu.net\/wordpress\/grma1\/embed\/#?secret=GtL2jzUIjB#?secret=4aAN0NlHZ0\" data-secret=\"4aAN0NlHZ0\" width=\"600\" height=\"338\" frameborder=\"0\" marginwidth=\"0\" marginheight=\"0\" scrolling=\"no\"><\/iframe><\/p>\n<p>&nbsp;<\/p>\n<p>&nbsp;<\/p>\n<hr \/>\n<p>&nbsp;<\/p>\n<h3><a class=\"dt-pswp-item\" href=\"https:\/\/www.radiopiu.net\/wordpress\/wp-content\/uploads\/2023\/08\/862c8c0d-fb55-49e7-875a-930f514a02a7.jpg\" data-dt-img-description=\"\" data-large_image_width=\"2048\" data-large_image_height=\"1536\"><img loading=\"lazy\" decoding=\"async\" class=\"wp-image-349786 alignleft\" src=\"https:\/\/www.radiopiu.net\/wordpress\/wp-content\/uploads\/2023\/08\/862c8c0d-fb55-49e7-875a-930f514a02a7-300x225.jpg\" alt=\"\" width=\"136\" height=\"102\" srcset=\"https:\/\/www.radiopiu.net\/wordpress\/wp-content\/uploads\/2023\/08\/862c8c0d-fb55-49e7-875a-930f514a02a7-300x225.jpg 300w, https:\/\/www.radiopiu.net\/wordpress\/wp-content\/uploads\/2023\/08\/862c8c0d-fb55-49e7-875a-930f514a02a7-1024x768.jpg 1024w, https:\/\/www.radiopiu.net\/wordpress\/wp-content\/uploads\/2023\/08\/862c8c0d-fb55-49e7-875a-930f514a02a7-768x576.jpg 768w, https:\/\/www.radiopiu.net\/wordpress\/wp-content\/uploads\/2023\/08\/862c8c0d-fb55-49e7-875a-930f514a02a7-1536x1152.jpg 1536w, https:\/\/www.radiopiu.net\/wordpress\/wp-content\/uploads\/2023\/08\/862c8c0d-fb55-49e7-875a-930f514a02a7.jpg 2048w\" sizes=\"auto, (max-width: 136px) 100vw, 136px\" \/><\/a>LAVORI PER INTERRAMENTO DELLA CONDOTTA IDRICA<\/h3>\n<p><strong>LA VALLE<\/strong> Il Comune La Valle Agordina ordina la sospensione temporanea della circolazione veicolare sulla viabilit\u00e0 Silvo-pastorale di Fres, dall&#8217;11\/03\/2024 al 24\/06\/2024, dalle 7 alle 18 dal luned\u00ec al venerd\u00ec, esclusi sabato e domenica. Viene istituito il divieto di transito pedonale e con biciclette dalla localit\u00e0 Piaia fino a Pra de Val, con l&#8217;altro lato del divieto al ponte sul torrente Rova di Caleda. Analogamente, \u00e8 vietato il transito pedonale e con biciclette su parte del sentiero CAI n.551 (Strada Vicinale di Pepolade) dal 11\/03\/2024 al 24\/06\/2024 per l&#8217;intera durata delle 24 ore.<\/p>\n<p>&nbsp;<\/p>\n<p>&nbsp;<\/p>\n<hr \/>\n<p>&nbsp;<\/p>\n<h2><span style=\"color: #ff6600;\">IERI ALLA RADIO<\/span><\/h2>\n<h2><span style=\"color: #ff0000;\">CIAK SI GIRA, IL PROGRAMMA DI PAOLA LANCIATO<\/span><\/h2>\n<p><strong><a class=\"dt-pswp-item\" href=\"https:\/\/www.radiopiu.net\/wordpress\/wp-content\/uploads\/2024\/03\/LAVVOCATO-DEL-DIAVOLO.jpg\" data-dt-img-description=\"\" data-large_image_width=\"1536\" data-large_image_height=\"2048\"><img loading=\"lazy\" decoding=\"async\" class=\" wp-image-381512 alignleft\" src=\"https:\/\/www.radiopiu.net\/wordpress\/wp-content\/uploads\/2024\/03\/LAVVOCATO-DEL-DIAVOLO-225x300.jpg\" alt=\"\" width=\"83\" height=\"111\" srcset=\"https:\/\/www.radiopiu.net\/wordpress\/wp-content\/uploads\/2024\/03\/LAVVOCATO-DEL-DIAVOLO-225x300.jpg 225w, https:\/\/www.radiopiu.net\/wordpress\/wp-content\/uploads\/2024\/03\/LAVVOCATO-DEL-DIAVOLO-768x1024.jpg 768w, https:\/\/www.radiopiu.net\/wordpress\/wp-content\/uploads\/2024\/03\/LAVVOCATO-DEL-DIAVOLO-1152x1536.jpg 1152w, https:\/\/www.radiopiu.net\/wordpress\/wp-content\/uploads\/2024\/03\/LAVVOCATO-DEL-DIAVOLO.jpg 1536w\" sizes=\"auto, (max-width: 83px) 100vw, 83px\" \/><\/a>PUNTATA 16 L&#8217;AVVOCATO DEL DIAVOLO<\/strong><\/p>\n<audio class=\"wp-audio-shortcode\" id=\"audio-381442-15\" preload=\"none\" style=\"width: 100%;\" controls=\"controls\"><source type=\"audio\/mpeg\" src=\"https:\/\/www.radiopiu.net\/wordpress\/wp-content\/uploads\/2024\/03\/CIAK2-3.mp3?_=15\" \/><a href=\"https:\/\/www.radiopiu.net\/wordpress\/wp-content\/uploads\/2024\/03\/CIAK2-3.mp3\">https:\/\/www.radiopiu.net\/wordpress\/wp-content\/uploads\/2024\/03\/CIAK2-3.mp3<\/a><\/audio>\n<p>&nbsp;<\/p>\n<h2>LA RACCOLTA COMPLETA <a href=\"https:\/\/www.radiopiu.net\/wordpress\/ciak24\/\"><span style=\"color: #0000ff;\">CLICCA QUI<\/span><\/a><\/h2>\n<p>&nbsp;<\/p>\n<hr \/>\n<p>&nbsp;<\/p>\n<h2><span style=\"color: #3366ff;\">VERSO LO SPLASH PARTY CON ALLEGHE FUNIVIE<\/span><\/h2>\n<p><strong><a class=\"dt-pswp-item\" href=\"https:\/\/www.radiopiu.net\/wordpress\/wp-content\/uploads\/2024\/03\/IMG_6408-min.jpg\" data-dt-img-description=\"\" data-large_image_width=\"2002\" data-large_image_height=\"1430\"><img loading=\"lazy\" decoding=\"async\" class=\" wp-image-381186 alignleft\" src=\"https:\/\/www.radiopiu.net\/wordpress\/wp-content\/uploads\/2024\/03\/IMG_6408-min-300x214.jpg\" alt=\"\" width=\"192\" height=\"137\" srcset=\"https:\/\/www.radiopiu.net\/wordpress\/wp-content\/uploads\/2024\/03\/IMG_6408-min-300x214.jpg 300w, https:\/\/www.radiopiu.net\/wordpress\/wp-content\/uploads\/2024\/03\/IMG_6408-min-1024x731.jpg 1024w, https:\/\/www.radiopiu.net\/wordpress\/wp-content\/uploads\/2024\/03\/IMG_6408-min-768x549.jpg 768w, https:\/\/www.radiopiu.net\/wordpress\/wp-content\/uploads\/2024\/03\/IMG_6408-min-1536x1097.jpg 1536w, https:\/\/www.radiopiu.net\/wordpress\/wp-content\/uploads\/2024\/03\/IMG_6408-min.jpg 2002w\" sizes=\"auto, (max-width: 192px) 100vw, 192px\" \/><\/a>DI MIRKO MEZZACASA<\/strong><\/p>\n<p>OSPITI: Andrea Dal Farra e Christian Moretti<\/p>\n<audio class=\"wp-audio-shortcode\" id=\"audio-381442-16\" preload=\"none\" style=\"width: 100%;\" controls=\"controls\"><source type=\"audio\/mpeg\" src=\"https:\/\/www.radiopiu.net\/wordpress\/wp-content\/uploads\/2024\/03\/RADIOPPAN.mp3?_=16\" \/><a href=\"https:\/\/www.radiopiu.net\/wordpress\/wp-content\/uploads\/2024\/03\/RADIOPPAN.mp3\">https:\/\/www.radiopiu.net\/wordpress\/wp-content\/uploads\/2024\/03\/RADIOPPAN.mp3<\/a><\/audio>\n<p>&nbsp;<\/p>\n<hr \/>\n<p>&nbsp;<\/p>\n<h2><span style=\"color: #808000;\">I LAVORI DI BIM GSP AD AGORDO<\/span><\/h2>\n<p><a class=\"dt-pswp-item\" href=\"https:\/\/www.radiopiu.net\/wordpress\/wp-content\/uploads\/2021\/05\/BimGsp_Attilio_Sommavilla_1.jpg\" data-dt-img-description=\"dav\" data-large_image_width=\"1134\" data-large_image_height=\"1498\"><img loading=\"lazy\" decoding=\"async\" class=\"alignleft wp-image-211992 \" src=\"https:\/\/www.radiopiu.net\/wordpress\/wp-content\/uploads\/2021\/05\/BimGsp_Attilio_Sommavilla_1-227x300.jpg\" alt=\"\" width=\"138\" height=\"182\" srcset=\"https:\/\/www.radiopiu.net\/wordpress\/wp-content\/uploads\/2021\/05\/BimGsp_Attilio_Sommavilla_1-227x300.jpg 227w, https:\/\/www.radiopiu.net\/wordpress\/wp-content\/uploads\/2021\/05\/BimGsp_Attilio_Sommavilla_1-775x1024.jpg 775w, https:\/\/www.radiopiu.net\/wordpress\/wp-content\/uploads\/2021\/05\/BimGsp_Attilio_Sommavilla_1-768x1015.jpg 768w, https:\/\/www.radiopiu.net\/wordpress\/wp-content\/uploads\/2021\/05\/BimGsp_Attilio_Sommavilla_1.jpg 1134w\" sizes=\"auto, (max-width: 138px) 100vw, 138px\" \/><\/a><strong>DI MIRKO MEZZACASA<\/strong><\/p>\n<p>OSPITE: Attilio Sommavilla, Bim Gsp<\/p>\n<audio class=\"wp-audio-shortcode\" id=\"audio-381442-17\" preload=\"none\" style=\"width: 100%;\" controls=\"controls\"><source type=\"audio\/mpeg\" src=\"https:\/\/www.radiopiu.net\/wordpress\/wp-content\/uploads\/2024\/03\/attilio-somavillaaaaaaaaaaaaaaaaaa-gsp.mp3?_=17\" \/><a href=\"https:\/\/www.radiopiu.net\/wordpress\/wp-content\/uploads\/2024\/03\/attilio-somavillaaaaaaaaaaaaaaaaaa-gsp.mp3\">https:\/\/www.radiopiu.net\/wordpress\/wp-content\/uploads\/2024\/03\/attilio-somavillaaaaaaaaaaaaaaaaaa-gsp.mp3<\/a><\/audio>\n<p>&nbsp;<\/p>\n<hr \/>\n<p>&nbsp;<\/p>\n<h2><span style=\"color: #ff0000;\"><a class=\"dt-pswp-item\" href=\"https:\/\/www.radiopiu.net\/wordpress\/wp-content\/uploads\/2018\/09\/appuntamenti.jpeg\" data-dt-img-description=\"\" data-large_image_width=\"800\" data-large_image_height=\"100\"><img loading=\"lazy\" decoding=\"async\" class=\"wp-image-61958 size-full aligncenter\" src=\"https:\/\/www.radiopiu.net\/wordpress\/wp-content\/uploads\/2018\/09\/appuntamenti.jpeg\" alt=\"\" width=\"800\" height=\"100\" srcset=\"https:\/\/www.radiopiu.net\/wordpress\/wp-content\/uploads\/2018\/09\/appuntamenti.jpeg 800w, https:\/\/www.radiopiu.net\/wordpress\/wp-content\/uploads\/2018\/09\/appuntamenti-300x38.jpeg 300w, https:\/\/www.radiopiu.net\/wordpress\/wp-content\/uploads\/2018\/09\/appuntamenti-768x96.jpeg 768w\" sizes=\"auto, (max-width: 800px) 100vw, 800px\" \/><\/a><\/span><\/h2>\n<div>\n<div class=\"\" dir=\"auto\">\n<div id=\":r9h:\" class=\"x1iorvi4 x1pi30zi x1l90r2v x1swvt13\" data-ad-comet-preview=\"message\" data-ad-preview=\"message\">\n<div class=\"x78zum5 xdt5ytf xz62fqu x16ldp7u\">\n<div class=\"xu06os2 x1ok221b\">\n<p>&nbsp;<\/p>\n<blockquote>\n<h1><strong><a class=\"dt-pswp-item\" href=\"https:\/\/www.radiopiu.net\/wordpress\/wp-content\/uploads\/2024\/03\/432768131_122132584064160070_893759731308900904_n.jpg\" data-dt-img-description=\"\" data-large_image_width=\"526\" data-large_image_height=\"526\"><img loading=\"lazy\" decoding=\"async\" class=\" wp-image-379833 alignleft\" src=\"https:\/\/www.radiopiu.net\/wordpress\/wp-content\/uploads\/2024\/03\/432768131_122132584064160070_893759731308900904_n-300x300.jpg\" alt=\"\" width=\"186\" height=\"186\" srcset=\"https:\/\/www.radiopiu.net\/wordpress\/wp-content\/uploads\/2024\/03\/432768131_122132584064160070_893759731308900904_n-300x300.jpg 300w, https:\/\/www.radiopiu.net\/wordpress\/wp-content\/uploads\/2024\/03\/432768131_122132584064160070_893759731308900904_n-150x150.jpg 150w, https:\/\/www.radiopiu.net\/wordpress\/wp-content\/uploads\/2024\/03\/432768131_122132584064160070_893759731308900904_n.jpg 526w\" sizes=\"auto, (max-width: 186px) 100vw, 186px\" \/><\/a>AL CINEMA DOLOMITI DI FALCADE\u00a0<\/strong><\/h1>\n<\/blockquote>\n<p><strong>VACANZE PASQUALI AL CINEMA DOLOMITI DI FALCADE, RIAPRE LA SALA IN CENTRO AL PAESE. RIPRESA STAGIONALE CON UN GRANDE PELLICOLA NEL RICORDO DI BOB MARLEY ONE LOVE&#8230;\u00a0<\/strong><\/p>\n<p>Sabato 30 marzo ore 21 e domenica 31 ore 15,30 e 21 MY SWEET MONSTER di <em>M. Volkov. una fiaba romantica a cartoni animati<\/em><\/p>\n<p>BOB MARLEY &#8211; ONE LOVE La vita, il talento, i difetti, le passioni, l&#8217;impegno, ma soprattutto la Musica di una delle icone pi\u00f9 grandi di sempre: Bob Marley. di Reinaldo Marcus Green | Biografico &#8211; 107 minuti con Kingsley Ben-Adir &#8211; Lashana Lynch<\/p>\n<div class=\"x11i5rnm xat24cr x1mh8g0r x1vvkbs xtlvy1s x126k92a\">\n<div dir=\"auto\">01 Aprile 2024 | Ore 21:00<\/div>\n<\/div>\n<p>&nbsp;<\/p>\n<p>&nbsp;<\/p>\n<div>\n<div class=\"\" dir=\"auto\">\n<div id=\":r9h:\" class=\"x1iorvi4 x1pi30zi x1l90r2v x1swvt13\" data-ad-comet-preview=\"message\" data-ad-preview=\"message\">\n<div class=\"x78zum5 xdt5ytf xz62fqu x16ldp7u\">\n<div class=\"xu06os2 x1ok221b\">\n<div dir=\"auto\">\n<h2><span style=\"color: #ff0000;\">PROSSIMAMENTE&#8230;<\/span><\/h2>\n<p><strong>BELLUNO<\/strong> Lo SPI CGIL di Belluno organizza un incontro per parlare del Parco Nazionale Dolomiti Bellunesi dal titolo &#8220;Un patrimonio da proteggere&#8221;. Appuntamento in sala Bianchi a partire dalle 20. Introduce Maria Rita Gentilin, segretario generale Spi CGIL Belluno, interviene il dott. Enrico Vettorazzo, responsabile del servizio educazione e ricerca del Parco.<\/p>\n<p><strong>BELLUNO <\/strong>La 71a Stagione 2024 del Circolo Culturale Bellunese presenta due concerti: Gioved\u00ec 4 aprile 2024, alle 20:30, Armida Quartett all&#8217;Auditorium del Liceo Lollino con Mozart, Dutilleux e Dvo\u0159\u00e1k. Domenica 7 aprile 2024, alle 11:00, Steffani Viola Ensemble al Palazzo Fulcis con Bach, Telemann, Dittersdorf, \u010cajkovskij, Satie, Mascagni, Bridge e Alb\u00e9niz. In collaborazione con il Conservatorio di Musica A. Steffani di Castelfranco Veneto (TV).<\/p>\n<\/div>\n<\/div>\n<\/div>\n<\/div>\n<\/div>\n<\/div>\n<div>\n<div class=\"\" dir=\"auto\">\n<div id=\":r9h:\" class=\"x1iorvi4 x1pi30zi x1l90r2v x1swvt13\" data-ad-comet-preview=\"message\" data-ad-preview=\"message\">\n<div class=\"x78zum5 xdt5ytf xz62fqu x16ldp7u\">\n<div class=\"xu06os2 x1ok221b\">\n<p><strong>ALLEGHE<\/strong> Sabato 6 aprile gli Amici di Thierry organizzano il primo Piani Di Pezz\u00e8 Trophy, esibizione di Ape Car Elaborate su tracciato neve ghiaccio ai Piani di Pezz\u00e8 di Alleghe. Servizio cabinovia e servizio ristorazione alla Grande Baita Civetta e alla sera musica con DJ.<\/p>\n<p>&nbsp;<\/p>\n<\/div>\n<\/div>\n<\/div>\n<\/div>\n<\/div>\n<div class=\"\" dir=\"auto\">\n<div id=\":r9h:\" class=\"x1iorvi4 x1pi30zi x1l90r2v x1swvt13\" data-ad-comet-preview=\"message\" data-ad-preview=\"message\">\n<div class=\"x78zum5 xdt5ytf xz62fqu x16ldp7u\">\n<div class=\"xu06os2 x1ok221b\">\n<h3 dir=\"auto\"><\/h3>\n<h3 dir=\"auto\">7 APRILE, LARESEI! SAVE THE DATE FESTIVAL &#8220;ULTIMISSIME&#8221; CON CAROLINA MARQUEZ, MASSIMILIANO OSSINI, CAMILLA RONCHI, ICE MC,\u00a0\u00a0\u00a0 NATHALIE AARTS, ALIEN CUT\u00a0 E SATURNINO Acquista il tuo biglietto d&#8217;ingresso al link: www.ciaotickets.com \u00a0 save-the-date-festival 7 APRILE RIFUGIO LARESEI SKI AREA SAN PELLEGRINO-FALCADE<\/h3>\n<\/div>\n<\/div>\n<\/div>\n<\/div>\n<div>\n<div class=\"\" dir=\"auto\">\n<div id=\":r9h:\" class=\"x1iorvi4 x1pi30zi x1l90r2v x1swvt13\" data-ad-comet-preview=\"message\" data-ad-preview=\"message\">\n\n\t\t\t<style type='text\/css'>\n\t\t\t\t#gallery-5 {\n\t\t\t\t\tmargin: auto;\n\t\t\t\t}\n\t\t\t\t#gallery-5 .gallery-item {\n\t\t\t\t\tfloat: left;\n\t\t\t\t\tmargin-top: 10px;\n\t\t\t\t\ttext-align: center;\n\t\t\t\t\twidth: 25%;\n\t\t\t\t}\n\t\t\t\t#gallery-5 img {\n\t\t\t\t\tborder: 2px solid #cfcfcf;\n\t\t\t\t}\n\t\t\t\t#gallery-5 .gallery-caption {\n\t\t\t\t\tmargin-left: 0;\n\t\t\t\t}\n\t\t\t\t\/* see gallery_shortcode() in wp-includes\/media.php *\/\n\t\t\t<\/style>\n\t\t<div id='gallery-5' class='dt-gallery-container gallery galleryid-381442 gallery-columns-4 gallery-size-medium'><dl class='gallery-item'>\n\t\t\t\t<dt class='gallery-icon portrait'>\n\t\t\t\t\t<a class=\"rollover rollover-zoom dt-pswp-item\" title=\"SCR-20240306-qmql\" data-dt-img-description=\"\" data-large_image_width=\"1182\" data-large_image_height=\"1192\"href='https:\/\/www.radiopiu.net\/wordpress\/wp-content\/uploads\/2024\/03\/SCR-20240306-qmql.jpeg'><img loading=\"lazy\" decoding=\"async\" width=\"297\" height=\"300\" src=\"https:\/\/www.radiopiu.net\/wordpress\/wp-content\/uploads\/2024\/03\/SCR-20240306-qmql-297x300.jpeg\" class=\"attachment-medium size-medium\" alt=\"\" srcset=\"https:\/\/www.radiopiu.net\/wordpress\/wp-content\/uploads\/2024\/03\/SCR-20240306-qmql-297x300.jpeg 297w, https:\/\/www.radiopiu.net\/wordpress\/wp-content\/uploads\/2024\/03\/SCR-20240306-qmql-1015x1024.jpeg 1015w, https:\/\/www.radiopiu.net\/wordpress\/wp-content\/uploads\/2024\/03\/SCR-20240306-qmql-768x774.jpeg 768w, https:\/\/www.radiopiu.net\/wordpress\/wp-content\/uploads\/2024\/03\/SCR-20240306-qmql.jpeg 1182w\" sizes=\"auto, (max-width: 297px) 100vw, 297px\" \/><\/a>\n\t\t\t\t<\/dt><\/dl><dl class='gallery-item'>\n\t\t\t\t<dt class='gallery-icon landscape'>\n\t\t\t\t\t<a class=\"rollover rollover-zoom dt-pswp-item\" title=\"download\" data-dt-img-description=\"\" data-large_image_width=\"316\" data-large_image_height=\"315\"href='https:\/\/www.radiopiu.net\/wordpress\/wp-content\/uploads\/2024\/03\/download.jpg'><img loading=\"lazy\" decoding=\"async\" width=\"300\" height=\"300\" src=\"https:\/\/www.radiopiu.net\/wordpress\/wp-content\/uploads\/2024\/03\/download-300x300.jpg\" class=\"attachment-medium size-medium\" alt=\"\" srcset=\"https:\/\/www.radiopiu.net\/wordpress\/wp-content\/uploads\/2024\/03\/download-300x300.jpg 300w, https:\/\/www.radiopiu.net\/wordpress\/wp-content\/uploads\/2024\/03\/download-150x150.jpg 150w, https:\/\/www.radiopiu.net\/wordpress\/wp-content\/uploads\/2024\/03\/download.jpg 316w\" sizes=\"auto, (max-width: 300px) 100vw, 300px\" \/><\/a>\n\t\t\t\t<\/dt><\/dl><dl class='gallery-item'>\n\t\t\t\t<dt class='gallery-icon landscape'>\n\t\t\t\t\t<a class=\"rollover rollover-zoom dt-pswp-item\" title=\"download\" data-dt-img-description=\"\" data-large_image_width=\"640\" data-large_image_height=\"639\"href='https:\/\/www.radiopiu.net\/wordpress\/wp-content\/uploads\/2024\/02\/download-6.jpg'><img loading=\"lazy\" decoding=\"async\" width=\"300\" height=\"300\" src=\"https:\/\/www.radiopiu.net\/wordpress\/wp-content\/uploads\/2024\/02\/download-6-300x300.jpg\" class=\"attachment-medium size-medium\" alt=\"\" srcset=\"https:\/\/www.radiopiu.net\/wordpress\/wp-content\/uploads\/2024\/02\/download-6-300x300.jpg 300w, https:\/\/www.radiopiu.net\/wordpress\/wp-content\/uploads\/2024\/02\/download-6-150x150.jpg 150w, https:\/\/www.radiopiu.net\/wordpress\/wp-content\/uploads\/2024\/02\/download-6.jpg 640w\" sizes=\"auto, (max-width: 300px) 100vw, 300px\" \/><\/a>\n\t\t\t\t<\/dt><\/dl><dl class='gallery-item'>\n\t\t\t\t<dt class='gallery-icon landscape'>\n\t\t\t\t\t<a class=\"rollover rollover-zoom dt-pswp-item\" title=\"Senza nome\" data-dt-img-description=\"\" data-large_image_width=\"566\" data-large_image_height=\"463\"href='https:\/\/www.radiopiu.net\/wordpress\/wp-content\/uploads\/2024\/03\/Senza-nome-4.png'><img loading=\"lazy\" decoding=\"async\" width=\"300\" height=\"245\" src=\"https:\/\/www.radiopiu.net\/wordpress\/wp-content\/uploads\/2024\/03\/Senza-nome-4-300x245.png\" class=\"attachment-medium size-medium\" alt=\"\" srcset=\"https:\/\/www.radiopiu.net\/wordpress\/wp-content\/uploads\/2024\/03\/Senza-nome-4-300x245.png 300w, https:\/\/www.radiopiu.net\/wordpress\/wp-content\/uploads\/2024\/03\/Senza-nome-4.png 566w\" sizes=\"auto, (max-width: 300px) 100vw, 300px\" \/><\/a>\n\t\t\t\t<\/dt><\/dl><br style=\"clear: both\" \/><dl class='gallery-item'>\n\t\t\t\t<dt class='gallery-icon landscape'>\n\t\t\t\t\t<a class=\"rollover rollover-zoom dt-pswp-item\" title=\"download\" data-dt-img-description=\"\" data-large_image_width=\"640\" data-large_image_height=\"639\"href='https:\/\/www.radiopiu.net\/wordpress\/wp-content\/uploads\/2024\/02\/download-5.jpg'><img loading=\"lazy\" decoding=\"async\" width=\"300\" height=\"300\" src=\"https:\/\/www.radiopiu.net\/wordpress\/wp-content\/uploads\/2024\/02\/download-5-300x300.jpg\" class=\"attachment-medium size-medium\" alt=\"\" srcset=\"https:\/\/www.radiopiu.net\/wordpress\/wp-content\/uploads\/2024\/02\/download-5-300x300.jpg 300w, https:\/\/www.radiopiu.net\/wordpress\/wp-content\/uploads\/2024\/02\/download-5-150x150.jpg 150w, https:\/\/www.radiopiu.net\/wordpress\/wp-content\/uploads\/2024\/02\/download-5.jpg 640w\" sizes=\"auto, (max-width: 300px) 100vw, 300px\" \/><\/a>\n\t\t\t\t<\/dt><\/dl><dl class='gallery-item'>\n\t\t\t\t<dt class='gallery-icon landscape'>\n\t\t\t\t\t<a class=\"rollover rollover-zoom dt-pswp-item\" title=\"Senza nome\" data-dt-img-description=\"\" data-large_image_width=\"415\" data-large_image_height=\"390\"href='https:\/\/www.radiopiu.net\/wordpress\/wp-content\/uploads\/2024\/03\/Senza-nome-10.png'><img loading=\"lazy\" decoding=\"async\" width=\"300\" height=\"282\" src=\"https:\/\/www.radiopiu.net\/wordpress\/wp-content\/uploads\/2024\/03\/Senza-nome-10-300x282.png\" class=\"attachment-medium size-medium\" alt=\"\" srcset=\"https:\/\/www.radiopiu.net\/wordpress\/wp-content\/uploads\/2024\/03\/Senza-nome-10-300x282.png 300w, https:\/\/www.radiopiu.net\/wordpress\/wp-content\/uploads\/2024\/03\/Senza-nome-10.png 415w\" sizes=\"auto, (max-width: 300px) 100vw, 300px\" \/><\/a>\n\t\t\t\t<\/dt><\/dl><dl class='gallery-item'>\n\t\t\t\t<dt class='gallery-icon landscape'>\n\t\t\t\t\t<a class=\"rollover rollover-zoom dt-pswp-item\" title=\"19c21029-a0ef-4986-8081-9facbbbce065\" data-dt-img-description=\"\" data-large_image_width=\"1080\" data-large_image_height=\"1080\"href='https:\/\/www.radiopiu.net\/wordpress\/wp-content\/uploads\/2024\/02\/19c21029-a0ef-4986-8081-9facbbbce065.jpg'><img loading=\"lazy\" decoding=\"async\" width=\"300\" height=\"300\" src=\"https:\/\/www.radiopiu.net\/wordpress\/wp-content\/uploads\/2024\/02\/19c21029-a0ef-4986-8081-9facbbbce065-300x300.jpg\" class=\"attachment-medium size-medium\" alt=\"\" srcset=\"https:\/\/www.radiopiu.net\/wordpress\/wp-content\/uploads\/2024\/02\/19c21029-a0ef-4986-8081-9facbbbce065-300x300.jpg 300w, https:\/\/www.radiopiu.net\/wordpress\/wp-content\/uploads\/2024\/02\/19c21029-a0ef-4986-8081-9facbbbce065-1024x1024.jpg 1024w, https:\/\/www.radiopiu.net\/wordpress\/wp-content\/uploads\/2024\/02\/19c21029-a0ef-4986-8081-9facbbbce065-150x150.jpg 150w, https:\/\/www.radiopiu.net\/wordpress\/wp-content\/uploads\/2024\/02\/19c21029-a0ef-4986-8081-9facbbbce065-768x768.jpg 768w, https:\/\/www.radiopiu.net\/wordpress\/wp-content\/uploads\/2024\/02\/19c21029-a0ef-4986-8081-9facbbbce065.jpg 1080w\" sizes=\"auto, (max-width: 300px) 100vw, 300px\" \/><\/a>\n\t\t\t\t<\/dt><\/dl><dl class='gallery-item'>\n\t\t\t\t<dt class='gallery-icon landscape'>\n\t\t\t\t\t<a class=\"rollover rollover-zoom dt-pswp-item\" title=\"428458808_122124610286160269_8403615925720421881_n\" data-dt-img-description=\"\" data-large_image_width=\"526\" data-large_image_height=\"526\"href='https:\/\/www.radiopiu.net\/wordpress\/wp-content\/uploads\/2024\/02\/428458808_122124610286160269_8403615925720421881_n.jpg'><img loading=\"lazy\" decoding=\"async\" width=\"300\" height=\"300\" src=\"https:\/\/www.radiopiu.net\/wordpress\/wp-content\/uploads\/2024\/02\/428458808_122124610286160269_8403615925720421881_n-300x300.jpg\" class=\"attachment-medium size-medium\" alt=\"\" srcset=\"https:\/\/www.radiopiu.net\/wordpress\/wp-content\/uploads\/2024\/02\/428458808_122124610286160269_8403615925720421881_n-300x300.jpg 300w, https:\/\/www.radiopiu.net\/wordpress\/wp-content\/uploads\/2024\/02\/428458808_122124610286160269_8403615925720421881_n-150x150.jpg 150w, https:\/\/www.radiopiu.net\/wordpress\/wp-content\/uploads\/2024\/02\/428458808_122124610286160269_8403615925720421881_n.jpg 526w\" sizes=\"auto, (max-width: 300px) 100vw, 300px\" \/><\/a>\n\t\t\t\t<\/dt><\/dl><br style=\"clear: both\" \/>\n\t\t\t<\/div>\n\n<\/div>\n<\/div>\n<\/div>\n<\/div>\n<\/div>\n<\/div>\n<\/div>\n<\/div>\n<p>&nbsp;<\/p>\n<h2>IL 13 APRILE IL CONCERTO DI MARCO V DAL FARRA AL TEATRO SAN FELICE DI BELLUNO<\/h2>\n\n\t\t\t<style type='text\/css'>\n\t\t\t\t#gallery-6 {\n\t\t\t\t\tmargin: auto;\n\t\t\t\t}\n\t\t\t\t#gallery-6 .gallery-item {\n\t\t\t\t\tfloat: left;\n\t\t\t\t\tmargin-top: 10px;\n\t\t\t\t\ttext-align: center;\n\t\t\t\t\twidth: 100%;\n\t\t\t\t}\n\t\t\t\t#gallery-6 img {\n\t\t\t\t\tborder: 2px solid #cfcfcf;\n\t\t\t\t}\n\t\t\t\t#gallery-6 .gallery-caption {\n\t\t\t\t\tmargin-left: 0;\n\t\t\t\t}\n\t\t\t\t\/* see gallery_shortcode() in wp-includes\/media.php *\/\n\t\t\t<\/style>\n\t\t<div id='gallery-6' class='dt-gallery-container gallery galleryid-381442 gallery-columns-1 gallery-size-medium'><dl class='gallery-item'>\n\t\t\t\t<dt class='gallery-icon portrait'>\n\t\t\t\t\t<a class=\"rollover rollover-zoom dt-pswp-item\" title=\"ff5ef01c-49c1-48a5-9225-b7d8260b55df\" data-dt-img-description=\"\" data-large_image_width=\"877\" data-large_image_height=\"1241\"href='https:\/\/www.radiopiu.net\/wordpress\/wp-content\/uploads\/2024\/03\/ff5ef01c-49c1-48a5-9225-b7d8260b55df.jpg'><img loading=\"lazy\" decoding=\"async\" width=\"212\" height=\"300\" src=\"https:\/\/www.radiopiu.net\/wordpress\/wp-content\/uploads\/2024\/03\/ff5ef01c-49c1-48a5-9225-b7d8260b55df-212x300.jpg\" class=\"attachment-medium size-medium\" alt=\"\" srcset=\"https:\/\/www.radiopiu.net\/wordpress\/wp-content\/uploads\/2024\/03\/ff5ef01c-49c1-48a5-9225-b7d8260b55df-212x300.jpg 212w, https:\/\/www.radiopiu.net\/wordpress\/wp-content\/uploads\/2024\/03\/ff5ef01c-49c1-48a5-9225-b7d8260b55df-724x1024.jpg 724w, https:\/\/www.radiopiu.net\/wordpress\/wp-content\/uploads\/2024\/03\/ff5ef01c-49c1-48a5-9225-b7d8260b55df-768x1087.jpg 768w, https:\/\/www.radiopiu.net\/wordpress\/wp-content\/uploads\/2024\/03\/ff5ef01c-49c1-48a5-9225-b7d8260b55df.jpg 877w\" sizes=\"auto, (max-width: 212px) 100vw, 212px\" \/><\/a>\n\t\t\t\t<\/dt><\/dl><br style=\"clear: both\" \/>\n\t\t\t<\/div>\n\n<p>&nbsp;<\/p>\n<hr \/>\n<p>&nbsp;<\/p>\n<p><a class=\"dt-pswp-item\" href=\"https:\/\/www.radiopiu.net\/wordpress\/wp-content\/uploads\/2018\/09\/viabilita.jpeg\" data-dt-img-description=\"\" data-large_image_width=\"800\" data-large_image_height=\"100\"><img loading=\"lazy\" decoding=\"async\" class=\"aligncenter wp-image-61954 size-full\" src=\"https:\/\/www.radiopiu.net\/wordpress\/wp-content\/uploads\/2018\/09\/viabilita.jpeg\" alt=\"\" width=\"800\" height=\"100\" srcset=\"https:\/\/www.radiopiu.net\/wordpress\/wp-content\/uploads\/2018\/09\/viabilita.jpeg 800w, https:\/\/www.radiopiu.net\/wordpress\/wp-content\/uploads\/2018\/09\/viabilita-300x38.jpeg 300w, https:\/\/www.radiopiu.net\/wordpress\/wp-content\/uploads\/2018\/09\/viabilita-768x96.jpeg 768w\" sizes=\"auto, (max-width: 800px) 100vw, 800px\" \/><\/a><\/p>\n<p>&nbsp;<\/p>\n<p><a class=\"dt-pswp-item\" href=\"https:\/\/www.radiopiu.net\/wordpress\/wp-content\/uploads\/2023\/12\/botol-car-service.jpg\" data-dt-img-description=\"\" data-large_image_width=\"600\" data-large_image_height=\"600\"><img loading=\"lazy\" decoding=\"async\" class=\"size-medium wp-image-367044 aligncenter\" src=\"https:\/\/www.radiopiu.net\/wordpress\/wp-content\/uploads\/2023\/12\/botol-car-service-300x300.jpg\" alt=\"\" width=\"300\" height=\"300\" srcset=\"https:\/\/www.radiopiu.net\/wordpress\/wp-content\/uploads\/2023\/12\/botol-car-service-300x300.jpg 300w, https:\/\/www.radiopiu.net\/wordpress\/wp-content\/uploads\/2023\/12\/botol-car-service-150x150.jpg 150w, https:\/\/www.radiopiu.net\/wordpress\/wp-content\/uploads\/2023\/12\/botol-car-service.jpg 600w\" sizes=\"auto, (max-width: 300px) 100vw, 300px\" \/><\/a><\/p>\n<p>&nbsp;<\/p>\n<p>&nbsp;<\/p>\n<h1>BOLLETTINO QUOTIDIANO, CLICCA QUI<\/h1>\n<blockquote class=\"wp-embedded-content\" data-secret=\"hz1Tey3gh2\"><p><a href=\"https:\/\/www.radiopiu.net\/wordpress\/viabilita\/\">viabilita<\/a><\/p><\/blockquote>\n<p><iframe loading=\"lazy\" class=\"wp-embedded-content\" sandbox=\"allow-scripts\" security=\"restricted\" style=\"position: absolute; clip: rect(1px, 1px, 1px, 1px);\" title=\"&#8220;viabilita&#8221; &#8212; Radio Pi\u00f9\" src=\"https:\/\/www.radiopiu.net\/wordpress\/viabilita\/embed\/#?secret=dKPtebgEmp#?secret=hz1Tey3gh2\" data-secret=\"hz1Tey3gh2\" width=\"600\" height=\"338\" frameborder=\"0\" marginwidth=\"0\" marginheight=\"0\" scrolling=\"no\"><\/iframe><\/p>\n<p>&nbsp;<\/p>\n<p>&nbsp;<\/p>\n<hr \/>\n<p>&nbsp;<\/p>\n<p><a class=\"dt-pswp-item\" href=\"https:\/\/www.radiopiu.net\/wordpress\/wp-content\/uploads\/2018\/09\/WhatsApp-Image-2018-09-20-at-16.04.06.jpeg\" data-dt-img-description=\"\" data-large_image_width=\"800\" data-large_image_height=\"100\"><img loading=\"lazy\" decoding=\"async\" class=\"wp-image-61378 size-full aligncenter\" src=\"https:\/\/www.radiopiu.net\/wordpress\/wp-content\/uploads\/2018\/09\/WhatsApp-Image-2018-09-20-at-16.04.06.jpeg\" alt=\"\" width=\"800\" height=\"100\" srcset=\"https:\/\/www.radiopiu.net\/wordpress\/wp-content\/uploads\/2018\/09\/WhatsApp-Image-2018-09-20-at-16.04.06.jpeg 800w, https:\/\/www.radiopiu.net\/wordpress\/wp-content\/uploads\/2018\/09\/WhatsApp-Image-2018-09-20-at-16.04.06-300x38.jpeg 300w, https:\/\/www.radiopiu.net\/wordpress\/wp-content\/uploads\/2018\/09\/WhatsApp-Image-2018-09-20-at-16.04.06-768x96.jpeg 768w\" sizes=\"auto, (max-width: 800px) 100vw, 800px\" \/><\/a><\/p>\n<p><center><\/center><center><\/center><center><\/center><center><\/center><center><\/center><center><\/center>&nbsp;<\/p>\n<p><center><\/center><b>OGGI <\/b>Nella prima met\u00e0 di giornata nuvolosit\u00e0 in aumento fino a cielo anche coperto pi\u00f9 probabilmente di mattina, dal pomeriggio nuvolosit\u00e0 in moderata diminuzione. <strong>Precipitazioni.<\/strong> Probabilit\u00e0 in prevalenza bassa (5-25%) per modesti fenomeni locali a tratti, di mattina medio-bassa (25-50%) per modesti fenomeni sparsi e discontinui. <strong>Temperature.<\/strong> In aumento specie di pomeriggio. Valori sopra la media anche di molto nelle ore pomeridiane, per il resto non distanti dalla media.<\/p>\n<hr \/>\n<p><strong>DOMANI<\/strong> Fino al mattino alternanza di nuvole e rasserenamenti, tra il pomeriggio e la sera nuvolosit\u00e0 in aumento fino a cielo anche coperto. <strong>Precipitazioni.<\/strong> Di notte assenti. Di mattina probabilit\u00e0 bassa per locali piovaschi. Tra il pomeriggio e la sera probabilit\u00e0 in aumento fino a alta; tenderanno ad interessare tutte le zone anche con rovesci\/temporali <strong>Temperature.<\/strong> Prima delle precipitazioni in aumento, poi con andamento irregolare. Differenze anche sensibili rispetto a venerd\u00ec.<\/p>\n<hr \/>\n<p><strong>DOMENICA.<\/strong> Giornata all&#8217;insegna delle precipitazioni, solo a tratti qualche leggera diminuzione della nuvolosit\u00e0. Quota neve variabile in relazione all&#8217;intensit\u00e0 delle precipitazioni, a tratti fino anche a 1400\/1700 m sulle Prealpi e 1100\/1400 m sulle Dolomiti. Temperature in calo.<\/p>\n<hr \/>\n<p><strong>LUNEDI<\/strong>\u00a0Un&#8217;altra giornata all&#8217;insegna delle precipitazioni, solo a tratti qualche leggera diminuzione della nuvolosit\u00e0. Quota neve ancora variabile in relazione all&#8217;intensit\u00e0 delle precipitazioni, ma con tendenza a leggera risalita col passar delle ore. Temperature senza variazioni di rilievo di notte e in lieve aumento di giorno.<\/p>\n<p>&nbsp;<\/p>\n<blockquote class=\"wp-embedded-content\" data-secret=\"xzLYqsbL93\"><p><a href=\"https:\/\/www.radiopiu.net\/wordpress\/oltre-30-cm-di-neve-fresca-sulle-cime-dolomitiche\/\">OLTRE 30 CM DI NEVE FRESCA SULLE CIME DOLOMITICHE<\/a><\/p><\/blockquote>\n<p><iframe loading=\"lazy\" class=\"wp-embedded-content\" sandbox=\"allow-scripts\" security=\"restricted\" style=\"position: absolute; clip: rect(1px, 1px, 1px, 1px);\" title=\"&#8220;OLTRE 30 CM DI NEVE FRESCA SULLE CIME DOLOMITICHE&#8221; &#8212; Radio Pi\u00f9\" src=\"https:\/\/www.radiopiu.net\/wordpress\/oltre-30-cm-di-neve-fresca-sulle-cime-dolomitiche\/embed\/#?secret=5I0pfFObCV#?secret=xzLYqsbL93\" data-secret=\"xzLYqsbL93\" width=\"600\" height=\"338\" frameborder=\"0\" marginwidth=\"0\" marginheight=\"0\" scrolling=\"no\"><\/iframe><\/p>\n<p>&nbsp;<\/p>\n<hr \/>\n<p>&nbsp;<\/p>\n<p><img loading=\"lazy\" decoding=\"async\" class=\"wp-image-60761 size-full aligncenter\" src=\"https:\/\/www.radiopiu.net\/wordpress\/wp-content\/uploads\/2018\/09\/sport.jpg\" alt=\"\" width=\"800\" height=\"100\" srcset=\"https:\/\/www.radiopiu.net\/wordpress\/wp-content\/uploads\/2018\/09\/sport.jpg 800w, https:\/\/www.radiopiu.net\/wordpress\/wp-content\/uploads\/2018\/09\/sport-300x38.jpg 300w, https:\/\/www.radiopiu.net\/wordpress\/wp-content\/uploads\/2018\/09\/sport-768x96.jpg 768w\" sizes=\"auto, (max-width: 800px) 100vw, 800px\" \/><\/p>\n<p>&nbsp;<\/p>\n<p><span style=\"color: #0000ff;\"><strong>CALCIO E MONTAGNA<\/strong><\/span><\/p>\n<blockquote>\n<h3>MANRICO DELL&#8217;AGNOLA E CAMPIONATO AGORDINO DI CALCIO APRONO LA SAGRA DE PASCA 2024<\/h3>\n<\/blockquote>\n<p><strong>Di Marco Gaz<\/strong><\/p>\n<p><strong>REDAZIONE<\/strong> La Sagra De Pasca a Taibon Agordino ha aperto i battenti. E come succede da alcuni anni la serata inaugurale della festa organizzata dal Gruppo Sportivo, Pro Loco e Donatori del Sangue \u00e8 dedicata allo sport. Nel gioved\u00ec sera curato da Radio Pi\u00f9 la prima parte \u00e8 stata dedicata agli amanti della montagna con Manrico Dell\u2019Agnola ospite d\u2019onore che assieme a Gianpaolo Soratroi hanno intrattenuto i presenti con due docufilm. A seguire la serata dedicata al Campionato Agordino di Calcio dove sono stati estratti i gironi ed annunciati i campi che ospiteranno la fase finale del Memorial Attilio Moretti. 13 le squadre iscritte al toreno estivo che inizier\u00e0 il 2 giugno per concludersi il 4 agosto. Estrazione dei gironi che ha visto Alleghe, Caprile, Rivamonte, Fodom, La Valle, Vallada e Taibon finire nel girone A. Nel girone B Falcade-Caviola, Cencenighe, Canale, Gosaldo, Le Ville e Voltago. I mini-ottavi di finale si giocheranno a Boscoverde e Cencenighe, quarti di finale a Canale e Voltago, Semifinali a Rivamonte e finalissima a Taibon per i 60 anni del Gruppo Sportivo. Non solo sport ma anche musica con Marco V. Dal Farra che ha saputo intrattenere il numeroso pubblico presente con i suoi brani.<\/p>\n\n\t\t\t<style type='text\/css'>\n\t\t\t\t#gallery-7 {\n\t\t\t\t\tmargin: auto;\n\t\t\t\t}\n\t\t\t\t#gallery-7 .gallery-item {\n\t\t\t\t\tfloat: left;\n\t\t\t\t\tmargin-top: 10px;\n\t\t\t\t\ttext-align: center;\n\t\t\t\t\twidth: 25%;\n\t\t\t\t}\n\t\t\t\t#gallery-7 img {\n\t\t\t\t\tborder: 2px solid #cfcfcf;\n\t\t\t\t}\n\t\t\t\t#gallery-7 .gallery-caption {\n\t\t\t\t\tmargin-left: 0;\n\t\t\t\t}\n\t\t\t\t\/* see gallery_shortcode() in wp-includes\/media.php *\/\n\t\t\t<\/style>\n\t\t<div id='gallery-7' class='dt-gallery-container gallery galleryid-381442 gallery-columns-4 gallery-size-thumbnail'><dl class='gallery-item'>\n\t\t\t\t<dt class='gallery-icon landscape'>\n\t\t\t\t\t<a class=\"rollover rollover-zoom dt-pswp-item\" title=\"c9e9cbb5-7b3b-4858-89de-32ce11e0c385\" data-dt-img-description=\"\" data-large_image_width=\"2048\" data-large_image_height=\"1536\"href='https:\/\/www.radiopiu.net\/wordpress\/wp-content\/uploads\/2024\/03\/c9e9cbb5-7b3b-4858-89de-32ce11e0c385.jpg'><img loading=\"lazy\" decoding=\"async\" width=\"150\" height=\"150\" src=\"https:\/\/www.radiopiu.net\/wordpress\/wp-content\/uploads\/2024\/03\/c9e9cbb5-7b3b-4858-89de-32ce11e0c385-150x150.jpg\" class=\"attachment-thumbnail size-thumbnail\" alt=\"\" \/><\/a>\n\t\t\t\t<\/dt><\/dl><dl class='gallery-item'>\n\t\t\t\t<dt class='gallery-icon landscape'>\n\t\t\t\t\t<a class=\"rollover rollover-zoom dt-pswp-item\" title=\"2abca32e-61f1-40e9-afc7-02f13386217d\" data-dt-img-description=\"\" data-large_image_width=\"1600\" data-large_image_height=\"1200\"href='https:\/\/www.radiopiu.net\/wordpress\/wp-content\/uploads\/2024\/03\/2abca32e-61f1-40e9-afc7-02f13386217d.jpg'><img loading=\"lazy\" decoding=\"async\" width=\"150\" height=\"150\" src=\"https:\/\/www.radiopiu.net\/wordpress\/wp-content\/uploads\/2024\/03\/2abca32e-61f1-40e9-afc7-02f13386217d-150x150.jpg\" class=\"attachment-thumbnail size-thumbnail\" alt=\"\" \/><\/a>\n\t\t\t\t<\/dt><\/dl><dl class='gallery-item'>\n\t\t\t\t<dt class='gallery-icon landscape'>\n\t\t\t\t\t<a class=\"rollover rollover-zoom dt-pswp-item\" title=\"9d6be7f0-3ec6-4eb0-85d9-0b6702c6b46f\" data-dt-img-description=\"\" data-large_image_width=\"1600\" data-large_image_height=\"980\"href='https:\/\/www.radiopiu.net\/wordpress\/wp-content\/uploads\/2024\/03\/9d6be7f0-3ec6-4eb0-85d9-0b6702c6b46f.jpg'><img loading=\"lazy\" decoding=\"async\" width=\"150\" height=\"150\" src=\"https:\/\/www.radiopiu.net\/wordpress\/wp-content\/uploads\/2024\/03\/9d6be7f0-3ec6-4eb0-85d9-0b6702c6b46f-150x150.jpg\" class=\"attachment-thumbnail size-thumbnail\" alt=\"\" \/><\/a>\n\t\t\t\t<\/dt><\/dl><dl class='gallery-item'>\n\t\t\t\t<dt class='gallery-icon landscape'>\n\t\t\t\t\t<a class=\"rollover rollover-zoom dt-pswp-item\" title=\"99383b6e-ca3a-4459-bb28-10b448cff634\" data-dt-img-description=\"\" data-large_image_width=\"1600\" data-large_image_height=\"1200\"href='https:\/\/www.radiopiu.net\/wordpress\/wp-content\/uploads\/2024\/03\/99383b6e-ca3a-4459-bb28-10b448cff634.jpg'><img loading=\"lazy\" decoding=\"async\" width=\"150\" height=\"150\" src=\"https:\/\/www.radiopiu.net\/wordpress\/wp-content\/uploads\/2024\/03\/99383b6e-ca3a-4459-bb28-10b448cff634-150x150.jpg\" class=\"attachment-thumbnail size-thumbnail\" alt=\"\" \/><\/a>\n\t\t\t\t<\/dt><\/dl><br style=\"clear: both\" \/><dl class='gallery-item'>\n\t\t\t\t<dt class='gallery-icon portrait'>\n\t\t\t\t\t<a class=\"rollover rollover-zoom dt-pswp-item\" title=\"cd0fd715-d4f4-4b62-a5ed-bfcb395590a1\" data-dt-img-description=\"\" data-large_image_width=\"1152\" data-large_image_height=\"1600\"href='https:\/\/www.radiopiu.net\/wordpress\/wp-content\/uploads\/2024\/03\/cd0fd715-d4f4-4b62-a5ed-bfcb395590a1.jpg'><img loading=\"lazy\" decoding=\"async\" width=\"150\" height=\"150\" src=\"https:\/\/www.radiopiu.net\/wordpress\/wp-content\/uploads\/2024\/03\/cd0fd715-d4f4-4b62-a5ed-bfcb395590a1-150x150.jpg\" class=\"attachment-thumbnail size-thumbnail\" alt=\"\" \/><\/a>\n\t\t\t\t<\/dt><\/dl><dl class='gallery-item'>\n\t\t\t\t<dt class='gallery-icon landscape'>\n\t\t\t\t\t<a class=\"rollover rollover-zoom dt-pswp-item\" title=\"a4df4bc5-7c1d-40fe-bdce-f7a92dd70a35\" data-dt-img-description=\"\" data-large_image_width=\"1600\" data-large_image_height=\"1200\"href='https:\/\/www.radiopiu.net\/wordpress\/wp-content\/uploads\/2024\/03\/a4df4bc5-7c1d-40fe-bdce-f7a92dd70a35.jpg'><img loading=\"lazy\" decoding=\"async\" width=\"150\" height=\"150\" src=\"https:\/\/www.radiopiu.net\/wordpress\/wp-content\/uploads\/2024\/03\/a4df4bc5-7c1d-40fe-bdce-f7a92dd70a35-150x150.jpg\" class=\"attachment-thumbnail size-thumbnail\" alt=\"\" \/><\/a>\n\t\t\t\t<\/dt><\/dl><dl class='gallery-item'>\n\t\t\t\t<dt class='gallery-icon landscape'>\n\t\t\t\t\t<a class=\"rollover rollover-zoom dt-pswp-item\" title=\"bf6aca5e-5158-414d-be94-edf9c33440ce\" data-dt-img-description=\"\" data-large_image_width=\"1600\" data-large_image_height=\"1223\"href='https:\/\/www.radiopiu.net\/wordpress\/wp-content\/uploads\/2024\/03\/bf6aca5e-5158-414d-be94-edf9c33440ce.jpg'><img loading=\"lazy\" decoding=\"async\" width=\"150\" height=\"150\" src=\"https:\/\/www.radiopiu.net\/wordpress\/wp-content\/uploads\/2024\/03\/bf6aca5e-5158-414d-be94-edf9c33440ce-150x150.jpg\" class=\"attachment-thumbnail size-thumbnail\" alt=\"\" \/><\/a>\n\t\t\t\t<\/dt><\/dl><dl class='gallery-item'>\n\t\t\t\t<dt class='gallery-icon landscape'>\n\t\t\t\t\t<a class=\"rollover rollover-zoom dt-pswp-item\" title=\"2b917890-faad-414f-a267-9c988446acba\" data-dt-img-description=\"\" data-large_image_width=\"1600\" data-large_image_height=\"1200\"href='https:\/\/www.radiopiu.net\/wordpress\/wp-content\/uploads\/2024\/03\/2b917890-faad-414f-a267-9c988446acba.jpg'><img loading=\"lazy\" decoding=\"async\" width=\"150\" height=\"150\" src=\"https:\/\/www.radiopiu.net\/wordpress\/wp-content\/uploads\/2024\/03\/2b917890-faad-414f-a267-9c988446acba-150x150.jpg\" class=\"attachment-thumbnail size-thumbnail\" alt=\"\" \/><\/a>\n\t\t\t\t<\/dt><\/dl><br style=\"clear: both\" \/>\n\t\t\t<\/div>\n\n\n\t\t\t<style type='text\/css'>\n\t\t\t\t#gallery-8 {\n\t\t\t\t\tmargin: auto;\n\t\t\t\t}\n\t\t\t\t#gallery-8 .gallery-item {\n\t\t\t\t\tfloat: left;\n\t\t\t\t\tmargin-top: 10px;\n\t\t\t\t\ttext-align: center;\n\t\t\t\t\twidth: 25%;\n\t\t\t\t}\n\t\t\t\t#gallery-8 img {\n\t\t\t\t\tborder: 2px solid #cfcfcf;\n\t\t\t\t}\n\t\t\t\t#gallery-8 .gallery-caption {\n\t\t\t\t\tmargin-left: 0;\n\t\t\t\t}\n\t\t\t\t\/* see gallery_shortcode() in wp-includes\/media.php *\/\n\t\t\t<\/style>\n\t\t<div id='gallery-8' class='dt-gallery-container gallery galleryid-381442 gallery-columns-4 gallery-size-thumbnail'><dl class='gallery-item'>\n\t\t\t\t<dt class='gallery-icon landscape'>\n\t\t\t\t\t<a class=\"rollover rollover-zoom dt-pswp-item\" title=\"78a0a6fc-4d75-444b-a1d4-64b016d22e29\" data-dt-img-description=\"\" data-large_image_width=\"2560\" data-large_image_height=\"2560\"href='https:\/\/www.radiopiu.net\/wordpress\/wp-content\/uploads\/2024\/03\/78a0a6fc-4d75-444b-a1d4-64b016d22e29-scaled.jpg'><img loading=\"lazy\" decoding=\"async\" width=\"150\" height=\"150\" src=\"https:\/\/www.radiopiu.net\/wordpress\/wp-content\/uploads\/2024\/03\/78a0a6fc-4d75-444b-a1d4-64b016d22e29-150x150.jpg\" class=\"attachment-thumbnail size-thumbnail\" alt=\"\" aria-describedby=\"gallery-8-381590\" srcset=\"https:\/\/www.radiopiu.net\/wordpress\/wp-content\/uploads\/2024\/03\/78a0a6fc-4d75-444b-a1d4-64b016d22e29-150x150.jpg 150w, https:\/\/www.radiopiu.net\/wordpress\/wp-content\/uploads\/2024\/03\/78a0a6fc-4d75-444b-a1d4-64b016d22e29-300x300.jpg 300w, https:\/\/www.radiopiu.net\/wordpress\/wp-content\/uploads\/2024\/03\/78a0a6fc-4d75-444b-a1d4-64b016d22e29-1024x1024.jpg 1024w, https:\/\/www.radiopiu.net\/wordpress\/wp-content\/uploads\/2024\/03\/78a0a6fc-4d75-444b-a1d4-64b016d22e29-768x768.jpg 768w, https:\/\/www.radiopiu.net\/wordpress\/wp-content\/uploads\/2024\/03\/78a0a6fc-4d75-444b-a1d4-64b016d22e29-1536x1536.jpg 1536w, https:\/\/www.radiopiu.net\/wordpress\/wp-content\/uploads\/2024\/03\/78a0a6fc-4d75-444b-a1d4-64b016d22e29-2048x2048.jpg 2048w\" sizes=\"auto, (max-width: 150px) 100vw, 150px\" \/><\/a>\n\t\t\t\t<\/dt>\n\t\t\t\t\t<dd class='wp-caption-text gallery-caption' id='gallery-8-381590'>\n\t\t\t\t\tI DUE GIRONI\n\t\t\t\t\t<\/dd><\/dl><dl class='gallery-item'>\n\t\t\t\t<dt class='gallery-icon portrait'>\n\t\t\t\t\t<a class=\"rollover rollover-zoom dt-pswp-item\" title=\"7ed9b047-4874-4df6-8df6-9a4296bc691e\" data-dt-img-description=\"\" data-large_image_width=\"542\" data-large_image_height=\"657\"href='https:\/\/www.radiopiu.net\/wordpress\/wp-content\/uploads\/2024\/03\/7ed9b047-4874-4df6-8df6-9a4296bc691e.jpg'><img loading=\"lazy\" decoding=\"async\" width=\"150\" height=\"150\" src=\"https:\/\/www.radiopiu.net\/wordpress\/wp-content\/uploads\/2024\/03\/7ed9b047-4874-4df6-8df6-9a4296bc691e-150x150.jpg\" class=\"attachment-thumbnail size-thumbnail\" alt=\"\" aria-describedby=\"gallery-8-381591\" \/><\/a>\n\t\t\t\t<\/dt>\n\t\t\t\t\t<dd class='wp-caption-text gallery-caption' id='gallery-8-381591'>\n\t\t\t\t\tPRIMA GIORNATA GIRONE A\n\t\t\t\t\t<\/dd><\/dl><dl class='gallery-item'>\n\t\t\t\t<dt class='gallery-icon portrait'>\n\t\t\t\t\t<a class=\"rollover rollover-zoom dt-pswp-item\" title=\"98e617ab-2c65-4214-af9f-2e7ffe91d87a\" data-dt-img-description=\"\" data-large_image_width=\"564\" data-large_image_height=\"625\"href='https:\/\/www.radiopiu.net\/wordpress\/wp-content\/uploads\/2024\/03\/98e617ab-2c65-4214-af9f-2e7ffe91d87a.jpg'><img loading=\"lazy\" decoding=\"async\" width=\"150\" height=\"150\" src=\"https:\/\/www.radiopiu.net\/wordpress\/wp-content\/uploads\/2024\/03\/98e617ab-2c65-4214-af9f-2e7ffe91d87a-150x150.jpg\" class=\"attachment-thumbnail size-thumbnail\" alt=\"\" aria-describedby=\"gallery-8-381592\" \/><\/a>\n\t\t\t\t<\/dt>\n\t\t\t\t\t<dd class='wp-caption-text gallery-caption' id='gallery-8-381592'>\n\t\t\t\t\tPRIMA GIORNATA GIRONE B\n\t\t\t\t\t<\/dd><\/dl><dl class='gallery-item'>\n\t\t\t\t<dt class='gallery-icon landscape'>\n\t\t\t\t\t<a class=\"rollover rollover-zoom dt-pswp-item\" title=\"8810d7bc-93ce-42b2-9b0a-eba00294f15b\" data-dt-img-description=\"\" data-large_image_width=\"2560\" data-large_image_height=\"2560\"href='https:\/\/www.radiopiu.net\/wordpress\/wp-content\/uploads\/2024\/03\/8810d7bc-93ce-42b2-9b0a-eba00294f15b-scaled.jpg'><img loading=\"lazy\" decoding=\"async\" width=\"150\" height=\"150\" src=\"https:\/\/www.radiopiu.net\/wordpress\/wp-content\/uploads\/2024\/03\/8810d7bc-93ce-42b2-9b0a-eba00294f15b-150x150.jpg\" class=\"attachment-thumbnail size-thumbnail\" alt=\"\" aria-describedby=\"gallery-8-381593\" srcset=\"https:\/\/www.radiopiu.net\/wordpress\/wp-content\/uploads\/2024\/03\/8810d7bc-93ce-42b2-9b0a-eba00294f15b-150x150.jpg 150w, https:\/\/www.radiopiu.net\/wordpress\/wp-content\/uploads\/2024\/03\/8810d7bc-93ce-42b2-9b0a-eba00294f15b-300x300.jpg 300w, https:\/\/www.radiopiu.net\/wordpress\/wp-content\/uploads\/2024\/03\/8810d7bc-93ce-42b2-9b0a-eba00294f15b-1024x1024.jpg 1024w, https:\/\/www.radiopiu.net\/wordpress\/wp-content\/uploads\/2024\/03\/8810d7bc-93ce-42b2-9b0a-eba00294f15b-768x768.jpg 768w, https:\/\/www.radiopiu.net\/wordpress\/wp-content\/uploads\/2024\/03\/8810d7bc-93ce-42b2-9b0a-eba00294f15b-1536x1536.jpg 1536w, https:\/\/www.radiopiu.net\/wordpress\/wp-content\/uploads\/2024\/03\/8810d7bc-93ce-42b2-9b0a-eba00294f15b-2048x2048.jpg 2048w\" sizes=\"auto, (max-width: 150px) 100vw, 150px\" \/><\/a>\n\t\t\t\t<\/dt>\n\t\t\t\t\t<dd class='wp-caption-text gallery-caption' id='gallery-8-381593'>\n\t\t\t\t\tI CAMPI DELLA FASE FINALE\n\t\t\t\t\t<\/dd><\/dl><br style=\"clear: both\" \/>\n\t\t\t<\/div>\n\n<p>&nbsp;<\/p>\n<p><span style=\"color: #0000ff;\"><strong>CORSA IN MONTAGNA<\/strong><\/span><\/p>\n<div class=\"page-title-head hgroup\">\n<blockquote>\n<h3 class=\"entry-title\">FINO AL 31 MARZO QUOTA AGEVOLATA PER LE ISCRIZIONI ALLA TRANSCIVETTA<\/h3>\n<\/blockquote>\n<\/div>\n<div class=\"page-title-breadcrumbs\">\n<blockquote><p><em class=\"photoswipe-wrapper\"><a class=\"dt-pswp-item pspw-wrap-ready\" href=\"https:\/\/www.radiopiu.net\/wordpress\/wp-content\/uploads\/2024\/03\/transcivetta_karpos_2024-scaled.jpg\" data-dt-img-description=\"\" data-large_image_width=\"2560\" data-large_image_height=\"1707\"><img loading=\"lazy\" decoding=\"async\" class=\"size-medium wp-image-381336 alignleft\" src=\"https:\/\/www.radiopiu.net\/wordpress\/wp-content\/uploads\/2024\/03\/transcivetta_karpos_2024-300x200.jpg\" sizes=\"auto, (max-width: 300px) 100vw, 300px\" srcset=\"https:\/\/www.radiopiu.net\/wordpress\/wp-content\/uploads\/2024\/03\/transcivetta_karpos_2024-300x200.jpg 300w, https:\/\/www.radiopiu.net\/wordpress\/wp-content\/uploads\/2024\/03\/transcivetta_karpos_2024-1024x683.jpg 1024w, https:\/\/www.radiopiu.net\/wordpress\/wp-content\/uploads\/2024\/03\/transcivetta_karpos_2024-768x512.jpg 768w, https:\/\/www.radiopiu.net\/wordpress\/wp-content\/uploads\/2024\/03\/transcivetta_karpos_2024-1536x1024.jpg 1536w, https:\/\/www.radiopiu.net\/wordpress\/wp-content\/uploads\/2024\/03\/transcivetta_karpos_2024-2048x1365.jpg 2048w\" alt=\"\" width=\"300\" height=\"200\" \/><\/a>La storica gara di corsa in montagna a coppie \u00e8 in calendario per domenica 21 luglio<\/em><\/p><\/blockquote>\n<p><strong>ALLEGHE\u00a0<\/strong>Rimangono ancora pochi giorni per usufruire della quota di iscrizione agevolata a Transcivetta, la storica gara di corsa in montagna a coppie che si svolge sulle Dolomiti Bellunesi, con partenza da Listolade di Taibon Agordino e arrivo ad Alleghe. Il costo di iscrizione, rimasto invariato rispetto allo scorso anno, sar\u00e0 di 90 euro a coppia fino al 31 marzo. Dall\u20191 aprile la quota passer\u00e0 a 100 euro. La data ultima per aderire \u00e8 stata fissata al 3 luglio. L\u2019evento, che celebrer\u00e0 la\u00a0<a href=\"http:\/\/42.ma\/\">42.ma<\/a>\u00a0edizione, \u00e8 in programma per domenica 21 luglio. Le iscrizioni si possono perfezionare sul sito ufficiale della manifestazione,\u00a0<a href=\"http:\/\/www.transcivetta.com\/\">www.transcivetta.com<\/a>. Sar\u00e0 possibile partecipare in maniera competitiva, e in questo caso bisogner\u00e0 essere in possesso del certificato medico agonistico, oppure in maniera non competitiva. In quest\u2019ultimo caso sar\u00e0 sufficiente un certificato medico non agonistico.<\/p>\n<p>Per approfondimenti:\u00a0<strong><a href=\"http:\/\/www.transcivetta.com\/\">www.transcivetta.com<\/a><\/strong><\/p>\n<\/div>\n<p>&nbsp;<\/p>\n<hr \/>\n<p>&nbsp;<\/p>\n<h2><span style=\"color: #808000;\">GOODBYE BY BICICLE&#8230;UN VIAGGIO DALL&#8217;INDIA A SEREN DEL GRAPPA IN BICICLETTA<\/span><\/h2>\n<p><span style=\"color: #ff0000;\"><strong>PUNTATA 06 &#8211; NUOVE TAPPE NEL VIAGGIO IN INDIA MA ANCHE DISAVVENTURE<\/strong><\/span><\/p>\n<audio class=\"wp-audio-shortcode\" id=\"audio-381442-18\" preload=\"none\" style=\"width: 100%;\" controls=\"controls\"><source type=\"audio\/mpeg\" src=\"https:\/\/www.radiopiu.net\/wordpress\/wp-content\/uploads\/2024\/03\/AIRE-INDIA-PUNTATA-06.mp3?_=18\" \/><a href=\"https:\/\/www.radiopiu.net\/wordpress\/wp-content\/uploads\/2024\/03\/AIRE-INDIA-PUNTATA-06.mp3\">https:\/\/www.radiopiu.net\/wordpress\/wp-content\/uploads\/2024\/03\/AIRE-INDIA-PUNTATA-06.mp3<\/a><\/audio>\n<p>&nbsp;<\/p>\n<p><strong>PER VISITARE I SITI DEI LUOGHI VISITATI, CLICCA SULLE SEGUENTI SCRITTE: <a href=\"https:\/\/14trees.org\/\">14 TREES FOUNDATION<\/a>\u00a0 \u00a0 <a href=\"https:\/\/maps.app.goo.gl\/MM9MMt2JpKdvQasb9\">APLA PARYAVARAN<\/a><\/strong><\/p>\n\n\t\t\t<style type='text\/css'>\n\t\t\t\t#gallery-9 {\n\t\t\t\t\tmargin: auto;\n\t\t\t\t}\n\t\t\t\t#gallery-9 .gallery-item {\n\t\t\t\t\tfloat: left;\n\t\t\t\t\tmargin-top: 10px;\n\t\t\t\t\ttext-align: center;\n\t\t\t\t\twidth: 20%;\n\t\t\t\t}\n\t\t\t\t#gallery-9 img {\n\t\t\t\t\tborder: 2px solid #cfcfcf;\n\t\t\t\t}\n\t\t\t\t#gallery-9 .gallery-caption {\n\t\t\t\t\tmargin-left: 0;\n\t\t\t\t}\n\t\t\t\t\/* see gallery_shortcode() in wp-includes\/media.php *\/\n\t\t\t<\/style>\n\t\t<div id='gallery-9' class='dt-gallery-container gallery galleryid-381442 gallery-columns-5 gallery-size-thumbnail'><dl class='gallery-item'>\n\t\t\t\t<dt class='gallery-icon landscape'>\n\t\t\t\t\t<a class=\"rollover rollover-zoom dt-pswp-item\" title=\"18dc66a9-b5ec-40b8-abba-c82d46d95601\" data-dt-img-description=\"\" data-large_image_width=\"2048\" data-large_image_height=\"2048\"href='https:\/\/www.radiopiu.net\/wordpress\/wp-content\/uploads\/2024\/03\/18dc66a9-b5ec-40b8-abba-c82d46d95601.jpg'><img loading=\"lazy\" decoding=\"async\" width=\"150\" height=\"150\" src=\"https:\/\/www.radiopiu.net\/wordpress\/wp-content\/uploads\/2024\/03\/18dc66a9-b5ec-40b8-abba-c82d46d95601-150x150.jpg\" class=\"attachment-thumbnail size-thumbnail\" alt=\"\" srcset=\"https:\/\/www.radiopiu.net\/wordpress\/wp-content\/uploads\/2024\/03\/18dc66a9-b5ec-40b8-abba-c82d46d95601-150x150.jpg 150w, https:\/\/www.radiopiu.net\/wordpress\/wp-content\/uploads\/2024\/03\/18dc66a9-b5ec-40b8-abba-c82d46d95601-300x300.jpg 300w, https:\/\/www.radiopiu.net\/wordpress\/wp-content\/uploads\/2024\/03\/18dc66a9-b5ec-40b8-abba-c82d46d95601-1024x1024.jpg 1024w, https:\/\/www.radiopiu.net\/wordpress\/wp-content\/uploads\/2024\/03\/18dc66a9-b5ec-40b8-abba-c82d46d95601-768x768.jpg 768w, https:\/\/www.radiopiu.net\/wordpress\/wp-content\/uploads\/2024\/03\/18dc66a9-b5ec-40b8-abba-c82d46d95601-1536x1536.jpg 1536w, https:\/\/www.radiopiu.net\/wordpress\/wp-content\/uploads\/2024\/03\/18dc66a9-b5ec-40b8-abba-c82d46d95601.jpg 2048w\" sizes=\"auto, (max-width: 150px) 100vw, 150px\" \/><\/a>\n\t\t\t\t<\/dt><\/dl><dl class='gallery-item'>\n\t\t\t\t<dt class='gallery-icon landscape'>\n\t\t\t\t\t<a class=\"rollover rollover-zoom dt-pswp-item\" title=\"87cc284e-6741-43cb-8bcc-7d7669ad4b53\" data-dt-img-description=\"\" data-large_image_width=\"2000\" data-large_image_height=\"1500\"href='https:\/\/www.radiopiu.net\/wordpress\/wp-content\/uploads\/2024\/03\/87cc284e-6741-43cb-8bcc-7d7669ad4b53.jpg'><img loading=\"lazy\" decoding=\"async\" width=\"150\" height=\"150\" src=\"https:\/\/www.radiopiu.net\/wordpress\/wp-content\/uploads\/2024\/03\/87cc284e-6741-43cb-8bcc-7d7669ad4b53-150x150.jpg\" class=\"attachment-thumbnail size-thumbnail\" alt=\"\" \/><\/a>\n\t\t\t\t<\/dt><\/dl><dl class='gallery-item'>\n\t\t\t\t<dt class='gallery-icon portrait'>\n\t\t\t\t\t<a class=\"rollover rollover-zoom dt-pswp-item\" title=\"12434e7e-f406-42a8-8c41-5959c99b7a97\" data-dt-img-description=\"\" data-large_image_width=\"1200\" data-large_image_height=\"1600\"href='https:\/\/www.radiopiu.net\/wordpress\/wp-content\/uploads\/2024\/03\/12434e7e-f406-42a8-8c41-5959c99b7a97.jpg'><img loading=\"lazy\" decoding=\"async\" width=\"150\" height=\"150\" src=\"https:\/\/www.radiopiu.net\/wordpress\/wp-content\/uploads\/2024\/03\/12434e7e-f406-42a8-8c41-5959c99b7a97-150x150.jpg\" class=\"attachment-thumbnail size-thumbnail\" alt=\"\" \/><\/a>\n\t\t\t\t<\/dt><\/dl><dl class='gallery-item'>\n\t\t\t\t<dt class='gallery-icon landscape'>\n\t\t\t\t\t<a class=\"rollover rollover-zoom dt-pswp-item\" title=\"e464344d-c56a-4d45-b093-9c5f61161601\" data-dt-img-description=\"\" data-large_image_width=\"1600\" data-large_image_height=\"900\"href='https:\/\/www.radiopiu.net\/wordpress\/wp-content\/uploads\/2024\/03\/e464344d-c56a-4d45-b093-9c5f61161601.jpg'><img loading=\"lazy\" decoding=\"async\" width=\"150\" height=\"150\" src=\"https:\/\/www.radiopiu.net\/wordpress\/wp-content\/uploads\/2024\/03\/e464344d-c56a-4d45-b093-9c5f61161601-150x150.jpg\" class=\"attachment-thumbnail size-thumbnail\" alt=\"\" \/><\/a>\n\t\t\t\t<\/dt><\/dl><dl class='gallery-item'>\n\t\t\t\t<dt class='gallery-icon landscape'>\n\t\t\t\t\t<a class=\"rollover rollover-zoom dt-pswp-item\" title=\"f0c3fe52-7983-4788-83c2-af0033fefcf3\" data-dt-img-description=\"\" data-large_image_width=\"1600\" data-large_image_height=\"900\"href='https:\/\/www.radiopiu.net\/wordpress\/wp-content\/uploads\/2024\/03\/f0c3fe52-7983-4788-83c2-af0033fefcf3.jpg'><img loading=\"lazy\" decoding=\"async\" width=\"150\" height=\"150\" src=\"https:\/\/www.radiopiu.net\/wordpress\/wp-content\/uploads\/2024\/03\/f0c3fe52-7983-4788-83c2-af0033fefcf3-150x150.jpg\" class=\"attachment-thumbnail size-thumbnail\" alt=\"\" \/><\/a>\n\t\t\t\t<\/dt><\/dl><br style=\"clear: both\" \/>\n\t\t\t<\/div>\n\n<h2>LA RACCOLTA COMPLETA <a href=\"https:\/\/www.radiopiu.net\/wordpress\/goodbye-by-bicicle-un-viaggio-dallindia-a-seren-del-grappa-in-bicicletta-06\/\"><span style=\"color: #0000ff;\">CLICCA QUI<\/span><\/a><\/h2>\n","protected":false},"excerpt":{"rendered":"<p>*** &nbsp; &nbsp; &nbsp; PER RICEVERE QUESTO NOTIZIARIO DIRETTAMENTE SUL TUO CELLULARE ISCRIVITI AL CANALE TELEGRAM \u201cRADIO PIU\u00a0 INFORMAZIONE&#8221;\u00a0 \u00a0il CANALE TELEGRAM&#8230; UNISCITI A: RADIO PIU INFORMAZIONE &nbsp; &nbsp; ATTENZIONE: LA NUOVA APP PER IOS-IPHONE di Nicola Vettorello https:\/\/apps.apple.com\/it\/app\/radio-pi%C3%B9-emittente-agordina\/id1515939845 ATTENZIONE: LA NUOVA APP RADIO\u00a0 PER ANDROID di Nicola Vettorello https:\/\/play.google.com\/store\/apps\/details?id=net.radiopiu.iniko\u00a0\u00a0 &nbsp; &nbsp; \u00a0\u00a0 AGGIORNAMENTO ORE&hellip;<\/p>\n","protected":false},"author":4,"featured_media":381609,"comment_status":"closed","ping_status":"closed","sticky":false,"template":"","format":"standard","meta":{"_monsterinsights_skip_tracking":false,"_monsterinsights_sitenote_active":false,"_monsterinsights_sitenote_note":"","_monsterinsights_sitenote_category":0,"footnotes":""},"categories":[51,86,49],"tags":[],"class_list":["post-381442","post","type-post","status-publish","format-standard","has-post-thumbnail","hentry","category-evidenza-top","category-gr","category-news-18","category-51","category-86","category-49","description-off"],"img_url":"https:\/\/www.radiopiu.net\/wordpress\/wp-content\/uploads\/2024\/03\/Senza-nome-93.png","_links":{"self":[{"href":"https:\/\/www.radiopiu.net\/wordpress\/wp-json\/wp\/v2\/posts\/381442","targetHints":{"allow":["GET"]}}],"collection":[{"href":"https:\/\/www.radiopiu.net\/wordpress\/wp-json\/wp\/v2\/posts"}],"about":[{"href":"https:\/\/www.radiopiu.net\/wordpress\/wp-json\/wp\/v2\/types\/post"}],"author":[{"embeddable":true,"href":"https:\/\/www.radiopiu.net\/wordpress\/wp-json\/wp\/v2\/users\/4"}],"replies":[{"embeddable":true,"href":"https:\/\/www.radiopiu.net\/wordpress\/wp-json\/wp\/v2\/comments?post=381442"}],"version-history":[{"count":0,"href":"https:\/\/www.radiopiu.net\/wordpress\/wp-json\/wp\/v2\/posts\/381442\/revisions"}],"wp:featuredmedia":[{"embeddable":true,"href":"https:\/\/www.radiopiu.net\/wordpress\/wp-json\/wp\/v2\/media\/381609"}],"wp:attachment":[{"href":"https:\/\/www.radiopiu.net\/wordpress\/wp-json\/wp\/v2\/media?parent=381442"}],"wp:term":[{"taxonomy":"category","embeddable":true,"href":"https:\/\/www.radiopiu.net\/wordpress\/wp-json\/wp\/v2\/categories?post=381442"},{"taxonomy":"post_tag","embeddable":true,"href":"https:\/\/www.radiopiu.net\/wordpress\/wp-json\/wp\/v2\/tags?post=381442"}],"curies":[{"name":"wp","href":"https:\/\/api.w.org\/{rel}","templated":true}]}}