{"id":381464,"date":"2024-03-28T04:30:30","date_gmt":"2024-03-28T03:30:30","guid":{"rendered":"https:\/\/www.radiopiu.net\/wordpress\/?p=381464"},"modified":"2024-03-28T05:24:06","modified_gmt":"2024-03-28T04:24:06","slug":"rigettato-il-permesso-di-asilo-il-futuro-incerto-delloperatore-socio-sanitario-afghano-a-alpago","status":"publish","type":"post","link":"https:\/\/www.radiopiu.net\/wordpress\/rigettato-il-permesso-di-asilo-il-futuro-incerto-delloperatore-socio-sanitario-afghano-a-alpago\/","title":{"rendered":"&#8220;Rigettato il Permesso di Asilo: Il Futuro Incerto dell&#8217;Operatore Socio Sanitario Afghano a Alpago&#8221;"},"content":{"rendered":"<p>***<\/p>\n<blockquote><p><em><a class=\"dt-pswp-item\" href=\"https:\/\/www.radiopiu.net\/wordpress\/wp-content\/uploads\/2024\/03\/02.jpg\" data-dt-img-description=\"\" data-large_image_width=\"1200\" data-large_image_height=\"250\"><img loading=\"lazy\" decoding=\"async\" class=\" wp-image-381465 alignleft\" src=\"https:\/\/www.radiopiu.net\/wordpress\/wp-content\/uploads\/2024\/03\/02-300x63.jpg\" alt=\"\" width=\"248\" height=\"52\" srcset=\"https:\/\/www.radiopiu.net\/wordpress\/wp-content\/uploads\/2024\/03\/02-300x63.jpg 300w, https:\/\/www.radiopiu.net\/wordpress\/wp-content\/uploads\/2024\/03\/02-1024x213.jpg 1024w, https:\/\/www.radiopiu.net\/wordpress\/wp-content\/uploads\/2024\/03\/02-768x160.jpg 768w, https:\/\/www.radiopiu.net\/wordpress\/wp-content\/uploads\/2024\/03\/02.jpg 1200w\" sizes=\"auto, (max-width: 248px) 100vw, 248px\" \/><\/a>dovr\u00e0 dire addio al lavoro in Alpago, ai colleghi, ai nonni della casa di Villa don Gino Ceccon e dovr\u00e0 tornare al punto di partenza, un centro di accoglienza per richiedenti asilo in Germania. Dove rimarr\u00e0 nel limbo per almeno un paio di mesi, aspettando le decisioni delle autorit\u00e0 tedesche<\/em><\/p><\/blockquote>\n<p><strong>ALPAGO <\/strong>Mohammad Madhi Ahmadi, 31 anni, afghano, dopo tre anni di lavoro alla casa di riposo di Santa Croce del Lago, ha visto il suo sogno di diventare infermiere in Italia infranto quando la sua richiesta di asilo \u00e8 stata rigettata e la Convenzione di Dublino lo ha obbligato a tornare in Germania, sua prima destinazione europea. La comunit\u00e0 locale esprime sgomento per l&#8217;intoppo burocratico, mentre Madhi affronta con incertezza il futuro, pronto a ripartire da zero nel limbo dell&#8217;attesa.<\/p>\n<div class=\"flex-1 overflow-hidden\">\n<div class=\"react-scroll-to-bottom--css-fxiwm-79elbk h-full\">\n<div class=\"react-scroll-to-bottom--css-fxiwm-1n7m0yu\">\n<div class=\"flex flex-col text-sm pb-9\">\n<div class=\"w-full text-token-text-primary\" data-testid=\"conversation-turn-15\">\n<div class=\"px-4 py-2 justify-center text-base md:gap-6 m-auto\">\n<div class=\"flex flex-1 text-base mx-auto gap-3 md:px-5 lg:px-1 xl:px-5 md:max-w-3xl lg:max-w-[40rem] xl:max-w-[48rem] group final-completion\">\n<div class=\"relative flex w-full flex-col agent-turn\">\n<div class=\"absolute\">\n<div class=\"flex w-full gap-2 items-center justify-center\"><\/div>\n<\/div>\n<\/div>\n<\/div>\n<\/div>\n<\/div>\n<\/div>\n<\/div>\n<\/div>\n<\/div>\n<div class=\"w-full pt-2 md:pt-0 dark:border-white\/20 md:border-transparent md:dark:border-transparent md:w-[calc(100%-.5rem)]\">\n<form class=\"stretch mx-2 flex flex-row gap-3 last:mb-2 md:mx-4 md:last:mb-6 lg:mx-auto lg:max-w-2xl xl:max-w-3xl\">\n<div class=\"relative flex h-full flex-1 flex-col\">\n<div class=\"absolute bottom-full left-0 right-0\"><\/div>\n<div class=\"flex w-full items-center\">___<\/div>\n<\/div>\n<\/form>\n<\/div>\n","protected":false},"excerpt":{"rendered":"<p>*** dovr\u00e0 dire addio al lavoro in Alpago, ai colleghi, ai nonni della casa di Villa don Gino Ceccon e dovr\u00e0 tornare al punto di partenza, un centro di accoglienza per richiedenti asilo in Germania. Dove rimarr\u00e0 nel limbo per almeno un paio di mesi, aspettando le decisioni delle autorit\u00e0 tedesche ALPAGO Mohammad Madhi Ahmadi,&hellip;<\/p>\n","protected":false},"author":4,"featured_media":381465,"comment_status":"closed","ping_status":"closed","sticky":false,"template":"","format":"standard","meta":{"_monsterinsights_skip_tracking":false,"_monsterinsights_sitenote_active":false,"_monsterinsights_sitenote_note":"","_monsterinsights_sitenote_category":0,"footnotes":""},"categories":[51,49],"tags":[],"class_list":["post-381464","post","type-post","status-publish","format-standard","has-post-thumbnail","hentry","category-evidenza-top","category-news-18","category-51","category-49","description-off"],"img_url":"https:\/\/www.radiopiu.net\/wordpress\/wp-content\/uploads\/2024\/03\/02.jpg","_links":{"self":[{"href":"https:\/\/www.radiopiu.net\/wordpress\/wp-json\/wp\/v2\/posts\/381464","targetHints":{"allow":["GET"]}}],"collection":[{"href":"https:\/\/www.radiopiu.net\/wordpress\/wp-json\/wp\/v2\/posts"}],"about":[{"href":"https:\/\/www.radiopiu.net\/wordpress\/wp-json\/wp\/v2\/types\/post"}],"author":[{"embeddable":true,"href":"https:\/\/www.radiopiu.net\/wordpress\/wp-json\/wp\/v2\/users\/4"}],"replies":[{"embeddable":true,"href":"https:\/\/www.radiopiu.net\/wordpress\/wp-json\/wp\/v2\/comments?post=381464"}],"version-history":[{"count":0,"href":"https:\/\/www.radiopiu.net\/wordpress\/wp-json\/wp\/v2\/posts\/381464\/revisions"}],"wp:featuredmedia":[{"embeddable":true,"href":"https:\/\/www.radiopiu.net\/wordpress\/wp-json\/wp\/v2\/media\/381465"}],"wp:attachment":[{"href":"https:\/\/www.radiopiu.net\/wordpress\/wp-json\/wp\/v2\/media?parent=381464"}],"wp:term":[{"taxonomy":"category","embeddable":true,"href":"https:\/\/www.radiopiu.net\/wordpress\/wp-json\/wp\/v2\/categories?post=381464"},{"taxonomy":"post_tag","embeddable":true,"href":"https:\/\/www.radiopiu.net\/wordpress\/wp-json\/wp\/v2\/tags?post=381464"}],"curies":[{"name":"wp","href":"https:\/\/api.w.org\/{rel}","templated":true}]}}