{"id":381483,"date":"2024-03-28T07:55:39","date_gmt":"2024-03-28T06:55:39","guid":{"rendered":"https:\/\/www.radiopiu.net\/wordpress\/?p=381483"},"modified":"2024-03-28T07:55:19","modified_gmt":"2024-03-28T06:55:19","slug":"alle-otto-del-mattino-lappuntamento-la-rassegna-stampa-locale-loriginale-dal-1983","status":"publish","type":"post","link":"https:\/\/www.radiopiu.net\/wordpress\/alle-otto-del-mattino-lappuntamento-la-rassegna-stampa-locale-loriginale-dal-1983\/","title":{"rendered":"ALLE OTTO DEL MATTINO L&#8217;APPUNTAMENTO. la rassegna stampa locale, l&#8217;originale dal 1983"},"content":{"rendered":"<p>***<\/p>\n<p><iframe loading=\"lazy\" title=\"DAL 1983 LA RASSEGNA STAMPA LOCALE di mirko mezzacasa. L&#039;ORIGINALE\" width=\"1200\" height=\"675\" src=\"https:\/\/www.youtube.com\/embed\/pNQKDMfZPCY?feature=oembed\" frameborder=\"0\" allow=\"accelerometer; autoplay; clipboard-write; encrypted-media; gyroscope; picture-in-picture; web-share\" referrerpolicy=\"strict-origin-when-cross-origin\" allowfullscreen><\/iframe><\/p>\n<p>&nbsp;<\/p>\n<p><a class=\"dt-pswp-item\" href=\"https:\/\/www.radiopiu.net\/wordpress\/wp-content\/uploads\/2024\/03\/COPER1-1.png\" data-dt-img-description=\"\" data-large_image_width=\"392\" data-large_image_height=\"216\"><img loading=\"lazy\" decoding=\"async\" class=\" wp-image-381468 alignleft\" src=\"https:\/\/www.radiopiu.net\/wordpress\/wp-content\/uploads\/2024\/03\/COPER1-1-300x165.png\" alt=\"\" width=\"207\" height=\"114\" srcset=\"https:\/\/www.radiopiu.net\/wordpress\/wp-content\/uploads\/2024\/03\/COPER1-1-300x165.png 300w, https:\/\/www.radiopiu.net\/wordpress\/wp-content\/uploads\/2024\/03\/COPER1-1.png 392w\" sizes=\"auto, (max-width: 207px) 100vw, 207px\" \/><\/a>OGGI AD AGORDO, BLACK-OUT IDRICO PER LAVORI PROGRAMMATI Gestione Servizi Pubblici informa che, per lavori alla rete idrica comunale,\u00a0 OGGI dalle 8 a FINE LAVORI verr\u00e0 sospesa l\u2019erogazione dell\u2019acqua\u00a0 nelle vie BATTISTI, CALZON, CAPPELLO, CAMPO DEI FIORI, P.LE ROVA, 5 MAGGIO e V.LO 5 MAGGIO.<br \/>\n<strong>VENETO STRADE<\/strong> Permane la chiusura del seguente tratto stradale: &#8211; S.P. 24 \u201cdel passo Val Parola\u201d dalla progressiva km 0+000 (Passo Falzarego) al km 5+217 (confine Provincia di Bolzano)<br \/>\n<strong>REDAZIONE<\/strong> Una scossa di magnitudo 4.5 ha colpito il Friuli ieri sera alle 22.19, con epicentro a Socchieve, nella Carnia, a una profondit\u00e0 di dieci chilometri. L&#8217;evento \u00e8 stato avvertito in tutta la provincia di Udine e Pordenone, causando momenti di paura e tensione tra i residenti. Non sono stati segnalati danni a edifici pubblici o privati<br \/>\n<strong>ALPAGO<\/strong> Ieri mattina poco prima delle 9, incidente sul lavoro\u00a0 nella\u00a0 zona industriale di Bastia d&#8217;Alpago. Un operaio Lino Cecchetto di 68 anni, residente a Castello di Godego, \u00e8 rimasto gravemente ferito mentre svolgeva le proprie mansioni. L&#8217;uomo ha riportato ferite da schiacciamento<br \/>\n<strong>ARSIE&#8217;<\/strong> Un grave incidente frontale coinvolgente una Porsche Carrera 4S e un furgone \u00e8 avvenuto sulla statale 50 bis vicino ad Arsi\u00e8. Valentino Bassani, proprietario di un&#8217;officina locale, \u00e8 rimasto intrappolato nella Porsche dopo l&#8217;impatto, mentre i due occupanti del furgone, residenti a Bolzano, hanno riportato ferite di media gravit\u00e0<br \/>\n<strong>MIGLIORANO LE CONDIZIONI DELLA RAGAZZA INVESTITA A SEDICO<\/strong><br \/>\n<a class=\"dt-pswp-item\" href=\"https:\/\/www.radiopiu.net\/wordpress\/wp-content\/uploads\/2024\/03\/COPERTINA0.png\" data-dt-img-description=\"\" data-large_image_width=\"597\" data-large_image_height=\"337\"><img loading=\"lazy\" decoding=\"async\" class=\"size-medium wp-image-381469 alignright\" src=\"https:\/\/www.radiopiu.net\/wordpress\/wp-content\/uploads\/2024\/03\/COPERTINA0-300x169.png\" alt=\"\" width=\"300\" height=\"169\" srcset=\"https:\/\/www.radiopiu.net\/wordpress\/wp-content\/uploads\/2024\/03\/COPERTINA0-300x169.png 300w, https:\/\/www.radiopiu.net\/wordpress\/wp-content\/uploads\/2024\/03\/COPERTINA0.png 597w\" sizes=\"auto, (max-width: 300px) 100vw, 300px\" \/><\/a><strong>FELTRE <\/strong>&#8220;Dimessa dall&#8217;ospedale: Miglioramento della paziente e avvio di campagna vaccinale contro il meningococco di tipo<br \/>\n<strong>VENEZIA<\/strong> Il Presidente della Regione del Veneto, Luca Zaia, accoglie favorevolmente l&#8217;approvazione da parte della Camera del nuovo disegno di legge sul Codice della Strada.<br \/>\n<strong>BELLUNO<\/strong> &#8220;Addio a Domenico Sgorlon: Omaggio alla Storica Figura del Volontariato nella Chiesa di Cavarzano<br \/>\n<strong>AGORDO<\/strong> NEL RICORDO DI GIANNI. SILVIA &#8220;GRAZIE, A VOI CHE LO AVETE AMATO IN VITA&#8221; IL MESSAGGIO DI SILVIA TORMEN NEL RICORDO DI PAPA&#8217; GIANNI LE CENERI SARANNO PORTATE IN MONTAGNA NEI LUOGHI CHE TANTO AMAVA<br \/>\n<strong>ALPAGO<\/strong> &#8220;Rigettato il Permesso di Asilo: Il Futuro Incerto dell&#8217;Operatore Socio Sanitario Afghano a Alpago&#8221;<br \/>\n<strong>FELTRE<\/strong> Tempo di bilanci per la Polizia Locale di Feltre, che si pone come obbiettivo il contrasto all&#8217;alta incidentalit\u00e0. Crescono le multe per alta velocit\u00e0 e guida senza assicurazione, ma i controlli portano anche ad un calo delle sanzioni in altri settori.<br \/>\n<strong>AGORDO<\/strong> Gli Enti locali soci di Valpe Ambiente nel Bellunese respingono con vigore le accuse di sabotaggio del percorso per lo sviluppo della nuova holding dei rifiuti. Paolo Frena, Presidente dell\u2019Unione Montana Agordina e sindaco di Colle Santa Lucia, sottolinea il rispetto delle peculiarit\u00e0 territoriali e la garanzia di un ruolo a tutti gli Enti locali nella nuova struttura societaria.<br \/>\n<a class=\"dt-pswp-item\" href=\"https:\/\/www.radiopiu.net\/wordpress\/wp-content\/uploads\/2024\/03\/COPERTINA4.png\" data-dt-img-description=\"\" data-large_image_width=\"504\" data-large_image_height=\"222\"><img loading=\"lazy\" decoding=\"async\" class=\"size-medium wp-image-381470 alignleft\" src=\"https:\/\/www.radiopiu.net\/wordpress\/wp-content\/uploads\/2024\/03\/COPERTINA4-300x132.png\" alt=\"\" width=\"300\" height=\"132\" srcset=\"https:\/\/www.radiopiu.net\/wordpress\/wp-content\/uploads\/2024\/03\/COPERTINA4-300x132.png 300w, https:\/\/www.radiopiu.net\/wordpress\/wp-content\/uploads\/2024\/03\/COPERTINA4.png 504w\" sizes=\"auto, (max-width: 300px) 100vw, 300px\" \/><\/a><strong>LA PROPOSTA REDAZIONE\u00a0<\/strong> Loris Serafini dalla Fondazione Papa Luciani rilancia la proposta di intitolazione del piazzale dell&#8217;Unione Montana a Don Antonio Della Lucia.<br \/>\n<strong>GALATONE<\/strong> ALLA GUIDA DELLA PROLOCO DI GOSALDO<br \/>\n<strong>ENZO CAVIOLA<\/strong> RICONFERMATO PRESIDENTE DELLA PRO LOCO MONTI DEL SOLE<br \/>\n<strong>IL 7 APRILE AL VIA IL CONCORSO INTERNAZIONALE MUSICALE DI BELLUNO<\/strong><br \/>\n<strong>AGORDO<\/strong> SABATO LA PRESENTAZIONE DEI NUOVI GRAFFITI A PROMPICAI E PARECH<br \/>\n&#8220;La Cometa Pons-Brooks: Un&#8217;Incontro Celeste Dopo Settant&#8217;Anni&#8221; OGGI ALLA RADIO CON CLAUDIO PRA<br \/>\nQUESTA SERA DALLE 20.30 A TAIBON AGORDINO, SAGRA DE PASCA CON RADIO PIU&#8217;, MANRICO DELL&#8217;AGNOLA, IL CONCERTO DI MARCO V DAL FARRA E TANTE CURIOSITA&#8217; IN DIRETTA ALLA RADIO&#8230; IN DIRETTA ALLA RADIOPIU<br \/>\nMANRICO DELL&#8217;AGNOLA OSPITE DELLA PRIMA SERATA ALLA SAGRA DE PASCA DI TAIBON RIASCOLTALO IN PODCAST SU RADIOPIU<\/p>\n<p><strong>CORSA IN MONTAGNA<\/strong> FINO AL 31 MARZO QUOTA AGEVOLATA PER LE ISCRIZIONI A TRANSCIVETTA<br \/>\nPALLAVOLO I PLAYOFF DEL BELLUNO VOLLEY PARTONO DAL PIEMONTE<br \/>\n<strong>GOODBYE BY BICICLE<\/strong>&#8230;UN VIAGGIO DALL&#8217;INDIA A SEREN DEL GRAPPA IN BICICLETTA<br \/>\nPUNTATA 06 &#8211; NUOVE TAPPE NEL VIAGGIO IN INDIA MA ANCHE DISAVVENTURE in podcast sul sito di RADIOPIU<\/p>\n<p>&nbsp;<\/p>\n","protected":false},"excerpt":{"rendered":"<p>*** &nbsp; OGGI AD AGORDO, BLACK-OUT IDRICO PER LAVORI PROGRAMMATI Gestione Servizi Pubblici informa che, per lavori alla rete idrica comunale,\u00a0 OGGI dalle 8 a FINE LAVORI verr\u00e0 sospesa l\u2019erogazione dell\u2019acqua\u00a0 nelle vie BATTISTI, CALZON, CAPPELLO, CAMPO DEI FIORI, P.LE ROVA, 5 MAGGIO e V.LO 5 MAGGIO. VENETO STRADE Permane la chiusura del seguente tratto&hellip;<\/p>\n","protected":false},"author":4,"featured_media":381468,"comment_status":"closed","ping_status":"closed","sticky":false,"template":"","format":"standard","meta":{"_monsterinsights_skip_tracking":false,"_monsterinsights_sitenote_active":false,"_monsterinsights_sitenote_note":"","_monsterinsights_sitenote_category":0,"footnotes":""},"categories":[104,49,142],"tags":[],"class_list":["post-381483","post","type-post","status-publish","format-standard","has-post-thumbnail","hentry","category-evidenza_3","category-news-18","category-rassegna-stampa","category-104","category-49","category-142","description-off"],"img_url":"https:\/\/www.radiopiu.net\/wordpress\/wp-content\/uploads\/2024\/03\/COPER1-1.png","_links":{"self":[{"href":"https:\/\/www.radiopiu.net\/wordpress\/wp-json\/wp\/v2\/posts\/381483","targetHints":{"allow":["GET"]}}],"collection":[{"href":"https:\/\/www.radiopiu.net\/wordpress\/wp-json\/wp\/v2\/posts"}],"about":[{"href":"https:\/\/www.radiopiu.net\/wordpress\/wp-json\/wp\/v2\/types\/post"}],"author":[{"embeddable":true,"href":"https:\/\/www.radiopiu.net\/wordpress\/wp-json\/wp\/v2\/users\/4"}],"replies":[{"embeddable":true,"href":"https:\/\/www.radiopiu.net\/wordpress\/wp-json\/wp\/v2\/comments?post=381483"}],"version-history":[{"count":0,"href":"https:\/\/www.radiopiu.net\/wordpress\/wp-json\/wp\/v2\/posts\/381483\/revisions"}],"wp:featuredmedia":[{"embeddable":true,"href":"https:\/\/www.radiopiu.net\/wordpress\/wp-json\/wp\/v2\/media\/381468"}],"wp:attachment":[{"href":"https:\/\/www.radiopiu.net\/wordpress\/wp-json\/wp\/v2\/media?parent=381483"}],"wp:term":[{"taxonomy":"category","embeddable":true,"href":"https:\/\/www.radiopiu.net\/wordpress\/wp-json\/wp\/v2\/categories?post=381483"},{"taxonomy":"post_tag","embeddable":true,"href":"https:\/\/www.radiopiu.net\/wordpress\/wp-json\/wp\/v2\/tags?post=381483"}],"curies":[{"name":"wp","href":"https:\/\/api.w.org\/{rel}","templated":true}]}}