{"id":381548,"date":"2024-03-29T02:00:50","date_gmt":"2024-03-29T01:00:50","guid":{"rendered":"https:\/\/www.radiopiu.net\/wordpress\/?p=381548"},"modified":"2024-03-29T05:44:47","modified_gmt":"2024-03-29T04:44:47","slug":"il-sostegno-agli-studenti-delle-scuole-superiori-del-bellunese-fuori-sede-come-antidoto-allo-spopolamento-della-montagna","status":"publish","type":"post","link":"https:\/\/www.radiopiu.net\/wordpress\/il-sostegno-agli-studenti-delle-scuole-superiori-del-bellunese-fuori-sede-come-antidoto-allo-spopolamento-della-montagna\/","title":{"rendered":"IL SOSTEGNO AGLI STUDENTI DELLE SCUOLE SUPERIORI DEL BELLUNESE FUORI SEDE COME ANTIDOTO ALLO SPOPOLAMENTO DELLA MONTAGNA"},"content":{"rendered":"<p>*****<\/p>\n<p>&nbsp;<\/p>\n<p><strong><a class=\"dt-pswp-item\" href=\"https:\/\/www.radiopiu.net\/wordpress\/wp-content\/uploads\/2024\/03\/CESTARO.jpg\" data-dt-img-description=\"\" data-large_image_width=\"810\" data-large_image_height=\"540\"><img loading=\"lazy\" decoding=\"async\" class=\" wp-image-381549 alignleft\" src=\"https:\/\/www.radiopiu.net\/wordpress\/wp-content\/uploads\/2024\/03\/CESTARO-300x200.jpg\" alt=\"\" width=\"210\" height=\"140\" srcset=\"https:\/\/www.radiopiu.net\/wordpress\/wp-content\/uploads\/2024\/03\/CESTARO-300x200.jpg 300w, https:\/\/www.radiopiu.net\/wordpress\/wp-content\/uploads\/2024\/03\/CESTARO-768x512.jpg 768w, https:\/\/www.radiopiu.net\/wordpress\/wp-content\/uploads\/2024\/03\/CESTARO.jpg 810w\" sizes=\"auto, (max-width: 210px) 100vw, 210px\" \/><\/a>VENEZIA <\/strong>\u201cPer fermare lo spopolamento dei territori montani, e in particolare del Bellunese, \u00e8 opportuno partire da uno dei suoi effetti pi\u00f9 devastanti: la riduzione dell\u2019offerta formativa in qualit\u00e0 e quantit\u00e0, per il calo delle nascite e i costi degli alloggi per gli studenti delle superiori fuori sede. Pertanto, incoraggiamo la Regione del Veneto ad attivarsi con i ministeri nazionali competenti, per rendere accessibili questi alloggi alle rispettive famiglie\u201d. Con queste parole la consigliera regionale della Lega \u2013 Liga<b>\u00a0<\/b>Veneta,\u00a0\u00a0Silvia Cestaro che presenta la propria mozione sulla questione. \u201cIl Bellunese \u2013 spiega Cestaro &#8211; \u00e8 la provincia pi\u00f9 estesa del Veneto a livello territoriale ed \u00e8 interamente montana. Pertanto, i problemi generali della montagna si sono fatti sentire anche qui, con l\u2019abbandono progressivo di parte della popolazione e il conseguente calo del numero di iscrizioni scolastiche. Aggiungiamo il fatto che in molte vallate non sono presenti Istituti superiori, il che obbliga molte famiglie a pagare trasferte e sistemazioni abitative onerose per i propri figli. Se poi diminuisce progressivamente la disponibilit\u00e0 di convitti, le stesse famiglie sono ulteriormente scoraggiate a iscrivere i ragazzi nelle scuole desiderate. Visti la gravit\u00e0 della situazione e i rischi che si aggravi, occorre un progetto serio e dettagliato per tutto il territorio provinciale attraverso cui contenere i costi degli alloggi. Non dimentichiamoci che un aumento della formazione significa una maggiore crescita non solo per gli studenti, ma per le stesse comunit\u00e0 locali\u201d, conclude Cestaro.<\/p>\n<p>&nbsp;<\/p>\n<p>&nbsp;<\/p>\n<p>********<\/p>\n","protected":false},"excerpt":{"rendered":"<p>***** &nbsp; VENEZIA \u201cPer fermare lo spopolamento dei territori montani, e in particolare del Bellunese, \u00e8 opportuno partire da uno dei suoi effetti pi\u00f9 devastanti: la riduzione dell\u2019offerta formativa in qualit\u00e0 e quantit\u00e0, per il calo delle nascite e i costi degli alloggi per gli studenti delle superiori fuori sede. Pertanto, incoraggiamo la Regione del&hellip;<\/p>\n","protected":false},"author":4,"featured_media":381549,"comment_status":"closed","ping_status":"closed","sticky":false,"template":"","format":"standard","meta":{"_monsterinsights_skip_tracking":false,"_monsterinsights_sitenote_active":false,"_monsterinsights_sitenote_note":"","_monsterinsights_sitenote_category":0,"footnotes":""},"categories":[104,49],"tags":[],"class_list":["post-381548","post","type-post","status-publish","format-standard","has-post-thumbnail","hentry","category-evidenza_3","category-news-18","category-104","category-49","description-off"],"img_url":"https:\/\/www.radiopiu.net\/wordpress\/wp-content\/uploads\/2024\/03\/CESTARO.jpg","_links":{"self":[{"href":"https:\/\/www.radiopiu.net\/wordpress\/wp-json\/wp\/v2\/posts\/381548","targetHints":{"allow":["GET"]}}],"collection":[{"href":"https:\/\/www.radiopiu.net\/wordpress\/wp-json\/wp\/v2\/posts"}],"about":[{"href":"https:\/\/www.radiopiu.net\/wordpress\/wp-json\/wp\/v2\/types\/post"}],"author":[{"embeddable":true,"href":"https:\/\/www.radiopiu.net\/wordpress\/wp-json\/wp\/v2\/users\/4"}],"replies":[{"embeddable":true,"href":"https:\/\/www.radiopiu.net\/wordpress\/wp-json\/wp\/v2\/comments?post=381548"}],"version-history":[{"count":0,"href":"https:\/\/www.radiopiu.net\/wordpress\/wp-json\/wp\/v2\/posts\/381548\/revisions"}],"wp:featuredmedia":[{"embeddable":true,"href":"https:\/\/www.radiopiu.net\/wordpress\/wp-json\/wp\/v2\/media\/381549"}],"wp:attachment":[{"href":"https:\/\/www.radiopiu.net\/wordpress\/wp-json\/wp\/v2\/media?parent=381548"}],"wp:term":[{"taxonomy":"category","embeddable":true,"href":"https:\/\/www.radiopiu.net\/wordpress\/wp-json\/wp\/v2\/categories?post=381548"},{"taxonomy":"post_tag","embeddable":true,"href":"https:\/\/www.radiopiu.net\/wordpress\/wp-json\/wp\/v2\/tags?post=381548"}],"curies":[{"name":"wp","href":"https:\/\/api.w.org\/{rel}","templated":true}]}}