{"id":381561,"date":"2024-03-29T05:29:27","date_gmt":"2024-03-29T04:29:27","guid":{"rendered":"https:\/\/www.radiopiu.net\/wordpress\/?p=381561"},"modified":"2024-03-29T05:42:45","modified_gmt":"2024-03-29T04:42:45","slug":"promozione-dello-stile-di-vita-sano-riconoscimento-ai-comuni-attivi-della-provincia-di-belluno","status":"publish","type":"post","link":"https:\/\/www.radiopiu.net\/wordpress\/promozione-dello-stile-di-vita-sano-riconoscimento-ai-comuni-attivi-della-provincia-di-belluno\/","title":{"rendered":"&#8220;Promozione dello Stile di Vita Sano: Riconoscimento ai &#8216;Comuni Attivi&#8217; della Provincia di Belluno&#8221;"},"content":{"rendered":"<p>***<\/p>\n<p>&nbsp;<\/p>\n<p><img loading=\"lazy\" decoding=\"async\" class=\"aligncenter\" src=\"https:\/\/www.radiopiu.net\/wordpress\/wp-content\/uploads\/2024\/03\/WhatsApp-Image-2024-03-28-at-3.01.58-PM.jpeg\" width=\"432\" height=\"271\" \/><\/p>\n<p>&nbsp;<\/p>\n<p>Il Piano Regionale della Prevenzione 2020-2025 del Veneto promuove uno stile di vita sano attraverso la partecipazione attiva della popolazione, enfatizzando il ruolo cruciale della comunit\u00e0 locale. La nascita della &#8220;Rete dei Comuni Attivi&#8221; mira a coinvolgere le singole comunit\u00e0 nell&#8217;incentivare l&#8217;attivit\u00e0 fisica e la creazione di contesti favorevoli attraverso iniziative e interventi urbani. I Comuni giocano un ruolo chiave nel coinvolgere i cittadini e promuovere l&#8217;inclusione, ricevendo riconoscimenti come &#8220;Comuni Attivi&#8221; per le azioni intraprese. La regione del Veneto sostiene la promozione degli stili di vita sani tramite la campagna &#8220;Vivo Bene Veneto&#8221; e la guida delle &#8220;Comunit\u00e0 Attive&#8221;. Oggi, 16 Comuni della Provincia di Belluno hanno ricevuto il riconoscimento di &#8220;Comune Attivo&#8221; per le loro iniziative a favore dell&#8217;attivit\u00e0 motoria, con la consegna delle targhe di riconoscimento e della nuova cartellonistica. Il Commissario dell&#8217;ULSS1 Dolomiti Giuseppe Dal Ben ha consegnato il riconoscimento alle 16 Amministrazioni Comunali, Alpago, Borgo Valbelluna, Cesiomaggiore, Cortina, Feltre, Fonzaso, Lamon, Longarone, Lorenzago di Cadore, Lozzo di Cadore,<br \/>\nPedavena, Santa Giustina Bellunese, San Gregorio nelle Alpi, Sedico, Seren del Grappa, Sovramonte<\/p>\n<p>&nbsp;<\/p>\n<hr \/>\n<p>&nbsp;<\/p>\n","protected":false},"excerpt":{"rendered":"<p>*** &nbsp; &nbsp; Il Piano Regionale della Prevenzione 2020-2025 del Veneto promuove uno stile di vita sano attraverso la partecipazione attiva della popolazione, enfatizzando il ruolo cruciale della comunit\u00e0 locale. La nascita della &#8220;Rete dei Comuni Attivi&#8221; mira a coinvolgere le singole comunit\u00e0 nell&#8217;incentivare l&#8217;attivit\u00e0 fisica e la creazione di contesti favorevoli attraverso iniziative e&hellip;<\/p>\n","protected":false},"author":4,"featured_media":381562,"comment_status":"closed","ping_status":"closed","sticky":false,"template":"","format":"standard","meta":{"_monsterinsights_skip_tracking":false,"_monsterinsights_sitenote_active":false,"_monsterinsights_sitenote_note":"","_monsterinsights_sitenote_category":0,"footnotes":""},"categories":[51,49],"tags":[],"class_list":["post-381561","post","type-post","status-publish","format-standard","has-post-thumbnail","hentry","category-evidenza-top","category-news-18","category-51","category-49","description-off"],"img_url":"https:\/\/www.radiopiu.net\/wordpress\/wp-content\/uploads\/2024\/03\/WhatsApp-Image-2024-03-28-at-3.01.58-PM.jpeg","_links":{"self":[{"href":"https:\/\/www.radiopiu.net\/wordpress\/wp-json\/wp\/v2\/posts\/381561","targetHints":{"allow":["GET"]}}],"collection":[{"href":"https:\/\/www.radiopiu.net\/wordpress\/wp-json\/wp\/v2\/posts"}],"about":[{"href":"https:\/\/www.radiopiu.net\/wordpress\/wp-json\/wp\/v2\/types\/post"}],"author":[{"embeddable":true,"href":"https:\/\/www.radiopiu.net\/wordpress\/wp-json\/wp\/v2\/users\/4"}],"replies":[{"embeddable":true,"href":"https:\/\/www.radiopiu.net\/wordpress\/wp-json\/wp\/v2\/comments?post=381561"}],"version-history":[{"count":0,"href":"https:\/\/www.radiopiu.net\/wordpress\/wp-json\/wp\/v2\/posts\/381561\/revisions"}],"wp:featuredmedia":[{"embeddable":true,"href":"https:\/\/www.radiopiu.net\/wordpress\/wp-json\/wp\/v2\/media\/381562"}],"wp:attachment":[{"href":"https:\/\/www.radiopiu.net\/wordpress\/wp-json\/wp\/v2\/media?parent=381561"}],"wp:term":[{"taxonomy":"category","embeddable":true,"href":"https:\/\/www.radiopiu.net\/wordpress\/wp-json\/wp\/v2\/categories?post=381561"},{"taxonomy":"post_tag","embeddable":true,"href":"https:\/\/www.radiopiu.net\/wordpress\/wp-json\/wp\/v2\/tags?post=381561"}],"curies":[{"name":"wp","href":"https:\/\/api.w.org\/{rel}","templated":true}]}}