{"id":381572,"date":"2024-03-29T05:33:35","date_gmt":"2024-03-29T04:33:35","guid":{"rendered":"https:\/\/www.radiopiu.net\/wordpress\/?p=381572"},"modified":"2024-03-29T05:41:27","modified_gmt":"2024-03-29T04:41:27","slug":"la-pista-che-spacca-tema-divisivo-soprattutto-sotto-elezioni-alle-critiche-della-sinistra-padrin-risponde-con-il-destro","status":"publish","type":"post","link":"https:\/\/www.radiopiu.net\/wordpress\/la-pista-che-spacca-tema-divisivo-soprattutto-sotto-elezioni-alle-critiche-della-sinistra-padrin-risponde-con-il-destro\/","title":{"rendered":"LA PISTA CHE &#8220;SPACCA&#8221;,  TEMA DIVISIVO SOPRATTUTTO SOTTO ELEZIONI. ALLE CRITICHE DELLA SINISTRA PADRIN RISPONDE CON IL DESTRO"},"content":{"rendered":"<p style=\"padding-left: 40px;\">\n<p>&nbsp;<\/p>\n<blockquote>\n<h3>PISTA DA BOB A CORTINA: SINISTRA ITALIANA PUNTA IL DITO SUL PRESIDENTE DELLA PROVINCIA PADRIN<\/h3>\n<\/blockquote>\n<p><strong><a class=\"dt-pswp-item\" href=\"https:\/\/www.radiopiu.net\/wordpress\/wp-content\/uploads\/2023\/10\/PISTA-BOB-CORTINA.jpg\" data-dt-img-description=\"\" data-large_image_width=\"800\" data-large_image_height=\"600\"><img loading=\"lazy\" decoding=\"async\" class=\" wp-image-357136 alignleft\" src=\"https:\/\/www.radiopiu.net\/wordpress\/wp-content\/uploads\/2023\/10\/PISTA-BOB-CORTINA-300x225.jpg\" alt=\"\" width=\"144\" height=\"108\" srcset=\"https:\/\/www.radiopiu.net\/wordpress\/wp-content\/uploads\/2023\/10\/PISTA-BOB-CORTINA-300x225.jpg 300w, https:\/\/www.radiopiu.net\/wordpress\/wp-content\/uploads\/2023\/10\/PISTA-BOB-CORTINA-768x576.jpg 768w, https:\/\/www.radiopiu.net\/wordpress\/wp-content\/uploads\/2023\/10\/PISTA-BOB-CORTINA.jpg 800w\" sizes=\"auto, (max-width: 144px) 100vw, 144px\" \/><\/a>BELLUNO<\/strong> Sinistra Italiana Belluno elogia i Consiglieri provinciali Sindi Manushi, Mario De Bon e Simone Deola per le loro posizioni sulla pista da bob di Cortina, criticando il Presidente Padrin per non aver rispettato le delibere precedenti del Consiglio provinciale. Rilevano che Padrin non ha fatto nulla per seguire l&#8217;indirizzo del Consiglio e ha approvato il nuovo progetto senza documentazione adeguata. Contestano il cofinanziamento provinciale, che considerano illegittimo data la discrepanza tra il progetto approvato e quello attuale. Esprimono preoccupazione per la mancanza di dialogo reale da parte del centrodestra e invitano il Presidente a dichiarare la sua posizione sulla questione. Criticano anche l&#8217;approccio del centrodestra su altri temi, come Dolomitibus e Investi scuola, chiedendo chiarezza e coerenza. Concludono sottolineando l&#8217;importanza di sapere quale sia il pensiero del Presidente Padrin e invitandolo a prendere una posizione chiara.<\/p>\n<p>&nbsp;<\/p>\n<p><strong>IL PRESIDENTE DELLA PROVINCIA PADRIN&#8230;RISPONDE<\/strong><\/p>\n<p>\u00abLa pista da bob ha spaccato l\u2019opinione pubblica ed \u00e8 diventata tema divisivo. Ma non da subito: \u00e8 sempre stata nel dossier olimpico, fin dall\u2019inizio, fin dalla presentazione della candidatura. E solo in seguito \u00e8 diventata tema di dibattito. La Provincia si \u00e8 presa un impegno nel 2022, per la riqualificazione della vecchia pista \u201cEugenio Monti\u201d, impegno approvato all\u2019unanimit\u00e0 dal consiglio, con l\u2019astensione del consigliere Perenzin, il quale per circa un anno non ha partecipato alle sedute del consiglio provinciale e neppure agli incontri di \u201cmaggioranza\u201d. Poi nel 2023 \u00e8 stato approvato un ordine del giorno con cui si chiedeva di verificare la fattibilit\u00e0 di spostare le gare olimpiche di bob a Innsbruck. Mi sono attivato nei mesi scorsi, dopo l\u2019avvio delle procedure di cantiere a Cortina, per avere informazioni di dettaglio sull\u2019impianto, anche in relazione al progetto cosiddetto &#8220;light&#8221;. Abbiamo inviato richiesta formale a Simico e attendiamo la risposta ufficiale, anche se informalmente \u00e8 stato confermato che il progetto in corso di realizzazione \u00e8 quello originale per la parte sportiva. \u00c8 ora di finirla con l\u2019ipocrisia, dice Perenzin. Ha ragione, da parte mia e dell\u2019amministrazione provinciale non c\u2019\u00e8 mai stata ipocrisia su questo tema, anzi impegno assoluto e attenzione massima su tutte le questioni, anche quelle pi\u00f9 delicate che riguardano il nostro territorio. Quanto al tema del trasporto pubblico, Perenzin chiede un cambio di passo: se ha una soluzione concreta e attuabile al problema della carenza di autisti, siamo qui per ascoltare\u00bb.<\/p>\n<p>&nbsp;<\/p>\n","protected":false},"excerpt":{"rendered":"<p>&nbsp; PISTA DA BOB A CORTINA: SINISTRA ITALIANA PUNTA IL DITO SUL PRESIDENTE DELLA PROVINCIA PADRIN BELLUNO Sinistra Italiana Belluno elogia i Consiglieri provinciali Sindi Manushi, Mario De Bon e Simone Deola per le loro posizioni sulla pista da bob di Cortina, criticando il Presidente Padrin per non aver rispettato le delibere precedenti del Consiglio&hellip;<\/p>\n","protected":false},"author":4,"featured_media":357136,"comment_status":"closed","ping_status":"closed","sticky":false,"template":"","format":"standard","meta":{"_monsterinsights_skip_tracking":false,"_monsterinsights_sitenote_active":false,"_monsterinsights_sitenote_note":"","_monsterinsights_sitenote_category":0,"footnotes":""},"categories":[51,49],"tags":[],"class_list":["post-381572","post","type-post","status-publish","format-standard","has-post-thumbnail","hentry","category-evidenza-top","category-news-18","category-51","category-49","description-off"],"img_url":"https:\/\/www.radiopiu.net\/wordpress\/wp-content\/uploads\/2023\/10\/PISTA-BOB-CORTINA.jpg","_links":{"self":[{"href":"https:\/\/www.radiopiu.net\/wordpress\/wp-json\/wp\/v2\/posts\/381572","targetHints":{"allow":["GET"]}}],"collection":[{"href":"https:\/\/www.radiopiu.net\/wordpress\/wp-json\/wp\/v2\/posts"}],"about":[{"href":"https:\/\/www.radiopiu.net\/wordpress\/wp-json\/wp\/v2\/types\/post"}],"author":[{"embeddable":true,"href":"https:\/\/www.radiopiu.net\/wordpress\/wp-json\/wp\/v2\/users\/4"}],"replies":[{"embeddable":true,"href":"https:\/\/www.radiopiu.net\/wordpress\/wp-json\/wp\/v2\/comments?post=381572"}],"version-history":[{"count":0,"href":"https:\/\/www.radiopiu.net\/wordpress\/wp-json\/wp\/v2\/posts\/381572\/revisions"}],"wp:featuredmedia":[{"embeddable":true,"href":"https:\/\/www.radiopiu.net\/wordpress\/wp-json\/wp\/v2\/media\/357136"}],"wp:attachment":[{"href":"https:\/\/www.radiopiu.net\/wordpress\/wp-json\/wp\/v2\/media?parent=381572"}],"wp:term":[{"taxonomy":"category","embeddable":true,"href":"https:\/\/www.radiopiu.net\/wordpress\/wp-json\/wp\/v2\/categories?post=381572"},{"taxonomy":"post_tag","embeddable":true,"href":"https:\/\/www.radiopiu.net\/wordpress\/wp-json\/wp\/v2\/tags?post=381572"}],"curies":[{"name":"wp","href":"https:\/\/api.w.org\/{rel}","templated":true}]}}