{"id":381574,"date":"2024-03-29T05:35:35","date_gmt":"2024-03-29T04:35:35","guid":{"rendered":"https:\/\/www.radiopiu.net\/wordpress\/?p=381574"},"modified":"2024-03-29T05:40:41","modified_gmt":"2024-03-29T04:40:41","slug":"il-sorriso-di-lucia","status":"publish","type":"post","link":"https:\/\/www.radiopiu.net\/wordpress\/il-sorriso-di-lucia\/","title":{"rendered":"SI E&#8217; SPENTO IL SORRISO DI LUCIA"},"content":{"rendered":"<p>***<\/p>\n<p><strong>LA VALLE<\/strong> Un sorriso contagioso, anche nei momenti pi\u00f9 bui, perch\u00e9 la professione di Lucia la portava a contatto con i pazienti dell&#8217;ospedale, con le loro paure, ma anche gioie da condividere. Volto noto, personalit\u00e0 importante in ambito lavorativo quella di Lucia Barbiero, mancher\u00e0 ai tanti che l&#8217;hanno amata e conosciuta. Da Radio Pi\u00f9 giunga l&#8217;abbraccio al marito, figli e parenti tutti. I funerali di Lucia Barbiero 54 anni, si terranno domani alle 14.30 nel suo paese di nascita, Frassen\u00e9.<\/p>\n<p>Dalla famiglia il ringraziamento alla dottoressa Ileana Corazzin, Giulia e personale Adimed di Agordo.<\/p>\n<p><img decoding=\"async\" class=\"aligncenter\" src=\"https:\/\/www.radiopiu.net\/wordpress\/wp-content\/uploads\/2024\/03\/Senza-nome-90.png\" \/><\/p>\n<p>&nbsp;<\/p>\n<p>&nbsp;<\/p>\n<p>&nbsp;<\/p>\n<hr \/>\n<p>__<\/p>\n","protected":false},"excerpt":{"rendered":"<p>*** LA VALLE Un sorriso contagioso, anche nei momenti pi\u00f9 bui, perch\u00e9 la professione di Lucia la portava a contatto con i pazienti dell&#8217;ospedale, con le loro paure, ma anche gioie da condividere. Volto noto, personalit\u00e0 importante in ambito lavorativo quella di Lucia Barbiero, mancher\u00e0 ai tanti che l&#8217;hanno amata e conosciuta. Da Radio Pi\u00f9&hellip;<\/p>\n","protected":false},"author":4,"featured_media":381575,"comment_status":"closed","ping_status":"closed","sticky":false,"template":"","format":"standard","meta":{"_monsterinsights_skip_tracking":false,"_monsterinsights_sitenote_active":false,"_monsterinsights_sitenote_note":"","_monsterinsights_sitenote_category":0,"footnotes":""},"categories":[51,49],"tags":[],"class_list":["post-381574","post","type-post","status-publish","format-standard","has-post-thumbnail","hentry","category-evidenza-top","category-news-18","category-51","category-49","description-off"],"img_url":"https:\/\/www.radiopiu.net\/wordpress\/wp-content\/uploads\/2024\/03\/Senza-nome-90.png","_links":{"self":[{"href":"https:\/\/www.radiopiu.net\/wordpress\/wp-json\/wp\/v2\/posts\/381574","targetHints":{"allow":["GET"]}}],"collection":[{"href":"https:\/\/www.radiopiu.net\/wordpress\/wp-json\/wp\/v2\/posts"}],"about":[{"href":"https:\/\/www.radiopiu.net\/wordpress\/wp-json\/wp\/v2\/types\/post"}],"author":[{"embeddable":true,"href":"https:\/\/www.radiopiu.net\/wordpress\/wp-json\/wp\/v2\/users\/4"}],"replies":[{"embeddable":true,"href":"https:\/\/www.radiopiu.net\/wordpress\/wp-json\/wp\/v2\/comments?post=381574"}],"version-history":[{"count":0,"href":"https:\/\/www.radiopiu.net\/wordpress\/wp-json\/wp\/v2\/posts\/381574\/revisions"}],"wp:featuredmedia":[{"embeddable":true,"href":"https:\/\/www.radiopiu.net\/wordpress\/wp-json\/wp\/v2\/media\/381575"}],"wp:attachment":[{"href":"https:\/\/www.radiopiu.net\/wordpress\/wp-json\/wp\/v2\/media?parent=381574"}],"wp:term":[{"taxonomy":"category","embeddable":true,"href":"https:\/\/www.radiopiu.net\/wordpress\/wp-json\/wp\/v2\/categories?post=381574"},{"taxonomy":"post_tag","embeddable":true,"href":"https:\/\/www.radiopiu.net\/wordpress\/wp-json\/wp\/v2\/tags?post=381574"}],"curies":[{"name":"wp","href":"https:\/\/api.w.org\/{rel}","templated":true}]}}