{"id":381638,"date":"2024-03-29T07:55:23","date_gmt":"2024-03-29T06:55:23","guid":{"rendered":"https:\/\/www.radiopiu.net\/wordpress\/?p=381638"},"modified":"2024-03-29T09:19:56","modified_gmt":"2024-03-29T08:19:56","slug":"dal-1983-la-rassegna-stampa-locale-di-mirko-mezzacasa-27","status":"publish","type":"post","link":"https:\/\/www.radiopiu.net\/wordpress\/dal-1983-la-rassegna-stampa-locale-di-mirko-mezzacasa-27\/","title":{"rendered":"dal 1983 la rassegna stampa locale di MIRKO MEZZACASA"},"content":{"rendered":"<p>**<\/p>\n<p><iframe loading=\"lazy\" title=\"DAL 1983 LA RASSEGNA STAMPA LOCALE di mirko mezzacasa. L&#039;ORIGINALE\" width=\"1200\" height=\"675\" src=\"https:\/\/www.youtube.com\/embed\/IE4WjHpd5lA?feature=oembed\" frameborder=\"0\" allow=\"accelerometer; autoplay; clipboard-write; encrypted-media; gyroscope; picture-in-picture; web-share\" referrerpolicy=\"strict-origin-when-cross-origin\" allowfullscreen><\/iframe><\/p>\n<p><a class=\"dt-pswp-item\" href=\"https:\/\/www.radiopiu.net\/wordpress\/wp-content\/uploads\/2024\/03\/COPERTINA-20.png\" data-dt-img-description=\"\" data-large_image_width=\"461\" data-large_image_height=\"275\"><img loading=\"lazy\" decoding=\"async\" class=\" wp-image-381639 alignleft\" src=\"https:\/\/www.radiopiu.net\/wordpress\/wp-content\/uploads\/2024\/03\/COPERTINA-20-300x179.png\" alt=\"\" width=\"189\" height=\"113\" srcset=\"https:\/\/www.radiopiu.net\/wordpress\/wp-content\/uploads\/2024\/03\/COPERTINA-20-300x179.png 300w, https:\/\/www.radiopiu.net\/wordpress\/wp-content\/uploads\/2024\/03\/COPERTINA-20.png 461w\" sizes=\"auto, (max-width: 189px) 100vw, 189px\" \/><\/a><strong>LA VALLE<\/strong> Un sorriso contagioso, anche nei momenti pi\u00f9 bui, perch\u00e9 la professione di Lucia la portava a contatto con i pazienti dell&#8217;ospedale, con le loro paure, ma anche gioie da condividere. Volto noto, personalit\u00e0 importante in ambito lavorativo quella di Lucia Barbiero, mancher\u00e0 ai tanti che l&#8217;hanno amata e conosciuta. I funerali di Lucia Barbiero 54 anni, si terranno oggi alle 14.30 nel suo paese di nascita, Frassen\u00e9.<br \/>\n<strong>BELLUNO<\/strong> Una profonda tristezza ha colpito la comunit\u00e0 di Mussoi per la prematura perdita di Massimiliano Vettore, 36 anni, residente in via Fratelli Cairoli. Lavorava recentemente in un&#8217;impresa edile, dopo aver trascorso un periodo come dipendente in un supermercato locale. I suoi cari lo hanno salutato con affetto sull&#8217;epigrafe, con una toccante dedica<br \/>\n<strong>FELTRE<\/strong> Dopo un incidente stradale sulla Statale 50 bis var, Valentino Bassani, noto imprenditore di Arsi\u00e8, \u00e8 stato dichiarato fuori pericolo dopo un intervento chirurgico all&#8217;ospedale di Feltre. L&#8217;incidente \u00e8 avvenuto quando ha sterzato improvvisamente per evitare un piccolo animale, finendo contro un furgone.<br \/>\n<strong>BELLUNO<\/strong>\u00a0 Due uomini di Bergamo sono stati arrestati dopo un&#8217;indagine partita da Belluno in seguito ad alcune truffe ad anziani con il metodo del finto Carabinieri o dell&#8217;incidente al figlio di cui spesso abbiamo dato notizia. I due delinquenti della peggior specie (quando si tratta di truffe alle persone pi\u00f9 deboli) hanno spillato 60mila euro tra gioielli e denaro conservati in casa a Bergamo.<\/p>\n<p><img loading=\"lazy\" decoding=\"async\" class=\"alignleft\" src=\"https:\/\/www.radiopiu.net\/wordpress\/wp-content\/uploads\/2024\/03\/copertina2.png\" width=\"310\" height=\"164\" \/><strong>LIMANA<\/strong>\u00a0 Un odore sospetto proveniente dalla carne servita ha scatenato il malcontento dei genitori, con alcuni bambini che hanno accusato mal di pancia e nausea dopo aver consumato il pasto alla mensa delle elementari. Il Comune ha avviato un&#8217;indagine &#8211; scrive oggi il Corriere delle Alpi &#8211;\u00a0 inviando una contestazione formale alla ditta responsabile del servizio di ristorazione scolastica.<br \/>\n<strong>ALLEGHE<\/strong> Da tempo il grido &#8220;al lupo, al lupo&#8221; (che non \u00e8 certo la favola di Esopo) \u00e8 quasi quotidiano dalla Val Cordevole. In riva al lago (lato Rocca Pietore) le telecamere riprendono ogni sera i branchi dei lupi, 7-10 a seconda del momento. La gente con cani al guinzaglio lo teme<br \/>\n<strong>VENEZIA<\/strong> La consigliera regionale della Lega, Silvia Cestaro, solleva la questione dello spopolamento dei territori montani, in particolare del Bellunese, dovuto alla riduzione dell&#8217;offerta formativa e ai costi degli alloggi per gli studenti delle superiori fuori sede. Propone un&#8217;azione coordinata tra la Regione del Veneto e i ministeri nazionali competenti per rendere accessibili gli alloggi agli studenti montani.<br \/>\nPISTA DA BOB A CORTINA: SINISTRA ITALIANA PUNTA IL DITO SUL PRESIDENTE DELLA PROVINCIA PADRIN. IL PRESIDENTE DELLA PROVINCIA PADRIN&#8230;RISPONDE &#8220;PAOLO PERENZIN ADESSO E&#8217; ORA CHE TI DECIDA DA CHE PARTE STARE&#8230;&#8221;<br \/>\n<strong>BELLUNO<\/strong> , la Lega, pur essendo il primo partito della lista di Centro Destra Progetto Dolomiti, si impegna a mantenere viva l&#8217;importanza dell&#8217;Ente provinciale, ma si dichiara gruppo autonomo<br \/>\n<strong>DOMANI SCIOPERO PER I DIPENDENTI DELLE AZIENDE DELLA DISTRIBUZIONE MODERNA ORGANIZZATA<\/strong><br \/>\n<strong>IL PIAZZALE<\/strong> ANTISTANTE LA SEDE DELL&#8217;UNIONE MONTANA IN RICORDO DI DON ANTONIO DELLA LUCIA, la proposta rilanciata da Loris Serafini<br \/>\nAL VIA LA DEMOLIZIONE DEL NEGRELLI A FELTRE<\/p>\n<p><strong>CASE GREEN<\/strong>: IL TAVOLO CASA SI RIUNISCE ALLA CERAMICA DOLOMITE PER AFFRONTARE LA NUOVA SVOLTA<br \/>\n<strong>ITS TURISMO<\/strong> PRIMO ANNO, VIA ALLO STAGE<br \/>\n<strong>ULSS 1<\/strong>: TARGA E MENZIONE A 16 \u2018COMUNI ATTIVI\u2019 PER LA PROMOZIONE DELLA SALUTE<br \/>\nINAUGURATA LA NUOVA SALA DI ACCESSO A LE TORRI DI FELTRE<br \/>\n<strong>PIANO BORGHI<\/strong> PNRR: UNCEM NON HA AVUTO RISPOSTE DAI MINISTERI<br \/>\nUN NUOVO BANDO PER LA MONGOLFIERA DI GIORGIA<br \/>\nUN BANDO PER ALLIEVI MARESCIALLI DELLA GUARDIA DI FINANZA<br \/>\n<strong>SABATO<\/strong> LA PRESENTAZIONE DEI NUOVI GRAFFITI A PROMPICAI E PARECH<br \/>\nfeste in vallata: dai Piani di Pezze&#8217;\u00a0 con il doppio appuntamento Pezze&#8217; Trophy e Splash Party,\u00a0 sagra de Pasca e San Vincenzo tra i fiori, a Prompicai di Agordo.<br \/>\nAL CINEMA DOLOMITI DI FALCADE<br \/>\nVACANZE PASQUALI AL CINEMA DOLOMITI DI FALCADE, RIAPRE LA SALA IN CENTRO AL PAESE. RIPRESA STAGIONALE CON UN GRANDE PELLICOLA NEL RICORDO DI BOB MARLEY ONE LOVE&#8230;<\/p>\n<p>CALCIO E MONTAGNA MANRICO DELL&#8217;AGNOLA E CAMPIONATO AGORDINO DI CALCIO APRONO LA SAGRA DE PASCA 2024<br \/>\nCORSA IN MONTAGNA FINO AL 31 MARZO QUOTA AGEVOLATA PER LE ISCRIZIONI ALLA TRANSCIVETTA<br \/>\nGOODBYE BY BICICLE&#8230;UN VIAGGIO DALL&#8217;INDIA A SEREN DEL GRAPPA IN BICICLETTA<br \/>\n06:41 29\/03\/2024PUNTATA 06 &#8211; NUOVE TAPPE NEL VIAGGIO IN INDIA MA ANCHE DISAVVENTURE<\/p>\n<p>&nbsp;<\/p>\n<p>&nbsp;<\/p>\n<p>&nbsp;<\/p>\n<p>&nbsp;<\/p>\n","protected":false},"excerpt":{"rendered":"<p>** LA VALLE Un sorriso contagioso, anche nei momenti pi\u00f9 bui, perch\u00e9 la professione di Lucia la portava a contatto con i pazienti dell&#8217;ospedale, con le loro paure, ma anche gioie da condividere. Volto noto, personalit\u00e0 importante in ambito lavorativo quella di Lucia Barbiero, mancher\u00e0 ai tanti che l&#8217;hanno amata e conosciuta. I funerali di&hellip;<\/p>\n","protected":false},"author":4,"featured_media":381640,"comment_status":"closed","ping_status":"closed","sticky":false,"template":"","format":"standard","meta":{"_monsterinsights_skip_tracking":false,"_monsterinsights_sitenote_active":false,"_monsterinsights_sitenote_note":"","_monsterinsights_sitenote_category":0,"footnotes":""},"categories":[104,49,142],"tags":[],"class_list":["post-381638","post","type-post","status-publish","format-standard","has-post-thumbnail","hentry","category-evidenza_3","category-news-18","category-rassegna-stampa","category-104","category-49","category-142","description-off"],"img_url":"https:\/\/www.radiopiu.net\/wordpress\/wp-content\/uploads\/2024\/03\/copertina2.png","_links":{"self":[{"href":"https:\/\/www.radiopiu.net\/wordpress\/wp-json\/wp\/v2\/posts\/381638","targetHints":{"allow":["GET"]}}],"collection":[{"href":"https:\/\/www.radiopiu.net\/wordpress\/wp-json\/wp\/v2\/posts"}],"about":[{"href":"https:\/\/www.radiopiu.net\/wordpress\/wp-json\/wp\/v2\/types\/post"}],"author":[{"embeddable":true,"href":"https:\/\/www.radiopiu.net\/wordpress\/wp-json\/wp\/v2\/users\/4"}],"replies":[{"embeddable":true,"href":"https:\/\/www.radiopiu.net\/wordpress\/wp-json\/wp\/v2\/comments?post=381638"}],"version-history":[{"count":0,"href":"https:\/\/www.radiopiu.net\/wordpress\/wp-json\/wp\/v2\/posts\/381638\/revisions"}],"wp:featuredmedia":[{"embeddable":true,"href":"https:\/\/www.radiopiu.net\/wordpress\/wp-json\/wp\/v2\/media\/381640"}],"wp:attachment":[{"href":"https:\/\/www.radiopiu.net\/wordpress\/wp-json\/wp\/v2\/media?parent=381638"}],"wp:term":[{"taxonomy":"category","embeddable":true,"href":"https:\/\/www.radiopiu.net\/wordpress\/wp-json\/wp\/v2\/categories?post=381638"},{"taxonomy":"post_tag","embeddable":true,"href":"https:\/\/www.radiopiu.net\/wordpress\/wp-json\/wp\/v2\/tags?post=381638"}],"curies":[{"name":"wp","href":"https:\/\/api.w.org\/{rel}","templated":true}]}}