{"id":381672,"date":"2024-03-30T05:23:44","date_gmt":"2024-03-30T04:23:44","guid":{"rendered":"https:\/\/www.radiopiu.net\/wordpress\/?p=381672"},"modified":"2024-03-30T05:47:14","modified_gmt":"2024-03-30T04:47:14","slug":"assopdzxrr","status":"publish","type":"post","link":"https:\/\/www.radiopiu.net\/wordpress\/assopdzxrr\/","title":{"rendered":"INTERVENTI E PRIMARI, LE NOVITA&#8217; DALL&#8217;OSPEDALE DI AGORDO"},"content":{"rendered":"<p>*****<\/p>\n<p>&nbsp;<\/p>\n<p><strong><a class=\"dt-pswp-item\" href=\"https:\/\/www.radiopiu.net\/wordpress\/wp-content\/uploads\/2024\/03\/6a84c140-ec21-41ca-852d-66ddc95eaa92.jpg\" data-dt-img-description=\"\" data-large_image_width=\"2040\" data-large_image_height=\"1530\"><img loading=\"lazy\" decoding=\"async\" class=\" wp-image-381755 alignleft\" src=\"https:\/\/www.radiopiu.net\/wordpress\/wp-content\/uploads\/2024\/03\/6a84c140-ec21-41ca-852d-66ddc95eaa92-300x225.jpg\" alt=\"\" width=\"259\" height=\"194\" srcset=\"https:\/\/www.radiopiu.net\/wordpress\/wp-content\/uploads\/2024\/03\/6a84c140-ec21-41ca-852d-66ddc95eaa92-300x225.jpg 300w, https:\/\/www.radiopiu.net\/wordpress\/wp-content\/uploads\/2024\/03\/6a84c140-ec21-41ca-852d-66ddc95eaa92-1024x768.jpg 1024w, https:\/\/www.radiopiu.net\/wordpress\/wp-content\/uploads\/2024\/03\/6a84c140-ec21-41ca-852d-66ddc95eaa92-768x576.jpg 768w, https:\/\/www.radiopiu.net\/wordpress\/wp-content\/uploads\/2024\/03\/6a84c140-ec21-41ca-852d-66ddc95eaa92-1536x1152.jpg 1536w, https:\/\/www.radiopiu.net\/wordpress\/wp-content\/uploads\/2024\/03\/6a84c140-ec21-41ca-852d-66ddc95eaa92.jpg 2040w\" sizes=\"auto, (max-width: 259px) 100vw, 259px\" \/><\/a>AGORDO <\/strong>Il Dr. Federico Botto ha deciso di non andare in pensione e continua il suo servizio presso l&#8217;ULSS Dolomiti come primario dell&#8217;Ortopedia ad Agordo, una struttura che esegue ben 1000 interventi chirurgici all&#8217;anno. Questa mattina, presso l&#8217;ospedale Papa Luciani di Agordo, il Commissario Giuseppe Dal Ben ha fatto il punto con i primari Minniti, Gasperin e Botto su alcune novit\u00e0 riguardanti il presidio agordino. I dati relativi all&#8217;attivit\u00e0 dell&#8217;anno 2023 mostrano un aumento dei ricoveri (+5%), delle prestazioni ambulatoriali (6,5%), degli interventi e degli accessi al Pronto Soccorso (+7%) rispetto al 2022, con un&#8217;intensa attivit\u00e0 durante l&#8217;ultima stagione invernale, anche a causa del flusso turistico. Il team di emergenza e urgenza \u00e8 gi\u00e0 al lavoro per potenziare i servizi in vista dell&#8217;estate. Attualmente \u00e8 in corso il concorso per il nuovo direttore della Anestesia ad Agordo, il cui espletamento \u00e8 previsto per il 17 aprile. Nel 2024 saranno ulteriormente potenziate le attivit\u00e0 ambulatoriali e sar\u00e0 potenziato lo scambio col territorio.\u00a0 Inoltre, \u00e8 stata presentata la dottoressa Silvia Fant (in foto con il commissario Dal Ben), giovane medico Agordino, che presta servizio nell&#8217;ospedale di Comunit\u00e0, a servizio della sua terra.<\/p>\n<div class=\"flex-1 overflow-hidden\">\n<div class=\"react-scroll-to-bottom--css-fxiwm-79elbk h-full\">\n<div class=\"react-scroll-to-bottom--css-fxiwm-1n7m0yu\">\n<div class=\"flex flex-col text-sm pb-9\">\n<div class=\"w-full text-token-text-primary\" data-testid=\"conversation-turn-79\">\n<div class=\"px-4 py-2 justify-center text-base md:gap-6 m-auto\">\n<div class=\"flex flex-1 text-base mx-auto gap-3 md:px-5 lg:px-1 xl:px-5 md:max-w-3xl lg:max-w-[40rem] xl:max-w-[48rem] group final-completion\">\n<div class=\"relative flex w-full flex-col agent-turn\">\n<div class=\"flex-col gap-1 md:gap-3\">\n<div class=\"mt-1 flex justify-start gap-3 empty:hidden\">\n<div class=\"text-gray-400 flex self-end lg:self-center items-center justify-center lg:justify-start mt-0 -ml-1 h-7 gap-[2px] visible\">\n<div class=\"flex\"><\/div>\n<\/div>\n<\/div>\n<\/div>\n<\/div>\n<\/div>\n<\/div>\n<\/div>\n<\/div>\n<\/div>\n<\/div>\n<\/div>\n<p><strong>LA DIRETTA RADIO PIU&#8217;<\/strong><\/p>\n<p><iframe loading=\"lazy\" title=\"Diretta Esterna Radio Pi\u00f9\" width=\"1200\" height=\"900\" src=\"https:\/\/www.youtube.com\/embed\/AdnyuE50KAs?feature=oembed\" frameborder=\"0\" allow=\"accelerometer; autoplay; clipboard-write; encrypted-media; gyroscope; picture-in-picture; web-share\" referrerpolicy=\"strict-origin-when-cross-origin\" allowfullscreen><\/iframe><\/p>\n<p>&nbsp;<\/p>\n<blockquote>\n<h1>INTERVISTA DI RADIO PIU&#8217; AL DOTTOR FEDERICO BOTTO<\/h1>\n<\/blockquote>\n<div class=\"page-title-head hgroup\">\n<p class=\"entry-title\">IL DOTTOR FEDERICO BOTTO NON VA IN PENSIONE E RIMANE NELL\u2019AGORDINO<\/p>\n<p><strong><a class=\"dt-pswp-item\" href=\"https:\/\/www.radiopiu.net\/wordpress\/wp-content\/uploads\/2023\/10\/federico-botto.jpg\" data-dt-img-description=\"\" data-large_image_width=\"1920\" data-large_image_height=\"1080\"><img loading=\"lazy\" decoding=\"async\" class=\" wp-image-356682 alignleft\" src=\"https:\/\/www.radiopiu.net\/wordpress\/wp-content\/uploads\/2023\/10\/federico-botto-300x169.jpg\" alt=\"\" width=\"191\" height=\"108\" srcset=\"https:\/\/www.radiopiu.net\/wordpress\/wp-content\/uploads\/2023\/10\/federico-botto-300x169.jpg 300w, https:\/\/www.radiopiu.net\/wordpress\/wp-content\/uploads\/2023\/10\/federico-botto-1024x576.jpg 1024w, https:\/\/www.radiopiu.net\/wordpress\/wp-content\/uploads\/2023\/10\/federico-botto-768x432.jpg 768w, https:\/\/www.radiopiu.net\/wordpress\/wp-content\/uploads\/2023\/10\/federico-botto-1536x864.jpg 1536w, https:\/\/www.radiopiu.net\/wordpress\/wp-content\/uploads\/2023\/10\/federico-botto.jpg 1920w\" sizes=\"auto, (max-width: 191px) 100vw, 191px\" \/><\/a>REDAZIONE<\/strong> Sono passati sette anni da quando il dottor Federico Botto \u00e8 arrivato all&#8217;ospedale Papa Luciani di Agordo. Pochi giorni fa la notizia che il primario di ortopedia era prossimo alla pensione,\u00a0 ma ora il dottor Botto ci conferma di aver<em> &#8220;ritirato la richiesta di pensionamento per stare vicino ai suoi pazienti e alla comunit\u00e0&#8221;.<\/em><\/p>\n<p><strong>IL DOTTOR FEDERICO BOTTO<\/strong><\/p>\n<audio class=\"wp-audio-shortcode\" id=\"audio-381672-1\" preload=\"none\" style=\"width: 100%;\" controls=\"controls\"><source type=\"audio\/mpeg\" src=\"https:\/\/www.radiopiu.net\/wordpress\/wp-content\/uploads\/2024\/03\/federico-botto.mp3?_=1\" \/><a href=\"https:\/\/www.radiopiu.net\/wordpress\/wp-content\/uploads\/2024\/03\/federico-botto.mp3\">https:\/\/www.radiopiu.net\/wordpress\/wp-content\/uploads\/2024\/03\/federico-botto.mp3<\/a><\/audio>\n<p>&nbsp;<\/p>\n<\/div>\n<div class=\"page-title-breadcrumbs\"><\/div>\n<p>&nbsp;<\/p>\n<p>*******<\/p>\n","protected":false},"excerpt":{"rendered":"<p>***** &nbsp; AGORDO Il Dr. Federico Botto ha deciso di non andare in pensione e continua il suo servizio presso l&#8217;ULSS Dolomiti come primario dell&#8217;Ortopedia ad Agordo, una struttura che esegue ben 1000 interventi chirurgici all&#8217;anno. Questa mattina, presso l&#8217;ospedale Papa Luciani di Agordo, il Commissario Giuseppe Dal Ben ha fatto il punto con i&hellip;<\/p>\n","protected":false},"author":4,"featured_media":381754,"comment_status":"closed","ping_status":"closed","sticky":false,"template":"","format":"standard","meta":{"_monsterinsights_skip_tracking":false,"_monsterinsights_sitenote_active":false,"_monsterinsights_sitenote_note":"","_monsterinsights_sitenote_category":0,"footnotes":""},"categories":[51,49],"tags":[],"class_list":["post-381672","post","type-post","status-publish","format-standard","has-post-thumbnail","hentry","category-evidenza-top","category-news-18","category-51","category-49","description-off"],"img_url":"https:\/\/www.radiopiu.net\/wordpress\/wp-content\/uploads\/2024\/03\/WhatsApp-Image-2024-03-29-at-4.09.05-PM.jpeg","_links":{"self":[{"href":"https:\/\/www.radiopiu.net\/wordpress\/wp-json\/wp\/v2\/posts\/381672","targetHints":{"allow":["GET"]}}],"collection":[{"href":"https:\/\/www.radiopiu.net\/wordpress\/wp-json\/wp\/v2\/posts"}],"about":[{"href":"https:\/\/www.radiopiu.net\/wordpress\/wp-json\/wp\/v2\/types\/post"}],"author":[{"embeddable":true,"href":"https:\/\/www.radiopiu.net\/wordpress\/wp-json\/wp\/v2\/users\/4"}],"replies":[{"embeddable":true,"href":"https:\/\/www.radiopiu.net\/wordpress\/wp-json\/wp\/v2\/comments?post=381672"}],"version-history":[{"count":0,"href":"https:\/\/www.radiopiu.net\/wordpress\/wp-json\/wp\/v2\/posts\/381672\/revisions"}],"wp:featuredmedia":[{"embeddable":true,"href":"https:\/\/www.radiopiu.net\/wordpress\/wp-json\/wp\/v2\/media\/381754"}],"wp:attachment":[{"href":"https:\/\/www.radiopiu.net\/wordpress\/wp-json\/wp\/v2\/media?parent=381672"}],"wp:term":[{"taxonomy":"category","embeddable":true,"href":"https:\/\/www.radiopiu.net\/wordpress\/wp-json\/wp\/v2\/categories?post=381672"},{"taxonomy":"post_tag","embeddable":true,"href":"https:\/\/www.radiopiu.net\/wordpress\/wp-json\/wp\/v2\/tags?post=381672"}],"curies":[{"name":"wp","href":"https:\/\/api.w.org\/{rel}","templated":true}]}}