{"id":381824,"date":"2024-03-30T07:55:34","date_gmt":"2024-03-30T06:55:34","guid":{"rendered":"https:\/\/www.radiopiu.net\/wordpress\/?p=381824"},"modified":"2024-03-30T08:36:35","modified_gmt":"2024-03-30T07:36:35","slug":"381824-2","status":"publish","type":"post","link":"https:\/\/www.radiopiu.net\/wordpress\/381824-2\/","title":{"rendered":"DAL 1983 ALLE OTTO DEL MATTINO, LA RASSEGNA STAMPA LOCALE DI MIRKO MEZZACASA"},"content":{"rendered":"<p>***<\/p>\n<p>&nbsp;<\/p>\n<p><iframe loading=\"lazy\" title=\"DAL 1983 LA RASSEGNA STAMPA LOCALE di mirko mezzacasa. L&#039;ORIGINALE\" width=\"1200\" height=\"675\" src=\"https:\/\/www.youtube.com\/embed\/wj0qufO9Bi4?feature=oembed\" frameborder=\"0\" allow=\"accelerometer; autoplay; clipboard-write; encrypted-media; gyroscope; picture-in-picture; web-share\" referrerpolicy=\"strict-origin-when-cross-origin\" allowfullscreen><\/iframe><\/p>\n<p><a class=\"dt-pswp-item\" href=\"https:\/\/www.radiopiu.net\/wordpress\/wp-content\/uploads\/2024\/03\/cope2.png\" data-dt-img-description=\"\" data-large_image_width=\"445\" data-large_image_height=\"285\"><img loading=\"lazy\" decoding=\"async\" class=\"size-medium wp-image-381812 alignleft\" src=\"https:\/\/www.radiopiu.net\/wordpress\/wp-content\/uploads\/2024\/03\/cope2-300x192.png\" alt=\"\" width=\"300\" height=\"192\" srcset=\"https:\/\/www.radiopiu.net\/wordpress\/wp-content\/uploads\/2024\/03\/cope2-300x192.png 300w, https:\/\/www.radiopiu.net\/wordpress\/wp-content\/uploads\/2024\/03\/cope2.png 445w\" sizes=\"auto, (max-width: 300px) 100vw, 300px\" \/><\/a>Nella notte si cambia ora e si passa all\u2019ora legale 2024 con le lancette degli orologi spostate in avanti di un\u2019ora. Alle 2.00 si passer\u00e0 direttamente alle 3.00 e dunque si dormir\u00e0 un\u2019ora in meno ma avremo un\u2019ora di luce in pi\u00f9.<br \/>\nACQUA NON POTABILE A COL DI CARRERA DI TAIBON<br \/>\nPROVINCIALE 3 VALLE IMPERINA: CHIUSA TRA RIVAMONTE E GOSALDO PER FRANA, OLTRE IL BIVIO PER RENON, DOPO CORDE MOLE.<br \/>\nLIVINALLONGO Una stagione da ricordare pu\u00f2 presentare anche un finale caratterizzato dal maltempo, come sta succedendo. E\u2019 confortante comunque, vedere come lo sciatore non latiti. Queste sono le foto inviateci Da Marilena che lo confermano: ieri mattina alle 11. Nella foto di copertina\u2026Arabba e le uova per una lieta Pasqua.<br \/>\nA tutti\u2026 auguri!<br \/>\nSEDICO Nel pomeriggio di ieri incidente lungo la regionale 203 Agordina a Candaten, curva dopo il rettilineo (direzione Agordo-Belluno). Coinvolta un\u2019unica auto finita contro il muro, rimbalzando sulla corsia di percorrenza. Sul posto l\u2019ambulanza diretta all\u2019ospedale San Martino di Belluno per il trasporto di una persona ferita (non in modo grave), un agordino, 39enne di Taibon.<br \/>\nGOSALDO Dopo quasi 5 anni dalla tempesta Vaia, i danni del vento e della pioggia sono ancora visibili lungo la SP 3 in localit\u00e0 Renon. Ancora nessun lavoro per la rimozione degli schianti.<br \/>\nAGORDO Il Dr. Federico Botto ha deciso di non andare in pensione e continua il suo servizio presso l\u2019ULSS Dolomiti come primario dell\u2019Ortopedia ad Agordo, una struttura che esegue ben 1000 interventi chirurgici all\u2019anno, presso l\u2019ospedale Papa Luciani di Agordo, il Commissario Giuseppe Dal Ben ha fatto il punto con i primari Minniti, Gasperin e Botto su alcune novit\u00e0 riguardanti il presidio agordino.<\/p>\n<p>LA STORIA DI MADHI, L\u2019OSS AFGHANO A CUI L\u2019ITALIA HA RIGETTATO LA RICHIESTA DI ASILO<br \/>\nLa storia di Maghi Ahmadi, il giovane afghano di 31 anni, operatore sociosanitario alla casa di riposo \u201cDon Ceccon\u201d di Santa Croce del Lago. L\u2019Italia ha respinto la sua richiesta di asilo che per la Convenzione di Dublino deve essere accolta dal primo Paese di approdo, nel suo caso la Germania. ieri sera lo speciale su ANTENNA 3 di Tiziana<br \/>\nAGORDO Continua, tassello dopo tassello, l\u2019opera di Bim Gsp per eliminare le perdite dagli acquedotti bellunesi. Si sono conclusi intorno alle 18 di gioved\u00ec i lavori di distrettualizzazione di parte della rete idrica a servizio del centro di Agordo. Bim Gsp, con due cantieri attivi in parallelo, ha provveduto a posare una decina di nuove valvole di linea in Piazzale e in via Lungo Rova.<\/p>\n<p>BELLUNO Confermata la Legittimit\u00e0 della Decisione della Provincia di Belluno sulle Nuove Linee Elettriche: Tar Respinto Ricorso di Terna<br \/>\nEMERGENZA LUPI IN RIVA AL LAGO: PIU\u2019 CHE GIUSTIFICATA LA RICHIESTA DI INTERVENTO DEL SINDACO DI ALLEGHE anche oggi in riva al lago lupo-party<br \/>\nBELLUNO Franco Roccon, assessore ai lavori pubblici del Comune di Belluno, ha annunciato la continuazione del cantiere al ponte della Veneggia nonostante le avverse condizioni meteorologiche di marzo. L\u2019ordinanza della Polizia Locale ha prorogato la chiusura del ponte fino al 30 aprile<br \/>\nVAL DI ZOLDO Il presidente Eris Costa, confermato nell\u2019incarico dal 2004, guida nuovamente il direttivo della Pro Loco di Zoldo Alto<br \/>\nALLEGHE L\u2019evento Baite Aperte ha fatto registrare un successo straordinario con sold out anticipato. Purtroppo, lo Splash Party ai Piani di Pezz\u00e8 di Alleghe, previsto per il primo aprile, \u00e8 stato annullato.<br \/>\nSEDICO Il Centro Parrocchiale Roe ospiter\u00e0 mercoled\u00ec 10 aprile alle 20.30 un incontro sulle Comunit\u00e0 Energetiche Rinnovabili (CER)<br \/>\nAGORDO CONCLUSO IL CORSO DI GINNASTICA PER SIGNORE \u201cMATURE\u201d PRESSO LA PALESTRA DELLA SCUOLA SUPERIORE<br \/>\nOGGI LA PRESENTAZIONE DEI NUOVI GRAFFITI A PROMPICAI E PARECH in diretta sui CANALI DI RADIOPIU<br \/>\nAL CINEMA DOLOMITI DI FALCADE<\/p>\n<p>VACANZE PASQUALI AL CINEMA DOLOMITI DI FALCADE, RIAPRE LA SALA IN CENTRO AL PAESE. RIPRESA STAGIONALE CON UN GRANDE PELLICOLA NEL RICORDO DI BOB MARLEY ONE LOVE&#8230;<br \/>\nSabato 30 marzo ore 21 e domenica 31 ore 15,30 e 21 MY SWEET MONSTER di M. Volkov. una fiaba romantica a cartoni animati\u00a0 BOB MARLEY &#8211; ONE LOVE La vita, il talento, i difetti, le passioni, l&#8217;impegno, ma soprattutto la Musica di una delle icone pi\u00f9 grandi di sempre: Bob Marley. di Reinaldo Marcus Green | Biografico &#8211; 107 minuti con Kingsley Ben-Adir &#8211; Lashana Lynch 01 Aprile 2024 | Ore 21:00<\/p>\n<p>&nbsp;<\/p>\n<p>&nbsp;<\/p>\n<p>&nbsp;<\/p>\n<p>&nbsp;<\/p>\n<p>&nbsp;<\/p>\n<p>&nbsp;<\/p>\n<p>&nbsp;<\/p>\n","protected":false},"excerpt":{"rendered":"<p>*** &nbsp; Nella notte si cambia ora e si passa all\u2019ora legale 2024 con le lancette degli orologi spostate in avanti di un\u2019ora. Alle 2.00 si passer\u00e0 direttamente alle 3.00 e dunque si dormir\u00e0 un\u2019ora in meno ma avremo un\u2019ora di luce in pi\u00f9. ACQUA NON POTABILE A COL DI CARRERA DI TAIBON PROVINCIALE 3&hellip;<\/p>\n","protected":false},"author":4,"featured_media":381813,"comment_status":"closed","ping_status":"closed","sticky":false,"template":"","format":"standard","meta":{"_monsterinsights_skip_tracking":false,"_monsterinsights_sitenote_active":false,"_monsterinsights_sitenote_note":"","_monsterinsights_sitenote_category":0,"footnotes":""},"categories":[104,49,142],"tags":[],"class_list":["post-381824","post","type-post","status-publish","format-standard","has-post-thumbnail","hentry","category-evidenza_3","category-news-18","category-rassegna-stampa","category-104","category-49","category-142","description-off"],"img_url":"https:\/\/www.radiopiu.net\/wordpress\/wp-content\/uploads\/2024\/03\/cop1-1.png","_links":{"self":[{"href":"https:\/\/www.radiopiu.net\/wordpress\/wp-json\/wp\/v2\/posts\/381824","targetHints":{"allow":["GET"]}}],"collection":[{"href":"https:\/\/www.radiopiu.net\/wordpress\/wp-json\/wp\/v2\/posts"}],"about":[{"href":"https:\/\/www.radiopiu.net\/wordpress\/wp-json\/wp\/v2\/types\/post"}],"author":[{"embeddable":true,"href":"https:\/\/www.radiopiu.net\/wordpress\/wp-json\/wp\/v2\/users\/4"}],"replies":[{"embeddable":true,"href":"https:\/\/www.radiopiu.net\/wordpress\/wp-json\/wp\/v2\/comments?post=381824"}],"version-history":[{"count":0,"href":"https:\/\/www.radiopiu.net\/wordpress\/wp-json\/wp\/v2\/posts\/381824\/revisions"}],"wp:featuredmedia":[{"embeddable":true,"href":"https:\/\/www.radiopiu.net\/wordpress\/wp-json\/wp\/v2\/media\/381813"}],"wp:attachment":[{"href":"https:\/\/www.radiopiu.net\/wordpress\/wp-json\/wp\/v2\/media?parent=381824"}],"wp:term":[{"taxonomy":"category","embeddable":true,"href":"https:\/\/www.radiopiu.net\/wordpress\/wp-json\/wp\/v2\/categories?post=381824"},{"taxonomy":"post_tag","embeddable":true,"href":"https:\/\/www.radiopiu.net\/wordpress\/wp-json\/wp\/v2\/tags?post=381824"}],"curies":[{"name":"wp","href":"https:\/\/api.w.org\/{rel}","templated":true}]}}