{"id":381855,"date":"2024-03-30T09:56:17","date_gmt":"2024-03-30T08:56:17","guid":{"rendered":"https:\/\/www.radiopiu.net\/wordpress\/?p=381855"},"modified":"2024-03-30T09:56:17","modified_gmt":"2024-03-30T08:56:17","slug":"torna-lora-il-legale","status":"publish","type":"post","link":"https:\/\/www.radiopiu.net\/wordpress\/torna-lora-il-legale\/","title":{"rendered":"TORNA L&#8217;ORA&#8230;IL LEGALE"},"content":{"rendered":"<p>*****<\/p>\n<p>&nbsp;<\/p>\n<p><strong><a class=\"dt-pswp-item\" href=\"https:\/\/www.radiopiu.net\/wordpress\/wp-content\/uploads\/2024\/03\/53f1a833-621c-4172-8396-d84fd3938eed.jpg\" data-dt-img-description=\"\" data-large_image_width=\"1600\" data-large_image_height=\"1157\"><img loading=\"lazy\" decoding=\"async\" class=\" wp-image-381856 alignleft\" src=\"https:\/\/www.radiopiu.net\/wordpress\/wp-content\/uploads\/2024\/03\/53f1a833-621c-4172-8396-d84fd3938eed-300x217.jpg\" alt=\"\" width=\"187\" height=\"135\" srcset=\"https:\/\/www.radiopiu.net\/wordpress\/wp-content\/uploads\/2024\/03\/53f1a833-621c-4172-8396-d84fd3938eed-300x217.jpg 300w, https:\/\/www.radiopiu.net\/wordpress\/wp-content\/uploads\/2024\/03\/53f1a833-621c-4172-8396-d84fd3938eed-1024x740.jpg 1024w, https:\/\/www.radiopiu.net\/wordpress\/wp-content\/uploads\/2024\/03\/53f1a833-621c-4172-8396-d84fd3938eed-768x555.jpg 768w, https:\/\/www.radiopiu.net\/wordpress\/wp-content\/uploads\/2024\/03\/53f1a833-621c-4172-8396-d84fd3938eed-1536x1111.jpg 1536w, https:\/\/www.radiopiu.net\/wordpress\/wp-content\/uploads\/2024\/03\/53f1a833-621c-4172-8396-d84fd3938eed.jpg 1600w\" sizes=\"auto, (max-width: 187px) 100vw, 187px\" \/><\/a>DI CLAUDIO PRA<\/strong><\/p>\n<p>Nella notte tra sabato e domenica, spostando le lancette dell\u2019orologio in avanti di un\u2019ora, passiamo all\u2019ora legale abbandonando l\u2019ora solare. Al di l\u00e0 delle motivazioni che portano all\u2019adozione fino ad ottobre di questo nuovo orario e delle preferenze di ognuno, l\u2019orario legato al tragitto del Sole in cielo \u00e8 quello che abbandoniamo, legato appunto all\u2019ora solare. Se infatti il mezzogiorno \u00e8 l\u2019ora in cui la nostra stella raggiunge la massima altezza sull\u2019orizzonte la cosiddetta culminazione, (il momento preciso dipende dalla longitudine rispetto al meridiano di Greenwich), con l\u2019ora legale questo momento viene ritardato di un\u2019ora. Quindi a mezzogiorno il Sole sta in realt\u00e0 ancora salendo verso il punto pi\u00f9 alto che raggiunger\u00e0 verso le 13.00. Saltano cos\u00ec tutti quegli antichi punti di riferimento che le generazioni passate hanno fissato chiamando ad esempio Becco di mezzod\u00ec o Sasso delle Dodici tante cime usate per calcolare la posizione del Sole proprio a mezzogiorno. Insomma, pi\u00f9 che di ora legale trattasi di ora illegale.<\/p>\n<p>&nbsp;<\/p>\n<p>&nbsp;<\/p>\n<p>********<\/p>\n","protected":false},"excerpt":{"rendered":"<p>***** &nbsp; DI CLAUDIO PRA Nella notte tra sabato e domenica, spostando le lancette dell\u2019orologio in avanti di un\u2019ora, passiamo all\u2019ora legale abbandonando l\u2019ora solare. Al di l\u00e0 delle motivazioni che portano all\u2019adozione fino ad ottobre di questo nuovo orario e delle preferenze di ognuno, l\u2019orario legato al tragitto del Sole in cielo \u00e8 quello&hellip;<\/p>\n","protected":false},"author":4,"featured_media":381856,"comment_status":"closed","ping_status":"closed","sticky":false,"template":"","format":"standard","meta":{"_monsterinsights_skip_tracking":false,"_monsterinsights_sitenote_active":false,"_monsterinsights_sitenote_note":"","_monsterinsights_sitenote_category":0,"footnotes":""},"categories":[49],"tags":[],"class_list":["post-381855","post","type-post","status-publish","format-standard","has-post-thumbnail","hentry","category-news-18","category-49","description-off"],"img_url":"https:\/\/www.radiopiu.net\/wordpress\/wp-content\/uploads\/2024\/03\/53f1a833-621c-4172-8396-d84fd3938eed.jpg","_links":{"self":[{"href":"https:\/\/www.radiopiu.net\/wordpress\/wp-json\/wp\/v2\/posts\/381855","targetHints":{"allow":["GET"]}}],"collection":[{"href":"https:\/\/www.radiopiu.net\/wordpress\/wp-json\/wp\/v2\/posts"}],"about":[{"href":"https:\/\/www.radiopiu.net\/wordpress\/wp-json\/wp\/v2\/types\/post"}],"author":[{"embeddable":true,"href":"https:\/\/www.radiopiu.net\/wordpress\/wp-json\/wp\/v2\/users\/4"}],"replies":[{"embeddable":true,"href":"https:\/\/www.radiopiu.net\/wordpress\/wp-json\/wp\/v2\/comments?post=381855"}],"version-history":[{"count":0,"href":"https:\/\/www.radiopiu.net\/wordpress\/wp-json\/wp\/v2\/posts\/381855\/revisions"}],"wp:featuredmedia":[{"embeddable":true,"href":"https:\/\/www.radiopiu.net\/wordpress\/wp-json\/wp\/v2\/media\/381856"}],"wp:attachment":[{"href":"https:\/\/www.radiopiu.net\/wordpress\/wp-json\/wp\/v2\/media?parent=381855"}],"wp:term":[{"taxonomy":"category","embeddable":true,"href":"https:\/\/www.radiopiu.net\/wordpress\/wp-json\/wp\/v2\/categories?post=381855"},{"taxonomy":"post_tag","embeddable":true,"href":"https:\/\/www.radiopiu.net\/wordpress\/wp-json\/wp\/v2\/tags?post=381855"}],"curies":[{"name":"wp","href":"https:\/\/api.w.org\/{rel}","templated":true}]}}