{"id":381917,"date":"2024-03-30T17:33:41","date_gmt":"2024-03-30T16:33:41","guid":{"rendered":"https:\/\/www.radiopiu.net\/wordpress\/?p=381917"},"modified":"2024-03-30T17:33:41","modified_gmt":"2024-03-30T16:33:41","slug":"nuova-fase-perturbata-in-veneto-con-precipitazioni-anche-a-carattere-di-rovescio","status":"publish","type":"post","link":"https:\/\/www.radiopiu.net\/wordpress\/nuova-fase-perturbata-in-veneto-con-precipitazioni-anche-a-carattere-di-rovescio\/","title":{"rendered":"NUOVA FASE PERTURBATA IN VENETO CON PRECIPITAZIONI ANCHE A CARATTERE DI ROVESCIO"},"content":{"rendered":"<p>****<\/p>\n<p>&nbsp;<\/p>\n<p><strong>VENEZIA <\/strong>Da questo pomeriggio, sabato 30 marzo, il meteo regionale prevede varie fasi di precipitazioni (anche con rovesci e locali temporali) intervallate da qualche parziale pausa. La fase pi\u00f9 intensa si verificher\u00e0 tra la serata di domenica 31 marzo e il primo pomeriggio di luned\u00ec. Quantitativi complessivi abbondanti (o localmente molto abbondanti) di pioggia sulle zone prealpine e sulle Dolomiti; precipitazioni pi\u00f9 discontinue e di entit\u00e0 assai minore sulla pianura centro meridionale. Il limite delle nevicate sar\u00e0 variabile, mediamente intorno a 1600-1900 m. Rinforzo dei venti meridionali sui rilievi in quota, specie nella notte e mattinata di luned\u00ec. Sulla base di queste previsioni meteo, il Centro Funzionale Decentrato della Protezione Civile regionale ha emesso un bollettino che, dalle ore 18 di domani, 31 marzo, alla mezzanotte di marted\u00ec 2 aprile, dichiara lo stato di \u201cAttenzione\u201d (Giallo) per criticit\u00e0 idrogeologica sui seguenti bacini regionali: Alto Piave (BL), Piave Pedemontano (BL-TV), Alto Brenta-Bacchiglione-Alpone (VI &#8211; BL &#8211; TV \u2013VR)<\/p>\n<p><a class=\"dt-pswp-item\" href=\"https:\/\/www.radiopiu.net\/wordpress\/wp-content\/uploads\/2024\/03\/SCR-20240330-pjhe.png\" data-dt-img-description=\"\" data-large_image_width=\"1134\" data-large_image_height=\"318\"><img loading=\"lazy\" decoding=\"async\" class=\"alignnone wp-image-381918 size-full\" src=\"https:\/\/www.radiopiu.net\/wordpress\/wp-content\/uploads\/2024\/03\/SCR-20240330-pjhe.png\" alt=\"\" width=\"1134\" height=\"318\" srcset=\"https:\/\/www.radiopiu.net\/wordpress\/wp-content\/uploads\/2024\/03\/SCR-20240330-pjhe.png 1134w, https:\/\/www.radiopiu.net\/wordpress\/wp-content\/uploads\/2024\/03\/SCR-20240330-pjhe-300x84.png 300w, https:\/\/www.radiopiu.net\/wordpress\/wp-content\/uploads\/2024\/03\/SCR-20240330-pjhe-1024x287.png 1024w, https:\/\/www.radiopiu.net\/wordpress\/wp-content\/uploads\/2024\/03\/SCR-20240330-pjhe-768x215.png 768w\" sizes=\"auto, (max-width: 1134px) 100vw, 1134px\" \/><\/a><\/p>\n<p>&nbsp;<\/p>\n<p>&nbsp;<\/p>\n<p>*******<\/p>\n","protected":false},"excerpt":{"rendered":"<p>**** &nbsp; VENEZIA Da questo pomeriggio, sabato 30 marzo, il meteo regionale prevede varie fasi di precipitazioni (anche con rovesci e locali temporali) intervallate da qualche parziale pausa. La fase pi\u00f9 intensa si verificher\u00e0 tra la serata di domenica 31 marzo e il primo pomeriggio di luned\u00ec. Quantitativi complessivi abbondanti (o localmente molto abbondanti) di&hellip;<\/p>\n","protected":false},"author":4,"featured_media":165742,"comment_status":"closed","ping_status":"closed","sticky":false,"template":"","format":"standard","meta":{"_monsterinsights_skip_tracking":false,"_monsterinsights_sitenote_active":false,"_monsterinsights_sitenote_note":"","_monsterinsights_sitenote_category":0,"footnotes":""},"categories":[49],"tags":[],"class_list":["post-381917","post","type-post","status-publish","format-standard","has-post-thumbnail","hentry","category-news-18","category-49","description-off"],"img_url":"https:\/\/www.radiopiu.net\/wordpress\/wp-content\/uploads\/2020\/10\/PIOGGIA.jpg","_links":{"self":[{"href":"https:\/\/www.radiopiu.net\/wordpress\/wp-json\/wp\/v2\/posts\/381917","targetHints":{"allow":["GET"]}}],"collection":[{"href":"https:\/\/www.radiopiu.net\/wordpress\/wp-json\/wp\/v2\/posts"}],"about":[{"href":"https:\/\/www.radiopiu.net\/wordpress\/wp-json\/wp\/v2\/types\/post"}],"author":[{"embeddable":true,"href":"https:\/\/www.radiopiu.net\/wordpress\/wp-json\/wp\/v2\/users\/4"}],"replies":[{"embeddable":true,"href":"https:\/\/www.radiopiu.net\/wordpress\/wp-json\/wp\/v2\/comments?post=381917"}],"version-history":[{"count":0,"href":"https:\/\/www.radiopiu.net\/wordpress\/wp-json\/wp\/v2\/posts\/381917\/revisions"}],"wp:featuredmedia":[{"embeddable":true,"href":"https:\/\/www.radiopiu.net\/wordpress\/wp-json\/wp\/v2\/media\/165742"}],"wp:attachment":[{"href":"https:\/\/www.radiopiu.net\/wordpress\/wp-json\/wp\/v2\/media?parent=381917"}],"wp:term":[{"taxonomy":"category","embeddable":true,"href":"https:\/\/www.radiopiu.net\/wordpress\/wp-json\/wp\/v2\/categories?post=381917"},{"taxonomy":"post_tag","embeddable":true,"href":"https:\/\/www.radiopiu.net\/wordpress\/wp-json\/wp\/v2\/tags?post=381917"}],"curies":[{"name":"wp","href":"https:\/\/api.w.org\/{rel}","templated":true}]}}