{"id":381973,"date":"2024-04-01T13:30:42","date_gmt":"2024-04-01T11:30:42","guid":{"rendered":"https:\/\/www.radiopiu.net\/wordpress\/?p=381973"},"modified":"2024-04-14T11:43:18","modified_gmt":"2024-04-14T09:43:18","slug":"i-racconti-di-paolo-soppelsa-puntata-201-2","status":"publish","type":"post","link":"https:\/\/www.radiopiu.net\/wordpress\/i-racconti-di-paolo-soppelsa-puntata-201-2\/","title":{"rendered":"I RACCONTI DI PAOLO SOPPELSA &#8211; PUNTATA 221"},"content":{"rendered":"<p>******<\/p>\n<p>&nbsp;<\/p>\n<p><strong>INIZIO PRIMAVERA<\/strong><\/p>\n<p><strong>AUDIO<\/strong><\/p>\n<audio class=\"wp-audio-shortcode\" id=\"audio-381973-1\" preload=\"none\" style=\"width: 100%;\" controls=\"controls\"><source type=\"audio\/mpeg\" src=\"https:\/\/www.radiopiu.net\/wordpress\/wp-content\/uploads\/2024\/03\/PS-SITO.mp3?_=1\" \/><a href=\"https:\/\/www.radiopiu.net\/wordpress\/wp-content\/uploads\/2024\/03\/PS-SITO.mp3\">https:\/\/www.radiopiu.net\/wordpress\/wp-content\/uploads\/2024\/03\/PS-SITO.mp3<\/a><\/audio>\n<p>&nbsp;<\/p>\n<p><a class=\"dt-pswp-item\" href=\"https:\/\/www.radiopiu.net\/wordpress\/wp-content\/uploads\/2024\/03\/e52bee55-7656-4716-be00-aaee70cdcca3.jpg\" data-dt-img-description=\"\" data-large_image_width=\"1080\" data-large_image_height=\"810\"><img loading=\"lazy\" decoding=\"async\" class=\" wp-image-381985 alignleft\" src=\"https:\/\/www.radiopiu.net\/wordpress\/wp-content\/uploads\/2024\/03\/e52bee55-7656-4716-be00-aaee70cdcca3-300x225.jpg\" alt=\"\" width=\"171\" height=\"128\" srcset=\"https:\/\/www.radiopiu.net\/wordpress\/wp-content\/uploads\/2024\/03\/e52bee55-7656-4716-be00-aaee70cdcca3-300x225.jpg 300w, https:\/\/www.radiopiu.net\/wordpress\/wp-content\/uploads\/2024\/03\/e52bee55-7656-4716-be00-aaee70cdcca3-1024x768.jpg 1024w, https:\/\/www.radiopiu.net\/wordpress\/wp-content\/uploads\/2024\/03\/e52bee55-7656-4716-be00-aaee70cdcca3-768x576.jpg 768w, https:\/\/www.radiopiu.net\/wordpress\/wp-content\/uploads\/2024\/03\/e52bee55-7656-4716-be00-aaee70cdcca3.jpg 1080w\" sizes=\"auto, (max-width: 171px) 100vw, 171px\" \/><\/a>La prima domenica di aprile aveva il profumo del primo salame tolto da uno dei bastoni appesi nella cantina dalla porta azzurra. Il taglio netto e deciso dello spago e quel tepore gentile che riscaldava l&#8217;anima e i prati ormai liberi dalla neve, sancivano ufficialmente l&#8217;inizio di una nuova primavera. Era il tempo della Pasqua imminente e della vecchia zaresera vestita di bianco come una sposa, del canto potente del R\u00f9 da Ghisel ingrossato dall&#8217;acqua del disgelo e del timido risveglio dei larici che si apprestavano a vivere un&#8217;altra stagione dei fiori vissuta di fronte al Pelsa. Ora, uomini e natura si stavano lasciando alle spalle i rigori dell&#8217;inverno appena superato; c&#8217;era la dolcezza del sole che a mezzogiorno riscaldava i prati e i muri delle case, c&#8217;era il fuoco ormai quasi solo alla sera. Anche i nostri commiati domenicali dai nonni e dalla montagna si erano trasformati con l&#8217;arrivo della primavera. Non c&#8217;erano pi\u00f9 buio e stelle al momento dei saluti, e nemmeno le preoccupazioni per le strade ghiacciate e per il traffico di rientro degli sciatori; ora ci si salutava con pi\u00f9 calma nel tepore della casa dagli scuri celesti dove il fornel era ormai a riposo da un paio di settimane. La parete del Pelsa ancora illuminata dal sole del pomeriggio, le cataste di legna ridotte nelle loro dimensioni, il profumo dei salami ora induriti e ricoperti dalla muffa grigia. Si lasciava cos\u00ec San Tomaso che in quei giorni iniziava a vivere una nuova stagione, con le solite borse in mano e con un salame da assaggiare al termine della cena. Ora non era pi\u00f9 tempo di fari che bucavano l&#8217;oscurit\u00e0 lungo la Strada Madre come accadeva nei mesi freddi, si viaggiava assieme allo sfumare lento del giorno che ci avrebbe accompagnato fino al nostro approdare nella piccola citt\u00e0. La Ritmo correva veloce lungo la 203 deserta, lambendo i prati di Candaten colorati di giallo dei tarassaci fino a trovare il verde nuovo dei tigli di via Feltre. Aprile aveva portato in dote un tempo diverso, ora c&#8217;era improvvisamente un&#8217;ora in pi\u00f9 di luce che invogliava a rimanere fuori per godere di quel tepore che donava il primo vero mese di primavera. Due giri di chiave per aprire la porta di casa, l\u2019appoggiare le borse sul tavolo della cucina e il recuperare il pallone incastrato sotto il termosifone del corridoio. E poi fuori in cortile, a vivere quegli ultimi scampoli di domenica d&#8217;inizio primavera. I due grossi pini a fare da pali della porta, il frastuono del cancello ad ogni tiro sbagliato, i tuffi sul ghiaino misto ad erba e le prime finestre aperte all\u2019ora di cena. Meno di mezz&#8217;ora, giusto il tempo di ricevere i primi improperi di stagione da parte di quegli anziani a nemmeno sessant&#8217;anni che amavano sbraitare dal balcone, ed era pronta la cena. La minestra fumante mentre fuori scendeva una dolce sera d&#8217;aprile sulla Valbelluna, il telegiornale guardato distrattamente nella TV in bianco e nero e poi finalmente il momento tanto atteso del taglio della prima fetta del salame. La mano abile di pap\u00e0 che maneggiava il coltello quello buono, il bianco del lardo che risaltava sul rosso scuro, il budello che si staccava senza sforzo. La fetta di pane e quel sapore che sapeva di fatto in casa, la nuova primavera che entrava dalla porta socchiusa del terrazzo. La stagione dei fiori era racchiusa in quel andare lento incontro ad una gentile sera d&#8217;aprile, e stava pure dentro a quel rito annuale, che di l\u00ec a pochi anni sarebbe scomparso, dello sniz\u00e0 il primo salame. Poi la notte e quella impressione che l&#8217;estate, in fondo, non era pi\u00f9 un miraggio cos\u00ec lontano.<\/p>\n<p>&nbsp;<\/p>\n<p>&nbsp;<\/p>\n<p>*******<\/p>\n","protected":false},"excerpt":{"rendered":"<p>****** &nbsp; INIZIO PRIMAVERA AUDIO &nbsp; La prima domenica di aprile aveva il profumo del primo salame tolto da uno dei bastoni appesi nella cantina dalla porta azzurra. Il taglio netto e deciso dello spago e quel tepore gentile che riscaldava l&#8217;anima e i prati ormai liberi dalla neve, sancivano ufficialmente l&#8217;inizio di una nuova&hellip;<\/p>\n","protected":false},"author":4,"featured_media":381985,"comment_status":"closed","ping_status":"closed","sticky":false,"template":"","format":"standard","meta":{"_monsterinsights_skip_tracking":false,"_monsterinsights_sitenote_active":false,"_monsterinsights_sitenote_note":"","_monsterinsights_sitenote_category":0,"footnotes":""},"categories":[49,112],"tags":[],"class_list":["post-381973","post","type-post","status-publish","format-standard","has-post-thumbnail","hentry","category-news-18","category-racconti-soppelsa","category-49","category-112","description-off"],"img_url":"https:\/\/www.radiopiu.net\/wordpress\/wp-content\/uploads\/2024\/03\/e52bee55-7656-4716-be00-aaee70cdcca3.jpg","_links":{"self":[{"href":"https:\/\/www.radiopiu.net\/wordpress\/wp-json\/wp\/v2\/posts\/381973","targetHints":{"allow":["GET"]}}],"collection":[{"href":"https:\/\/www.radiopiu.net\/wordpress\/wp-json\/wp\/v2\/posts"}],"about":[{"href":"https:\/\/www.radiopiu.net\/wordpress\/wp-json\/wp\/v2\/types\/post"}],"author":[{"embeddable":true,"href":"https:\/\/www.radiopiu.net\/wordpress\/wp-json\/wp\/v2\/users\/4"}],"replies":[{"embeddable":true,"href":"https:\/\/www.radiopiu.net\/wordpress\/wp-json\/wp\/v2\/comments?post=381973"}],"version-history":[{"count":0,"href":"https:\/\/www.radiopiu.net\/wordpress\/wp-json\/wp\/v2\/posts\/381973\/revisions"}],"wp:featuredmedia":[{"embeddable":true,"href":"https:\/\/www.radiopiu.net\/wordpress\/wp-json\/wp\/v2\/media\/381985"}],"wp:attachment":[{"href":"https:\/\/www.radiopiu.net\/wordpress\/wp-json\/wp\/v2\/media?parent=381973"}],"wp:term":[{"taxonomy":"category","embeddable":true,"href":"https:\/\/www.radiopiu.net\/wordpress\/wp-json\/wp\/v2\/categories?post=381973"},{"taxonomy":"post_tag","embeddable":true,"href":"https:\/\/www.radiopiu.net\/wordpress\/wp-json\/wp\/v2\/tags?post=381973"}],"curies":[{"name":"wp","href":"https:\/\/api.w.org\/{rel}","templated":true}]}}