{"id":382024,"date":"2024-04-01T07:46:30","date_gmt":"2024-04-01T05:46:30","guid":{"rendered":"https:\/\/www.radiopiu.net\/wordpress\/?p=382024"},"modified":"2024-04-01T13:38:11","modified_gmt":"2024-04-01T11:38:11","slug":"san-vincenzo-tra-i-fiori-chissal","status":"publish","type":"post","link":"https:\/\/www.radiopiu.net\/wordpress\/san-vincenzo-tra-i-fiori-chissal\/","title":{"rendered":"SAN VINCENZO TRA I FIORI. CHISSALE&#8217; &#8220;SESSANT&#8217;ANNI VENGONO UNA VOLTA SOLA&#8221;."},"content":{"rendered":"<p>+++<\/p>\n<blockquote><p><em>Questa mattina a Toccol, durante la festa di San Vincenzo, i volontari dell&#8217;Unione Sportiva Le Ville hanno sorpreso i presenti con un tappeto di fiori colorati lungo la strada per Parech e Prompicai, supportati da RADIOPIU e il Bar Carlin. Nonostante la spesa considerevole, il presidente dell&#8217;associazione, Andrea Rumor, anticipa possibili tagli al budget natalizio per illuminazioni, mentre il sindaco Roberto Chissal\u00e8 si ispira all&#8217;infiorata di Spello per portare l&#8217;evento a Toccol, con divieti per la protezione dei fiori. Sebbene ci sia delusione per l&#8217;assenza dei banchetti dei giocattoli, la giornata sar\u00e0 allietata dalla musica e soprattutto dallo spiedo del Livione, che ben nascosto nel buio ha cucinato per tutta la notte\u00a0<\/em><\/p><\/blockquote>\n\n\t\t\t<style type='text\/css'>\n\t\t\t\t#gallery-1 {\n\t\t\t\t\tmargin: auto;\n\t\t\t\t}\n\t\t\t\t#gallery-1 .gallery-item {\n\t\t\t\t\tfloat: left;\n\t\t\t\t\tmargin-top: 10px;\n\t\t\t\t\ttext-align: center;\n\t\t\t\t\twidth: 20%;\n\t\t\t\t}\n\t\t\t\t#gallery-1 img {\n\t\t\t\t\tborder: 2px solid #cfcfcf;\n\t\t\t\t}\n\t\t\t\t#gallery-1 .gallery-caption {\n\t\t\t\t\tmargin-left: 0;\n\t\t\t\t}\n\t\t\t\t\/* see gallery_shortcode() in wp-includes\/media.php *\/\n\t\t\t<\/style>\n\t\t<div id='gallery-1' class='dt-gallery-container gallery galleryid-382024 gallery-columns-5 gallery-size-thumbnail'><dl class='gallery-item'>\n\t\t\t\t<dt class='gallery-icon landscape'>\n\t\t\t\t\t<a class=\"rollover rollover-zoom dt-pswp-item\" title=\"ebafefb9-cd10-4181-8ed9-4f736b4b7487\" data-dt-img-description=\"\" data-large_image_width=\"1600\" data-large_image_height=\"900\"href='https:\/\/www.radiopiu.net\/wordpress\/wp-content\/uploads\/2024\/04\/ebafefb9-cd10-4181-8ed9-4f736b4b7487-1.jpg'><img loading=\"lazy\" decoding=\"async\" width=\"150\" height=\"150\" src=\"https:\/\/www.radiopiu.net\/wordpress\/wp-content\/uploads\/2024\/04\/ebafefb9-cd10-4181-8ed9-4f736b4b7487-1-150x150.jpg\" class=\"attachment-thumbnail size-thumbnail\" alt=\"\" \/><\/a>\n\t\t\t\t<\/dt><\/dl><dl class='gallery-item'>\n\t\t\t\t<dt class='gallery-icon landscape'>\n\t\t\t\t\t<a class=\"rollover rollover-zoom dt-pswp-item\" title=\"ebafefb9-cd10-4181-8ed9-4f736b4b7487\" data-dt-img-description=\"\" data-large_image_width=\"1600\" data-large_image_height=\"900\"href='https:\/\/www.radiopiu.net\/wordpress\/wp-content\/uploads\/2024\/04\/ebafefb9-cd10-4181-8ed9-4f736b4b7487.jpg'><img loading=\"lazy\" decoding=\"async\" width=\"150\" height=\"150\" src=\"https:\/\/www.radiopiu.net\/wordpress\/wp-content\/uploads\/2024\/04\/ebafefb9-cd10-4181-8ed9-4f736b4b7487-150x150.jpg\" class=\"attachment-thumbnail size-thumbnail\" alt=\"\" \/><\/a>\n\t\t\t\t<\/dt><\/dl><dl class='gallery-item'>\n\t\t\t\t<dt class='gallery-icon landscape'>\n\t\t\t\t\t<a class=\"rollover rollover-zoom dt-pswp-item\" title=\"74544466-bf74-4080-9373-427b85757f2f\" data-dt-img-description=\"\" data-large_image_width=\"1600\" data-large_image_height=\"900\"href='https:\/\/www.radiopiu.net\/wordpress\/wp-content\/uploads\/2024\/04\/74544466-bf74-4080-9373-427b85757f2f.jpg'><img loading=\"lazy\" decoding=\"async\" width=\"150\" height=\"150\" src=\"https:\/\/www.radiopiu.net\/wordpress\/wp-content\/uploads\/2024\/04\/74544466-bf74-4080-9373-427b85757f2f-150x150.jpg\" class=\"attachment-thumbnail size-thumbnail\" alt=\"\" \/><\/a>\n\t\t\t\t<\/dt><\/dl><dl class='gallery-item'>\n\t\t\t\t<dt class='gallery-icon landscape'>\n\t\t\t\t\t<a class=\"rollover rollover-zoom dt-pswp-item\" title=\"bf387ed0-a628-4a56-9866-47bf4d9e85b6\" data-dt-img-description=\"\" data-large_image_width=\"1600\" data-large_image_height=\"900\"href='https:\/\/www.radiopiu.net\/wordpress\/wp-content\/uploads\/2024\/04\/bf387ed0-a628-4a56-9866-47bf4d9e85b6.jpg'><img loading=\"lazy\" decoding=\"async\" width=\"150\" height=\"150\" src=\"https:\/\/www.radiopiu.net\/wordpress\/wp-content\/uploads\/2024\/04\/bf387ed0-a628-4a56-9866-47bf4d9e85b6-150x150.jpg\" class=\"attachment-thumbnail size-thumbnail\" alt=\"\" \/><\/a>\n\t\t\t\t<\/dt><\/dl><dl class='gallery-item'>\n\t\t\t\t<dt class='gallery-icon landscape'>\n\t\t\t\t\t<a class=\"rollover rollover-zoom dt-pswp-item\" title=\"9e020ea6-d499-4e3f-b6b9-f6baba66c4ca\" data-dt-img-description=\"\" data-large_image_width=\"1600\" data-large_image_height=\"900\"href='https:\/\/www.radiopiu.net\/wordpress\/wp-content\/uploads\/2024\/04\/9e020ea6-d499-4e3f-b6b9-f6baba66c4ca.jpg'><img loading=\"lazy\" decoding=\"async\" width=\"150\" height=\"150\" src=\"https:\/\/www.radiopiu.net\/wordpress\/wp-content\/uploads\/2024\/04\/9e020ea6-d499-4e3f-b6b9-f6baba66c4ca-150x150.jpg\" class=\"attachment-thumbnail size-thumbnail\" alt=\"\" \/><\/a>\n\t\t\t\t<\/dt><\/dl><br style=\"clear: both\" \/>\n\t\t\t<\/div>\n\n<p style=\"text-align: left;\"><strong><img loading=\"lazy\" decoding=\"async\" class=\"alignleft\" src=\"https:\/\/www.radiopiu.net\/wordpress\/wp-content\/uploads\/2024\/04\/ebafefb9-cd10-4181-8ed9-4f736b4b7487-1.jpg\" width=\"251\" height=\"141\" \/>AGORDO<\/strong> Chi questa mattina \u00e8 arrivato a Toccol, alle porte di Agordo, per la consueta festa di San Vincenzo (gi\u00e0 sagra del fanciullo), ha gradito ma solo in parte, la sorpresa realizzata nella notte dai volontari dell&#8217;Unione Sportiva Le Ville con il supporto musicale dello speaker di RADIOPIU Marco Costantini e il servizio catering offerto da Ivan, Stefano e Sonia del Bar Carlin.<br \/>\n<em>&#8220;E&#8217; stata dura &#8211; confessa Andrea Rumor presidente dell&#8217;Unione Sportiva Le Ville &#8211; ma ci siamo posti un obiettivo, dopo aver trascorso giorni a cercare i fiori, di difficile acquisto, perch\u00e9 particolari. Abbiamo speso tanto. Vorr\u00e0 dire che a Natale ci saranno meno luminarie, abbiamo fatto raschiare il fondo del barile all&#8217;assessore al bilancio Claudio Sito&#8221;<\/em> Un obiettivo non di poco conto quindi, riempire la strada per Parech e Prompicai di un tappeto di fiori colorati<em>. &#8220;Abbiamo lavorato sodo questa notte &#8211; continua Rumor &#8211; ci abbiamo dato dentro portando terra, concime, e soprattutto rubando i segreti ai maestri fiorai di Agordo, grazie ai consigli degli amici Fabrizio ed Erik De Toffol,<a class=\"dt-pswp-item\" href=\"https:\/\/www.radiopiu.net\/wordpress\/wp-content\/uploads\/2024\/04\/74544466-bf74-4080-9373-427b85757f2f.jpg\" data-dt-img-description=\"\" data-large_image_width=\"1600\" data-large_image_height=\"900\"><img loading=\"lazy\" decoding=\"async\" class=\"size-medium wp-image-382025 alignright\" src=\"https:\/\/www.radiopiu.net\/wordpress\/wp-content\/uploads\/2024\/04\/74544466-bf74-4080-9373-427b85757f2f-300x169.jpg\" alt=\"\" width=\"300\" height=\"169\" srcset=\"https:\/\/www.radiopiu.net\/wordpress\/wp-content\/uploads\/2024\/04\/74544466-bf74-4080-9373-427b85757f2f-300x169.jpg 300w, https:\/\/www.radiopiu.net\/wordpress\/wp-content\/uploads\/2024\/04\/74544466-bf74-4080-9373-427b85757f2f-1024x576.jpg 1024w, https:\/\/www.radiopiu.net\/wordpress\/wp-content\/uploads\/2024\/04\/74544466-bf74-4080-9373-427b85757f2f-768x432.jpg 768w, https:\/\/www.radiopiu.net\/wordpress\/wp-content\/uploads\/2024\/04\/74544466-bf74-4080-9373-427b85757f2f-1536x864.jpg 1536w, https:\/\/www.radiopiu.net\/wordpress\/wp-content\/uploads\/2024\/04\/74544466-bf74-4080-9373-427b85757f2f.jpg 1600w\" sizes=\"auto, (max-width: 300px) 100vw, 300px\" \/><\/a> Stefano e Settimo Cassol di Cencenighe e Felice Bristot l&#8217;operazione \u00e8 stata pi\u00f9 semplice&#8221;. Un evento importante, anche perch\u00e8 da un volto agli uomini e donne delle &#8220;Baracade&#8221; a Natale. &#8220;infatti &#8211; dice Rumor- sono anni che ci alleniamo di notte a far &#8220;baracade&#8221;&#8230; e tutto era finalizzato a questa lunga notte per l&#8217;infiorata de Prompicai&#8221;.<\/em><br \/>\nMa dove \u00e8 nata l&#8217;idea?<br \/>\n<em>&#8220;Ero alla cena del &#8217;64 a Spello &#8211; spiega il sindaco Roberto Chissal\u00e8- e ho visto la magia dell&#8217;infiorata. Mi sono detto, vuoi che non me la <a class=\"dt-pswp-item\" href=\"https:\/\/www.radiopiu.net\/wordpress\/wp-content\/uploads\/2024\/04\/bf387ed0-a628-4a56-9866-47bf4d9e85b6.jpg\" data-dt-img-description=\"\" data-large_image_width=\"1600\" data-large_image_height=\"900\"><img loading=\"lazy\" decoding=\"async\" class=\"size-medium wp-image-382026 alignleft\" src=\"https:\/\/www.radiopiu.net\/wordpress\/wp-content\/uploads\/2024\/04\/bf387ed0-a628-4a56-9866-47bf4d9e85b6-300x169.jpg\" alt=\"\" width=\"300\" height=\"169\" srcset=\"https:\/\/www.radiopiu.net\/wordpress\/wp-content\/uploads\/2024\/04\/bf387ed0-a628-4a56-9866-47bf4d9e85b6-300x169.jpg 300w, https:\/\/www.radiopiu.net\/wordpress\/wp-content\/uploads\/2024\/04\/bf387ed0-a628-4a56-9866-47bf4d9e85b6-1024x576.jpg 1024w, https:\/\/www.radiopiu.net\/wordpress\/wp-content\/uploads\/2024\/04\/bf387ed0-a628-4a56-9866-47bf4d9e85b6-768x432.jpg 768w, https:\/\/www.radiopiu.net\/wordpress\/wp-content\/uploads\/2024\/04\/bf387ed0-a628-4a56-9866-47bf4d9e85b6-1536x864.jpg 1536w, https:\/\/www.radiopiu.net\/wordpress\/wp-content\/uploads\/2024\/04\/bf387ed0-a628-4a56-9866-47bf4d9e85b6.jpg 1600w\" sizes=\"auto, (max-width: 300px) 100vw, 300px\" \/><\/a>regali per i miei primi 60 anni a Toccol? Sono tornato a casa, ho parlato con gli amici dell&#8217;Unione Sportiva ed eccoci qui a festeggiare i fiori di Prompicai e che fiori. Non credo ripristineremo la Sagra del Fanciullo, ma si \u00e8 gi\u00e0 fatto avanti il Comune di La Valle con il sindaco Ezio Zuanel per riproporla come noi facevamo 50 anni fa&#8221;.<\/em><br \/>\nIl sindaco ricorda anche l&#8217;importanza dell&#8217;ordinanza appena firmata, ovvero il divieto assoluto di <a class=\"dt-pswp-item\" href=\"https:\/\/www.radiopiu.net\/wordpress\/wp-content\/uploads\/2024\/04\/9e020ea6-d499-4e3f-b6b9-f6baba66c4ca.jpg\" data-dt-img-description=\"\" data-large_image_width=\"1600\" data-large_image_height=\"900\"><img loading=\"lazy\" decoding=\"async\" class=\"size-medium wp-image-382027 alignright\" src=\"https:\/\/www.radiopiu.net\/wordpress\/wp-content\/uploads\/2024\/04\/9e020ea6-d499-4e3f-b6b9-f6baba66c4ca-300x169.jpg\" alt=\"\" width=\"300\" height=\"169\" srcset=\"https:\/\/www.radiopiu.net\/wordpress\/wp-content\/uploads\/2024\/04\/9e020ea6-d499-4e3f-b6b9-f6baba66c4ca-300x169.jpg 300w, https:\/\/www.radiopiu.net\/wordpress\/wp-content\/uploads\/2024\/04\/9e020ea6-d499-4e3f-b6b9-f6baba66c4ca-1024x576.jpg 1024w, https:\/\/www.radiopiu.net\/wordpress\/wp-content\/uploads\/2024\/04\/9e020ea6-d499-4e3f-b6b9-f6baba66c4ca-768x432.jpg 768w, https:\/\/www.radiopiu.net\/wordpress\/wp-content\/uploads\/2024\/04\/9e020ea6-d499-4e3f-b6b9-f6baba66c4ca-1536x864.jpg 1536w, https:\/\/www.radiopiu.net\/wordpress\/wp-content\/uploads\/2024\/04\/9e020ea6-d499-4e3f-b6b9-f6baba66c4ca.jpg 1600w\" sizes=\"auto, (max-width: 300px) 100vw, 300px\" \/><\/a>passeggiare sui fiori con i cani che vanno rigorosamente tenuti in braccio o muniti di pannolino<em>. &#8220;Non abbiamo certo bisogno di concimare ulteriormente i meravigliosi fiori&#8221;<\/em> taglia corto Chissal\u00e8. Facce tristi quelle dei bambini per non aver visto i banchetti del mercato dei giocattoli. <em>&#8220;Che i genitori aprano gli occhi &#8211; ammonisce da una finestra Andrea Bernardi mentre prepara il palinsesto della prossima edizione di Agordo Musica &#8211; e mentre intona &#8220;fiorin fiorello l&#8217;amore \u00e8 bello&#8221; aggiunge cantando &#8220;Il mercato \u00e8 presso il lavatoio, gi\u00e0 noto per il presepe e l&#8217;albero pasquale di Renzo e Giovannina&#8221;.<\/em><br \/>\nOggi sar\u00e0 una giornata di festa a Toccol, tra i fiori dell&#8217;Unione Sportiva Le Ville, i pop lungo la Campregana del Bien e il servizio catering curato dalla cooperativa agricola agordina in sostituzione delle &#8220;ombre&#8221; del Bar Carlin, purtroppo rimasto aperto per tutta la notte (per garantire il beveraggio ai volontari), ma sanzionato con tre giorni di chiusura per aver sforato l&#8217;orario di chiusura, fatto che comprometter\u00e0 le prossime ferie in Polinesia&#8221;. Nessun problema per il pranzo&#8230;Livione ha acceso da tempo lo spiedo ed \u00e8 pronto per sfamare&#8230; gli affamati<\/p>\n<p>_____<\/p>\n","protected":false},"excerpt":{"rendered":"<p>+++ Questa mattina a Toccol, durante la festa di San Vincenzo, i volontari dell&#8217;Unione Sportiva Le Ville hanno sorpreso i presenti con un tappeto di fiori colorati lungo la strada per Parech e Prompicai, supportati da RADIOPIU e il Bar Carlin. Nonostante la spesa considerevole, il presidente dell&#8217;associazione, Andrea Rumor, anticipa possibili tagli al budget&hellip;<\/p>\n","protected":false},"author":4,"featured_media":382036,"comment_status":"closed","ping_status":"closed","sticky":false,"template":"","format":"standard","meta":{"_monsterinsights_skip_tracking":false,"_monsterinsights_sitenote_active":false,"_monsterinsights_sitenote_note":"","_monsterinsights_sitenote_category":0,"footnotes":""},"categories":[51,49],"tags":[],"class_list":["post-382024","post","type-post","status-publish","format-standard","has-post-thumbnail","hentry","category-evidenza-top","category-news-18","category-51","category-49","description-off"],"img_url":"https:\/\/www.radiopiu.net\/wordpress\/wp-content\/uploads\/2024\/04\/ebafefb9-cd10-4181-8ed9-4f736b4b7487-1.jpg","_links":{"self":[{"href":"https:\/\/www.radiopiu.net\/wordpress\/wp-json\/wp\/v2\/posts\/382024","targetHints":{"allow":["GET"]}}],"collection":[{"href":"https:\/\/www.radiopiu.net\/wordpress\/wp-json\/wp\/v2\/posts"}],"about":[{"href":"https:\/\/www.radiopiu.net\/wordpress\/wp-json\/wp\/v2\/types\/post"}],"author":[{"embeddable":true,"href":"https:\/\/www.radiopiu.net\/wordpress\/wp-json\/wp\/v2\/users\/4"}],"replies":[{"embeddable":true,"href":"https:\/\/www.radiopiu.net\/wordpress\/wp-json\/wp\/v2\/comments?post=382024"}],"version-history":[{"count":0,"href":"https:\/\/www.radiopiu.net\/wordpress\/wp-json\/wp\/v2\/posts\/382024\/revisions"}],"wp:featuredmedia":[{"embeddable":true,"href":"https:\/\/www.radiopiu.net\/wordpress\/wp-json\/wp\/v2\/media\/382036"}],"wp:attachment":[{"href":"https:\/\/www.radiopiu.net\/wordpress\/wp-json\/wp\/v2\/media?parent=382024"}],"wp:term":[{"taxonomy":"category","embeddable":true,"href":"https:\/\/www.radiopiu.net\/wordpress\/wp-json\/wp\/v2\/categories?post=382024"},{"taxonomy":"post_tag","embeddable":true,"href":"https:\/\/www.radiopiu.net\/wordpress\/wp-json\/wp\/v2\/tags?post=382024"}],"curies":[{"name":"wp","href":"https:\/\/api.w.org\/{rel}","templated":true}]}}