{"id":382060,"date":"2024-04-01T13:35:30","date_gmt":"2024-04-01T11:35:30","guid":{"rendered":"https:\/\/www.radiopiu.net\/wordpress\/?p=382060"},"modified":"2024-04-01T13:52:59","modified_gmt":"2024-04-01T11:52:59","slug":"grazie-a-tutti-dallalleghe-hockey","status":"publish","type":"post","link":"https:\/\/www.radiopiu.net\/wordpress\/grazie-a-tutti-dallalleghe-hockey\/","title":{"rendered":"GRAZIE A TUTTI&#8230;DALL&#8217;ALLEGHE HOCKEY"},"content":{"rendered":"<p>******<\/p>\n<p>&nbsp;<\/p>\n<p><strong><a class=\"dt-pswp-item\" href=\"https:\/\/www.radiopiu.net\/wordpress\/wp-content\/uploads\/2023\/11\/alleghe-logo-2023.jpg\" data-dt-img-description=\"\" data-large_image_width=\"1024\" data-large_image_height=\"576\"><img loading=\"lazy\" decoding=\"async\" class=\" wp-image-359944 alignleft\" src=\"https:\/\/www.radiopiu.net\/wordpress\/wp-content\/uploads\/2023\/11\/alleghe-logo-2023-300x169.jpg\" alt=\"\" width=\"208\" height=\"117\" srcset=\"https:\/\/www.radiopiu.net\/wordpress\/wp-content\/uploads\/2023\/11\/alleghe-logo-2023-300x169.jpg 300w, https:\/\/www.radiopiu.net\/wordpress\/wp-content\/uploads\/2023\/11\/alleghe-logo-2023-768x432.jpg 768w, https:\/\/www.radiopiu.net\/wordpress\/wp-content\/uploads\/2023\/11\/alleghe-logo-2023.jpg 1024w\" sizes=\"auto, (max-width: 208px) 100vw, 208px\" \/><\/a>DI ROBERTO MIANA, PORTAVOCE DELL&#8217;ALLEGHE HOCKEY<\/strong><\/p>\n<p>Anche questa stagione hockeistica a tinte biancorosse \u00e8 giunta al termine dopo mesi di duro impegno e sudore da parte di atleti, allenatori, dirigenti e volontari. Stagione che ha portato diverse soddisfazioni sotto al Civetta. La nostra squadra Senior, militante nel campionato IHL, dopo la travagliata passata stagione, quest\u2019anno ha conquistato un ottimo quarto posto sia in Regular Season che nel Master Round, giocandosi onorevolmente fino all\u2019ultimo disco l\u2019accesso alle semifinali playoff e sfiorando la Final Four di Coppa Italia, in entrambi i casi contro i Pirati di Appiano. Molto positivo anche il riscontro stagionale di pubblico al \u201cDe Toni\u201d di Alleghe, che si \u00e8 attestato su una media di 500 spettatori a partita, salito a 635 nei playoff e con il record stagionale di 1150 paganti per la gara di Coppa Italia contro il Dobbiaco a fine dicembre. La squadra Under 19, in combi con il Cortina, si \u00e8 dimostrata un ottimo gruppo, raggiungendo con merito la semifinale per il titolo di categoria, persa a testa alta contro il Juniorteams (vincitore poi del campionato) e dopo aver disputato una pi\u00f9 che buona Regular Season conclusa al terzo posto, con 26 vittorie su 32 gare disputate, ad una manciata di punti dall\u2019Aosta capolista. Grandi soddisfazioni sono arrivate anche dall\u2019Under 16, sempre in abbinata con i pari et\u00e0 del Cortina. Le Civette, dopo essersi guadagnate un doppio secondo posto nel girone B di Regular Season ad un punto dall\u2019Asiago e nel Master Round alle spalle dell\u2019Appiano, si sono dovute arrendere solo in finale al Juniorteams, dando dimostrazione di essere una bella squadra dotata di buone individualit\u00e0. Per l\u2019Under 14, il campionato \u00e8 stato strutturato in due fasi: nella prima le squadre erano divise in 4 gironi, con le prime 4 di ogni raggruppamento che si qualificavano alla seconda fase e sempre le prime 4 di quest&#8217;ultimo turno partecipavano ai playoff per contendersi il titolo di campioni d&#8217;Italia di categoria. I nostri ragazzi hanno concluso in testa la prima fase, ma nella seconda, purtroppo, non sono riuscite a qualificarsi per i playoff, concludendo il campionato in settima posizione. Il titolo \u00e8 stato vinto dall&#8217;Egna Junior Team, che ha sconfitto in finale il Bolzano Accademy. La nostra Under 12 ha invece partecipato all&#8217;attivit\u00e0 promozionale del Comitato Veneto, che non prevedeva nessuna classifica e che era strutturata con una prima fase con partite a campo ridotto. Le nostre Civettine hanno disputato 10 giornate, ed una seconda fase dove invece si \u00e8 giocato a campo intero, in modo da insegnare ai nostri piccoli atleti il vero gioco dell&#8217;hockey. U12 che, a fine marzo, ha partecipato anche al prestigioso torneo internazionale Citt\u00e0 di Varese, con dieci squadre iscritte e le nostre giovani Civette classificatesi al secondo posto, dietro solo ai pari et\u00e0 del Renon. Infine, per quanto riguarda l\u2019avviamento all\u2019hockey, comprendente Under 8 e Under 10, si \u00e8 conclusa una stagione ricca di gioie e soddisfazioni per staff e bambini. Ad inizio marzo Alleghe ha ospitato la prima edizione della Civetta Mini Cup, torneo U8 con otto squadre partecipanti, svoltosi in un bellissimo clima di festa per tutti i piccoli hockeisti. Ad Aprile U8 e U10 parteciperanno al torneo di Maribor in Slovenia, una sorta di gita di fine stagione che vedr\u00e0 insieme staff, ragazzi e famiglie all\u2019insegna del divertimento. L\u2019avviamento all\u2019hockey procede a gonfie vele regalandoci grandi soddisfazioni con sempre nuovi giovani che vogliono giocare con noi, facendo registrare una media di 35 ragazzi ad allenamento: un risultato importante per noi e per la comunit\u00e0. Al termine di questa proficua stagione, la Societ\u00e0 Alleghe Hockey ci tiene a fare in primis un caloroso ringraziamento a tutti gli Sponsor che, grazie al loro fondamentale contributo economico, hanno permesso al nostro sodalizio di programmare la stagione di tutte le squadre nelle varie categorie, attivit\u00e0 che altrimenti non sarebbero state possibili. Un grande grazie anche all\u2019immancabile presenza di Radio Pi\u00f9, sempre al fianco dell\u2019Alleghe Hockey nel raccontare con grande dedizione la stagione biancorossa, al comune di Alleghe, ai dirigenti e responsabili biancorossi, agli atleti con i loro allenatori e ai volontari per gli sforzi e il lavoro svolto durante tutta la stagione, nonch\u00e9 agli Alpini del gruppo Monte Civetta. Impegno di tutti che ha permesso di portare avanti un progetto per promuovere l\u2019attivit\u00e0 hockeistica ad Alleghe e in tutto l\u2019agordino. Il mantenimento della prima squadra \u00e8 importante per dare un obiettivo da raggiungere ai giovani ma \u00e8 altrettanto fondamentale anche l\u2019impegno rivolto verso le giovanili, che sono il cuore pulsante della nostra Societ\u00e0 e il futuro di questo meraviglioso sport che dai pi\u00f9 piccoli ai pi\u00f9 grandi \u00e8 una scuola di vita per la loro formazione e crescita non solo sportiva.<\/p>\n<p>&nbsp;<\/p>\n<p>&nbsp;<\/p>\n<p>********<\/p>\n","protected":false},"excerpt":{"rendered":"<p>****** &nbsp; DI ROBERTO MIANA, PORTAVOCE DELL&#8217;ALLEGHE HOCKEY Anche questa stagione hockeistica a tinte biancorosse \u00e8 giunta al termine dopo mesi di duro impegno e sudore da parte di atleti, allenatori, dirigenti e volontari. Stagione che ha portato diverse soddisfazioni sotto al Civetta. La nostra squadra Senior, militante nel campionato IHL, dopo la travagliata passata&hellip;<\/p>\n","protected":false},"author":4,"featured_media":359944,"comment_status":"closed","ping_status":"closed","sticky":false,"template":"","format":"standard","meta":{"_monsterinsights_skip_tracking":false,"_monsterinsights_sitenote_active":false,"_monsterinsights_sitenote_note":"","_monsterinsights_sitenote_category":0,"footnotes":""},"categories":[49],"tags":[],"class_list":["post-382060","post","type-post","status-publish","format-standard","has-post-thumbnail","hentry","category-news-18","category-49","description-off"],"img_url":"https:\/\/www.radiopiu.net\/wordpress\/wp-content\/uploads\/2023\/11\/alleghe-logo-2023.jpg","_links":{"self":[{"href":"https:\/\/www.radiopiu.net\/wordpress\/wp-json\/wp\/v2\/posts\/382060","targetHints":{"allow":["GET"]}}],"collection":[{"href":"https:\/\/www.radiopiu.net\/wordpress\/wp-json\/wp\/v2\/posts"}],"about":[{"href":"https:\/\/www.radiopiu.net\/wordpress\/wp-json\/wp\/v2\/types\/post"}],"author":[{"embeddable":true,"href":"https:\/\/www.radiopiu.net\/wordpress\/wp-json\/wp\/v2\/users\/4"}],"replies":[{"embeddable":true,"href":"https:\/\/www.radiopiu.net\/wordpress\/wp-json\/wp\/v2\/comments?post=382060"}],"version-history":[{"count":0,"href":"https:\/\/www.radiopiu.net\/wordpress\/wp-json\/wp\/v2\/posts\/382060\/revisions"}],"wp:featuredmedia":[{"embeddable":true,"href":"https:\/\/www.radiopiu.net\/wordpress\/wp-json\/wp\/v2\/media\/359944"}],"wp:attachment":[{"href":"https:\/\/www.radiopiu.net\/wordpress\/wp-json\/wp\/v2\/media?parent=382060"}],"wp:term":[{"taxonomy":"category","embeddable":true,"href":"https:\/\/www.radiopiu.net\/wordpress\/wp-json\/wp\/v2\/categories?post=382060"},{"taxonomy":"post_tag","embeddable":true,"href":"https:\/\/www.radiopiu.net\/wordpress\/wp-json\/wp\/v2\/tags?post=382060"}],"curies":[{"name":"wp","href":"https:\/\/api.w.org\/{rel}","templated":true}]}}