{"id":382126,"date":"2024-04-03T05:21:35","date_gmt":"2024-04-03T03:21:35","guid":{"rendered":"https:\/\/www.radiopiu.net\/wordpress\/?p=382126"},"modified":"2024-04-03T07:59:32","modified_gmt":"2024-04-03T05:59:32","slug":"giornale-radiopiu-03-aprile-2024-direttore-mirko-mezzacasada-40-anni-25-giugno-1983-25-giugno-2023","status":"publish","type":"post","link":"https:\/\/www.radiopiu.net\/wordpress\/giornale-radiopiu-03-aprile-2024-direttore-mirko-mezzacasada-40-anni-25-giugno-1983-25-giugno-2023\/","title":{"rendered":"GIORNALE RADIOPIU 03 APRILE 2024 DIRETTORE MIRKO MEZZACASA\u2026DA 40 ANNI 25 GIUGNO 1983-25 GIUGNO 2023"},"content":{"rendered":"<p>******<\/p>\n<p>&nbsp;<\/p>\n<h3><a href=\"https:\/\/www.radiopiu.net\/wordpress\/giornale-radiopiu-24-gennaio-2021-direttore-mirko-mezzacasa\/141433770_171616291414874_2957460898102012198_n\/\" rel=\"attachment wp-att-186566\"><img loading=\"lazy\" decoding=\"async\" class=\"wp-image-186566 alignleft\" src=\"https:\/\/www.radiopiu.net\/wordpress\/wp-content\/uploads\/2021\/01\/141433770_171616291414874_2957460898102012198_n-300x300.jpg\" alt=\"\" width=\"144\" height=\"144\" srcset=\"https:\/\/www.radiopiu.net\/wordpress\/wp-content\/uploads\/2021\/01\/141433770_171616291414874_2957460898102012198_n-300x300.jpg 300w, https:\/\/www.radiopiu.net\/wordpress\/wp-content\/uploads\/2021\/01\/141433770_171616291414874_2957460898102012198_n-150x150.jpg 150w, https:\/\/www.radiopiu.net\/wordpress\/wp-content\/uploads\/2021\/01\/141433770_171616291414874_2957460898102012198_n-768x768.jpg 768w, https:\/\/www.radiopiu.net\/wordpress\/wp-content\/uploads\/2021\/01\/141433770_171616291414874_2957460898102012198_n.jpg 800w\" sizes=\"auto, (max-width: 144px) 100vw, 144px\" \/><\/a>PER<strong> RICEVERE QUESTO NOTIZIARIO DIRETTAMENTE SUL TUO CELLULARE ISCRIVITI AL CANALE TELEGRAM <\/strong><strong>\u201cRADIO PIU\u00a0 INFORMAZIONE&#8221;\u00a0<\/strong><\/h3>\n<h3>\u00a0il CANALE TELEGRAM&#8230; UNISCITI A: RADIO PIU INFORMAZIONE<\/h3>\n<p>&nbsp;<\/p>\n<p>&nbsp;<\/p>\n<p><em><a href=\"https:\/\/www.radiopiu.net\/wordpress\/giornale-radiopiu-24-gennaio-2021-direttore-mirko-mezzacasa\/79216601_126817312416448_708980208774483089_n\/\" rel=\"attachment wp-att-186567\"><img loading=\"lazy\" decoding=\"async\" class=\"size-medium wp-image-186567 alignright\" src=\"https:\/\/www.radiopiu.net\/wordpress\/wp-content\/uploads\/2021\/01\/79216601_126817312416448_708980208774483089_n-300x114.jpg\" alt=\"\" width=\"300\" height=\"114\" srcset=\"https:\/\/www.radiopiu.net\/wordpress\/wp-content\/uploads\/2021\/01\/79216601_126817312416448_708980208774483089_n-300x114.jpg 300w, https:\/\/www.radiopiu.net\/wordpress\/wp-content\/uploads\/2021\/01\/79216601_126817312416448_708980208774483089_n-768x292.jpg 768w, https:\/\/www.radiopiu.net\/wordpress\/wp-content\/uploads\/2021\/01\/79216601_126817312416448_708980208774483089_n.jpg 820w\" sizes=\"auto, (max-width: 300px) 100vw, 300px\" \/><\/a><span style=\"color: #ff0000;\">ATTENZIONE: LA NUOVA APP PER IOS-IPHONE di Nicola Vettorello <\/span><\/em><a href=\"https:\/\/apps.apple.com\/it\/app\/radio-pi%C3%B9-emittente-agordina\/id1515939845\">https:\/\/apps.apple.com\/it\/app\/radio-pi%C3%B9-emittente-agordina\/id1515939845<\/a><\/p>\n<p><em style=\"color: #ff0000;\">ATTENZIONE: LA NUOVA APP RADIO\u00a0 PER ANDROID di Nicola Vettorello<\/em><\/p>\n<p><a href=\"https:\/\/play.google.com\/store\/apps\/details?id=net.radiopiu.iniko\" target=\"_blank\" rel=\"noopener noreferrer\">https:\/\/play.google.com\/store\/apps\/details?id=net.radiopiu.iniko\u00a0\u00a0<\/a><\/p>\n<p>&nbsp;<\/p>\n<p>&nbsp;<\/p>\n<hr \/>\n<h3 class=\"kvgmc6g5 cxmmr5t8 oygrvhab hcukyx3x c1et5uql\"><strong>\u00a0\u00a0<\/strong><\/h3>\n<blockquote>\n<h3>ACQUA NON POTABILE A COL DI CARRERA DI TAIBON<\/h3>\n<\/blockquote>\n<p><strong>REDAZIONE<\/strong> Gestione Servizi Pubblici informa che a TAIBON in LOCALITA&#8217; COL DE CARRERA l&#8217;acqua erogata dall&#8217;acquedotto non \u00e8 potabile e pu\u00f2 essere usata per scopi alimentari SOLO PREVIA bollitura. Verr\u00e0 effettuato servizio sostitutivo con cisterna posizionata presso il CENTRO di Col De Carrera. GSP ha, comunque, gi\u00e0 adottato le necessarie misure per la disinfezione dell&#8217;acqua presente nei serbatoi e nella rete idrica con l&#8217;aggiunta di cloro.<\/p>\n<p>&nbsp;<\/p>\n<p>&nbsp;<\/p>\n<hr \/>\n<p>&nbsp;<\/p>\n<blockquote>\n<h2 data-block=\"true\" data-editor=\"avj4u\" data-offset-key=\"d3i0j-0-0\">LAVORI A PONTE MAS DI SOSPIROLO. SP 12 INTERESSATA FINO AL 31 MAGGIO<\/h2>\n<\/blockquote>\n<div data-block=\"true\" data-editor=\"avj4u\" data-offset-key=\"d3i0j-0-0\"><strong>SP 12 PEDEMONTANA<\/strong> localit\u00e0 Ponte Mas comune di Sospirolo, \u00a0chiusura totale alla circolazione con deviazione al traffico e obbligo di fermarsi e dare la precedenza in direzione Ponte Mas per lavori al margine della carreggiata.<\/div>\n<div data-block=\"true\" data-editor=\"avj4u\" data-offset-key=\"d3i0j-0-0\"><\/div>\n<div data-block=\"true\" data-editor=\"avj4u\" data-offset-key=\"d3i0j-0-0\"><\/div>\n<blockquote>\n<h3 data-block=\"true\" data-editor=\"avj4u\" data-offset-key=\"d3i0j-0-0\">SAN TOMASO AGORDINO, strada comunale CHIUSURA A FASCE<\/h3>\n<\/blockquote>\n<div data-block=\"true\" data-editor=\"avj4u\" data-offset-key=\"d3i0j-0-0\">\n<p data-block=\"true\" data-editor=\"avj4u\" data-offset-key=\"d3i0j-0-0\">Fino al termine dei lavori, chiusura della strada verso le frazioni di Pecol, Piaia, nel tratto Costa di Mezzo-Revinazza, dalle 8.30 alle 12; dalle 13 alle 14.15; dalle 14.45 alle 17.30 ESCLUSO SABATO E DOMENICA.<\/p>\n<\/div>\n<div data-block=\"true\" data-editor=\"avj4u\" data-offset-key=\"d3i0j-0-0\"><\/div>\n<div data-block=\"true\" data-editor=\"avj4u\" data-offset-key=\"d3i0j-0-0\">\n<hr \/>\n<\/div>\n<div data-block=\"true\" data-editor=\"avj4u\" data-offset-key=\"d3i0j-0-0\"><\/div>\n<div data-block=\"true\" data-editor=\"avj4u\" data-offset-key=\"d3i0j-0-0\"><\/div>\n<div data-block=\"true\" data-editor=\"avj4u\" data-offset-key=\"d3i0j-0-0\"><\/div>\n<p><span style=\"color: #ff0000;\"><strong>OGGI ALLA RADIO<\/strong><\/span>: <strong>ALLE 7.20<\/strong> EL BAR DEL FIOR, DETTI E TRADIZIONI DI GIULIANA DA RONCH; <strong>ALLE 8.20<\/strong> PIU&#8217; SIAMO CON MARINA DONA&#8217;\u00a0 <strong>ALLE 9.10 <\/strong>LIBER CON LIANA CAVALLET<strong> ALLE 10.10<\/strong> CISL LA VOCE PER I LAVORATORI CON ALESSIO PICCOLI <strong>ALLE 10.30<\/strong> SE NON LA SMETTI TI MANDO DAL PRESIDE CON LA PROF MARIA ROSA SALMAZO <strong>ALLE 11.00<\/strong> CINE HIT CON ALDO BRIGADOI <strong>11.15<\/strong> DANIELA RINALDI <strong>12.30<\/strong> GR PRINCIPALE<strong> 13.20<\/strong> PRIMA VERA DI MARINA DONA&#8217;<strong> ALLE 14<\/strong> MARCO V DAL FARRA CON RIMASTI PIU&#8217; AVANTI OSPITE MACI S MOBILE<strong> ALLE 15<\/strong> LA CLASSIFICA UFFICIALE DI MARCO GAZ <strong>ALLE 16.45<\/strong> LE HIT DI MIRCO BENCIVENNI E <strong>QUESTA SERA<\/strong> DALLE 20.30 CON MIRKO MEZZACASA E MORENO TOCCHETTO.. SERATA ALLA RADIO ATTENDENDO L&#8217;EVENTO DEL FINE SETTIMANA AL LARESEI.<\/p>\n<p>&nbsp;<\/p>\n<p>&nbsp;<\/p>\n<p>&nbsp;<\/p>\n<div class=\"x11i5rnm xat24cr x1mh8g0r x1vvkbs xtlvy1s x126k92a\">\n<div dir=\"auto\">\n<hr \/>\n<p>&nbsp;<\/p>\n<p>&nbsp;<\/p>\n<div class=\"x11i5rnm xat24cr x1mh8g0r x1vvkbs xtlvy1s x126k92a\">\n<div dir=\"auto\">\n<p><strong><a class=\"dt-pswp-item\" href=\"https:\/\/www.radiopiu.net\/wordpress\/wp-content\/uploads\/2024\/02\/2d44e751-d8a8-461b-8e22-d8e4e853b032.jpg\" data-dt-img-description=\"\" data-large_image_width=\"1600\" data-large_image_height=\"1200\"><img loading=\"lazy\" decoding=\"async\" class=\"wp-image-373307 alignleft\" src=\"https:\/\/www.radiopiu.net\/wordpress\/wp-content\/uploads\/2024\/02\/2d44e751-d8a8-461b-8e22-d8e4e853b032-300x225.jpg\" alt=\"\" width=\"105\" height=\"79\" srcset=\"https:\/\/www.radiopiu.net\/wordpress\/wp-content\/uploads\/2024\/02\/2d44e751-d8a8-461b-8e22-d8e4e853b032-300x225.jpg 300w, https:\/\/www.radiopiu.net\/wordpress\/wp-content\/uploads\/2024\/02\/2d44e751-d8a8-461b-8e22-d8e4e853b032-1024x768.jpg 1024w, https:\/\/www.radiopiu.net\/wordpress\/wp-content\/uploads\/2024\/02\/2d44e751-d8a8-461b-8e22-d8e4e853b032-768x576.jpg 768w, https:\/\/www.radiopiu.net\/wordpress\/wp-content\/uploads\/2024\/02\/2d44e751-d8a8-461b-8e22-d8e4e853b032-1536x1152.jpg 1536w, https:\/\/www.radiopiu.net\/wordpress\/wp-content\/uploads\/2024\/02\/2d44e751-d8a8-461b-8e22-d8e4e853b032.jpg 1600w\" sizes=\"auto, (max-width: 105px) 100vw, 105px\" \/><\/a>EL BAL DEL FIOR, DI GIULIANA DA RONCH, 02 APRILE 2024<\/strong><\/p>\n<\/div>\n<\/div>\n<\/div>\n<div dir=\"auto\">\n<audio class=\"wp-audio-shortcode\" id=\"audio-382126-1\" preload=\"none\" style=\"width: 100%;\" controls=\"controls\"><source type=\"audio\/mpeg\" src=\"https:\/\/www.radiopiu.net\/wordpress\/wp-content\/uploads\/2024\/03\/GME-7.m4a?_=1\" \/><a href=\"https:\/\/www.radiopiu.net\/wordpress\/wp-content\/uploads\/2024\/03\/GME-7.m4a\">https:\/\/www.radiopiu.net\/wordpress\/wp-content\/uploads\/2024\/03\/GME-7.m4a<\/a><\/audio>\n<p>&nbsp;<\/p>\n<p>&nbsp;<\/p>\n<hr \/>\n<\/div>\n<\/div>\n<blockquote>\n<blockquote>\n<h1><span style=\"color: #ff0000;\">\u00a0<\/span><\/h1>\n<h1><span style=\"color: #ff0000;\">\u00a0<\/span><\/h1>\n<h1><span style=\"color: #ff0000;\">I podcast informativi del mattino &#8211; audio &#8211;\u00a0<\/span><\/h1>\n<\/blockquote>\n<p><strong><a class=\"dt-pswp-item\" href=\"https:\/\/www.radiopiu.net\/wordpress\/wp-content\/uploads\/2023\/11\/th-10.jpg\" data-dt-img-description=\"\" data-large_image_width=\"320\" data-large_image_height=\"180\"><img loading=\"lazy\" decoding=\"async\" class=\"wp-image-362866 alignleft\" src=\"https:\/\/www.radiopiu.net\/wordpress\/wp-content\/uploads\/2023\/11\/th-10-300x169.jpg\" alt=\"\" width=\"185\" height=\"104\" srcset=\"https:\/\/www.radiopiu.net\/wordpress\/wp-content\/uploads\/2023\/11\/th-10-300x169.jpg 300w, https:\/\/www.radiopiu.net\/wordpress\/wp-content\/uploads\/2023\/11\/th-10.jpg 320w\" sizes=\"auto, (max-width: 185px) 100vw, 185px\" \/><\/a>LA RASSEGNA STAMPA NAZIONALE ALLA RADIO, OGNI GIORNO ALLE 5 E ALLE 6 DEL MATTINO <span style=\"color: #0000ff;\">viene pubblicata alle 6.00 <span style=\"color: #ff0000;\">DIRETTA RADIO\u00a0 \u00a0\u00a0<\/span><\/span><\/strong><\/p>\n<p>&nbsp;<\/p>\n<p>&nbsp;<\/p>\n<p><span style=\"color: #ff0000;\"><strong>DI SISSI MARTINELLI<\/strong><\/span><\/p>\n<p><strong>Guerra in medio oriente<\/strong>, il tragico errore la morte di 7 operatori sanitari che stavano distribuendo aiuti alimentari, uccisi gli innocenti britannici ed americani. Segno di distensione tra <strong>Stati Uniti e Cina<\/strong>, ieri il lungo colloquio telefonico tra capi di Stato. <strong>Cronaca<\/strong> stupro di gruppo\u00a0 su una ventenne di Palermo, la ragazza minacciata a uno del branco, altro reato: violenza privata. <strong>Sport<\/strong> semifinale Juve-Lazio per la Coppa Italia, risultato finale 2-0, ora il ritorno<\/p><\/blockquote>\n<h2>AUDIO dalle 7 del mattino<\/h2>\n<audio class=\"wp-audio-shortcode\" id=\"audio-382126-2\" preload=\"none\" style=\"width: 100%;\" controls=\"controls\"><source type=\"audio\/mpeg\" src=\"https:\/\/www.radiopiu.net\/wordpress\/wp-content\/uploads\/2024\/04\/GIORNALEDELLESEI-1.mp3?_=2\" \/><a href=\"https:\/\/www.radiopiu.net\/wordpress\/wp-content\/uploads\/2024\/04\/GIORNALEDELLESEI-1.mp3\">https:\/\/www.radiopiu.net\/wordpress\/wp-content\/uploads\/2024\/04\/GIORNALEDELLESEI-1.mp3<\/a><\/audio>\n<p>&nbsp;<\/p>\n<p>&nbsp;<\/p>\n<hr \/>\n<p>&nbsp;<\/p>\n<h1 style=\"text-align: center;\"><span style=\"color: #ff0000;\">I podcast informativi del mattino &#8211; audio &#8211;\u00a0<\/span><\/h1>\n<p><strong><a class=\"dt-pswp-item\" href=\"https:\/\/www.radiopiu.net\/wordpress\/wp-content\/uploads\/2023\/12\/images.png\" data-dt-img-description=\"\" data-large_image_width=\"316\" data-large_image_height=\"160\"><img loading=\"lazy\" decoding=\"async\" class=\"wp-image-367008 alignleft\" src=\"https:\/\/www.radiopiu.net\/wordpress\/wp-content\/uploads\/2023\/12\/images-300x152.png\" alt=\"\" width=\"235\" height=\"119\" srcset=\"https:\/\/www.radiopiu.net\/wordpress\/wp-content\/uploads\/2023\/12\/images-300x152.png 300w, https:\/\/www.radiopiu.net\/wordpress\/wp-content\/uploads\/2023\/12\/images.png 316w\" sizes=\"auto, (max-width: 235px) 100vw, 235px\" \/><\/a>OGNI GIORNO ALLE SETTE DEL MATTINO, LA RASSEGNA STAMPA LOCALE FLASH&#8230; PER CHI VA IN FRETTA. I TITOLI DAI GIORNALI E DAL SITO WWW.RADIOPIU.NET <span style=\"color: #0000ff;\">viene pubblicato alle 7.00<\/span> <span style=\"color: #ff0000;\">DIRETTA RADIO\u00a0<\/span><\/strong><\/p>\n<p><em><span style=\"color: #ff0000;\">per chi va in fretta&#8230; tante notizie in pochi minuti. L&#8217;informazione locale alla radio, ogni ora dalle 7 del mattino alle 19 della sera.\u00a0 \u00a0 \u00a0\u00a0<\/span><\/em><\/p>\n<p>&nbsp;<\/p>\n<p><strong>REDAZIONE<\/strong>\u00a0 LOCALITA&#8217; COL DE CARRERA l&#8217;acqua erogata dall&#8217;acquedotto non \u00e8 potabile e pu\u00f2 essere usata per scopi alimentari SOLO PREVIA bollitura. Verr\u00e0 effettuato servizio sostitutivo con cisterna posizionata presso il CENTRO di Col De Carrera.\u00a0+<br \/>\nSP 12 PEDEMONTANA localit\u00e0 Ponte Mas comune di Sospirolo, \u00a0chiusura totale alla circolazione con deviazione al traffico e obbligo di fermarsi e dare la precedenza in direzione Ponte Mas per lavori al margine della carreggiata.<br \/>\nFino al termine dei lavori, chiusura della strada verso le frazioni di Pecol, Piaia, nel tratto Costa di Mezzo-Revinazza, dalle 8.30 alle 12; dalle 13 alle 14.15; dalle 14.45 alle 17.30 ESCLUSO SABATO E DOMENICA.<br \/>\n<strong>VALANGA A FORCELLA DELLA NEVE<\/strong>: UNA SCIALPINISTA INFORTUNATA Una scialpinista di 14 anni da Forni Avoltri, travolta da una valanga a Forcella della Neve insieme ad altre sette persone, \u00e8 stata sepolta da un metro di neve per cinque minuti, ma \u00e8 stata salvata da due finanzieri in esercitazione nella zona.<br \/>\n<strong>REDAZIONE<\/strong> La giornata del Suem 118 si \u00e8 aperta a Livinallongo con l\u2019impegno dei volontari della Croce Bianca di Arabba chiamati per un incidente stradale che ha coinvolto una donna di 38 anni, portata in ospedale.<br \/>\n<strong>BELLUNO<\/strong> Tecnici della Provincia di Belluno in sopralluogo in diverse zone. Il maltempo di Pasqua e Pasquetta infatti ha lasciato diversi strascichi. Nessuna criticit\u00e0 particolare per l\u2019incolumit\u00e0 pubblica, ma alcuni movimenti, piccole frane e smottamenti.<br \/>\n<strong>CROLLA IL TETTO DELLA STORICA ABITAZIONE FELTRE<\/strong> La crescente precariet\u00e0 del patrimonio edilizio pubblico e privato porta all&#8217;intervento frequente dei vigili del fuoco per situazioni di rischio crollo, come accaduto ieri a via Donizetti, dove le piogge hanno causato il crollo del tetto di un&#8217;abitazione storica. La chiusura della strada al traffico \u00e8 necessaria in attesa delle decisioni dell&#8217;Ufficio tecnico comunale<br \/>\n<strong>IN RICORDO DI GUIDOLIN<\/strong> DOROTEA (STAFFETTA MARY), IL MESSAGGIO DI CORDOGLIO DEL PRESIDENTE DELLA PROVINCIA ROBERTO PADRIN stamane alle 11 il saluto in cimitero ad Agordo.<\/p>\n<h2>AUDIO dalle 7 del mattino<\/h2>\n<audio class=\"wp-audio-shortcode\" id=\"audio-382126-3\" preload=\"none\" style=\"width: 100%;\" controls=\"controls\"><source type=\"audio\/mpeg\" src=\"https:\/\/www.radiopiu.net\/wordpress\/wp-content\/uploads\/2024\/04\/GF07-1.mp3?_=3\" \/><a href=\"https:\/\/www.radiopiu.net\/wordpress\/wp-content\/uploads\/2024\/04\/GF07-1.mp3\">https:\/\/www.radiopiu.net\/wordpress\/wp-content\/uploads\/2024\/04\/GF07-1.mp3<\/a><\/audio>\n<p>&nbsp;<\/p>\n<hr \/>\n<p>&nbsp;<\/p>\n<h1><\/h1>\n<h1 style=\"text-align: center;\"><span style=\"color: #ff0000;\"><a class=\"dt-pswp-item\" href=\"https:\/\/www.radiopiu.net\/wordpress\/wp-content\/uploads\/2022\/01\/026c3f9d-dae9-4040-a3c1-a6530231bcc3.jpg\" data-dt-img-description=\"\" data-large_image_width=\"1152\" data-large_image_height=\"2048\"><img loading=\"lazy\" decoding=\"async\" class=\"wp-image-251839 alignleft\" src=\"https:\/\/www.radiopiu.net\/wordpress\/wp-content\/uploads\/2022\/01\/026c3f9d-dae9-4040-a3c1-a6530231bcc3-169x300.jpg\" alt=\"\" width=\"100\" height=\"177\" srcset=\"https:\/\/www.radiopiu.net\/wordpress\/wp-content\/uploads\/2022\/01\/026c3f9d-dae9-4040-a3c1-a6530231bcc3-169x300.jpg 169w, https:\/\/www.radiopiu.net\/wordpress\/wp-content\/uploads\/2022\/01\/026c3f9d-dae9-4040-a3c1-a6530231bcc3-576x1024.jpg 576w, https:\/\/www.radiopiu.net\/wordpress\/wp-content\/uploads\/2022\/01\/026c3f9d-dae9-4040-a3c1-a6530231bcc3-768x1365.jpg 768w, https:\/\/www.radiopiu.net\/wordpress\/wp-content\/uploads\/2022\/01\/026c3f9d-dae9-4040-a3c1-a6530231bcc3-864x1536.jpg 864w, https:\/\/www.radiopiu.net\/wordpress\/wp-content\/uploads\/2022\/01\/026c3f9d-dae9-4040-a3c1-a6530231bcc3.jpg 1152w\" sizes=\"auto, (max-width: 100px) 100vw, 100px\" \/><\/a>I podcast informativi del mattino &#8211; audio &#8211;\u00a0<\/span><\/h1>\n<blockquote><p><strong>GIORNALE RADIO NAZIONALE, EDIZIONE DELLE SETTE <span style=\"color: #0000ff;\">viene pubblicato alle 7.05 <span style=\"color: #ff0000;\">DIRETTA RADIO\u00a0<\/span><\/span><\/strong><\/p><\/blockquote>\n<p><strong>il giornale radionazionale e&#8217; in onda ogni ora, dalle sette del mattino alle venti della sera\u00a0\u00a0<\/strong><\/p>\n<p>&nbsp;<\/p>\n<p>&nbsp;<\/p>\n<p><strong>TERREMOTO! <\/strong>BILANCIO GRAVE E ALLARME TSUNAMI IN GIAPPONE <strong>&#8211; attacco israleiano <\/strong>sulla striscia di Gaza, sdegno internazionale. <strong>Terribile incendio<\/strong> a Instanbul, tante vittime.<\/p>\n<h2>AUDIO dalle sette del mattino, ogni ora alla radio<\/h2>\n<audio class=\"wp-audio-shortcode\" id=\"audio-382126-4\" preload=\"none\" style=\"width: 100%;\" controls=\"controls\"><source type=\"audio\/mpeg\" src=\"https:\/\/www.radiopiu.net\/wordpress\/wp-content\/uploads\/2024\/04\/giornale07-2.mp3?_=4\" \/><a href=\"https:\/\/www.radiopiu.net\/wordpress\/wp-content\/uploads\/2024\/04\/giornale07-2.mp3\">https:\/\/www.radiopiu.net\/wordpress\/wp-content\/uploads\/2024\/04\/giornale07-2.mp3<\/a><\/audio>\n<p>&nbsp;<\/p>\n<p>&nbsp;<\/p>\n<hr \/>\n<p>&nbsp;<\/p>\n<blockquote>\n<h1>ULTIM&#8217;ORA&#8230;. CAMION IN FIAMME ORE 7.00<\/h1>\n<\/blockquote>\n<p><span style=\"color: #ff0000;\">Tra bribano e santa Giustina, camion in fiamme<br \/>\ngrazie\u00a0 Davis e Lara<\/span><\/p>\n<div style=\"width: 848px;\" class=\"wp-video\"><video class=\"wp-video-shortcode\" id=\"video-382126-1\" width=\"848\" height=\"480\" preload=\"metadata\" controls=\"controls\"><source type=\"video\/mp4\" src=\"https:\/\/www.radiopiu.net\/wordpress\/wp-content\/uploads\/2024\/04\/WhatsApp-Video-2024-04-03-at-7.08.04-AM.mp4?_=1\" \/><a href=\"https:\/\/www.radiopiu.net\/wordpress\/wp-content\/uploads\/2024\/04\/WhatsApp-Video-2024-04-03-at-7.08.04-AM.mp4\">https:\/\/www.radiopiu.net\/wordpress\/wp-content\/uploads\/2024\/04\/WhatsApp-Video-2024-04-03-at-7.08.04-AM.mp4<\/a><\/video><\/div>\n\n\t\t\t<style type='text\/css'>\n\t\t\t\t#gallery-1 {\n\t\t\t\t\tmargin: auto;\n\t\t\t\t}\n\t\t\t\t#gallery-1 .gallery-item {\n\t\t\t\t\tfloat: left;\n\t\t\t\t\tmargin-top: 10px;\n\t\t\t\t\ttext-align: center;\n\t\t\t\t\twidth: 50%;\n\t\t\t\t}\n\t\t\t\t#gallery-1 img {\n\t\t\t\t\tborder: 2px solid #cfcfcf;\n\t\t\t\t}\n\t\t\t\t#gallery-1 .gallery-caption {\n\t\t\t\t\tmargin-left: 0;\n\t\t\t\t}\n\t\t\t\t\/* see gallery_shortcode() in wp-includes\/media.php *\/\n\t\t\t<\/style>\n\t\t<div id='gallery-1' class='dt-gallery-container gallery galleryid-382126 gallery-columns-2 gallery-size-large'><dl class='gallery-item'>\n\t\t\t\t<dt class='gallery-icon portrait'>\n\t\t\t\t\t<a class=\"rollover rollover-zoom dt-pswp-item\" title=\"430294794_950613772943139_7207802407198620568_n\" data-dt-img-description=\"\" data-large_image_width=\"155\" data-large_image_height=\"206\"href='https:\/\/www.radiopiu.net\/wordpress\/wp-content\/uploads\/2024\/04\/430294794_950613772943139_7207802407198620568_n.jpg'><img loading=\"lazy\" decoding=\"async\" width=\"155\" height=\"206\" src=\"https:\/\/www.radiopiu.net\/wordpress\/wp-content\/uploads\/2024\/04\/430294794_950613772943139_7207802407198620568_n.jpg\" class=\"attachment-large size-large\" alt=\"\" \/><\/a>\n\t\t\t\t<\/dt><\/dl><dl class='gallery-item'>\n\t\t\t\t<dt class='gallery-icon portrait'>\n\t\t\t\t\t<a class=\"rollover rollover-zoom dt-pswp-item\" title=\"430050765_7800249563319091_778691339044371966_n\" data-dt-img-description=\"\" data-large_image_width=\"180\" data-large_image_height=\"204\"href='https:\/\/www.radiopiu.net\/wordpress\/wp-content\/uploads\/2024\/04\/430050765_7800249563319091_778691339044371966_n.jpg'><img loading=\"lazy\" decoding=\"async\" width=\"180\" height=\"204\" src=\"https:\/\/www.radiopiu.net\/wordpress\/wp-content\/uploads\/2024\/04\/430050765_7800249563319091_778691339044371966_n.jpg\" class=\"attachment-large size-large\" alt=\"\" \/><\/a>\n\t\t\t\t<\/dt><\/dl><br style=\"clear: both\" \/>\n\t\t\t<\/div>\n\n<p>&nbsp;<\/p>\n<h2><\/h2>\n<hr \/>\n<p>&nbsp;<\/p>\n<p>&nbsp;<\/p>\n<h1><span style=\"color: #ff0000;\">I podcast informativi del mattino &#8211; video &#8211;\u00a0<\/span><\/h1>\n<h2><strong><a class=\"dt-pswp-item\" href=\"https:\/\/www.radiopiu.net\/wordpress\/wp-content\/uploads\/2023\/12\/th-10.jpg\" data-dt-img-description=\"\" data-large_image_width=\"245\" data-large_image_height=\"180\"><img loading=\"lazy\" decoding=\"async\" class=\" wp-image-367395 alignleft\" src=\"https:\/\/www.radiopiu.net\/wordpress\/wp-content\/uploads\/2023\/12\/th-10.jpg\" alt=\"\" width=\"166\" height=\"122\" \/><\/a>RASSEGNA STAMPA LOCALE, ORE OTTO 05<\/strong><\/h2>\n<h2><strong> <span style=\"color: #0000ff;\">viene\u00a0 <\/span><\/strong><strong><span style=\"color: #0000ff;\">pubblicata alle 8.05 <span style=\"color: #ff0000;\">DIRETTA RADIO\u00a0\u00a0<\/span><\/span><\/strong><\/h2>\n<p><strong>DI MIRKO MEZZACASA\u00a0 \u00a0\u00a0<\/strong><\/p>\n<h2><strong>VIDEO\u00a0 \u00a0in diretta dalle 8 del mattino<\/strong><\/h2>\n<p><strong>ADDIO LUIGI,<\/strong> AMATO INFERMIERE DELLA GERIATRIA FELTRE Luigi Della Monica, stimato infermiere della Geriatria presso il Santa Maria del Prato, viene ricordato per il suo spirito partenopeo, la generosit\u00e0 e l&#8217;attenzione verso i pazienti. Il messaggio di cordoglio della Ulss1.<br \/>\n<strong>SETTE VILLE<\/strong> Una capra incrodata sopra la galleria di Vas nel comune di Sette Ville \u00e8 stata salvata dai vigili del fuoco<br \/>\n<strong>GRANDINATA<\/strong> IN VALBELLUNA Una violenza grandinata si \u00e8 abbattuta ieri pomeriggio sulla Valbelluna, colpendo in particolare Limana. I chicchi di ghiaccio hanno letteralmente coperto il terreno nei punti pi\u00f9 colpiti, danneggiando piante e giardini. Luned\u00ec nella tarda serata un analogo temporale in Valbelluna era stato accompagnato da una grandinata alle porte di Feltre.<br \/>\n<strong>CENCENIGHE<\/strong> VIA LIBERA ALLO SPRAY URTICANTE PER LA POLIZIA LOCALE<br \/>\nL&#8217;IMPORTANZA DEI LAVORI SULLA SP 251 DELLA VAL DI ZOLDO<br \/>\n<strong>BELLUNO<\/strong>\u00a0I Giardinieri d&#8217;arte arrivano a Belluno, grazie alla collaborazione tra il comune capoluogo e il Centro Consorzi di Sedico. I corsisti testeranno infatti le loro abilit\u00e0 nella cura del verde al Parco Villa Clizia di Mussoi.<br \/>\nCONFCOMMERCIO: RINNOVATO IL GRUPPO GIOVANI IMPRENDITORI<br \/>\n<strong>A FELTRE<\/strong> INIZIA LA RACCOLTA ISTANZE PER L&#8217;AMMISSIONE AL NIDO D&#8217;INFANZIA COMUNALE<br \/>\n<strong>FRANCESCO MARCONE<\/strong> SARA&#8217; RICORDATO AL CENTRO DON VINCENZO SAVIO DI AGORDO<br \/>\nUN INCONTRO CON LO <strong>SPI CGIL<\/strong> PER PARLARE DEL PARCO NAZIONALE DOLOMITI BELLUNESILa serata organizzata dallo SPI CGIL di Belluno il 4 aprile offre un&#8217;opportunit\u00e0 per approfondire la conoscenza e la protezione di questo meraviglioso territorio, con un intervento del dottor Enrico Vettorazzo, Responsabile del Servizio Educazione e Ricerca del Parco delle Dolomiti Bellunesi.<br \/>\n<strong>ANNULLATO IL PIANI DI PEZZE&#8217; TROPHY ALLEGHE<\/strong> La gara di Ape elaborati in programma sabato ai Piani di Pezz\u00e8 \u00e8 stata annullata.<\/p>\n<p><a class=\"dt-pswp-item\" href=\"https:\/\/www.radiopiu.net\/wordpress\/wp-content\/uploads\/2024\/04\/copertina-1.png\" data-dt-img-description=\"\" data-large_image_width=\"448\" data-large_image_height=\"277\"><img loading=\"lazy\" decoding=\"async\" class=\"size-medium wp-image-382335 aligncenter\" src=\"https:\/\/www.radiopiu.net\/wordpress\/wp-content\/uploads\/2024\/04\/copertina-1-300x185.png\" alt=\"\" width=\"300\" height=\"185\" srcset=\"https:\/\/www.radiopiu.net\/wordpress\/wp-content\/uploads\/2024\/04\/copertina-1-300x185.png 300w, https:\/\/www.radiopiu.net\/wordpress\/wp-content\/uploads\/2024\/04\/copertina-1.png 448w\" sizes=\"auto, (max-width: 300px) 100vw, 300px\" \/><\/a><\/p>\n<p><iframe loading=\"lazy\" title=\"DAL 1983 LA RASSEGNA STAMPA LOCALE di mirko mezzacasa. L&#039;ORIGINALE\" width=\"1200\" height=\"675\" src=\"https:\/\/www.youtube.com\/embed\/psbP3ExZ8oo?feature=oembed\" frameborder=\"0\" allow=\"accelerometer; autoplay; clipboard-write; encrypted-media; gyroscope; picture-in-picture; web-share\" referrerpolicy=\"strict-origin-when-cross-origin\" allowfullscreen><\/iframe><\/p>\n<hr \/>\n<p>&nbsp;<\/p>\n<h3>VALANGA A FORCELLA DELLA NEVE: UNA SCIALPINISTA INFORTUNATA<\/h3>\n<blockquote><p><em>Una scialpinista di 14 anni da Forni Avoltri, travolta da una valanga a Forcella della Neve insieme ad altre sette persone, \u00e8 stata sepolta da un metro di neve per cinque minuti, ma \u00e8 stata salvata da due finanzieri in esercitazione nella zona. I ragazzi, atleti di biathlon e fondo del Cai giovanile di Forni Avoltri, erano accompagnati da una guida alpina e un accompagnatore. Grazie ai soccorritori, la giovane \u00e8 stata liberata e trasportata in ospedale, dove gli esami hanno confermato che non ha riportato gravi lesioni. Il governatore Zaia esprime gratitudine ai soccorritori e richiama alla responsabilit\u00e0 degli sciatori di rispettare le regole di sicurezza in montagna, sottolineando l&#8217;importanza di seguire le indicazioni dei bollettini nivologici.<\/em><\/p><\/blockquote>\n<div dir=\"auto\"><span style=\"color: #ff0000;\"><strong>AUDIO NOTIZIARIO NAZIONALE\u00a0 ieri, ORE 15.00\u00a0<\/strong><\/span><\/div>\n<div dir=\"auto\"><\/div>\n<div dir=\"auto\">\n<audio class=\"wp-audio-shortcode\" id=\"audio-382126-5\" preload=\"none\" style=\"width: 100%;\" controls=\"controls\"><source type=\"audio\/mpeg\" src=\"https:\/\/www.radiopiu.net\/wordpress\/wp-content\/uploads\/2024\/04\/GIORNALEEEEEEEEEEEE.mp3?_=5\" \/><a href=\"https:\/\/www.radiopiu.net\/wordpress\/wp-content\/uploads\/2024\/04\/GIORNALEEEEEEEEEEEE.mp3\">https:\/\/www.radiopiu.net\/wordpress\/wp-content\/uploads\/2024\/04\/GIORNALEEEEEEEEEEEE.mp3<\/a><\/audio>\n<p>&nbsp;<\/p>\n<\/div>\n<blockquote>\n<h3><a class=\"dt-pswp-item\" href=\"https:\/\/www.radiopiu.net\/wordpress\/wp-content\/uploads\/2024\/04\/Watermark_20240402_145503_586.jpg\" data-dt-img-description=\"\" data-large_image_width=\"1773\" data-large_image_height=\"2364\"><img loading=\"lazy\" decoding=\"async\" class=\" wp-image-382250 alignleft\" src=\"https:\/\/www.radiopiu.net\/wordpress\/wp-content\/uploads\/2024\/04\/Watermark_20240402_145503_586-225x300.jpg\" alt=\"\" width=\"91\" height=\"121\" srcset=\"https:\/\/www.radiopiu.net\/wordpress\/wp-content\/uploads\/2024\/04\/Watermark_20240402_145503_586-225x300.jpg 225w, https:\/\/www.radiopiu.net\/wordpress\/wp-content\/uploads\/2024\/04\/Watermark_20240402_145503_586-768x1024.jpg 768w, https:\/\/www.radiopiu.net\/wordpress\/wp-content\/uploads\/2024\/04\/Watermark_20240402_145503_586-1152x1536.jpg 1152w, https:\/\/www.radiopiu.net\/wordpress\/wp-content\/uploads\/2024\/04\/Watermark_20240402_145503_586-1536x2048.jpg 1536w, https:\/\/www.radiopiu.net\/wordpress\/wp-content\/uploads\/2024\/04\/Watermark_20240402_145503_586.jpg 1773w\" sizes=\"auto, (max-width: 91px) 100vw, 91px\" \/><\/a><\/h3>\n<\/blockquote>\n<p><strong>AURONZO<\/strong> Due scialpinisti sono stati estratti dalla neve dopo essere stati coinvolti in una valanga sotto Forcella della Neve. L&#8217;allarme \u00e8 stato lanciato da un testimone verso mezzogiorno, e l&#8217;elicottero del Suem di Pieve di Cadore \u00e8 intervenuto rapidamente. Una quattordicenne di Forni Avoltri \u00e8 stata trascinata per una sessantina di metri nel canale e sepolta per 5 minuti sotto un metro di neve, ma \u00e8 stata fortunatamente liberata dai soccorritori della Guardia di Finanza di Auronzo. Un secondo scialpinista, straniero, \u00e8 stato estratto ileso. La ragazza \u00e8 stata trasportata all&#8217;ospedale di Belluno per la verifica di possibili traumi alla schiena, mentre l&#8217;eliambulanza dell&#8217;Aiut Alpin Dolomites di Bolzano ha recuperato l&#8217;unit\u00e0 cinofila di Pieve e i compagni illesi rimasti in Forcella per accompagnarli a Misurina.<\/p>\n<p>&nbsp;<\/p>\n<blockquote class=\"wp-embedded-content\" data-secret=\"VUWGRXSegv\"><p><a href=\"https:\/\/www.radiopiu.net\/wordpress\/sciatori-alpinisti-travolti-da-una-valanga-a-misurina-e-soccorsi-dal-soccorso-della-guardia-di-finanza-di-auronzo-di-cadore\/\">SCIATORI ALPINISTI TRAVOLTI DA UNA VALANGA A MISURINA E SOCCORSI DAL SOCCORSO DELLA GUARDIA DI FINANZA DI AURONZO DI CADORE<\/a><\/p><\/blockquote>\n<p><iframe loading=\"lazy\" class=\"wp-embedded-content\" sandbox=\"allow-scripts\" security=\"restricted\" style=\"position: absolute; clip: rect(1px, 1px, 1px, 1px);\" title=\"&#8220;SCIATORI ALPINISTI TRAVOLTI DA UNA VALANGA A MISURINA E SOCCORSI DAL SOCCORSO DELLA GUARDIA DI FINANZA DI AURONZO DI CADORE&#8221; &#8212; Radio Pi\u00f9\" src=\"https:\/\/www.radiopiu.net\/wordpress\/sciatori-alpinisti-travolti-da-una-valanga-a-misurina-e-soccorsi-dal-soccorso-della-guardia-di-finanza-di-auronzo-di-cadore\/embed\/#?secret=gPdaTmwgfn#?secret=VUWGRXSegv\" data-secret=\"VUWGRXSegv\" width=\"600\" height=\"338\" frameborder=\"0\" marginwidth=\"0\" marginheight=\"0\" scrolling=\"no\"><\/iframe><\/p>\n<p>&nbsp;<\/p>\n<p><strong class=\"photoswipe-wrapper\"><a class=\"dt-pswp-item pspw-wrap-ready\" href=\"https:\/\/www.radiopiu.net\/wordpress\/wp-content\/uploads\/2024\/01\/Senza-nome-34.png\" data-dt-img-description=\"\" data-large_image_width=\"239\" data-large_image_height=\"153\"><img loading=\"lazy\" decoding=\"async\" class=\"wp-image-369478 alignleft\" src=\"https:\/\/www.radiopiu.net\/wordpress\/wp-content\/uploads\/2024\/01\/Senza-nome-34.png\" alt=\"\" width=\"128\" height=\"82\" \/><\/a><\/strong><\/p>\n<h1 class=\"_title post-title entry-title\"><\/h1>\n<p><strong>dal TG BELLUNESE di\u00a0 ANTENNA 3 ogni sera alle 19.30 sul canale 10 del digitale terrestre e alle 19 le anticipazioni alla radio.\u00a0 \u00a0<\/strong><\/p>\n<p>DI FABIO FIORAVANZI<\/p>\n<p><iframe loading=\"lazy\" title=\"VALANGA AI CADINI DI MISURINA,15ENNE SALVA PER MIRACOLO | 02\/04\/2024\" width=\"1200\" height=\"675\" src=\"https:\/\/www.youtube.com\/embed\/WT7S_7-4g78?feature=oembed\" frameborder=\"0\" allow=\"accelerometer; autoplay; clipboard-write; encrypted-media; gyroscope; picture-in-picture; web-share\" referrerpolicy=\"strict-origin-when-cross-origin\" allowfullscreen><\/iframe><\/p>\n<hr \/>\n<p>&nbsp;<\/p>\n<blockquote>\n<h3 class=\"entry-title\">INCIDENTE A LIVINALLONGO<\/h3>\n<\/blockquote>\n<p><img loading=\"lazy\" decoding=\"async\" class=\"alignleft\" src=\"https:\/\/www.radiopiu.net\/wordpress\/wp-content\/uploads\/2023\/12\/croce-bianca-arabba.png\" width=\"127\" height=\"61\" \/><\/p>\n<p><strong>REDAZIONE<\/strong> La giornata del Suem 118 si \u00e8 aperta a Livinallongo con l\u2019impegno dei volontari della Croce Bianca di Arabba chiamati per un incidente stradale che ha coinvolto una donna di 38 anni, portata in ospedale.<\/p>\n<p>&nbsp;<\/p>\n<p>&nbsp;<\/p>\n<hr \/>\n<p>&nbsp;<\/p>\n<blockquote>\n<h2><img loading=\"lazy\" decoding=\"async\" class=\"alignleft\" src=\"https:\/\/www.radiopiu.net\/wordpress\/wp-content\/uploads\/2024\/04\/434748524_2492369524307727_8545745795541560368_n.jpg\" width=\"136\" height=\"182\" \/>Frane e smottamenti, Provincia in sopralluogo<\/h2>\n<\/blockquote>\n<p><strong>BELLUNO<\/strong> Tecnici della Provincia di Belluno in sopralluogo in diverse zone. Il maltempo di Pasqua e Pasquetta infatti ha lasciato diversi strascichi. Nessuna criticit\u00e0 particolare per l\u2019incolumit\u00e0 pubblica, ma alcuni movimenti, piccole frane e smottamenti.<br \/>\nIn particolare, due frane sulla Sp 3, in zona Rivamonte Agordino, una segnalazione di massi in movimento a Rocca Pietore, uno smottamento a Tambre e una leggera colata a Venas (localit\u00e0 Borgata Giau) dove \u00e8 stata verificata la tenuta delle opere di difesa realizzate nei mesi scorsi dalla Provincia. Al momento il settore Difesa del Suolo sta predisponendo l\u2019intervento a Venas, per svuotare le vasche di contenimento che risultano piene di detriti. E sta analizzando la situazione a Rocca Pietore: dagli accertamenti sar\u00e0 possibile decidere se stabilizzare i massi in movimento oppure rimuoverli. Sono in corso sopralluoghi su tutte le altre situazioni di dissesto segnalate.<\/p>\n<table>\n<thead>\n<tr>\n<th>Zona<\/th>\n<th>Criticit\u00e0<\/th>\n<th>Interventi in corso<\/th>\n<\/tr>\n<\/thead>\n<tbody>\n<tr>\n<td>Rivamonte Agordino<\/td>\n<td>Due frane sulla SP 3<\/td>\n<td>Verifica danni e possibile messa in sicurezza<\/td>\n<\/tr>\n<tr>\n<td>Rocca Pietore<\/td>\n<td>Massi in movimento<\/td>\n<td>Valutazione per stabilizzazione o rimozione<\/td>\n<\/tr>\n<tr>\n<td>Tambre<\/td>\n<td>Smottamento<\/td>\n<td>Analisi della situazione<\/td>\n<\/tr>\n<tr>\n<td>Venas (Borgata Giau)<\/td>\n<td>Leggera colata<\/td>\n<td>Intervento per svuotare le vasche di contenimento<\/td>\n<\/tr>\n<\/tbody>\n<\/table>\n<p>&nbsp;<\/p>\n<p>Il settore Difesa del Suolo della Provincia di Belluno sta attuando sopralluoghi su tutte le altre segnalazioni di dissesto per valutarne l&#8217;entit\u00e0 e predisporre eventuali interventi necessari.<\/p>\n<p>&nbsp;<\/p>\n<p>&nbsp;<\/p>\n<hr \/>\n<p>&nbsp;<\/p>\n<blockquote>\n<h3>CROLLA IL TETTO DELLA STORICA ABITAZIONE<\/h3>\n<\/blockquote>\n<p><strong>FELTRE<\/strong> La crescente precariet\u00e0 del patrimonio edilizio pubblico e privato porta all&#8217;intervento frequente dei vigili del fuoco per situazioni di rischio crollo, come accaduto ieri a via Donizetti, dove le piogge hanno causato il crollo del tetto di un&#8217;abitazione storica. La chiusura della strada al traffico \u00e8 necessaria in attesa delle decisioni dell&#8217;Ufficio tecnico comunale, mentre l&#8217;impegno del proprietario all&#8217;intervento di messa in sicurezza \u00e8 considerato positivo. Tuttavia, casi simili si moltiplicano sul territorio comunale, comportando disagi e sfide amministrative per garantire la sicurezza delle zone interessate, come dimostrano situazioni analoghe a Foen e Vignui.<\/p>\n<p>&nbsp;<\/p>\n<p>&nbsp;<\/p>\n<hr \/>\n<p>&nbsp;<\/p>\n<div class=\"page-title-head hgroup\">\n<blockquote>\n<h2 class=\"entry-title\">IN RICORDO DI GUIDOLIN DOROTEA (STAFFETTA MARY)<\/h2>\n<\/blockquote>\n<\/div>\n<div class=\"page-title-breadcrumbs\"><\/div>\n<p><a class=\"dt-pswp-item\" href=\"https:\/\/www.radiopiu.net\/wordpress\/wp-content\/uploads\/2024\/04\/SAVARIS.png\" data-dt-img-description=\"\" data-large_image_width=\"422\" data-large_image_height=\"317\"><img loading=\"lazy\" decoding=\"async\" class=\" wp-image-382248 alignleft\" src=\"https:\/\/www.radiopiu.net\/wordpress\/wp-content\/uploads\/2024\/04\/SAVARIS-300x225.png\" alt=\"\" width=\"324\" height=\"243\" srcset=\"https:\/\/www.radiopiu.net\/wordpress\/wp-content\/uploads\/2024\/04\/SAVARIS-300x225.png 300w, https:\/\/www.radiopiu.net\/wordpress\/wp-content\/uploads\/2024\/04\/SAVARIS.png 422w\" sizes=\"auto, (max-width: 324px) 100vw, 324px\" \/><\/a>Ciao \u201cMary\u201d. Staffetta Mary. Te ne sei andata dopo una lunga malattia a pochi mesi dai 100 anni di una vita tutta dedicata alla famiglia, lasciando a tutti quelli che ti hanno amato e conosciuto un dolce ricordo ed una profonda riconoscenza. Sei stata la sorella pi\u00f9 grande di una bella nidiata di figli, una moglie e poi una mamma, nonna e bisnonna meravigliosa. Grazie di tutto cara Dora, come tutti ti hanno conosciuta e chiamata in questa tua lunga vita terrena. La nostra immensa riconoscenza per\u00f2 \u00e8 strettamente legata alla tua giovinezza. Avevi 20 anni. Quando colui che sarebbe stato il tuo compagno di vita, spedito a combattere nella sciagurata avventura africana voluta dai governanti fascisti, era (fortunatamente!) prigioniero in un campo di concentramento inglese (dove giocava a pallavolo con un compagno di prigionia, un tale Fausto Coppi) ad Algeri, tu avevi gi\u00e0 scelto da che parte stare. Ovvero dall\u2019altra parte degli invasori tedeschi e dei loro complici italiani. E cos\u00ec con la spensieratezza consapevole dei tuoi 20 anni, da Longarone salita in bicicletta, andavi fino a Borgo Piave e li prendevi gli \u201cordini\u201d dal Comando <a class=\"dt-pswp-item\" href=\"https:\/\/www.radiopiu.net\/wordpress\/wp-content\/uploads\/2024\/04\/Senza-nome-3.png\" data-dt-img-description=\"\" data-large_image_width=\"227\" data-large_image_height=\"275\"><img loading=\"lazy\" decoding=\"async\" class=\"size-full wp-image-382256 alignright\" src=\"https:\/\/www.radiopiu.net\/wordpress\/wp-content\/uploads\/2024\/04\/Senza-nome-3.png\" alt=\"\" width=\"227\" height=\"275\" \/><\/a>partigiano di Belluno e ripartivi per Fortogna. Mai hai confessato dove li mettevi questi bigliettini (anche se possiamo ben immaginarlo) ma sappiamo che sei sempre riuscita a consegnarli ai partigiani(anche quelli molti della tua et\u00e0) che rifugiati nei boschi di Cajada scendevano in paese per ricevere proprio quegli ordini. E che dire della \u201ccomplicit\u00e0\u201d con i tuoi genitori per rifocillare i partigiani. Il casello ferroviario di Fortogna era strategico allo scopo. La porta e le finestre della facciata anteriore guardavano la ferrovia. Ma dietro, una finestra dava direttamente sui prati e, da questi, al bosco. E quante volte \u00e8 capitato che dopo aver mangiato un piatto di ministra calda, al primo segnale di allarme per l\u2019 arrivo dei tedeschi e dei fascisti, i partigiani uscissero proprio da quella finestra per dileguarsi nella notte. E quante volte all\u2019arrivo degli aerei degli alleati ti sei caricato sulle spalle il fratellino pi\u00f9 piccolo per ripararti dentro un anfratto della montagna proprio dietro il vecchio cimitero di Fortogna. Oggi fortunatamente i ventenni studiano, si divertono, lavorano. Tutti noi viviamo in una democrazia, anche se imperfetta. E la storia insegna che anche la peggiore delle democrazie \u00e8 sempre meglio della migliore delle dittature. Ed oggi che il mondo e anche la nostra democrazia \u00e8 inquinata da nostalgiche esperienze del passato, mi auguro che il Tuo esempio possa far riflettere<br \/>\nsoprattutto i giovani, vero investimento per un futuro sempre migliore delle democrazie. Per ringraziarti il 25 aprile del 2015, in occasione del 70\u00b0 Anniversario della Liberazione, il Comune di Longarone ha voluto conferire a Te e ai tuoi compagni partigiani un Attestato di Benemerenza \u201cPer la partecipazione alla lotta partigiana che nel 1945 port\u00f2 alla libert\u00e0 e successivamente alla democrazia dell\u2019Italia\u201d\u00a0 Ciao \u201cMary\u201d. Staffetta Mary.<\/p>\n<p>I TUOI CARI<\/p>\n<p>&nbsp;<\/p>\n<p><strong>DI GIANNI SANTOMASO<\/strong><\/p>\n<audio class=\"wp-audio-shortcode\" id=\"audio-382126-6\" preload=\"none\" style=\"width: 100%;\" controls=\"controls\"><source type=\"audio\/mpeg\" src=\"https:\/\/www.radiopiu.net\/wordpress\/wp-content\/uploads\/2024\/04\/GIANNI-DOROTEA-GUIDOLIN.mp3?_=6\" \/><a href=\"https:\/\/www.radiopiu.net\/wordpress\/wp-content\/uploads\/2024\/04\/GIANNI-DOROTEA-GUIDOLIN.mp3\">https:\/\/www.radiopiu.net\/wordpress\/wp-content\/uploads\/2024\/04\/GIANNI-DOROTEA-GUIDOLIN.mp3<\/a><\/audio>\n<p>&nbsp;<\/p>\n<blockquote>\n<h3>IL MESSAGGIO DI CORDOGLIO DEL PRESIDENTE DELLA PROVINCIA ROBERTO PADRIN PER LA SCOMPARSA DI DOROTEA GUIDOLIN<\/h3>\n<\/blockquote>\n<p><strong><a class=\"dt-pswp-item\" href=\"https:\/\/www.radiopiu.net\/wordpress\/wp-content\/uploads\/2024\/04\/PHOTO-2024-04-02-15-27-57.jpg\" data-dt-img-description=\"\" data-large_image_width=\"2048\" data-large_image_height=\"1374\"><img loading=\"lazy\" decoding=\"async\" class=\"size-medium wp-image-382286 alignleft\" src=\"https:\/\/www.radiopiu.net\/wordpress\/wp-content\/uploads\/2024\/04\/PHOTO-2024-04-02-15-27-57-300x201.jpg\" alt=\"\" width=\"300\" height=\"201\" srcset=\"https:\/\/www.radiopiu.net\/wordpress\/wp-content\/uploads\/2024\/04\/PHOTO-2024-04-02-15-27-57-300x201.jpg 300w, https:\/\/www.radiopiu.net\/wordpress\/wp-content\/uploads\/2024\/04\/PHOTO-2024-04-02-15-27-57-1024x687.jpg 1024w, https:\/\/www.radiopiu.net\/wordpress\/wp-content\/uploads\/2024\/04\/PHOTO-2024-04-02-15-27-57-768x515.jpg 768w, https:\/\/www.radiopiu.net\/wordpress\/wp-content\/uploads\/2024\/04\/PHOTO-2024-04-02-15-27-57-1536x1031.jpg 1536w, https:\/\/www.radiopiu.net\/wordpress\/wp-content\/uploads\/2024\/04\/PHOTO-2024-04-02-15-27-57.jpg 2048w\" sizes=\"auto, (max-width: 300px) 100vw, 300px\" \/><\/a>BELLUNO<\/strong> \u00abLa storia della Resistenza \u00e8 la somma di tante piccole storie che nel Bellunese \u00e8 stata scritta da donne e uomini coraggiosi, appena ragazzi perlopi\u00f9, in grado di lasciare un ricordo indelebile. \u00c8 cos\u00ec anche per Dorotea, a cui va il mio ricordo affettuoso\u00bb. Cos\u00ec il presidente della Provincia e sindaco di Longarone Roberto Padrin, alla vigilia di una cerimonia funebre, a cremazione avvenuta, per Dorotea Guidolin, gi\u00e0 staffetta partigiana, mancata a poche settimane dal compimento dei 100 anni. \u00abIl 25 aprile del 2015, a Longarone, avevamo organizzato una piccola cerimonia di consegna degli attestati di benemerenza ai longaronesi che avevano partecipato alla lotta di liberazione. Tra coloro che ricevettero la pergamena, una decina di partigiani ancora in vita in quegli anni, c\u2019era anche Dorotea. Ricordo la sua commozione composta e la lucidit\u00e0 nel ricordare quei momenti bui della storia d\u2019Italia, coraggiosi nella storia di tanti ragazzi e ragazze dell\u2019epoca. Ai famigliari di Dorotea, al figlio Bruno gi\u00e0 collega sindaco, e ai suoi fratelli Antimo, Paola e Paolo, un abbraccio sincero\u00bb.<\/p>\n<p>&nbsp;<\/p>\n<p>&nbsp;<\/p>\n<hr \/>\n<p>&nbsp;<\/p>\n<p>&nbsp;<\/p>\n<blockquote>\n<h3><a class=\"dt-pswp-item\" href=\"https:\/\/www.radiopiu.net\/wordpress\/wp-content\/uploads\/2024\/04\/Senza-nome-4.png\" data-dt-img-description=\"\" data-large_image_width=\"377\" data-large_image_height=\"398\"><img loading=\"lazy\" decoding=\"async\" class=\"wp-image-382332 alignleft\" src=\"https:\/\/www.radiopiu.net\/wordpress\/wp-content\/uploads\/2024\/04\/Senza-nome-4-284x300.png\" alt=\"\" width=\"96\" height=\"102\" srcset=\"https:\/\/www.radiopiu.net\/wordpress\/wp-content\/uploads\/2024\/04\/Senza-nome-4-284x300.png 284w, https:\/\/www.radiopiu.net\/wordpress\/wp-content\/uploads\/2024\/04\/Senza-nome-4.png 377w\" sizes=\"auto, (max-width: 96px) 100vw, 96px\" \/><\/a>ADDIO LUIGI, AMATO INFERMIERE DELLA GERIATRIA<\/h3>\n<\/blockquote>\n<div class=\"flex-1 overflow-hidden\">\n<div class=\"react-scroll-to-bottom--css-ywwkd-79elbk h-full\">\n<div class=\"react-scroll-to-bottom--css-ywwkd-1n7m0yu\">\n<div class=\"flex flex-col text-sm pb-9\">\n<div class=\"w-full text-token-text-primary\" data-testid=\"conversation-turn-21\">\n<div class=\"px-4 py-2 justify-center text-base md:gap-6 m-auto\">\n<div class=\"flex flex-1 text-base mx-auto gap-3 md:px-5 lg:px-1 xl:px-5 md:max-w-3xl lg:max-w-[40rem] xl:max-w-[48rem] group final-completion\">\n<div class=\"relative flex w-full flex-col agent-turn\">\n<div class=\"flex-col gap-1 md:gap-3\">\n<div class=\"flex flex-grow flex-col max-w-full\">\n<div class=\"min-h-[20px] text-message flex flex-col items-start gap-3 whitespace-pre-wrap break-words [.text-message+&amp;]:mt-5 overflow-x-auto\" data-message-author-role=\"assistant\" data-message-id=\"a5c94b05-fe38-4a3f-a986-4d0d2bf6260e\">\n<div class=\"markdown prose w-full break-words dark:prose-invert dark\">\n<p><strong>FELTRE<\/strong> Luigi Della Monica, stimato infermiere della Geriatria presso il Santa Maria del Prato, viene ricordato per il suo spirito partenopeo, la generosit\u00e0 e l&#8217;attenzione verso i pazienti. La sua prematura scomparsa lascia un vuoto nel reparto, dove ha lavorato con dedizione per molti anni, portando allegria e professionalit\u00e0. I funerali si terranno domani nella chiesa parrocchiale di Vellai, dove verr\u00e0 commemorato il suo contributo significativo alla comunit\u00e0 e al mondo sanitario.<\/p>\n<\/div>\n<\/div>\n<\/div>\n<\/div>\n<\/div>\n<\/div>\n<\/div>\n<\/div>\n<\/div>\n<\/div>\n<\/div>\n<\/div>\n<blockquote>\n<h3><strong style=\"font-size: 14px;\">BELLUNO<\/strong><span style=\"font-size: 14px; font-weight: normal;\"> L\u2019Ulss Dolomiti porge le pi\u00f9 sentite condoglianze ed esprime vicinanza alla famiglia, ai colleghi e agli amici di Luigi Della Monica, apprezzato infermiere dell\u2019Azienda, dipendente dell&#8217;Ulss Dolomiti dal 1991<\/span><\/h3>\n<\/blockquote>\n<p>&nbsp;<\/p>\n<p>&nbsp;<\/p>\n<hr \/>\n<p>&nbsp;<\/p>\n<blockquote>\n<h3>SETTE VILLE, SALVATA UNA CAPRA INCRODATA<\/h3>\n<\/blockquote>\n<p><strong>SETTE VILLE<\/strong> Una capra incrodata sopra la galleria di Vas nel comune di Sette Ville \u00e8 stata salvata dai vigili del fuoco marted\u00ec mattina. La capra probabilmente spinta da un animale selvatico \u00e8 finita su uno sperone roccioso non riuscendo pi\u00f9 a tornare indietro e raggiungere il proprio gregge. I vigili del fuoco accorsi da Feltre e Belluno con il personale SAF (Speleo Alpino Fluviale) del comando hanno predisposto un\u2019operazione di recupero. La capra \u00e8 stata raggiunta da due operatori che l\u2019hanno imbragata e poi calata alla base della parete rocciosa. L\u2019animale sano \u00e8 salvo \u00e8 stato riconsegnato al pastore.<\/p>\n\n\t\t\t<style type='text\/css'>\n\t\t\t\t#gallery-2 {\n\t\t\t\t\tmargin: auto;\n\t\t\t\t}\n\t\t\t\t#gallery-2 .gallery-item {\n\t\t\t\t\tfloat: left;\n\t\t\t\t\tmargin-top: 10px;\n\t\t\t\t\ttext-align: center;\n\t\t\t\t\twidth: 20%;\n\t\t\t\t}\n\t\t\t\t#gallery-2 img {\n\t\t\t\t\tborder: 2px solid #cfcfcf;\n\t\t\t\t}\n\t\t\t\t#gallery-2 .gallery-caption {\n\t\t\t\t\tmargin-left: 0;\n\t\t\t\t}\n\t\t\t\t\/* see gallery_shortcode() in wp-includes\/media.php *\/\n\t\t\t<\/style>\n\t\t<div id='gallery-2' class='dt-gallery-container gallery galleryid-382126 gallery-columns-5 gallery-size-thumbnail'><dl class='gallery-item'>\n\t\t\t\t<dt class='gallery-icon portrait'>\n\t\t\t\t\t<a class=\"rollover rollover-zoom dt-pswp-item\" title=\"9d4b7f76-7872-4823-b738-a2f864d1cf5c\" data-dt-img-description=\"\" data-large_image_width=\"960\" data-large_image_height=\"1280\"href='https:\/\/www.radiopiu.net\/wordpress\/wp-content\/uploads\/2024\/04\/9d4b7f76-7872-4823-b738-a2f864d1cf5c.jpg'><img loading=\"lazy\" decoding=\"async\" width=\"150\" height=\"150\" src=\"https:\/\/www.radiopiu.net\/wordpress\/wp-content\/uploads\/2024\/04\/9d4b7f76-7872-4823-b738-a2f864d1cf5c-150x150.jpg\" class=\"attachment-thumbnail size-thumbnail\" alt=\"\" \/><\/a>\n\t\t\t\t<\/dt><\/dl><dl class='gallery-item'>\n\t\t\t\t<dt class='gallery-icon landscape'>\n\t\t\t\t\t<a class=\"rollover rollover-zoom dt-pswp-item\" title=\"27be2522-3214-42f9-bcc6-b551ccef1d54\" data-dt-img-description=\"\" data-large_image_width=\"1280\" data-large_image_height=\"960\"href='https:\/\/www.radiopiu.net\/wordpress\/wp-content\/uploads\/2024\/04\/27be2522-3214-42f9-bcc6-b551ccef1d54.jpg'><img loading=\"lazy\" decoding=\"async\" width=\"150\" height=\"150\" src=\"https:\/\/www.radiopiu.net\/wordpress\/wp-content\/uploads\/2024\/04\/27be2522-3214-42f9-bcc6-b551ccef1d54-150x150.jpg\" class=\"attachment-thumbnail size-thumbnail\" alt=\"\" \/><\/a>\n\t\t\t\t<\/dt><\/dl><dl class='gallery-item'>\n\t\t\t\t<dt class='gallery-icon portrait'>\n\t\t\t\t\t<a class=\"rollover rollover-zoom dt-pswp-item\" title=\"35c2eae3-4d90-42c4-98c9-07ae8e749b2d\" data-dt-img-description=\"\" data-large_image_width=\"960\" data-large_image_height=\"1280\"href='https:\/\/www.radiopiu.net\/wordpress\/wp-content\/uploads\/2024\/04\/35c2eae3-4d90-42c4-98c9-07ae8e749b2d.jpg'><img loading=\"lazy\" decoding=\"async\" width=\"150\" height=\"150\" src=\"https:\/\/www.radiopiu.net\/wordpress\/wp-content\/uploads\/2024\/04\/35c2eae3-4d90-42c4-98c9-07ae8e749b2d-150x150.jpg\" class=\"attachment-thumbnail size-thumbnail\" alt=\"\" \/><\/a>\n\t\t\t\t<\/dt><\/dl><dl class='gallery-item'>\n\t\t\t\t<dt class='gallery-icon portrait'>\n\t\t\t\t\t<a class=\"rollover rollover-zoom dt-pswp-item\" title=\"46470a2a-599a-4961-b154-975a7f93795f\" data-dt-img-description=\"\" data-large_image_width=\"960\" data-large_image_height=\"1280\"href='https:\/\/www.radiopiu.net\/wordpress\/wp-content\/uploads\/2024\/04\/46470a2a-599a-4961-b154-975a7f93795f.jpg'><img loading=\"lazy\" decoding=\"async\" width=\"150\" height=\"150\" src=\"https:\/\/www.radiopiu.net\/wordpress\/wp-content\/uploads\/2024\/04\/46470a2a-599a-4961-b154-975a7f93795f-150x150.jpg\" class=\"attachment-thumbnail size-thumbnail\" alt=\"\" \/><\/a>\n\t\t\t\t<\/dt><\/dl><dl class='gallery-item'>\n\t\t\t\t<dt class='gallery-icon portrait'>\n\t\t\t\t\t<a class=\"rollover rollover-zoom dt-pswp-item\" title=\"da787b06-0fb9-4914-9594-e69e74058626\" data-dt-img-description=\"\" data-large_image_width=\"960\" data-large_image_height=\"1280\"href='https:\/\/www.radiopiu.net\/wordpress\/wp-content\/uploads\/2024\/04\/da787b06-0fb9-4914-9594-e69e74058626.jpg'><img loading=\"lazy\" decoding=\"async\" width=\"150\" height=\"150\" src=\"https:\/\/www.radiopiu.net\/wordpress\/wp-content\/uploads\/2024\/04\/da787b06-0fb9-4914-9594-e69e74058626-150x150.jpg\" class=\"attachment-thumbnail size-thumbnail\" alt=\"\" \/><\/a>\n\t\t\t\t<\/dt><\/dl><br style=\"clear: both\" \/>\n\t\t\t<\/div>\n\n<p>&nbsp;<\/p>\n<div style=\"width: 848px;\" class=\"wp-video\"><video class=\"wp-video-shortcode\" id=\"video-382126-2\" width=\"848\" height=\"480\" preload=\"metadata\" controls=\"controls\"><source type=\"video\/mp4\" src=\"https:\/\/www.radiopiu.net\/wordpress\/wp-content\/uploads\/2024\/04\/WhatsApp-Video-2024-04-02-at-19.42.23.mp4?_=2\" \/><a href=\"https:\/\/www.radiopiu.net\/wordpress\/wp-content\/uploads\/2024\/04\/WhatsApp-Video-2024-04-02-at-19.42.23.mp4\">https:\/\/www.radiopiu.net\/wordpress\/wp-content\/uploads\/2024\/04\/WhatsApp-Video-2024-04-02-at-19.42.23.mp4<\/a><\/video><\/div>\n<p>&nbsp;<\/p>\n<hr \/>\n<p>&nbsp;<\/p>\n<blockquote>\n<h3>GRANDINATA IN VALBELLUNA<\/h3>\n<\/blockquote>\n<p><strong>REDAZIONE<\/strong> Sulla chat Telegram VPB &#8211; Viabilit\u00e0 Provincia di Belluno non sono mancate le segnalazione di una grandinata che ha colpito la Valbelluna.<\/p>\n\n\t\t\t<style type='text\/css'>\n\t\t\t\t#gallery-3 {\n\t\t\t\t\tmargin: auto;\n\t\t\t\t}\n\t\t\t\t#gallery-3 .gallery-item {\n\t\t\t\t\tfloat: left;\n\t\t\t\t\tmargin-top: 10px;\n\t\t\t\t\ttext-align: center;\n\t\t\t\t\twidth: 20%;\n\t\t\t\t}\n\t\t\t\t#gallery-3 img {\n\t\t\t\t\tborder: 2px solid #cfcfcf;\n\t\t\t\t}\n\t\t\t\t#gallery-3 .gallery-caption {\n\t\t\t\t\tmargin-left: 0;\n\t\t\t\t}\n\t\t\t\t\/* see gallery_shortcode() in wp-includes\/media.php *\/\n\t\t\t<\/style>\n\t\t<div id='gallery-3' class='dt-gallery-container gallery galleryid-382126 gallery-columns-5 gallery-size-thumbnail'><dl class='gallery-item'>\n\t\t\t\t<dt class='gallery-icon portrait'>\n\t\t\t\t\t<a class=\"rollover rollover-zoom dt-pswp-item\" title=\"0051a58f-ba21-4957-8b4d-8f1fefa73740\" data-dt-img-description=\"\" data-large_image_width=\"600\" data-large_image_height=\"800\"href='https:\/\/www.radiopiu.net\/wordpress\/wp-content\/uploads\/2024\/04\/0051a58f-ba21-4957-8b4d-8f1fefa73740.jpg'><img loading=\"lazy\" decoding=\"async\" width=\"150\" height=\"150\" src=\"https:\/\/www.radiopiu.net\/wordpress\/wp-content\/uploads\/2024\/04\/0051a58f-ba21-4957-8b4d-8f1fefa73740-150x150.jpg\" class=\"attachment-thumbnail size-thumbnail\" alt=\"\" \/><\/a>\n\t\t\t\t<\/dt><\/dl><dl class='gallery-item'>\n\t\t\t\t<dt class='gallery-icon landscape'>\n\t\t\t\t\t<a class=\"rollover rollover-zoom dt-pswp-item\" title=\"photo1712075559\" data-dt-img-description=\"\" data-large_image_width=\"1280\" data-large_image_height=\"960\"href='https:\/\/www.radiopiu.net\/wordpress\/wp-content\/uploads\/2024\/04\/photo1712075559.jpeg'><img loading=\"lazy\" decoding=\"async\" width=\"150\" height=\"150\" src=\"https:\/\/www.radiopiu.net\/wordpress\/wp-content\/uploads\/2024\/04\/photo1712075559-150x150.jpeg\" class=\"attachment-thumbnail size-thumbnail\" alt=\"\" \/><\/a>\n\t\t\t\t<\/dt><\/dl><dl class='gallery-item'>\n\t\t\t\t<dt class='gallery-icon portrait'>\n\t\t\t\t\t<a class=\"rollover rollover-zoom dt-pswp-item\" title=\"5be50ad2-a2fe-4604-8d1e-0ccf09eaf502\" data-dt-img-description=\"\" data-large_image_width=\"960\" data-large_image_height=\"1280\"href='https:\/\/www.radiopiu.net\/wordpress\/wp-content\/uploads\/2024\/04\/5be50ad2-a2fe-4604-8d1e-0ccf09eaf502.jpg'><img loading=\"lazy\" decoding=\"async\" width=\"150\" height=\"150\" src=\"https:\/\/www.radiopiu.net\/wordpress\/wp-content\/uploads\/2024\/04\/5be50ad2-a2fe-4604-8d1e-0ccf09eaf502-150x150.jpg\" class=\"attachment-thumbnail size-thumbnail\" alt=\"\" \/><\/a>\n\t\t\t\t<\/dt><\/dl><dl class='gallery-item'>\n\t\t\t\t<dt class='gallery-icon portrait'>\n\t\t\t\t\t<a class=\"rollover rollover-zoom dt-pswp-item\" title=\"43372c68-f7ac-4790-acb3-69c2c42425c2\" data-dt-img-description=\"\" data-large_image_width=\"720\" data-large_image_height=\"1280\"href='https:\/\/www.radiopiu.net\/wordpress\/wp-content\/uploads\/2024\/04\/43372c68-f7ac-4790-acb3-69c2c42425c2.jpg'><img loading=\"lazy\" decoding=\"async\" width=\"150\" height=\"150\" src=\"https:\/\/www.radiopiu.net\/wordpress\/wp-content\/uploads\/2024\/04\/43372c68-f7ac-4790-acb3-69c2c42425c2-150x150.jpg\" class=\"attachment-thumbnail size-thumbnail\" alt=\"\" \/><\/a>\n\t\t\t\t<\/dt><\/dl><dl class='gallery-item'>\n\t\t\t\t<dt class='gallery-icon portrait'>\n\t\t\t\t\t<a class=\"rollover rollover-zoom dt-pswp-item\" title=\"d4741a39-d5fd-4a52-828d-3af639965f29\" data-dt-img-description=\"\" data-large_image_width=\"720\" data-large_image_height=\"1280\"href='https:\/\/www.radiopiu.net\/wordpress\/wp-content\/uploads\/2024\/04\/d4741a39-d5fd-4a52-828d-3af639965f29.jpg'><img loading=\"lazy\" decoding=\"async\" width=\"150\" height=\"150\" src=\"https:\/\/www.radiopiu.net\/wordpress\/wp-content\/uploads\/2024\/04\/d4741a39-d5fd-4a52-828d-3af639965f29-150x150.jpg\" class=\"attachment-thumbnail size-thumbnail\" alt=\"\" \/><\/a>\n\t\t\t\t<\/dt><\/dl><br style=\"clear: both\" \/>\n\t\t\t<\/div>\n\n<p>&nbsp;<\/p>\n<p>Una violenza grandinata si \u00e8 abbattuta ieri pomeriggio sulla Valbelluna, colpendo in particolare Limana. I chicchi di ghiaccio hanno letteralmente coperto il terreno nei punti pi\u00f9 colpiti, danneggiando piante e giardini. Luned\u00ec nella tarda serata un analogo temporale in Valbelluna era stato accompagnato da una grandinata alle porte di Feltre.<\/p>\n<p>&nbsp;<\/p>\n<p><strong>VIDEO &#8211; VIA DEL BOSCON E LIMANA<\/strong><\/p>\n<div style=\"width: 848px;\" class=\"wp-video\"><video class=\"wp-video-shortcode\" id=\"video-382126-3\" width=\"848\" height=\"480\" preload=\"metadata\" controls=\"controls\"><source type=\"video\/mp4\" src=\"https:\/\/www.radiopiu.net\/wordpress\/wp-content\/uploads\/2024\/04\/WhatsApp-Video-2024-04-02-at-18.16.13.mp4?_=3\" \/><a href=\"https:\/\/www.radiopiu.net\/wordpress\/wp-content\/uploads\/2024\/04\/WhatsApp-Video-2024-04-02-at-18.16.13.mp4\">https:\/\/www.radiopiu.net\/wordpress\/wp-content\/uploads\/2024\/04\/WhatsApp-Video-2024-04-02-at-18.16.13.mp4<\/a><\/video><\/div>\n<p>&nbsp;<\/p>\n<p>&nbsp;<\/p>\n<p>&nbsp;<\/p>\n<hr \/>\n<p>&nbsp;<\/p>\n<h1 class=\"_title post-title entry-title\">\u00a0ALLARME LUPO: DOPO ALLEGHE ANCHE A CAMPOLONGO<\/h1>\n<p><strong class=\"photoswipe-wrapper\"><a class=\"dt-pswp-item pspw-wrap-ready\" href=\"https:\/\/www.radiopiu.net\/wordpress\/wp-content\/uploads\/2024\/01\/Senza-nome-34.png\" data-dt-img-description=\"\" data-large_image_width=\"239\" data-large_image_height=\"153\"><img loading=\"lazy\" decoding=\"async\" class=\"wp-image-369478 alignleft\" src=\"https:\/\/www.radiopiu.net\/wordpress\/wp-content\/uploads\/2024\/01\/Senza-nome-34.png\" alt=\"\" width=\"128\" height=\"82\" \/><\/a><\/strong><\/p>\n<h1 class=\"_title post-title entry-title\"><\/h1>\n<p><strong>dal TG BELLUNESE di\u00a0 ANTENNA 3 ogni sera alle 19.30 sul canale 10 del digitale terrestre e alle 19 le anticipazioni alla radio.\u00a0\u00a0<\/strong><\/p>\n<p>&nbsp;<\/p>\n<p>(Servizio di\u00a0<a href=\"https:\/\/antennatre.medianordest.it\/redazione\/Fabio-Fioravanzi\/\">Fabio Fioravanzi<\/a>)<\/p>\n<p><iframe loading=\"lazy\" title=\"ALLARME LUPO: DOPO ALLEGHE ANCHE A CAMPOLONGO | 02\/04\/2024\" width=\"1200\" height=\"675\" src=\"https:\/\/www.youtube.com\/embed\/nkZkGtFOJdw?feature=oembed\" frameborder=\"0\" allow=\"accelerometer; autoplay; clipboard-write; encrypted-media; gyroscope; picture-in-picture; web-share\" referrerpolicy=\"strict-origin-when-cross-origin\" allowfullscreen><\/iframe><\/p>\n<p>&nbsp;<\/p>\n<p>&nbsp;<\/p>\n<hr \/>\n<p>&nbsp;<\/p>\n<blockquote>\n<h3 class=\"entry-title\">DILLO A RADIO PIU\u2019\u2026 VALPE DOVE SEI? VALPE \u201cSIAMO QUI SE VI FATE TROVARE\u201d<\/h3>\n<\/blockquote>\n<p><strong>REDAZIONE<\/strong>\u00a0Botta a risposta, una nostra ascoltratrice lamenta mancate risposte di Valpe, ma abbiamo sentito l\u2019azienda che ci ha dato una risposta chiara sul fatto che vorrebbero parlare con la persona, ma sarebbe introvabile.<\/p>\n<p><strong>LA LETTERA<\/strong><br \/>\nIl fatto si \u00e8 svolto a Caviola due mesi fa: un operatore passato per raccogliere i rifiuti facendo manovra \u00e8 andato a sbattere sul muro di un immobile, di propriet\u00e0 dei miei genitori, sfondando la tapparella e danneggiando visibilmente il muro. Dopodich\u00e9 sarebbe partito facendo finta di niente, se non fosse stato per l\u2019inquilino che lo ha fermato e si \u00e8 fatto dare i suoi dati. L\u2019autista del mezzo ha detto che Valpe ci avrebbe ricontattati ma questo non \u00e8 avvenuto. Da qui \u00e8 iniziata tutta una serie di tentativi da parte mia di venire a capo della questione, ma nonostante svariate mail, pec, chiamate al servizio clienti in cui mi hanno assicurato che saremmo stati ricontattati per fare la constatazione amichevole, non \u00e8\u00a0<img loading=\"lazy\" decoding=\"async\" class=\"alignleft\" src=\"https:\/\/www.radiopiu.net\/wordpress\/wp-content\/uploads\/2021\/10\/VALPE.png\" width=\"291\" height=\"146\" \/>successo un bel niente e ormai stiamo perdendo le speranze di vedere il nostro danno risarcito.\u00a0 Lorenza<\/p>\n<p><strong>LA RISPOSTA DI VALPE<\/strong>:\u00a0 Pi\u00f9 volte il personale ha provato a contattare telefonicamente l\u2019utenza per la firma del modulo che consente di procedere con la segnalazione del sinistro all\u2019assicurazione, ma senza risultato. Questo gioved\u00ec l\u2019operatore addetto al servizio di raccolta in quelle zone passer\u00e0 direttamente presso l\u2019abitazione in questione con la speranza di riuscire a trovare l\u2019utente che non riescono a contattare in altro modo.<\/p>\n<p>&nbsp;<\/p>\n<p>&nbsp;<\/p>\n<hr \/>\n<p>&nbsp;<\/p>\n<blockquote>\n<h3>VIA LIBERA ALLO SPRAY URTICANTE PER LA POLIZIA LOCALE<\/h3>\n<\/blockquote>\n<p><strong><a class=\"dt-pswp-item\" href=\"https:\/\/www.radiopiu.net\/wordpress\/wp-content\/uploads\/2022\/11\/CENCENIGHE-NOF-FILO.png\" data-dt-img-description=\"\" data-large_image_width=\"1494\" data-large_image_height=\"962\"><img loading=\"lazy\" decoding=\"async\" class=\" wp-image-308445 alignleft\" src=\"https:\/\/www.radiopiu.net\/wordpress\/wp-content\/uploads\/2022\/11\/CENCENIGHE-NOF-FILO-300x193.png\" alt=\"\" width=\"157\" height=\"101\" srcset=\"https:\/\/www.radiopiu.net\/wordpress\/wp-content\/uploads\/2022\/11\/CENCENIGHE-NOF-FILO-300x193.png 300w, https:\/\/www.radiopiu.net\/wordpress\/wp-content\/uploads\/2022\/11\/CENCENIGHE-NOF-FILO-1024x659.png 1024w, https:\/\/www.radiopiu.net\/wordpress\/wp-content\/uploads\/2022\/11\/CENCENIGHE-NOF-FILO-768x495.png 768w, https:\/\/www.radiopiu.net\/wordpress\/wp-content\/uploads\/2022\/11\/CENCENIGHE-NOF-FILO.png 1494w\" sizes=\"auto, (max-width: 157px) 100vw, 157px\" \/><\/a>CENCENIGHE<\/strong><\/p>\n<p>DI GIANNI SANTOMASO<\/p>\n<audio class=\"wp-audio-shortcode\" id=\"audio-382126-7\" preload=\"none\" style=\"width: 100%;\" controls=\"controls\"><source type=\"audio\/mpeg\" src=\"https:\/\/www.radiopiu.net\/wordpress\/wp-content\/uploads\/2024\/04\/GIANNI-LE-NOVITA-DAL-CONSIGLIO-COMUNALE-DI-CENCENIGHE.mp3?_=7\" \/><a href=\"https:\/\/www.radiopiu.net\/wordpress\/wp-content\/uploads\/2024\/04\/GIANNI-LE-NOVITA-DAL-CONSIGLIO-COMUNALE-DI-CENCENIGHE.mp3\">https:\/\/www.radiopiu.net\/wordpress\/wp-content\/uploads\/2024\/04\/GIANNI-LE-NOVITA-DAL-CONSIGLIO-COMUNALE-DI-CENCENIGHE.mp3<\/a><\/audio>\n<p>&nbsp;<\/p>\n<hr \/>\n<p>&nbsp;<\/p>\n<blockquote>\n<h3>L&#8217;IMPORTANZA DEI LAVORI SULLA SP 251 DELLA VAL DI ZOLDO<\/h3>\n<\/blockquote>\n<p><strong>VENEZIA<\/strong> Nel 2021, i servizi forestali della Regione Veneto intervennero con successo dopo uno smottamento, proteggendo la Strada Provinciale 251 a Val di Zoldo. Quest&#8217;azione ha impedito che la strada fosse nuovamente invasa da detriti durante il recente maltempo. Nonostante la competenza spetti alla Provincia, la Regione ha agito prontamente, utilizzando fondi demaniali per interventi idrogeologici. Il cantiere, finanziato con 260.000 euro, ha messo in sicurezza l&#8217;area colpita dall&#8217;alluvione di febbraio 2021. Il Sindaco di Val di Zoldo ha confermato l&#8217;efficacia delle reti e delle protezioni nell&#8217;assorbire l&#8217;energia della colata, come comunicato dall&#8217;assessore alla protezione civile del Veneto, Gianpaolo Bottacin sulla sua pagina Facebook.<\/p>\n<p><strong>GIANPAOLO BOTTACIN<\/strong><\/p>\n<audio class=\"wp-audio-shortcode\" id=\"audio-382126-8\" preload=\"none\" style=\"width: 100%;\" controls=\"controls\"><source type=\"audio\/mpeg\" src=\"https:\/\/www.radiopiu.net\/wordpress\/wp-content\/uploads\/2024\/04\/BOTTACIN.mp3?_=8\" \/><a href=\"https:\/\/www.radiopiu.net\/wordpress\/wp-content\/uploads\/2024\/04\/BOTTACIN.mp3\">https:\/\/www.radiopiu.net\/wordpress\/wp-content\/uploads\/2024\/04\/BOTTACIN.mp3<\/a><\/audio>\n<p>&nbsp;<\/p>\n\n\t\t\t<style type='text\/css'>\n\t\t\t\t#gallery-4 {\n\t\t\t\t\tmargin: auto;\n\t\t\t\t}\n\t\t\t\t#gallery-4 .gallery-item {\n\t\t\t\t\tfloat: left;\n\t\t\t\t\tmargin-top: 10px;\n\t\t\t\t\ttext-align: center;\n\t\t\t\t\twidth: 20%;\n\t\t\t\t}\n\t\t\t\t#gallery-4 img {\n\t\t\t\t\tborder: 2px solid #cfcfcf;\n\t\t\t\t}\n\t\t\t\t#gallery-4 .gallery-caption {\n\t\t\t\t\tmargin-left: 0;\n\t\t\t\t}\n\t\t\t\t\/* see gallery_shortcode() in wp-includes\/media.php *\/\n\t\t\t<\/style>\n\t\t<div id='gallery-4' class='dt-gallery-container gallery galleryid-382126 gallery-columns-5 gallery-size-thumbnail'><dl class='gallery-item'>\n\t\t\t\t<dt class='gallery-icon landscape'>\n\t\t\t\t\t<a class=\"rollover rollover-zoom dt-pswp-item\" title=\"b3d2ffd6-5827-490b-a8e3-2167121a1372\" data-dt-img-description=\"\" data-large_image_width=\"643\" data-large_image_height=\"643\"href='https:\/\/www.radiopiu.net\/wordpress\/wp-content\/uploads\/2024\/04\/b3d2ffd6-5827-490b-a8e3-2167121a1372.jpg'><img loading=\"lazy\" decoding=\"async\" width=\"150\" height=\"150\" src=\"https:\/\/www.radiopiu.net\/wordpress\/wp-content\/uploads\/2024\/04\/b3d2ffd6-5827-490b-a8e3-2167121a1372-150x150.jpg\" class=\"attachment-thumbnail size-thumbnail\" alt=\"\" srcset=\"https:\/\/www.radiopiu.net\/wordpress\/wp-content\/uploads\/2024\/04\/b3d2ffd6-5827-490b-a8e3-2167121a1372-150x150.jpg 150w, https:\/\/www.radiopiu.net\/wordpress\/wp-content\/uploads\/2024\/04\/b3d2ffd6-5827-490b-a8e3-2167121a1372-300x300.jpg 300w, https:\/\/www.radiopiu.net\/wordpress\/wp-content\/uploads\/2024\/04\/b3d2ffd6-5827-490b-a8e3-2167121a1372.jpg 643w\" sizes=\"auto, (max-width: 150px) 100vw, 150px\" \/><\/a>\n\t\t\t\t<\/dt><\/dl><dl class='gallery-item'>\n\t\t\t\t<dt class='gallery-icon landscape'>\n\t\t\t\t\t<a class=\"rollover rollover-zoom dt-pswp-item\" title=\"c17d2069-22df-44e8-b1ca-5f5b82cb0f2a\" data-dt-img-description=\"\" data-large_image_width=\"498\" data-large_image_height=\"498\"href='https:\/\/www.radiopiu.net\/wordpress\/wp-content\/uploads\/2024\/04\/c17d2069-22df-44e8-b1ca-5f5b82cb0f2a.jpg'><img loading=\"lazy\" decoding=\"async\" width=\"150\" height=\"150\" src=\"https:\/\/www.radiopiu.net\/wordpress\/wp-content\/uploads\/2024\/04\/c17d2069-22df-44e8-b1ca-5f5b82cb0f2a-150x150.jpg\" class=\"attachment-thumbnail size-thumbnail\" alt=\"\" srcset=\"https:\/\/www.radiopiu.net\/wordpress\/wp-content\/uploads\/2024\/04\/c17d2069-22df-44e8-b1ca-5f5b82cb0f2a-150x150.jpg 150w, https:\/\/www.radiopiu.net\/wordpress\/wp-content\/uploads\/2024\/04\/c17d2069-22df-44e8-b1ca-5f5b82cb0f2a-300x300.jpg 300w, https:\/\/www.radiopiu.net\/wordpress\/wp-content\/uploads\/2024\/04\/c17d2069-22df-44e8-b1ca-5f5b82cb0f2a.jpg 498w\" sizes=\"auto, (max-width: 150px) 100vw, 150px\" \/><\/a>\n\t\t\t\t<\/dt><\/dl><dl class='gallery-item'>\n\t\t\t\t<dt class='gallery-icon landscape'>\n\t\t\t\t\t<a class=\"rollover rollover-zoom dt-pswp-item\" title=\"fd6fd622-dec3-4a3d-9af5-8c957b737959\" data-dt-img-description=\"\" data-large_image_width=\"499\" data-large_image_height=\"499\"href='https:\/\/www.radiopiu.net\/wordpress\/wp-content\/uploads\/2024\/04\/fd6fd622-dec3-4a3d-9af5-8c957b737959.jpg'><img loading=\"lazy\" decoding=\"async\" width=\"150\" height=\"150\" src=\"https:\/\/www.radiopiu.net\/wordpress\/wp-content\/uploads\/2024\/04\/fd6fd622-dec3-4a3d-9af5-8c957b737959-150x150.jpg\" class=\"attachment-thumbnail size-thumbnail\" alt=\"\" srcset=\"https:\/\/www.radiopiu.net\/wordpress\/wp-content\/uploads\/2024\/04\/fd6fd622-dec3-4a3d-9af5-8c957b737959-150x150.jpg 150w, https:\/\/www.radiopiu.net\/wordpress\/wp-content\/uploads\/2024\/04\/fd6fd622-dec3-4a3d-9af5-8c957b737959-300x300.jpg 300w, https:\/\/www.radiopiu.net\/wordpress\/wp-content\/uploads\/2024\/04\/fd6fd622-dec3-4a3d-9af5-8c957b737959.jpg 499w\" sizes=\"auto, (max-width: 150px) 100vw, 150px\" \/><\/a>\n\t\t\t\t<\/dt><\/dl><dl class='gallery-item'>\n\t\t\t\t<dt class='gallery-icon landscape'>\n\t\t\t\t\t<a class=\"rollover rollover-zoom dt-pswp-item\" title=\"3fc5fe05-c4d5-478a-843b-67569d96e5db\" data-dt-img-description=\"\" data-large_image_width=\"853\" data-large_image_height=\"853\"href='https:\/\/www.radiopiu.net\/wordpress\/wp-content\/uploads\/2024\/04\/3fc5fe05-c4d5-478a-843b-67569d96e5db.jpg'><img loading=\"lazy\" decoding=\"async\" width=\"150\" height=\"150\" src=\"https:\/\/www.radiopiu.net\/wordpress\/wp-content\/uploads\/2024\/04\/3fc5fe05-c4d5-478a-843b-67569d96e5db-150x150.jpg\" class=\"attachment-thumbnail size-thumbnail\" alt=\"\" srcset=\"https:\/\/www.radiopiu.net\/wordpress\/wp-content\/uploads\/2024\/04\/3fc5fe05-c4d5-478a-843b-67569d96e5db-150x150.jpg 150w, https:\/\/www.radiopiu.net\/wordpress\/wp-content\/uploads\/2024\/04\/3fc5fe05-c4d5-478a-843b-67569d96e5db-300x300.jpg 300w, https:\/\/www.radiopiu.net\/wordpress\/wp-content\/uploads\/2024\/04\/3fc5fe05-c4d5-478a-843b-67569d96e5db-768x768.jpg 768w, https:\/\/www.radiopiu.net\/wordpress\/wp-content\/uploads\/2024\/04\/3fc5fe05-c4d5-478a-843b-67569d96e5db.jpg 853w\" sizes=\"auto, (max-width: 150px) 100vw, 150px\" \/><\/a>\n\t\t\t\t<\/dt><\/dl><dl class='gallery-item'>\n\t\t\t\t<dt class='gallery-icon landscape'>\n\t\t\t\t\t<a class=\"rollover rollover-zoom dt-pswp-item\" title=\"596eeaac-f35f-4da5-841c-23707fb4902f\" data-dt-img-description=\"\" data-large_image_width=\"640\" data-large_image_height=\"640\"href='https:\/\/www.radiopiu.net\/wordpress\/wp-content\/uploads\/2024\/04\/596eeaac-f35f-4da5-841c-23707fb4902f.jpg'><img loading=\"lazy\" decoding=\"async\" width=\"150\" height=\"150\" src=\"https:\/\/www.radiopiu.net\/wordpress\/wp-content\/uploads\/2024\/04\/596eeaac-f35f-4da5-841c-23707fb4902f-150x150.jpg\" class=\"attachment-thumbnail size-thumbnail\" alt=\"\" srcset=\"https:\/\/www.radiopiu.net\/wordpress\/wp-content\/uploads\/2024\/04\/596eeaac-f35f-4da5-841c-23707fb4902f-150x150.jpg 150w, https:\/\/www.radiopiu.net\/wordpress\/wp-content\/uploads\/2024\/04\/596eeaac-f35f-4da5-841c-23707fb4902f-300x300.jpg 300w, https:\/\/www.radiopiu.net\/wordpress\/wp-content\/uploads\/2024\/04\/596eeaac-f35f-4da5-841c-23707fb4902f.jpg 640w\" sizes=\"auto, (max-width: 150px) 100vw, 150px\" \/><\/a>\n\t\t\t\t<\/dt><\/dl><br style=\"clear: both\" \/>\n\t\t\t<\/div>\n\n<p>&nbsp;<\/p>\n<hr \/>\n<p>&nbsp;<\/p>\n<blockquote>\n<h3>IN ARRIVO A BELLUNO I GIARDINIERI D&#8217;ARTE<\/h3>\n<\/blockquote>\n<p><strong><a class=\"dt-pswp-item\" href=\"https:\/\/www.radiopiu.net\/wordpress\/wp-content\/uploads\/2024\/04\/753e65b3-4c8f-47a3-872b-3d09893365d4.jpg\" data-dt-img-description=\"\" data-large_image_width=\"1600\" data-large_image_height=\"1200\"><img loading=\"lazy\" decoding=\"async\" class=\" wp-image-382262 alignleft\" src=\"https:\/\/www.radiopiu.net\/wordpress\/wp-content\/uploads\/2024\/04\/753e65b3-4c8f-47a3-872b-3d09893365d4-300x225.jpg\" alt=\"\" width=\"165\" height=\"124\" srcset=\"https:\/\/www.radiopiu.net\/wordpress\/wp-content\/uploads\/2024\/04\/753e65b3-4c8f-47a3-872b-3d09893365d4-300x225.jpg 300w, https:\/\/www.radiopiu.net\/wordpress\/wp-content\/uploads\/2024\/04\/753e65b3-4c8f-47a3-872b-3d09893365d4-1024x768.jpg 1024w, https:\/\/www.radiopiu.net\/wordpress\/wp-content\/uploads\/2024\/04\/753e65b3-4c8f-47a3-872b-3d09893365d4-768x576.jpg 768w, https:\/\/www.radiopiu.net\/wordpress\/wp-content\/uploads\/2024\/04\/753e65b3-4c8f-47a3-872b-3d09893365d4-1536x1152.jpg 1536w, https:\/\/www.radiopiu.net\/wordpress\/wp-content\/uploads\/2024\/04\/753e65b3-4c8f-47a3-872b-3d09893365d4.jpg 1600w\" sizes=\"auto, (max-width: 165px) 100vw, 165px\" \/><\/a>BELLUNO\u00a0<\/strong>I Giardinieri d&#8217;arte arrivano a Belluno, grazie alla collaborazione tra il comune capoluogo e il Centro Consorzi di Sedico. I corsisti testeranno infatti le loro abilit\u00e0 nella cura del verde al Parco Villa Clizia di Mussoi.<\/p>\n<p><strong>DI DANIELE DALVIT<\/strong><\/p>\n<audio class=\"wp-audio-shortcode\" id=\"audio-382126-9\" preload=\"none\" style=\"width: 100%;\" controls=\"controls\"><source type=\"audio\/mpeg\" src=\"https:\/\/www.radiopiu.net\/wordpress\/wp-content\/uploads\/2024\/04\/Radio-Piu-Servizio-Giardinieri-darte-Belluno.mp3?_=9\" \/><a href=\"https:\/\/www.radiopiu.net\/wordpress\/wp-content\/uploads\/2024\/04\/Radio-Piu-Servizio-Giardinieri-darte-Belluno.mp3\">https:\/\/www.radiopiu.net\/wordpress\/wp-content\/uploads\/2024\/04\/Radio-Piu-Servizio-Giardinieri-darte-Belluno.mp3<\/a><\/audio>\n<p>&nbsp;<\/p>\n<hr \/>\n<p>&nbsp;<\/p>\n<blockquote>\n<h3>CONFCOMMERCIO: RINNOVATO IL GRUPPO GIOVANI IMPRENDITORI<\/h3>\n<\/blockquote>\n<p><strong><a class=\"dt-pswp-item\" href=\"https:\/\/www.radiopiu.net\/wordpress\/wp-content\/uploads\/2024\/04\/Consiglio-direttivo-Gruppo-Giovani-regionale.jpg\" data-dt-img-description=\"\" data-large_image_width=\"1048\" data-large_image_height=\"924\"><img loading=\"lazy\" decoding=\"async\" class=\" wp-image-382264 alignleft\" src=\"https:\/\/www.radiopiu.net\/wordpress\/wp-content\/uploads\/2024\/04\/Consiglio-direttivo-Gruppo-Giovani-regionale-300x265.jpg\" alt=\"\" width=\"132\" height=\"117\" srcset=\"https:\/\/www.radiopiu.net\/wordpress\/wp-content\/uploads\/2024\/04\/Consiglio-direttivo-Gruppo-Giovani-regionale-300x265.jpg 300w, https:\/\/www.radiopiu.net\/wordpress\/wp-content\/uploads\/2024\/04\/Consiglio-direttivo-Gruppo-Giovani-regionale-1024x903.jpg 1024w, https:\/\/www.radiopiu.net\/wordpress\/wp-content\/uploads\/2024\/04\/Consiglio-direttivo-Gruppo-Giovani-regionale-768x677.jpg 768w, https:\/\/www.radiopiu.net\/wordpress\/wp-content\/uploads\/2024\/04\/Consiglio-direttivo-Gruppo-Giovani-regionale.jpg 1048w\" sizes=\"auto, (max-width: 132px) 100vw, 132px\" \/><\/a>BELLUNO<\/strong> Il 20 marzo si \u00e8 svolta l&#8217;assemblea di rinnovo delle cariche per il Gruppo Giovani di Confcommercio Belluno-Dolomiti. Fabio Tabacchi \u00e8 stato nominato presidente, noto per le sue attivit\u00e0 nel settore alimentare con &#8220;Gurmont&#8221; di Tai di Cadore e &#8220;851 SLM&#8221; di Valle di Cadore. Tabacchi si \u00e8 detto soddisfatto e ha partecipato al Consiglio Direttivo regionale, nominando Luigi Boscolo Bariga presidente regionale. Il suo obiettivo \u00e8 creare pi\u00f9 relazioni possibili con il territorio, mappare l&#8217;imprenditoria giovanile della provincia di Belluno e fornire risposte concrete per lo sviluppo economico. Nuove risorse giovani e motivate emergono nel panorama associativo provinciale.<\/p>\n<p>&nbsp;<\/p>\n<p>&nbsp;<\/p>\n<hr \/>\n<p>&nbsp;<\/p>\n<blockquote>\n<h3>A FELTRE INIZIA LA RACCOLTA ISTANZE PER L&#8217;AMMISSIONE AL NIDO D&#8217;INFANZIA COMUNALE<\/h3>\n<\/blockquote>\n<p><strong><a class=\"dt-pswp-item\" href=\"https:\/\/www.radiopiu.net\/wordpress\/wp-content\/uploads\/2021\/03\/Asilo-nido-Il-Maggiociondolo-1.jpg\" data-dt-img-description=\"\" data-large_image_width=\"1080\" data-large_image_height=\"607\"><img loading=\"lazy\" decoding=\"async\" class=\" wp-image-198736 alignleft\" src=\"https:\/\/www.radiopiu.net\/wordpress\/wp-content\/uploads\/2021\/03\/Asilo-nido-Il-Maggiociondolo-1-300x169.jpg\" alt=\"\" width=\"142\" height=\"80\" srcset=\"https:\/\/www.radiopiu.net\/wordpress\/wp-content\/uploads\/2021\/03\/Asilo-nido-Il-Maggiociondolo-1-300x169.jpg 300w, https:\/\/www.radiopiu.net\/wordpress\/wp-content\/uploads\/2021\/03\/Asilo-nido-Il-Maggiociondolo-1-1024x576.jpg 1024w, https:\/\/www.radiopiu.net\/wordpress\/wp-content\/uploads\/2021\/03\/Asilo-nido-Il-Maggiociondolo-1-768x432.jpg 768w, https:\/\/www.radiopiu.net\/wordpress\/wp-content\/uploads\/2021\/03\/Asilo-nido-Il-Maggiociondolo-1.jpg 1080w\" sizes=\"auto, (max-width: 142px) 100vw, 142px\" \/><\/a>FELTRE<\/strong> La raccolta delle istanze per il servizio Nido d\u2019Infanzia comunale \u201cIl Maggiociondolo\u201d per l&#8217;anno educativo 2024-2025 \u00e8 aperta. Le domande presentate entro il 31\/05\/2024 formeranno la graduatoria di accesso. Domande oltre la data formeranno un elenco per eventuali posti vacanti. Modulo disponibile su <a href=\"https:\/\/cloud.urbi.it\/urbi\/progs\/urp\/solhome.sto?DB_NAME=n1232596\" target=\"_new\" rel=\"noopener\">https:\/\/cloud.urbi.it\/urbi\/progs\/urp\/solhome.sto?DB_NAME=n1232596<\/a>. Compilazione richiede SPID\/CIE\/eIDAS\/MYID. Per supporto, contattare <a target=\"_new\" rel=\"noopener\">asilonido@comune.feltre.bl.it<\/a> o 0439\/885362 per visite al Nido. Per info amministrative: <a target=\"_new\" rel=\"noopener\">istruzione@comune.feltre.bl.it<\/a> o 0439\/885251, lun-ven 09:00-12:00 e lun-mi 14:30-16:00.<\/p>\n<p>&nbsp;<\/p>\n<p>&nbsp;<\/p>\n<hr \/>\n<p>&nbsp;<\/p>\n<blockquote>\n<h3>TUTELA DEL TERRITORIO: 120 MILA EURO AL COMUNE DI PONTE NELLE ALPI<\/h3>\n<\/blockquote>\n<p><strong><a class=\"dt-pswp-item\" href=\"https:\/\/www.radiopiu.net\/wordpress\/wp-content\/uploads\/2024\/04\/Manutenzione_del_territorio.jpg\" data-dt-img-description=\"\" data-large_image_width=\"859\" data-large_image_height=\"555\"><img loading=\"lazy\" decoding=\"async\" class=\" wp-image-382265 alignleft\" src=\"https:\/\/www.radiopiu.net\/wordpress\/wp-content\/uploads\/2024\/04\/Manutenzione_del_territorio-300x194.jpg\" alt=\"\" width=\"156\" height=\"101\" srcset=\"https:\/\/www.radiopiu.net\/wordpress\/wp-content\/uploads\/2024\/04\/Manutenzione_del_territorio-300x194.jpg 300w, https:\/\/www.radiopiu.net\/wordpress\/wp-content\/uploads\/2024\/04\/Manutenzione_del_territorio-768x496.jpg 768w, https:\/\/www.radiopiu.net\/wordpress\/wp-content\/uploads\/2024\/04\/Manutenzione_del_territorio.jpg 859w\" sizes=\"auto, (max-width: 156px) 100vw, 156px\" \/><\/a>PONTE NELLE ALPI<\/strong> La Regione Veneto ha inviato al Comune di Ponte nelle Alpi un progetto esecutivo per interventi di taglio della vegetazione, con un budget di 120mila euro, a cura dei Servizi Forestali. Gli interventi mirano a garantire il libero deflusso idrico, la manutenzione di opere di difesa idrogeologica e viabilit\u00e0 forestale, nonch\u00e9 la ricostruzione di boschi danneggiati da eventi meteorici. I lavori coinvolgeranno vari corsi d&#8217;acqua, come Rio Salere a Pian di Vedoia e Rio Vantanelle a Lastreghe. La manutenzione degli alvei montani \u00e8 cruciale per la difesa del suolo e la gestione territoriale, prevenendo ostruzioni durante piogge intense e migliorando la salute dei boschi.<\/p>\n<p>&nbsp;<\/p>\n<p>&nbsp;<\/p>\n<hr \/>\n<p>&nbsp;<\/p>\n<blockquote>\n<h3>FRANCESCO MARCONE SARA&#8217; RICORDATO AL CENTRO DON VINCENZO SAVIO DI AGORDO<\/h3>\n<\/blockquote>\n<p><strong><a class=\"dt-pswp-item\" href=\"https:\/\/www.radiopiu.net\/wordpress\/wp-content\/uploads\/2023\/06\/LIBERA-AGORDINO.jpg\" data-dt-img-description=\"\" data-large_image_width=\"640\" data-large_image_height=\"640\"><img loading=\"lazy\" decoding=\"async\" class=\" wp-image-338852 alignleft\" src=\"https:\/\/www.radiopiu.net\/wordpress\/wp-content\/uploads\/2023\/06\/LIBERA-AGORDINO-300x300.jpg\" alt=\"\" width=\"136\" height=\"136\" srcset=\"https:\/\/www.radiopiu.net\/wordpress\/wp-content\/uploads\/2023\/06\/LIBERA-AGORDINO-300x300.jpg 300w, https:\/\/www.radiopiu.net\/wordpress\/wp-content\/uploads\/2023\/06\/LIBERA-AGORDINO-150x150.jpg 150w, https:\/\/www.radiopiu.net\/wordpress\/wp-content\/uploads\/2023\/06\/LIBERA-AGORDINO.jpg 640w\" sizes=\"auto, (max-width: 136px) 100vw, 136px\" \/><\/a>AGORDO<\/strong><\/p>\n<p>DI GIANNI SANTOMASO<\/p>\n<audio class=\"wp-audio-shortcode\" id=\"audio-382126-10\" preload=\"none\" style=\"width: 100%;\" controls=\"controls\"><source type=\"audio\/mpeg\" src=\"https:\/\/www.radiopiu.net\/wordpress\/wp-content\/uploads\/2024\/04\/GIANNI-FRANCESCO-MARCONE-RICORDATO-AL-CENTRO-DON-VINCENZO-SAVIO-DI-AGORDO.mp3?_=10\" \/><a href=\"https:\/\/www.radiopiu.net\/wordpress\/wp-content\/uploads\/2024\/04\/GIANNI-FRANCESCO-MARCONE-RICORDATO-AL-CENTRO-DON-VINCENZO-SAVIO-DI-AGORDO.mp3\">https:\/\/www.radiopiu.net\/wordpress\/wp-content\/uploads\/2024\/04\/GIANNI-FRANCESCO-MARCONE-RICORDATO-AL-CENTRO-DON-VINCENZO-SAVIO-DI-AGORDO.mp3<\/a><\/audio>\n<p>&nbsp;<\/p>\n<p>&nbsp;<\/p>\n<p>&nbsp;<\/p>\n<hr \/>\n<p>&nbsp;<\/p>\n<blockquote>\n<h3>MARTEDI CONSIGLIO COMUNALE A ROCCA PIETORE<\/h3>\n<\/blockquote>\n<p><strong>ROCCA PIETORE<\/strong> Consiglio comunale convocato dal sindaco Andrea De Bernardin per martedi alle 18:30. Un solo punto da discutere: \u201dInterventi Integrativi Per La Messa In Sicurezza Dal Pericolo Di Caduta Valanghe Dell\u2019area Sciistica Padon \u2013 Marmolada<\/p>\n<p>&nbsp;<\/p>\n<p>&nbsp;<\/p>\n<hr \/>\n<p>&nbsp;<\/p>\n<blockquote>\n<h3>GIORNATA REGIONALE DELLA MEMORIA E DELL&#8217;IMPEGNO IN RICORDO DELLE VITTIME DELLE MAFIE<\/h3>\n<\/blockquote>\n<p><strong>BELLUNO<\/strong> Venerd\u00ec a Belluno, si terr\u00e0 la nona edizione della Giornata regionale della memoria e dell\u2019impegno in ricordo delle vittime delle mafie, promossa dalla Regione Veneto e realizzata da Avviso Pubblico in collaborazione con Libera Veneto, con il patrocinio del Comune di Belluno. Ospite d&#8217;onore sar\u00e0 Daniela Marcone, figlia di Francesco Marcone, dirigente pubblico ucciso nel 1995. Dopo i saluti istituzionali, ci saranno la presentazione dei lavori delle scuole partecipanti e il conferimento del Premio Legalit\u00e0 e Sicurezza 2024. Seguiranno l&#8217;intervento di Daniela Marcone e la lettura dei nomi delle vittime innocenti delle mafie, con la conduzione di Pierpaolo Romani, Coordinatore nazionale di Avviso Pubblico.<\/p>\n<p>&nbsp;<\/p>\n<p>&nbsp;<\/p>\n<hr \/>\n<p>&nbsp;<\/p>\n<blockquote>\n<h3>LA LUNA DI KIEV ILLUMINA IL CORO DEL COMPRENSIVO DI MEL<\/h3>\n<\/blockquote>\n<p><strong><a class=\"dt-pswp-item\" href=\"https:\/\/www.radiopiu.net\/wordpress\/wp-content\/uploads\/2024\/04\/panoramica-sala.jpg\" data-dt-img-description=\"\" data-large_image_width=\"2048\" data-large_image_height=\"945\"><img loading=\"lazy\" decoding=\"async\" class=\" wp-image-382263 alignleft\" src=\"https:\/\/www.radiopiu.net\/wordpress\/wp-content\/uploads\/2024\/04\/panoramica-sala-300x138.jpg\" alt=\"\" width=\"185\" height=\"85\" srcset=\"https:\/\/www.radiopiu.net\/wordpress\/wp-content\/uploads\/2024\/04\/panoramica-sala-300x138.jpg 300w, https:\/\/www.radiopiu.net\/wordpress\/wp-content\/uploads\/2024\/04\/panoramica-sala-1024x473.jpg 1024w, https:\/\/www.radiopiu.net\/wordpress\/wp-content\/uploads\/2024\/04\/panoramica-sala-768x354.jpg 768w, https:\/\/www.radiopiu.net\/wordpress\/wp-content\/uploads\/2024\/04\/panoramica-sala-1536x709.jpg 1536w, https:\/\/www.radiopiu.net\/wordpress\/wp-content\/uploads\/2024\/04\/panoramica-sala.jpg 2048w\" sizes=\"auto, (max-width: 185px) 100vw, 185px\" \/><\/a>BORGO VALBELLUNA<\/strong> Il coro dell&#8217;Istituto Comprensivo si esibir\u00e0 venerd\u00ec 5 aprile, alle 18:45 alll&#8217;Auditorium S. Pietro Mel. Guidati dal Maestro Manolo Da Rold, i cinquantacinque ragazzi presenteranno un repertorio ricco e variegato, tra cui spicca &#8220;La luna di Kiev&#8221; di Gianni Rodari, musicata appositamente per loro. Grazie alla collaborazione con la Corale Zumellese e alla guida esperta del Maestro Da Rold, il progetto ha ottenuto successo. Il programma, che unisce poesia e musica, include brani come &#8220;Scaccia Tristezza&#8221; e &#8220;The Selly Gardens&#8221;, alternati a poesie di autori vari. L&#8217;impegno dei docenti e la passione dei giovani sono fondamentali per il progetto.<\/p>\n<p>&nbsp;<\/p>\n<p>&nbsp;<\/p>\n<hr \/>\n<p>&nbsp;<\/p>\n<blockquote>\n<h3>UNA SERATA IN RICORDO DI FERRUCCIO VENDRAMINI<\/h3>\n<\/blockquote>\n<p><strong><a class=\"dt-pswp-item\" href=\"https:\/\/www.radiopiu.net\/wordpress\/wp-content\/uploads\/2024\/04\/Ferruccio-Vendramini-Primo-piano-2008.jpg\" data-dt-img-description=\"\" data-large_image_width=\"2094\" data-large_image_height=\"1745\"><img loading=\"lazy\" decoding=\"async\" class=\" wp-image-382266 alignleft\" src=\"https:\/\/www.radiopiu.net\/wordpress\/wp-content\/uploads\/2024\/04\/Ferruccio-Vendramini-Primo-piano-2008-300x250.jpg\" alt=\"\" width=\"136\" height=\"113\" srcset=\"https:\/\/www.radiopiu.net\/wordpress\/wp-content\/uploads\/2024\/04\/Ferruccio-Vendramini-Primo-piano-2008-300x250.jpg 300w, https:\/\/www.radiopiu.net\/wordpress\/wp-content\/uploads\/2024\/04\/Ferruccio-Vendramini-Primo-piano-2008-1024x853.jpg 1024w, https:\/\/www.radiopiu.net\/wordpress\/wp-content\/uploads\/2024\/04\/Ferruccio-Vendramini-Primo-piano-2008-768x640.jpg 768w, https:\/\/www.radiopiu.net\/wordpress\/wp-content\/uploads\/2024\/04\/Ferruccio-Vendramini-Primo-piano-2008-1536x1280.jpg 1536w, https:\/\/www.radiopiu.net\/wordpress\/wp-content\/uploads\/2024\/04\/Ferruccio-Vendramini-Primo-piano-2008-2048x1707.jpg 2048w\" sizes=\"auto, (max-width: 136px) 100vw, 136px\" \/><\/a>BELLUNO<\/strong> Nel 2018, moriva Ferruccio Vendramini, stimato storico bellunese, con una carriera di cinquant&#8217;anni e numerosi contributi alla ricerca storica. Come direttore dell&#8217;Istituto storico bellunese della Resistenza e dell&#8217;et\u00e0 contemporanea, ha promosso la crescita dell&#8217;istituto e supportato molti studiosi. A sei anni dalla sua scomparsa, verr\u00e0 ricordato in un evento organizzato da diverse istituzioni, tra cui Isbrec, Archivio storico del Comune di Belluno, Cgil, Anpi, Fondazione Societ\u00e0 Bellunese e Ass. Amici dell\u2019Archivio storico di Belluno, Feltre e Cadore. L&#8217;incontro, venerd\u00ec alle 18 presso la sala &#8220;Bianchi&#8221; di Belluno, presenter\u00e0 il volume &#8220;Tra storia, societ\u00e0 e cultura. Saggi in ricordo di Ferruccio Vendramini&#8221;, curato da Enrico Bacchetti e Franca Cosmai e edito dall\u2019Isbrec, con contributi di numerosi storici e studiosi con cui Vendramini ha collaborato.<\/p>\n<p>&nbsp;<\/p>\n<p>&nbsp;<\/p>\n<hr \/>\n<p>&nbsp;<\/p>\n<blockquote>\n<h3>UN INCONTRO CON LO SPI CGIL PER PARLARE DEL PARCO NAZIONALE DOLOMITI BELLUNESI<\/h3>\n<\/blockquote>\n<p><strong><a class=\"dt-pswp-item\" href=\"https:\/\/www.radiopiu.net\/wordpress\/wp-content\/uploads\/2023\/02\/SPI-CGIL.png\" data-dt-img-description=\"\" data-large_image_width=\"278\" data-large_image_height=\"244\"><img loading=\"lazy\" decoding=\"async\" class=\" wp-image-322694 alignleft\" src=\"https:\/\/www.radiopiu.net\/wordpress\/wp-content\/uploads\/2023\/02\/SPI-CGIL.png\" alt=\"\" width=\"131\" height=\"115\" \/><\/a>BELLUNO <\/strong>\u00a0L&#8217;atto costitutivo del Parco di Yellowstone e il Parco Nazionale Dolomiti Bellunesi in Italia hanno in comune l&#8217;obiettivo di conservare la biodiversit\u00e0 e il paesaggio per le generazioni future. Il Parco delle Dolomiti Bellunesi, istituito nel 1993, protegge un territorio di grande valore naturalistico e paesaggistico, con una variet\u00e0 di ambienti che supportano una ricca diversit\u00e0 di specie animali. La serata organizzata dallo SPI CGIL di Belluno il 4 aprile offre un&#8217;opportunit\u00e0 per approfondire la conoscenza e la protezione di questo meraviglioso territorio, con un intervento del dottor Enrico Vettorazzo, Responsabile del Servizio Educazione e Ricerca del Parco delle Dolomiti Bellunesi.<\/p>\n<p>&nbsp;<\/p>\n<p>&nbsp;<\/p>\n<hr \/>\n<p>&nbsp;<\/p>\n<blockquote>\n<h3>UN NUOVO BANDO PER LA MONGOLFIERA DI GIORGIA<\/h3>\n<\/blockquote>\n<p><strong><a class=\"dt-pswp-item\" href=\"https:\/\/www.radiopiu.net\/wordpress\/wp-content\/uploads\/2022\/01\/mongolfiera-di-giorngia_0.png\" data-dt-img-description=\"\" data-large_image_width=\"980\" data-large_image_height=\"450\"><img loading=\"lazy\" decoding=\"async\" class=\" wp-image-255223 alignleft\" src=\"https:\/\/www.radiopiu.net\/wordpress\/wp-content\/uploads\/2022\/01\/mongolfiera-di-giorngia_0-300x138.png\" alt=\"\" width=\"191\" height=\"88\" srcset=\"https:\/\/www.radiopiu.net\/wordpress\/wp-content\/uploads\/2022\/01\/mongolfiera-di-giorngia_0-300x138.png 300w, https:\/\/www.radiopiu.net\/wordpress\/wp-content\/uploads\/2022\/01\/mongolfiera-di-giorngia_0-768x353.png 768w, https:\/\/www.radiopiu.net\/wordpress\/wp-content\/uploads\/2022\/01\/mongolfiera-di-giorngia_0.png 980w\" sizes=\"auto, (max-width: 191px) 100vw, 191px\" \/><\/a>BELLUNO<\/strong> In occasione del compleanno di Giorgia, viene pubblicato il dodicesimo bando di primavera. Quest&#8217;anno il bando sar\u00e0 dedicato a Luca Maccagnan, socio e candidato consigliere, che ci ha lasciato lo scorso dicembre. Luca ha contribuito attivamente con idee creative, come le mongolfiere realizzate con lampadine riciclate, e ha supportato le iniziative con il suo tempo e la sua energia. Luca viene ricordato con questo bando che offre 12.000 euro ai ragazzi adolescenti con disabilit\u00e0, pronti a superare questa cifra se necessario. Informazioni <a href=\"https:\/\/www.lamongolfieradigiorgia.it\/bandi\/\" target=\"_new\" rel=\"noopener\">https:\/\/www.lamongolfieradigiorgia.it\/bandi\/<\/a>.<\/p>\n<p>&nbsp;<\/p>\n<p>&nbsp;<\/p>\n<hr \/>\n<p>&nbsp;<\/p>\n<blockquote>\n<h3>UN BANDO PER ALLIEVI MARESCIALLI DELLA GUARDIA DI FINANZA<\/h3>\n<\/blockquote>\n<p><strong><a class=\"dt-pswp-item\" href=\"https:\/\/www.radiopiu.net\/wordpress\/wp-content\/uploads\/2021\/07\/9dab3da2-5b99-4e4c-9808-d95d42ff43b5.jpg\" data-dt-img-description=\"\" data-large_image_width=\"1067\" data-large_image_height=\"1067\"><img loading=\"lazy\" decoding=\"async\" class=\" wp-image-222502 alignleft\" src=\"https:\/\/www.radiopiu.net\/wordpress\/wp-content\/uploads\/2021\/07\/9dab3da2-5b99-4e4c-9808-d95d42ff43b5-300x300.jpg\" alt=\"\" width=\"103\" height=\"103\" srcset=\"https:\/\/www.radiopiu.net\/wordpress\/wp-content\/uploads\/2021\/07\/9dab3da2-5b99-4e4c-9808-d95d42ff43b5-300x300.jpg 300w, https:\/\/www.radiopiu.net\/wordpress\/wp-content\/uploads\/2021\/07\/9dab3da2-5b99-4e4c-9808-d95d42ff43b5-1024x1024.jpg 1024w, https:\/\/www.radiopiu.net\/wordpress\/wp-content\/uploads\/2021\/07\/9dab3da2-5b99-4e4c-9808-d95d42ff43b5-150x150.jpg 150w, https:\/\/www.radiopiu.net\/wordpress\/wp-content\/uploads\/2021\/07\/9dab3da2-5b99-4e4c-9808-d95d42ff43b5-768x768.jpg 768w, https:\/\/www.radiopiu.net\/wordpress\/wp-content\/uploads\/2021\/07\/9dab3da2-5b99-4e4c-9808-d95d42ff43b5.jpg 1067w\" sizes=\"auto, (max-width: 103px) 100vw, 103px\" \/><\/a>BELLUNO<\/strong> La Guardia di Finanza ha indetto un concorso per l&#8217;ammissione di 1.330 allievi marescialli al 96\u00b0 corso presso la Scuola Ispettori e Sovrintendenti per l&#8217;anno accademico 2024\/2025. I posti sono suddivisi tra contingente ordinario e di mare, con riserve specifiche. Possono partecipare cittadini italiani tra i 17 e i 26 anni. La domanda va presentata entro le ore 12:00 del 6 aprile 2024 tramite il portale <a href=\"https:\/\/concorsi.gdf.gov.it\/\" target=\"_new\" rel=\"noopener\">https:\/\/concorsi.gdf.gov.it<\/a>, con autenticazione SPID o CIE. Ulteriori dettagli sono disponibili sul portale o tramite l&#8217;APP Mobile &#8220;GdF Concorsi&#8221;.<\/p>\n<p>&nbsp;<\/p>\n<p>&nbsp;<\/p>\n<hr \/>\n<p>&nbsp;<\/p>\n<div class=\"flex-1 overflow-hidden\">\n<div class=\"react-scroll-to-bottom--css-petsd-79elbk h-full\">\n<div class=\"react-scroll-to-bottom--css-petsd-1n7m0yu\">\n<div class=\"flex flex-col text-sm pb-9\">\n<div class=\"w-full text-token-text-primary\" data-testid=\"conversation-turn-56\">\n<div class=\"px-4 py-2 justify-center text-base md:gap-6 m-auto\">\n<div class=\"flex flex-1 text-base mx-auto gap-3 md:px-5 lg:px-1 xl:px-5 md:max-w-3xl lg:max-w-[40rem] xl:max-w-[48rem] group final-completion\">\n<div class=\"relative flex w-full flex-col agent-turn\">\n<div class=\"flex-col gap-1 md:gap-3\">\n<blockquote>\n<h1><span style=\"color: #ff0000;\"><strong>BANDI E CONCORSI<\/strong><\/span><\/h1>\n<\/blockquote>\n<div><\/div>\n<div>\n<p><strong><a class=\"dt-pswp-item\" href=\"https:\/\/www.radiopiu.net\/wordpress\/wp-content\/uploads\/2022\/03\/ASCA.jpg\" data-dt-img-description=\"\" data-large_image_width=\"292\" data-large_image_height=\"290\"><img loading=\"lazy\" decoding=\"async\" class=\"wp-image-263829 alignleft\" src=\"https:\/\/www.radiopiu.net\/wordpress\/wp-content\/uploads\/2022\/03\/ASCA.jpg\" alt=\"\" width=\"100\" height=\"99\" srcset=\"https:\/\/www.radiopiu.net\/wordpress\/wp-content\/uploads\/2022\/03\/ASCA.jpg 292w, https:\/\/www.radiopiu.net\/wordpress\/wp-content\/uploads\/2022\/03\/ASCA-150x150.jpg 150w\" sizes=\"auto, (max-width: 100px) 100vw, 100px\" \/><\/a>L\u2019AZIENDA SPECIALE CONSORTILE AGORDINA, ASCA, HA EMESSO UN BANDO PER LA SELEZIONE DI UNO PSICOLOGO.LIVELLO CONTRATTUALE:2\u00b0 \u2013 CONTRATTO UNEBA Accesso Welfare Aziendale Possibilit\u00e0 di sistemazione abitativa gratuita per 8 mesi LE DOMANDE VANNO PRESENTATE ENTRO LE 12 DI LUNEDI 1 APRILE: INFO WW.servizisocialiasca.it\u00a0 \u00a0<\/strong><\/p>\n<p>&nbsp;<\/p>\n<hr \/>\n<\/div>\n<\/div>\n<\/div>\n<\/div>\n<\/div>\n<\/div>\n<\/div>\n<\/div>\n<\/div>\n<\/div>\n<div class=\"w-full pt-2 md:pt-0 dark:border-white\/20 md:border-transparent md:dark:border-transparent md:w-[calc(100%-.5rem)]\">\n<form class=\"stretch mx-2 flex flex-row gap-3 last:mb-2 md:mx-4 md:last:mb-6 lg:mx-auto lg:max-w-2xl xl:max-w-3xl\">\n<div class=\"relative flex h-full flex-1 flex-col\">\n<div class=\"flex w-full items-center\">\n<p><strong><a class=\"dt-pswp-item\" href=\"https:\/\/www.radiopiu.net\/wordpress\/wp-content\/uploads\/2018\/03\/VILLA-GIUSEPPE.jpg\" data-dt-img-description=\"\" data-large_image_width=\"250\" data-large_image_height=\"332\"><img loading=\"lazy\" decoding=\"async\" class=\"wp-image-45507 alignleft\" src=\"https:\/\/www.radiopiu.net\/wordpress\/wp-content\/uploads\/2018\/03\/VILLA-GIUSEPPE-226x300.jpg\" alt=\"\" width=\"79\" height=\"105\" srcset=\"https:\/\/www.radiopiu.net\/wordpress\/wp-content\/uploads\/2018\/03\/VILLA-GIUSEPPE-226x300.jpg 226w, https:\/\/www.radiopiu.net\/wordpress\/wp-content\/uploads\/2018\/03\/VILLA-GIUSEPPE.jpg 250w\" sizes=\"auto, (max-width: 79px) 100vw, 79px\" \/><\/a>08 03<\/strong>\u00a0<strong>La Fodom Servizi ha pubblicato un avviso di selezione per la formulazione di una graduatoria di idoneit\u00e0 per l\u2019inserimento a tempo indeterminato\/determinato, a tempo pieno o parziale, presso il Centro Servizi per Anziani Villa San Giuseppe, per la figura di: OPERATORE POLIVALENTE \u2013 ADDETTO ALLE PULIZIE E LAVANDERIA. \u00a0Con scadenza presentazione domande il 22.03.2024 ore 12.00.\u00a0<\/strong><strong>Per info: 0436-7106 oppure\u00a0<\/strong><a href=\"http:\/\/www.fodomservizi.it\/\"><strong>www.fodomservizi.it<\/strong><\/a><\/p>\n<\/div>\n<\/div>\n<\/form>\n<\/div>\n<p>&nbsp;<\/p>\n<p>&nbsp;<\/p>\n<hr \/>\n<p>&nbsp;<\/p>\n<blockquote>\n<h3>LA CENA DEGLI AZZURRI D&#8217;ITALIA DEL BELLUNESE<\/h3>\n<\/blockquote>\n<p><strong>CORTINA<\/strong> Gli Azzurri e Olimpici d\u2019Italia della nostra provincia sono invitati alla cena sociale A.N.A.O.A.I., venerd\u00ec 5 aprile al RISTORANTE RIO GERE a Cortina d\u2019Ampezzo. Prenotazioni al 338\/8390063. Aperitivo alle 19:00, cena alle 20:00.<\/p>\n<p>&nbsp;<\/p>\n<p>&nbsp;<\/p>\n<hr \/>\n<p>&nbsp;<\/p>\n<blockquote>\n<h3>INTELLIGENZA ARTIFICIALE E DISCIPLINE MEDICO-GIURIDICHE CON L&#8217;ACCADEMIA MEDICOGIURIDICA DELLE VENEZIE<\/h3>\n<\/blockquote>\n<p><strong>PONTE NELLE ALPI<\/strong> Sabato 6 aprile 2024, presso la Sala conferenze David Sassoli, Parco Comunale ex Casa Rossa Alessandro Mares, Viale Roma n. 70, Ponte Nelle Alpi, si svolger\u00e0 un evento dalle 09:15 alle 12:30. Si inizia con il saluto delle Autorit\u00e0 e l&#8217;apertura dei lavori a cura del Presidente dell&#8217;Accademia Medicogiuridica delle Venezie, Dott. Paolo Ius. Seguir\u00e0 l&#8217;intervento del Presidente dell&#8217;Ordine degli Avvocati di Belluno, Avv. Daniele Tormen. Alle 10:30, l&#8217;Avv. Danilo Riponti parler\u00e0 delle potenziali applicazioni dell&#8217;Intelligenza Artificiale nel diritto e delle trasformazioni giuridiche. Alle 11:15, il Prof. Francesco Maria Avato, Prof. Ordinario di Medicina Legale all&#8217;Universit\u00e0 di Ferrara, discuter\u00e0 sull&#8217;Intelligenza Artificiale, confrontandola con figure mitologiche. L&#8217;evento si concluder\u00e0 con la discussione e le domande del pubblico alle 12:00. L&#8217;ingresso \u00e8 libero.<\/p>\n<p>&nbsp;<\/p>\n<p>&nbsp;<\/p>\n<hr \/>\n<p>&nbsp;<\/p>\n<p align=\"CENTER\"><strong><span style=\"color: #000000;\">FESTA DEI MARANGONI, SECONDA EDIZIONE<\/span><\/strong><\/p>\n<p align=\"JUSTIFY\"><strong>BELLUNO<\/strong> Festa dei Marangoni, edizione 2024: dopo il successo ottenuto lo scorso anno, domenica 14 aprile torna la tradizionale kermesse dedicata a Borgo Pra e ai suoi antichi mestieri.<\/p>\n<hr \/>\n<p>&nbsp;<\/p>\n<blockquote>\n<h2>\u00a0in vallata:<\/h2>\n<\/blockquote>\n\n\t\t\t<style type='text\/css'>\n\t\t\t\t#gallery-5 {\n\t\t\t\t\tmargin: auto;\n\t\t\t\t}\n\t\t\t\t#gallery-5 .gallery-item {\n\t\t\t\t\tfloat: left;\n\t\t\t\t\tmargin-top: 10px;\n\t\t\t\t\ttext-align: center;\n\t\t\t\t\twidth: 33%;\n\t\t\t\t}\n\t\t\t\t#gallery-5 img {\n\t\t\t\t\tborder: 2px solid #cfcfcf;\n\t\t\t\t}\n\t\t\t\t#gallery-5 .gallery-caption {\n\t\t\t\t\tmargin-left: 0;\n\t\t\t\t}\n\t\t\t\t\/* see gallery_shortcode() in wp-includes\/media.php *\/\n\t\t\t<\/style>\n\t\t<div id='gallery-5' class='dt-gallery-container gallery galleryid-382126 gallery-columns-3 gallery-size-medium'><dl class='gallery-item'>\n\t\t\t\t<dt class='gallery-icon portrait'>\n\t\t\t\t\t<a class=\"rollover rollover-zoom dt-pswp-item\" title=\"49f8686e-d169-4f6e-a622-d2f09286b2d5\" data-dt-img-description=\"\" data-large_image_width=\"987\" data-large_image_height=\"1353\"href='https:\/\/www.radiopiu.net\/wordpress\/wp-content\/uploads\/2024\/03\/49f8686e-d169-4f6e-a622-d2f09286b2d5.jpg'><img loading=\"lazy\" decoding=\"async\" width=\"219\" height=\"300\" src=\"https:\/\/www.radiopiu.net\/wordpress\/wp-content\/uploads\/2024\/03\/49f8686e-d169-4f6e-a622-d2f09286b2d5-219x300.jpg\" class=\"attachment-medium size-medium\" alt=\"\" srcset=\"https:\/\/www.radiopiu.net\/wordpress\/wp-content\/uploads\/2024\/03\/49f8686e-d169-4f6e-a622-d2f09286b2d5-219x300.jpg 219w, https:\/\/www.radiopiu.net\/wordpress\/wp-content\/uploads\/2024\/03\/49f8686e-d169-4f6e-a622-d2f09286b2d5-747x1024.jpg 747w, https:\/\/www.radiopiu.net\/wordpress\/wp-content\/uploads\/2024\/03\/49f8686e-d169-4f6e-a622-d2f09286b2d5-768x1053.jpg 768w, https:\/\/www.radiopiu.net\/wordpress\/wp-content\/uploads\/2024\/03\/49f8686e-d169-4f6e-a622-d2f09286b2d5.jpg 987w\" sizes=\"auto, (max-width: 219px) 100vw, 219px\" \/><\/a>\n\t\t\t\t<\/dt><\/dl><dl class='gallery-item'>\n\t\t\t\t<dt class='gallery-icon portrait'>\n\t\t\t\t\t<a class=\"rollover rollover-zoom dt-pswp-item\" title=\"44acb3a3-e80a-42eb-a834-cb187a9ef8ea\" data-dt-img-description=\"\" data-large_image_width=\"1132\" data-large_image_height=\"1600\"href='https:\/\/www.radiopiu.net\/wordpress\/wp-content\/uploads\/2024\/03\/44acb3a3-e80a-42eb-a834-cb187a9ef8ea.jpg'><img loading=\"lazy\" decoding=\"async\" width=\"212\" height=\"300\" src=\"https:\/\/www.radiopiu.net\/wordpress\/wp-content\/uploads\/2024\/03\/44acb3a3-e80a-42eb-a834-cb187a9ef8ea-212x300.jpg\" class=\"attachment-medium size-medium\" alt=\"\" srcset=\"https:\/\/www.radiopiu.net\/wordpress\/wp-content\/uploads\/2024\/03\/44acb3a3-e80a-42eb-a834-cb187a9ef8ea-212x300.jpg 212w, https:\/\/www.radiopiu.net\/wordpress\/wp-content\/uploads\/2024\/03\/44acb3a3-e80a-42eb-a834-cb187a9ef8ea-724x1024.jpg 724w, https:\/\/www.radiopiu.net\/wordpress\/wp-content\/uploads\/2024\/03\/44acb3a3-e80a-42eb-a834-cb187a9ef8ea-768x1086.jpg 768w, https:\/\/www.radiopiu.net\/wordpress\/wp-content\/uploads\/2024\/03\/44acb3a3-e80a-42eb-a834-cb187a9ef8ea-1087x1536.jpg 1087w, https:\/\/www.radiopiu.net\/wordpress\/wp-content\/uploads\/2024\/03\/44acb3a3-e80a-42eb-a834-cb187a9ef8ea.jpg 1132w\" sizes=\"auto, (max-width: 212px) 100vw, 212px\" \/><\/a>\n\t\t\t\t<\/dt><\/dl><dl class='gallery-item'>\n\t\t\t\t<dt class='gallery-icon portrait'>\n\t\t\t\t\t<a class=\"rollover rollover-zoom dt-pswp-item\" title=\"d02fe35d-334c-4039-81d3-508c3e863bed\" data-dt-img-description=\"\" data-large_image_width=\"1136\" data-large_image_height=\"1600\"href='https:\/\/www.radiopiu.net\/wordpress\/wp-content\/uploads\/2024\/04\/d02fe35d-334c-4039-81d3-508c3e863bed.jpg'><img loading=\"lazy\" decoding=\"async\" width=\"213\" height=\"300\" src=\"https:\/\/www.radiopiu.net\/wordpress\/wp-content\/uploads\/2024\/04\/d02fe35d-334c-4039-81d3-508c3e863bed-213x300.jpg\" class=\"attachment-medium size-medium\" alt=\"\" srcset=\"https:\/\/www.radiopiu.net\/wordpress\/wp-content\/uploads\/2024\/04\/d02fe35d-334c-4039-81d3-508c3e863bed-213x300.jpg 213w, https:\/\/www.radiopiu.net\/wordpress\/wp-content\/uploads\/2024\/04\/d02fe35d-334c-4039-81d3-508c3e863bed-727x1024.jpg 727w, https:\/\/www.radiopiu.net\/wordpress\/wp-content\/uploads\/2024\/04\/d02fe35d-334c-4039-81d3-508c3e863bed-768x1082.jpg 768w, https:\/\/www.radiopiu.net\/wordpress\/wp-content\/uploads\/2024\/04\/d02fe35d-334c-4039-81d3-508c3e863bed-1091x1536.jpg 1091w, https:\/\/www.radiopiu.net\/wordpress\/wp-content\/uploads\/2024\/04\/d02fe35d-334c-4039-81d3-508c3e863bed.jpg 1136w\" sizes=\"auto, (max-width: 213px) 100vw, 213px\" \/><\/a>\n\t\t\t\t<\/dt><\/dl><br style=\"clear: both\" \/>\n\t\t\t<\/div>\n\n<p>&nbsp;<\/p>\n<p>&nbsp;<\/p>\n<hr \/>\n<p>&nbsp;<\/p>\n<blockquote class=\"wp-embedded-content\" data-secret=\"sgzfryn1Sa\"><p><a href=\"https:\/\/www.radiopiu.net\/wordpress\/grma1\/\">IL GIORMALE RADIO DI MARCO DAL FARRA &#8211; LA RACCOLTA<\/a><\/p><\/blockquote>\n<p><iframe loading=\"lazy\" class=\"wp-embedded-content\" sandbox=\"allow-scripts\" security=\"restricted\" style=\"position: absolute; clip: rect(1px, 1px, 1px, 1px);\" title=\"&#8220;IL GIORMALE RADIO DI MARCO DAL FARRA &#8211; LA RACCOLTA&#8221; &#8212; Radio Pi\u00f9\" src=\"https:\/\/www.radiopiu.net\/wordpress\/grma1\/embed\/#?secret=Vv20YG2fkr#?secret=sgzfryn1Sa\" data-secret=\"sgzfryn1Sa\" width=\"600\" height=\"338\" frameborder=\"0\" marginwidth=\"0\" marginheight=\"0\" scrolling=\"no\"><\/iframe><\/p>\n<p>&nbsp;<\/p>\n<p>&nbsp;<\/p>\n<hr \/>\n<p>&nbsp;<\/p>\n<h3><a class=\"dt-pswp-item\" href=\"https:\/\/www.radiopiu.net\/wordpress\/wp-content\/uploads\/2023\/08\/862c8c0d-fb55-49e7-875a-930f514a02a7.jpg\" data-dt-img-description=\"\" data-large_image_width=\"2048\" data-large_image_height=\"1536\"><img loading=\"lazy\" decoding=\"async\" class=\"wp-image-349786 alignleft\" src=\"https:\/\/www.radiopiu.net\/wordpress\/wp-content\/uploads\/2023\/08\/862c8c0d-fb55-49e7-875a-930f514a02a7-300x225.jpg\" alt=\"\" width=\"136\" height=\"102\" srcset=\"https:\/\/www.radiopiu.net\/wordpress\/wp-content\/uploads\/2023\/08\/862c8c0d-fb55-49e7-875a-930f514a02a7-300x225.jpg 300w, https:\/\/www.radiopiu.net\/wordpress\/wp-content\/uploads\/2023\/08\/862c8c0d-fb55-49e7-875a-930f514a02a7-1024x768.jpg 1024w, https:\/\/www.radiopiu.net\/wordpress\/wp-content\/uploads\/2023\/08\/862c8c0d-fb55-49e7-875a-930f514a02a7-768x576.jpg 768w, https:\/\/www.radiopiu.net\/wordpress\/wp-content\/uploads\/2023\/08\/862c8c0d-fb55-49e7-875a-930f514a02a7-1536x1152.jpg 1536w, https:\/\/www.radiopiu.net\/wordpress\/wp-content\/uploads\/2023\/08\/862c8c0d-fb55-49e7-875a-930f514a02a7.jpg 2048w\" sizes=\"auto, (max-width: 136px) 100vw, 136px\" \/><\/a>LAVORI PER INTERRAMENTO DELLA CONDOTTA IDRICA<\/h3>\n<p><strong>LA VALLE<\/strong> Il Comune La Valle Agordina ordina la sospensione temporanea della circolazione veicolare sulla viabilit\u00e0 Silvo-pastorale di Fres, dall&#8217;11\/03\/2024 al 24\/06\/2024, dalle 7 alle 18 dal luned\u00ec al venerd\u00ec, esclusi sabato e domenica. Viene istituito il divieto di transito pedonale e con biciclette dalla localit\u00e0 Piaia fino a Pra de Val, con l&#8217;altro lato del divieto al ponte sul torrente Rova di Caleda. Analogamente, \u00e8 vietato il transito pedonale e con biciclette su parte del sentiero CAI n.551 (Strada Vicinale di Pepolade) dal 11\/03\/2024 al 24\/06\/2024 per l&#8217;intera durata delle 24 ore.<\/p>\n<p>&nbsp;<\/p>\n<p>&nbsp;<\/p>\n<hr \/>\n<p>&nbsp;<\/p>\n<h2><span style=\"color: #ff6600;\">ALLA RADIO<\/span><\/h2>\n<h2><span style=\"color: #008000;\">&#8220;DINTORN E FORA VIA&#8221;\u00a0 IL PROGRAMMA\u00a0 A CURA DEL MUSLA<\/span><\/h2>\n<p><strong><a class=\"dt-pswp-item\" href=\"https:\/\/www.radiopiu.net\/wordpress\/wp-content\/uploads\/2024\/04\/WhatsApp-Image-2024-04-01-at-2.54.28-PM-1.jpeg\" data-dt-img-description=\"\" data-large_image_width=\"999\" data-large_image_height=\"707\"><img loading=\"lazy\" decoding=\"async\" class=\"wp-image-382190 alignleft\" src=\"https:\/\/www.radiopiu.net\/wordpress\/wp-content\/uploads\/2024\/04\/WhatsApp-Image-2024-04-01-at-2.54.28-PM-1-300x212.jpeg\" alt=\"\" width=\"146\" height=\"103\" srcset=\"https:\/\/www.radiopiu.net\/wordpress\/wp-content\/uploads\/2024\/04\/WhatsApp-Image-2024-04-01-at-2.54.28-PM-1-300x212.jpeg 300w, https:\/\/www.radiopiu.net\/wordpress\/wp-content\/uploads\/2024\/04\/WhatsApp-Image-2024-04-01-at-2.54.28-PM-1-768x544.jpeg 768w, https:\/\/www.radiopiu.net\/wordpress\/wp-content\/uploads\/2024\/04\/WhatsApp-Image-2024-04-01-at-2.54.28-PM-1.jpeg 999w\" sizes=\"auto, (max-width: 146px) 100vw, 146px\" \/><\/a>PUNTATA DEL 02 APRILE 2024, NORMAN CREPAZ<\/strong><\/p>\n<audio class=\"wp-audio-shortcode\" id=\"audio-382126-11\" preload=\"none\" style=\"width: 100%;\" controls=\"controls\"><source type=\"audio\/mpeg\" src=\"https:\/\/www.radiopiu.net\/wordpress\/wp-content\/uploads\/2024\/04\/MUSLA.mp3?_=11\" \/><a href=\"https:\/\/www.radiopiu.net\/wordpress\/wp-content\/uploads\/2024\/04\/MUSLA.mp3\">https:\/\/www.radiopiu.net\/wordpress\/wp-content\/uploads\/2024\/04\/MUSLA.mp3<\/a><\/audio>\n<p>&nbsp;<\/p>\n<h2>LA RACCOLTA COMPLETA <a href=\"https:\/\/www.radiopiu.net\/wordpress\/musla\/\"><span style=\"color: #0000ff;\">CLICCA QUI<\/span><\/a><\/h2>\n<p>&nbsp;<\/p>\n<hr \/>\n<p>&nbsp;<\/p>\n<h2><span style=\"color: #ff00ff;\">EL DARLIN<\/span><\/h2>\n<p><span style=\"color: #ff0000;\"><strong>PUNTATA 10 GIUSTINA SALAMON<\/strong><\/span><\/p>\n\n\t\t\t<style type='text\/css'>\n\t\t\t\t#gallery-6 {\n\t\t\t\t\tmargin: auto;\n\t\t\t\t}\n\t\t\t\t#gallery-6 .gallery-item {\n\t\t\t\t\tfloat: left;\n\t\t\t\t\tmargin-top: 10px;\n\t\t\t\t\ttext-align: center;\n\t\t\t\t\twidth: 100%;\n\t\t\t\t}\n\t\t\t\t#gallery-6 img {\n\t\t\t\t\tborder: 2px solid #cfcfcf;\n\t\t\t\t}\n\t\t\t\t#gallery-6 .gallery-caption {\n\t\t\t\t\tmargin-left: 0;\n\t\t\t\t}\n\t\t\t\t\/* see gallery_shortcode() in wp-includes\/media.php *\/\n\t\t\t<\/style>\n\t\t<div id='gallery-6' class='dt-gallery-container gallery galleryid-382126 gallery-columns-1 gallery-size-medium'><dl class='gallery-item'>\n\t\t\t\t<dt class='gallery-icon landscape'>\n\t\t\t\t\t<a class=\"rollover rollover-zoom dt-pswp-item\" title=\"12235097_884019995039565_6773034856193314999_n\" data-dt-img-description=\"\" data-large_image_width=\"960\" data-large_image_height=\"720\"href='https:\/\/www.radiopiu.net\/wordpress\/wp-content\/uploads\/2024\/03\/12235097_884019995039565_6773034856193314999_n.jpg'><img loading=\"lazy\" decoding=\"async\" width=\"300\" height=\"225\" src=\"https:\/\/www.radiopiu.net\/wordpress\/wp-content\/uploads\/2024\/03\/12235097_884019995039565_6773034856193314999_n-300x225.jpg\" class=\"attachment-medium size-medium\" alt=\"\" srcset=\"https:\/\/www.radiopiu.net\/wordpress\/wp-content\/uploads\/2024\/03\/12235097_884019995039565_6773034856193314999_n-300x225.jpg 300w, https:\/\/www.radiopiu.net\/wordpress\/wp-content\/uploads\/2024\/03\/12235097_884019995039565_6773034856193314999_n-768x576.jpg 768w, https:\/\/www.radiopiu.net\/wordpress\/wp-content\/uploads\/2024\/03\/12235097_884019995039565_6773034856193314999_n.jpg 960w\" sizes=\"auto, (max-width: 300px) 100vw, 300px\" \/><\/a>\n\t\t\t\t<\/dt><\/dl><br style=\"clear: both\" \/>\n\t\t\t<\/div>\n\n<p>&nbsp;<\/p>\n<p><strong>PRIMA PARTE<\/strong><\/p>\n<audio class=\"wp-audio-shortcode\" id=\"audio-382126-12\" preload=\"none\" style=\"width: 100%;\" controls=\"controls\"><source type=\"audio\/mpeg\" src=\"https:\/\/www.radiopiu.net\/wordpress\/wp-content\/uploads\/2024\/04\/DA1.mp3?_=12\" \/><a href=\"https:\/\/www.radiopiu.net\/wordpress\/wp-content\/uploads\/2024\/04\/DA1.mp3\">https:\/\/www.radiopiu.net\/wordpress\/wp-content\/uploads\/2024\/04\/DA1.mp3<\/a><\/audio>\n<p>&nbsp;<\/p>\n<p><strong>SECONDA PARTE<\/strong><\/p>\n<audio class=\"wp-audio-shortcode\" id=\"audio-382126-13\" preload=\"none\" style=\"width: 100%;\" controls=\"controls\"><source type=\"audio\/mpeg\" src=\"https:\/\/www.radiopiu.net\/wordpress\/wp-content\/uploads\/2024\/04\/DA2.mp3?_=13\" \/><a href=\"https:\/\/www.radiopiu.net\/wordpress\/wp-content\/uploads\/2024\/04\/DA2.mp3\">https:\/\/www.radiopiu.net\/wordpress\/wp-content\/uploads\/2024\/04\/DA2.mp3<\/a><\/audio>\n<p>&nbsp;<\/p>\n<p><strong>TERZA PARTE<\/strong><\/p>\n<audio class=\"wp-audio-shortcode\" id=\"audio-382126-14\" preload=\"none\" style=\"width: 100%;\" controls=\"controls\"><source type=\"audio\/mpeg\" src=\"https:\/\/www.radiopiu.net\/wordpress\/wp-content\/uploads\/2024\/04\/DA3.mp3?_=14\" \/><a href=\"https:\/\/www.radiopiu.net\/wordpress\/wp-content\/uploads\/2024\/04\/DA3.mp3\">https:\/\/www.radiopiu.net\/wordpress\/wp-content\/uploads\/2024\/04\/DA3.mp3<\/a><\/audio>\n<p>&nbsp;<\/p>\n<h2>LA RACCOLTA COMPLETA <a href=\"https:\/\/www.radiopiu.net\/wordpress\/da-daa10\/\"><span style=\"color: #0000ff;\">CLICCA QUI<\/span><\/a><\/h2>\n<p>&nbsp;<\/p>\n<hr \/>\n<p>&nbsp;<\/p>\n<blockquote>\n<h3>FISCO, NOTIZIE FLASH DI SILVIA BALDO<\/h3>\n<\/blockquote>\n<p><strong><a class=\"dt-pswp-item\" href=\"https:\/\/www.radiopiu.net\/wordpress\/wp-content\/uploads\/2021\/08\/soldi-banche.jpg\" data-dt-img-description=\"\" data-large_image_width=\"800\" data-large_image_height=\"566\"><img loading=\"lazy\" decoding=\"async\" class=\" wp-image-228818 alignleft\" src=\"https:\/\/www.radiopiu.net\/wordpress\/wp-content\/uploads\/2021\/08\/soldi-banche-300x212.jpg\" alt=\"\" width=\"156\" height=\"110\" srcset=\"https:\/\/www.radiopiu.net\/wordpress\/wp-content\/uploads\/2021\/08\/soldi-banche-300x212.jpg 300w, https:\/\/www.radiopiu.net\/wordpress\/wp-content\/uploads\/2021\/08\/soldi-banche-768x543.jpg 768w, https:\/\/www.radiopiu.net\/wordpress\/wp-content\/uploads\/2021\/08\/soldi-banche.jpg 800w\" sizes=\"auto, (max-width: 156px) 100vw, 156px\" \/><\/a>REDAZIONE<\/strong> Nuovo spazio informativo a cura di Silvia Baldo della CGIL di Feltre.<\/p>\n<p>&nbsp;<\/p>\n<p>&nbsp;<\/p>\n<p>&nbsp;<\/p>\n<p><strong>02 APRILE <span style=\"color: #ff0000;\">La campagna ISEE<\/span><\/strong><\/p>\n<audio class=\"wp-audio-shortcode\" id=\"audio-382126-15\" preload=\"none\" style=\"width: 100%;\" controls=\"controls\"><source type=\"audio\/mpeg\" src=\"https:\/\/www.radiopiu.net\/wordpress\/wp-content\/uploads\/2024\/03\/silvia-8.mp3?_=15\" \/><a href=\"https:\/\/www.radiopiu.net\/wordpress\/wp-content\/uploads\/2024\/03\/silvia-8.mp3\">https:\/\/www.radiopiu.net\/wordpress\/wp-content\/uploads\/2024\/03\/silvia-8.mp3<\/a><\/audio>\n<p><strong>30 MARZO <span style=\"color: #ff0000;\">la tracciabilit\u00e0<\/span><\/strong><\/p>\n<audio class=\"wp-audio-shortcode\" id=\"audio-382126-16\" preload=\"none\" style=\"width: 100%;\" controls=\"controls\"><source type=\"audio\/mpeg\" src=\"https:\/\/www.radiopiu.net\/wordpress\/wp-content\/uploads\/2024\/03\/SILVIAS6-tracciabilita-1.mp3?_=16\" \/><a href=\"https:\/\/www.radiopiu.net\/wordpress\/wp-content\/uploads\/2024\/03\/SILVIAS6-tracciabilita-1.mp3\">https:\/\/www.radiopiu.net\/wordpress\/wp-content\/uploads\/2024\/03\/SILVIAS6-tracciabilita-1.mp3<\/a><\/audio>\n<p><strong>29 MARZO <span style=\"color: #ff0000;\">senza scadenze<\/span><\/strong><\/p>\n<audio class=\"wp-audio-shortcode\" id=\"audio-382126-17\" preload=\"none\" style=\"width: 100%;\" controls=\"controls\"><source type=\"audio\/mpeg\" src=\"https:\/\/www.radiopiu.net\/wordpress\/wp-content\/uploads\/2024\/03\/SILVIAS5-senza-scadenza-1.mp3?_=17\" \/><a href=\"https:\/\/www.radiopiu.net\/wordpress\/wp-content\/uploads\/2024\/03\/SILVIAS5-senza-scadenza-1.mp3\">https:\/\/www.radiopiu.net\/wordpress\/wp-content\/uploads\/2024\/03\/SILVIAS5-senza-scadenza-1.mp3<\/a><\/audio>\n<p><strong>28 MARZO 2024 <span style=\"color: #ff0000;\">scadenza 30 giugno saldo irpef<\/span><\/strong><\/p>\n<audio class=\"wp-audio-shortcode\" id=\"audio-382126-18\" preload=\"none\" style=\"width: 100%;\" controls=\"controls\"><source type=\"audio\/mpeg\" src=\"https:\/\/www.radiopiu.net\/wordpress\/wp-content\/uploads\/2024\/03\/SILVIAS4-scadwe-il-30-giuno.mp3?_=18\" \/><a href=\"https:\/\/www.radiopiu.net\/wordpress\/wp-content\/uploads\/2024\/03\/SILVIAS4-scadwe-il-30-giuno.mp3\">https:\/\/www.radiopiu.net\/wordpress\/wp-content\/uploads\/2024\/03\/SILVIAS4-scadwe-il-30-giuno.mp3<\/a><\/audio>\n<p><strong>27 MARZO 2024\u00a0<span style=\"color: #ff0000;\">scadenza 30 settembre anno d&#8217;imposta 2024<\/span><\/strong><\/p>\n<audio class=\"wp-audio-shortcode\" id=\"audio-382126-19\" preload=\"none\" style=\"width: 100%;\" controls=\"controls\"><source type=\"audio\/mpeg\" src=\"https:\/\/www.radiopiu.net\/wordpress\/wp-content\/uploads\/2024\/03\/SILVIAS3-scade-30-settembre.mp3?_=19\" \/><a href=\"https:\/\/www.radiopiu.net\/wordpress\/wp-content\/uploads\/2024\/03\/SILVIAS3-scade-30-settembre.mp3\">https:\/\/www.radiopiu.net\/wordpress\/wp-content\/uploads\/2024\/03\/SILVIAS3-scade-30-settembre.mp3<\/a><\/audio>\n<p><strong>26 MARZO 2024 <span style=\"color: #ff0000;\">opportunit\u00e0<\/span><\/strong><\/p>\n<audio class=\"wp-audio-shortcode\" id=\"audio-382126-20\" preload=\"none\" style=\"width: 100%;\" controls=\"controls\"><source type=\"audio\/mpeg\" src=\"https:\/\/www.radiopiu.net\/wordpress\/wp-content\/uploads\/2024\/03\/SILVIAS2-effetti-730.mp3?_=20\" \/><a href=\"https:\/\/www.radiopiu.net\/wordpress\/wp-content\/uploads\/2024\/03\/SILVIAS2-effetti-730.mp3\">https:\/\/www.radiopiu.net\/wordpress\/wp-content\/uploads\/2024\/03\/SILVIAS2-effetti-730.mp3<\/a><\/audio>\n<p><strong>25 MARZO 2024 <span style=\"color: #ff0000;\">opportunit\u00e0<\/span><\/strong><\/p>\n<audio class=\"wp-audio-shortcode\" id=\"audio-382126-21\" preload=\"none\" style=\"width: 100%;\" controls=\"controls\"><source type=\"audio\/mpeg\" src=\"https:\/\/www.radiopiu.net\/wordpress\/wp-content\/uploads\/2024\/03\/SILVIAS1-a-decorrere-.mp3?_=21\" \/><a href=\"https:\/\/www.radiopiu.net\/wordpress\/wp-content\/uploads\/2024\/03\/SILVIAS1-a-decorrere-.mp3\">https:\/\/www.radiopiu.net\/wordpress\/wp-content\/uploads\/2024\/03\/SILVIAS1-a-decorrere-.mp3<\/a><\/audio>\n<p>&nbsp;<\/p>\n<hr \/>\n<p>&nbsp;<\/p>\n<blockquote>\n<h3>ANNULLATO IL PIANI DI PEZZE&#8217; TROPHY<\/h3>\n<\/blockquote>\n<p><strong>ALLEGHE <\/strong>La gara di Ape elaborati in programma sabato ai Piani di Pezz\u00e8 \u00e8 stata annullata.<\/p>\n<p>&nbsp;<\/p>\n<p>&nbsp;<\/p>\n<hr \/>\n<p>&nbsp;<\/p>\n<blockquote>\n<div class=\"flex-1 overflow-hidden\">\n<div class=\"react-scroll-to-bottom--css-ywwkd-79elbk h-full\">\n<div class=\"react-scroll-to-bottom--css-ywwkd-1n7m0yu\">\n<div>\n<div class=\"flex flex-col text-sm pb-9\">\n<div class=\"w-full text-token-text-primary\" data-testid=\"conversation-turn-11\">\n<div class=\"px-4 py-2 justify-center text-base md:gap-6 m-auto\">\n<div class=\"flex flex-1 text-base mx-auto gap-3 md:px-5 lg:px-1 xl:px-5 md:max-w-3xl lg:max-w-[40rem] xl:max-w-[48rem] group final-completion\">\n<div class=\"relative flex w-full flex-col agent-turn\">\n<div class=\"flex-col gap-1 md:gap-3\">\n<div class=\"flex flex-grow flex-col max-w-full\">\n<div class=\"min-h-[20px] text-message flex flex-col items-start gap-3 whitespace-pre-wrap break-words [.text-message+&amp;]:mt-5 overflow-x-auto\" data-message-author-role=\"assistant\" data-message-id=\"af63a4ed-1251-48bb-880c-c61c244a5ff3\">\n<div class=\"markdown prose w-full break-words dark:prose-invert dark\">\n<h1><a class=\"dt-pswp-item\" href=\"https:\/\/www.radiopiu.net\/wordpress\/wp-content\/uploads\/2024\/04\/A-passo-di-pecora-copertina.jpeg\" data-dt-img-description=\"\" data-large_image_width=\"658\" data-large_image_height=\"1000\"><img loading=\"lazy\" decoding=\"async\" class=\"wp-image-382255 alignleft\" src=\"https:\/\/www.radiopiu.net\/wordpress\/wp-content\/uploads\/2024\/04\/A-passo-di-pecora-copertina-197x300.jpeg\" alt=\"\" width=\"114\" height=\"174\" srcset=\"https:\/\/www.radiopiu.net\/wordpress\/wp-content\/uploads\/2024\/04\/A-passo-di-pecora-copertina-197x300.jpeg 197w, https:\/\/www.radiopiu.net\/wordpress\/wp-content\/uploads\/2024\/04\/A-passo-di-pecora-copertina.jpeg 658w\" sizes=\"auto, (max-width: 114px) 100vw, 114px\" \/><\/a>&#8220;Montagne Vive: Incontri e Racconti con Caterina De Boni&#8221;<\/h1>\n<\/div>\n<\/div>\n<\/div>\n<\/div>\n<\/div>\n<\/div>\n<\/div>\n<\/div>\n<\/div>\n<\/div>\n<\/div>\n<\/div>\n<\/div>\n<\/blockquote>\n<div class=\"flex-1 overflow-hidden\">\n<div class=\"react-scroll-to-bottom--css-ywwkd-79elbk h-full\">\n<div class=\"react-scroll-to-bottom--css-ywwkd-1n7m0yu\">\n<div>\n<div class=\"flex flex-col text-sm pb-9\">\n<div class=\"w-full text-token-text-primary\" data-testid=\"conversation-turn-11\">\n<div class=\"px-4 py-2 justify-center text-base md:gap-6 m-auto\">\n<div class=\"flex flex-1 text-base mx-auto gap-3 md:px-5 lg:px-1 xl:px-5 md:max-w-3xl lg:max-w-[40rem] xl:max-w-[48rem] group final-completion\">\n<div class=\"relative flex w-full flex-col agent-turn\">\n<div class=\"flex-col gap-1 md:gap-3\">\n<div class=\"mt-1 flex justify-start gap-3 empty:hidden\">\n<div class=\"text-gray-400 flex self-end lg:self-center items-center justify-center lg:justify-start mt-0 -ml-1 h-7 gap-[2px] visible\"><strong>BELLUNO<\/strong> La Pro Loco Pieve Castionese, in collaborazione con le frazioni di Castion, organizza quattro serate di racconti e suggestioni sull&#8217;emozione della montagna. La terza serata, gioved\u00ec 4 aprile alle ore 21:00 presso la Cooperativa di Cirvoi &#8211; Castion, Belluno, presenta &#8220;A passo di pecora, il viaggio di una pastora transumante&#8221;, con l&#8217;autrice Caterina De Boni. Caterina, pastora transumante, conduce il pubblico in un affascinante viaggio tra le montagne attraverso immagini, racconti e musiche, offrendo una visione autentica e profonda del suo mestiere e della vita stessa. Durante l&#8217;incontro sar\u00e0 possibile acquistare il libro con dedica dell&#8217;autrice. Ingresso libero. Per ulteriori informazioni, visitare il sito www.castion-belluno.it.<\/div>\n<\/div>\n<\/div>\n<\/div>\n<\/div>\n<\/div>\n<\/div>\n<\/div>\n<\/div>\n<\/div>\n<\/div>\n<\/div>\n<p>&nbsp;<\/p>\n<p>&nbsp;<\/p>\n<hr \/>\n<p>&nbsp;<\/p>\n<h2><span style=\"color: #ff0000;\"><a class=\"dt-pswp-item\" href=\"https:\/\/www.radiopiu.net\/wordpress\/wp-content\/uploads\/2018\/09\/appuntamenti.jpeg\" data-dt-img-description=\"\" data-large_image_width=\"800\" data-large_image_height=\"100\"><img loading=\"lazy\" decoding=\"async\" class=\"wp-image-61958 size-full aligncenter\" src=\"https:\/\/www.radiopiu.net\/wordpress\/wp-content\/uploads\/2018\/09\/appuntamenti.jpeg\" alt=\"\" width=\"800\" height=\"100\" srcset=\"https:\/\/www.radiopiu.net\/wordpress\/wp-content\/uploads\/2018\/09\/appuntamenti.jpeg 800w, https:\/\/www.radiopiu.net\/wordpress\/wp-content\/uploads\/2018\/09\/appuntamenti-300x38.jpeg 300w, https:\/\/www.radiopiu.net\/wordpress\/wp-content\/uploads\/2018\/09\/appuntamenti-768x96.jpeg 768w\" sizes=\"auto, (max-width: 800px) 100vw, 800px\" \/><\/a><\/span><\/h2>\n<div>\n<div class=\"\" dir=\"auto\">\n<div id=\":r9h:\" class=\"x1iorvi4 x1pi30zi x1l90r2v x1swvt13\" data-ad-comet-preview=\"message\" data-ad-preview=\"message\">\n<div class=\"x78zum5 xdt5ytf xz62fqu x16ldp7u\">\n<div class=\"xu06os2 x1ok221b\">\n<h2><a class=\"dt-pswp-item\" href=\"https:\/\/www.radiopiu.net\/wordpress\/wp-content\/uploads\/2024\/04\/locandinapg1.jpg\" data-dt-img-description=\"\" data-large_image_width=\"420\" data-large_image_height=\"600\"><img loading=\"lazy\" decoding=\"async\" class=\" wp-image-382267 alignleft\" src=\"https:\/\/www.radiopiu.net\/wordpress\/wp-content\/uploads\/2024\/04\/locandinapg1-210x300.jpg\" alt=\"\" width=\"96\" height=\"137\" srcset=\"https:\/\/www.radiopiu.net\/wordpress\/wp-content\/uploads\/2024\/04\/locandinapg1-210x300.jpg 210w, https:\/\/www.radiopiu.net\/wordpress\/wp-content\/uploads\/2024\/04\/locandinapg1.jpg 420w\" sizes=\"auto, (max-width: 96px) 100vw, 96px\" \/><\/a>AL CINEMA DOLOMITI DI FALCADE SI SCALDANO I MOTORI<\/h2>\n<p><strong>FALCADE<\/strong> Venerd\u00ec, sabato e domenica torna il grande cinema a Falcade. Al Cinema Dolomiti una pellicola dedicta agli amanti dei motori. RACE FOR GLORY &#8211; AUDI VS. LANCIA con Riccardo Scaramancio nel ruolo di Cesare Florio. L&#8217;epopea della Lancia nei rally. Spettacoli alle 21, domenica anche alle 15:30<\/p>\n<div class=\"x11i5rnm xat24cr x1mh8g0r x1vvkbs xtlvy1s x126k92a\">\n<div dir=\"auto\">\n<div>\n<div class=\"\" dir=\"auto\">\n<div id=\":r9h:\" class=\"x1iorvi4 x1pi30zi x1l90r2v x1swvt13\" data-ad-comet-preview=\"message\" data-ad-preview=\"message\">\n<div class=\"x78zum5 xdt5ytf xz62fqu x16ldp7u\">\n<div class=\"xu06os2 x1ok221b\">\n<div>\n<div class=\"\" dir=\"auto\">\n<div id=\":r9h:\" class=\"x1iorvi4 x1pi30zi x1l90r2v x1swvt13\" data-ad-comet-preview=\"message\" data-ad-preview=\"message\">\n<div class=\"x78zum5 xdt5ytf xz62fqu x16ldp7u\">\n<div class=\"xu06os2 x1ok221b\">\n<div dir=\"auto\">\n<p><strong>BELLUNO<\/strong> Lo SPI CGIL di Belluno organizza un incontro per parlare del Parco Nazionale Dolomiti Bellunesi dal titolo &#8220;Un patrimonio da proteggere&#8221;. Appuntamento in sala Bianchi gioved\u00ec a partire dalle 20. Introduce Maria Rita Gentilin, segretario generale Spi CGIL Belluno, interviene il dott. Enrico Vettorazzo, responsabile del servizio educazione e ricerca del Parco.<\/p>\n<p><strong>BELLUNO <\/strong>La 71a Stagione 2024 del Circolo Culturale Bellunese presenta due concerti: Gioved\u00ec 4 aprile 2024, alle 20:30, Armida Quartett all&#8217;Auditorium del Liceo Lollino con Mozart, Dutilleux e Dvo\u0159\u00e1k. Domenica 7 aprile 2024, alle 11:00, Steffani Viola Ensemble al Palazzo Fulcis con Bach, Telemann, Dittersdorf, \u010cajkovskij, Satie, Mascagni, Bridge e Alb\u00e9niz. In collaborazione con il Conservatorio di Musica A. Steffani di Castelfranco Veneto (TV).<\/p>\n<\/div>\n<\/div>\n<\/div>\n<\/div>\n<\/div>\n<\/div>\n<div>\n<div class=\"\" dir=\"auto\">\n<div id=\":r9h:\" class=\"x1iorvi4 x1pi30zi x1l90r2v x1swvt13\" data-ad-comet-preview=\"message\" data-ad-preview=\"message\">\n<div class=\"x78zum5 xdt5ytf xz62fqu x16ldp7u\">\n<div class=\"xu06os2 x1ok221b\">\n<p><strong>BORGO VALBELLUNA\u00a0<\/strong>Il Coro Polifonico di Trichiana organizza per sabato alle 20 :30 nella chiesa di Trichiana un concerto benefico per il Gruppo Autismo di Belluno dal titolo &#8220;Guardami negli occhi&#8221;<\/p>\n<p>&nbsp;<\/p>\n<\/div>\n<\/div>\n<\/div>\n<\/div>\n<\/div>\n<div class=\"\" dir=\"auto\">\n<div id=\":r9h:\" class=\"x1iorvi4 x1pi30zi x1l90r2v x1swvt13\" data-ad-comet-preview=\"message\" data-ad-preview=\"message\">\n<div class=\"x78zum5 xdt5ytf xz62fqu x16ldp7u\">\n<div class=\"xu06os2 x1ok221b\">\n<h3 dir=\"auto\"><\/h3>\n<h3 dir=\"auto\">7 APRILE, LARESEI! SAVE THE DATE FESTIVAL &#8220;ULTIMISSIME&#8221; CON CAROLINA MARQUEZ, MASSIMILIANO OSSINI, CAMILLA RONCHI, ICE MC,\u00a0\u00a0\u00a0 NATHALIE AARTS, ALIEN CUT\u00a0 E SATURNINO Acquista il tuo biglietto d&#8217;ingresso al link: www.ciaotickets.com \u00a0 save-the-date-festival 7 APRILE RIFUGIO LARESEI SKI AREA SAN PELLEGRINO-FALCADE<\/h3>\n<\/div>\n<\/div>\n<\/div>\n<\/div>\n<div>\n<div class=\"\" dir=\"auto\">\n<div id=\":r9h:\" class=\"x1iorvi4 x1pi30zi x1l90r2v x1swvt13\" data-ad-comet-preview=\"message\" data-ad-preview=\"message\">\n\n\t\t\t<style type='text\/css'>\n\t\t\t\t#gallery-7 {\n\t\t\t\t\tmargin: auto;\n\t\t\t\t}\n\t\t\t\t#gallery-7 .gallery-item {\n\t\t\t\t\tfloat: left;\n\t\t\t\t\tmargin-top: 10px;\n\t\t\t\t\ttext-align: center;\n\t\t\t\t\twidth: 25%;\n\t\t\t\t}\n\t\t\t\t#gallery-7 img {\n\t\t\t\t\tborder: 2px solid #cfcfcf;\n\t\t\t\t}\n\t\t\t\t#gallery-7 .gallery-caption {\n\t\t\t\t\tmargin-left: 0;\n\t\t\t\t}\n\t\t\t\t\/* see gallery_shortcode() in wp-includes\/media.php *\/\n\t\t\t<\/style>\n\t\t<div id='gallery-7' class='dt-gallery-container gallery galleryid-382126 gallery-columns-4 gallery-size-medium'><dl class='gallery-item'>\n\t\t\t\t<dt class='gallery-icon portrait'>\n\t\t\t\t\t<a class=\"rollover rollover-zoom dt-pswp-item\" title=\"SCR-20240306-qmql\" data-dt-img-description=\"\" data-large_image_width=\"1182\" data-large_image_height=\"1192\"href='https:\/\/www.radiopiu.net\/wordpress\/wp-content\/uploads\/2024\/03\/SCR-20240306-qmql.jpeg'><img loading=\"lazy\" decoding=\"async\" width=\"297\" height=\"300\" src=\"https:\/\/www.radiopiu.net\/wordpress\/wp-content\/uploads\/2024\/03\/SCR-20240306-qmql-297x300.jpeg\" class=\"attachment-medium size-medium\" alt=\"\" srcset=\"https:\/\/www.radiopiu.net\/wordpress\/wp-content\/uploads\/2024\/03\/SCR-20240306-qmql-297x300.jpeg 297w, https:\/\/www.radiopiu.net\/wordpress\/wp-content\/uploads\/2024\/03\/SCR-20240306-qmql-1015x1024.jpeg 1015w, https:\/\/www.radiopiu.net\/wordpress\/wp-content\/uploads\/2024\/03\/SCR-20240306-qmql-768x774.jpeg 768w, https:\/\/www.radiopiu.net\/wordpress\/wp-content\/uploads\/2024\/03\/SCR-20240306-qmql.jpeg 1182w\" sizes=\"auto, (max-width: 297px) 100vw, 297px\" \/><\/a>\n\t\t\t\t<\/dt><\/dl><dl class='gallery-item'>\n\t\t\t\t<dt class='gallery-icon landscape'>\n\t\t\t\t\t<a class=\"rollover rollover-zoom dt-pswp-item\" title=\"download\" data-dt-img-description=\"\" data-large_image_width=\"316\" data-large_image_height=\"315\"href='https:\/\/www.radiopiu.net\/wordpress\/wp-content\/uploads\/2024\/03\/download.jpg'><img loading=\"lazy\" decoding=\"async\" width=\"300\" height=\"300\" src=\"https:\/\/www.radiopiu.net\/wordpress\/wp-content\/uploads\/2024\/03\/download-300x300.jpg\" class=\"attachment-medium size-medium\" alt=\"\" srcset=\"https:\/\/www.radiopiu.net\/wordpress\/wp-content\/uploads\/2024\/03\/download-300x300.jpg 300w, https:\/\/www.radiopiu.net\/wordpress\/wp-content\/uploads\/2024\/03\/download-150x150.jpg 150w, https:\/\/www.radiopiu.net\/wordpress\/wp-content\/uploads\/2024\/03\/download.jpg 316w\" sizes=\"auto, (max-width: 300px) 100vw, 300px\" \/><\/a>\n\t\t\t\t<\/dt><\/dl><dl class='gallery-item'>\n\t\t\t\t<dt class='gallery-icon landscape'>\n\t\t\t\t\t<a class=\"rollover rollover-zoom dt-pswp-item\" title=\"download\" data-dt-img-description=\"\" data-large_image_width=\"640\" data-large_image_height=\"639\"href='https:\/\/www.radiopiu.net\/wordpress\/wp-content\/uploads\/2024\/02\/download-6.jpg'><img loading=\"lazy\" decoding=\"async\" width=\"300\" height=\"300\" src=\"https:\/\/www.radiopiu.net\/wordpress\/wp-content\/uploads\/2024\/02\/download-6-300x300.jpg\" class=\"attachment-medium size-medium\" alt=\"\" srcset=\"https:\/\/www.radiopiu.net\/wordpress\/wp-content\/uploads\/2024\/02\/download-6-300x300.jpg 300w, https:\/\/www.radiopiu.net\/wordpress\/wp-content\/uploads\/2024\/02\/download-6-150x150.jpg 150w, https:\/\/www.radiopiu.net\/wordpress\/wp-content\/uploads\/2024\/02\/download-6.jpg 640w\" sizes=\"auto, (max-width: 300px) 100vw, 300px\" \/><\/a>\n\t\t\t\t<\/dt><\/dl><dl class='gallery-item'>\n\t\t\t\t<dt class='gallery-icon landscape'>\n\t\t\t\t\t<a class=\"rollover rollover-zoom dt-pswp-item\" title=\"Senza nome\" data-dt-img-description=\"\" data-large_image_width=\"566\" data-large_image_height=\"463\"href='https:\/\/www.radiopiu.net\/wordpress\/wp-content\/uploads\/2024\/03\/Senza-nome-4.png'><img loading=\"lazy\" decoding=\"async\" width=\"300\" height=\"245\" src=\"https:\/\/www.radiopiu.net\/wordpress\/wp-content\/uploads\/2024\/03\/Senza-nome-4-300x245.png\" class=\"attachment-medium size-medium\" alt=\"\" srcset=\"https:\/\/www.radiopiu.net\/wordpress\/wp-content\/uploads\/2024\/03\/Senza-nome-4-300x245.png 300w, https:\/\/www.radiopiu.net\/wordpress\/wp-content\/uploads\/2024\/03\/Senza-nome-4.png 566w\" sizes=\"auto, (max-width: 300px) 100vw, 300px\" \/><\/a>\n\t\t\t\t<\/dt><\/dl><br style=\"clear: both\" \/><dl class='gallery-item'>\n\t\t\t\t<dt class='gallery-icon landscape'>\n\t\t\t\t\t<a class=\"rollover rollover-zoom dt-pswp-item\" title=\"download\" data-dt-img-description=\"\" data-large_image_width=\"640\" data-large_image_height=\"639\"href='https:\/\/www.radiopiu.net\/wordpress\/wp-content\/uploads\/2024\/02\/download-5.jpg'><img loading=\"lazy\" decoding=\"async\" width=\"300\" height=\"300\" src=\"https:\/\/www.radiopiu.net\/wordpress\/wp-content\/uploads\/2024\/02\/download-5-300x300.jpg\" class=\"attachment-medium size-medium\" alt=\"\" srcset=\"https:\/\/www.radiopiu.net\/wordpress\/wp-content\/uploads\/2024\/02\/download-5-300x300.jpg 300w, https:\/\/www.radiopiu.net\/wordpress\/wp-content\/uploads\/2024\/02\/download-5-150x150.jpg 150w, https:\/\/www.radiopiu.net\/wordpress\/wp-content\/uploads\/2024\/02\/download-5.jpg 640w\" sizes=\"auto, (max-width: 300px) 100vw, 300px\" \/><\/a>\n\t\t\t\t<\/dt><\/dl><dl class='gallery-item'>\n\t\t\t\t<dt class='gallery-icon landscape'>\n\t\t\t\t\t<a class=\"rollover rollover-zoom dt-pswp-item\" title=\"Senza nome\" data-dt-img-description=\"\" data-large_image_width=\"415\" data-large_image_height=\"390\"href='https:\/\/www.radiopiu.net\/wordpress\/wp-content\/uploads\/2024\/03\/Senza-nome-10.png'><img loading=\"lazy\" decoding=\"async\" width=\"300\" height=\"282\" src=\"https:\/\/www.radiopiu.net\/wordpress\/wp-content\/uploads\/2024\/03\/Senza-nome-10-300x282.png\" class=\"attachment-medium size-medium\" alt=\"\" srcset=\"https:\/\/www.radiopiu.net\/wordpress\/wp-content\/uploads\/2024\/03\/Senza-nome-10-300x282.png 300w, https:\/\/www.radiopiu.net\/wordpress\/wp-content\/uploads\/2024\/03\/Senza-nome-10.png 415w\" sizes=\"auto, (max-width: 300px) 100vw, 300px\" \/><\/a>\n\t\t\t\t<\/dt><\/dl><dl class='gallery-item'>\n\t\t\t\t<dt class='gallery-icon landscape'>\n\t\t\t\t\t<a class=\"rollover rollover-zoom dt-pswp-item\" title=\"19c21029-a0ef-4986-8081-9facbbbce065\" data-dt-img-description=\"\" data-large_image_width=\"1080\" data-large_image_height=\"1080\"href='https:\/\/www.radiopiu.net\/wordpress\/wp-content\/uploads\/2024\/02\/19c21029-a0ef-4986-8081-9facbbbce065.jpg'><img loading=\"lazy\" decoding=\"async\" width=\"300\" height=\"300\" src=\"https:\/\/www.radiopiu.net\/wordpress\/wp-content\/uploads\/2024\/02\/19c21029-a0ef-4986-8081-9facbbbce065-300x300.jpg\" class=\"attachment-medium size-medium\" alt=\"\" srcset=\"https:\/\/www.radiopiu.net\/wordpress\/wp-content\/uploads\/2024\/02\/19c21029-a0ef-4986-8081-9facbbbce065-300x300.jpg 300w, https:\/\/www.radiopiu.net\/wordpress\/wp-content\/uploads\/2024\/02\/19c21029-a0ef-4986-8081-9facbbbce065-1024x1024.jpg 1024w, https:\/\/www.radiopiu.net\/wordpress\/wp-content\/uploads\/2024\/02\/19c21029-a0ef-4986-8081-9facbbbce065-150x150.jpg 150w, https:\/\/www.radiopiu.net\/wordpress\/wp-content\/uploads\/2024\/02\/19c21029-a0ef-4986-8081-9facbbbce065-768x768.jpg 768w, https:\/\/www.radiopiu.net\/wordpress\/wp-content\/uploads\/2024\/02\/19c21029-a0ef-4986-8081-9facbbbce065.jpg 1080w\" sizes=\"auto, (max-width: 300px) 100vw, 300px\" \/><\/a>\n\t\t\t\t<\/dt><\/dl><dl class='gallery-item'>\n\t\t\t\t<dt class='gallery-icon landscape'>\n\t\t\t\t\t<a class=\"rollover rollover-zoom dt-pswp-item\" title=\"428458808_122124610286160269_8403615925720421881_n\" data-dt-img-description=\"\" data-large_image_width=\"526\" data-large_image_height=\"526\"href='https:\/\/www.radiopiu.net\/wordpress\/wp-content\/uploads\/2024\/02\/428458808_122124610286160269_8403615925720421881_n.jpg'><img loading=\"lazy\" decoding=\"async\" width=\"300\" height=\"300\" src=\"https:\/\/www.radiopiu.net\/wordpress\/wp-content\/uploads\/2024\/02\/428458808_122124610286160269_8403615925720421881_n-300x300.jpg\" class=\"attachment-medium size-medium\" alt=\"\" srcset=\"https:\/\/www.radiopiu.net\/wordpress\/wp-content\/uploads\/2024\/02\/428458808_122124610286160269_8403615925720421881_n-300x300.jpg 300w, https:\/\/www.radiopiu.net\/wordpress\/wp-content\/uploads\/2024\/02\/428458808_122124610286160269_8403615925720421881_n-150x150.jpg 150w, https:\/\/www.radiopiu.net\/wordpress\/wp-content\/uploads\/2024\/02\/428458808_122124610286160269_8403615925720421881_n.jpg 526w\" sizes=\"auto, (max-width: 300px) 100vw, 300px\" \/><\/a>\n\t\t\t\t<\/dt><\/dl><br style=\"clear: both\" \/>\n\t\t\t<\/div>\n\n<\/div>\n<\/div>\n<\/div>\n<\/div>\n<\/div>\n<\/div>\n<\/div>\n<\/div>\n<p>&nbsp;<\/p>\n<\/div>\n<\/div>\n<p>&nbsp;<\/p>\n<p>&nbsp;<\/p>\n<div>\n<div class=\"\" dir=\"auto\">\n<div id=\":r9h:\" class=\"x1iorvi4 x1pi30zi x1l90r2v x1swvt13\" data-ad-comet-preview=\"message\" data-ad-preview=\"message\">\n<div class=\"x78zum5 xdt5ytf xz62fqu x16ldp7u\">\n<div class=\"xu06os2 x1ok221b\">\n<div dir=\"auto\">\n<h2><span style=\"color: #ff0000;\">PROSSIMAMENTE&#8230;<\/span><\/h2>\n<p><strong>BELLUNO\u00a0<\/strong>La rassegna &#8220;A casa di Dino&#8221;, riprende dopo una pausa, organizzata dall\u2019Associazione Culturale Villa Buzzati S. Pellegrino &#8211; il Granaio. L&#8217;obiettivo \u00e8 portare l&#8217;eredit\u00e0 di Buzzati dalla sua citt\u00e0 natale a Belluno, coinvolgendo appassionati e nuovi pubblici. Tre incontri con autori, studiosi e artisti contemporanei esploreranno la figura di Buzzati attraverso la letteratura, l&#8217;arte, la poesia e la musica. Il primo evento, un concerto di strada, si terr\u00e0 il 12 aprile 2024, alle 18:30, al Giardino Loris Tormen di Belluno (o in alternativa presso la Sala De Luca Borgo Pr\u00e0 in caso di pioggia).<\/p>\n<p><strong>LIVINALLONGO<\/strong> Il gruppo &#8220;Insieme si pu\u00f2 Fodom&#8221; organizza un teatro di beneficenza sabato 13 aprile alle 20:30 in sala conferenze di Arabba con la Nuova Compagnia del teatro di Brunico dal titolo &#8220;Non sono un gigol\u00f2&#8221;.\u00a0 L&#8217;evento teatrale mira a raccogliere fondi per aiutare i bambini bisognosi nel villaggio di don Abraham.<\/p>\n<p><strong>FALCADE <\/strong>DESPERADOS, DUE GIORNI DI FESTA CON LA QUINTA LICEO, AL PALAFALCADE. VENERDI 19 APRILE DALLE 18 APERITIVO E ALLE 20 IL BALLO LISCIO CON &#8221; \u201ci prestazione occasionale, GI\u00e0 QUELLI CHE IL LISCIO&#8221; SABATO 20 APRILE, DALLE 17 TORNEO DI BRISCOLA E CALCETTO E DALLE 21 DESPERADOS PARTY!!!! CON BASSLINE DJ, DALLA MEZZANOTTE HAPPY HALF HOUR info 3482996318<\/p>\n<\/div>\n<\/div>\n<\/div>\n<\/div>\n<\/div>\n<\/div>\n<\/div>\n<\/div>\n<\/div>\n<\/div>\n<\/div>\n<h2>IL 13 APRILE IL CONCERTO DI MARCO V DAL FARRA AL TEATRO SAN FELICE DI BELLUNO<\/h2>\n\n\t\t\t<style type='text\/css'>\n\t\t\t\t#gallery-8 {\n\t\t\t\t\tmargin: auto;\n\t\t\t\t}\n\t\t\t\t#gallery-8 .gallery-item {\n\t\t\t\t\tfloat: left;\n\t\t\t\t\tmargin-top: 10px;\n\t\t\t\t\ttext-align: center;\n\t\t\t\t\twidth: 100%;\n\t\t\t\t}\n\t\t\t\t#gallery-8 img {\n\t\t\t\t\tborder: 2px solid #cfcfcf;\n\t\t\t\t}\n\t\t\t\t#gallery-8 .gallery-caption {\n\t\t\t\t\tmargin-left: 0;\n\t\t\t\t}\n\t\t\t\t\/* see gallery_shortcode() in wp-includes\/media.php *\/\n\t\t\t<\/style>\n\t\t<div id='gallery-8' class='dt-gallery-container gallery galleryid-382126 gallery-columns-1 gallery-size-medium'><dl class='gallery-item'>\n\t\t\t\t<dt class='gallery-icon portrait'>\n\t\t\t\t\t<a class=\"rollover rollover-zoom dt-pswp-item\" title=\"ff5ef01c-49c1-48a5-9225-b7d8260b55df\" data-dt-img-description=\"\" data-large_image_width=\"877\" data-large_image_height=\"1241\"href='https:\/\/www.radiopiu.net\/wordpress\/wp-content\/uploads\/2024\/03\/ff5ef01c-49c1-48a5-9225-b7d8260b55df.jpg'><img loading=\"lazy\" decoding=\"async\" width=\"212\" height=\"300\" src=\"https:\/\/www.radiopiu.net\/wordpress\/wp-content\/uploads\/2024\/03\/ff5ef01c-49c1-48a5-9225-b7d8260b55df-212x300.jpg\" class=\"attachment-medium size-medium\" alt=\"\" srcset=\"https:\/\/www.radiopiu.net\/wordpress\/wp-content\/uploads\/2024\/03\/ff5ef01c-49c1-48a5-9225-b7d8260b55df-212x300.jpg 212w, https:\/\/www.radiopiu.net\/wordpress\/wp-content\/uploads\/2024\/03\/ff5ef01c-49c1-48a5-9225-b7d8260b55df-724x1024.jpg 724w, https:\/\/www.radiopiu.net\/wordpress\/wp-content\/uploads\/2024\/03\/ff5ef01c-49c1-48a5-9225-b7d8260b55df-768x1087.jpg 768w, https:\/\/www.radiopiu.net\/wordpress\/wp-content\/uploads\/2024\/03\/ff5ef01c-49c1-48a5-9225-b7d8260b55df.jpg 877w\" sizes=\"auto, (max-width: 212px) 100vw, 212px\" \/><\/a>\n\t\t\t\t<\/dt><\/dl><br style=\"clear: both\" \/>\n\t\t\t<\/div>\n\n<p>&nbsp;<\/p>\n<p>&nbsp;<\/p>\n<hr \/>\n<p>&nbsp;<\/p>\n<blockquote class=\"wp-embedded-content\" data-secret=\"Ip64rBa7ZV\"><p><a href=\"https:\/\/www.radiopiu.net\/wordpress\/lotteria-di-san-vincenzo-lape-cross-piaggio-al-numero-5-1-7-9\/\">LOTTERIA DI SAN VINCENZO, L&#8217;APE CROSS PIAGGIO AL NUMERO 5 1 7 9<\/a><\/p><\/blockquote>\n<p><iframe loading=\"lazy\" class=\"wp-embedded-content\" sandbox=\"allow-scripts\" security=\"restricted\" style=\"position: absolute; clip: rect(1px, 1px, 1px, 1px);\" title=\"&#8220;LOTTERIA DI SAN VINCENZO, L&#8217;APE CROSS PIAGGIO AL NUMERO 5 1 7 9&#8221; &#8212; Radio Pi\u00f9\" src=\"https:\/\/www.radiopiu.net\/wordpress\/lotteria-di-san-vincenzo-lape-cross-piaggio-al-numero-5-1-7-9\/embed\/#?secret=iQiFcyFzwo#?secret=Ip64rBa7ZV\" data-secret=\"Ip64rBa7ZV\" width=\"600\" height=\"338\" frameborder=\"0\" marginwidth=\"0\" marginheight=\"0\" scrolling=\"no\"><\/iframe><\/p>\n<p>&nbsp;<\/p>\n<blockquote class=\"wp-embedded-content\" data-secret=\"lgp63V6Zqa\"><p><a href=\"https:\/\/www.radiopiu.net\/wordpress\/lotteria-sagra-de-pasca-i-biglietti-estratti\/\">LOTTERIA SAGRA DE PASCA, I BIGLIETTI ESTRATTI<\/a><\/p><\/blockquote>\n<p><iframe loading=\"lazy\" class=\"wp-embedded-content\" sandbox=\"allow-scripts\" security=\"restricted\" style=\"position: absolute; clip: rect(1px, 1px, 1px, 1px);\" title=\"&#8220;LOTTERIA SAGRA DE PASCA, I BIGLIETTI ESTRATTI&#8221; &#8212; Radio Pi\u00f9\" src=\"https:\/\/www.radiopiu.net\/wordpress\/lotteria-sagra-de-pasca-i-biglietti-estratti\/embed\/#?secret=brslfEZf6Y#?secret=lgp63V6Zqa\" data-secret=\"lgp63V6Zqa\" width=\"600\" height=\"338\" frameborder=\"0\" marginwidth=\"0\" marginheight=\"0\" scrolling=\"no\"><\/iframe><\/p>\n<p>&nbsp;<\/p>\n<p>&nbsp;<\/p>\n<hr \/>\n<p>&nbsp;<\/p>\n<p><a class=\"dt-pswp-item\" href=\"https:\/\/www.radiopiu.net\/wordpress\/wp-content\/uploads\/2018\/09\/viabilita.jpeg\" data-dt-img-description=\"\" data-large_image_width=\"800\" data-large_image_height=\"100\"><img loading=\"lazy\" decoding=\"async\" class=\"aligncenter wp-image-61954 size-full\" src=\"https:\/\/www.radiopiu.net\/wordpress\/wp-content\/uploads\/2018\/09\/viabilita.jpeg\" alt=\"\" width=\"800\" height=\"100\" srcset=\"https:\/\/www.radiopiu.net\/wordpress\/wp-content\/uploads\/2018\/09\/viabilita.jpeg 800w, https:\/\/www.radiopiu.net\/wordpress\/wp-content\/uploads\/2018\/09\/viabilita-300x38.jpeg 300w, https:\/\/www.radiopiu.net\/wordpress\/wp-content\/uploads\/2018\/09\/viabilita-768x96.jpeg 768w\" sizes=\"auto, (max-width: 800px) 100vw, 800px\" \/><\/a><\/p>\n<p>&nbsp;<\/p>\n<p><a class=\"dt-pswp-item\" href=\"https:\/\/www.radiopiu.net\/wordpress\/wp-content\/uploads\/2023\/12\/botol-car-service.jpg\" data-dt-img-description=\"\" data-large_image_width=\"600\" data-large_image_height=\"600\"><img loading=\"lazy\" decoding=\"async\" class=\"size-medium wp-image-367044 aligncenter\" src=\"https:\/\/www.radiopiu.net\/wordpress\/wp-content\/uploads\/2023\/12\/botol-car-service-300x300.jpg\" alt=\"\" width=\"300\" height=\"300\" srcset=\"https:\/\/www.radiopiu.net\/wordpress\/wp-content\/uploads\/2023\/12\/botol-car-service-300x300.jpg 300w, https:\/\/www.radiopiu.net\/wordpress\/wp-content\/uploads\/2023\/12\/botol-car-service-150x150.jpg 150w, https:\/\/www.radiopiu.net\/wordpress\/wp-content\/uploads\/2023\/12\/botol-car-service.jpg 600w\" sizes=\"auto, (max-width: 300px) 100vw, 300px\" \/><\/a><\/p>\n<p>&nbsp;<\/p>\n<p>&nbsp;<\/p>\n<h1>BOLLETTINO QUOTIDIANO, CLICCA QUI<\/h1>\n<blockquote class=\"wp-embedded-content\" data-secret=\"0SzPRPJ9BG\"><p><a href=\"https:\/\/www.radiopiu.net\/wordpress\/viabilita\/\">viabilita<\/a><\/p><\/blockquote>\n<p><iframe loading=\"lazy\" class=\"wp-embedded-content\" sandbox=\"allow-scripts\" security=\"restricted\" style=\"position: absolute; clip: rect(1px, 1px, 1px, 1px);\" title=\"&#8220;viabilita&#8221; &#8212; Radio Pi\u00f9\" src=\"https:\/\/www.radiopiu.net\/wordpress\/viabilita\/embed\/#?secret=nIwwFAHBFr#?secret=0SzPRPJ9BG\" data-secret=\"0SzPRPJ9BG\" width=\"600\" height=\"338\" frameborder=\"0\" marginwidth=\"0\" marginheight=\"0\" scrolling=\"no\"><\/iframe><\/p>\n<p>&nbsp;<\/p>\n<p>&nbsp;<\/p>\n<hr \/>\n<p>&nbsp;<\/p>\n<p><a class=\"dt-pswp-item\" href=\"https:\/\/www.radiopiu.net\/wordpress\/wp-content\/uploads\/2018\/09\/WhatsApp-Image-2018-09-20-at-16.04.06.jpeg\" data-dt-img-description=\"\" data-large_image_width=\"800\" data-large_image_height=\"100\"><img loading=\"lazy\" decoding=\"async\" class=\"wp-image-61378 size-full aligncenter\" src=\"https:\/\/www.radiopiu.net\/wordpress\/wp-content\/uploads\/2018\/09\/WhatsApp-Image-2018-09-20-at-16.04.06.jpeg\" alt=\"\" width=\"800\" height=\"100\" srcset=\"https:\/\/www.radiopiu.net\/wordpress\/wp-content\/uploads\/2018\/09\/WhatsApp-Image-2018-09-20-at-16.04.06.jpeg 800w, https:\/\/www.radiopiu.net\/wordpress\/wp-content\/uploads\/2018\/09\/WhatsApp-Image-2018-09-20-at-16.04.06-300x38.jpeg 300w, https:\/\/www.radiopiu.net\/wordpress\/wp-content\/uploads\/2018\/09\/WhatsApp-Image-2018-09-20-at-16.04.06-768x96.jpeg 768w\" sizes=\"auto, (max-width: 800px) 100vw, 800px\" \/><\/a><\/p>\n<p><center><\/center><center><\/center><center><\/center><center><\/center><center><\/center><center><\/center>&nbsp;<\/p>\n<p><center><\/center><center><b>OGGI<\/b><\/center>Aumento della nuvolosit\u00e0 fino a molto nuvoloso durante le ore centrali della giornata, dal tardo pomeriggio irregolari schiarite a partire da prealpi veronesi e vicentine in estensione pi\u00f9 tardi al bellunese.<br \/>\n<b>Precipitazioni: <\/b>Tra la tarda mattinata e met\u00e0 pomeriggio probabilit\u00e0 medio-alta di precipitazioni deboli sparse, con qualche rovescio possibile su Prealpi.<br \/>\n<b>Temperature: <\/b>Temperature diurne in lieve calo.<\/p>\n<hr \/>\n<p><center><b>DOMANI<\/b><\/center>Soleggiato con il rischio di nebbie o nubi basse in qualche valle tra notte e primo mattino. In giornata modesta attivit\u00e0 cumuliforme a ridosso dei rilievi assieme alla presenza di velature dal mezzogiorno in poi.<br \/>\n<b>Precipitazioni: <\/b>Assenti<br \/>\n<b>Temperature: <\/b>Temperature minime stazionarie, massime in ripresa ovunque.<\/p>\n<hr \/>\n<p><center><b>VENERDI<\/b><\/center>Tempo stabile ma con possibili nubi basse fino al primo mattino in alcuni fondovalle, in giornata soleggiato con sottili velature e modesti addensamenti nel pomeriggio su Prealpi. Temperature in ulteriore marcato aumento a tutte le quote.<\/p>\n<hr \/>\n<p><center><b>SABATO<\/b><\/center>Tempo stabile con cielo sereno o poco nuvoloso. Temperature in ulteriore generale aumento con valori molto elevati per il periodo<\/p>\n<p>&nbsp;<\/p>\n<hr \/>\n<p>&nbsp;<\/p>\n<p><img loading=\"lazy\" decoding=\"async\" class=\"wp-image-60761 size-full aligncenter\" src=\"https:\/\/www.radiopiu.net\/wordpress\/wp-content\/uploads\/2018\/09\/sport.jpg\" alt=\"\" width=\"800\" height=\"100\" srcset=\"https:\/\/www.radiopiu.net\/wordpress\/wp-content\/uploads\/2018\/09\/sport.jpg 800w, https:\/\/www.radiopiu.net\/wordpress\/wp-content\/uploads\/2018\/09\/sport-300x38.jpg 300w, https:\/\/www.radiopiu.net\/wordpress\/wp-content\/uploads\/2018\/09\/sport-768x96.jpg 768w\" sizes=\"auto, (max-width: 800px) 100vw, 800px\" \/><\/p>\n<p>&nbsp;<\/p>\n<p><span style=\"color: #0000ff;\"><strong>SKI CROSS<\/strong><\/span><\/p>\n<blockquote>\n<h3>VAL DI FASSA AL COSTABELLA SKI AREA SAN PELLEGRINO I CAMPIONATI ITALIANI ASSOLUTI DI SKI CROSS<\/h3>\n<\/blockquote>\n<p><strong><a class=\"dt-pswp-item\" href=\"https:\/\/www.radiopiu.net\/wordpress\/wp-content\/uploads\/2024\/04\/IMG_3300.jpeg\" data-dt-img-description=\"\" data-large_image_width=\"640\" data-large_image_height=\"427\"><img loading=\"lazy\" decoding=\"async\" class=\" wp-image-382304 alignleft\" src=\"https:\/\/www.radiopiu.net\/wordpress\/wp-content\/uploads\/2024\/04\/IMG_3300-300x200.jpeg\" alt=\"\" width=\"161\" height=\"107\" srcset=\"https:\/\/www.radiopiu.net\/wordpress\/wp-content\/uploads\/2024\/04\/IMG_3300-300x200.jpeg 300w, https:\/\/www.radiopiu.net\/wordpress\/wp-content\/uploads\/2024\/04\/IMG_3300.jpeg 640w\" sizes=\"auto, (max-width: 161px) 100vw, 161px\" \/><\/a>PASSO SAN PELLEGRINO <\/strong>Domani nella Ski Area Costabella della Val di Fassa, si terranno i Campionati Italiani Assoluti di ski cross, in sostituzione di quelli previsti a Colere. Organizzati dallo Sci Club Marmirolo, l&#8217;evento assegner\u00e0 i titoli italiani maschili e femminili in un&#8217;unica giornata di gara. Tra i partecipanti confermati figura il campione del mondo trentino Simone Deromedis, gi\u00e0 campione italiano in carica. La pista da ski cross del Costabella, grazie alle eccellenti condizioni di innevamento e alla cura del percorso di gara, si conferma una scelta ideale anche a stagione avanzata. Sede federale di allenamento delle squadre nazionali, la pista fa parte del progetto &#8220;Piste Azzurre&#8221; in collaborazione con la FISI.<\/p>\n<p>&nbsp;<\/p>\n<hr \/>\n<p>&nbsp;<\/p>\n<h2><span style=\"color: #99cc00;\">GOODBYE BY BICICLE&#8230;UN VIAGGIO DALL&#8217;INDIA A SEREN DEL GRAPPA IN BICICLETTA<\/span><\/h2>\n<p><span style=\"color: #ff0000;\"><strong>PUNTATA 07 &#8211; L&#8217;IMPORTANZA DELLE CASE SUGLI ALBERI<\/strong><\/span><\/p>\n<audio class=\"wp-audio-shortcode\" id=\"audio-382126-22\" preload=\"none\" style=\"width: 100%;\" controls=\"controls\"><source type=\"audio\/mpeg\" src=\"https:\/\/www.radiopiu.net\/wordpress\/wp-content\/uploads\/2024\/03\/INDIA-AIRE-PUNTATA-07.mp3?_=22\" \/><a href=\"https:\/\/www.radiopiu.net\/wordpress\/wp-content\/uploads\/2024\/03\/INDIA-AIRE-PUNTATA-07.mp3\">https:\/\/www.radiopiu.net\/wordpress\/wp-content\/uploads\/2024\/03\/INDIA-AIRE-PUNTATA-07.mp3<\/a><\/audio>\n<p>&nbsp;<\/p>\n<p><strong>PER VISITARE I SITI DEI LUOGHI VISITATI, CLICCA SULLE SEGUENTI SCRITTE: <a href=\"https:\/\/m.facebook.com\/arpan.charitabletrust\">ARPAN CHARITABLE TRUST<\/a>\u00a0 \u00a0 <a href=\"https:\/\/adrijafoundation.org\/\">ADRIJA FOUNDATION<\/a><\/strong><\/p>\n\n\t\t\t<style type='text\/css'>\n\t\t\t\t#gallery-9 {\n\t\t\t\t\tmargin: auto;\n\t\t\t\t}\n\t\t\t\t#gallery-9 .gallery-item {\n\t\t\t\t\tfloat: left;\n\t\t\t\t\tmargin-top: 10px;\n\t\t\t\t\ttext-align: center;\n\t\t\t\t\twidth: 20%;\n\t\t\t\t}\n\t\t\t\t#gallery-9 img {\n\t\t\t\t\tborder: 2px solid #cfcfcf;\n\t\t\t\t}\n\t\t\t\t#gallery-9 .gallery-caption {\n\t\t\t\t\tmargin-left: 0;\n\t\t\t\t}\n\t\t\t\t\/* see gallery_shortcode() in wp-includes\/media.php *\/\n\t\t\t<\/style>\n\t\t<div id='gallery-9' class='dt-gallery-container gallery galleryid-382126 gallery-columns-5 gallery-size-thumbnail'><dl class='gallery-item'>\n\t\t\t\t<dt class='gallery-icon portrait'>\n\t\t\t\t\t<a class=\"rollover rollover-zoom dt-pswp-item\" title=\"22ca4609-8ce2-48f4-a478-6685940313d1\" data-dt-img-description=\"\" data-large_image_width=\"1200\" data-large_image_height=\"1600\"href='https:\/\/www.radiopiu.net\/wordpress\/wp-content\/uploads\/2024\/03\/22ca4609-8ce2-48f4-a478-6685940313d1.jpg'><img loading=\"lazy\" decoding=\"async\" width=\"150\" height=\"150\" src=\"https:\/\/www.radiopiu.net\/wordpress\/wp-content\/uploads\/2024\/03\/22ca4609-8ce2-48f4-a478-6685940313d1-150x150.jpg\" class=\"attachment-thumbnail size-thumbnail\" alt=\"\" \/><\/a>\n\t\t\t\t<\/dt><\/dl><dl class='gallery-item'>\n\t\t\t\t<dt class='gallery-icon portrait'>\n\t\t\t\t\t<a class=\"rollover rollover-zoom dt-pswp-item\" title=\"795e62e0-83ca-499b-8da8-b5369ae86ffe\" data-dt-img-description=\"\" data-large_image_width=\"1200\" data-large_image_height=\"1600\"href='https:\/\/www.radiopiu.net\/wordpress\/wp-content\/uploads\/2024\/03\/795e62e0-83ca-499b-8da8-b5369ae86ffe.jpg'><img loading=\"lazy\" decoding=\"async\" width=\"150\" height=\"150\" src=\"https:\/\/www.radiopiu.net\/wordpress\/wp-content\/uploads\/2024\/03\/795e62e0-83ca-499b-8da8-b5369ae86ffe-150x150.jpg\" class=\"attachment-thumbnail size-thumbnail\" alt=\"\" \/><\/a>\n\t\t\t\t<\/dt><\/dl><dl class='gallery-item'>\n\t\t\t\t<dt class='gallery-icon landscape'>\n\t\t\t\t\t<a class=\"rollover rollover-zoom dt-pswp-item\" title=\"3ff0b4e6-8de2-49fe-ae41-e36b21ff2801\" data-dt-img-description=\"\" data-large_image_width=\"1600\" data-large_image_height=\"1200\"href='https:\/\/www.radiopiu.net\/wordpress\/wp-content\/uploads\/2024\/03\/3ff0b4e6-8de2-49fe-ae41-e36b21ff2801.jpg'><img loading=\"lazy\" decoding=\"async\" width=\"150\" height=\"150\" src=\"https:\/\/www.radiopiu.net\/wordpress\/wp-content\/uploads\/2024\/03\/3ff0b4e6-8de2-49fe-ae41-e36b21ff2801-150x150.jpg\" class=\"attachment-thumbnail size-thumbnail\" alt=\"\" \/><\/a>\n\t\t\t\t<\/dt><\/dl><dl class='gallery-item'>\n\t\t\t\t<dt class='gallery-icon portrait'>\n\t\t\t\t\t<a class=\"rollover rollover-zoom dt-pswp-item\" title=\"b6180be2-c600-4078-9add-246f40d364cd\" data-dt-img-description=\"\" data-large_image_width=\"964\" data-large_image_height=\"1280\"href='https:\/\/www.radiopiu.net\/wordpress\/wp-content\/uploads\/2024\/03\/b6180be2-c600-4078-9add-246f40d364cd.jpg'><img loading=\"lazy\" decoding=\"async\" width=\"150\" height=\"150\" src=\"https:\/\/www.radiopiu.net\/wordpress\/wp-content\/uploads\/2024\/03\/b6180be2-c600-4078-9add-246f40d364cd-150x150.jpg\" class=\"attachment-thumbnail size-thumbnail\" alt=\"\" \/><\/a>\n\t\t\t\t<\/dt><\/dl><dl class='gallery-item'>\n\t\t\t\t<dt class='gallery-icon portrait'>\n\t\t\t\t\t<a class=\"rollover rollover-zoom dt-pswp-item\" title=\"281f7817-baa9-4c6e-b06d-8ad27d50d183\" data-dt-img-description=\"\" data-large_image_width=\"1200\" data-large_image_height=\"1600\"href='https:\/\/www.radiopiu.net\/wordpress\/wp-content\/uploads\/2024\/03\/281f7817-baa9-4c6e-b06d-8ad27d50d183.jpg'><img loading=\"lazy\" decoding=\"async\" width=\"150\" height=\"150\" src=\"https:\/\/www.radiopiu.net\/wordpress\/wp-content\/uploads\/2024\/03\/281f7817-baa9-4c6e-b06d-8ad27d50d183-150x150.jpg\" class=\"attachment-thumbnail size-thumbnail\" alt=\"\" \/><\/a>\n\t\t\t\t<\/dt><\/dl><br style=\"clear: both\" \/>\n\t\t\t<\/div>\n\n<p>&nbsp;<\/p>\n<h2>LA RACCOLTA COMPLETA <a href=\"https:\/\/www.radiopiu.net\/wordpress\/goodbye-by-bicicle-un-viaggio-dallindia-a-seren-del-grappa-in-bicicletta-07\/\"><span style=\"color: #0000ff;\">CLICCA QUI<\/span><\/a><\/h2>\n<p>&nbsp;<\/p>\n<p>&nbsp;<\/p>\n<p>&nbsp;<\/p>\n","protected":false},"excerpt":{"rendered":"<p>****** &nbsp; PER RICEVERE QUESTO NOTIZIARIO DIRETTAMENTE SUL TUO CELLULARE ISCRIVITI AL CANALE TELEGRAM \u201cRADIO PIU\u00a0 INFORMAZIONE&#8221;\u00a0 \u00a0il CANALE TELEGRAM&#8230; UNISCITI A: RADIO PIU INFORMAZIONE &nbsp; &nbsp; ATTENZIONE: LA NUOVA APP PER IOS-IPHONE di Nicola Vettorello https:\/\/apps.apple.com\/it\/app\/radio-pi%C3%B9-emittente-agordina\/id1515939845 ATTENZIONE: LA NUOVA APP RADIO\u00a0 PER ANDROID di Nicola Vettorello https:\/\/play.google.com\/store\/apps\/details?id=net.radiopiu.iniko\u00a0\u00a0 &nbsp; &nbsp; \u00a0\u00a0 ACQUA NON POTABILE A&hellip;<\/p>\n","protected":false},"author":4,"featured_media":382320,"comment_status":"closed","ping_status":"closed","sticky":false,"template":"","format":"standard","meta":{"_monsterinsights_skip_tracking":false,"_monsterinsights_sitenote_active":false,"_monsterinsights_sitenote_note":"","_monsterinsights_sitenote_category":0,"footnotes":""},"categories":[51,86,49],"tags":[],"class_list":["post-382126","post","type-post","status-publish","format-standard","has-post-thumbnail","hentry","category-evidenza-top","category-gr","category-news-18","category-51","category-86","category-49","description-off"],"img_url":"https:\/\/www.radiopiu.net\/wordpress\/wp-content\/uploads\/2024\/04\/photo1712075559.jpeg","_links":{"self":[{"href":"https:\/\/www.radiopiu.net\/wordpress\/wp-json\/wp\/v2\/posts\/382126","targetHints":{"allow":["GET"]}}],"collection":[{"href":"https:\/\/www.radiopiu.net\/wordpress\/wp-json\/wp\/v2\/posts"}],"about":[{"href":"https:\/\/www.radiopiu.net\/wordpress\/wp-json\/wp\/v2\/types\/post"}],"author":[{"embeddable":true,"href":"https:\/\/www.radiopiu.net\/wordpress\/wp-json\/wp\/v2\/users\/4"}],"replies":[{"embeddable":true,"href":"https:\/\/www.radiopiu.net\/wordpress\/wp-json\/wp\/v2\/comments?post=382126"}],"version-history":[{"count":0,"href":"https:\/\/www.radiopiu.net\/wordpress\/wp-json\/wp\/v2\/posts\/382126\/revisions"}],"wp:featuredmedia":[{"embeddable":true,"href":"https:\/\/www.radiopiu.net\/wordpress\/wp-json\/wp\/v2\/media\/382320"}],"wp:attachment":[{"href":"https:\/\/www.radiopiu.net\/wordpress\/wp-json\/wp\/v2\/media?parent=382126"}],"wp:term":[{"taxonomy":"category","embeddable":true,"href":"https:\/\/www.radiopiu.net\/wordpress\/wp-json\/wp\/v2\/categories?post=382126"},{"taxonomy":"post_tag","embeddable":true,"href":"https:\/\/www.radiopiu.net\/wordpress\/wp-json\/wp\/v2\/tags?post=382126"}],"curies":[{"name":"wp","href":"https:\/\/api.w.org\/{rel}","templated":true}]}}