{"id":382212,"date":"2024-04-02T08:29:47","date_gmt":"2024-04-02T06:29:47","guid":{"rendered":"https:\/\/www.radiopiu.net\/wordpress\/?p=382212"},"modified":"2024-04-03T05:44:51","modified_gmt":"2024-04-03T03:44:51","slug":"ultimora-incidente-a-livinallongo","status":"publish","type":"post","link":"https:\/\/www.radiopiu.net\/wordpress\/ultimora-incidente-a-livinallongo\/","title":{"rendered":"INCIDENTE A LIVINALLONGO"},"content":{"rendered":"<p>***<\/p>\n<p>&nbsp;<\/p>\n<p><em>Ore 7.56 uscita di strada autonoma, un ferito trasportato al Pronto Soccorso di Agordo, SUl posto Polizia Locale e Vigili del Fuoco di Agordo e volontari di Arabba<\/em><\/p>\n<p>&nbsp;<\/p>\n<p><img loading=\"lazy\" decoding=\"async\" class=\"alignleft\" src=\"https:\/\/www.radiopiu.net\/wordpress\/wp-content\/uploads\/2023\/12\/croce-bianca-arabba.png\" width=\"279\" height=\"134\" \/><\/p>\n<p><strong>REDAZIONE<\/strong> La giornata del Suem 118 si apre a Livinallongo con l&#8217;impegno dei volontari della Croce Bianca di Arabba chiamati per un incidente stradale che ha coinvolto una donna di 38 anni, portata in ospedale, intervento in corso.<\/p>\n<p>Ieri sera Falco \u00e8 volato a Cortina ale 18.45 per soccorrere un 23enne trevigiano (trauma cranico), per lui ferite di media gravit\u00e0. Un uomo di 74 anni di Fener \u00e8 stato portato al San Martino\u00a0 in gravissime condizioni (malore) ieri alle 16.30.<\/p>\n<p>Intervento per incidente stradale. Comune di Livinallongo, localit\u00e0 Livine&#8217;. Ore 7.56. Uscita di strada autonoma, un ferito trasportato al PS di Agordo. Vvf Agordo e Vvf volontari Arabba per soccorso e il recupero del veicolo. Sul posto Croce Bianca e Polizia locale.Operazioni concluse in circa tre ore.<\/p>\n<p>&nbsp;<\/p>\n<p>&nbsp;<\/p>\n<hr \/>\n<p>&nbsp;<\/p>\n","protected":false},"excerpt":{"rendered":"<p>*** &nbsp; Ore 7.56 uscita di strada autonoma, un ferito trasportato al Pronto Soccorso di Agordo, SUl posto Polizia Locale e Vigili del Fuoco di Agordo e volontari di Arabba &nbsp; REDAZIONE La giornata del Suem 118 si apre a Livinallongo con l&#8217;impegno dei volontari della Croce Bianca di Arabba chiamati per un incidente stradale&hellip;<\/p>\n","protected":false},"author":4,"featured_media":366021,"comment_status":"closed","ping_status":"closed","sticky":false,"template":"","format":"standard","meta":{"_monsterinsights_skip_tracking":false,"_monsterinsights_sitenote_active":false,"_monsterinsights_sitenote_note":"","_monsterinsights_sitenote_category":0,"footnotes":""},"categories":[51,49],"tags":[],"class_list":["post-382212","post","type-post","status-publish","format-standard","has-post-thumbnail","hentry","category-evidenza-top","category-news-18","category-51","category-49","description-off"],"img_url":"https:\/\/www.radiopiu.net\/wordpress\/wp-content\/uploads\/2023\/12\/croce-bianca-arabba.png","_links":{"self":[{"href":"https:\/\/www.radiopiu.net\/wordpress\/wp-json\/wp\/v2\/posts\/382212","targetHints":{"allow":["GET"]}}],"collection":[{"href":"https:\/\/www.radiopiu.net\/wordpress\/wp-json\/wp\/v2\/posts"}],"about":[{"href":"https:\/\/www.radiopiu.net\/wordpress\/wp-json\/wp\/v2\/types\/post"}],"author":[{"embeddable":true,"href":"https:\/\/www.radiopiu.net\/wordpress\/wp-json\/wp\/v2\/users\/4"}],"replies":[{"embeddable":true,"href":"https:\/\/www.radiopiu.net\/wordpress\/wp-json\/wp\/v2\/comments?post=382212"}],"version-history":[{"count":0,"href":"https:\/\/www.radiopiu.net\/wordpress\/wp-json\/wp\/v2\/posts\/382212\/revisions"}],"wp:featuredmedia":[{"embeddable":true,"href":"https:\/\/www.radiopiu.net\/wordpress\/wp-json\/wp\/v2\/media\/366021"}],"wp:attachment":[{"href":"https:\/\/www.radiopiu.net\/wordpress\/wp-json\/wp\/v2\/media?parent=382212"}],"wp:term":[{"taxonomy":"category","embeddable":true,"href":"https:\/\/www.radiopiu.net\/wordpress\/wp-json\/wp\/v2\/categories?post=382212"},{"taxonomy":"post_tag","embeddable":true,"href":"https:\/\/www.radiopiu.net\/wordpress\/wp-json\/wp\/v2\/tags?post=382212"}],"curies":[{"name":"wp","href":"https:\/\/api.w.org\/{rel}","templated":true}]}}