{"id":382241,"date":"2024-04-03T05:19:11","date_gmt":"2024-04-03T03:19:11","guid":{"rendered":"https:\/\/www.radiopiu.net\/wordpress\/?p=382241"},"modified":"2024-04-03T05:41:51","modified_gmt":"2024-04-03T03:41:51","slug":"valanga-a-forcella-della-neve-una-scialpinista-infortunata","status":"publish","type":"post","link":"https:\/\/www.radiopiu.net\/wordpress\/valanga-a-forcella-della-neve-una-scialpinista-infortunata\/","title":{"rendered":"VALANGA A FORCELLA DELLA NEVE: UNA SCIALPINISTA INFORTUNATA"},"content":{"rendered":"<div dir=\"auto\">Auronzo di Cadore (BL), 02 &#8211; 04 &#8211; 24<\/div>\n<div dir=\"auto\"><\/div>\n<div dir=\"auto\"><strong>AUDIO NOTIZIARIO NAZIONALE ORE 15.00<\/strong><\/div>\n<div dir=\"auto\">\n<audio class=\"wp-audio-shortcode\" id=\"audio-382241-1\" preload=\"none\" style=\"width: 100%;\" controls=\"controls\"><source type=\"audio\/mpeg\" src=\"https:\/\/www.radiopiu.net\/wordpress\/wp-content\/uploads\/2024\/04\/GIORNALEEEEEEEEEEEE.mp3?_=1\" \/><a href=\"https:\/\/www.radiopiu.net\/wordpress\/wp-content\/uploads\/2024\/04\/GIORNALEEEEEEEEEEEE.mp3\">https:\/\/www.radiopiu.net\/wordpress\/wp-content\/uploads\/2024\/04\/GIORNALEEEEEEEEEEEE.mp3<\/a><\/audio>\n<p>&nbsp;<\/p>\n<p>&nbsp;<\/p>\n<p><a class=\"dt-pswp-item\" href=\"https:\/\/www.radiopiu.net\/wordpress\/wp-content\/uploads\/2024\/04\/Watermark_20240402_145503_586.jpg\" data-dt-img-description=\"\" data-large_image_width=\"1773\" data-large_image_height=\"2364\"><img loading=\"lazy\" decoding=\"async\" class=\"size-medium wp-image-382250 alignleft\" src=\"https:\/\/www.radiopiu.net\/wordpress\/wp-content\/uploads\/2024\/04\/Watermark_20240402_145503_586-225x300.jpg\" alt=\"\" width=\"225\" height=\"300\" srcset=\"https:\/\/www.radiopiu.net\/wordpress\/wp-content\/uploads\/2024\/04\/Watermark_20240402_145503_586-225x300.jpg 225w, https:\/\/www.radiopiu.net\/wordpress\/wp-content\/uploads\/2024\/04\/Watermark_20240402_145503_586-768x1024.jpg 768w, https:\/\/www.radiopiu.net\/wordpress\/wp-content\/uploads\/2024\/04\/Watermark_20240402_145503_586-1152x1536.jpg 1152w, https:\/\/www.radiopiu.net\/wordpress\/wp-content\/uploads\/2024\/04\/Watermark_20240402_145503_586-1536x2048.jpg 1536w, https:\/\/www.radiopiu.net\/wordpress\/wp-content\/uploads\/2024\/04\/Watermark_20240402_145503_586.jpg 1773w\" sizes=\"auto, (max-width: 225px) 100vw, 225px\" \/><\/a>Sono stati estratti dalla neve da chi si trovava fortunatamente sul posto due scialpinisti coinvolti da una valanga sotto Forcella della Neve. L&#8217;allarme, lanciato verso mezzogiorno da un testimone, ha fatto subito decollare l&#8217;elicottero del Suem di Pieve di Cadore, che ha sbarcato con un verricello di 50 metri equipe medica, tecnico di elisoccorso e unit\u00e0 cinofila da valanga, a circa 2.400 metri di quota. Dalle prime informazioni, un gruppo di due adulti e 5 ragazzini era diretto in cresta, oggi ci saranno stati una cinquantina di scialpinisti a Forcella della Neve. Arrivati in cima in 6, sarebbe avvenuto il distacco che ha coinvolto una quattordicenne di Forni Avoltri (UD), che si trovava 20 metri pi\u00f9 bassa rispetto al resto della comitiva ed \u00e8 stata trascinata per una sessantina di metri nel canale. Rimasta sepolta per 5 minuti sotto un metro di neve, \u00e8 stata subito liberata dai soccorritori della Guardia di Finanza di Auronzo, che casualmente si stavano addestrando nelle vicinanze. I soccorritori hanno inoltre estratto dalla neve un secondo scialpinista, straniero, coinvolto, che era ancora pi\u00f9 basso nel canale, emergeva dalla coltre dal busto in su ed era illeso. L&#8217;infortunata, che lamentava dolori alla schiena, \u00e8 stata caricata in barella, recuperata con il verricello e trasportata all&#8217;ospedale di Belluno, per la verifica dei possibili traumi riportati. Mentre l&#8217;equipe sanitaria si stava occupando della ragazza, \u00e8 sopraggiunta anche l&#8217;eliambulanza dell&#8217;Aiut Alpin Dolomites di Bolzano, che ha poi recuperato l&#8217;unit\u00e0 cinofile di Pieve e i compagni illesi rimasti in Forcella, poich\u00e9 avevano perso gli sci nella valanga salendo a piedi gli ultimi metri, per accompagnarli a Misurina.<\/div>\n<div><\/div>\n<div><\/div>\n<div>\n<hr \/>\n<\/div>\n","protected":false},"excerpt":{"rendered":"<p>Auronzo di Cadore (BL), 02 &#8211; 04 &#8211; 24 AUDIO NOTIZIARIO NAZIONALE ORE 15.00 &nbsp; &nbsp; Sono stati estratti dalla neve da chi si trovava fortunatamente sul posto due scialpinisti coinvolti da una valanga sotto Forcella della Neve. L&#8217;allarme, lanciato verso mezzogiorno da un testimone, ha fatto subito decollare l&#8217;elicottero del Suem di Pieve di&hellip;<\/p>\n","protected":false},"author":4,"featured_media":382250,"comment_status":"closed","ping_status":"closed","sticky":false,"template":"","format":"standard","meta":{"_monsterinsights_skip_tracking":false,"_monsterinsights_sitenote_active":false,"_monsterinsights_sitenote_note":"","_monsterinsights_sitenote_category":0,"footnotes":""},"categories":[51,49],"tags":[],"class_list":["post-382241","post","type-post","status-publish","format-standard","has-post-thumbnail","hentry","category-evidenza-top","category-news-18","category-51","category-49","description-off"],"img_url":"https:\/\/www.radiopiu.net\/wordpress\/wp-content\/uploads\/2024\/04\/Watermark_20240402_145503_586.jpg","_links":{"self":[{"href":"https:\/\/www.radiopiu.net\/wordpress\/wp-json\/wp\/v2\/posts\/382241","targetHints":{"allow":["GET"]}}],"collection":[{"href":"https:\/\/www.radiopiu.net\/wordpress\/wp-json\/wp\/v2\/posts"}],"about":[{"href":"https:\/\/www.radiopiu.net\/wordpress\/wp-json\/wp\/v2\/types\/post"}],"author":[{"embeddable":true,"href":"https:\/\/www.radiopiu.net\/wordpress\/wp-json\/wp\/v2\/users\/4"}],"replies":[{"embeddable":true,"href":"https:\/\/www.radiopiu.net\/wordpress\/wp-json\/wp\/v2\/comments?post=382241"}],"version-history":[{"count":0,"href":"https:\/\/www.radiopiu.net\/wordpress\/wp-json\/wp\/v2\/posts\/382241\/revisions"}],"wp:featuredmedia":[{"embeddable":true,"href":"https:\/\/www.radiopiu.net\/wordpress\/wp-json\/wp\/v2\/media\/382250"}],"wp:attachment":[{"href":"https:\/\/www.radiopiu.net\/wordpress\/wp-json\/wp\/v2\/media?parent=382241"}],"wp:term":[{"taxonomy":"category","embeddable":true,"href":"https:\/\/www.radiopiu.net\/wordpress\/wp-json\/wp\/v2\/categories?post=382241"},{"taxonomy":"post_tag","embeddable":true,"href":"https:\/\/www.radiopiu.net\/wordpress\/wp-json\/wp\/v2\/tags?post=382241"}],"curies":[{"name":"wp","href":"https:\/\/api.w.org\/{rel}","templated":true}]}}