{"id":382342,"date":"2024-04-03T07:55:19","date_gmt":"2024-04-03T05:55:19","guid":{"rendered":"https:\/\/www.radiopiu.net\/wordpress\/?p=382342"},"modified":"2024-04-03T07:59:21","modified_gmt":"2024-04-03T05:59:21","slug":"dal-1983-la-rassegna-stampa-locale-loriginale","status":"publish","type":"post","link":"https:\/\/www.radiopiu.net\/wordpress\/dal-1983-la-rassegna-stampa-locale-loriginale\/","title":{"rendered":"DAL 1983 LA RASSEGNA STAMPA LOCALE. L&#8217;ORIGINALE"},"content":{"rendered":"<p>***<\/p>\n<p><iframe loading=\"lazy\" title=\"DAL 1983 LA RASSEGNA STAMPA LOCALE di mirko mezzacasa. L&#039;ORIGINALE\" width=\"1200\" height=\"675\" src=\"https:\/\/www.youtube.com\/embed\/psbP3ExZ8oo?feature=oembed\" frameborder=\"0\" allow=\"accelerometer; autoplay; clipboard-write; encrypted-media; gyroscope; picture-in-picture; web-share\" referrerpolicy=\"strict-origin-when-cross-origin\" allowfullscreen><\/iframe><\/p>\n<p>REDAZIONE\u00a0 LOCALITA&#8217; COL DE CARRERA l&#8217;acqua erogata dall&#8217;acquedotto non \u00e8 potabile e pu\u00f2 essere usata per scopi alimentari SOLO PREVIA bollitura. Verr\u00e0 effettuato servizio sostitutivo con cisterna posizionata presso il CENTRO di Col De Carrera.\u00a0+<br \/>\nSP 12 PEDEMONTANA localit\u00e0 Ponte Mas comune di Sospirolo, \u00a0chiusura totale alla circolazione con deviazione al traffico e obbligo di fermarsi e dare la precedenza in direzione Ponte Mas per lavori al margine della carreggiata.<br \/>\nFino al termine dei lavori, chiusura della strada verso le frazioni di Pecol, Piaia, nel tratto Costa di Mezzo-Revinazza, dalle 8.30 alle 12; dalle 13 alle 14.15; dalle 14.45 alle 17.30 ESCLUSO SABATO E DOMENICA.<br \/>\nVALANGA A FORCELLA DELLA NEVE: UNA SCIALPINISTA INFORTUNATA Una scialpinista di 14 anni da Forni Avoltri, travolta da una valanga a Forcella della Neve insieme ad altre sette persone, \u00e8 stata sepolta da un metro di neve per cinque minuti, ma \u00e8 stata salvata da due finanzieri in esercitazione nella zona.<br \/>\nREDAZIONE La giornata del Suem 118 si \u00e8 aperta a Livinallongo con l\u2019impegno dei volontari della Croce Bianca di Arabba chiamati per un incidente stradale che ha coinvolto una donna di 38 anni, portata in ospedale.<br \/>\nBELLUNO Tecnici della Provincia di Belluno in sopralluogo in diverse zone. Il maltempo di Pasqua e Pasquetta infatti ha lasciato diversi strascichi. Nessuna criticit\u00e0 particolare per l\u2019incolumit\u00e0 pubblica, ma alcuni movimenti, piccole frane e smottamenti.<br \/>\nCROLLA IL TETTO DELLA STORICA ABITAZIONE FELTRE La crescente precariet\u00e0 del patrimonio edilizio pubblico e privato porta all&#8217;intervento frequente dei vigili del fuoco per situazioni di rischio crollo, come accaduto ieri a via Donizetti, dove le piogge hanno causato il crollo del tetto di un&#8217;abitazione storica. La chiusura della strada al traffico \u00e8 necessaria in attesa delle decisioni dell&#8217;Ufficio tecnico comunale<br \/>\nIN RICORDO DI GUIDOLIN DOROTEA (STAFFETTA MARY), IL MESSAGGIO DI CORDOGLIO DEL PRESIDENTE DELLA PROVINCIA ROBERTO PADRIN stamane alle 11 il saluto in cimitero ad Agordo.<\/p>\n<p>ADDIO LUIGI, AMATO INFERMIERE DELLA GERIATRIA FELTRE Luigi Della Monica, stimato infermiere della Geriatria presso il Santa Maria del Prato, viene ricordato per il suo spirito partenopeo, la generosit\u00e0 e l&#8217;attenzione verso i pazienti. Il messaggio di cordoglio della Ulss1.<br \/>\nSETTE VILLE Una capra incrodata sopra la galleria di Vas nel comune di Sette Ville \u00e8 stata salvata dai vigili del fuoco<br \/>\nGRANDINATA IN VALBELLUNA Una violenza grandinata si \u00e8 abbattuta ieri pomeriggio sulla Valbelluna, colpendo in particolare Limana. I chicchi di ghiaccio hanno letteralmente coperto il terreno nei punti pi\u00f9 colpiti, danneggiando piante e giardini. Luned\u00ec nella tarda serata un analogo temporale in Valbelluna era stato accompagnato da una grandinata alle porte di Feltre.<br \/>\nCENCENIGHE VIA LIBERA ALLO SPRAY URTICANTE PER LA POLIZIA LOCALE<br \/>\nL&#8217;IMPORTANZA DEI LAVORI SULLA SP 251 DELLA VAL DI ZOLDO<br \/>\nBELLUNO\u00a0I Giardinieri d&#8217;arte arrivano a Belluno, grazie alla collaborazione tra il comune capoluogo e il Centro Consorzi di Sedico. I corsisti testeranno infatti le loro abilit\u00e0 nella cura del verde al Parco Villa Clizia di Mussoi.<br \/>\nCONFCOMMERCIO: RINNOVATO IL GRUPPO GIOVANI IMPRENDITORI<br \/>\nA FELTRE INIZIA LA RACCOLTA ISTANZE PER L&#8217;AMMISSIONE AL NIDO D&#8217;INFANZIA COMUNALE<br \/>\nFRANCESCO MARCONE SARA&#8217; RICORDATO AL CENTRO DON VINCENZO SAVIO DI AGORDO<br \/>\nUN INCONTRO CON LO SPI CGIL PER PARLARE DEL PARCO NAZIONALE DOLOMITI BELLUNESILa serata organizzata dallo SPI CGIL di Belluno il 4 aprile offre un&#8217;opportunit\u00e0 per approfondire la conoscenza e la protezione di questo meraviglioso territorio, con un intervento del dottor Enrico Vettorazzo, Responsabile del Servizio Educazione e Ricerca del Parco delle Dolomiti Bellunesi.<br \/>\nANNULLATO IL PIANI DI PEZZE&#8217; TROPHY ALLEGHE La gara di Ape elaborati in programma sabato ai Piani di Pezz\u00e8 \u00e8 stata annullata.<\/p>\n<p>SKI CROSS VAL DI FASSA AL COSTABELLA SKI AREA SAN PELLEGRINO I CAMPIONATI ITALIANI ASSOLUTI DI SKI CROSS<br \/>\nGOODBYE BY BICICLE&#8230;UN VIAGGIO DALL&#8217;INDIA A SEREN DEL GRAPPA IN BICICLETTA<br \/>\nPUNTATA 07 &#8211; L&#8217;IMPORTANZA DELLE CASE SUGLI ALBERI esclusiva radiopiu<\/p>\n<p>&nbsp;<\/p>\n<p>&nbsp;<\/p>\n","protected":false},"excerpt":{"rendered":"<p>*** REDAZIONE\u00a0 LOCALITA&#8217; COL DE CARRERA l&#8217;acqua erogata dall&#8217;acquedotto non \u00e8 potabile e pu\u00f2 essere usata per scopi alimentari SOLO PREVIA bollitura. Verr\u00e0 effettuato servizio sostitutivo con cisterna posizionata presso il CENTRO di Col De Carrera.\u00a0+ SP 12 PEDEMONTANA localit\u00e0 Ponte Mas comune di Sospirolo, \u00a0chiusura totale alla circolazione con deviazione al traffico e obbligo&hellip;<\/p>\n","protected":false},"author":4,"featured_media":382335,"comment_status":"closed","ping_status":"closed","sticky":false,"template":"","format":"standard","meta":{"_monsterinsights_skip_tracking":false,"_monsterinsights_sitenote_active":false,"_monsterinsights_sitenote_note":"","_monsterinsights_sitenote_category":0,"footnotes":""},"categories":[104,49,142],"tags":[],"class_list":["post-382342","post","type-post","status-publish","format-standard","has-post-thumbnail","hentry","category-evidenza_3","category-news-18","category-rassegna-stampa","category-104","category-49","category-142","description-off"],"img_url":"https:\/\/www.radiopiu.net\/wordpress\/wp-content\/uploads\/2024\/04\/copertina-1.png","_links":{"self":[{"href":"https:\/\/www.radiopiu.net\/wordpress\/wp-json\/wp\/v2\/posts\/382342","targetHints":{"allow":["GET"]}}],"collection":[{"href":"https:\/\/www.radiopiu.net\/wordpress\/wp-json\/wp\/v2\/posts"}],"about":[{"href":"https:\/\/www.radiopiu.net\/wordpress\/wp-json\/wp\/v2\/types\/post"}],"author":[{"embeddable":true,"href":"https:\/\/www.radiopiu.net\/wordpress\/wp-json\/wp\/v2\/users\/4"}],"replies":[{"embeddable":true,"href":"https:\/\/www.radiopiu.net\/wordpress\/wp-json\/wp\/v2\/comments?post=382342"}],"version-history":[{"count":0,"href":"https:\/\/www.radiopiu.net\/wordpress\/wp-json\/wp\/v2\/posts\/382342\/revisions"}],"wp:featuredmedia":[{"embeddable":true,"href":"https:\/\/www.radiopiu.net\/wordpress\/wp-json\/wp\/v2\/media\/382335"}],"wp:attachment":[{"href":"https:\/\/www.radiopiu.net\/wordpress\/wp-json\/wp\/v2\/media?parent=382342"}],"wp:term":[{"taxonomy":"category","embeddable":true,"href":"https:\/\/www.radiopiu.net\/wordpress\/wp-json\/wp\/v2\/categories?post=382342"},{"taxonomy":"post_tag","embeddable":true,"href":"https:\/\/www.radiopiu.net\/wordpress\/wp-json\/wp\/v2\/tags?post=382342"}],"curies":[{"name":"wp","href":"https:\/\/api.w.org\/{rel}","templated":true}]}}