{"id":382400,"date":"2024-04-04T05:08:10","date_gmt":"2024-04-04T03:08:10","guid":{"rendered":"https:\/\/www.radiopiu.net\/wordpress\/?p=382400"},"modified":"2024-04-04T05:29:10","modified_gmt":"2024-04-04T03:29:10","slug":"il-gemellaggio-tra-agordo-dolomieu-e-zugliano-i-tre-graffiti","status":"publish","type":"post","link":"https:\/\/www.radiopiu.net\/wordpress\/il-gemellaggio-tra-agordo-dolomieu-e-zugliano-i-tre-graffiti\/","title":{"rendered":"IL GEMELLAGGIO TRA AGORDO, DOLOMIEU E ZUGLIANO I TRE GRAFFITI"},"content":{"rendered":"<p>*****<\/p>\n<p>&nbsp;<\/p>\n<p><strong><a class=\"dt-pswp-item\" href=\"https:\/\/www.radiopiu.net\/wordpress\/wp-content\/uploads\/2024\/04\/I-tre-graffiti.jpg\" data-dt-img-description=\"\" data-large_image_width=\"2048\" data-large_image_height=\"1150\"><img loading=\"lazy\" decoding=\"async\" class=\" wp-image-382401 alignleft\" src=\"https:\/\/www.radiopiu.net\/wordpress\/wp-content\/uploads\/2024\/04\/I-tre-graffiti-300x168.jpg\" alt=\"\" width=\"220\" height=\"123\" srcset=\"https:\/\/www.radiopiu.net\/wordpress\/wp-content\/uploads\/2024\/04\/I-tre-graffiti-300x168.jpg 300w, https:\/\/www.radiopiu.net\/wordpress\/wp-content\/uploads\/2024\/04\/I-tre-graffiti-1024x575.jpg 1024w, https:\/\/www.radiopiu.net\/wordpress\/wp-content\/uploads\/2024\/04\/I-tre-graffiti-768x431.jpg 768w, https:\/\/www.radiopiu.net\/wordpress\/wp-content\/uploads\/2024\/04\/I-tre-graffiti-1536x863.jpg 1536w, https:\/\/www.radiopiu.net\/wordpress\/wp-content\/uploads\/2024\/04\/I-tre-graffiti.jpg 2048w\" sizes=\"auto, (max-width: 220px) 100vw, 220px\" \/><\/a>AGORDO<\/strong> Il Comitato di Gemellaggio di Agordo desidera esprimere la gratitudine e il ringraziamento pi\u00f9 sincero all&#8217;Amministrazione Comunale di Agordo, all&#8217;US. Le Ville, agli amici di ad Agordo ProLoco e a Dunio Piccolin per la bella iniziativa realizzata collegialmente. E&#8217; stato un piacere e un onore lavorare tutti assieme, in armonia e concordia, per raggiungere un obiettivo comune che potesse dar lustro e promozione alla comunit\u00e0 di Agordo. Oggi, in un mondo cos\u00ec &#8220;social&#8221; ma anche cos\u00ec individualista, questo \u00e8 un esempio di collaborazione, rispetto reciproco e amicizia. L&#8217;Amministrazione di Agordo, rappresentata dal Sindaco Roberto Chissal\u00e8, aveva proposto (lo scorso anno) di realizzare in occasione della Sagra di San Vincenzo, tre graffiti aventi quale tema i gemellaggi tra Agordo Zugliano e Dolomieu. L&#8217;iniziativa si \u00e8 magistralmente inserita nel progetto &#8220;Agordo paese del graffito&#8221; che da anni vede impegnata l&#8217;US Le Ville e in questa occasione ha dato alla comunit\u00e0 4 nuove opere artistiche: le tre sui gemellaggi e il graffito di Manuela Sabatini sull&#8217;abitazione di Sandrino Da Ronch. La cerimonia ufficiale (che ha visto anche la benedizione delle opere d&#8217;arte da parte dell&#8217;Arcidiacono di Agordo Don Cesare Larese) ha avuto luogo sabato 30 marzo alle 16.30 nei pressi della Piazzetta di Prompicai. I tre graffiti sui gemellaggi, sono stati realizzati da Dunio Piccolin (artista Falcadino e Direttore Artistico del progetto) in collaborazione con Mirto Testolin (che ha curato la bozza e la realizzazione del graffito di Zugliano, il suo paese) e Marie-Christine Weibel (artista di Dolomieu che ha seguito la parte francese dell&#8217;opera d&#8217;arte). I 3 graffiti, come detto, raccontano la storia delle 3 comunit\u00e0 gemellate ormai da lungo tempo e ben sottolineano i motivi che hanno reso possibile l&#8217;amicizia tra i 3 Comuni. Il Sindaco di Agordo, dopo aver fatto gli onori di casa, ha elogiato il lavoro degli artisti sottolineando come l&#8217;arte (linguaggio universale) sia ideale per unire le comunit\u00e0 mettendo in risalto l&#8217;importanza dei gemellaggi siglati con Zugliano (nel 1989) e con Dolomieu (nel 2005). Il Sindaco di Zugliano, Sandro Maculan, nel 35.mo anniversario dalla stipula del patto di gemellaggio con Agordo, ha voluto ricordare e omaggiare tutte le donne Agordine che, nella seconda met\u00e0 dell&#8217;Ottocento, hanno lasciato la loro terra natale per trovare lavoro e una nuova vita proprio a Zugliano. Ha sottolineato come la loro forza d&#8217;animo e di carattere abbia saputo far fiorire e rinnovare la comunit\u00e0 Zuglianese che le ha accolte. Inoltre ha rimarcato come anche in questo progetto dei 3 graffiti sia stata importante la presenza femminile grazie a Marie-Christine Weibel (l&#8217;artista francese) e alla collega Sindaca Delphine Hartmann. Le donne, nella nostra societ\u00e0, hanno per fortuna e sempre di pi\u00f9 ruoli importanti che le vedono protagoniste attive tanto quanto gli uomini. La Sindaca di Dolomieu Delphine Hartmann ha espresso la sua grande gioia nel partecipare a questo progetto, ricordando come in questi 19 anni Agordo e Dolomieu si siano avvicinate nel ricordo sempre presente della figura del Geologo Deodat de Dolomieu (da cui prendono il nome le Dolomiti). Alla cerimonia era presente anche la Consigliera Provinciale Donatella De Pellegrin, che dopo aver portato i saluti del Presidente Roberto Padrin, ha sottolineato il forte legame personale (la sua famiglia \u00e8 di origini Agordine) che la lega al nostro territorio per il quale si impegna a portare avanti istanze e necessit\u00e0 future. Anche il Presidente dell&#8217;Unione Montana Paolo Frena, per tramite del Sindaco di Agordo Roberto Chissal\u00e8, ha portato il saluto esprimendo la sua vicinanza all&#8217;evento pur non potendo parteciparvi di persona. Umberto Casal, rappresentante di E-Distribuzione di Belluno, ha sottolineato come questo progetto si inserisca perfettamente nel recupero delle cabine elettriche di propriet\u00e0 dell&#8217;azienda che sta proprio cercando di valorizzarle e abbellirle attraverso opere d&#8217;arte. Infine Dunio Piccolin (Direttore Artistico del progetto) ha messo in luce come questi 3 graffiti siano la degna conclusione di un&#8217;esperienza artistica iniziata due anni fa a Zugliano, proseguita lo scorso anno a Dolomieu e conclusasi oggi ad Agordo con la partecipazione attiva e creativa anche dei suoi colleghi. Il Comitato di Gemellaggio di Agordo, con la Presidente Michela Paganin che nel suo discorso durante la cerimonia di inaugurazione ha sottolineato l&#8217;importanza della collaborazione con le altre associazioni e i motivi che hanno portato ai gemellaggi, desidera qui ringraziare anche il Sindaco di Rivamonte Ag. Nino Deon per aver personalmente aperto i forni fusori del sito di Valle Imperina che gli amici francesi hanno potuto visitare nella giornata di Pasqua, nonch\u00e9 l&#8217;Associazione GAMP di Agordo nelle persone del Presidente Manuel Conedera e del Vice Presidente (e consigliere del Comitato Gemellaggio) Davide Conedera che hanno curato la visita guidata. <a class=\"dt-pswp-item\" href=\"https:\/\/www.radiopiu.net\/wordpress\/wp-content\/uploads\/2024\/04\/I-tre-sindaci-con-i-tre-artisti.jpg\" data-dt-img-description=\"\" data-large_image_width=\"1445\" data-large_image_height=\"909\"><img loading=\"lazy\" decoding=\"async\" class=\"size-medium wp-image-382402 alignright\" src=\"https:\/\/www.radiopiu.net\/wordpress\/wp-content\/uploads\/2024\/04\/I-tre-sindaci-con-i-tre-artisti-300x189.jpg\" alt=\"\" width=\"300\" height=\"189\" srcset=\"https:\/\/www.radiopiu.net\/wordpress\/wp-content\/uploads\/2024\/04\/I-tre-sindaci-con-i-tre-artisti-300x189.jpg 300w, https:\/\/www.radiopiu.net\/wordpress\/wp-content\/uploads\/2024\/04\/I-tre-sindaci-con-i-tre-artisti-1024x644.jpg 1024w, https:\/\/www.radiopiu.net\/wordpress\/wp-content\/uploads\/2024\/04\/I-tre-sindaci-con-i-tre-artisti-768x483.jpg 768w, https:\/\/www.radiopiu.net\/wordpress\/wp-content\/uploads\/2024\/04\/I-tre-sindaci-con-i-tre-artisti.jpg 1445w\" sizes=\"auto, (max-width: 300px) 100vw, 300px\" \/><\/a>Infine ci sia permesso ringraziare tutti gli sponsor che hanno collaborato all&#8217;iniziativa: Dolomiti 2005, Reale Mutua, Edilcommercio,FPB Cassa di Fassa Primiero e Belluno, Consorzio BIM Piave, Cooperativa Agordino Latteria di Vallata; una particolare gratitudine a Botol Group che si \u00e8 fatta carico del pernottamento e dell&#8217;alloggio degli ospiti francesi presso \u201cAlle Antiche MINIERE\u201d ed a E-Distribuzione (proprietaria della cabina su cui sono stati realizzati i graffiti) per la sensibilit\u00e0 dimostrata. Si ringraziano infine tutte le persone, le associazioni e gli enti che hanno collaborato alla riuscita dell&#8217;evento che rappresenta un&#8217;importante vetrina artistica (a valenza nazionale ed internazionale) per il nostro territorio.<\/p>\n<p>&nbsp;<\/p>\n<p>&nbsp;<\/p>\n<p>*******<\/p>\n","protected":false},"excerpt":{"rendered":"<p>***** &nbsp; AGORDO Il Comitato di Gemellaggio di Agordo desidera esprimere la gratitudine e il ringraziamento pi\u00f9 sincero all&#8217;Amministrazione Comunale di Agordo, all&#8217;US. Le Ville, agli amici di ad Agordo ProLoco e a Dunio Piccolin per la bella iniziativa realizzata collegialmente. E&#8217; stato un piacere e un onore lavorare tutti assieme, in armonia e concordia,&hellip;<\/p>\n","protected":false},"author":4,"featured_media":382401,"comment_status":"closed","ping_status":"closed","sticky":false,"template":"","format":"standard","meta":{"_monsterinsights_skip_tracking":false,"_monsterinsights_sitenote_active":false,"_monsterinsights_sitenote_note":"","_monsterinsights_sitenote_category":0,"footnotes":""},"categories":[51,49],"tags":[],"class_list":["post-382400","post","type-post","status-publish","format-standard","has-post-thumbnail","hentry","category-evidenza-top","category-news-18","category-51","category-49","description-off"],"img_url":"https:\/\/www.radiopiu.net\/wordpress\/wp-content\/uploads\/2024\/04\/I-tre-graffiti.jpg","_links":{"self":[{"href":"https:\/\/www.radiopiu.net\/wordpress\/wp-json\/wp\/v2\/posts\/382400","targetHints":{"allow":["GET"]}}],"collection":[{"href":"https:\/\/www.radiopiu.net\/wordpress\/wp-json\/wp\/v2\/posts"}],"about":[{"href":"https:\/\/www.radiopiu.net\/wordpress\/wp-json\/wp\/v2\/types\/post"}],"author":[{"embeddable":true,"href":"https:\/\/www.radiopiu.net\/wordpress\/wp-json\/wp\/v2\/users\/4"}],"replies":[{"embeddable":true,"href":"https:\/\/www.radiopiu.net\/wordpress\/wp-json\/wp\/v2\/comments?post=382400"}],"version-history":[{"count":0,"href":"https:\/\/www.radiopiu.net\/wordpress\/wp-json\/wp\/v2\/posts\/382400\/revisions"}],"wp:featuredmedia":[{"embeddable":true,"href":"https:\/\/www.radiopiu.net\/wordpress\/wp-json\/wp\/v2\/media\/382401"}],"wp:attachment":[{"href":"https:\/\/www.radiopiu.net\/wordpress\/wp-json\/wp\/v2\/media?parent=382400"}],"wp:term":[{"taxonomy":"category","embeddable":true,"href":"https:\/\/www.radiopiu.net\/wordpress\/wp-json\/wp\/v2\/categories?post=382400"},{"taxonomy":"post_tag","embeddable":true,"href":"https:\/\/www.radiopiu.net\/wordpress\/wp-json\/wp\/v2\/tags?post=382400"}],"curies":[{"name":"wp","href":"https:\/\/api.w.org\/{rel}","templated":true}]}}