{"id":382495,"date":"2024-04-04T07:55:59","date_gmt":"2024-04-04T05:55:59","guid":{"rendered":"https:\/\/www.radiopiu.net\/wordpress\/?p=382495"},"modified":"2024-04-04T08:00:28","modified_gmt":"2024-04-04T06:00:28","slug":"dal-1983-solo-su-radiopiu-alle-otto-del-mattino-la-rassegna-stampa-locale-e-alle-7-le-anticipazioni-per-chi-come-noi-va-di-fretta","status":"publish","type":"post","link":"https:\/\/www.radiopiu.net\/wordpress\/dal-1983-solo-su-radiopiu-alle-otto-del-mattino-la-rassegna-stampa-locale-e-alle-7-le-anticipazioni-per-chi-come-noi-va-di-fretta\/","title":{"rendered":"dal 1983 SOLO SU RADIOPIU ALLE OTTO DEL MATTINO LA RASSEGNA STAMPA LOCALE E ALLE 7 LE ANTICIPAZIONI PER CHI COME NOI&#8230; VA DI FRETTA"},"content":{"rendered":"<p>***<\/p>\n<p><iframe loading=\"lazy\" title=\"DAL 1983 LA RASSEGNA STAMPA LOCALE di mirko mezzacasa. L&#039;ORIGINALE\" width=\"1200\" height=\"675\" src=\"https:\/\/www.youtube.com\/embed\/jiLlHLdjW2s?feature=oembed\" frameborder=\"0\" allow=\"accelerometer; autoplay; clipboard-write; encrypted-media; gyroscope; picture-in-picture; web-share\" referrerpolicy=\"strict-origin-when-cross-origin\" allowfullscreen><\/iframe><\/p>\n<p><a class=\"dt-pswp-item\" href=\"https:\/\/www.radiopiu.net\/wordpress\/wp-content\/uploads\/2024\/04\/COP2.png\" data-dt-img-description=\"\" data-large_image_width=\"462\" data-large_image_height=\"308\"><img loading=\"lazy\" decoding=\"async\" class=\"size-medium wp-image-382497 alignleft\" src=\"https:\/\/www.radiopiu.net\/wordpress\/wp-content\/uploads\/2024\/04\/COP2-300x200.png\" alt=\"\" width=\"300\" height=\"200\" srcset=\"https:\/\/www.radiopiu.net\/wordpress\/wp-content\/uploads\/2024\/04\/COP2-300x200.png 300w, https:\/\/www.radiopiu.net\/wordpress\/wp-content\/uploads\/2024\/04\/COP2.png 462w\" sizes=\"auto, (max-width: 300px) 100vw, 300px\" \/><\/a><strong>REDAZIONE<\/strong> LOCALITA&#8217; COL DE CARRERA l&#8217;acqua erogata dall&#8217;acquedotto non \u00e8 potabile e pu\u00f2 essere usata per scopi alimentari SOLO PREVIA bollitura. Verr\u00e0 effettuato servizio sostitutivo con cisterna posizionata presso il CENTRO di Col De Carrera.<br \/>\n<strong>COLLE SANTA LUCIA<\/strong> Al bivio di Posalz, un furto in pieno giorno. \u00c8 successo ieri mattina tra le 10:30 e le 11:30 sulla strada principale. \u00c8 stato rotto il finestrino di un\u2019auto e rubata la borsetta della proprietaria del mezzo.<br \/>\n<strong>SANTA GIUSTINA<\/strong> Ieri mattina alle 6:30, i vigili del fuoco sono intervenuti lungo la SS 50 in localit\u00e0 Gravazze a Santa Giustina Bellunese per il principio d\u2019incendio del rimorchio di un camion carico di grossi tronchi: nessuna persona \u00e8 rimasta coinvolta. I pompieri arrivati dalla sede centrale con un\u2019autopompa e un\u2019autobotte hanno spento il principio d\u2019incendio che ha riguardato un pneumatico, evitando il coinvolgimento dell\u2019intero carico di legname.<br \/>\n<strong>PEDAVENA<\/strong> I vigili del fuoco di Feltre sono intervenuti ieri mattina poco prima delle 7 in localit\u00e0 Col per un incendio provocato da un malfunzionamento della canna fumaria, causato da residui carboniosi accumulati all&#8217;interno. Fortunatamente, il calore \u00e8 rimasto confinato nella canna fumaria senza danneggiare la struttura del tetto. Dopo aver bloccato il principio di incendio e mantenuto alta l&#8217;attenzione, i pompieri hanno dichiarato l&#8217;impianto inutilizzabile e necessario l&#8217;intervento di una ditta specializzata per la bonifica e la riparazione.<br \/>\n<strong>TRICHIANA<\/strong> Un lupo in meno, investito ieri mattina all&#8217;alba a Trichiana. Un giovane esemplare di predatore \u00e8 stato centrato dall&#8217;auto e da un mezzo pesante.<br \/>\n<strong>CADORE<\/strong> Il processo a carico di un uomo di 44 anni, accusato di maltrattamenti in famiglia e stalking dalla ex compagna, \u00e8 stato rinviato al 19 giugno per l&#8217;attesa di due testimoni della difesa. La vicenda, che si estende dal settembre 2020 al novembre 2021, \u00e8 caratterizzata da episodi di violenza verbale e fisica, legati principalmente a problemi di alcolismo. Gli atti persecutori dopo la separazione includono visite non gradite al luogo di lavoro della donna e il seguirla in macchina, facendo emergere un quadro di stalking.<br \/>\n<strong>VALANGA MISURINA<\/strong>: GLI \u2018ANGELI\u2019 DELLA GDF ROMANIN E TACH SEGNALATI PER BENEMERENZA<\/p>\n<p><strong>GOSALDO<\/strong> RIAPERTA A FASCE ORARIE LA SP3 DI VALLE IMPERINA<br \/>\n<strong>AGORDO<\/strong> SILVANO SAVIO RASSEGNA LE DIMISSIONI. LUNEDI&#8217; IL CONSIGLIO COMUNALE AD AGORDO<br \/>\n<strong>ROMA<\/strong> IERI ZAIA ALLA CAMERA PER PARLARE DI AUTONOMIA<br \/>\n<strong>SEREN DEL GRAPPA<\/strong> LA REGIONE BOCCIA IL PROGETTO DELLA NUOVA CENTRALINA IDROELETTRICA SUL TORRENTE STIZZON<br \/>\n<strong>BORCA DI CADORE<\/strong> FRANCESCO ACCARDO IL NUOVO PRESIDENTE DELLA PRO LOCO<br \/>\n<strong>CORTINA<\/strong>: PARTE IL TERZO RICORSO AL TAR CONTRO IL PROGETTO DELLA STAZIONE<br \/>\n<strong>COMUNE DI BELLUNO:<\/strong> LAVORI PER QUASI 39 MILIONI DI EURO<br \/>\n<strong>BELLUNO<\/strong> La Provincia di Belluno istituisce il ruolo di Disability Manager, in linea con il Decreto Legislativo 222\/2023, focalizzato sull&#8217;accessibilit\u00e0 fisica e digitale per le persone con disabilit\u00e0.\u00a0 Michele Artusato, direttore generale della Provincia, assume l&#8217;incarico di Disability Manager, mentre Gianni De Bastiani diventa responsabile dei processi di inserimento.<br \/>\n<strong>VENEZIA<\/strong> GIORNO DEL RICORDO: PREMIATI I VINCITORI DEL CONCORSO REGIONALE<br \/>\n<strong>BELLUNO<\/strong> L&#8217;Ulss Dolomiti avvia una campagna vaccinale contro la meningite da meningococco B con diverse opzioni per la popolazione<\/p>\n<p>PALLAVOLO BELLUNO VOLLEY UNDER 17 SESTO AL TORNEO CORNACCHIA<br \/>\nSCI ALPINISMO A CORTINA LE FINALI DI COPPA DEL MONDI DI SCI ALPINISMO<\/p>\n<p>&nbsp;<\/p>\n","protected":false},"excerpt":{"rendered":"<p>*** REDAZIONE LOCALITA&#8217; COL DE CARRERA l&#8217;acqua erogata dall&#8217;acquedotto non \u00e8 potabile e pu\u00f2 essere usata per scopi alimentari SOLO PREVIA bollitura. Verr\u00e0 effettuato servizio sostitutivo con cisterna posizionata presso il CENTRO di Col De Carrera. COLLE SANTA LUCIA Al bivio di Posalz, un furto in pieno giorno. \u00c8 successo ieri mattina tra le 10:30&hellip;<\/p>\n","protected":false},"author":4,"featured_media":382496,"comment_status":"closed","ping_status":"closed","sticky":false,"template":"","format":"standard","meta":{"_monsterinsights_skip_tracking":false,"_monsterinsights_sitenote_active":false,"_monsterinsights_sitenote_note":"","_monsterinsights_sitenote_category":0,"footnotes":""},"categories":[104,49,142],"tags":[],"class_list":["post-382495","post","type-post","status-publish","format-standard","has-post-thumbnail","hentry","category-evidenza_3","category-news-18","category-rassegna-stampa","category-104","category-49","category-142","description-off"],"img_url":"https:\/\/www.radiopiu.net\/wordpress\/wp-content\/uploads\/2024\/04\/COP1.png","_links":{"self":[{"href":"https:\/\/www.radiopiu.net\/wordpress\/wp-json\/wp\/v2\/posts\/382495","targetHints":{"allow":["GET"]}}],"collection":[{"href":"https:\/\/www.radiopiu.net\/wordpress\/wp-json\/wp\/v2\/posts"}],"about":[{"href":"https:\/\/www.radiopiu.net\/wordpress\/wp-json\/wp\/v2\/types\/post"}],"author":[{"embeddable":true,"href":"https:\/\/www.radiopiu.net\/wordpress\/wp-json\/wp\/v2\/users\/4"}],"replies":[{"embeddable":true,"href":"https:\/\/www.radiopiu.net\/wordpress\/wp-json\/wp\/v2\/comments?post=382495"}],"version-history":[{"count":0,"href":"https:\/\/www.radiopiu.net\/wordpress\/wp-json\/wp\/v2\/posts\/382495\/revisions"}],"wp:featuredmedia":[{"embeddable":true,"href":"https:\/\/www.radiopiu.net\/wordpress\/wp-json\/wp\/v2\/media\/382496"}],"wp:attachment":[{"href":"https:\/\/www.radiopiu.net\/wordpress\/wp-json\/wp\/v2\/media?parent=382495"}],"wp:term":[{"taxonomy":"category","embeddable":true,"href":"https:\/\/www.radiopiu.net\/wordpress\/wp-json\/wp\/v2\/categories?post=382495"},{"taxonomy":"post_tag","embeddable":true,"href":"https:\/\/www.radiopiu.net\/wordpress\/wp-json\/wp\/v2\/tags?post=382495"}],"curies":[{"name":"wp","href":"https:\/\/api.w.org\/{rel}","templated":true}]}}