{"id":382723,"date":"2024-04-05T12:04:02","date_gmt":"2024-04-05T10:04:02","guid":{"rendered":"https:\/\/www.radiopiu.net\/wordpress\/?p=382723"},"modified":"2024-04-06T05:10:43","modified_gmt":"2024-04-06T03:10:43","slug":"presentata-la-22esima-edizione-di-caccia-pesca-e-natura-a-longarone-fiere","status":"publish","type":"post","link":"https:\/\/www.radiopiu.net\/wordpress\/presentata-la-22esima-edizione-di-caccia-pesca-e-natura-a-longarone-fiere\/","title":{"rendered":"PRESENTATA LA 22ESIMA EDIZIONE DI CACCIA PESCA E NATURA A LONGARONE FIERE"},"content":{"rendered":"<p>*****<\/p>\n<p>&nbsp;<\/p>\n<p><strong><a class=\"dt-pswp-item\" href=\"https:\/\/www.radiopiu.net\/wordpress\/wp-content\/uploads\/2024\/04\/Da-sx-Ciambetti-Padrin-Dal-Farra.jpg\" data-dt-img-description=\"\" data-large_image_width=\"2000\" data-large_image_height=\"1190\"><img loading=\"lazy\" decoding=\"async\" class=\" wp-image-382727 alignleft\" src=\"https:\/\/www.radiopiu.net\/wordpress\/wp-content\/uploads\/2024\/04\/Da-sx-Ciambetti-Padrin-Dal-Farra-300x179.jpg\" alt=\"\" width=\"203\" height=\"121\" srcset=\"https:\/\/www.radiopiu.net\/wordpress\/wp-content\/uploads\/2024\/04\/Da-sx-Ciambetti-Padrin-Dal-Farra-300x179.jpg 300w, https:\/\/www.radiopiu.net\/wordpress\/wp-content\/uploads\/2024\/04\/Da-sx-Ciambetti-Padrin-Dal-Farra-1024x609.jpg 1024w, https:\/\/www.radiopiu.net\/wordpress\/wp-content\/uploads\/2024\/04\/Da-sx-Ciambetti-Padrin-Dal-Farra-768x457.jpg 768w, https:\/\/www.radiopiu.net\/wordpress\/wp-content\/uploads\/2024\/04\/Da-sx-Ciambetti-Padrin-Dal-Farra-1536x914.jpg 1536w, https:\/\/www.radiopiu.net\/wordpress\/wp-content\/uploads\/2024\/04\/Da-sx-Ciambetti-Padrin-Dal-Farra.jpg 2000w\" sizes=\"auto, (max-width: 203px) 100vw, 203px\" \/><\/a>LONGARONE\u00a0 <\/strong>Natura in primo piano, guardata da diversi punti di vista: quello della pesca, quello dell\u2019attivit\u00e0 venatoria, quello dell\u2019educazione ambientale e quello del turismo. Ha un programma ricco, \u201cCaccia, pesca, natura\u201d. La fiera nazionale dei prodotti, delle attrezzature e dei servizi per la caccia e la pesca sportiva sar\u00e0 di scena a Longarone Fiere Dolomiti dal 12 al 14 aprile, con diversi momenti. Al centro, la 27. Festa del cacciatore e il 20. Concorso nazionale di tassidermia. Ma poi anche tantissimi appuntamenti di approfondimento e di taglio scientifico su diversi aspetti della gestione ambientale e faunistica. \u00abDopo Agrimont, prima fiera dell\u2019anno, con \u201cCaccia, pesca, natura\u201d si completa la primavera della sostenibilit\u00e0\u00bb ha detto il presidente di Longarone Fiere Dolomiti, Michele Dal Farra, presentando la manifestazione in conferenza stampa, insieme al presidente della Provincia di Belluno, Roberto Padrin, e al presidente del Consiglio regionale del Veneto Roberto Ciambetti. \u00abAttraverso queste manifestazioni il nostro quartiere fieristico mette insieme ambiente, persone ed economie, tre pilastri che da soli non starebbero insieme. \u201cCaccia, pesca, natura\u201d da anni spinge sempre di pi\u00f9 sull\u2019elemento natura, quale fulcro del nostro territorio di montagna. Perch\u00e9 dietro la natura ci sono diversi aspetti, dalla caccia alla pesca al turismo, che saranno trattati in maniera approfondita nelle tre giornate di fiera. Mi piace vedere in Longarone Fiere Dolomiti il luogo in cui si costruiscono contenuti di alto livello e non solo una fiera di scambi di merci\u00bb. \u00abLongarone Fiere ha messo in moto un percorso di qualificazione ed eccellenza organizzativo tali da distinguerla a livello nazionale. E si vede anche nel programma di \u201cCaccia, pesca, natura\u201d\u00bb ha detto il presidente del Consiglio regionale Ciambetti. \u00abL\u2019enorme attivit\u00e0 di ricerca, cultura e trasmissione di informazioni che viene fatta nei tre giorni di fiera \u00e8 importante per tutta la Regione Veneto, che crede nel lavoro di questo polo fieristico\u00bb. <a class=\"dt-pswp-item\" href=\"https:\/\/www.radiopiu.net\/wordpress\/wp-content\/uploads\/2024\/04\/Stefano-Omizzolo-Regione-del-Veneto.jpg\" data-dt-img-description=\"\" data-large_image_width=\"2000\" data-large_image_height=\"1112\"><img loading=\"lazy\" decoding=\"async\" class=\" wp-image-382729 alignright\" src=\"https:\/\/www.radiopiu.net\/wordpress\/wp-content\/uploads\/2024\/04\/Stefano-Omizzolo-Regione-del-Veneto-300x167.jpg\" alt=\"\" width=\"190\" height=\"106\" srcset=\"https:\/\/www.radiopiu.net\/wordpress\/wp-content\/uploads\/2024\/04\/Stefano-Omizzolo-Regione-del-Veneto-300x167.jpg 300w, https:\/\/www.radiopiu.net\/wordpress\/wp-content\/uploads\/2024\/04\/Stefano-Omizzolo-Regione-del-Veneto-1024x569.jpg 1024w, https:\/\/www.radiopiu.net\/wordpress\/wp-content\/uploads\/2024\/04\/Stefano-Omizzolo-Regione-del-Veneto-768x427.jpg 768w, https:\/\/www.radiopiu.net\/wordpress\/wp-content\/uploads\/2024\/04\/Stefano-Omizzolo-Regione-del-Veneto-1536x854.jpg 1536w, https:\/\/www.radiopiu.net\/wordpress\/wp-content\/uploads\/2024\/04\/Stefano-Omizzolo-Regione-del-Veneto.jpg 2000w\" sizes=\"auto, (max-width: 190px) 100vw, 190px\" \/><\/a><strong>CACCIA <\/strong>Al centro della manifestazione, come tradizione vuole, la Festa del cacciatore, giunta ormai alla 27. Edizione. Un intero padiglione sar\u00e0 dedicato all\u2019esposizione dei trofei della stagione venatoria 2023-2024 e alla degustazione di piatti tipici. Ma sar\u00e0 anche l\u2019occasione per approfondire lo stato di salute della fauna selvatica, per illustrare alcune novit\u00e0 nei censimenti faunistici (grazie alla Polizia provinciale che ha introdotto in via sperimentale l\u2019utilizzo delle fototrappole e dell\u2019intelligenza artificiale), e per capire le ultime novit\u00e0 introdotte dalla Regione per prevenire la diffusione della peste suina africana tra i cinghiali. Il mondo dei protagonisti della natura rivivr\u00e0 in un diorama curato dai tassidermisti, in occasione del Concorso nazionale di tassidermia. E per chi vorr\u00e0 provare, ci sar\u00e0 la possibilit\u00e0 di testare le carabine ad aria compressa in un\u2019apposita area di tiro. <strong>PESCA <\/strong>Sul fronte della pesca, attenzione particolare ai corsi d\u2019acqua danneggiati da Vaia e agli interventi di ripascimento della popolazione ittica di trota marmorata, grazie alla collaborazione sempre pi\u00f9 stretta tra bacini di pesca e associazioni, Provincia e Regione Veneto. Importante la sinergia con Fipsas (Federazione Italiana Pesca Sportiva e Attivit\u00e0 Subacquee) che in un\u2019area dedicata proporr\u00e0 attivit\u00e0 ludico-formative per giovani con due simulatori multimediali di pesca a mulinello e postazioni per la pesca magnetica. Torner\u00e0 anche quest\u2019anno il concorso di disegno \u201cAdotta un corso d\u2019acqua\u201d, associato alla proposta di educazione ambientale effettuata nelle scuole dalla federazione dei bacini di pesca. \u00abAvremo anche un approfondimento sulle possibilit\u00e0 di sviluppo turistico <a class=\"dt-pswp-item\" href=\"https:\/\/www.radiopiu.net\/wordpress\/wp-content\/uploads\/2024\/04\/Presentazione-Caccia-Pesca-Natura-2024.jpg\" data-dt-img-description=\"\" data-large_image_width=\"2000\" data-large_image_height=\"1037\"><img loading=\"lazy\" decoding=\"async\" class=\" wp-image-382730 alignleft\" src=\"https:\/\/www.radiopiu.net\/wordpress\/wp-content\/uploads\/2024\/04\/Presentazione-Caccia-Pesca-Natura-2024-300x156.jpg\" alt=\"\" width=\"231\" height=\"120\" srcset=\"https:\/\/www.radiopiu.net\/wordpress\/wp-content\/uploads\/2024\/04\/Presentazione-Caccia-Pesca-Natura-2024-300x156.jpg 300w, https:\/\/www.radiopiu.net\/wordpress\/wp-content\/uploads\/2024\/04\/Presentazione-Caccia-Pesca-Natura-2024-1024x531.jpg 1024w, https:\/\/www.radiopiu.net\/wordpress\/wp-content\/uploads\/2024\/04\/Presentazione-Caccia-Pesca-Natura-2024-768x398.jpg 768w, https:\/\/www.radiopiu.net\/wordpress\/wp-content\/uploads\/2024\/04\/Presentazione-Caccia-Pesca-Natura-2024-1536x796.jpg 1536w, https:\/\/www.radiopiu.net\/wordpress\/wp-content\/uploads\/2024\/04\/Presentazione-Caccia-Pesca-Natura-2024.jpg 2000w\" sizes=\"auto, (max-width: 231px) 100vw, 231px\" \/><\/a>legate alla pesca\u00bb ha aggiunto il presidente della Provincia, Roberto Padrin. \u00abUn focus realizzato dalla Dmo Dolomiti che ci permetter\u00e0 di capire le potenzialit\u00e0 di questa pratica sportiva sulle Dolomiti Bellunesi\u00bb. <strong>NATURA E FORMAZIONE <\/strong>E poi spazio alla natura e alla formazione. \u201cCaccia, pesca, natura\u201d infatti aprir\u00e0 fin dall\u2019inizio (venerd\u00ec 12 alle 15 al Centro Congressi) con un taglio molto scientifico, con un corso di aggiornamento dedicato principalmente ai giornalisti sui temi del climate change e degli effetti sulla fauna selvatica delle Dolomiti. Ospite d\u2019eccezione il climatologo Luca Mercalli.<\/p>\n<p>&nbsp;<\/p>\n<p>&nbsp;<\/p>\n<p>*********<\/p>\n","protected":false},"excerpt":{"rendered":"<p>***** &nbsp; LONGARONE\u00a0 Natura in primo piano, guardata da diversi punti di vista: quello della pesca, quello dell\u2019attivit\u00e0 venatoria, quello dell\u2019educazione ambientale e quello del turismo. Ha un programma ricco, \u201cCaccia, pesca, natura\u201d. La fiera nazionale dei prodotti, delle attrezzature e dei servizi per la caccia e la pesca sportiva sar\u00e0 di scena a Longarone&hellip;<\/p>\n","protected":false},"author":4,"featured_media":382730,"comment_status":"closed","ping_status":"closed","sticky":false,"template":"","format":"standard","meta":{"_monsterinsights_skip_tracking":false,"_monsterinsights_sitenote_active":false,"_monsterinsights_sitenote_note":"","_monsterinsights_sitenote_category":0,"footnotes":""},"categories":[104,49],"tags":[],"class_list":["post-382723","post","type-post","status-publish","format-standard","has-post-thumbnail","hentry","category-evidenza_3","category-news-18","category-104","category-49","description-off"],"img_url":"https:\/\/www.radiopiu.net\/wordpress\/wp-content\/uploads\/2024\/04\/Presentazione-Caccia-Pesca-Natura-2024.jpg","_links":{"self":[{"href":"https:\/\/www.radiopiu.net\/wordpress\/wp-json\/wp\/v2\/posts\/382723","targetHints":{"allow":["GET"]}}],"collection":[{"href":"https:\/\/www.radiopiu.net\/wordpress\/wp-json\/wp\/v2\/posts"}],"about":[{"href":"https:\/\/www.radiopiu.net\/wordpress\/wp-json\/wp\/v2\/types\/post"}],"author":[{"embeddable":true,"href":"https:\/\/www.radiopiu.net\/wordpress\/wp-json\/wp\/v2\/users\/4"}],"replies":[{"embeddable":true,"href":"https:\/\/www.radiopiu.net\/wordpress\/wp-json\/wp\/v2\/comments?post=382723"}],"version-history":[{"count":0,"href":"https:\/\/www.radiopiu.net\/wordpress\/wp-json\/wp\/v2\/posts\/382723\/revisions"}],"wp:featuredmedia":[{"embeddable":true,"href":"https:\/\/www.radiopiu.net\/wordpress\/wp-json\/wp\/v2\/media\/382730"}],"wp:attachment":[{"href":"https:\/\/www.radiopiu.net\/wordpress\/wp-json\/wp\/v2\/media?parent=382723"}],"wp:term":[{"taxonomy":"category","embeddable":true,"href":"https:\/\/www.radiopiu.net\/wordpress\/wp-json\/wp\/v2\/categories?post=382723"},{"taxonomy":"post_tag","embeddable":true,"href":"https:\/\/www.radiopiu.net\/wordpress\/wp-json\/wp\/v2\/tags?post=382723"}],"curies":[{"name":"wp","href":"https:\/\/api.w.org\/{rel}","templated":true}]}}