{"id":382738,"date":"2025-01-16T05:18:24","date_gmt":"2025-01-16T04:18:24","guid":{"rendered":"https:\/\/www.radiopiu.net\/wordpress\/?p=382738"},"modified":"2025-01-16T05:28:28","modified_gmt":"2025-01-16T04:28:28","slug":"la-sede-della-polizia-locale-di-belluno-verra-trasferita-in-via-gabelli","status":"publish","type":"post","link":"https:\/\/www.radiopiu.net\/wordpress\/la-sede-della-polizia-locale-di-belluno-verra-trasferita-in-via-gabelli\/","title":{"rendered":"LA GIUNTA DICE NO! IL PARCO NON SARA&#8217; RESTITUITO"},"content":{"rendered":"<p>*****<\/p>\n<blockquote><p>&nbsp;<\/p><\/blockquote>\n<p><strong><img loading=\"lazy\" decoding=\"async\" class=\"alignleft\" src=\"https:\/\/www.radiopiu.net\/wordpress\/wp-content\/uploads\/2024\/04\/a1bd6066-8200-455b-b943-4526af80228f.jpg\" width=\"163\" height=\"97\" \/>BELLUNO<\/strong> La giunta comunale di Belluno ha respinto la petizione cittadina per rimuovere i prefabbricati dell&#8217;ex scuola Gabelli e restituire il Parco Citt\u00e0 di Bologna alla comunit\u00e0. La decisione, adottata con una delibera dell&#8217;8 gennaio, conferma il trasferimento del comando della polizia locale all&#8217;interno del parco, giustificato dall\u2019inadeguatezza della vecchia sede per problemi strutturali.<\/p>\n<p>La petizione chiedeva spazi sociali e ricreativi, come campi sportivi, una pista da skate, e un piccolo teatro all&#8217;aperto, ma la giunta ha ribadito che l\u2019occupazione non interferir\u00e0 con le attivit\u00e0 dei cittadini e garantir\u00e0 maggiore sicurezza.<\/p>\n<p>&nbsp;<\/p>\n<p>&nbsp;<\/p>\n<p><strong>ARCHIVIO RADIOPIU 5 APRILE 24<\/strong><\/p>\n<p><strong>LA SEDE DELLA POLIZIA LOCALE DI BELLUNO VERRA&#8217; TRASFERITA IN VIA GABELLI<\/strong><\/p>\n<p><strong><a class=\"dt-pswp-item\" href=\"https:\/\/www.radiopiu.net\/wordpress\/wp-content\/uploads\/2024\/04\/a1bd6066-8200-455b-b943-4526af80228f.jpg\" data-dt-img-description=\"\" data-large_image_width=\"733\" data-large_image_height=\"436\"><img loading=\"lazy\" decoding=\"async\" class=\" wp-image-382740 alignleft\" src=\"https:\/\/www.radiopiu.net\/wordpress\/wp-content\/uploads\/2024\/04\/a1bd6066-8200-455b-b943-4526af80228f-300x178.jpg\" alt=\"\" width=\"169\" height=\"100\" srcset=\"https:\/\/www.radiopiu.net\/wordpress\/wp-content\/uploads\/2024\/04\/a1bd6066-8200-455b-b943-4526af80228f-300x178.jpg 300w, https:\/\/www.radiopiu.net\/wordpress\/wp-content\/uploads\/2024\/04\/a1bd6066-8200-455b-b943-4526af80228f.jpg 733w\" sizes=\"auto, (max-width: 169px) 100vw, 169px\" \/><\/a>BELLUNO<\/strong> Trasloco in vista per la Polizia Locale di Belluno: in autunno, gli agenti del capoluogo lasceranno la sede di Via Gabelli per trasferirsi nei container al Parco Citt\u00e0 di Bologna.<\/p>\n<p><strong>DI DANIELE DALVIT<\/strong><\/p>\n<audio class=\"wp-audio-shortcode\" id=\"audio-382738-1\" preload=\"none\" style=\"width: 100%;\" controls=\"controls\"><source type=\"audio\/mpeg\" src=\"https:\/\/www.radiopiu.net\/wordpress\/wp-content\/uploads\/2024\/04\/Radio-Piu-Servizio-Trasferimento-Polizia-Locale-Belluno.mp3?_=1\" \/><a href=\"https:\/\/www.radiopiu.net\/wordpress\/wp-content\/uploads\/2024\/04\/Radio-Piu-Servizio-Trasferimento-Polizia-Locale-Belluno.mp3\">https:\/\/www.radiopiu.net\/wordpress\/wp-content\/uploads\/2024\/04\/Radio-Piu-Servizio-Trasferimento-Polizia-Locale-Belluno.mp3<\/a><\/audio>\n<p>&nbsp;<\/p>\n<p>&nbsp;<\/p>\n<p>*******<\/p>\n","protected":false},"excerpt":{"rendered":"<p>***** &nbsp; BELLUNO La giunta comunale di Belluno ha respinto la petizione cittadina per rimuovere i prefabbricati dell&#8217;ex scuola Gabelli e restituire il Parco Citt\u00e0 di Bologna alla comunit\u00e0. La decisione, adottata con una delibera dell&#8217;8 gennaio, conferma il trasferimento del comando della polizia locale all&#8217;interno del parco, giustificato dall\u2019inadeguatezza della vecchia sede per problemi&hellip;<\/p>\n","protected":false},"author":4,"featured_media":382740,"comment_status":"closed","ping_status":"closed","sticky":false,"template":"","format":"standard","meta":{"_monsterinsights_skip_tracking":false,"_monsterinsights_sitenote_active":false,"_monsterinsights_sitenote_note":"","_monsterinsights_sitenote_category":0,"footnotes":""},"categories":[51,49],"tags":[],"class_list":["post-382738","post","type-post","status-publish","format-standard","has-post-thumbnail","hentry","category-evidenza-top","category-news-18","category-51","category-49","description-off"],"img_url":"https:\/\/www.radiopiu.net\/wordpress\/wp-content\/uploads\/2024\/04\/a1bd6066-8200-455b-b943-4526af80228f.jpg","_links":{"self":[{"href":"https:\/\/www.radiopiu.net\/wordpress\/wp-json\/wp\/v2\/posts\/382738","targetHints":{"allow":["GET"]}}],"collection":[{"href":"https:\/\/www.radiopiu.net\/wordpress\/wp-json\/wp\/v2\/posts"}],"about":[{"href":"https:\/\/www.radiopiu.net\/wordpress\/wp-json\/wp\/v2\/types\/post"}],"author":[{"embeddable":true,"href":"https:\/\/www.radiopiu.net\/wordpress\/wp-json\/wp\/v2\/users\/4"}],"replies":[{"embeddable":true,"href":"https:\/\/www.radiopiu.net\/wordpress\/wp-json\/wp\/v2\/comments?post=382738"}],"version-history":[{"count":3,"href":"https:\/\/www.radiopiu.net\/wordpress\/wp-json\/wp\/v2\/posts\/382738\/revisions"}],"predecessor-version":[{"id":429940,"href":"https:\/\/www.radiopiu.net\/wordpress\/wp-json\/wp\/v2\/posts\/382738\/revisions\/429940"}],"wp:featuredmedia":[{"embeddable":true,"href":"https:\/\/www.radiopiu.net\/wordpress\/wp-json\/wp\/v2\/media\/382740"}],"wp:attachment":[{"href":"https:\/\/www.radiopiu.net\/wordpress\/wp-json\/wp\/v2\/media?parent=382738"}],"wp:term":[{"taxonomy":"category","embeddable":true,"href":"https:\/\/www.radiopiu.net\/wordpress\/wp-json\/wp\/v2\/categories?post=382738"},{"taxonomy":"post_tag","embeddable":true,"href":"https:\/\/www.radiopiu.net\/wordpress\/wp-json\/wp\/v2\/tags?post=382738"}],"curies":[{"name":"wp","href":"https:\/\/api.w.org\/{rel}","templated":true}]}}