{"id":382783,"date":"2024-04-06T07:35:37","date_gmt":"2024-04-06T05:35:37","guid":{"rendered":"https:\/\/www.radiopiu.net\/wordpress\/?p=382783"},"modified":"2024-04-06T07:35:36","modified_gmt":"2024-04-06T05:35:36","slug":"la-rassegna-stampa-locale-e-su-radiopiu-dal-1983-loriginale","status":"publish","type":"post","link":"https:\/\/www.radiopiu.net\/wordpress\/la-rassegna-stampa-locale-e-su-radiopiu-dal-1983-loriginale\/","title":{"rendered":"la rassegna stampa locale E&#8217; su RADIOPIU dal 1983. L&#8217;ORIGINALE"},"content":{"rendered":"<p>***<\/p>\n<p>&nbsp;<\/p>\n<h1>audio<\/h1>\n<audio class=\"wp-audio-shortcode\" id=\"audio-382783-1\" preload=\"none\" style=\"width: 100%;\" controls=\"controls\"><source type=\"audio\/mpeg\" src=\"https:\/\/www.radiopiu.net\/wordpress\/wp-content\/uploads\/2024\/04\/rassegna-stampa-locale-aprile-oggi.mp3?_=1\" \/><a href=\"https:\/\/www.radiopiu.net\/wordpress\/wp-content\/uploads\/2024\/04\/rassegna-stampa-locale-aprile-oggi.mp3\">https:\/\/www.radiopiu.net\/wordpress\/wp-content\/uploads\/2024\/04\/rassegna-stampa-locale-aprile-oggi.mp3<\/a><\/audio>\n<p>&nbsp;<\/p>\n<p>&nbsp;<\/p>\n<p><img loading=\"lazy\" decoding=\"async\" class=\"alignleft\" src=\"https:\/\/www.radiopiu.net\/wordpress\/wp-content\/uploads\/2024\/04\/Senza-nome-8.png\" width=\"313\" height=\"188\" \/><strong>REDAZIONE<\/strong> a causa di smottamento che ha interessato la sede stradale si rende necessaria la chiusura del seguente tratto stradale: S.P. 3 \u201cValle Imperina\u201d\u00a0 in localit\u00e0\u00a0 Capitel del Pian)<br \/>\n<strong>REDAZIONE<\/strong> Ancora una scossa di terremoto in provincia di Pordenone, a Tramonti di Sopra. Magnitudo 3.4 sulla scala Richter con una profondit\u00e0 di 10,7 km. Erano le 14:28 di ieri quando la terra ha tremato e la scossa \u00e8 stata avvertita anche nella parte ovest della provincia di Belluno. Pochi minuti dopo un&#8217;altra scossa di assestamento di magnitudo 1.3 sempre nella stessa zona.<br \/>\n<strong>BELLUNO<\/strong> Un uomo di cinquantacinque anni di Sedico \u00e8 ricoverato in Rianimazione all&#8217;ospedale di Belluno a causa di una meningite meningococcica, il secondo caso registrato in provincia in pochi giorni, il terzo in cinque mesi. Presentando febbre alta e malessere generale, \u00e8 stato ricoverato gioved\u00ec sera dopo essere arrivato al Pronto Soccorso del San Martino. I sanitari hanno confermato la diagnosi ieri mattina e attivato l&#8217;allerta sanitaria, contattando immediatamente le persone entrate in contatto con il paziente per sottoporle alla profilassi antibiotica.<br \/>\n<strong>SEREN DEL GRAPPA<\/strong> conducente ferito in modo non grave dopo che la sua auto, una Jeep Renegade, \u00e8 finita in una scarpata a Valle di Seren. L&#8217;incidente \u00e8 avvenuto in via Stalle, vicino all&#8217;incrocio con la strada per San Siro, quando la vettura \u00e8 uscita di strada autonomamente intorno alle 17 di ieri pomeriggio. Nonostante alcune contusioni e graffi dovuti ai cristalli rotti, l&#8217;uomo alla guida non ha riportato traumi gravi.<br \/>\n<span style=\"color: #ff0000;\">203 QUESTA CONOSCIUTA RIECCO CERVI E CAPRIOLI A BORDO STRADA. PIOVE&#8230; IN GALLERIA<\/span><br \/>\n<strong>REDAZIONE<\/strong> Tra il tardo pomeriggio e la notte sul ciglio della regionale 203 agordina tra Agordo e Sedico si sono notati gruppi di cervi in attraversamento, due sono stati stesi.\u00a0 Cervi e caprioli, patrimonio del Parco Nazionale delle Dolomiti in zona Parco, ma che sta facendo il Parco per salvaguardarli e soprattutto evitare ulteriori morti e feriti? Un altro problema da affrontare unitamente al gi\u00e0 segnalato inconveniente in galleria dove l&#8217;acqua scende copiosa dall&#8217;alto, per ora solo acqua.<\/p>\n<p><strong>&#8220;ROCCA PIETORE<\/strong>: Sindaco indignato per scarico illegale di rifiuti nei boschi&#8221;<br \/>\nIl sindaco De Bernardin di Rocca Pietore si indigna per l&#8217;ennesimo scarico illegale di rifiuti nei boschi, chiedendo segnalazioni per identificare i responsabili e esprimendo profonda frustrazione verso chi danneggia l&#8217;ambiente, sottolineando l&#8217;importanza di contrastare l&#8217;arroganza di alcuni individui.<br \/>\n<strong>VENEZIA<\/strong> La risposta, a stretto giro di posta dell&#8217;assessore regionale Gianpaolo Bottacin. Alla sequenza di epiteti all&#8217;ecovandalo dei Serrai del sindaco di Rocca Pietore risponde dal palazzo regionale l&#8217;assessore bellunese ricordando l&#8217;impegno dell&#8217;attuale amministrazione contro l&#8217;incivilt\u00e0 cronica.<br \/>\n<span style=\"color: #ff0000;\">AUMENTO DEGLI ACCESSI AI PRONTO SOCCORSO E INTERVENTI DEL SUEM: PRUDENZA E PREVENZIONE AL CENTRO DELL\u2019ATTENZIONE<\/span><br \/>\n<strong>BELLUNO<\/strong> Trasloco in vista per la Polizia Locale di Belluno: in autunno, gli agenti del capoluogo lasceranno la sede di Via Gabelli per trasferirsi nei container al Parco Citt\u00e0 di Bologna.<br \/>\n<strong>LONGARONE<\/strong> PRESENTATA LA 22ESIMA EDIZIONE DI CACCIA PESCA E NATURA A LONGARONE FIERE<br \/>\nRIAPRE L&#8217;UFFICIO POSTALE DI <strong>GOSALDO,<\/strong> CHIUSURA A\u00a0 LOZZO<br \/>\nCENA MULTIETNICA DI FINE <strong>RAMADAN<\/strong>, EVENTO STORICO INTERRELIGIOSO IN PIAZZA DEI MARTIRI<\/p>\n<p><strong><span style=\"color: #0000ff;\">INTELLIGENZA ARTIFICIALE E DISCIPLINE MEDICO-GIURIDICHE CON L&#8217;ACCADEMIA MEDICOGIURIDICA DELLE VENEZIE oggi in DIRETTA sui canali social di radiopiu <\/span><\/strong>\u00a0DALLE 9.15 IN SALA CONFERENZE DAVID S\u00e0SSOLI, PARCO COMUNALE EX CASA ROSSA MARES, A PONTE NELLE ALPI ingresso libero, ORGANIZZAZIONE, PIG E MENTI in collaborazione con Banca Prealpi San Biagio, Dottori Marco Tarascio e Silvia Barbini Silvia della Farmacia San Valentino di Limana; Patrizia Giannini ZG elettronica; Famiglia Conz Macelleria Limana<br \/>\nBANDO primaverile \u201cLA MONGOLFIERA DI GIORGIA Onlus\u201d Attivo il nuovo bando intitolato a Luca Maccagnan<br \/>\nFALCADE Oggi e domani torna il grande cinema a Falcade. Al Cinema Dolomiti una pellicola dedicta agli amanti dei motori. RACE FOR GLORY &#8211; AUDI VS. LANCIA con Riccardo Scaramancio nel ruolo di Cesare Florio. L&#8217;epopea della Lancia nei rally. Spettacoli alle 21, domani anche alle 15:30<br \/>\nDOMANI, LARESEI! SAVE THE DATE FESTIVAL<br \/>\nCALCIO DOMANI TORNA IN CAMPO LA TERZA CATEGORIA . AGORDINA E PIAVE IN TRASFERTA<br \/>\nSCI ALPINISMO AL VIA LE FINALI DELLA COPPA DEL MONDO DI SCI ALPINISMO<\/p>\n<p>&nbsp;<\/p>\n<p>&nbsp;<\/p>\n","protected":false},"excerpt":{"rendered":"<p>*** &nbsp; audio &nbsp; &nbsp; REDAZIONE a causa di smottamento che ha interessato la sede stradale si rende necessaria la chiusura del seguente tratto stradale: S.P. 3 \u201cValle Imperina\u201d\u00a0 in localit\u00e0\u00a0 Capitel del Pian) REDAZIONE Ancora una scossa di terremoto in provincia di Pordenone, a Tramonti di Sopra. Magnitudo 3.4 sulla scala Richter con una&hellip;<\/p>\n","protected":false},"author":4,"featured_media":382782,"comment_status":"closed","ping_status":"closed","sticky":false,"template":"","format":"standard","meta":{"_monsterinsights_skip_tracking":false,"_monsterinsights_sitenote_active":false,"_monsterinsights_sitenote_note":"","_monsterinsights_sitenote_category":0,"footnotes":""},"categories":[49,142],"tags":[],"class_list":["post-382783","post","type-post","status-publish","format-standard","has-post-thumbnail","hentry","category-news-18","category-rassegna-stampa","category-49","category-142","description-off"],"img_url":"https:\/\/www.radiopiu.net\/wordpress\/wp-content\/uploads\/2024\/04\/Senza-nome-8.png","_links":{"self":[{"href":"https:\/\/www.radiopiu.net\/wordpress\/wp-json\/wp\/v2\/posts\/382783","targetHints":{"allow":["GET"]}}],"collection":[{"href":"https:\/\/www.radiopiu.net\/wordpress\/wp-json\/wp\/v2\/posts"}],"about":[{"href":"https:\/\/www.radiopiu.net\/wordpress\/wp-json\/wp\/v2\/types\/post"}],"author":[{"embeddable":true,"href":"https:\/\/www.radiopiu.net\/wordpress\/wp-json\/wp\/v2\/users\/4"}],"replies":[{"embeddable":true,"href":"https:\/\/www.radiopiu.net\/wordpress\/wp-json\/wp\/v2\/comments?post=382783"}],"version-history":[{"count":0,"href":"https:\/\/www.radiopiu.net\/wordpress\/wp-json\/wp\/v2\/posts\/382783\/revisions"}],"wp:featuredmedia":[{"embeddable":true,"href":"https:\/\/www.radiopiu.net\/wordpress\/wp-json\/wp\/v2\/media\/382782"}],"wp:attachment":[{"href":"https:\/\/www.radiopiu.net\/wordpress\/wp-json\/wp\/v2\/media?parent=382783"}],"wp:term":[{"taxonomy":"category","embeddable":true,"href":"https:\/\/www.radiopiu.net\/wordpress\/wp-json\/wp\/v2\/categories?post=382783"},{"taxonomy":"post_tag","embeddable":true,"href":"https:\/\/www.radiopiu.net\/wordpress\/wp-json\/wp\/v2\/tags?post=382783"}],"curies":[{"name":"wp","href":"https:\/\/api.w.org\/{rel}","templated":true}]}}